{"id":236191,"date":"2022-02-27T13:44:20","date_gmt":"2022-02-27T09:44:20","guid":{"rendered":"https:\/\/www.meydan.tv\/?p=236191"},"modified":"2022-02-27T18:58:07","modified_gmt":"2022-02-27T14:58:07","slug":"gurcustandan-ukraynaya-qeder","status":"publish","type":"post","link":"https:\/\/www.meydan.tv\/az\/article\/gurcustandan-ukraynaya-qeder\/","title":{"rendered":"G\u00fcrc\u00fcstandan Ukraynaya q\u0259d\u0259r&#8230;"},"content":{"rendered":"\n<p><em>V\u0259 ya zaman\u0131nda t\u0259tbiq edilm\u0259y\u0259n sanksiyalar\u0131n n\u0259tic\u0259si\u2026<\/em><br><\/p>\n\n\n\n<p>Rusiya Ukraynaya t\u0259cav\u00fczunun n\u0259tic\u0259si olaraq m\u00fcasir tarixind\u0259 g\u00f6rm\u0259diyi sanksiyalarla \u00fcz-\u00fcz\u0259dir. Sanksiyalar\u0131n iqtisadiyyatdan tutmu\u015f, idman v\u0259 m\u0259d\u0259niyy\u0259t sah\u0259l\u0259rin\u0259 q\u0259d\u0259r \u0259hat\u0259 etm\u0259si, f\u0259rdi olaraq prezident Putin v\u0259 X\u0130N r\u0259hb\u0259ri Lavrov, T\u0259hl\u00fck\u0259sizlik \u015euras\u0131n\u0131n \u00fczvl\u0259rin\u0259 v\u0259 qohumlar\u0131na aid olmas\u0131 Q\u0259rbin Kreml\u0259 loyal olmayaca\u011f\u0131n\u0131 n\u00fcmayi\u015f etdirir. Bundan \u0259vv\u0259lki sanksiyalardan f\u0259rqli olaraq bu d\u0259f\u0259 sad\u0259 v\u0259t\u0259nda\u015flar da qada\u011falar\u0131n t\u0259sirini hiss ed\u0259c\u0259kl\u0259r. Rusiyan\u0131n hakimiyy\u0259t\u0259 t\u0259nqidi m\u00f6vqed\u0259n yana\u015fan telekanallar\u0131nda dan\u0131\u015fan ekspertl\u0259r buna n\u00fcmun\u0259 g\u0259tirirl\u0259r. Qeyd edibl\u0259r ki, bir \u00e7ox \u00f6lk\u0259 \u00f6z hava m\u0259kanlar\u0131n\u0131 Rusiya avia\u015firk\u0259tl\u0259ri \u00fc\u00e7\u00fcn ba\u011flad\u0131\u011f\u0131ndan Yunan\u0131stan\u0131n adalar\u0131na Moskvadan adi vaxtlar 2 saat \u00e7\u0259k\u0259n u\u00e7u\u015flar haz\u0131rda 7 saata ba\u015f tutacaq. T\u0259bii ki, bu biletl\u0259rin qiym\u0259tin\u0259 d\u0259 t\u0259sir g\u00f6st\u0259r\u0259c\u0259k.<br><\/p>\n\n\n\n<p>Bel\u0259 misallar\u0131 \u00e7ox g\u00f6st\u0259rm\u0259k olar. Bu d\u0259f\u0259ki sanksiyar\u0131n \u00f6z\u0259lliyi h\u0259m Rusiyan\u0131n iqtisadiyyat\u0131na ciddi z\u0259rb\u0259 vurmaq, h\u0259m d\u0259 Putinin \u0259traf\u0131nda olan \u015f\u0259xsl\u0259rin \u00f6lk\u0259 r\u0259hb\u0259rinin \u0259leyhin\u0259 \u00e7\u0131xacaq q\u0259d\u0259r s\u0131xmaq m\u0259qs\u0259di da\u015f\u0131mas\u0131ndad\u0131r.<br><\/p>\n\n\n\n<p>B\u0259li, Rusiya ordusunun h\u0259m say\u0131na, h\u0259m texniki t\u0259hcizat\u0131na g\u00f6r\u0259 Ukrayna ordusundan \u00fcst\u00fcn olmas\u0131 he\u00e7 kim\u0259 sirr deyil. Amma hadis\u0259l\u0259r \u00f6nu g\u00f6st\u0259rir ki, say v\u0259 texniki \u00fcst\u00fcnl\u00fck he\u00e7 d\u0259 h\u0259r zaman h\u0259r \u015feyi h\u0259ll etmir. Ukrayna xalq\u0131 m\u00fccadil\u0259 verir v\u0259 bu m\u00fcqavim\u0259tin h\u0259r d\u0259qiq\u0259si Rusiya \u00fc\u00e7\u00fcn b\u00f6y\u00fck bir siyasi t\u0259hl\u00fck\u0259dir. Bel\u0259 m\u00fcqavim\u0259t v\u0259 Q\u0259rb sanksiyalar\u0131 onu dem\u0259y\u0259 \u0259sas verir ki, Kreml bundan sonra h\u0259l\u0259 uzun ill\u0259r h\u0259r hans\u0131 bir \u00f6lk\u0259y\u0259 t\u0259cav\u00fcz etm\u0259k bar\u0259d\u0259 d\u00fc\u015f\u00fcnm\u0259kd\u0259n vaz ke\u00e7\u0259c\u0259k.<br><\/p>\n\n\n\n<p>Amma bel\u0259 bir t\u0259cav\u00fcz\u00fcn qar\u015f\u0131s\u0131n\u0131 ill\u0259r \u00f6nc\u0259 almaq olard\u0131. Q\u0259rb zaman\u0131nda analoji t\u0259dbirl\u0259r g\u00f6rs\u0259ydi, Moskva haz\u0131rda g\u00f6rd\u00fcy\u00fcm\u00fcz kimi qol-qanad a\u00e7mazd\u0131. S\u00f6hb\u0259t 2008-ci ild\u0259 G\u00fcrc\u00fcstan\u0131n \u0259razil\u0259rinin i\u015f\u011fal\u0131ndan gedir. Avqust ay\u0131nda ba\u015f ver\u0259n 5 g\u00fcnl\u00fck m\u00fcharib\u0259 n\u0259tic\u0259sind\u0259 Rusiya qo\u015funlar\u0131 Tbilisinin 70 kilometrliyin\u0259 q\u0259d\u0259r g\u0259lib \u00e7\u0131xd\u0131lar v\u0259 yaln\u0131z beyn\u0259lxalq t\u0259zyiql\u0259r n\u0259tic\u0259sind\u0259 G\u00fcrc\u00fcstan\u0131n paytaxt\u0131na daxil olmad\u0131lar. M\u0259hz o zaman haz\u0131rda g\u00f6rd\u00fcy\u00fcm\u00fcz sanksiyalar t\u0259tbiq olunsayd\u0131, n\u0259 Kr\u0131m\u0131n ilhaq\u0131, n\u0259 separat\u00e7\u0131 \u201cDXR\u201d v\u0259 \u201cLXR\u201d yaranard\u0131. B\u0259s n\u0259d\u0259n olmad\u0131 sual\u0131na yaln\u0131z bir t\u0259xmini cavab verm\u0259k olar. S\u0259b\u0259b G\u00fcrc\u00fcstan\u0131n v\u0259 Ukraynan\u0131n co\u011frafi m\u00f6vqeyind\u0259dir. 2008-ci ild\u0259 m\u00fcharib\u0259 avropal\u0131lar \u00fc\u00e7\u00fcn uzaq Qafqazda ki\u00e7ik bir \u00f6lk\u0259nin Rusiya kimi n\u0259h\u0259ng\u0259 k\u0259ll\u0259 atmas\u0131 \u015f\u0259klind\u0259 g\u00f6r\u00fcn\u00fcrd\u00fc. Buna h\u0259tta istehza ed\u0259nl\u0259r d\u0259 var idi. Ukraynadan f\u0259rqli olaraq G\u00fcrc\u00fcstan Rusiya il\u0259 Avropa aras\u0131nda bufer zonas\u0131 deyildi. M\u0259hz buna g\u00f6r\u0259 d\u0259 bu \u00f6lk\u0259ni qurban verm\u0259k olard\u0131. Haz\u0131rda is\u0259 m\u00fcharib\u0259 Avropan\u0131n qap\u0131s\u0131n\u0131n a\u011fz\u0131nda gedir. Ukraynan\u0131n \u0259ld\u0259n getm\u0259si Rusiya qo\u015funlar\u0131n\u0131n Avropa \u0130ttifaq\u0131n\u0131n s\u0259rh\u0259din\u0259 \u00e7\u0131xmas\u0131 v\u0259 g\u0259l\u0259c\u0259kd\u0259 Baltikyan\u0131 d\u00f6vl\u0259tl\u0259r, Pol\u015fa \u00fc\u00e7\u00fcn real t\u0259hl\u00fck\u0259 t\u00f6r\u0259tm\u0259si dem\u0259kdir. Ba\u015fqa s\u00f6zl\u0259rl\u0259 haz\u0131rki sanksiyalar Ukraynaya d\u0259st\u0259kd\u0259n daha \u00e7ox, Q\u0259rbin \u00f6z\u00fcn\u00fc m\u00fcdafi\u0259 etm\u0259sidir. Y\u0259ni eyni v\u0259ziyy\u0259td\u0259 olan iki \u00f6lk\u0259y\u0259 f\u0259rqli m\u00fcnasib\u0259t g\u00f6z qar\u015f\u0131s\u0131ndad\u0131r. \u0130st\u0259nil\u0259n halda Q\u0259rbin n\u0259hay\u0259t ki, yuxudan ay\u0131lmas\u0131 t\u0259kc\u0259 Ukrayna deyil, \u00fcmumiyy\u0259tl\u0259 postsovet m\u0259kan\u0131nda olan \u00f6lk\u0259l\u0259r \u00fc\u00e7\u00fcn, o c\u00fcml\u0259d\u0259n Az\u0259rbaycan \u00fc\u00e7\u00fcn pozitivdir.<br><\/p>\n\n\n\n<p>Avropa dey\u0259s\u0259n tarixd\u0259n n\u0259tic\u0259 \u00e7\u0131xarma\u011fa ba\u015flay\u0131b. \u00d6t\u0259n \u0259srin 30-cu ill\u0259rind\u0259 Hitler Almaniyas\u0131 il\u0259 21-ci \u0259srd\u0259 olan Putin Rusiyas\u0131 aras\u0131nda apar\u0131lan b\u0259nz\u0259tm\u0259l\u0259r d\u0259 t\u0259sad\u00fcfi deyil. M\u0259hz 1938-ci ild\u0259 Avstriyan\u0131n an\u015fl\u00fcz\u00fcn\u0259 v\u0259 el\u0259 h\u0259min il \u00c7exoslovakiya il\u0259 ba\u011fl\u0131 M\u00fcnhen raz\u0131la\u015fmas\u0131, Avropaya c\u0259mi bir ild\u0259n sonra \u00e7ox baha ba\u015fa g\u0259ldi. Kr\u0131m\u0131n ilhaq\u0131 il\u0259 m\u0259hz bu hadis\u0259l\u0259r aras\u0131nda paralell\u0259r apar\u0131l\u0131r.<br><\/p>\n\n\n\n<p>\u00c7ox paralell\u0259r v\u0259 b\u0259nz\u0259tm\u0259l\u0259r aparmaq m\u00fcmk\u00fcnd\u00fcr. Tarixi art\u0131q d\u0259yi\u015fm\u0259k m\u00fcmk\u00fcn olmasa da, haz\u0131rda ba\u015f ver\u0259nl\u0259r\u0259 t\u0259sir g\u00f6st\u0259rm\u0259k m\u00fcmk\u00fcnd\u00fcr. Bel\u0259 ki, hadis\u0259l\u0259rin gedi\u015fat\u0131 Putinin \u00f6z hesablamar\u0131nda b\u00f6y\u00fck bir s\u0259hv etdiyini g\u00f6st\u0259rir. Ukrayna ordusu rus qo\u015funlar\u0131n\u0131 g\u00f6r\u0259n kimi silah\u0131 yer\u0259 qoyub qa\u00e7mad\u0131, Ukrayna xalq\u0131 rus \u0259sg\u0259rl\u0259rini g\u00fcl-\u00e7i\u00e7\u0259kl\u0259 qar\u015f\u0131lamad\u0131, Ukrayna r\u0259hb\u0259rliyi \u00f6z\u00fcn\u00fc itirib, qa\u00e7mad\u0131. Ukraynan\u0131n h\u0259tta rusdilli say\u0131lan b\u00f6lg\u0259l\u0259rind\u0259 bel\u0259 Rusiya qo\u015funlar\u0131na amans\u0131z m\u00fcqavim\u0259t g\u00f6st\u0259rildi. \u00d6lk\u0259 daxilind\u0259 bir-biril\u0259rin\u0259 qar\u015f\u0131 olan siyasi q\u00fcvv\u0259l\u0259r birl\u0259\u015fdi. Siyasi, m\u0259n\u0259vi c\u0259h\u0259td\u0259n b\u00f6l\u00fcn\u0259n Ukraynan\u0131 Rusiyan\u0131n t\u0259cav\u00fcz\u00fc birl\u0259\u015fdirdi. Haz\u0131rda ham\u0131 eyni sual\u0131 verir: Rusiya qo\u015funlar\u0131 h\u0259tta Kiyevi tutsa bel\u0259 n\u0259 olacaq, n\u0259 d\u0259yi\u015f\u0259c\u0259k? Rus tank\u0131 il\u0259 g\u0259l\u0259n bir insan\u0131 \u00f6lk\u0259y\u0259 r\u0259hb\u0259r d\u0259 t\u0259yin etm\u0259k olar. Amma bu tanklar \u00f6lk\u0259d\u0259n n\u0259 vaxtsa \u00e7\u0131xmal\u0131 olacaq. V\u0259 \u00e7\u0131xan kimi, h\u0259min adam da kreslosunu itir\u0259c\u0259k. Ukrayna xalq\u0131 SSR\u0130 da\u011f\u0131ld\u0131qdan sonra tarix \u0259rzind\u0259 etiraz g\u00fcc\u00fcn\u00fc d\u0259f\u0259l\u0259rl\u0259 n\u00fcmayi\u015f etdirib.<br><\/p>\n\n\n\n<p>Hadis\u0259l\u0259rin bundan sonrak\u0131 inki\u015faf\u0131n\u0131n nec\u0259 olaca\u011f\u0131 is\u0259 Q\u0259rbin Rusiyan\u0131n boynuna sald\u0131\u011f\u0131 k\u0259ndiri n\u0259 d\u0259r\u0259c\u0259d\u0259 s\u0131xaca\u011f\u0131ndan as\u0131l\u0131 olacaq.<\/p>\n","protected":false},"excerpt":{"rendered":"<p>V\u0259 ya zaman\u0131nda t\u0259tbiq edilm\u0259y\u0259n sanksiyalar\u0131n n\u0259tic\u0259si\u2026 Rusiya Ukraynaya t\u0259cav\u00fczunun &#8230; <\/p>\n<p class=\"read-more-container\"><a title=\"G\u00fcrc\u00fcstandan Ukraynaya q\u0259d\u0259r&#8230;\" class=\"read-more button\" href=\"https:\/\/www.meydan.tv\/az\/article\/gurcustandan-ukraynaya-qeder\/#more-236191\" aria-label=\"Read more about G\u00fcrc\u00fcstandan Ukraynaya q\u0259d\u0259r&#8230;\">Davam\u0131<\/a><\/p>\n","protected":false},"author":8,"featured_media":236192,"comment_status":"closed","ping_status":"closed","sticky":false,"template":"","format":"standard","meta":{"_acf_changed":false,"_sitemap_exclude":false,"_sitemap_priority":"","_sitemap_frequency":"","footnotes":""},"categories":[57,79],"tags":[],"class_list":["post-236191","post","type-post","status-publish","format-standard","has-post-thumbnail","hentry","category-menim-fikrimce","category-featured","infinite-scroll-item","generate-columns","tablet-grid-50","mobile-grid-100","grid-parent","grid-33","no-featured-image-padding"],"acf":[],"yoast_head":"<!-- This site is optimized with the Yoast SEO plugin v27.4 - https:\/\/yoast.com\/product\/yoast-seo-wordpress\/ -->\n<title>G\u00fcrc\u00fcstandan Ukraynaya q\u0259d\u0259r... - MEYDAN.TV<\/title>\n<meta name=\"robots\" content=\"index, follow, max-snippet:-1, max-image-preview:large, max-video-preview:-1\" \/>\n<link rel=\"canonical\" href=\"https:\/\/www.meydan.tv\/az\/article\/gurcustandan-ukraynaya-qeder\/\" \/>\n<meta property=\"og:locale\" content=\"az_AZ\" \/>\n<meta property=\"og:type\" content=\"article\" \/>\n<meta property=\"og:title\" content=\"G\u00fcrc\u00fcstandan Ukraynaya q\u0259d\u0259r... - MEYDAN.TV\" \/>\n<meta property=\"og:description\" content=\"V\u0259 ya zaman\u0131nda t\u0259tbiq edilm\u0259y\u0259n sanksiyalar\u0131n n\u0259tic\u0259si\u2026 Rusiya Ukraynaya t\u0259cav\u00fczunun ... Davam\u0131\" \/>\n<meta property=\"og:url\" content=\"https:\/\/www.meydan.tv\/az\/article\/gurcustandan-ukraynaya-qeder\/\" \/>\n<meta property=\"og:site_name\" content=\"MEYDAN.TV\" \/>\n<meta property=\"article:published_time\" content=\"2022-02-27T09:44:20+00:00\" \/>\n<meta property=\"article:modified_time\" content=\"2022-02-27T14:58:07+00:00\" \/>\n<meta property=\"og:image\" content=\"https:\/\/www.meydan.tv\/wp-content\/uploads\/shutterstock_1123905794.jpg\" \/>\n\t<meta property=\"og:image:width\" content=\"1200\" \/>\n\t<meta property=\"og:image:height\" content=\"801\" \/>\n\t<meta property=\"og:image:type\" content=\"image\/jpeg\" \/>\n<meta name=\"author\" content=\"elli\" \/>\n<meta name=\"twitter:card\" content=\"summary_large_image\" \/>\n<meta name=\"twitter:creator\" content=\"@elli\" \/>\n<script type=\"application\/ld+json\" class=\"yoast-schema-graph\">{\"@context\":\"https:\\\/\\\/schema.org\",\"@graph\":[{\"@type\":\"Article\",\"@id\":\"https:\\\/\\\/www.meydan.tv\\\/az\\\/article\\\/gurcustandan-ukraynaya-qeder\\\/#article\",\"isPartOf\":{\"@id\":\"https:\\\/\\\/www.meydan.tv\\\/az\\\/article\\\/gurcustandan-ukraynaya-qeder\\\/\"},\"author\":{\"name\":\"elli\",\"@id\":\"https:\\\/\\\/www.meydan.tv\\\/az\\\/#\\\/schema\\\/person\\\/9cdbecf90d17180ce1dfbd95b08dcf47\"},\"headline\":\"G\u00fcrc\u00fcstandan Ukraynaya q\u0259d\u0259r&#8230;\",\"datePublished\":\"2022-02-27T09:44:20+00:00\",\"dateModified\":\"2022-02-27T14:58:07+00:00\",\"mainEntityOfPage\":{\"@id\":\"https:\\\/\\\/www.meydan.tv\\\/az\\\/article\\\/gurcustandan-ukraynaya-qeder\\\/\"},\"wordCount\":1096,\"publisher\":{\"@id\":\"https:\\\/\\\/www.meydan.tv\\\/az\\\/#organization\"},\"image\":{\"@id\":\"https:\\\/\\\/www.meydan.tv\\\/az\\\/article\\\/gurcustandan-ukraynaya-qeder\\\/#primaryimage\"},\"thumbnailUrl\":\"https:\\\/\\\/www.meydan.tv\\\/wp-content\\\/uploads\\\/shutterstock_1123905794.jpg\",\"articleSection\":[\"M\u0259nim Fikrimc\u0259\",\"T\u00f6vsiy\u0259\"],\"inLanguage\":\"az\"},{\"@type\":\"WebPage\",\"@id\":\"https:\\\/\\\/www.meydan.tv\\\/az\\\/article\\\/gurcustandan-ukraynaya-qeder\\\/\",\"url\":\"https:\\\/\\\/www.meydan.tv\\\/az\\\/article\\\/gurcustandan-ukraynaya-qeder\\\/\",\"name\":\"G\u00fcrc\u00fcstandan Ukraynaya q\u0259d\u0259r... - MEYDAN.TV\",\"isPartOf\":{\"@id\":\"https:\\\/\\\/www.meydan.tv\\\/az\\\/#website\"},\"primaryImageOfPage\":{\"@id\":\"https:\\\/\\\/www.meydan.tv\\\/az\\\/article\\\/gurcustandan-ukraynaya-qeder\\\/#primaryimage\"},\"image\":{\"@id\":\"https:\\\/\\\/www.meydan.tv\\\/az\\\/article\\\/gurcustandan-ukraynaya-qeder\\\/#primaryimage\"},\"thumbnailUrl\":\"https:\\\/\\\/www.meydan.tv\\\/wp-content\\\/uploads\\\/shutterstock_1123905794.jpg\",\"datePublished\":\"2022-02-27T09:44:20+00:00\",\"dateModified\":\"2022-02-27T14:58:07+00:00\",\"breadcrumb\":{\"@id\":\"https:\\\/\\\/www.meydan.tv\\\/az\\\/article\\\/gurcustandan-ukraynaya-qeder\\\/#breadcrumb\"},\"inLanguage\":\"az\",\"potentialAction\":[{\"@type\":\"ReadAction\",\"target\":[\"https:\\\/\\\/www.meydan.tv\\\/az\\\/article\\\/gurcustandan-ukraynaya-qeder\\\/\"]}]},{\"@type\":\"ImageObject\",\"inLanguage\":\"az\",\"@id\":\"https:\\\/\\\/www.meydan.tv\\\/az\\\/article\\\/gurcustandan-ukraynaya-qeder\\\/#primaryimage\",\"url\":\"https:\\\/\\\/www.meydan.tv\\\/wp-content\\\/uploads\\\/shutterstock_1123905794.jpg\",\"contentUrl\":\"https:\\\/\\\/www.meydan.tv\\\/wp-content\\\/uploads\\\/shutterstock_1123905794.jpg\",\"width\":1200,\"height\":801,\"caption\":\"Foto: Pavels Dunaicevs\\\/shutterstock\"},{\"@type\":\"BreadcrumbList\",\"@id\":\"https:\\\/\\\/www.meydan.tv\\\/az\\\/article\\\/gurcustandan-ukraynaya-qeder\\\/#breadcrumb\",\"itemListElement\":[{\"@type\":\"ListItem\",\"position\":1,\"name\":\"Ana s\u0259hif\u0259\",\"item\":\"https:\\\/\\\/www.meydan.tv\\\/az\\\/\"},{\"@type\":\"ListItem\",\"position\":2,\"name\":\"M\u0259nim Fikrimc\u0259\",\"item\":\"https:\\\/\\\/www.meydan.tv\\\/az\\\/section\\\/menim-fikrimce\\\/\"},{\"@type\":\"ListItem\",\"position\":3,\"name\":\"G\u00fcrc\u00fcstandan Ukraynaya q\u0259d\u0259r&#8230;\"}]},{\"@type\":\"WebSite\",\"@id\":\"https:\\\/\\\/www.meydan.tv\\\/az\\\/#website\",\"url\":\"https:\\\/\\\/www.meydan.tv\\\/az\\\/\",\"name\":\"MEYDAN.TV\",\"description\":\"Meydan TV Az\u0259rbaycan\u0131n media m\u0259kan\u0131ndak\u0131 alternativ s\u0259sidir\",\"publisher\":{\"@id\":\"https:\\\/\\\/www.meydan.tv\\\/az\\\/#organization\"},\"potentialAction\":[{\"@type\":\"SearchAction\",\"target\":{\"@type\":\"EntryPoint\",\"urlTemplate\":\"https:\\\/\\\/www.meydan.tv\\\/az\\\/?s={search_term_string}\"},\"query-input\":{\"@type\":\"PropertyValueSpecification\",\"valueRequired\":true,\"valueName\":\"search_term_string\"}}],\"inLanguage\":\"az\"},{\"@type\":\"Organization\",\"@id\":\"https:\\\/\\\/www.meydan.tv\\\/az\\\/#organization\",\"name\":\"Meydan TV\",\"url\":\"https:\\\/\\\/www.meydan.tv\\\/az\\\/\",\"logo\":{\"@type\":\"ImageObject\",\"inLanguage\":\"az\",\"@id\":\"https:\\\/\\\/www.meydan.tv\\\/az\\\/#\\\/schema\\\/logo\\\/image\\\/\",\"url\":\"https:\\\/\\\/www.meydan.tv\\\/wp-content\\\/uploads\\\/2021\\\/07\\\/meydan-logo.svg\",\"contentUrl\":\"https:\\\/\\\/www.meydan.tv\\\/wp-content\\\/uploads\\\/2021\\\/07\\\/meydan-logo.svg\",\"width\":195,\"height\":46,\"caption\":\"Meydan TV\"},\"image\":{\"@id\":\"https:\\\/\\\/www.meydan.tv\\\/az\\\/#\\\/schema\\\/logo\\\/image\\\/\"}},{\"@type\":\"Person\",\"@id\":\"https:\\\/\\\/www.meydan.tv\\\/az\\\/#\\\/schema\\\/person\\\/9cdbecf90d17180ce1dfbd95b08dcf47\",\"name\":\"elli\",\"sameAs\":[\"https:\\\/\\\/x.com\\\/elli\"]}]}<\/script>\n<!-- \/ Yoast SEO plugin. -->","yoast_head_json":{"title":"G\u00fcrc\u00fcstandan Ukraynaya q\u0259d\u0259r... - MEYDAN.TV","robots":{"index":"index","follow":"follow","max-snippet":"max-snippet:-1","max-image-preview":"max-image-preview:large","max-video-preview":"max-video-preview:-1"},"canonical":"https:\/\/www.meydan.tv\/az\/article\/gurcustandan-ukraynaya-qeder\/","og_locale":"az_AZ","og_type":"article","og_title":"G\u00fcrc\u00fcstandan Ukraynaya q\u0259d\u0259r... - MEYDAN.TV","og_description":"V\u0259 ya zaman\u0131nda t\u0259tbiq edilm\u0259y\u0259n sanksiyalar\u0131n n\u0259tic\u0259si\u2026 Rusiya Ukraynaya t\u0259cav\u00fczunun ... Davam\u0131","og_url":"https:\/\/www.meydan.tv\/az\/article\/gurcustandan-ukraynaya-qeder\/","og_site_name":"MEYDAN.TV","article_published_time":"2022-02-27T09:44:20+00:00","article_modified_time":"2022-02-27T14:58:07+00:00","og_image":[{"width":1200,"height":801,"url":"https:\/\/www.meydan.tv\/wp-content\/uploads\/shutterstock_1123905794.jpg","type":"image\/jpeg"}],"author":"elli","twitter_card":"summary_large_image","twitter_creator":"@elli","schema":{"@context":"https:\/\/schema.org","@graph":[{"@type":"Article","@id":"https:\/\/www.meydan.tv\/az\/article\/gurcustandan-ukraynaya-qeder\/#article","isPartOf":{"@id":"https:\/\/www.meydan.tv\/az\/article\/gurcustandan-ukraynaya-qeder\/"},"author":{"name":"elli","@id":"https:\/\/www.meydan.tv\/az\/#\/schema\/person\/9cdbecf90d17180ce1dfbd95b08dcf47"},"headline":"G\u00fcrc\u00fcstandan Ukraynaya q\u0259d\u0259r&#8230;","datePublished":"2022-02-27T09:44:20+00:00","dateModified":"2022-02-27T14:58:07+00:00","mainEntityOfPage":{"@id":"https:\/\/www.meydan.tv\/az\/article\/gurcustandan-ukraynaya-qeder\/"},"wordCount":1096,"publisher":{"@id":"https:\/\/www.meydan.tv\/az\/#organization"},"image":{"@id":"https:\/\/www.meydan.tv\/az\/article\/gurcustandan-ukraynaya-qeder\/#primaryimage"},"thumbnailUrl":"https:\/\/www.meydan.tv\/wp-content\/uploads\/shutterstock_1123905794.jpg","articleSection":["M\u0259nim Fikrimc\u0259","T\u00f6vsiy\u0259"],"inLanguage":"az"},{"@type":"WebPage","@id":"https:\/\/www.meydan.tv\/az\/article\/gurcustandan-ukraynaya-qeder\/","url":"https:\/\/www.meydan.tv\/az\/article\/gurcustandan-ukraynaya-qeder\/","name":"G\u00fcrc\u00fcstandan Ukraynaya q\u0259d\u0259r... - MEYDAN.TV","isPartOf":{"@id":"https:\/\/www.meydan.tv\/az\/#website"},"primaryImageOfPage":{"@id":"https:\/\/www.meydan.tv\/az\/article\/gurcustandan-ukraynaya-qeder\/#primaryimage"},"image":{"@id":"https:\/\/www.meydan.tv\/az\/article\/gurcustandan-ukraynaya-qeder\/#primaryimage"},"thumbnailUrl":"https:\/\/www.meydan.tv\/wp-content\/uploads\/shutterstock_1123905794.jpg","datePublished":"2022-02-27T09:44:20+00:00","dateModified":"2022-02-27T14:58:07+00:00","breadcrumb":{"@id":"https:\/\/www.meydan.tv\/az\/article\/gurcustandan-ukraynaya-qeder\/#breadcrumb"},"inLanguage":"az","potentialAction":[{"@type":"ReadAction","target":["https:\/\/www.meydan.tv\/az\/article\/gurcustandan-ukraynaya-qeder\/"]}]},{"@type":"ImageObject","inLanguage":"az","@id":"https:\/\/www.meydan.tv\/az\/article\/gurcustandan-ukraynaya-qeder\/#primaryimage","url":"https:\/\/www.meydan.tv\/wp-content\/uploads\/shutterstock_1123905794.jpg","contentUrl":"https:\/\/www.meydan.tv\/wp-content\/uploads\/shutterstock_1123905794.jpg","width":1200,"height":801,"caption":"Foto: Pavels Dunaicevs\/shutterstock"},{"@type":"BreadcrumbList","@id":"https:\/\/www.meydan.tv\/az\/article\/gurcustandan-ukraynaya-qeder\/#breadcrumb","itemListElement":[{"@type":"ListItem","position":1,"name":"Ana s\u0259hif\u0259","item":"https:\/\/www.meydan.tv\/az\/"},{"@type":"ListItem","position":2,"name":"M\u0259nim Fikrimc\u0259","item":"https:\/\/www.meydan.tv\/az\/section\/menim-fikrimce\/"},{"@type":"ListItem","position":3,"name":"G\u00fcrc\u00fcstandan Ukraynaya q\u0259d\u0259r&#8230;"}]},{"@type":"WebSite","@id":"https:\/\/www.meydan.tv\/az\/#website","url":"https:\/\/www.meydan.tv\/az\/","name":"MEYDAN.TV","description":"Meydan TV Az\u0259rbaycan\u0131n media m\u0259kan\u0131ndak\u0131 alternativ s\u0259sidir","publisher":{"@id":"https:\/\/www.meydan.tv\/az\/#organization"},"potentialAction":[{"@type":"SearchAction","target":{"@type":"EntryPoint","urlTemplate":"https:\/\/www.meydan.tv\/az\/?s={search_term_string}"},"query-input":{"@type":"PropertyValueSpecification","valueRequired":true,"valueName":"search_term_string"}}],"inLanguage":"az"},{"@type":"Organization","@id":"https:\/\/www.meydan.tv\/az\/#organization","name":"Meydan TV","url":"https:\/\/www.meydan.tv\/az\/","logo":{"@type":"ImageObject","inLanguage":"az","@id":"https:\/\/www.meydan.tv\/az\/#\/schema\/logo\/image\/","url":"https:\/\/www.meydan.tv\/wp-content\/uploads\/2021\/07\/meydan-logo.svg","contentUrl":"https:\/\/www.meydan.tv\/wp-content\/uploads\/2021\/07\/meydan-logo.svg","width":195,"height":46,"caption":"Meydan TV"},"image":{"@id":"https:\/\/www.meydan.tv\/az\/#\/schema\/logo\/image\/"}},{"@type":"Person","@id":"https:\/\/www.meydan.tv\/az\/#\/schema\/person\/9cdbecf90d17180ce1dfbd95b08dcf47","name":"elli","sameAs":["https:\/\/x.com\/elli"]}]}},"_links":{"self":[{"href":"https:\/\/www.meydan.tv\/az\/wp-json\/wp\/v2\/posts\/236191","targetHints":{"allow":["GET"]}}],"collection":[{"href":"https:\/\/www.meydan.tv\/az\/wp-json\/wp\/v2\/posts"}],"about":[{"href":"https:\/\/www.meydan.tv\/az\/wp-json\/wp\/v2\/types\/post"}],"author":[{"embeddable":true,"href":"https:\/\/www.meydan.tv\/az\/wp-json\/wp\/v2\/users\/8"}],"replies":[{"embeddable":true,"href":"https:\/\/www.meydan.tv\/az\/wp-json\/wp\/v2\/comments?post=236191"}],"version-history":[{"count":2,"href":"https:\/\/www.meydan.tv\/az\/wp-json\/wp\/v2\/posts\/236191\/revisions"}],"predecessor-version":[{"id":236227,"href":"https:\/\/www.meydan.tv\/az\/wp-json\/wp\/v2\/posts\/236191\/revisions\/236227"}],"wp:featuredmedia":[{"embeddable":true,"href":"https:\/\/www.meydan.tv\/az\/wp-json\/wp\/v2\/media\/236192"}],"wp:attachment":[{"href":"https:\/\/www.meydan.tv\/az\/wp-json\/wp\/v2\/media?parent=236191"}],"wp:term":[{"taxonomy":"category","embeddable":true,"href":"https:\/\/www.meydan.tv\/az\/wp-json\/wp\/v2\/categories?post=236191"},{"taxonomy":"post_tag","embeddable":true,"href":"https:\/\/www.meydan.tv\/az\/wp-json\/wp\/v2\/tags?post=236191"}],"curies":[{"name":"wp","href":"https:\/\/api.w.org\/{rel}","templated":true}]}}