{"id":236115,"date":"2022-02-25T23:54:41","date_gmt":"2022-02-25T19:54:41","guid":{"rendered":"https:\/\/www.meydan.tv\/?p=236115"},"modified":"2022-02-26T00:04:29","modified_gmt":"2022-02-25T20:04:29","slug":"boyuk-britaniya-putinle-lavrova-sanksiya-tetbiq-edeceyini-aciqlayib","status":"publish","type":"post","link":"https:\/\/www.meydan.tv\/az\/article\/boyuk-britaniya-putinle-lavrova-sanksiya-tetbiq-edeceyini-aciqlayib\/","title":{"rendered":"B\u00f6y\u00fck Britaniya Putinl\u0259 Lavrova sanksiya t\u0259tbiq ed\u0259c\u0259yini a\u00e7\u0131qlay\u0131b"},"content":{"rendered":"\n<p><em>Ba\u015f nazir NATO liderl\u0259rini t\u0259cili t\u0259dbir g\u00f6rm\u0259y\u0259 \u00e7a\u011f\u0131r\u0131b<\/em><\/p>\n\n\n\n<p>B\u00f6y\u00fck Britaniyan\u0131n tezlikl\u0259 Rusiya Prezidenti Vladimir Putin\u0259 v\u0259 xarici i\u015fl\u0259r naziri Sergey Lavrova qar\u015f\u0131 sanksiyalar t\u0259tbiq ed\u0259c\u0259yi bildirilib.<\/p>\n\n\n\n<p>Bu bar\u0259d\u0259 B\u00f6y\u00fck Britaniyan\u0131n Ba\u015f naziri Boris Consonun NATO liderl\u0259ri il\u0259 telefon dan\u0131\u015f\u0131\u011f\u0131ndan sonra yayd\u0131\u011f\u0131 b\u0259yanatda qeyd edilib.<\/p>\n\n\n\n<p>M\u0259lumat\u0131 Rusiya medias\u0131 <a href=\"https:\/\/tass.ru\/mezhdunarodnaya-panorama\/13868051\" target=\"_blank\" rel=\"noreferrer noopener\">yay\u0131b<\/a>.<\/p>\n\n\n\n<p>\u201cBa\u015f nazir NATO liderl\u0259rini [Rusiya \u00f6d\u0259ni\u015f sistemind\u0259n] SWIFT-\u0259 qar\u015f\u0131 t\u0259cili t\u0259dbirl\u0259r g\u00f6rm\u0259y\u0259 \u00e7a\u011f\u0131r\u0131b\u201d, &#8211; dey\u0259 b\u0259yanatda bildirilib.<\/p>\n\n\n\n<p>Ba\u015f nazirin s\u00f6zl\u0259rin\u0259 g\u00f6r\u0259, London bir g\u00fcn \u0259vv\u0259l B\u00f6y\u00fck Britaniyan\u0131n elan etdiyi sanksiya paketin\u0259 \u0259lav\u0259 olaraq, Prezident Putin v\u0259 xarici i\u015fl\u0259r naziri Sergey Lavrova qar\u015f\u0131 \u00e7ox yax\u0131nda sanksiyalar t\u0259tbiq ed\u0259c\u0259k.<\/p>\n\n\n\n<p>Ancaq m\u0259hdudiyy\u0259tl\u0259rin konkret n\u0259d\u0259n ibar\u0259t olaca\u011f\u0131 a\u00e7\u0131qlanm\u0131r.<\/p>\n\n\n\n<p>Rusiya il\u0259 m\u00fcnasib\u0259tl\u0259r\u0259 g\u0259linc\u0259, Ba\u015f nazir &#8220;m\u00fcnasib\u0259tl\u0259rin normalla\u015fmas\u0131ndan s\u00f6hb\u0259t ged\u0259 bilm\u0259z\u201d, &#8211; s\u00f6yl\u0259yib.<\/p>\n\n\n\n<p>Rusiya Xarici \u0130\u015fl\u0259r Nazirliyi B\u00f6y\u00fck Britaniyan\u0131n yeni sanksiyalar\u0131na \u201cN\u0259 Putinin, n\u0259 d\u0259 Lavrovun n\u0259 Britaniyada, n\u0259 d\u0259 xaricd\u0259 he\u00e7 bir yerd\u0259 hesab\u0131 yoxdur\u201d,-dey\u0259 cavab verib.<\/p>\n","protected":false},"excerpt":{"rendered":"<p>Ba\u015f nazir NATO liderl\u0259rini t\u0259cili t\u0259dbir g\u00f6rm\u0259y\u0259 \u00e7a\u011f\u0131r\u0131b B\u00f6y\u00fck Britaniyan\u0131n &#8230; <\/p>\n<p class=\"read-more-container\"><a title=\"B\u00f6y\u00fck Britaniya Putinl\u0259 Lavrova sanksiya t\u0259tbiq ed\u0259c\u0259yini a\u00e7\u0131qlay\u0131b\" class=\"read-more button\" href=\"https:\/\/www.meydan.tv\/az\/article\/boyuk-britaniya-putinle-lavrova-sanksiya-tetbiq-edeceyini-aciqlayib\/#more-236115\" aria-label=\"Read more about B\u00f6y\u00fck Britaniya Putinl\u0259 Lavrova sanksiya t\u0259tbiq ed\u0259c\u0259yini a\u00e7\u0131qlay\u0131b\">Davam\u0131<\/a><\/p>\n","protected":false},"author":8,"featured_media":236116,"comment_status":"closed","ping_status":"closed","sticky":false,"template":"","format":"standard","meta":{"_acf_changed":false,"_sitemap_exclude":false,"_sitemap_priority":"","_sitemap_frequency":"","footnotes":""},"categories":[59,56],"tags":[],"class_list":["post-236115","post","type-post","status-publish","format-standard","has-post-thumbnail","hentry","category-siyaset","category-xeberler","infinite-scroll-item","generate-columns","tablet-grid-50","mobile-grid-100","grid-parent","grid-33","no-featured-image-padding"],"acf":[],"yoast_head":"<!-- This site is optimized with the Yoast SEO plugin v27.5 - https:\/\/yoast.com\/product\/yoast-seo-wordpress\/ -->\n<title>B\u00f6y\u00fck Britaniya Putinl\u0259 Lavrova sanksiya t\u0259tbiq ed\u0259c\u0259yini a\u00e7\u0131qlay\u0131b - MEYDAN.TV<\/title>\n<meta name=\"robots\" content=\"index, follow, max-snippet:-1, max-image-preview:large, max-video-preview:-1\" \/>\n<link rel=\"canonical\" href=\"https:\/\/www.meydan.tv\/az\/article\/boyuk-britaniya-putinle-lavrova-sanksiya-tetbiq-edeceyini-aciqlayib\/\" \/>\n<meta property=\"og:locale\" content=\"az_AZ\" \/>\n<meta property=\"og:type\" content=\"article\" \/>\n<meta property=\"og:title\" content=\"B\u00f6y\u00fck Britaniya Putinl\u0259 Lavrova sanksiya t\u0259tbiq ed\u0259c\u0259yini a\u00e7\u0131qlay\u0131b - MEYDAN.TV\" \/>\n<meta property=\"og:description\" content=\"Ba\u015f nazir NATO liderl\u0259rini t\u0259cili t\u0259dbir g\u00f6rm\u0259y\u0259 \u00e7a\u011f\u0131r\u0131b B\u00f6y\u00fck Britaniyan\u0131n ... Davam\u0131\" \/>\n<meta property=\"og:url\" content=\"https:\/\/www.meydan.tv\/az\/article\/boyuk-britaniya-putinle-lavrova-sanksiya-tetbiq-edeceyini-aciqlayib\/\" \/>\n<meta property=\"og:site_name\" content=\"MEYDAN.TV\" \/>\n<meta property=\"article:published_time\" content=\"2022-02-25T19:54:41+00:00\" \/>\n<meta property=\"article:modified_time\" content=\"2022-02-25T20:04:29+00:00\" \/>\n<meta property=\"og:image\" content=\"https:\/\/www.meydan.tv\/wp-content\/uploads\/b25ly21zojg4mmmyowexltmzyzetngzknc1imwe5lwi0ngrmztuyowm3odpkzjyznjixzs1injq5ltrmogqtyjy4my03nmrjmwrinzjlyjk.jpg\" \/>\n\t<meta property=\"og:image:width\" content=\"2048\" \/>\n\t<meta property=\"og:image:height\" content=\"1364\" \/>\n\t<meta property=\"og:image:type\" content=\"image\/jpeg\" \/>\n<meta name=\"author\" content=\"elli\" \/>\n<meta name=\"twitter:card\" content=\"summary_large_image\" \/>\n<meta name=\"twitter:creator\" content=\"@elli\" \/>\n<script type=\"application\/ld+json\" class=\"yoast-schema-graph\">{\"@context\":\"https:\\\/\\\/schema.org\",\"@graph\":[{\"@type\":\"Article\",\"@id\":\"https:\\\/\\\/www.meydan.tv\\\/az\\\/article\\\/boyuk-britaniya-putinle-lavrova-sanksiya-tetbiq-edeceyini-aciqlayib\\\/#article\",\"isPartOf\":{\"@id\":\"https:\\\/\\\/www.meydan.tv\\\/az\\\/article\\\/boyuk-britaniya-putinle-lavrova-sanksiya-tetbiq-edeceyini-aciqlayib\\\/\"},\"author\":{\"name\":\"elli\",\"@id\":\"https:\\\/\\\/www.meydan.tv\\\/az\\\/#\\\/schema\\\/person\\\/9cdbecf90d17180ce1dfbd95b08dcf47\"},\"headline\":\"B\u00f6y\u00fck Britaniya Putinl\u0259 Lavrova sanksiya t\u0259tbiq ed\u0259c\u0259yini a\u00e7\u0131qlay\u0131b\",\"datePublished\":\"2022-02-25T19:54:41+00:00\",\"dateModified\":\"2022-02-25T20:04:29+00:00\",\"mainEntityOfPage\":{\"@id\":\"https:\\\/\\\/www.meydan.tv\\\/az\\\/article\\\/boyuk-britaniya-putinle-lavrova-sanksiya-tetbiq-edeceyini-aciqlayib\\\/\"},\"wordCount\":232,\"publisher\":{\"@id\":\"https:\\\/\\\/www.meydan.tv\\\/az\\\/#organization\"},\"image\":{\"@id\":\"https:\\\/\\\/www.meydan.tv\\\/az\\\/article\\\/boyuk-britaniya-putinle-lavrova-sanksiya-tetbiq-edeceyini-aciqlayib\\\/#primaryimage\"},\"thumbnailUrl\":\"https:\\\/\\\/www.meydan.tv\\\/wp-content\\\/uploads\\\/b25ly21zojg4mmmyowexltmzyzetngzknc1imwe5lwi0ngrmztuyowm3odpkzjyznjixzs1injq5ltrmogqtyjy4my03nmrjmwrinzjlyjk.jpg\",\"articleSection\":[\"Siyas\u0259t\",\"X\u0259b\u0259rl\u0259r\"],\"inLanguage\":\"az\"},{\"@type\":\"WebPage\",\"@id\":\"https:\\\/\\\/www.meydan.tv\\\/az\\\/article\\\/boyuk-britaniya-putinle-lavrova-sanksiya-tetbiq-edeceyini-aciqlayib\\\/\",\"url\":\"https:\\\/\\\/www.meydan.tv\\\/az\\\/article\\\/boyuk-britaniya-putinle-lavrova-sanksiya-tetbiq-edeceyini-aciqlayib\\\/\",\"name\":\"B\u00f6y\u00fck Britaniya Putinl\u0259 Lavrova sanksiya t\u0259tbiq ed\u0259c\u0259yini a\u00e7\u0131qlay\u0131b - MEYDAN.TV\",\"isPartOf\":{\"@id\":\"https:\\\/\\\/www.meydan.tv\\\/az\\\/#website\"},\"primaryImageOfPage\":{\"@id\":\"https:\\\/\\\/www.meydan.tv\\\/az\\\/article\\\/boyuk-britaniya-putinle-lavrova-sanksiya-tetbiq-edeceyini-aciqlayib\\\/#primaryimage\"},\"image\":{\"@id\":\"https:\\\/\\\/www.meydan.tv\\\/az\\\/article\\\/boyuk-britaniya-putinle-lavrova-sanksiya-tetbiq-edeceyini-aciqlayib\\\/#primaryimage\"},\"thumbnailUrl\":\"https:\\\/\\\/www.meydan.tv\\\/wp-content\\\/uploads\\\/b25ly21zojg4mmmyowexltmzyzetngzknc1imwe5lwi0ngrmztuyowm3odpkzjyznjixzs1injq5ltrmogqtyjy4my03nmrjmwrinzjlyjk.jpg\",\"datePublished\":\"2022-02-25T19:54:41+00:00\",\"dateModified\":\"2022-02-25T20:04:29+00:00\",\"breadcrumb\":{\"@id\":\"https:\\\/\\\/www.meydan.tv\\\/az\\\/article\\\/boyuk-britaniya-putinle-lavrova-sanksiya-tetbiq-edeceyini-aciqlayib\\\/#breadcrumb\"},\"inLanguage\":\"az\",\"potentialAction\":[{\"@type\":\"ReadAction\",\"target\":[\"https:\\\/\\\/www.meydan.tv\\\/az\\\/article\\\/boyuk-britaniya-putinle-lavrova-sanksiya-tetbiq-edeceyini-aciqlayib\\\/\"]}]},{\"@type\":\"ImageObject\",\"inLanguage\":\"az\",\"@id\":\"https:\\\/\\\/www.meydan.tv\\\/az\\\/article\\\/boyuk-britaniya-putinle-lavrova-sanksiya-tetbiq-edeceyini-aciqlayib\\\/#primaryimage\",\"url\":\"https:\\\/\\\/www.meydan.tv\\\/wp-content\\\/uploads\\\/b25ly21zojg4mmmyowexltmzyzetngzknc1imwe5lwi0ngrmztuyowm3odpkzjyznjixzs1injq5ltrmogqtyjy4my03nmrjmwrinzjlyjk.jpg\",\"contentUrl\":\"https:\\\/\\\/www.meydan.tv\\\/wp-content\\\/uploads\\\/b25ly21zojg4mmmyowexltmzyzetngzknc1imwe5lwi0ngrmztuyowm3odpkzjyznjixzs1injq5ltrmogqtyjy4my03nmrjmwrinzjlyjk.jpg\",\"width\":2048,\"height\":1364,\"caption\":\"M\u0259nb\u0259: https:\\\/\\\/www.scotsman.com\\\/\"},{\"@type\":\"BreadcrumbList\",\"@id\":\"https:\\\/\\\/www.meydan.tv\\\/az\\\/article\\\/boyuk-britaniya-putinle-lavrova-sanksiya-tetbiq-edeceyini-aciqlayib\\\/#breadcrumb\",\"itemListElement\":[{\"@type\":\"ListItem\",\"position\":1,\"name\":\"Ana s\u0259hif\u0259\",\"item\":\"https:\\\/\\\/www.meydan.tv\\\/az\\\/\"},{\"@type\":\"ListItem\",\"position\":2,\"name\":\"Siyas\u0259t\",\"item\":\"https:\\\/\\\/www.meydan.tv\\\/az\\\/section\\\/siyaset\\\/\"},{\"@type\":\"ListItem\",\"position\":3,\"name\":\"B\u00f6y\u00fck Britaniya Putinl\u0259 Lavrova sanksiya t\u0259tbiq ed\u0259c\u0259yini a\u00e7\u0131qlay\u0131b\"}]},{\"@type\":\"WebSite\",\"@id\":\"https:\\\/\\\/www.meydan.tv\\\/az\\\/#website\",\"url\":\"https:\\\/\\\/www.meydan.tv\\\/az\\\/\",\"name\":\"MEYDAN.TV\",\"description\":\"Meydan TV Az\u0259rbaycan\u0131n media m\u0259kan\u0131ndak\u0131 alternativ s\u0259sidir\",\"publisher\":{\"@id\":\"https:\\\/\\\/www.meydan.tv\\\/az\\\/#organization\"},\"potentialAction\":[{\"@type\":\"SearchAction\",\"target\":{\"@type\":\"EntryPoint\",\"urlTemplate\":\"https:\\\/\\\/www.meydan.tv\\\/az\\\/?s={search_term_string}\"},\"query-input\":{\"@type\":\"PropertyValueSpecification\",\"valueRequired\":true,\"valueName\":\"search_term_string\"}}],\"inLanguage\":\"az\"},{\"@type\":\"Organization\",\"@id\":\"https:\\\/\\\/www.meydan.tv\\\/az\\\/#organization\",\"name\":\"Meydan TV\",\"url\":\"https:\\\/\\\/www.meydan.tv\\\/az\\\/\",\"logo\":{\"@type\":\"ImageObject\",\"inLanguage\":\"az\",\"@id\":\"https:\\\/\\\/www.meydan.tv\\\/az\\\/#\\\/schema\\\/logo\\\/image\\\/\",\"url\":\"https:\\\/\\\/www.meydan.tv\\\/wp-content\\\/uploads\\\/2021\\\/07\\\/meydan-logo.svg\",\"contentUrl\":\"https:\\\/\\\/www.meydan.tv\\\/wp-content\\\/uploads\\\/2021\\\/07\\\/meydan-logo.svg\",\"width\":195,\"height\":46,\"caption\":\"Meydan TV\"},\"image\":{\"@id\":\"https:\\\/\\\/www.meydan.tv\\\/az\\\/#\\\/schema\\\/logo\\\/image\\\/\"}},{\"@type\":\"Person\",\"@id\":\"https:\\\/\\\/www.meydan.tv\\\/az\\\/#\\\/schema\\\/person\\\/9cdbecf90d17180ce1dfbd95b08dcf47\",\"name\":\"elli\",\"sameAs\":[\"https:\\\/\\\/x.com\\\/elli\"]}]}<\/script>\n<!-- \/ Yoast SEO plugin. -->","yoast_head_json":{"title":"B\u00f6y\u00fck Britaniya Putinl\u0259 Lavrova sanksiya t\u0259tbiq ed\u0259c\u0259yini a\u00e7\u0131qlay\u0131b - MEYDAN.TV","robots":{"index":"index","follow":"follow","max-snippet":"max-snippet:-1","max-image-preview":"max-image-preview:large","max-video-preview":"max-video-preview:-1"},"canonical":"https:\/\/www.meydan.tv\/az\/article\/boyuk-britaniya-putinle-lavrova-sanksiya-tetbiq-edeceyini-aciqlayib\/","og_locale":"az_AZ","og_type":"article","og_title":"B\u00f6y\u00fck Britaniya Putinl\u0259 Lavrova sanksiya t\u0259tbiq ed\u0259c\u0259yini a\u00e7\u0131qlay\u0131b - MEYDAN.TV","og_description":"Ba\u015f nazir NATO liderl\u0259rini t\u0259cili t\u0259dbir g\u00f6rm\u0259y\u0259 \u00e7a\u011f\u0131r\u0131b B\u00f6y\u00fck Britaniyan\u0131n ... Davam\u0131","og_url":"https:\/\/www.meydan.tv\/az\/article\/boyuk-britaniya-putinle-lavrova-sanksiya-tetbiq-edeceyini-aciqlayib\/","og_site_name":"MEYDAN.TV","article_published_time":"2022-02-25T19:54:41+00:00","article_modified_time":"2022-02-25T20:04:29+00:00","og_image":[{"width":2048,"height":1364,"url":"https:\/\/www.meydan.tv\/wp-content\/uploads\/b25ly21zojg4mmmyowexltmzyzetngzknc1imwe5lwi0ngrmztuyowm3odpkzjyznjixzs1injq5ltrmogqtyjy4my03nmrjmwrinzjlyjk.jpg","type":"image\/jpeg"}],"author":"elli","twitter_card":"summary_large_image","twitter_creator":"@elli","schema":{"@context":"https:\/\/schema.org","@graph":[{"@type":"Article","@id":"https:\/\/www.meydan.tv\/az\/article\/boyuk-britaniya-putinle-lavrova-sanksiya-tetbiq-edeceyini-aciqlayib\/#article","isPartOf":{"@id":"https:\/\/www.meydan.tv\/az\/article\/boyuk-britaniya-putinle-lavrova-sanksiya-tetbiq-edeceyini-aciqlayib\/"},"author":{"name":"elli","@id":"https:\/\/www.meydan.tv\/az\/#\/schema\/person\/9cdbecf90d17180ce1dfbd95b08dcf47"},"headline":"B\u00f6y\u00fck Britaniya Putinl\u0259 Lavrova sanksiya t\u0259tbiq ed\u0259c\u0259yini a\u00e7\u0131qlay\u0131b","datePublished":"2022-02-25T19:54:41+00:00","dateModified":"2022-02-25T20:04:29+00:00","mainEntityOfPage":{"@id":"https:\/\/www.meydan.tv\/az\/article\/boyuk-britaniya-putinle-lavrova-sanksiya-tetbiq-edeceyini-aciqlayib\/"},"wordCount":232,"publisher":{"@id":"https:\/\/www.meydan.tv\/az\/#organization"},"image":{"@id":"https:\/\/www.meydan.tv\/az\/article\/boyuk-britaniya-putinle-lavrova-sanksiya-tetbiq-edeceyini-aciqlayib\/#primaryimage"},"thumbnailUrl":"https:\/\/www.meydan.tv\/wp-content\/uploads\/b25ly21zojg4mmmyowexltmzyzetngzknc1imwe5lwi0ngrmztuyowm3odpkzjyznjixzs1injq5ltrmogqtyjy4my03nmrjmwrinzjlyjk.jpg","articleSection":["Siyas\u0259t","X\u0259b\u0259rl\u0259r"],"inLanguage":"az"},{"@type":"WebPage","@id":"https:\/\/www.meydan.tv\/az\/article\/boyuk-britaniya-putinle-lavrova-sanksiya-tetbiq-edeceyini-aciqlayib\/","url":"https:\/\/www.meydan.tv\/az\/article\/boyuk-britaniya-putinle-lavrova-sanksiya-tetbiq-edeceyini-aciqlayib\/","name":"B\u00f6y\u00fck Britaniya Putinl\u0259 Lavrova sanksiya t\u0259tbiq ed\u0259c\u0259yini a\u00e7\u0131qlay\u0131b - MEYDAN.TV","isPartOf":{"@id":"https:\/\/www.meydan.tv\/az\/#website"},"primaryImageOfPage":{"@id":"https:\/\/www.meydan.tv\/az\/article\/boyuk-britaniya-putinle-lavrova-sanksiya-tetbiq-edeceyini-aciqlayib\/#primaryimage"},"image":{"@id":"https:\/\/www.meydan.tv\/az\/article\/boyuk-britaniya-putinle-lavrova-sanksiya-tetbiq-edeceyini-aciqlayib\/#primaryimage"},"thumbnailUrl":"https:\/\/www.meydan.tv\/wp-content\/uploads\/b25ly21zojg4mmmyowexltmzyzetngzknc1imwe5lwi0ngrmztuyowm3odpkzjyznjixzs1injq5ltrmogqtyjy4my03nmrjmwrinzjlyjk.jpg","datePublished":"2022-02-25T19:54:41+00:00","dateModified":"2022-02-25T20:04:29+00:00","breadcrumb":{"@id":"https:\/\/www.meydan.tv\/az\/article\/boyuk-britaniya-putinle-lavrova-sanksiya-tetbiq-edeceyini-aciqlayib\/#breadcrumb"},"inLanguage":"az","potentialAction":[{"@type":"ReadAction","target":["https:\/\/www.meydan.tv\/az\/article\/boyuk-britaniya-putinle-lavrova-sanksiya-tetbiq-edeceyini-aciqlayib\/"]}]},{"@type":"ImageObject","inLanguage":"az","@id":"https:\/\/www.meydan.tv\/az\/article\/boyuk-britaniya-putinle-lavrova-sanksiya-tetbiq-edeceyini-aciqlayib\/#primaryimage","url":"https:\/\/www.meydan.tv\/wp-content\/uploads\/b25ly21zojg4mmmyowexltmzyzetngzknc1imwe5lwi0ngrmztuyowm3odpkzjyznjixzs1injq5ltrmogqtyjy4my03nmrjmwrinzjlyjk.jpg","contentUrl":"https:\/\/www.meydan.tv\/wp-content\/uploads\/b25ly21zojg4mmmyowexltmzyzetngzknc1imwe5lwi0ngrmztuyowm3odpkzjyznjixzs1injq5ltrmogqtyjy4my03nmrjmwrinzjlyjk.jpg","width":2048,"height":1364,"caption":"M\u0259nb\u0259: https:\/\/www.scotsman.com\/"},{"@type":"BreadcrumbList","@id":"https:\/\/www.meydan.tv\/az\/article\/boyuk-britaniya-putinle-lavrova-sanksiya-tetbiq-edeceyini-aciqlayib\/#breadcrumb","itemListElement":[{"@type":"ListItem","position":1,"name":"Ana s\u0259hif\u0259","item":"https:\/\/www.meydan.tv\/az\/"},{"@type":"ListItem","position":2,"name":"Siyas\u0259t","item":"https:\/\/www.meydan.tv\/az\/section\/siyaset\/"},{"@type":"ListItem","position":3,"name":"B\u00f6y\u00fck Britaniya Putinl\u0259 Lavrova sanksiya t\u0259tbiq ed\u0259c\u0259yini a\u00e7\u0131qlay\u0131b"}]},{"@type":"WebSite","@id":"https:\/\/www.meydan.tv\/az\/#website","url":"https:\/\/www.meydan.tv\/az\/","name":"MEYDAN.TV","description":"Meydan TV Az\u0259rbaycan\u0131n media m\u0259kan\u0131ndak\u0131 alternativ s\u0259sidir","publisher":{"@id":"https:\/\/www.meydan.tv\/az\/#organization"},"potentialAction":[{"@type":"SearchAction","target":{"@type":"EntryPoint","urlTemplate":"https:\/\/www.meydan.tv\/az\/?s={search_term_string}"},"query-input":{"@type":"PropertyValueSpecification","valueRequired":true,"valueName":"search_term_string"}}],"inLanguage":"az"},{"@type":"Organization","@id":"https:\/\/www.meydan.tv\/az\/#organization","name":"Meydan TV","url":"https:\/\/www.meydan.tv\/az\/","logo":{"@type":"ImageObject","inLanguage":"az","@id":"https:\/\/www.meydan.tv\/az\/#\/schema\/logo\/image\/","url":"https:\/\/www.meydan.tv\/wp-content\/uploads\/2021\/07\/meydan-logo.svg","contentUrl":"https:\/\/www.meydan.tv\/wp-content\/uploads\/2021\/07\/meydan-logo.svg","width":195,"height":46,"caption":"Meydan TV"},"image":{"@id":"https:\/\/www.meydan.tv\/az\/#\/schema\/logo\/image\/"}},{"@type":"Person","@id":"https:\/\/www.meydan.tv\/az\/#\/schema\/person\/9cdbecf90d17180ce1dfbd95b08dcf47","name":"elli","sameAs":["https:\/\/x.com\/elli"]}]}},"_links":{"self":[{"href":"https:\/\/www.meydan.tv\/az\/wp-json\/wp\/v2\/posts\/236115","targetHints":{"allow":["GET"]}}],"collection":[{"href":"https:\/\/www.meydan.tv\/az\/wp-json\/wp\/v2\/posts"}],"about":[{"href":"https:\/\/www.meydan.tv\/az\/wp-json\/wp\/v2\/types\/post"}],"author":[{"embeddable":true,"href":"https:\/\/www.meydan.tv\/az\/wp-json\/wp\/v2\/users\/8"}],"replies":[{"embeddable":true,"href":"https:\/\/www.meydan.tv\/az\/wp-json\/wp\/v2\/comments?post=236115"}],"version-history":[{"count":3,"href":"https:\/\/www.meydan.tv\/az\/wp-json\/wp\/v2\/posts\/236115\/revisions"}],"predecessor-version":[{"id":236129,"href":"https:\/\/www.meydan.tv\/az\/wp-json\/wp\/v2\/posts\/236115\/revisions\/236129"}],"wp:featuredmedia":[{"embeddable":true,"href":"https:\/\/www.meydan.tv\/az\/wp-json\/wp\/v2\/media\/236116"}],"wp:attachment":[{"href":"https:\/\/www.meydan.tv\/az\/wp-json\/wp\/v2\/media?parent=236115"}],"wp:term":[{"taxonomy":"category","embeddable":true,"href":"https:\/\/www.meydan.tv\/az\/wp-json\/wp\/v2\/categories?post=236115"},{"taxonomy":"post_tag","embeddable":true,"href":"https:\/\/www.meydan.tv\/az\/wp-json\/wp\/v2\/tags?post=236115"}],"curies":[{"name":"wp","href":"https:\/\/api.w.org\/{rel}","templated":true}]}}