{"id":236032,"date":"2022-02-25T17:02:12","date_gmt":"2022-02-25T13:02:12","guid":{"rendered":"https:\/\/www.meydan.tv\/?p=236032"},"modified":"2022-02-25T17:02:14","modified_gmt":"2022-02-25T13:02:14","slug":"ukraynada-muharibenin-cenubi-qafqazda-eks-sedasi","status":"publish","type":"post","link":"https:\/\/www.meydan.tv\/az\/article\/ukraynada-muharibenin-cenubi-qafqazda-eks-sedasi\/","title":{"rendered":"Ukraynada m\u00fcharib\u0259nin C\u0259nubi Qafqazda \u0259ks s\u0259das\u0131&#8230;\u00a0"},"content":{"rendered":"\n<p><em>D\u00f6vl\u0259tin r\u0259smi siyas\u0259tinin ictimai fikird\u0259n f\u0259rqli olmas\u0131 daha d\u00fczg\u00fcn say\u0131l\u0131r<br><\/em><br>Uzun m\u00fcdd\u0259tdir \u201cRusiya Ukraynaya h\u00fccum ed\u0259c\u0259k, ya yox\u201d sual\u0131na fevral\u0131n 24-\u00fc s\u0259h\u0259r saatlar\u0131nda cavab verildi. V\u0259 t\u0259ss\u00fcf ki, bu cavab minl\u0259rl\u0259 insan\u0131n h\u0259yat\u0131na t\u0259hl\u00fck\u0259, \u00fcmumiyy\u0259tl\u0259 m\u00fcst\u0259qil bir \u00f6lk\u0259nin d\u00f6vl\u0259t\u00e7iliyin\u0259 son qoya bil\u0259c\u0259k xarakterlidir.<br><\/p>\n\n\n\n<p>B\u0259li, Rusiya Ukrayna \u0259razisind\u0259 h\u0259rbi \u0259m\u0259liyyatlara ba\u015flad\u0131. N\u0259tic\u0259l\u0259rin nec\u0259 olaca\u011f\u0131n\u0131 zaman v\u0259 Ukrayna ordusunun d\u00f6z\u00fcml\u00fcl\u00fck qabiliyy\u0259ti g\u00f6st\u0259r\u0259c\u0259k. Amma hadis\u0259l\u0259rin bu h\u0259dd\u0259 nec\u0259 g\u0259lib \u00e7atmas\u0131 bar\u0259d\u0259 dan\u0131\u015fmaq olar.<br><\/p>\n\n\n\n<p>\u0130lk n\u00f6vb\u0259d\u0259 ayd\u0131nd\u0131r ki, m\u00fcharib\u0259 Rusiya-Q\u0259rb qar\u015f\u0131durmas\u0131n\u0131n n\u0259tic\u0259sidir v\u0259 Ukrayna arada \u201cqurbanl\u0131q\u201dd\u0131r. Rusiyan\u0131n m\u00fcharib\u0259y\u0259 ba\u015flamas\u0131 g\u00f6st\u0259rir ki, 2021-ci ilin sonunda AB\u015e v\u0259 NATO qar\u015f\u0131s\u0131nda ir\u0259li s\u00fcrd\u00fcy\u00fc \u015f\u0259rtl\u0259r qar\u015f\u0131 t\u0259r\u0259fd\u0259n q\u0259bul edilm\u0259yib.<br><\/p>\n\n\n\n<p>Rusiya NATO-dan 1997-ci il s\u0259rh\u0259dl\u0259rin\u0259 geri \u00e7\u0259kilm\u0259yi, Ukrayna v\u0259 G\u00fcrc\u00fcstan\u0131n NATO v\u0259 Avropa \u0130ttifaq\u0131na inteqrasiyas\u0131n\u0131n dayand\u0131r\u0131lmas\u0131n\u0131 t\u0259l\u0259b edib, \u00f6z t\u0259hl\u00fck\u0259sizliyin\u0259 t\u0259minat ist\u0259yib. Rusiya r\u0259smil\u0259ri t\u0259l\u0259bl\u0259ri ir\u0259li s\u00fcr\u0259rk\u0259n bu \u015f\u0259rtl\u0259rd\u0259n geri \u00e7\u0259kilm\u0259y\u0259c\u0259kl\u0259rini qeyd etmi\u015fdil\u0259r.<br><\/p>\n\n\n\n<p>M\u00fcharib\u0259nin qa\u00e7\u0131lmaz oldu\u011funu Putinin Az\u0259rbaycan Prezidenti \u0130lham \u018fliyevl\u0259 fevral\u0131n 22-d\u0259 Moskvada g\u00f6r\u00fc\u015fd\u0259 dediyi \u201cke\u00e7mi\u015f sovet respublikalar\u0131n\u0131n \u0259razi b\u00fct\u00f6vl\u00fcy\u00fcn\u0259 h\u00f6rm\u0259t edirik, amma Ukrayna bu m\u0259s\u0259l\u0259d\u0259 istisnad\u0131r\u201d s\u00f6zl\u0259ri ayd\u0131n g\u00f6st\u0259rdi.<br><\/p>\n\n\n\n<p>Putin Rusiyas\u0131n\u0131n ambisiyalar\u0131 g\u00f6z qar\u015f\u0131s\u0131ndad\u0131r \u2013 ke\u00e7mi\u015f SSR\u0130 s\u0259rh\u0259dl\u0259rind\u0259 \u00f6z n\u00fcfuzunu b\u0259rpa etm\u0259k, ke\u00e7mi\u015f SSR\u0130-\u0259 daxil olan respublikalar\u0131n yaln\u0131z onun orbitind\u0259 olmas\u0131n\u0131 t\u0259min etm\u0259k, demokratik hakimiyy\u0259tl\u0259ri l\u0259\u011fv etm\u0259k, Q\u0259rb\u0259 bu b\u00f6lg\u0259nin yegan\u0259 s\u00f6z sahibi oldu\u011funu n\u00fcmayi\u015f etdirm\u0259k.<br><\/p>\n\n\n\n<p>Burada kollektiv Q\u0259rbin d\u0259 m\u0259suliyy\u0259tini qeyd etm\u0259k laz\u0131md\u0131r. Putinin NATO-nun Rusiyan\u0131n s\u0259rh\u0259dl\u0259rin\u0259 tam yax\u0131nla\u015fd\u0131\u011f\u0131n\u0131 dem\u0259sind\u0259 h\u0259qiq\u0259t var. Q\u0259rib\u0259 s\u0259sl\u0259ns\u0259 d\u0259, Rusiya kimi b\u00f6y\u00fck d\u00f6vl\u0259tin, n\u00fcv\u0259 silah\u0131na sahib bir \u00f6lk\u0259nin t\u0259hl\u00fck\u0259sizlik bax\u0131m\u0131ndan maraqlar\u0131 nisb\u0259t\u0259n ki\u00e7ik d\u00f6vl\u0259tl\u0259rin maraqlar\u0131ndan tam f\u0259rqli olur. Bu bax\u0131mdan Ukraynan\u0131n NATO-ya inteqrasiyas\u0131n\u0131 Rusiya t\u0259hdid kimi q\u0259bul edir. Hesab edir ki, soyuq m\u00fcharib\u0259 SSR\u0130-nin da\u011f\u0131lmas\u0131 il\u0259 bits\u0259 d\u0259, NATO-nun \u015f\u0259rti d\u00fc\u015fm\u0259ni d\u0259yi\u015fm\u0259yib. Bel\u0259 olan halda Rusiya Ukraynan\u0131 NATO il\u0259 \u00f6z aras\u0131nda bufer zonas\u0131 kimi q\u0259bul edir.<br><\/p>\n\n\n\n<p>Bu, o dem\u0259k deyil ki, Rusiyan\u0131n h\u0259rbi t\u0259cav\u00fcz\u00fcn\u0259 haqq qazand\u0131rmaq olar, amma onu \u015f\u0259rtl\u0259ndir\u0259n amill\u0259ri d\u0259 n\u0259z\u0259r\u0259 almaq laz\u0131md\u0131r. Kollektiv Q\u0259rbin haz\u0131rki v\u0259ziyy\u0259td\u0259 m\u0259suliyy\u0259ti d\u0259 m\u0259hz Ukraynan\u0131 metodik olaraq, NATO-ya c\u0259lbetm\u0259 c\u0259hdl\u0259rind\u0259dir. Faktiki olaraq haz\u0131rda Ukrayna, 2008-ci ild\u0259 G\u00fcrc\u00fcstan\u0131n v\u0259ziyy\u0259tini xat\u0131rlad\u0131r. F\u0259rq yaln\u0131z insan resurslar\u0131n\u0131n daha geni\u015f, ordunun G\u00fcrc\u00fcstan silahl\u0131 q\u00fcvv\u0259l\u0259rind\u0259n nisb\u0259t\u0259n haz\u0131rl\u0131ql\u0131 olmas\u0131ndad\u0131r.<br><\/p>\n\n\n\n<p>O vaxt Saaka\u015fvilinin arxaland\u0131\u011f\u0131 Q\u0259rb h\u0259lledici anda ona yard\u0131m etm\u0259di, daha do\u011frusu, yard\u0131m etm\u0259y\u0259 imkan tapmad\u0131. O zaman G\u00fcrc\u00fcstan\u0131 tam i\u015f\u011faldan Pol\u015fan\u0131n haz\u0131rda d\u00fcnyas\u0131n\u0131 d\u0259yi\u015fmi\u015f prezidenti Ka\u00e7inski xilas etdi. \u0130ndi Avropada bel\u0259 bir rolu \u00fcz\u0259rin\u0259 g\u00f6t\u00fcr\u0259c\u0259k q\u0259tiyy\u0259tli siyasi lideri axtarmaq laz\u0131md\u0131r. Zelenskinin fevral\u0131n 24-d\u0259n 25-\u0259 ke\u00e7\u0259n gec\u0259 xalqa m\u00fcraci\u0259tind\u0259 dedikl\u0259ri Saaka\u015fvilinin hakimiyy\u0259td\u0259n getdikd\u0259n sonrak\u0131 s\u00f6zl\u0259rini xat\u0131rlad\u0131r. Ukrayna prezidenti bildirdi ki, NATO-a daxil olan bir \u00e7ox d\u00f6vl\u0259tin liderind\u0259n \u00f6lk\u0259sini alyansa q\u0259bul etm\u0259y\u0259 haz\u0131r olub-olmamas\u0131n\u0131 soru\u015fsa da, onlar\u0131n ham\u0131s\u0131 cavab verm\u0259kd\u0259n qorxub. Saaka\u015fvili d\u0259 hakimiyy\u0259td\u0259n getdikd\u0259n sonra avqust m\u00fcharib\u0259si haqq\u0131nda dan\u0131\u015fanda demi\u015fdi ki, bir \u00e7ox lider\u0259 z\u0259ng ets\u0259 d\u0259, he\u00e7 kiml\u0259 dan\u0131\u015fa bilm\u0259yib.<br><\/p>\n\n\n\n<p>B\u0259li, sanksiyalar q\u0259bul edilir v\u0259 bundan sonra da q\u0259bul edil\u0259c\u0259k. Amma olan Ukraynaya olur v\u0259 bu sanksiyalar\u0131n Putini dayand\u0131raca\u011f\u0131na inanmaq sad\u0259l\u00f6vhl\u00fckd\u00fcr. Konkret h\u0259rbi z\u0259rb\u0259l\u0259r Ukraynaya d\u0259yir v\u0259 m\u00fcharib\u0259nin h\u0259r hans\u0131 bir n\u0259tic\u0259sind\u0259n as\u0131l\u0131 olmayaraq, bu yaralar uzun m\u00fcdd\u0259t sa\u011falmayacaq. \u00d6lk\u0259nin g\u00fccl\u00fc olmayan iqtisadiyyat\u0131 el\u0259 bir z\u0259rb\u0259 al\u0131b ki, \u00f6z\u00fcn\u0259 g\u0259lm\u0259si \u00fc\u00e7\u00fcn uzun m\u00fcdd\u0259t t\u0259l\u0259b olunacaq.<br><\/p>\n\n\n\n<p>Bu konteksd\u0259 Az\u0259rbaycan\u0131n m\u00f6vqeyind\u0259n dan\u0131\u015fmamaq olmur. \u00d6lk\u0259 prezidenti \u0130lham \u018fliyev\u0259 daxili siyas\u0259tl\u0259 ba\u011fl\u0131 m\u00fcnasib\u0259tin hans\u0131 formada olmas\u0131nda as\u0131l\u0131 olmayaraq, xarici siyas\u0259td\u0259 d\u00fczg\u00fcn m\u00f6vqe tutdu\u011funu inkar etm\u0259k olmur. Bel\u0259 ki, milli maraqlar\u0131n qorunmas\u0131 bax\u0131m\u0131ndan \u0130lham \u018fliyev \u00fc\u00e7\u00fcn v\u0259ziyy\u0259t b\u0259lk\u0259 d\u0259 2020-ci ild\u0259 44 g\u00fcnl\u00fck m\u00fcharib\u0259 zaman\u0131 yaranm\u0131\u015f v\u0259ziyy\u0259td\u0259n daha da m\u00fcr\u0259kk\u0259bdir. Rusiyan\u0131n Ukrayna il\u0259 davran\u0131\u015f\u0131 g\u00f6st\u0259rir ki, Kreml r\u0259hb\u0259rliyind\u0259n ist\u0259nil\u0259n add\u0131m\u0131 g\u00f6zl\u0259m\u0259k olar. Az\u0259rbaycan \u0259leyhin\u0259 t\u0259dbirl\u0259ri d\u0259st\u0259kl\u0259m\u0259k \u00fc\u00e7\u00fcn qon\u015fu Erm\u0259nistan\u0131n daim haz\u0131r oldu\u011fu da he\u00e7 kim\u0259 sirr deyil. Qaraba\u011fda Rusiya s\u00fclhm\u0259raml\u0131lar\u0131n\u0131n n\u0259zar\u0259t etdiyi \u0259razil\u0259rd\u0259 ya\u015fayan erm\u0259nil\u0259r aras\u0131nda Rusiya pasportlar\u0131n\u0131n paylanmas\u0131 bar\u0259d\u0259 ara-s\u0131ra \u00e7\u0131xan x\u0259b\u0259rl\u0259r d\u0259 optimistliy\u0259 imkan vermir. Rusiya il\u0259 ba\u011fl\u0131 siyas\u0259td\u0259 ki\u00e7ik bir s\u0259hv add\u0131m b\u00f6y\u00fck bir faci\u0259nin \u0259sas\u0131n\u0131 qoya bil\u0259r. \u201cDXR\u201d v\u0259 \u201cLXR\u201d liderl\u0259rinin Kremld\u0259 Putinl\u0259 s\u0259n\u0259d imzalamaq \u00fc\u00e7\u00fcn oturduqlar\u0131 k\u00fcrs\u00fcl\u0259rin birind\u0259, g\u00fcnl\u0259rin bir g\u00fcn\u00fc Arayik Arutuyan da otura bil\u0259r. Fevral\u0131n ortalar\u0131nda Arutunyan\u0131n Moskva \u015f\u0259h\u0259rin\u0259 s\u0259f\u0259r etm\u0259sini haz\u0131rda kim \u015f\u0259xsi s\u0259f\u0259r kimi qiym\u0259tl\u0259ndir\u0259 bil\u0259r?<br><\/p>\n\n\n\n<p>B\u0259li, Az\u0259rbaycan ictimai fikrind\u0259 \u0259sas\u0259n Ukrayna t\u0259\u0259ss\u00fcbke\u015fliyi var. Bunu da \u0259dal\u0259tin t\u0259r\u0259find\u0259 dayanan c\u0259miyy\u0259t kimi ancaq m\u00fcsb\u0259t qiym\u0259tl\u0259ndirm\u0259k olar. Amma bu m\u0259hz o hallardand\u0131r ki, d\u00f6vl\u0259tin r\u0259smi siyas\u0259tinin ictimai fikird\u0259n f\u0259rqli olmas\u0131 daha d\u00fczg\u00fcn say\u0131l\u0131r. Ukraynaya t\u0259\u0259ss\u00fcbke\u015flik etm\u0259kl\u0259, \u00f6lk\u0259nin t\u0259hl\u00fck\u0259sizliyin\u0259 \u015f\u0259xs\u0259n cavab verm\u0259k tam f\u0259rqli bir m\u0259qamlard\u0131r. M\u0259hz bel\u0259 anlarda sad\u0259 v\u0259t\u0259nda\u015flarla prezidentin m\u0259suliyy\u0259ti aras\u0131nda f\u0259rq daha ayd\u0131n g\u00f6r\u00fcn\u00fcr.<br><\/p>\n\n\n\n<p>\u0130st\u0259nil\u0259n halda Rusiyan\u0131n Ukraynaya h\u0259rbi t\u0259cav\u00fcz\u00fc t\u0259kc\u0259 \u015e\u0259rqi Avropada deyil, C\u0259nubi Qafqazda da v\u0259ziyy\u0259ti g\u0259rginl\u0259\u015fdirir. Bu prosesl\u0259rd\u0259n m\u00fcmk\u00fcn q\u0259d\u0259r az itkil\u0259rl\u0259, yaln\u0131z tam praqmatik siyas\u0259tl\u0259 \u00e7\u0131xmaq m\u00fcmk\u00fcnd\u00fcr. G\u00f6r\u00fcn\u0259n budur ki, Az\u0259rbaycan hakimiyy\u0259ti m\u0259hz bel\u0259 bir siyas\u0259t\u0259 \u00fcst\u00fcnl\u00fck verib.<\/p>\n","protected":false},"excerpt":{"rendered":"<p>D\u00f6vl\u0259tin r\u0259smi siyas\u0259tinin ictimai fikird\u0259n f\u0259rqli olmas\u0131 daha d\u00fczg\u00fcn say\u0131l\u0131rUzun &#8230; <\/p>\n<p class=\"read-more-container\"><a title=\"Ukraynada m\u00fcharib\u0259nin C\u0259nubi Qafqazda \u0259ks s\u0259das\u0131&#8230;\u00a0\" class=\"read-more button\" href=\"https:\/\/www.meydan.tv\/az\/article\/ukraynada-muharibenin-cenubi-qafqazda-eks-sedasi\/#more-236032\" aria-label=\"Read more about Ukraynada m\u00fcharib\u0259nin C\u0259nubi Qafqazda \u0259ks s\u0259das\u0131&#8230;\u00a0\">Davam\u0131<\/a><\/p>\n","protected":false},"author":8,"featured_media":236025,"comment_status":"closed","ping_status":"closed","sticky":false,"template":"","format":"standard","meta":{"_acf_changed":false,"_sitemap_exclude":false,"_sitemap_priority":"","_sitemap_frequency":"","footnotes":""},"categories":[57,56],"tags":[],"class_list":["post-236032","post","type-post","status-publish","format-standard","has-post-thumbnail","hentry","category-menim-fikrimce","category-xeberler","infinite-scroll-item","generate-columns","tablet-grid-50","mobile-grid-100","grid-parent","grid-33","no-featured-image-padding"],"acf":[],"yoast_head":"<!-- This site is optimized with the Yoast SEO plugin v27.4 - https:\/\/yoast.com\/product\/yoast-seo-wordpress\/ -->\n<title>Ukraynada m\u00fcharib\u0259nin C\u0259nubi Qafqazda \u0259ks s\u0259das\u0131...\u00a0 - MEYDAN.TV<\/title>\n<meta name=\"robots\" content=\"index, follow, max-snippet:-1, max-image-preview:large, max-video-preview:-1\" \/>\n<link rel=\"canonical\" href=\"https:\/\/www.meydan.tv\/az\/article\/ukraynada-muharibenin-cenubi-qafqazda-eks-sedasi\/\" \/>\n<meta property=\"og:locale\" content=\"az_AZ\" \/>\n<meta property=\"og:type\" content=\"article\" \/>\n<meta property=\"og:title\" content=\"Ukraynada m\u00fcharib\u0259nin C\u0259nubi Qafqazda \u0259ks s\u0259das\u0131...\u00a0 - MEYDAN.TV\" \/>\n<meta property=\"og:description\" content=\"D\u00f6vl\u0259tin r\u0259smi siyas\u0259tinin ictimai fikird\u0259n f\u0259rqli olmas\u0131 daha d\u00fczg\u00fcn say\u0131l\u0131rUzun ... Davam\u0131\" \/>\n<meta property=\"og:url\" content=\"https:\/\/www.meydan.tv\/az\/article\/ukraynada-muharibenin-cenubi-qafqazda-eks-sedasi\/\" \/>\n<meta property=\"og:site_name\" content=\"MEYDAN.TV\" \/>\n<meta property=\"article:published_time\" content=\"2022-02-25T13:02:12+00:00\" \/>\n<meta property=\"article:modified_time\" content=\"2022-02-25T13:02:14+00:00\" \/>\n<meta property=\"og:image\" content=\"https:\/\/www.meydan.tv\/wp-content\/uploads\/image_from_ios-14.jpg\" \/>\n\t<meta property=\"og:image:width\" content=\"1169\" \/>\n\t<meta property=\"og:image:height\" content=\"783\" \/>\n\t<meta property=\"og:image:type\" content=\"image\/jpeg\" \/>\n<meta name=\"author\" content=\"elli\" \/>\n<meta name=\"twitter:card\" content=\"summary_large_image\" \/>\n<meta name=\"twitter:creator\" content=\"@elli\" \/>\n<script type=\"application\/ld+json\" class=\"yoast-schema-graph\">{\"@context\":\"https:\\\/\\\/schema.org\",\"@graph\":[{\"@type\":\"Article\",\"@id\":\"https:\\\/\\\/www.meydan.tv\\\/az\\\/article\\\/ukraynada-muharibenin-cenubi-qafqazda-eks-sedasi\\\/#article\",\"isPartOf\":{\"@id\":\"https:\\\/\\\/www.meydan.tv\\\/az\\\/article\\\/ukraynada-muharibenin-cenubi-qafqazda-eks-sedasi\\\/\"},\"author\":{\"name\":\"elli\",\"@id\":\"https:\\\/\\\/www.meydan.tv\\\/az\\\/#\\\/schema\\\/person\\\/9cdbecf90d17180ce1dfbd95b08dcf47\"},\"headline\":\"Ukraynada m\u00fcharib\u0259nin C\u0259nubi Qafqazda \u0259ks s\u0259das\u0131&#8230;\u00a0\",\"datePublished\":\"2022-02-25T13:02:12+00:00\",\"dateModified\":\"2022-02-25T13:02:14+00:00\",\"mainEntityOfPage\":{\"@id\":\"https:\\\/\\\/www.meydan.tv\\\/az\\\/article\\\/ukraynada-muharibenin-cenubi-qafqazda-eks-sedasi\\\/\"},\"wordCount\":1324,\"publisher\":{\"@id\":\"https:\\\/\\\/www.meydan.tv\\\/az\\\/#organization\"},\"image\":{\"@id\":\"https:\\\/\\\/www.meydan.tv\\\/az\\\/article\\\/ukraynada-muharibenin-cenubi-qafqazda-eks-sedasi\\\/#primaryimage\"},\"thumbnailUrl\":\"https:\\\/\\\/www.meydan.tv\\\/wp-content\\\/uploads\\\/image_from_ios-14.jpg\",\"articleSection\":[\"M\u0259nim Fikrimc\u0259\",\"X\u0259b\u0259rl\u0259r\"],\"inLanguage\":\"az\"},{\"@type\":\"WebPage\",\"@id\":\"https:\\\/\\\/www.meydan.tv\\\/az\\\/article\\\/ukraynada-muharibenin-cenubi-qafqazda-eks-sedasi\\\/\",\"url\":\"https:\\\/\\\/www.meydan.tv\\\/az\\\/article\\\/ukraynada-muharibenin-cenubi-qafqazda-eks-sedasi\\\/\",\"name\":\"Ukraynada m\u00fcharib\u0259nin C\u0259nubi Qafqazda \u0259ks s\u0259das\u0131...\u00a0 - MEYDAN.TV\",\"isPartOf\":{\"@id\":\"https:\\\/\\\/www.meydan.tv\\\/az\\\/#website\"},\"primaryImageOfPage\":{\"@id\":\"https:\\\/\\\/www.meydan.tv\\\/az\\\/article\\\/ukraynada-muharibenin-cenubi-qafqazda-eks-sedasi\\\/#primaryimage\"},\"image\":{\"@id\":\"https:\\\/\\\/www.meydan.tv\\\/az\\\/article\\\/ukraynada-muharibenin-cenubi-qafqazda-eks-sedasi\\\/#primaryimage\"},\"thumbnailUrl\":\"https:\\\/\\\/www.meydan.tv\\\/wp-content\\\/uploads\\\/image_from_ios-14.jpg\",\"datePublished\":\"2022-02-25T13:02:12+00:00\",\"dateModified\":\"2022-02-25T13:02:14+00:00\",\"breadcrumb\":{\"@id\":\"https:\\\/\\\/www.meydan.tv\\\/az\\\/article\\\/ukraynada-muharibenin-cenubi-qafqazda-eks-sedasi\\\/#breadcrumb\"},\"inLanguage\":\"az\",\"potentialAction\":[{\"@type\":\"ReadAction\",\"target\":[\"https:\\\/\\\/www.meydan.tv\\\/az\\\/article\\\/ukraynada-muharibenin-cenubi-qafqazda-eks-sedasi\\\/\"]}]},{\"@type\":\"ImageObject\",\"inLanguage\":\"az\",\"@id\":\"https:\\\/\\\/www.meydan.tv\\\/az\\\/article\\\/ukraynada-muharibenin-cenubi-qafqazda-eks-sedasi\\\/#primaryimage\",\"url\":\"https:\\\/\\\/www.meydan.tv\\\/wp-content\\\/uploads\\\/image_from_ios-14.jpg\",\"contentUrl\":\"https:\\\/\\\/www.meydan.tv\\\/wp-content\\\/uploads\\\/image_from_ios-14.jpg\",\"width\":1169,\"height\":783,\"caption\":\"Kiyevd\u0259 k\u00fc\u00e7\u0259 d\u00f6y\u00fc\u015fl\u0259ri. Foto: Reuters\"},{\"@type\":\"BreadcrumbList\",\"@id\":\"https:\\\/\\\/www.meydan.tv\\\/az\\\/article\\\/ukraynada-muharibenin-cenubi-qafqazda-eks-sedasi\\\/#breadcrumb\",\"itemListElement\":[{\"@type\":\"ListItem\",\"position\":1,\"name\":\"Ana s\u0259hif\u0259\",\"item\":\"https:\\\/\\\/www.meydan.tv\\\/az\\\/\"},{\"@type\":\"ListItem\",\"position\":2,\"name\":\"M\u0259nim Fikrimc\u0259\",\"item\":\"https:\\\/\\\/www.meydan.tv\\\/az\\\/section\\\/menim-fikrimce\\\/\"},{\"@type\":\"ListItem\",\"position\":3,\"name\":\"Ukraynada m\u00fcharib\u0259nin C\u0259nubi Qafqazda \u0259ks s\u0259das\u0131&#8230;\u00a0\"}]},{\"@type\":\"WebSite\",\"@id\":\"https:\\\/\\\/www.meydan.tv\\\/az\\\/#website\",\"url\":\"https:\\\/\\\/www.meydan.tv\\\/az\\\/\",\"name\":\"MEYDAN.TV\",\"description\":\"Meydan TV Az\u0259rbaycan\u0131n media m\u0259kan\u0131ndak\u0131 alternativ s\u0259sidir\",\"publisher\":{\"@id\":\"https:\\\/\\\/www.meydan.tv\\\/az\\\/#organization\"},\"potentialAction\":[{\"@type\":\"SearchAction\",\"target\":{\"@type\":\"EntryPoint\",\"urlTemplate\":\"https:\\\/\\\/www.meydan.tv\\\/az\\\/?s={search_term_string}\"},\"query-input\":{\"@type\":\"PropertyValueSpecification\",\"valueRequired\":true,\"valueName\":\"search_term_string\"}}],\"inLanguage\":\"az\"},{\"@type\":\"Organization\",\"@id\":\"https:\\\/\\\/www.meydan.tv\\\/az\\\/#organization\",\"name\":\"Meydan TV\",\"url\":\"https:\\\/\\\/www.meydan.tv\\\/az\\\/\",\"logo\":{\"@type\":\"ImageObject\",\"inLanguage\":\"az\",\"@id\":\"https:\\\/\\\/www.meydan.tv\\\/az\\\/#\\\/schema\\\/logo\\\/image\\\/\",\"url\":\"https:\\\/\\\/www.meydan.tv\\\/wp-content\\\/uploads\\\/2021\\\/07\\\/meydan-logo.svg\",\"contentUrl\":\"https:\\\/\\\/www.meydan.tv\\\/wp-content\\\/uploads\\\/2021\\\/07\\\/meydan-logo.svg\",\"width\":195,\"height\":46,\"caption\":\"Meydan TV\"},\"image\":{\"@id\":\"https:\\\/\\\/www.meydan.tv\\\/az\\\/#\\\/schema\\\/logo\\\/image\\\/\"}},{\"@type\":\"Person\",\"@id\":\"https:\\\/\\\/www.meydan.tv\\\/az\\\/#\\\/schema\\\/person\\\/9cdbecf90d17180ce1dfbd95b08dcf47\",\"name\":\"elli\",\"sameAs\":[\"https:\\\/\\\/x.com\\\/elli\"]}]}<\/script>\n<!-- \/ Yoast SEO plugin. -->","yoast_head_json":{"title":"Ukraynada m\u00fcharib\u0259nin C\u0259nubi Qafqazda \u0259ks s\u0259das\u0131...\u00a0 - MEYDAN.TV","robots":{"index":"index","follow":"follow","max-snippet":"max-snippet:-1","max-image-preview":"max-image-preview:large","max-video-preview":"max-video-preview:-1"},"canonical":"https:\/\/www.meydan.tv\/az\/article\/ukraynada-muharibenin-cenubi-qafqazda-eks-sedasi\/","og_locale":"az_AZ","og_type":"article","og_title":"Ukraynada m\u00fcharib\u0259nin C\u0259nubi Qafqazda \u0259ks s\u0259das\u0131...\u00a0 - MEYDAN.TV","og_description":"D\u00f6vl\u0259tin r\u0259smi siyas\u0259tinin ictimai fikird\u0259n f\u0259rqli olmas\u0131 daha d\u00fczg\u00fcn say\u0131l\u0131rUzun ... Davam\u0131","og_url":"https:\/\/www.meydan.tv\/az\/article\/ukraynada-muharibenin-cenubi-qafqazda-eks-sedasi\/","og_site_name":"MEYDAN.TV","article_published_time":"2022-02-25T13:02:12+00:00","article_modified_time":"2022-02-25T13:02:14+00:00","og_image":[{"width":1169,"height":783,"url":"https:\/\/www.meydan.tv\/wp-content\/uploads\/image_from_ios-14.jpg","type":"image\/jpeg"}],"author":"elli","twitter_card":"summary_large_image","twitter_creator":"@elli","schema":{"@context":"https:\/\/schema.org","@graph":[{"@type":"Article","@id":"https:\/\/www.meydan.tv\/az\/article\/ukraynada-muharibenin-cenubi-qafqazda-eks-sedasi\/#article","isPartOf":{"@id":"https:\/\/www.meydan.tv\/az\/article\/ukraynada-muharibenin-cenubi-qafqazda-eks-sedasi\/"},"author":{"name":"elli","@id":"https:\/\/www.meydan.tv\/az\/#\/schema\/person\/9cdbecf90d17180ce1dfbd95b08dcf47"},"headline":"Ukraynada m\u00fcharib\u0259nin C\u0259nubi Qafqazda \u0259ks s\u0259das\u0131&#8230;\u00a0","datePublished":"2022-02-25T13:02:12+00:00","dateModified":"2022-02-25T13:02:14+00:00","mainEntityOfPage":{"@id":"https:\/\/www.meydan.tv\/az\/article\/ukraynada-muharibenin-cenubi-qafqazda-eks-sedasi\/"},"wordCount":1324,"publisher":{"@id":"https:\/\/www.meydan.tv\/az\/#organization"},"image":{"@id":"https:\/\/www.meydan.tv\/az\/article\/ukraynada-muharibenin-cenubi-qafqazda-eks-sedasi\/#primaryimage"},"thumbnailUrl":"https:\/\/www.meydan.tv\/wp-content\/uploads\/image_from_ios-14.jpg","articleSection":["M\u0259nim Fikrimc\u0259","X\u0259b\u0259rl\u0259r"],"inLanguage":"az"},{"@type":"WebPage","@id":"https:\/\/www.meydan.tv\/az\/article\/ukraynada-muharibenin-cenubi-qafqazda-eks-sedasi\/","url":"https:\/\/www.meydan.tv\/az\/article\/ukraynada-muharibenin-cenubi-qafqazda-eks-sedasi\/","name":"Ukraynada m\u00fcharib\u0259nin C\u0259nubi Qafqazda \u0259ks s\u0259das\u0131...\u00a0 - MEYDAN.TV","isPartOf":{"@id":"https:\/\/www.meydan.tv\/az\/#website"},"primaryImageOfPage":{"@id":"https:\/\/www.meydan.tv\/az\/article\/ukraynada-muharibenin-cenubi-qafqazda-eks-sedasi\/#primaryimage"},"image":{"@id":"https:\/\/www.meydan.tv\/az\/article\/ukraynada-muharibenin-cenubi-qafqazda-eks-sedasi\/#primaryimage"},"thumbnailUrl":"https:\/\/www.meydan.tv\/wp-content\/uploads\/image_from_ios-14.jpg","datePublished":"2022-02-25T13:02:12+00:00","dateModified":"2022-02-25T13:02:14+00:00","breadcrumb":{"@id":"https:\/\/www.meydan.tv\/az\/article\/ukraynada-muharibenin-cenubi-qafqazda-eks-sedasi\/#breadcrumb"},"inLanguage":"az","potentialAction":[{"@type":"ReadAction","target":["https:\/\/www.meydan.tv\/az\/article\/ukraynada-muharibenin-cenubi-qafqazda-eks-sedasi\/"]}]},{"@type":"ImageObject","inLanguage":"az","@id":"https:\/\/www.meydan.tv\/az\/article\/ukraynada-muharibenin-cenubi-qafqazda-eks-sedasi\/#primaryimage","url":"https:\/\/www.meydan.tv\/wp-content\/uploads\/image_from_ios-14.jpg","contentUrl":"https:\/\/www.meydan.tv\/wp-content\/uploads\/image_from_ios-14.jpg","width":1169,"height":783,"caption":"Kiyevd\u0259 k\u00fc\u00e7\u0259 d\u00f6y\u00fc\u015fl\u0259ri. Foto: Reuters"},{"@type":"BreadcrumbList","@id":"https:\/\/www.meydan.tv\/az\/article\/ukraynada-muharibenin-cenubi-qafqazda-eks-sedasi\/#breadcrumb","itemListElement":[{"@type":"ListItem","position":1,"name":"Ana s\u0259hif\u0259","item":"https:\/\/www.meydan.tv\/az\/"},{"@type":"ListItem","position":2,"name":"M\u0259nim Fikrimc\u0259","item":"https:\/\/www.meydan.tv\/az\/section\/menim-fikrimce\/"},{"@type":"ListItem","position":3,"name":"Ukraynada m\u00fcharib\u0259nin C\u0259nubi Qafqazda \u0259ks s\u0259das\u0131&#8230;\u00a0"}]},{"@type":"WebSite","@id":"https:\/\/www.meydan.tv\/az\/#website","url":"https:\/\/www.meydan.tv\/az\/","name":"MEYDAN.TV","description":"Meydan TV Az\u0259rbaycan\u0131n media m\u0259kan\u0131ndak\u0131 alternativ s\u0259sidir","publisher":{"@id":"https:\/\/www.meydan.tv\/az\/#organization"},"potentialAction":[{"@type":"SearchAction","target":{"@type":"EntryPoint","urlTemplate":"https:\/\/www.meydan.tv\/az\/?s={search_term_string}"},"query-input":{"@type":"PropertyValueSpecification","valueRequired":true,"valueName":"search_term_string"}}],"inLanguage":"az"},{"@type":"Organization","@id":"https:\/\/www.meydan.tv\/az\/#organization","name":"Meydan TV","url":"https:\/\/www.meydan.tv\/az\/","logo":{"@type":"ImageObject","inLanguage":"az","@id":"https:\/\/www.meydan.tv\/az\/#\/schema\/logo\/image\/","url":"https:\/\/www.meydan.tv\/wp-content\/uploads\/2021\/07\/meydan-logo.svg","contentUrl":"https:\/\/www.meydan.tv\/wp-content\/uploads\/2021\/07\/meydan-logo.svg","width":195,"height":46,"caption":"Meydan TV"},"image":{"@id":"https:\/\/www.meydan.tv\/az\/#\/schema\/logo\/image\/"}},{"@type":"Person","@id":"https:\/\/www.meydan.tv\/az\/#\/schema\/person\/9cdbecf90d17180ce1dfbd95b08dcf47","name":"elli","sameAs":["https:\/\/x.com\/elli"]}]}},"_links":{"self":[{"href":"https:\/\/www.meydan.tv\/az\/wp-json\/wp\/v2\/posts\/236032","targetHints":{"allow":["GET"]}}],"collection":[{"href":"https:\/\/www.meydan.tv\/az\/wp-json\/wp\/v2\/posts"}],"about":[{"href":"https:\/\/www.meydan.tv\/az\/wp-json\/wp\/v2\/types\/post"}],"author":[{"embeddable":true,"href":"https:\/\/www.meydan.tv\/az\/wp-json\/wp\/v2\/users\/8"}],"replies":[{"embeddable":true,"href":"https:\/\/www.meydan.tv\/az\/wp-json\/wp\/v2\/comments?post=236032"}],"version-history":[{"count":1,"href":"https:\/\/www.meydan.tv\/az\/wp-json\/wp\/v2\/posts\/236032\/revisions"}],"predecessor-version":[{"id":236033,"href":"https:\/\/www.meydan.tv\/az\/wp-json\/wp\/v2\/posts\/236032\/revisions\/236033"}],"wp:featuredmedia":[{"embeddable":true,"href":"https:\/\/www.meydan.tv\/az\/wp-json\/wp\/v2\/media\/236025"}],"wp:attachment":[{"href":"https:\/\/www.meydan.tv\/az\/wp-json\/wp\/v2\/media?parent=236032"}],"wp:term":[{"taxonomy":"category","embeddable":true,"href":"https:\/\/www.meydan.tv\/az\/wp-json\/wp\/v2\/categories?post=236032"},{"taxonomy":"post_tag","embeddable":true,"href":"https:\/\/www.meydan.tv\/az\/wp-json\/wp\/v2\/tags?post=236032"}],"curies":[{"name":"wp","href":"https:\/\/api.w.org\/{rel}","templated":true}]}}