{"id":236017,"date":"2022-02-25T16:28:58","date_gmt":"2022-02-25T12:28:58","guid":{"rendered":"https:\/\/www.meydan.tv\/?p=236017"},"modified":"2022-02-25T16:32:13","modified_gmt":"2022-02-25T12:32:13","slug":"zelenski-putini-danisiqlar-masasina-cagirib","status":"publish","type":"post","link":"https:\/\/www.meydan.tv\/az\/article\/zelenski-putini-danisiqlar-masasina-cagirib\/","title":{"rendered":"Zelenski Putini dan\u0131\u015f\u0131qlar masas\u0131na \u00e7a\u011f\u0131r\u0131b"},"content":{"rendered":"\n<p>\u201c<em>Avropal\u0131lara: sizi art\u0131q qazla \u015fantaj edibl\u0259r\u2026\u201d<\/em><\/p>\n\n\n\n<p>Ukraynan\u0131n Prezidenti Vladimir Zelenski insanlar\u0131n h\u0259lak olmas\u0131n\u0131 dayand\u0131rmaq \u00fc\u00e7\u00fcn Rusiya Federasiyas\u0131n\u0131n r\u0259hb\u0259ri Vladimir Putini dan\u0131\u015f\u0131qlar masas\u0131na \u00e7a\u011f\u0131r\u0131b.<\/p>\n\n\n\n<p>O, bu bar\u0259d\u0259 fevral\u0131n 25-d\u0259 g\u00fcnorta yay\u0131mlanan videomj\u00fcraci\u0259tind\u0259 deyib.<\/p>\n\n\n\n<p>\u201cRF prezidentin\u0259: \u00f6lk\u0259nin b\u00fct\u00fcn \u0259razisind\u0259 d\u00f6y\u00fc\u015fl\u0259r gedir. \u0130nsanlar\u0131n h\u0259lak olmas\u0131n\u0131 dayand\u0131rmaq \u00fc\u00e7\u00fcn g\u0259lin dan\u0131\u015f\u0131qlar masas\u0131na oturaq\u201d.<\/p>\n\n\n\n<p>Sonra is\u0259 Ukrayna h\u0259rbi q\u00fcvv\u0259l\u0259rin\u0259 m\u00fcraci\u0259t edib:<\/p>\n\n\n\n<p>\u201cM\u00f6hk\u0259m dayan\u0131n, siz bizim h\u0259r \u015feyimizsiniz, siz bizim d\u00f6vl\u0259timizi qoruyursunuz\u201d.<\/p>\n\n\n\n<p>Prezident qeyd edib ki, Rusiyan\u0131n Ukraynaya soxulmas\u0131 sad\u0259c\u0259 zorla girm\u0259k deyil, bu, Avropaya, Avropa Birliyin\u0259, Avropada \u0259n sad\u0259 insan h\u00fcquqlar\u0131na, qit\u0259d\u0259 birg\u0259 m\u00f6vcudlu\u011fun b\u00fct\u00fcn qaydalar\u0131na, h\u0259m\u00e7inin Avropa \u00f6lk\u0259l\u0259rinin s\u0259rh\u0259dl\u0259ri zorla b\u00f6lm\u0259kd\u0259n imtina etm\u0259sin\u0259 qar\u015f\u0131 m\u00fcharib\u0259nin ba\u015flamas\u0131d\u0131r.&nbsp;&nbsp;<\/p>\n\n\n\n<p>\u201cArt\u0131q ikinci g\u00fcnd\u00fcr ki, d\u00f6vl\u0259timizin \u015f\u0259h\u0259rl\u0259ri raket bombalar\u0131 z\u0259rb\u0259l\u0259rin\u0259 m\u0259ruz qal\u0131r, tank c\u0259rg\u0259l\u0259ri v\u0259 aviah\u00fccumlar Avropan\u0131n \u0130kinci D\u00fcnya m\u00fcharib\u0259si zaman\u0131 g\u00f6rd\u00fckl\u0259rin\u0259 v\u0259 \u201che\u00e7 vaxt yenid\u0259n\u201d s\u00f6yl\u0259dikl\u0259rin\u0259 maksimum d\u0259r\u0259c\u0259d\u0259 ox\u015fay\u0131r. Amma, budur, tarix t\u0259krarlan\u0131r. Yenid\u0259n t\u0259krarlan\u0131r. \u0130kinci D\u00fcnya m\u00fcharib\u0259sind\u0259n 75 il sonra\u201d, \u2013 prezident b\u0259yan edib.&nbsp;&nbsp;&nbsp;<\/p>\n\n\n\n<p>O, eyni zamanda qeyd edib ki, Ukrayna h\u0259l\u0259 ki Avropan\u0131n n\u0259 etm\u0259y\u0259 v\u0259 \u00f6z\u00fcn\u00fc nec\u0259 m\u00fcdafi\u0259 etm\u0259y\u0259 haz\u0131rla\u015fd\u0131\u011f\u0131n\u0131 g\u00f6rm\u00fcr.&nbsp;&nbsp;<\/p>\n\n\n\n<p>\u201cArt\u0131q n\u0259 ba\u015f verdikl\u0259rini sadalay\u0131ram: AB\u015e, Kanada, B\u00f6y\u00fck Britaniya, A\u0130, Avstraliya v\u0259 Yeni Zelandiya RF-na qar\u015f\u0131 sektoral sanksiyalar yeridib. Lakin Rusiya tanklar\u0131 h\u0259l\u0259 d\u0259 ya\u015fay\u0131\u015f evl\u0259rini bombalay\u0131r, h\u0259rbi texnika h\u0259l\u0259 d\u0259 h\u00fccumdad\u0131r, o c\u00fcml\u0259d\u0259n Ukraynan\u0131n adi v\u0259t\u0259nda\u015flar\u0131na h\u00fccum edilir\u201d, &#8211; Zelenski qeyd edib.&nbsp;<\/p>\n\n\n\n<p>O, Q\u0259rbd\u0259n rusiyal\u0131lar \u00fc\u00e7\u00fcn vizan\u0131 l\u0259\u011fv etm\u0259yi, RF-n\u0131 SWIFT sistemind\u0259n \u00e7\u0131xarma\u011f\u0131, onu tamamil\u0259 t\u0259crid etm\u0259yi, s\u0259firl\u0259ri geri \u00e7a\u011f\u0131rma\u011f\u0131 v\u0259 g\u00f6y \u00fcz\u00fcn\u00fc \u00f6rtm\u0259yi t\u0259l\u0259b edir.<\/p>\n\n\n\n<p>O qeyd edib ki, d\u00fcnyan\u0131n h\u0259r \u00f6lk\u0259sind\u0259 s\u0131ravi v\u0259t\u0259nda\u015flar \u015f\u0259h\u0259r meydanlar\u0131na \u00e7\u0131xaraq h\u0259r\u0259k\u0259t\u0259 ke\u00e7\u0259 bil\u0259rl\u0259r.&nbsp;&nbsp;<\/p>\n\n\n\n<p>\u201cAvropal\u0131lara: sizi art\u0131q qazla \u015fantaj edibl\u0259r, sizi art\u0131q al\u00e7ald\u0131blar v\u0259 b\u00f6lm\u0259k ist\u0259yirl\u0259r, nec\u0259 ki bu g\u00fcn Ukraynan\u0131 par\u00e7alamaq ist\u0259yirl\u0259r. \u00d6z\u00fcn\u00fcz\u00fc m\u00fcdafi\u0259 edin, nec\u0259 ki biz \u00f6z\u00fcm\u00fcz\u00fc m\u00fcdafi\u0259 edirik\u201d, \u2013 b\u0259yanatda deylir.<\/p>\n","protected":false},"excerpt":{"rendered":"<p>\u201cAvropal\u0131lara: sizi art\u0131q qazla \u015fantaj edibl\u0259r\u2026\u201d Ukraynan\u0131n Prezidenti Vladimir Zelenski &#8230; <\/p>\n<p class=\"read-more-container\"><a title=\"Zelenski Putini dan\u0131\u015f\u0131qlar masas\u0131na \u00e7a\u011f\u0131r\u0131b\" class=\"read-more button\" href=\"https:\/\/www.meydan.tv\/az\/article\/zelenski-putini-danisiqlar-masasina-cagirib\/#more-236017\" aria-label=\"Read more about Zelenski Putini dan\u0131\u015f\u0131qlar masas\u0131na \u00e7a\u011f\u0131r\u0131b\">Davam\u0131<\/a><\/p>\n","protected":false},"author":8,"featured_media":235809,"comment_status":"closed","ping_status":"closed","sticky":false,"template":"","format":"standard","meta":{"_acf_changed":false,"_sitemap_exclude":false,"_sitemap_priority":"","_sitemap_frequency":"","footnotes":""},"categories":[59,56],"tags":[],"class_list":["post-236017","post","type-post","status-publish","format-standard","has-post-thumbnail","hentry","category-siyaset","category-xeberler","infinite-scroll-item","generate-columns","tablet-grid-50","mobile-grid-100","grid-parent","grid-33","no-featured-image-padding"],"acf":[],"yoast_head":"<!-- This site is optimized with the Yoast SEO plugin v27.5 - https:\/\/yoast.com\/product\/yoast-seo-wordpress\/ -->\n<title>Zelenski Putini dan\u0131\u015f\u0131qlar masas\u0131na \u00e7a\u011f\u0131r\u0131b - MEYDAN.TV<\/title>\n<meta name=\"robots\" content=\"index, follow, max-snippet:-1, max-image-preview:large, max-video-preview:-1\" \/>\n<link rel=\"canonical\" href=\"https:\/\/www.meydan.tv\/az\/article\/zelenski-putini-danisiqlar-masasina-cagirib\/\" \/>\n<meta property=\"og:locale\" content=\"az_AZ\" \/>\n<meta property=\"og:type\" content=\"article\" \/>\n<meta property=\"og:title\" content=\"Zelenski Putini dan\u0131\u015f\u0131qlar masas\u0131na \u00e7a\u011f\u0131r\u0131b - MEYDAN.TV\" \/>\n<meta property=\"og:description\" content=\"\u201cAvropal\u0131lara: sizi art\u0131q qazla \u015fantaj edibl\u0259r\u2026\u201d Ukraynan\u0131n Prezidenti Vladimir Zelenski ... Davam\u0131\" \/>\n<meta property=\"og:url\" content=\"https:\/\/www.meydan.tv\/az\/article\/zelenski-putini-danisiqlar-masasina-cagirib\/\" \/>\n<meta property=\"og:site_name\" content=\"MEYDAN.TV\" \/>\n<meta property=\"article:published_time\" content=\"2022-02-25T12:28:58+00:00\" \/>\n<meta property=\"article:modified_time\" content=\"2022-02-25T12:32:13+00:00\" \/>\n<meta property=\"og:image\" content=\"https:\/\/www.meydan.tv\/wp-content\/uploads\/image_from_ios-1-6-scaled-e1645792325955.jpg\" \/>\n\t<meta property=\"og:image:width\" content=\"2560\" \/>\n\t<meta property=\"og:image:height\" content=\"1152\" \/>\n\t<meta property=\"og:image:type\" content=\"image\/jpeg\" \/>\n<meta name=\"author\" content=\"elli\" \/>\n<meta name=\"twitter:card\" content=\"summary_large_image\" \/>\n<meta name=\"twitter:creator\" content=\"@elli\" \/>\n<script type=\"application\/ld+json\" class=\"yoast-schema-graph\">{\"@context\":\"https:\\\/\\\/schema.org\",\"@graph\":[{\"@type\":\"Article\",\"@id\":\"https:\\\/\\\/www.meydan.tv\\\/az\\\/article\\\/zelenski-putini-danisiqlar-masasina-cagirib\\\/#article\",\"isPartOf\":{\"@id\":\"https:\\\/\\\/www.meydan.tv\\\/az\\\/article\\\/zelenski-putini-danisiqlar-masasina-cagirib\\\/\"},\"author\":{\"name\":\"elli\",\"@id\":\"https:\\\/\\\/www.meydan.tv\\\/az\\\/#\\\/schema\\\/person\\\/9cdbecf90d17180ce1dfbd95b08dcf47\"},\"headline\":\"Zelenski Putini dan\u0131\u015f\u0131qlar masas\u0131na \u00e7a\u011f\u0131r\u0131b\",\"datePublished\":\"2022-02-25T12:28:58+00:00\",\"dateModified\":\"2022-02-25T12:32:13+00:00\",\"mainEntityOfPage\":{\"@id\":\"https:\\\/\\\/www.meydan.tv\\\/az\\\/article\\\/zelenski-putini-danisiqlar-masasina-cagirib\\\/\"},\"wordCount\":495,\"publisher\":{\"@id\":\"https:\\\/\\\/www.meydan.tv\\\/az\\\/#organization\"},\"image\":{\"@id\":\"https:\\\/\\\/www.meydan.tv\\\/az\\\/article\\\/zelenski-putini-danisiqlar-masasina-cagirib\\\/#primaryimage\"},\"thumbnailUrl\":\"https:\\\/\\\/www.meydan.tv\\\/wp-content\\\/uploads\\\/image_from_ios-1-6-scaled-e1645792325955.jpg\",\"articleSection\":[\"Siyas\u0259t\",\"X\u0259b\u0259rl\u0259r\"],\"inLanguage\":\"az\"},{\"@type\":\"WebPage\",\"@id\":\"https:\\\/\\\/www.meydan.tv\\\/az\\\/article\\\/zelenski-putini-danisiqlar-masasina-cagirib\\\/\",\"url\":\"https:\\\/\\\/www.meydan.tv\\\/az\\\/article\\\/zelenski-putini-danisiqlar-masasina-cagirib\\\/\",\"name\":\"Zelenski Putini dan\u0131\u015f\u0131qlar masas\u0131na \u00e7a\u011f\u0131r\u0131b - MEYDAN.TV\",\"isPartOf\":{\"@id\":\"https:\\\/\\\/www.meydan.tv\\\/az\\\/#website\"},\"primaryImageOfPage\":{\"@id\":\"https:\\\/\\\/www.meydan.tv\\\/az\\\/article\\\/zelenski-putini-danisiqlar-masasina-cagirib\\\/#primaryimage\"},\"image\":{\"@id\":\"https:\\\/\\\/www.meydan.tv\\\/az\\\/article\\\/zelenski-putini-danisiqlar-masasina-cagirib\\\/#primaryimage\"},\"thumbnailUrl\":\"https:\\\/\\\/www.meydan.tv\\\/wp-content\\\/uploads\\\/image_from_ios-1-6-scaled-e1645792325955.jpg\",\"datePublished\":\"2022-02-25T12:28:58+00:00\",\"dateModified\":\"2022-02-25T12:32:13+00:00\",\"breadcrumb\":{\"@id\":\"https:\\\/\\\/www.meydan.tv\\\/az\\\/article\\\/zelenski-putini-danisiqlar-masasina-cagirib\\\/#breadcrumb\"},\"inLanguage\":\"az\",\"potentialAction\":[{\"@type\":\"ReadAction\",\"target\":[\"https:\\\/\\\/www.meydan.tv\\\/az\\\/article\\\/zelenski-putini-danisiqlar-masasina-cagirib\\\/\"]}]},{\"@type\":\"ImageObject\",\"inLanguage\":\"az\",\"@id\":\"https:\\\/\\\/www.meydan.tv\\\/az\\\/article\\\/zelenski-putini-danisiqlar-masasina-cagirib\\\/#primaryimage\",\"url\":\"https:\\\/\\\/www.meydan.tv\\\/wp-content\\\/uploads\\\/image_from_ios-1-6-scaled-e1645792325955.jpg\",\"contentUrl\":\"https:\\\/\\\/www.meydan.tv\\\/wp-content\\\/uploads\\\/image_from_ios-1-6-scaled-e1645792325955.jpg\",\"width\":2560,\"height\":1152,\"caption\":\"V.Zelenski v\u0259 V.Putin. Foto: Meydan TV\"},{\"@type\":\"BreadcrumbList\",\"@id\":\"https:\\\/\\\/www.meydan.tv\\\/az\\\/article\\\/zelenski-putini-danisiqlar-masasina-cagirib\\\/#breadcrumb\",\"itemListElement\":[{\"@type\":\"ListItem\",\"position\":1,\"name\":\"Ana s\u0259hif\u0259\",\"item\":\"https:\\\/\\\/www.meydan.tv\\\/az\\\/\"},{\"@type\":\"ListItem\",\"position\":2,\"name\":\"Siyas\u0259t\",\"item\":\"https:\\\/\\\/www.meydan.tv\\\/az\\\/section\\\/siyaset\\\/\"},{\"@type\":\"ListItem\",\"position\":3,\"name\":\"Zelenski Putini dan\u0131\u015f\u0131qlar masas\u0131na \u00e7a\u011f\u0131r\u0131b\"}]},{\"@type\":\"WebSite\",\"@id\":\"https:\\\/\\\/www.meydan.tv\\\/az\\\/#website\",\"url\":\"https:\\\/\\\/www.meydan.tv\\\/az\\\/\",\"name\":\"MEYDAN.TV\",\"description\":\"Meydan TV Az\u0259rbaycan\u0131n media m\u0259kan\u0131ndak\u0131 alternativ s\u0259sidir\",\"publisher\":{\"@id\":\"https:\\\/\\\/www.meydan.tv\\\/az\\\/#organization\"},\"potentialAction\":[{\"@type\":\"SearchAction\",\"target\":{\"@type\":\"EntryPoint\",\"urlTemplate\":\"https:\\\/\\\/www.meydan.tv\\\/az\\\/?s={search_term_string}\"},\"query-input\":{\"@type\":\"PropertyValueSpecification\",\"valueRequired\":true,\"valueName\":\"search_term_string\"}}],\"inLanguage\":\"az\"},{\"@type\":\"Organization\",\"@id\":\"https:\\\/\\\/www.meydan.tv\\\/az\\\/#organization\",\"name\":\"Meydan TV\",\"url\":\"https:\\\/\\\/www.meydan.tv\\\/az\\\/\",\"logo\":{\"@type\":\"ImageObject\",\"inLanguage\":\"az\",\"@id\":\"https:\\\/\\\/www.meydan.tv\\\/az\\\/#\\\/schema\\\/logo\\\/image\\\/\",\"url\":\"https:\\\/\\\/www.meydan.tv\\\/wp-content\\\/uploads\\\/2021\\\/07\\\/meydan-logo.svg\",\"contentUrl\":\"https:\\\/\\\/www.meydan.tv\\\/wp-content\\\/uploads\\\/2021\\\/07\\\/meydan-logo.svg\",\"width\":195,\"height\":46,\"caption\":\"Meydan TV\"},\"image\":{\"@id\":\"https:\\\/\\\/www.meydan.tv\\\/az\\\/#\\\/schema\\\/logo\\\/image\\\/\"}},{\"@type\":\"Person\",\"@id\":\"https:\\\/\\\/www.meydan.tv\\\/az\\\/#\\\/schema\\\/person\\\/9cdbecf90d17180ce1dfbd95b08dcf47\",\"name\":\"elli\",\"sameAs\":[\"https:\\\/\\\/x.com\\\/elli\"]}]}<\/script>\n<!-- \/ Yoast SEO plugin. -->","yoast_head_json":{"title":"Zelenski Putini dan\u0131\u015f\u0131qlar masas\u0131na \u00e7a\u011f\u0131r\u0131b - MEYDAN.TV","robots":{"index":"index","follow":"follow","max-snippet":"max-snippet:-1","max-image-preview":"max-image-preview:large","max-video-preview":"max-video-preview:-1"},"canonical":"https:\/\/www.meydan.tv\/az\/article\/zelenski-putini-danisiqlar-masasina-cagirib\/","og_locale":"az_AZ","og_type":"article","og_title":"Zelenski Putini dan\u0131\u015f\u0131qlar masas\u0131na \u00e7a\u011f\u0131r\u0131b - MEYDAN.TV","og_description":"\u201cAvropal\u0131lara: sizi art\u0131q qazla \u015fantaj edibl\u0259r\u2026\u201d Ukraynan\u0131n Prezidenti Vladimir Zelenski ... Davam\u0131","og_url":"https:\/\/www.meydan.tv\/az\/article\/zelenski-putini-danisiqlar-masasina-cagirib\/","og_site_name":"MEYDAN.TV","article_published_time":"2022-02-25T12:28:58+00:00","article_modified_time":"2022-02-25T12:32:13+00:00","og_image":[{"width":2560,"height":1152,"url":"https:\/\/www.meydan.tv\/wp-content\/uploads\/image_from_ios-1-6-scaled-e1645792325955.jpg","type":"image\/jpeg"}],"author":"elli","twitter_card":"summary_large_image","twitter_creator":"@elli","schema":{"@context":"https:\/\/schema.org","@graph":[{"@type":"Article","@id":"https:\/\/www.meydan.tv\/az\/article\/zelenski-putini-danisiqlar-masasina-cagirib\/#article","isPartOf":{"@id":"https:\/\/www.meydan.tv\/az\/article\/zelenski-putini-danisiqlar-masasina-cagirib\/"},"author":{"name":"elli","@id":"https:\/\/www.meydan.tv\/az\/#\/schema\/person\/9cdbecf90d17180ce1dfbd95b08dcf47"},"headline":"Zelenski Putini dan\u0131\u015f\u0131qlar masas\u0131na \u00e7a\u011f\u0131r\u0131b","datePublished":"2022-02-25T12:28:58+00:00","dateModified":"2022-02-25T12:32:13+00:00","mainEntityOfPage":{"@id":"https:\/\/www.meydan.tv\/az\/article\/zelenski-putini-danisiqlar-masasina-cagirib\/"},"wordCount":495,"publisher":{"@id":"https:\/\/www.meydan.tv\/az\/#organization"},"image":{"@id":"https:\/\/www.meydan.tv\/az\/article\/zelenski-putini-danisiqlar-masasina-cagirib\/#primaryimage"},"thumbnailUrl":"https:\/\/www.meydan.tv\/wp-content\/uploads\/image_from_ios-1-6-scaled-e1645792325955.jpg","articleSection":["Siyas\u0259t","X\u0259b\u0259rl\u0259r"],"inLanguage":"az"},{"@type":"WebPage","@id":"https:\/\/www.meydan.tv\/az\/article\/zelenski-putini-danisiqlar-masasina-cagirib\/","url":"https:\/\/www.meydan.tv\/az\/article\/zelenski-putini-danisiqlar-masasina-cagirib\/","name":"Zelenski Putini dan\u0131\u015f\u0131qlar masas\u0131na \u00e7a\u011f\u0131r\u0131b - MEYDAN.TV","isPartOf":{"@id":"https:\/\/www.meydan.tv\/az\/#website"},"primaryImageOfPage":{"@id":"https:\/\/www.meydan.tv\/az\/article\/zelenski-putini-danisiqlar-masasina-cagirib\/#primaryimage"},"image":{"@id":"https:\/\/www.meydan.tv\/az\/article\/zelenski-putini-danisiqlar-masasina-cagirib\/#primaryimage"},"thumbnailUrl":"https:\/\/www.meydan.tv\/wp-content\/uploads\/image_from_ios-1-6-scaled-e1645792325955.jpg","datePublished":"2022-02-25T12:28:58+00:00","dateModified":"2022-02-25T12:32:13+00:00","breadcrumb":{"@id":"https:\/\/www.meydan.tv\/az\/article\/zelenski-putini-danisiqlar-masasina-cagirib\/#breadcrumb"},"inLanguage":"az","potentialAction":[{"@type":"ReadAction","target":["https:\/\/www.meydan.tv\/az\/article\/zelenski-putini-danisiqlar-masasina-cagirib\/"]}]},{"@type":"ImageObject","inLanguage":"az","@id":"https:\/\/www.meydan.tv\/az\/article\/zelenski-putini-danisiqlar-masasina-cagirib\/#primaryimage","url":"https:\/\/www.meydan.tv\/wp-content\/uploads\/image_from_ios-1-6-scaled-e1645792325955.jpg","contentUrl":"https:\/\/www.meydan.tv\/wp-content\/uploads\/image_from_ios-1-6-scaled-e1645792325955.jpg","width":2560,"height":1152,"caption":"V.Zelenski v\u0259 V.Putin. Foto: Meydan TV"},{"@type":"BreadcrumbList","@id":"https:\/\/www.meydan.tv\/az\/article\/zelenski-putini-danisiqlar-masasina-cagirib\/#breadcrumb","itemListElement":[{"@type":"ListItem","position":1,"name":"Ana s\u0259hif\u0259","item":"https:\/\/www.meydan.tv\/az\/"},{"@type":"ListItem","position":2,"name":"Siyas\u0259t","item":"https:\/\/www.meydan.tv\/az\/section\/siyaset\/"},{"@type":"ListItem","position":3,"name":"Zelenski Putini dan\u0131\u015f\u0131qlar masas\u0131na \u00e7a\u011f\u0131r\u0131b"}]},{"@type":"WebSite","@id":"https:\/\/www.meydan.tv\/az\/#website","url":"https:\/\/www.meydan.tv\/az\/","name":"MEYDAN.TV","description":"Meydan TV Az\u0259rbaycan\u0131n media m\u0259kan\u0131ndak\u0131 alternativ s\u0259sidir","publisher":{"@id":"https:\/\/www.meydan.tv\/az\/#organization"},"potentialAction":[{"@type":"SearchAction","target":{"@type":"EntryPoint","urlTemplate":"https:\/\/www.meydan.tv\/az\/?s={search_term_string}"},"query-input":{"@type":"PropertyValueSpecification","valueRequired":true,"valueName":"search_term_string"}}],"inLanguage":"az"},{"@type":"Organization","@id":"https:\/\/www.meydan.tv\/az\/#organization","name":"Meydan TV","url":"https:\/\/www.meydan.tv\/az\/","logo":{"@type":"ImageObject","inLanguage":"az","@id":"https:\/\/www.meydan.tv\/az\/#\/schema\/logo\/image\/","url":"https:\/\/www.meydan.tv\/wp-content\/uploads\/2021\/07\/meydan-logo.svg","contentUrl":"https:\/\/www.meydan.tv\/wp-content\/uploads\/2021\/07\/meydan-logo.svg","width":195,"height":46,"caption":"Meydan TV"},"image":{"@id":"https:\/\/www.meydan.tv\/az\/#\/schema\/logo\/image\/"}},{"@type":"Person","@id":"https:\/\/www.meydan.tv\/az\/#\/schema\/person\/9cdbecf90d17180ce1dfbd95b08dcf47","name":"elli","sameAs":["https:\/\/x.com\/elli"]}]}},"_links":{"self":[{"href":"https:\/\/www.meydan.tv\/az\/wp-json\/wp\/v2\/posts\/236017","targetHints":{"allow":["GET"]}}],"collection":[{"href":"https:\/\/www.meydan.tv\/az\/wp-json\/wp\/v2\/posts"}],"about":[{"href":"https:\/\/www.meydan.tv\/az\/wp-json\/wp\/v2\/types\/post"}],"author":[{"embeddable":true,"href":"https:\/\/www.meydan.tv\/az\/wp-json\/wp\/v2\/users\/8"}],"replies":[{"embeddable":true,"href":"https:\/\/www.meydan.tv\/az\/wp-json\/wp\/v2\/comments?post=236017"}],"version-history":[{"count":2,"href":"https:\/\/www.meydan.tv\/az\/wp-json\/wp\/v2\/posts\/236017\/revisions"}],"predecessor-version":[{"id":236020,"href":"https:\/\/www.meydan.tv\/az\/wp-json\/wp\/v2\/posts\/236017\/revisions\/236020"}],"wp:featuredmedia":[{"embeddable":true,"href":"https:\/\/www.meydan.tv\/az\/wp-json\/wp\/v2\/media\/235809"}],"wp:attachment":[{"href":"https:\/\/www.meydan.tv\/az\/wp-json\/wp\/v2\/media?parent=236017"}],"wp:term":[{"taxonomy":"category","embeddable":true,"href":"https:\/\/www.meydan.tv\/az\/wp-json\/wp\/v2\/categories?post=236017"},{"taxonomy":"post_tag","embeddable":true,"href":"https:\/\/www.meydan.tv\/az\/wp-json\/wp\/v2\/tags?post=236017"}],"curies":[{"name":"wp","href":"https:\/\/api.w.org\/{rel}","templated":true}]}}