{"id":235970,"date":"2022-02-25T15:55:01","date_gmt":"2022-02-25T11:55:01","guid":{"rendered":"https:\/\/www.meydan.tv\/?p=235970"},"modified":"2022-02-25T15:55:06","modified_gmt":"2022-02-25T11:55:06","slug":"d18-herekati-ukraynaya-destek-aksiyasi-kecirib","status":"publish","type":"post","link":"https:\/\/www.meydan.tv\/az\/article\/d18-herekati-ukraynaya-destek-aksiyasi-kecirib\/","title":{"rendered":"D18 H\u0259r\u0259kat\u0131 Ukraynaya d\u0259st\u0259k aksiyas\u0131 ke\u00e7irib"},"content":{"rendered":"\n<p><em>&#8220;Rusiya d\u0259rhal qo\u015funlar\u0131n\u0131 Ukrayna \u0259razisind\u0259n \u00e7\u0259km\u0259lidir&#8221;<\/em><\/p>\n\n\n\n<p>Fevral\u0131n 25-d\u0259 D18 H\u0259r\u0259kat\u0131n\u0131n \u00fczvl\u0259ri Bak\u0131dak\u0131 Ukrayna S\u0259firliyi \u00f6n\u00fcnd\u0259 Ukraynaya d\u0259st\u0259k aksiyas\u0131 <a href=\"http:\/\/Fevral\u0131n 25-d\u0259 D18 H\u0259r\u0259kat\u0131n\u0131n \u00fczvl\u0259ri Bak\u0131dak\u0131 Ukrayna S\u0259firliyi \u00f6n\u00fcnd\u0259 Ukraynaya d\u0259st\u0259k aksiyas\u0131 ke\u00e7irib (https:\/\/www.facebook.com\/MeydanTelevision\/videos\/2228615960627080).\" target=\"_blank\" rel=\"noreferrer noopener\">ke\u00e7irib<\/a>.<\/p>\n\n\n\n<p>Aksiya t\u0259\u015fkilat\u00e7\u0131lar\u0131 bildiribl\u0259r ki, Rusiyan\u0131n Ukraynaya m\u00fcdaxil\u0259si yolverilm\u0259zdir v\u0259 he\u00e7 bir h\u00fcquqa \u0259saslanm\u0131r: \u201cBiz Rusiyan\u0131n i\u015f\u011fal\u00e7\u0131 siyas\u0259ti il\u0259 ba\u011fl\u0131 b\u0259yanat haz\u0131rlam\u0131\u015f\u0131q. Q\u0259rara g\u0259lmi\u015fik ki, dost v\u0259 qarda\u015f Ukraynaya d\u0259st\u0259k olaq\u201d.<\/p>\n\n\n\n<p>Aksiyan\u0131n b\u0259yanat\u0131nda bildirilir ki, D18 H\u0259r\u0259kat\u0131 Rusiyan\u0131n Ukraynan\u0131n \u0259razi b\u00fct\u00f6vl\u00fcy\u00fc v\u0259 suverenliyin\u0259 m\u00fcdaxil\u0259sin\u0259 qar\u015f\u0131d\u0131r: \u201cRusiya Ukraynan\u0131n \u0259razi b\u00fct\u00f6vl\u00fcy\u00fcn\u0259 q\u0259sd edib. A\u00e7\u0131q m\u00fcharib\u0259y\u0259 ba\u015flay\u0131b. \u018fvv\u0259lc\u0259 qondarma Donetsk v\u0259 Luqans \u201crespublikalar\u0131\u201dn\u0131n m\u00fcst\u0259qilliyini tan\u0131d\u0131. Bununla da i\u015f\u011fal\u00e7\u0131 siyas\u0259tin\u0259 start verdi. \u00dcmumiyy\u0259tl\u0259, Rusiya daim qon\u015fulu\u011fundak\u0131 d\u00f6vl\u0259tl\u0259r\u0259 qar\u015f\u0131 i\u015f\u011fal\u00e7\u0131 m\u00f6vqed\u0259 olub. Bir ne\u00e7\u0259 il \u00f6nc\u0259 qon\u015fu v\u0259 qarda\u015f G\u00fcrc\u00fcstan\u0131n torpaqlar\u0131n\u0131 da i\u015f\u011fal edib. Bizl\u0259r imperialist g\u00fccl\u0259r\u0259 qar\u015f\u0131 birl\u0259\u015fm\u0259liyik v\u0259 onlar\u0131n suverenliyimiz\u0259 m\u00fcdaxil\u0259 etm\u0259sin\u0259 imkan verm\u0259m\u0259liyik\u201d.<\/p>\n\n\n\n<p>S\u0259sl\u0259n\u0259n b\u0259yanatda daha sonra vur\u011fulan\u0131b ki, Rusiya d\u0259rhal qo\u015funlar\u0131n\u0131 Ukrayna \u0259razisind\u0259n \u00e7\u0259km\u0259lidir: \u201cUkraynan\u0131n \u0259razi b\u00fct\u00f6vl\u00fcy\u00fcn\u00fc tan\u0131mal\u0131d\u0131r. Ukrayna haz\u0131rda \u0259razi b\u00fct\u00f6vl\u00fcy\u00fc u\u011frunda m\u00fcbariz\u0259 apar\u0131r. Biz Ukrayna xalq\u0131 il\u0259 h\u0259mr\u0259yik v\u0259 onlara d\u0259st\u0259yik\u201d.<\/p>\n\n\n\n<p>Daha sonra i\u015ftirak\u00e7\u0131lar \u201cSlava Ukraine\u201d (\u201cUkraynaya z\u0259f\u0259r\u201d) \u015f\u00fcar\u0131 s\u0259sl\u0259ndiribl\u0259r.<\/p>\n\n\n\n<p>Aksiyaya h\u0259r hans\u0131 m\u00fcdaxil\u0259 ba\u015f verm\u0259yib. \u0130\u015ftirak\u00e7\u0131lar sonda b\u0259yanatlar\u0131n\u0131 Ukrayna S\u0259firliyin\u0259 t\u0259qdim edibl\u0259r.<\/p>\n\n\n\n<p>Sonda is\u0259 i\u015ftirak\u00e7\u0131lar \u201cya\u015fas\u0131n azad v\u0259 demokratik Ukrayna\u201d \u015f\u00fcar\u0131 il\u0259 aksiyan\u0131 bitiribl\u0259r.<\/p>\n\n\n\n<p>Fevral\u0131n 24-d\u0259 Rusiya Prezidenti Vladimir Putin Ukrayna \u00fcz\u0259rin\u0259 \u201cx\u00fcsusi \u0259m\u0259liyyat\u201d \u0259mri verib.<\/p>\n\n\n\n<p>Bunu beyn\u0259lxalq h\u00fcququn pozulmas\u0131 kimi d\u0259y\u0259rl\u0259ndir\u0259n bir s\u0131ra \u00f6lk\u0259l\u0259r Rusiyaya qar\u015f\u0131 sanksiyalar t\u0259tbiq edibl\u0259r.<\/p>\n\n\n\n<p>H\u0259m\u00e7inin b\u0259zi \u00f6lk\u0259l\u0259rd\u0259 Ukraynaya d\u0259st\u0259k aksiyalar\u0131 t\u0259\u015fkil edilib.<\/p>\n\n\n\n<p>Az\u0259rbaycan\u0131n paytaxt\u0131 <a href=\"https:\/\/www.meydan.tv\/az\/article\/gencler-azerbaycandaki-rusiya-sefirliyi-onunde-etiraz-edib\/\" target=\"_blank\" rel=\"noreferrer noopener\">Bak\u0131da<\/a>, G\u00fcrc\u00fcstan\u0131n Tbilisi, <a href=\"https:\/\/www.meydan.tv\/az\/article\/gurcustanda-ukraynaya-destek-aksiyasi-kecirilib\/\" target=\"_blank\" rel=\"noreferrer noopener\">Batumi<\/a> v\u0259 dig\u0259r b\u00f6y\u00fck \u015f\u0259h\u0259rl\u0259rind\u0259, Almaniyada, B\u00f6y\u00fck Britaniyada, \u00c7exiya <a href=\"http:\/\/Az\u0259rbaycan\u0131n paytaxt\u0131 Bak\u0131da, G\u00fcrc\u00fcstan\u0131n Tbilisi, Batumi v\u0259 dig\u0259r b\u00f6y\u00fck \u015f\u0259h\u0259rl\u0259rind\u0259, Almaniyada, B\u00f6y\u00fck Britaniyada, \u00c7exiya Respublikas\u0131nda (https:\/\/www.meydan.tv\/az\/article\/cexiya-prezidenti-putini-deli-adlandirib\/) v\u0259 n\u0259hay\u0259t, Rusiyan\u0131n Moskva, Sankt Pterburq kimi b\u00f6y\u00fck \u015f\u0259h\u0259rl\u0259rind\u0259 d\u0259 insanlar k\u00fc\u00e7\u0259l\u0259r\u0259 \u00e7\u0131x\u0131b.\" target=\"_blank\" rel=\"noreferrer noopener\">Respublikas\u0131<\/a>nda v\u0259 n\u0259hay\u0259t, Rusiyan\u0131n Moskva, Sankt-Peterburq kimi b\u00f6y\u00fck \u015f\u0259h\u0259rl\u0259rind\u0259 d\u0259 insanlar k\u00fc\u00e7\u0259l\u0259r\u0259 \u00e7\u0131x\u0131b.<\/p>\n\n\n\n<p>Onlar Ukraynaya d\u0259st\u0259kl\u0259rini, m\u00fcharib\u0259 ist\u0259m\u0259dikl\u0259rini ifad\u0259 <a href=\"https:\/\/www.meydan.tv\/az\/article\/ukrayna-ehalisi-polsa-ruminiya-macaristan-ve-slovakiyaya-axisir\/\" target=\"_blank\" rel=\"noreferrer noopener\">edibl\u0259r<\/a>.<\/p>\n","protected":false},"excerpt":{"rendered":"<p>&#8220;Rusiya d\u0259rhal qo\u015funlar\u0131n\u0131 Ukrayna \u0259razisind\u0259n \u00e7\u0259km\u0259lidir&#8221; Fevral\u0131n 25-d\u0259 D18 H\u0259r\u0259kat\u0131n\u0131n &#8230; <\/p>\n<p class=\"read-more-container\"><a title=\"D18 H\u0259r\u0259kat\u0131 Ukraynaya d\u0259st\u0259k aksiyas\u0131 ke\u00e7irib\" class=\"read-more button\" href=\"https:\/\/www.meydan.tv\/az\/article\/d18-herekati-ukraynaya-destek-aksiyasi-kecirib\/#more-235970\" aria-label=\"Read more about D18 H\u0259r\u0259kat\u0131 Ukraynaya d\u0259st\u0259k aksiyas\u0131 ke\u00e7irib\">Davam\u0131<\/a><\/p>\n","protected":false},"author":8,"featured_media":235975,"comment_status":"closed","ping_status":"closed","sticky":false,"template":"","format":"standard","meta":{"_acf_changed":false,"_sitemap_exclude":false,"_sitemap_priority":"","_sitemap_frequency":"","footnotes":""},"categories":[59,56],"tags":[],"class_list":["post-235970","post","type-post","status-publish","format-standard","has-post-thumbnail","hentry","category-siyaset","category-xeberler","infinite-scroll-item","generate-columns","tablet-grid-50","mobile-grid-100","grid-parent","grid-33","no-featured-image-padding"],"acf":[],"yoast_head":"<!-- This site is optimized with the Yoast SEO plugin v27.5 - https:\/\/yoast.com\/product\/yoast-seo-wordpress\/ -->\n<title>D18 H\u0259r\u0259kat\u0131 Ukraynaya d\u0259st\u0259k aksiyas\u0131 ke\u00e7irib - MEYDAN.TV<\/title>\n<meta name=\"robots\" content=\"index, follow, max-snippet:-1, max-image-preview:large, max-video-preview:-1\" \/>\n<link rel=\"canonical\" href=\"https:\/\/www.meydan.tv\/az\/article\/d18-herekati-ukraynaya-destek-aksiyasi-kecirib\/\" \/>\n<meta property=\"og:locale\" content=\"az_AZ\" \/>\n<meta property=\"og:type\" content=\"article\" \/>\n<meta property=\"og:title\" content=\"D18 H\u0259r\u0259kat\u0131 Ukraynaya d\u0259st\u0259k aksiyas\u0131 ke\u00e7irib - MEYDAN.TV\" \/>\n<meta property=\"og:description\" content=\"&#8220;Rusiya d\u0259rhal qo\u015funlar\u0131n\u0131 Ukrayna \u0259razisind\u0259n \u00e7\u0259km\u0259lidir&#8221; Fevral\u0131n 25-d\u0259 D18 H\u0259r\u0259kat\u0131n\u0131n ... Davam\u0131\" \/>\n<meta property=\"og:url\" content=\"https:\/\/www.meydan.tv\/az\/article\/d18-herekati-ukraynaya-destek-aksiyasi-kecirib\/\" \/>\n<meta property=\"og:site_name\" content=\"MEYDAN.TV\" \/>\n<meta property=\"article:published_time\" content=\"2022-02-25T11:55:01+00:00\" \/>\n<meta property=\"article:modified_time\" content=\"2022-02-25T11:55:06+00:00\" \/>\n<meta property=\"og:image\" content=\"https:\/\/www.meydan.tv\/wp-content\/uploads\/500662.jpg\" \/>\n\t<meta property=\"og:image:width\" content=\"800\" \/>\n\t<meta property=\"og:image:height\" content=\"600\" \/>\n\t<meta property=\"og:image:type\" content=\"image\/jpeg\" \/>\n<meta name=\"author\" content=\"elli\" \/>\n<meta name=\"twitter:card\" content=\"summary_large_image\" \/>\n<meta name=\"twitter:creator\" content=\"@elli\" \/>\n<script type=\"application\/ld+json\" class=\"yoast-schema-graph\">{\"@context\":\"https:\\\/\\\/schema.org\",\"@graph\":[{\"@type\":\"Article\",\"@id\":\"https:\\\/\\\/www.meydan.tv\\\/az\\\/article\\\/d18-herekati-ukraynaya-destek-aksiyasi-kecirib\\\/#article\",\"isPartOf\":{\"@id\":\"https:\\\/\\\/www.meydan.tv\\\/az\\\/article\\\/d18-herekati-ukraynaya-destek-aksiyasi-kecirib\\\/\"},\"author\":{\"name\":\"elli\",\"@id\":\"https:\\\/\\\/www.meydan.tv\\\/az\\\/#\\\/schema\\\/person\\\/9cdbecf90d17180ce1dfbd95b08dcf47\"},\"headline\":\"D18 H\u0259r\u0259kat\u0131 Ukraynaya d\u0259st\u0259k aksiyas\u0131 ke\u00e7irib\",\"datePublished\":\"2022-02-25T11:55:01+00:00\",\"dateModified\":\"2022-02-25T11:55:06+00:00\",\"mainEntityOfPage\":{\"@id\":\"https:\\\/\\\/www.meydan.tv\\\/az\\\/article\\\/d18-herekati-ukraynaya-destek-aksiyasi-kecirib\\\/\"},\"wordCount\":464,\"publisher\":{\"@id\":\"https:\\\/\\\/www.meydan.tv\\\/az\\\/#organization\"},\"image\":{\"@id\":\"https:\\\/\\\/www.meydan.tv\\\/az\\\/article\\\/d18-herekati-ukraynaya-destek-aksiyasi-kecirib\\\/#primaryimage\"},\"thumbnailUrl\":\"https:\\\/\\\/www.meydan.tv\\\/wp-content\\\/uploads\\\/500662.jpg\",\"articleSection\":[\"Siyas\u0259t\",\"X\u0259b\u0259rl\u0259r\"],\"inLanguage\":\"az\"},{\"@type\":\"WebPage\",\"@id\":\"https:\\\/\\\/www.meydan.tv\\\/az\\\/article\\\/d18-herekati-ukraynaya-destek-aksiyasi-kecirib\\\/\",\"url\":\"https:\\\/\\\/www.meydan.tv\\\/az\\\/article\\\/d18-herekati-ukraynaya-destek-aksiyasi-kecirib\\\/\",\"name\":\"D18 H\u0259r\u0259kat\u0131 Ukraynaya d\u0259st\u0259k aksiyas\u0131 ke\u00e7irib - MEYDAN.TV\",\"isPartOf\":{\"@id\":\"https:\\\/\\\/www.meydan.tv\\\/az\\\/#website\"},\"primaryImageOfPage\":{\"@id\":\"https:\\\/\\\/www.meydan.tv\\\/az\\\/article\\\/d18-herekati-ukraynaya-destek-aksiyasi-kecirib\\\/#primaryimage\"},\"image\":{\"@id\":\"https:\\\/\\\/www.meydan.tv\\\/az\\\/article\\\/d18-herekati-ukraynaya-destek-aksiyasi-kecirib\\\/#primaryimage\"},\"thumbnailUrl\":\"https:\\\/\\\/www.meydan.tv\\\/wp-content\\\/uploads\\\/500662.jpg\",\"datePublished\":\"2022-02-25T11:55:01+00:00\",\"dateModified\":\"2022-02-25T11:55:06+00:00\",\"breadcrumb\":{\"@id\":\"https:\\\/\\\/www.meydan.tv\\\/az\\\/article\\\/d18-herekati-ukraynaya-destek-aksiyasi-kecirib\\\/#breadcrumb\"},\"inLanguage\":\"az\",\"potentialAction\":[{\"@type\":\"ReadAction\",\"target\":[\"https:\\\/\\\/www.meydan.tv\\\/az\\\/article\\\/d18-herekati-ukraynaya-destek-aksiyasi-kecirib\\\/\"]}]},{\"@type\":\"ImageObject\",\"inLanguage\":\"az\",\"@id\":\"https:\\\/\\\/www.meydan.tv\\\/az\\\/article\\\/d18-herekati-ukraynaya-destek-aksiyasi-kecirib\\\/#primaryimage\",\"url\":\"https:\\\/\\\/www.meydan.tv\\\/wp-content\\\/uploads\\\/500662.jpg\",\"contentUrl\":\"https:\\\/\\\/www.meydan.tv\\\/wp-content\\\/uploads\\\/500662.jpg\",\"width\":800,\"height\":600,\"caption\":\"M\u0259nb\u0259: https:\\\/\\\/news.milli.az\\\/\"},{\"@type\":\"BreadcrumbList\",\"@id\":\"https:\\\/\\\/www.meydan.tv\\\/az\\\/article\\\/d18-herekati-ukraynaya-destek-aksiyasi-kecirib\\\/#breadcrumb\",\"itemListElement\":[{\"@type\":\"ListItem\",\"position\":1,\"name\":\"Ana s\u0259hif\u0259\",\"item\":\"https:\\\/\\\/www.meydan.tv\\\/az\\\/\"},{\"@type\":\"ListItem\",\"position\":2,\"name\":\"Siyas\u0259t\",\"item\":\"https:\\\/\\\/www.meydan.tv\\\/az\\\/section\\\/siyaset\\\/\"},{\"@type\":\"ListItem\",\"position\":3,\"name\":\"D18 H\u0259r\u0259kat\u0131 Ukraynaya d\u0259st\u0259k aksiyas\u0131 ke\u00e7irib\"}]},{\"@type\":\"WebSite\",\"@id\":\"https:\\\/\\\/www.meydan.tv\\\/az\\\/#website\",\"url\":\"https:\\\/\\\/www.meydan.tv\\\/az\\\/\",\"name\":\"MEYDAN.TV\",\"description\":\"Meydan TV Az\u0259rbaycan\u0131n media m\u0259kan\u0131ndak\u0131 alternativ s\u0259sidir\",\"publisher\":{\"@id\":\"https:\\\/\\\/www.meydan.tv\\\/az\\\/#organization\"},\"potentialAction\":[{\"@type\":\"SearchAction\",\"target\":{\"@type\":\"EntryPoint\",\"urlTemplate\":\"https:\\\/\\\/www.meydan.tv\\\/az\\\/?s={search_term_string}\"},\"query-input\":{\"@type\":\"PropertyValueSpecification\",\"valueRequired\":true,\"valueName\":\"search_term_string\"}}],\"inLanguage\":\"az\"},{\"@type\":\"Organization\",\"@id\":\"https:\\\/\\\/www.meydan.tv\\\/az\\\/#organization\",\"name\":\"Meydan TV\",\"url\":\"https:\\\/\\\/www.meydan.tv\\\/az\\\/\",\"logo\":{\"@type\":\"ImageObject\",\"inLanguage\":\"az\",\"@id\":\"https:\\\/\\\/www.meydan.tv\\\/az\\\/#\\\/schema\\\/logo\\\/image\\\/\",\"url\":\"https:\\\/\\\/www.meydan.tv\\\/wp-content\\\/uploads\\\/2021\\\/07\\\/meydan-logo.svg\",\"contentUrl\":\"https:\\\/\\\/www.meydan.tv\\\/wp-content\\\/uploads\\\/2021\\\/07\\\/meydan-logo.svg\",\"width\":195,\"height\":46,\"caption\":\"Meydan TV\"},\"image\":{\"@id\":\"https:\\\/\\\/www.meydan.tv\\\/az\\\/#\\\/schema\\\/logo\\\/image\\\/\"}},{\"@type\":\"Person\",\"@id\":\"https:\\\/\\\/www.meydan.tv\\\/az\\\/#\\\/schema\\\/person\\\/9cdbecf90d17180ce1dfbd95b08dcf47\",\"name\":\"elli\",\"sameAs\":[\"https:\\\/\\\/x.com\\\/elli\"]}]}<\/script>\n<!-- \/ Yoast SEO plugin. -->","yoast_head_json":{"title":"D18 H\u0259r\u0259kat\u0131 Ukraynaya d\u0259st\u0259k aksiyas\u0131 ke\u00e7irib - MEYDAN.TV","robots":{"index":"index","follow":"follow","max-snippet":"max-snippet:-1","max-image-preview":"max-image-preview:large","max-video-preview":"max-video-preview:-1"},"canonical":"https:\/\/www.meydan.tv\/az\/article\/d18-herekati-ukraynaya-destek-aksiyasi-kecirib\/","og_locale":"az_AZ","og_type":"article","og_title":"D18 H\u0259r\u0259kat\u0131 Ukraynaya d\u0259st\u0259k aksiyas\u0131 ke\u00e7irib - MEYDAN.TV","og_description":"&#8220;Rusiya d\u0259rhal qo\u015funlar\u0131n\u0131 Ukrayna \u0259razisind\u0259n \u00e7\u0259km\u0259lidir&#8221; Fevral\u0131n 25-d\u0259 D18 H\u0259r\u0259kat\u0131n\u0131n ... Davam\u0131","og_url":"https:\/\/www.meydan.tv\/az\/article\/d18-herekati-ukraynaya-destek-aksiyasi-kecirib\/","og_site_name":"MEYDAN.TV","article_published_time":"2022-02-25T11:55:01+00:00","article_modified_time":"2022-02-25T11:55:06+00:00","og_image":[{"width":800,"height":600,"url":"https:\/\/www.meydan.tv\/wp-content\/uploads\/500662.jpg","type":"image\/jpeg"}],"author":"elli","twitter_card":"summary_large_image","twitter_creator":"@elli","schema":{"@context":"https:\/\/schema.org","@graph":[{"@type":"Article","@id":"https:\/\/www.meydan.tv\/az\/article\/d18-herekati-ukraynaya-destek-aksiyasi-kecirib\/#article","isPartOf":{"@id":"https:\/\/www.meydan.tv\/az\/article\/d18-herekati-ukraynaya-destek-aksiyasi-kecirib\/"},"author":{"name":"elli","@id":"https:\/\/www.meydan.tv\/az\/#\/schema\/person\/9cdbecf90d17180ce1dfbd95b08dcf47"},"headline":"D18 H\u0259r\u0259kat\u0131 Ukraynaya d\u0259st\u0259k aksiyas\u0131 ke\u00e7irib","datePublished":"2022-02-25T11:55:01+00:00","dateModified":"2022-02-25T11:55:06+00:00","mainEntityOfPage":{"@id":"https:\/\/www.meydan.tv\/az\/article\/d18-herekati-ukraynaya-destek-aksiyasi-kecirib\/"},"wordCount":464,"publisher":{"@id":"https:\/\/www.meydan.tv\/az\/#organization"},"image":{"@id":"https:\/\/www.meydan.tv\/az\/article\/d18-herekati-ukraynaya-destek-aksiyasi-kecirib\/#primaryimage"},"thumbnailUrl":"https:\/\/www.meydan.tv\/wp-content\/uploads\/500662.jpg","articleSection":["Siyas\u0259t","X\u0259b\u0259rl\u0259r"],"inLanguage":"az"},{"@type":"WebPage","@id":"https:\/\/www.meydan.tv\/az\/article\/d18-herekati-ukraynaya-destek-aksiyasi-kecirib\/","url":"https:\/\/www.meydan.tv\/az\/article\/d18-herekati-ukraynaya-destek-aksiyasi-kecirib\/","name":"D18 H\u0259r\u0259kat\u0131 Ukraynaya d\u0259st\u0259k aksiyas\u0131 ke\u00e7irib - MEYDAN.TV","isPartOf":{"@id":"https:\/\/www.meydan.tv\/az\/#website"},"primaryImageOfPage":{"@id":"https:\/\/www.meydan.tv\/az\/article\/d18-herekati-ukraynaya-destek-aksiyasi-kecirib\/#primaryimage"},"image":{"@id":"https:\/\/www.meydan.tv\/az\/article\/d18-herekati-ukraynaya-destek-aksiyasi-kecirib\/#primaryimage"},"thumbnailUrl":"https:\/\/www.meydan.tv\/wp-content\/uploads\/500662.jpg","datePublished":"2022-02-25T11:55:01+00:00","dateModified":"2022-02-25T11:55:06+00:00","breadcrumb":{"@id":"https:\/\/www.meydan.tv\/az\/article\/d18-herekati-ukraynaya-destek-aksiyasi-kecirib\/#breadcrumb"},"inLanguage":"az","potentialAction":[{"@type":"ReadAction","target":["https:\/\/www.meydan.tv\/az\/article\/d18-herekati-ukraynaya-destek-aksiyasi-kecirib\/"]}]},{"@type":"ImageObject","inLanguage":"az","@id":"https:\/\/www.meydan.tv\/az\/article\/d18-herekati-ukraynaya-destek-aksiyasi-kecirib\/#primaryimage","url":"https:\/\/www.meydan.tv\/wp-content\/uploads\/500662.jpg","contentUrl":"https:\/\/www.meydan.tv\/wp-content\/uploads\/500662.jpg","width":800,"height":600,"caption":"M\u0259nb\u0259: https:\/\/news.milli.az\/"},{"@type":"BreadcrumbList","@id":"https:\/\/www.meydan.tv\/az\/article\/d18-herekati-ukraynaya-destek-aksiyasi-kecirib\/#breadcrumb","itemListElement":[{"@type":"ListItem","position":1,"name":"Ana s\u0259hif\u0259","item":"https:\/\/www.meydan.tv\/az\/"},{"@type":"ListItem","position":2,"name":"Siyas\u0259t","item":"https:\/\/www.meydan.tv\/az\/section\/siyaset\/"},{"@type":"ListItem","position":3,"name":"D18 H\u0259r\u0259kat\u0131 Ukraynaya d\u0259st\u0259k aksiyas\u0131 ke\u00e7irib"}]},{"@type":"WebSite","@id":"https:\/\/www.meydan.tv\/az\/#website","url":"https:\/\/www.meydan.tv\/az\/","name":"MEYDAN.TV","description":"Meydan TV Az\u0259rbaycan\u0131n media m\u0259kan\u0131ndak\u0131 alternativ s\u0259sidir","publisher":{"@id":"https:\/\/www.meydan.tv\/az\/#organization"},"potentialAction":[{"@type":"SearchAction","target":{"@type":"EntryPoint","urlTemplate":"https:\/\/www.meydan.tv\/az\/?s={search_term_string}"},"query-input":{"@type":"PropertyValueSpecification","valueRequired":true,"valueName":"search_term_string"}}],"inLanguage":"az"},{"@type":"Organization","@id":"https:\/\/www.meydan.tv\/az\/#organization","name":"Meydan TV","url":"https:\/\/www.meydan.tv\/az\/","logo":{"@type":"ImageObject","inLanguage":"az","@id":"https:\/\/www.meydan.tv\/az\/#\/schema\/logo\/image\/","url":"https:\/\/www.meydan.tv\/wp-content\/uploads\/2021\/07\/meydan-logo.svg","contentUrl":"https:\/\/www.meydan.tv\/wp-content\/uploads\/2021\/07\/meydan-logo.svg","width":195,"height":46,"caption":"Meydan TV"},"image":{"@id":"https:\/\/www.meydan.tv\/az\/#\/schema\/logo\/image\/"}},{"@type":"Person","@id":"https:\/\/www.meydan.tv\/az\/#\/schema\/person\/9cdbecf90d17180ce1dfbd95b08dcf47","name":"elli","sameAs":["https:\/\/x.com\/elli"]}]}},"_links":{"self":[{"href":"https:\/\/www.meydan.tv\/az\/wp-json\/wp\/v2\/posts\/235970","targetHints":{"allow":["GET"]}}],"collection":[{"href":"https:\/\/www.meydan.tv\/az\/wp-json\/wp\/v2\/posts"}],"about":[{"href":"https:\/\/www.meydan.tv\/az\/wp-json\/wp\/v2\/types\/post"}],"author":[{"embeddable":true,"href":"https:\/\/www.meydan.tv\/az\/wp-json\/wp\/v2\/users\/8"}],"replies":[{"embeddable":true,"href":"https:\/\/www.meydan.tv\/az\/wp-json\/wp\/v2\/comments?post=235970"}],"version-history":[{"count":2,"href":"https:\/\/www.meydan.tv\/az\/wp-json\/wp\/v2\/posts\/235970\/revisions"}],"predecessor-version":[{"id":235994,"href":"https:\/\/www.meydan.tv\/az\/wp-json\/wp\/v2\/posts\/235970\/revisions\/235994"}],"wp:featuredmedia":[{"embeddable":true,"href":"https:\/\/www.meydan.tv\/az\/wp-json\/wp\/v2\/media\/235975"}],"wp:attachment":[{"href":"https:\/\/www.meydan.tv\/az\/wp-json\/wp\/v2\/media?parent=235970"}],"wp:term":[{"taxonomy":"category","embeddable":true,"href":"https:\/\/www.meydan.tv\/az\/wp-json\/wp\/v2\/categories?post=235970"},{"taxonomy":"post_tag","embeddable":true,"href":"https:\/\/www.meydan.tv\/az\/wp-json\/wp\/v2\/tags?post=235970"}],"curies":[{"name":"wp","href":"https:\/\/api.w.org\/{rel}","templated":true}]}}