{"id":235965,"date":"2022-02-25T15:48:31","date_gmt":"2022-02-25T11:48:31","guid":{"rendered":"https:\/\/www.meydan.tv\/?p=235965"},"modified":"2022-02-25T15:48:33","modified_gmt":"2022-02-25T11:48:33","slug":"amerikali-aktyor-ukraynada-son-24-saatda-bas-verenler-urekparcalayandir","status":"publish","type":"post","link":"https:\/\/www.meydan.tv\/az\/article\/amerikali-aktyor-ukraynada-son-24-saatda-bas-verenler-urekparcalayandir\/","title":{"rendered":"Amerikal\u0131 aktyor: &#8220;Ukraynada son 24 saatda ba\u015f ver\u0259nl\u0259r \u00fcr\u0259kpar\u00e7alayand\u0131r&#8221;"},"content":{"rendered":"\n<p><em>\u015eon Penn: &#8220;Zelenski \u00e7\u0131x\u0131lmaz v\u0259ziyy\u0259td\u0259dir&#8221;<\/em><\/p>\n\n\n\n<p>Amerikal\u0131 kinorejissor v\u0259 aktyor \u015eon Penn teleapar\u0131c\u0131 Kseniya Sob\u00e7aka m\u00fcsahib\u0259 <a href=\"https:\/\/www.youtube.com\/watch?v=-M-lpkJ8LQg\" target=\"_blank\" rel=\"noreferrer noopener\">verib<\/a>.<br><\/p>\n\n\n\n<p>S\u0259n\u0259t\u00e7i bir ne\u00e7\u0259 g\u00fcnd\u00fcr ki, Kiyevd\u0259 oldu\u011funu deyib.<\/p>\n\n\n\n<p>\u0130kinci d\u0259f\u0259 realla\u015fan s\u0259f\u0259rinin Ukraynaya h\u0259sr etdiyi s\u0259n\u0259dli filmin \u00e7\u0259kili\u015fl\u0259ri il\u0259 \u0259laq\u0259dar oldu\u011funu bildirib.<\/p>\n\n\n\n<p>\u201cFilm bu \u00f6lk\u0259y\u0259, prezidentin\u0259, haz\u0131rda ba\u015f ver\u0259n m\u00fcnaqi\u015f\u0259y\u0259 h\u0259sr olunacaq. M\u0259ni Kiyev\u0259 g\u0259tir\u0259n s\u0259b\u0259b budur. Rusiya il\u0259 Ukrayna aras\u0131ndak\u0131 m\u00fcnaqi\u015f\u0259nin bir ne\u00e7\u0259 ildir ki, davam etdiyini bilirik. Lakin son 24 saat \u0259rzind\u0259 ba\u015f ver\u0259nl\u0259r \u00fcr\u0259kpar\u00e7alayand\u0131r\u201d, &#8211; Penn bildirib.<\/p>\n\n\n\n<p>Rejissor ba\u015f ver\u0259n prosesl\u0259ri \u00fcr\u0259k a\u011fr\u0131s\u0131 il\u0259, siyas\u0259t\u00e7i kimi yox, \u015fahid qismind\u0259 izl\u0259diyini deyib.<\/p>\n\n\n\n<p>O, v\u0259ziyy\u0259tin h\u0259rbi yolla deyil, diplomatiya il\u0259 h\u0259llinin vacibliyini vur\u011fulay\u0131b.<\/p>\n\n\n\n<p>Sob\u00e7ak s\u0259n\u0259t\u00e7id\u0259n Amerikan\u0131n bu m\u0259s\u0259l\u0259d\u0259ki m\u00f6vqeyini, t\u0259tbiq olunan sanksiyalar\u0131 do\u011fru hesab edib-etm\u0259diyini soru\u015fub.<\/p>\n\n\n\n<p>\u201cBurada \u00e7oxlu siyasi f\u0259ls\u0259f\u0259 qar\u0131\u015f\u0131ql\u0131\u011f\u0131 var. H\u0259tta \u201cdemokratiya\u201d s\u00f6z\u00fcn\u00fcn \u00f6z\u00fcnd\u0259 d\u0259 bu bel\u0259dir. Amerika h\u00f6kum\u0259ti h\u0259rbi g\u00fccl\u0259 deyil, \u00f6hd\u0259likl\u0259rl\u0259 Ukraynan\u0131n yan\u0131ndad\u0131r\u201d, &#8211; \u015eon Penn cavab\u0131nda deyib.<\/p>\n\n\n\n<p>Fevral\u0131n 25-d\u0259 AB\u015e Rusiyaya sanksiyalar elan edib. Bunlardan biri Rusiyan\u0131n VTB bank\u0131n\u0131n AB\u015e-\u0131n maliyy\u0259 sistemi il\u0259 \u0259laq\u0259sinin k\u0259silm\u0259sidir.<\/p>\n\n\n\n<p>Rejissor Prezident Vladimir Zelenski il\u0259 g\u00f6r\u00fc\u015f\u00fcnd\u0259n d\u0259 dan\u0131\u015f\u0131b: \u201cZelenski \u00e7\u0131x\u0131lmaz v\u0259ziyy\u0259td\u0259dir. \u0130st\u0259nil\u0259n insan &#8211; qad\u0131n, ya da ki\u015fi onun v\u0259ziyy\u0259tin\u0259 d\u00fc\u015f\u0259 bil\u0259r. Amma m\u0259n tam \u0259minlikl\u0259 dey\u0259 bil\u0259r\u0259m ki, bu adam sevgi dolu, intellektli v\u0259 c\u0259sar\u0259tli insand\u0131r\u201d.<\/p>\n\n\n\n<p>Sob\u00e7ak\u0131n: \u201cSizc\u0259, Putin bu konflikt haqq\u0131nda n\u0259 d\u00fc\u015f\u00fcn\u00fcr?\u201d &#8211; sual\u0131na Penn bel\u0259 cavab verib: &#8220;Bu suala cavab verm\u0259k \u00e7\u0259tindir&#8221;.<\/p>\n\n\n\n<p>\u00c7\u0259k\u0259c\u0259yi s\u0259n\u0259dli filmd\u0259 Rusiya Prezidenti Vladimir Putinin d\u0259 m\u00f6vqeyini g\u00f6rm\u0259k ist\u0259diyini s\u00f6yl\u0259yib.<\/p>\n\n\n\n<p>H\u0259tta bildirib ki, bununla ba\u011fl\u0131 Putinl\u0259 g\u00f6r\u00fc\u015f\u00fcb: \u201cBir ne\u00e7\u0259 ay \u00f6nc\u0259 qeyri-r\u0259smi sor\u011fu g\u00f6nd\u0259rmi\u015fdim C\u0259nab Putinl\u0259 tarixi bir g\u00f6r\u00fc\u015f\u00fcm, dan\u0131\u015fmaq imkan\u0131m olub. H\u0259m\u00e7inin Dmitri Peskovla da g\u00f6r\u00fc\u015fm\u0259k imkan\u0131m olub. Peskov bilir ki, m\u0259n a\u00e7\u0131q fikirli insanam. Putin m\u0259ni d\u0259v\u0259t ets\u0259, qar\u015f\u0131 t\u0259r\u0259fi d\u0259 dinl\u0259m\u0259y\u0259 haz\u0131ram\u201d.<\/p>\n\n\n\n<p>Haz\u0131rda Kiyevd\u0259 h\u0259rbi prosesl\u0259rin m\u0259rk\u0259zind\u0259 olan Penn bundan qorxmad\u0131\u011f\u0131n\u0131 deyib. Bildirib ki, Ukraynada ba\u015f ver\u0259nl\u0259rd\u0259n he\u00e7 kim qa\u00e7a bilm\u0259z.<\/p>\n\n\n\n<p>\u201cRus xalq\u0131, Ukrayna xalq\u0131, Amerika xalq\u0131, biz indi ham\u0131m\u0131z birik, birliyik\u201d, &#8211; o \u0259lav\u0259 edib.<\/p>\n\n\n\n<p>Prezident Vladimir Zelenski fevral\u0131n 24-d\u0259 \u015eon Pennl\u0259 Rusiyan\u0131n Ukraynan\u0131 demilitarizasiya etm\u0259k \u00fc\u00e7\u00fcn ke\u00e7irdiyi x\u00fcsusi \u0259m\u0259liyyat fonunda <a href=\"https:\/\/d9mc3ts4czbpr.cloudfront.net\/az\/article\/son-penn-muharibe-seraitinde-ukraynaya-getdi-zelenski-ile-gorusdu\/\" target=\"_blank\" rel=\"noreferrer noopener\">g\u00f6r\u00fc\u015f\u00fcb<\/a>.<\/p>\n\n\n\n<p>Fevral\u0131n 21-d\u0259 Rusiya Prezidenti Vladimir Putin separat\u00e7\u0131lar\u0131n n\u0259zar\u0259tind\u0259 olan \u201cDonetsk Xalq Respublikas\u0131\u201d (\u201cDXR\u201d) v\u0259 \u201cLuqansk Xalq Respublikas\u0131\u201d (\u201cLXR\u201d) adl\u0131 qurumlar\u0131 tan\u0131y\u0131b, h\u0259min \u0259razil\u0259r\u0259 ordu yeridib.<\/p>\n\n\n\n<p>Fevral\u0131n 24-d\u0259 Rusiya Ukraynan\u0131n Donbas b\u00f6lg\u0259sind\u0259 geni\u015fmiqyasl\u0131 h\u0259rbi \u0259m\u0259liyyatlara ba\u015flay\u0131b.<\/p>\n\n\n\n<p>Ukrayna, Q\u0259rb liderl\u0259ri h\u00fccumu pisl\u0259yib, Putinin buna g\u00f6r\u0259 cavab ver\u0259c\u0259yini bildiribl\u0259r.<\/p>\n","protected":false},"excerpt":{"rendered":"<p>\u015eon Penn: &#8220;Zelenski \u00e7\u0131x\u0131lmaz v\u0259ziyy\u0259td\u0259dir&#8221; Amerikal\u0131 kinorejissor v\u0259 aktyor \u015eon &#8230; <\/p>\n<p class=\"read-more-container\"><a title=\"Amerikal\u0131 aktyor: &#8220;Ukraynada son 24 saatda ba\u015f ver\u0259nl\u0259r \u00fcr\u0259kpar\u00e7alayand\u0131r&#8221;\" class=\"read-more button\" href=\"https:\/\/www.meydan.tv\/az\/article\/amerikali-aktyor-ukraynada-son-24-saatda-bas-verenler-urekparcalayandir\/#more-235965\" aria-label=\"Read more about Amerikal\u0131 aktyor: &#8220;Ukraynada son 24 saatda ba\u015f ver\u0259nl\u0259r \u00fcr\u0259kpar\u00e7alayand\u0131r&#8221;\">Davam\u0131<\/a><\/p>\n","protected":false},"author":8,"featured_media":235966,"comment_status":"closed","ping_status":"closed","sticky":false,"template":"","format":"standard","meta":{"_acf_changed":false,"_sitemap_exclude":false,"_sitemap_priority":"","_sitemap_frequency":"","footnotes":""},"categories":[52,56],"tags":[],"class_list":["post-235965","post","type-post","status-publish","format-standard","has-post-thumbnail","hentry","category-medeniyyet","category-xeberler","infinite-scroll-item","generate-columns","tablet-grid-50","mobile-grid-100","grid-parent","grid-33","no-featured-image-padding"],"acf":[],"yoast_head":"<!-- This site is optimized with the Yoast SEO plugin v27.4 - https:\/\/yoast.com\/product\/yoast-seo-wordpress\/ -->\n<title>Amerikal\u0131 aktyor: &quot;Ukraynada son 24 saatda ba\u015f ver\u0259nl\u0259r \u00fcr\u0259kpar\u00e7alayand\u0131r&quot; - MEYDAN.TV<\/title>\n<meta name=\"robots\" content=\"index, follow, max-snippet:-1, max-image-preview:large, max-video-preview:-1\" \/>\n<link rel=\"canonical\" href=\"https:\/\/www.meydan.tv\/az\/article\/amerikali-aktyor-ukraynada-son-24-saatda-bas-verenler-urekparcalayandir\/\" \/>\n<meta property=\"og:locale\" content=\"az_AZ\" \/>\n<meta property=\"og:type\" content=\"article\" \/>\n<meta property=\"og:title\" content=\"Amerikal\u0131 aktyor: &quot;Ukraynada son 24 saatda ba\u015f ver\u0259nl\u0259r \u00fcr\u0259kpar\u00e7alayand\u0131r&quot; - MEYDAN.TV\" \/>\n<meta property=\"og:description\" content=\"\u015eon Penn: &#8220;Zelenski \u00e7\u0131x\u0131lmaz v\u0259ziyy\u0259td\u0259dir&#8221; Amerikal\u0131 kinorejissor v\u0259 aktyor \u015eon ... Davam\u0131\" \/>\n<meta property=\"og:url\" content=\"https:\/\/www.meydan.tv\/az\/article\/amerikali-aktyor-ukraynada-son-24-saatda-bas-verenler-urekparcalayandir\/\" \/>\n<meta property=\"og:site_name\" content=\"MEYDAN.TV\" \/>\n<meta property=\"article:published_time\" content=\"2022-02-25T11:48:31+00:00\" \/>\n<meta property=\"article:modified_time\" content=\"2022-02-25T11:48:33+00:00\" \/>\n<meta property=\"og:image\" content=\"https:\/\/www.meydan.tv\/wp-content\/uploads\/shutterstock_361449011-e1645789448476.jpg\" \/>\n\t<meta property=\"og:image:width\" content=\"1200\" \/>\n\t<meta property=\"og:image:height\" content=\"636\" \/>\n\t<meta property=\"og:image:type\" content=\"image\/jpeg\" \/>\n<meta name=\"author\" content=\"elli\" \/>\n<meta name=\"twitter:card\" content=\"summary_large_image\" \/>\n<meta name=\"twitter:creator\" content=\"@elli\" \/>\n<script type=\"application\/ld+json\" class=\"yoast-schema-graph\">{\"@context\":\"https:\\\/\\\/schema.org\",\"@graph\":[{\"@type\":\"Article\",\"@id\":\"https:\\\/\\\/www.meydan.tv\\\/az\\\/article\\\/amerikali-aktyor-ukraynada-son-24-saatda-bas-verenler-urekparcalayandir\\\/#article\",\"isPartOf\":{\"@id\":\"https:\\\/\\\/www.meydan.tv\\\/az\\\/article\\\/amerikali-aktyor-ukraynada-son-24-saatda-bas-verenler-urekparcalayandir\\\/\"},\"author\":{\"name\":\"elli\",\"@id\":\"https:\\\/\\\/www.meydan.tv\\\/az\\\/#\\\/schema\\\/person\\\/9cdbecf90d17180ce1dfbd95b08dcf47\"},\"headline\":\"Amerikal\u0131 aktyor: &#8220;Ukraynada son 24 saatda ba\u015f ver\u0259nl\u0259r \u00fcr\u0259kpar\u00e7alayand\u0131r&#8221;\",\"datePublished\":\"2022-02-25T11:48:31+00:00\",\"dateModified\":\"2022-02-25T11:48:33+00:00\",\"mainEntityOfPage\":{\"@id\":\"https:\\\/\\\/www.meydan.tv\\\/az\\\/article\\\/amerikali-aktyor-ukraynada-son-24-saatda-bas-verenler-urekparcalayandir\\\/\"},\"wordCount\":594,\"publisher\":{\"@id\":\"https:\\\/\\\/www.meydan.tv\\\/az\\\/#organization\"},\"image\":{\"@id\":\"https:\\\/\\\/www.meydan.tv\\\/az\\\/article\\\/amerikali-aktyor-ukraynada-son-24-saatda-bas-verenler-urekparcalayandir\\\/#primaryimage\"},\"thumbnailUrl\":\"https:\\\/\\\/www.meydan.tv\\\/wp-content\\\/uploads\\\/shutterstock_361449011-e1645789448476.jpg\",\"articleSection\":[\"M\u0259d\u0259niyy\u0259t\",\"X\u0259b\u0259rl\u0259r\"],\"inLanguage\":\"az\"},{\"@type\":\"WebPage\",\"@id\":\"https:\\\/\\\/www.meydan.tv\\\/az\\\/article\\\/amerikali-aktyor-ukraynada-son-24-saatda-bas-verenler-urekparcalayandir\\\/\",\"url\":\"https:\\\/\\\/www.meydan.tv\\\/az\\\/article\\\/amerikali-aktyor-ukraynada-son-24-saatda-bas-verenler-urekparcalayandir\\\/\",\"name\":\"Amerikal\u0131 aktyor: \\\"Ukraynada son 24 saatda ba\u015f ver\u0259nl\u0259r \u00fcr\u0259kpar\u00e7alayand\u0131r\\\" - MEYDAN.TV\",\"isPartOf\":{\"@id\":\"https:\\\/\\\/www.meydan.tv\\\/az\\\/#website\"},\"primaryImageOfPage\":{\"@id\":\"https:\\\/\\\/www.meydan.tv\\\/az\\\/article\\\/amerikali-aktyor-ukraynada-son-24-saatda-bas-verenler-urekparcalayandir\\\/#primaryimage\"},\"image\":{\"@id\":\"https:\\\/\\\/www.meydan.tv\\\/az\\\/article\\\/amerikali-aktyor-ukraynada-son-24-saatda-bas-verenler-urekparcalayandir\\\/#primaryimage\"},\"thumbnailUrl\":\"https:\\\/\\\/www.meydan.tv\\\/wp-content\\\/uploads\\\/shutterstock_361449011-e1645789448476.jpg\",\"datePublished\":\"2022-02-25T11:48:31+00:00\",\"dateModified\":\"2022-02-25T11:48:33+00:00\",\"breadcrumb\":{\"@id\":\"https:\\\/\\\/www.meydan.tv\\\/az\\\/article\\\/amerikali-aktyor-ukraynada-son-24-saatda-bas-verenler-urekparcalayandir\\\/#breadcrumb\"},\"inLanguage\":\"az\",\"potentialAction\":[{\"@type\":\"ReadAction\",\"target\":[\"https:\\\/\\\/www.meydan.tv\\\/az\\\/article\\\/amerikali-aktyor-ukraynada-son-24-saatda-bas-verenler-urekparcalayandir\\\/\"]}]},{\"@type\":\"ImageObject\",\"inLanguage\":\"az\",\"@id\":\"https:\\\/\\\/www.meydan.tv\\\/az\\\/article\\\/amerikali-aktyor-ukraynada-son-24-saatda-bas-verenler-urekparcalayandir\\\/#primaryimage\",\"url\":\"https:\\\/\\\/www.meydan.tv\\\/wp-content\\\/uploads\\\/shutterstock_361449011-e1645789448476.jpg\",\"contentUrl\":\"https:\\\/\\\/www.meydan.tv\\\/wp-content\\\/uploads\\\/shutterstock_361449011-e1645789448476.jpg\",\"width\":1200,\"height\":636,\"caption\":\"\u015eon Penn. Frippitaun\\\/shutterstock\"},{\"@type\":\"BreadcrumbList\",\"@id\":\"https:\\\/\\\/www.meydan.tv\\\/az\\\/article\\\/amerikali-aktyor-ukraynada-son-24-saatda-bas-verenler-urekparcalayandir\\\/#breadcrumb\",\"itemListElement\":[{\"@type\":\"ListItem\",\"position\":1,\"name\":\"Ana s\u0259hif\u0259\",\"item\":\"https:\\\/\\\/www.meydan.tv\\\/az\\\/\"},{\"@type\":\"ListItem\",\"position\":2,\"name\":\"M\u0259d\u0259niyy\u0259t\",\"item\":\"https:\\\/\\\/www.meydan.tv\\\/az\\\/section\\\/medeniyyet\\\/\"},{\"@type\":\"ListItem\",\"position\":3,\"name\":\"Amerikal\u0131 aktyor: &#8220;Ukraynada son 24 saatda ba\u015f ver\u0259nl\u0259r \u00fcr\u0259kpar\u00e7alayand\u0131r&#8221;\"}]},{\"@type\":\"WebSite\",\"@id\":\"https:\\\/\\\/www.meydan.tv\\\/az\\\/#website\",\"url\":\"https:\\\/\\\/www.meydan.tv\\\/az\\\/\",\"name\":\"MEYDAN.TV\",\"description\":\"Meydan TV Az\u0259rbaycan\u0131n media m\u0259kan\u0131ndak\u0131 alternativ s\u0259sidir\",\"publisher\":{\"@id\":\"https:\\\/\\\/www.meydan.tv\\\/az\\\/#organization\"},\"potentialAction\":[{\"@type\":\"SearchAction\",\"target\":{\"@type\":\"EntryPoint\",\"urlTemplate\":\"https:\\\/\\\/www.meydan.tv\\\/az\\\/?s={search_term_string}\"},\"query-input\":{\"@type\":\"PropertyValueSpecification\",\"valueRequired\":true,\"valueName\":\"search_term_string\"}}],\"inLanguage\":\"az\"},{\"@type\":\"Organization\",\"@id\":\"https:\\\/\\\/www.meydan.tv\\\/az\\\/#organization\",\"name\":\"Meydan TV\",\"url\":\"https:\\\/\\\/www.meydan.tv\\\/az\\\/\",\"logo\":{\"@type\":\"ImageObject\",\"inLanguage\":\"az\",\"@id\":\"https:\\\/\\\/www.meydan.tv\\\/az\\\/#\\\/schema\\\/logo\\\/image\\\/\",\"url\":\"https:\\\/\\\/www.meydan.tv\\\/wp-content\\\/uploads\\\/2021\\\/07\\\/meydan-logo.svg\",\"contentUrl\":\"https:\\\/\\\/www.meydan.tv\\\/wp-content\\\/uploads\\\/2021\\\/07\\\/meydan-logo.svg\",\"width\":195,\"height\":46,\"caption\":\"Meydan TV\"},\"image\":{\"@id\":\"https:\\\/\\\/www.meydan.tv\\\/az\\\/#\\\/schema\\\/logo\\\/image\\\/\"}},{\"@type\":\"Person\",\"@id\":\"https:\\\/\\\/www.meydan.tv\\\/az\\\/#\\\/schema\\\/person\\\/9cdbecf90d17180ce1dfbd95b08dcf47\",\"name\":\"elli\",\"sameAs\":[\"https:\\\/\\\/x.com\\\/elli\"]}]}<\/script>\n<!-- \/ Yoast SEO plugin. -->","yoast_head_json":{"title":"Amerikal\u0131 aktyor: \"Ukraynada son 24 saatda ba\u015f ver\u0259nl\u0259r \u00fcr\u0259kpar\u00e7alayand\u0131r\" - MEYDAN.TV","robots":{"index":"index","follow":"follow","max-snippet":"max-snippet:-1","max-image-preview":"max-image-preview:large","max-video-preview":"max-video-preview:-1"},"canonical":"https:\/\/www.meydan.tv\/az\/article\/amerikali-aktyor-ukraynada-son-24-saatda-bas-verenler-urekparcalayandir\/","og_locale":"az_AZ","og_type":"article","og_title":"Amerikal\u0131 aktyor: \"Ukraynada son 24 saatda ba\u015f ver\u0259nl\u0259r \u00fcr\u0259kpar\u00e7alayand\u0131r\" - MEYDAN.TV","og_description":"\u015eon Penn: &#8220;Zelenski \u00e7\u0131x\u0131lmaz v\u0259ziyy\u0259td\u0259dir&#8221; Amerikal\u0131 kinorejissor v\u0259 aktyor \u015eon ... Davam\u0131","og_url":"https:\/\/www.meydan.tv\/az\/article\/amerikali-aktyor-ukraynada-son-24-saatda-bas-verenler-urekparcalayandir\/","og_site_name":"MEYDAN.TV","article_published_time":"2022-02-25T11:48:31+00:00","article_modified_time":"2022-02-25T11:48:33+00:00","og_image":[{"width":1200,"height":636,"url":"https:\/\/www.meydan.tv\/wp-content\/uploads\/shutterstock_361449011-e1645789448476.jpg","type":"image\/jpeg"}],"author":"elli","twitter_card":"summary_large_image","twitter_creator":"@elli","schema":{"@context":"https:\/\/schema.org","@graph":[{"@type":"Article","@id":"https:\/\/www.meydan.tv\/az\/article\/amerikali-aktyor-ukraynada-son-24-saatda-bas-verenler-urekparcalayandir\/#article","isPartOf":{"@id":"https:\/\/www.meydan.tv\/az\/article\/amerikali-aktyor-ukraynada-son-24-saatda-bas-verenler-urekparcalayandir\/"},"author":{"name":"elli","@id":"https:\/\/www.meydan.tv\/az\/#\/schema\/person\/9cdbecf90d17180ce1dfbd95b08dcf47"},"headline":"Amerikal\u0131 aktyor: &#8220;Ukraynada son 24 saatda ba\u015f ver\u0259nl\u0259r \u00fcr\u0259kpar\u00e7alayand\u0131r&#8221;","datePublished":"2022-02-25T11:48:31+00:00","dateModified":"2022-02-25T11:48:33+00:00","mainEntityOfPage":{"@id":"https:\/\/www.meydan.tv\/az\/article\/amerikali-aktyor-ukraynada-son-24-saatda-bas-verenler-urekparcalayandir\/"},"wordCount":594,"publisher":{"@id":"https:\/\/www.meydan.tv\/az\/#organization"},"image":{"@id":"https:\/\/www.meydan.tv\/az\/article\/amerikali-aktyor-ukraynada-son-24-saatda-bas-verenler-urekparcalayandir\/#primaryimage"},"thumbnailUrl":"https:\/\/www.meydan.tv\/wp-content\/uploads\/shutterstock_361449011-e1645789448476.jpg","articleSection":["M\u0259d\u0259niyy\u0259t","X\u0259b\u0259rl\u0259r"],"inLanguage":"az"},{"@type":"WebPage","@id":"https:\/\/www.meydan.tv\/az\/article\/amerikali-aktyor-ukraynada-son-24-saatda-bas-verenler-urekparcalayandir\/","url":"https:\/\/www.meydan.tv\/az\/article\/amerikali-aktyor-ukraynada-son-24-saatda-bas-verenler-urekparcalayandir\/","name":"Amerikal\u0131 aktyor: \"Ukraynada son 24 saatda ba\u015f ver\u0259nl\u0259r \u00fcr\u0259kpar\u00e7alayand\u0131r\" - MEYDAN.TV","isPartOf":{"@id":"https:\/\/www.meydan.tv\/az\/#website"},"primaryImageOfPage":{"@id":"https:\/\/www.meydan.tv\/az\/article\/amerikali-aktyor-ukraynada-son-24-saatda-bas-verenler-urekparcalayandir\/#primaryimage"},"image":{"@id":"https:\/\/www.meydan.tv\/az\/article\/amerikali-aktyor-ukraynada-son-24-saatda-bas-verenler-urekparcalayandir\/#primaryimage"},"thumbnailUrl":"https:\/\/www.meydan.tv\/wp-content\/uploads\/shutterstock_361449011-e1645789448476.jpg","datePublished":"2022-02-25T11:48:31+00:00","dateModified":"2022-02-25T11:48:33+00:00","breadcrumb":{"@id":"https:\/\/www.meydan.tv\/az\/article\/amerikali-aktyor-ukraynada-son-24-saatda-bas-verenler-urekparcalayandir\/#breadcrumb"},"inLanguage":"az","potentialAction":[{"@type":"ReadAction","target":["https:\/\/www.meydan.tv\/az\/article\/amerikali-aktyor-ukraynada-son-24-saatda-bas-verenler-urekparcalayandir\/"]}]},{"@type":"ImageObject","inLanguage":"az","@id":"https:\/\/www.meydan.tv\/az\/article\/amerikali-aktyor-ukraynada-son-24-saatda-bas-verenler-urekparcalayandir\/#primaryimage","url":"https:\/\/www.meydan.tv\/wp-content\/uploads\/shutterstock_361449011-e1645789448476.jpg","contentUrl":"https:\/\/www.meydan.tv\/wp-content\/uploads\/shutterstock_361449011-e1645789448476.jpg","width":1200,"height":636,"caption":"\u015eon Penn. Frippitaun\/shutterstock"},{"@type":"BreadcrumbList","@id":"https:\/\/www.meydan.tv\/az\/article\/amerikali-aktyor-ukraynada-son-24-saatda-bas-verenler-urekparcalayandir\/#breadcrumb","itemListElement":[{"@type":"ListItem","position":1,"name":"Ana s\u0259hif\u0259","item":"https:\/\/www.meydan.tv\/az\/"},{"@type":"ListItem","position":2,"name":"M\u0259d\u0259niyy\u0259t","item":"https:\/\/www.meydan.tv\/az\/section\/medeniyyet\/"},{"@type":"ListItem","position":3,"name":"Amerikal\u0131 aktyor: &#8220;Ukraynada son 24 saatda ba\u015f ver\u0259nl\u0259r \u00fcr\u0259kpar\u00e7alayand\u0131r&#8221;"}]},{"@type":"WebSite","@id":"https:\/\/www.meydan.tv\/az\/#website","url":"https:\/\/www.meydan.tv\/az\/","name":"MEYDAN.TV","description":"Meydan TV Az\u0259rbaycan\u0131n media m\u0259kan\u0131ndak\u0131 alternativ s\u0259sidir","publisher":{"@id":"https:\/\/www.meydan.tv\/az\/#organization"},"potentialAction":[{"@type":"SearchAction","target":{"@type":"EntryPoint","urlTemplate":"https:\/\/www.meydan.tv\/az\/?s={search_term_string}"},"query-input":{"@type":"PropertyValueSpecification","valueRequired":true,"valueName":"search_term_string"}}],"inLanguage":"az"},{"@type":"Organization","@id":"https:\/\/www.meydan.tv\/az\/#organization","name":"Meydan TV","url":"https:\/\/www.meydan.tv\/az\/","logo":{"@type":"ImageObject","inLanguage":"az","@id":"https:\/\/www.meydan.tv\/az\/#\/schema\/logo\/image\/","url":"https:\/\/www.meydan.tv\/wp-content\/uploads\/2021\/07\/meydan-logo.svg","contentUrl":"https:\/\/www.meydan.tv\/wp-content\/uploads\/2021\/07\/meydan-logo.svg","width":195,"height":46,"caption":"Meydan TV"},"image":{"@id":"https:\/\/www.meydan.tv\/az\/#\/schema\/logo\/image\/"}},{"@type":"Person","@id":"https:\/\/www.meydan.tv\/az\/#\/schema\/person\/9cdbecf90d17180ce1dfbd95b08dcf47","name":"elli","sameAs":["https:\/\/x.com\/elli"]}]}},"_links":{"self":[{"href":"https:\/\/www.meydan.tv\/az\/wp-json\/wp\/v2\/posts\/235965","targetHints":{"allow":["GET"]}}],"collection":[{"href":"https:\/\/www.meydan.tv\/az\/wp-json\/wp\/v2\/posts"}],"about":[{"href":"https:\/\/www.meydan.tv\/az\/wp-json\/wp\/v2\/types\/post"}],"author":[{"embeddable":true,"href":"https:\/\/www.meydan.tv\/az\/wp-json\/wp\/v2\/users\/8"}],"replies":[{"embeddable":true,"href":"https:\/\/www.meydan.tv\/az\/wp-json\/wp\/v2\/comments?post=235965"}],"version-history":[{"count":3,"href":"https:\/\/www.meydan.tv\/az\/wp-json\/wp\/v2\/posts\/235965\/revisions"}],"predecessor-version":[{"id":235973,"href":"https:\/\/www.meydan.tv\/az\/wp-json\/wp\/v2\/posts\/235965\/revisions\/235973"}],"wp:featuredmedia":[{"embeddable":true,"href":"https:\/\/www.meydan.tv\/az\/wp-json\/wp\/v2\/media\/235966"}],"wp:attachment":[{"href":"https:\/\/www.meydan.tv\/az\/wp-json\/wp\/v2\/media?parent=235965"}],"wp:term":[{"taxonomy":"category","embeddable":true,"href":"https:\/\/www.meydan.tv\/az\/wp-json\/wp\/v2\/categories?post=235965"},{"taxonomy":"post_tag","embeddable":true,"href":"https:\/\/www.meydan.tv\/az\/wp-json\/wp\/v2\/tags?post=235965"}],"curies":[{"name":"wp","href":"https:\/\/api.w.org\/{rel}","templated":true}]}}