{"id":235963,"date":"2022-02-25T15:25:06","date_gmt":"2022-02-25T11:25:06","guid":{"rendered":"https:\/\/www.meydan.tv\/?p=235963"},"modified":"2022-02-25T15:25:07","modified_gmt":"2022-02-25T11:25:07","slug":"sefir-kiyevin-girisinde-intensiv-doyusler-gedir","status":"publish","type":"post","link":"https:\/\/www.meydan.tv\/az\/article\/sefir-kiyevin-girisinde-intensiv-doyusler-gedir\/","title":{"rendered":"S\u0259fir: \u201cKiyevin giri\u015find\u0259 intensiv d\u00f6y\u00fc\u015fl\u0259r gedir\u201d"},"content":{"rendered":"\n<p><em>\u201cKiyevin bombardman edilm\u0259si \u00f6z\u00fcn\u00fcn sinizmi v\u0259 \u015f\u0259r\u0259fsizliyin\u0259 g\u00f6r\u0259 sizin yax\u015f\u0131 bildiyiniz h\u00fccumlara \u00e7ox b\u0259nz\u0259yir\u201d<\/em><br><\/p>\n\n\n\n<p>\u201c\u0130\u015f\u011fal\u00e7\u0131 ordu \u00c7ernob\u0131l AES zonas\u0131na daxil olaraq, stansiyan\u0131 \u0259l\u0259 ke\u00e7irib. Bu g\u00fcn n\u00fcv\u0259 analoqlar\u0131 anbar\u0131 t\u0259hl\u00fck\u0259 alt\u0131ndad\u0131r\u201d.<br><\/p>\n\n\n\n<p>Bu s\u00f6zl\u0259ri fevral\u0131n 25-d\u0259 m\u0259tbuat konfrans\u0131 ke\u00e7ir\u0259n Ukraynan\u0131n Az\u0259rbaycandak\u0131 s\u0259firi Vladislav Kanevski deyib.<br><\/p>\n\n\n\n<p>Onun s\u00f6zl\u0259rin\u0259 g\u00f6r\u0259, d\u00fcn\u0259n Zmein\u0131 adas\u0131nda \u015f\u0259xsi hey\u0259t Rusiya H\u0259rbi-d\u0259niz donanmas\u0131n\u0131n iki g\u0259misi, o c\u00fcml\u0259d\u0259n Qara D\u0259niz Donanmas\u0131n\u0131n flaqman\u0131 \u201cMoskva\u201d kreyseri t\u0259r\u0259find\u0259n h\u00fccuma m\u0259ruz qal\u0131b:<br><\/p>\n\n\n\n<p>\u201cS\u0259rh\u0259d\u00e7il\u0259r t\u0259slim olmaq ist\u0259m\u0259dil\u0259r v\u0259 q\u0259hr\u0259mancas\u0131na m\u00fcqavim\u0259t g\u00f6st\u0259rdil\u0259r. 12 s\u0259rh\u0259d\u00e7inin ham\u0131s\u0131 Rusiya g\u0259mil\u0259rind\u0259n a\u00e7\u0131lan raket at\u0259\u015fl\u0259ri n\u0259tic\u0259sind\u0259 h\u0259lak oldu\u201d.<br><\/p>\n\n\n\n<p>S\u0259fir deyib ki, Kiyevin giri\u015find\u0259 intensiv d\u00f6y\u00fc\u015fl\u0259r gedir. Gec\u0259 Kiyev\u0259 at\u0131lan raket z\u0259rb\u0259l\u0259ri n\u0259tic\u0259sind\u0259 iki raket m\u0259hv edilib, bir \u00e7oxm\u0259rt\u0259b\u0259li evd\u0259 yan\u011f\u0131n ba\u015flay\u0131b. \u0130lkin m\u0259lumatlara g\u00f6r\u0259, 8 yaral\u0131 var, 150 n\u0259f\u0259r t\u0259xliy\u0259 edilib. <\/p>\n\n\n\n<p>\u201cQeyd etm\u0259k ist\u0259yir\u0259m ki, sonuncu d\u0259f\u0259 Kiyevi 1941-ci ild\u0259 bombardman edibl\u0259r\u2026 Nasist reyxi. Kiyevin bombardman edilm\u0259si \u00f6z\u00fcn\u00fcn sinizmi v\u0259 \u015f\u0259r\u0259fsizliyin\u0259 g\u00f6r\u0259 sizin yax\u015f\u0131 bildiyiniz h\u00fccumlara \u00e7ox b\u0259nz\u0259yir, G\u0259nc\u0259d\u0259, ming\u0259\u00e7evird\u0259\u201d, &#8211; Vladislav Kanevski deyib, \u2013 \u201cM\u0259n bar\u0131t qoxusunu \u00e7ox yax\u015f\u0131 xat\u0131rlay\u0131ram, \u00e7\u00fcnki bombardmandan bir g\u00fcn sonra G\u0259nc\u0259d\u0259 olmu\u015fam. Da\u011f\u0131nt\u0131lar olan yerd\u0259 idim v\u0259 bu \u0259limd\u0259, ovcumun i\u00e7ind\u0259 balaca ayaqqab\u0131 tutmu\u015fdum, bu, u\u015faqdan qalan yegan\u0259 \u015fey idi\u201d.<br><\/p>\n\n\n\n<p>\u201cBizd\u0259 d\u0259 bu g\u00fcn bar\u0131t qoxusu v\u0259 analoji hadis\u0259l\u0259r Ukraynan\u0131n h\u0259r yerind\u0259 var\u201d, &#8211; dey\u0259n s\u0259fir \u00c7uquyev \u015f\u0259h\u0259rind\u0259 dinc sakinl\u0259rin nec\u0259 at\u0259\u015f\u0259 tutuldu\u011funu g\u00f6st\u0259r\u0259n kadrlar\u0131 n\u00fcmayi\u015f etdirib.<\/p>\n","protected":false},"excerpt":{"rendered":"<p>\u201cKiyevin bombardman edilm\u0259si \u00f6z\u00fcn\u00fcn sinizmi v\u0259 \u015f\u0259r\u0259fsizliyin\u0259 g\u00f6r\u0259 sizin yax\u015f\u0131 &#8230; <\/p>\n<p class=\"read-more-container\"><a title=\"S\u0259fir: \u201cKiyevin giri\u015find\u0259 intensiv d\u00f6y\u00fc\u015fl\u0259r gedir\u201d\" class=\"read-more button\" href=\"https:\/\/www.meydan.tv\/az\/article\/sefir-kiyevin-girisinde-intensiv-doyusler-gedir\/#more-235963\" aria-label=\"Read more about S\u0259fir: \u201cKiyevin giri\u015find\u0259 intensiv d\u00f6y\u00fc\u015fl\u0259r gedir\u201d\">Davam\u0131<\/a><\/p>\n","protected":false},"author":8,"featured_media":235959,"comment_status":"closed","ping_status":"closed","sticky":false,"template":"","format":"standard","meta":{"_acf_changed":false,"_sitemap_exclude":false,"_sitemap_priority":"","_sitemap_frequency":"","footnotes":""},"categories":[59,56],"tags":[],"class_list":["post-235963","post","type-post","status-publish","format-standard","has-post-thumbnail","hentry","category-siyaset","category-xeberler","infinite-scroll-item","generate-columns","tablet-grid-50","mobile-grid-100","grid-parent","grid-33","no-featured-image-padding"],"acf":[],"yoast_head":"<!-- This site is optimized with the Yoast SEO plugin v27.5 - https:\/\/yoast.com\/product\/yoast-seo-wordpress\/ -->\n<title>S\u0259fir: \u201cKiyevin giri\u015find\u0259 intensiv d\u00f6y\u00fc\u015fl\u0259r gedir\u201d - MEYDAN.TV<\/title>\n<meta name=\"robots\" content=\"index, follow, max-snippet:-1, max-image-preview:large, max-video-preview:-1\" \/>\n<link rel=\"canonical\" href=\"https:\/\/www.meydan.tv\/az\/article\/sefir-kiyevin-girisinde-intensiv-doyusler-gedir\/\" \/>\n<meta property=\"og:locale\" content=\"az_AZ\" \/>\n<meta property=\"og:type\" content=\"article\" \/>\n<meta property=\"og:title\" content=\"S\u0259fir: \u201cKiyevin giri\u015find\u0259 intensiv d\u00f6y\u00fc\u015fl\u0259r gedir\u201d - MEYDAN.TV\" \/>\n<meta property=\"og:description\" content=\"\u201cKiyevin bombardman edilm\u0259si \u00f6z\u00fcn\u00fcn sinizmi v\u0259 \u015f\u0259r\u0259fsizliyin\u0259 g\u00f6r\u0259 sizin yax\u015f\u0131 ... Davam\u0131\" \/>\n<meta property=\"og:url\" content=\"https:\/\/www.meydan.tv\/az\/article\/sefir-kiyevin-girisinde-intensiv-doyusler-gedir\/\" \/>\n<meta property=\"og:site_name\" content=\"MEYDAN.TV\" \/>\n<meta property=\"article:published_time\" content=\"2022-02-25T11:25:06+00:00\" \/>\n<meta property=\"article:modified_time\" content=\"2022-02-25T11:25:07+00:00\" \/>\n<meta property=\"og:image\" content=\"https:\/\/www.meydan.tv\/wp-content\/uploads\/photo-2022-02-25-14-28-39.jpg\" \/>\n\t<meta property=\"og:image:width\" content=\"1600\" \/>\n\t<meta property=\"og:image:height\" content=\"1200\" \/>\n\t<meta property=\"og:image:type\" content=\"image\/jpeg\" \/>\n<meta name=\"author\" content=\"elli\" \/>\n<meta name=\"twitter:card\" content=\"summary_large_image\" \/>\n<meta name=\"twitter:creator\" content=\"@elli\" \/>\n<script type=\"application\/ld+json\" class=\"yoast-schema-graph\">{\"@context\":\"https:\\\/\\\/schema.org\",\"@graph\":[{\"@type\":\"Article\",\"@id\":\"https:\\\/\\\/www.meydan.tv\\\/az\\\/article\\\/sefir-kiyevin-girisinde-intensiv-doyusler-gedir\\\/#article\",\"isPartOf\":{\"@id\":\"https:\\\/\\\/www.meydan.tv\\\/az\\\/article\\\/sefir-kiyevin-girisinde-intensiv-doyusler-gedir\\\/\"},\"author\":{\"name\":\"elli\",\"@id\":\"https:\\\/\\\/www.meydan.tv\\\/az\\\/#\\\/schema\\\/person\\\/9cdbecf90d17180ce1dfbd95b08dcf47\"},\"headline\":\"S\u0259fir: \u201cKiyevin giri\u015find\u0259 intensiv d\u00f6y\u00fc\u015fl\u0259r gedir\u201d\",\"datePublished\":\"2022-02-25T11:25:06+00:00\",\"dateModified\":\"2022-02-25T11:25:07+00:00\",\"mainEntityOfPage\":{\"@id\":\"https:\\\/\\\/www.meydan.tv\\\/az\\\/article\\\/sefir-kiyevin-girisinde-intensiv-doyusler-gedir\\\/\"},\"wordCount\":366,\"publisher\":{\"@id\":\"https:\\\/\\\/www.meydan.tv\\\/az\\\/#organization\"},\"image\":{\"@id\":\"https:\\\/\\\/www.meydan.tv\\\/az\\\/article\\\/sefir-kiyevin-girisinde-intensiv-doyusler-gedir\\\/#primaryimage\"},\"thumbnailUrl\":\"https:\\\/\\\/www.meydan.tv\\\/wp-content\\\/uploads\\\/photo-2022-02-25-14-28-39.jpg\",\"articleSection\":[\"Siyas\u0259t\",\"X\u0259b\u0259rl\u0259r\"],\"inLanguage\":\"az\"},{\"@type\":\"WebPage\",\"@id\":\"https:\\\/\\\/www.meydan.tv\\\/az\\\/article\\\/sefir-kiyevin-girisinde-intensiv-doyusler-gedir\\\/\",\"url\":\"https:\\\/\\\/www.meydan.tv\\\/az\\\/article\\\/sefir-kiyevin-girisinde-intensiv-doyusler-gedir\\\/\",\"name\":\"S\u0259fir: \u201cKiyevin giri\u015find\u0259 intensiv d\u00f6y\u00fc\u015fl\u0259r gedir\u201d - MEYDAN.TV\",\"isPartOf\":{\"@id\":\"https:\\\/\\\/www.meydan.tv\\\/az\\\/#website\"},\"primaryImageOfPage\":{\"@id\":\"https:\\\/\\\/www.meydan.tv\\\/az\\\/article\\\/sefir-kiyevin-girisinde-intensiv-doyusler-gedir\\\/#primaryimage\"},\"image\":{\"@id\":\"https:\\\/\\\/www.meydan.tv\\\/az\\\/article\\\/sefir-kiyevin-girisinde-intensiv-doyusler-gedir\\\/#primaryimage\"},\"thumbnailUrl\":\"https:\\\/\\\/www.meydan.tv\\\/wp-content\\\/uploads\\\/photo-2022-02-25-14-28-39.jpg\",\"datePublished\":\"2022-02-25T11:25:06+00:00\",\"dateModified\":\"2022-02-25T11:25:07+00:00\",\"breadcrumb\":{\"@id\":\"https:\\\/\\\/www.meydan.tv\\\/az\\\/article\\\/sefir-kiyevin-girisinde-intensiv-doyusler-gedir\\\/#breadcrumb\"},\"inLanguage\":\"az\",\"potentialAction\":[{\"@type\":\"ReadAction\",\"target\":[\"https:\\\/\\\/www.meydan.tv\\\/az\\\/article\\\/sefir-kiyevin-girisinde-intensiv-doyusler-gedir\\\/\"]}]},{\"@type\":\"ImageObject\",\"inLanguage\":\"az\",\"@id\":\"https:\\\/\\\/www.meydan.tv\\\/az\\\/article\\\/sefir-kiyevin-girisinde-intensiv-doyusler-gedir\\\/#primaryimage\",\"url\":\"https:\\\/\\\/www.meydan.tv\\\/wp-content\\\/uploads\\\/photo-2022-02-25-14-28-39.jpg\",\"contentUrl\":\"https:\\\/\\\/www.meydan.tv\\\/wp-content\\\/uploads\\\/photo-2022-02-25-14-28-39.jpg\",\"width\":1600,\"height\":1200,\"caption\":\"Foto: Meydan TV\"},{\"@type\":\"BreadcrumbList\",\"@id\":\"https:\\\/\\\/www.meydan.tv\\\/az\\\/article\\\/sefir-kiyevin-girisinde-intensiv-doyusler-gedir\\\/#breadcrumb\",\"itemListElement\":[{\"@type\":\"ListItem\",\"position\":1,\"name\":\"Ana s\u0259hif\u0259\",\"item\":\"https:\\\/\\\/www.meydan.tv\\\/az\\\/\"},{\"@type\":\"ListItem\",\"position\":2,\"name\":\"Siyas\u0259t\",\"item\":\"https:\\\/\\\/www.meydan.tv\\\/az\\\/section\\\/siyaset\\\/\"},{\"@type\":\"ListItem\",\"position\":3,\"name\":\"S\u0259fir: \u201cKiyevin giri\u015find\u0259 intensiv d\u00f6y\u00fc\u015fl\u0259r gedir\u201d\"}]},{\"@type\":\"WebSite\",\"@id\":\"https:\\\/\\\/www.meydan.tv\\\/az\\\/#website\",\"url\":\"https:\\\/\\\/www.meydan.tv\\\/az\\\/\",\"name\":\"MEYDAN.TV\",\"description\":\"Meydan TV Az\u0259rbaycan\u0131n media m\u0259kan\u0131ndak\u0131 alternativ s\u0259sidir\",\"publisher\":{\"@id\":\"https:\\\/\\\/www.meydan.tv\\\/az\\\/#organization\"},\"potentialAction\":[{\"@type\":\"SearchAction\",\"target\":{\"@type\":\"EntryPoint\",\"urlTemplate\":\"https:\\\/\\\/www.meydan.tv\\\/az\\\/?s={search_term_string}\"},\"query-input\":{\"@type\":\"PropertyValueSpecification\",\"valueRequired\":true,\"valueName\":\"search_term_string\"}}],\"inLanguage\":\"az\"},{\"@type\":\"Organization\",\"@id\":\"https:\\\/\\\/www.meydan.tv\\\/az\\\/#organization\",\"name\":\"Meydan TV\",\"url\":\"https:\\\/\\\/www.meydan.tv\\\/az\\\/\",\"logo\":{\"@type\":\"ImageObject\",\"inLanguage\":\"az\",\"@id\":\"https:\\\/\\\/www.meydan.tv\\\/az\\\/#\\\/schema\\\/logo\\\/image\\\/\",\"url\":\"https:\\\/\\\/www.meydan.tv\\\/wp-content\\\/uploads\\\/2021\\\/07\\\/meydan-logo.svg\",\"contentUrl\":\"https:\\\/\\\/www.meydan.tv\\\/wp-content\\\/uploads\\\/2021\\\/07\\\/meydan-logo.svg\",\"width\":195,\"height\":46,\"caption\":\"Meydan TV\"},\"image\":{\"@id\":\"https:\\\/\\\/www.meydan.tv\\\/az\\\/#\\\/schema\\\/logo\\\/image\\\/\"}},{\"@type\":\"Person\",\"@id\":\"https:\\\/\\\/www.meydan.tv\\\/az\\\/#\\\/schema\\\/person\\\/9cdbecf90d17180ce1dfbd95b08dcf47\",\"name\":\"elli\",\"sameAs\":[\"https:\\\/\\\/x.com\\\/elli\"]}]}<\/script>\n<!-- \/ Yoast SEO plugin. -->","yoast_head_json":{"title":"S\u0259fir: \u201cKiyevin giri\u015find\u0259 intensiv d\u00f6y\u00fc\u015fl\u0259r gedir\u201d - MEYDAN.TV","robots":{"index":"index","follow":"follow","max-snippet":"max-snippet:-1","max-image-preview":"max-image-preview:large","max-video-preview":"max-video-preview:-1"},"canonical":"https:\/\/www.meydan.tv\/az\/article\/sefir-kiyevin-girisinde-intensiv-doyusler-gedir\/","og_locale":"az_AZ","og_type":"article","og_title":"S\u0259fir: \u201cKiyevin giri\u015find\u0259 intensiv d\u00f6y\u00fc\u015fl\u0259r gedir\u201d - MEYDAN.TV","og_description":"\u201cKiyevin bombardman edilm\u0259si \u00f6z\u00fcn\u00fcn sinizmi v\u0259 \u015f\u0259r\u0259fsizliyin\u0259 g\u00f6r\u0259 sizin yax\u015f\u0131 ... Davam\u0131","og_url":"https:\/\/www.meydan.tv\/az\/article\/sefir-kiyevin-girisinde-intensiv-doyusler-gedir\/","og_site_name":"MEYDAN.TV","article_published_time":"2022-02-25T11:25:06+00:00","article_modified_time":"2022-02-25T11:25:07+00:00","og_image":[{"width":1600,"height":1200,"url":"https:\/\/www.meydan.tv\/wp-content\/uploads\/photo-2022-02-25-14-28-39.jpg","type":"image\/jpeg"}],"author":"elli","twitter_card":"summary_large_image","twitter_creator":"@elli","schema":{"@context":"https:\/\/schema.org","@graph":[{"@type":"Article","@id":"https:\/\/www.meydan.tv\/az\/article\/sefir-kiyevin-girisinde-intensiv-doyusler-gedir\/#article","isPartOf":{"@id":"https:\/\/www.meydan.tv\/az\/article\/sefir-kiyevin-girisinde-intensiv-doyusler-gedir\/"},"author":{"name":"elli","@id":"https:\/\/www.meydan.tv\/az\/#\/schema\/person\/9cdbecf90d17180ce1dfbd95b08dcf47"},"headline":"S\u0259fir: \u201cKiyevin giri\u015find\u0259 intensiv d\u00f6y\u00fc\u015fl\u0259r gedir\u201d","datePublished":"2022-02-25T11:25:06+00:00","dateModified":"2022-02-25T11:25:07+00:00","mainEntityOfPage":{"@id":"https:\/\/www.meydan.tv\/az\/article\/sefir-kiyevin-girisinde-intensiv-doyusler-gedir\/"},"wordCount":366,"publisher":{"@id":"https:\/\/www.meydan.tv\/az\/#organization"},"image":{"@id":"https:\/\/www.meydan.tv\/az\/article\/sefir-kiyevin-girisinde-intensiv-doyusler-gedir\/#primaryimage"},"thumbnailUrl":"https:\/\/www.meydan.tv\/wp-content\/uploads\/photo-2022-02-25-14-28-39.jpg","articleSection":["Siyas\u0259t","X\u0259b\u0259rl\u0259r"],"inLanguage":"az"},{"@type":"WebPage","@id":"https:\/\/www.meydan.tv\/az\/article\/sefir-kiyevin-girisinde-intensiv-doyusler-gedir\/","url":"https:\/\/www.meydan.tv\/az\/article\/sefir-kiyevin-girisinde-intensiv-doyusler-gedir\/","name":"S\u0259fir: \u201cKiyevin giri\u015find\u0259 intensiv d\u00f6y\u00fc\u015fl\u0259r gedir\u201d - MEYDAN.TV","isPartOf":{"@id":"https:\/\/www.meydan.tv\/az\/#website"},"primaryImageOfPage":{"@id":"https:\/\/www.meydan.tv\/az\/article\/sefir-kiyevin-girisinde-intensiv-doyusler-gedir\/#primaryimage"},"image":{"@id":"https:\/\/www.meydan.tv\/az\/article\/sefir-kiyevin-girisinde-intensiv-doyusler-gedir\/#primaryimage"},"thumbnailUrl":"https:\/\/www.meydan.tv\/wp-content\/uploads\/photo-2022-02-25-14-28-39.jpg","datePublished":"2022-02-25T11:25:06+00:00","dateModified":"2022-02-25T11:25:07+00:00","breadcrumb":{"@id":"https:\/\/www.meydan.tv\/az\/article\/sefir-kiyevin-girisinde-intensiv-doyusler-gedir\/#breadcrumb"},"inLanguage":"az","potentialAction":[{"@type":"ReadAction","target":["https:\/\/www.meydan.tv\/az\/article\/sefir-kiyevin-girisinde-intensiv-doyusler-gedir\/"]}]},{"@type":"ImageObject","inLanguage":"az","@id":"https:\/\/www.meydan.tv\/az\/article\/sefir-kiyevin-girisinde-intensiv-doyusler-gedir\/#primaryimage","url":"https:\/\/www.meydan.tv\/wp-content\/uploads\/photo-2022-02-25-14-28-39.jpg","contentUrl":"https:\/\/www.meydan.tv\/wp-content\/uploads\/photo-2022-02-25-14-28-39.jpg","width":1600,"height":1200,"caption":"Foto: Meydan TV"},{"@type":"BreadcrumbList","@id":"https:\/\/www.meydan.tv\/az\/article\/sefir-kiyevin-girisinde-intensiv-doyusler-gedir\/#breadcrumb","itemListElement":[{"@type":"ListItem","position":1,"name":"Ana s\u0259hif\u0259","item":"https:\/\/www.meydan.tv\/az\/"},{"@type":"ListItem","position":2,"name":"Siyas\u0259t","item":"https:\/\/www.meydan.tv\/az\/section\/siyaset\/"},{"@type":"ListItem","position":3,"name":"S\u0259fir: \u201cKiyevin giri\u015find\u0259 intensiv d\u00f6y\u00fc\u015fl\u0259r gedir\u201d"}]},{"@type":"WebSite","@id":"https:\/\/www.meydan.tv\/az\/#website","url":"https:\/\/www.meydan.tv\/az\/","name":"MEYDAN.TV","description":"Meydan TV Az\u0259rbaycan\u0131n media m\u0259kan\u0131ndak\u0131 alternativ s\u0259sidir","publisher":{"@id":"https:\/\/www.meydan.tv\/az\/#organization"},"potentialAction":[{"@type":"SearchAction","target":{"@type":"EntryPoint","urlTemplate":"https:\/\/www.meydan.tv\/az\/?s={search_term_string}"},"query-input":{"@type":"PropertyValueSpecification","valueRequired":true,"valueName":"search_term_string"}}],"inLanguage":"az"},{"@type":"Organization","@id":"https:\/\/www.meydan.tv\/az\/#organization","name":"Meydan TV","url":"https:\/\/www.meydan.tv\/az\/","logo":{"@type":"ImageObject","inLanguage":"az","@id":"https:\/\/www.meydan.tv\/az\/#\/schema\/logo\/image\/","url":"https:\/\/www.meydan.tv\/wp-content\/uploads\/2021\/07\/meydan-logo.svg","contentUrl":"https:\/\/www.meydan.tv\/wp-content\/uploads\/2021\/07\/meydan-logo.svg","width":195,"height":46,"caption":"Meydan TV"},"image":{"@id":"https:\/\/www.meydan.tv\/az\/#\/schema\/logo\/image\/"}},{"@type":"Person","@id":"https:\/\/www.meydan.tv\/az\/#\/schema\/person\/9cdbecf90d17180ce1dfbd95b08dcf47","name":"elli","sameAs":["https:\/\/x.com\/elli"]}]}},"_links":{"self":[{"href":"https:\/\/www.meydan.tv\/az\/wp-json\/wp\/v2\/posts\/235963","targetHints":{"allow":["GET"]}}],"collection":[{"href":"https:\/\/www.meydan.tv\/az\/wp-json\/wp\/v2\/posts"}],"about":[{"href":"https:\/\/www.meydan.tv\/az\/wp-json\/wp\/v2\/types\/post"}],"author":[{"embeddable":true,"href":"https:\/\/www.meydan.tv\/az\/wp-json\/wp\/v2\/users\/8"}],"replies":[{"embeddable":true,"href":"https:\/\/www.meydan.tv\/az\/wp-json\/wp\/v2\/comments?post=235963"}],"version-history":[{"count":1,"href":"https:\/\/www.meydan.tv\/az\/wp-json\/wp\/v2\/posts\/235963\/revisions"}],"predecessor-version":[{"id":235964,"href":"https:\/\/www.meydan.tv\/az\/wp-json\/wp\/v2\/posts\/235963\/revisions\/235964"}],"wp:featuredmedia":[{"embeddable":true,"href":"https:\/\/www.meydan.tv\/az\/wp-json\/wp\/v2\/media\/235959"}],"wp:attachment":[{"href":"https:\/\/www.meydan.tv\/az\/wp-json\/wp\/v2\/media?parent=235963"}],"wp:term":[{"taxonomy":"category","embeddable":true,"href":"https:\/\/www.meydan.tv\/az\/wp-json\/wp\/v2\/categories?post=235963"},{"taxonomy":"post_tag","embeddable":true,"href":"https:\/\/www.meydan.tv\/az\/wp-json\/wp\/v2\/tags?post=235963"}],"curies":[{"name":"wp","href":"https:\/\/api.w.org\/{rel}","templated":true}]}}