{"id":235932,"date":"2022-02-25T15:01:54","date_gmt":"2022-02-25T11:01:54","guid":{"rendered":"https:\/\/www.meydan.tv\/?p=235932"},"modified":"2022-02-25T15:01:56","modified_gmt":"2022-02-25T11:01:56","slug":"ukrayna-ehalisi-polsa-ruminiya-macaristan-ve-slovakiyaya-axisir","status":"publish","type":"post","link":"https:\/\/www.meydan.tv\/az\/article\/ukrayna-ehalisi-polsa-ruminiya-macaristan-ve-slovakiyaya-axisir\/","title":{"rendered":"Ukrayna \u0259halisi Pol\u015fa, Rum\u0131niya, Macar\u0131stan v\u0259 Slovakiyaya ax\u0131\u015f\u0131r"},"content":{"rendered":"\n<p><em>Avropaya \u00fcz tutanlar da \u0259sas\u0259n qad\u0131nlar v\u0259 u\u015faqlard\u0131r<\/em><\/p>\n\n\n\n<p>Rusiya raketl\u0259rinin paytaxt Kiyevi vurmas\u0131ndan sonra m\u00fcharib\u0259d\u0259n qa\u00e7an minl\u0259rl\u0259 insan Pol\u015fa, Rum\u0131niya, Macar\u0131stan v\u0259 Slovakiyaya ax\u0131\u015f\u0131r.<\/p>\n\n\n\n<p>Fevral\u0131n 24-d\u0259 Rusiya Prezidenti Vladimir Putinin Ukraynaya m\u00fcdaxil\u0259y\u0259 ba\u015flamas\u0131ndan bir g\u00fcn sonra Ukrayna h\u00f6kum\u0259ti 18-60 ya\u015f aras\u0131 ki\u015fil\u0259r \u00fc\u00e7\u00fcn \u00f6lk\u0259d\u0259n \u00e7\u0131x\u0131\u015f\u0131 m\u0259hdudla\u015fd\u0131r\u0131b.<\/p>\n\n\n\n<p>Odur ki, Avropaya \u00fcz tutanlar da \u0259sas\u0259n qad\u0131nlar v\u0259 u\u015faqlard\u0131r.<\/p>\n\n\n\n<p>\u201cReuters\u201d Pol\u015fan\u0131n yerli medias\u0131na istinadla <a href=\"https:\/\/www.reuters.com\/world\/europe\/we-pray-ukraine-people-flee-war-into-central-europe-2022-02-25\/\" target=\"_blank\" rel=\"noreferrer noopener\">yaz\u0131r<\/a> ki,&nbsp; insanlardan bir qismi soyuq havada Pol\u015fan\u0131n c\u0259nubundak\u0131 Medykaya ke\u00e7m\u0259k \u00fc\u00e7\u00fcn 16-18 saat g\u00f6zl\u0259yib.<\/p>\n\n\n\n<p>S\u0259rh\u0259d r\u0259smil\u0259ri fevral\u0131n 24-d\u0259 Ukraynadan Pol\u015faya 29 min insan\u0131n ke\u00e7diyini a\u00e7\u0131qlay\u0131b.<\/p>\n\n\n\n<p>Onlardan n\u0259 q\u0259d\u0259rinin evl\u0259rin\u0259 d\u00f6n\u0259n \u0259cn\u0259bil\u0259r, n\u0259 q\u0259d\u0259rinin m\u00fcharib\u0259 qa\u00e7q\u0131nlar\u0131 oldu\u011fu b\u0259lli deyil.<\/p>\n\n\n\n<p>Pol\u015fa daxili i\u015fl\u0259r nazirinin m\u00fcavini Pave Szefernaker <a href=\"https:\/\/www.theguardian.com\/world\/live\/2022\/feb\/25\/russia-ukraine-invasion-latest-news-live-updates-russian-war-vladimir-putin-explosions-bombing-invades-kyiv\" target=\"_blank\" rel=\"noreferrer noopener\">bildirib<\/a> ki, Ukraynada h\u0259rbi xidm\u0259t\u0259 \u00e7a\u011f\u0131r\u0131\u015f ya\u015fl\u0131 ki\u015fil\u0259r saxlan\u0131ld\u0131\u011f\u0131 \u00fc\u00e7\u00fcn ukraynal\u0131 avtobus s\u00fcr\u00fcc\u00fcl\u0259ri s\u0259rh\u0259di ke\u00e7\u0259 bilmirl\u0259r.<\/p>\n\n\n\n<p>Pol\u015fan\u0131n c\u0259nubundak\u0131 Podkarpakye b\u00f6lg\u0259sinin s\u00f6z\u00e7\u00fcs\u00fc Micha Mielniczuk is\u0259 g\u0259l\u0259n insanlara m\u00fcv\u0259qq\u0259ti ya\u015fay\u0131\u015f yerinin t\u0259klif edildiyini s\u00f6yl\u0259yib.<\/p>\n\n\n\n<p>O, PAP x\u0259b\u0259r agentliyin\u0259 bildirib ki, g\u0259l\u0259nl\u0259rin b\u00f6y\u00fck \u0259ks\u0259riyy\u0259t isti yem\u0259k ald\u0131qdan sonra Pol\u015fan\u0131n ba\u015fqa yerl\u0259rin\u0259 getm\u0259y\u0259 davam edir.<\/p>\n\n\n\n<p>Hadis\u0259 yerind\u0259 olan insanlar\u0131n \u201cReuters\u201d\u0259 bildirm\u0259sin\u0259 g\u00f6r\u0259, Rum\u0131niyan\u0131n \u015fimal s\u0259rh\u0259ddind\u0259 qad\u0131nlar h\u0259yat yolda\u015flar\u0131 v\u0259 ya sevgilil\u0259ri il\u0259 vidala\u015fark\u0259n a\u011flay\u0131blar.<\/p>\n\n\n\n<p>Vidadan sonra is\u0259 Siqhetu Marmatieiy\u0259 ke\u00e7m\u0259k \u00fc\u00e7\u00fcn yola d\u00fc\u015f\u00fcbl\u0259r.<\/p>\n\n\n\n<p>Rum\u0131niyadak\u0131 yerli K\u0130V-in m\u0259lumat\u0131na g\u00f6r\u0259, avtomobill\u0259r Dunay \u00e7ay\u0131 \u00fcz\u0259rind\u0259n Moldova il\u0259 Qara d\u0259niz aras\u0131nda yerl\u0259\u015f\u0259n \u0130saccea \u015f\u0259h\u0259rin\u0259 ged\u0259n b\u0259r\u0259y\u0259 minm\u0259k \u00fc\u00e7\u00fcn g\u00f6zl\u0259y\u0259nd\u0259 uzun n\u00f6vb\u0259l\u0259r yaran\u0131b.<\/p>\n\n\n\n<p>Slovakiya hakimiyy\u0259ti insanlar\u0131 qan verm\u0259y\u0259 v\u0259 ordu v\u0259 ya NATO-nun istifad\u0259si \u00fc\u00e7\u00fcn ayr\u0131lm\u0131\u015f 5380 \u00e7arpay\u0131l\u0131q x\u0259st\u0259xanalar qurma\u011fa \u00e7a\u011f\u0131r\u0131b.<\/p>\n\n\n\n<p>M\u0259rk\u0259zi Avropada, NATO-nun \u015f\u0259rq cinah\u0131nda is\u0259 k\u00f6n\u00fcll\u00fcl\u0259r s\u0259rh\u0259dl\u0259rd\u0259n g\u0259l\u0259n insanlar\u0131 m\u0259nzil v\u0259 n\u0259qliyyatla t\u0259min etm\u0259k \u00fc\u00e7\u00fcn sosial mediada postlar payla\u015f\u0131b.<\/p>\n\n\n\n<p>F\u0259allar h\u0259m\u00e7inin insanlar\u0131 yem\u0259k v\u0259 isti i\u00e7ki il\u0259 t\u0259min ed\u0259n m\u0259nt\u0259q\u0259l\u0259r yarad\u0131blar.<\/p>\n\n\n\n<p>Fevral\u0131n 24-n\u0259 ke\u00e7\u0259n gec\u0259 Rusiya Prezidenti Vladimir Putin Ukrayna \u00fcz\u0259rin\u0259 \u201cx\u00fcsusi \u0259m\u0259liyyat\u201d \u0259mri verdi.<\/p>\n\n\n\n<p>S\u0259b\u0259b kimi is\u0259 qondarma Donetsk v\u0259 Luqansk \u201crespublikalar\u0131\u201d r\u0259hb\u0259rl\u0259rinin ona m\u00fcraci\u0259tini g\u00f6st\u0259rib.<\/p>\n\n\n\n<p>\u0130ddia edib ki, m\u0259qs\u0259d dinc sakinl\u0259ri qorumaq, Ukraynan\u0131n t\u0259hdidl\u0259rin\u0259 cavab verm\u0259kdir.<\/p>\n\n\n\n<p>Bundan sonra Ukraynan\u0131n bir ne\u00e7\u0259 \u015f\u0259h\u0259rin\u0259 raket z\u0259rb\u0259l\u0259ri endirilib v\u0259 bundan qorxan dinc \u0259hali Kiyev d\u0259 daxil olmaqla, \u015f\u0259h\u0259rl\u0259ri t\u0259rk etm\u0259y\u0259 ba\u015flay\u0131b.<\/p>\n\n\n\n<p>Fevral\u0131n 24-d\u0259 Kiyevd\u0259n \u00e7\u0131xmaq ist\u0259y\u0259n avtomobill\u0259r b\u00f6y\u00fck t\u0131xac <a href=\"https:\/\/www.meydan.tv\/az\/article\/ukrayna-rusiyanin-tammiqyasli-isgalini-tesdiqledi\/\" target=\"_blank\" rel=\"noreferrer noopener\">yarad\u0131b<\/a>.<\/p>\n\n\n\n<p>Rusiyan\u0131n Ukraynaya m\u00fcdaxil\u0259sini Q\u0259rb \u00f6lk\u0259l\u0259ri pisl\u0259yib. Buna g\u00f6r\u0259 Rusiyaya sanksiyalar t\u0259tbiq edibl\u0259r v\u0259 bildiribl\u0259r ki, Putinin buna g\u00f6r\u0259 cavab ver\u0259c\u0259k.<\/p>\n","protected":false},"excerpt":{"rendered":"<p>Avropaya \u00fcz tutanlar da \u0259sas\u0259n qad\u0131nlar v\u0259 u\u015faqlard\u0131r Rusiya raketl\u0259rinin &#8230; <\/p>\n<p class=\"read-more-container\"><a title=\"Ukrayna \u0259halisi Pol\u015fa, Rum\u0131niya, Macar\u0131stan v\u0259 Slovakiyaya ax\u0131\u015f\u0131r\" class=\"read-more button\" href=\"https:\/\/www.meydan.tv\/az\/article\/ukrayna-ehalisi-polsa-ruminiya-macaristan-ve-slovakiyaya-axisir\/#more-235932\" aria-label=\"Read more about Ukrayna \u0259halisi Pol\u015fa, Rum\u0131niya, Macar\u0131stan v\u0259 Slovakiyaya ax\u0131\u015f\u0131r\">Davam\u0131<\/a><\/p>\n","protected":false},"author":8,"featured_media":235933,"comment_status":"closed","ping_status":"closed","sticky":false,"template":"","format":"standard","meta":{"_acf_changed":false,"_sitemap_exclude":false,"_sitemap_priority":"","_sitemap_frequency":"","footnotes":""},"categories":[64,56],"tags":[],"class_list":["post-235932","post","type-post","status-publish","format-standard","has-post-thumbnail","hentry","category-dunya","category-xeberler","infinite-scroll-item","generate-columns","tablet-grid-50","mobile-grid-100","grid-parent","grid-33","no-featured-image-padding"],"acf":[],"yoast_head":"<!-- This site is optimized with the Yoast SEO plugin v27.5 - https:\/\/yoast.com\/product\/yoast-seo-wordpress\/ -->\n<title>Ukrayna \u0259halisi Pol\u015fa, Rum\u0131niya, Macar\u0131stan v\u0259 Slovakiyaya ax\u0131\u015f\u0131r - MEYDAN.TV<\/title>\n<meta name=\"robots\" content=\"index, follow, max-snippet:-1, max-image-preview:large, max-video-preview:-1\" \/>\n<link rel=\"canonical\" href=\"https:\/\/www.meydan.tv\/az\/article\/ukrayna-ehalisi-polsa-ruminiya-macaristan-ve-slovakiyaya-axisir\/\" \/>\n<meta property=\"og:locale\" content=\"az_AZ\" \/>\n<meta property=\"og:type\" content=\"article\" \/>\n<meta property=\"og:title\" content=\"Ukrayna \u0259halisi Pol\u015fa, Rum\u0131niya, Macar\u0131stan v\u0259 Slovakiyaya ax\u0131\u015f\u0131r - MEYDAN.TV\" \/>\n<meta property=\"og:description\" content=\"Avropaya \u00fcz tutanlar da \u0259sas\u0259n qad\u0131nlar v\u0259 u\u015faqlard\u0131r Rusiya raketl\u0259rinin ... Davam\u0131\" \/>\n<meta property=\"og:url\" content=\"https:\/\/www.meydan.tv\/az\/article\/ukrayna-ehalisi-polsa-ruminiya-macaristan-ve-slovakiyaya-axisir\/\" \/>\n<meta property=\"og:site_name\" content=\"MEYDAN.TV\" \/>\n<meta property=\"article:published_time\" content=\"2022-02-25T11:01:54+00:00\" \/>\n<meta property=\"article:modified_time\" content=\"2022-02-25T11:01:56+00:00\" \/>\n<meta property=\"og:image\" content=\"https:\/\/www.meydan.tv\/wp-content\/uploads\/wuyuy6xq7fmifbj3jlhktiotzm.jpg\" \/>\n\t<meta property=\"og:image:width\" content=\"960\" \/>\n\t<meta property=\"og:image:height\" content=\"640\" \/>\n\t<meta property=\"og:image:type\" content=\"image\/jpeg\" \/>\n<meta name=\"author\" content=\"elli\" \/>\n<meta name=\"twitter:card\" content=\"summary_large_image\" \/>\n<meta name=\"twitter:creator\" content=\"@elli\" \/>\n<script type=\"application\/ld+json\" class=\"yoast-schema-graph\">{\"@context\":\"https:\\\/\\\/schema.org\",\"@graph\":[{\"@type\":\"Article\",\"@id\":\"https:\\\/\\\/www.meydan.tv\\\/az\\\/article\\\/ukrayna-ehalisi-polsa-ruminiya-macaristan-ve-slovakiyaya-axisir\\\/#article\",\"isPartOf\":{\"@id\":\"https:\\\/\\\/www.meydan.tv\\\/az\\\/article\\\/ukrayna-ehalisi-polsa-ruminiya-macaristan-ve-slovakiyaya-axisir\\\/\"},\"author\":{\"name\":\"elli\",\"@id\":\"https:\\\/\\\/www.meydan.tv\\\/az\\\/#\\\/schema\\\/person\\\/9cdbecf90d17180ce1dfbd95b08dcf47\"},\"headline\":\"Ukrayna \u0259halisi Pol\u015fa, Rum\u0131niya, Macar\u0131stan v\u0259 Slovakiyaya ax\u0131\u015f\u0131r\",\"datePublished\":\"2022-02-25T11:01:54+00:00\",\"dateModified\":\"2022-02-25T11:01:56+00:00\",\"mainEntityOfPage\":{\"@id\":\"https:\\\/\\\/www.meydan.tv\\\/az\\\/article\\\/ukrayna-ehalisi-polsa-ruminiya-macaristan-ve-slovakiyaya-axisir\\\/\"},\"wordCount\":618,\"publisher\":{\"@id\":\"https:\\\/\\\/www.meydan.tv\\\/az\\\/#organization\"},\"image\":{\"@id\":\"https:\\\/\\\/www.meydan.tv\\\/az\\\/article\\\/ukrayna-ehalisi-polsa-ruminiya-macaristan-ve-slovakiyaya-axisir\\\/#primaryimage\"},\"thumbnailUrl\":\"https:\\\/\\\/www.meydan.tv\\\/wp-content\\\/uploads\\\/wuyuy6xq7fmifbj3jlhktiotzm.jpg\",\"articleSection\":[\"D\u00fcnya\",\"X\u0259b\u0259rl\u0259r\"],\"inLanguage\":\"az\"},{\"@type\":\"WebPage\",\"@id\":\"https:\\\/\\\/www.meydan.tv\\\/az\\\/article\\\/ukrayna-ehalisi-polsa-ruminiya-macaristan-ve-slovakiyaya-axisir\\\/\",\"url\":\"https:\\\/\\\/www.meydan.tv\\\/az\\\/article\\\/ukrayna-ehalisi-polsa-ruminiya-macaristan-ve-slovakiyaya-axisir\\\/\",\"name\":\"Ukrayna \u0259halisi Pol\u015fa, Rum\u0131niya, Macar\u0131stan v\u0259 Slovakiyaya ax\u0131\u015f\u0131r - MEYDAN.TV\",\"isPartOf\":{\"@id\":\"https:\\\/\\\/www.meydan.tv\\\/az\\\/#website\"},\"primaryImageOfPage\":{\"@id\":\"https:\\\/\\\/www.meydan.tv\\\/az\\\/article\\\/ukrayna-ehalisi-polsa-ruminiya-macaristan-ve-slovakiyaya-axisir\\\/#primaryimage\"},\"image\":{\"@id\":\"https:\\\/\\\/www.meydan.tv\\\/az\\\/article\\\/ukrayna-ehalisi-polsa-ruminiya-macaristan-ve-slovakiyaya-axisir\\\/#primaryimage\"},\"thumbnailUrl\":\"https:\\\/\\\/www.meydan.tv\\\/wp-content\\\/uploads\\\/wuyuy6xq7fmifbj3jlhktiotzm.jpg\",\"datePublished\":\"2022-02-25T11:01:54+00:00\",\"dateModified\":\"2022-02-25T11:01:56+00:00\",\"breadcrumb\":{\"@id\":\"https:\\\/\\\/www.meydan.tv\\\/az\\\/article\\\/ukrayna-ehalisi-polsa-ruminiya-macaristan-ve-slovakiyaya-axisir\\\/#breadcrumb\"},\"inLanguage\":\"az\",\"potentialAction\":[{\"@type\":\"ReadAction\",\"target\":[\"https:\\\/\\\/www.meydan.tv\\\/az\\\/article\\\/ukrayna-ehalisi-polsa-ruminiya-macaristan-ve-slovakiyaya-axisir\\\/\"]}]},{\"@type\":\"ImageObject\",\"inLanguage\":\"az\",\"@id\":\"https:\\\/\\\/www.meydan.tv\\\/az\\\/article\\\/ukrayna-ehalisi-polsa-ruminiya-macaristan-ve-slovakiyaya-axisir\\\/#primaryimage\",\"url\":\"https:\\\/\\\/www.meydan.tv\\\/wp-content\\\/uploads\\\/wuyuy6xq7fmifbj3jlhktiotzm.jpg\",\"contentUrl\":\"https:\\\/\\\/www.meydan.tv\\\/wp-content\\\/uploads\\\/wuyuy6xq7fmifbj3jlhktiotzm.jpg\",\"width\":960,\"height\":640,\"caption\":\"M\u0259nb\u0259: Reuters\"},{\"@type\":\"BreadcrumbList\",\"@id\":\"https:\\\/\\\/www.meydan.tv\\\/az\\\/article\\\/ukrayna-ehalisi-polsa-ruminiya-macaristan-ve-slovakiyaya-axisir\\\/#breadcrumb\",\"itemListElement\":[{\"@type\":\"ListItem\",\"position\":1,\"name\":\"Ana s\u0259hif\u0259\",\"item\":\"https:\\\/\\\/www.meydan.tv\\\/az\\\/\"},{\"@type\":\"ListItem\",\"position\":2,\"name\":\"D\u00fcnya\",\"item\":\"https:\\\/\\\/www.meydan.tv\\\/az\\\/section\\\/dunya\\\/\"},{\"@type\":\"ListItem\",\"position\":3,\"name\":\"Ukrayna \u0259halisi Pol\u015fa, Rum\u0131niya, Macar\u0131stan v\u0259 Slovakiyaya ax\u0131\u015f\u0131r\"}]},{\"@type\":\"WebSite\",\"@id\":\"https:\\\/\\\/www.meydan.tv\\\/az\\\/#website\",\"url\":\"https:\\\/\\\/www.meydan.tv\\\/az\\\/\",\"name\":\"MEYDAN.TV\",\"description\":\"Meydan TV Az\u0259rbaycan\u0131n media m\u0259kan\u0131ndak\u0131 alternativ s\u0259sidir\",\"publisher\":{\"@id\":\"https:\\\/\\\/www.meydan.tv\\\/az\\\/#organization\"},\"potentialAction\":[{\"@type\":\"SearchAction\",\"target\":{\"@type\":\"EntryPoint\",\"urlTemplate\":\"https:\\\/\\\/www.meydan.tv\\\/az\\\/?s={search_term_string}\"},\"query-input\":{\"@type\":\"PropertyValueSpecification\",\"valueRequired\":true,\"valueName\":\"search_term_string\"}}],\"inLanguage\":\"az\"},{\"@type\":\"Organization\",\"@id\":\"https:\\\/\\\/www.meydan.tv\\\/az\\\/#organization\",\"name\":\"Meydan TV\",\"url\":\"https:\\\/\\\/www.meydan.tv\\\/az\\\/\",\"logo\":{\"@type\":\"ImageObject\",\"inLanguage\":\"az\",\"@id\":\"https:\\\/\\\/www.meydan.tv\\\/az\\\/#\\\/schema\\\/logo\\\/image\\\/\",\"url\":\"https:\\\/\\\/www.meydan.tv\\\/wp-content\\\/uploads\\\/2021\\\/07\\\/meydan-logo.svg\",\"contentUrl\":\"https:\\\/\\\/www.meydan.tv\\\/wp-content\\\/uploads\\\/2021\\\/07\\\/meydan-logo.svg\",\"width\":195,\"height\":46,\"caption\":\"Meydan TV\"},\"image\":{\"@id\":\"https:\\\/\\\/www.meydan.tv\\\/az\\\/#\\\/schema\\\/logo\\\/image\\\/\"}},{\"@type\":\"Person\",\"@id\":\"https:\\\/\\\/www.meydan.tv\\\/az\\\/#\\\/schema\\\/person\\\/9cdbecf90d17180ce1dfbd95b08dcf47\",\"name\":\"elli\",\"sameAs\":[\"https:\\\/\\\/x.com\\\/elli\"]}]}<\/script>\n<!-- \/ Yoast SEO plugin. -->","yoast_head_json":{"title":"Ukrayna \u0259halisi Pol\u015fa, Rum\u0131niya, Macar\u0131stan v\u0259 Slovakiyaya ax\u0131\u015f\u0131r - MEYDAN.TV","robots":{"index":"index","follow":"follow","max-snippet":"max-snippet:-1","max-image-preview":"max-image-preview:large","max-video-preview":"max-video-preview:-1"},"canonical":"https:\/\/www.meydan.tv\/az\/article\/ukrayna-ehalisi-polsa-ruminiya-macaristan-ve-slovakiyaya-axisir\/","og_locale":"az_AZ","og_type":"article","og_title":"Ukrayna \u0259halisi Pol\u015fa, Rum\u0131niya, Macar\u0131stan v\u0259 Slovakiyaya ax\u0131\u015f\u0131r - MEYDAN.TV","og_description":"Avropaya \u00fcz tutanlar da \u0259sas\u0259n qad\u0131nlar v\u0259 u\u015faqlard\u0131r Rusiya raketl\u0259rinin ... Davam\u0131","og_url":"https:\/\/www.meydan.tv\/az\/article\/ukrayna-ehalisi-polsa-ruminiya-macaristan-ve-slovakiyaya-axisir\/","og_site_name":"MEYDAN.TV","article_published_time":"2022-02-25T11:01:54+00:00","article_modified_time":"2022-02-25T11:01:56+00:00","og_image":[{"width":960,"height":640,"url":"https:\/\/www.meydan.tv\/wp-content\/uploads\/wuyuy6xq7fmifbj3jlhktiotzm.jpg","type":"image\/jpeg"}],"author":"elli","twitter_card":"summary_large_image","twitter_creator":"@elli","schema":{"@context":"https:\/\/schema.org","@graph":[{"@type":"Article","@id":"https:\/\/www.meydan.tv\/az\/article\/ukrayna-ehalisi-polsa-ruminiya-macaristan-ve-slovakiyaya-axisir\/#article","isPartOf":{"@id":"https:\/\/www.meydan.tv\/az\/article\/ukrayna-ehalisi-polsa-ruminiya-macaristan-ve-slovakiyaya-axisir\/"},"author":{"name":"elli","@id":"https:\/\/www.meydan.tv\/az\/#\/schema\/person\/9cdbecf90d17180ce1dfbd95b08dcf47"},"headline":"Ukrayna \u0259halisi Pol\u015fa, Rum\u0131niya, Macar\u0131stan v\u0259 Slovakiyaya ax\u0131\u015f\u0131r","datePublished":"2022-02-25T11:01:54+00:00","dateModified":"2022-02-25T11:01:56+00:00","mainEntityOfPage":{"@id":"https:\/\/www.meydan.tv\/az\/article\/ukrayna-ehalisi-polsa-ruminiya-macaristan-ve-slovakiyaya-axisir\/"},"wordCount":618,"publisher":{"@id":"https:\/\/www.meydan.tv\/az\/#organization"},"image":{"@id":"https:\/\/www.meydan.tv\/az\/article\/ukrayna-ehalisi-polsa-ruminiya-macaristan-ve-slovakiyaya-axisir\/#primaryimage"},"thumbnailUrl":"https:\/\/www.meydan.tv\/wp-content\/uploads\/wuyuy6xq7fmifbj3jlhktiotzm.jpg","articleSection":["D\u00fcnya","X\u0259b\u0259rl\u0259r"],"inLanguage":"az"},{"@type":"WebPage","@id":"https:\/\/www.meydan.tv\/az\/article\/ukrayna-ehalisi-polsa-ruminiya-macaristan-ve-slovakiyaya-axisir\/","url":"https:\/\/www.meydan.tv\/az\/article\/ukrayna-ehalisi-polsa-ruminiya-macaristan-ve-slovakiyaya-axisir\/","name":"Ukrayna \u0259halisi Pol\u015fa, Rum\u0131niya, Macar\u0131stan v\u0259 Slovakiyaya ax\u0131\u015f\u0131r - MEYDAN.TV","isPartOf":{"@id":"https:\/\/www.meydan.tv\/az\/#website"},"primaryImageOfPage":{"@id":"https:\/\/www.meydan.tv\/az\/article\/ukrayna-ehalisi-polsa-ruminiya-macaristan-ve-slovakiyaya-axisir\/#primaryimage"},"image":{"@id":"https:\/\/www.meydan.tv\/az\/article\/ukrayna-ehalisi-polsa-ruminiya-macaristan-ve-slovakiyaya-axisir\/#primaryimage"},"thumbnailUrl":"https:\/\/www.meydan.tv\/wp-content\/uploads\/wuyuy6xq7fmifbj3jlhktiotzm.jpg","datePublished":"2022-02-25T11:01:54+00:00","dateModified":"2022-02-25T11:01:56+00:00","breadcrumb":{"@id":"https:\/\/www.meydan.tv\/az\/article\/ukrayna-ehalisi-polsa-ruminiya-macaristan-ve-slovakiyaya-axisir\/#breadcrumb"},"inLanguage":"az","potentialAction":[{"@type":"ReadAction","target":["https:\/\/www.meydan.tv\/az\/article\/ukrayna-ehalisi-polsa-ruminiya-macaristan-ve-slovakiyaya-axisir\/"]}]},{"@type":"ImageObject","inLanguage":"az","@id":"https:\/\/www.meydan.tv\/az\/article\/ukrayna-ehalisi-polsa-ruminiya-macaristan-ve-slovakiyaya-axisir\/#primaryimage","url":"https:\/\/www.meydan.tv\/wp-content\/uploads\/wuyuy6xq7fmifbj3jlhktiotzm.jpg","contentUrl":"https:\/\/www.meydan.tv\/wp-content\/uploads\/wuyuy6xq7fmifbj3jlhktiotzm.jpg","width":960,"height":640,"caption":"M\u0259nb\u0259: Reuters"},{"@type":"BreadcrumbList","@id":"https:\/\/www.meydan.tv\/az\/article\/ukrayna-ehalisi-polsa-ruminiya-macaristan-ve-slovakiyaya-axisir\/#breadcrumb","itemListElement":[{"@type":"ListItem","position":1,"name":"Ana s\u0259hif\u0259","item":"https:\/\/www.meydan.tv\/az\/"},{"@type":"ListItem","position":2,"name":"D\u00fcnya","item":"https:\/\/www.meydan.tv\/az\/section\/dunya\/"},{"@type":"ListItem","position":3,"name":"Ukrayna \u0259halisi Pol\u015fa, Rum\u0131niya, Macar\u0131stan v\u0259 Slovakiyaya ax\u0131\u015f\u0131r"}]},{"@type":"WebSite","@id":"https:\/\/www.meydan.tv\/az\/#website","url":"https:\/\/www.meydan.tv\/az\/","name":"MEYDAN.TV","description":"Meydan TV Az\u0259rbaycan\u0131n media m\u0259kan\u0131ndak\u0131 alternativ s\u0259sidir","publisher":{"@id":"https:\/\/www.meydan.tv\/az\/#organization"},"potentialAction":[{"@type":"SearchAction","target":{"@type":"EntryPoint","urlTemplate":"https:\/\/www.meydan.tv\/az\/?s={search_term_string}"},"query-input":{"@type":"PropertyValueSpecification","valueRequired":true,"valueName":"search_term_string"}}],"inLanguage":"az"},{"@type":"Organization","@id":"https:\/\/www.meydan.tv\/az\/#organization","name":"Meydan TV","url":"https:\/\/www.meydan.tv\/az\/","logo":{"@type":"ImageObject","inLanguage":"az","@id":"https:\/\/www.meydan.tv\/az\/#\/schema\/logo\/image\/","url":"https:\/\/www.meydan.tv\/wp-content\/uploads\/2021\/07\/meydan-logo.svg","contentUrl":"https:\/\/www.meydan.tv\/wp-content\/uploads\/2021\/07\/meydan-logo.svg","width":195,"height":46,"caption":"Meydan TV"},"image":{"@id":"https:\/\/www.meydan.tv\/az\/#\/schema\/logo\/image\/"}},{"@type":"Person","@id":"https:\/\/www.meydan.tv\/az\/#\/schema\/person\/9cdbecf90d17180ce1dfbd95b08dcf47","name":"elli","sameAs":["https:\/\/x.com\/elli"]}]}},"_links":{"self":[{"href":"https:\/\/www.meydan.tv\/az\/wp-json\/wp\/v2\/posts\/235932","targetHints":{"allow":["GET"]}}],"collection":[{"href":"https:\/\/www.meydan.tv\/az\/wp-json\/wp\/v2\/posts"}],"about":[{"href":"https:\/\/www.meydan.tv\/az\/wp-json\/wp\/v2\/types\/post"}],"author":[{"embeddable":true,"href":"https:\/\/www.meydan.tv\/az\/wp-json\/wp\/v2\/users\/8"}],"replies":[{"embeddable":true,"href":"https:\/\/www.meydan.tv\/az\/wp-json\/wp\/v2\/comments?post=235932"}],"version-history":[{"count":2,"href":"https:\/\/www.meydan.tv\/az\/wp-json\/wp\/v2\/posts\/235932\/revisions"}],"predecessor-version":[{"id":235940,"href":"https:\/\/www.meydan.tv\/az\/wp-json\/wp\/v2\/posts\/235932\/revisions\/235940"}],"wp:featuredmedia":[{"embeddable":true,"href":"https:\/\/www.meydan.tv\/az\/wp-json\/wp\/v2\/media\/235933"}],"wp:attachment":[{"href":"https:\/\/www.meydan.tv\/az\/wp-json\/wp\/v2\/media?parent=235932"}],"wp:term":[{"taxonomy":"category","embeddable":true,"href":"https:\/\/www.meydan.tv\/az\/wp-json\/wp\/v2\/categories?post=235932"},{"taxonomy":"post_tag","embeddable":true,"href":"https:\/\/www.meydan.tv\/az\/wp-json\/wp\/v2\/tags?post=235932"}],"curies":[{"name":"wp","href":"https:\/\/api.w.org\/{rel}","templated":true}]}}