{"id":235918,"date":"2022-02-25T14:27:42","date_gmt":"2022-02-25T10:27:42","guid":{"rendered":"https:\/\/www.meydan.tv\/?p=235918"},"modified":"2022-02-25T14:28:22","modified_gmt":"2022-02-25T10:28:22","slug":"cempionlar-liqasinin-final-oyunu-santk-peterburqda-kecirilmeyecek","status":"publish","type":"post","link":"https:\/\/www.meydan.tv\/az\/article\/cempionlar-liqasinin-final-oyunu-santk-peterburqda-kecirilmeyecek\/","title":{"rendered":"\u00c7empionlar Liqas\u0131n\u0131n final oyunu Santk-Peterburqda ke\u00e7irilm\u0259y\u0259c\u0259k"},"content":{"rendered":"\n<p><em>UEFA \u0130craiyy\u0259 Komit\u0259si q\u0259rar\u0131n\u0131 a\u00e7\u0131qlad\u0131<\/em><\/p>\n\n\n\n<p>UEFA \u0130craiyy\u0259 Komit\u0259si fevral\u0131n 25-d\u0259 Avropada t\u0259hl\u00fck\u0259sizlikl\u0259 ba\u011fl\u0131 v\u0259ziyy\u0259tin k\u0259skinl\u0259\u015fm\u0259si il\u0259 \u0259laq\u0259dar n\u00f6vb\u0259d\u0259nk\u0259nar iclas <a href=\"https:\/\/www.uefa.com\/uefachampionsleague\/news\/0272-148740475a92-1b97baa3e9d7-1000--decisions-from-today-s-extraordinary-uefa-executive-committee-m\/\" target=\"_blank\" rel=\"noreferrer noopener\">ke\u00e7irib<\/a>.<\/p>\n\n\n\n<p>&nbsp;UEFA \u0130craiyy\u0259 Komit\u0259si 2021\/22 UEFA \u00c7empionlar Liqas\u0131n\u0131n final\u0131n\u0131n Sankt-Peterburqdan Saint-Denisd\u0259ki Stade de Fransa k\u00f6\u00e7\u00fcr\u00fclm\u0259si bar\u0259d\u0259 q\u0259rar q\u0259bul edib. Oyun ilkin olaraq 28 May \u015f\u0259nb\u0259 g\u00fcn\u00fc Avropa vaxt\u0131 il\u0259 21:00-da oynan\u0131lacaq.<\/p>\n\n\n\n<p>UEFA Fransa Respublikas\u0131n\u0131n Prezidenti Emmanuel Makrona Avropa futbolunun \u0259n prestijli oyununun misilsiz b\u00f6hran zaman\u0131 Fransaya k\u00f6\u00e7\u00fcr\u00fclm\u0259si \u00fc\u00e7\u00fcn g\u00f6st\u0259rdiyi \u015f\u0259xsi d\u0259st\u0259y\u0259 v\u0259 \u00f6hd\u0259liyin\u0259 g\u00f6r\u0259 t\u0259\u015f\u0259kk\u00fcr v\u0259 minn\u0259tdarl\u0131\u011f\u0131n\u0131 bildirib.<\/p>\n\n\n\n<p>\u201cUEFA Fransa h\u00f6kum\u0259ti il\u0259 birlikd\u0259 Ukraynada d\u0259h\u015f\u0259tli insan iztirablar\u0131, da\u011f\u0131nt\u0131lar v\u0259 k\u00f6\u00e7k\u00fcnl\u00fckl\u0259 \u00fczl\u0259\u015fmi\u015f futbol\u00e7ular\u0131n v\u0259 onlar\u0131n ail\u0259l\u0259rinin xilas edilm\u0259sini t\u0259min etm\u0259k \u00fc\u00e7\u00fcn \u00e7oxt\u0259r\u0259fli s\u0259yl\u0259ri tam d\u0259st\u0259kl\u0259y\u0259c\u0259k\u201d, &#8211; m\u0259lumatda deyilir.<\/p>\n\n\n\n<p>Bug\u00fcnk\u00fc iclasda UEFA \u0130craiyy\u0259 Komit\u0259si h\u0259m\u00e7inin Rusiya v\u0259 Ukrayna \u0259razisind\u0259 \u00f6z bayra\u011f\u0131 alt\u0131nda ke\u00e7irilm\u0259li olan b\u00fct\u00fcn turnirl\u0259ri t\u0259xir\u0259 sal\u0131b.<\/p>\n\n\n\n<p>Bu q\u0259rara klub v\u0259 milli komandalar\u0131n i\u015ftirak\u0131 il\u0259 b\u00fct\u00fcn yar\u0131\u015flar daxildir. Haz\u0131rda q\u0259rar yaln\u0131z bir oyuna \u015famil edilir. Bu, Moskva \u201cSpartak\u201d\u0131n\u0131n Avropa Liqas\u0131n\u0131n 1\/8 final\u0131ndak\u0131 ev mat\u00e7\u0131d\u0131r.<\/p>\n\n\n\n<p>UEFA, mart\u0131n 24-d\u0259 Moskvada Rusiya v\u0259 Pol\u015fa millil\u0259ri aras\u0131nda oynan\u0131lacaq d\u00fcnya \u00e7empionat\u0131n\u0131n pley-off m\u0259rh\u0259l\u0259sinin yar\u0131mfinal g\u00f6r\u00fc\u015f\u00fcn\u00fcn d\u0259 ba\u015fqa \u00f6lk\u0259d\u0259 ke\u00e7irilm\u0259si \u00fc\u00e7\u00fcn F\u0130FA-ya t\u0259zyiq g\u00f6st\u0259rm\u0259k niyy\u0259tind\u0259dir.<\/p>\n\n\n\n<p>Bu q\u0259rarlar\u0131n verilm\u0259sin\u0259 s\u0259b\u0259b kimi Rusiyan\u0131n Ukraynaya h\u0259rbi m\u00fcdaxil\u0259si g\u00f6st\u0259rilir.<\/p>\n","protected":false},"excerpt":{"rendered":"<p>UEFA \u0130craiyy\u0259 Komit\u0259si q\u0259rar\u0131n\u0131 a\u00e7\u0131qlad\u0131 UEFA \u0130craiyy\u0259 Komit\u0259si fevral\u0131n 25-d\u0259 &#8230; <\/p>\n<p class=\"read-more-container\"><a title=\"\u00c7empionlar Liqas\u0131n\u0131n final oyunu Santk-Peterburqda ke\u00e7irilm\u0259y\u0259c\u0259k\" class=\"read-more button\" href=\"https:\/\/www.meydan.tv\/az\/article\/cempionlar-liqasinin-final-oyunu-santk-peterburqda-kecirilmeyecek\/#more-235918\" aria-label=\"Read more about \u00c7empionlar Liqas\u0131n\u0131n final oyunu Santk-Peterburqda ke\u00e7irilm\u0259y\u0259c\u0259k\">Davam\u0131<\/a><\/p>\n","protected":false},"author":8,"featured_media":235919,"comment_status":"closed","ping_status":"closed","sticky":false,"template":"","format":"standard","meta":{"_acf_changed":false,"_sitemap_exclude":false,"_sitemap_priority":"","_sitemap_frequency":"","footnotes":""},"categories":[64,56],"tags":[],"class_list":["post-235918","post","type-post","status-publish","format-standard","has-post-thumbnail","hentry","category-dunya","category-xeberler","infinite-scroll-item","generate-columns","tablet-grid-50","mobile-grid-100","grid-parent","grid-33","no-featured-image-padding"],"acf":[],"yoast_head":"<!-- This site is optimized with the Yoast SEO plugin v27.5 - https:\/\/yoast.com\/product\/yoast-seo-wordpress\/ -->\n<title>\u00c7empionlar Liqas\u0131n\u0131n final oyunu Santk-Peterburqda ke\u00e7irilm\u0259y\u0259c\u0259k - MEYDAN.TV<\/title>\n<meta name=\"robots\" content=\"index, follow, max-snippet:-1, max-image-preview:large, max-video-preview:-1\" \/>\n<link rel=\"canonical\" href=\"https:\/\/www.meydan.tv\/az\/article\/cempionlar-liqasinin-final-oyunu-santk-peterburqda-kecirilmeyecek\/\" \/>\n<meta property=\"og:locale\" content=\"az_AZ\" \/>\n<meta property=\"og:type\" content=\"article\" \/>\n<meta property=\"og:title\" content=\"\u00c7empionlar Liqas\u0131n\u0131n final oyunu Santk-Peterburqda ke\u00e7irilm\u0259y\u0259c\u0259k - MEYDAN.TV\" \/>\n<meta property=\"og:description\" content=\"UEFA \u0130craiyy\u0259 Komit\u0259si q\u0259rar\u0131n\u0131 a\u00e7\u0131qlad\u0131 UEFA \u0130craiyy\u0259 Komit\u0259si fevral\u0131n 25-d\u0259 ... Davam\u0131\" \/>\n<meta property=\"og:url\" content=\"https:\/\/www.meydan.tv\/az\/article\/cempionlar-liqasinin-final-oyunu-santk-peterburqda-kecirilmeyecek\/\" \/>\n<meta property=\"og:site_name\" content=\"MEYDAN.TV\" \/>\n<meta property=\"article:published_time\" content=\"2022-02-25T10:27:42+00:00\" \/>\n<meta property=\"article:modified_time\" content=\"2022-02-25T10:28:22+00:00\" \/>\n<meta property=\"og:image\" content=\"https:\/\/www.meydan.tv\/wp-content\/uploads\/shutterstock_1974208631.jpg\" \/>\n\t<meta property=\"og:image:width\" content=\"1200\" \/>\n\t<meta property=\"og:image:height\" content=\"800\" \/>\n\t<meta property=\"og:image:type\" content=\"image\/jpeg\" \/>\n<meta name=\"author\" content=\"elli\" \/>\n<meta name=\"twitter:card\" content=\"summary_large_image\" \/>\n<meta name=\"twitter:creator\" content=\"@elli\" \/>\n<script type=\"application\/ld+json\" class=\"yoast-schema-graph\">{\"@context\":\"https:\\\/\\\/schema.org\",\"@graph\":[{\"@type\":\"Article\",\"@id\":\"https:\\\/\\\/www.meydan.tv\\\/az\\\/article\\\/cempionlar-liqasinin-final-oyunu-santk-peterburqda-kecirilmeyecek\\\/#article\",\"isPartOf\":{\"@id\":\"https:\\\/\\\/www.meydan.tv\\\/az\\\/article\\\/cempionlar-liqasinin-final-oyunu-santk-peterburqda-kecirilmeyecek\\\/\"},\"author\":{\"name\":\"elli\",\"@id\":\"https:\\\/\\\/www.meydan.tv\\\/az\\\/#\\\/schema\\\/person\\\/9cdbecf90d17180ce1dfbd95b08dcf47\"},\"headline\":\"\u00c7empionlar Liqas\u0131n\u0131n final oyunu Santk-Peterburqda ke\u00e7irilm\u0259y\u0259c\u0259k\",\"datePublished\":\"2022-02-25T10:27:42+00:00\",\"dateModified\":\"2022-02-25T10:28:22+00:00\",\"mainEntityOfPage\":{\"@id\":\"https:\\\/\\\/www.meydan.tv\\\/az\\\/article\\\/cempionlar-liqasinin-final-oyunu-santk-peterburqda-kecirilmeyecek\\\/\"},\"wordCount\":341,\"publisher\":{\"@id\":\"https:\\\/\\\/www.meydan.tv\\\/az\\\/#organization\"},\"image\":{\"@id\":\"https:\\\/\\\/www.meydan.tv\\\/az\\\/article\\\/cempionlar-liqasinin-final-oyunu-santk-peterburqda-kecirilmeyecek\\\/#primaryimage\"},\"thumbnailUrl\":\"https:\\\/\\\/www.meydan.tv\\\/wp-content\\\/uploads\\\/shutterstock_1974208631.jpg\",\"articleSection\":[\"D\u00fcnya\",\"X\u0259b\u0259rl\u0259r\"],\"inLanguage\":\"az\"},{\"@type\":\"WebPage\",\"@id\":\"https:\\\/\\\/www.meydan.tv\\\/az\\\/article\\\/cempionlar-liqasinin-final-oyunu-santk-peterburqda-kecirilmeyecek\\\/\",\"url\":\"https:\\\/\\\/www.meydan.tv\\\/az\\\/article\\\/cempionlar-liqasinin-final-oyunu-santk-peterburqda-kecirilmeyecek\\\/\",\"name\":\"\u00c7empionlar Liqas\u0131n\u0131n final oyunu Santk-Peterburqda ke\u00e7irilm\u0259y\u0259c\u0259k - MEYDAN.TV\",\"isPartOf\":{\"@id\":\"https:\\\/\\\/www.meydan.tv\\\/az\\\/#website\"},\"primaryImageOfPage\":{\"@id\":\"https:\\\/\\\/www.meydan.tv\\\/az\\\/article\\\/cempionlar-liqasinin-final-oyunu-santk-peterburqda-kecirilmeyecek\\\/#primaryimage\"},\"image\":{\"@id\":\"https:\\\/\\\/www.meydan.tv\\\/az\\\/article\\\/cempionlar-liqasinin-final-oyunu-santk-peterburqda-kecirilmeyecek\\\/#primaryimage\"},\"thumbnailUrl\":\"https:\\\/\\\/www.meydan.tv\\\/wp-content\\\/uploads\\\/shutterstock_1974208631.jpg\",\"datePublished\":\"2022-02-25T10:27:42+00:00\",\"dateModified\":\"2022-02-25T10:28:22+00:00\",\"breadcrumb\":{\"@id\":\"https:\\\/\\\/www.meydan.tv\\\/az\\\/article\\\/cempionlar-liqasinin-final-oyunu-santk-peterburqda-kecirilmeyecek\\\/#breadcrumb\"},\"inLanguage\":\"az\",\"potentialAction\":[{\"@type\":\"ReadAction\",\"target\":[\"https:\\\/\\\/www.meydan.tv\\\/az\\\/article\\\/cempionlar-liqasinin-final-oyunu-santk-peterburqda-kecirilmeyecek\\\/\"]}]},{\"@type\":\"ImageObject\",\"inLanguage\":\"az\",\"@id\":\"https:\\\/\\\/www.meydan.tv\\\/az\\\/article\\\/cempionlar-liqasinin-final-oyunu-santk-peterburqda-kecirilmeyecek\\\/#primaryimage\",\"url\":\"https:\\\/\\\/www.meydan.tv\\\/wp-content\\\/uploads\\\/shutterstock_1974208631.jpg\",\"contentUrl\":\"https:\\\/\\\/www.meydan.tv\\\/wp-content\\\/uploads\\\/shutterstock_1974208631.jpg\",\"width\":1200,\"height\":800,\"caption\":\"UEFA. Foto: Richard Juilliart\\\/shutterstock\"},{\"@type\":\"BreadcrumbList\",\"@id\":\"https:\\\/\\\/www.meydan.tv\\\/az\\\/article\\\/cempionlar-liqasinin-final-oyunu-santk-peterburqda-kecirilmeyecek\\\/#breadcrumb\",\"itemListElement\":[{\"@type\":\"ListItem\",\"position\":1,\"name\":\"Ana s\u0259hif\u0259\",\"item\":\"https:\\\/\\\/www.meydan.tv\\\/az\\\/\"},{\"@type\":\"ListItem\",\"position\":2,\"name\":\"D\u00fcnya\",\"item\":\"https:\\\/\\\/www.meydan.tv\\\/az\\\/section\\\/dunya\\\/\"},{\"@type\":\"ListItem\",\"position\":3,\"name\":\"\u00c7empionlar Liqas\u0131n\u0131n final oyunu Santk-Peterburqda ke\u00e7irilm\u0259y\u0259c\u0259k\"}]},{\"@type\":\"WebSite\",\"@id\":\"https:\\\/\\\/www.meydan.tv\\\/az\\\/#website\",\"url\":\"https:\\\/\\\/www.meydan.tv\\\/az\\\/\",\"name\":\"MEYDAN.TV\",\"description\":\"Meydan TV Az\u0259rbaycan\u0131n media m\u0259kan\u0131ndak\u0131 alternativ s\u0259sidir\",\"publisher\":{\"@id\":\"https:\\\/\\\/www.meydan.tv\\\/az\\\/#organization\"},\"potentialAction\":[{\"@type\":\"SearchAction\",\"target\":{\"@type\":\"EntryPoint\",\"urlTemplate\":\"https:\\\/\\\/www.meydan.tv\\\/az\\\/?s={search_term_string}\"},\"query-input\":{\"@type\":\"PropertyValueSpecification\",\"valueRequired\":true,\"valueName\":\"search_term_string\"}}],\"inLanguage\":\"az\"},{\"@type\":\"Organization\",\"@id\":\"https:\\\/\\\/www.meydan.tv\\\/az\\\/#organization\",\"name\":\"Meydan TV\",\"url\":\"https:\\\/\\\/www.meydan.tv\\\/az\\\/\",\"logo\":{\"@type\":\"ImageObject\",\"inLanguage\":\"az\",\"@id\":\"https:\\\/\\\/www.meydan.tv\\\/az\\\/#\\\/schema\\\/logo\\\/image\\\/\",\"url\":\"https:\\\/\\\/www.meydan.tv\\\/wp-content\\\/uploads\\\/2021\\\/07\\\/meydan-logo.svg\",\"contentUrl\":\"https:\\\/\\\/www.meydan.tv\\\/wp-content\\\/uploads\\\/2021\\\/07\\\/meydan-logo.svg\",\"width\":195,\"height\":46,\"caption\":\"Meydan TV\"},\"image\":{\"@id\":\"https:\\\/\\\/www.meydan.tv\\\/az\\\/#\\\/schema\\\/logo\\\/image\\\/\"}},{\"@type\":\"Person\",\"@id\":\"https:\\\/\\\/www.meydan.tv\\\/az\\\/#\\\/schema\\\/person\\\/9cdbecf90d17180ce1dfbd95b08dcf47\",\"name\":\"elli\",\"sameAs\":[\"https:\\\/\\\/x.com\\\/elli\"]}]}<\/script>\n<!-- \/ Yoast SEO plugin. -->","yoast_head_json":{"title":"\u00c7empionlar Liqas\u0131n\u0131n final oyunu Santk-Peterburqda ke\u00e7irilm\u0259y\u0259c\u0259k - MEYDAN.TV","robots":{"index":"index","follow":"follow","max-snippet":"max-snippet:-1","max-image-preview":"max-image-preview:large","max-video-preview":"max-video-preview:-1"},"canonical":"https:\/\/www.meydan.tv\/az\/article\/cempionlar-liqasinin-final-oyunu-santk-peterburqda-kecirilmeyecek\/","og_locale":"az_AZ","og_type":"article","og_title":"\u00c7empionlar Liqas\u0131n\u0131n final oyunu Santk-Peterburqda ke\u00e7irilm\u0259y\u0259c\u0259k - MEYDAN.TV","og_description":"UEFA \u0130craiyy\u0259 Komit\u0259si q\u0259rar\u0131n\u0131 a\u00e7\u0131qlad\u0131 UEFA \u0130craiyy\u0259 Komit\u0259si fevral\u0131n 25-d\u0259 ... Davam\u0131","og_url":"https:\/\/www.meydan.tv\/az\/article\/cempionlar-liqasinin-final-oyunu-santk-peterburqda-kecirilmeyecek\/","og_site_name":"MEYDAN.TV","article_published_time":"2022-02-25T10:27:42+00:00","article_modified_time":"2022-02-25T10:28:22+00:00","og_image":[{"width":1200,"height":800,"url":"https:\/\/www.meydan.tv\/wp-content\/uploads\/shutterstock_1974208631.jpg","type":"image\/jpeg"}],"author":"elli","twitter_card":"summary_large_image","twitter_creator":"@elli","schema":{"@context":"https:\/\/schema.org","@graph":[{"@type":"Article","@id":"https:\/\/www.meydan.tv\/az\/article\/cempionlar-liqasinin-final-oyunu-santk-peterburqda-kecirilmeyecek\/#article","isPartOf":{"@id":"https:\/\/www.meydan.tv\/az\/article\/cempionlar-liqasinin-final-oyunu-santk-peterburqda-kecirilmeyecek\/"},"author":{"name":"elli","@id":"https:\/\/www.meydan.tv\/az\/#\/schema\/person\/9cdbecf90d17180ce1dfbd95b08dcf47"},"headline":"\u00c7empionlar Liqas\u0131n\u0131n final oyunu Santk-Peterburqda ke\u00e7irilm\u0259y\u0259c\u0259k","datePublished":"2022-02-25T10:27:42+00:00","dateModified":"2022-02-25T10:28:22+00:00","mainEntityOfPage":{"@id":"https:\/\/www.meydan.tv\/az\/article\/cempionlar-liqasinin-final-oyunu-santk-peterburqda-kecirilmeyecek\/"},"wordCount":341,"publisher":{"@id":"https:\/\/www.meydan.tv\/az\/#organization"},"image":{"@id":"https:\/\/www.meydan.tv\/az\/article\/cempionlar-liqasinin-final-oyunu-santk-peterburqda-kecirilmeyecek\/#primaryimage"},"thumbnailUrl":"https:\/\/www.meydan.tv\/wp-content\/uploads\/shutterstock_1974208631.jpg","articleSection":["D\u00fcnya","X\u0259b\u0259rl\u0259r"],"inLanguage":"az"},{"@type":"WebPage","@id":"https:\/\/www.meydan.tv\/az\/article\/cempionlar-liqasinin-final-oyunu-santk-peterburqda-kecirilmeyecek\/","url":"https:\/\/www.meydan.tv\/az\/article\/cempionlar-liqasinin-final-oyunu-santk-peterburqda-kecirilmeyecek\/","name":"\u00c7empionlar Liqas\u0131n\u0131n final oyunu Santk-Peterburqda ke\u00e7irilm\u0259y\u0259c\u0259k - MEYDAN.TV","isPartOf":{"@id":"https:\/\/www.meydan.tv\/az\/#website"},"primaryImageOfPage":{"@id":"https:\/\/www.meydan.tv\/az\/article\/cempionlar-liqasinin-final-oyunu-santk-peterburqda-kecirilmeyecek\/#primaryimage"},"image":{"@id":"https:\/\/www.meydan.tv\/az\/article\/cempionlar-liqasinin-final-oyunu-santk-peterburqda-kecirilmeyecek\/#primaryimage"},"thumbnailUrl":"https:\/\/www.meydan.tv\/wp-content\/uploads\/shutterstock_1974208631.jpg","datePublished":"2022-02-25T10:27:42+00:00","dateModified":"2022-02-25T10:28:22+00:00","breadcrumb":{"@id":"https:\/\/www.meydan.tv\/az\/article\/cempionlar-liqasinin-final-oyunu-santk-peterburqda-kecirilmeyecek\/#breadcrumb"},"inLanguage":"az","potentialAction":[{"@type":"ReadAction","target":["https:\/\/www.meydan.tv\/az\/article\/cempionlar-liqasinin-final-oyunu-santk-peterburqda-kecirilmeyecek\/"]}]},{"@type":"ImageObject","inLanguage":"az","@id":"https:\/\/www.meydan.tv\/az\/article\/cempionlar-liqasinin-final-oyunu-santk-peterburqda-kecirilmeyecek\/#primaryimage","url":"https:\/\/www.meydan.tv\/wp-content\/uploads\/shutterstock_1974208631.jpg","contentUrl":"https:\/\/www.meydan.tv\/wp-content\/uploads\/shutterstock_1974208631.jpg","width":1200,"height":800,"caption":"UEFA. Foto: Richard Juilliart\/shutterstock"},{"@type":"BreadcrumbList","@id":"https:\/\/www.meydan.tv\/az\/article\/cempionlar-liqasinin-final-oyunu-santk-peterburqda-kecirilmeyecek\/#breadcrumb","itemListElement":[{"@type":"ListItem","position":1,"name":"Ana s\u0259hif\u0259","item":"https:\/\/www.meydan.tv\/az\/"},{"@type":"ListItem","position":2,"name":"D\u00fcnya","item":"https:\/\/www.meydan.tv\/az\/section\/dunya\/"},{"@type":"ListItem","position":3,"name":"\u00c7empionlar Liqas\u0131n\u0131n final oyunu Santk-Peterburqda ke\u00e7irilm\u0259y\u0259c\u0259k"}]},{"@type":"WebSite","@id":"https:\/\/www.meydan.tv\/az\/#website","url":"https:\/\/www.meydan.tv\/az\/","name":"MEYDAN.TV","description":"Meydan TV Az\u0259rbaycan\u0131n media m\u0259kan\u0131ndak\u0131 alternativ s\u0259sidir","publisher":{"@id":"https:\/\/www.meydan.tv\/az\/#organization"},"potentialAction":[{"@type":"SearchAction","target":{"@type":"EntryPoint","urlTemplate":"https:\/\/www.meydan.tv\/az\/?s={search_term_string}"},"query-input":{"@type":"PropertyValueSpecification","valueRequired":true,"valueName":"search_term_string"}}],"inLanguage":"az"},{"@type":"Organization","@id":"https:\/\/www.meydan.tv\/az\/#organization","name":"Meydan TV","url":"https:\/\/www.meydan.tv\/az\/","logo":{"@type":"ImageObject","inLanguage":"az","@id":"https:\/\/www.meydan.tv\/az\/#\/schema\/logo\/image\/","url":"https:\/\/www.meydan.tv\/wp-content\/uploads\/2021\/07\/meydan-logo.svg","contentUrl":"https:\/\/www.meydan.tv\/wp-content\/uploads\/2021\/07\/meydan-logo.svg","width":195,"height":46,"caption":"Meydan TV"},"image":{"@id":"https:\/\/www.meydan.tv\/az\/#\/schema\/logo\/image\/"}},{"@type":"Person","@id":"https:\/\/www.meydan.tv\/az\/#\/schema\/person\/9cdbecf90d17180ce1dfbd95b08dcf47","name":"elli","sameAs":["https:\/\/x.com\/elli"]}]}},"_links":{"self":[{"href":"https:\/\/www.meydan.tv\/az\/wp-json\/wp\/v2\/posts\/235918","targetHints":{"allow":["GET"]}}],"collection":[{"href":"https:\/\/www.meydan.tv\/az\/wp-json\/wp\/v2\/posts"}],"about":[{"href":"https:\/\/www.meydan.tv\/az\/wp-json\/wp\/v2\/types\/post"}],"author":[{"embeddable":true,"href":"https:\/\/www.meydan.tv\/az\/wp-json\/wp\/v2\/users\/8"}],"replies":[{"embeddable":true,"href":"https:\/\/www.meydan.tv\/az\/wp-json\/wp\/v2\/comments?post=235918"}],"version-history":[{"count":2,"href":"https:\/\/www.meydan.tv\/az\/wp-json\/wp\/v2\/posts\/235918\/revisions"}],"predecessor-version":[{"id":235923,"href":"https:\/\/www.meydan.tv\/az\/wp-json\/wp\/v2\/posts\/235918\/revisions\/235923"}],"wp:featuredmedia":[{"embeddable":true,"href":"https:\/\/www.meydan.tv\/az\/wp-json\/wp\/v2\/media\/235919"}],"wp:attachment":[{"href":"https:\/\/www.meydan.tv\/az\/wp-json\/wp\/v2\/media?parent=235918"}],"wp:term":[{"taxonomy":"category","embeddable":true,"href":"https:\/\/www.meydan.tv\/az\/wp-json\/wp\/v2\/categories?post=235918"},{"taxonomy":"post_tag","embeddable":true,"href":"https:\/\/www.meydan.tv\/az\/wp-json\/wp\/v2\/tags?post=235918"}],"curies":[{"name":"wp","href":"https:\/\/api.w.org\/{rel}","templated":true}]}}