{"id":235914,"date":"2022-02-25T14:40:19","date_gmt":"2022-02-25T10:40:19","guid":{"rendered":"https:\/\/www.meydan.tv\/?p=235914"},"modified":"2022-02-25T14:40:22","modified_gmt":"2022-02-25T10:40:22","slug":"iqtisadci-baydenin-dediyinde-heqiqet-var-banklara-sanksiyalar-daha-tesirlidir","status":"publish","type":"post","link":"https:\/\/www.meydan.tv\/az\/article\/iqtisadci-baydenin-dediyinde-heqiqet-var-banklara-sanksiyalar-daha-tesirlidir\/","title":{"rendered":"\u0130qtisad\u00e7\u0131: &#8220;Baydenin dediyind\u0259 h\u0259qiq\u0259t var, banklara sanksiyalar daha t\u0259sirlidir&#8221;"},"content":{"rendered":"\n<p><em>&#8220;SWIFT q\u0259d\u0259r n\u0259h\u0259ng d\u00f6vriyy\u0259si olmayan ba\u015fqa beyn\u0259lxalq mesaj sisteml\u0259ri d\u0259 var&#8221;<\/em><\/p>\n\n\n\n<p>\u201cRusiyan\u0131 SWIFT-d\u0259n k\u0259narla\u015fd\u0131rmaqdansa, beyn\u0259lxalq hesabla\u015fmalarda aparc\u0131 olan 4 valyuta (dollar, avro, yen v\u0259 ingilis funtu) il\u0259 \u0259m\u0259liyyatlara qada\u011fa, konkret banklara sanksiyalar daha t\u0259sirlidir. Bu bax\u0131mdan AB\u015e prezidentinin dediyind\u0259 h\u0259qiq\u0259t var\u201d.<\/p>\n\n\n\n<p>\u0130qtisad\u00e7\u0131 R\u00f6v\u015f\u0259n A\u011fayev bel\u0259 deyir.<\/p>\n\n\n\n<p>O bildirib ki, SWIFT qar\u015f\u0131l\u0131ql\u0131 hesabla\u015fmalarla ba\u011fl\u0131 banklararas\u0131 beyn\u0259lxalq m\u0259lumat m\u00fcbadil\u0259si sistemidir: &#8220;M\u0259s\u0259l\u0259n, Az\u0259rbaycanda f\u0259aliyy\u0259t g\u00f6st\u0259r\u0259n bir yerli bank SWIFT-\u0259 qo\u015fulmaqla d\u00fcnyan\u0131n m\u00fcxt\u0259lif regionlar\u0131nda bu sistem\u0259 \u00fczv olan ixtiyari bir bankla \u0259m\u0259kda\u015fl\u0131q ed\u0259 bil\u0259r. Nec\u0259? F\u0259rqli valyuta n\u00f6vl\u0259rind\u0259 m\u00fcxbir hesab a\u00e7maqla h\u0259min regionlarda \u00f6z\u00fcn\u0259 g\u0259r\u0259kli olan b\u00fct\u00fcn hesabla\u015fmalar\u0131n\u0131 apara bilir. Tutaq ki, Beyn\u0259lxalq Bank\u0131n Londonda &#8220;Deutsche Bank&#8221; v\u0259 &#8220;JP Morgan Chase Bank&#8221;da, S\u00fcrixd\u0259 &#8220;Credit Suisse&#8221;da, Frankfurtda &#8220;Deutsche Bank&#8221; v\u0259 &#8220;Commerzbank&#8221;da, Tokido &#8220;MUFG Bank&#8221;da, Nyu-Yorkda &#8220;Citibank&#8221; v\u0259 &#8220;JP Morgan Chase Bank&#8221;da m\u00fcxbir hesablar\u0131 var. Bunun kimi bir \u015fey\u201d.<\/p>\n\n\n\n<p>\u0130qtisad\u00e7\u0131 deyir ki, bel\u0259 olan halda Beyn\u0259lxalq Bank\u0131n m\u00fc\u015ft\u0259ril\u0259ri ad\u0131\u00e7\u0259kil\u0259n regionlarda olan t\u0259r\u0259fda\u015flar\u0131 il\u0259 qar\u015f\u0131l\u0131ql\u0131 \u0259m\u0259liyyatlar\u0131 h\u0259min m\u00fcxbir hesablar vasit\u0259sil\u0259 SWIFT \u00fcz\u0259rind\u0259n \u00f6t\u00fcr\u00fcl\u0259n mesajla t\u0259min ed\u0259 bilirl\u0259r: &#8220;M\u0259s\u0259l\u0259n, Az\u0259rbaycan\u0131n X \u015firk\u0259tinin AB\u015e-dak\u0131 t\u0259r\u0259fda\u015f\u0131n\u0131n hesabla\u015fma hesab\u0131n\u0131n &#8220;Citibank&#8221;da olmas\u0131 \u015f\u0259rt deyil. \u018fg\u0259r h\u0259min \u015firk\u0259tin bank\u0131n\u0131n &#8220;Citibank&#8221;la m\u00fcxbir \u0259laq\u0259si varsa, &#8220;Citibank&#8221; vasit\u0259\u00e7i bank kimi bizim Beyn\u0259lxaql Bankdan SWIFT-\u0259 \u00f6t\u00fcr\u00fcl\u0259n mesajla bu hesabla\u015fman\u0131 t\u0259min ed\u0259c\u0259k&#8221;.<\/p>\n\n\n\n<figure class=\"wp-block-image size-large\"><img decoding=\"async\" width=\"1200\" height=\"800\" data-src=\"https:\/\/www.meydan.tv\/wp-content\/uploads\/image_from_ios_177-1200x800.jpg\" alt=\"R\u00f6v\u015f\u0259n A\u011fayev\" class=\"wp-image-210010 lazyload\" src=\"data:image\/svg+xml;base64,PHN2ZyB3aWR0aD0iMSIgaGVpZ2h0PSIxIiB4bWxucz0iaHR0cDovL3d3dy53My5vcmcvMjAwMC9zdmciPjwvc3ZnPg==\" style=\"--smush-placeholder-width: 1200px; --smush-placeholder-aspect-ratio: 1200\/800;\" \/><figcaption>M\u0259nb\u0259: Meydan TV<\/figcaption><\/figure>\n\n\n\n<p>\u201c\u0130ndiki halda d\u00fcnyada SWIFT q\u0259d\u0259r populyar v\u0259 n\u0259h\u0259ng d\u00f6vriyy\u0259si olmayan ba\u015fqa beyn\u0259lxalq mesaj sisteml\u0259ri var. M\u0259s\u0259l\u0259n, \u00c7inin qurdu\u011fu C\u0130PS, Avropan\u0131n \u0130ranla \u0259laq\u0259 \u00fc\u00e7\u00fcn qurdu\u011fu \u0130NSTEX sistemi kimi. H\u0259tta Rusiya 9 \u00f6lk\u0259 il\u0259 331 subyektin i\u015ftirak etdiyi avtonom bir sistem d\u0259 qurub\u201d, &#8211; dey\u0259 o qeyd edib.<\/p>\n\n\n\n<p>R\u00f6v\u015f\u0259n A\u011fayevin fikrinc\u0259, SWIFT olmadan da k\u0259nar sisteml\u0259r, h\u0259tta ikit\u0259r\u0259fli \u0259laq\u0259l\u0259rl\u0259 d\u0259 sanksiya alt\u0131nda d\u00fc\u015fm\u0259y\u0259n banklar \u00f6z aralar\u0131nda qar\u015f\u0131l\u0131ql\u0131 hesabla\u015fman\u0131 t\u0259min ed\u0259 bil\u0259rl\u0259r: \u201cLakin konkret banklara sanksiya v\u0259 hesabla\u015fma apar\u0131lacaq konkret valyutalara qada\u011falar g\u0259tirilirs\u0259, art\u0131q SWIFT-d\u0259 qalma\u011f\u0131n el\u0259 bir ciddi \u0259h\u0259miyy\u0259ti qalm\u0131r\u201d.<\/p>\n\n\n\n<p>AB\u015e Prezidenti Co Bayden fevral\u0131n 24-d\u0259 Rusiyaya yeni sanksiyalar elan edib.<\/p>\n\n\n\n<p>Bunlardan biri Rusiyan\u0131n VTB bank\u0131n\u0131n AB\u015e-\u0131n maliyy\u0259 sistemi il\u0259 \u0259laq\u0259sinin k\u0259silm\u0259sidir.<\/p>\n\n\n\n<p>Eyni zamanda, Rusiya oliqarxlar\u0131 v\u0259 bu \u00f6lk\u0259nin texnologiya sektorunu h\u0259d\u0259fl\u0259y\u0259c\u0259k yeni sanksiyalar da t\u0259tbiq edil\u0259c\u0259k: \u201cM\u00fcharib\u0259 Putinin se\u00e7imidir. Bunun n\u0259tic\u0259l\u0259rind\u0259n d\u0259 o v\u0259 Rusiya \u0259ziyy\u0259t \u00e7\u0259k\u0259c\u0259k. Yeni sanksiyalar Rusiya iqtisadiyyat\u0131 \u00fcz\u0259rin\u0259 d\u0259rhal v\u0259 an etibaril\u0259 a\u011f\u0131r y\u00fck qoyacaq\u201d.<\/p>\n\n\n\n<p>Co Baydenin s\u00f6zl\u0259rin\u0259 g\u00f6r\u0259, AB\u015e sanksiyalar\u0131 Avropa m\u00fctt\u0259fiql\u0259ri il\u0259 koordinasiyada t\u0259tbiq edib. N\u0259tic\u0259d\u0259 Avropa m\u00fctt\u0259fiql\u0259ri d\u0259 Rusiyan\u0131n 4 \u0259n b\u00f6y\u00fck bank\u0131n\u0131n aktivl\u0259rini bloklay\u0131b: \u201cOnlar habel\u0259 Rusiyan\u0131n AB\u015e texnologiyalar\u0131 idxal\u0131n\u0131 yar\u0131bayar\u0131 k\u0259sibl\u0259r\u201d.<\/p>\n\n\n\n<p>Rusiyan\u0131n SWIFT \u00f6d\u0259ni\u015f sistemind\u0259n k\u0259silm\u0259sin\u0259 g\u0259linc\u0259, Bayden bildirib ki, indi qoyulan sanksiyalar h\u0259min add\u0131mdan he\u00e7 d\u0259 az s\u0259rt deyil.<\/p>\n\n\n\n<p>Fevral\u0131n 24-n\u0259 ke\u00e7\u0259n gec\u0259 Rusiya Prezidenti Vladimir Putin Ukrayna \u00fcz\u0259rin\u0259 \u201cx\u00fcsusi \u0259m\u0259liyyat\u201d \u0259mri verdi.<\/p>\n\n\n\n<p>S\u0259b\u0259b kimi is\u0259 qondarma Donetsk v\u0259 Luqansk \u201crespublikalar\u0131\u201d r\u0259hb\u0259rl\u0259rinin ona m\u00fcraci\u0259tini g\u00f6st\u0259rib.<\/p>\n\n\n\n<p>\u0130ddia edib ki, m\u0259qs\u0259d dinc sakinl\u0259ri qorumaq, Ukraynan\u0131n t\u0259hdidl\u0259rin\u0259 cavab verm\u0259kdir.<\/p>\n\n\n\n<p>Ukrayna, Q\u0259rb liderl\u0259ri h\u00fccumu pisl\u0259yib, Putinin buna g\u00f6r\u0259 cavab ver\u0259c\u0259yini bildiribl\u0259r.<\/p>\n","protected":false},"excerpt":{"rendered":"<p>&#8220;SWIFT q\u0259d\u0259r n\u0259h\u0259ng d\u00f6vriyy\u0259si olmayan ba\u015fqa beyn\u0259lxalq mesaj sisteml\u0259ri d\u0259 &#8230; <\/p>\n<p class=\"read-more-container\"><a title=\"\u0130qtisad\u00e7\u0131: &#8220;Baydenin dediyind\u0259 h\u0259qiq\u0259t var, banklara sanksiyalar daha t\u0259sirlidir&#8221;\" class=\"read-more button\" href=\"https:\/\/www.meydan.tv\/az\/article\/iqtisadci-baydenin-dediyinde-heqiqet-var-banklara-sanksiyalar-daha-tesirlidir\/#more-235914\" aria-label=\"Read more about \u0130qtisad\u00e7\u0131: &#8220;Baydenin dediyind\u0259 h\u0259qiq\u0259t var, banklara sanksiyalar daha t\u0259sirlidir&#8221;\">Davam\u0131<\/a><\/p>\n","protected":false},"author":8,"featured_media":235901,"comment_status":"closed","ping_status":"closed","sticky":false,"template":"","format":"standard","meta":{"_acf_changed":false,"_sitemap_exclude":false,"_sitemap_priority":"","_sitemap_frequency":"","footnotes":""},"categories":[53,56],"tags":[],"class_list":["post-235914","post","type-post","status-publish","format-standard","has-post-thumbnail","hentry","category-iqtisadiyyat","category-xeberler","infinite-scroll-item","generate-columns","tablet-grid-50","mobile-grid-100","grid-parent","grid-33","no-featured-image-padding"],"acf":[],"yoast_head":"<!-- This site is optimized with the Yoast SEO plugin v27.5 - https:\/\/yoast.com\/product\/yoast-seo-wordpress\/ -->\n<title>\u0130qtisad\u00e7\u0131: &quot;Baydenin dediyind\u0259 h\u0259qiq\u0259t var, banklara sanksiyalar daha t\u0259sirlidir&quot; - MEYDAN.TV<\/title>\n<meta name=\"robots\" content=\"index, follow, max-snippet:-1, max-image-preview:large, max-video-preview:-1\" \/>\n<link rel=\"canonical\" href=\"https:\/\/www.meydan.tv\/az\/article\/iqtisadci-baydenin-dediyinde-heqiqet-var-banklara-sanksiyalar-daha-tesirlidir\/\" \/>\n<meta property=\"og:locale\" content=\"az_AZ\" \/>\n<meta property=\"og:type\" content=\"article\" \/>\n<meta property=\"og:title\" content=\"\u0130qtisad\u00e7\u0131: &quot;Baydenin dediyind\u0259 h\u0259qiq\u0259t var, banklara sanksiyalar daha t\u0259sirlidir&quot; - MEYDAN.TV\" \/>\n<meta property=\"og:description\" content=\"&#8220;SWIFT q\u0259d\u0259r n\u0259h\u0259ng d\u00f6vriyy\u0259si olmayan ba\u015fqa beyn\u0259lxalq mesaj sisteml\u0259ri d\u0259 ... Davam\u0131\" \/>\n<meta property=\"og:url\" content=\"https:\/\/www.meydan.tv\/az\/article\/iqtisadci-baydenin-dediyinde-heqiqet-var-banklara-sanksiyalar-daha-tesirlidir\/\" \/>\n<meta property=\"og:site_name\" content=\"MEYDAN.TV\" \/>\n<meta property=\"article:published_time\" content=\"2022-02-25T10:40:19+00:00\" \/>\n<meta property=\"article:modified_time\" content=\"2022-02-25T10:40:22+00:00\" \/>\n<meta property=\"og:image\" content=\"https:\/\/www.meydan.tv\/wp-content\/uploads\/shutterstock_1932816365.jpg\" \/>\n\t<meta property=\"og:image:width\" content=\"1200\" \/>\n\t<meta property=\"og:image:height\" content=\"612\" \/>\n\t<meta property=\"og:image:type\" content=\"image\/jpeg\" \/>\n<meta name=\"author\" content=\"elli\" \/>\n<meta name=\"twitter:card\" content=\"summary_large_image\" \/>\n<meta name=\"twitter:creator\" content=\"@elli\" \/>\n<script type=\"application\/ld+json\" class=\"yoast-schema-graph\">{\"@context\":\"https:\\\/\\\/schema.org\",\"@graph\":[{\"@type\":\"Article\",\"@id\":\"https:\\\/\\\/www.meydan.tv\\\/az\\\/article\\\/iqtisadci-baydenin-dediyinde-heqiqet-var-banklara-sanksiyalar-daha-tesirlidir\\\/#article\",\"isPartOf\":{\"@id\":\"https:\\\/\\\/www.meydan.tv\\\/az\\\/article\\\/iqtisadci-baydenin-dediyinde-heqiqet-var-banklara-sanksiyalar-daha-tesirlidir\\\/\"},\"author\":{\"name\":\"elli\",\"@id\":\"https:\\\/\\\/www.meydan.tv\\\/az\\\/#\\\/schema\\\/person\\\/9cdbecf90d17180ce1dfbd95b08dcf47\"},\"headline\":\"\u0130qtisad\u00e7\u0131: &#8220;Baydenin dediyind\u0259 h\u0259qiq\u0259t var, banklara sanksiyalar daha t\u0259sirlidir&#8221;\",\"datePublished\":\"2022-02-25T10:40:19+00:00\",\"dateModified\":\"2022-02-25T10:40:22+00:00\",\"mainEntityOfPage\":{\"@id\":\"https:\\\/\\\/www.meydan.tv\\\/az\\\/article\\\/iqtisadci-baydenin-dediyinde-heqiqet-var-banklara-sanksiyalar-daha-tesirlidir\\\/\"},\"wordCount\":722,\"publisher\":{\"@id\":\"https:\\\/\\\/www.meydan.tv\\\/az\\\/#organization\"},\"image\":{\"@id\":\"https:\\\/\\\/www.meydan.tv\\\/az\\\/article\\\/iqtisadci-baydenin-dediyinde-heqiqet-var-banklara-sanksiyalar-daha-tesirlidir\\\/#primaryimage\"},\"thumbnailUrl\":\"https:\\\/\\\/www.meydan.tv\\\/wp-content\\\/uploads\\\/shutterstock_1932816365.jpg\",\"articleSection\":[\"\u0130qtisadiyyat\",\"X\u0259b\u0259rl\u0259r\"],\"inLanguage\":\"az\"},{\"@type\":\"WebPage\",\"@id\":\"https:\\\/\\\/www.meydan.tv\\\/az\\\/article\\\/iqtisadci-baydenin-dediyinde-heqiqet-var-banklara-sanksiyalar-daha-tesirlidir\\\/\",\"url\":\"https:\\\/\\\/www.meydan.tv\\\/az\\\/article\\\/iqtisadci-baydenin-dediyinde-heqiqet-var-banklara-sanksiyalar-daha-tesirlidir\\\/\",\"name\":\"\u0130qtisad\u00e7\u0131: \\\"Baydenin dediyind\u0259 h\u0259qiq\u0259t var, banklara sanksiyalar daha t\u0259sirlidir\\\" - MEYDAN.TV\",\"isPartOf\":{\"@id\":\"https:\\\/\\\/www.meydan.tv\\\/az\\\/#website\"},\"primaryImageOfPage\":{\"@id\":\"https:\\\/\\\/www.meydan.tv\\\/az\\\/article\\\/iqtisadci-baydenin-dediyinde-heqiqet-var-banklara-sanksiyalar-daha-tesirlidir\\\/#primaryimage\"},\"image\":{\"@id\":\"https:\\\/\\\/www.meydan.tv\\\/az\\\/article\\\/iqtisadci-baydenin-dediyinde-heqiqet-var-banklara-sanksiyalar-daha-tesirlidir\\\/#primaryimage\"},\"thumbnailUrl\":\"https:\\\/\\\/www.meydan.tv\\\/wp-content\\\/uploads\\\/shutterstock_1932816365.jpg\",\"datePublished\":\"2022-02-25T10:40:19+00:00\",\"dateModified\":\"2022-02-25T10:40:22+00:00\",\"breadcrumb\":{\"@id\":\"https:\\\/\\\/www.meydan.tv\\\/az\\\/article\\\/iqtisadci-baydenin-dediyinde-heqiqet-var-banklara-sanksiyalar-daha-tesirlidir\\\/#breadcrumb\"},\"inLanguage\":\"az\",\"potentialAction\":[{\"@type\":\"ReadAction\",\"target\":[\"https:\\\/\\\/www.meydan.tv\\\/az\\\/article\\\/iqtisadci-baydenin-dediyinde-heqiqet-var-banklara-sanksiyalar-daha-tesirlidir\\\/\"]}]},{\"@type\":\"ImageObject\",\"inLanguage\":\"az\",\"@id\":\"https:\\\/\\\/www.meydan.tv\\\/az\\\/article\\\/iqtisadci-baydenin-dediyinde-heqiqet-var-banklara-sanksiyalar-daha-tesirlidir\\\/#primaryimage\",\"url\":\"https:\\\/\\\/www.meydan.tv\\\/wp-content\\\/uploads\\\/shutterstock_1932816365.jpg\",\"contentUrl\":\"https:\\\/\\\/www.meydan.tv\\\/wp-content\\\/uploads\\\/shutterstock_1932816365.jpg\",\"width\":1200,\"height\":612,\"caption\":\"SWIFT \u00f6d\u0259ni\u015f sistemi. Foto: Funtap\\\/shutterstoc\"},{\"@type\":\"BreadcrumbList\",\"@id\":\"https:\\\/\\\/www.meydan.tv\\\/az\\\/article\\\/iqtisadci-baydenin-dediyinde-heqiqet-var-banklara-sanksiyalar-daha-tesirlidir\\\/#breadcrumb\",\"itemListElement\":[{\"@type\":\"ListItem\",\"position\":1,\"name\":\"Ana s\u0259hif\u0259\",\"item\":\"https:\\\/\\\/www.meydan.tv\\\/az\\\/\"},{\"@type\":\"ListItem\",\"position\":2,\"name\":\"\u0130qtisadiyyat\",\"item\":\"https:\\\/\\\/www.meydan.tv\\\/az\\\/section\\\/iqtisadiyyat\\\/\"},{\"@type\":\"ListItem\",\"position\":3,\"name\":\"\u0130qtisad\u00e7\u0131: &#8220;Baydenin dediyind\u0259 h\u0259qiq\u0259t var, banklara sanksiyalar daha t\u0259sirlidir&#8221;\"}]},{\"@type\":\"WebSite\",\"@id\":\"https:\\\/\\\/www.meydan.tv\\\/az\\\/#website\",\"url\":\"https:\\\/\\\/www.meydan.tv\\\/az\\\/\",\"name\":\"MEYDAN.TV\",\"description\":\"Meydan TV Az\u0259rbaycan\u0131n media m\u0259kan\u0131ndak\u0131 alternativ s\u0259sidir\",\"publisher\":{\"@id\":\"https:\\\/\\\/www.meydan.tv\\\/az\\\/#organization\"},\"potentialAction\":[{\"@type\":\"SearchAction\",\"target\":{\"@type\":\"EntryPoint\",\"urlTemplate\":\"https:\\\/\\\/www.meydan.tv\\\/az\\\/?s={search_term_string}\"},\"query-input\":{\"@type\":\"PropertyValueSpecification\",\"valueRequired\":true,\"valueName\":\"search_term_string\"}}],\"inLanguage\":\"az\"},{\"@type\":\"Organization\",\"@id\":\"https:\\\/\\\/www.meydan.tv\\\/az\\\/#organization\",\"name\":\"Meydan TV\",\"url\":\"https:\\\/\\\/www.meydan.tv\\\/az\\\/\",\"logo\":{\"@type\":\"ImageObject\",\"inLanguage\":\"az\",\"@id\":\"https:\\\/\\\/www.meydan.tv\\\/az\\\/#\\\/schema\\\/logo\\\/image\\\/\",\"url\":\"https:\\\/\\\/www.meydan.tv\\\/wp-content\\\/uploads\\\/2021\\\/07\\\/meydan-logo.svg\",\"contentUrl\":\"https:\\\/\\\/www.meydan.tv\\\/wp-content\\\/uploads\\\/2021\\\/07\\\/meydan-logo.svg\",\"width\":195,\"height\":46,\"caption\":\"Meydan TV\"},\"image\":{\"@id\":\"https:\\\/\\\/www.meydan.tv\\\/az\\\/#\\\/schema\\\/logo\\\/image\\\/\"}},{\"@type\":\"Person\",\"@id\":\"https:\\\/\\\/www.meydan.tv\\\/az\\\/#\\\/schema\\\/person\\\/9cdbecf90d17180ce1dfbd95b08dcf47\",\"name\":\"elli\",\"sameAs\":[\"https:\\\/\\\/x.com\\\/elli\"]}]}<\/script>\n<!-- \/ Yoast SEO plugin. -->","yoast_head_json":{"title":"\u0130qtisad\u00e7\u0131: \"Baydenin dediyind\u0259 h\u0259qiq\u0259t var, banklara sanksiyalar daha t\u0259sirlidir\" - MEYDAN.TV","robots":{"index":"index","follow":"follow","max-snippet":"max-snippet:-1","max-image-preview":"max-image-preview:large","max-video-preview":"max-video-preview:-1"},"canonical":"https:\/\/www.meydan.tv\/az\/article\/iqtisadci-baydenin-dediyinde-heqiqet-var-banklara-sanksiyalar-daha-tesirlidir\/","og_locale":"az_AZ","og_type":"article","og_title":"\u0130qtisad\u00e7\u0131: \"Baydenin dediyind\u0259 h\u0259qiq\u0259t var, banklara sanksiyalar daha t\u0259sirlidir\" - MEYDAN.TV","og_description":"&#8220;SWIFT q\u0259d\u0259r n\u0259h\u0259ng d\u00f6vriyy\u0259si olmayan ba\u015fqa beyn\u0259lxalq mesaj sisteml\u0259ri d\u0259 ... Davam\u0131","og_url":"https:\/\/www.meydan.tv\/az\/article\/iqtisadci-baydenin-dediyinde-heqiqet-var-banklara-sanksiyalar-daha-tesirlidir\/","og_site_name":"MEYDAN.TV","article_published_time":"2022-02-25T10:40:19+00:00","article_modified_time":"2022-02-25T10:40:22+00:00","og_image":[{"width":1200,"height":612,"url":"https:\/\/www.meydan.tv\/wp-content\/uploads\/shutterstock_1932816365.jpg","type":"image\/jpeg"}],"author":"elli","twitter_card":"summary_large_image","twitter_creator":"@elli","schema":{"@context":"https:\/\/schema.org","@graph":[{"@type":"Article","@id":"https:\/\/www.meydan.tv\/az\/article\/iqtisadci-baydenin-dediyinde-heqiqet-var-banklara-sanksiyalar-daha-tesirlidir\/#article","isPartOf":{"@id":"https:\/\/www.meydan.tv\/az\/article\/iqtisadci-baydenin-dediyinde-heqiqet-var-banklara-sanksiyalar-daha-tesirlidir\/"},"author":{"name":"elli","@id":"https:\/\/www.meydan.tv\/az\/#\/schema\/person\/9cdbecf90d17180ce1dfbd95b08dcf47"},"headline":"\u0130qtisad\u00e7\u0131: &#8220;Baydenin dediyind\u0259 h\u0259qiq\u0259t var, banklara sanksiyalar daha t\u0259sirlidir&#8221;","datePublished":"2022-02-25T10:40:19+00:00","dateModified":"2022-02-25T10:40:22+00:00","mainEntityOfPage":{"@id":"https:\/\/www.meydan.tv\/az\/article\/iqtisadci-baydenin-dediyinde-heqiqet-var-banklara-sanksiyalar-daha-tesirlidir\/"},"wordCount":722,"publisher":{"@id":"https:\/\/www.meydan.tv\/az\/#organization"},"image":{"@id":"https:\/\/www.meydan.tv\/az\/article\/iqtisadci-baydenin-dediyinde-heqiqet-var-banklara-sanksiyalar-daha-tesirlidir\/#primaryimage"},"thumbnailUrl":"https:\/\/www.meydan.tv\/wp-content\/uploads\/shutterstock_1932816365.jpg","articleSection":["\u0130qtisadiyyat","X\u0259b\u0259rl\u0259r"],"inLanguage":"az"},{"@type":"WebPage","@id":"https:\/\/www.meydan.tv\/az\/article\/iqtisadci-baydenin-dediyinde-heqiqet-var-banklara-sanksiyalar-daha-tesirlidir\/","url":"https:\/\/www.meydan.tv\/az\/article\/iqtisadci-baydenin-dediyinde-heqiqet-var-banklara-sanksiyalar-daha-tesirlidir\/","name":"\u0130qtisad\u00e7\u0131: \"Baydenin dediyind\u0259 h\u0259qiq\u0259t var, banklara sanksiyalar daha t\u0259sirlidir\" - MEYDAN.TV","isPartOf":{"@id":"https:\/\/www.meydan.tv\/az\/#website"},"primaryImageOfPage":{"@id":"https:\/\/www.meydan.tv\/az\/article\/iqtisadci-baydenin-dediyinde-heqiqet-var-banklara-sanksiyalar-daha-tesirlidir\/#primaryimage"},"image":{"@id":"https:\/\/www.meydan.tv\/az\/article\/iqtisadci-baydenin-dediyinde-heqiqet-var-banklara-sanksiyalar-daha-tesirlidir\/#primaryimage"},"thumbnailUrl":"https:\/\/www.meydan.tv\/wp-content\/uploads\/shutterstock_1932816365.jpg","datePublished":"2022-02-25T10:40:19+00:00","dateModified":"2022-02-25T10:40:22+00:00","breadcrumb":{"@id":"https:\/\/www.meydan.tv\/az\/article\/iqtisadci-baydenin-dediyinde-heqiqet-var-banklara-sanksiyalar-daha-tesirlidir\/#breadcrumb"},"inLanguage":"az","potentialAction":[{"@type":"ReadAction","target":["https:\/\/www.meydan.tv\/az\/article\/iqtisadci-baydenin-dediyinde-heqiqet-var-banklara-sanksiyalar-daha-tesirlidir\/"]}]},{"@type":"ImageObject","inLanguage":"az","@id":"https:\/\/www.meydan.tv\/az\/article\/iqtisadci-baydenin-dediyinde-heqiqet-var-banklara-sanksiyalar-daha-tesirlidir\/#primaryimage","url":"https:\/\/www.meydan.tv\/wp-content\/uploads\/shutterstock_1932816365.jpg","contentUrl":"https:\/\/www.meydan.tv\/wp-content\/uploads\/shutterstock_1932816365.jpg","width":1200,"height":612,"caption":"SWIFT \u00f6d\u0259ni\u015f sistemi. Foto: Funtap\/shutterstoc"},{"@type":"BreadcrumbList","@id":"https:\/\/www.meydan.tv\/az\/article\/iqtisadci-baydenin-dediyinde-heqiqet-var-banklara-sanksiyalar-daha-tesirlidir\/#breadcrumb","itemListElement":[{"@type":"ListItem","position":1,"name":"Ana s\u0259hif\u0259","item":"https:\/\/www.meydan.tv\/az\/"},{"@type":"ListItem","position":2,"name":"\u0130qtisadiyyat","item":"https:\/\/www.meydan.tv\/az\/section\/iqtisadiyyat\/"},{"@type":"ListItem","position":3,"name":"\u0130qtisad\u00e7\u0131: &#8220;Baydenin dediyind\u0259 h\u0259qiq\u0259t var, banklara sanksiyalar daha t\u0259sirlidir&#8221;"}]},{"@type":"WebSite","@id":"https:\/\/www.meydan.tv\/az\/#website","url":"https:\/\/www.meydan.tv\/az\/","name":"MEYDAN.TV","description":"Meydan TV Az\u0259rbaycan\u0131n media m\u0259kan\u0131ndak\u0131 alternativ s\u0259sidir","publisher":{"@id":"https:\/\/www.meydan.tv\/az\/#organization"},"potentialAction":[{"@type":"SearchAction","target":{"@type":"EntryPoint","urlTemplate":"https:\/\/www.meydan.tv\/az\/?s={search_term_string}"},"query-input":{"@type":"PropertyValueSpecification","valueRequired":true,"valueName":"search_term_string"}}],"inLanguage":"az"},{"@type":"Organization","@id":"https:\/\/www.meydan.tv\/az\/#organization","name":"Meydan TV","url":"https:\/\/www.meydan.tv\/az\/","logo":{"@type":"ImageObject","inLanguage":"az","@id":"https:\/\/www.meydan.tv\/az\/#\/schema\/logo\/image\/","url":"https:\/\/www.meydan.tv\/wp-content\/uploads\/2021\/07\/meydan-logo.svg","contentUrl":"https:\/\/www.meydan.tv\/wp-content\/uploads\/2021\/07\/meydan-logo.svg","width":195,"height":46,"caption":"Meydan TV"},"image":{"@id":"https:\/\/www.meydan.tv\/az\/#\/schema\/logo\/image\/"}},{"@type":"Person","@id":"https:\/\/www.meydan.tv\/az\/#\/schema\/person\/9cdbecf90d17180ce1dfbd95b08dcf47","name":"elli","sameAs":["https:\/\/x.com\/elli"]}]}},"_links":{"self":[{"href":"https:\/\/www.meydan.tv\/az\/wp-json\/wp\/v2\/posts\/235914","targetHints":{"allow":["GET"]}}],"collection":[{"href":"https:\/\/www.meydan.tv\/az\/wp-json\/wp\/v2\/posts"}],"about":[{"href":"https:\/\/www.meydan.tv\/az\/wp-json\/wp\/v2\/types\/post"}],"author":[{"embeddable":true,"href":"https:\/\/www.meydan.tv\/az\/wp-json\/wp\/v2\/users\/8"}],"replies":[{"embeddable":true,"href":"https:\/\/www.meydan.tv\/az\/wp-json\/wp\/v2\/comments?post=235914"}],"version-history":[{"count":3,"href":"https:\/\/www.meydan.tv\/az\/wp-json\/wp\/v2\/posts\/235914\/revisions"}],"predecessor-version":[{"id":235929,"href":"https:\/\/www.meydan.tv\/az\/wp-json\/wp\/v2\/posts\/235914\/revisions\/235929"}],"wp:featuredmedia":[{"embeddable":true,"href":"https:\/\/www.meydan.tv\/az\/wp-json\/wp\/v2\/media\/235901"}],"wp:attachment":[{"href":"https:\/\/www.meydan.tv\/az\/wp-json\/wp\/v2\/media?parent=235914"}],"wp:term":[{"taxonomy":"category","embeddable":true,"href":"https:\/\/www.meydan.tv\/az\/wp-json\/wp\/v2\/categories?post=235914"},{"taxonomy":"post_tag","embeddable":true,"href":"https:\/\/www.meydan.tv\/az\/wp-json\/wp\/v2\/tags?post=235914"}],"curies":[{"name":"wp","href":"https:\/\/api.w.org\/{rel}","templated":true}]}}