{"id":235863,"date":"2022-02-25T10:39:23","date_gmt":"2022-02-25T06:39:23","guid":{"rendered":"https:\/\/www.meydan.tv\/?p=235863"},"modified":"2022-02-26T03:55:27","modified_gmt":"2022-02-25T23:55:27","slug":"zelenski-dusmen-meni-bir-nomreli-hedef-kimi-gorur","status":"publish","type":"post","link":"https:\/\/www.meydan.tv\/az\/article\/zelenski-dusmen-meni-bir-nomreli-hedef-kimi-gorur\/","title":{"rendered":"M\u00fcharib\u0259nin ikinci g\u00fcn\u00fc &#8211; yenil\u0259n\u0259n x\u0259b\u0259r bloqu"},"content":{"rendered":"\n<figure class=\"wp-block-embed is-type-video is-provider-youtube wp-block-embed-youtube wp-embed-aspect-16-9 wp-has-aspect-ratio\"><div class=\"wp-block-embed__wrapper\">\n<iframe title=\"Ukraynada m\u00fclkil\u0259r at\u0259\u015f\u0259 tutur, beyn\u0259lxalq t\u0259\u015fkilatlar m\u00fcharib\u0259 cinay\u0259tl\u0259ri t\u00f6r\u0259dildiyini deyir\" width=\"1200\" height=\"675\" data-src=\"https:\/\/www.youtube.com\/embed\/0q3ug8SslqE?feature=oembed\" frameborder=\"0\" allow=\"accelerometer; autoplay; clipboard-write; encrypted-media; gyroscope; picture-in-picture\" allowfullscreen src=\"data:image\/svg+xml;base64,PHN2ZyB3aWR0aD0iMSIgaGVpZ2h0PSIxIiB4bWxucz0iaHR0cDovL3d3dy53My5vcmcvMjAwMC9zdmciPjwvc3ZnPg==\" class=\"lazyload\" data-load-mode=\"1\"><\/iframe>\n<\/div><\/figure>\n\n\n\n<!--more-->\n\n\n\n<hr class=\"wp-block-separator\"\/>\n\n\n\n<p><strong>AB\u015e da Rusiya r\u0259smil\u0259rin\u0259 sanksiya t\u0259tbiq ed\u0259c\u0259k<\/strong><\/p>\n\n\n\n<p>A\u011f Ev avropal\u0131 m\u00fctt\u0259fiql\u0259rin\u0259 d\u0259st\u0259k ver\u0259c\u0259kl\u0259rini a\u00e7\u0131qlad\u0131<\/p>\n\n\n\n<p>A\u011f Evin s\u00f6z\u00e7\u00fcs\u00fc Cen Psaki c\u00fcm\u0259 g\u00fcn\u00fc bildirib ki, AB\u015e Rusiya prezidenti Vladimir Putin v\u0259 xarici i\u015fl\u0259r naziri Sergey Lavrova qar\u015f\u0131 Moskvan\u0131n Ukraynadak\u0131 h\u0259rbi \u0259m\u0259liyyat\u0131na g\u00f6r\u0259 sanksiyalar t\u0259tbiq ed\u0259c\u0259k.<\/p>\n\n\n\n<p>\u201cPrezident Co\u00a0 Baydenin Avropa Komissiyas\u0131n\u0131n s\u0259dri Ursula fon der Leyen il\u0259 apard\u0131\u011f\u0131 telefon dan\u0131\u015f\u0131\u011f\u0131ndan sonra v\u0259 bizim avropal\u0131 m\u00fctt\u0259fiql\u0259rimizin q\u0259rar\u0131na uy\u011fun olaraq, AB\u015e, prezident Putin\u0259, xarici i\u015fl\u0259r naziri Lavrova v\u0259 Rusiya t\u0259hl\u00fck\u0259sizlik komandas\u0131 \u00fczvl\u0259rin\u0259 sanksiya t\u0259tbiqind\u0259 onlara qo\u015fulacaq.\u201c, &#8211; Psaki m\u0259tbuat konfrans\u0131nda jurnalistl\u0259r\u0259 bildirib.<\/p>\n\n\n\n<p>Bundan \u00f6nc\u0259 B\u00f6y\u00fck Britaniya Putin\u0259 v\u0259 Lavrova qar\u015f\u0131 sanksiya t\u0259tbiq ed\u0259c\u0259yi il\u0259 ba\u011fl\u0131 <a href=\"https:\/\/d9mc3ts4czbpr.cloudfront.net\/az\/article\/boyuk-britaniya-putinle-lavrova-sanksiya-tetbiq-edeceyini-aciqlayib\/\">m\u0259lumat<\/a>.<br>\u00a0yayd\u0131. Sanksiyada \u0259sas\u0259n bank hesablar\u0131n\u0131n dondurulmas\u0131 n\u0259z\u0259rd\u0259 tutulur. Lakin Rusiya r\u0259smil\u0259ri prezident Putinin v\u0259 xarici i\u015fl\u0259r naziri Lavrovun B\u00f6y\u00fck Britaniyada bank hesab\u0131 olmad\u0131\u011f\u0131 haqda m\u0259lumat yay\u0131b.<\/p>\n\n\n\n<hr class=\"wp-block-separator\"\/>\n\n\n\n<p>\u201cBax el\u0259 indic\u0259 konfransa g\u0259lirdim v\u0259 haz\u0131rda s\u0131\u011f\u0131nacaqda olan anama v\u0259 zirz\u0259mid\u0259 olan xan\u0131m\u0131ma z\u0259ng edirdim. B\u0259li, onlar h\u0259l\u0259 vuru\u015fmur, amma laz\u0131m olanda, xan\u0131m\u0131m h\u0259kimdi, o da qo\u015fulacaq\u201d. Ukraynan\u0131n Az\u0259rbaycandak\u0131 s\u0259firi Vladislav Kanevskiy 24 fevralda \u00f6lk\u0259sin\u0259 qar\u015f\u0131 ba\u015flad\u0131lan m\u00fcharib\u0259 n\u0259tic\u0259sind\u0259 ikisi u\u015faq olmaqla 57 n\u0259f\u0259rin h\u0259lak oldu\u011funu, 177 n\u0259f\u0259r yaraland\u0131\u011f\u0131n\u0131 bildirib. S\u0259fir deyib ki, Putin\u0259 Donetsk v\u0259 Luqansk Xalq Respublikalar\u0131 kimi qondarma qurumlar laz\u0131m deyildi, ona b\u00fct\u00fcn Ukrayna laz\u0131m idi. \u0130ndi d\u0259 o, bu m\u0259qs\u0259d\u0259 \u00e7atmaq ist\u0259yir. S\u0259fir bildirib ki, Az\u0259rbaycan\u0131n Ukraynada ba\u015f ver\u0259nl\u0259rl\u0259 ba\u011fl\u0131 r\u0259smi m\u00f6vqeyini g\u00f6zl\u0259yirl\u0259r.<\/p>\n\n\n\n<p>\u00c7e\u00e7enistan r\u0259hb\u0259ri Ramzan Kad\u0131rov Ukraynaya 10 min\u0259 q\u0259d\u0259r h\u0259rb\u00e7i g\u00f6nd\u0259rir. Media yaz\u0131r ki, onlar Rusiyan\u0131n x\u00fcsusi \u0259m\u0259liyyat\u0131nda i\u015ftirak etm\u0259k \u00fc\u00e7\u00fcn Ukraynaya ged\u0259c\u0259kl\u0259r.<\/p>\n\n\n\n<hr class=\"wp-block-separator\"\/>\n\n\n\n<figure class=\"wp-block-embed is-type-video is-provider-youtube wp-block-embed-youtube wp-embed-aspect-16-9 wp-has-aspect-ratio\"><div class=\"wp-block-embed__wrapper\">\n<iframe title=\"\u00c7e\u00e7enistan Ukraynaya minl\u0259rl\u0259 \u0259sg\u0259r g\u00f6nd\u0259rir - Rusiya t\u0259r\u0259find\u0259 vuru\u015facaqlar\" width=\"1200\" height=\"675\" data-src=\"https:\/\/www.youtube.com\/embed\/KMxgdgL7hKk?feature=oembed\" frameborder=\"0\" allow=\"accelerometer; autoplay; clipboard-write; encrypted-media; gyroscope; picture-in-picture\" allowfullscreen src=\"data:image\/svg+xml;base64,PHN2ZyB3aWR0aD0iMSIgaGVpZ2h0PSIxIiB4bWxucz0iaHR0cDovL3d3dy53My5vcmcvMjAwMC9zdmciPjwvc3ZnPg==\" class=\"lazyload\" data-load-mode=\"1\"><\/iframe>\n<\/div><\/figure>\n\n\n\n<hr class=\"wp-block-separator\"\/>\n\n\n\n<p><strong>23.56.<\/strong><\/p>\n\n\n\n<p><strong>B\u00f6y\u00fck Britaniya Putinl\u0259 Lavrova sanksiya t\u0259tbiq ed\u0259c\u0259yini <a href=\"https:\/\/www.meydan.tv\/az\/article\/boyuk-britaniya-putinle-lavrova-sanksiya-tetbiq-edeceyini-aciqlayib\/\" target=\"_blank\" rel=\"noreferrer noopener\">a\u00e7\u0131qlay\u0131b<\/a><\/strong><br><\/p>\n\n\n\n<p><em>B\u00f6y\u00fck Britaniyan\u0131n tezlikl\u0259 Rusiya Prezidenti Vladimir Putin\u0259 v\u0259 xarici i\u015fl\u0259r naziri Sergey Lavrova qar\u015f\u0131 sanksiyalar t\u0259tbiq ed\u0259c\u0259yi bildirilib.<br><\/em><\/p>\n\n\n\n<p><em>Bu bar\u0259d\u0259 B\u00f6y\u00fck Britaniyan\u0131n Ba\u015f naziri Boris Consonun NATO liderl\u0259ri il\u0259 telefon dan\u0131\u015f\u0131\u011f\u0131ndan sonra yayd\u0131\u011f\u0131 b\u0259yanatda qeyd edilib.<\/em><\/p>\n\n\n\n<p><em>Rusiya Xarici \u0130\u015fl\u0259r Nazirliyi B\u00f6y\u00fck Britaniyan\u0131n yeni sanksiyalar\u0131na \u201cN\u0259 Putinin, n\u0259 d\u0259 Lavrovun n\u0259 Britaniyada, n\u0259 d\u0259 xaricd\u0259 he\u00e7 bir yerd\u0259 hesab\u0131 yoxdur\u201d,-dey\u0259 cavab verib.<\/em><\/p>\n\n\n\n<hr class=\"wp-block-separator\"\/>\n\n\n\n<p><strong>22.18<\/strong><\/p>\n\n\n\n<p><strong>Ke\u00e7mi\u015f prezident Poro\u015fenko da Ukrayna u\u011frunda vuru\u015faca\u011f\u0131n\u0131 deyir<\/strong><br><\/p>\n\n\n\n<p><em>Ukraynan\u0131n ke\u00e7mi\u015f prezidenti Pyotr Poro\u015fenko da \u00f6lk\u0259sinin m\u00fcdafi\u0259sin\u0259 qalx\u0131b. Bu bar\u0259d\u0259 CNN-\u0259 dan\u0131\u015fan Poro\u015fenko Rusiya prezidenti Vladimir Putini pisl\u0259yib v\u0259 liderin \u201cd\u0259li\u201d v\u0259 \u201c\u015f\u0259r q\u00fcvv\u0259\u201d oldu\u011funu deyib:<br><\/em><\/p>\n\n\n\n<p><em>\u201c[Vladimir Putin] sad\u0259c\u0259 d\u0259lidir, o, sad\u0259c\u0259 d\u0259lidir, o, sad\u0259c\u0259 olaraq, ukraynal\u0131lar\u0131 \u00f6ld\u00fcrm\u0259k \u00fc\u00e7\u00fcn bura g\u0259l\u0259n \u015f\u0259rdir\u201d.<br><\/em><\/p>\n\n\n\n<figure class=\"wp-block-image size-full\"><img decoding=\"async\" width=\"870\" height=\"480\" data-src=\"https:\/\/www.meydan.tv\/wp-content\/uploads\/poroshenkosnn-9b256b06cd31908b0b55573a7e9c7150.jpeg\" alt=\"\" class=\"wp-image-236091 lazyload\" src=\"data:image\/svg+xml;base64,PHN2ZyB3aWR0aD0iMSIgaGVpZ2h0PSIxIiB4bWxucz0iaHR0cDovL3d3dy53My5vcmcvMjAwMC9zdmciPjwvc3ZnPg==\" style=\"--smush-placeholder-width: 870px; --smush-placeholder-aspect-ratio: 870\/480;\" \/><figcaption>M\u0259nb\u0259: lviv ua<\/figcaption><\/figure>\n\n\n\n<p><em>Ke\u00e7mi\u015f prezident m\u00fcsahib\u0259 zaman\u0131 AK-47 avtomat\u0131n\u0131 kameraya tu\u015flay\u0131b v\u0259 Kiyev k\u00fc\u00e7\u0259l\u0259rind\u0259 rus \u0259sg\u0259rl\u0259rin\u0259 qar\u015f\u0131 d\u00f6y\u00fc\u015f\u0259c\u0259yini deyib.<\/em><\/p>\n\n\n\n<hr class=\"wp-block-separator\"\/>\n\n\n\n<p><strong>22.09.<\/strong><\/p>\n\n\n\n<p><strong>Pol\u015fa Ukraynaya h\u0259rbi yard\u0131m etdiyini a\u00e7\u0131qlad\u0131<\/strong><br><\/p>\n\n\n\n<p><em>Pol\u015fa m\u00fcdafi\u0259 naziri Mariu\u015f Bla\u015fak bildirib ki, sursat dolu h\u0259rbi karvanlar Ukraynaya \u00e7atd\u0131r\u0131l\u0131b. Nazir <\/em><\/p>\n\n\n\n<p><em>Ukraynan\u0131n yan\u0131nda olduqlar\u0131n\u0131 v\u0259 Rusiyan\u0131 q\u0131nad\u0131qlar\u0131n\u0131 bildirib.<br><\/em><\/p>\n\n\n\n<p><em>M\u00fcharib\u0259 ba\u015flayandan bu yana ilk d\u0259f\u0259dir ki, Q\u0259rb \u00f6lk\u0259l\u0259rind\u0259n biri Ukraynaya h\u0259rbi yard\u0131m g\u00f6st\u0259rir.<\/em><\/p>\n\n\n\n<hr class=\"wp-block-separator\"\/>\n\n\n\n<p><strong>22.07.<\/strong><\/p>\n\n\n\n<p><strong>NATO \u015e\u0259rqi Avropaya daha \u00e7ox qo\u015fun yeritdiyini a\u00e7\u0131qlad\u0131<\/strong><br><\/p>\n\n\n\n<p>C\u00fcm\u0259 g\u00fcn\u00fc NATO liderl\u0259ri Rusiyan\u0131n Ukraynan\u0131 i\u015f\u011fal etm\u0259sind\u0259n sonra \u015e\u0259rqi Avropaya daha \u00e7ox qo\u015fun yerl\u0259\u015fdirdikl\u0259rini, Moskvan\u0131n niyy\u0259tl\u0259ri bar\u0259d\u0259 yalan dan\u0131\u015fd\u0131\u011f\u0131n\u0131 bildiribl\u0259r.<br><\/p>\n\n\n\n<figure class=\"wp-block-image size-large\"><img decoding=\"async\" width=\"1200\" height=\"675\" data-src=\"https:\/\/www.meydan.tv\/wp-content\/uploads\/nato-1-1200x675.jpg\" alt=\"\" class=\"wp-image-235640 lazyload\" src=\"data:image\/svg+xml;base64,PHN2ZyB3aWR0aD0iMSIgaGVpZ2h0PSIxIiB4bWxucz0iaHR0cDovL3d3dy53My5vcmcvMjAwMC9zdmciPjwvc3ZnPg==\" style=\"--smush-placeholder-width: 1200px; --smush-placeholder-aspect-ratio: 1200\/675;\" \/><figcaption>M\u0259nb\u0259: \u0420\u0430\u0434\u0438\u043e \u0421\u0432\u043e\u0431\u043e\u0434\u0430<\/figcaption><\/figure>\n\n\n\n<p>\u201cReuters\u201d <a href=\"https:\/\/www.reuters.com\/world\/europe\/nato-making-more-deployments-east-after-russian-invasion-2022-02-25\/\" target=\"_blank\" rel=\"noreferrer noopener\">yaz\u0131r<\/a> ki, Ba\u015f katib Yens Stoltenberqin s\u0259drliyi il\u0259 ke\u00e7iril\u0259n virtual sammitd\u0259n sonra 30 lider birg\u0259 b\u0259yanat imzalay\u0131b.<br><\/p>\n\n\n\n<p>B\u0259yanatda deyilir: \u201cRusiya h\u00f6kum\u0259tinin yalanlar silsil\u0259si he\u00e7 k\u0259si aldatmamal\u0131d\u0131r\u201d.<br><\/p>\n\n\n\n<p>&#8220;Biz indi alyans\u0131n \u015f\u0259rq hiss\u0259sin\u0259 \u0259h\u0259miyy\u0259tli \u0259lav\u0259 m\u00fcdafi\u0259 q\u00fcvv\u0259l\u0259ri yerl\u0259\u015fdiririk&#8221;, &#8211; b\u0259yanatda \u0259lav\u0259 t\u0259f\u0259rr\u00fcat verilm\u0259d\u0259n deyilir.<\/p>\n\n\n\n<hr class=\"wp-block-separator\"\/>\n\n\n\n<p><strong>22.05.<\/strong><\/p>\n\n\n\n<p><strong>Rusiya \u201cEurovision\u201ddan <a href=\"https:\/\/www.meydan.tv\/az\/article\/rusiya-eurovision-yarismasindan-uzaqlasdirildi\/\" target=\"_blank\" rel=\"noreferrer noopener\">uzaqla\u015fd\u0131r\u0131ld\u0131<\/a><\/strong><\/p>\n\n\n\n<p><em>Rusiya \u201cEurovision-2022\u201d beyn\u0259lxalq mahn\u0131 m\u00fcsabiq\u0259sind\u0259n k\u0259narla\u015fd\u0131r\u0131l\u0131b.<\/em><\/p>\n\n\n\n<p><em>Avropa Yay\u0131m Birliyinin b\u0259yanat\u0131nda bildirilir ki, 2022-ci ild\u0259 \u0130taliyan\u0131n Turin \u015f\u0259h\u0259rind\u0259 ke\u00e7iril\u0259c\u0259k t\u0259dbir\u0259 Rusiyadan i\u015ftirak\u00e7\u0131n\u0131n qat\u0131lmas\u0131 m\u00fcsabiq\u0259ni n\u00fcfuzdan salacaq.<\/em><\/p>\n\n\n\n<p><em>Rusiyan\u0131n yar\u0131\u015fmada kiminl\u0259 t\u0259msil olunaca\u011f\u0131 h\u0259l\u0259 a\u00e7\u0131qlanmam\u0131\u015fd\u0131.<\/em><\/p>\n\n\n\n<p><em>Ukraynan\u0131 m\u00fcsabiq\u0259d\u0259 \u201cKalush Orchestra\u201d qrupunun \u201cStefania\u201d adl\u0131 mahn\u0131 il\u0259 t\u0259msil ed\u0259c\u0259yi g\u00f6zl\u0259nilir.<\/em><\/p>\n\n\n\n<hr class=\"wp-block-separator\"\/>\n\n\n\n<p><strong>Kli\u00e7ko: \u201cKiyev m\u00fcdafi\u0259 fazas\u0131na daxil olub\u201d<\/strong><\/p>\n\n\n\n<p>Ukrayna paytaxt\u0131 Rusiya i\u015f\u011fal\u00e7\u0131lar\u0131na qar\u015f\u0131 m\u00fcdafi\u0259 fazas\u0131na daxil olub. Obolonsk rayonunun sakinl\u0259rini k\u00fc\u00e7\u0259y\u0259 \u00e7\u0131xmama\u011fa, evd\u0259 v\u0259 ya s\u0131\u011f\u0131nacaqda qalma\u011fa \u00e7a\u011f\u0131r\u0131blar.<\/p>\n\n\n\n<p>Bu haqda Kiyevin meri Vitali Kli\u00e7ko fevral\u0131n 25-i g\u00fcnorta ke\u00e7irilmi\u015f brifinqd\u0259 b\u0259yan edib.&nbsp;&nbsp;<\/p>\n\n\n\n<p>\u201c\u015e\u0259h\u0259r m\u00fcdafi\u0259 fazas\u0131na daxil olub. Haz\u0131rda b\u0259zi rayonlarda at\u0259\u015f v\u0259 partlay\u0131\u015f s\u0259sl\u0259ri e\u015fidilir. Ukraynal\u0131 h\u0259rb\u00e7il\u0259r ruslar\u0131n t\u0259xribat qruplar\u0131n\u0131 m\u0259hv edirl\u0259r. T\u0259\u0259ss\u00fcf ki, b\u0259zi t\u0259xribat qruplar\u0131 art\u0131q paytaxta gir\u0259 bilib, d\u00fc\u015fm\u0259n paytaxt\u0131m\u0131z\u0131 diz \u00fcst\u0259 \u00e7\u00f6kd\u00fcrm\u0259k v\u0259 sizl\u0259rl\u0259 bizl\u0259ri m\u0259hv etm\u0259k ist\u0259yir\u201d, \u2013 Kli\u00e7ko b\u0259yan edib.&nbsp;&nbsp;<\/p>\n\n\n\n<p>Kli\u00e7ko qeyd edib ki, Kiyevi m\u00fcdafi\u0259 ed\u0259 bil\u0259c\u0259k h\u0259r k\u0259s \u201cbiz\u0259 qo\u015fulmal\u0131 v\u0259 h\u0259rb\u00e7il\u0259rimiz\u0259 k\u00f6m\u0259k etm\u0259lidir\u201d.<\/p>\n\n\n\n<p>\u201cBu g\u00fcn h\u0259rbi q\u00fcvv\u0259l\u0259r q\u0259hr\u0259manl\u0131q n\u00fcmayi\u015f etdirir v\u0259 biz\u0259 g\u00f6r\u0259, d\u00f6vl\u0259timiz namin\u0259 f\u0259dakarl\u0131q g\u00f6st\u0259rir. Ukrayna ordusu Kiyevi m\u00fcdafi\u0259 edir. V\u0259ziyy\u0259t m\u00fcr\u0259kk\u0259bdir, lakin biz silahl\u0131 q\u00fcvv\u0259l\u0259rimiz\u0259 inan\u0131r, onlar\u0131 d\u0259st\u0259kl\u0259yir v\u0259 k\u00f6m\u0259k edirik\u201d, \u2013 mer b\u0259yan&nbsp; edib.<\/p>\n\n\n\n<hr class=\"wp-block-separator\"\/>\n\n\n\n<figure class=\"wp-block-embed is-type-video is-provider-youtube wp-block-embed-youtube wp-embed-aspect-16-9 wp-has-aspect-ratio\"><div class=\"wp-block-embed__wrapper\">\n<iframe title=\"Kiyevd\u0259 ya\u015fay\u0131\u015f binas\u0131 raketl\u0259 vurulub\" width=\"1200\" height=\"675\" data-src=\"https:\/\/www.youtube.com\/embed\/Sx4C8Eoi_YY?feature=oembed\" frameborder=\"0\" allow=\"accelerometer; autoplay; clipboard-write; encrypted-media; gyroscope; picture-in-picture\" allowfullscreen src=\"data:image\/svg+xml;base64,PHN2ZyB3aWR0aD0iMSIgaGVpZ2h0PSIxIiB4bWxucz0iaHR0cDovL3d3dy53My5vcmcvMjAwMC9zdmciPjwvc3ZnPg==\" class=\"lazyload\" data-load-mode=\"1\"><\/iframe>\n<\/div><\/figure>\n\n\n\n<p><strong>17.13.<\/strong><\/p>\n\n\n\n<p><strong>Peskov: \u201cRusiya dan\u0131\u015f\u0131qlara haz\u0131rd\u0131r\u201d<\/strong><\/p>\n\n\n\n<p><em>Rusiya Ukraynaya dan\u0131\u015f\u0131qlar aparmaq \u00fc\u00e7\u00fcn Minsk\u0259 n\u00fcmay\u0259nd\u0259 hey\u0259ti g\u00f6nd\u0259rm\u0259y\u0259 haz\u0131rd\u0131r.Bu bar\u0259d\u0259 Prezident Vladimir Putinin m\u0259tbuat katibi D.Peskov deyib.<\/em><\/p>\n\n\n\n<p><em>M\u0259lumat\u0131 \u201c<a href=\"https:\/\/ria.ru\/20220225\/peregovory-1775083712.html\" target=\"_blank\" rel=\"noreferrer noopener\">ria.ru<\/a>\u201d yay\u0131b.O bildirib ki, Putin Zelenskinin t\u0259klifin\u0259 cavab olaraq Kiyevl\u0259 dan\u0131\u015f\u0131qlar aparmaq \u00fc\u00e7\u00fcn M\u00fcdafi\u0259 Nazirliyi, Xarici \u0130\u015fl\u0259r Nazirliyi v\u0259 prezident administrasiyas\u0131 n\u00fcmay\u0259nd\u0259l\u0259ri s\u0259viyy\u0259sind\u0259 Minsk\u0259 n\u00fcmay\u0259nd\u0259 hey\u0259ti g\u00f6nd\u0259rm\u0259y\u0259 haz\u0131rd\u0131r.<\/em><\/p>\n\n\n\n<p>&#8220;<em>Zelenski Ukraynan\u0131n neytral statusunu m\u00fczakir\u0259 etm\u0259y\u0259 haz\u0131r oldu\u011funu a\u00e7\u0131qlad\u0131. \u018fvv\u0259lc\u0259 Rusiya prezidenti Vladimir Putin bildirdi ki, \u0259m\u0259liyyat\u0131n m\u0259qs\u0259di LXR v\u0259 DXR-\u0259 k\u00f6m\u0259k etm\u0259k, o c\u00fcml\u0259d\u0259n Ukraynan\u0131n demilitarizasiyas\u0131 v\u0259 denazifikasiyas\u0131d\u0131r v\u0259 bu, \u0259slind\u0259, neytral statusun t\u0259rkib hiss\u0259sidir\u201d, &#8211; dey\u0259 Peskov bildirib.<\/em><\/p>\n\n\n\n<hr class=\"wp-block-separator\"\/>\n\n\n\n<p><strong>16.33.<\/strong><\/p>\n\n\n\n<p><strong>Zelenski Putini dan\u0131\u015f\u0131qlar masas\u0131na <a href=\"https:\/\/www.meydan.tv\/az\/article\/zelenski-putini-danisiqlar-masasina-cagirib\/\" target=\"_blank\" rel=\"noreferrer noopener\">\u00e7a\u011f\u0131rd\u0131<\/a><\/strong><br><\/p>\n\n\n\n<p><em>Ukrayna Prezidenti Vladimir Zelenski insanlar\u0131n h\u0259lak olmas\u0131n\u0131 dayand\u0131rmaq \u00fc\u00e7\u00fcn Rusiya Prezidenti Vladimir Putini dan\u0131\u015f\u0131qlar masas\u0131na \u00e7a\u011f\u0131r\u0131b.<br><\/em><\/p>\n\n\n\n<figure class=\"wp-block-image size-large\"><img decoding=\"async\" width=\"1200\" height=\"540\" data-src=\"https:\/\/www.meydan.tv\/wp-content\/uploads\/image_from_ios-1-6-scaled-e1645792325955-1200x540.jpg\" alt=\"\" class=\"wp-image-235809 lazyload\" src=\"data:image\/svg+xml;base64,PHN2ZyB3aWR0aD0iMSIgaGVpZ2h0PSIxIiB4bWxucz0iaHR0cDovL3d3dy53My5vcmcvMjAwMC9zdmciPjwvc3ZnPg==\" style=\"--smush-placeholder-width: 1200px; --smush-placeholder-aspect-ratio: 1200\/540;\" \/><figcaption>V.Zelenski v\u0259 V.Putin. Foto: Meydan TV<\/figcaption><\/figure>\n\n\n\n<p><em>O, bu bar\u0259d\u0259 fevral\u0131n 25-d\u0259 g\u00fcnorta yay\u0131mlanan videomj\u00fcraci\u0259tind\u0259 deyib.<br><\/em><\/p>\n\n\n\n<p><em>\u201cRF prezidentin\u0259: \u00f6lk\u0259nin b\u00fct\u00fcn \u0259razisind\u0259 d\u00f6y\u00fc\u015fl\u0259r gedir. \u0130nsanlar\u0131n h\u0259lak olmas\u0131n\u0131 dayand\u0131rmaq \u00fc\u00e7\u00fcn g\u0259lin dan\u0131\u015f\u0131qlar masas\u0131na oturaq\u201d.<\/em><\/p>\n\n\n\n<hr class=\"wp-block-separator\"\/>\n\n\n\n<p><strong>16.23.<\/strong><\/p>\n\n\n\n<p><strong>Bak\u0131da Ukraynaya d\u0259st\u0259k aksiyas\u0131 ke\u00e7irilib<\/strong><\/p>\n\n\n\n<p><em>Fevral\u0131n 25-d\u0259 D18 H\u0259r\u0259kat\u0131n\u0131n \u00fczvl\u0259ri Bak\u0131dak\u0131 Ukrayna S\u0259firliyi \u00f6n\u00fcnd\u0259 Ukraynaya d\u0259st\u0259k aksiyas\u0131 <a href=\"https:\/\/www.meydan.tv\/az\/article\/d18-herekati-ukraynaya-destek-aksiyasi-kecirib\/\" target=\"_blank\" rel=\"noreferrer noopener\">ke\u00e7irib<\/a>.<\/em><\/p>\n\n\n\n<p><em>Aksiya t\u0259\u015fkilat\u00e7\u0131lar\u0131 bildiribl\u0259r ki, Rusiyan\u0131n Ukraynaya m\u00fcdaxil\u0259si yolverilm\u0259zdir v\u0259 he\u00e7 bir h\u00fcquqa \u0259saslanm\u0131r: \u201cBiz Rusiyan\u0131n i\u015f\u011fal\u00e7\u0131 siyas\u0259ti il\u0259 ba\u011fl\u0131 b\u0259yanat haz\u0131rlam\u0131\u015f\u0131q. Q\u0259rara g\u0259lmi\u015fik ki, dost v\u0259 qarda\u015f Ukraynaya d\u0259st\u0259k olaq\u201d.<\/em><\/p>\n\n\n\n<hr class=\"wp-block-separator\"\/>\n\n\n\n<p><strong>16.16. <\/strong><\/p>\n\n\n\n<p><strong>Jurnalistl\u0259r\u0259 \u018fdal\u0259t Fondundan ukraynal\u0131 jurnalistl\u0259r\u0259 d\u0259st\u0259k<br><\/strong><\/p>\n\n\n\n<p>J<em>urnalistl\u0259r\u0259 \u018fdal\u0259t Fondu (Justice for Journalists Foundation &#8211; JFJ) v\u0259 b\u0259zi \u00f6lk\u0259l\u0259rd\u0259ki insan h\u00fcquqlar\u0131, jurnalist t\u0259\u015fkilatlar\u0131 v\u0259 Qeyri-H\u00f6kum\u0259t T\u0259\u015fkilatlar\u0131 (QHT) Ukrayna xalq\u0131n\u0131n yan\u0131nda olduqlar\u0131n\u0131 b\u0259yan edib.<\/em><br><\/p>\n\n\n\n<p><em>Meydan TV-y\u0259 d\u0259 g\u00f6nd\u0259ril\u0259n <a href=\"https:\/\/www.meydan.tv\/az\/article\/jurnalistlere-edalet-fondundan-ukraynali-jurnalistlere-destek\/\" target=\"_blank\" rel=\"noreferrer noopener\">b\u0259yanat<\/a>da haz\u0131rda geni\u015fmiqyasl\u0131 Avropa m\u00fcharib\u0259sinin c\u0259bh\u0259 x\u0259ttind\u0259 fa\u0259liyy\u0259t g\u00f6st\u0259r\u0259n ukraynal\u0131 jurnalistl\u0259rl\u0259 h\u0259mr\u0259y olduqlar\u0131 ifad\u0259 edilib.<\/em><\/p>\n\n\n\n<hr class=\"wp-block-separator\"\/>\n\n\n\n<figure class=\"wp-block-embed is-type-video is-provider-youtube wp-block-embed-youtube wp-embed-aspect-16-9 wp-has-aspect-ratio\"><div class=\"wp-block-embed__wrapper\">\n<iframe title=\"S\u0259fir: \u201cAz\u0259rbaycan\u0131n Ukraynada ba\u015f ver\u0259nl\u0259rl\u0259 ba\u011fl\u0131 r\u0259smi m\u00f6vqeyini g\u00f6zl\u0259yirik\u201d\" width=\"1200\" height=\"675\" data-src=\"https:\/\/www.youtube.com\/embed\/rC0jr_CFodk?feature=oembed\" frameborder=\"0\" allow=\"accelerometer; autoplay; clipboard-write; encrypted-media; gyroscope; picture-in-picture\" allowfullscreen src=\"data:image\/svg+xml;base64,PHN2ZyB3aWR0aD0iMSIgaGVpZ2h0PSIxIiB4bWxucz0iaHR0cDovL3d3dy53My5vcmcvMjAwMC9zdmciPjwvc3ZnPg==\" class=\"lazyload\" data-load-mode=\"1\"><\/iframe>\n<\/div><\/figure>\n\n\n\n<p><strong>16.14.<\/strong><\/p>\n\n\n\n<p><strong>S\u0259fir: &#8220;Kiyevin giri\u015find\u0259 intensiv d\u00f6y\u00fc\u015fl\u0259r gedir&#8221;<\/strong><\/p>\n\n\n\n<p><em>&#8220;Kiyevin giri\u015find\u0259 intensiv d\u00f6y\u00fc\u015fl\u0259r gedir. Gec\u0259 Kiyev\u0259 at\u0131lan raket z\u0259rb\u0259l\u0259ri n\u0259tic\u0259sind\u0259 iki raket m\u0259hv edilib, bir \u00e7oxm\u0259rt\u0259b\u0259li evd\u0259 yan\u011f\u0131n ba\u015flay\u0131b. \u0130lkin m\u0259lumatlara g\u00f6r\u0259, 8 yaral\u0131 var, 150 n\u0259f\u0259r t\u0259xliy\u0259 edilib&#8221;.<\/em><\/p>\n\n\n\n<p><em>Bunu Ukraynan\u0131n Az\u0259rbaycandak\u0131 s\u0259firi Vladislav Kanevski bu g\u00fcn ke\u00e7irdiyi m\u0259tbuat konfrans\u0131nda <a href=\"https:\/\/www.meydan.tv\/az\/article\/sefir-kiyevin-girisinde-intensiv-doyusler-gedir\/\" target=\"_blank\" rel=\"noreferrer noopener\">deyib<\/a>.<\/em><\/p>\n\n\n\n<p><em>S\u0259fir bildirib ki, i\u015f\u011fal\u00e7\u0131 ordu \u00c7ernob\u0131l AES zonas\u0131na daxil olaraq, stansiyan\u0131 \u0259l\u0259 ke\u00e7irib: &#8220;Bu g\u00fcn n\u00fcv\u0259 analoqlar\u0131 anbar\u0131 t\u0259hl\u00fck\u0259 alt\u0131ndad\u0131r\u201d.<\/em><\/p>\n\n\n\n<div class=\"wp-block-image\"><figure class=\"aligncenter size-large is-resized\"><img decoding=\"async\" data-src=\"https:\/\/www.meydan.tv\/wp-content\/uploads\/photo-2022-02-25-14-28-39-1095x821.jpg\" alt=\"\" class=\"wp-image-235959 lazyload\" width=\"607\" height=\"455\" src=\"data:image\/svg+xml;base64,PHN2ZyB3aWR0aD0iMSIgaGVpZ2h0PSIxIiB4bWxucz0iaHR0cDovL3d3dy53My5vcmcvMjAwMC9zdmciPjwvc3ZnPg==\" style=\"--smush-placeholder-width: 607px; --smush-placeholder-aspect-ratio: 607\/455;\" \/><figcaption>Foto: Meydan TV<\/figcaption><\/figure><\/div>\n\n\n\n<p><em>\u201cQeyd etm\u0259k ist\u0259yir\u0259m ki, sonuncu d\u0259f\u0259 Kiyevi 1941-ci ild\u0259 bombardman edibl\u0259r\u2026 Nasist reyxi. Kiyevin bombardman edilm\u0259si \u00f6z\u00fcn\u00fcn sinizmi v\u0259 \u015f\u0259r\u0259fsizliyin\u0259 g\u00f6r\u0259 yax\u015f\u0131 bildiyiniz h\u00fccumlara \u00e7ox b\u0259nz\u0259yir: G\u0259nc\u0259 v\u0259 Ming\u0259\u00e7evir\u0259\u201d, \u2013 dey\u0259 Vladislav Kanevski bildirib.<\/em><\/p>\n\n\n\n<hr class=\"wp-block-separator\"\/>\n\n\n\n<p><strong>15.16.<\/strong><br><br><strong>\u201cG\u00fcrc\u00fcstan Rusiyaya sanksiya t\u0259tbiq etm\u0259y\u0259c\u0259k\u201d<br><\/strong><br><em>G\u00fcrc\u00fcstan Rusiyan\u0131n Ukraynaya m\u00fcdaxil\u0259sin\u0259 cavab olaraq onlara qar\u015f\u0131 h\u0259r hans\u0131 sanksiya t\u0259tbiq <a href=\"https:\/\/www.meydan.tv\/az\/article\/irakli-qaribasvili-gurcustan-rusiyaya-sanksiya-tetbiq-etmeyecek\/\" target=\"_blank\" rel=\"noreferrer noopener\">etm\u0259y\u0259c\u0259k<\/a>.<br><\/em><br><em>G\u00fcrc\u00fcstan\u0131n Ba\u015f naziri \u0130rakli Qariba\u015fvili fevral\u0131n 25-d\u0259 jurnalistl\u0259r\u0259 a\u00e7\u0131qlamas\u0131nda bel\u0259 <a href=\"https:\/\/www.facebook.com\/watch\/live\/?ref=watch_permalink&amp;v=398025932091702\" target=\"_blank\" rel=\"noreferrer noopener\">deyib<\/a>.<br><\/em><br><em>O, bu add\u0131m\u0131 G\u00fcrc\u00fcstan\u0131n \u201cmilli maraqlar\u0131\u201d il\u0259 \u0259sasland\u0131r\u0131b: \u201c\u00d6lk\u0259mizin v\u0259 xalq\u0131m\u0131z\u0131n milli maraqlar\u0131na z\u0259r\u0259r ver\u0259c\u0259k he\u00e7 bir q\u0259rar verm\u0259y\u0259c\u0259y\u0259m\u201d.<\/em><\/p>\n\n\n\n<hr class=\"wp-block-separator\"\/>\n\n\n\n<p><strong>15.07.<\/strong><br><br><strong>Ukrayna \u0259halisi Pol\u015fa, Rum\u0131niya, Macar\u0131stan v\u0259 Slovakiyaya ax\u0131\u015f\u0131r<\/strong><br><br><em>Rusiya raketl\u0259rinin paytaxt Kiyevi vurmas\u0131ndan sonra m\u00fcharib\u0259d\u0259n qa\u00e7an minl\u0259rl\u0259 insan Pol\u015fa, Rum\u0131niya, Macar\u0131stan v\u0259 Slovakiyaya <a href=\"https:\/\/www.meydan.tv\/az\/article\/ukrayna-ehalisi-polsa-ruminiya-macaristan-ve-slovakiyaya-axisir\/\" target=\"_blank\" rel=\"noreferrer noopener\">ax\u0131\u015f\u0131r<\/a>.<br><br>Fevral\u0131n 24-d\u0259 Rusiya Prezidenti Vladimir Putinin Ukraynaya m\u00fcdaxil\u0259y\u0259 ba\u015flamas\u0131ndan bir g\u00fcn sonra Ukrayna h\u00f6kum\u0259ti 18-60 ya\u015f aras\u0131 ki\u015fil\u0259r \u00fc\u00e7\u00fcn \u00f6lk\u0259d\u0259n \u00e7\u0131x\u0131\u015f\u0131 m\u0259hdudla\u015fd\u0131r\u0131b.<br><br>Odur ki, Avropaya \u00fcz tutanlar da \u0259sas\u0259n qad\u0131nlar v\u0259 u\u015faqlard\u0131r.<\/em><\/p>\n\n\n\n<hr class=\"wp-block-separator\"\/>\n\n\n\n<p><strong>15.00<\/strong><br><br><strong>\u201cRusiyan\u0131n m\u0259qs\u0259di Kiyev\u0259 girm\u0259k v\u0259 \u015f\u0259xs\u0259n Zelenskini m\u0259hv etm\u0259kdir\u201d&nbsp;<\/strong><br><br><em>Ukraynan\u0131n Prezident ofisi r\u0259hb\u0259rinin m\u00fc\u015faviri Mixail Podolyak Rusiya qo\u015funlar\u0131n\u0131n \u0259sas fundamental ssenarisi bar\u0259d\u0259 dan\u0131\u015f\u0131b. \u201cOnlar\u0131n m\u0259qs\u0259di Kiyev\u0259 girm\u0259k v\u0259 \u00f6lk\u0259 r\u0259hb\u0259rliyini, \u015f\u0259xs\u0259n Prezident Vladimir Zelenskini m\u0259hv etm\u0259kdir\u201d.<br><br>O, bu bar\u0259d\u0259 fevral\u0131n 25- d\u0259 ke\u00e7iril\u0259n brifinqd\u0259 m\u0259lumat verib. Onun dediyin\u0259 g\u00f6r\u0259, prezident Kiyevd\u0259 qal\u0131r, \u00e7\u00fcnki \u201cUkrayna xalq\u0131n\u0131n sars\u0131lmazl\u0131\u011f\u0131n\u0131n n\u0259 oldu\u011funu g\u00f6st\u0259rm\u0259lidir\u201d.<br><br>Zelenski brifinqd\u0259 deyib ki, Moskva \u0259m\u0259liyyat\u0131n\u0131n m\u0259qs\u0259di b\u00fct\u00fcn Ukrayna c\u0259miyy\u0259tin\u0259 t\u0259zyiq etm\u0259kdir.<br>\u201cUkraynan\u0131n taleyi t\u0259kc\u0259 bizd\u0259n as\u0131l\u0131d\u0131r, ba\u015fqa he\u00e7 k\u0259s bizim h\u0259yat\u0131m\u0131za r\u0259hb\u0259rlik etm\u0259y\u0259c\u0259k. Biz \u00f6z torpa\u011f\u0131m\u0131zday\u0131q, h\u0259qiq\u0259t bizim arxam\u0131zdad\u0131r, bizim xarakterimizi m\u0259hv etm\u0259k al\u0131nmayacaq, ist\u0259nil\u0259n kalibrli raket bizim azadl\u0131\u011f\u0131m\u0131z qar\u015f\u0131s\u0131nda g\u00fccs\u00fczd\u00fcr\u201d, \u2013 o qeyd edib. <\/em><\/p>\n\n\n\n<hr class=\"wp-block-separator\"\/>\n\n\n\n<p><strong>14.53.<\/strong><br><br><strong>\u201cBaydenin dediyind\u0259 h\u0259qiq\u0259t var, banklara sanksiyalar daha t\u0259sirlidir\u201d<\/strong><br><br><em>\u201cRusiyan\u0131 SWIFT-d\u0259n k\u0259narla\u015fd\u0131rmaqdansa, beyn\u0259lxalq hesabla\u015fmalarda aparc\u0131 olan 4 valyuta (dollar, avro, yen v\u0259 ingilis funtu) il\u0259 \u0259m\u0259liyyatlara qada\u011fa, konkret banklara sanksiyalar daha t\u0259sirlidir. <br>Bu bax\u0131mdan AB\u015e prezidentinin dediyind\u0259 h\u0259qiq\u0259t var\u201d.\u0130qtisad\u00e7\u0131 R\u00f6v\u015f\u0259n A\u011fayev bel\u0259 <a href=\"https:\/\/www.meydan.tv\/az\/article\/iqtisadci-baydenin-dediyinde-heqiqet-var-banklara-sanksiyalar-daha-tesirlidir\/\" target=\"_blank\" rel=\"noreferrer noopener\">deyir<\/a>.<\/em><\/p>\n\n\n\n<hr class=\"wp-block-separator\"\/>\n\n\n\n<p><strong>14.36.<\/strong><\/p>\n\n\n\n<p><em>Kiyev \u015e\u0259h\u0259r D\u00f6vl\u0259t Administrasiyas\u0131 Obolonski rayonunun sakinl\u0259rin\u0259 aktiv d\u00f6y\u00fc\u015f \u0259m\u0259liyyatlar\u0131n\u0131n yax\u0131nla\u015fmas\u0131 il\u0259 \u0259laq\u0259dar k\u00fc\u00e7\u0259y\u0259 \u00e7\u0131xmama\u011f\u0131 t\u00f6vsiy\u0259 edir.<\/em><\/p>\n\n\n\n<p><em>\u0130nsanlardan qapal\u0131 yerl\u0259rd\u0259 &#8211; evd\u0259 v\u0259 ya s\u0131\u011f\u0131nacaqlarda qalmalar\u0131 xahi\u015f olunur:\u201c\u0130ndi \u00e7\u00f6l\u0259 \u00e7\u0131xmaq \u00e7ox t\u0259hl\u00fck\u0259lidir\u201d.<\/em><\/p>\n\n\n\n<hr class=\"wp-block-separator\"\/>\n\n\n\n<p><strong>14.35<\/strong><\/p>\n\n\n\n<p><strong>\u00c7empionlar Liqas\u0131n\u0131n final oyunu Santk-Peterburqda ke\u00e7irilm\u0259y\u0259c\u0259k<\/strong><\/p>\n\n\n\n<p><em>UEFA \u0130craiyy\u0259 Komit\u0259si fevral\u0131n 25-d\u0259 Avropada t\u0259hl\u00fck\u0259sizlikl\u0259 ba\u011fl\u0131 v\u0259ziyy\u0259tin k\u0259skinl\u0259\u015fm\u0259si il\u0259 \u0259laq\u0259dar n\u00f6vb\u0259d\u0259nk\u0259nar iclas <a href=\"https:\/\/www.meydan.tv\/az\/article\/cempionlar-liqasinin-final-oyunu-santk-peterburqda-kecirilmeyecek\/\" target=\"_blank\" rel=\"noreferrer noopener\">ke\u00e7irib<\/a>.<br><\/em><\/p>\n\n\n\n<p><em>UEFA \u0130craiyy\u0259 Komit\u0259si 2021\/22 UEFA \u00c7empionlar Liqas\u0131n\u0131n final\u0131n\u0131n Sankt-Peterburqdan Saint-Denisd\u0259ki Stade de Fransa k\u00f6\u00e7\u00fcr\u00fclm\u0259si bar\u0259d\u0259 q\u0259rar q\u0259bul edib. Oyun ilkin olaraq may\u0131n 28-d\u0259 Avropa vaxt\u0131 il\u0259 21:00-da <a href=\"https:\/\/www.uefa.com\/uefachampionsleague\/news\/0272-148740475a92-1b97baa3e9d7-1000--decisions-from-today-s-extraordinary-uefa-executive-committee-m\/\" target=\"_blank\" rel=\"noreferrer noopener\">oynan\u0131lacaq<\/a>.<\/em><\/p>\n\n\n\n<hr class=\"wp-block-separator\"\/>\n\n\n\n<p><strong>13.48.<\/strong><\/p>\n\n\n\n<p><strong>\u015eon Penn m\u00fcharib\u0259 \u015f\u0259raitind\u0259 Ukraynaya getdi, Zelenski il\u0259 <a href=\"https:\/\/www.meydan.tv\/az\/article\/son-penn-muharibe-seraitinde-ukraynaya-getdi-zelenski-ile-gorusdu\/\" target=\"_blank\" rel=\"noreferrer noopener\">g\u00f6r\u00fc\u015fd\u00fc<\/a><\/strong><\/p>\n\n\n\n<p><em>Prezident Vladimir Zelenski amerikal\u0131 aktyor, kinorejissor v\u0259 ssenarist \u015eon Pennl\u0259 Rusiyan\u0131n Ukraynan\u0131 demilitarizasiya etm\u0259k \u00fc\u00e7\u00fcn ke\u00e7irdiyi x\u00fcsusi \u0259m\u0259liyyat fonunda g\u00f6r\u00fc\u015f\u00fcb.<\/em><\/p>\n\n\n\n<p><em>Penn Prezident Adminstrasiyas\u0131nda olub.<\/em><\/p>\n\n\n\n<p><em>O, Ba\u015f nazirin m\u00fcavini \u0130rina Vere\u015fuk, h\u0259m\u00e7inin b\u0259zi yerli jurnalistl\u0259r v\u0259 Ukrayna h\u0259rb\u00e7il\u0259ri il\u0259 s\u00f6hb\u0259t edib.<\/em><\/p>\n\n\n\n<p><em>\u201cRejissor haz\u0131rda Ukraynada ba\u015f ver\u0259n b\u00fct\u00fcn hadis\u0259l\u0259ri lent\u0259 almaq v\u0259 Rusiyan\u0131n \u00f6lk\u0259miz\u0259 t\u0259cav\u00fcz\u00fc il\u0259 ba\u011fl\u0131 h\u0259qiq\u0259tl\u0259ri d\u00fcnyaya \u00e7atd\u0131rmaq \u00fc\u00e7\u00fcn x\u00fcsusi olaraq Kiyev\u0259 g\u0259lib. \u00d6lk\u0259miz ona bel\u0259 c\u0259sar\u0259t v\u0259 d\u00fcr\u00fcstl\u00fck n\u00fcmayi\u015f etdirdiyin\u0259 g\u00f6r\u0259 minn\u0259tdard\u0131r\u201d, &#8211; Ukrayna h\u00f6kum\u0259tinin b\u0259yanat\u0131nda deyilir.<\/em><\/p>\n\n\n\n<p><em>\u015eon Penn s\u0259n\u0259dli filmin \u00e7\u0259kili\u015fl\u0259ri il\u0259 \u0259laq\u0259dar h\u0259l\u0259 2021-ci ilin noyabr\u0131nda Ukraynaya s\u0259f\u0259r etmi\u015fdi.<\/em><\/p>\n\n\n\n<hr class=\"wp-block-separator\"\/>\n\n\n\n<p><strong>13.44<\/strong><\/p>\n\n\n\n<p><strong>&#8220;Rusiyan\u0131n SWIFT-d\u0259n (red: qlobal banklararas\u0131 \u00f6d\u0259ni\u015f sistemi) \u00e7\u0131xar\u0131lmas\u0131 son \u00e7ar\u0259dir&#8221;.<\/strong><\/p>\n\n\n\n<p><em>Fransan\u0131n maliyy\u0259 naziri Bruno Le Maire bel\u0259 <a href=\"https:\/\/www.theguardian.com\/world\/live\/2022\/feb\/25\/russia-ukraine-invasion-latest-news-live-updates-russian-war-vladimir-putin-explosions-bombing-invades-kyiv\" target=\"_blank\" rel=\"noreferrer noopener\">d\u00fc\u015f\u00fcn\u00fcr<\/a>.<\/em><\/p>\n\n\n\n<p><em>Avropa \u0130ttifaq\u0131 v\u0259 AB\u015e-\u0131n Ukraynaya m\u00fcdaxil\u0259y\u0259 cavab olaraq t\u0259tbiq etdiyi sanksiyalara Rusiyan\u0131 SWIFT-d\u0259n \u00e7\u0131xarma\u011f\u0131 \u0259lav\u0259 etm\u0259yib.<\/em><\/p>\n\n\n\n<p><em>Avropa \u0130ttifaq\u0131 maliyy\u0259 nazirl\u0259rinin g\u00f6r\u00fc\u015f\u00fcnd\u0259n \u00f6nc\u0259 Le Maire demi\u015fdi ki, \u0259n son \u00e7ar\u0259 SWIFT-d\u0259n \u00e7\u0131xarmaqd\u0131r: \u201cLakin bu, masada qalacaq variantlardan biridir\u201d.<\/em><\/p>\n\n\n\n<div class=\"wp-block-image\"><figure class=\"alignright size-full is-resized\"><img decoding=\"async\" data-src=\"https:\/\/www.meydan.tv\/wp-content\/uploads\/shutterstock_1932816365.jpg\" alt=\"\" class=\"wp-image-235901 lazyload\" width=\"443\" height=\"226\" src=\"data:image\/svg+xml;base64,PHN2ZyB3aWR0aD0iMSIgaGVpZ2h0PSIxIiB4bWxucz0iaHR0cDovL3d3dy53My5vcmcvMjAwMC9zdmciPjwvc3ZnPg==\" style=\"--smush-placeholder-width: 443px; --smush-placeholder-aspect-ratio: 443\/226;\" \/><figcaption>M\u0259nb\u0259: Funtap\/shutterstock<\/figcaption><\/figure><\/div>\n\n\n\n<p><em>Ukrayna h\u00f6kum\u0259ti is\u0259 bu add\u0131m\u0131 atmayan \u00f6lk\u0259l\u0259r\u0259 \u201c\u0259ll\u0259ri qana bula\u015facaq\u201d dem\u0259sind\u0259n sonra bu istiqam\u0259td\u0259ki m\u00fczakir\u0259l\u0259r q\u0131z\u0131\u015fd\u0131.<\/em><\/p>\n\n\n\n<p><em>Bundan sonra Bundestaq\u0131n Xarici \u018flaq\u0259l\u0259r Komit\u0259sinin r\u0259hb\u0259ri Norbert R\u00f6ttgen Almaniyan\u0131 SWIFT-l\u0259 ba\u011fl\u0131 yenid\u0259n d\u00fc\u015f\u00fcnm\u0259y\u0259 \u00e7a\u011f\u0131r\u0131b.<\/em><\/p>\n\n\n\n<p><\/p>\n\n\n\n<p><\/p>\n\n\n\n<hr class=\"wp-block-separator\"\/>\n\n\n\n<p><strong>13.26<\/strong><\/p>\n\n\n\n<p><strong>Rusiya Britaniya \u00fc\u00e7\u00fcn hava m\u0259kan\u0131n\u0131 m\u0259hdudla\u015fd\u0131r\u0131r<\/strong><\/p>\n\n\n\n<p><em>\u201cRia Novosti\u201d yaz\u0131r ki, Rusiya tranzit d\u0259 daxil olmaqla b\u00fct\u00fcn Britaniya u\u00e7u\u015flar\u0131 \u00fc\u00e7\u00fcn \u00f6z hava m\u0259kan\u0131ndan istifad\u0259ni m\u0259hdudla\u015fd\u0131r\u0131r.<\/em><\/p>\n\n\n\n<p><em>Bu add\u0131m B\u00f6y\u00fck Britaniya h\u00f6kum\u0259tinin c\u00fcm\u0259 ax\u015fam\u0131 elan etdiyi geni\u015f sanksiyalar paketind\u0259n sonra at\u0131l\u0131b.<\/em><\/p>\n\n\n\n<p><em>H\u0259min m\u0259lumatda bildirilirdi ki, Rusiyan\u0131n milli aviada\u015f\u0131y\u0131c\u0131s\u0131 \u201cAeroflot\u201dun Britaniya hava m\u0259kan\u0131na giri\u015finin qada\u011fan edil\u0259c\u0259k.<\/em><\/p>\n\n\n\n<figure class=\"wp-block-image size-full is-resized\"><img decoding=\"async\" data-src=\"https:\/\/www.meydan.tv\/wp-content\/uploads\/ria_novosti.png\" alt=\"\" class=\"wp-image-235892 lazyload\" width=\"356\" height=\"164\" src=\"data:image\/svg+xml;base64,PHN2ZyB3aWR0aD0iMSIgaGVpZ2h0PSIxIiB4bWxucz0iaHR0cDovL3d3dy53My5vcmcvMjAwMC9zdmciPjwvc3ZnPg==\" style=\"--smush-placeholder-width: 356px; --smush-placeholder-aspect-ratio: 356\/164;\" \/><\/figure>\n\n\n\n<hr class=\"wp-block-separator\"\/>\n\n\n\n<p><strong>13.03.<\/strong><\/p>\n\n\n\n<p><strong>X\u0130N Az\u0259rbaycan v\u0259t\u0259nda\u015flar\u0131na m\u00fcraci\u0259t etdi: &#8220;Moldovaya ged\u0259 bil\u0259rsiniz&#8221;<\/strong><br><\/p>\n\n\n\n<p><em>Az\u0259rbaycan Xarici \u0130\u015fl\u0259r Nazirliyi (X\u0130N) Ukraynada yaranm\u0131\u015f v\u0259ziyy\u0259tl\u0259 \u0259laq\u0259dar yenid\u0259n \u00f6lk\u0259 v\u0259t\u0259nda\u015flar\u0131na m\u00fcraci\u0259t <a href=\"https:\/\/www.mfa.gov.az\/az\/news\/no06222\" target=\"_blank\" rel=\"noreferrer noopener\">edib<\/a>.<br><\/em><\/p>\n\n\n\n<p><em>X\u0130N bildirir ki, haz\u0131rda Ukraynan\u0131n hava m\u0259kan\u0131 ba\u011fl\u0131d\u0131r. Odur ki, Az\u0259rbaycan v\u0259t\u0259nda\u015flar\u0131 Ukraynan\u0131 hava n\u0259qliyyat\u0131 vasit\u0259sil\u0259 t\u0259rk ed\u0259 bilmir.<br><\/em><\/p>\n\n\n\n<p><em>\u201cCiddi t\u0259hl\u00fck\u0259 il\u0259 \u00fczl\u0259\u015fmi\u015f Az\u0259rbaycan v\u0259t\u0259nda\u015flar\u0131 Ukraynan\u0131n Moldova il\u0259 olan Oknitsa v\u0259 Palanka s\u0259rh\u0259d-ke\u00e7id m\u0259nt\u0259q\u0259l\u0259ri vasit\u0259sil\u0259 quru yolla Moldova Respublikas\u0131n\u0131n \u0259razisin\u0259 ke\u00e7\u0259 bil\u0259r&#8221;, &#8211; dey\u0259 m\u00fcraci\u0259td\u0259 bildirilir.<br><\/em><\/p>\n\n\n\n<p><em>Nazirlik qeyd edir ki, Moldova t\u0259r\u0259fi yaranm\u0131\u015f humanitar v\u0259ziyy\u0259tl\u0259 \u0259laq\u0259dar quru s\u0259rh\u0259di ke\u00e7m\u0259k ist\u0259y\u0259n Az\u0259rbaycan v\u0259t\u0259nda\u015flar\u0131ndan COVID-19 pasportu v\u0259 COVID-19-a dair PCR testinin neqativ n\u0259tic\u0259sini t\u0259l\u0259b etm\u0259y\u0259c\u0259k:<br><\/em><\/p>\n\n\n\n<p><em>&#8220;V\u0259t\u0259nda\u015flar\u0131m\u0131z Az\u0259rbaycan Respublikas\u0131n\u0131n Moldova Respublikas\u0131ndak\u0131 s\u0259firliyi il\u0259 +373 781 81 361, +373 789 91 849, +373 222 32 277 n\u00f6mr\u0259l\u0259ri il\u0259 v\u0259 chisinau@mission.mfa.gov.az elektron po\u00e7tu vasit\u0259sil\u0259 \u0259laq\u0259 saxlaya bil\u0259r\u2026&#8221;.<\/em><\/p>\n\n\n\n<hr class=\"wp-block-separator\"\/>\n\n\n\n<p><strong>13.00<\/strong><\/p>\n\n\n\n<p><strong>&#8220;Rusiya ordusu Kiyev\u0259 do\u011fru ir\u0259lil\u0259yir&#8221;<\/strong><\/p>\n\n\n\n<p><em>Kiyevd\u0259n 60 km \u015fimal-q\u0259rbd\u0259 yerl\u0259\u015f\u0259n \u0130vankovda a\u011f\u0131r d\u00f6y\u00fc\u015fl\u0259rin getdiyini bildirir.<\/em><\/p>\n\n\n\n<p>\u201c<em>\u018fn a\u011f\u0131r\u0131 bu g\u00fcn olacaq. D\u00fc\u015fm\u0259nin plan\u0131 tanklarla \u0130vankov v\u0259 \u00c7ernihov c\u0259bh\u0259sini yar\u0131b Kiyev\u0259 ir\u0259lil\u0259m\u0259kdir\u201d, \u2013 Daxili \u0130\u015fl\u0259r Nazirliyinin m\u00fc\u015faviri <a href=\"https:\/\/www.facebook.com\/anton.gerashchenko.7\/posts\/4865975130155962\" target=\"_blank\" rel=\"noreferrer noopener\">Anton Gera\u015f\u00e7enko<\/a> bel\u0259 deyib.<\/em><\/p>\n\n\n\n<p><em>O bildirib ki, bu gec\u0259 hava h\u00fccumu n\u0259tic\u0259sind\u0259 Kiyevd\u0259 ya\u015fay\u0131\u015f binas\u0131 partlad\u0131l\u0131b.<\/em><\/p>\n\n\n\n<hr class=\"wp-block-separator\"\/>\n\n\n\n<p><strong>12.56.<\/strong><\/p>\n\n\n\n<p><strong>Taliban Rusiya v\u0259 Ukraynan\u0131 \u201cb\u00f6hran\u0131 dialoq v\u0259 s\u00fclh yolu il\u0259 h\u0259ll etm\u0259y\u0259\u201d \u00e7a\u011f\u0131r\u0131b<\/strong><br><\/p>\n\n\n\n<p><em>Rusiyan\u0131n Ukraynaya m\u00fcdaxil\u0259sind\u0259 t\u0259r\u0259fsiz oldu\u011funu b\u0259yan ed\u0259n Taliban rejimi iki \u00f6lk\u0259ni probleml\u0259ri dialoq v\u0259 s\u00fclh yolu il\u0259 h\u0259ll etm\u0259y\u0259 <a href=\"https:\/\/tr.euronews.com\/2022\/02\/25\/rusya-n-n-baslatt-g-ukrayna-savas-nda-2-gun-kiev-de-siren-sesleri-canl-blog?postid=1209054688\" target=\"_blank\" rel=\"noreferrer noopener\">\u00e7a\u011f\u0131r\u0131b<\/a>.<\/em><br><\/p>\n\n\n\n<p><em>Taliban h\u00f6kum\u0259tinin Xarici \u0130\u015fl\u0259r Nazirliyinin s\u00f6z\u00e7\u00fcs\u00fc \u018fbd\u00fcl Kahhar Belhi bildirib ki, Taliban administrasiyas\u0131 Ukraynadak\u0131 hadis\u0259l\u0259ri diqq\u0259tl\u0259 izl\u0259yir v\u0259 m\u00fclki \u0259hali aras\u0131nda itkil\u0259rin artmas\u0131ndan narahatd\u0131r.<br>Belhi h\u0259r iki t\u0259r\u0259fin geri add\u0131m atmas\u0131n\u0131n vacib oldu\u011funu vur\u011fulay\u0131b: \u201cB\u00fct\u00fcn t\u0259r\u0259fl\u0259r \u015fidd\u0259ti g\u00fccl\u0259ndir\u0259 bil\u0259c\u0259k m\u00f6vqel\u0259ri dayand\u0131rmal\u0131d\u0131r\u201d.<\/em><\/p>\n\n\n\n<hr class=\"wp-block-separator\"\/>\n\n\n\n<p><em>Kiyevd\u0259 ya\u015fay\u0131\u015f binas\u0131 raketl\u0259 vurulub<\/em><\/p>\n\n\n\n<p>Ukraynan\u0131n paytaxt\u0131 Kiyevin raket at\u0259\u015fin\u0259 tutulmas\u0131 haqda m\u0259lumat var.<\/p>\n\n\n\n<p>BBC <a href=\"https:\/\/www.bbc.com\/news\/live\/world-europe-60517447\">yaz\u0131r<\/a> ki, fevral\u0131n 25-d\u0259 s\u0259h\u0259r saatlar\u0131nda \u0259n az\u0131 bir bina raket z\u0259rb\u0259sin\u0259 m\u0259ruz qal\u0131b.<\/p>\n\n\n\n<p>Kiyev meri bildirib ki, raket z\u0259rb\u0259l\u0259ri n\u0259tic\u0259sind\u0259 az\u0131 \u00fc\u00e7 n\u0259f\u0259r yaralan\u0131b.<\/p>\n\n\n\n<p>Prezidenti Volodimir Zelenski d\u0259 videom\u00fcrafi\u0259t ed\u0259r\u0259k Rusiya t\u0259xribat\u00e7\u0131lar\u0131n\u0131n art\u0131q Kiyev\u0259 daxil olmas\u0131 haqda m\u0259lumatl\u0131 oldu\u011funu bildirib. Prezident Kiyevd\u0259 qalaca\u011f\u0131na s\u00f6z verib.<\/p>\n\n\n\n<p>\u201cReuters\u201d <a href=\"https:\/\/www.reuters.com\/world\/europe\/ukraines-president-stays-put-russian-invaders-advance-2022-02-25\/\">yaz\u0131r<\/a> ki, Rusiya qurudan, havadan v\u0259 d\u0259nizd\u0259n h\u00fccuma ba\u015flay\u0131b. Partlay\u0131\u015flar v\u0259 at\u0131\u015fmalar\u0131n b\u00f6y\u00fck \u015f\u0259h\u0259rl\u0259ri sars\u0131tmas\u0131 n\u0259tic\u0259sind\u0259 t\u0259xmin\u0259n 100.000 insan qa\u00e7\u0131b. Onlarla adam\u0131n \u00f6ld\u00fcy\u00fc bildirilir.<\/p>\n\n\n\n<p>AB\u015e v\u0259 Ukrayna r\u0259smil\u0259ri deyirl\u0259r ki, Rusiyan\u0131n h\u00fccumu Kiyevi \u0259l\u0259 ke\u00e7irm\u0259k v\u0259 Putinin AB\u015e-\u0131n marioneti hesab etdiyi h\u00f6kum\u0259ti devirm\u0259k m\u0259qs\u0259di da\u015f\u0131y\u0131r. Rusiya qo\u015funlar\u0131 Belarusdan \u015fimala do\u011fru Kiyev\u0259 \u0259n q\u0131sa mar\u015frutla ir\u0259lil\u0259y\u0259rk\u0259n Kiyevin \u015fimal\u0131nda yerl\u0259\u015f\u0259n ke\u00e7mi\u015f \u00c7ernob\u0131l Atom Elektrik Stansiyas\u0131n\u0131 \u0259l\u0259 ke\u00e7irib.<\/p>\n\n\n\n<p>Zelenski videom\u00fcraci\u0259tind\u0259 bir ne\u00e7\u0259 c\u0259bh\u0259d\u0259 \u015fidd\u0259tli d\u00f6y\u00fc\u015fl\u0259rin getdiyini bildirib: \u201cD\u00fc\u015fm\u0259n m\u0259ni bir n\u00f6mr\u0259li h\u0259d\u0259f kimi g\u00f6r\u00fcr. M\u0259nim ail\u0259m iki n\u00f6mr\u0259li h\u0259d\u0259fdir. Onlar d\u00f6vl\u0259t ba\u015f\u00e7\u0131s\u0131n\u0131 m\u0259hv etm\u0259kl\u0259 Ukraynan\u0131 siyasi c\u0259h\u0259td\u0259n m\u0259hv etm\u0259k ist\u0259yirl\u0259r&#8221;.<\/p>\n\n\n\n<p>&#8220;Paytaxtda qalaca\u011fam. Ail\u0259m d\u0259 Ukraynadad\u0131r&#8221;, &#8211; Zelenski qeyd edib.<\/p>\n\n\n\n<p>Prezident Q\u0259rb m\u00fctt\u0259fiql\u0259rin\u0259 Ukraynaya k\u00f6m\u0259k etm\u0259k v\u0259 Rusiyan\u0131n q\u0259ddar h\u00fccumunu dayand\u0131rmaq \u00fc\u00e7\u00fcn bir daha m\u00fcraci\u0259t edib. Zelenski xalqa m\u00fcraci\u0259tind\u0259 &#8220;Bu s\u0259h\u0259r biz t\u0259kba\u015f\u0131na d\u00f6vl\u0259timizi m\u00fcdafi\u0259 edirik. D\u00fcn\u0259n oldu\u011fu kimi, d\u00fcnyan\u0131n \u0259n g\u00fccl\u00fc q\u00fcvv\u0259l\u0259ri uzaqdan bax\u0131r&#8221;, deyib.- &#8220;Rusiya d\u00fcn\u0259nki sanksiyalardan raz\u0131 qald\u0131m\u0131? Biz s\u0259mam\u0131zda e\u015fidirik v\u0259 yerd\u0259 g\u00f6r\u00fcr\u00fck ki, bu, kifay\u0259t deyil\u201d.<\/p>\n\n\n\n<p>AB\u015e D\u00f6vl\u0259t katibi Antoni Blinken CBS telekanal\u0131na Zelenskinin t\u0259hl\u00fck\u0259sizliyind\u0259n narahat olub-olmamas\u0131 il\u0259 ba\u011fl\u0131 suala bel\u0259 cavab verib: \u201cM\u0259nim bildiyim\u0259 g\u00f6r\u0259, Prezident Zelenski Ukraynada \u00f6z postunda qal\u0131r v\u0259 \u0259lb\u0259tt\u0259 ki, biz b\u00fct\u00fcn dostlar\u0131m\u0131z\u0131n t\u0259hl\u00fck\u0259sizliyi \u00fc\u00e7\u00fcn narahat\u0131q\u201d.<\/p>\n\n\n\n<p>\u201cThe Guardian\u201d <a href=\"https:\/\/www.theguardian.com\/world\/live\/2022\/feb\/25\/russia-ukraine-invasion-latest-news-live-updates-russian-war-vladimir-putin-explosions-bombing-invades-kyiv\">yaz\u0131r<\/a> ki, Blinken Kiyevin \u201cm\u00fchasir\u0259y\u0259 d\u00fc\u015f\u0259 bil\u0259c\u0259yini\u201d istisna etm\u0259yib.<\/p>\n","protected":false},"excerpt":{"rendered":"","protected":false},"author":12,"featured_media":235865,"comment_status":"closed","ping_status":"closed","sticky":false,"template":"","format":"standard","meta":{"_acf_changed":false,"_sitemap_exclude":false,"_sitemap_priority":"","_sitemap_frequency":"","footnotes":""},"categories":[79,63,56],"tags":[],"class_list":["post-235863","post","type-post","status-publish","format-standard","has-post-thumbnail","hentry","category-featured","category-video-2","category-xeberler","infinite-scroll-item","generate-columns","tablet-grid-50","mobile-grid-100","grid-parent","grid-33","no-featured-image-padding"],"acf":[],"yoast_head":"<!-- This site is optimized with the Yoast SEO plugin v27.5 - https:\/\/yoast.com\/product\/yoast-seo-wordpress\/ -->\n<title>M\u00fcharib\u0259nin ikinci g\u00fcn\u00fc - yenil\u0259n\u0259n x\u0259b\u0259r bloqu - MEYDAN.TV<\/title>\n<meta name=\"robots\" content=\"index, follow, max-snippet:-1, max-image-preview:large, max-video-preview:-1\" \/>\n<link rel=\"canonical\" href=\"https:\/\/www.meydan.tv\/az\/article\/zelenski-dusmen-meni-bir-nomreli-hedef-kimi-gorur\/\" \/>\n<meta property=\"og:locale\" content=\"az_AZ\" \/>\n<meta property=\"og:type\" content=\"article\" \/>\n<meta property=\"og:title\" content=\"M\u00fcharib\u0259nin ikinci g\u00fcn\u00fc - yenil\u0259n\u0259n x\u0259b\u0259r bloqu - MEYDAN.TV\" \/>\n<meta property=\"og:url\" content=\"https:\/\/www.meydan.tv\/az\/article\/zelenski-dusmen-meni-bir-nomreli-hedef-kimi-gorur\/\" \/>\n<meta property=\"og:site_name\" content=\"MEYDAN.TV\" \/>\n<meta property=\"article:published_time\" content=\"2022-02-25T06:39:23+00:00\" \/>\n<meta property=\"article:modified_time\" content=\"2022-02-25T23:55:27+00:00\" \/>\n<meta property=\"og:image\" content=\"https:\/\/www.meydan.tv\/wp-content\/uploads\/f1fb3caf-676f-4273-85df-20dd5ccbe30d.jpeg\" \/>\n\t<meta property=\"og:image:width\" content=\"750\" \/>\n\t<meta property=\"og:image:height\" content=\"516\" \/>\n\t<meta property=\"og:image:type\" content=\"image\/jpeg\" \/>\n<meta name=\"author\" content=\"aleks\" \/>\n<meta name=\"twitter:card\" content=\"summary_large_image\" \/>\n<script type=\"application\/ld+json\" class=\"yoast-schema-graph\">{\"@context\":\"https:\\\/\\\/schema.org\",\"@graph\":[{\"@type\":\"Article\",\"@id\":\"https:\\\/\\\/www.meydan.tv\\\/az\\\/article\\\/zelenski-dusmen-meni-bir-nomreli-hedef-kimi-gorur\\\/#article\",\"isPartOf\":{\"@id\":\"https:\\\/\\\/www.meydan.tv\\\/az\\\/article\\\/zelenski-dusmen-meni-bir-nomreli-hedef-kimi-gorur\\\/\"},\"author\":{\"name\":\"aleks\",\"@id\":\"https:\\\/\\\/www.meydan.tv\\\/az\\\/#\\\/schema\\\/person\\\/476e9360e593fa131d5d71d51866f8da\"},\"headline\":\"M\u00fcharib\u0259nin ikinci g\u00fcn\u00fc &#8211; yenil\u0259n\u0259n x\u0259b\u0259r bloqu\",\"datePublished\":\"2022-02-25T06:39:23+00:00\",\"dateModified\":\"2022-02-25T23:55:27+00:00\",\"mainEntityOfPage\":{\"@id\":\"https:\\\/\\\/www.meydan.tv\\\/az\\\/article\\\/zelenski-dusmen-meni-bir-nomreli-hedef-kimi-gorur\\\/\"},\"wordCount\":4198,\"publisher\":{\"@id\":\"https:\\\/\\\/www.meydan.tv\\\/az\\\/#organization\"},\"image\":{\"@id\":\"https:\\\/\\\/www.meydan.tv\\\/az\\\/article\\\/zelenski-dusmen-meni-bir-nomreli-hedef-kimi-gorur\\\/#primaryimage\"},\"thumbnailUrl\":\"https:\\\/\\\/www.meydan.tv\\\/wp-content\\\/uploads\\\/f1fb3caf-676f-4273-85df-20dd5ccbe30d.jpeg\",\"articleSection\":[\"T\u00f6vsiy\u0259\",\"Video\",\"X\u0259b\u0259rl\u0259r\"],\"inLanguage\":\"az\"},{\"@type\":\"WebPage\",\"@id\":\"https:\\\/\\\/www.meydan.tv\\\/az\\\/article\\\/zelenski-dusmen-meni-bir-nomreli-hedef-kimi-gorur\\\/\",\"url\":\"https:\\\/\\\/www.meydan.tv\\\/az\\\/article\\\/zelenski-dusmen-meni-bir-nomreli-hedef-kimi-gorur\\\/\",\"name\":\"M\u00fcharib\u0259nin ikinci g\u00fcn\u00fc - yenil\u0259n\u0259n x\u0259b\u0259r bloqu - MEYDAN.TV\",\"isPartOf\":{\"@id\":\"https:\\\/\\\/www.meydan.tv\\\/az\\\/#website\"},\"primaryImageOfPage\":{\"@id\":\"https:\\\/\\\/www.meydan.tv\\\/az\\\/article\\\/zelenski-dusmen-meni-bir-nomreli-hedef-kimi-gorur\\\/#primaryimage\"},\"image\":{\"@id\":\"https:\\\/\\\/www.meydan.tv\\\/az\\\/article\\\/zelenski-dusmen-meni-bir-nomreli-hedef-kimi-gorur\\\/#primaryimage\"},\"thumbnailUrl\":\"https:\\\/\\\/www.meydan.tv\\\/wp-content\\\/uploads\\\/f1fb3caf-676f-4273-85df-20dd5ccbe30d.jpeg\",\"datePublished\":\"2022-02-25T06:39:23+00:00\",\"dateModified\":\"2022-02-25T23:55:27+00:00\",\"breadcrumb\":{\"@id\":\"https:\\\/\\\/www.meydan.tv\\\/az\\\/article\\\/zelenski-dusmen-meni-bir-nomreli-hedef-kimi-gorur\\\/#breadcrumb\"},\"inLanguage\":\"az\",\"potentialAction\":[{\"@type\":\"ReadAction\",\"target\":[\"https:\\\/\\\/www.meydan.tv\\\/az\\\/article\\\/zelenski-dusmen-meni-bir-nomreli-hedef-kimi-gorur\\\/\"]}]},{\"@type\":\"ImageObject\",\"inLanguage\":\"az\",\"@id\":\"https:\\\/\\\/www.meydan.tv\\\/az\\\/article\\\/zelenski-dusmen-meni-bir-nomreli-hedef-kimi-gorur\\\/#primaryimage\",\"url\":\"https:\\\/\\\/www.meydan.tv\\\/wp-content\\\/uploads\\\/f1fb3caf-676f-4273-85df-20dd5ccbe30d.jpeg\",\"contentUrl\":\"https:\\\/\\\/www.meydan.tv\\\/wp-content\\\/uploads\\\/f1fb3caf-676f-4273-85df-20dd5ccbe30d.jpeg\",\"width\":750,\"height\":516,\"caption\":\"Kiev s\u0259mas\u0131\"},{\"@type\":\"BreadcrumbList\",\"@id\":\"https:\\\/\\\/www.meydan.tv\\\/az\\\/article\\\/zelenski-dusmen-meni-bir-nomreli-hedef-kimi-gorur\\\/#breadcrumb\",\"itemListElement\":[{\"@type\":\"ListItem\",\"position\":1,\"name\":\"Ana s\u0259hif\u0259\",\"item\":\"https:\\\/\\\/www.meydan.tv\\\/az\\\/\"},{\"@type\":\"ListItem\",\"position\":2,\"name\":\"X\u0259b\u0259rl\u0259r\",\"item\":\"https:\\\/\\\/www.meydan.tv\\\/az\\\/section\\\/xeberler\\\/\"},{\"@type\":\"ListItem\",\"position\":3,\"name\":\"M\u00fcharib\u0259nin ikinci g\u00fcn\u00fc &#8211; yenil\u0259n\u0259n x\u0259b\u0259r bloqu\"}]},{\"@type\":\"WebSite\",\"@id\":\"https:\\\/\\\/www.meydan.tv\\\/az\\\/#website\",\"url\":\"https:\\\/\\\/www.meydan.tv\\\/az\\\/\",\"name\":\"MEYDAN.TV\",\"description\":\"Meydan TV Az\u0259rbaycan\u0131n media m\u0259kan\u0131ndak\u0131 alternativ s\u0259sidir\",\"publisher\":{\"@id\":\"https:\\\/\\\/www.meydan.tv\\\/az\\\/#organization\"},\"potentialAction\":[{\"@type\":\"SearchAction\",\"target\":{\"@type\":\"EntryPoint\",\"urlTemplate\":\"https:\\\/\\\/www.meydan.tv\\\/az\\\/?s={search_term_string}\"},\"query-input\":{\"@type\":\"PropertyValueSpecification\",\"valueRequired\":true,\"valueName\":\"search_term_string\"}}],\"inLanguage\":\"az\"},{\"@type\":\"Organization\",\"@id\":\"https:\\\/\\\/www.meydan.tv\\\/az\\\/#organization\",\"name\":\"Meydan TV\",\"url\":\"https:\\\/\\\/www.meydan.tv\\\/az\\\/\",\"logo\":{\"@type\":\"ImageObject\",\"inLanguage\":\"az\",\"@id\":\"https:\\\/\\\/www.meydan.tv\\\/az\\\/#\\\/schema\\\/logo\\\/image\\\/\",\"url\":\"https:\\\/\\\/www.meydan.tv\\\/wp-content\\\/uploads\\\/2021\\\/07\\\/meydan-logo.svg\",\"contentUrl\":\"https:\\\/\\\/www.meydan.tv\\\/wp-content\\\/uploads\\\/2021\\\/07\\\/meydan-logo.svg\",\"width\":195,\"height\":46,\"caption\":\"Meydan TV\"},\"image\":{\"@id\":\"https:\\\/\\\/www.meydan.tv\\\/az\\\/#\\\/schema\\\/logo\\\/image\\\/\"}},{\"@type\":\"Person\",\"@id\":\"https:\\\/\\\/www.meydan.tv\\\/az\\\/#\\\/schema\\\/person\\\/476e9360e593fa131d5d71d51866f8da\",\"name\":\"aleks\"}]}<\/script>\n<!-- \/ Yoast SEO plugin. -->","yoast_head_json":{"title":"M\u00fcharib\u0259nin ikinci g\u00fcn\u00fc - yenil\u0259n\u0259n x\u0259b\u0259r bloqu - MEYDAN.TV","robots":{"index":"index","follow":"follow","max-snippet":"max-snippet:-1","max-image-preview":"max-image-preview:large","max-video-preview":"max-video-preview:-1"},"canonical":"https:\/\/www.meydan.tv\/az\/article\/zelenski-dusmen-meni-bir-nomreli-hedef-kimi-gorur\/","og_locale":"az_AZ","og_type":"article","og_title":"M\u00fcharib\u0259nin ikinci g\u00fcn\u00fc - yenil\u0259n\u0259n x\u0259b\u0259r bloqu - MEYDAN.TV","og_url":"https:\/\/www.meydan.tv\/az\/article\/zelenski-dusmen-meni-bir-nomreli-hedef-kimi-gorur\/","og_site_name":"MEYDAN.TV","article_published_time":"2022-02-25T06:39:23+00:00","article_modified_time":"2022-02-25T23:55:27+00:00","og_image":[{"width":750,"height":516,"url":"https:\/\/www.meydan.tv\/wp-content\/uploads\/f1fb3caf-676f-4273-85df-20dd5ccbe30d.jpeg","type":"image\/jpeg"}],"author":"aleks","twitter_card":"summary_large_image","schema":{"@context":"https:\/\/schema.org","@graph":[{"@type":"Article","@id":"https:\/\/www.meydan.tv\/az\/article\/zelenski-dusmen-meni-bir-nomreli-hedef-kimi-gorur\/#article","isPartOf":{"@id":"https:\/\/www.meydan.tv\/az\/article\/zelenski-dusmen-meni-bir-nomreli-hedef-kimi-gorur\/"},"author":{"name":"aleks","@id":"https:\/\/www.meydan.tv\/az\/#\/schema\/person\/476e9360e593fa131d5d71d51866f8da"},"headline":"M\u00fcharib\u0259nin ikinci g\u00fcn\u00fc &#8211; yenil\u0259n\u0259n x\u0259b\u0259r bloqu","datePublished":"2022-02-25T06:39:23+00:00","dateModified":"2022-02-25T23:55:27+00:00","mainEntityOfPage":{"@id":"https:\/\/www.meydan.tv\/az\/article\/zelenski-dusmen-meni-bir-nomreli-hedef-kimi-gorur\/"},"wordCount":4198,"publisher":{"@id":"https:\/\/www.meydan.tv\/az\/#organization"},"image":{"@id":"https:\/\/www.meydan.tv\/az\/article\/zelenski-dusmen-meni-bir-nomreli-hedef-kimi-gorur\/#primaryimage"},"thumbnailUrl":"https:\/\/www.meydan.tv\/wp-content\/uploads\/f1fb3caf-676f-4273-85df-20dd5ccbe30d.jpeg","articleSection":["T\u00f6vsiy\u0259","Video","X\u0259b\u0259rl\u0259r"],"inLanguage":"az"},{"@type":"WebPage","@id":"https:\/\/www.meydan.tv\/az\/article\/zelenski-dusmen-meni-bir-nomreli-hedef-kimi-gorur\/","url":"https:\/\/www.meydan.tv\/az\/article\/zelenski-dusmen-meni-bir-nomreli-hedef-kimi-gorur\/","name":"M\u00fcharib\u0259nin ikinci g\u00fcn\u00fc - yenil\u0259n\u0259n x\u0259b\u0259r bloqu - MEYDAN.TV","isPartOf":{"@id":"https:\/\/www.meydan.tv\/az\/#website"},"primaryImageOfPage":{"@id":"https:\/\/www.meydan.tv\/az\/article\/zelenski-dusmen-meni-bir-nomreli-hedef-kimi-gorur\/#primaryimage"},"image":{"@id":"https:\/\/www.meydan.tv\/az\/article\/zelenski-dusmen-meni-bir-nomreli-hedef-kimi-gorur\/#primaryimage"},"thumbnailUrl":"https:\/\/www.meydan.tv\/wp-content\/uploads\/f1fb3caf-676f-4273-85df-20dd5ccbe30d.jpeg","datePublished":"2022-02-25T06:39:23+00:00","dateModified":"2022-02-25T23:55:27+00:00","breadcrumb":{"@id":"https:\/\/www.meydan.tv\/az\/article\/zelenski-dusmen-meni-bir-nomreli-hedef-kimi-gorur\/#breadcrumb"},"inLanguage":"az","potentialAction":[{"@type":"ReadAction","target":["https:\/\/www.meydan.tv\/az\/article\/zelenski-dusmen-meni-bir-nomreli-hedef-kimi-gorur\/"]}]},{"@type":"ImageObject","inLanguage":"az","@id":"https:\/\/www.meydan.tv\/az\/article\/zelenski-dusmen-meni-bir-nomreli-hedef-kimi-gorur\/#primaryimage","url":"https:\/\/www.meydan.tv\/wp-content\/uploads\/f1fb3caf-676f-4273-85df-20dd5ccbe30d.jpeg","contentUrl":"https:\/\/www.meydan.tv\/wp-content\/uploads\/f1fb3caf-676f-4273-85df-20dd5ccbe30d.jpeg","width":750,"height":516,"caption":"Kiev s\u0259mas\u0131"},{"@type":"BreadcrumbList","@id":"https:\/\/www.meydan.tv\/az\/article\/zelenski-dusmen-meni-bir-nomreli-hedef-kimi-gorur\/#breadcrumb","itemListElement":[{"@type":"ListItem","position":1,"name":"Ana s\u0259hif\u0259","item":"https:\/\/www.meydan.tv\/az\/"},{"@type":"ListItem","position":2,"name":"X\u0259b\u0259rl\u0259r","item":"https:\/\/www.meydan.tv\/az\/section\/xeberler\/"},{"@type":"ListItem","position":3,"name":"M\u00fcharib\u0259nin ikinci g\u00fcn\u00fc &#8211; yenil\u0259n\u0259n x\u0259b\u0259r bloqu"}]},{"@type":"WebSite","@id":"https:\/\/www.meydan.tv\/az\/#website","url":"https:\/\/www.meydan.tv\/az\/","name":"MEYDAN.TV","description":"Meydan TV Az\u0259rbaycan\u0131n media m\u0259kan\u0131ndak\u0131 alternativ s\u0259sidir","publisher":{"@id":"https:\/\/www.meydan.tv\/az\/#organization"},"potentialAction":[{"@type":"SearchAction","target":{"@type":"EntryPoint","urlTemplate":"https:\/\/www.meydan.tv\/az\/?s={search_term_string}"},"query-input":{"@type":"PropertyValueSpecification","valueRequired":true,"valueName":"search_term_string"}}],"inLanguage":"az"},{"@type":"Organization","@id":"https:\/\/www.meydan.tv\/az\/#organization","name":"Meydan TV","url":"https:\/\/www.meydan.tv\/az\/","logo":{"@type":"ImageObject","inLanguage":"az","@id":"https:\/\/www.meydan.tv\/az\/#\/schema\/logo\/image\/","url":"https:\/\/www.meydan.tv\/wp-content\/uploads\/2021\/07\/meydan-logo.svg","contentUrl":"https:\/\/www.meydan.tv\/wp-content\/uploads\/2021\/07\/meydan-logo.svg","width":195,"height":46,"caption":"Meydan TV"},"image":{"@id":"https:\/\/www.meydan.tv\/az\/#\/schema\/logo\/image\/"}},{"@type":"Person","@id":"https:\/\/www.meydan.tv\/az\/#\/schema\/person\/476e9360e593fa131d5d71d51866f8da","name":"aleks"}]}},"_links":{"self":[{"href":"https:\/\/www.meydan.tv\/az\/wp-json\/wp\/v2\/posts\/235863","targetHints":{"allow":["GET"]}}],"collection":[{"href":"https:\/\/www.meydan.tv\/az\/wp-json\/wp\/v2\/posts"}],"about":[{"href":"https:\/\/www.meydan.tv\/az\/wp-json\/wp\/v2\/types\/post"}],"author":[{"embeddable":true,"href":"https:\/\/www.meydan.tv\/az\/wp-json\/wp\/v2\/users\/12"}],"replies":[{"embeddable":true,"href":"https:\/\/www.meydan.tv\/az\/wp-json\/wp\/v2\/comments?post=235863"}],"version-history":[{"count":38,"href":"https:\/\/www.meydan.tv\/az\/wp-json\/wp\/v2\/posts\/235863\/revisions"}],"predecessor-version":[{"id":236137,"href":"https:\/\/www.meydan.tv\/az\/wp-json\/wp\/v2\/posts\/235863\/revisions\/236137"}],"wp:featuredmedia":[{"embeddable":true,"href":"https:\/\/www.meydan.tv\/az\/wp-json\/wp\/v2\/media\/235865"}],"wp:attachment":[{"href":"https:\/\/www.meydan.tv\/az\/wp-json\/wp\/v2\/media?parent=235863"}],"wp:term":[{"taxonomy":"category","embeddable":true,"href":"https:\/\/www.meydan.tv\/az\/wp-json\/wp\/v2\/categories?post=235863"},{"taxonomy":"post_tag","embeddable":true,"href":"https:\/\/www.meydan.tv\/az\/wp-json\/wp\/v2\/tags?post=235863"}],"curies":[{"name":"wp","href":"https:\/\/api.w.org\/{rel}","templated":true}]}}