{"id":235840,"date":"2022-02-25T00:36:16","date_gmt":"2022-02-24T20:36:16","guid":{"rendered":"https:\/\/www.meydan.tv\/?p=235840"},"modified":"2022-02-25T00:41:13","modified_gmt":"2022-02-24T20:41:13","slug":"cexiya-prezidenti-putini-deli-adlandirib","status":"publish","type":"post","link":"https:\/\/www.meydan.tv\/az\/article\/cexiya-prezidenti-putini-deli-adlandirib\/","title":{"rendered":"\u00c7exiya Prezidenti Putini \u201cd\u0259li\u201d adland\u0131r\u0131b"},"content":{"rendered":"\n<p><em>O, Rusiyan\u0131n SWIFT beyn\u0259lxalq bank sistemind\u0259n \u00e7\u0131xar\u0131lmas\u0131na \u00e7a\u011f\u0131r\u0131b<\/em><\/p>\n\n\n\n<p>\u00c7exiya Prezidenti Milo\u015f Zeman Rusiyan\u0131n Ukraynaya h\u00fccumunu <a href=\"https:\/\/www.theguardian.com\/world\/live\/2022\/feb\/24\/russia-invades-ukraine-declares-war-latest-news-live-updates-russian-invasion-vladimir-putin-explosions-bombing-kyiv-kharkiv\" target=\"_blank\" rel=\"noreferrer noopener\">pisl\u0259yib<\/a>.<\/p>\n\n\n\n<p>Vladimir Putinin m\u00fctt\u0259fiqi v\u0259 p\u0259r\u0259sti\u015fkar\u0131 kimi \u015f\u00f6hr\u0259t qazanan Zeman televiziya il\u0259 \u00e7\u0131x\u0131\u015f\u0131nda Rusiya Prezidenti Vladimir Putini \u201cd\u0259li\u201d adland\u0131r\u0131b. O, Rusiyan\u0131n SWIFT beyn\u0259lxalq bank sistemind\u0259n \u00e7\u0131xar\u0131lmas\u0131na \u00e7a\u011f\u0131r\u0131b.<\/p>\n\n\n\n<p>\u201cBu, n\u0259inki s\u00f6zd\u0259, h\u0259m d\u0259 \u0259m\u0259ld\u0259 \u0259n s\u0259rt \u015f\u0259kild\u0259 pisl\u0259nilm\u0259li olan \u0259sass\u0131z t\u0259cav\u00fcz akt\u0131d\u0131r\u201c.<br>Sonra o \u0130kinci D\u00fcnya M\u00fcharib\u0259si d\u00f6vr\u00fcnd\u0259 Rusiyan\u0131n etdikl\u0259rini yada salaraq bildirib:<\/p>\n\n\n\n<figure class=\"wp-block-image size-large\"><img decoding=\"async\" width=\"1095\" height=\"821\" data-src=\"https:\/\/www.meydan.tv\/wp-content\/uploads\/image_from_ios-13-1095x821.jpg\" alt=\"\" class=\"wp-image-235845 lazyload\" src=\"data:image\/svg+xml;base64,PHN2ZyB3aWR0aD0iMSIgaGVpZ2h0PSIxIiB4bWxucz0iaHR0cDovL3d3dy53My5vcmcvMjAwMC9zdmciPjwvc3ZnPg==\" style=\"--smush-placeholder-width: 1095px; --smush-placeholder-aspect-ratio: 1095\/821;\" \/><figcaption>\u00c7exiyada aksiya. Foto: Meydan TV<\/figcaption><\/figure>\n\n\n\n<p>\u201cBu, o dem\u0259k deyil ki, xarici ordunun suveren d\u00f6vl\u0259tin \u0259razisin\u0259 m\u00fcharib\u0259 elan etm\u0259d\u0259n daxil olmas\u0131na raz\u0131 olacam. Rusiyan\u0131n h\u0259r\u0259k\u0259ti s\u00fclh\u0259 qar\u015f\u0131 cinay\u0259tdir\u201c.<br>Fevral\u0131n 24-d\u0259 \u00c7exiyan\u0131n paytaxt\u0131 Praqada Ukraynaya d\u0259st\u0259k mitinqi d\u0259 ke\u00e7irilib.<\/p>\n","protected":false},"excerpt":{"rendered":"<p>O, Rusiyan\u0131n SWIFT beyn\u0259lxalq bank sistemind\u0259n \u00e7\u0131xar\u0131lmas\u0131na \u00e7a\u011f\u0131r\u0131b \u00c7exiya Prezidenti &#8230; <\/p>\n<p class=\"read-more-container\"><a title=\"\u00c7exiya Prezidenti Putini \u201cd\u0259li\u201d adland\u0131r\u0131b\" class=\"read-more button\" href=\"https:\/\/www.meydan.tv\/az\/article\/cexiya-prezidenti-putini-deli-adlandirib\/#more-235840\" aria-label=\"Read more about \u00c7exiya Prezidenti Putini \u201cd\u0259li\u201d adland\u0131r\u0131b\">Davam\u0131<\/a><\/p>\n","protected":false},"author":8,"featured_media":235841,"comment_status":"closed","ping_status":"closed","sticky":false,"template":"","format":"standard","meta":{"_acf_changed":false,"_sitemap_exclude":false,"_sitemap_priority":"","_sitemap_frequency":"","footnotes":""},"categories":[64,56],"tags":[],"class_list":["post-235840","post","type-post","status-publish","format-standard","has-post-thumbnail","hentry","category-dunya","category-xeberler","infinite-scroll-item","generate-columns","tablet-grid-50","mobile-grid-100","grid-parent","grid-33","no-featured-image-padding"],"acf":[],"yoast_head":"<!-- This site is optimized with the Yoast SEO plugin v27.5 - https:\/\/yoast.com\/product\/yoast-seo-wordpress\/ -->\n<title>\u00c7exiya Prezidenti Putini \u201cd\u0259li\u201d adland\u0131r\u0131b - MEYDAN.TV<\/title>\n<meta name=\"robots\" content=\"index, follow, max-snippet:-1, max-image-preview:large, max-video-preview:-1\" \/>\n<link rel=\"canonical\" href=\"https:\/\/www.meydan.tv\/az\/article\/cexiya-prezidenti-putini-deli-adlandirib\/\" \/>\n<meta property=\"og:locale\" content=\"az_AZ\" \/>\n<meta property=\"og:type\" content=\"article\" \/>\n<meta property=\"og:title\" content=\"\u00c7exiya Prezidenti Putini \u201cd\u0259li\u201d adland\u0131r\u0131b - MEYDAN.TV\" \/>\n<meta property=\"og:description\" content=\"O, Rusiyan\u0131n SWIFT beyn\u0259lxalq bank sistemind\u0259n \u00e7\u0131xar\u0131lmas\u0131na \u00e7a\u011f\u0131r\u0131b \u00c7exiya Prezidenti ... Davam\u0131\" \/>\n<meta property=\"og:url\" content=\"https:\/\/www.meydan.tv\/az\/article\/cexiya-prezidenti-putini-deli-adlandirib\/\" \/>\n<meta property=\"og:site_name\" content=\"MEYDAN.TV\" \/>\n<meta property=\"article:published_time\" content=\"2022-02-24T20:36:16+00:00\" \/>\n<meta property=\"article:modified_time\" content=\"2022-02-24T20:41:13+00:00\" \/>\n<meta property=\"og:image\" content=\"https:\/\/www.meydan.tv\/wp-content\/uploads\/rian_3240154.hr-pic905-895x505-93686-e1645734970485.jpg\" \/>\n\t<meta property=\"og:image:width\" content=\"895\" \/>\n\t<meta property=\"og:image:height\" content=\"373\" \/>\n\t<meta property=\"og:image:type\" content=\"image\/jpeg\" \/>\n<meta name=\"author\" content=\"elli\" \/>\n<meta name=\"twitter:card\" content=\"summary_large_image\" \/>\n<meta name=\"twitter:creator\" content=\"@elli\" \/>\n<script type=\"application\/ld+json\" class=\"yoast-schema-graph\">{\"@context\":\"https:\\\/\\\/schema.org\",\"@graph\":[{\"@type\":\"Article\",\"@id\":\"https:\\\/\\\/www.meydan.tv\\\/az\\\/article\\\/cexiya-prezidenti-putini-deli-adlandirib\\\/#article\",\"isPartOf\":{\"@id\":\"https:\\\/\\\/www.meydan.tv\\\/az\\\/article\\\/cexiya-prezidenti-putini-deli-adlandirib\\\/\"},\"author\":{\"name\":\"elli\",\"@id\":\"https:\\\/\\\/www.meydan.tv\\\/az\\\/#\\\/schema\\\/person\\\/9cdbecf90d17180ce1dfbd95b08dcf47\"},\"headline\":\"\u00c7exiya Prezidenti Putini \u201cd\u0259li\u201d adland\u0131r\u0131b\",\"datePublished\":\"2022-02-24T20:36:16+00:00\",\"dateModified\":\"2022-02-24T20:41:13+00:00\",\"mainEntityOfPage\":{\"@id\":\"https:\\\/\\\/www.meydan.tv\\\/az\\\/article\\\/cexiya-prezidenti-putini-deli-adlandirib\\\/\"},\"wordCount\":176,\"publisher\":{\"@id\":\"https:\\\/\\\/www.meydan.tv\\\/az\\\/#organization\"},\"image\":{\"@id\":\"https:\\\/\\\/www.meydan.tv\\\/az\\\/article\\\/cexiya-prezidenti-putini-deli-adlandirib\\\/#primaryimage\"},\"thumbnailUrl\":\"https:\\\/\\\/www.meydan.tv\\\/wp-content\\\/uploads\\\/rian_3240154.hr-pic905-895x505-93686-e1645734970485.jpg\",\"articleSection\":[\"D\u00fcnya\",\"X\u0259b\u0259rl\u0259r\"],\"inLanguage\":\"az\"},{\"@type\":\"WebPage\",\"@id\":\"https:\\\/\\\/www.meydan.tv\\\/az\\\/article\\\/cexiya-prezidenti-putini-deli-adlandirib\\\/\",\"url\":\"https:\\\/\\\/www.meydan.tv\\\/az\\\/article\\\/cexiya-prezidenti-putini-deli-adlandirib\\\/\",\"name\":\"\u00c7exiya Prezidenti Putini \u201cd\u0259li\u201d adland\u0131r\u0131b - MEYDAN.TV\",\"isPartOf\":{\"@id\":\"https:\\\/\\\/www.meydan.tv\\\/az\\\/#website\"},\"primaryImageOfPage\":{\"@id\":\"https:\\\/\\\/www.meydan.tv\\\/az\\\/article\\\/cexiya-prezidenti-putini-deli-adlandirib\\\/#primaryimage\"},\"image\":{\"@id\":\"https:\\\/\\\/www.meydan.tv\\\/az\\\/article\\\/cexiya-prezidenti-putini-deli-adlandirib\\\/#primaryimage\"},\"thumbnailUrl\":\"https:\\\/\\\/www.meydan.tv\\\/wp-content\\\/uploads\\\/rian_3240154.hr-pic905-895x505-93686-e1645734970485.jpg\",\"datePublished\":\"2022-02-24T20:36:16+00:00\",\"dateModified\":\"2022-02-24T20:41:13+00:00\",\"breadcrumb\":{\"@id\":\"https:\\\/\\\/www.meydan.tv\\\/az\\\/article\\\/cexiya-prezidenti-putini-deli-adlandirib\\\/#breadcrumb\"},\"inLanguage\":\"az\",\"potentialAction\":[{\"@type\":\"ReadAction\",\"target\":[\"https:\\\/\\\/www.meydan.tv\\\/az\\\/article\\\/cexiya-prezidenti-putini-deli-adlandirib\\\/\"]}]},{\"@type\":\"ImageObject\",\"inLanguage\":\"az\",\"@id\":\"https:\\\/\\\/www.meydan.tv\\\/az\\\/article\\\/cexiya-prezidenti-putini-deli-adlandirib\\\/#primaryimage\",\"url\":\"https:\\\/\\\/www.meydan.tv\\\/wp-content\\\/uploads\\\/rian_3240154.hr-pic905-895x505-93686-e1645734970485.jpg\",\"contentUrl\":\"https:\\\/\\\/www.meydan.tv\\\/wp-content\\\/uploads\\\/rian_3240154.hr-pic905-895x505-93686-e1645734970485.jpg\",\"width\":895,\"height\":373,\"caption\":\"M.Zeman v\u0259 V.Putin. Foto: Ria.ru\"},{\"@type\":\"BreadcrumbList\",\"@id\":\"https:\\\/\\\/www.meydan.tv\\\/az\\\/article\\\/cexiya-prezidenti-putini-deli-adlandirib\\\/#breadcrumb\",\"itemListElement\":[{\"@type\":\"ListItem\",\"position\":1,\"name\":\"Ana s\u0259hif\u0259\",\"item\":\"https:\\\/\\\/www.meydan.tv\\\/az\\\/\"},{\"@type\":\"ListItem\",\"position\":2,\"name\":\"D\u00fcnya\",\"item\":\"https:\\\/\\\/www.meydan.tv\\\/az\\\/section\\\/dunya\\\/\"},{\"@type\":\"ListItem\",\"position\":3,\"name\":\"\u00c7exiya Prezidenti Putini \u201cd\u0259li\u201d adland\u0131r\u0131b\"}]},{\"@type\":\"WebSite\",\"@id\":\"https:\\\/\\\/www.meydan.tv\\\/az\\\/#website\",\"url\":\"https:\\\/\\\/www.meydan.tv\\\/az\\\/\",\"name\":\"MEYDAN.TV\",\"description\":\"Meydan TV Az\u0259rbaycan\u0131n media m\u0259kan\u0131ndak\u0131 alternativ s\u0259sidir\",\"publisher\":{\"@id\":\"https:\\\/\\\/www.meydan.tv\\\/az\\\/#organization\"},\"potentialAction\":[{\"@type\":\"SearchAction\",\"target\":{\"@type\":\"EntryPoint\",\"urlTemplate\":\"https:\\\/\\\/www.meydan.tv\\\/az\\\/?s={search_term_string}\"},\"query-input\":{\"@type\":\"PropertyValueSpecification\",\"valueRequired\":true,\"valueName\":\"search_term_string\"}}],\"inLanguage\":\"az\"},{\"@type\":\"Organization\",\"@id\":\"https:\\\/\\\/www.meydan.tv\\\/az\\\/#organization\",\"name\":\"Meydan TV\",\"url\":\"https:\\\/\\\/www.meydan.tv\\\/az\\\/\",\"logo\":{\"@type\":\"ImageObject\",\"inLanguage\":\"az\",\"@id\":\"https:\\\/\\\/www.meydan.tv\\\/az\\\/#\\\/schema\\\/logo\\\/image\\\/\",\"url\":\"https:\\\/\\\/www.meydan.tv\\\/wp-content\\\/uploads\\\/2021\\\/07\\\/meydan-logo.svg\",\"contentUrl\":\"https:\\\/\\\/www.meydan.tv\\\/wp-content\\\/uploads\\\/2021\\\/07\\\/meydan-logo.svg\",\"width\":195,\"height\":46,\"caption\":\"Meydan TV\"},\"image\":{\"@id\":\"https:\\\/\\\/www.meydan.tv\\\/az\\\/#\\\/schema\\\/logo\\\/image\\\/\"}},{\"@type\":\"Person\",\"@id\":\"https:\\\/\\\/www.meydan.tv\\\/az\\\/#\\\/schema\\\/person\\\/9cdbecf90d17180ce1dfbd95b08dcf47\",\"name\":\"elli\",\"sameAs\":[\"https:\\\/\\\/x.com\\\/elli\"]}]}<\/script>\n<!-- \/ Yoast SEO plugin. -->","yoast_head_json":{"title":"\u00c7exiya Prezidenti Putini \u201cd\u0259li\u201d adland\u0131r\u0131b - MEYDAN.TV","robots":{"index":"index","follow":"follow","max-snippet":"max-snippet:-1","max-image-preview":"max-image-preview:large","max-video-preview":"max-video-preview:-1"},"canonical":"https:\/\/www.meydan.tv\/az\/article\/cexiya-prezidenti-putini-deli-adlandirib\/","og_locale":"az_AZ","og_type":"article","og_title":"\u00c7exiya Prezidenti Putini \u201cd\u0259li\u201d adland\u0131r\u0131b - MEYDAN.TV","og_description":"O, Rusiyan\u0131n SWIFT beyn\u0259lxalq bank sistemind\u0259n \u00e7\u0131xar\u0131lmas\u0131na \u00e7a\u011f\u0131r\u0131b \u00c7exiya Prezidenti ... Davam\u0131","og_url":"https:\/\/www.meydan.tv\/az\/article\/cexiya-prezidenti-putini-deli-adlandirib\/","og_site_name":"MEYDAN.TV","article_published_time":"2022-02-24T20:36:16+00:00","article_modified_time":"2022-02-24T20:41:13+00:00","og_image":[{"width":895,"height":373,"url":"https:\/\/www.meydan.tv\/wp-content\/uploads\/rian_3240154.hr-pic905-895x505-93686-e1645734970485.jpg","type":"image\/jpeg"}],"author":"elli","twitter_card":"summary_large_image","twitter_creator":"@elli","schema":{"@context":"https:\/\/schema.org","@graph":[{"@type":"Article","@id":"https:\/\/www.meydan.tv\/az\/article\/cexiya-prezidenti-putini-deli-adlandirib\/#article","isPartOf":{"@id":"https:\/\/www.meydan.tv\/az\/article\/cexiya-prezidenti-putini-deli-adlandirib\/"},"author":{"name":"elli","@id":"https:\/\/www.meydan.tv\/az\/#\/schema\/person\/9cdbecf90d17180ce1dfbd95b08dcf47"},"headline":"\u00c7exiya Prezidenti Putini \u201cd\u0259li\u201d adland\u0131r\u0131b","datePublished":"2022-02-24T20:36:16+00:00","dateModified":"2022-02-24T20:41:13+00:00","mainEntityOfPage":{"@id":"https:\/\/www.meydan.tv\/az\/article\/cexiya-prezidenti-putini-deli-adlandirib\/"},"wordCount":176,"publisher":{"@id":"https:\/\/www.meydan.tv\/az\/#organization"},"image":{"@id":"https:\/\/www.meydan.tv\/az\/article\/cexiya-prezidenti-putini-deli-adlandirib\/#primaryimage"},"thumbnailUrl":"https:\/\/www.meydan.tv\/wp-content\/uploads\/rian_3240154.hr-pic905-895x505-93686-e1645734970485.jpg","articleSection":["D\u00fcnya","X\u0259b\u0259rl\u0259r"],"inLanguage":"az"},{"@type":"WebPage","@id":"https:\/\/www.meydan.tv\/az\/article\/cexiya-prezidenti-putini-deli-adlandirib\/","url":"https:\/\/www.meydan.tv\/az\/article\/cexiya-prezidenti-putini-deli-adlandirib\/","name":"\u00c7exiya Prezidenti Putini \u201cd\u0259li\u201d adland\u0131r\u0131b - MEYDAN.TV","isPartOf":{"@id":"https:\/\/www.meydan.tv\/az\/#website"},"primaryImageOfPage":{"@id":"https:\/\/www.meydan.tv\/az\/article\/cexiya-prezidenti-putini-deli-adlandirib\/#primaryimage"},"image":{"@id":"https:\/\/www.meydan.tv\/az\/article\/cexiya-prezidenti-putini-deli-adlandirib\/#primaryimage"},"thumbnailUrl":"https:\/\/www.meydan.tv\/wp-content\/uploads\/rian_3240154.hr-pic905-895x505-93686-e1645734970485.jpg","datePublished":"2022-02-24T20:36:16+00:00","dateModified":"2022-02-24T20:41:13+00:00","breadcrumb":{"@id":"https:\/\/www.meydan.tv\/az\/article\/cexiya-prezidenti-putini-deli-adlandirib\/#breadcrumb"},"inLanguage":"az","potentialAction":[{"@type":"ReadAction","target":["https:\/\/www.meydan.tv\/az\/article\/cexiya-prezidenti-putini-deli-adlandirib\/"]}]},{"@type":"ImageObject","inLanguage":"az","@id":"https:\/\/www.meydan.tv\/az\/article\/cexiya-prezidenti-putini-deli-adlandirib\/#primaryimage","url":"https:\/\/www.meydan.tv\/wp-content\/uploads\/rian_3240154.hr-pic905-895x505-93686-e1645734970485.jpg","contentUrl":"https:\/\/www.meydan.tv\/wp-content\/uploads\/rian_3240154.hr-pic905-895x505-93686-e1645734970485.jpg","width":895,"height":373,"caption":"M.Zeman v\u0259 V.Putin. Foto: Ria.ru"},{"@type":"BreadcrumbList","@id":"https:\/\/www.meydan.tv\/az\/article\/cexiya-prezidenti-putini-deli-adlandirib\/#breadcrumb","itemListElement":[{"@type":"ListItem","position":1,"name":"Ana s\u0259hif\u0259","item":"https:\/\/www.meydan.tv\/az\/"},{"@type":"ListItem","position":2,"name":"D\u00fcnya","item":"https:\/\/www.meydan.tv\/az\/section\/dunya\/"},{"@type":"ListItem","position":3,"name":"\u00c7exiya Prezidenti Putini \u201cd\u0259li\u201d adland\u0131r\u0131b"}]},{"@type":"WebSite","@id":"https:\/\/www.meydan.tv\/az\/#website","url":"https:\/\/www.meydan.tv\/az\/","name":"MEYDAN.TV","description":"Meydan TV Az\u0259rbaycan\u0131n media m\u0259kan\u0131ndak\u0131 alternativ s\u0259sidir","publisher":{"@id":"https:\/\/www.meydan.tv\/az\/#organization"},"potentialAction":[{"@type":"SearchAction","target":{"@type":"EntryPoint","urlTemplate":"https:\/\/www.meydan.tv\/az\/?s={search_term_string}"},"query-input":{"@type":"PropertyValueSpecification","valueRequired":true,"valueName":"search_term_string"}}],"inLanguage":"az"},{"@type":"Organization","@id":"https:\/\/www.meydan.tv\/az\/#organization","name":"Meydan TV","url":"https:\/\/www.meydan.tv\/az\/","logo":{"@type":"ImageObject","inLanguage":"az","@id":"https:\/\/www.meydan.tv\/az\/#\/schema\/logo\/image\/","url":"https:\/\/www.meydan.tv\/wp-content\/uploads\/2021\/07\/meydan-logo.svg","contentUrl":"https:\/\/www.meydan.tv\/wp-content\/uploads\/2021\/07\/meydan-logo.svg","width":195,"height":46,"caption":"Meydan TV"},"image":{"@id":"https:\/\/www.meydan.tv\/az\/#\/schema\/logo\/image\/"}},{"@type":"Person","@id":"https:\/\/www.meydan.tv\/az\/#\/schema\/person\/9cdbecf90d17180ce1dfbd95b08dcf47","name":"elli","sameAs":["https:\/\/x.com\/elli"]}]}},"_links":{"self":[{"href":"https:\/\/www.meydan.tv\/az\/wp-json\/wp\/v2\/posts\/235840","targetHints":{"allow":["GET"]}}],"collection":[{"href":"https:\/\/www.meydan.tv\/az\/wp-json\/wp\/v2\/posts"}],"about":[{"href":"https:\/\/www.meydan.tv\/az\/wp-json\/wp\/v2\/types\/post"}],"author":[{"embeddable":true,"href":"https:\/\/www.meydan.tv\/az\/wp-json\/wp\/v2\/users\/8"}],"replies":[{"embeddable":true,"href":"https:\/\/www.meydan.tv\/az\/wp-json\/wp\/v2\/comments?post=235840"}],"version-history":[{"count":4,"href":"https:\/\/www.meydan.tv\/az\/wp-json\/wp\/v2\/posts\/235840\/revisions"}],"predecessor-version":[{"id":235851,"href":"https:\/\/www.meydan.tv\/az\/wp-json\/wp\/v2\/posts\/235840\/revisions\/235851"}],"wp:featuredmedia":[{"embeddable":true,"href":"https:\/\/www.meydan.tv\/az\/wp-json\/wp\/v2\/media\/235841"}],"wp:attachment":[{"href":"https:\/\/www.meydan.tv\/az\/wp-json\/wp\/v2\/media?parent=235840"}],"wp:term":[{"taxonomy":"category","embeddable":true,"href":"https:\/\/www.meydan.tv\/az\/wp-json\/wp\/v2\/categories?post=235840"},{"taxonomy":"post_tag","embeddable":true,"href":"https:\/\/www.meydan.tv\/az\/wp-json\/wp\/v2\/tags?post=235840"}],"curies":[{"name":"wp","href":"https:\/\/api.w.org\/{rel}","templated":true}]}}