{"id":235794,"date":"2022-02-24T22:51:24","date_gmt":"2022-02-24T18:51:24","guid":{"rendered":"https:\/\/www.meydan.tv\/?p=235794"},"modified":"2022-02-24T22:51:26","modified_gmt":"2022-02-24T18:51:26","slug":"arif-qaziyev-vefat-etdi","status":"publish","type":"post","link":"https:\/\/www.meydan.tv\/az\/article\/arif-qaziyev-vefat-etdi\/","title":{"rendered":"Arif Qaz\u0131yev v\u0259fat etdi"},"content":{"rendered":"\n<p><em>84 ya\u015fl\u0131 inc\u0259s\u0259n\u0259t xadimi insult ke\u00e7irib<\/em><br><\/p>\n\n\n\n<p>\u018fm\u0259kdar inc\u0259s\u0259n\u0259t xadimi, televiziya rejissoru, ssenarist Arif Qaziyev v\u0259fat edib.<br>Onun bu g\u00fcn g\u00fcnorta saatlar\u0131nda insult ke\u00e7irdiyi <a href=\"https:\/\/report.az\/incesenet-xeberleri\/zerbaycanda-televiziya-rejissoru-vefat-edib\/\" target=\"_blank\" rel=\"noreferrer noopener\">bildirilir<\/a>.<br><br>Arif Qaz\u0131yev 1938-ci il may\u0131n 17-d\u0259 Yerevan do\u011fulub, G\u0259nc\u0259d\u0259 ya\u015fay\u0131b. Orta t\u0259hsilini G\u0259nc\u0259d\u0259 al\u0131b.<br>B\u0259st\u0259kar Fikr\u0259t \u018fmirovun t\u0259kidi il\u0259 Bak\u0131ya g\u0259lib v\u0259 Teatr \u0130nstitutunda t\u0259hsilini davam etdirib.<br>1956-ci ild\u0259n Az\u0259rbaycan Televiziyas\u0131nda f\u0259aliyy\u0259t\u0259 ba\u015flay\u0131b.<br><\/p>\n\n\n\n<p>Daha sonra televiziyan\u0131n n\u0259zdind\u0259 yarad\u0131lan Miniat\u00fcr Teatr\u0131n\u0131n aktyor truppas\u0131na ke\u00e7ib, bir m\u00fcdd\u0259t musiqi \u015f\u00f6b\u0259sind\u0259 \u00e7al\u0131\u015f\u0131b.<br><\/p>\n\n\n\n<p>Arif Qaz\u0131yev \u201c\u015e\u0259h\u0259r \u00fcz\u0259rind\u0259 mahn\u0131\u201d (1965), \u201c\u00c7al\u0131r Tamilla Mahmudova\u201d (1966), \u201cM\u0259h\u0259bb\u0259t haqq\u0131nda \u0259fsan\u0259\u201d (1967), \u201c\u00dc\u00e7\u00fcnc\u00fc simfoniya\u201d (1968), \u201cSevinc\u201d (1968), \u201cT\u0259snif\u201d (1969), \u201cToyda g\u00f6r\u00fc\u015f\u201d (1970), \u201cTorpaq patriarxlar\u0131\u201d (1971), \u201c\u00c7empionlar m\u0259kt\u0259bi\u201d (1972), \u201cG\u00fcl\u00fcstan Bayat\u0131-\u015eiraz\u201d (1972), \u201cAvtomobild\u0259n qorun\u201d (1974), \u201cPay\u0131z melodiyalar\u0131\u201d (1974), \u201cB\u0259st\u0259kar Qara Qarayev. Opus-78\u201d (1979), \u201cB\u0259st\u0259kar Rauf Hac\u0131yev\u201d (1982), \u201cSalam Zeyn\u0259b\u201d (1982), \u201cElimin bayram\u0131d\u0131r\u201d (1989), \u201cQara Qarayev\u201d (2003), \u201cM\u0259\u015f\u0259di \u0130bad-94\u201d (2005), \u201cXar\u0131b\u00fclb\u00fcl\u201d (2006) v\u0259 dig\u0259r filml\u0259rin m\u00fc\u0259llifidir.<br><\/p>\n\n\n\n<p>Arif Qaz\u0131yev 1988-ci ild\u0259 Mu\u011fam Teatr\u0131n\u0131 yarad\u0131b, uzun m\u00fcdd\u0259t teatr\u0131n b\u0259dii r\u0259hb\u0259ri v\u0259 ba\u015f rejissoru olub.<br>Mu\u011fam Teatr\u0131 2014-c\u00fc ild\u0259 l\u0259\u011fv edilib.<\/p>\n","protected":false},"excerpt":{"rendered":"<p>84 ya\u015fl\u0131 inc\u0259s\u0259n\u0259t xadimi insult ke\u00e7irib \u018fm\u0259kdar inc\u0259s\u0259n\u0259t xadimi, televiziya &#8230; <\/p>\n<p class=\"read-more-container\"><a title=\"Arif Qaz\u0131yev v\u0259fat etdi\" class=\"read-more button\" href=\"https:\/\/www.meydan.tv\/az\/article\/arif-qaziyev-vefat-etdi\/#more-235794\" aria-label=\"Read more about Arif Qaz\u0131yev v\u0259fat etdi\">Davam\u0131<\/a><\/p>\n","protected":false},"author":8,"featured_media":235798,"comment_status":"closed","ping_status":"closed","sticky":false,"template":"","format":"standard","meta":{"_acf_changed":false,"_sitemap_exclude":false,"_sitemap_priority":"","_sitemap_frequency":"","footnotes":""},"categories":[52,56],"tags":[],"class_list":["post-235794","post","type-post","status-publish","format-standard","has-post-thumbnail","hentry","category-medeniyyet","category-xeberler","infinite-scroll-item","generate-columns","tablet-grid-50","mobile-grid-100","grid-parent","grid-33","no-featured-image-padding"],"acf":[],"yoast_head":"<!-- This site is optimized with the Yoast SEO plugin v27.4 - https:\/\/yoast.com\/product\/yoast-seo-wordpress\/ -->\n<title>Arif Qaz\u0131yev v\u0259fat etdi - MEYDAN.TV<\/title>\n<meta name=\"robots\" content=\"index, follow, max-snippet:-1, max-image-preview:large, max-video-preview:-1\" \/>\n<link rel=\"canonical\" href=\"https:\/\/www.meydan.tv\/az\/article\/arif-qaziyev-vefat-etdi\/\" \/>\n<meta property=\"og:locale\" content=\"az_AZ\" \/>\n<meta property=\"og:type\" content=\"article\" \/>\n<meta property=\"og:title\" content=\"Arif Qaz\u0131yev v\u0259fat etdi - MEYDAN.TV\" \/>\n<meta property=\"og:description\" content=\"84 ya\u015fl\u0131 inc\u0259s\u0259n\u0259t xadimi insult ke\u00e7irib \u018fm\u0259kdar inc\u0259s\u0259n\u0259t xadimi, televiziya ... Davam\u0131\" \/>\n<meta property=\"og:url\" content=\"https:\/\/www.meydan.tv\/az\/article\/arif-qaziyev-vefat-etdi\/\" \/>\n<meta property=\"og:site_name\" content=\"MEYDAN.TV\" \/>\n<meta property=\"article:published_time\" content=\"2022-02-24T18:51:24+00:00\" \/>\n<meta property=\"article:modified_time\" content=\"2022-02-24T18:51:26+00:00\" \/>\n<meta property=\"og:image\" content=\"https:\/\/www.meydan.tv\/wp-content\/uploads\/fcc398c0-c9f4-48fa-bb00-cdd264daf848_w1200_r1-e1645728678802.webp\" \/>\n\t<meta property=\"og:image:width\" content=\"1200\" \/>\n\t<meta property=\"og:image:height\" content=\"561\" \/>\n\t<meta property=\"og:image:type\" content=\"image\/webp\" \/>\n<meta name=\"author\" content=\"elli\" \/>\n<meta name=\"twitter:card\" content=\"summary_large_image\" \/>\n<meta name=\"twitter:creator\" content=\"@elli\" \/>\n<script type=\"application\/ld+json\" class=\"yoast-schema-graph\">{\"@context\":\"https:\\\/\\\/schema.org\",\"@graph\":[{\"@type\":\"Article\",\"@id\":\"https:\\\/\\\/www.meydan.tv\\\/az\\\/article\\\/arif-qaziyev-vefat-etdi\\\/#article\",\"isPartOf\":{\"@id\":\"https:\\\/\\\/www.meydan.tv\\\/az\\\/article\\\/arif-qaziyev-vefat-etdi\\\/\"},\"author\":{\"name\":\"elli\",\"@id\":\"https:\\\/\\\/www.meydan.tv\\\/az\\\/#\\\/schema\\\/person\\\/9cdbecf90d17180ce1dfbd95b08dcf47\"},\"headline\":\"Arif Qaz\u0131yev v\u0259fat etdi\",\"datePublished\":\"2022-02-24T18:51:24+00:00\",\"dateModified\":\"2022-02-24T18:51:26+00:00\",\"mainEntityOfPage\":{\"@id\":\"https:\\\/\\\/www.meydan.tv\\\/az\\\/article\\\/arif-qaziyev-vefat-etdi\\\/\"},\"wordCount\":242,\"publisher\":{\"@id\":\"https:\\\/\\\/www.meydan.tv\\\/az\\\/#organization\"},\"image\":{\"@id\":\"https:\\\/\\\/www.meydan.tv\\\/az\\\/article\\\/arif-qaziyev-vefat-etdi\\\/#primaryimage\"},\"thumbnailUrl\":\"https:\\\/\\\/www.meydan.tv\\\/wp-content\\\/uploads\\\/fcc398c0-c9f4-48fa-bb00-cdd264daf848_w1200_r1-e1645728678802.webp\",\"articleSection\":[\"M\u0259d\u0259niyy\u0259t\",\"X\u0259b\u0259rl\u0259r\"],\"inLanguage\":\"az\"},{\"@type\":\"WebPage\",\"@id\":\"https:\\\/\\\/www.meydan.tv\\\/az\\\/article\\\/arif-qaziyev-vefat-etdi\\\/\",\"url\":\"https:\\\/\\\/www.meydan.tv\\\/az\\\/article\\\/arif-qaziyev-vefat-etdi\\\/\",\"name\":\"Arif Qaz\u0131yev v\u0259fat etdi - MEYDAN.TV\",\"isPartOf\":{\"@id\":\"https:\\\/\\\/www.meydan.tv\\\/az\\\/#website\"},\"primaryImageOfPage\":{\"@id\":\"https:\\\/\\\/www.meydan.tv\\\/az\\\/article\\\/arif-qaziyev-vefat-etdi\\\/#primaryimage\"},\"image\":{\"@id\":\"https:\\\/\\\/www.meydan.tv\\\/az\\\/article\\\/arif-qaziyev-vefat-etdi\\\/#primaryimage\"},\"thumbnailUrl\":\"https:\\\/\\\/www.meydan.tv\\\/wp-content\\\/uploads\\\/fcc398c0-c9f4-48fa-bb00-cdd264daf848_w1200_r1-e1645728678802.webp\",\"datePublished\":\"2022-02-24T18:51:24+00:00\",\"dateModified\":\"2022-02-24T18:51:26+00:00\",\"breadcrumb\":{\"@id\":\"https:\\\/\\\/www.meydan.tv\\\/az\\\/article\\\/arif-qaziyev-vefat-etdi\\\/#breadcrumb\"},\"inLanguage\":\"az\",\"potentialAction\":[{\"@type\":\"ReadAction\",\"target\":[\"https:\\\/\\\/www.meydan.tv\\\/az\\\/article\\\/arif-qaziyev-vefat-etdi\\\/\"]}]},{\"@type\":\"ImageObject\",\"inLanguage\":\"az\",\"@id\":\"https:\\\/\\\/www.meydan.tv\\\/az\\\/article\\\/arif-qaziyev-vefat-etdi\\\/#primaryimage\",\"url\":\"https:\\\/\\\/www.meydan.tv\\\/wp-content\\\/uploads\\\/fcc398c0-c9f4-48fa-bb00-cdd264daf848_w1200_r1-e1645728678802.webp\",\"contentUrl\":\"https:\\\/\\\/www.meydan.tv\\\/wp-content\\\/uploads\\\/fcc398c0-c9f4-48fa-bb00-cdd264daf848_w1200_r1-e1645728678802.webp\",\"width\":1200,\"height\":561,\"caption\":\"Arif Qaz\u0131yev. Foto: axsam.az\"},{\"@type\":\"BreadcrumbList\",\"@id\":\"https:\\\/\\\/www.meydan.tv\\\/az\\\/article\\\/arif-qaziyev-vefat-etdi\\\/#breadcrumb\",\"itemListElement\":[{\"@type\":\"ListItem\",\"position\":1,\"name\":\"Ana s\u0259hif\u0259\",\"item\":\"https:\\\/\\\/www.meydan.tv\\\/az\\\/\"},{\"@type\":\"ListItem\",\"position\":2,\"name\":\"M\u0259d\u0259niyy\u0259t\",\"item\":\"https:\\\/\\\/www.meydan.tv\\\/az\\\/section\\\/medeniyyet\\\/\"},{\"@type\":\"ListItem\",\"position\":3,\"name\":\"Arif Qaz\u0131yev v\u0259fat etdi\"}]},{\"@type\":\"WebSite\",\"@id\":\"https:\\\/\\\/www.meydan.tv\\\/az\\\/#website\",\"url\":\"https:\\\/\\\/www.meydan.tv\\\/az\\\/\",\"name\":\"MEYDAN.TV\",\"description\":\"Meydan TV Az\u0259rbaycan\u0131n media m\u0259kan\u0131ndak\u0131 alternativ s\u0259sidir\",\"publisher\":{\"@id\":\"https:\\\/\\\/www.meydan.tv\\\/az\\\/#organization\"},\"potentialAction\":[{\"@type\":\"SearchAction\",\"target\":{\"@type\":\"EntryPoint\",\"urlTemplate\":\"https:\\\/\\\/www.meydan.tv\\\/az\\\/?s={search_term_string}\"},\"query-input\":{\"@type\":\"PropertyValueSpecification\",\"valueRequired\":true,\"valueName\":\"search_term_string\"}}],\"inLanguage\":\"az\"},{\"@type\":\"Organization\",\"@id\":\"https:\\\/\\\/www.meydan.tv\\\/az\\\/#organization\",\"name\":\"Meydan TV\",\"url\":\"https:\\\/\\\/www.meydan.tv\\\/az\\\/\",\"logo\":{\"@type\":\"ImageObject\",\"inLanguage\":\"az\",\"@id\":\"https:\\\/\\\/www.meydan.tv\\\/az\\\/#\\\/schema\\\/logo\\\/image\\\/\",\"url\":\"https:\\\/\\\/www.meydan.tv\\\/wp-content\\\/uploads\\\/2021\\\/07\\\/meydan-logo.svg\",\"contentUrl\":\"https:\\\/\\\/www.meydan.tv\\\/wp-content\\\/uploads\\\/2021\\\/07\\\/meydan-logo.svg\",\"width\":195,\"height\":46,\"caption\":\"Meydan TV\"},\"image\":{\"@id\":\"https:\\\/\\\/www.meydan.tv\\\/az\\\/#\\\/schema\\\/logo\\\/image\\\/\"}},{\"@type\":\"Person\",\"@id\":\"https:\\\/\\\/www.meydan.tv\\\/az\\\/#\\\/schema\\\/person\\\/9cdbecf90d17180ce1dfbd95b08dcf47\",\"name\":\"elli\",\"sameAs\":[\"https:\\\/\\\/x.com\\\/elli\"]}]}<\/script>\n<!-- \/ Yoast SEO plugin. -->","yoast_head_json":{"title":"Arif Qaz\u0131yev v\u0259fat etdi - MEYDAN.TV","robots":{"index":"index","follow":"follow","max-snippet":"max-snippet:-1","max-image-preview":"max-image-preview:large","max-video-preview":"max-video-preview:-1"},"canonical":"https:\/\/www.meydan.tv\/az\/article\/arif-qaziyev-vefat-etdi\/","og_locale":"az_AZ","og_type":"article","og_title":"Arif Qaz\u0131yev v\u0259fat etdi - MEYDAN.TV","og_description":"84 ya\u015fl\u0131 inc\u0259s\u0259n\u0259t xadimi insult ke\u00e7irib \u018fm\u0259kdar inc\u0259s\u0259n\u0259t xadimi, televiziya ... Davam\u0131","og_url":"https:\/\/www.meydan.tv\/az\/article\/arif-qaziyev-vefat-etdi\/","og_site_name":"MEYDAN.TV","article_published_time":"2022-02-24T18:51:24+00:00","article_modified_time":"2022-02-24T18:51:26+00:00","og_image":[{"width":1200,"height":561,"url":"https:\/\/www.meydan.tv\/wp-content\/uploads\/fcc398c0-c9f4-48fa-bb00-cdd264daf848_w1200_r1-e1645728678802.webp","type":"image\/webp"}],"author":"elli","twitter_card":"summary_large_image","twitter_creator":"@elli","schema":{"@context":"https:\/\/schema.org","@graph":[{"@type":"Article","@id":"https:\/\/www.meydan.tv\/az\/article\/arif-qaziyev-vefat-etdi\/#article","isPartOf":{"@id":"https:\/\/www.meydan.tv\/az\/article\/arif-qaziyev-vefat-etdi\/"},"author":{"name":"elli","@id":"https:\/\/www.meydan.tv\/az\/#\/schema\/person\/9cdbecf90d17180ce1dfbd95b08dcf47"},"headline":"Arif Qaz\u0131yev v\u0259fat etdi","datePublished":"2022-02-24T18:51:24+00:00","dateModified":"2022-02-24T18:51:26+00:00","mainEntityOfPage":{"@id":"https:\/\/www.meydan.tv\/az\/article\/arif-qaziyev-vefat-etdi\/"},"wordCount":242,"publisher":{"@id":"https:\/\/www.meydan.tv\/az\/#organization"},"image":{"@id":"https:\/\/www.meydan.tv\/az\/article\/arif-qaziyev-vefat-etdi\/#primaryimage"},"thumbnailUrl":"https:\/\/www.meydan.tv\/wp-content\/uploads\/fcc398c0-c9f4-48fa-bb00-cdd264daf848_w1200_r1-e1645728678802.webp","articleSection":["M\u0259d\u0259niyy\u0259t","X\u0259b\u0259rl\u0259r"],"inLanguage":"az"},{"@type":"WebPage","@id":"https:\/\/www.meydan.tv\/az\/article\/arif-qaziyev-vefat-etdi\/","url":"https:\/\/www.meydan.tv\/az\/article\/arif-qaziyev-vefat-etdi\/","name":"Arif Qaz\u0131yev v\u0259fat etdi - MEYDAN.TV","isPartOf":{"@id":"https:\/\/www.meydan.tv\/az\/#website"},"primaryImageOfPage":{"@id":"https:\/\/www.meydan.tv\/az\/article\/arif-qaziyev-vefat-etdi\/#primaryimage"},"image":{"@id":"https:\/\/www.meydan.tv\/az\/article\/arif-qaziyev-vefat-etdi\/#primaryimage"},"thumbnailUrl":"https:\/\/www.meydan.tv\/wp-content\/uploads\/fcc398c0-c9f4-48fa-bb00-cdd264daf848_w1200_r1-e1645728678802.webp","datePublished":"2022-02-24T18:51:24+00:00","dateModified":"2022-02-24T18:51:26+00:00","breadcrumb":{"@id":"https:\/\/www.meydan.tv\/az\/article\/arif-qaziyev-vefat-etdi\/#breadcrumb"},"inLanguage":"az","potentialAction":[{"@type":"ReadAction","target":["https:\/\/www.meydan.tv\/az\/article\/arif-qaziyev-vefat-etdi\/"]}]},{"@type":"ImageObject","inLanguage":"az","@id":"https:\/\/www.meydan.tv\/az\/article\/arif-qaziyev-vefat-etdi\/#primaryimage","url":"https:\/\/www.meydan.tv\/wp-content\/uploads\/fcc398c0-c9f4-48fa-bb00-cdd264daf848_w1200_r1-e1645728678802.webp","contentUrl":"https:\/\/www.meydan.tv\/wp-content\/uploads\/fcc398c0-c9f4-48fa-bb00-cdd264daf848_w1200_r1-e1645728678802.webp","width":1200,"height":561,"caption":"Arif Qaz\u0131yev. Foto: axsam.az"},{"@type":"BreadcrumbList","@id":"https:\/\/www.meydan.tv\/az\/article\/arif-qaziyev-vefat-etdi\/#breadcrumb","itemListElement":[{"@type":"ListItem","position":1,"name":"Ana s\u0259hif\u0259","item":"https:\/\/www.meydan.tv\/az\/"},{"@type":"ListItem","position":2,"name":"M\u0259d\u0259niyy\u0259t","item":"https:\/\/www.meydan.tv\/az\/section\/medeniyyet\/"},{"@type":"ListItem","position":3,"name":"Arif Qaz\u0131yev v\u0259fat etdi"}]},{"@type":"WebSite","@id":"https:\/\/www.meydan.tv\/az\/#website","url":"https:\/\/www.meydan.tv\/az\/","name":"MEYDAN.TV","description":"Meydan TV Az\u0259rbaycan\u0131n media m\u0259kan\u0131ndak\u0131 alternativ s\u0259sidir","publisher":{"@id":"https:\/\/www.meydan.tv\/az\/#organization"},"potentialAction":[{"@type":"SearchAction","target":{"@type":"EntryPoint","urlTemplate":"https:\/\/www.meydan.tv\/az\/?s={search_term_string}"},"query-input":{"@type":"PropertyValueSpecification","valueRequired":true,"valueName":"search_term_string"}}],"inLanguage":"az"},{"@type":"Organization","@id":"https:\/\/www.meydan.tv\/az\/#organization","name":"Meydan TV","url":"https:\/\/www.meydan.tv\/az\/","logo":{"@type":"ImageObject","inLanguage":"az","@id":"https:\/\/www.meydan.tv\/az\/#\/schema\/logo\/image\/","url":"https:\/\/www.meydan.tv\/wp-content\/uploads\/2021\/07\/meydan-logo.svg","contentUrl":"https:\/\/www.meydan.tv\/wp-content\/uploads\/2021\/07\/meydan-logo.svg","width":195,"height":46,"caption":"Meydan TV"},"image":{"@id":"https:\/\/www.meydan.tv\/az\/#\/schema\/logo\/image\/"}},{"@type":"Person","@id":"https:\/\/www.meydan.tv\/az\/#\/schema\/person\/9cdbecf90d17180ce1dfbd95b08dcf47","name":"elli","sameAs":["https:\/\/x.com\/elli"]}]}},"_links":{"self":[{"href":"https:\/\/www.meydan.tv\/az\/wp-json\/wp\/v2\/posts\/235794","targetHints":{"allow":["GET"]}}],"collection":[{"href":"https:\/\/www.meydan.tv\/az\/wp-json\/wp\/v2\/posts"}],"about":[{"href":"https:\/\/www.meydan.tv\/az\/wp-json\/wp\/v2\/types\/post"}],"author":[{"embeddable":true,"href":"https:\/\/www.meydan.tv\/az\/wp-json\/wp\/v2\/users\/8"}],"replies":[{"embeddable":true,"href":"https:\/\/www.meydan.tv\/az\/wp-json\/wp\/v2\/comments?post=235794"}],"version-history":[{"count":1,"href":"https:\/\/www.meydan.tv\/az\/wp-json\/wp\/v2\/posts\/235794\/revisions"}],"predecessor-version":[{"id":235803,"href":"https:\/\/www.meydan.tv\/az\/wp-json\/wp\/v2\/posts\/235794\/revisions\/235803"}],"wp:featuredmedia":[{"embeddable":true,"href":"https:\/\/www.meydan.tv\/az\/wp-json\/wp\/v2\/media\/235798"}],"wp:attachment":[{"href":"https:\/\/www.meydan.tv\/az\/wp-json\/wp\/v2\/media?parent=235794"}],"wp:term":[{"taxonomy":"category","embeddable":true,"href":"https:\/\/www.meydan.tv\/az\/wp-json\/wp\/v2\/categories?post=235794"},{"taxonomy":"post_tag","embeddable":true,"href":"https:\/\/www.meydan.tv\/az\/wp-json\/wp\/v2\/tags?post=235794"}],"curies":[{"name":"wp","href":"https:\/\/api.w.org\/{rel}","templated":true}]}}