{"id":235678,"date":"2022-02-24T17:53:36","date_gmt":"2022-02-24T13:53:36","guid":{"rendered":"https:\/\/www.meydan.tv\/?p=235678"},"modified":"2022-02-24T17:53:38","modified_gmt":"2022-02-24T13:53:38","slug":"gencler-azerbaycandaki-rusiya-sefirliyi-onunde-etiraz-edib","status":"publish","type":"post","link":"https:\/\/www.meydan.tv\/az\/article\/gencler-azerbaycandaki-rusiya-sefirliyi-onunde-etiraz-edib\/","title":{"rendered":"G\u0259ncl\u0259r Az\u0259rbaycandak\u0131 Rusiya s\u0259firliyi \u00f6n\u00fcnd\u0259 etiraz edib"},"content":{"rendered":"\n<p><em>&#8220;Az\u0259rbaycan hakimiyy\u0259tinin Rusiya il\u0259 m\u00fctt\u0259fiqliyi xalq\u0131n irad\u0259sini \u0259ks etdirmir\u201d<\/em><\/p>\n\n\n\n<p>Siyasi f\u0259al Elman Quliyev v\u0259 Monitor TV-nin r\u0259hb\u0259ri Orxan Bax\u0131\u015fl\u0131 Bak\u0131dak\u0131 Rusiya s\u0259firliyi \u00f6n\u00fcnd\u0259 etiraz <a href=\"https:\/\/www.facebook.com\/watch\/live\/?ref=notif&amp;v=1146874096132284&amp;notif_id=1645705437613716&amp;notif_t=live_video_explicit\" target=\"_blank\" rel=\"noreferrer noopener\">aksiya<\/a>s\u0131 ke\u00e7irib.<\/p>\n\n\n\n<p>S\u0259b\u0259b Rusiyan\u0131n Ukrayna \u0259razisin\u0259 qo\u015fun yeritm\u0259si v\u0259 bel\u0259 bir zamanda Az\u0259rbaycan Prezidenti \u0130lham \u018fliyevin Rusiya Prezidenti Vladimir Putinl\u0259 m\u00fctt\u0259fiqlik s\u0259n\u0259di imzalamas\u0131d\u0131r.<\/p>\n\n\n\n<p>\u201c\u0130mzalanan raz\u0131l\u0131q, s\u0259n\u0259d Az\u0259rbaycan xalq\u0131n\u0131n irad\u0259si xaricind\u0259dir. Apar\u0131lan siyas\u0259td\u0259n bel\u0259 g\u00f6r\u00fcn\u00fcr ki, Rusiya Az\u0259rbaycan hakimiyy\u0259tini idar\u0259 edir. Biz is\u0259 az\u0259rbaycanl\u0131 g\u0259ncl\u0259r olaraq h\u0259m Az\u0259rbaycan hakimiyy\u0259tinin, h\u0259m d\u0259 Rusiyan\u0131n apard\u0131\u011f\u0131 siyas\u0259t\u0259 etiraz edirik\u201d, &#8211; dey\u0259 Elman Quliyev bildirib.<\/p>\n\n\n\n<p>Orxan Bax\u0131\u015fl\u0131 is\u0259 deyib ki, imzalanan s\u0259n\u0259d, bu g\u00fcn Rusiyan\u0131n Ukraynaya m\u00fcharib\u0259 elan etm\u0259sin\u0259 etiraz olaraq b\u0259yanat haz\u0131rlay\u0131blar. Onu h\u0259m d\u0259 rus dilin\u0259 t\u0259rc\u00fcm\u0259 edibl\u0259r: \u201cH\u0259min b\u0259yanat\u0131 Rusiya s\u0259firliyin\u0259 verm\u0259k ist\u0259yirik. Bilsinl\u0259r ki, etdikl\u0259ri il\u0259 he\u00e7 raz\u0131 deyilik. \u00dcst\u0259lik, anla\u015f\u0131lmayan xeyli m\u0259qamlar var&#8221;.<\/p>\n\n\n\n<p>&#8220;Rusiya 44 g\u00fcnl\u00fck \u0130kinci Qaraba\u011f m\u00fcharib\u0259si zaman\u0131 Erm\u0259nistana tam d\u0259st\u0259k verdi. Az\u0259rbaycan hakimiyy\u0259ti is\u0259 bu hadis\u0259d\u0259n sonra Rusiya il\u0259 m\u00fcqavil\u0259 imzalad\u0131. Bu, n\u0259 d\u0259r\u0259c\u0259d\u0259 do\u011frudur? Biz ill\u0259rdir Rusiyan\u0131n t\u0259zyiqi alt\u0131ndan \u00e7\u0131xma\u011fa \u00e7al\u0131\u015f\u0131r\u0131q. Az\u0259rbaycan hakimiyy\u0259ti is\u0259 h\u0259rl\u0259yib, f\u0131rlad\u0131b bizi Rusiyadan as\u0131l\u0131 edir\u201d, &#8211; dey\u0259 o qeyd edib.<\/p>\n\n\n\n<p>Elman Quliyev bu g\u00fcn Rusiyan\u0131n diplomatiya dilini yox, m\u00fcharib\u0259ni se\u00e7diyini v\u0259 add\u0131m\u0131n\u0131n zorak\u0131 oldu\u011funu deyib. Bundan sonra o, s\u0259firliyin \u00f6n\u00fcnd\u0259 haz\u0131rlad\u0131qlar\u0131 b\u0259yanat\u0131 s\u0259sl\u0259ndirib.<\/p>\n\n\n\n<p>Polis aksiya\u00e7\u0131lara m\u00fcdaxil\u0259 edib.<\/p>\n\n\n\n<p>Bildirib ki, \u0259vv\u0259lc\u0259 \u00f6zl\u0259rini t\u0259qdim etsinl\u0259r, sonra etirazlar\u0131n\u0131 bildir\u0259rl\u0259r. Lakin polis sonra aksiya\u00e7\u0131lar\u0131n haz\u0131rlad\u0131qlar\u0131 b\u0259yanat\u0131 s\u0259firliy\u0259 t\u0259qdim etm\u0259sinin qar\u015f\u0131s\u0131n\u0131 al\u0131b.<\/p>\n\n\n\n<p>Aksiya ke\u00e7ir\u0259n Elman Quliyev\u0259 g\u00fcc t\u0259tbiq ed\u0259r\u0259k \u0259razid\u0259n uzaqla\u015fd\u0131r\u0131b.<\/p>\n\n\n\n<p>Fevral\u0131n 22-d\u0259 prezidentl\u0259r Vladimir Putin v\u0259 \u0130lham \u018fliyev Moskvada \u201cRusiya v\u0259 Az\u0259rbaycan aras\u0131nda m\u00fctt\u0259fiqlik qar\u015f\u0131l\u0131ql\u0131 f\u0259aliyy\u0259ti haqq\u0131nda\u201d B\u0259yannam\u0259 imzalay\u0131b.<\/p>\n\n\n\n<p>Bundan bir g\u00fcn sonra fevral\u0131n 24-n\u0259 ke\u00e7\u0259n gec\u0259 Rusiya prezidenti Vladimir Putin Ukrayna \u00fcz\u0259rin\u0259 \u201cx\u00fcsusi \u0259m\u0259liyyat\u201d \u0259mri verdi.<\/p>\n\n\n\n<p>S\u0259b\u0259b kimi is\u0259 qondarma Donetsk v\u0259 Luqansk \u201crespublikalar\u0131\u201d r\u0259hb\u0259rl\u0259rinin ona m\u00fcraci\u0259tini g\u00f6st\u0259rib.<\/p>\n\n\n\n<p>\u0130ddia edib ki, m\u0259qs\u0259d dinc sakinl\u0259ri qorumaq, Ukraynan\u0131n t\u0259hdidl\u0259rin\u0259 cavab verm\u0259kdir.<\/p>\n\n\n\n<p>Ukrayna, Q\u0259rb liderl\u0259ri h\u00fccumu pisl\u0259yib, Putinin buna g\u00f6r\u0259 cavab ver\u0259c\u0259yini bildiribl\u0259r.<\/p>\n\n\n\n<p>X\u0259z\u0259r\u201d H\u0259rbi T\u0259dqiqatlar \u0130nstitutunun direktoru C\u0259sur M\u0259mm\u0259dov bildirib ki, 22 fevralda imzalanan Moskva B\u0259yannam\u0259si Az\u0259rbaycan\u0131n h\u0259r hans\u0131 h\u0259rbi toqqu\u015fmas\u0131z, a\u011fr\u0131s\u0131z olaraq Rusiyan\u0131n h\u0259rbi boyunduru\u011funa girm\u0259sini <a href=\"https:\/\/www.meydan.tv\/az\/article\/cesur-memmedov-moskva-beyannamesi-rusiyanin-boyunduruguna-girmeyi-hedefleyir\/\" target=\"_blank\" rel=\"noreferrer noopener\">h\u0259d\u0259fl\u0259yib<\/a><\/p>\n","protected":false},"excerpt":{"rendered":"<p>&#8220;Az\u0259rbaycan hakimiyy\u0259tinin Rusiya il\u0259 m\u00fctt\u0259fiqliyi xalq\u0131n irad\u0259sini \u0259ks etdirmir\u201d Siyasi &#8230; <\/p>\n<p class=\"read-more-container\"><a title=\"G\u0259ncl\u0259r Az\u0259rbaycandak\u0131 Rusiya s\u0259firliyi \u00f6n\u00fcnd\u0259 etiraz edib\" class=\"read-more button\" href=\"https:\/\/www.meydan.tv\/az\/article\/gencler-azerbaycandaki-rusiya-sefirliyi-onunde-etiraz-edib\/#more-235678\" aria-label=\"Read more about G\u0259ncl\u0259r Az\u0259rbaycandak\u0131 Rusiya s\u0259firliyi \u00f6n\u00fcnd\u0259 etiraz edib\">Davam\u0131<\/a><\/p>\n","protected":false},"author":8,"featured_media":235679,"comment_status":"closed","ping_status":"closed","sticky":false,"template":"","format":"standard","meta":{"_acf_changed":false,"_sitemap_exclude":false,"_sitemap_priority":"","_sitemap_frequency":"","footnotes":""},"categories":[59,56],"tags":[],"class_list":["post-235678","post","type-post","status-publish","format-standard","has-post-thumbnail","hentry","category-siyaset","category-xeberler","infinite-scroll-item","generate-columns","tablet-grid-50","mobile-grid-100","grid-parent","grid-33","no-featured-image-padding"],"acf":[],"yoast_head":"<!-- This site is optimized with the Yoast SEO plugin v27.4 - https:\/\/yoast.com\/product\/yoast-seo-wordpress\/ -->\n<title>G\u0259ncl\u0259r Az\u0259rbaycandak\u0131 Rusiya s\u0259firliyi \u00f6n\u00fcnd\u0259 etiraz edib - MEYDAN.TV<\/title>\n<meta name=\"robots\" content=\"index, follow, max-snippet:-1, max-image-preview:large, max-video-preview:-1\" \/>\n<link rel=\"canonical\" href=\"https:\/\/www.meydan.tv\/az\/article\/gencler-azerbaycandaki-rusiya-sefirliyi-onunde-etiraz-edib\/\" \/>\n<meta property=\"og:locale\" content=\"az_AZ\" \/>\n<meta property=\"og:type\" content=\"article\" \/>\n<meta property=\"og:title\" content=\"G\u0259ncl\u0259r Az\u0259rbaycandak\u0131 Rusiya s\u0259firliyi \u00f6n\u00fcnd\u0259 etiraz edib - MEYDAN.TV\" \/>\n<meta property=\"og:description\" content=\"&#8220;Az\u0259rbaycan hakimiyy\u0259tinin Rusiya il\u0259 m\u00fctt\u0259fiqliyi xalq\u0131n irad\u0259sini \u0259ks etdirmir\u201d Siyasi ... Davam\u0131\" \/>\n<meta property=\"og:url\" content=\"https:\/\/www.meydan.tv\/az\/article\/gencler-azerbaycandaki-rusiya-sefirliyi-onunde-etiraz-edib\/\" \/>\n<meta property=\"og:site_name\" content=\"MEYDAN.TV\" \/>\n<meta property=\"article:published_time\" content=\"2022-02-24T13:53:36+00:00\" \/>\n<meta property=\"article:modified_time\" content=\"2022-02-24T13:53:38+00:00\" \/>\n<meta property=\"og:image\" content=\"https:\/\/www.meydan.tv\/wp-content\/uploads\/download-3.jpg\" \/>\n\t<meta property=\"og:image:width\" content=\"768\" \/>\n\t<meta property=\"og:image:height\" content=\"432\" \/>\n\t<meta property=\"og:image:type\" content=\"image\/jpeg\" \/>\n<meta name=\"author\" content=\"elli\" \/>\n<meta name=\"twitter:card\" content=\"summary_large_image\" \/>\n<meta name=\"twitter:creator\" content=\"@elli\" \/>\n<script type=\"application\/ld+json\" class=\"yoast-schema-graph\">{\"@context\":\"https:\\\/\\\/schema.org\",\"@graph\":[{\"@type\":\"Article\",\"@id\":\"https:\\\/\\\/www.meydan.tv\\\/az\\\/article\\\/gencler-azerbaycandaki-rusiya-sefirliyi-onunde-etiraz-edib\\\/#article\",\"isPartOf\":{\"@id\":\"https:\\\/\\\/www.meydan.tv\\\/az\\\/article\\\/gencler-azerbaycandaki-rusiya-sefirliyi-onunde-etiraz-edib\\\/\"},\"author\":{\"name\":\"elli\",\"@id\":\"https:\\\/\\\/www.meydan.tv\\\/az\\\/#\\\/schema\\\/person\\\/9cdbecf90d17180ce1dfbd95b08dcf47\"},\"headline\":\"G\u0259ncl\u0259r Az\u0259rbaycandak\u0131 Rusiya s\u0259firliyi \u00f6n\u00fcnd\u0259 etiraz edib\",\"datePublished\":\"2022-02-24T13:53:36+00:00\",\"dateModified\":\"2022-02-24T13:53:38+00:00\",\"mainEntityOfPage\":{\"@id\":\"https:\\\/\\\/www.meydan.tv\\\/az\\\/article\\\/gencler-azerbaycandaki-rusiya-sefirliyi-onunde-etiraz-edib\\\/\"},\"wordCount\":556,\"publisher\":{\"@id\":\"https:\\\/\\\/www.meydan.tv\\\/az\\\/#organization\"},\"image\":{\"@id\":\"https:\\\/\\\/www.meydan.tv\\\/az\\\/article\\\/gencler-azerbaycandaki-rusiya-sefirliyi-onunde-etiraz-edib\\\/#primaryimage\"},\"thumbnailUrl\":\"https:\\\/\\\/www.meydan.tv\\\/wp-content\\\/uploads\\\/download-3.jpg\",\"articleSection\":[\"Siyas\u0259t\",\"X\u0259b\u0259rl\u0259r\"],\"inLanguage\":\"az\"},{\"@type\":\"WebPage\",\"@id\":\"https:\\\/\\\/www.meydan.tv\\\/az\\\/article\\\/gencler-azerbaycandaki-rusiya-sefirliyi-onunde-etiraz-edib\\\/\",\"url\":\"https:\\\/\\\/www.meydan.tv\\\/az\\\/article\\\/gencler-azerbaycandaki-rusiya-sefirliyi-onunde-etiraz-edib\\\/\",\"name\":\"G\u0259ncl\u0259r Az\u0259rbaycandak\u0131 Rusiya s\u0259firliyi \u00f6n\u00fcnd\u0259 etiraz edib - MEYDAN.TV\",\"isPartOf\":{\"@id\":\"https:\\\/\\\/www.meydan.tv\\\/az\\\/#website\"},\"primaryImageOfPage\":{\"@id\":\"https:\\\/\\\/www.meydan.tv\\\/az\\\/article\\\/gencler-azerbaycandaki-rusiya-sefirliyi-onunde-etiraz-edib\\\/#primaryimage\"},\"image\":{\"@id\":\"https:\\\/\\\/www.meydan.tv\\\/az\\\/article\\\/gencler-azerbaycandaki-rusiya-sefirliyi-onunde-etiraz-edib\\\/#primaryimage\"},\"thumbnailUrl\":\"https:\\\/\\\/www.meydan.tv\\\/wp-content\\\/uploads\\\/download-3.jpg\",\"datePublished\":\"2022-02-24T13:53:36+00:00\",\"dateModified\":\"2022-02-24T13:53:38+00:00\",\"breadcrumb\":{\"@id\":\"https:\\\/\\\/www.meydan.tv\\\/az\\\/article\\\/gencler-azerbaycandaki-rusiya-sefirliyi-onunde-etiraz-edib\\\/#breadcrumb\"},\"inLanguage\":\"az\",\"potentialAction\":[{\"@type\":\"ReadAction\",\"target\":[\"https:\\\/\\\/www.meydan.tv\\\/az\\\/article\\\/gencler-azerbaycandaki-rusiya-sefirliyi-onunde-etiraz-edib\\\/\"]}]},{\"@type\":\"ImageObject\",\"inLanguage\":\"az\",\"@id\":\"https:\\\/\\\/www.meydan.tv\\\/az\\\/article\\\/gencler-azerbaycandaki-rusiya-sefirliyi-onunde-etiraz-edib\\\/#primaryimage\",\"url\":\"https:\\\/\\\/www.meydan.tv\\\/wp-content\\\/uploads\\\/download-3.jpg\",\"contentUrl\":\"https:\\\/\\\/www.meydan.tv\\\/wp-content\\\/uploads\\\/download-3.jpg\",\"width\":768,\"height\":432,\"caption\":\"M\u0259nb\u0259: Aksiya i\u015ftirak\u00e7\u0131lar\u0131\"},{\"@type\":\"BreadcrumbList\",\"@id\":\"https:\\\/\\\/www.meydan.tv\\\/az\\\/article\\\/gencler-azerbaycandaki-rusiya-sefirliyi-onunde-etiraz-edib\\\/#breadcrumb\",\"itemListElement\":[{\"@type\":\"ListItem\",\"position\":1,\"name\":\"Ana s\u0259hif\u0259\",\"item\":\"https:\\\/\\\/www.meydan.tv\\\/az\\\/\"},{\"@type\":\"ListItem\",\"position\":2,\"name\":\"Siyas\u0259t\",\"item\":\"https:\\\/\\\/www.meydan.tv\\\/az\\\/section\\\/siyaset\\\/\"},{\"@type\":\"ListItem\",\"position\":3,\"name\":\"G\u0259ncl\u0259r Az\u0259rbaycandak\u0131 Rusiya s\u0259firliyi \u00f6n\u00fcnd\u0259 etiraz edib\"}]},{\"@type\":\"WebSite\",\"@id\":\"https:\\\/\\\/www.meydan.tv\\\/az\\\/#website\",\"url\":\"https:\\\/\\\/www.meydan.tv\\\/az\\\/\",\"name\":\"MEYDAN.TV\",\"description\":\"Meydan TV Az\u0259rbaycan\u0131n media m\u0259kan\u0131ndak\u0131 alternativ s\u0259sidir\",\"publisher\":{\"@id\":\"https:\\\/\\\/www.meydan.tv\\\/az\\\/#organization\"},\"potentialAction\":[{\"@type\":\"SearchAction\",\"target\":{\"@type\":\"EntryPoint\",\"urlTemplate\":\"https:\\\/\\\/www.meydan.tv\\\/az\\\/?s={search_term_string}\"},\"query-input\":{\"@type\":\"PropertyValueSpecification\",\"valueRequired\":true,\"valueName\":\"search_term_string\"}}],\"inLanguage\":\"az\"},{\"@type\":\"Organization\",\"@id\":\"https:\\\/\\\/www.meydan.tv\\\/az\\\/#organization\",\"name\":\"Meydan TV\",\"url\":\"https:\\\/\\\/www.meydan.tv\\\/az\\\/\",\"logo\":{\"@type\":\"ImageObject\",\"inLanguage\":\"az\",\"@id\":\"https:\\\/\\\/www.meydan.tv\\\/az\\\/#\\\/schema\\\/logo\\\/image\\\/\",\"url\":\"https:\\\/\\\/www.meydan.tv\\\/wp-content\\\/uploads\\\/2021\\\/07\\\/meydan-logo.svg\",\"contentUrl\":\"https:\\\/\\\/www.meydan.tv\\\/wp-content\\\/uploads\\\/2021\\\/07\\\/meydan-logo.svg\",\"width\":195,\"height\":46,\"caption\":\"Meydan TV\"},\"image\":{\"@id\":\"https:\\\/\\\/www.meydan.tv\\\/az\\\/#\\\/schema\\\/logo\\\/image\\\/\"}},{\"@type\":\"Person\",\"@id\":\"https:\\\/\\\/www.meydan.tv\\\/az\\\/#\\\/schema\\\/person\\\/9cdbecf90d17180ce1dfbd95b08dcf47\",\"name\":\"elli\",\"sameAs\":[\"https:\\\/\\\/x.com\\\/elli\"]}]}<\/script>\n<!-- \/ Yoast SEO plugin. -->","yoast_head_json":{"title":"G\u0259ncl\u0259r Az\u0259rbaycandak\u0131 Rusiya s\u0259firliyi \u00f6n\u00fcnd\u0259 etiraz edib - MEYDAN.TV","robots":{"index":"index","follow":"follow","max-snippet":"max-snippet:-1","max-image-preview":"max-image-preview:large","max-video-preview":"max-video-preview:-1"},"canonical":"https:\/\/www.meydan.tv\/az\/article\/gencler-azerbaycandaki-rusiya-sefirliyi-onunde-etiraz-edib\/","og_locale":"az_AZ","og_type":"article","og_title":"G\u0259ncl\u0259r Az\u0259rbaycandak\u0131 Rusiya s\u0259firliyi \u00f6n\u00fcnd\u0259 etiraz edib - MEYDAN.TV","og_description":"&#8220;Az\u0259rbaycan hakimiyy\u0259tinin Rusiya il\u0259 m\u00fctt\u0259fiqliyi xalq\u0131n irad\u0259sini \u0259ks etdirmir\u201d Siyasi ... Davam\u0131","og_url":"https:\/\/www.meydan.tv\/az\/article\/gencler-azerbaycandaki-rusiya-sefirliyi-onunde-etiraz-edib\/","og_site_name":"MEYDAN.TV","article_published_time":"2022-02-24T13:53:36+00:00","article_modified_time":"2022-02-24T13:53:38+00:00","og_image":[{"width":768,"height":432,"url":"https:\/\/www.meydan.tv\/wp-content\/uploads\/download-3.jpg","type":"image\/jpeg"}],"author":"elli","twitter_card":"summary_large_image","twitter_creator":"@elli","schema":{"@context":"https:\/\/schema.org","@graph":[{"@type":"Article","@id":"https:\/\/www.meydan.tv\/az\/article\/gencler-azerbaycandaki-rusiya-sefirliyi-onunde-etiraz-edib\/#article","isPartOf":{"@id":"https:\/\/www.meydan.tv\/az\/article\/gencler-azerbaycandaki-rusiya-sefirliyi-onunde-etiraz-edib\/"},"author":{"name":"elli","@id":"https:\/\/www.meydan.tv\/az\/#\/schema\/person\/9cdbecf90d17180ce1dfbd95b08dcf47"},"headline":"G\u0259ncl\u0259r Az\u0259rbaycandak\u0131 Rusiya s\u0259firliyi \u00f6n\u00fcnd\u0259 etiraz edib","datePublished":"2022-02-24T13:53:36+00:00","dateModified":"2022-02-24T13:53:38+00:00","mainEntityOfPage":{"@id":"https:\/\/www.meydan.tv\/az\/article\/gencler-azerbaycandaki-rusiya-sefirliyi-onunde-etiraz-edib\/"},"wordCount":556,"publisher":{"@id":"https:\/\/www.meydan.tv\/az\/#organization"},"image":{"@id":"https:\/\/www.meydan.tv\/az\/article\/gencler-azerbaycandaki-rusiya-sefirliyi-onunde-etiraz-edib\/#primaryimage"},"thumbnailUrl":"https:\/\/www.meydan.tv\/wp-content\/uploads\/download-3.jpg","articleSection":["Siyas\u0259t","X\u0259b\u0259rl\u0259r"],"inLanguage":"az"},{"@type":"WebPage","@id":"https:\/\/www.meydan.tv\/az\/article\/gencler-azerbaycandaki-rusiya-sefirliyi-onunde-etiraz-edib\/","url":"https:\/\/www.meydan.tv\/az\/article\/gencler-azerbaycandaki-rusiya-sefirliyi-onunde-etiraz-edib\/","name":"G\u0259ncl\u0259r Az\u0259rbaycandak\u0131 Rusiya s\u0259firliyi \u00f6n\u00fcnd\u0259 etiraz edib - MEYDAN.TV","isPartOf":{"@id":"https:\/\/www.meydan.tv\/az\/#website"},"primaryImageOfPage":{"@id":"https:\/\/www.meydan.tv\/az\/article\/gencler-azerbaycandaki-rusiya-sefirliyi-onunde-etiraz-edib\/#primaryimage"},"image":{"@id":"https:\/\/www.meydan.tv\/az\/article\/gencler-azerbaycandaki-rusiya-sefirliyi-onunde-etiraz-edib\/#primaryimage"},"thumbnailUrl":"https:\/\/www.meydan.tv\/wp-content\/uploads\/download-3.jpg","datePublished":"2022-02-24T13:53:36+00:00","dateModified":"2022-02-24T13:53:38+00:00","breadcrumb":{"@id":"https:\/\/www.meydan.tv\/az\/article\/gencler-azerbaycandaki-rusiya-sefirliyi-onunde-etiraz-edib\/#breadcrumb"},"inLanguage":"az","potentialAction":[{"@type":"ReadAction","target":["https:\/\/www.meydan.tv\/az\/article\/gencler-azerbaycandaki-rusiya-sefirliyi-onunde-etiraz-edib\/"]}]},{"@type":"ImageObject","inLanguage":"az","@id":"https:\/\/www.meydan.tv\/az\/article\/gencler-azerbaycandaki-rusiya-sefirliyi-onunde-etiraz-edib\/#primaryimage","url":"https:\/\/www.meydan.tv\/wp-content\/uploads\/download-3.jpg","contentUrl":"https:\/\/www.meydan.tv\/wp-content\/uploads\/download-3.jpg","width":768,"height":432,"caption":"M\u0259nb\u0259: Aksiya i\u015ftirak\u00e7\u0131lar\u0131"},{"@type":"BreadcrumbList","@id":"https:\/\/www.meydan.tv\/az\/article\/gencler-azerbaycandaki-rusiya-sefirliyi-onunde-etiraz-edib\/#breadcrumb","itemListElement":[{"@type":"ListItem","position":1,"name":"Ana s\u0259hif\u0259","item":"https:\/\/www.meydan.tv\/az\/"},{"@type":"ListItem","position":2,"name":"Siyas\u0259t","item":"https:\/\/www.meydan.tv\/az\/section\/siyaset\/"},{"@type":"ListItem","position":3,"name":"G\u0259ncl\u0259r Az\u0259rbaycandak\u0131 Rusiya s\u0259firliyi \u00f6n\u00fcnd\u0259 etiraz edib"}]},{"@type":"WebSite","@id":"https:\/\/www.meydan.tv\/az\/#website","url":"https:\/\/www.meydan.tv\/az\/","name":"MEYDAN.TV","description":"Meydan TV Az\u0259rbaycan\u0131n media m\u0259kan\u0131ndak\u0131 alternativ s\u0259sidir","publisher":{"@id":"https:\/\/www.meydan.tv\/az\/#organization"},"potentialAction":[{"@type":"SearchAction","target":{"@type":"EntryPoint","urlTemplate":"https:\/\/www.meydan.tv\/az\/?s={search_term_string}"},"query-input":{"@type":"PropertyValueSpecification","valueRequired":true,"valueName":"search_term_string"}}],"inLanguage":"az"},{"@type":"Organization","@id":"https:\/\/www.meydan.tv\/az\/#organization","name":"Meydan TV","url":"https:\/\/www.meydan.tv\/az\/","logo":{"@type":"ImageObject","inLanguage":"az","@id":"https:\/\/www.meydan.tv\/az\/#\/schema\/logo\/image\/","url":"https:\/\/www.meydan.tv\/wp-content\/uploads\/2021\/07\/meydan-logo.svg","contentUrl":"https:\/\/www.meydan.tv\/wp-content\/uploads\/2021\/07\/meydan-logo.svg","width":195,"height":46,"caption":"Meydan TV"},"image":{"@id":"https:\/\/www.meydan.tv\/az\/#\/schema\/logo\/image\/"}},{"@type":"Person","@id":"https:\/\/www.meydan.tv\/az\/#\/schema\/person\/9cdbecf90d17180ce1dfbd95b08dcf47","name":"elli","sameAs":["https:\/\/x.com\/elli"]}]}},"_links":{"self":[{"href":"https:\/\/www.meydan.tv\/az\/wp-json\/wp\/v2\/posts\/235678","targetHints":{"allow":["GET"]}}],"collection":[{"href":"https:\/\/www.meydan.tv\/az\/wp-json\/wp\/v2\/posts"}],"about":[{"href":"https:\/\/www.meydan.tv\/az\/wp-json\/wp\/v2\/types\/post"}],"author":[{"embeddable":true,"href":"https:\/\/www.meydan.tv\/az\/wp-json\/wp\/v2\/users\/8"}],"replies":[{"embeddable":true,"href":"https:\/\/www.meydan.tv\/az\/wp-json\/wp\/v2\/comments?post=235678"}],"version-history":[{"count":2,"href":"https:\/\/www.meydan.tv\/az\/wp-json\/wp\/v2\/posts\/235678\/revisions"}],"predecessor-version":[{"id":235693,"href":"https:\/\/www.meydan.tv\/az\/wp-json\/wp\/v2\/posts\/235678\/revisions\/235693"}],"wp:featuredmedia":[{"embeddable":true,"href":"https:\/\/www.meydan.tv\/az\/wp-json\/wp\/v2\/media\/235679"}],"wp:attachment":[{"href":"https:\/\/www.meydan.tv\/az\/wp-json\/wp\/v2\/media?parent=235678"}],"wp:term":[{"taxonomy":"category","embeddable":true,"href":"https:\/\/www.meydan.tv\/az\/wp-json\/wp\/v2\/categories?post=235678"},{"taxonomy":"post_tag","embeddable":true,"href":"https:\/\/www.meydan.tv\/az\/wp-json\/wp\/v2\/tags?post=235678"}],"curies":[{"name":"wp","href":"https:\/\/api.w.org\/{rel}","templated":true}]}}