{"id":235606,"date":"2022-02-24T15:33:56","date_gmt":"2022-02-24T11:33:56","guid":{"rendered":"https:\/\/www.meydan.tv\/?p=235606"},"modified":"2022-02-24T15:33:58","modified_gmt":"2022-02-24T11:33:58","slug":"azerbaycan-xin-ukraynadaki-azerbaycanlilara-xeberdarliq-etdi","status":"publish","type":"post","link":"https:\/\/www.meydan.tv\/az\/article\/azerbaycan-xin-ukraynadaki-azerbaycanlilara-xeberdarliq-etdi\/","title":{"rendered":"Az\u0259rbaycan X\u0130N Ukraynadak\u0131 az\u0259rbaycanl\u0131lara x\u0259b\u0259rdarl\u0131q etdi"},"content":{"rendered":"\n<p><em>\u201cZ\u0259rur\u0259t olmasa, evd\u0259n \u00e7\u0131xmay\u0131n, h\u0259rbi obyektl\u0259rd\u0259n uzaq durun\u201d<\/em><\/p>\n\n\n\n<p>Az\u0259rbaycan\u0131n Xarici \u0130\u015fl\u0259r Nazirliyi (X\u0130N) Ukraynada daimi v\u0259 m\u00fcv\u0259qq\u0259ti ya\u015fayan Az\u0259rbaycan &nbsp;v\u0259t\u0259nda\u015flar\u0131na m\u00fcraci\u0259t <a href=\"https:\/\/www.mfa.gov.az\/az\/news\/no05922\" target=\"_blank\" rel=\"noreferrer noopener\">edib<\/a>.<\/p>\n\n\n\n<p>M\u00fcraci\u0259td\u0259 bildirilir ki, az\u0259rbaycanl\u0131lar Ukraynadak\u0131 v\u0259ziyy\u0259tl\u0259 ba\u011fl\u0131 h\u0259rbi q\u00fcvv\u0259l\u0259rin c\u0259ml\u0259\u015fdiyi \u0259razil\u0259r\u0259 s\u0259yah\u0259t etm\u0259sinl\u0259r.<\/p>\n\n\n\n<p>Bura Ukraynan\u0131n \u015f\u0259rq b\u00f6lg\u0259sind\u0259 yerl\u0259\u015f\u0259n s\u0259rh\u0259d vilay\u0259tl\u0259ri d\u0259 daxildir.&nbsp;<\/p>\n\n\n\n<p>\u201cHabel\u0259 \u00f6lk\u0259 \u0259razisind\u0259ki h\u0259rbi obyektl\u0259rd\u0259n uzaq olun\u201d, &#8211; dey\u0259 m\u00fcraci\u0259td\u0259 qeyd edilir.<\/p>\n\n\n\n<p>X\u0130N \u0259lav\u0259 edir ki, Ukraynadak\u0131 Az\u0259rbaycan v\u0259t\u0259nda\u015flar\u0131 ehtiyac olmad\u0131\u011f\u0131 t\u0259qdird\u0259 evl\u0259rind\u0259 v\u0259 ya g\u00fcv\u0259nli yerl\u0259rd\u0259 qals\u0131nlar:<\/p>\n\n\n\n<p>\u201cS\u0259yah\u0259tl\u0259rd\u0259n maksimum \u00e7\u0259kinin. T\u0259hl\u00fck\u0259siz yerl\u0259rd\u0259 qal\u0131n. Eyni zamanda, Ukrayna d\u00f6vl\u0259t orqanlar\u0131n\u0131n r\u0259smi m\u0259lumatlar\u0131n\u0131 izl\u0259m\u0259yiniz t\u00f6vsiy\u0259 edilir\u201d.<\/p>\n\n\n\n<p>Nazirlik v\u0259t\u0259nda\u015flara x\u00fcsusi hallar il\u0259 ba\u011fl\u0131 Az\u0259rbaycan Respublikas\u0131n\u0131n Kiyev \u015f\u0259h\u0259rind\u0259ki s\u0259firliyi il\u0259 \u0259laq\u0259 saxlamalar\u0131n\u0131 bildirir.<br><em>S\u0259firliyin \u0259laq\u0259 n\u00f6mr\u0259si: (+380 73)&nbsp;tel:5050000<br>Elektron po\u00e7t \u00fcnvan\u0131:&nbsp;mailto:kiev@mission.mfa.gov.az<br>Xarkov \u015f\u0259h\u0259rind\u0259ki f\u0259xri konsullu\u011fun \u0259laq\u0259 n\u00f6mr\u0259si: &nbsp;(tel:+380577000531<br>Konsullu\u011fun elektron po\u00e7t \u00fcnvan\u0131:&nbsp;mailto:info.azconsulate@gmail.com<\/em><br>\u201cV\u0259ziyy\u0259tin inki\u015faf\u0131ndan as\u0131l\u0131 olaraq \u0259lav\u0259 m\u0259lumat Az\u0259rbaycan Respublikas\u0131n\u0131n Ukraynadak\u0131 s\u0259firliyi t\u0259r\u0259find\u0259n bildiril\u0259c\u0259k\u201d, &#8211; dey\u0259 m\u00fcraci\u0259tin sonunda qeyd edilir.<\/p>\n\n\n\n<p>Fevral\u0131n 21-d\u0259 is\u0259 Az\u0259rbaycan\u0131n Ukraynadak\u0131 s\u0259firi Elmira Axundova a\u00e7\u0131qlama ver\u0259r\u0259k <a href=\"https:\/\/www.meydan.tv\/az\/article\/ukrayna-etrafinda-gerginlik-olkeler-vetendaslarini-geri-cagirir-azerbaycan-tereddud-edir\/\" target=\"_blank\" rel=\"noreferrer noopener\">bildirmi\u015fdi<\/a> ki, diplomatik hey\u0259tin Ukraynadan \u00e7\u0131xar\u0131lmas\u0131 il\u0259 ba\u011fl\u0131 Az\u0259rbaycandan onlara t\u0259limat g\u0259lm\u0259yib:<\/p>\n\n\n\n<p>\u201cTam hey\u0259tl\u0259 i\u015f ba\u015f\u0131nday\u0131q. C\u0259r\u0259yan ed\u0259n hadis\u0259l\u0259r t\u0259r\u0259fimizd\u0259n anbaan izl\u0259nilir v\u0259 m\u0259rk\u0259z\u0259 m\u0259lumatlar \u00f6t\u00fcr\u00fcl\u00fcr. Ukraynadak\u0131 120-d\u0259n \u00e7ox diplomatik n\u00fcmay\u0259nd\u0259likd\u0259n az sayda \u00f6lk\u0259nin diplomatlar\u0131 \u00f6lk\u0259ni t\u0259rk edib v\u0259 ya m\u00fcv\u0259qq\u0259ti olaraq Ukraynan\u0131n q\u0259rb hiss\u0259sin\u0259 k\u00f6\u00e7\u00fcr\u00fcl\u00fcb. B\u00f6y\u00fck hiss\u0259, h\u0259m\u00e7inin Rusiya s\u0259firliyi adi qaydada \u00f6z i\u015fini davam edir. H\u0259l\u0259lik, h\u0259y\u0259cana ehtiyac duyulmur\u201d.<\/p>\n\n\n\n<p>Elmira Axundova 3 g\u00fcn \u00f6nc\u0259 Ukraynan\u0131 t\u0259rk etm\u0259k ist\u0259y\u0259n hava yolu il\u0259 Bak\u0131ya, yaxud \u0130stanbula ged\u0259 bil\u0259c\u0259kl\u0259rini s\u00f6yl\u0259s\u0259 d\u0259, bu g\u00fcnd\u0259n Ukraynaya v\u0259 Ukraynadan olan b\u00fct\u00fcn aviareysl\u0259r t\u0259xir\u0259 sal\u0131n\u0131b.<\/p>\n\n\n\n<p>Fevral\u0131n 24-n\u0259 ke\u00e7\u0259n gec\u0259 Rusiya prezidenti Vladimir Putin Ukrayna \u00fcz\u0259rin\u0259 \u201cx\u00fcsusi \u0259m\u0259liyyat\u201d \u0259mri verib.<\/p>\n\n\n\n<p>S\u0259b\u0259b kimi is\u0259 qondarma Donetsk v\u0259 Luqansk \u201crespublikalar\u0131\u201d r\u0259hb\u0259rl\u0259rinin ona m\u00fcraci\u0259tini g\u00f6st\u0259rib.<\/p>\n\n\n\n<p>\u0130ddia edib ki, m\u0259qs\u0259d dinc sakinl\u0259ri qorumaq, Ukraynan\u0131n t\u0259hdidl\u0259rin\u0259 cavab verm\u0259kdir.<\/p>\n\n\n\n<p>Ukrayna, Q\u0259rb liderl\u0259ri h\u00fccumu pisl\u0259yib, Putinin buna g\u00f6r\u0259 cavab ver\u0259c\u0259yini bildiribl\u0259r.<\/p>\n","protected":false},"excerpt":{"rendered":"<p>\u201cZ\u0259rur\u0259t olmasa, evd\u0259n \u00e7\u0131xmay\u0131n, h\u0259rbi obyektl\u0259rd\u0259n uzaq durun\u201d Az\u0259rbaycan\u0131n Xarici &#8230; <\/p>\n<p class=\"read-more-container\"><a title=\"Az\u0259rbaycan X\u0130N Ukraynadak\u0131 az\u0259rbaycanl\u0131lara x\u0259b\u0259rdarl\u0131q etdi\" class=\"read-more button\" href=\"https:\/\/www.meydan.tv\/az\/article\/azerbaycan-xin-ukraynadaki-azerbaycanlilara-xeberdarliq-etdi\/#more-235606\" aria-label=\"Read more about Az\u0259rbaycan X\u0130N Ukraynadak\u0131 az\u0259rbaycanl\u0131lara x\u0259b\u0259rdarl\u0131q etdi\">Davam\u0131<\/a><\/p>\n","protected":false},"author":8,"featured_media":230171,"comment_status":"closed","ping_status":"closed","sticky":false,"template":"","format":"standard","meta":{"_acf_changed":false,"_sitemap_exclude":false,"_sitemap_priority":"","_sitemap_frequency":"","footnotes":""},"categories":[59,56],"tags":[],"class_list":["post-235606","post","type-post","status-publish","format-standard","has-post-thumbnail","hentry","category-siyaset","category-xeberler","infinite-scroll-item","generate-columns","tablet-grid-50","mobile-grid-100","grid-parent","grid-33","no-featured-image-padding"],"acf":[],"yoast_head":"<!-- This site is optimized with the Yoast SEO plugin v27.5 - https:\/\/yoast.com\/product\/yoast-seo-wordpress\/ -->\n<title>Az\u0259rbaycan X\u0130N Ukraynadak\u0131 az\u0259rbaycanl\u0131lara x\u0259b\u0259rdarl\u0131q etdi - MEYDAN.TV<\/title>\n<meta name=\"robots\" content=\"index, follow, max-snippet:-1, max-image-preview:large, max-video-preview:-1\" \/>\n<link rel=\"canonical\" href=\"https:\/\/www.meydan.tv\/az\/article\/azerbaycan-xin-ukraynadaki-azerbaycanlilara-xeberdarliq-etdi\/\" \/>\n<meta property=\"og:locale\" content=\"az_AZ\" \/>\n<meta property=\"og:type\" content=\"article\" \/>\n<meta property=\"og:title\" content=\"Az\u0259rbaycan X\u0130N Ukraynadak\u0131 az\u0259rbaycanl\u0131lara x\u0259b\u0259rdarl\u0131q etdi - MEYDAN.TV\" \/>\n<meta property=\"og:description\" content=\"\u201cZ\u0259rur\u0259t olmasa, evd\u0259n \u00e7\u0131xmay\u0131n, h\u0259rbi obyektl\u0259rd\u0259n uzaq durun\u201d Az\u0259rbaycan\u0131n Xarici ... Davam\u0131\" \/>\n<meta property=\"og:url\" content=\"https:\/\/www.meydan.tv\/az\/article\/azerbaycan-xin-ukraynadaki-azerbaycanlilara-xeberdarliq-etdi\/\" \/>\n<meta property=\"og:site_name\" content=\"MEYDAN.TV\" \/>\n<meta property=\"article:published_time\" content=\"2022-02-24T11:33:56+00:00\" \/>\n<meta property=\"article:modified_time\" content=\"2022-02-24T11:33:58+00:00\" \/>\n<meta property=\"og:image\" content=\"https:\/\/www.meydan.tv\/wp-content\/uploads\/xinxariciisler_dsc0018_238.jpg\" \/>\n\t<meta property=\"og:image:width\" content=\"1199\" \/>\n\t<meta property=\"og:image:height\" content=\"797\" \/>\n\t<meta property=\"og:image:type\" content=\"image\/jpeg\" \/>\n<meta name=\"author\" content=\"elli\" \/>\n<meta name=\"twitter:card\" content=\"summary_large_image\" \/>\n<meta name=\"twitter:creator\" content=\"@elli\" \/>\n<script type=\"application\/ld+json\" class=\"yoast-schema-graph\">{\"@context\":\"https:\\\/\\\/schema.org\",\"@graph\":[{\"@type\":\"Article\",\"@id\":\"https:\\\/\\\/www.meydan.tv\\\/az\\\/article\\\/azerbaycan-xin-ukraynadaki-azerbaycanlilara-xeberdarliq-etdi\\\/#article\",\"isPartOf\":{\"@id\":\"https:\\\/\\\/www.meydan.tv\\\/az\\\/article\\\/azerbaycan-xin-ukraynadaki-azerbaycanlilara-xeberdarliq-etdi\\\/\"},\"author\":{\"name\":\"elli\",\"@id\":\"https:\\\/\\\/www.meydan.tv\\\/az\\\/#\\\/schema\\\/person\\\/9cdbecf90d17180ce1dfbd95b08dcf47\"},\"headline\":\"Az\u0259rbaycan X\u0130N Ukraynadak\u0131 az\u0259rbaycanl\u0131lara x\u0259b\u0259rdarl\u0131q etdi\",\"datePublished\":\"2022-02-24T11:33:56+00:00\",\"dateModified\":\"2022-02-24T11:33:58+00:00\",\"mainEntityOfPage\":{\"@id\":\"https:\\\/\\\/www.meydan.tv\\\/az\\\/article\\\/azerbaycan-xin-ukraynadaki-azerbaycanlilara-xeberdarliq-etdi\\\/\"},\"wordCount\":548,\"publisher\":{\"@id\":\"https:\\\/\\\/www.meydan.tv\\\/az\\\/#organization\"},\"image\":{\"@id\":\"https:\\\/\\\/www.meydan.tv\\\/az\\\/article\\\/azerbaycan-xin-ukraynadaki-azerbaycanlilara-xeberdarliq-etdi\\\/#primaryimage\"},\"thumbnailUrl\":\"https:\\\/\\\/www.meydan.tv\\\/wp-content\\\/uploads\\\/xinxariciisler_dsc0018_238.jpg\",\"articleSection\":[\"Siyas\u0259t\",\"X\u0259b\u0259rl\u0259r\"],\"inLanguage\":\"az\"},{\"@type\":\"WebPage\",\"@id\":\"https:\\\/\\\/www.meydan.tv\\\/az\\\/article\\\/azerbaycan-xin-ukraynadaki-azerbaycanlilara-xeberdarliq-etdi\\\/\",\"url\":\"https:\\\/\\\/www.meydan.tv\\\/az\\\/article\\\/azerbaycan-xin-ukraynadaki-azerbaycanlilara-xeberdarliq-etdi\\\/\",\"name\":\"Az\u0259rbaycan X\u0130N Ukraynadak\u0131 az\u0259rbaycanl\u0131lara x\u0259b\u0259rdarl\u0131q etdi - MEYDAN.TV\",\"isPartOf\":{\"@id\":\"https:\\\/\\\/www.meydan.tv\\\/az\\\/#website\"},\"primaryImageOfPage\":{\"@id\":\"https:\\\/\\\/www.meydan.tv\\\/az\\\/article\\\/azerbaycan-xin-ukraynadaki-azerbaycanlilara-xeberdarliq-etdi\\\/#primaryimage\"},\"image\":{\"@id\":\"https:\\\/\\\/www.meydan.tv\\\/az\\\/article\\\/azerbaycan-xin-ukraynadaki-azerbaycanlilara-xeberdarliq-etdi\\\/#primaryimage\"},\"thumbnailUrl\":\"https:\\\/\\\/www.meydan.tv\\\/wp-content\\\/uploads\\\/xinxariciisler_dsc0018_238.jpg\",\"datePublished\":\"2022-02-24T11:33:56+00:00\",\"dateModified\":\"2022-02-24T11:33:58+00:00\",\"breadcrumb\":{\"@id\":\"https:\\\/\\\/www.meydan.tv\\\/az\\\/article\\\/azerbaycan-xin-ukraynadaki-azerbaycanlilara-xeberdarliq-etdi\\\/#breadcrumb\"},\"inLanguage\":\"az\",\"potentialAction\":[{\"@type\":\"ReadAction\",\"target\":[\"https:\\\/\\\/www.meydan.tv\\\/az\\\/article\\\/azerbaycan-xin-ukraynadaki-azerbaycanlilara-xeberdarliq-etdi\\\/\"]}]},{\"@type\":\"ImageObject\",\"inLanguage\":\"az\",\"@id\":\"https:\\\/\\\/www.meydan.tv\\\/az\\\/article\\\/azerbaycan-xin-ukraynadaki-azerbaycanlilara-xeberdarliq-etdi\\\/#primaryimage\",\"url\":\"https:\\\/\\\/www.meydan.tv\\\/wp-content\\\/uploads\\\/xinxariciisler_dsc0018_238.jpg\",\"contentUrl\":\"https:\\\/\\\/www.meydan.tv\\\/wp-content\\\/uploads\\\/xinxariciisler_dsc0018_238.jpg\",\"width\":1199,\"height\":797,\"caption\":\"Foto: X\u0130N\"},{\"@type\":\"BreadcrumbList\",\"@id\":\"https:\\\/\\\/www.meydan.tv\\\/az\\\/article\\\/azerbaycan-xin-ukraynadaki-azerbaycanlilara-xeberdarliq-etdi\\\/#breadcrumb\",\"itemListElement\":[{\"@type\":\"ListItem\",\"position\":1,\"name\":\"Ana s\u0259hif\u0259\",\"item\":\"https:\\\/\\\/www.meydan.tv\\\/az\\\/\"},{\"@type\":\"ListItem\",\"position\":2,\"name\":\"Siyas\u0259t\",\"item\":\"https:\\\/\\\/www.meydan.tv\\\/az\\\/section\\\/siyaset\\\/\"},{\"@type\":\"ListItem\",\"position\":3,\"name\":\"Az\u0259rbaycan X\u0130N Ukraynadak\u0131 az\u0259rbaycanl\u0131lara x\u0259b\u0259rdarl\u0131q etdi\"}]},{\"@type\":\"WebSite\",\"@id\":\"https:\\\/\\\/www.meydan.tv\\\/az\\\/#website\",\"url\":\"https:\\\/\\\/www.meydan.tv\\\/az\\\/\",\"name\":\"MEYDAN.TV\",\"description\":\"Meydan TV Az\u0259rbaycan\u0131n media m\u0259kan\u0131ndak\u0131 alternativ s\u0259sidir\",\"publisher\":{\"@id\":\"https:\\\/\\\/www.meydan.tv\\\/az\\\/#organization\"},\"potentialAction\":[{\"@type\":\"SearchAction\",\"target\":{\"@type\":\"EntryPoint\",\"urlTemplate\":\"https:\\\/\\\/www.meydan.tv\\\/az\\\/?s={search_term_string}\"},\"query-input\":{\"@type\":\"PropertyValueSpecification\",\"valueRequired\":true,\"valueName\":\"search_term_string\"}}],\"inLanguage\":\"az\"},{\"@type\":\"Organization\",\"@id\":\"https:\\\/\\\/www.meydan.tv\\\/az\\\/#organization\",\"name\":\"Meydan TV\",\"url\":\"https:\\\/\\\/www.meydan.tv\\\/az\\\/\",\"logo\":{\"@type\":\"ImageObject\",\"inLanguage\":\"az\",\"@id\":\"https:\\\/\\\/www.meydan.tv\\\/az\\\/#\\\/schema\\\/logo\\\/image\\\/\",\"url\":\"https:\\\/\\\/www.meydan.tv\\\/wp-content\\\/uploads\\\/2021\\\/07\\\/meydan-logo.svg\",\"contentUrl\":\"https:\\\/\\\/www.meydan.tv\\\/wp-content\\\/uploads\\\/2021\\\/07\\\/meydan-logo.svg\",\"width\":195,\"height\":46,\"caption\":\"Meydan TV\"},\"image\":{\"@id\":\"https:\\\/\\\/www.meydan.tv\\\/az\\\/#\\\/schema\\\/logo\\\/image\\\/\"}},{\"@type\":\"Person\",\"@id\":\"https:\\\/\\\/www.meydan.tv\\\/az\\\/#\\\/schema\\\/person\\\/9cdbecf90d17180ce1dfbd95b08dcf47\",\"name\":\"elli\",\"sameAs\":[\"https:\\\/\\\/x.com\\\/elli\"]}]}<\/script>\n<!-- \/ Yoast SEO plugin. -->","yoast_head_json":{"title":"Az\u0259rbaycan X\u0130N Ukraynadak\u0131 az\u0259rbaycanl\u0131lara x\u0259b\u0259rdarl\u0131q etdi - MEYDAN.TV","robots":{"index":"index","follow":"follow","max-snippet":"max-snippet:-1","max-image-preview":"max-image-preview:large","max-video-preview":"max-video-preview:-1"},"canonical":"https:\/\/www.meydan.tv\/az\/article\/azerbaycan-xin-ukraynadaki-azerbaycanlilara-xeberdarliq-etdi\/","og_locale":"az_AZ","og_type":"article","og_title":"Az\u0259rbaycan X\u0130N Ukraynadak\u0131 az\u0259rbaycanl\u0131lara x\u0259b\u0259rdarl\u0131q etdi - MEYDAN.TV","og_description":"\u201cZ\u0259rur\u0259t olmasa, evd\u0259n \u00e7\u0131xmay\u0131n, h\u0259rbi obyektl\u0259rd\u0259n uzaq durun\u201d Az\u0259rbaycan\u0131n Xarici ... Davam\u0131","og_url":"https:\/\/www.meydan.tv\/az\/article\/azerbaycan-xin-ukraynadaki-azerbaycanlilara-xeberdarliq-etdi\/","og_site_name":"MEYDAN.TV","article_published_time":"2022-02-24T11:33:56+00:00","article_modified_time":"2022-02-24T11:33:58+00:00","og_image":[{"width":1199,"height":797,"url":"https:\/\/www.meydan.tv\/wp-content\/uploads\/xinxariciisler_dsc0018_238.jpg","type":"image\/jpeg"}],"author":"elli","twitter_card":"summary_large_image","twitter_creator":"@elli","schema":{"@context":"https:\/\/schema.org","@graph":[{"@type":"Article","@id":"https:\/\/www.meydan.tv\/az\/article\/azerbaycan-xin-ukraynadaki-azerbaycanlilara-xeberdarliq-etdi\/#article","isPartOf":{"@id":"https:\/\/www.meydan.tv\/az\/article\/azerbaycan-xin-ukraynadaki-azerbaycanlilara-xeberdarliq-etdi\/"},"author":{"name":"elli","@id":"https:\/\/www.meydan.tv\/az\/#\/schema\/person\/9cdbecf90d17180ce1dfbd95b08dcf47"},"headline":"Az\u0259rbaycan X\u0130N Ukraynadak\u0131 az\u0259rbaycanl\u0131lara x\u0259b\u0259rdarl\u0131q etdi","datePublished":"2022-02-24T11:33:56+00:00","dateModified":"2022-02-24T11:33:58+00:00","mainEntityOfPage":{"@id":"https:\/\/www.meydan.tv\/az\/article\/azerbaycan-xin-ukraynadaki-azerbaycanlilara-xeberdarliq-etdi\/"},"wordCount":548,"publisher":{"@id":"https:\/\/www.meydan.tv\/az\/#organization"},"image":{"@id":"https:\/\/www.meydan.tv\/az\/article\/azerbaycan-xin-ukraynadaki-azerbaycanlilara-xeberdarliq-etdi\/#primaryimage"},"thumbnailUrl":"https:\/\/www.meydan.tv\/wp-content\/uploads\/xinxariciisler_dsc0018_238.jpg","articleSection":["Siyas\u0259t","X\u0259b\u0259rl\u0259r"],"inLanguage":"az"},{"@type":"WebPage","@id":"https:\/\/www.meydan.tv\/az\/article\/azerbaycan-xin-ukraynadaki-azerbaycanlilara-xeberdarliq-etdi\/","url":"https:\/\/www.meydan.tv\/az\/article\/azerbaycan-xin-ukraynadaki-azerbaycanlilara-xeberdarliq-etdi\/","name":"Az\u0259rbaycan X\u0130N Ukraynadak\u0131 az\u0259rbaycanl\u0131lara x\u0259b\u0259rdarl\u0131q etdi - MEYDAN.TV","isPartOf":{"@id":"https:\/\/www.meydan.tv\/az\/#website"},"primaryImageOfPage":{"@id":"https:\/\/www.meydan.tv\/az\/article\/azerbaycan-xin-ukraynadaki-azerbaycanlilara-xeberdarliq-etdi\/#primaryimage"},"image":{"@id":"https:\/\/www.meydan.tv\/az\/article\/azerbaycan-xin-ukraynadaki-azerbaycanlilara-xeberdarliq-etdi\/#primaryimage"},"thumbnailUrl":"https:\/\/www.meydan.tv\/wp-content\/uploads\/xinxariciisler_dsc0018_238.jpg","datePublished":"2022-02-24T11:33:56+00:00","dateModified":"2022-02-24T11:33:58+00:00","breadcrumb":{"@id":"https:\/\/www.meydan.tv\/az\/article\/azerbaycan-xin-ukraynadaki-azerbaycanlilara-xeberdarliq-etdi\/#breadcrumb"},"inLanguage":"az","potentialAction":[{"@type":"ReadAction","target":["https:\/\/www.meydan.tv\/az\/article\/azerbaycan-xin-ukraynadaki-azerbaycanlilara-xeberdarliq-etdi\/"]}]},{"@type":"ImageObject","inLanguage":"az","@id":"https:\/\/www.meydan.tv\/az\/article\/azerbaycan-xin-ukraynadaki-azerbaycanlilara-xeberdarliq-etdi\/#primaryimage","url":"https:\/\/www.meydan.tv\/wp-content\/uploads\/xinxariciisler_dsc0018_238.jpg","contentUrl":"https:\/\/www.meydan.tv\/wp-content\/uploads\/xinxariciisler_dsc0018_238.jpg","width":1199,"height":797,"caption":"Foto: X\u0130N"},{"@type":"BreadcrumbList","@id":"https:\/\/www.meydan.tv\/az\/article\/azerbaycan-xin-ukraynadaki-azerbaycanlilara-xeberdarliq-etdi\/#breadcrumb","itemListElement":[{"@type":"ListItem","position":1,"name":"Ana s\u0259hif\u0259","item":"https:\/\/www.meydan.tv\/az\/"},{"@type":"ListItem","position":2,"name":"Siyas\u0259t","item":"https:\/\/www.meydan.tv\/az\/section\/siyaset\/"},{"@type":"ListItem","position":3,"name":"Az\u0259rbaycan X\u0130N Ukraynadak\u0131 az\u0259rbaycanl\u0131lara x\u0259b\u0259rdarl\u0131q etdi"}]},{"@type":"WebSite","@id":"https:\/\/www.meydan.tv\/az\/#website","url":"https:\/\/www.meydan.tv\/az\/","name":"MEYDAN.TV","description":"Meydan TV Az\u0259rbaycan\u0131n media m\u0259kan\u0131ndak\u0131 alternativ s\u0259sidir","publisher":{"@id":"https:\/\/www.meydan.tv\/az\/#organization"},"potentialAction":[{"@type":"SearchAction","target":{"@type":"EntryPoint","urlTemplate":"https:\/\/www.meydan.tv\/az\/?s={search_term_string}"},"query-input":{"@type":"PropertyValueSpecification","valueRequired":true,"valueName":"search_term_string"}}],"inLanguage":"az"},{"@type":"Organization","@id":"https:\/\/www.meydan.tv\/az\/#organization","name":"Meydan TV","url":"https:\/\/www.meydan.tv\/az\/","logo":{"@type":"ImageObject","inLanguage":"az","@id":"https:\/\/www.meydan.tv\/az\/#\/schema\/logo\/image\/","url":"https:\/\/www.meydan.tv\/wp-content\/uploads\/2021\/07\/meydan-logo.svg","contentUrl":"https:\/\/www.meydan.tv\/wp-content\/uploads\/2021\/07\/meydan-logo.svg","width":195,"height":46,"caption":"Meydan TV"},"image":{"@id":"https:\/\/www.meydan.tv\/az\/#\/schema\/logo\/image\/"}},{"@type":"Person","@id":"https:\/\/www.meydan.tv\/az\/#\/schema\/person\/9cdbecf90d17180ce1dfbd95b08dcf47","name":"elli","sameAs":["https:\/\/x.com\/elli"]}]}},"_links":{"self":[{"href":"https:\/\/www.meydan.tv\/az\/wp-json\/wp\/v2\/posts\/235606","targetHints":{"allow":["GET"]}}],"collection":[{"href":"https:\/\/www.meydan.tv\/az\/wp-json\/wp\/v2\/posts"}],"about":[{"href":"https:\/\/www.meydan.tv\/az\/wp-json\/wp\/v2\/types\/post"}],"author":[{"embeddable":true,"href":"https:\/\/www.meydan.tv\/az\/wp-json\/wp\/v2\/users\/8"}],"replies":[{"embeddable":true,"href":"https:\/\/www.meydan.tv\/az\/wp-json\/wp\/v2\/comments?post=235606"}],"version-history":[{"count":4,"href":"https:\/\/www.meydan.tv\/az\/wp-json\/wp\/v2\/posts\/235606\/revisions"}],"predecessor-version":[{"id":235612,"href":"https:\/\/www.meydan.tv\/az\/wp-json\/wp\/v2\/posts\/235606\/revisions\/235612"}],"wp:featuredmedia":[{"embeddable":true,"href":"https:\/\/www.meydan.tv\/az\/wp-json\/wp\/v2\/media\/230171"}],"wp:attachment":[{"href":"https:\/\/www.meydan.tv\/az\/wp-json\/wp\/v2\/media?parent=235606"}],"wp:term":[{"taxonomy":"category","embeddable":true,"href":"https:\/\/www.meydan.tv\/az\/wp-json\/wp\/v2\/categories?post=235606"},{"taxonomy":"post_tag","embeddable":true,"href":"https:\/\/www.meydan.tv\/az\/wp-json\/wp\/v2\/tags?post=235606"}],"curies":[{"name":"wp","href":"https:\/\/api.w.org\/{rel}","templated":true}]}}