{"id":235600,"date":"2022-02-24T14:38:54","date_gmt":"2022-02-24T10:38:54","guid":{"rendered":"https:\/\/www.meydan.tv\/?p=235600"},"modified":"2022-02-24T14:38:56","modified_gmt":"2022-02-24T10:38:56","slug":"avropa-komissiyasi-putini-mesuliyyete-celb-edeceyik","status":"publish","type":"post","link":"https:\/\/www.meydan.tv\/az\/article\/avropa-komissiyasi-putini-mesuliyyete-celb-edeceyik\/","title":{"rendered":"Avropa Komissiyas\u0131: &#8220;Putini m\u0259suliyy\u0259t\u0259 c\u0259lb ed\u0259c\u0259yik&#8221;"},"content":{"rendered":"\n<p><em>&#8220;Avropaya m\u00fcharib\u0259ni qaytaran Vladimir Putindir&#8221;<\/em><\/p>\n\n\n\n<p>&#8220;Fevral\u0131n 24-d\u0259 s\u0259h\u0259r tezd\u0259n rus qo\u015funlar\u0131 azad v\u0259 suveren \u00f6lk\u0259 olan Ukraynan\u0131 i\u015f\u011fal edib. Yen\u0259 d\u0259 Avropan\u0131n m\u0259rk\u0259zind\u0259 g\u00fcnahs\u0131z qad\u0131nlar, ki\u015fil\u0259r v\u0259 u\u015faqlar \u00f6l\u00fcr v\u0259 ya h\u0259yatlar\u0131n\u0131 itirm\u0259k qorxusu il\u0259 \u00fcz-\u00fcz\u0259dirl\u0259r. Bu v\u0259h\u015fi h\u00fccumu v\u0259 buna haqq qazand\u0131ran b\u00fct\u00fcn arqumentl\u0259ri pisl\u0259yirik&#8221;.<\/p>\n\n\n\n<p>Avropa Komissiyas\u0131n\u0131n fevral\u0131n 24-d\u0259 yayd\u0131\u011f\u0131 <a href=\"https:\/\/ec.europa.eu\/commission\/presscorner\/detail\/en\/STATEMENT_22_1322\" target=\"_blank\" rel=\"noreferrer noopener\">b\u0259yanat<\/a>\u0131nda bel\u0259 bildirilir.<\/p>\n\n\n\n<p>S\u0259n\u0259dd\u0259 qeyd edilir ki, Avropaya m\u00fcharib\u0259ni qaytaran Rusiya Prezidenti Vladimir Putindir v\u0259 bu qaranl\u0131q zamanda Avropa \u0130ttifaq\u0131 Ukrayna v\u0259 ukraynal\u0131lar\u0131n yan\u0131ndad\u0131r: &#8220;Biz Rusiya r\u0259hb\u0259rliyinin suveren, m\u00fcst\u0259qil \u00f6lk\u0259y\u0259 qar\u015f\u0131 g\u00f6r\u00fcnm\u0259mi\u015f t\u0259cav\u00fcz akt\u0131 il\u0259 \u00fcz-\u00fcz\u0259yik. Rusiyan\u0131n h\u0259d\u0259fi t\u0259kc\u0259 Donbas, Ukrayna deyil, h\u0259d\u0259f Avropada sabitlik v\u0259 b\u00fct\u00fcn beyn\u0259lxalq s\u00fclh nizam\u0131n\u0131n pozulmas\u0131d\u0131r. Buna g\u00f6r\u0259 prezident Putini m\u0259suliyy\u0259t\u0259 c\u0259lb ed\u0259c\u0259yik\u201d.<\/p>\n\n\n\n<p>Avropa Komissiyas\u0131 bildirir ki, bu g\u00fcn t\u0259sdiq \u00fc\u00e7\u00fcn Avropa liderl\u0259rin\u0259 k\u00fctl\u0259vi v\u0259 m\u0259qs\u0259dy\u00f6nl\u00fc sanksiyalar paketi t\u0259qdim edil\u0259c\u0259k.<\/p>\n\n\n\n<p>Bu paketl\u0259 Rusiya iqtisadiyyat\u0131n\u0131n strateji sektorlar\u0131n\u0131 h\u0259d\u0259f\u0259 al\u0131nacaq, Rusiya \u00fc\u00e7\u00fcn vacib olan texnologiyalara v\u0259 bazarlara \u00e7\u0131x\u0131\u015f \u0259ng\u0259ll\u0259n\u0259c\u0259k: \u201cBiz Rusiyan\u0131n iqtisadi bazas\u0131n\u0131 z\u0259ifl\u0259d\u0259c\u0259yik. Rusiyan\u0131n Avropa \u0130ttifaq\u0131ndak\u0131 aktivl\u0259rini donduraca\u011f\u0131q v\u0259 Rusiya banklar\u0131n\u0131n Avropa maliyy\u0259 bazarlar\u0131na \u00e7\u0131x\u0131\u015f\u0131n\u0131 dayand\u0131raca\u011f\u0131q. \u0130lk sanksiyalar paketind\u0259 oldu\u011fu kimi, biz t\u0259r\u0259fda\u015flar\u0131m\u0131z v\u0259 m\u00fctt\u0259fiql\u0259rimizl\u0259 &#8211; AB\u015e, B\u00f6y\u00fck Britaniya, Kanada, h\u0259m\u00e7inin, Yaponiya v\u0259 Avstraliya il\u0259 s\u0131x \u0259laq\u0259d\u0259yik. Bu sanksiyalar Kremlin maraqlar\u0131na v\u0259 m\u00fcharib\u0259ni maliyy\u0259l\u0259\u015fdirm\u0259k imkanlar\u0131na a\u011f\u0131r z\u0259rb\u0259 vurmaq \u00fc\u00e7\u00fcn n\u0259z\u0259rd\u0259 tutulub\u201d.<\/p>\n\n\n\n<p>Hesabatda qeyd edilir ki, \u0259slind\u0259 milyonlarla rus m\u00fcharib\u0259 ist\u0259mir.<\/p>\n\n\n\n<p>Buna baxmayaraq, Vladimir Putin saat\u0131 Rusiya imperiyas\u0131n\u0131n d\u00f6vr\u00fcn\u0259 \u00e7evirm\u0259y\u0259 \u00e7al\u0131\u015f\u0131r: \u201cBununla o, rus xalq\u0131n\u0131n g\u0259l\u0259c\u0259yini risk\u0259 at\u0131r. Rusiyan\u0131 zorak\u0131l\u0131\u011f\u0131 d\u0259rhal dayand\u0131rma\u011fa v\u0259 qo\u015funlar\u0131n\u0131 Ukrayna \u0259razisind\u0259n \u00e7\u0131xarma\u011fa \u00e7a\u011f\u0131r\u0131r\u0131q. Biz prezident Putinin onillikl\u0259r \u0259rzind\u0259 Avropaya s\u00fclh v\u0259 sabitlik b\u0259x\u015f ed\u0259n t\u0259hl\u00fck\u0259sizlik sistemini y\u0131xmas\u0131na imkan verm\u0259y\u0259c\u0259yik. Putin\u0259 qanunun aliliyini g\u00fcc v\u0259 amans\u0131zl\u0131qla \u0259v\u0259z etm\u0259sin\u0259 icaz\u0259 verm\u0259y\u0259c\u0259yik\u201d.<\/p>\n\n\n\n<p>B\u0259yanat\u0131n sonunda bildirilir ki, inam v\u0259 azadl\u0131q \u00fcz\u0259rind\u0259 qurulan c\u0259miyy\u0259tl\u0259r v\u0259 ittifaqlar m\u00f6hk\u0259m, u\u011furlu olur. Bunu tarix s\u00fcbut edib: \u201cAvtokratlar\u0131n qorxdu\u011fu da budur. Avropa \u0130ttifaq\u0131 Ukraynan\u0131n v\u0259 onun xalq\u0131n\u0131n yan\u0131ndad\u0131r. Biz onlar\u0131 d\u0259st\u0259kl\u0259m\u0259y\u0259 davam ed\u0259c\u0259yik. Ukrayna qalib g\u0259l\u0259c\u0259k\u201d.<\/p>\n\n\n\n<p>Daha \u00f6nc\u0259 Almaniya kansleri Olaf \u015eolz \u201cNord Stream 2\u201d boru x\u0259ttinin (red: boru x\u0259ttil\u0259 Rusiyadan Baltik D\u0259nizinin alt\u0131 il\u0259 Almaniyaya t\u0259bii qaz gedir) dayand\u0131r\u0131lmas\u0131 il\u0259 ba\u011fl\u0131 a\u00e7\u0131lama <a href=\"https:\/\/www.meydan.tv\/az\/article\/rusiyaya-novbeti-sanksiya-almaniyadan-geldi\/\" target=\"_blank\" rel=\"noreferrer noopener\">verdi<\/a>.<\/p>\n\n\n\n<p>O bildirdi ki, buna s\u0259b\u0259b &nbsp;Rusiya-Ukrayna m\u00fcnaqi\u015f\u0259sinin g\u0259rginl\u0259\u015fm\u0259sidir.<\/p>\n\n\n\n<p>Kansler a\u00e7\u0131q \u015f\u0259kild\u0259 bildirdi ki, rus qo\u015funlar\u0131n\u0131n Ukraynaya daxil olmas\u0131 beyn\u0259lxalq h\u00fcququn ciddi \u015f\u0259kild\u0259 pozulmas\u0131d\u0131r:<\/p>\n\n\n\n<p>\u201cBu m\u0259rh\u0259l\u0259d\u0259 sanksiyalarla prosesin daha da g\u0259rginl\u0259\u015fm\u0259sinin v\u0259 n\u00f6vb\u0259ti f\u0259lak\u0259tl\u0259rin qar\u015f\u0131s\u0131n\u0131 almaq vacibdir. B\u00fct\u00fcn diplomatik s\u0259yl\u0259rimiz buna y\u00f6n\u0259lib\u201d.<br>Ard\u0131nca B\u00f6y\u00fck Britaniyan\u0131n ba\u015f naziri Boris Conson Rusiyan\u0131n 5 bank\u0131na v\u0259 \u00fc\u00e7 z\u0259ngin \u015f\u0259xsin\u0259 sanksiyalar t\u0259tbiq etm\u0259si il\u0259 ba\u011fl\u0131 a\u00e7\u0131qlama <a href=\"http:\/\/\u201cBu m\u0259rh\u0259l\u0259d\u0259 sanksiyalarla prosesin daha da g\u0259rginl\u0259\u015fm\u0259sinin v\u0259 n\u00f6vb\u0259ti f\u0259lak\u0259tl\u0259rin qar\u015f\u0131s\u0131n\u0131 almaq vacibdir. B\u00fct\u00fcn diplomatik s\u0259yl\u0259rimiz buna y\u00f6n\u0259lib\u201d. Ard\u0131nca B\u00f6y\u00fck Britaniyan\u0131n ba\u015f naziri Boris Conson Rusiyan\u0131n 5 bank\u0131na v\u0259 \u00fc\u00e7 z\u0259ngin \u015f\u0259xsin\u0259 sanksiyalar t\u0259tbiq etm\u0259si il\u0259 ba\u011fl\u0131 a\u00e7\u0131qlama verdi (https:\/\/www.meydan.tv\/az\/article\/boris-conson-putini-ucurumdan-geri-cekilmeye-cagirdi\/).\" target=\"_blank\" rel=\"noreferrer noopener\">verdi<\/a>.<\/p>\n\n\n\n<p>Qeyd etdi ki, Moskva b\u00f6hran\u0131 g\u0259rginl\u0259\u015fdir\u0259rs\u0259, Londonun ona qar\u015f\u0131 maliyy\u0259 silahlar\u0131 var.<\/p>\n\n\n\n<p>Sanksiya t\u0259tbiq edil\u0259n z\u0259nginl\u0259r Gennadi Tim\u00e7enko, Boris Rotenberq v\u0259 \u0130qor Rotenberqdir. Onlar\u0131n h\u0259r birinin aktivl\u0259ri dondurulacaq, Britaniyaya s\u0259yah\u0259td\u0259n m\u0259hrum edil\u0259c\u0259kl\u0259r.<\/p>\n\n\n\n<p>Sanksiyalar\u0131n t\u0259tbiq edil\u0259c\u0259k 5 Rusiya bank\u0131 is\u0259 \u2013 Rusiya, IS Bank, General Bank, Promsvyazbank v\u0259 Qara D\u0259niz Bank\u0131d\u0131r.<\/p>\n\n\n\n<p>Boris Conson Rusiyan\u0131 \u201cbir slavyan \u00f6lk\u0259si\u201d il\u0259 d\u00f6y\u00fc\u015fm\u0259kd\u0259 ittiham edib.<\/p>\n\n\n\n<p>AB\u015e da Rusiyaya sanksiya t\u0259tbiq ed\u0259n \u00f6lk\u0259l\u0259r s\u0131ras\u0131ndad\u0131r.<\/p>\n\n\n\n<p>Prezident Co Bayden Rusiya elitas\u0131na, onlar\u0131n ail\u0259l\u0259rin\u0259, banklara v\u0259 d\u00f6vl\u0259t borcuna sanksiya t\u0259tbiq ed\u0259c\u0259yini <a href=\"https:\/\/www.meydan.tv\/az\/article\/bayden-abs-rusiya-elitasina-ailelerine-banklara-ve-dovlet-borcuna-sanksiya-tetbiq-edir\/\" target=\"_blank\" rel=\"noreferrer noopener\">bildirib<\/a>.<\/p>\n\n\n\n<p>Bayden deyib ki, sanksiyalar Rusiya Prezidenti Vladimir Putinin fevral\u0131n 21-d\u0259 qondarma Donetsk v\u0259 Luqansk respublikalar\u0131n\u0131n m\u00fcst\u0259qilliyini tan\u0131mas\u0131 il\u0259 ba\u011fl\u0131 t\u0259tbiq olunacaq:<\/p>\n\n\n\n<p>\u201cM\u0259hdudiyy\u0259tl\u0259r Rusiyan\u0131n suveren borcuna, elitas\u0131na v\u0259 onlar\u0131n ail\u0259l\u0259rin\u0259, \u0130nki\u015faf v\u0259 Xarici \u0130qtisadi F\u0259aliyy\u0259t Bank\u0131na v\u0259 \u201cRusiya h\u0259rb\u00e7il\u0259rinin bank\u0131\u201dna (Bayden n\u0259yi n\u0259z\u0259rd\u0259 tutdu\u011funu a\u00e7\u0131qlamay\u0131b \u2013 red.) aid olacaq\u201d, &#8211; dey\u0259 Co Bayden qeyd edib.<\/p>\n","protected":false},"excerpt":{"rendered":"<p>&#8220;Avropaya m\u00fcharib\u0259ni qaytaran Vladimir Putindir&#8221; &#8220;Fevral\u0131n 24-d\u0259 s\u0259h\u0259r tezd\u0259n rus &#8230; <\/p>\n<p class=\"read-more-container\"><a title=\"Avropa Komissiyas\u0131: &#8220;Putini m\u0259suliyy\u0259t\u0259 c\u0259lb ed\u0259c\u0259yik&#8221;\" class=\"read-more button\" href=\"https:\/\/www.meydan.tv\/az\/article\/avropa-komissiyasi-putini-mesuliyyete-celb-edeceyik\/#more-235600\" aria-label=\"Read more about Avropa Komissiyas\u0131: &#8220;Putini m\u0259suliyy\u0259t\u0259 c\u0259lb ed\u0259c\u0259yik&#8221;\">Davam\u0131<\/a><\/p>\n","protected":false},"author":8,"featured_media":235589,"comment_status":"closed","ping_status":"closed","sticky":false,"template":"","format":"standard","meta":{"_acf_changed":false,"_sitemap_exclude":false,"_sitemap_priority":"","_sitemap_frequency":"","footnotes":""},"categories":[64,56],"tags":[],"class_list":["post-235600","post","type-post","status-publish","format-standard","has-post-thumbnail","hentry","category-dunya","category-xeberler","infinite-scroll-item","generate-columns","tablet-grid-50","mobile-grid-100","grid-parent","grid-33","no-featured-image-padding"],"acf":[],"yoast_head":"<!-- This site is optimized with the Yoast SEO plugin v27.5 - https:\/\/yoast.com\/product\/yoast-seo-wordpress\/ -->\n<title>Avropa Komissiyas\u0131: &quot;Putini m\u0259suliyy\u0259t\u0259 c\u0259lb ed\u0259c\u0259yik&quot; - MEYDAN.TV<\/title>\n<meta name=\"robots\" content=\"index, follow, max-snippet:-1, max-image-preview:large, max-video-preview:-1\" \/>\n<link rel=\"canonical\" href=\"https:\/\/www.meydan.tv\/az\/article\/avropa-komissiyasi-putini-mesuliyyete-celb-edeceyik\/\" \/>\n<meta property=\"og:locale\" content=\"az_AZ\" \/>\n<meta property=\"og:type\" content=\"article\" \/>\n<meta property=\"og:title\" content=\"Avropa Komissiyas\u0131: &quot;Putini m\u0259suliyy\u0259t\u0259 c\u0259lb ed\u0259c\u0259yik&quot; - MEYDAN.TV\" \/>\n<meta property=\"og:description\" content=\"&#8220;Avropaya m\u00fcharib\u0259ni qaytaran Vladimir Putindir&#8221; &#8220;Fevral\u0131n 24-d\u0259 s\u0259h\u0259r tezd\u0259n rus ... Davam\u0131\" \/>\n<meta property=\"og:url\" content=\"https:\/\/www.meydan.tv\/az\/article\/avropa-komissiyasi-putini-mesuliyyete-celb-edeceyik\/\" \/>\n<meta property=\"og:site_name\" content=\"MEYDAN.TV\" \/>\n<meta property=\"article:published_time\" content=\"2022-02-24T10:38:54+00:00\" \/>\n<meta property=\"article:modified_time\" content=\"2022-02-24T10:38:56+00:00\" \/>\n<meta property=\"og:image\" content=\"https:\/\/www.meydan.tv\/wp-content\/uploads\/shutterstock_342743681-e1645697805376.jpg\" \/>\n\t<meta property=\"og:image:width\" content=\"1200\" \/>\n\t<meta property=\"og:image:height\" content=\"702\" \/>\n\t<meta property=\"og:image:type\" content=\"image\/jpeg\" \/>\n<meta name=\"author\" content=\"elli\" \/>\n<meta name=\"twitter:card\" content=\"summary_large_image\" \/>\n<meta name=\"twitter:creator\" content=\"@elli\" \/>\n<script type=\"application\/ld+json\" class=\"yoast-schema-graph\">{\"@context\":\"https:\\\/\\\/schema.org\",\"@graph\":[{\"@type\":\"Article\",\"@id\":\"https:\\\/\\\/www.meydan.tv\\\/az\\\/article\\\/avropa-komissiyasi-putini-mesuliyyete-celb-edeceyik\\\/#article\",\"isPartOf\":{\"@id\":\"https:\\\/\\\/www.meydan.tv\\\/az\\\/article\\\/avropa-komissiyasi-putini-mesuliyyete-celb-edeceyik\\\/\"},\"author\":{\"name\":\"elli\",\"@id\":\"https:\\\/\\\/www.meydan.tv\\\/az\\\/#\\\/schema\\\/person\\\/9cdbecf90d17180ce1dfbd95b08dcf47\"},\"headline\":\"Avropa Komissiyas\u0131: &#8220;Putini m\u0259suliyy\u0259t\u0259 c\u0259lb ed\u0259c\u0259yik&#8221;\",\"datePublished\":\"2022-02-24T10:38:54+00:00\",\"dateModified\":\"2022-02-24T10:38:56+00:00\",\"mainEntityOfPage\":{\"@id\":\"https:\\\/\\\/www.meydan.tv\\\/az\\\/article\\\/avropa-komissiyasi-putini-mesuliyyete-celb-edeceyik\\\/\"},\"wordCount\":872,\"publisher\":{\"@id\":\"https:\\\/\\\/www.meydan.tv\\\/az\\\/#organization\"},\"image\":{\"@id\":\"https:\\\/\\\/www.meydan.tv\\\/az\\\/article\\\/avropa-komissiyasi-putini-mesuliyyete-celb-edeceyik\\\/#primaryimage\"},\"thumbnailUrl\":\"https:\\\/\\\/www.meydan.tv\\\/wp-content\\\/uploads\\\/shutterstock_342743681-e1645697805376.jpg\",\"articleSection\":[\"D\u00fcnya\",\"X\u0259b\u0259rl\u0259r\"],\"inLanguage\":\"az\"},{\"@type\":\"WebPage\",\"@id\":\"https:\\\/\\\/www.meydan.tv\\\/az\\\/article\\\/avropa-komissiyasi-putini-mesuliyyete-celb-edeceyik\\\/\",\"url\":\"https:\\\/\\\/www.meydan.tv\\\/az\\\/article\\\/avropa-komissiyasi-putini-mesuliyyete-celb-edeceyik\\\/\",\"name\":\"Avropa Komissiyas\u0131: \\\"Putini m\u0259suliyy\u0259t\u0259 c\u0259lb ed\u0259c\u0259yik\\\" - MEYDAN.TV\",\"isPartOf\":{\"@id\":\"https:\\\/\\\/www.meydan.tv\\\/az\\\/#website\"},\"primaryImageOfPage\":{\"@id\":\"https:\\\/\\\/www.meydan.tv\\\/az\\\/article\\\/avropa-komissiyasi-putini-mesuliyyete-celb-edeceyik\\\/#primaryimage\"},\"image\":{\"@id\":\"https:\\\/\\\/www.meydan.tv\\\/az\\\/article\\\/avropa-komissiyasi-putini-mesuliyyete-celb-edeceyik\\\/#primaryimage\"},\"thumbnailUrl\":\"https:\\\/\\\/www.meydan.tv\\\/wp-content\\\/uploads\\\/shutterstock_342743681-e1645697805376.jpg\",\"datePublished\":\"2022-02-24T10:38:54+00:00\",\"dateModified\":\"2022-02-24T10:38:56+00:00\",\"breadcrumb\":{\"@id\":\"https:\\\/\\\/www.meydan.tv\\\/az\\\/article\\\/avropa-komissiyasi-putini-mesuliyyete-celb-edeceyik\\\/#breadcrumb\"},\"inLanguage\":\"az\",\"potentialAction\":[{\"@type\":\"ReadAction\",\"target\":[\"https:\\\/\\\/www.meydan.tv\\\/az\\\/article\\\/avropa-komissiyasi-putini-mesuliyyete-celb-edeceyik\\\/\"]}]},{\"@type\":\"ImageObject\",\"inLanguage\":\"az\",\"@id\":\"https:\\\/\\\/www.meydan.tv\\\/az\\\/article\\\/avropa-komissiyasi-putini-mesuliyyete-celb-edeceyik\\\/#primaryimage\",\"url\":\"https:\\\/\\\/www.meydan.tv\\\/wp-content\\\/uploads\\\/shutterstock_342743681-e1645697805376.jpg\",\"contentUrl\":\"https:\\\/\\\/www.meydan.tv\\\/wp-content\\\/uploads\\\/shutterstock_342743681-e1645697805376.jpg\",\"width\":1200,\"height\":702,\"caption\":\"Avropa Komissiyas\u0131, skyfish\\\/shutterstock\"},{\"@type\":\"BreadcrumbList\",\"@id\":\"https:\\\/\\\/www.meydan.tv\\\/az\\\/article\\\/avropa-komissiyasi-putini-mesuliyyete-celb-edeceyik\\\/#breadcrumb\",\"itemListElement\":[{\"@type\":\"ListItem\",\"position\":1,\"name\":\"Ana s\u0259hif\u0259\",\"item\":\"https:\\\/\\\/www.meydan.tv\\\/az\\\/\"},{\"@type\":\"ListItem\",\"position\":2,\"name\":\"D\u00fcnya\",\"item\":\"https:\\\/\\\/www.meydan.tv\\\/az\\\/section\\\/dunya\\\/\"},{\"@type\":\"ListItem\",\"position\":3,\"name\":\"Avropa Komissiyas\u0131: &#8220;Putini m\u0259suliyy\u0259t\u0259 c\u0259lb ed\u0259c\u0259yik&#8221;\"}]},{\"@type\":\"WebSite\",\"@id\":\"https:\\\/\\\/www.meydan.tv\\\/az\\\/#website\",\"url\":\"https:\\\/\\\/www.meydan.tv\\\/az\\\/\",\"name\":\"MEYDAN.TV\",\"description\":\"Meydan TV Az\u0259rbaycan\u0131n media m\u0259kan\u0131ndak\u0131 alternativ s\u0259sidir\",\"publisher\":{\"@id\":\"https:\\\/\\\/www.meydan.tv\\\/az\\\/#organization\"},\"potentialAction\":[{\"@type\":\"SearchAction\",\"target\":{\"@type\":\"EntryPoint\",\"urlTemplate\":\"https:\\\/\\\/www.meydan.tv\\\/az\\\/?s={search_term_string}\"},\"query-input\":{\"@type\":\"PropertyValueSpecification\",\"valueRequired\":true,\"valueName\":\"search_term_string\"}}],\"inLanguage\":\"az\"},{\"@type\":\"Organization\",\"@id\":\"https:\\\/\\\/www.meydan.tv\\\/az\\\/#organization\",\"name\":\"Meydan TV\",\"url\":\"https:\\\/\\\/www.meydan.tv\\\/az\\\/\",\"logo\":{\"@type\":\"ImageObject\",\"inLanguage\":\"az\",\"@id\":\"https:\\\/\\\/www.meydan.tv\\\/az\\\/#\\\/schema\\\/logo\\\/image\\\/\",\"url\":\"https:\\\/\\\/www.meydan.tv\\\/wp-content\\\/uploads\\\/2021\\\/07\\\/meydan-logo.svg\",\"contentUrl\":\"https:\\\/\\\/www.meydan.tv\\\/wp-content\\\/uploads\\\/2021\\\/07\\\/meydan-logo.svg\",\"width\":195,\"height\":46,\"caption\":\"Meydan TV\"},\"image\":{\"@id\":\"https:\\\/\\\/www.meydan.tv\\\/az\\\/#\\\/schema\\\/logo\\\/image\\\/\"}},{\"@type\":\"Person\",\"@id\":\"https:\\\/\\\/www.meydan.tv\\\/az\\\/#\\\/schema\\\/person\\\/9cdbecf90d17180ce1dfbd95b08dcf47\",\"name\":\"elli\",\"sameAs\":[\"https:\\\/\\\/x.com\\\/elli\"]}]}<\/script>\n<!-- \/ Yoast SEO plugin. -->","yoast_head_json":{"title":"Avropa Komissiyas\u0131: \"Putini m\u0259suliyy\u0259t\u0259 c\u0259lb ed\u0259c\u0259yik\" - MEYDAN.TV","robots":{"index":"index","follow":"follow","max-snippet":"max-snippet:-1","max-image-preview":"max-image-preview:large","max-video-preview":"max-video-preview:-1"},"canonical":"https:\/\/www.meydan.tv\/az\/article\/avropa-komissiyasi-putini-mesuliyyete-celb-edeceyik\/","og_locale":"az_AZ","og_type":"article","og_title":"Avropa Komissiyas\u0131: \"Putini m\u0259suliyy\u0259t\u0259 c\u0259lb ed\u0259c\u0259yik\" - MEYDAN.TV","og_description":"&#8220;Avropaya m\u00fcharib\u0259ni qaytaran Vladimir Putindir&#8221; &#8220;Fevral\u0131n 24-d\u0259 s\u0259h\u0259r tezd\u0259n rus ... Davam\u0131","og_url":"https:\/\/www.meydan.tv\/az\/article\/avropa-komissiyasi-putini-mesuliyyete-celb-edeceyik\/","og_site_name":"MEYDAN.TV","article_published_time":"2022-02-24T10:38:54+00:00","article_modified_time":"2022-02-24T10:38:56+00:00","og_image":[{"width":1200,"height":702,"url":"https:\/\/www.meydan.tv\/wp-content\/uploads\/shutterstock_342743681-e1645697805376.jpg","type":"image\/jpeg"}],"author":"elli","twitter_card":"summary_large_image","twitter_creator":"@elli","schema":{"@context":"https:\/\/schema.org","@graph":[{"@type":"Article","@id":"https:\/\/www.meydan.tv\/az\/article\/avropa-komissiyasi-putini-mesuliyyete-celb-edeceyik\/#article","isPartOf":{"@id":"https:\/\/www.meydan.tv\/az\/article\/avropa-komissiyasi-putini-mesuliyyete-celb-edeceyik\/"},"author":{"name":"elli","@id":"https:\/\/www.meydan.tv\/az\/#\/schema\/person\/9cdbecf90d17180ce1dfbd95b08dcf47"},"headline":"Avropa Komissiyas\u0131: &#8220;Putini m\u0259suliyy\u0259t\u0259 c\u0259lb ed\u0259c\u0259yik&#8221;","datePublished":"2022-02-24T10:38:54+00:00","dateModified":"2022-02-24T10:38:56+00:00","mainEntityOfPage":{"@id":"https:\/\/www.meydan.tv\/az\/article\/avropa-komissiyasi-putini-mesuliyyete-celb-edeceyik\/"},"wordCount":872,"publisher":{"@id":"https:\/\/www.meydan.tv\/az\/#organization"},"image":{"@id":"https:\/\/www.meydan.tv\/az\/article\/avropa-komissiyasi-putini-mesuliyyete-celb-edeceyik\/#primaryimage"},"thumbnailUrl":"https:\/\/www.meydan.tv\/wp-content\/uploads\/shutterstock_342743681-e1645697805376.jpg","articleSection":["D\u00fcnya","X\u0259b\u0259rl\u0259r"],"inLanguage":"az"},{"@type":"WebPage","@id":"https:\/\/www.meydan.tv\/az\/article\/avropa-komissiyasi-putini-mesuliyyete-celb-edeceyik\/","url":"https:\/\/www.meydan.tv\/az\/article\/avropa-komissiyasi-putini-mesuliyyete-celb-edeceyik\/","name":"Avropa Komissiyas\u0131: \"Putini m\u0259suliyy\u0259t\u0259 c\u0259lb ed\u0259c\u0259yik\" - MEYDAN.TV","isPartOf":{"@id":"https:\/\/www.meydan.tv\/az\/#website"},"primaryImageOfPage":{"@id":"https:\/\/www.meydan.tv\/az\/article\/avropa-komissiyasi-putini-mesuliyyete-celb-edeceyik\/#primaryimage"},"image":{"@id":"https:\/\/www.meydan.tv\/az\/article\/avropa-komissiyasi-putini-mesuliyyete-celb-edeceyik\/#primaryimage"},"thumbnailUrl":"https:\/\/www.meydan.tv\/wp-content\/uploads\/shutterstock_342743681-e1645697805376.jpg","datePublished":"2022-02-24T10:38:54+00:00","dateModified":"2022-02-24T10:38:56+00:00","breadcrumb":{"@id":"https:\/\/www.meydan.tv\/az\/article\/avropa-komissiyasi-putini-mesuliyyete-celb-edeceyik\/#breadcrumb"},"inLanguage":"az","potentialAction":[{"@type":"ReadAction","target":["https:\/\/www.meydan.tv\/az\/article\/avropa-komissiyasi-putini-mesuliyyete-celb-edeceyik\/"]}]},{"@type":"ImageObject","inLanguage":"az","@id":"https:\/\/www.meydan.tv\/az\/article\/avropa-komissiyasi-putini-mesuliyyete-celb-edeceyik\/#primaryimage","url":"https:\/\/www.meydan.tv\/wp-content\/uploads\/shutterstock_342743681-e1645697805376.jpg","contentUrl":"https:\/\/www.meydan.tv\/wp-content\/uploads\/shutterstock_342743681-e1645697805376.jpg","width":1200,"height":702,"caption":"Avropa Komissiyas\u0131, skyfish\/shutterstock"},{"@type":"BreadcrumbList","@id":"https:\/\/www.meydan.tv\/az\/article\/avropa-komissiyasi-putini-mesuliyyete-celb-edeceyik\/#breadcrumb","itemListElement":[{"@type":"ListItem","position":1,"name":"Ana s\u0259hif\u0259","item":"https:\/\/www.meydan.tv\/az\/"},{"@type":"ListItem","position":2,"name":"D\u00fcnya","item":"https:\/\/www.meydan.tv\/az\/section\/dunya\/"},{"@type":"ListItem","position":3,"name":"Avropa Komissiyas\u0131: &#8220;Putini m\u0259suliyy\u0259t\u0259 c\u0259lb ed\u0259c\u0259yik&#8221;"}]},{"@type":"WebSite","@id":"https:\/\/www.meydan.tv\/az\/#website","url":"https:\/\/www.meydan.tv\/az\/","name":"MEYDAN.TV","description":"Meydan TV Az\u0259rbaycan\u0131n media m\u0259kan\u0131ndak\u0131 alternativ s\u0259sidir","publisher":{"@id":"https:\/\/www.meydan.tv\/az\/#organization"},"potentialAction":[{"@type":"SearchAction","target":{"@type":"EntryPoint","urlTemplate":"https:\/\/www.meydan.tv\/az\/?s={search_term_string}"},"query-input":{"@type":"PropertyValueSpecification","valueRequired":true,"valueName":"search_term_string"}}],"inLanguage":"az"},{"@type":"Organization","@id":"https:\/\/www.meydan.tv\/az\/#organization","name":"Meydan TV","url":"https:\/\/www.meydan.tv\/az\/","logo":{"@type":"ImageObject","inLanguage":"az","@id":"https:\/\/www.meydan.tv\/az\/#\/schema\/logo\/image\/","url":"https:\/\/www.meydan.tv\/wp-content\/uploads\/2021\/07\/meydan-logo.svg","contentUrl":"https:\/\/www.meydan.tv\/wp-content\/uploads\/2021\/07\/meydan-logo.svg","width":195,"height":46,"caption":"Meydan TV"},"image":{"@id":"https:\/\/www.meydan.tv\/az\/#\/schema\/logo\/image\/"}},{"@type":"Person","@id":"https:\/\/www.meydan.tv\/az\/#\/schema\/person\/9cdbecf90d17180ce1dfbd95b08dcf47","name":"elli","sameAs":["https:\/\/x.com\/elli"]}]}},"_links":{"self":[{"href":"https:\/\/www.meydan.tv\/az\/wp-json\/wp\/v2\/posts\/235600","targetHints":{"allow":["GET"]}}],"collection":[{"href":"https:\/\/www.meydan.tv\/az\/wp-json\/wp\/v2\/posts"}],"about":[{"href":"https:\/\/www.meydan.tv\/az\/wp-json\/wp\/v2\/types\/post"}],"author":[{"embeddable":true,"href":"https:\/\/www.meydan.tv\/az\/wp-json\/wp\/v2\/users\/8"}],"replies":[{"embeddable":true,"href":"https:\/\/www.meydan.tv\/az\/wp-json\/wp\/v2\/comments?post=235600"}],"version-history":[{"count":1,"href":"https:\/\/www.meydan.tv\/az\/wp-json\/wp\/v2\/posts\/235600\/revisions"}],"predecessor-version":[{"id":235601,"href":"https:\/\/www.meydan.tv\/az\/wp-json\/wp\/v2\/posts\/235600\/revisions\/235601"}],"wp:featuredmedia":[{"embeddable":true,"href":"https:\/\/www.meydan.tv\/az\/wp-json\/wp\/v2\/media\/235589"}],"wp:attachment":[{"href":"https:\/\/www.meydan.tv\/az\/wp-json\/wp\/v2\/media?parent=235600"}],"wp:term":[{"taxonomy":"category","embeddable":true,"href":"https:\/\/www.meydan.tv\/az\/wp-json\/wp\/v2\/categories?post=235600"},{"taxonomy":"post_tag","embeddable":true,"href":"https:\/\/www.meydan.tv\/az\/wp-json\/wp\/v2\/tags?post=235600"}],"curies":[{"name":"wp","href":"https:\/\/api.w.org\/{rel}","templated":true}]}}