{"id":235567,"date":"2022-02-24T13:41:39","date_gmt":"2022-02-24T09:41:39","guid":{"rendered":"https:\/\/www.meydan.tv\/?p=235567"},"modified":"2022-02-24T13:44:23","modified_gmt":"2022-02-24T09:44:23","slug":"azerbaycan-baki-kiyev-ve-baki-hesterxan-reyslerini-legv-edib","status":"publish","type":"post","link":"https:\/\/www.meydan.tv\/az\/article\/azerbaycan-baki-kiyev-ve-baki-hesterxan-reyslerini-legv-edib\/","title":{"rendered":"Az\u0259rbaycan Bak\u0131-Kiyev v\u0259 Bak\u0131-H\u0259\u015ft\u0259rxan reysl\u0259rini l\u0259\u011fv edib"},"content":{"rendered":"\n<p><em>Ukraynan\u0131n hava m\u0259kan\u0131 m\u00fclki t\u0259yyar\u0259l\u0259r \u00fc\u00e7\u00fcn ba\u011flan\u0131b<\/em><\/p>\n\n\n\n<p>Az\u0259rbaycan\u0131n a\u015fa\u011f\u0131b\u00fcdc\u0259li \u201cButa Airways\u201d hava \u015firk\u0259ti Bak\u0131-Kiyev v\u0259 Bak\u0131-H\u0259\u015ft\u0259rxan reysl\u0259rini l\u0259\u011fv <a href=\"https:\/\/www.facebook.com\/butaairways\/photos\/a.447792348931424\/1587051781672136\/\" target=\"_blank\" rel=\"noreferrer noopener\">edib<\/a>.<\/p>\n\n\n\n<p>Ukrayna Hava Yollar\u0131 is\u0259 Bak\u0131-Kiyev reysinin t\u0259yyar\u0259sini Moldovan\u0131n paytaxt\u0131 Ki\u015finyova endirib.<\/p>\n\n\n\n<p>M\u00fcharib\u0259 il\u0259 \u0259laq\u0259dar Ukraynan\u0131n hava m\u0259kan\u0131 m\u00fclki t\u0259yyar\u0259l\u0259r \u00fc\u00e7\u00fcn ba\u011flan\u0131b.<\/p>\n\n\n\n<p>\u201cFlight Radar\u201d sayt\u0131ndan g\u00f6rm\u0259k olur ki, haz\u0131rda Ukraynan\u0131n hava m\u0259kan\u0131 bo\u015fdur.<\/p>\n\n\n\n<div class=\"wp-block-image\"><figure class=\"alignright size-large is-resized\"><img decoding=\"async\" data-src=\"https:\/\/www.meydan.tv\/wp-content\/uploads\/274701725_4721543444559906_9050260483897452854_n-770x821.jpg\" alt=\"\" class=\"wp-image-235568 lazyload\" width=\"319\" height=\"340\" src=\"data:image\/svg+xml;base64,PHN2ZyB3aWR0aD0iMSIgaGVpZ2h0PSIxIiB4bWxucz0iaHR0cDovL3d3dy53My5vcmcvMjAwMC9zdmciPjwvc3ZnPg==\" style=\"--smush-placeholder-width: 319px; --smush-placeholder-aspect-ratio: 319\/340;\" \/><figcaption>M\u0259nb\u0259: Flight Radar&nbsp;<\/figcaption><\/figure><\/div>\n\n\n\n<p>Ukraynaya olan v\u0259 bu \u00f6lk\u0259d\u0259n dig\u0259r yerl\u0259r\u0259 olan b\u00fct\u00fcn reysl\u0259r l\u0259\u011fv edilib.<\/p>\n\n\n\n<p>Eyni zamanda, Rusiyan\u0131n c\u0259nub regionunda olan Rostov (Platov), Krasnodar (Pa\u015fkovski), Anapa (Vityazevo), Gelencik, Elista, Stavropol, Belqorod, Bryansk, Orel, Kursk, Voronej, H\u0259\u015ft\u0259rxan aeroportlar\u0131 da f\u0259aliyy\u0259tini dayand\u0131r\u0131b.<\/p>\n\n\n\n<p>Haz\u0131rda Moskva istiqam\u0259tind\u0259 olan aviareysl\u0259r Qazaxstan\u0131n hava m\u0259kan\u0131na daxil olaraq davam edir.<\/p>\n","protected":false},"excerpt":{"rendered":"<p>Ukraynan\u0131n hava m\u0259kan\u0131 m\u00fclki t\u0259yyar\u0259l\u0259r \u00fc\u00e7\u00fcn ba\u011flan\u0131b Az\u0259rbaycan\u0131n a\u015fa\u011f\u0131b\u00fcdc\u0259li \u201cButa &#8230; <\/p>\n<p class=\"read-more-container\"><a title=\"Az\u0259rbaycan Bak\u0131-Kiyev v\u0259 Bak\u0131-H\u0259\u015ft\u0259rxan reysl\u0259rini l\u0259\u011fv edib\" class=\"read-more button\" href=\"https:\/\/www.meydan.tv\/az\/article\/azerbaycan-baki-kiyev-ve-baki-hesterxan-reyslerini-legv-edib\/#more-235567\" aria-label=\"Read more about Az\u0259rbaycan Bak\u0131-Kiyev v\u0259 Bak\u0131-H\u0259\u015ft\u0259rxan reysl\u0259rini l\u0259\u011fv edib\">Davam\u0131<\/a><\/p>\n","protected":false},"author":8,"featured_media":235571,"comment_status":"closed","ping_status":"closed","sticky":false,"template":"","format":"standard","meta":{"_acf_changed":false,"_sitemap_exclude":false,"_sitemap_priority":"","_sitemap_frequency":"","footnotes":""},"categories":[59,56],"tags":[],"class_list":["post-235567","post","type-post","status-publish","format-standard","has-post-thumbnail","hentry","category-siyaset","category-xeberler","infinite-scroll-item","generate-columns","tablet-grid-50","mobile-grid-100","grid-parent","grid-33","no-featured-image-padding"],"acf":[],"yoast_head":"<!-- This site is optimized with the Yoast SEO plugin v27.5 - https:\/\/yoast.com\/product\/yoast-seo-wordpress\/ -->\n<title>Az\u0259rbaycan Bak\u0131-Kiyev v\u0259 Bak\u0131-H\u0259\u015ft\u0259rxan reysl\u0259rini l\u0259\u011fv edib - MEYDAN.TV<\/title>\n<meta name=\"robots\" content=\"index, follow, max-snippet:-1, max-image-preview:large, max-video-preview:-1\" \/>\n<link rel=\"canonical\" href=\"https:\/\/www.meydan.tv\/az\/article\/azerbaycan-baki-kiyev-ve-baki-hesterxan-reyslerini-legv-edib\/\" \/>\n<meta property=\"og:locale\" content=\"az_AZ\" \/>\n<meta property=\"og:type\" content=\"article\" \/>\n<meta property=\"og:title\" content=\"Az\u0259rbaycan Bak\u0131-Kiyev v\u0259 Bak\u0131-H\u0259\u015ft\u0259rxan reysl\u0259rini l\u0259\u011fv edib - MEYDAN.TV\" \/>\n<meta property=\"og:description\" content=\"Ukraynan\u0131n hava m\u0259kan\u0131 m\u00fclki t\u0259yyar\u0259l\u0259r \u00fc\u00e7\u00fcn ba\u011flan\u0131b Az\u0259rbaycan\u0131n a\u015fa\u011f\u0131b\u00fcdc\u0259li \u201cButa ... Davam\u0131\" \/>\n<meta property=\"og:url\" content=\"https:\/\/www.meydan.tv\/az\/article\/azerbaycan-baki-kiyev-ve-baki-hesterxan-reyslerini-legv-edib\/\" \/>\n<meta property=\"og:site_name\" content=\"MEYDAN.TV\" \/>\n<meta property=\"article:published_time\" content=\"2022-02-24T09:41:39+00:00\" \/>\n<meta property=\"article:modified_time\" content=\"2022-02-24T09:44:23+00:00\" \/>\n<meta property=\"og:image\" content=\"https:\/\/www.meydan.tv\/wp-content\/uploads\/azal_kiev1-e1645695856669.jpg\" \/>\n\t<meta property=\"og:image:width\" content=\"1220\" \/>\n\t<meta property=\"og:image:height\" content=\"545\" \/>\n\t<meta property=\"og:image:type\" content=\"image\/jpeg\" \/>\n<meta name=\"author\" content=\"elli\" \/>\n<meta name=\"twitter:card\" content=\"summary_large_image\" \/>\n<meta name=\"twitter:creator\" content=\"@elli\" \/>\n<script type=\"application\/ld+json\" class=\"yoast-schema-graph\">{\"@context\":\"https:\\\/\\\/schema.org\",\"@graph\":[{\"@type\":\"Article\",\"@id\":\"https:\\\/\\\/www.meydan.tv\\\/az\\\/article\\\/azerbaycan-baki-kiyev-ve-baki-hesterxan-reyslerini-legv-edib\\\/#article\",\"isPartOf\":{\"@id\":\"https:\\\/\\\/www.meydan.tv\\\/az\\\/article\\\/azerbaycan-baki-kiyev-ve-baki-hesterxan-reyslerini-legv-edib\\\/\"},\"author\":{\"name\":\"elli\",\"@id\":\"https:\\\/\\\/www.meydan.tv\\\/az\\\/#\\\/schema\\\/person\\\/9cdbecf90d17180ce1dfbd95b08dcf47\"},\"headline\":\"Az\u0259rbaycan Bak\u0131-Kiyev v\u0259 Bak\u0131-H\u0259\u015ft\u0259rxan reysl\u0259rini l\u0259\u011fv edib\",\"datePublished\":\"2022-02-24T09:41:39+00:00\",\"dateModified\":\"2022-02-24T09:44:23+00:00\",\"mainEntityOfPage\":{\"@id\":\"https:\\\/\\\/www.meydan.tv\\\/az\\\/article\\\/azerbaycan-baki-kiyev-ve-baki-hesterxan-reyslerini-legv-edib\\\/\"},\"wordCount\":185,\"publisher\":{\"@id\":\"https:\\\/\\\/www.meydan.tv\\\/az\\\/#organization\"},\"image\":{\"@id\":\"https:\\\/\\\/www.meydan.tv\\\/az\\\/article\\\/azerbaycan-baki-kiyev-ve-baki-hesterxan-reyslerini-legv-edib\\\/#primaryimage\"},\"thumbnailUrl\":\"https:\\\/\\\/www.meydan.tv\\\/wp-content\\\/uploads\\\/azal_kiev1-e1645695856669.jpg\",\"articleSection\":[\"Siyas\u0259t\",\"X\u0259b\u0259rl\u0259r\"],\"inLanguage\":\"az\"},{\"@type\":\"WebPage\",\"@id\":\"https:\\\/\\\/www.meydan.tv\\\/az\\\/article\\\/azerbaycan-baki-kiyev-ve-baki-hesterxan-reyslerini-legv-edib\\\/\",\"url\":\"https:\\\/\\\/www.meydan.tv\\\/az\\\/article\\\/azerbaycan-baki-kiyev-ve-baki-hesterxan-reyslerini-legv-edib\\\/\",\"name\":\"Az\u0259rbaycan Bak\u0131-Kiyev v\u0259 Bak\u0131-H\u0259\u015ft\u0259rxan reysl\u0259rini l\u0259\u011fv edib - MEYDAN.TV\",\"isPartOf\":{\"@id\":\"https:\\\/\\\/www.meydan.tv\\\/az\\\/#website\"},\"primaryImageOfPage\":{\"@id\":\"https:\\\/\\\/www.meydan.tv\\\/az\\\/article\\\/azerbaycan-baki-kiyev-ve-baki-hesterxan-reyslerini-legv-edib\\\/#primaryimage\"},\"image\":{\"@id\":\"https:\\\/\\\/www.meydan.tv\\\/az\\\/article\\\/azerbaycan-baki-kiyev-ve-baki-hesterxan-reyslerini-legv-edib\\\/#primaryimage\"},\"thumbnailUrl\":\"https:\\\/\\\/www.meydan.tv\\\/wp-content\\\/uploads\\\/azal_kiev1-e1645695856669.jpg\",\"datePublished\":\"2022-02-24T09:41:39+00:00\",\"dateModified\":\"2022-02-24T09:44:23+00:00\",\"breadcrumb\":{\"@id\":\"https:\\\/\\\/www.meydan.tv\\\/az\\\/article\\\/azerbaycan-baki-kiyev-ve-baki-hesterxan-reyslerini-legv-edib\\\/#breadcrumb\"},\"inLanguage\":\"az\",\"potentialAction\":[{\"@type\":\"ReadAction\",\"target\":[\"https:\\\/\\\/www.meydan.tv\\\/az\\\/article\\\/azerbaycan-baki-kiyev-ve-baki-hesterxan-reyslerini-legv-edib\\\/\"]}]},{\"@type\":\"ImageObject\",\"inLanguage\":\"az\",\"@id\":\"https:\\\/\\\/www.meydan.tv\\\/az\\\/article\\\/azerbaycan-baki-kiyev-ve-baki-hesterxan-reyslerini-legv-edib\\\/#primaryimage\",\"url\":\"https:\\\/\\\/www.meydan.tv\\\/wp-content\\\/uploads\\\/azal_kiev1-e1645695856669.jpg\",\"contentUrl\":\"https:\\\/\\\/www.meydan.tv\\\/wp-content\\\/uploads\\\/azal_kiev1-e1645695856669.jpg\",\"width\":1220,\"height\":545,\"caption\":\"M\u0259nb\u0259: https:\\\/\\\/www.azal.az\\\/\"},{\"@type\":\"BreadcrumbList\",\"@id\":\"https:\\\/\\\/www.meydan.tv\\\/az\\\/article\\\/azerbaycan-baki-kiyev-ve-baki-hesterxan-reyslerini-legv-edib\\\/#breadcrumb\",\"itemListElement\":[{\"@type\":\"ListItem\",\"position\":1,\"name\":\"Ana s\u0259hif\u0259\",\"item\":\"https:\\\/\\\/www.meydan.tv\\\/az\\\/\"},{\"@type\":\"ListItem\",\"position\":2,\"name\":\"Siyas\u0259t\",\"item\":\"https:\\\/\\\/www.meydan.tv\\\/az\\\/section\\\/siyaset\\\/\"},{\"@type\":\"ListItem\",\"position\":3,\"name\":\"Az\u0259rbaycan Bak\u0131-Kiyev v\u0259 Bak\u0131-H\u0259\u015ft\u0259rxan reysl\u0259rini l\u0259\u011fv edib\"}]},{\"@type\":\"WebSite\",\"@id\":\"https:\\\/\\\/www.meydan.tv\\\/az\\\/#website\",\"url\":\"https:\\\/\\\/www.meydan.tv\\\/az\\\/\",\"name\":\"MEYDAN.TV\",\"description\":\"Meydan TV Az\u0259rbaycan\u0131n media m\u0259kan\u0131ndak\u0131 alternativ s\u0259sidir\",\"publisher\":{\"@id\":\"https:\\\/\\\/www.meydan.tv\\\/az\\\/#organization\"},\"potentialAction\":[{\"@type\":\"SearchAction\",\"target\":{\"@type\":\"EntryPoint\",\"urlTemplate\":\"https:\\\/\\\/www.meydan.tv\\\/az\\\/?s={search_term_string}\"},\"query-input\":{\"@type\":\"PropertyValueSpecification\",\"valueRequired\":true,\"valueName\":\"search_term_string\"}}],\"inLanguage\":\"az\"},{\"@type\":\"Organization\",\"@id\":\"https:\\\/\\\/www.meydan.tv\\\/az\\\/#organization\",\"name\":\"Meydan TV\",\"url\":\"https:\\\/\\\/www.meydan.tv\\\/az\\\/\",\"logo\":{\"@type\":\"ImageObject\",\"inLanguage\":\"az\",\"@id\":\"https:\\\/\\\/www.meydan.tv\\\/az\\\/#\\\/schema\\\/logo\\\/image\\\/\",\"url\":\"https:\\\/\\\/www.meydan.tv\\\/wp-content\\\/uploads\\\/2021\\\/07\\\/meydan-logo.svg\",\"contentUrl\":\"https:\\\/\\\/www.meydan.tv\\\/wp-content\\\/uploads\\\/2021\\\/07\\\/meydan-logo.svg\",\"width\":195,\"height\":46,\"caption\":\"Meydan TV\"},\"image\":{\"@id\":\"https:\\\/\\\/www.meydan.tv\\\/az\\\/#\\\/schema\\\/logo\\\/image\\\/\"}},{\"@type\":\"Person\",\"@id\":\"https:\\\/\\\/www.meydan.tv\\\/az\\\/#\\\/schema\\\/person\\\/9cdbecf90d17180ce1dfbd95b08dcf47\",\"name\":\"elli\",\"sameAs\":[\"https:\\\/\\\/x.com\\\/elli\"]}]}<\/script>\n<!-- \/ Yoast SEO plugin. -->","yoast_head_json":{"title":"Az\u0259rbaycan Bak\u0131-Kiyev v\u0259 Bak\u0131-H\u0259\u015ft\u0259rxan reysl\u0259rini l\u0259\u011fv edib - MEYDAN.TV","robots":{"index":"index","follow":"follow","max-snippet":"max-snippet:-1","max-image-preview":"max-image-preview:large","max-video-preview":"max-video-preview:-1"},"canonical":"https:\/\/www.meydan.tv\/az\/article\/azerbaycan-baki-kiyev-ve-baki-hesterxan-reyslerini-legv-edib\/","og_locale":"az_AZ","og_type":"article","og_title":"Az\u0259rbaycan Bak\u0131-Kiyev v\u0259 Bak\u0131-H\u0259\u015ft\u0259rxan reysl\u0259rini l\u0259\u011fv edib - MEYDAN.TV","og_description":"Ukraynan\u0131n hava m\u0259kan\u0131 m\u00fclki t\u0259yyar\u0259l\u0259r \u00fc\u00e7\u00fcn ba\u011flan\u0131b Az\u0259rbaycan\u0131n a\u015fa\u011f\u0131b\u00fcdc\u0259li \u201cButa ... Davam\u0131","og_url":"https:\/\/www.meydan.tv\/az\/article\/azerbaycan-baki-kiyev-ve-baki-hesterxan-reyslerini-legv-edib\/","og_site_name":"MEYDAN.TV","article_published_time":"2022-02-24T09:41:39+00:00","article_modified_time":"2022-02-24T09:44:23+00:00","og_image":[{"width":1220,"height":545,"url":"https:\/\/www.meydan.tv\/wp-content\/uploads\/azal_kiev1-e1645695856669.jpg","type":"image\/jpeg"}],"author":"elli","twitter_card":"summary_large_image","twitter_creator":"@elli","schema":{"@context":"https:\/\/schema.org","@graph":[{"@type":"Article","@id":"https:\/\/www.meydan.tv\/az\/article\/azerbaycan-baki-kiyev-ve-baki-hesterxan-reyslerini-legv-edib\/#article","isPartOf":{"@id":"https:\/\/www.meydan.tv\/az\/article\/azerbaycan-baki-kiyev-ve-baki-hesterxan-reyslerini-legv-edib\/"},"author":{"name":"elli","@id":"https:\/\/www.meydan.tv\/az\/#\/schema\/person\/9cdbecf90d17180ce1dfbd95b08dcf47"},"headline":"Az\u0259rbaycan Bak\u0131-Kiyev v\u0259 Bak\u0131-H\u0259\u015ft\u0259rxan reysl\u0259rini l\u0259\u011fv edib","datePublished":"2022-02-24T09:41:39+00:00","dateModified":"2022-02-24T09:44:23+00:00","mainEntityOfPage":{"@id":"https:\/\/www.meydan.tv\/az\/article\/azerbaycan-baki-kiyev-ve-baki-hesterxan-reyslerini-legv-edib\/"},"wordCount":185,"publisher":{"@id":"https:\/\/www.meydan.tv\/az\/#organization"},"image":{"@id":"https:\/\/www.meydan.tv\/az\/article\/azerbaycan-baki-kiyev-ve-baki-hesterxan-reyslerini-legv-edib\/#primaryimage"},"thumbnailUrl":"https:\/\/www.meydan.tv\/wp-content\/uploads\/azal_kiev1-e1645695856669.jpg","articleSection":["Siyas\u0259t","X\u0259b\u0259rl\u0259r"],"inLanguage":"az"},{"@type":"WebPage","@id":"https:\/\/www.meydan.tv\/az\/article\/azerbaycan-baki-kiyev-ve-baki-hesterxan-reyslerini-legv-edib\/","url":"https:\/\/www.meydan.tv\/az\/article\/azerbaycan-baki-kiyev-ve-baki-hesterxan-reyslerini-legv-edib\/","name":"Az\u0259rbaycan Bak\u0131-Kiyev v\u0259 Bak\u0131-H\u0259\u015ft\u0259rxan reysl\u0259rini l\u0259\u011fv edib - MEYDAN.TV","isPartOf":{"@id":"https:\/\/www.meydan.tv\/az\/#website"},"primaryImageOfPage":{"@id":"https:\/\/www.meydan.tv\/az\/article\/azerbaycan-baki-kiyev-ve-baki-hesterxan-reyslerini-legv-edib\/#primaryimage"},"image":{"@id":"https:\/\/www.meydan.tv\/az\/article\/azerbaycan-baki-kiyev-ve-baki-hesterxan-reyslerini-legv-edib\/#primaryimage"},"thumbnailUrl":"https:\/\/www.meydan.tv\/wp-content\/uploads\/azal_kiev1-e1645695856669.jpg","datePublished":"2022-02-24T09:41:39+00:00","dateModified":"2022-02-24T09:44:23+00:00","breadcrumb":{"@id":"https:\/\/www.meydan.tv\/az\/article\/azerbaycan-baki-kiyev-ve-baki-hesterxan-reyslerini-legv-edib\/#breadcrumb"},"inLanguage":"az","potentialAction":[{"@type":"ReadAction","target":["https:\/\/www.meydan.tv\/az\/article\/azerbaycan-baki-kiyev-ve-baki-hesterxan-reyslerini-legv-edib\/"]}]},{"@type":"ImageObject","inLanguage":"az","@id":"https:\/\/www.meydan.tv\/az\/article\/azerbaycan-baki-kiyev-ve-baki-hesterxan-reyslerini-legv-edib\/#primaryimage","url":"https:\/\/www.meydan.tv\/wp-content\/uploads\/azal_kiev1-e1645695856669.jpg","contentUrl":"https:\/\/www.meydan.tv\/wp-content\/uploads\/azal_kiev1-e1645695856669.jpg","width":1220,"height":545,"caption":"M\u0259nb\u0259: https:\/\/www.azal.az\/"},{"@type":"BreadcrumbList","@id":"https:\/\/www.meydan.tv\/az\/article\/azerbaycan-baki-kiyev-ve-baki-hesterxan-reyslerini-legv-edib\/#breadcrumb","itemListElement":[{"@type":"ListItem","position":1,"name":"Ana s\u0259hif\u0259","item":"https:\/\/www.meydan.tv\/az\/"},{"@type":"ListItem","position":2,"name":"Siyas\u0259t","item":"https:\/\/www.meydan.tv\/az\/section\/siyaset\/"},{"@type":"ListItem","position":3,"name":"Az\u0259rbaycan Bak\u0131-Kiyev v\u0259 Bak\u0131-H\u0259\u015ft\u0259rxan reysl\u0259rini l\u0259\u011fv edib"}]},{"@type":"WebSite","@id":"https:\/\/www.meydan.tv\/az\/#website","url":"https:\/\/www.meydan.tv\/az\/","name":"MEYDAN.TV","description":"Meydan TV Az\u0259rbaycan\u0131n media m\u0259kan\u0131ndak\u0131 alternativ s\u0259sidir","publisher":{"@id":"https:\/\/www.meydan.tv\/az\/#organization"},"potentialAction":[{"@type":"SearchAction","target":{"@type":"EntryPoint","urlTemplate":"https:\/\/www.meydan.tv\/az\/?s={search_term_string}"},"query-input":{"@type":"PropertyValueSpecification","valueRequired":true,"valueName":"search_term_string"}}],"inLanguage":"az"},{"@type":"Organization","@id":"https:\/\/www.meydan.tv\/az\/#organization","name":"Meydan TV","url":"https:\/\/www.meydan.tv\/az\/","logo":{"@type":"ImageObject","inLanguage":"az","@id":"https:\/\/www.meydan.tv\/az\/#\/schema\/logo\/image\/","url":"https:\/\/www.meydan.tv\/wp-content\/uploads\/2021\/07\/meydan-logo.svg","contentUrl":"https:\/\/www.meydan.tv\/wp-content\/uploads\/2021\/07\/meydan-logo.svg","width":195,"height":46,"caption":"Meydan TV"},"image":{"@id":"https:\/\/www.meydan.tv\/az\/#\/schema\/logo\/image\/"}},{"@type":"Person","@id":"https:\/\/www.meydan.tv\/az\/#\/schema\/person\/9cdbecf90d17180ce1dfbd95b08dcf47","name":"elli","sameAs":["https:\/\/x.com\/elli"]}]}},"_links":{"self":[{"href":"https:\/\/www.meydan.tv\/az\/wp-json\/wp\/v2\/posts\/235567","targetHints":{"allow":["GET"]}}],"collection":[{"href":"https:\/\/www.meydan.tv\/az\/wp-json\/wp\/v2\/posts"}],"about":[{"href":"https:\/\/www.meydan.tv\/az\/wp-json\/wp\/v2\/types\/post"}],"author":[{"embeddable":true,"href":"https:\/\/www.meydan.tv\/az\/wp-json\/wp\/v2\/users\/8"}],"replies":[{"embeddable":true,"href":"https:\/\/www.meydan.tv\/az\/wp-json\/wp\/v2\/comments?post=235567"}],"version-history":[{"count":3,"href":"https:\/\/www.meydan.tv\/az\/wp-json\/wp\/v2\/posts\/235567\/revisions"}],"predecessor-version":[{"id":235580,"href":"https:\/\/www.meydan.tv\/az\/wp-json\/wp\/v2\/posts\/235567\/revisions\/235580"}],"wp:featuredmedia":[{"embeddable":true,"href":"https:\/\/www.meydan.tv\/az\/wp-json\/wp\/v2\/media\/235571"}],"wp:attachment":[{"href":"https:\/\/www.meydan.tv\/az\/wp-json\/wp\/v2\/media?parent=235567"}],"wp:term":[{"taxonomy":"category","embeddable":true,"href":"https:\/\/www.meydan.tv\/az\/wp-json\/wp\/v2\/categories?post=235567"},{"taxonomy":"post_tag","embeddable":true,"href":"https:\/\/www.meydan.tv\/az\/wp-json\/wp\/v2\/tags?post=235567"}],"curies":[{"name":"wp","href":"https:\/\/api.w.org\/{rel}","templated":true}]}}