{"id":235560,"date":"2022-02-24T13:08:34","date_gmt":"2022-02-24T09:08:34","guid":{"rendered":"https:\/\/www.meydan.tv\/?p=235560"},"modified":"2022-02-24T13:09:49","modified_gmt":"2022-02-24T09:09:49","slug":"beynelxalq-teskilat-azerbaycan-qeyri-azad-olkedir","status":"publish","type":"post","link":"https:\/\/www.meydan.tv\/az\/article\/beynelxalq-teskilat-azerbaycan-qeyri-azad-olkedir\/","title":{"rendered":"Beyn\u0259lxalq t\u0259\u015fkilat: &#8220;Az\u0259rbaycan \u201cqeyri-azad\u201d \u00f6lk\u0259dir&#8221;"},"content":{"rendered":"\n<p><em>&#8220;Avtoritar rejiml\u0259r t\u0259m\u0259l azadl\u0131qlar\u0131 m\u0259hudla\u015fd\u0131r\u0131r&#8221;<\/em><\/p>\n\n\n\n<p>Az\u0259rbaycan fundamental azadl\u0131qlara g\u00f6r\u0259 \u201cqeyri-azad\u201d \u00f6lk\u0259l\u0259r siyah\u0131s\u0131nda yer al\u0131b.<\/p>\n\n\n\n<p>\u201cFreedom House\u201d insan haqlar\u0131 t\u0259\u015fkilat\u0131n\u0131n \u201cD\u00fcnyada Azadl\u0131q 2022\u201d <a href=\"https:\/\/freedomhouse.org\/report\/freedom-world\/2022\/global-expansion-authoritarian-rule\" target=\"_blank\" rel=\"noreferrer noopener\">hesabat<\/a>\u0131nda bel\u0259 deyilir.<\/p>\n\n\n\n<p>\u201cQeyri-azad\u201d \u00f6lk\u0259l\u0259r kateqoriyas\u0131nda Az\u0259rbaycanla b\u0259rab\u0259r daha 56 \u00f6lk\u0259 var.<\/p>\n\n\n\n<p>\u018ffqan\u0131stan, Algeria, Anqola, B\u0259hreyn, Belarus, Brunei, Burundi, \u00c7ad, Kuba v\u0259 bir s\u0131ra ba\u015fqa \u00f6lk\u0259l\u0259r d\u0259 \u201cqeyri-azad\u201d say\u0131l\u0131b.<\/p>\n\n\n\n<p>Bu \u00f6lk\u0259l\u0259rd\u0259n 16-s\u0131 siyasi h\u00fcquqlar v\u0259 m\u00fclki azadl\u0131qlara g\u00f6r\u0259 \u0259n pis bal toplay\u0131b. Az\u0259rbaycan da onlar\u0131n i\u00e7ind\u0259dir.<\/p>\n\n\n\n<p>Qon\u015fu Erm\u0259nistan v\u0259 G\u00fcrc\u00fcstan \u201cqism\u0259n azad\u201d \u00f6lk\u0259l\u0259r kateqoriyas\u0131na d\u00fc\u015f\u00fcb.<\/p>\n\n\n\n<p>G\u00f6st\u0259ricil\u0259rin\u0259 g\u00f6r\u0259 indiy\u0259d\u0259k \u00f6nd\u0259 ged\u0259n G\u00fcrc\u00fcstan\u0131n durumu bu il z\u0259ifl\u0259yib.<\/p>\n\n\n\n<p>Bildirilir ki, bu \u00f6lk\u0259d\u0259&nbsp; jurnalistl\u0259r, LGBTQ\u0130 f\u0259rdl\u0259ri, m\u00fcxalif\u0259t t\u0259r\u0259fdarlar\u0131 artan t\u0259hdid v\u0259 zorak\u0131l\u0131qla \u00fczl\u0259\u015fib.<\/p>\n\n\n\n<p>S\u0131ralamada C\u0259nubi Sudan v\u0259 Suriya 1, T\u00fcrkm\u0259nistan 2 bal toplay\u0131b, Eritreya v\u0259 \u015eimali Koreya 3, Belarus is\u0259 8 bal y\u0131\u011f\u0131b.<\/p>\n\n\n\n<p>Az\u0259rbaycan\u0131n bal\u0131 is\u0259 <a href=\"https:\/\/freedomhouse.org\/countries\/freedom-world\/scores\" target=\"_blank\" rel=\"noreferrer noopener\">9-dur<\/a>. Libiya, Y\u0259m\u0259n d\u0259 Az\u0259rbaycan kimi 9 bala sahibdir.<\/p>\n\n\n\n<p>M\u0259s\u0259l\u0259n, Monqolustan, Andorra, Argentina, Avstraliya, \u00c7exiya Respublikas\u0131, Avstriya, Barbados, Bel\u00e7ika, Braziliya, Kanada, \u00c7ili, Xorvatiya, Danimarka, Ekvador, Dominikan Respublikas\u0131, Estoniya, Finlandiya, Fransa, Almaniya, Yunanistan, \u0130srail, Yaponiya v\u0259 s. bir xeyli \u00f6lk\u0259 \u201cazad\u201d kateqoriyas\u0131na d\u00fc\u015f\u00fcb.<\/p>\n\n\n\n<p>Hesabatda bildirilir ki, haz\u0131rda b\u00fct\u00fcn d\u00fcnyada qlobal azadl\u0131q t\u0259hdid alt\u0131ndad\u0131r. \u00c7\u00fcnki liberal demokratiyan\u0131n d\u00fc\u015fm\u0259nl\u0259ri h\u00fccumlar\u0131n\u0131 g\u00fccl\u0259ndirib: \u201cAvtoritar rejiml\u0259r t\u0259m\u0259l azadl\u0131qlar\u0131 m\u0259hdudla\u015fd\u0131r\u0131r, onlara d\u0259st\u0259k normalar\u0131n\u0131 v\u0259 qurumlar\u0131n\u0131 effektiv \u015f\u0259kild\u0259 \u00f6z\u00fcn\u0259 tabe etdirir, yaxud onlardan yan ke\u00e7irl\u0259r\u201d.<\/p>\n\n\n\n<p>Qurum hesab edir ki, qlobal d\u00fcz\u0259n d\u00f6n\u00fc\u015f n\u00f6qt\u0259sin\u0259 yax\u0131nla\u015f\u0131r. Demokratiyan\u0131n m\u00fcdafi\u0259\u00e7il\u0259ri ham\u0131 \u00fc\u00e7\u00fcn azadl\u0131q t\u0259minat\u0131na \u00e7al\u0131\u015fmasalar, avtoritar modell\u0259r \u00fcst\u00fcn g\u0259l\u0259c\u0259k.<\/p>\n\n\n\n<p>T\u0259\u015fkilat qlobal azadl\u0131\u011f\u0131n v\u0259ziyy\u0259tini yax\u015f\u0131la\u015fd\u0131rmaq \u00fc\u00e7\u00fcn b\u0259zi t\u00f6vsiy\u0259l\u0259r d\u0259 verib. M\u0259s\u0259l\u0259n, Az\u0259rbaycan, \u00c7in, Q\u0259t\u0259r, S\u0259udiyy\u0259 \u018fr\u0259bistan\u0131 kimi insan haqlar\u0131 daha \u00e7ox pozulan \u00f6lk\u0259l\u0259rin beyn\u0259lxalq idman t\u0259dbirl\u0259rin\u0259 sponsorlu\u011funa, yaxud Belarus kimi repressiv \u00f6lk\u0259l\u0259rin d\u00f6vl\u0259t telekanallar\u0131nda reklamlara bax\u0131lmamas\u0131n\u0131 t\u0259klif edib.<\/p>\n\n\n\n<p>T\u00f6vsiy\u0259l\u0259rd\u0259n biri d\u0259 v\u0259zif\u0259 m\u00fcdd\u0259ti uzanm\u0131\u015f liderl\u0259rin \u00f6lk\u0259l\u0259rin\u0259 yard\u0131m\u0131 m\u0259hdudla\u015fd\u0131rmaqla ba\u011fl\u0131d\u0131r.<\/p>\n\n\n\n<p>\u201cSon 20 ild\u0259 Rusiya, \u00c7in, Nikaraqua, Az\u0259rbaycan, Boliviya, Uqanda v\u0259 Kamerun daxil onlarla \u00f6lk\u0259d\u0259 liderl\u0259r v\u0259zif\u0259 m\u00fcdd\u0259tl\u0259rini uzad\u0131blar. AB\u015e qanunlar\u0131 se\u00e7ilmi\u015f h\u00f6kum\u0259t ba\u015f\u00e7\u0131s\u0131n\u0131n h\u0259rbi \u00e7evrili\u015fl\u0259 devrildiyi \u00f6lk\u0259l\u0259r\u0259 maliyy\u0259 ayr\u0131lmas\u0131n\u0131 qada\u011fan edir\u201d, bunun \u00fc\u00e7\u00fcn d\u00f6vl\u0259t katibi \u201cdemokratik se\u00e7ilmi\u015f h\u00f6kum\u0259tin v\u0259zif\u0259y\u0259 ke\u00e7diyini t\u0259sdiql\u0259m\u0259lidir\u201d, &#8211; hesabatda deyilir.<\/p>\n\n\n\n<p>2022-ci ild\u0259 a\u00e7\u0131qlanm\u0131\u015f iqtisadi azadl\u0131q indeksind\u0259 (https:\/\/www.heritage.org\/index\/ranking) is\u0259 Az\u0259rbaycan iqtisadiyyat\u0131 \u201corta azad\u201d kateqoriyas\u0131na sal\u0131n\u0131b. Bu bax\u0131mdan Fildi\u015fi Sahili (Afrikada \u00f6lk\u0259) \u00f6lk\u0259si il\u0259 yan-yanad\u0131r.<\/p>\n\n\n\n<p>\u0130qtisadiyyat\u0131n\u0131n azadl\u0131\u011f\u0131na g\u00f6r\u0259, Vanuatu, Paraqvay v\u0259 B\u0259hreyn Az\u0259rbaycandan \u00f6nc\u0259 g\u0259l\u0259n 3 \u00f6lk\u0259dir.<\/p>\n\n\n\n<p>Ondan \u00f6nc\u0259 a\u00e7\u0131qlanan beyn\u0259lxalq korrupsiya indeksind\u0259 d\u0259 Az\u0259rbaycan\u0131n yeri \u00fcr\u0259ka\u00e7an <a href=\"http:\/\/Ondan \u00f6nc\u0259 a\u00e7\u0131qlanan beyn\u0259lxalq korrupsiya indeksind\u0259 d\u0259 Az\u0259rbaycan\u0131n yeri \u00fcr\u0259ka\u00e7an olmay\u0131b (https:\/\/www.meydan.tv\/az\/article\/beynelxalq-korrupsiya-ideksi-azerbaycan-cibuti-ve-toqo-ile-eyni-sirada\/).\" target=\"_blank\" rel=\"noreferrer noopener\">olmay\u0131b<\/a>.<\/p>\n\n\n\n<p>Az\u0259rbaycan\u0131n Korrupsiyan\u0131 Qavrama \u0130ndeksi 100 ball\u0131q sistemd\u0259 30-dur. Bu, a\u015fa\u011f\u0131 g\u00f6st\u0259rici say\u0131l\u0131r.<\/p>\n\n\n\n<p>Az\u0259rbaycan r\u0259smil\u0259ri daim a\u00e7\u0131qlamalar\u0131nda beyn\u0259lxalq t\u0259\u015fkilatlar\u0131n yayd\u0131\u011f\u0131 hesabatlar\u0131 q\u0259r\u0259zli v\u0259 \u201cd\u00fczg\u00fcn olmayan m\u0259lumat\u201d kimi qiym\u0259tl\u0259ndirib.<\/p>\n\n\n\n<p>M\u00fcst\u0259qil ekspertl\u0259r is\u0259 daim a\u00e7\u0131qlamalar\u0131nda \u0259ksin\u0259, yerli qurumlar\u0131n a\u00e7\u0131qlad\u0131\u011f\u0131 hesabatlara \u015f\u00fcbh\u0259 il\u0259 yana\u015fd\u0131qlar\u0131n\u0131 bildiribl\u0259r.<\/p>\n\n\n\n<p>S\u0259b\u0259b kimi is\u0259 \u00f6lk\u0259d\u0259 m\u00fcst\u0259qil ara\u015fd\u0131rma aparan qurumlar\u0131n olmamas\u0131n\u0131, d\u00f6vl\u0259t\u0259 ba\u011fl\u0131 qurumlar\u0131n is\u0259 \u201ch\u0259r \u015fey yax\u015f\u0131d\u0131r\u201d g\u00f6r\u00fcn\u00fc\u015f\u00fc yaratmaq \u00fc\u00e7\u00fcn yan\u0131ld\u0131c\u0131 n\u0259tic\u0259l\u0259r a\u00e7\u0131qlamas\u0131n\u0131 g\u00f6st\u0259rirl\u0259r.<\/p>\n","protected":false},"excerpt":{"rendered":"<p>&#8220;Avtoritar rejiml\u0259r t\u0259m\u0259l azadl\u0131qlar\u0131 m\u0259hudla\u015fd\u0131r\u0131r&#8221; Az\u0259rbaycan fundamental azadl\u0131qlara g\u00f6r\u0259 \u201cqeyri-azad\u201d &#8230; <\/p>\n<p class=\"read-more-container\"><a title=\"Beyn\u0259lxalq t\u0259\u015fkilat: &#8220;Az\u0259rbaycan \u201cqeyri-azad\u201d \u00f6lk\u0259dir&#8221;\" class=\"read-more button\" href=\"https:\/\/www.meydan.tv\/az\/article\/beynelxalq-teskilat-azerbaycan-qeyri-azad-olkedir\/#more-235560\" aria-label=\"Read more about Beyn\u0259lxalq t\u0259\u015fkilat: &#8220;Az\u0259rbaycan \u201cqeyri-azad\u201d \u00f6lk\u0259dir&#8221;\">Davam\u0131<\/a><\/p>\n","protected":false},"author":8,"featured_media":132672,"comment_status":"closed","ping_status":"closed","sticky":false,"template":"","format":"standard","meta":{"_acf_changed":false,"_sitemap_exclude":false,"_sitemap_priority":"","_sitemap_frequency":"","footnotes":""},"categories":[59,56],"tags":[],"class_list":["post-235560","post","type-post","status-publish","format-standard","has-post-thumbnail","hentry","category-siyaset","category-xeberler","infinite-scroll-item","generate-columns","tablet-grid-50","mobile-grid-100","grid-parent","grid-33","no-featured-image-padding"],"acf":[],"yoast_head":"<!-- This site is optimized with the Yoast SEO plugin v27.5 - https:\/\/yoast.com\/product\/yoast-seo-wordpress\/ -->\n<title>Beyn\u0259lxalq t\u0259\u015fkilat: &quot;Az\u0259rbaycan \u201cqeyri-azad\u201d \u00f6lk\u0259dir&quot; - MEYDAN.TV<\/title>\n<meta name=\"robots\" content=\"index, follow, max-snippet:-1, max-image-preview:large, max-video-preview:-1\" \/>\n<link rel=\"canonical\" href=\"https:\/\/www.meydan.tv\/az\/article\/beynelxalq-teskilat-azerbaycan-qeyri-azad-olkedir\/\" \/>\n<meta property=\"og:locale\" content=\"az_AZ\" \/>\n<meta property=\"og:type\" content=\"article\" \/>\n<meta property=\"og:title\" content=\"Beyn\u0259lxalq t\u0259\u015fkilat: &quot;Az\u0259rbaycan \u201cqeyri-azad\u201d \u00f6lk\u0259dir&quot; - MEYDAN.TV\" \/>\n<meta property=\"og:description\" content=\"&#8220;Avtoritar rejiml\u0259r t\u0259m\u0259l azadl\u0131qlar\u0131 m\u0259hudla\u015fd\u0131r\u0131r&#8221; Az\u0259rbaycan fundamental azadl\u0131qlara g\u00f6r\u0259 \u201cqeyri-azad\u201d ... Davam\u0131\" \/>\n<meta property=\"og:url\" content=\"https:\/\/www.meydan.tv\/az\/article\/beynelxalq-teskilat-azerbaycan-qeyri-azad-olkedir\/\" \/>\n<meta property=\"og:site_name\" content=\"MEYDAN.TV\" \/>\n<meta property=\"article:published_time\" content=\"2022-02-24T09:08:34+00:00\" \/>\n<meta property=\"article:modified_time\" content=\"2022-02-24T09:09:49+00:00\" \/>\n<meta property=\"og:image\" content=\"https:\/\/www.meydan.tv\/wp-content\/uploads\/freedom_9xweaop.jpg\" \/>\n\t<meta property=\"og:image:width\" content=\"1502\" \/>\n\t<meta property=\"og:image:height\" content=\"800\" \/>\n\t<meta property=\"og:image:type\" content=\"image\/jpeg\" \/>\n<meta name=\"author\" content=\"elli\" \/>\n<meta name=\"twitter:card\" content=\"summary_large_image\" \/>\n<meta name=\"twitter:creator\" content=\"@elli\" \/>\n<script type=\"application\/ld+json\" class=\"yoast-schema-graph\">{\"@context\":\"https:\\\/\\\/schema.org\",\"@graph\":[{\"@type\":\"Article\",\"@id\":\"https:\\\/\\\/www.meydan.tv\\\/az\\\/article\\\/beynelxalq-teskilat-azerbaycan-qeyri-azad-olkedir\\\/#article\",\"isPartOf\":{\"@id\":\"https:\\\/\\\/www.meydan.tv\\\/az\\\/article\\\/beynelxalq-teskilat-azerbaycan-qeyri-azad-olkedir\\\/\"},\"author\":{\"name\":\"elli\",\"@id\":\"https:\\\/\\\/www.meydan.tv\\\/az\\\/#\\\/schema\\\/person\\\/9cdbecf90d17180ce1dfbd95b08dcf47\"},\"headline\":\"Beyn\u0259lxalq t\u0259\u015fkilat: &#8220;Az\u0259rbaycan \u201cqeyri-azad\u201d \u00f6lk\u0259dir&#8221;\",\"datePublished\":\"2022-02-24T09:08:34+00:00\",\"dateModified\":\"2022-02-24T09:09:49+00:00\",\"mainEntityOfPage\":{\"@id\":\"https:\\\/\\\/www.meydan.tv\\\/az\\\/article\\\/beynelxalq-teskilat-azerbaycan-qeyri-azad-olkedir\\\/\"},\"wordCount\":748,\"publisher\":{\"@id\":\"https:\\\/\\\/www.meydan.tv\\\/az\\\/#organization\"},\"image\":{\"@id\":\"https:\\\/\\\/www.meydan.tv\\\/az\\\/article\\\/beynelxalq-teskilat-azerbaycan-qeyri-azad-olkedir\\\/#primaryimage\"},\"thumbnailUrl\":\"https:\\\/\\\/www.meydan.tv\\\/wp-content\\\/uploads\\\/freedom_9xweaop.jpg\",\"articleSection\":[\"Siyas\u0259t\",\"X\u0259b\u0259rl\u0259r\"],\"inLanguage\":\"az\"},{\"@type\":\"WebPage\",\"@id\":\"https:\\\/\\\/www.meydan.tv\\\/az\\\/article\\\/beynelxalq-teskilat-azerbaycan-qeyri-azad-olkedir\\\/\",\"url\":\"https:\\\/\\\/www.meydan.tv\\\/az\\\/article\\\/beynelxalq-teskilat-azerbaycan-qeyri-azad-olkedir\\\/\",\"name\":\"Beyn\u0259lxalq t\u0259\u015fkilat: \\\"Az\u0259rbaycan \u201cqeyri-azad\u201d \u00f6lk\u0259dir\\\" - MEYDAN.TV\",\"isPartOf\":{\"@id\":\"https:\\\/\\\/www.meydan.tv\\\/az\\\/#website\"},\"primaryImageOfPage\":{\"@id\":\"https:\\\/\\\/www.meydan.tv\\\/az\\\/article\\\/beynelxalq-teskilat-azerbaycan-qeyri-azad-olkedir\\\/#primaryimage\"},\"image\":{\"@id\":\"https:\\\/\\\/www.meydan.tv\\\/az\\\/article\\\/beynelxalq-teskilat-azerbaycan-qeyri-azad-olkedir\\\/#primaryimage\"},\"thumbnailUrl\":\"https:\\\/\\\/www.meydan.tv\\\/wp-content\\\/uploads\\\/freedom_9xweaop.jpg\",\"datePublished\":\"2022-02-24T09:08:34+00:00\",\"dateModified\":\"2022-02-24T09:09:49+00:00\",\"breadcrumb\":{\"@id\":\"https:\\\/\\\/www.meydan.tv\\\/az\\\/article\\\/beynelxalq-teskilat-azerbaycan-qeyri-azad-olkedir\\\/#breadcrumb\"},\"inLanguage\":\"az\",\"potentialAction\":[{\"@type\":\"ReadAction\",\"target\":[\"https:\\\/\\\/www.meydan.tv\\\/az\\\/article\\\/beynelxalq-teskilat-azerbaycan-qeyri-azad-olkedir\\\/\"]}]},{\"@type\":\"ImageObject\",\"inLanguage\":\"az\",\"@id\":\"https:\\\/\\\/www.meydan.tv\\\/az\\\/article\\\/beynelxalq-teskilat-azerbaycan-qeyri-azad-olkedir\\\/#primaryimage\",\"url\":\"https:\\\/\\\/www.meydan.tv\\\/wp-content\\\/uploads\\\/freedom_9xweaop.jpg\",\"contentUrl\":\"https:\\\/\\\/www.meydan.tv\\\/wp-content\\\/uploads\\\/freedom_9xweaop.jpg\",\"width\":1502,\"height\":800,\"caption\":\"M\u0259nb\u0259: KOZYREV OLEG\\\/shutterstock\"},{\"@type\":\"BreadcrumbList\",\"@id\":\"https:\\\/\\\/www.meydan.tv\\\/az\\\/article\\\/beynelxalq-teskilat-azerbaycan-qeyri-azad-olkedir\\\/#breadcrumb\",\"itemListElement\":[{\"@type\":\"ListItem\",\"position\":1,\"name\":\"Ana s\u0259hif\u0259\",\"item\":\"https:\\\/\\\/www.meydan.tv\\\/az\\\/\"},{\"@type\":\"ListItem\",\"position\":2,\"name\":\"Siyas\u0259t\",\"item\":\"https:\\\/\\\/www.meydan.tv\\\/az\\\/section\\\/siyaset\\\/\"},{\"@type\":\"ListItem\",\"position\":3,\"name\":\"Beyn\u0259lxalq t\u0259\u015fkilat: &#8220;Az\u0259rbaycan \u201cqeyri-azad\u201d \u00f6lk\u0259dir&#8221;\"}]},{\"@type\":\"WebSite\",\"@id\":\"https:\\\/\\\/www.meydan.tv\\\/az\\\/#website\",\"url\":\"https:\\\/\\\/www.meydan.tv\\\/az\\\/\",\"name\":\"MEYDAN.TV\",\"description\":\"Meydan TV Az\u0259rbaycan\u0131n media m\u0259kan\u0131ndak\u0131 alternativ s\u0259sidir\",\"publisher\":{\"@id\":\"https:\\\/\\\/www.meydan.tv\\\/az\\\/#organization\"},\"potentialAction\":[{\"@type\":\"SearchAction\",\"target\":{\"@type\":\"EntryPoint\",\"urlTemplate\":\"https:\\\/\\\/www.meydan.tv\\\/az\\\/?s={search_term_string}\"},\"query-input\":{\"@type\":\"PropertyValueSpecification\",\"valueRequired\":true,\"valueName\":\"search_term_string\"}}],\"inLanguage\":\"az\"},{\"@type\":\"Organization\",\"@id\":\"https:\\\/\\\/www.meydan.tv\\\/az\\\/#organization\",\"name\":\"Meydan TV\",\"url\":\"https:\\\/\\\/www.meydan.tv\\\/az\\\/\",\"logo\":{\"@type\":\"ImageObject\",\"inLanguage\":\"az\",\"@id\":\"https:\\\/\\\/www.meydan.tv\\\/az\\\/#\\\/schema\\\/logo\\\/image\\\/\",\"url\":\"https:\\\/\\\/www.meydan.tv\\\/wp-content\\\/uploads\\\/2021\\\/07\\\/meydan-logo.svg\",\"contentUrl\":\"https:\\\/\\\/www.meydan.tv\\\/wp-content\\\/uploads\\\/2021\\\/07\\\/meydan-logo.svg\",\"width\":195,\"height\":46,\"caption\":\"Meydan TV\"},\"image\":{\"@id\":\"https:\\\/\\\/www.meydan.tv\\\/az\\\/#\\\/schema\\\/logo\\\/image\\\/\"}},{\"@type\":\"Person\",\"@id\":\"https:\\\/\\\/www.meydan.tv\\\/az\\\/#\\\/schema\\\/person\\\/9cdbecf90d17180ce1dfbd95b08dcf47\",\"name\":\"elli\",\"sameAs\":[\"https:\\\/\\\/x.com\\\/elli\"]}]}<\/script>\n<!-- \/ Yoast SEO plugin. -->","yoast_head_json":{"title":"Beyn\u0259lxalq t\u0259\u015fkilat: \"Az\u0259rbaycan \u201cqeyri-azad\u201d \u00f6lk\u0259dir\" - MEYDAN.TV","robots":{"index":"index","follow":"follow","max-snippet":"max-snippet:-1","max-image-preview":"max-image-preview:large","max-video-preview":"max-video-preview:-1"},"canonical":"https:\/\/www.meydan.tv\/az\/article\/beynelxalq-teskilat-azerbaycan-qeyri-azad-olkedir\/","og_locale":"az_AZ","og_type":"article","og_title":"Beyn\u0259lxalq t\u0259\u015fkilat: \"Az\u0259rbaycan \u201cqeyri-azad\u201d \u00f6lk\u0259dir\" - MEYDAN.TV","og_description":"&#8220;Avtoritar rejiml\u0259r t\u0259m\u0259l azadl\u0131qlar\u0131 m\u0259hudla\u015fd\u0131r\u0131r&#8221; Az\u0259rbaycan fundamental azadl\u0131qlara g\u00f6r\u0259 \u201cqeyri-azad\u201d ... Davam\u0131","og_url":"https:\/\/www.meydan.tv\/az\/article\/beynelxalq-teskilat-azerbaycan-qeyri-azad-olkedir\/","og_site_name":"MEYDAN.TV","article_published_time":"2022-02-24T09:08:34+00:00","article_modified_time":"2022-02-24T09:09:49+00:00","og_image":[{"width":1502,"height":800,"url":"https:\/\/www.meydan.tv\/wp-content\/uploads\/freedom_9xweaop.jpg","type":"image\/jpeg"}],"author":"elli","twitter_card":"summary_large_image","twitter_creator":"@elli","schema":{"@context":"https:\/\/schema.org","@graph":[{"@type":"Article","@id":"https:\/\/www.meydan.tv\/az\/article\/beynelxalq-teskilat-azerbaycan-qeyri-azad-olkedir\/#article","isPartOf":{"@id":"https:\/\/www.meydan.tv\/az\/article\/beynelxalq-teskilat-azerbaycan-qeyri-azad-olkedir\/"},"author":{"name":"elli","@id":"https:\/\/www.meydan.tv\/az\/#\/schema\/person\/9cdbecf90d17180ce1dfbd95b08dcf47"},"headline":"Beyn\u0259lxalq t\u0259\u015fkilat: &#8220;Az\u0259rbaycan \u201cqeyri-azad\u201d \u00f6lk\u0259dir&#8221;","datePublished":"2022-02-24T09:08:34+00:00","dateModified":"2022-02-24T09:09:49+00:00","mainEntityOfPage":{"@id":"https:\/\/www.meydan.tv\/az\/article\/beynelxalq-teskilat-azerbaycan-qeyri-azad-olkedir\/"},"wordCount":748,"publisher":{"@id":"https:\/\/www.meydan.tv\/az\/#organization"},"image":{"@id":"https:\/\/www.meydan.tv\/az\/article\/beynelxalq-teskilat-azerbaycan-qeyri-azad-olkedir\/#primaryimage"},"thumbnailUrl":"https:\/\/www.meydan.tv\/wp-content\/uploads\/freedom_9xweaop.jpg","articleSection":["Siyas\u0259t","X\u0259b\u0259rl\u0259r"],"inLanguage":"az"},{"@type":"WebPage","@id":"https:\/\/www.meydan.tv\/az\/article\/beynelxalq-teskilat-azerbaycan-qeyri-azad-olkedir\/","url":"https:\/\/www.meydan.tv\/az\/article\/beynelxalq-teskilat-azerbaycan-qeyri-azad-olkedir\/","name":"Beyn\u0259lxalq t\u0259\u015fkilat: \"Az\u0259rbaycan \u201cqeyri-azad\u201d \u00f6lk\u0259dir\" - MEYDAN.TV","isPartOf":{"@id":"https:\/\/www.meydan.tv\/az\/#website"},"primaryImageOfPage":{"@id":"https:\/\/www.meydan.tv\/az\/article\/beynelxalq-teskilat-azerbaycan-qeyri-azad-olkedir\/#primaryimage"},"image":{"@id":"https:\/\/www.meydan.tv\/az\/article\/beynelxalq-teskilat-azerbaycan-qeyri-azad-olkedir\/#primaryimage"},"thumbnailUrl":"https:\/\/www.meydan.tv\/wp-content\/uploads\/freedom_9xweaop.jpg","datePublished":"2022-02-24T09:08:34+00:00","dateModified":"2022-02-24T09:09:49+00:00","breadcrumb":{"@id":"https:\/\/www.meydan.tv\/az\/article\/beynelxalq-teskilat-azerbaycan-qeyri-azad-olkedir\/#breadcrumb"},"inLanguage":"az","potentialAction":[{"@type":"ReadAction","target":["https:\/\/www.meydan.tv\/az\/article\/beynelxalq-teskilat-azerbaycan-qeyri-azad-olkedir\/"]}]},{"@type":"ImageObject","inLanguage":"az","@id":"https:\/\/www.meydan.tv\/az\/article\/beynelxalq-teskilat-azerbaycan-qeyri-azad-olkedir\/#primaryimage","url":"https:\/\/www.meydan.tv\/wp-content\/uploads\/freedom_9xweaop.jpg","contentUrl":"https:\/\/www.meydan.tv\/wp-content\/uploads\/freedom_9xweaop.jpg","width":1502,"height":800,"caption":"M\u0259nb\u0259: KOZYREV OLEG\/shutterstock"},{"@type":"BreadcrumbList","@id":"https:\/\/www.meydan.tv\/az\/article\/beynelxalq-teskilat-azerbaycan-qeyri-azad-olkedir\/#breadcrumb","itemListElement":[{"@type":"ListItem","position":1,"name":"Ana s\u0259hif\u0259","item":"https:\/\/www.meydan.tv\/az\/"},{"@type":"ListItem","position":2,"name":"Siyas\u0259t","item":"https:\/\/www.meydan.tv\/az\/section\/siyaset\/"},{"@type":"ListItem","position":3,"name":"Beyn\u0259lxalq t\u0259\u015fkilat: &#8220;Az\u0259rbaycan \u201cqeyri-azad\u201d \u00f6lk\u0259dir&#8221;"}]},{"@type":"WebSite","@id":"https:\/\/www.meydan.tv\/az\/#website","url":"https:\/\/www.meydan.tv\/az\/","name":"MEYDAN.TV","description":"Meydan TV Az\u0259rbaycan\u0131n media m\u0259kan\u0131ndak\u0131 alternativ s\u0259sidir","publisher":{"@id":"https:\/\/www.meydan.tv\/az\/#organization"},"potentialAction":[{"@type":"SearchAction","target":{"@type":"EntryPoint","urlTemplate":"https:\/\/www.meydan.tv\/az\/?s={search_term_string}"},"query-input":{"@type":"PropertyValueSpecification","valueRequired":true,"valueName":"search_term_string"}}],"inLanguage":"az"},{"@type":"Organization","@id":"https:\/\/www.meydan.tv\/az\/#organization","name":"Meydan TV","url":"https:\/\/www.meydan.tv\/az\/","logo":{"@type":"ImageObject","inLanguage":"az","@id":"https:\/\/www.meydan.tv\/az\/#\/schema\/logo\/image\/","url":"https:\/\/www.meydan.tv\/wp-content\/uploads\/2021\/07\/meydan-logo.svg","contentUrl":"https:\/\/www.meydan.tv\/wp-content\/uploads\/2021\/07\/meydan-logo.svg","width":195,"height":46,"caption":"Meydan TV"},"image":{"@id":"https:\/\/www.meydan.tv\/az\/#\/schema\/logo\/image\/"}},{"@type":"Person","@id":"https:\/\/www.meydan.tv\/az\/#\/schema\/person\/9cdbecf90d17180ce1dfbd95b08dcf47","name":"elli","sameAs":["https:\/\/x.com\/elli"]}]}},"_links":{"self":[{"href":"https:\/\/www.meydan.tv\/az\/wp-json\/wp\/v2\/posts\/235560","targetHints":{"allow":["GET"]}}],"collection":[{"href":"https:\/\/www.meydan.tv\/az\/wp-json\/wp\/v2\/posts"}],"about":[{"href":"https:\/\/www.meydan.tv\/az\/wp-json\/wp\/v2\/types\/post"}],"author":[{"embeddable":true,"href":"https:\/\/www.meydan.tv\/az\/wp-json\/wp\/v2\/users\/8"}],"replies":[{"embeddable":true,"href":"https:\/\/www.meydan.tv\/az\/wp-json\/wp\/v2\/comments?post=235560"}],"version-history":[{"count":2,"href":"https:\/\/www.meydan.tv\/az\/wp-json\/wp\/v2\/posts\/235560\/revisions"}],"predecessor-version":[{"id":235562,"href":"https:\/\/www.meydan.tv\/az\/wp-json\/wp\/v2\/posts\/235560\/revisions\/235562"}],"wp:featuredmedia":[{"embeddable":true,"href":"https:\/\/www.meydan.tv\/az\/wp-json\/wp\/v2\/media\/132672"}],"wp:attachment":[{"href":"https:\/\/www.meydan.tv\/az\/wp-json\/wp\/v2\/media?parent=235560"}],"wp:term":[{"taxonomy":"category","embeddable":true,"href":"https:\/\/www.meydan.tv\/az\/wp-json\/wp\/v2\/categories?post=235560"},{"taxonomy":"post_tag","embeddable":true,"href":"https:\/\/www.meydan.tv\/az\/wp-json\/wp\/v2\/tags?post=235560"}],"curies":[{"name":"wp","href":"https:\/\/api.w.org\/{rel}","templated":true}]}}