{"id":235521,"date":"2022-02-24T09:24:10","date_gmt":"2022-02-24T05:24:10","guid":{"rendered":"https:\/\/www.meydan.tv\/?p=235521"},"modified":"2022-02-25T00:44:51","modified_gmt":"2022-02-24T20:44:51","slug":"ukrayna-rusiyanin-tammiqyasli-isgalini-tesdiqledi","status":"publish","type":"post","link":"https:\/\/www.meydan.tv\/az\/article\/ukrayna-rusiyanin-tammiqyasli-isgalini-tesdiqledi\/","title":{"rendered":"Bloq: Rusiya-Ukrayna m\u00fcharib\u0259si: yenil\u0259n\u0259n x\u0259b\u0259rl\u0259r"},"content":{"rendered":"\n<p><strong>00.44<\/strong><\/p>\n\n\n\n<p><strong>AB\u015e Rusiyaya sanksiyalar\u0131n\u0131 <a href=\"https:\/\/www.meydan.tv\/az\/article\/abs-rusiyaya-sanksiyalarini-aciqladi\/\" target=\"_blank\" rel=\"noreferrer noopener\">a\u00e7\u0131qlad\u0131<\/a><\/strong>\u00a0<br><\/p>\n\n\n\n<p>AB\u015e Prezidenti Co Bayden Rusiyaya yeni sanksiyalar elan edib. Bunlardan biri Rusiyan\u0131n VTB bank\u0131n\u0131n AB\u015e-\u0131n maliyy\u0259 sistemi il\u0259 \u0259laq\u0259sinin k\u0259silm\u0259sidir.<br><\/p>\n\n\n\n<p>Eyni zamanda, Rusiya oliqarxlar\u0131 v\u0259 bu \u00f6lk\u0259nin texnologiya sektorunu h\u0259d\u0259fl\u0259y\u0259c\u0259k yeni sanksiyalar da t\u0259tbiq edil\u0259c\u0259k:<br><\/p>\n\n\n\n<p>\u201cM\u00fcharib\u0259 Putinin se\u00e7imidir. Bunun n\u0259tic\u0259l\u0259rind\u0259n d\u0259 o v\u0259 Rusiya \u0259ziyy\u0259t \u00e7\u0259k\u0259c\u0259k. Yeni sanksiyalar Rusiya iqtisadiyyat\u0131 \u00fcz\u0259rin\u0259 d\u0259rhal v\u0259 an etibaril\u0259 a\u011f\u0131r y\u00fck qoyacaq\u201d.<\/p>\n\n\n\n<hr class=\"wp-block-separator\"\/>\n\n\n\n<p><strong>00.43.<\/strong><\/p>\n\n\n\n<p><strong>\u00c7exiya Prezidenti Putini \u201cd\u0259li\u201d adland\u0131r\u0131b<\/strong><\/p>\n\n\n\n<p><em>\u00c7exiya Prezidenti Milo\u015f Zeman Rusiyan\u0131n Ukraynaya h\u00fccumunu <a href=\"https:\/\/www.meydan.tv\/az\/article\/cexiya-prezidenti-putini-deli-adlandirib\/\" target=\"_blank\" rel=\"noreferrer noopener\">pisl\u0259yib<\/a>.<\/em><\/p>\n\n\n\n<p><em>Vladimir Putinin m\u00fctt\u0259fiqi v\u0259 p\u0259r\u0259sti\u015fkar\u0131 kimi \u015f\u00f6hr\u0259t qazanan Zeman televiziya il\u0259 \u00e7\u0131x\u0131\u015f\u0131nda Rusiya Prezidenti Vladimir Putini \u201cd\u0259li\u201d adland\u0131r\u0131b. O, Rusiyan\u0131n SWIFT beyn\u0259lxalq bank sistemind\u0259n \u00e7\u0131xar\u0131lmas\u0131na \u00e7a\u011f\u0131r\u0131b.<\/em><\/p>\n\n\n\n<p><em>\u201cBu, n\u0259inki s\u00f6zd\u0259, h\u0259m d\u0259 \u0259m\u0259ld\u0259 \u0259n s\u0259rt \u015f\u0259kild\u0259 pisl\u0259nilm\u0259li olan \u0259sass\u0131z t\u0259cav\u00fcz akt\u0131d\u0131r\u201d.<\/em><\/p>\n\n\n\n<hr class=\"wp-block-separator\"\/>\n\n\n\n<p><strong>00.18.<\/strong><\/p>\n\n\n\n<p><strong>Ukrayna s\u0259firliyi sad\u0259 az\u0259rbaycanl\u0131lara t\u0259\u015f\u0259kk\u00fcr etdi<\/strong><\/p>\n\n\n\n<p><em>Ukraynan\u0131n Az\u0259rbaycandak\u0131 s\u0259firliyi t\u0259\u015f\u0259kk\u00fcr mesaj\u0131 yay\u0131b.<br><\/em><\/p>\n\n\n\n<p><em>\u201cAz\u0259rbaycan\u0131n sad\u0259 v\u0259t\u0259nda\u015flar\u0131ndan, x\u00fcsus\u0259n d\u0259 sosial \u015f\u0259b\u0259k\u0259l\u0259rd\u0259 Ukraynaya d\u0259st\u0259k \u00fc\u00e7\u00fcn \u00e7oxlu telefon z\u0259ngl\u0259ri v\u0259 mesajlar ald\u0131q. Bu, m\u0259n\u0259 \u0130kinci Qaraba\u011f m\u00fcharib\u0259si zaman\u0131 sad\u0259 ukraynal\u0131lar\u0131n Az\u0259rbaycan\u0131 nec\u0259 d\u0259st\u0259kl\u0259diyini xat\u0131rlad\u0131r\u201d, &#8211; a\u00e7\u0131qlamada deyilir.<\/em><br><\/p>\n\n\n\n<p><em>\u201c\u00d6lk\u0259miz \u00fc\u00e7\u00fcn bel\u0259 \u00e7\u0259tin bir zamanda Ukrayna xalq\u0131 il\u0259 h\u0259mr\u0259ylik n\u00fcmayi\u015f etdir\u0259n b\u00fct\u00fcn az\u0259rbaycanl\u0131lara d\u0259rin t\u0259\u015f\u0259kk\u00fcr\u00fcm\u00fcz\u00fc bildiririk!\u201d, &#8211; s\u0259firlik <a href=\"https:\/\/www.facebook.com\/photo\/?fbid=3060159277581896&amp;set=a.1572366053027900\" target=\"_blank\" rel=\"noreferrer noopener\">vur\u011fulay\u0131b<\/a>.<\/em><\/p>\n\n\n\n<hr class=\"wp-block-separator\"\/>\n\n\n\n<p><strong>00.08.<\/strong><\/p>\n\n\n\n<p><strong>Nazir: M\u00fcharib\u0259 ba\u015flayandan 57 n\u0259f\u0259r \u00f6l\u00fcb<\/strong><br><\/p>\n\n\n\n<p><em>Donetskinin \u015f\u0259rqind\u0259 g\u00fccl\u00fc at\u0259\u015f davam edir<\/em><br><\/p>\n\n\n\n<p><em>Ukraynan\u0131n s\u0259hiyy\u0259 naziri Oleq Lya\u015fko Rusiyan\u0131n Ukraynaya m\u00fcharib\u0259 elan etm\u0259sind\u0259n sonra 57 n\u0259f\u0259rin \u00f6ld\u00fcy\u00fcn\u00fc, 169 n\u0259f\u0259rin yaraland\u0131\u011f\u0131n\u0131 bildirib, &#8211; \u201cReuters\u201d x\u0259b\u0259r verir.<br>M\u00fcdafi\u0259 nazirinin m\u00fcavini is\u0259 \u0259lav\u0259 edib ki, Donetsk vilay\u0259tinin \u015f\u0259rqind\u0259 g\u00fccl\u00fc at\u0259\u015f h\u0259l\u0259 d\u0259 davam edir.<\/em><\/p>\n\n\n\n<hr class=\"wp-block-separator\"\/>\n\n\n\n<p><strong>23.53.<\/strong><\/p>\n\n\n\n<p><strong>\u201c\u018fsg\u0259r Analar\u0131 Komit\u0259si\u201d: T\u0259cili xidm\u0259t \u0259sg\u0259rl\u0259rini k\u00fctl\u0259vi \u015f\u0259kild\u0259 m\u00fcqavil\u0259 ba\u011flama\u011fa m\u0259cbur edirl\u0259r<\/strong><\/p>\n\n\n\n<p><em>Zorak\u0131 \u015f\u0259kild\u0259 m\u00fcqavil\u0259li xidm\u0259t\u0259 ke\u00e7iril\u0259n t\u0259cili xidm\u0259t \u0259sg\u0259rl\u0259rini Ukrayna il\u0259 s\u0259rh\u0259d\u0259 apar\u0131rlar. Bu bar\u0259d\u0259 \u201cNovaya qazeta\u201dya Rusiya \u018fsg\u0259r Analar\u0131 Komit\u0259si s\u0259drinin m\u00fcavini Andrey Kuro\u00e7kin x\u0259b\u0259r verib.<br><\/em><\/p>\n\n\n\n<p><em>\u201cHiss\u0259l\u0259rd\u0259 m\u00fcqavil\u0259li \u0259sg\u0259r q\u0131tl\u0131\u011f\u0131 ya\u015fan\u0131r v\u0259 komandirl\u0259r t\u0259cili xidm\u0259t \u0259sg\u0259rl\u0259rin\u0259 t\u0259zyiq g\u00f6st\u0259r\u0259r\u0259k, onlar\u0131 m\u00fcv\u0259qq\u0259ti m\u00fcqavil\u0259 ba\u011flama\u011fa m\u0259cbur edir. Sonra bu m\u00fcqavil\u0259l\u0259ri pozacaqlar\u0131n\u0131 v\u0259d edirl\u0259r, lakin bunu etm\u0259k m\u00fc\u015fk\u00fcl m\u0259s\u0259l\u0259dir\u201d.<\/em><br><\/p>\n\n\n\n<p><em>Andrey Kuro\u00e7kin \u0259lav\u0259 edir: \u201cD\u00f6y\u00fc\u015f\u00e7\u00fc analar\u0131 biz\u0259 x\u0259b\u0259r verirl\u0259r ki, t\u0259cili xidm\u0259t \u0259sg\u0259rl\u0259rin\u0259 s\u0259rh\u0259dd\u0259 silah verib, onlara art\u0131q m\u00fcqavil\u0259li \u0259sg\u0259r olduqlar\u0131n\u0131 deyirl\u0259r. He\u00e7 bir a\u00e7\u0131qlama vermirl\u0259r, sonra u\u015faqlara z\u0259ng \u00e7atm\u0131r \u2013 onlar\u0131n \u0259lind\u0259n b\u00fct\u00fcn rabit\u0259 vasit\u0259l\u0259rini al\u0131rlar. Biz haz\u0131rda t\u0259cili xidm\u0259t \u0259sg\u0259rl\u0259ri bar\u0259d\u0259 m\u0259lumatlar\u0131 y\u0131\u011f\u0131r, onlar\u0131 H\u0259rbi Prokurorlu\u011fa, M\u00fcdafi\u0259 Nazirliyin\u0259 v\u0259 dig\u0259r qurumlara t\u0259qdim edirik\u201d, \u2013 Kuro\u00e7kin <a href=\"https:\/\/www.meydan.tv\/az\/article\/esger-analari-komitesi-tecili-xidmet-esgerlerini-kutlevi-sekilde-muqavile-baglamaga-mecbur-edirler\/\" target=\"_blank\" rel=\"noreferrer noopener\">deyib<\/a>.<\/em><\/p>\n\n\n\n<hr class=\"wp-block-separator\"\/>\n\n\n\n<p><strong>23.39.<\/strong><\/p>\n\n\n\n<p><strong>Boris Conson VTB v\u0259 \u201cAeroflot\u201da qar\u015f\u0131 bloklay\u0131c\u0131 sanksiyalar yeridil\u0259c\u0259yini elan edib<\/strong><\/p>\n\n\n\n<p><em>B\u00f6y\u00fck Britaniya VTB v\u0259 \u201cAeroflot\u201da qar\u015f\u0131 bloklay\u0131c\u0131 sanksiyalar t\u0259tbiq edir. Bu bar\u0259d\u0259 \u00f6lk\u0259nin Ba\u015f naziri Boris Conson b\u0259yan edib, \u201cThe Guardian\u201d x\u0259b\u0259r verir.<\/em><\/p>\n\n\n\n<p><em>B\u00f6y\u00fck Britaniya \u201cVTB\u201d-nin b\u00fct\u00fcn aktivl\u0259rini dondurur. London h\u0259m\u00e7inin Rusiya Federasiyas\u0131 v\u0259t\u0259nda\u015flar\u0131n\u0131n B\u00f6y\u00fck Britaniya banklar\u0131nda olan hesablar\u0131ndak\u0131 depozitin h\u0259cmin\u0259 m\u0259hdudiyy\u0259t qoyur. \u201cAeroflot\u201d bu \u00f6lk\u0259y\u0259 u\u00e7a bilm\u0259z.<\/em><\/p>\n\n\n\n<p><em>Sanksiyalar h\u0259m\u00e7inin Rusiyan\u0131n iri \u015firk\u0259tl\u0259rinin Britaniya bazar\u0131nda maliyy\u0259l\u0259\u015fm\u0259sin\u0259 qada\u011fan\u0131 v\u0259 Rusiyaya neft emal\u0131 \u00fc\u00e7\u00fcn y\u00fcks\u0259k texnologiya v\u0259 qur\u011fular\u0131n ixrac\u0131na m\u0259hdudiyy\u0259tl\u0259ri n\u0259z\u0259rd\u0259 <a href=\"https:\/\/www.meydan.tv\/az\/article\/boris-conson-vtb-ve-aeroflota-qarsi-bloklayici-sanksiyalar-yeridileceyini-elan-edib\/\" target=\"_blank\" rel=\"noreferrer noopener\">tutur<\/a>.<\/em><\/p>\n\n\n\n<hr class=\"wp-block-separator\"\/>\n\n\n\n<p><strong>23.36.<\/strong><\/p>\n\n\n\n<p><strong>Rusiyal\u0131 s\u0259n\u0259t\u00e7il\u0259r m\u00fcharib\u0259y\u0259 etiraz etdi<\/strong><\/p>\n\n\n\n<p><em>Fevral\u0131n 24-d\u0259 Rusiyan\u0131n Ukraynada ba\u015flatd\u0131\u011f\u0131 h\u0259rbi \u0259m\u0259liyyatlardan sonra bir \u00e7ox rus s\u0259n\u0259t\u00e7i v\u0259 ictimaiyy\u0259t n\u00fcmay\u0259nd\u0259si ba\u015f ver\u0259nl\u0259r\u0259 s\u0259ssiz qalmay\u0131b.<br><\/em><\/p>\n\n\n\n<p><em>Onlar istifad\u0259\u00e7isi olduqlar\u0131 sosial \u015f\u0259b\u0259k\u0259l\u0259r vasit\u0259sil\u0259 m\u00fcharib\u0259y\u0259 qar\u015f\u0131 \u00e7\u0131xd\u0131qlar\u0131n\u0131 elan edibl\u0259r.<br><\/em><\/p>\n\n\n\n<p><em>\u018fks\u0259riyy\u0259t bu v\u0259ziyy\u0259td\u0259 kimin g\u00fcnahkar oldu\u011funa dair m\u00fchakim\u0259 y\u00fcr\u00fctm\u0259d\u0259n s\u00fclh\u0259 \u00e7a\u011f\u0131r\u0131\u015f edib.<br>Aralar\u0131nda ba\u015f ver\u0259nl\u0259r\u0259 g\u00f6r\u0259 a\u00e7\u0131q \u015f\u0259kild\u0259 Rusiya r\u0259hb\u0259rliyini g\u00fcnahland\u0131ranlar da <a href=\"https:\/\/www.meydan.tv\/az\/article\/rusiyali-senetciler-muharibeye-etiraz-etdi\/\" target=\"_blank\" rel=\"noreferrer noopener\">var<\/a>.<\/em><\/p>\n\n\n\n<hr class=\"wp-block-separator\"\/>\n\n\n\n<p><strong>23.07.<\/strong><\/p>\n\n\n\n<p><strong>\u00c7ernob\u0131l\u0131n Rusiyan\u0131n n\u0259zar\u0259tin\u0259 ke\u00e7diyi bildirilir<\/strong><\/p>\n\n\n\n<p><em>Ukraynan\u0131n Ba\u015f naziri Denis \u015em\u0131qal bildirib ki, \u00c7ernob\u0131l Atom Elektrik Stansiyas\u0131 Rusiya q\u00fcvv\u0259l\u0259rinin n\u0259zar\u0259tin\u0259 ke\u00e7ib.<\/em><\/p>\n\n\n\n<hr class=\"wp-block-separator\"\/>\n\n\n\n<p><strong>21.28.<\/strong><\/p>\n\n\n\n<p><strong>Kiyevd\u0259n \u00e7\u0131xmaq ist\u0259y\u0259n avtomobill\u0259r b\u00f6y\u00fck t\u0131xac yarad\u0131b<\/strong><\/p>\n\n\n\n<p><em>Bir ne\u00e7\u0259 qatar reysi l\u0259\u011fv edilib<\/em><\/p>\n\n\n\n<p><em>Ukraynan\u0131n paytaxt\u0131 Kiyevd\u0259 yerli vaxtla saat 18:00-da qa\u00e7\u0131b q\u0259rb\u0259 do\u011fru getm\u0259y\u0259 \u00e7al\u0131\u015fan ma\u015f\u0131nlar\u0131n b\u00f6y\u00fck n\u00f6vb\u0259l\u0259ri yaran\u0131b.<\/em><\/p>\n\n\n\n<p><em>\u201cGuardian\u201d <a href=\"https:\/\/www.theguardian.com\/world\/live\/2022\/feb\/24\/russia-invades-ukraine-declares-war-latest-news-live-updates-russian-invasion-vladimir-putin-explosions-bombing-kyiv-kharkiv\" target=\"_blank\" rel=\"noreferrer noopener\">yaz\u0131r<\/a> ki, \u015f\u0259h\u0259rd\u0259n \u00e7\u0131xan \u0259sas yolda b\u00f6y\u00fck t\u0131xac yaran\u0131b. T\u0131xac uzun m\u00fcdd\u0259t h\u0259r\u0259k\u0259tsiz qal\u0131b. S\u00fcr\u00fcc\u00fcl\u0259r avtomobill\u0259rinin yan\u0131nda dayanaraq yolun a\u00e7\u0131lmas\u0131n\u0131 g\u00f6zl\u0259yir.<\/em><\/p>\n\n\n\n<p><em>Paytaxt\u0131n m\u0259rk\u0259zi Kiyevd\u0259ki s\u0259rni\u015fin qatar stansiyas\u0131ndan y\u00fczl\u0259rl\u0259 insan yola d\u00fc\u015fm\u0259y\u0259 \u00e7al\u0131\u015f\u0131b. Bilet v\u0259 m\u0259lumat almaq \u00fc\u00e7\u00fcn uzun n\u00f6vb\u0259l\u0259r yaran\u0131b. Bir ne\u00e7\u0259 qatar reysi l\u0259\u011fv edilib.<\/em><\/p>\n\n\n\n<div class=\"wp-block-image\"><figure class=\"alignleft size-large is-resized\"><img decoding=\"async\" data-src=\"https:\/\/www.meydan.tv\/wp-content\/uploads\/3500-2-1200x720.jpg\" alt=\"\" class=\"wp-image-235812 lazyload\" width=\"434\" height=\"260\" src=\"data:image\/svg+xml;base64,PHN2ZyB3aWR0aD0iMSIgaGVpZ2h0PSIxIiB4bWxucz0iaHR0cDovL3d3dy53My5vcmcvMjAwMC9zdmciPjwvc3ZnPg==\" style=\"--smush-placeholder-width: 434px; --smush-placeholder-aspect-ratio: 434\/260;\" \/><figcaption>Kiyevi t\u0259rk etm\u0259k ist\u0259y\u0259n insanlar M\u0259rk\u0259zi D\u0259miryol Va\u011fzal\u0131ndak\u0131 qatar c\u0259dv\u0259linin qar\u015f\u0131s\u0131nda dayan\u0131blar Foto: Volodymyr Petrov\/Reuters<\/figcaption><\/figure><\/div>\n\n\n\n<p><em>Kiyevd\u0259ki Beyn\u0259lxalq Avropa Universitetinin bir qrup pakistanl\u0131 t\u0259l\u0259b\u0259si 500 dollara onlar\u0131 Lvova aparacaq taksi tapd\u0131qlar\u0131n\u0131 bildiribl\u0259r.<\/em><\/p>\n\n\n\n<p><em>\u201cBiz t\u0259hsilimiz \u00fc\u00e7\u00fcn buraday\u0131q. \u0130ndi bilmirik, qalaq, yoxsa qay\u0131daq. Pol\u015faya ke\u00e7m\u0259k olar, onun \u00fc\u00e7\u00fcn d\u0259 vizam\u0131z yoxdur\u201d, &#8211; t\u0259l\u0259b\u0259l\u0259rd\u0259n biri bildirib.<\/em><\/p>\n\n\n\n<hr class=\"wp-block-separator\"\/>\n\n\n\n<p><\/p>\n\n\n\n<p><\/p>\n\n\n\n<p><\/p>\n\n\n\n<p><\/p>\n\n\n\n<p><strong>21.03.<\/strong><\/p>\n\n\n\n<p><strong>Bu g\u00fcn Rusiya-Ukrayna aras\u0131nda n\u0259l\u0259r ba\u015f verib<\/strong><\/p>\n\n\n\n<ul class=\"wp-block-list\"><li><em>G\u00fcn Ukrayna r\u0259smil\u0259rinin \u201cRusiya tammiqyasl\u0131 i\u015f\u011fala ba\u015flad\u0131\u201d \u2013 a\u00e7\u0131qlamas\u0131 il\u0259 a\u00e7\u0131ld\u0131. Ukrayna Daxili \u0130\u015fl\u0259r Nazirliyi ilkin olaraq raket, artilleriya v\u0259 aviasiya z\u0259rb\u0259l\u0259ri endirildiyini bildirdi. \u018fsas\u0259n h\u0259rbi infrastruktur, baza v\u0259 hava limanlar\u0131n\u0131n h\u0259d\u0259f al\u0131nd\u0131\u011f\u0131 a\u00e7\u0131qland\u0131.<\/em><\/li><\/ul>\n\n\n\n<ul class=\"wp-block-list\"><li><em>Ukraynan\u0131n c\u0259nubundak\u0131 Odessa vilay\u0259tinin regional hakimiyy\u0259t orqanlar\u0131 raket h\u00fccumu n\u0259tic\u0259sind\u0259 18 n\u0259f\u0259rin \u00f6ld\u00fcy\u00fcn\u00fc bildirdi. Kiyev yax\u0131nl\u0131\u011f\u0131ndak\u0131 Brovar\u0131 \u015f\u0259h\u0259rind\u0259 az\u0131 6 n\u0259f\u0259rin h\u0259lak oldu\u011fu a\u00e7\u0131qland\u0131. Daha sonra r\u0259smi m\u0259lumatlar Donetskin Vuhledar \u015f\u0259h\u0259rind\u0259 x\u0259st\u0259xanaya m\u0259rminin d\u00fc\u015fm\u0259si n\u0259tic\u0259sind\u0259 4 n\u0259f\u0259rin \u00f6ld\u00fcy\u00fcn\u00fc bildirdi.<\/em><\/li><\/ul>\n\n\n\n<ul class=\"wp-block-list\"><li><em>Ard\u0131ncan daxili i\u015fl\u0259r nazirinin m\u00fcavini Antonio Quterres minl\u0259rl\u0259 ukraynal\u0131 \u00f6lk\u0259ni t\u0259rk etdiyini, \u015f\u0259h\u0259rin \u00e7\u0131x\u0131\u015f\u0131nda t\u0131xac yarand\u0131\u011f\u0131n\u0131 a\u00e7\u0131qlad\u0131<\/em>.<\/li><\/ul>\n\n\n\n<ul class=\"wp-block-list\"><li><em>Rusiya M\u00fcdafi\u0259 Nazirliyi Ukrayna ordusunun 74 quru obyektini, o c\u00fcml\u0259d\u0259n 11 aerodrom, \u00fc\u00e7 komanda m\u0259nt\u0259q\u0259si v\u0259 zenit-raket kompleksl\u0259ri \u00fc\u00e7\u00fcn 18 radar stansiyas\u0131n\u0131 m\u0259hv etdiyini bildirdi.<\/em><\/li><\/ul>\n\n\n\n<ul class=\"wp-block-list\"><li><em>Daha sonra Q\u0259rb liderl\u0259ri Rusiyan\u0131n Ukraynaya h\u00fccumunu q\u0131nama\u011fa ba\u015flad\u0131: AB\u015e prezidenti Co &nbsp;Bayden &#8220;ciddi sanksiyalar&#8221; elan ed\u0259c\u0259yini s\u00f6yl\u0259di. B\u00f6y\u00fck Britaniyan\u0131n Ba\u015f naziri Boris Conson is\u0259 parlament\u0259 yeni t\u0259dbirl\u0259r paketini t\u0259qdim ed\u0259c\u0259yini bildirdi.<\/em><\/li><\/ul>\n\n\n\n<ul class=\"wp-block-list\"><li><em>Avropa \u0130ttifaq\u0131 liderl\u0259rinin Br\u00fcssel g\u00f6r\u00fc\u015f\u00fcnd\u0259n \u0259vv\u0259l \u201ck\u00fctl\u0259vi sanksiyalar\u201d v\u0259d edildi. Lakin h\u0259l\u0259lik onlar\u0131n &nbsp;n\u0259l\u0259rd\u0259n ibar\u0259t olaca\u011f\u0131 a\u00e7\u0131qlanmay\u0131b. Birlik h\u0259m\u00e7inin bildirib ki, Putinin i\u015f\u011fal\u0131n\u0131 d\u0259st\u0259kl\u0259m\u0259kd\u0259 oynad\u0131\u011f\u0131 rola g\u00f6r\u0259 Belarusa sanksiyalar t\u0259tbiq ed\u0259c\u0259k.<\/em><\/li><\/ul>\n\n\n\n<ul class=\"wp-block-list\"><li><em>Rusiya d\u00f6vl\u0259t televiziyas\u0131 m\u00fcharib\u0259ni m\u00fcdafi\u0259 missiyas\u0131 kimi q\u0259l\u0259m\u0259 verdi. Lakin Moskvada sad\u0259 insanlar m\u00fcharib\u0259y\u0259 etiraz etdi.<\/em><\/li><\/ul>\n\n\n\n<ul class=\"wp-block-list\"><li><em>Rusiya M\u0259rk\u0259zi Bank\u0131 Moskva birjas\u0131n\u0131n \u00e7\u00f6km\u0259sinin qar\u015f\u0131s\u0131n\u0131 almaq v\u0259 valyutan\u0131n dollar qar\u015f\u0131s\u0131nda tarixi \u0259n a\u015fa\u011f\u0131 s\u0259viyy\u0259y\u0259 enm\u0259sind\u0259n sonra onu d\u0259st\u0259kl\u0259m\u0259k \u00fc\u00e7\u00fcn milyonlarla rubl ay\u0131rd\u0131.<\/em><\/li><\/ul>\n\n\n\n<ul class=\"wp-block-list\"><li><em>Ukrayna Rusiya \u0259sg\u0259rl\u0259rinin \u00c7ernob\u0131l AES-na daxil oldu\u011funu, bunun t\u0259kc\u0259 Ukrayna \u00fc\u00e7\u00fcn yox, Avropa Birliyi \u00f6lk\u0259l\u0259ri \u00fc\u00e7\u00fcn d\u0259 t\u0259hl\u00fck\u0259 oldu\u011funu a\u00e7\u0131qlad\u0131.<\/em><\/li><\/ul>\n\n\n\n<ul class=\"wp-block-list\"><li><em>Q\u0259rbin ittihamlar\u0131 qar\u015f\u0131s\u0131nda Belarus prezidenti Luka\u015fenko \u00e7\u0131x\u0131\u015f ed\u0259r\u0259k Rusiyan\u0131n Ukraynaya h\u00fccumunda h\u0259r hans\u0131 rolunun olmad\u0131\u011f\u0131n\u0131 bildirdi.<\/em><\/li><\/ul>\n\n\n\n<hr class=\"wp-block-separator\"\/>\n\n\n\n<p><strong>20.58.<\/strong><\/p>\n\n\n\n<p><strong>Luka\u015fenko iddialar\u0131 r\u0259dd edir<\/strong><\/p>\n\n\n\n<p><em>Ukraynan\u0131n s\u0259rh\u0259d xidm\u0259ti Rusiya h\u0259rb\u00e7il\u0259rinin \u0259razil\u0259rin\u0259 Belarusdan artilleriya at\u0259\u015fi a\u00e7d\u0131\u011f\u0131n\u0131 bildirir.<\/em><\/p>\n\n\n\n<p><em>Belarusun lideri Aleksandr Luka\u015fenka is\u0259 Rusiyan\u0131n Ukraynaya qar\u015f\u0131 ba\u015flad\u0131\u011f\u0131 h\u00fccumda ordusunun i\u015ftirak etm\u0259diyini deyib.<\/em><\/p>\n\n\n\n<p><em>\u201cBizim silahl\u0131 q\u00fcvv\u0259l\u0259rimiz bu \u0259m\u0259liyyatda i\u015ftirak etmirl\u0259r\u201d, \u2013Luka\u015fenka deyib.<\/em><\/p>\n\n\n\n<p><em>Bir m\u00fcdd\u0259t \u0259vv\u0259l Rusiya il\u0259 Belarus minl\u0259rl\u0259 h\u0259rb\u00e7inin i\u015ftirak etdiyi h\u0259rbi t\u0259lim ke\u00e7irib.<\/em><\/p>\n\n\n\n<p><em>T\u0259liml\u0259r \u00f6t\u0259n h\u0259ft\u0259 ba\u015fa \u00e7atmal\u0131yd\u0131, lakin h\u0259rb\u00e7il\u0259rin onlar\u0131n Belarusda qalma m\u00fcdd\u0259ti uzad\u0131l\u0131b.<\/em><\/p>\n\n\n\n<hr class=\"wp-block-separator\"\/>\n\n\n\n<p><strong>20.20.<\/strong><\/p>\n\n\n\n<p><strong>\u201c\u015ealke 04\u201d klubu \u201cQazprom\u201dun ad\u0131n\u0131 formas\u0131ndan silir<\/strong><\/p>\n\n\n\n<p><em>Futbol\u00e7ular meydana komandan\u0131n ad\u0131n\u0131 da\u015f\u0131yacaq k\u00f6yn\u0259kl\u0259r geyin\u0259c\u0259k<\/em><\/p>\n\n\n\n<p>Almaniyan\u0131n &#8220;\u015ealke 04&#8221; futbol klubu Rusiyan\u0131n qaz \u015firk\u0259ti &#8220;Qazprom&#8221;un ad\u0131n\u0131 Ukraynaya h\u00fccumdan sonra futbol formalar\u0131ndan \u00e7\u0131xaraca\u011f\u0131n\u0131 <a href=\"https:\/\/www.france24.com\/en\/live-news\/20220224-german-club-schalke-remove-gazprom-as-shirt-sponsor-after-russian-invasion\">bildirib<\/a>&nbsp;.<\/p>\n\n\n\n<p>&#8220;\u00d6t\u0259n g\u00fcnl\u0259rd\u0259 ba\u015f ver\u0259n hadis\u0259l\u0259r, inki\u015faflar v\u0259 eskalasiya fonunda &#8220;\u015ealke 04&#8221; ba\u015f sponsor &#8220;Qazprom&#8221;un loqosunu formalardan silm\u0259k q\u0259rar\u0131na g\u0259lib&#8221;, &#8211; 2-ci bundesliqa klubunun a\u00e7\u0131qlamas\u0131nda deyilir. Sponsorun ad\u0131n\u0131n \u0259v\u0259zin\u0259 k\u00f6yn\u0259kl\u0259rinin \u00fcz\u0259rind\u0259 komandan\u0131n ad\u0131n\u0131 da\u015f\u0131yacaqlar\u0131n\u0131 bildir\u0259n klub, q\u0259rar\u0131n \u201cQazprom\u201dun Almaniya t\u00f6r\u0259m\u0259si il\u0259 &#8220;dan\u0131\u015f\u0131qlardan sonra&#8221; verildiyini bildirib.<\/p>\n\n\n\n<p>Tarix\u0259n Almaniyan\u0131n \u0259n yax\u015f\u0131 d\u0259st\u0259kl\u0259n\u0259n komandalar\u0131ndan biri olan \u201cHelzenkirhen\u201d klubuna 2007-ci ild\u0259n \u201cQazprom\u201d sponsorluq edir. C\u00fcm\u0259 ax\u015fam\u0131 klub M\u00fc\u015fahid\u0259 \u015euras\u0131ndak\u0131 \u201cQazprom\u201d t\u0259msil\u00e7isi Mattias Varniqin (Matthias Warnig) v\u0259zif\u0259sind\u0259n geri \u00e7\u0259kil\u0259c\u0259yini a\u00e7\u0131qlam\u0131\u015fd\u0131.<\/p>\n\n\n\n<p>Varninq \u201c\u015eimal ax\u0131n\u0131 2\u201d qaz k\u0259m\u0259ri il\u0259 ba\u011fl\u0131 f\u0259aliyy\u0259t g\u00f6st\u0259r\u0259n holdinqin ba\u015f direktorudur. Almaniya h\u00f6kum\u0259ti fevral\u0131n 22-d\u0259 bu qaz k\u0259m\u0259rinin t\u0259sdiql\u0259nm\u0259sini dayand\u0131r\u0131\u0131b. \u015eirk\u0259t v\u0259 \u015f\u0259xs\u0259n CEO da \u00e7\u0259r\u015f\u0259nb\u0259 g\u00fcn\u00fc elan edil\u0259n AB\u015e sanksiyalar\u0131n\u0131n h\u0259d\u0259fin\u0259 \u00e7evrilib. Varninq qaz idar\u0259\u00e7iliyin\u0259 ke\u00e7m\u0259zd\u0259n \u0259vv\u0259l, h\u0259l\u0259 Berlin divarlar\u0131 y\u0131x\u0131lmazdan \u00f6nc\u0259 kommunist \u015e\u0259rqi Almaniyada Stasi m\u0259xfi polisinin \u00fczv\u00fc olub. O, 2019-cu ild\u0259n &#8220;\u015ealke&#8221;d\u0259 M\u00fc\u015fahid\u0259 \u015euras\u0131nda \u00e7al\u0131\u015f\u0131b.<\/p>\n\n\n\n<hr class=\"wp-block-separator\"\/>\n\n\n\n<p><strong>20.07.<\/strong><\/p>\n\n\n\n<p><strong>Ukrayna Avropa \u0130ttifaq\u0131na \u00e7a\u011f\u0131r\u0131\u015f etdi<\/strong><\/p>\n\n\n\n<p>Ukrayna Avropa \u0130ttifaq\u0131n\u0131 v\u0259 ona \u00fczv d\u00f6vl\u0259tl\u0259ri t\u0259cili onlara hava h\u00fccumundan m\u00fcdafi\u0259 v\u0259 raket \u0259leyhin\u0259 sisteml\u0259r verm\u0259y\u0259, habel\u0259 Rusiyan\u0131n peyk siqnallar\u0131n\u0131 t\u0131xamaq \u00fc\u00e7\u00fcn \u201cb\u00fct\u00fcn vasit\u0259l\u0259rd\u0259n\u201d istifad\u0259 etm\u0259y\u0259 \u00e7a\u011f\u0131r\u0131b.<\/p>\n\n\n\n<p>Br\u00fcsseld\u0259 ke\u00e7iril\u0259c\u0259k f\u00f6vq\u0259lad\u0259 sammitd\u0259n \u0259vv\u0259l A\u0130 liderl\u0259rin\u0259 g\u00f6nd\u0259ril\u0259n sor\u011fular siyah\u0131s\u0131nda Ukrayna h\u0259m\u00e7inin \u201cRusiyan\u0131n geni\u015fmiqyasl\u0131 i\u015f\u011fal\u0131n\u0131 birba\u015fa d\u0259st\u0259kl\u0259y\u0259n Belarusa qar\u015f\u0131 \u0259n s\u0259rt m\u0259hdudiyy\u0259t t\u0259dbirl\u0259rinin g\u00f6r\u00fclm\u0259sin\u0259\u201d \u00e7a\u011f\u0131r\u0131b.<\/p>\n\n\n\n<p>Br\u00fcsseld\u0259 ukraynal\u0131 diplomatlar t\u0259r\u0259find\u0259n haz\u0131rlanan v\u0259 \u201cGuardian\u201da t\u0259qdim edil\u0259n <a href=\"https:\/\/www.theguardian.com\/world\/live\/2022\/feb\/24\/russia-invades-ukraine-declares-war-latest-news-live-updates-russian-invasion-vladimir-putin-explosions-bombing-kyiv-kharkiv\">s\u0259n\u0259dd\u0259&nbsp;<\/a> Rusiya v\u0259 Belarusda h\u0259rbi v\u0259 m\u00fclki texnika \u00fc\u00e7\u00fcn proqram t\u0259minat\u0131 lisenziyalar\u0131n\u0131n dayand\u0131r\u0131lmas\u0131 ist\u0259nilib.<\/p>\n\n\n\n<p>Eyni zamanda, havada, Qara d\u0259niz v\u0259 Azov d\u0259nizi \u00fcz\u0259rind\u0259 Rusiya peyk naviqasiya sisteml\u0259rini bloklamaq v\u0259 ya onlara m\u00fcdaxil\u0259 d\u0259 ist\u0259kl\u0259r i\u00e7ind\u0259dir.<\/p>\n\n\n\n<hr class=\"wp-block-separator\"\/>\n\n\n\n<p><strong>20.02.<\/strong><\/p>\n\n\n\n<p><strong>Nazir m\u00fcavini: \u201cStanytsia Ukrayna h\u0259rb\u00e7il\u0259rinin tam n\u0259zar\u0259ti alt\u0131ndad\u0131r\u201d<\/strong><\/p>\n\n\n\n<p>Stanytsia Luhansk u\u011frunda a\u011f\u0131r d\u00f6y\u00fc\u015fl\u0259r gedir.<\/p>\n\n\n\n<p>Ukrayna daxili i\u015fl\u0259r nazirinin m\u00fcavini Anton Gera\u015fenko bel\u0259 <a href=\"https:\/\/www.facebook.com\/photo\/?fbid=4864008087019333&amp;set=a.673865036033680\">deyir<\/a>.&nbsp; O bildirir ki, Rusiya silahl\u0131 q\u00fcvv\u0259l\u0259ri d\u0259f\u0259l\u0259rl\u0259 Ukraynan\u0131n m\u00fcdafi\u0259 x\u0259ttini yarma\u011fa c\u0259hd edib:<\/p>\n\n\n\n<p>\u201cUkrayna b\u00f6lm\u0259l\u0259ri yaranm\u0131\u015f v\u0259ziyy\u0259t\u0259 operativ reaksiya verir v\u0259 onlar\u0131 d\u0259f edir. Stanytsia Ukrayna h\u0259rb\u00e7il\u0259rinin tam n\u0259zar\u0259ti alt\u0131ndad\u0131r\u201d.<\/p>\n\n\n\n<p>Anton Gera\u015fenko \u0259lav\u0259 edib ki, qar\u015f\u0131 t\u0259r\u0259f d\u00f6y\u00fc\u015fl\u0259rd\u0259 xeyli canl\u0131 q\u00fcvv\u0259 v\u0259 texnika itkisi verib v\u0259 geri \u00e7\u0259kilib:<\/p>\n\n\n\n<p>\u201cRusiya Silahl\u0131 Q\u00fcvv\u0259l\u0259rinin xeyli h\u0259rb\u00e7isi \u0259sir g\u00f6t\u00fcr\u00fcl\u00fcb\u201d.<\/p>\n\n\n\n<hr class=\"wp-block-separator\"\/>\n\n\n\n<p><strong>19.56.<\/strong><\/p>\n\n\n\n<p><strong>Nazir m\u00fcavini: \u201c\u0130\u015f\u011fal\u00e7\u0131lar \u00c7ernob\u0131l b\u00f6lg\u0259sin\u0259 daxil olublar\u201d<\/strong><\/p>\n\n\n\n<p>\u201c\u0130\u015f\u011fal\u00e7\u0131lar Belarus \u0259razisind\u0259n \u00c7ernob\u0131ldak\u0131 Atom-Elektrik-Stansiyas\u0131 (AES) b\u00f6lg\u0259sin\u0259 daxil olublar\u201d.<\/p>\n\n\n\n<p>Ukrayna daxili i\u015fl\u0259r nazirinin m\u00fcavini Anton Gera\u015fenko bel\u0259 <a href=\"https:\/\/www.facebook.com\/anton.gerashchenko.7\/posts\/4864179457002196\">deyib<\/a>.<\/p>\n\n\n\n<p>O bildirib ki, t\u0259hl\u00fck\u0259li n\u00fcv\u0259 radioaktiv tullant\u0131lar\u0131n\u0131n oldu\u011fu \u0259razini qoruyan, onlar\u0131n yay\u0131lmas\u0131n\u0131n qar\u015f\u0131s\u0131n\u0131 alan Milli Qvardiya\u00e7\u0131lar onlarla g\u0259rgin m\u00fcbariz\u0259 apar\u0131r:<\/p>\n\n\n\n<p>\u201c\u0130\u015f\u011fal\u00e7\u0131lar artilleriya il\u0259 n\u00fcv\u0259 tullant\u0131lar\u0131n\u0131n kollektorlar\u0131n\u0131 vursalar v\u0259 \u0259razini xarabal\u0131\u011fa \u00e7evirs\u0259l\u0259r, radioaktiv n\u00fcv\u0259 tozu Ukrayna, Belarus v\u0259 b\u0259zi Avropa \u0130ttifaq\u0131 \u00f6lk\u0259l\u0259ri \u0259razisin\u0259 yay\u0131lacaq\u201d.<\/p>\n\n\n\n<p>Ukrayna Prezidenti Vladimir Zelenski d\u0259 rus qo\u015funlar\u0131n\u0131n \u00c7ernob\u0131l AES-i \u0259l\u0259 ke\u00e7irm\u0259y\u0259 \u00e7al\u0131\u015fd\u0131\u011f\u0131n\u0131 bildirib.<\/p>\n\n\n\n<p>\u201cM\u00fcdafi\u0259\u00e7il\u0259rimiz 1986-c\u0131 il faci\u0259sinin bir daha t\u0259krarlanmamas\u0131 \u00fc\u00e7\u00fcn canla-ba\u015fla d\u00f6y\u00fc\u015f\u00fcrl\u0259r. Bu, b\u00fct\u00fcn Avropaya m\u00fcharib\u0259 elan\u0131d\u0131r\u201d, &#8211; dey\u0259 prezident \u0259lav\u0259 edib.<\/p>\n\n\n\n<hr class=\"wp-block-separator\"\/>\n\n\n\n<p><strong>19.52.<\/strong><\/p>\n\n\n\n<p><strong>Boris Conson: \u201cBiz Ukrayna xalq\u0131n\u0131n yan\u0131nday\u0131q\u201d<\/strong><\/p>\n\n\n\n<p><em>\u201cUkrayna demokratik \u00f6lk\u0259dir v\u0259 biz bu demokratiyan\u0131n onlar\u0131n \u0259lind\u0259n al\u0131nmas\u0131na icaz\u0259 ver\u0259 bilm\u0259rik\u201d<\/em><\/p>\n\n\n\n<p>&nbsp;\u201cRusiya Prezidenti Putin bizim Avropa qit\u0259mizd\u0259 m\u00fcharib\u0259y\u0259 ba\u015flay\u0131b\u201d.<\/p>\n\n\n\n<p>B\u00f6y\u00fck Britaniyan\u0131n Ba\u015f naziri Boris Conson Ukraynan\u0131n i\u015f\u011fal\u0131 il\u0259 ba\u011fl\u0131 yay\u0131mlad\u0131\u011f\u0131 mesaj\u0131nda&nbsp; bel\u0259 deyib.<\/p>\n\n\n\n<p>\u201cO, he\u00e7 bir t\u0259xribat olmadan dost \u00f6lk\u0259y\u0259 h\u00fccum etdi. Tamamil\u0259 g\u00fcnahs\u0131z bir xalq\u0131n \u00fcz\u0259rin\u0259 says\u0131z-hesabs\u0131z raketl\u0259r v\u0259 bombalar ya\u011f\u0131r. D\u0259nizd\u0259n, havadan v\u0259 qurudan geni\u015fmiqyasl\u0131 i\u015f\u011fal plan\u0131 h\u0259yata ke\u00e7irilib\u201d, &#8211; Ba\u015f nazir s\u00f6yl\u0259yib.<\/p>\n\n\n\n<p>\u201cUkrayna demokratik \u00f6lk\u0259dir v\u0259 biz bu demokratiyan\u0131n onlar\u0131n \u0259lind\u0259n al\u0131nmas\u0131na icaz\u0259 ver\u0259 bilm\u0259rik\u201d, &#8211; dey\u0259 vur\u011fulayan Boris Conson bildirib ki, Putinin bu barbar t\u0259\u015f\u0259bb\u00fcs\u00fcn\u00fcn qar\u015f\u0131s\u0131 al\u0131nacaq:<\/p>\n\n\n\n<p>\u201cBa\u015fqa t\u0259r\u0259fd\u0259n baxa bilm\u0259rik, etm\u0259y\u0259c\u0259yik. Britaniya Avropada Ukraynaya m\u00fcdafi\u0259 silah\u0131 yard\u0131m\u0131 ed\u0259n ilk \u00f6lk\u0259l\u0259r s\u0131ras\u0131nda idi. Qar\u015f\u0131dak\u0131 g\u00fcnl\u0259rd\u0259 daha n\u0259l\u0259r ed\u0259 bil\u0259c\u0259yimizi g\u00f6r\u0259c\u0259yik\u201d.<\/p>\n\n\n\n<p>Conson Rusiya xalq\u0131na da m\u00fcraci\u0259t edib:<\/p>\n\n\n\n<p>&#8220;Bunun sizin ad\u0131n\u0131za edildiyin\u0259 inana bilmir\u0259m. Biz Ukrayna xalq\u0131n\u0131n yan\u0131nday\u0131q, sizinl\u0259yik&#8221;.<\/p>\n\n\n\n<p>Conson n\u00f6vb\u0259ti d\u0259st\u0259k add\u0131m\u0131 il\u0259 ba\u011fl\u0131 t\u0259f\u0259rr\u00fcatlar\u0131 a\u00e7\u0131qlamay\u0131b. B\u00f6y\u00fck Britaniyada M\u00fchafiz\u0259karlar Partiyas\u0131ndan b\u0259zi m\u00fch\u00fcm deputatlar Ukraynaya havadan d\u0259st\u0259k t\u0259l\u0259b edibl\u0259r.<\/p>\n\n\n\n<hr class=\"wp-block-separator\"\/>\n\n\n\n<p><strong>19.50.<\/strong><\/p>\n\n\n\n<p><strong>\u201cBu m\u00fcnaqi\u015f\u0259 Rusiyaya \u0259lav\u0259 sanksiyalar g\u0259tir\u0259c\u0259k\u201d<\/strong><\/p>\n\n\n\n<p><em>\u0130spaniyan\u0131n Ba\u015f naziri: \u201cN\u00fcv\u0259 d\u00f6vl\u0259ti beyn\u0259lxalq qanuniliyi pozub\u201d<\/em><\/p>\n\n\n\n<p>\u0130spaniyan\u0131n Ba\u015f naziri Pedro San\u00e7es televiziya vasit\u0259sil\u0259&nbsp; \u00e7\u0131x\u0131\u015f ed\u0259r\u0259k Rusiya Prezidenti Vladimir Putini Ukraynadak\u0131 h\u0259rbi \u0259m\u0259liyyatlar\u0131 d\u0259rhal dayand\u0131rma\u011fa <a href=\"https:\/\/www.theguardian.com\/world\/live\/2022\/feb\/24\/russia-invades-ukraine-declares-war-latest-news-live-updates-russian-invasion-vladimir-putin-explosions-bombing-kyiv-kharkiv\">\u00e7a\u011f\u0131r\u0131b<\/a>.<\/p>\n\n\n\n<p>Pedro San\u00e7es h\u0259m\u00e7inin Moskvan\u0131 qondarma Luqansk v\u0259 Donetsk \u201crespublikalar\u0131\u201dn\u0131n m\u00fcst\u0259qilliyini tan\u0131mas\u0131n\u0131 l\u0259\u011fv etm\u0259y\u0259 \u00e7a\u011f\u0131r\u0131b.<\/p>\n\n\n\n<p>\u201cFaktlar sad\u0259 oldu\u011fu q\u0259d\u0259r d\u0259 ciddidir. N\u00fcv\u0259 d\u00f6vl\u0259ti beyn\u0259lxalq qanuniliyi pozub v\u0259 qon\u015fu \u00f6lk\u0259y\u0259 t\u0259cav\u00fcz etm\u0259y\u0259 ba\u015flay\u0131b. Eyni zamanda, h\u00fccuma m\u0259ruz qalan \u00f6lk\u0259y\u0259 yard\u0131ma g\u0259l\u0259n h\u0259r bir xalq\u0131 onlara qar\u015f\u0131l\u0131q veril\u0259c\u0259yi il\u0259 h\u0259d\u0259l\u0259yib. Baxmayaraq ki, bu, beyn\u0259lxalq h\u00fcququn, Ukraynan\u0131n suverenliyi v\u0259 \u0259razi b\u00fct\u00f6vl\u00fcy\u00fcn\u00fcn kobud \u015f\u0259kild\u0259 pozulmas\u0131d\u0131r\u201d.<\/p>\n\n\n\n<p>Nazir bildirib ki, bu, h\u0259m d\u0259 Avropaya sabitlik v\u0259 firavanl\u0131q g\u0259tir\u0259n prinsipl\u0259r\u0259 v\u0259 d\u0259y\u0259rl\u0259r\u0259, h\u0259r \u015feyd\u0259n \u0259vv\u0259l is\u0259 s\u00fclh d\u0259y\u0259ril\u0259rin\u0259 qar\u015f\u0131 h\u00fccumdur:<\/p>\n\n\n\n<p>\u201cBu m\u00fcnaqi\u015f\u0259 Rusiyaya \u0259lav\u0259 sanksiyalar g\u0259tir\u0259c\u0259k\u201d.<\/p>\n\n\n\n<hr class=\"wp-block-separator\"\/>\n\n\n\n<p><strong>16.45.<\/strong><\/p>\n\n\n\n<p><strong>\u201cRusiyan\u0131n Ukraynaya h\u00fccumu 2008-ci il G\u00fcrc\u00fcstan-Rusiya m\u00fcharib\u0259sini xat\u0131rlad\u0131r\u201d<\/strong><\/p>\n\n\n\n<p>Fevral\u0131n 24-d\u0259 G\u00fcrc\u00fcstan\u0131n Batumi \u015f\u0259h\u0259rind\u0259 insanlar Rusiyan\u0131n Ukraynaya h\u00fccumunu pisl\u0259m\u0259k v\u0259 ukraynal\u0131lara d\u0259st\u0259k \u00fc\u00e7\u00fcn toplan\u0131blar.<\/p>\n\n\n\n<p>\u201cAvropa Meydan\u0131\u201dnda ba\u015f tutan aksiyaya y\u00fczl\u0259rl\u0259 insan qat\u0131l\u0131b. Ukrayna bayraqlar\u0131, \u015f\u00fcarlarla aksiya ke\u00e7ir\u0259n insanlar Rusiyan\u0131n Ukraynaya qo\u015fun yeritm\u0259sini<a href=\"https:\/\/www.meydan.tv\/az\/article\/gurcustanda-ukraynaya-destek-aksiyasi-kecirilib\/\"> pisl\u0259yibl\u0259r<\/a>.<\/p>\n\n\n\n<hr class=\"wp-block-separator\"\/>\n\n\n\n<!--more-->\n\n\n\n<p><strong>16.28<\/strong>.<\/p>\n\n\n\n<p><strong>Ukraynan\u0131n m\u00fcdafi\u0259 naziri: &#8220;\u00d6lk\u0259sini qorumaq ist\u0259y\u0259n h\u0259r k\u0259s\u0259 silah paylanacaq<\/strong><\/p>\n\n\n\n<p><strong>&#8220;<\/strong>Ukraynan\u0131n m\u00fcdafi\u0259 naziri Aleksey Reznikov \u00f6lk\u0259sinin m\u00fcdafi\u0259sin\u0259 qo\u015fulmaq ist\u0259y\u0259n h\u0259r k\u0259s\u0259 silah veril\u0259c\u0259yini b\u0259yan <a href=\"https:\/\/www.facebook.com\/reznikovoleksii\/posts\/354403130029378\" target=\"_blank\" rel=\"noreferrer noopener\">edib<\/a>.<\/p>\n\n\n\n<p><em>O bildirib ki, silahlar bu g\u00fcn b\u00fct\u00fcn veteranlara v\u0259 k\u00f6n\u00fcll\u00fcl\u0259r\u0259 paylanacaq: \u201cD\u00fc\u015fm\u0259n h\u00fccum edir, amma ordumuz yenilm\u0259zdir. Ukrayna total m\u00fcdafi\u0259 rejimin\u0259 ke\u00e7ir\u201d.Aleksey Reznikov bildirib ki, silah tutma\u011fa qadir olan h\u0259r k\u0259s ya\u015fad\u0131\u011f\u0131 regiondak\u0131 Ukrayna Silahl\u0131 Q\u00fcvv\u0259l\u0259rinin \u018frazi M\u00fcdafi\u0259 Q\u00fcvv\u0259l\u0259rinin s\u0131ralar\u0131na qo\u015fula bil\u0259r.\u201cSilah \u0259ld\u0259 etm\u0259k \u00fc\u00e7\u00fcn bilavasit\u0259 ya\u015fad\u0131\u011f\u0131n\u0131z \u0259razid\u0259ki Qo\u015fun Q\u00fcvv\u0259l\u0259rinin briqadalar\u0131 v\u0259 batalyonlar\u0131 il\u0259 \u0259laq\u0259 saxlamal\u0131s\u0131n\u0131z. T\u0259l\u0259b olunan yegan\u0259 \u015fey pasportunuzun olmas\u0131d\u0131r\u201d, &#8211; dey\u0259 o bildirib.<\/em><\/p>\n\n\n\n<hr class=\"wp-block-separator\"\/>\n\n\n\n<p><strong>16.20.<\/strong><\/p>\n\n\n\n<p><strong>Avropa parlamentaril\u0259ri UEFA-ya m\u00fcraci\u0259t etd<\/strong>i<\/p>\n\n\n\n<p>Avropa Parlamentinin deputatlar\u0131 UEFA-dan xahi\u015f edir ki, \u00c7empionlar Liqas\u0131n\u0131n final\u0131n\u0131 Rusiyan\u0131n Sankt-Peterburq \u015f\u0259h\u0259rind\u0259 t\u0259\u015fkil etm\u0259sinl\u0259r.<\/p>\n\n\n\n<p>&nbsp;\u201cReuters\u201d x\u0259b\u0259r <a href=\"https:\/\/www.reuters.com\/article\/ukraine-crisis-eu-parliament\/uefa-should-review-organisation-of-champions-league-final-in-st-petersburg-eu-parliament-idINS8N2SS0CO\" target=\"_blank\" rel=\"noreferrer noopener\">verir<\/a>&nbsp;ki, Avropa Parlamentinin bir qrup deputat\u0131n\u0131n UEFA-ya \u00fcnvanlad\u0131\u011f\u0131 m\u0259ktubda yaz\u0131l\u0131b:<\/p>\n\n\n\n<p>\u201cBiz sizi Sankt-Peterburq v\u0259 Rusiyan\u0131n dig\u0259r \u015f\u0259h\u0259rl\u0259rini beyn\u0259lxalq futbol yar\u0131\u015flar\u0131n\u0131n ke\u00e7iril\u0259c\u0259yi yer kimi n\u0259z\u0259rd\u0259n ke\u00e7irm\u0259yi dayand\u0131rma\u011fa v\u0259 ilk add\u0131m olaraq 28 may 2022-ci il tarixind\u0259 ke\u00e7iril\u0259c\u0259k \u00c7empionlar Liqas\u0131n\u0131n final\u0131 \u00fc\u00e7\u00fcn alternativ m\u0259kan se\u00e7m\u0259y\u0259 \u00e7a\u011f\u0131r\u0131r\u0131q\u201d.<\/p>\n\n\n\n<p><\/p>\n\n\n\n<hr class=\"wp-block-separator\"\/>\n\n\n\n<p><strong>16.04.<\/strong><\/p>\n\n\n\n<p><strong>\u201cS\u0259rh\u0259dl\u0259r silahla d\u0259yi\u015fdiril\u0259 bilm\u0259z\u201d<\/strong><\/p>\n\n\n\n<p><br><em>T\u00fcrkiy\u0259 Rusiya Silahl\u0131 Q\u00fcvv\u0259l\u0259rinin Ukraynaya qar\u015f\u0131 ba\u015flatd\u0131\u011f\u0131 h\u0259rbi \u0259m\u0259liyyat\u0131 q\u0259buledilm\u0259z hesab edir.<br><\/em><\/p>\n\n\n\n<p><em>Bu bar\u0259d\u0259 T\u00fcrkiy\u0259 Cumhuriyy\u0259ti Xarici \u0130\u015fl\u0259r Nazirliyinin (X\u0130N) m\u0259lumat\u0131nda <a href=\"https:\/\/www.mfa.gov.tr\/no_-62_-rusya-federasyonu-tarafindan-ukrayna-ya-yonelik-baslatilan-askeri-operasyon-hk.tr.mfa\" target=\"_blank\" rel=\"noreferrer noopener\">bildirilir<\/a>.<br><\/em><\/p>\n\n\n\n<p><em>Nazirlik hesab edir ki, bu add\u0131m Minsk raz\u0131la\u015fmalar\u0131n\u0131 he\u00e7\u0259 saymaqla yana\u015f\u0131, beyn\u0259lxalq h\u00fcququn kobud \u015f\u0259kild\u0259 pozulmas\u0131d\u0131r: \u201cRusiyan\u0131n h\u00fccumu regionumuzun v\u0259 d\u00fcnyan\u0131n t\u0259hl\u00fck\u0259sizliyin\u0259 ciddi t\u0259hdid yarad\u0131r. <\/em><\/p>\n\n\n\n<p><em>\u00d6lk\u0259l\u0259rin \u0259razi b\u00fct\u00f6vl\u00fcy\u00fc v\u0259 suverenliyin\u0259 h\u00f6rm\u0259t edilm\u0259lidir. S\u0259rh\u0259dl\u0259r silahla d\u0259yi\u015fdiril\u0259 bilm\u0259z\u201d.<br><\/em><\/p>\n\n\n\n<p><em>T\u00fcrkiy\u0259 Rusiyan\u0131n h\u0259r\u0259k\u0259ti \u0259dal\u0259tsiz v\u0259 qanunsuz say\u0131r. Atd\u0131\u011f\u0131 bu add\u0131m\u0131 m\u00fcmk\u00fcn q\u0259d\u0259r tez geri \u00e7\u0259km\u0259sini t\u00f6vsiy\u0259 edir.<br><\/em><\/p>\n\n\n\n<p><em>\u201cUkraynan\u0131n siyasi birliyin\u0259, suverenliyin\u0259 v\u0259 \u0259razi b\u00fct\u00f6vl\u00fcy\u00fcn\u0259 d\u0259st\u0259yimiz davam ed\u0259c\u0259k\u201d, &#8211; T\u00fcrkiy\u0259 X\u0130N-i bildirib.<\/em><\/p>\n\n\n\n<hr class=\"wp-block-separator\"\/>\n\n\n\n<p><strong>15.54<\/strong><\/p>\n\n\n\n<p><strong>Rusiya ordusu Odessa vilay\u0259tinin Podolski rayonunun Lipetsk \u015f\u0259h\u0259rind\u0259ki h\u0259rbi hiss\u0259y\u0259 raket z\u0259rb\u0259si endirib<\/strong><\/p>\n\n\n\n<p><em>8-i ki\u015fi, 10-u qad\u0131n olmaqla 18 n\u0259f\u0259rin h\u0259lak oldu\u011fu bildirilir.<\/em><\/p>\n\n\n\n<p><em>M\u0259lumat\u0131 Odessa Regional D\u00f6vl\u0259t Administrasiyas\u0131 <a href=\"https:\/\/www.facebook.com\/oda.odesa\/posts\/312963260865064\" target=\"_blank\" rel=\"noreferrer noopener\">yay\u0131b<\/a>.<\/em><\/p>\n\n\n\n<p><em>Bildirilir ki, da\u011f\u0131nt\u0131lar alt\u0131ndan \u00e7\u0131xar\u0131lan 6 n\u0259f\u0259r Podolsk \u015f\u0259h\u0259r x\u0259st\u0259xanas\u0131na yerl\u0259\u015fdirilib: \u201cSa\u011f qalanlardan biri x\u0259st\u0259xanada h\u0259yat\u0131n\u0131 itirib. Haz\u0131rda \u0259razid\u0259 ziyan\u0131n \u00f6l\u00e7\u00fcs\u00fc il\u0259 ba\u011fl\u0131 t\u0259hlil apar\u0131l\u0131r\u201d.<\/em><\/p>\n\n\n\n<figure class=\"wp-block-image size-full\"><img decoding=\"async\" width=\"1156\" height=\"650\" data-src=\"https:\/\/www.meydan.tv\/wp-content\/uploads\/274756896_312962520865138_1944111891840690826_n.jpg\" alt=\"\" class=\"wp-image-235628 lazyload\" src=\"data:image\/svg+xml;base64,PHN2ZyB3aWR0aD0iMSIgaGVpZ2h0PSIxIiB4bWxucz0iaHR0cDovL3d3dy53My5vcmcvMjAwMC9zdmciPjwvc3ZnPg==\" style=\"--smush-placeholder-width: 1156px; --smush-placeholder-aspect-ratio: 1156\/650;\" \/><figcaption>M\u0259nb\u0259: Odessa Regional D\u00f6vl\u0259t Administrasiyas\u0131<\/figcaption><\/figure>\n\n\n\n<hr class=\"wp-block-separator\"\/>\n\n\n\n<p><strong>15.51.<\/strong><\/p>\n\n\n\n<p><strong>Rusiya qo\u015funlar\u0131 Kiyev vilay\u0259tind\u0259 s\u0259rh\u0259di yar\u0131b<\/strong><\/p>\n\n\n\n<p><br><em>Onlar\u0131n h\u0259rbi texnikas\u0131 Vil\u00e7a ke\u00e7id m\u0259nt\u0259q\u0259sind\u0259n daxil olub.<br><\/em><\/p>\n\n\n\n<p><em>Ukraynan\u0131n D\u00f6vl\u0259t S\u0259h\u0259d Xidm\u0259tinin r\u0259smi m\u0259lumat\u0131nda bel\u0259 <a href=\"https:\/\/www.facebook.com\/DPSUkraine\/posts\/283474263891451\" target=\"_blank\" rel=\"noreferrer noopener\">deyilir<\/a>.<br><\/em><\/p>\n\n\n\n<p><em>Bildirilir ki, haz\u0131rda s\u0259rh\u0259d\u00e7il\u0259r Ukrayna h\u0259rb\u00e7il\u0259ri il\u0259 birlikd\u0259 Rusiyaya qar\u015f\u0131 d\u00f6y\u00fc\u015f\u0259 ba\u015flay\u0131b.<br><\/em><\/p>\n\n\n\n<p><em>\u201cD\u00f6y\u00fc\u015fl\u0259rd\u0259 Ukrayna Silahl\u0131 Q\u00fcvv\u0259l\u0259ri v\u0259 Milli Qvardiya il\u0259 \u0259m\u0259kda\u015fl\u0131q \u015f\u0259raitind\u0259 f\u0259aliyy\u0259t g\u00f6st\u0259rir\u201d, &#8211; m\u0259lumatda bildirilir.<\/em><\/p>\n\n\n\n<hr class=\"wp-block-separator\"\/>\n\n\n\n<p><strong>15.39.<\/strong><\/p>\n\n\n\n<p><strong>Ukraynadak\u0131 az\u0259rbaycanl\u0131lara <a href=\"https:\/\/www.meydan.tv\/az\/article\/azerbaycan-xin-ukraynadaki-azerbaycanlilara-xeberdarliq-etdi\/\" target=\"_blank\" rel=\"noreferrer noopener\">x\u0259b\u0259rdarl\u0131q<\/a><\/strong><br>&nbsp;<br><em>Az\u0259rbaycan\u0131n Xarici \u0130\u015fl\u0259r Nazirliyi (X\u0130N) Ukraynada daimi v\u0259 m\u00fcv\u0259qq\u0259ti ya\u015fayan Az\u0259rbaycan&nbsp;v\u0259t\u0259nda\u015flar\u0131na m\u00fcraci\u0259t <a href=\"https:\/\/www.mfa.gov.az\/az\/news\/no05922\" target=\"_blank\" rel=\"noreferrer noopener\">edib<\/a>.<\/em><br><em>M\u00fcraci\u0259td\u0259 bildirilir ki, az\u0259rbaycanl\u0131lar Ukraynadak\u0131 v\u0259ziyy\u0259tl\u0259 ba\u011fl\u0131 h\u0259rbi q\u00fcvv\u0259l\u0259rin c\u0259ml\u0259\u015fdiyi \u0259razil\u0259r\u0259 s\u0259yah\u0259t etm\u0259sinl\u0259r.<br>Bura Ukraynan\u0131n \u015f\u0259rq b\u00f6lg\u0259sind\u0259 yerl\u0259\u015f\u0259n s\u0259rh\u0259d vilay\u0259tl\u0259ri d\u0259 daxildir: \u201cHabel\u0259 \u00f6lk\u0259 \u0259razisind\u0259ki h\u0259rbi obyektl\u0259rd\u0259n uzaq olun\u201d, \u2013 dey\u0259 m\u00fcraci\u0259td\u0259 qeyd edilir.<\/em><\/p>\n\n\n\n<hr class=\"wp-block-separator\"\/>\n\n\n\n<p><strong>14.43. <\/strong><\/p>\n\n\n\n<p><strong>Avropa Komissiyas\u0131: \u201cPutini m\u0259suliyy\u0259t\u0259 c\u0259lb ed\u0259c\u0259yik\u201d<\/strong><\/p>\n\n\n\n<p><em>\u201cVladimir Putin Avropaya m\u00fcharib\u0259ni qaytard\u0131\u201d, &#8211; Avropa Komissiyas\u0131n\u0131n fevral\u0131n 24-d\u0259 yayd\u0131\u011f\u0131 <a href=\"https:\/\/ec.europa.eu\/commission\/presscorner\/detail\/en\/STATEMENT_22_1322\" target=\"_blank\" rel=\"noreferrer noopener\">b\u0259yanat<\/a>\u0131nda  bel\u0259 bildirilir.<\/em><br><em>B\u0259yanatda qeyd edilir ki, bu qaranl\u0131q zamanda Avropa \u0130ttifaq\u0131 Ukrayna v\u0259 ukraynal\u0131lar\u0131n <a href=\"https:\/\/www.meydan.tv\/az\/article\/avropa-komissiyasi-putini-mesuliyyete-celb-edeceyik\/\" target=\"_blank\" rel=\"noreferrer noopener\">yan\u0131ndad\u0131r<\/a>.<\/em><\/p>\n\n\n\n<hr class=\"wp-block-separator\"\/>\n\n\n\n<p><strong>14.30. <\/strong><\/p>\n\n\n\n<p><strong> Ukraynan\u0131n hava m\u0259kan\u0131 bo\u015fdur<\/strong><\/p>\n\n\n\n<p><em>Az\u0259rbaycan\u0131n a\u015fa\u011f\u0131b\u00fcdc\u0259li \u201cButa Airways\u201d hava \u015firk\u0259ti Bak\u0131-Kiyev v\u0259 Bak\u0131-H\u0259\u015ft\u0259rxan reysl\u0259rini l\u0259\u011fv&nbsp;<a href=\"https:\/\/www.facebook.com\/butaairways\/photos\/a.447792348931424\/1587051781672136\/\" target=\"_blank\" rel=\"noreferrer noopener\">edib<\/a>.<\/em><br><em>Ukrayna Hava Yollar\u0131 is\u0259 Bak\u0131-Kiyev reysinin t\u0259yyar\u0259sini Moldovan\u0131n paytaxt\u0131 Ki\u015finyova endirib. H\u0259m\u00e7inin m\u00fcharib\u0259 il\u0259 \u0259laq\u0259dar Ukraynan\u0131n hava m\u0259kan\u0131 m\u00fclki t\u0259yyar\u0259l\u0259r \u00fc\u00e7\u00fcn <a href=\"https:\/\/www.meydan.tv\/az\/article\/azerbaycan-baki-kiyev-ve-baki-hesterxan-reyslerini-legv-edib\/\" target=\"_blank\" rel=\"noreferrer noopener\">ba\u011flan\u0131b<\/a>.<\/em><\/p>\n\n\n\n<hr class=\"wp-block-separator\"\/>\n\n\n\n<p><strong>13.22.<\/strong><\/p>\n\n\n\n<p><strong>Separat\u00e7\u0131lar\u0131n n\u0259zar\u0259tind\u0259 olan Luqansk vilay\u0259tinin Staxanov \u015f\u0259h\u0259rind\u0259n bomba s\u0259sl\u0259ri e\u015fidilir.<\/strong><\/p>\n\n\n\n<p><em>Burada olan az\u0259rbaycanl\u0131lar\u0131n Meydan TV-y\u0259 verdiyi m\u0259lumata g\u00f6r\u0259, \u015f\u0259h\u0259r\u0259 top s\u0259sl\u0259ri g\u0259lir, c\u0259bh\u0259d\u0259 \u015fidd\u0259tli d\u00f6y\u00fc\u015f gedir, lakin \u015f\u0259h\u0259r\u0259 h\u0259l\u0259 bir d\u0259n\u0259 bel\u0259 m\u0259rmi d\u00fc\u015fm\u0259yib.<\/em><\/p>\n\n\n\n<p><em>\u201cDaha ayd\u0131n des\u0259k, Ukrayna h\u0259l\u0259 ki buran\u0131 vurmur. Buradak\u0131lar onlar\u0131 top at\u0259\u015fin\u0259 tutur, ancaq cavab z\u0259rb\u0259si g\u0259lmir. \u018fn az\u0131, Staxanov \u015f\u0259h\u0259ri il\u0259 ba\u011fl\u0131 bunlar\u0131 dem\u0259k m\u00fcmk\u00fcnd\u00fcr\u201d, &#8211; dey\u0259 onlar bildiribl\u0259r.<\/em><\/p>\n\n\n\n<p><em>Az\u0259rbaycanl\u0131lar\u0131n dediyin\u0259 g\u00f6r\u0259, \u00e7ox az adam bir h\u0259ft\u0259 \u00f6nc\u0259 \u015f\u0259h\u0259ri t\u0259rk ed\u0259r\u0259k Rusiyaya \u00fcz tutub: &#8220;Qalan \u0259hali yerind\u0259dir. G\u00fcnl\u0259rdir t\u0259k-t\u0259k at\u0259\u015f s\u0259sl\u0259ri e\u015fidilirdi. Bu g\u00fcn intesivl\u0259\u015fib. S\u0259h\u0259r bomba s\u0259sin\u0259 oyand\u0131q. \u00c7ox yax\u0131ndan g\u0259lirdi. Q\u0259rib\u0259dir ki, insanlar t\u0259la\u015fda deyil, h\u0259r\u0259 \u00f6z i\u015fi il\u0259 m\u0259\u015f\u011fuldur. B\u0259lk\u0259 d\u0259, buna s\u0259b\u0259b qar\u015f\u0131 t\u0259r\u0259fd\u0259n cavab at\u0259\u015fi al\u0131nmamas\u0131d\u0131r\u201d.<\/em><\/p>\n\n\n\n<hr class=\"wp-block-separator\"\/>\n\n\n\n<p><strong>11.50<\/strong>. <\/p>\n\n\n\n<p><strong>R\u0259smi Kiyev bildirib ki, Rusiya h\u0259rbi texnikan\u0131 \u00f6lk\u0259nin c\u0259nub-\u015f\u0259rqin\u0259 apar\u0131r.<\/strong><\/p>\n\n\n\n<p><em>\u201cReuters\u201d x\u0259b\u0259r verir ki, Ukrayna Rusiyan\u0131 ilhaq etdiyi Kr\u0131mdan \u0259razisind\u0259n \u00f6lk\u0259y\u0259 h\u0259rbi texnika ke\u00e7irm\u0259kd\u0259 ittiham edib.<\/em><\/p>\n\n\n\n<p><em>Bel\u0259 bir zamanda Ukrayna daxili i\u015fl\u0259r nazirinin m\u00fcavini Anton Gera\u015fenk \u00f6z\u00fcn\u00fcn \u201cFacebook\u201d s\u0259hif\u0259sind\u0259 yaz\u0131b: \u201cB\u0259li, bu, istilad\u0131r, m\u00fcharib\u0259dir\u201d.<\/em><\/p>\n\n\n\n<p><em>Nazir m\u00fcavini bildirib ki, panikaya d\u00fc\u015fm\u0259m\u0259k \u00e7ox vacibdir. \u00c7\u00fcnki Ukrayna Silahl\u0131 Q\u00fcvv\u0259l\u0259ri, Milli Qvardiya, bir s\u00f6zl\u0259, b\u00fct\u00fcn m\u00fcdafi\u0259 q\u00fcvv\u0259l\u0259ri Rusiya il\u0259 m\u00fcbariz\u0259 apar\u0131r: \u201c\u00c7al\u0131\u015f\u0131n, evd\u0259 qal\u0131n v\u0259 ya i\u015f yerl\u0259rin\u0259 gedin. Ya\u015fay\u0131\u015f binalar\u0131na v\u0259 m\u00fclki infrastruktura he\u00e7 bir z\u0259rb\u0259 g\u00f6zl\u0259nilmir\u201d.<\/em><\/p>\n\n\n\n<p><em>Avropa \u0130ttifaq\u0131 \u015euras\u0131n\u0131n v\u0259 Avropa Komissiyas\u0131n\u0131n r\u0259hb\u0259rl\u0259ri \u015earl Mi\u015fel v\u0259 Ursula fon der Leyen fevral\u0131n 24-\u00fc s\u0259h\u0259r Ukraynaya d\u0259st\u0259k b\u0259yanat\u0131 yay\u0131blar.<\/em><\/p>\n\n\n\n<p><em>\u201cEuropean Pravda\u201d <a href=\"https:\/\/novosti.dn.ua\/news\/320957-kreml-za-eto-otvetit-lidery-es-vystupili-s-zayavleniem\" target=\"_blank\" rel=\"noreferrer noopener\">yaz\u0131r<\/a> ki, b\u0259yanatda Rusiyan\u0131n Ukraynaya \u0259sass\u0131z h\u00fccumu pisl\u0259nilir.<\/em><\/p>\n\n\n\n<p><em>\u201cBu qaranl\u0131q vaxtlarda d\u00fc\u015f\u00fcnc\u0259l\u0259rimiz Ukrayna il\u0259 &#8211; bu s\u0259b\u0259bsiz h\u00fccumla \u00fczl\u0259\u015fmi\u015f v\u0259 indi h\u0259yatlar\u0131ndan qorxan g\u00fcnahs\u0131z qad\u0131nlar, ki\u015fil\u0259r v\u0259 u\u015faqlarlad\u0131r\u201d, &#8211; dey\u0259 b\u0259yanatda qeyd edilir.<\/em><\/p>\n\n\n\n<p><em>\u201cKreml buna g\u00f6r\u0259 cavab ver\u0259c\u0259k\u201d, &#8211; dey\u0259 h\u0259r iki lider \u0259lav\u0259 edib.<\/em><\/p>\n\n\n\n<hr class=\"wp-block-separator\"\/>\n\n\n\n<div class=\"wp-block-image\"><figure class=\"alignright size-large is-resized\"><img decoding=\"async\" data-src=\"https:\/\/www.meydan.tv\/wp-content\/uploads\/screenshot_1-7-984x821.png\" alt=\"\" class=\"wp-image-235547 lazyload\" width=\"431\" height=\"359\" src=\"data:image\/svg+xml;base64,PHN2ZyB3aWR0aD0iMSIgaGVpZ2h0PSIxIiB4bWxucz0iaHR0cDovL3d3dy53My5vcmcvMjAwMC9zdmciPjwvc3ZnPg==\" style=\"--smush-placeholder-width: 431px; --smush-placeholder-aspect-ratio: 431\/359;\" \/><figcaption>M\u0259nb\u0259: https:\/\/t.me\/milinfolive\/76458<\/figcaption><\/figure><\/div>\n\n\n\n<p><strong>11.30.<\/strong> <\/p>\n\n\n\n<p><strong>Kiyev sakinl\u0259ri ail\u0259l\u0259rini i\u015f\u011faldan qorumaq \u00fc\u00e7\u00fcn \u015f\u0259h\u0259ri t\u0259rk edir. N\u0259tic\u0259d\u0259 Kiyevin \u00e7\u0131x\u0131\u015f\u0131nda b\u00f6y\u00fck t\u0131xac yaran\u0131b.<\/strong><\/p>\n\n\n\n<p><em>Ukrayna daxili i\u015fl\u0259r nazirinin m\u00fcavini Anton Gera\u015fenko bel\u0259 <a href=\"https:\/\/www.facebook.com\/anton.gerashchenko.7\/posts\/4863223193764489\" target=\"_blank\" rel=\"noreferrer noopener\">deyir<\/a>.<\/em><\/p>\n\n\n\n<p><em>Nazir m\u00fcavini insanlara m\u00fcraci\u0259t ed\u0259r\u0259k bildirib ki, \u015f\u0259h\u0259ri t\u0259rk etm\u0259k yax\u015f\u0131 hal deyil: \u201cSiz sad\u0259c\u0259 t\u0131xacda saatlar ke\u00e7ir\u0259c\u0259ksiniz. Bu da \u0259s\u0259bl\u0259rinizi korlayacaq\u201d.<\/em><\/p>\n\n\n\n<p><em>Anton Gera\u015fenko insanlardan yol h\u0259r\u0259k\u0259ti qaydalar\u0131na \u0259m\u0259l etm\u0259l\u0259rini xahi\u015f edib.<\/em><\/p>\n\n\n\n<p><em>O bildirib ki, yolda \u00f6lm\u0259k ehtimal\u0131 ruslar t\u0259r\u0259find\u0259n \u00f6ld\u00fcr\u00fclm\u0259kd\u0259n d\u0259f\u0259l\u0259rl\u0259 \u00e7oxdur.<\/em><\/p>\n\n\n\n<p><em>Ukrayna polisinin s\u0259h\u0259r saatlar\u0131nda a\u00e7\u0131qlad\u0131\u011f\u0131 m\u0259lumata g\u00f6r\u0259, Odessa b\u00f6lg\u0259sind\u0259 bombardman n\u0259tic\u0259sind\u0259 6 n\u0259f\u0259r \u00f6l\u00fcb, 7 n\u0259f\u0259r yaralan\u0131b, 19 n\u0259f\u0259r is\u0259 itkin d\u00fc\u015f\u00fcb.<\/em><\/p>\n\n\n\n<p><em>Mariupolda 1 n\u0259f\u0259r \u00f6l\u00fcb, 2 n\u0259f\u0259r yaralan\u0131b.<\/em><\/p>\n\n\n\n<p><em>Dnepr b\u00f6lg\u0259sind\u0259 is\u0259 \u00e7oxsayl\u0131 bombalar endirilib. \u0130nhulets \u00e7ay\u0131 boyunca uzanan k\u00f6rp\u00fc bombalan\u0131b.<\/em><\/p>\n\n\n\n<hr class=\"wp-block-separator\"\/>\n\n\n\n<p><strong>11.24.<\/strong> <\/p>\n\n\n\n<p><strong>Rusiya bildirir ki, yaln\u0131z Ukraynadak\u0131 h\u0259rbi infrastrukturu h\u0259d\u0259f\u0259 al\u0131r.<\/strong><\/p>\n\n\n\n<p><em>G\u00f6r\u00fcnt\u00fcl\u0259rd\u0259n is\u0259 ayd\u0131n olur ki, Rusiya raketl\u0259ri Ukraynan\u0131n b\u00f6y\u00fck \u015f\u0259h\u0259rl\u0259rind\u0259ki ya\u015fay\u0131\u015f m\u0259nt\u0259q\u0259l\u0259rini d\u0259 vurub.<\/em><\/p>\n\n\n\n<p><em>Xarkovdan \u00e7\u0259kilmi\u015f videolarda &#8220;Smer\u00e7&#8221; a\u011f\u0131r reaktiv yayl\u0131m at\u0259\u015fi sistemind\u0259n at\u0131lan raketl\u0259r g\u00f6r\u00fcnt\u00fcl\u0259nib.<\/em><\/p>\n\n\n\n<p><em>Raketin y\u00fck\u00fc z\u0259rb\u0259 zaman\u0131 partlaya bilm\u0259yib v\u0259 o, \u015f\u0259h\u0259rd\u0259 pravoslav kils\u0259sinin yax\u0131nl\u0131\u011f\u0131nda s\u0259kinin yax\u0131nl\u0131\u011f\u0131nda qal\u0131b.<\/em><\/p>\n\n\n\n<p><em>A\u00e7\u0131q m\u0259nb\u0259li ara\u015fd\u0131rma qrupu olan <a href=\"https:\/\/twitter.com\/CITeam_ru?ref_src=twsrc%5Etfw%7Ctwcamp%5Etweetembed%7Ctwterm%5E1496730579622318083%7Ctwgr%5E%7Ctwcon%5Es1_&amp;ref_url=https%3A%2F%2Fwww.theguardian.com%2Fworld%2Flive%2F2022%2Ffeb%2F24%2Frussia-invades-ukraine-declares-war-latest-news-live-updates-russian-invasion-vladimir-putin-explosions-bombing-kyiv-kharkiv\" target=\"_blank\" rel=\"noreferrer noopener\">CIT<\/a><\/em> <em>videonun Xarkovda \u00e7\u0259kildiyini v\u0259 g\u00f6r\u00fcnt\u00fcd\u0259kinin &#8220;Smer\u00e7&#8221; raketin\u0259 b\u0259nz\u0259diyini t\u0259sdiql\u0259yib.<\/em><\/p>\n\n\n\n<p><em>Qrup iddia edir ki, bu raketl\u0259rin \u0259halinin ya\u015fad\u0131\u011f\u0131 \u0259razil\u0259r\u0259 qar\u015f\u0131 istifad\u0259si m\u00fcharib\u0259 cinay\u0259tidir.<\/em><\/p>\n\n\n\n<hr class=\"wp-block-separator\"\/>\n\n\n\n<p><strong>11.17.<\/strong><em> <\/em><\/p>\n\n\n\n<p><strong>Rostovda m\u0259kt\u0259bl\u0259r, u\u015faq ba\u011f\u00e7alar\u0131, hava liman\u0131 qapad\u0131l\u0131b.<\/strong><\/p>\n\n\n\n<p>S\u0259b\u0259b Ukrayna-Rusiya aras\u0131nda ba\u015flayan m\u00fcharib\u0259dir.<\/p>\n\n\n\n<p>Bu bar\u0259d\u0259 Meydan TV-y\u0259 Rostovda ya\u015fayan az\u0259rbaycanl\u0131lar m\u0259lumat verib.<\/p>\n\n\n\n<p>Onlar bildiribl\u0259r ki, s\u0259h\u0259r saatlar\u0131ndan ba\u015flayan artileriya h\u00fccumlar\u0131n\u0131n s\u0259dalar\u0131 Rostovad\u0259k g\u0259lir: \u201cOnsuz da g\u00fcnl\u0259rdir ki, \u015f\u0259h\u0259rd\u0259 xaos ya\u015fan\u0131r. G\u0259l\u0259n k\u00f6\u00e7k\u00fcnl\u0259r, onlar\u0131n d\u00f6vl\u0259t binalar\u0131na, idar\u0259l\u0259r\u0259 yerl\u0259\u015fdirilm\u0259si v\u0259 s. \u0130nsanlar t\u0259la\u015f i\u00e7ind\u0259dirl\u0259r. H\u0259m g\u0259l\u0259nl\u0259r, h\u0259m d\u0259 yerli sakinl\u0259r\u201d.<\/p>\n\n\n\n<p>Rostov sakinl\u0259ri deyirl\u0259r ki, bu g\u00fcnd\u0259n hava liman\u0131 da qapad\u0131l\u0131b. Onlara bunun t\u0259hl\u00fck\u0259sizlik m\u0259qs\u0259dil\u0259 edildiyi bildirilib: \u201cLakin insanlar panikadad\u0131rlar. Art\u0131q \u00f6lk\u0259ni t\u0259rk etm\u0259k \u00fc\u00e7\u00fcn \u0259n yax\u0131n hava liman\u0131 qapad\u0131l\u0131b. Bu, ham\u0131n\u0131 narahat edir\u201d.<\/p>\n\n\n\n<hr class=\"wp-block-separator\"\/>\n\n\n\n<p><strong>10.49.<\/strong> <\/p>\n\n\n\n<p><strong>Ukrayna Prezidenti Volodimir Zelenski \u00f6lk\u0259d\u0259 h\u0259rbi v\u0259ziyy\u0259t elan edib<\/strong><\/p>\n\n\n\n<p>Ukrayna Prezidenti Volodimir Zelenski \u00f6lk\u0259d\u0259 h\u0259rbi v\u0259ziyy\u0259t elan edib, eyni zamanda v\u0259t\u0259nda\u015flar\u0131 panikaya d\u00fc\u015fm\u0259m\u0259y\u0259 \u00e7a\u011f\u0131r\u0131b.<\/p>\n\n\n\n<p>Bu arada Xarkov, Kramatorsk, Dnepr, Mariupol, Odessa, Zaporojye \u015f\u0259h\u0259rl\u0259rind\u0259 partlay\u0131\u015flar ba\u015f verir.<\/p>\n\n\n\n<p>CNN az\u0131 yeddi \u015f\u0259h\u0259rd\u0259 partlay\u0131\u015flar oldu\u011funu x\u0259b\u0259r verir.<\/p>\n\n\n\n<p>AB\u015e Prezidenti Co Bayden \u0259m\u0259liyyat\u0131 pisl\u0259yib, bunu Ukraynaya \u201ct\u0259hrik edilm\u0259mi\u015f v\u0259 \u0259sasland\u0131r\u0131lmam\u0131\u015f\u201d h\u00fccum adland\u0131r\u0131b, \u201cRusiyan\u0131n buna g\u00f6r\u0259 cavab ver\u0259c\u0259yini\u201d deyib.<\/p>\n\n\n\n<p>Baydenin s\u00f6zl\u0259rin\u0259 g\u00f6r\u0259, Rusiya ba\u015f ver\u0259c\u0259k \u201cf\u0259lak\u0259tli h\u0259yat itkisi v\u0259 insan \u0259zablar\u0131\u201d \u00fc\u00e7\u00fcn m\u0259suliyy\u0259t da\u015f\u0131y\u0131r.<\/p>\n\n\n\n<p>NATO-nun Ba\u015f katibi Yens Stoltenberq Rusiyan\u0131n Ukraynaya h\u00fccumunu pisl\u0259yib, NATO m\u00fctt\u0259fiql\u0259rinin \u201cRusiyan\u0131n yenil\u0259nmi\u015f h\u00fccumu\u201dnun m\u00fczakir\u0259si \u00fc\u00e7\u00fcn bir araya g\u0259l\u0259c\u0259yini deyib.<\/p>\n\n\n\n<p>Rusiya ordusu Ukraynada \u0259hali ya\u015fayan yerl\u0259ri deyil, hava bazalar\u0131 v\u0259 dig\u0259r h\u0259rbi obyektl\u0259ri h\u0259d\u0259f\u0259 ald\u0131\u011f\u0131n\u0131 bildirir.<\/p>\n\n\n\n<p>\u201cRIA Novosti\u201d x\u0259b\u0259r agentliyi fevral\u0131n 24-d\u0259 Rusiyan\u0131n M\u00fcdafi\u0259 Nazirliyin\u0259 istinadla x\u0259b\u0259r verib ki, Ukraynan\u0131n h\u0259rbi infrastrukturu, havadan m\u00fcdafi\u0259 sisteml\u0259ri v\u0259 hava q\u00fcvv\u0259l\u0259ri y\u00fcks\u0259k d\u0259qiqlikli silahlarla vurulur.<\/p>\n\n\n\n<p>Nazirlik \u015f\u0259h\u0259rl\u0259r\u0259 z\u0259rb\u0259 endirilm\u0259diyini bildirir.<\/p>\n\n\n\n<p>Putin fevral\u0131n 24-n\u0259 ke\u00e7\u0259n gec\u0259 televiziya il\u0259 \u00e7\u0131x\u0131\u015f\u0131nda h\u00fccumu \u0259sasland\u0131rma\u011fa \u00e7al\u0131\u015f\u0131b, Ukraynan\u0131n n\u00fcv\u0259 silah\u0131 \u0259ld\u0259 etm\u0259sini dayand\u0131rmaq ist\u0259diyini deyib. Ukrayna indiy\u0259d\u0259k n\u00fcv\u0259 silah\u0131 \u0259ld\u0259 etm\u0259k niyy\u0259tini a\u00e7\u0131qlamay\u0131b.<\/p>\n\n\n\n<p>Putinin iddias\u0131na g\u00f6r\u0259, m\u0259qs\u0259d dinc sakinl\u0259ri qorumaq, Ukraynan\u0131n t\u0259hdidl\u0259rin\u0259 cavab verm\u0259kdir.<\/p>\n\n\n\n<p>Putin Ukrayna ordusunu silah\u0131 yer\u0259 qoyma\u011fa \u00e7a\u011f\u0131r\u0131b. Onun iddias\u0131na g\u00f6r\u0259, Rusiya Ukrayna \u0259razisini tutmaq ist\u0259mir.<\/p>\n\n\n\n<p>Kiyev v\u0259 Q\u0259rb t\u0259hdid iddialar\u0131n\u0131 r\u0259dd edir.<\/p>\n\n\n\n<hr class=\"wp-block-separator\"\/>\n\n\n\n<p>Nazir: \u201c\u015e\u0259h\u0259rl\u0259r\u0259 raket z\u0259rb\u0259l\u0259ri endirilir, y\u00fczl\u0259rl\u0259 ukraynal\u0131 art\u0131q \u00f6l\u00fcb\u201d<\/p>\n\n\n\n<p>Rusiya Ukraynaya raket z\u0259rb\u0259l\u0259ri endirm\u0259y\u0259 ba\u015flay\u0131b.<\/p>\n\n\n\n<p>Ukrayna daxili i\u015fl\u0259r nazirinin m\u00fcavini Anton Gera\u015fenko Rusiyan\u0131n i\u015f\u011fala ba\u015flad\u0131\u011f\u0131n\u0131 t\u0259sdiql\u0259yib. O, \u201cFacebook\u201d s\u0259hif\u0259sind\u0259 <a href=\"https:\/\/www.facebook.com\/100002305693349\/posts\/4862920373794771\/\">yaz\u0131r<\/a> ki, indic\u0259 Ukraynan\u0131n paytaxt\u0131 Kiyev d\u0259 daxil olmaqla, Xarkov v\u0259 Dineprin h\u0259rbi m\u0259rk\u0259zl\u0259rin\u0259, anbarlar\u0131na, hava limanlar\u0131na raket h\u00fccumlar\u0131 olub.<\/p>\n\n\n\n<p>\u201cS\u0259rh\u0259dd\u0259 is\u0259 artilleriya at\u0259\u015fi davam edir. Bu g\u00fcnd\u0259n etibar\u0259n d\u00fcnyada yeni geosiyasi reall\u0131q var. Ya Ukrayna v\u0259 d\u00fcnya yeni Hitleri dayand\u0131racaq, ya da \u00fc\u00e7\u00fcnc\u00fc d\u00fcnya m\u00fcharib\u0259si olacaq\u201d.<\/p>\n\n\n\n<p>Anton Gera\u015fenko xalqa m\u00fcraci\u0259tl\u0259 bildirib ki, Rusiyada dostlar\u0131, sevdikl\u0259ri olanlar onlara z\u0259ng etsinl\u0259r, video-g\u00f6r\u00fcnt\u00fcl\u0259r g\u00f6nd\u0259rsinl\u0259r v\u0259 susmamalar\u0131n\u0131 t\u0259l\u0259b etsinl\u0259r:<\/p>\n\n\n\n<p>\u201cArt\u0131q Ukraynaya minl\u0259rl\u0259 raket at\u0131l\u0131b. Y\u00fczl\u0259rl\u0259 ukraynal\u0131 \u00f6l\u00fcb. Bu, minl\u0259rl\u0259 olacaq\u201d.<\/p>\n\n\n\n<p>Ukraynan\u0131n xarici i\u015fl\u0259r naziri Dmitri Kuleba da Rusiyan\u0131n Ukraynaya \u201ctammiqyasl\u0131 m\u00fcdaxil\u0259sini\u201d t\u0259sdiql\u0259yib.<\/p>\n\n\n\n<p>\u201cPutin indic\u0259 Ukraynaya geni\u015fmiqyasl\u0131 i\u015f\u011fala ba\u015flay\u0131b. Ukraynan\u0131n dinc \u015f\u0259h\u0259rl\u0259ri t\u0259till\u0259r\u0259 m\u0259ruz qal\u0131b\u201d.<\/p>\n\n\n\n<p>Nazir bunu &#8220;i\u015f\u011fal\u00e7\u0131 m\u00fcharib\u0259&#8221; adland\u0131r\u0131b. Bildirib ki, Ukrayna \u00f6z\u00fcn\u00fc m\u00fcdafi\u0259 ed\u0259c\u0259k v\u0259 qalib g\u0259l\u0259c\u0259k:<\/p>\n\n\n\n<p>\u201cD\u00fcnya Putini dayand\u0131ra bil\u0259r v\u0259 etm\u0259lidir. \u0130ndi h\u0259r\u0259k\u0259t etm\u0259k vaxt\u0131d\u0131r\u201d.<\/p>\n\n\n\n<p>Birl\u0259\u015fmi\u015f Mill\u0259tl\u0259r T\u0259\u015fkilat\u0131n\u0131n (BMT) Ba\u015f katibi Antonio Quterres Rusiyan\u0131n haz\u0131rk\u0131 h\u0259r\u0259k\u0259til\u0259 ba\u011fl\u0131 Putin\u0259 birba\u015fa m\u00fcraci\u0259t ed\u0259r\u0259k deyib: \u201c\u0130nsanl\u0131q namin\u0259 qo\u015funlar\u0131n\u0131z\u0131 Rusiyaya qaytar\u0131n\u201d.<\/p>\n\n\n\n<p>2017-ci ild\u0259n Ba\u015f katib v\u0259zif\u0259sini icra ed\u0259n Quterre\u015f \u0259lav\u0259 edib: &#8220;Bug\u00fcnk\u00fc h\u0259r\u0259k\u0259tl\u0259r \u201ci\u015fl\u0259diyim m\u00fcdd\u0259td\u0259 \u0259n k\u0259d\u0259rli m\u0259qamd\u0131r\u201d.<\/p>\n\n\n\n<p>Ukrayna r\u0259smil\u0259ri bildirirl\u0259r ki, rus qo\u015funlar\u0131 art\u0131q Odessaya girib. Dig\u0259rl\u0259ri is\u0259 Xarkovla s\u0259rh\u0259di ke\u00e7ib.<\/p>\n\n\n\n<p>Olay yerind\u0259 olan \u201c<a href=\"https:\/\/www.theguardian.com\/world\/live\/2022\/feb\/23\/ukraine-russia-news-crisis-latest-live-updates-putin-biden-europe-sanctions-russian-invasion-border-troops\">Guardian<\/a>\u201d m\u00fcxbiri Peter Beaumont bildirib ki, ba\u015f ver\u0259nl\u0259r Rusiyan\u0131n m\u0259hdud \u0259m\u0259liyyat\u0131 olmaqdan uzaqd\u0131r:<\/p>\n\n\n\n<p>\u201cG\u00f6r\u00fcn\u0259n odur ki, c\u0259nub-q\u0259rbd\u0259 Odessadan sahil boyu \u015f\u0259rq\u0259 Mariupola, Xarkovdan \u015fimala v\u0259 n\u0259hay\u0259t, Kiyev\u0259 q\u0259d\u0259r geni\u015f bir \u00e7\u0259r\u00e7iv\u0259d\u0259 m\u00fcxt\u0259lif n\u00f6v h\u0259rbi \u0259m\u0259liyyatlar ke\u00e7irilir. \u0130ndiy\u0259d\u0259k bildiril\u0259n m\u0259lumatlarda h\u00fccumlar\u0131n raket z\u0259rb\u0259l\u0259ri il\u0259 oldu\u011fu deyilirdi. Haz\u0131rda is\u0259 bir \u00e7ox yerd\u0259, x\u00fcsus\u0259n Xarkovda s\u0259rh\u0259di ke\u00e7\u0259n qo\u015funlar haqq\u0131nda t\u0259sdiql\u0259nm\u0259mi\u015f m\u0259lumatlar g\u0259lir\u201d.<\/p>\n\n\n\n<p>Donbas separat\u00e7\u0131lar\u0131 Rusiya Prezidenti Vladimir Putin\u0259 m\u00fcraci\u0259t edib. Ondan yard\u0131m ist\u0259yibl\u0259r.<br>TASS X\u0259b\u0259r Agentliyi yaz\u0131r ki, Putin d\u0259 cavab olaraq x\u00fcsusi h\u0259rbi \u0259m\u0259liyyat ke\u00e7irm\u0259k q\u0259rar\u0131n\u0131 verdiyini bildirib. Deyib ki, m\u0259qs\u0259di Kiyev rejimi t\u0259r\u0259find\u0259n sui-istifad\u0259y\u0259, soyq\u0131r\u0131ma m\u0259ruz qalan insanlar\u0131 qorumaqd\u0131r.<\/p>\n\n\n\n<p>Fevral\u0131n 21-d\u0259 ax\u015fam saatlar\u0131nda Rusiya Prezidenti Vladimir Putin separat\u00e7\u0131lar\u0131n n\u0259zar\u0259tind\u0259 olan \u201cDonetsk Xalq Respublikas\u0131\u201d (\u201cDXR\u201d) v\u0259 \u201cLuqansk Xalq Respublikas\u0131\u201d (\u201cLXR\u201d) adl\u0131 qurumlar\u0131 <a href=\"https:\/\/www.meydan.tv\/az\/article\/putin-donetsk-ve-luqansk-respublikalarinin-musteqilliyini-tanidi\/\">tan\u0131y\u0131b<\/a>, h\u0259min \u0259razil\u0259r\u0259 ordu yeridib.<\/p>\n\n\n\n<p>Putin \u00e7\u0131x\u0131\u015f\u0131nda bildirib ki, NATO t\u0259hl\u00fck\u0259sizlik raz\u0131la\u015fmalar\u0131 v\u0259 qarantiyalar\u0131na \u0259m\u0259l etmir.<\/p>\n","protected":false},"excerpt":{"rendered":"<p>00.44 AB\u015e Rusiyaya sanksiyalar\u0131n\u0131 a\u00e7\u0131qlad\u0131\u00a0 AB\u015e Prezidenti Co Bayden Rusiyaya &#8230; <\/p>\n<p class=\"read-more-container\"><a title=\"Bloq: Rusiya-Ukrayna m\u00fcharib\u0259si: yenil\u0259n\u0259n x\u0259b\u0259rl\u0259r\" class=\"read-more button\" href=\"https:\/\/www.meydan.tv\/az\/article\/ukrayna-rusiyanin-tammiqyasli-isgalini-tesdiqledi\/#more-235521\" aria-label=\"Read more about Bloq: Rusiya-Ukrayna m\u00fcharib\u0259si: yenil\u0259n\u0259n x\u0259b\u0259rl\u0259r\">Davam\u0131<\/a><\/p>\n","protected":false},"author":14,"featured_media":235522,"comment_status":"closed","ping_status":"closed","sticky":false,"template":"","format":"standard","meta":{"_acf_changed":false,"_sitemap_exclude":false,"_sitemap_priority":"","_sitemap_frequency":"","footnotes":""},"categories":[64,88,79],"tags":[],"class_list":["post-235521","post","type-post","status-publish","format-standard","has-post-thumbnail","hentry","category-dunya","category-redaktor-secimi","category-featured","infinite-scroll-item","generate-columns","tablet-grid-50","mobile-grid-100","grid-parent","grid-33","no-featured-image-padding"],"acf":[],"yoast_head":"<!-- This site is optimized with the Yoast SEO plugin v27.5 - https:\/\/yoast.com\/product\/yoast-seo-wordpress\/ -->\n<title>Bloq: Rusiya-Ukrayna m\u00fcharib\u0259si: yenil\u0259n\u0259n x\u0259b\u0259rl\u0259r - MEYDAN.TV<\/title>\n<meta name=\"robots\" content=\"index, follow, max-snippet:-1, max-image-preview:large, max-video-preview:-1\" \/>\n<link rel=\"canonical\" href=\"https:\/\/www.meydan.tv\/az\/article\/ukrayna-rusiyanin-tammiqyasli-isgalini-tesdiqledi\/\" \/>\n<meta property=\"og:locale\" content=\"az_AZ\" \/>\n<meta property=\"og:type\" content=\"article\" \/>\n<meta property=\"og:title\" content=\"Bloq: Rusiya-Ukrayna m\u00fcharib\u0259si: yenil\u0259n\u0259n x\u0259b\u0259rl\u0259r - MEYDAN.TV\" \/>\n<meta property=\"og:description\" content=\"00.44 AB\u015e Rusiyaya sanksiyalar\u0131n\u0131 a\u00e7\u0131qlad\u0131\u00a0 AB\u015e Prezidenti Co Bayden Rusiyaya ... Davam\u0131\" \/>\n<meta property=\"og:url\" content=\"https:\/\/www.meydan.tv\/az\/article\/ukrayna-rusiyanin-tammiqyasli-isgalini-tesdiqledi\/\" \/>\n<meta property=\"og:site_name\" content=\"MEYDAN.TV\" \/>\n<meta property=\"article:published_time\" content=\"2022-02-24T05:24:10+00:00\" \/>\n<meta property=\"article:modified_time\" content=\"2022-02-24T20:44:51+00:00\" \/>\n<meta property=\"og:image\" content=\"https:\/\/www.meydan.tv\/wp-content\/uploads\/fmvbejdxsaa6zlz.jpeg\" \/>\n\t<meta property=\"og:image:width\" content=\"1280\" \/>\n\t<meta property=\"og:image:height\" content=\"960\" \/>\n\t<meta property=\"og:image:type\" content=\"image\/jpeg\" \/>\n<meta name=\"author\" content=\"roma\" \/>\n<meta name=\"twitter:card\" content=\"summary_large_image\" \/>\n<script type=\"application\/ld+json\" class=\"yoast-schema-graph\">{\"@context\":\"https:\\\/\\\/schema.org\",\"@graph\":[{\"@type\":\"Article\",\"@id\":\"https:\\\/\\\/www.meydan.tv\\\/az\\\/article\\\/ukrayna-rusiyanin-tammiqyasli-isgalini-tesdiqledi\\\/#article\",\"isPartOf\":{\"@id\":\"https:\\\/\\\/www.meydan.tv\\\/az\\\/article\\\/ukrayna-rusiyanin-tammiqyasli-isgalini-tesdiqledi\\\/\"},\"author\":{\"name\":\"roma\",\"@id\":\"https:\\\/\\\/www.meydan.tv\\\/az\\\/#\\\/schema\\\/person\\\/8f23e01c4de63326c13c319fb65ee65d\"},\"headline\":\"Bloq: Rusiya-Ukrayna m\u00fcharib\u0259si: yenil\u0259n\u0259n x\u0259b\u0259rl\u0259r\",\"datePublished\":\"2022-02-24T05:24:10+00:00\",\"dateModified\":\"2022-02-24T20:44:51+00:00\",\"mainEntityOfPage\":{\"@id\":\"https:\\\/\\\/www.meydan.tv\\\/az\\\/article\\\/ukrayna-rusiyanin-tammiqyasli-isgalini-tesdiqledi\\\/\"},\"wordCount\":5769,\"publisher\":{\"@id\":\"https:\\\/\\\/www.meydan.tv\\\/az\\\/#organization\"},\"image\":{\"@id\":\"https:\\\/\\\/www.meydan.tv\\\/az\\\/article\\\/ukrayna-rusiyanin-tammiqyasli-isgalini-tesdiqledi\\\/#primaryimage\"},\"thumbnailUrl\":\"https:\\\/\\\/www.meydan.tv\\\/wp-content\\\/uploads\\\/fmvbejdxsaa6zlz.jpeg\",\"articleSection\":[\"D\u00fcnya\",\"Redaktor se\u00e7imi\",\"T\u00f6vsiy\u0259\"],\"inLanguage\":\"az\"},{\"@type\":\"WebPage\",\"@id\":\"https:\\\/\\\/www.meydan.tv\\\/az\\\/article\\\/ukrayna-rusiyanin-tammiqyasli-isgalini-tesdiqledi\\\/\",\"url\":\"https:\\\/\\\/www.meydan.tv\\\/az\\\/article\\\/ukrayna-rusiyanin-tammiqyasli-isgalini-tesdiqledi\\\/\",\"name\":\"Bloq: Rusiya-Ukrayna m\u00fcharib\u0259si: yenil\u0259n\u0259n x\u0259b\u0259rl\u0259r - MEYDAN.TV\",\"isPartOf\":{\"@id\":\"https:\\\/\\\/www.meydan.tv\\\/az\\\/#website\"},\"primaryImageOfPage\":{\"@id\":\"https:\\\/\\\/www.meydan.tv\\\/az\\\/article\\\/ukrayna-rusiyanin-tammiqyasli-isgalini-tesdiqledi\\\/#primaryimage\"},\"image\":{\"@id\":\"https:\\\/\\\/www.meydan.tv\\\/az\\\/article\\\/ukrayna-rusiyanin-tammiqyasli-isgalini-tesdiqledi\\\/#primaryimage\"},\"thumbnailUrl\":\"https:\\\/\\\/www.meydan.tv\\\/wp-content\\\/uploads\\\/fmvbejdxsaa6zlz.jpeg\",\"datePublished\":\"2022-02-24T05:24:10+00:00\",\"dateModified\":\"2022-02-24T20:44:51+00:00\",\"breadcrumb\":{\"@id\":\"https:\\\/\\\/www.meydan.tv\\\/az\\\/article\\\/ukrayna-rusiyanin-tammiqyasli-isgalini-tesdiqledi\\\/#breadcrumb\"},\"inLanguage\":\"az\",\"potentialAction\":[{\"@type\":\"ReadAction\",\"target\":[\"https:\\\/\\\/www.meydan.tv\\\/az\\\/article\\\/ukrayna-rusiyanin-tammiqyasli-isgalini-tesdiqledi\\\/\"]}]},{\"@type\":\"ImageObject\",\"inLanguage\":\"az\",\"@id\":\"https:\\\/\\\/www.meydan.tv\\\/az\\\/article\\\/ukrayna-rusiyanin-tammiqyasli-isgalini-tesdiqledi\\\/#primaryimage\",\"url\":\"https:\\\/\\\/www.meydan.tv\\\/wp-content\\\/uploads\\\/fmvbejdxsaa6zlz.jpeg\",\"contentUrl\":\"https:\\\/\\\/www.meydan.tv\\\/wp-content\\\/uploads\\\/fmvbejdxsaa6zlz.jpeg\",\"width\":1280,\"height\":960,\"caption\":\"Xarkov \u015f\u0259h\u0259ri. M\u0259nb\u0259: Telegram\"},{\"@type\":\"BreadcrumbList\",\"@id\":\"https:\\\/\\\/www.meydan.tv\\\/az\\\/article\\\/ukrayna-rusiyanin-tammiqyasli-isgalini-tesdiqledi\\\/#breadcrumb\",\"itemListElement\":[{\"@type\":\"ListItem\",\"position\":1,\"name\":\"Ana s\u0259hif\u0259\",\"item\":\"https:\\\/\\\/www.meydan.tv\\\/az\\\/\"},{\"@type\":\"ListItem\",\"position\":2,\"name\":\"D\u00fcnya\",\"item\":\"https:\\\/\\\/www.meydan.tv\\\/az\\\/section\\\/dunya\\\/\"},{\"@type\":\"ListItem\",\"position\":3,\"name\":\"Bloq: Rusiya-Ukrayna m\u00fcharib\u0259si: yenil\u0259n\u0259n x\u0259b\u0259rl\u0259r\"}]},{\"@type\":\"WebSite\",\"@id\":\"https:\\\/\\\/www.meydan.tv\\\/az\\\/#website\",\"url\":\"https:\\\/\\\/www.meydan.tv\\\/az\\\/\",\"name\":\"MEYDAN.TV\",\"description\":\"Meydan TV Az\u0259rbaycan\u0131n media m\u0259kan\u0131ndak\u0131 alternativ s\u0259sidir\",\"publisher\":{\"@id\":\"https:\\\/\\\/www.meydan.tv\\\/az\\\/#organization\"},\"potentialAction\":[{\"@type\":\"SearchAction\",\"target\":{\"@type\":\"EntryPoint\",\"urlTemplate\":\"https:\\\/\\\/www.meydan.tv\\\/az\\\/?s={search_term_string}\"},\"query-input\":{\"@type\":\"PropertyValueSpecification\",\"valueRequired\":true,\"valueName\":\"search_term_string\"}}],\"inLanguage\":\"az\"},{\"@type\":\"Organization\",\"@id\":\"https:\\\/\\\/www.meydan.tv\\\/az\\\/#organization\",\"name\":\"Meydan TV\",\"url\":\"https:\\\/\\\/www.meydan.tv\\\/az\\\/\",\"logo\":{\"@type\":\"ImageObject\",\"inLanguage\":\"az\",\"@id\":\"https:\\\/\\\/www.meydan.tv\\\/az\\\/#\\\/schema\\\/logo\\\/image\\\/\",\"url\":\"https:\\\/\\\/www.meydan.tv\\\/wp-content\\\/uploads\\\/2021\\\/07\\\/meydan-logo.svg\",\"contentUrl\":\"https:\\\/\\\/www.meydan.tv\\\/wp-content\\\/uploads\\\/2021\\\/07\\\/meydan-logo.svg\",\"width\":195,\"height\":46,\"caption\":\"Meydan TV\"},\"image\":{\"@id\":\"https:\\\/\\\/www.meydan.tv\\\/az\\\/#\\\/schema\\\/logo\\\/image\\\/\"}},{\"@type\":\"Person\",\"@id\":\"https:\\\/\\\/www.meydan.tv\\\/az\\\/#\\\/schema\\\/person\\\/8f23e01c4de63326c13c319fb65ee65d\",\"name\":\"roma\"}]}<\/script>\n<!-- \/ Yoast SEO plugin. -->","yoast_head_json":{"title":"Bloq: Rusiya-Ukrayna m\u00fcharib\u0259si: yenil\u0259n\u0259n x\u0259b\u0259rl\u0259r - MEYDAN.TV","robots":{"index":"index","follow":"follow","max-snippet":"max-snippet:-1","max-image-preview":"max-image-preview:large","max-video-preview":"max-video-preview:-1"},"canonical":"https:\/\/www.meydan.tv\/az\/article\/ukrayna-rusiyanin-tammiqyasli-isgalini-tesdiqledi\/","og_locale":"az_AZ","og_type":"article","og_title":"Bloq: Rusiya-Ukrayna m\u00fcharib\u0259si: yenil\u0259n\u0259n x\u0259b\u0259rl\u0259r - MEYDAN.TV","og_description":"00.44 AB\u015e Rusiyaya sanksiyalar\u0131n\u0131 a\u00e7\u0131qlad\u0131\u00a0 AB\u015e Prezidenti Co Bayden Rusiyaya ... Davam\u0131","og_url":"https:\/\/www.meydan.tv\/az\/article\/ukrayna-rusiyanin-tammiqyasli-isgalini-tesdiqledi\/","og_site_name":"MEYDAN.TV","article_published_time":"2022-02-24T05:24:10+00:00","article_modified_time":"2022-02-24T20:44:51+00:00","og_image":[{"width":1280,"height":960,"url":"https:\/\/www.meydan.tv\/wp-content\/uploads\/fmvbejdxsaa6zlz.jpeg","type":"image\/jpeg"}],"author":"roma","twitter_card":"summary_large_image","schema":{"@context":"https:\/\/schema.org","@graph":[{"@type":"Article","@id":"https:\/\/www.meydan.tv\/az\/article\/ukrayna-rusiyanin-tammiqyasli-isgalini-tesdiqledi\/#article","isPartOf":{"@id":"https:\/\/www.meydan.tv\/az\/article\/ukrayna-rusiyanin-tammiqyasli-isgalini-tesdiqledi\/"},"author":{"name":"roma","@id":"https:\/\/www.meydan.tv\/az\/#\/schema\/person\/8f23e01c4de63326c13c319fb65ee65d"},"headline":"Bloq: Rusiya-Ukrayna m\u00fcharib\u0259si: yenil\u0259n\u0259n x\u0259b\u0259rl\u0259r","datePublished":"2022-02-24T05:24:10+00:00","dateModified":"2022-02-24T20:44:51+00:00","mainEntityOfPage":{"@id":"https:\/\/www.meydan.tv\/az\/article\/ukrayna-rusiyanin-tammiqyasli-isgalini-tesdiqledi\/"},"wordCount":5769,"publisher":{"@id":"https:\/\/www.meydan.tv\/az\/#organization"},"image":{"@id":"https:\/\/www.meydan.tv\/az\/article\/ukrayna-rusiyanin-tammiqyasli-isgalini-tesdiqledi\/#primaryimage"},"thumbnailUrl":"https:\/\/www.meydan.tv\/wp-content\/uploads\/fmvbejdxsaa6zlz.jpeg","articleSection":["D\u00fcnya","Redaktor se\u00e7imi","T\u00f6vsiy\u0259"],"inLanguage":"az"},{"@type":"WebPage","@id":"https:\/\/www.meydan.tv\/az\/article\/ukrayna-rusiyanin-tammiqyasli-isgalini-tesdiqledi\/","url":"https:\/\/www.meydan.tv\/az\/article\/ukrayna-rusiyanin-tammiqyasli-isgalini-tesdiqledi\/","name":"Bloq: Rusiya-Ukrayna m\u00fcharib\u0259si: yenil\u0259n\u0259n x\u0259b\u0259rl\u0259r - MEYDAN.TV","isPartOf":{"@id":"https:\/\/www.meydan.tv\/az\/#website"},"primaryImageOfPage":{"@id":"https:\/\/www.meydan.tv\/az\/article\/ukrayna-rusiyanin-tammiqyasli-isgalini-tesdiqledi\/#primaryimage"},"image":{"@id":"https:\/\/www.meydan.tv\/az\/article\/ukrayna-rusiyanin-tammiqyasli-isgalini-tesdiqledi\/#primaryimage"},"thumbnailUrl":"https:\/\/www.meydan.tv\/wp-content\/uploads\/fmvbejdxsaa6zlz.jpeg","datePublished":"2022-02-24T05:24:10+00:00","dateModified":"2022-02-24T20:44:51+00:00","breadcrumb":{"@id":"https:\/\/www.meydan.tv\/az\/article\/ukrayna-rusiyanin-tammiqyasli-isgalini-tesdiqledi\/#breadcrumb"},"inLanguage":"az","potentialAction":[{"@type":"ReadAction","target":["https:\/\/www.meydan.tv\/az\/article\/ukrayna-rusiyanin-tammiqyasli-isgalini-tesdiqledi\/"]}]},{"@type":"ImageObject","inLanguage":"az","@id":"https:\/\/www.meydan.tv\/az\/article\/ukrayna-rusiyanin-tammiqyasli-isgalini-tesdiqledi\/#primaryimage","url":"https:\/\/www.meydan.tv\/wp-content\/uploads\/fmvbejdxsaa6zlz.jpeg","contentUrl":"https:\/\/www.meydan.tv\/wp-content\/uploads\/fmvbejdxsaa6zlz.jpeg","width":1280,"height":960,"caption":"Xarkov \u015f\u0259h\u0259ri. M\u0259nb\u0259: Telegram"},{"@type":"BreadcrumbList","@id":"https:\/\/www.meydan.tv\/az\/article\/ukrayna-rusiyanin-tammiqyasli-isgalini-tesdiqledi\/#breadcrumb","itemListElement":[{"@type":"ListItem","position":1,"name":"Ana s\u0259hif\u0259","item":"https:\/\/www.meydan.tv\/az\/"},{"@type":"ListItem","position":2,"name":"D\u00fcnya","item":"https:\/\/www.meydan.tv\/az\/section\/dunya\/"},{"@type":"ListItem","position":3,"name":"Bloq: Rusiya-Ukrayna m\u00fcharib\u0259si: yenil\u0259n\u0259n x\u0259b\u0259rl\u0259r"}]},{"@type":"WebSite","@id":"https:\/\/www.meydan.tv\/az\/#website","url":"https:\/\/www.meydan.tv\/az\/","name":"MEYDAN.TV","description":"Meydan TV Az\u0259rbaycan\u0131n media m\u0259kan\u0131ndak\u0131 alternativ s\u0259sidir","publisher":{"@id":"https:\/\/www.meydan.tv\/az\/#organization"},"potentialAction":[{"@type":"SearchAction","target":{"@type":"EntryPoint","urlTemplate":"https:\/\/www.meydan.tv\/az\/?s={search_term_string}"},"query-input":{"@type":"PropertyValueSpecification","valueRequired":true,"valueName":"search_term_string"}}],"inLanguage":"az"},{"@type":"Organization","@id":"https:\/\/www.meydan.tv\/az\/#organization","name":"Meydan TV","url":"https:\/\/www.meydan.tv\/az\/","logo":{"@type":"ImageObject","inLanguage":"az","@id":"https:\/\/www.meydan.tv\/az\/#\/schema\/logo\/image\/","url":"https:\/\/www.meydan.tv\/wp-content\/uploads\/2021\/07\/meydan-logo.svg","contentUrl":"https:\/\/www.meydan.tv\/wp-content\/uploads\/2021\/07\/meydan-logo.svg","width":195,"height":46,"caption":"Meydan TV"},"image":{"@id":"https:\/\/www.meydan.tv\/az\/#\/schema\/logo\/image\/"}},{"@type":"Person","@id":"https:\/\/www.meydan.tv\/az\/#\/schema\/person\/8f23e01c4de63326c13c319fb65ee65d","name":"roma"}]}},"_links":{"self":[{"href":"https:\/\/www.meydan.tv\/az\/wp-json\/wp\/v2\/posts\/235521","targetHints":{"allow":["GET"]}}],"collection":[{"href":"https:\/\/www.meydan.tv\/az\/wp-json\/wp\/v2\/posts"}],"about":[{"href":"https:\/\/www.meydan.tv\/az\/wp-json\/wp\/v2\/types\/post"}],"author":[{"embeddable":true,"href":"https:\/\/www.meydan.tv\/az\/wp-json\/wp\/v2\/users\/14"}],"replies":[{"embeddable":true,"href":"https:\/\/www.meydan.tv\/az\/wp-json\/wp\/v2\/comments?post=235521"}],"version-history":[{"count":53,"href":"https:\/\/www.meydan.tv\/az\/wp-json\/wp\/v2\/posts\/235521\/revisions"}],"predecessor-version":[{"id":235852,"href":"https:\/\/www.meydan.tv\/az\/wp-json\/wp\/v2\/posts\/235521\/revisions\/235852"}],"wp:featuredmedia":[{"embeddable":true,"href":"https:\/\/www.meydan.tv\/az\/wp-json\/wp\/v2\/media\/235522"}],"wp:attachment":[{"href":"https:\/\/www.meydan.tv\/az\/wp-json\/wp\/v2\/media?parent=235521"}],"wp:term":[{"taxonomy":"category","embeddable":true,"href":"https:\/\/www.meydan.tv\/az\/wp-json\/wp\/v2\/categories?post=235521"},{"taxonomy":"post_tag","embeddable":true,"href":"https:\/\/www.meydan.tv\/az\/wp-json\/wp\/v2\/tags?post=235521"}],"curies":[{"name":"wp","href":"https:\/\/api.w.org\/{rel}","templated":true}]}}