{"id":235513,"date":"2022-02-23T23:14:10","date_gmt":"2022-02-23T19:14:10","guid":{"rendered":"https:\/\/www.meydan.tv\/?p=235513"},"modified":"2022-02-24T12:04:07","modified_gmt":"2022-02-24T08:04:07","slug":"cesur-memmedov-moskva-beyannamesi-rusiyanin-boyunduruguna-girmeyi-hedefleyir","status":"publish","type":"post","link":"https:\/\/www.meydan.tv\/az\/article\/cesur-memmedov-moskva-beyannamesi-rusiyanin-boyunduruguna-girmeyi-hedefleyir\/","title":{"rendered":"C\u0259sur M\u0259mm\u0259dov: \u201cMoskva B\u0259yannam\u0259si Rusiyan\u0131n boyunduru\u011funa girm\u0259yi h\u0259d\u0259fl\u0259yir\u201d"},"content":{"rendered":"\n<p><em>\u201cS\u0259n\u0259d anti-NATO mahiyy\u0259tlidir\u201d<\/em><br><\/p>\n\n\n\n<p>\u201c22 fevral Moskva B\u0259yannam\u0259si Az\u0259rbaycan\u0131n h\u0259r hans\u0131 h\u0259rbi toqqu\u015fmas\u0131z, \u201ca\u011fr\u0131s\u0131z olaraq\u201d Rusiyan\u0131n h\u0259rbi boyunduru\u011funa girm\u0259sini h\u0259d\u0259fl\u0259yir\u201d.<br><\/p>\n\n\n\n<p>Bunu &#8220;X\u0259z\u0259r&#8221; H\u0259rbi T\u0259dqiqatlar \u0130nstitutunun direktoru C\u0259sur M\u0259mm\u0259dov \u201cRusiya Federasiyas\u0131 v\u0259 Az\u0259rbaycan Respublikas\u0131 aras\u0131nda m\u00fctt\u0259fiqlik qar\u015f\u0131l\u0131ql\u0131 f\u0259aliyy\u0259ti haqq\u0131nda\u201d B\u0259yannam\u0259ni \u015f\u0259rh ed\u0259rk\u0259n <a href=\"https:\/\/caspiandefense.wordpress.com\/2022\/02\/23\/moskva-b%c9%99yannam%c9%99si-az%c9%99rbaycanin-t%c9%99hluk%c9%99sizlik-v%c9%99-mudafi%c9%99-sektoruna-hansi-d%c9%99yisiklikl%c9%99ri-g%c9%99tir%c9%99c%c9%99k\/\" target=\"_blank\" rel=\"noreferrer noopener\">bildirib<\/a>.<br><\/p>\n\n\n\n<p>C\u0259sur M\u0259mm\u0259dov hesab edir ki, Moskvan\u0131n m\u0259qs\u0259di C\u0259nubi Qafqaz\u0131n bu vacib \u00f6lk\u0259sini \u201c\u00f6m\u00fcrl\u00fck n\u0259zar\u0259td\u0259 saxlamaq\u201dd\u0131r:<br><\/p>\n\n\n\n<p>\u201cB\u0259yannam\u0259 eyni zamanda g\u0259l\u0259c\u0259k h\u0259rbi-siyasi-iqtisadi m\u0259s\u0259l\u0259l\u0259rd\u0259 Bak\u0131n\u0131n Moskvaya sadiqliyini n\u00fcmayi\u015f etdirir. S\u0259n\u0259din birinci v\u0259 ikinci m\u00fcdd\u0259alar\u0131nda \u201c\u0259razi b\u00fct\u00f6vl\u00fcy\u00fcn\u0259 h\u00f6rm\u0259t\u201d, \u201cbir-birl\u0259rinin daxili i\u015fl\u0259rin\u0259 qar\u0131\u015fmamaq\u201d v\u0259 \u201cm\u00fcst\u0259qil xarici siyas\u0259t\u201dd\u0259n dan\u0131\u015f\u0131l\u0131r. Sonrak\u0131 madd\u0259l\u0259rd\u0259n d\u0259 b\u0259lli olur ki, t\u0259r\u0259fl\u0259rin, x\u00fcsusil\u0259 d\u0259 Az\u0259rbaycan\u0131n bu raz\u0131la\u015fma \u00fczr\u0259 g\u0259l\u0259c\u0259k f\u0259aliyy\u0259ti ciddi \u015f\u0259kild\u0259 m\u0259hdudla\u015fd\u0131r\u0131lacaq&#8221;. <\/p>\n\n\n\n<p>&#8220;El\u0259 s\u0259n\u0259din giri\u015f hiss\u0259sind\u0259 \u201cbeyn\u0259lxalq h\u00fcquq \u0259sas\u0131nda \u00e7oxq\u00fctbl\u00fc d\u00fcnyan\u0131n formala\u015fd\u0131r\u0131lmas\u0131n\u0131n v\u0259 beyn\u0259lxalq s\u00fclh\u00fcn v\u0259 t\u0259hl\u00fck\u0259sizliyin qorunub-saxlanmas\u0131nda BMT-nin m\u0259rk\u0259zi rolunun vacibliyi\u201d qeyd olunub. Bel\u0259likl\u0259, s\u0259n\u0259dd\u0259 Avroatlantik d\u0259y\u0259rl\u0259r, NATO-nun s\u00fclhyaratma siyas\u0259ti v\u0259 s. k\u0259nar saxlan\u0131l\u0131r. \u00dcmumilikd\u0259 bu, s\u0259n\u0259din anti-NATO mahiyy\u0259tind\u0259n x\u0259b\u0259r verir\u201d, &#8211; C\u0259sur M\u0259mm\u0259dov deyib.<br><\/p>\n\n\n\n<p>Onun fikrinc\u0259, Az\u0259rbaycan yax\u0131n perspektivd\u0259 MDB \u00e7\u0259r\u00e7iv\u0259sind\u0259, x\u00fcsusil\u0259 d\u0259 onun M\u00fcdafi\u0259 Nazirl\u0259ri \u015euras\u0131 strukturu \u00fczr\u0259 \u0259m\u0259kda\u015fl\u0131\u011f\u0131n\u0131 g\u00fccl\u0259ndir\u0259c\u0259k. Bu, ona g\u0259tirib \u00e7\u0131xaracaq ki, Az\u0259rbaycan h\u0259rbi-siyasi y\u00f6n\u00fcm bax\u0131m\u0131ndan Moskvaya fokuslanacaq: <\/p>\n\n\n\n<p>&#8220;Az\u0259rbaycan\u0131n dig\u0259r beyn\u0259lxalq t\u0259\u015fkilatlar, x\u00fcsusil\u0259 d\u0259 NATO v\u0259 ona \u00fczv \u00f6lk\u0259l\u0259r, eyni zamanda bir s\u0131ra qeyri-NATO \u00f6lk\u0259l\u0259ri (misal \u00fc\u00e7\u00fcn \u0130srail) il\u0259 indiy\u0259d\u0259k \u0259ld\u0259 etmi\u015f \u0259m\u0259kda\u015fl\u0131q nailiyy\u0259tl\u0259rini s\u0259ngid\u0259c\u0259k. \u018fv\u0259zind\u0259 Rusiya Az\u0259rbaycan\u0131 Kollektiv T\u0259hl\u00fck\u0259sizlik M\u00fcqavil\u0259si T\u0259\u015fkilat\u0131 (KTMT, ODKB) \u00e7\u0259r\u00e7iv\u0259sind\u0259 s\u00fclhm\u0259raml\u0131 \u0259m\u0259liyyatlara c\u0259lb ed\u0259 bil\u0259r. Bu proses t\u0259xmin\u0259n qar\u015f\u0131dak\u0131 2-3 il \u0259rzind\u0259 s\u00fcr\u0259tl\u0259n\u0259 bil\u0259r\u201d.<br><\/p>\n\n\n\n<p>&#8220;X\u0259z\u0259r&#8221; H\u0259rbi T\u0259dqiqatlar \u0130nstitutunun direktoru 2021-ci il iyunun 15-d\u0259 imzalanan \u201c\u015eu\u015fa B\u0259yannam\u0259si\u201dn\u0259 toxunaraq qeyd edib ki, r\u0259smi Bak\u0131n\u0131n \u00f6t\u0259n bir il \u0259rzind\u0259 \u201cT\u00fcrkiy\u0259 modelli ordu\u201d il\u0259 ba\u011fl\u0131 s\u0259sl\u0259ndirdiyi b\u0259yanatlar \u0259slind\u0259 Rusiyaya mesaj imi\u015f:<br><\/p>\n\n\n\n<p>\u201cY\u0259qin ki, Az\u0259rbaycan v\u0259 Rusiya aras\u0131nda imzalanm\u0131\u015f B\u0259yannam\u0259d\u0259 Az\u0259rbaycan ordu quruculu\u011funun perspektivl\u0259ri (h\u0259rbi standartlar, m\u00fc\u015ft\u0259r\u0259k v\u0259 ya birg\u0259 ordu, h\u0259rbi kadrlar, h\u0259rbi elm v\u0259 s.) il\u0259 ba\u011fl\u0131 h\u0259r hans\u0131 konkret m\u00fcdd\u0259a, fikrin \u0259ks olunmamas\u0131 bu mesajlar\u0131n v\u0259 eyni zamanda T\u00fcrkiy\u0259nin m\u00fcmk\u00fcn m\u00fcdaxil\u0259si n\u0259tic\u0259sind\u0259 m\u00fcmk\u00fcn olub&#8221;. <\/p>\n\n\n\n<p>&#8220;Amma bu, o dem\u0259k deyil ki, imzalanm\u0131\u015f B\u0259yannam\u0259 Az\u0259rbaycanda T\u0259hl\u00fck\u0259sizlik v\u0259 M\u00fcdafi\u0259 Sektorunun g\u0259l\u0259c\u0259yin\u0259 k\u00f6lg\u0259 salm\u0131r, \u0259ksin\u0259, birba\u015fa olmasa da, dolay\u0131s\u0131 il\u0259 Az\u0259rbaycanda NATO standartlar\u0131 il\u0259 ba\u011fl\u0131 olmayan (v\u0259 yaxud NATO \u00f6lk\u0259l\u0259ri t\u0259r\u0259find\u0259n d\u0259st\u0259k g\u00f6st\u0259rilm\u0259y\u0259n) bir ordunun yarad\u0131l\u0131mas\u0131 arzusu, m\u0259qs\u0259di v\u0259 ya h\u0259d\u0259fi hiss olunur\u201d, &#8211; ekspert vur\u011fulay\u0131b.<br><\/p>\n\n\n\n<figure class=\"wp-block-image size-full\"><img decoding=\"async\" width=\"1080\" height=\"608\" data-src=\"https:\/\/www.meydan.tv\/wp-content\/uploads\/42932.jpg\" alt=\"C\u0259sur S\u00fcm\u0259rinli\" class=\"wp-image-108046 lazyload\" src=\"data:image\/svg+xml;base64,PHN2ZyB3aWR0aD0iMSIgaGVpZ2h0PSIxIiB4bWxucz0iaHR0cDovL3d3dy53My5vcmcvMjAwMC9zdmciPjwvc3ZnPg==\" style=\"--smush-placeholder-width: 1080px; --smush-placeholder-aspect-ratio: 1080\/608;\" \/><figcaption>Foto: C\u0259sur M\u0259mm\u0259dovun \u015f\u0259xsi arxivind\u0259n  <\/figcaption><\/figure>\n\n\n\n<p>O, B\u0259yannam\u0259nin Az\u0259rbaycan \u00fc\u00e7\u00fcn a\u015fa\u011f\u0131dak\u0131 t\u0259hl\u00fck\u0259sizlik probleml\u0259ri yaratd\u0131\u011f\u0131 q\u0259na\u0259tind\u0259dir. Hesab edir ki, \u00fcmumilikd\u0259 s\u0259n\u0259d Az\u0259rbaycan\u0131n T\u0259hl\u00fck\u0259sizlik v\u0259 M\u00fcdafi\u0259 Sektorunda bir s\u0131ra h\u00fcquqi, struktur v\u0259 idar\u0259etm\u0259 d\u0259yi\u015fiklikl\u0259rin\u0259 g\u0259tirib \u00e7\u0131xaracaq:<\/p>\n\n\n\n<p>&#8220;S\u0259n\u0259d Az\u0259rbaycan\u0131n NATO v\u0259 o c\u00fcml\u0259d\u0259n T\u00fcrkiy\u0259 Silahl\u0131 Q\u00fcvv\u0259l\u0259ri il\u0259 h\u0259rbi v\u0259 h\u0259rbi-texniki \u0259m\u0259kda\u015fl\u0131\u011f\u0131na m\u0259nfi t\u0259sir g\u00f6st\u0259r\u0259c\u0259k. Az\u0259rbaycanla NATO aras\u0131nda m\u00f6vcud h\u0259rbi \u0259m\u0259kda\u015fl\u0131\u011f\u0131 tormozlayacaq. H\u0259rbi d\u0259yi\u015fiklikl\u0259r, islahatlar proqram\u0131nda tez-tez ziddiyy\u0259tl\u0259r ortaya \u00e7\u0131xacaq&#8221;. <\/p>\n\n\n\n<p>Ekspertin fikrinc\u0259, Az\u0259rbaycan v\u0259 T\u00fcrkiy\u0259 aras\u0131nda h\u0259rbi t\u0259liml\u0259rin ke\u00e7irilm\u0259si, m\u00fcdafi\u0259 s\u0259nayesind\u0259 \u0259m\u0259kda\u015fl\u0131q istiqam\u0259tind\u0259 d\u0259 m\u00fc\u0259yy\u0259n mane\u0259l\u0259r ortaya \u00e7\u0131xa bil\u0259r:<\/p>\n\n\n\n<p>&#8220;Az\u0259rbaycan\u0131n strateji s\u0259n\u0259dl\u0259rinin \u2013 H\u0259rbi Doktrinan\u0131n v\u0259 Milli T\u0259hl\u00fck\u0259sizlik Konsepsiyas\u0131n\u0131n d\u0259yi\u015fidirilm\u0259sin\u0259 s\u0259b\u0259b ola bil\u0259r; Az\u0259rbaycan\u0131n silahlanmas\u0131nda, ordunun maddi-texniki t\u0259chizat\u0131nda probleml\u0259r yarada bil\u0259r; Az\u0259rbaycan\u0131n Silahl\u0131 Q\u00fcvv\u0259l\u0259rinin kadr hey\u0259tinin t\u0259minat\u0131 \u00fczr\u0259 g\u0259l\u0259c\u0259kd\u0259 ciddi probleml\u0259r ortaya \u00e7\u0131xara bil\u0259r&#8221;.<\/p>\n\n\n\n<p>&#8220;Rusiya Silahl\u0131 Q\u00fcvv\u0259l\u0259rinin Az\u0259rbaycanda h\u0259rbi m\u00f6vcudlu\u011funun h\u00fcquqi \u0259saslar\u0131n\u0131 yaradacaq, bu s\u0259n\u0259d eyni zamanda Da\u011fl\u0131q Qaraba\u011fdak\u0131 Rusiya \u0259sg\u0259rl\u0259rinin f\u0259aliyy\u0259tini m\u00f6hk\u0259ml\u0259ndirir, onlar\u0131n qalma m\u00fcdd\u0259tini uzada bil\u0259r. Az\u0259rbaycandak\u0131 m\u00f6vcud v\u0259 g\u0259l\u0259c\u0259k siyasi prosesl\u0259r\u0259 Rusiyan\u0131n m\u00fcmk\u00fcn h\u0259rbi-siyasi m\u00fcdaxil\u0259sinin \u0259saslar\u0131n\u0131 formala\u015fd\u0131r\u0131r. Qafqaz v\u0259 X\u0259z\u0259r regionunda Rusiyan\u0131n h\u0259rbi bax\u0131mdan hegemon v\u0259ziyy\u0259td\u0259 olmas\u0131na v\u0259 g\u0259l\u0259c\u0259kd\u0259 bu rolunun daha da m\u00f6hk\u0259ml\u0259nm\u0259sin\u0259 s\u0259b\u0259b olacaq&#8221;, &#8211; C\u0259sur M\u0259mm\u0259dov qeyd edib. <\/p>\n\n\n\n<p>Onun fikrinc\u0259, B\u0259yannam\u0259d\u0259n sonra Az\u0259rbaycan Silahl\u0131 Q\u00fcvv\u0259l\u0259rinin demokratikl\u0259\u015fm\u0259si, \u015f\u0259ffafl\u0131q, hesabatl\u0131q, v\u0259t\u0259nda\u015f c\u0259miyy\u0259tinin n\u0259zar\u0259ti v\u0259 s. kimi m\u0259s\u0259l\u0259l\u0259rd\u0259n dan\u0131\u015fmaq \u00e7\u0259tin g\u00f6r\u00fcn\u00fcr.<br><\/p>\n\n\n\n<p>Fevral\u0131n 22-d\u0259 Moskvada \u201cRusiya v\u0259 Az\u0259rbaycan aras\u0131nda m\u00fctt\u0259fiqlik qar\u015f\u0131l\u0131ql\u0131 f\u0259aliyy\u0259ti haqq\u0131nda\u201d B\u0259yannam\u0259 imzalan\u0131b.<br><\/p>\n\n\n\n<p>S\u0259n\u0259di prezidentl\u0259r Vladimir Putin v\u0259 \u0130lham \u018fliyev imzalay\u0131b.<br><\/p>\n\n\n\n<p>B\u0259yannam\u0259 43 b\u0259ndd\u0259n ibar\u0259tdir.<br><\/p>\n\n\n\n<p>Az\u0259rbaycan\u0131n Xarici \u0130\u015fl\u0259r Nazirliyinin yayd\u0131\u011f\u0131 m\u0259lumata g\u00f6r\u0259, B\u0259yannam\u0259 \u201c\u0130ki d\u00f6vl\u0259t aras\u0131nda dostluq, \u0259m\u0259kda\u015fl\u0131q v\u0259 qar\u015f\u0131l\u0131ql\u0131 t\u0259hl\u00fck\u0259sizlik haqq\u0131nda\u201d 3 iyul 1997-ci il tarixli M\u00fcqavil\u0259y\u0259, \u201cDostluq v\u0259 strateji t\u0259r\u0259fda\u015fl\u0131q haqq\u0131nda\u201d 3 iyul 2008-ci il tarixli B\u0259yannam\u0259y\u0259 v\u0259 prezidentl\u0259rin 1 sentyabr 2018-ci il tarixli birg\u0259 b\u0259yanat\u0131na <a href=\"https:\/\/www.meydan.tv\/az\/article\/rusiya-ve-azerbaycan-prezidentleri-muttefiqlik-fealiyyeti-beyannamesi-imzaladi\/\" target=\"_blank\" rel=\"noreferrer noopener\">\u0259saslan\u0131b<\/a>.<\/p>\n","protected":false},"excerpt":{"rendered":"<p>\u201cS\u0259n\u0259d anti-NATO mahiyy\u0259tlidir\u201d \u201c22 fevral Moskva B\u0259yannam\u0259si Az\u0259rbaycan\u0131n h\u0259r hans\u0131 &#8230; <\/p>\n<p class=\"read-more-container\"><a title=\"C\u0259sur M\u0259mm\u0259dov: \u201cMoskva B\u0259yannam\u0259si Rusiyan\u0131n boyunduru\u011funa girm\u0259yi h\u0259d\u0259fl\u0259yir\u201d\" class=\"read-more button\" href=\"https:\/\/www.meydan.tv\/az\/article\/cesur-memmedov-moskva-beyannamesi-rusiyanin-boyunduruguna-girmeyi-hedefleyir\/#more-235513\" aria-label=\"Read more about C\u0259sur M\u0259mm\u0259dov: \u201cMoskva B\u0259yannam\u0259si Rusiyan\u0131n boyunduru\u011funa girm\u0259yi h\u0259d\u0259fl\u0259yir\u201d\">Davam\u0131<\/a><\/p>\n","protected":false},"author":8,"featured_media":235510,"comment_status":"closed","ping_status":"closed","sticky":false,"template":"","format":"standard","meta":{"_acf_changed":false,"_sitemap_exclude":false,"_sitemap_priority":"","_sitemap_frequency":"","footnotes":""},"categories":[59,79,56],"tags":[],"class_list":["post-235513","post","type-post","status-publish","format-standard","has-post-thumbnail","hentry","category-siyaset","category-featured","category-xeberler","infinite-scroll-item","generate-columns","tablet-grid-50","mobile-grid-100","grid-parent","grid-33","no-featured-image-padding"],"acf":[],"yoast_head":"<!-- This site is optimized with the Yoast SEO plugin v27.4 - https:\/\/yoast.com\/product\/yoast-seo-wordpress\/ -->\n<title>C\u0259sur M\u0259mm\u0259dov: \u201cMoskva B\u0259yannam\u0259si Rusiyan\u0131n boyunduru\u011funa girm\u0259yi h\u0259d\u0259fl\u0259yir\u201d - MEYDAN.TV<\/title>\n<meta name=\"robots\" content=\"index, follow, max-snippet:-1, max-image-preview:large, max-video-preview:-1\" \/>\n<link rel=\"canonical\" href=\"https:\/\/www.meydan.tv\/az\/article\/cesur-memmedov-moskva-beyannamesi-rusiyanin-boyunduruguna-girmeyi-hedefleyir\/\" \/>\n<meta property=\"og:locale\" content=\"az_AZ\" \/>\n<meta property=\"og:type\" content=\"article\" \/>\n<meta property=\"og:title\" content=\"C\u0259sur M\u0259mm\u0259dov: \u201cMoskva B\u0259yannam\u0259si Rusiyan\u0131n boyunduru\u011funa girm\u0259yi h\u0259d\u0259fl\u0259yir\u201d - MEYDAN.TV\" \/>\n<meta property=\"og:description\" content=\"\u201cS\u0259n\u0259d anti-NATO mahiyy\u0259tlidir\u201d \u201c22 fevral Moskva B\u0259yannam\u0259si Az\u0259rbaycan\u0131n h\u0259r hans\u0131 ... Davam\u0131\" \/>\n<meta property=\"og:url\" content=\"https:\/\/www.meydan.tv\/az\/article\/cesur-memmedov-moskva-beyannamesi-rusiyanin-boyunduruguna-girmeyi-hedefleyir\/\" \/>\n<meta property=\"og:site_name\" content=\"MEYDAN.TV\" \/>\n<meta property=\"article:published_time\" content=\"2022-02-23T19:14:10+00:00\" \/>\n<meta property=\"article:modified_time\" content=\"2022-02-24T08:04:07+00:00\" \/>\n<meta property=\"og:image\" content=\"https:\/\/www.meydan.tv\/wp-content\/uploads\/5673c29a93838ec8d78c8fea1db9d806_5098511.jpg\" \/>\n\t<meta property=\"og:image:width\" content=\"2360\" \/>\n\t<meta property=\"og:image:height\" content=\"1196\" \/>\n\t<meta property=\"og:image:type\" content=\"image\/jpeg\" \/>\n<meta name=\"author\" content=\"elli\" \/>\n<meta name=\"twitter:card\" content=\"summary_large_image\" \/>\n<meta name=\"twitter:creator\" content=\"@elli\" \/>\n<script type=\"application\/ld+json\" class=\"yoast-schema-graph\">{\"@context\":\"https:\\\/\\\/schema.org\",\"@graph\":[{\"@type\":\"Article\",\"@id\":\"https:\\\/\\\/www.meydan.tv\\\/az\\\/article\\\/cesur-memmedov-moskva-beyannamesi-rusiyanin-boyunduruguna-girmeyi-hedefleyir\\\/#article\",\"isPartOf\":{\"@id\":\"https:\\\/\\\/www.meydan.tv\\\/az\\\/article\\\/cesur-memmedov-moskva-beyannamesi-rusiyanin-boyunduruguna-girmeyi-hedefleyir\\\/\"},\"author\":{\"name\":\"elli\",\"@id\":\"https:\\\/\\\/www.meydan.tv\\\/az\\\/#\\\/schema\\\/person\\\/9cdbecf90d17180ce1dfbd95b08dcf47\"},\"headline\":\"C\u0259sur M\u0259mm\u0259dov: \u201cMoskva B\u0259yannam\u0259si Rusiyan\u0131n boyunduru\u011funa girm\u0259yi h\u0259d\u0259fl\u0259yir\u201d\",\"datePublished\":\"2022-02-23T19:14:10+00:00\",\"dateModified\":\"2022-02-24T08:04:07+00:00\",\"mainEntityOfPage\":{\"@id\":\"https:\\\/\\\/www.meydan.tv\\\/az\\\/article\\\/cesur-memmedov-moskva-beyannamesi-rusiyanin-boyunduruguna-girmeyi-hedefleyir\\\/\"},\"wordCount\":1191,\"publisher\":{\"@id\":\"https:\\\/\\\/www.meydan.tv\\\/az\\\/#organization\"},\"image\":{\"@id\":\"https:\\\/\\\/www.meydan.tv\\\/az\\\/article\\\/cesur-memmedov-moskva-beyannamesi-rusiyanin-boyunduruguna-girmeyi-hedefleyir\\\/#primaryimage\"},\"thumbnailUrl\":\"https:\\\/\\\/www.meydan.tv\\\/wp-content\\\/uploads\\\/5673c29a93838ec8d78c8fea1db9d806_5098511.jpg\",\"articleSection\":[\"Siyas\u0259t\",\"T\u00f6vsiy\u0259\",\"X\u0259b\u0259rl\u0259r\"],\"inLanguage\":\"az\"},{\"@type\":\"WebPage\",\"@id\":\"https:\\\/\\\/www.meydan.tv\\\/az\\\/article\\\/cesur-memmedov-moskva-beyannamesi-rusiyanin-boyunduruguna-girmeyi-hedefleyir\\\/\",\"url\":\"https:\\\/\\\/www.meydan.tv\\\/az\\\/article\\\/cesur-memmedov-moskva-beyannamesi-rusiyanin-boyunduruguna-girmeyi-hedefleyir\\\/\",\"name\":\"C\u0259sur M\u0259mm\u0259dov: \u201cMoskva B\u0259yannam\u0259si Rusiyan\u0131n boyunduru\u011funa girm\u0259yi h\u0259d\u0259fl\u0259yir\u201d - MEYDAN.TV\",\"isPartOf\":{\"@id\":\"https:\\\/\\\/www.meydan.tv\\\/az\\\/#website\"},\"primaryImageOfPage\":{\"@id\":\"https:\\\/\\\/www.meydan.tv\\\/az\\\/article\\\/cesur-memmedov-moskva-beyannamesi-rusiyanin-boyunduruguna-girmeyi-hedefleyir\\\/#primaryimage\"},\"image\":{\"@id\":\"https:\\\/\\\/www.meydan.tv\\\/az\\\/article\\\/cesur-memmedov-moskva-beyannamesi-rusiyanin-boyunduruguna-girmeyi-hedefleyir\\\/#primaryimage\"},\"thumbnailUrl\":\"https:\\\/\\\/www.meydan.tv\\\/wp-content\\\/uploads\\\/5673c29a93838ec8d78c8fea1db9d806_5098511.jpg\",\"datePublished\":\"2022-02-23T19:14:10+00:00\",\"dateModified\":\"2022-02-24T08:04:07+00:00\",\"breadcrumb\":{\"@id\":\"https:\\\/\\\/www.meydan.tv\\\/az\\\/article\\\/cesur-memmedov-moskva-beyannamesi-rusiyanin-boyunduruguna-girmeyi-hedefleyir\\\/#breadcrumb\"},\"inLanguage\":\"az\",\"potentialAction\":[{\"@type\":\"ReadAction\",\"target\":[\"https:\\\/\\\/www.meydan.tv\\\/az\\\/article\\\/cesur-memmedov-moskva-beyannamesi-rusiyanin-boyunduruguna-girmeyi-hedefleyir\\\/\"]}]},{\"@type\":\"ImageObject\",\"inLanguage\":\"az\",\"@id\":\"https:\\\/\\\/www.meydan.tv\\\/az\\\/article\\\/cesur-memmedov-moskva-beyannamesi-rusiyanin-boyunduruguna-girmeyi-hedefleyir\\\/#primaryimage\",\"url\":\"https:\\\/\\\/www.meydan.tv\\\/wp-content\\\/uploads\\\/5673c29a93838ec8d78c8fea1db9d806_5098511.jpg\",\"contentUrl\":\"https:\\\/\\\/www.meydan.tv\\\/wp-content\\\/uploads\\\/5673c29a93838ec8d78c8fea1db9d806_5098511.jpg\",\"width\":2360,\"height\":1196,\"caption\":\"M\u0259nb\u0259: president.az\"},{\"@type\":\"BreadcrumbList\",\"@id\":\"https:\\\/\\\/www.meydan.tv\\\/az\\\/article\\\/cesur-memmedov-moskva-beyannamesi-rusiyanin-boyunduruguna-girmeyi-hedefleyir\\\/#breadcrumb\",\"itemListElement\":[{\"@type\":\"ListItem\",\"position\":1,\"name\":\"Ana s\u0259hif\u0259\",\"item\":\"https:\\\/\\\/www.meydan.tv\\\/az\\\/\"},{\"@type\":\"ListItem\",\"position\":2,\"name\":\"Siyas\u0259t\",\"item\":\"https:\\\/\\\/www.meydan.tv\\\/az\\\/section\\\/siyaset\\\/\"},{\"@type\":\"ListItem\",\"position\":3,\"name\":\"C\u0259sur M\u0259mm\u0259dov: \u201cMoskva B\u0259yannam\u0259si Rusiyan\u0131n boyunduru\u011funa girm\u0259yi h\u0259d\u0259fl\u0259yir\u201d\"}]},{\"@type\":\"WebSite\",\"@id\":\"https:\\\/\\\/www.meydan.tv\\\/az\\\/#website\",\"url\":\"https:\\\/\\\/www.meydan.tv\\\/az\\\/\",\"name\":\"MEYDAN.TV\",\"description\":\"Meydan TV Az\u0259rbaycan\u0131n media m\u0259kan\u0131ndak\u0131 alternativ s\u0259sidir\",\"publisher\":{\"@id\":\"https:\\\/\\\/www.meydan.tv\\\/az\\\/#organization\"},\"potentialAction\":[{\"@type\":\"SearchAction\",\"target\":{\"@type\":\"EntryPoint\",\"urlTemplate\":\"https:\\\/\\\/www.meydan.tv\\\/az\\\/?s={search_term_string}\"},\"query-input\":{\"@type\":\"PropertyValueSpecification\",\"valueRequired\":true,\"valueName\":\"search_term_string\"}}],\"inLanguage\":\"az\"},{\"@type\":\"Organization\",\"@id\":\"https:\\\/\\\/www.meydan.tv\\\/az\\\/#organization\",\"name\":\"Meydan TV\",\"url\":\"https:\\\/\\\/www.meydan.tv\\\/az\\\/\",\"logo\":{\"@type\":\"ImageObject\",\"inLanguage\":\"az\",\"@id\":\"https:\\\/\\\/www.meydan.tv\\\/az\\\/#\\\/schema\\\/logo\\\/image\\\/\",\"url\":\"https:\\\/\\\/www.meydan.tv\\\/wp-content\\\/uploads\\\/2021\\\/07\\\/meydan-logo.svg\",\"contentUrl\":\"https:\\\/\\\/www.meydan.tv\\\/wp-content\\\/uploads\\\/2021\\\/07\\\/meydan-logo.svg\",\"width\":195,\"height\":46,\"caption\":\"Meydan TV\"},\"image\":{\"@id\":\"https:\\\/\\\/www.meydan.tv\\\/az\\\/#\\\/schema\\\/logo\\\/image\\\/\"}},{\"@type\":\"Person\",\"@id\":\"https:\\\/\\\/www.meydan.tv\\\/az\\\/#\\\/schema\\\/person\\\/9cdbecf90d17180ce1dfbd95b08dcf47\",\"name\":\"elli\",\"sameAs\":[\"https:\\\/\\\/x.com\\\/elli\"]}]}<\/script>\n<!-- \/ Yoast SEO plugin. -->","yoast_head_json":{"title":"C\u0259sur M\u0259mm\u0259dov: \u201cMoskva B\u0259yannam\u0259si Rusiyan\u0131n boyunduru\u011funa girm\u0259yi h\u0259d\u0259fl\u0259yir\u201d - MEYDAN.TV","robots":{"index":"index","follow":"follow","max-snippet":"max-snippet:-1","max-image-preview":"max-image-preview:large","max-video-preview":"max-video-preview:-1"},"canonical":"https:\/\/www.meydan.tv\/az\/article\/cesur-memmedov-moskva-beyannamesi-rusiyanin-boyunduruguna-girmeyi-hedefleyir\/","og_locale":"az_AZ","og_type":"article","og_title":"C\u0259sur M\u0259mm\u0259dov: \u201cMoskva B\u0259yannam\u0259si Rusiyan\u0131n boyunduru\u011funa girm\u0259yi h\u0259d\u0259fl\u0259yir\u201d - MEYDAN.TV","og_description":"\u201cS\u0259n\u0259d anti-NATO mahiyy\u0259tlidir\u201d \u201c22 fevral Moskva B\u0259yannam\u0259si Az\u0259rbaycan\u0131n h\u0259r hans\u0131 ... Davam\u0131","og_url":"https:\/\/www.meydan.tv\/az\/article\/cesur-memmedov-moskva-beyannamesi-rusiyanin-boyunduruguna-girmeyi-hedefleyir\/","og_site_name":"MEYDAN.TV","article_published_time":"2022-02-23T19:14:10+00:00","article_modified_time":"2022-02-24T08:04:07+00:00","og_image":[{"width":2360,"height":1196,"url":"https:\/\/www.meydan.tv\/wp-content\/uploads\/5673c29a93838ec8d78c8fea1db9d806_5098511.jpg","type":"image\/jpeg"}],"author":"elli","twitter_card":"summary_large_image","twitter_creator":"@elli","schema":{"@context":"https:\/\/schema.org","@graph":[{"@type":"Article","@id":"https:\/\/www.meydan.tv\/az\/article\/cesur-memmedov-moskva-beyannamesi-rusiyanin-boyunduruguna-girmeyi-hedefleyir\/#article","isPartOf":{"@id":"https:\/\/www.meydan.tv\/az\/article\/cesur-memmedov-moskva-beyannamesi-rusiyanin-boyunduruguna-girmeyi-hedefleyir\/"},"author":{"name":"elli","@id":"https:\/\/www.meydan.tv\/az\/#\/schema\/person\/9cdbecf90d17180ce1dfbd95b08dcf47"},"headline":"C\u0259sur M\u0259mm\u0259dov: \u201cMoskva B\u0259yannam\u0259si Rusiyan\u0131n boyunduru\u011funa girm\u0259yi h\u0259d\u0259fl\u0259yir\u201d","datePublished":"2022-02-23T19:14:10+00:00","dateModified":"2022-02-24T08:04:07+00:00","mainEntityOfPage":{"@id":"https:\/\/www.meydan.tv\/az\/article\/cesur-memmedov-moskva-beyannamesi-rusiyanin-boyunduruguna-girmeyi-hedefleyir\/"},"wordCount":1191,"publisher":{"@id":"https:\/\/www.meydan.tv\/az\/#organization"},"image":{"@id":"https:\/\/www.meydan.tv\/az\/article\/cesur-memmedov-moskva-beyannamesi-rusiyanin-boyunduruguna-girmeyi-hedefleyir\/#primaryimage"},"thumbnailUrl":"https:\/\/www.meydan.tv\/wp-content\/uploads\/5673c29a93838ec8d78c8fea1db9d806_5098511.jpg","articleSection":["Siyas\u0259t","T\u00f6vsiy\u0259","X\u0259b\u0259rl\u0259r"],"inLanguage":"az"},{"@type":"WebPage","@id":"https:\/\/www.meydan.tv\/az\/article\/cesur-memmedov-moskva-beyannamesi-rusiyanin-boyunduruguna-girmeyi-hedefleyir\/","url":"https:\/\/www.meydan.tv\/az\/article\/cesur-memmedov-moskva-beyannamesi-rusiyanin-boyunduruguna-girmeyi-hedefleyir\/","name":"C\u0259sur M\u0259mm\u0259dov: \u201cMoskva B\u0259yannam\u0259si Rusiyan\u0131n boyunduru\u011funa girm\u0259yi h\u0259d\u0259fl\u0259yir\u201d - MEYDAN.TV","isPartOf":{"@id":"https:\/\/www.meydan.tv\/az\/#website"},"primaryImageOfPage":{"@id":"https:\/\/www.meydan.tv\/az\/article\/cesur-memmedov-moskva-beyannamesi-rusiyanin-boyunduruguna-girmeyi-hedefleyir\/#primaryimage"},"image":{"@id":"https:\/\/www.meydan.tv\/az\/article\/cesur-memmedov-moskva-beyannamesi-rusiyanin-boyunduruguna-girmeyi-hedefleyir\/#primaryimage"},"thumbnailUrl":"https:\/\/www.meydan.tv\/wp-content\/uploads\/5673c29a93838ec8d78c8fea1db9d806_5098511.jpg","datePublished":"2022-02-23T19:14:10+00:00","dateModified":"2022-02-24T08:04:07+00:00","breadcrumb":{"@id":"https:\/\/www.meydan.tv\/az\/article\/cesur-memmedov-moskva-beyannamesi-rusiyanin-boyunduruguna-girmeyi-hedefleyir\/#breadcrumb"},"inLanguage":"az","potentialAction":[{"@type":"ReadAction","target":["https:\/\/www.meydan.tv\/az\/article\/cesur-memmedov-moskva-beyannamesi-rusiyanin-boyunduruguna-girmeyi-hedefleyir\/"]}]},{"@type":"ImageObject","inLanguage":"az","@id":"https:\/\/www.meydan.tv\/az\/article\/cesur-memmedov-moskva-beyannamesi-rusiyanin-boyunduruguna-girmeyi-hedefleyir\/#primaryimage","url":"https:\/\/www.meydan.tv\/wp-content\/uploads\/5673c29a93838ec8d78c8fea1db9d806_5098511.jpg","contentUrl":"https:\/\/www.meydan.tv\/wp-content\/uploads\/5673c29a93838ec8d78c8fea1db9d806_5098511.jpg","width":2360,"height":1196,"caption":"M\u0259nb\u0259: president.az"},{"@type":"BreadcrumbList","@id":"https:\/\/www.meydan.tv\/az\/article\/cesur-memmedov-moskva-beyannamesi-rusiyanin-boyunduruguna-girmeyi-hedefleyir\/#breadcrumb","itemListElement":[{"@type":"ListItem","position":1,"name":"Ana s\u0259hif\u0259","item":"https:\/\/www.meydan.tv\/az\/"},{"@type":"ListItem","position":2,"name":"Siyas\u0259t","item":"https:\/\/www.meydan.tv\/az\/section\/siyaset\/"},{"@type":"ListItem","position":3,"name":"C\u0259sur M\u0259mm\u0259dov: \u201cMoskva B\u0259yannam\u0259si Rusiyan\u0131n boyunduru\u011funa girm\u0259yi h\u0259d\u0259fl\u0259yir\u201d"}]},{"@type":"WebSite","@id":"https:\/\/www.meydan.tv\/az\/#website","url":"https:\/\/www.meydan.tv\/az\/","name":"MEYDAN.TV","description":"Meydan TV Az\u0259rbaycan\u0131n media m\u0259kan\u0131ndak\u0131 alternativ s\u0259sidir","publisher":{"@id":"https:\/\/www.meydan.tv\/az\/#organization"},"potentialAction":[{"@type":"SearchAction","target":{"@type":"EntryPoint","urlTemplate":"https:\/\/www.meydan.tv\/az\/?s={search_term_string}"},"query-input":{"@type":"PropertyValueSpecification","valueRequired":true,"valueName":"search_term_string"}}],"inLanguage":"az"},{"@type":"Organization","@id":"https:\/\/www.meydan.tv\/az\/#organization","name":"Meydan TV","url":"https:\/\/www.meydan.tv\/az\/","logo":{"@type":"ImageObject","inLanguage":"az","@id":"https:\/\/www.meydan.tv\/az\/#\/schema\/logo\/image\/","url":"https:\/\/www.meydan.tv\/wp-content\/uploads\/2021\/07\/meydan-logo.svg","contentUrl":"https:\/\/www.meydan.tv\/wp-content\/uploads\/2021\/07\/meydan-logo.svg","width":195,"height":46,"caption":"Meydan TV"},"image":{"@id":"https:\/\/www.meydan.tv\/az\/#\/schema\/logo\/image\/"}},{"@type":"Person","@id":"https:\/\/www.meydan.tv\/az\/#\/schema\/person\/9cdbecf90d17180ce1dfbd95b08dcf47","name":"elli","sameAs":["https:\/\/x.com\/elli"]}]}},"_links":{"self":[{"href":"https:\/\/www.meydan.tv\/az\/wp-json\/wp\/v2\/posts\/235513","targetHints":{"allow":["GET"]}}],"collection":[{"href":"https:\/\/www.meydan.tv\/az\/wp-json\/wp\/v2\/posts"}],"about":[{"href":"https:\/\/www.meydan.tv\/az\/wp-json\/wp\/v2\/types\/post"}],"author":[{"embeddable":true,"href":"https:\/\/www.meydan.tv\/az\/wp-json\/wp\/v2\/users\/8"}],"replies":[{"embeddable":true,"href":"https:\/\/www.meydan.tv\/az\/wp-json\/wp\/v2\/comments?post=235513"}],"version-history":[{"count":3,"href":"https:\/\/www.meydan.tv\/az\/wp-json\/wp\/v2\/posts\/235513\/revisions"}],"predecessor-version":[{"id":235553,"href":"https:\/\/www.meydan.tv\/az\/wp-json\/wp\/v2\/posts\/235513\/revisions\/235553"}],"wp:featuredmedia":[{"embeddable":true,"href":"https:\/\/www.meydan.tv\/az\/wp-json\/wp\/v2\/media\/235510"}],"wp:attachment":[{"href":"https:\/\/www.meydan.tv\/az\/wp-json\/wp\/v2\/media?parent=235513"}],"wp:term":[{"taxonomy":"category","embeddable":true,"href":"https:\/\/www.meydan.tv\/az\/wp-json\/wp\/v2\/categories?post=235513"},{"taxonomy":"post_tag","embeddable":true,"href":"https:\/\/www.meydan.tv\/az\/wp-json\/wp\/v2\/tags?post=235513"}],"curies":[{"name":"wp","href":"https:\/\/api.w.org\/{rel}","templated":true}]}}