{"id":235460,"date":"2022-02-23T17:30:15","date_gmt":"2022-02-23T13:30:15","guid":{"rendered":"https:\/\/www.meydan.tv\/?p=235460"},"modified":"2022-02-23T17:30:17","modified_gmt":"2022-02-23T13:30:17","slug":"firuz-sexavet-agdama-qayidacaq","status":"publish","type":"post","link":"https:\/\/www.meydan.tv\/az\/article\/firuz-sexavet-agdama-qayidacaq\/","title":{"rendered":"Firuz S\u0259xav\u0259t A\u011fdama qay\u0131dacaq"},"content":{"rendered":"\n<p><em>Xan\u0259nd\u0259 pedaqoji f\u0259aliyy\u0259tini rayonda davam etdir\u0259c\u0259yini deyir<\/em><\/p>\n\n\n\n<p>\u201cG\u0259l\u0259c\u0259kd\u0259 musiqi f\u0259aliyy\u0259timi A\u011fdamda davam etdirm\u0259k fikrim var\u201d.<\/p>\n\n\n\n<p>Bunu Meydan TV-y\u0259 xan\u0259nd\u0259 Firuz S\u0259xav\u0259t deyib.<\/p>\n\n\n\n<p>Mu\u011fam ifa\u00e7\u0131s\u0131 bildirib ki, \u015f\u0259h\u0259rd\u0259 b\u0259rpa i\u015fl\u0259ri tam ba\u015fa \u00e7atd\u0131qdan sonra ora k\u00f6\u00e7m\u0259k niyy\u0259tind\u0259dir: \u201cG\u00f6r\u00fcr\u0259m ki, i\u015f\u011faldan azad olunan \u0259razil\u0259rd\u0259 yenid\u0259nqurma i\u015fl\u0259ri apar\u0131l\u0131r. G\u00fcman ki, A\u011fdam Musiqi Texnikumu, h\u0259m\u00e7inin musiqi m\u0259kt\u0259bl\u0259ri d\u0259 b\u0259rpa olunacaq. H\u0259min torpaqlar\u0131n havas\u0131, suyu yenid\u0259n g\u00f6z\u0259l s\u0259sl\u0259rin yeti\u015fm\u0259sin\u0259 imkan ver\u0259c\u0259k. Do\u011frudan da, insan\u0131n s\u0259sini, n\u0259f\u0259sini t\u0259bi\u0259t yarad\u0131r. \u0130nsan g\u0259r\u0259k orada ya\u015fas\u0131n ki, h\u0259min avazlar t\u0259z\u0259d\u0259n \u0259m\u0259l\u0259 g\u0259lsin&#8221;.<\/p>\n\n\n\n<p>&#8220;\u018fmin\u0259m ki, \u0259vv\u0259lki kimi b\u00fcllur s\u0259sli g\u00f6z\u0259l ifa\u00e7\u0131lar yeti\u015f\u0259c\u0259k. A\u011fdam tam tikil\u0259nd\u0259n, camaat qay\u0131dandan sonra pedaqoji f\u0259aliyy\u0259timi orada davam etdirm\u0259yi d\u00fc\u015f\u00fcn\u00fcr\u0259m. Orada \u015fagirdl\u0259ri \u00f6yr\u0259d\u0259k, t\u0259l\u0259b\u0259l\u0259r yeti\u015fdir\u0259k. H\u0259min torpaqlarda g\u00f6z\u0259l konsertl\u0259r ver\u0259k\u201d, &#8211; dey\u0259 o bildirib.<\/p>\n\n\n\n<p>Firuz S\u0259xav\u0259t (M\u0259mm\u0259dov) \u0259sl\u0259n A\u011fdaml\u0131d\u0131r. 2005-ci ild\u0259n Az\u0259rbaycan Milli Konservatoriyas\u0131nda xan\u0259nd\u0259lik \u00fczr\u0259 d\u0259rs deyir.<\/p>\n\n\n\n<p>A\u011fdam 1993-c\u00fc ild\u0259 Erm\u0259nistan silahl\u0131 q\u00fcvv\u0259l\u0259ri t\u0259r\u0259find\u0259n i\u015f\u011fal edilib.<\/p>\n\n\n\n<p>2020-ci il sentyabr\u0131n 27-d\u0259 Az\u0259rbaycan v\u0259 Erm\u0259nistan silahl\u0131 q\u00fcvv\u0259l\u0259rinin t\u0259mas x\u0259ttind\u0259ki t\u0259krar d\u00f6y\u00fc\u015fl\u0259r ba\u015flay\u0131b.<\/p>\n\n\n\n<p>44 g\u00fcn davam ed\u0259n m\u00fcharib\u0259 (\u0130kinci Qaraba\u011f m\u00fcharib\u0259si) v\u0259 sonrak\u0131 raz\u0131la\u015fma n\u0259tic\u0259sind\u0259 Az\u0259rbaycan Da\u011fl\u0131q Qaraba\u011f\u0131n bir hiss\u0259sin\u0259 v\u0259 \u0259traf yeddi rayona (\u015eu\u015fa, Hadrut, C\u0259bray\u0131l, F\u00fczuli, Qubadl\u0131, Z\u0259ngilan v\u0259 Xocav\u0259ndin bir hiss\u0259si) n\u0259zar\u0259ti \u0259l\u0259 al\u0131b.<\/p>\n\n\n\n<p>10 noyabr raz\u0131la\u015fmas\u0131na (Az\u0259rbaycan, Erm\u0259nistan v\u0259 Rusiya r\u0259hb\u0259rl\u0259ri aras\u0131nda) \u0259sas\u0259n, La\u00e7\u0131n d\u0259hlizind\u0259 v\u0259 qo\u015funlar\u0131n t\u0259mas x\u0259ttind\u0259 Rusiya s\u00fclhm\u0259raml\u0131lar\u0131 yerl\u0259\u015fdirilib, K\u0259lb\u0259c\u0259r, A\u011fdam v\u0259 La\u00e7\u0131n rayonlar\u0131 bo\u015fald\u0131l\u0131b.<\/p>\n\n\n\n<p>A\u011fdam 2020-ci il noyabr\u0131n 20-d\u0259 Az\u0259rbaycana t\u0259hvil verilib.<\/p>\n\n\n\n<p>Ke\u00e7mi\u015f Da\u011fl\u0131q Qaraba\u011f Muxtar Vilay\u0259tinin \u00e7ox hiss\u0259si tan\u0131nmayan qurumun v\u0259 Rusiya s\u00fclhm\u0259raml\u0131lar\u0131n\u0131n n\u0259zar\u0259tind\u0259 qal\u0131b.<\/p>\n\n\n\n<p>\u0130\u015f\u011faldan azad olunan \u0259razil\u0259rd\u0259 tikinti-b\u0259rpa i\u015fl\u0259rinin apar\u0131lmas\u0131 \u00fc\u00e7\u00fcn d\u00f6vl\u0259t b\u00fcdc\u0259sind\u0259n \u00fcmumilikd\u0259 4,4 milyard manat v\u0259saitin x\u0259rcl\u0259nm\u0259si n\u0259z\u0259rd\u0259 tutulub.<\/p>\n\n\n\n<p>Maliyy\u0259 Nazirliyinin \u00f6t\u0259n ilin avqustuna olan m\u0259lumat\u0131nda bildirilir ki, v\u0259saitin 16,9%-i v\u0259 ya 372,1 milyon manat\u0131 x\u0259rcl\u0259nib.<\/p>\n","protected":false},"excerpt":{"rendered":"<p>Xan\u0259nd\u0259 pedaqoji f\u0259aliyy\u0259tini rayonda davam etdir\u0259c\u0259yini deyir \u201cG\u0259l\u0259c\u0259kd\u0259 musiqi f\u0259aliyy\u0259timi &#8230; <\/p>\n<p class=\"read-more-container\"><a title=\"Firuz S\u0259xav\u0259t A\u011fdama qay\u0131dacaq\" class=\"read-more button\" href=\"https:\/\/www.meydan.tv\/az\/article\/firuz-sexavet-agdama-qayidacaq\/#more-235460\" aria-label=\"Read more about Firuz S\u0259xav\u0259t A\u011fdama qay\u0131dacaq\">Davam\u0131<\/a><\/p>\n","protected":false},"author":8,"featured_media":235457,"comment_status":"closed","ping_status":"closed","sticky":false,"template":"","format":"standard","meta":{"_acf_changed":false,"_sitemap_exclude":false,"_sitemap_priority":"","_sitemap_frequency":"","footnotes":""},"categories":[52,56],"tags":[],"class_list":["post-235460","post","type-post","status-publish","format-standard","has-post-thumbnail","hentry","category-medeniyyet","category-xeberler","infinite-scroll-item","generate-columns","tablet-grid-50","mobile-grid-100","grid-parent","grid-33","no-featured-image-padding"],"acf":[],"yoast_head":"<!-- This site is optimized with the Yoast SEO plugin v27.4 - https:\/\/yoast.com\/product\/yoast-seo-wordpress\/ -->\n<title>Firuz S\u0259xav\u0259t A\u011fdama qay\u0131dacaq - MEYDAN.TV<\/title>\n<meta name=\"robots\" content=\"index, follow, max-snippet:-1, max-image-preview:large, max-video-preview:-1\" \/>\n<link rel=\"canonical\" href=\"https:\/\/www.meydan.tv\/az\/article\/firuz-sexavet-agdama-qayidacaq\/\" \/>\n<meta property=\"og:locale\" content=\"az_AZ\" \/>\n<meta property=\"og:type\" content=\"article\" \/>\n<meta property=\"og:title\" content=\"Firuz S\u0259xav\u0259t A\u011fdama qay\u0131dacaq - MEYDAN.TV\" \/>\n<meta property=\"og:description\" content=\"Xan\u0259nd\u0259 pedaqoji f\u0259aliyy\u0259tini rayonda davam etdir\u0259c\u0259yini deyir \u201cG\u0259l\u0259c\u0259kd\u0259 musiqi f\u0259aliyy\u0259timi ... Davam\u0131\" \/>\n<meta property=\"og:url\" content=\"https:\/\/www.meydan.tv\/az\/article\/firuz-sexavet-agdama-qayidacaq\/\" \/>\n<meta property=\"og:site_name\" content=\"MEYDAN.TV\" \/>\n<meta property=\"article:published_time\" content=\"2022-02-23T13:30:15+00:00\" \/>\n<meta property=\"article:modified_time\" content=\"2022-02-23T13:30:17+00:00\" \/>\n<meta property=\"og:image\" content=\"https:\/\/www.meydan.tv\/wp-content\/uploads\/1606546595_feruz-e1645622912309.jpg\" \/>\n\t<meta property=\"og:image:width\" content=\"1200\" \/>\n\t<meta property=\"og:image:height\" content=\"525\" \/>\n\t<meta property=\"og:image:type\" content=\"image\/jpeg\" \/>\n<meta name=\"author\" content=\"elli\" \/>\n<meta name=\"twitter:card\" content=\"summary_large_image\" \/>\n<meta name=\"twitter:creator\" content=\"@elli\" \/>\n<script type=\"application\/ld+json\" class=\"yoast-schema-graph\">{\"@context\":\"https:\\\/\\\/schema.org\",\"@graph\":[{\"@type\":\"Article\",\"@id\":\"https:\\\/\\\/www.meydan.tv\\\/az\\\/article\\\/firuz-sexavet-agdama-qayidacaq\\\/#article\",\"isPartOf\":{\"@id\":\"https:\\\/\\\/www.meydan.tv\\\/az\\\/article\\\/firuz-sexavet-agdama-qayidacaq\\\/\"},\"author\":{\"name\":\"elli\",\"@id\":\"https:\\\/\\\/www.meydan.tv\\\/az\\\/#\\\/schema\\\/person\\\/9cdbecf90d17180ce1dfbd95b08dcf47\"},\"headline\":\"Firuz S\u0259xav\u0259t A\u011fdama qay\u0131dacaq\",\"datePublished\":\"2022-02-23T13:30:15+00:00\",\"dateModified\":\"2022-02-23T13:30:17+00:00\",\"mainEntityOfPage\":{\"@id\":\"https:\\\/\\\/www.meydan.tv\\\/az\\\/article\\\/firuz-sexavet-agdama-qayidacaq\\\/\"},\"wordCount\":512,\"publisher\":{\"@id\":\"https:\\\/\\\/www.meydan.tv\\\/az\\\/#organization\"},\"image\":{\"@id\":\"https:\\\/\\\/www.meydan.tv\\\/az\\\/article\\\/firuz-sexavet-agdama-qayidacaq\\\/#primaryimage\"},\"thumbnailUrl\":\"https:\\\/\\\/www.meydan.tv\\\/wp-content\\\/uploads\\\/1606546595_feruz-e1645622912309.jpg\",\"articleSection\":[\"M\u0259d\u0259niyy\u0259t\",\"X\u0259b\u0259rl\u0259r\"],\"inLanguage\":\"az\"},{\"@type\":\"WebPage\",\"@id\":\"https:\\\/\\\/www.meydan.tv\\\/az\\\/article\\\/firuz-sexavet-agdama-qayidacaq\\\/\",\"url\":\"https:\\\/\\\/www.meydan.tv\\\/az\\\/article\\\/firuz-sexavet-agdama-qayidacaq\\\/\",\"name\":\"Firuz S\u0259xav\u0259t A\u011fdama qay\u0131dacaq - MEYDAN.TV\",\"isPartOf\":{\"@id\":\"https:\\\/\\\/www.meydan.tv\\\/az\\\/#website\"},\"primaryImageOfPage\":{\"@id\":\"https:\\\/\\\/www.meydan.tv\\\/az\\\/article\\\/firuz-sexavet-agdama-qayidacaq\\\/#primaryimage\"},\"image\":{\"@id\":\"https:\\\/\\\/www.meydan.tv\\\/az\\\/article\\\/firuz-sexavet-agdama-qayidacaq\\\/#primaryimage\"},\"thumbnailUrl\":\"https:\\\/\\\/www.meydan.tv\\\/wp-content\\\/uploads\\\/1606546595_feruz-e1645622912309.jpg\",\"datePublished\":\"2022-02-23T13:30:15+00:00\",\"dateModified\":\"2022-02-23T13:30:17+00:00\",\"breadcrumb\":{\"@id\":\"https:\\\/\\\/www.meydan.tv\\\/az\\\/article\\\/firuz-sexavet-agdama-qayidacaq\\\/#breadcrumb\"},\"inLanguage\":\"az\",\"potentialAction\":[{\"@type\":\"ReadAction\",\"target\":[\"https:\\\/\\\/www.meydan.tv\\\/az\\\/article\\\/firuz-sexavet-agdama-qayidacaq\\\/\"]}]},{\"@type\":\"ImageObject\",\"inLanguage\":\"az\",\"@id\":\"https:\\\/\\\/www.meydan.tv\\\/az\\\/article\\\/firuz-sexavet-agdama-qayidacaq\\\/#primaryimage\",\"url\":\"https:\\\/\\\/www.meydan.tv\\\/wp-content\\\/uploads\\\/1606546595_feruz-e1645622912309.jpg\",\"contentUrl\":\"https:\\\/\\\/www.meydan.tv\\\/wp-content\\\/uploads\\\/1606546595_feruz-e1645622912309.jpg\",\"width\":1200,\"height\":525,\"caption\":\"Firuz S\u0259xav\u0259t, M\u0259nb\u0259: Bizimmedia.az\"},{\"@type\":\"BreadcrumbList\",\"@id\":\"https:\\\/\\\/www.meydan.tv\\\/az\\\/article\\\/firuz-sexavet-agdama-qayidacaq\\\/#breadcrumb\",\"itemListElement\":[{\"@type\":\"ListItem\",\"position\":1,\"name\":\"Ana s\u0259hif\u0259\",\"item\":\"https:\\\/\\\/www.meydan.tv\\\/az\\\/\"},{\"@type\":\"ListItem\",\"position\":2,\"name\":\"M\u0259d\u0259niyy\u0259t\",\"item\":\"https:\\\/\\\/www.meydan.tv\\\/az\\\/section\\\/medeniyyet\\\/\"},{\"@type\":\"ListItem\",\"position\":3,\"name\":\"Firuz S\u0259xav\u0259t A\u011fdama qay\u0131dacaq\"}]},{\"@type\":\"WebSite\",\"@id\":\"https:\\\/\\\/www.meydan.tv\\\/az\\\/#website\",\"url\":\"https:\\\/\\\/www.meydan.tv\\\/az\\\/\",\"name\":\"MEYDAN.TV\",\"description\":\"Meydan TV Az\u0259rbaycan\u0131n media m\u0259kan\u0131ndak\u0131 alternativ s\u0259sidir\",\"publisher\":{\"@id\":\"https:\\\/\\\/www.meydan.tv\\\/az\\\/#organization\"},\"potentialAction\":[{\"@type\":\"SearchAction\",\"target\":{\"@type\":\"EntryPoint\",\"urlTemplate\":\"https:\\\/\\\/www.meydan.tv\\\/az\\\/?s={search_term_string}\"},\"query-input\":{\"@type\":\"PropertyValueSpecification\",\"valueRequired\":true,\"valueName\":\"search_term_string\"}}],\"inLanguage\":\"az\"},{\"@type\":\"Organization\",\"@id\":\"https:\\\/\\\/www.meydan.tv\\\/az\\\/#organization\",\"name\":\"Meydan TV\",\"url\":\"https:\\\/\\\/www.meydan.tv\\\/az\\\/\",\"logo\":{\"@type\":\"ImageObject\",\"inLanguage\":\"az\",\"@id\":\"https:\\\/\\\/www.meydan.tv\\\/az\\\/#\\\/schema\\\/logo\\\/image\\\/\",\"url\":\"https:\\\/\\\/www.meydan.tv\\\/wp-content\\\/uploads\\\/2021\\\/07\\\/meydan-logo.svg\",\"contentUrl\":\"https:\\\/\\\/www.meydan.tv\\\/wp-content\\\/uploads\\\/2021\\\/07\\\/meydan-logo.svg\",\"width\":195,\"height\":46,\"caption\":\"Meydan TV\"},\"image\":{\"@id\":\"https:\\\/\\\/www.meydan.tv\\\/az\\\/#\\\/schema\\\/logo\\\/image\\\/\"}},{\"@type\":\"Person\",\"@id\":\"https:\\\/\\\/www.meydan.tv\\\/az\\\/#\\\/schema\\\/person\\\/9cdbecf90d17180ce1dfbd95b08dcf47\",\"name\":\"elli\",\"sameAs\":[\"https:\\\/\\\/x.com\\\/elli\"]}]}<\/script>\n<!-- \/ Yoast SEO plugin. -->","yoast_head_json":{"title":"Firuz S\u0259xav\u0259t A\u011fdama qay\u0131dacaq - MEYDAN.TV","robots":{"index":"index","follow":"follow","max-snippet":"max-snippet:-1","max-image-preview":"max-image-preview:large","max-video-preview":"max-video-preview:-1"},"canonical":"https:\/\/www.meydan.tv\/az\/article\/firuz-sexavet-agdama-qayidacaq\/","og_locale":"az_AZ","og_type":"article","og_title":"Firuz S\u0259xav\u0259t A\u011fdama qay\u0131dacaq - MEYDAN.TV","og_description":"Xan\u0259nd\u0259 pedaqoji f\u0259aliyy\u0259tini rayonda davam etdir\u0259c\u0259yini deyir \u201cG\u0259l\u0259c\u0259kd\u0259 musiqi f\u0259aliyy\u0259timi ... Davam\u0131","og_url":"https:\/\/www.meydan.tv\/az\/article\/firuz-sexavet-agdama-qayidacaq\/","og_site_name":"MEYDAN.TV","article_published_time":"2022-02-23T13:30:15+00:00","article_modified_time":"2022-02-23T13:30:17+00:00","og_image":[{"width":1200,"height":525,"url":"https:\/\/www.meydan.tv\/wp-content\/uploads\/1606546595_feruz-e1645622912309.jpg","type":"image\/jpeg"}],"author":"elli","twitter_card":"summary_large_image","twitter_creator":"@elli","schema":{"@context":"https:\/\/schema.org","@graph":[{"@type":"Article","@id":"https:\/\/www.meydan.tv\/az\/article\/firuz-sexavet-agdama-qayidacaq\/#article","isPartOf":{"@id":"https:\/\/www.meydan.tv\/az\/article\/firuz-sexavet-agdama-qayidacaq\/"},"author":{"name":"elli","@id":"https:\/\/www.meydan.tv\/az\/#\/schema\/person\/9cdbecf90d17180ce1dfbd95b08dcf47"},"headline":"Firuz S\u0259xav\u0259t A\u011fdama qay\u0131dacaq","datePublished":"2022-02-23T13:30:15+00:00","dateModified":"2022-02-23T13:30:17+00:00","mainEntityOfPage":{"@id":"https:\/\/www.meydan.tv\/az\/article\/firuz-sexavet-agdama-qayidacaq\/"},"wordCount":512,"publisher":{"@id":"https:\/\/www.meydan.tv\/az\/#organization"},"image":{"@id":"https:\/\/www.meydan.tv\/az\/article\/firuz-sexavet-agdama-qayidacaq\/#primaryimage"},"thumbnailUrl":"https:\/\/www.meydan.tv\/wp-content\/uploads\/1606546595_feruz-e1645622912309.jpg","articleSection":["M\u0259d\u0259niyy\u0259t","X\u0259b\u0259rl\u0259r"],"inLanguage":"az"},{"@type":"WebPage","@id":"https:\/\/www.meydan.tv\/az\/article\/firuz-sexavet-agdama-qayidacaq\/","url":"https:\/\/www.meydan.tv\/az\/article\/firuz-sexavet-agdama-qayidacaq\/","name":"Firuz S\u0259xav\u0259t A\u011fdama qay\u0131dacaq - MEYDAN.TV","isPartOf":{"@id":"https:\/\/www.meydan.tv\/az\/#website"},"primaryImageOfPage":{"@id":"https:\/\/www.meydan.tv\/az\/article\/firuz-sexavet-agdama-qayidacaq\/#primaryimage"},"image":{"@id":"https:\/\/www.meydan.tv\/az\/article\/firuz-sexavet-agdama-qayidacaq\/#primaryimage"},"thumbnailUrl":"https:\/\/www.meydan.tv\/wp-content\/uploads\/1606546595_feruz-e1645622912309.jpg","datePublished":"2022-02-23T13:30:15+00:00","dateModified":"2022-02-23T13:30:17+00:00","breadcrumb":{"@id":"https:\/\/www.meydan.tv\/az\/article\/firuz-sexavet-agdama-qayidacaq\/#breadcrumb"},"inLanguage":"az","potentialAction":[{"@type":"ReadAction","target":["https:\/\/www.meydan.tv\/az\/article\/firuz-sexavet-agdama-qayidacaq\/"]}]},{"@type":"ImageObject","inLanguage":"az","@id":"https:\/\/www.meydan.tv\/az\/article\/firuz-sexavet-agdama-qayidacaq\/#primaryimage","url":"https:\/\/www.meydan.tv\/wp-content\/uploads\/1606546595_feruz-e1645622912309.jpg","contentUrl":"https:\/\/www.meydan.tv\/wp-content\/uploads\/1606546595_feruz-e1645622912309.jpg","width":1200,"height":525,"caption":"Firuz S\u0259xav\u0259t, M\u0259nb\u0259: Bizimmedia.az"},{"@type":"BreadcrumbList","@id":"https:\/\/www.meydan.tv\/az\/article\/firuz-sexavet-agdama-qayidacaq\/#breadcrumb","itemListElement":[{"@type":"ListItem","position":1,"name":"Ana s\u0259hif\u0259","item":"https:\/\/www.meydan.tv\/az\/"},{"@type":"ListItem","position":2,"name":"M\u0259d\u0259niyy\u0259t","item":"https:\/\/www.meydan.tv\/az\/section\/medeniyyet\/"},{"@type":"ListItem","position":3,"name":"Firuz S\u0259xav\u0259t A\u011fdama qay\u0131dacaq"}]},{"@type":"WebSite","@id":"https:\/\/www.meydan.tv\/az\/#website","url":"https:\/\/www.meydan.tv\/az\/","name":"MEYDAN.TV","description":"Meydan TV Az\u0259rbaycan\u0131n media m\u0259kan\u0131ndak\u0131 alternativ s\u0259sidir","publisher":{"@id":"https:\/\/www.meydan.tv\/az\/#organization"},"potentialAction":[{"@type":"SearchAction","target":{"@type":"EntryPoint","urlTemplate":"https:\/\/www.meydan.tv\/az\/?s={search_term_string}"},"query-input":{"@type":"PropertyValueSpecification","valueRequired":true,"valueName":"search_term_string"}}],"inLanguage":"az"},{"@type":"Organization","@id":"https:\/\/www.meydan.tv\/az\/#organization","name":"Meydan TV","url":"https:\/\/www.meydan.tv\/az\/","logo":{"@type":"ImageObject","inLanguage":"az","@id":"https:\/\/www.meydan.tv\/az\/#\/schema\/logo\/image\/","url":"https:\/\/www.meydan.tv\/wp-content\/uploads\/2021\/07\/meydan-logo.svg","contentUrl":"https:\/\/www.meydan.tv\/wp-content\/uploads\/2021\/07\/meydan-logo.svg","width":195,"height":46,"caption":"Meydan TV"},"image":{"@id":"https:\/\/www.meydan.tv\/az\/#\/schema\/logo\/image\/"}},{"@type":"Person","@id":"https:\/\/www.meydan.tv\/az\/#\/schema\/person\/9cdbecf90d17180ce1dfbd95b08dcf47","name":"elli","sameAs":["https:\/\/x.com\/elli"]}]}},"_links":{"self":[{"href":"https:\/\/www.meydan.tv\/az\/wp-json\/wp\/v2\/posts\/235460","targetHints":{"allow":["GET"]}}],"collection":[{"href":"https:\/\/www.meydan.tv\/az\/wp-json\/wp\/v2\/posts"}],"about":[{"href":"https:\/\/www.meydan.tv\/az\/wp-json\/wp\/v2\/types\/post"}],"author":[{"embeddable":true,"href":"https:\/\/www.meydan.tv\/az\/wp-json\/wp\/v2\/users\/8"}],"replies":[{"embeddable":true,"href":"https:\/\/www.meydan.tv\/az\/wp-json\/wp\/v2\/comments?post=235460"}],"version-history":[{"count":1,"href":"https:\/\/www.meydan.tv\/az\/wp-json\/wp\/v2\/posts\/235460\/revisions"}],"predecessor-version":[{"id":235461,"href":"https:\/\/www.meydan.tv\/az\/wp-json\/wp\/v2\/posts\/235460\/revisions\/235461"}],"wp:featuredmedia":[{"embeddable":true,"href":"https:\/\/www.meydan.tv\/az\/wp-json\/wp\/v2\/media\/235457"}],"wp:attachment":[{"href":"https:\/\/www.meydan.tv\/az\/wp-json\/wp\/v2\/media?parent=235460"}],"wp:term":[{"taxonomy":"category","embeddable":true,"href":"https:\/\/www.meydan.tv\/az\/wp-json\/wp\/v2\/categories?post=235460"},{"taxonomy":"post_tag","embeddable":true,"href":"https:\/\/www.meydan.tv\/az\/wp-json\/wp\/v2\/tags?post=235460"}],"curies":[{"name":"wp","href":"https:\/\/api.w.org\/{rel}","templated":true}]}}