{"id":235436,"date":"2022-02-23T16:19:18","date_gmt":"2022-02-23T12:19:18","guid":{"rendered":"https:\/\/www.meydan.tv\/?p=235436"},"modified":"2022-02-23T16:27:56","modified_gmt":"2022-02-23T12:27:56","slug":"bayden-abs-rusiya-elitasina-ailelerine-banklara-ve-dovlet-borcuna-sanksiya-tetbiq-edir","status":"publish","type":"post","link":"https:\/\/www.meydan.tv\/az\/article\/bayden-abs-rusiya-elitasina-ailelerine-banklara-ve-dovlet-borcuna-sanksiya-tetbiq-edir\/","title":{"rendered":"Bayden: &#8220;AB\u015e Rusiya elitas\u0131na, ail\u0259l\u0259rin\u0259, banklara v\u0259 d\u00f6vl\u0259t borcuna sanksiya t\u0259tbiq edir&#8221;"},"content":{"rendered":"\n<p><em>AB\u015e Prezidenti sanksiyalar\u0131n s\u0259rtl\u0259\u015fdiril\u0259 bil\u0259c\u0259yini deyir<\/em><\/p>\n\n\n\n<p>\u201cNovaya qazeta\u201dn\u0131n material\u0131 <a href=\"https:\/\/novayagazeta.ru\/articles\/2022\/02\/22\/baiden-obiavil-o-sanktsiiakh-protiv-suverennogo-dolga-rf-iz-za-priznaniia-eiu-dnr-i-lnr-news\" target=\"_blank\" rel=\"noreferrer noopener\">\u0259sas\u0131nda<\/a><\/p>\n\n\n\n<p>AB\u015e Rusiya elitas\u0131na, onlar\u0131n ail\u0259l\u0259rin\u0259, banklara v\u0259 d\u00f6vl\u0259t borcuna sanksiya t\u0259tbiq ed\u0259c\u0259k.<\/p>\n\n\n\n<p>Bunu AB\u015e Prezidenti Co Bayden deyib.<\/p>\n\n\n\n<p>Bayden bildirib ki, sanksiyalar Rusiya Prezidenti Vladimir Putinin fevral\u0131n 21-d\u0259 qondarma Donetsk v\u0259 Luqansk respublikalar\u0131n\u0131n m\u00fcst\u0259qilliyini tan\u0131mas\u0131 il\u0259 ba\u011fl\u0131 t\u0259tbiq olunacaq.<\/p>\n\n\n\n<p>Baydenin \u00e7\u0131x\u0131\u015f\u0131 AB\u015e D\u00f6vl\u0259t Departamentinin kanal\u0131nda yay\u0131mlan\u0131b.<\/p>\n\n\n\n<p>O bildirib ki, m\u0259hdudiyy\u0259tl\u0259r Rusiyan\u0131n suveren borcuna, elitas\u0131na v\u0259 onlar\u0131n ail\u0259l\u0259rin\u0259, \u0130nki\u015faf v\u0259 Xarici \u0130qtisadi F\u0259aliyy\u0259t Bank\u0131na v\u0259 \u201cRusiya h\u0259rb\u00e7il\u0259rinin bank\u0131\u201dna (Bayden n\u0259yi n\u0259z\u0259rd\u0259 tutdu\u011funu a\u00e7\u0131qlamay\u0131b &#8211; red.) aid olacaq.<\/p>\n\n\n\n<p>Daha sonra CNN-nin jurnalisti Nata\u015fa bertrand ad\u0131 \u00e7\u0259kilm\u0259y\u0259n m\u0259mura istinad\u0259n d\u0259qiql\u0259\u015fdirib ki, s\u00f6hb\u0259t \u201cS\u0259naye Rabit\u0259 Bank\u0131\u201dndan gedir.<\/p>\n\n\n\n<p>Bayden qeyd edib ki, Birl\u0259\u015fmi\u015f \u015etatlar \u0130X\u0130FB-na qar\u015f\u0131 sanksiyan\u0131 fevral\u0131n 22-si, Rusiya elitas\u0131na qae\u015f\u0131 sanksiyan\u0131 is\u0259 fevral\u0131n 23-\u00fc t\u0259tbiq ed\u0259c\u0259k.<\/p>\n\n\n\n<p>Daha sonra AB\u015e Maliyy\u0259 Nazirliyi bildirib ki, sanksiyalar \u0130X\u0130FB, S\u0259naye Rabit\u0259 Bank\u0131, \u0130X\u0130FB-nin n\u0259zar\u0259tind\u0259 olan Ordu M\u0259rk\u0259zi \u0130dman Klubuna da t\u0259tbiq olunacaq.<\/p>\n\n\n\n<p>D\u00f6vl\u0259t borcuna m\u00fcnasib\u0259td\u0259 m\u0259hdudiyy\u0259tl\u0259r mart\u0131n 1-d\u0259n sonra burax\u0131lm\u0131\u015f federal istiqraz v\u0259r\u0259q\u0259sinin ikinci bazarda alverinin qada\u011fas\u0131na aiddir.<\/p>\n\n\n\n<p>AB\u015e Maliyy\u0259 Nazirliyi h\u0259m\u00e7inin rusiyal\u0131 m\u0259murlar Denis Bortnikov, Pyotr Fradkov v\u0259 Vladimir Kiriyenkonun \u00f6vladlar\u0131na m\u00fcnasib\u0259td\u0259 sanksiyalar t\u0259tbiq edib.<\/p>\n\n\n\n<p>Bayden bu g\u00fcn elan olunan sanksiyalar\u0131 m\u0259hdudiyy\u0259tl\u0259rin \u201cbirinci paketi\u201d adland\u0131r\u0131b v\u0259 qeyd edib ki, sanksiyalar s\u0259rtl\u0259\u015fdiril\u0259 bil\u0259r.<\/p>\n\n\n\n<p>O b\u0259yan edib ki, Rusiya art\u0131q Ukraynaya \u201csoxulma\u011fa\u201d ba\u015flay\u0131b.<\/p>\n\n\n\n<p>Bununla yana\u015f\u0131, AB\u015e Prezidenti qeyd edib ki, Birl\u0259\u015fmi\u015f \u015etatlar, onun m\u00fctt\u0259fiql\u0259ri v\u0259 partnyorlar\u0131 diplomatiya \u00fc\u00e7\u00fcn a\u00e7\u0131qd\u0131r.<\/p>\n\n\n\n<p>Baydenin \u00e7\u0131x\u0131\u015f\u0131ndan sonra rubl m\u00f6hk\u0259ml\u0259nib.<\/p>\n\n\n\n<p>RBK qeyd edir ki, g\u00fcnd\u00fcz maksimumu il\u0259 m\u00fcqayis\u0259d\u0259 Amerika valyutas\u0131n\u0131n rubla m\u00fcnasib\u0259td\u0259 kursu k\u0259skin a\u015fa\u011f\u0131 d\u00fc\u015f\u00fcb.<\/p>\n\n\n\n<p>AB\u015e daha \u0259vv\u0259l \u201cDXR\u201d v\u0259 \u201cLXR\u201d-na qar\u015f\u0131 sanksiyalar t\u0259tbiq edib.<\/p>\n\n\n\n<p>Sanksiyalar AB\u015e v\u0259t\u0259nda\u015flar\u0131n\u0131n qondarma respublikalar\u0131n iqtisadiyyat\u0131na ist\u0259nil\u0259n s\u0259rmay\u0259sini, h\u0259m\u00e7inin h\u0259min respubliklardan AB\u015e-a ist\u0259nil\u0259n mal v\u0259 texnologiyan\u0131n birba\u015fa v\u0259 ya bilavasit\u0259 idxal\u0131n\u0131 v\u0259 AB\u015e-dan \u201cDXR\u201d v\u0259 \u201cLXR\u201d-na mal ixrac\u0131n\u0131 qada\u011fan edir.<\/p>\n\n\n\n<p>Baydenin f\u0259rman\u0131 h\u0259m\u00e7inin qondarma respublikalarda f\u0259aliyy\u0259t g\u00f6st\u0259rm\u0259yi q\u0259rara alm\u0131\u015f ist\u0259nil\u0259n \u015f\u0259xs\u0259 sanksiya t\u0259tbiq etm\u0259k imkan\u0131n\u0131 yarad\u0131r.<\/p>\n\n\n\n<p>Bundan \u0259vv\u0259l Rusiya \u201cDXR\u201d v\u0259 \u201cLXR\u201d-n\u0131 tan\u0131d\u0131\u011f\u0131 \u00fc\u015f\u00fcn A\u0130 sanksiyalar bar\u0259d\u0259 elan verib.<\/p>\n\n\n\n<p>M\u0259hdudiyy\u0259tl\u0259r D\u00f6vl\u0259t Dumas\u0131n\u0131n 351 deputat\u0131na, h\u0259m\u00e7inin 27 h\u00fcquqi v\u0259 fiziki \u015f\u0259xs\u0259, o c\u00fcml\u0259d\u0259n Rusiyan\u0131n Donbasdak\u0131 \u0259m\u0259liyyatlar\u0131n\u0131 maliyy\u0259l\u0259\u015fdir\u0259n banklara aid olub.<\/p>\n\n\n\n<p>B\u00f6y\u00fck Britaniya \u00f6z n\u00f6vb\u0259sind\u0259 \u201cRusiya\u201d Bank\u0131na, \u201cS\u0259naye Rabit\u0259 Bank\u0131na\u201d, &#8220;S\u0259naye \u018fman\u0259t Bank\u0131&#8221;na, \u00c7ernomorsk \u0130nki\u015faf v\u0259 Yenid\u0259nqurma Bank\u0131na v\u0259 &#8220;Genbank&#8221;a m\u00fcnasib\u0259td\u0259 sanksiyalar t\u0259tbiq edib.<\/p>\n\n\n\n<p>Londonun sanksiyalar\u0131 alt\u0131na h\u0259m\u00e7inin Gennadi Tim\u00e7enko, \u0130qor v\u0259 Boris Rotenberq d\u00fc\u015f\u00fcb.<\/p>\n\n\n\n<p>\u00d6lk\u0259 onlar\u0131n aktivl\u0259rini dondurub, h\u0259m\u00e7inin onlar\u0131n \u00f6lk\u0259y\u0259 giri\u015fin\u0259 qada\u011fa qoyub.<\/p>\n","protected":false},"excerpt":{"rendered":"<p>AB\u015e Prezidenti sanksiyalar\u0131n s\u0259rtl\u0259\u015fdiril\u0259 bil\u0259c\u0259yini deyir \u201cNovaya qazeta\u201dn\u0131n material\u0131 \u0259sas\u0131nda &#8230; <\/p>\n<p class=\"read-more-container\"><a title=\"Bayden: &#8220;AB\u015e Rusiya elitas\u0131na, ail\u0259l\u0259rin\u0259, banklara v\u0259 d\u00f6vl\u0259t borcuna sanksiya t\u0259tbiq edir&#8221;\" class=\"read-more button\" href=\"https:\/\/www.meydan.tv\/az\/article\/bayden-abs-rusiya-elitasina-ailelerine-banklara-ve-dovlet-borcuna-sanksiya-tetbiq-edir\/#more-235436\" aria-label=\"Read more about Bayden: &#8220;AB\u015e Rusiya elitas\u0131na, ail\u0259l\u0259rin\u0259, banklara v\u0259 d\u00f6vl\u0259t borcuna sanksiya t\u0259tbiq edir&#8221;\">Davam\u0131<\/a><\/p>\n","protected":false},"author":8,"featured_media":234728,"comment_status":"closed","ping_status":"closed","sticky":false,"template":"","format":"standard","meta":{"_acf_changed":false,"_sitemap_exclude":false,"_sitemap_priority":"","_sitemap_frequency":"","footnotes":""},"categories":[64,56],"tags":[],"class_list":["post-235436","post","type-post","status-publish","format-standard","has-post-thumbnail","hentry","category-dunya","category-xeberler","infinite-scroll-item","generate-columns","tablet-grid-50","mobile-grid-100","grid-parent","grid-33","no-featured-image-padding"],"acf":[],"yoast_head":"<!-- This site is optimized with the Yoast SEO plugin v27.5 - https:\/\/yoast.com\/product\/yoast-seo-wordpress\/ -->\n<title>Bayden: &quot;AB\u015e Rusiya elitas\u0131na, ail\u0259l\u0259rin\u0259, banklara v\u0259 d\u00f6vl\u0259t borcuna sanksiya t\u0259tbiq edir&quot; - MEYDAN.TV<\/title>\n<meta name=\"robots\" content=\"index, follow, max-snippet:-1, max-image-preview:large, max-video-preview:-1\" \/>\n<link rel=\"canonical\" href=\"https:\/\/www.meydan.tv\/az\/article\/bayden-abs-rusiya-elitasina-ailelerine-banklara-ve-dovlet-borcuna-sanksiya-tetbiq-edir\/\" \/>\n<meta property=\"og:locale\" content=\"az_AZ\" \/>\n<meta property=\"og:type\" content=\"article\" \/>\n<meta property=\"og:title\" content=\"Bayden: &quot;AB\u015e Rusiya elitas\u0131na, ail\u0259l\u0259rin\u0259, banklara v\u0259 d\u00f6vl\u0259t borcuna sanksiya t\u0259tbiq edir&quot; - MEYDAN.TV\" \/>\n<meta property=\"og:description\" content=\"AB\u015e Prezidenti sanksiyalar\u0131n s\u0259rtl\u0259\u015fdiril\u0259 bil\u0259c\u0259yini deyir \u201cNovaya qazeta\u201dn\u0131n material\u0131 \u0259sas\u0131nda ... Davam\u0131\" \/>\n<meta property=\"og:url\" content=\"https:\/\/www.meydan.tv\/az\/article\/bayden-abs-rusiya-elitasina-ailelerine-banklara-ve-dovlet-borcuna-sanksiya-tetbiq-edir\/\" \/>\n<meta property=\"og:site_name\" content=\"MEYDAN.TV\" \/>\n<meta property=\"article:published_time\" content=\"2022-02-23T12:19:18+00:00\" \/>\n<meta property=\"article:modified_time\" content=\"2022-02-23T12:27:56+00:00\" \/>\n<meta property=\"og:image\" content=\"https:\/\/www.meydan.tv\/wp-content\/uploads\/shutterstock_1608793423-e1645004022507.jpg\" \/>\n\t<meta property=\"og:image:width\" content=\"1200\" \/>\n\t<meta property=\"og:image:height\" content=\"774\" \/>\n\t<meta property=\"og:image:type\" content=\"image\/jpeg\" \/>\n<meta name=\"author\" content=\"elli\" \/>\n<meta name=\"twitter:card\" content=\"summary_large_image\" \/>\n<meta name=\"twitter:creator\" content=\"@elli\" \/>\n<script type=\"application\/ld+json\" class=\"yoast-schema-graph\">{\"@context\":\"https:\\\/\\\/schema.org\",\"@graph\":[{\"@type\":\"Article\",\"@id\":\"https:\\\/\\\/www.meydan.tv\\\/az\\\/article\\\/bayden-abs-rusiya-elitasina-ailelerine-banklara-ve-dovlet-borcuna-sanksiya-tetbiq-edir\\\/#article\",\"isPartOf\":{\"@id\":\"https:\\\/\\\/www.meydan.tv\\\/az\\\/article\\\/bayden-abs-rusiya-elitasina-ailelerine-banklara-ve-dovlet-borcuna-sanksiya-tetbiq-edir\\\/\"},\"author\":{\"name\":\"elli\",\"@id\":\"https:\\\/\\\/www.meydan.tv\\\/az\\\/#\\\/schema\\\/person\\\/9cdbecf90d17180ce1dfbd95b08dcf47\"},\"headline\":\"Bayden: &#8220;AB\u015e Rusiya elitas\u0131na, ail\u0259l\u0259rin\u0259, banklara v\u0259 d\u00f6vl\u0259t borcuna sanksiya t\u0259tbiq edir&#8221;\",\"datePublished\":\"2022-02-23T12:19:18+00:00\",\"dateModified\":\"2022-02-23T12:27:56+00:00\",\"mainEntityOfPage\":{\"@id\":\"https:\\\/\\\/www.meydan.tv\\\/az\\\/article\\\/bayden-abs-rusiya-elitasina-ailelerine-banklara-ve-dovlet-borcuna-sanksiya-tetbiq-edir\\\/\"},\"wordCount\":623,\"publisher\":{\"@id\":\"https:\\\/\\\/www.meydan.tv\\\/az\\\/#organization\"},\"image\":{\"@id\":\"https:\\\/\\\/www.meydan.tv\\\/az\\\/article\\\/bayden-abs-rusiya-elitasina-ailelerine-banklara-ve-dovlet-borcuna-sanksiya-tetbiq-edir\\\/#primaryimage\"},\"thumbnailUrl\":\"https:\\\/\\\/www.meydan.tv\\\/wp-content\\\/uploads\\\/shutterstock_1608793423-e1733138846893.jpg\",\"articleSection\":[\"D\u00fcnya\",\"X\u0259b\u0259rl\u0259r\"],\"inLanguage\":\"az\"},{\"@type\":\"WebPage\",\"@id\":\"https:\\\/\\\/www.meydan.tv\\\/az\\\/article\\\/bayden-abs-rusiya-elitasina-ailelerine-banklara-ve-dovlet-borcuna-sanksiya-tetbiq-edir\\\/\",\"url\":\"https:\\\/\\\/www.meydan.tv\\\/az\\\/article\\\/bayden-abs-rusiya-elitasina-ailelerine-banklara-ve-dovlet-borcuna-sanksiya-tetbiq-edir\\\/\",\"name\":\"Bayden: \\\"AB\u015e Rusiya elitas\u0131na, ail\u0259l\u0259rin\u0259, banklara v\u0259 d\u00f6vl\u0259t borcuna sanksiya t\u0259tbiq edir\\\" - MEYDAN.TV\",\"isPartOf\":{\"@id\":\"https:\\\/\\\/www.meydan.tv\\\/az\\\/#website\"},\"primaryImageOfPage\":{\"@id\":\"https:\\\/\\\/www.meydan.tv\\\/az\\\/article\\\/bayden-abs-rusiya-elitasina-ailelerine-banklara-ve-dovlet-borcuna-sanksiya-tetbiq-edir\\\/#primaryimage\"},\"image\":{\"@id\":\"https:\\\/\\\/www.meydan.tv\\\/az\\\/article\\\/bayden-abs-rusiya-elitasina-ailelerine-banklara-ve-dovlet-borcuna-sanksiya-tetbiq-edir\\\/#primaryimage\"},\"thumbnailUrl\":\"https:\\\/\\\/www.meydan.tv\\\/wp-content\\\/uploads\\\/shutterstock_1608793423-e1733138846893.jpg\",\"datePublished\":\"2022-02-23T12:19:18+00:00\",\"dateModified\":\"2022-02-23T12:27:56+00:00\",\"breadcrumb\":{\"@id\":\"https:\\\/\\\/www.meydan.tv\\\/az\\\/article\\\/bayden-abs-rusiya-elitasina-ailelerine-banklara-ve-dovlet-borcuna-sanksiya-tetbiq-edir\\\/#breadcrumb\"},\"inLanguage\":\"az\",\"potentialAction\":[{\"@type\":\"ReadAction\",\"target\":[\"https:\\\/\\\/www.meydan.tv\\\/az\\\/article\\\/bayden-abs-rusiya-elitasina-ailelerine-banklara-ve-dovlet-borcuna-sanksiya-tetbiq-edir\\\/\"]}]},{\"@type\":\"ImageObject\",\"inLanguage\":\"az\",\"@id\":\"https:\\\/\\\/www.meydan.tv\\\/az\\\/article\\\/bayden-abs-rusiya-elitasina-ailelerine-banklara-ve-dovlet-borcuna-sanksiya-tetbiq-edir\\\/#primaryimage\",\"url\":\"https:\\\/\\\/www.meydan.tv\\\/wp-content\\\/uploads\\\/shutterstock_1608793423-e1733138846893.jpg\",\"contentUrl\":\"https:\\\/\\\/www.meydan.tv\\\/wp-content\\\/uploads\\\/shutterstock_1608793423-e1733138846893.jpg\",\"width\":1200,\"height\":392,\"caption\":\"Co Bayden, M\u0259nb\u0259: lev radin\\\/shutterstock\"},{\"@type\":\"BreadcrumbList\",\"@id\":\"https:\\\/\\\/www.meydan.tv\\\/az\\\/article\\\/bayden-abs-rusiya-elitasina-ailelerine-banklara-ve-dovlet-borcuna-sanksiya-tetbiq-edir\\\/#breadcrumb\",\"itemListElement\":[{\"@type\":\"ListItem\",\"position\":1,\"name\":\"Ana s\u0259hif\u0259\",\"item\":\"https:\\\/\\\/www.meydan.tv\\\/az\\\/\"},{\"@type\":\"ListItem\",\"position\":2,\"name\":\"D\u00fcnya\",\"item\":\"https:\\\/\\\/www.meydan.tv\\\/az\\\/section\\\/dunya\\\/\"},{\"@type\":\"ListItem\",\"position\":3,\"name\":\"Bayden: &#8220;AB\u015e Rusiya elitas\u0131na, ail\u0259l\u0259rin\u0259, banklara v\u0259 d\u00f6vl\u0259t borcuna sanksiya t\u0259tbiq edir&#8221;\"}]},{\"@type\":\"WebSite\",\"@id\":\"https:\\\/\\\/www.meydan.tv\\\/az\\\/#website\",\"url\":\"https:\\\/\\\/www.meydan.tv\\\/az\\\/\",\"name\":\"MEYDAN.TV\",\"description\":\"Meydan TV Az\u0259rbaycan\u0131n media m\u0259kan\u0131ndak\u0131 alternativ s\u0259sidir\",\"publisher\":{\"@id\":\"https:\\\/\\\/www.meydan.tv\\\/az\\\/#organization\"},\"potentialAction\":[{\"@type\":\"SearchAction\",\"target\":{\"@type\":\"EntryPoint\",\"urlTemplate\":\"https:\\\/\\\/www.meydan.tv\\\/az\\\/?s={search_term_string}\"},\"query-input\":{\"@type\":\"PropertyValueSpecification\",\"valueRequired\":true,\"valueName\":\"search_term_string\"}}],\"inLanguage\":\"az\"},{\"@type\":\"Organization\",\"@id\":\"https:\\\/\\\/www.meydan.tv\\\/az\\\/#organization\",\"name\":\"Meydan TV\",\"url\":\"https:\\\/\\\/www.meydan.tv\\\/az\\\/\",\"logo\":{\"@type\":\"ImageObject\",\"inLanguage\":\"az\",\"@id\":\"https:\\\/\\\/www.meydan.tv\\\/az\\\/#\\\/schema\\\/logo\\\/image\\\/\",\"url\":\"https:\\\/\\\/www.meydan.tv\\\/wp-content\\\/uploads\\\/2021\\\/07\\\/meydan-logo.svg\",\"contentUrl\":\"https:\\\/\\\/www.meydan.tv\\\/wp-content\\\/uploads\\\/2021\\\/07\\\/meydan-logo.svg\",\"width\":195,\"height\":46,\"caption\":\"Meydan TV\"},\"image\":{\"@id\":\"https:\\\/\\\/www.meydan.tv\\\/az\\\/#\\\/schema\\\/logo\\\/image\\\/\"}},{\"@type\":\"Person\",\"@id\":\"https:\\\/\\\/www.meydan.tv\\\/az\\\/#\\\/schema\\\/person\\\/9cdbecf90d17180ce1dfbd95b08dcf47\",\"name\":\"elli\",\"sameAs\":[\"https:\\\/\\\/x.com\\\/elli\"]}]}<\/script>\n<!-- \/ Yoast SEO plugin. -->","yoast_head_json":{"title":"Bayden: \"AB\u015e Rusiya elitas\u0131na, ail\u0259l\u0259rin\u0259, banklara v\u0259 d\u00f6vl\u0259t borcuna sanksiya t\u0259tbiq edir\" - MEYDAN.TV","robots":{"index":"index","follow":"follow","max-snippet":"max-snippet:-1","max-image-preview":"max-image-preview:large","max-video-preview":"max-video-preview:-1"},"canonical":"https:\/\/www.meydan.tv\/az\/article\/bayden-abs-rusiya-elitasina-ailelerine-banklara-ve-dovlet-borcuna-sanksiya-tetbiq-edir\/","og_locale":"az_AZ","og_type":"article","og_title":"Bayden: \"AB\u015e Rusiya elitas\u0131na, ail\u0259l\u0259rin\u0259, banklara v\u0259 d\u00f6vl\u0259t borcuna sanksiya t\u0259tbiq edir\" - MEYDAN.TV","og_description":"AB\u015e Prezidenti sanksiyalar\u0131n s\u0259rtl\u0259\u015fdiril\u0259 bil\u0259c\u0259yini deyir \u201cNovaya qazeta\u201dn\u0131n material\u0131 \u0259sas\u0131nda ... Davam\u0131","og_url":"https:\/\/www.meydan.tv\/az\/article\/bayden-abs-rusiya-elitasina-ailelerine-banklara-ve-dovlet-borcuna-sanksiya-tetbiq-edir\/","og_site_name":"MEYDAN.TV","article_published_time":"2022-02-23T12:19:18+00:00","article_modified_time":"2022-02-23T12:27:56+00:00","og_image":[{"width":1200,"height":774,"url":"https:\/\/www.meydan.tv\/wp-content\/uploads\/shutterstock_1608793423-e1645004022507.jpg","type":"image\/jpeg"}],"author":"elli","twitter_card":"summary_large_image","twitter_creator":"@elli","schema":{"@context":"https:\/\/schema.org","@graph":[{"@type":"Article","@id":"https:\/\/www.meydan.tv\/az\/article\/bayden-abs-rusiya-elitasina-ailelerine-banklara-ve-dovlet-borcuna-sanksiya-tetbiq-edir\/#article","isPartOf":{"@id":"https:\/\/www.meydan.tv\/az\/article\/bayden-abs-rusiya-elitasina-ailelerine-banklara-ve-dovlet-borcuna-sanksiya-tetbiq-edir\/"},"author":{"name":"elli","@id":"https:\/\/www.meydan.tv\/az\/#\/schema\/person\/9cdbecf90d17180ce1dfbd95b08dcf47"},"headline":"Bayden: &#8220;AB\u015e Rusiya elitas\u0131na, ail\u0259l\u0259rin\u0259, banklara v\u0259 d\u00f6vl\u0259t borcuna sanksiya t\u0259tbiq edir&#8221;","datePublished":"2022-02-23T12:19:18+00:00","dateModified":"2022-02-23T12:27:56+00:00","mainEntityOfPage":{"@id":"https:\/\/www.meydan.tv\/az\/article\/bayden-abs-rusiya-elitasina-ailelerine-banklara-ve-dovlet-borcuna-sanksiya-tetbiq-edir\/"},"wordCount":623,"publisher":{"@id":"https:\/\/www.meydan.tv\/az\/#organization"},"image":{"@id":"https:\/\/www.meydan.tv\/az\/article\/bayden-abs-rusiya-elitasina-ailelerine-banklara-ve-dovlet-borcuna-sanksiya-tetbiq-edir\/#primaryimage"},"thumbnailUrl":"https:\/\/www.meydan.tv\/wp-content\/uploads\/shutterstock_1608793423-e1733138846893.jpg","articleSection":["D\u00fcnya","X\u0259b\u0259rl\u0259r"],"inLanguage":"az"},{"@type":"WebPage","@id":"https:\/\/www.meydan.tv\/az\/article\/bayden-abs-rusiya-elitasina-ailelerine-banklara-ve-dovlet-borcuna-sanksiya-tetbiq-edir\/","url":"https:\/\/www.meydan.tv\/az\/article\/bayden-abs-rusiya-elitasina-ailelerine-banklara-ve-dovlet-borcuna-sanksiya-tetbiq-edir\/","name":"Bayden: \"AB\u015e Rusiya elitas\u0131na, ail\u0259l\u0259rin\u0259, banklara v\u0259 d\u00f6vl\u0259t borcuna sanksiya t\u0259tbiq edir\" - MEYDAN.TV","isPartOf":{"@id":"https:\/\/www.meydan.tv\/az\/#website"},"primaryImageOfPage":{"@id":"https:\/\/www.meydan.tv\/az\/article\/bayden-abs-rusiya-elitasina-ailelerine-banklara-ve-dovlet-borcuna-sanksiya-tetbiq-edir\/#primaryimage"},"image":{"@id":"https:\/\/www.meydan.tv\/az\/article\/bayden-abs-rusiya-elitasina-ailelerine-banklara-ve-dovlet-borcuna-sanksiya-tetbiq-edir\/#primaryimage"},"thumbnailUrl":"https:\/\/www.meydan.tv\/wp-content\/uploads\/shutterstock_1608793423-e1733138846893.jpg","datePublished":"2022-02-23T12:19:18+00:00","dateModified":"2022-02-23T12:27:56+00:00","breadcrumb":{"@id":"https:\/\/www.meydan.tv\/az\/article\/bayden-abs-rusiya-elitasina-ailelerine-banklara-ve-dovlet-borcuna-sanksiya-tetbiq-edir\/#breadcrumb"},"inLanguage":"az","potentialAction":[{"@type":"ReadAction","target":["https:\/\/www.meydan.tv\/az\/article\/bayden-abs-rusiya-elitasina-ailelerine-banklara-ve-dovlet-borcuna-sanksiya-tetbiq-edir\/"]}]},{"@type":"ImageObject","inLanguage":"az","@id":"https:\/\/www.meydan.tv\/az\/article\/bayden-abs-rusiya-elitasina-ailelerine-banklara-ve-dovlet-borcuna-sanksiya-tetbiq-edir\/#primaryimage","url":"https:\/\/www.meydan.tv\/wp-content\/uploads\/shutterstock_1608793423-e1733138846893.jpg","contentUrl":"https:\/\/www.meydan.tv\/wp-content\/uploads\/shutterstock_1608793423-e1733138846893.jpg","width":1200,"height":392,"caption":"Co Bayden, M\u0259nb\u0259: lev radin\/shutterstock"},{"@type":"BreadcrumbList","@id":"https:\/\/www.meydan.tv\/az\/article\/bayden-abs-rusiya-elitasina-ailelerine-banklara-ve-dovlet-borcuna-sanksiya-tetbiq-edir\/#breadcrumb","itemListElement":[{"@type":"ListItem","position":1,"name":"Ana s\u0259hif\u0259","item":"https:\/\/www.meydan.tv\/az\/"},{"@type":"ListItem","position":2,"name":"D\u00fcnya","item":"https:\/\/www.meydan.tv\/az\/section\/dunya\/"},{"@type":"ListItem","position":3,"name":"Bayden: &#8220;AB\u015e Rusiya elitas\u0131na, ail\u0259l\u0259rin\u0259, banklara v\u0259 d\u00f6vl\u0259t borcuna sanksiya t\u0259tbiq edir&#8221;"}]},{"@type":"WebSite","@id":"https:\/\/www.meydan.tv\/az\/#website","url":"https:\/\/www.meydan.tv\/az\/","name":"MEYDAN.TV","description":"Meydan TV Az\u0259rbaycan\u0131n media m\u0259kan\u0131ndak\u0131 alternativ s\u0259sidir","publisher":{"@id":"https:\/\/www.meydan.tv\/az\/#organization"},"potentialAction":[{"@type":"SearchAction","target":{"@type":"EntryPoint","urlTemplate":"https:\/\/www.meydan.tv\/az\/?s={search_term_string}"},"query-input":{"@type":"PropertyValueSpecification","valueRequired":true,"valueName":"search_term_string"}}],"inLanguage":"az"},{"@type":"Organization","@id":"https:\/\/www.meydan.tv\/az\/#organization","name":"Meydan TV","url":"https:\/\/www.meydan.tv\/az\/","logo":{"@type":"ImageObject","inLanguage":"az","@id":"https:\/\/www.meydan.tv\/az\/#\/schema\/logo\/image\/","url":"https:\/\/www.meydan.tv\/wp-content\/uploads\/2021\/07\/meydan-logo.svg","contentUrl":"https:\/\/www.meydan.tv\/wp-content\/uploads\/2021\/07\/meydan-logo.svg","width":195,"height":46,"caption":"Meydan TV"},"image":{"@id":"https:\/\/www.meydan.tv\/az\/#\/schema\/logo\/image\/"}},{"@type":"Person","@id":"https:\/\/www.meydan.tv\/az\/#\/schema\/person\/9cdbecf90d17180ce1dfbd95b08dcf47","name":"elli","sameAs":["https:\/\/x.com\/elli"]}]}},"_links":{"self":[{"href":"https:\/\/www.meydan.tv\/az\/wp-json\/wp\/v2\/posts\/235436","targetHints":{"allow":["GET"]}}],"collection":[{"href":"https:\/\/www.meydan.tv\/az\/wp-json\/wp\/v2\/posts"}],"about":[{"href":"https:\/\/www.meydan.tv\/az\/wp-json\/wp\/v2\/types\/post"}],"author":[{"embeddable":true,"href":"https:\/\/www.meydan.tv\/az\/wp-json\/wp\/v2\/users\/8"}],"replies":[{"embeddable":true,"href":"https:\/\/www.meydan.tv\/az\/wp-json\/wp\/v2\/comments?post=235436"}],"version-history":[{"count":3,"href":"https:\/\/www.meydan.tv\/az\/wp-json\/wp\/v2\/posts\/235436\/revisions"}],"predecessor-version":[{"id":235452,"href":"https:\/\/www.meydan.tv\/az\/wp-json\/wp\/v2\/posts\/235436\/revisions\/235452"}],"wp:featuredmedia":[{"embeddable":true,"href":"https:\/\/www.meydan.tv\/az\/wp-json\/wp\/v2\/media\/234728"}],"wp:attachment":[{"href":"https:\/\/www.meydan.tv\/az\/wp-json\/wp\/v2\/media?parent=235436"}],"wp:term":[{"taxonomy":"category","embeddable":true,"href":"https:\/\/www.meydan.tv\/az\/wp-json\/wp\/v2\/categories?post=235436"},{"taxonomy":"post_tag","embeddable":true,"href":"https:\/\/www.meydan.tv\/az\/wp-json\/wp\/v2\/tags?post=235436"}],"curies":[{"name":"wp","href":"https:\/\/api.w.org\/{rel}","templated":true}]}}