{"id":235414,"date":"2022-02-23T15:18:18","date_gmt":"2022-02-23T11:18:18","guid":{"rendered":"https:\/\/www.meydan.tv\/?p=235414"},"modified":"2022-02-23T16:20:13","modified_gmt":"2022-02-23T12:20:13","slug":"naxcivan-azerbaycanin-totalitar-qalasi","status":"publish","type":"post","link":"https:\/\/www.meydan.tv\/az\/article\/naxcivan-azerbaycanin-totalitar-qalasi\/","title":{"rendered":"Nax\u00e7\u0131van &#8211; Az\u0259rbaycan\u0131n totalitar qalas\u0131"},"content":{"rendered":"\n<p><strong><em>Nax\u00e7\u0131van &#8211; Az\u0259rbaycan\u0131n totalitar qalas\u0131<\/em><\/strong><\/p>\n\n\n\n<p><em>Vasif Tal\u0131bovun s\u00f6z\u00fc Nax\u00e7\u0131van\u0131n Muxtar Respublikas\u0131nda qanundur. O, t\u0259crid olunmu\u015f b\u00f6lg\u0259ni qorxu v\u0259 zorak\u0131l\u0131qla idar\u0259 edib. H\u0259tta o\u011fullar\u0131n\u0131n \u0130sve\u00e7r\u0259 banklar\u0131ndak\u0131 hesablarda milyonlarla v\u0259saiti&nbsp; var<\/em>&nbsp;<\/p>\n\n\n\n<p>Az\u0259rbaycanl\u0131 jurnalist Yaf\u0259z H\u0259s\u0259nov d\u0259h\u015f\u0259tli bir hekay\u0259nin izind\u0259 idi: \u0130ran \u00fc\u00e7\u00fcn casusluq etm\u0259kd\u0259 ittiham olunan g\u0259nc hava liman\u0131 texniki Milli T\u0259hl\u00fck\u0259sizlik Nazirliyin\u0259 \u00e7a\u011f\u0131r\u0131l\u0131b, lakin s\u0259h\u0259risi g\u00fcn \u00f6l\u00fc v\u0259 c\u0259s\u0259di d\u0259h\u015f\u0259tli hala g\u0259tirilmi\u015f \u015f\u0259kild\u0259 tap\u0131l\u0131b.<\/p>\n\n\n\n<p>Lakin H\u0259s\u0259novun reportaj\u0131 q\u0131sa zamanda dayand\u0131r\u0131l\u0131b. O, s\u0131\u011f\u0131nacaq ald\u0131\u011f\u0131 Almaniyadan verdiyi a\u00e7\u0131qlamada Az\u0259rbaycan\u0131n Nax\u00e7\u0131van Muxtar Respublikas\u0131n\u0131n hakimiyy\u0259tinin onunla nec\u0259 davrand\u0131\u011f\u0131n\u0131 a\u00e7\u0131qlay\u0131b.<\/p>\n\n\n\n<p>Gizli agentl\u0259r onu it\u0259l\u0259y\u0259r\u0259k ma\u015f\u0131na mindirib v\u0259 \u0130ran s\u0259rh\u0259dind\u0259n k\u0259nara apararaq orada burax\u0131blar. Onlar\u0131n plan\u0131n\u0131n onu \u0130ran k\u0259\u015ffiyyat orqanlar\u0131na t\u0259hvil verm\u0259k oldu\u011fundan \u015f\u00fcbh\u0259l\u0259n\u0259n H\u0259s\u0259nov qurtulmaq \u00fc\u00e7\u00fcn Az\u0259rbaycan\u0131n paytaxt\u0131 Bak\u0131ya qa\u00e7\u0131b.<\/p>\n\n\n\n<p>\u201cM\u0259n d\u00f6rd taksi d\u0259yi\u015fdim\u201d,- o deyir: \u201cArxamca m\u0259ni t\u0259qim etm\u0259sinl\u0259r dey\u0259 taksi d\u0259yi\u015firdim\u201d.<\/p>\n\n\n\n<p>Plan uydurulma g\u00f6r\u00fcn\u00fcr, lakin n\u00f6vb\u0259ti il \u00f6lk\u0259d\u0259n qa\u00e7an nax\u00e7\u0131vanl\u0131 t\u0259hl\u00fck\u0259sizlik agenti \u201cAmerikan\u0131n S\u0259si\u201dn\u0259 bu plan\u0131n h\u0259yata ke\u00e7irildiyini t\u0259sdiql\u0259yib.<\/p>\n\n\n\n<p>\u201cPlan bel\u0259 idi ki, H\u0259s\u0259novun deportasiyas\u0131ndan bir ne\u00e7\u0259 saat sonra \u0130ran\u0131n k\u0259\u015ffiyyat xidm\u0259tin\u0259 Amerikan\u0131n radio i\u015f\u00e7isinin \u0130rana casusluq etm\u0259k \u00fc\u00e7\u00fcn getdiyi s\u00f6yl\u0259nsin. Bel\u0259 olan halda \u0130ran k\u0259\u015ffiyyat\u0131 onu h\u0259bs edib, sonra edam ed\u0259c\u0259kdi. Sonra kims\u0259 [\u015f\u00f6b\u0259 m\u00fcdiri] fikrini d\u0259yi\u015fdi. E\u015fitdim ki, ona Bak\u0131dan z\u0259ng edibl\u0259r\u201d, \u2013 dey\u0259 agent qeyd edib.<\/p>\n\n\n\n<p>H\u0259s\u0259novun s\u0259rh\u0259dl\u0259raras\u0131 mac\u0259ras\u0131 2011-ci ild\u0259 ba\u015f verib, lakin o vaxtdan b\u0259ri \u00e7ox \u015fey dem\u0259k olar ki, d\u0259yi\u015fm\u0259yib. Nax\u00e7\u0131van Muxtar Respublikas\u0131 zorak\u0131l\u0131qla idar\u0259 olunmaqda davam edir v\u0259 h\u0259l\u0259 d\u0259 Az\u0259rbaycan\u0131n qalan hiss\u0259sil\u0259 aras\u0131nda u\u00e7urum var.<\/p>\n\n\n\n<figure class=\"wp-block-image size-full\"><img decoding=\"async\" width=\"975\" height=\"582\" data-src=\"https:\/\/www.meydan.tv\/wp-content\/uploads\/vasif-heydar.jpeg\" alt=\"\" class=\"wp-image-235418 lazyload\" src=\"data:image\/svg+xml;base64,PHN2ZyB3aWR0aD0iMSIgaGVpZ2h0PSIxIiB4bWxucz0iaHR0cDovL3d3dy53My5vcmcvMjAwMC9zdmciPjwvc3ZnPg==\" style=\"--smush-placeholder-width: 975px; --smush-placeholder-aspect-ratio: 975\/582;\" \/><figcaption>Nax\u00e7\u0131van\u0131n r\u0259hb\u0259ri Vasif Tal\u0131bov (solda) v\u0259 eks prezident Heyd\u0259r \u018fliyev. M\u0259nb\u0259: Rza Talibov \/ Twitter<\/figcaption><\/figure>\n\n\n\n<p>Bu da\u011fl\u0131q, t\u0259crid olunmu\u015f \u0259razi \u00f6lk\u0259nin qalan hiss\u0259sind\u0259n haz\u0131rda Erm\u0259nistan\u0131n t\u0259rkibind\u0259 olan bir par\u00e7a torpaqla ayr\u0131l\u0131b. Nax\u00e7\u0131van sakinl\u0259ri d\u0259 Az\u0259rbaycan v\u0259t\u0259nda\u015flar\u0131d\u0131r v\u0259 h\u00f6rm\u0259tli nax\u00e7\u0131vanl\u0131lar Az\u0259rbaycan\u0131n hakim orqanlar\u0131nda kifay\u0259t q\u0259d\u0259r yax\u015f\u0131 t\u0259msil olunurlar. Bununla yana\u015f\u0131, buran\u0131 Az\u0259rbaycan\u0131n ke\u00e7mi\u015f prezidenti Heyd\u0259r \u018fliyev t\u0259r\u0259find\u0259n nam\u0259lum \u015f\u0259kild\u0259 hakimiyy\u0259t\u0259 g\u0259tiril\u0259n, Sovet d\u00f6vr\u00fcnd\u0259 tiki\u015f fabrikinin ke\u00e7mi\u015f m\u00fcdiri olmu\u015f Vasif Tal\u0131bov idar\u0259 edir.<\/p>\n\n\n\n<p>\u201c\u018fliyev Nax\u00e7\u0131van\u0131 Tal\u0131bova h\u0259diyy\u0259 kimi verib\u201d, \u2013 dey\u0259 \u00f6lk\u0259d\u0259n qa\u00e7an az\u0259rbaycanl\u0131 h\u00fcquq m\u00fcdafi\u0259\u00e7isi \u0259lav\u0259 edib: \u201cBak\u0131n\u0131n ora dem\u0259k olar ki, g\u00fcc\u00fc \u00e7atm\u0131r\u201d.<\/p>\n\n\n\n<p>\u018fsas\u0259n \u00f6z ixtiyar\u0131na burax\u0131lan Tal\u0131bov&nbsp; administrasiyas\u0131n\u0131n qeyri-\u015f\u0259ffafl\u0131\u011f\u0131, q\u0259ddarl\u0131\u011f\u0131 v\u0259 \u00f6zba\u015f\u0131nal\u0131\u011f\u0131 il\u0259 \u015eimali Koreya il\u0259 r\u0259qab\u0259t apara bil\u0259c\u0259k bir rejim qurub.<\/p>\n\n\n\n<p>Tal\u0131bov \u015f\u0131ltaql\u0131\u011f\u0131na m\u00f6h\u00fcr vuran yerli parlament\u0259 r\u0259hb\u0259rlik edir. Sakinl\u0259r polisin zorak\u0131l\u0131\u011f\u0131ndan qorxaraq h\u0259yatlar\u0131na davam edirl\u0259r. M\u00fcxalifl\u0259r h\u0259bs edilir, i\u015fg\u0259nc\u0259l\u0259r\u0259 m\u0259ruz qal\u0131r v\u0259 m\u0259cburi \u015f\u0259kild\u0259 psixoloji dispanserl\u0259r\u0259 yerl\u0259\u015fdirilirl\u0259r.<\/p>\n\n\n\n<p>Tal\u0131bov v\u0259 ail\u0259si yerli biznes \u00fcz\u0259rind\u0259 d\u0259h\u015f\u0259tli g\u00fcc sahibidir. D\u00f6vl\u0259t i\u015f\u00e7il\u0259ri \u015f\u0259nb\u0259 g\u00fcnl\u0259rini k\u00fc\u00e7\u0259l\u0259ri t\u0259mizl\u0259y\u0259r\u0259k v\u0259 ya meyv\u0259-t\u0259r\u0259v\u0259z toplayaraq ke\u00e7irm\u0259lidir. Yerli sakinl\u0259r is\u0259 \u0259razinin bo\u015fald\u0131\u011f\u0131n\u0131, nax\u00e7\u0131vanl\u0131lar\u0131n \u0259ks\u0259riyy\u0259tinin daha \u00e7ox azadl\u0131q v\u0259 iqtisadi imkanlar \u0259ld\u0259 etm\u0259k \u00fc\u00e7\u00fcn Az\u0259rbaycan\u0131n paytaxt\u0131na, el\u0259c\u0259 d\u0259 T\u00fcrkiy\u0259y\u0259 \u00fcz tutduqlar\u0131n\u0131 deyirl\u0259r.<\/p>\n\n\n\n<p>Bu qanun pozuntular\u0131 il\u0259 ba\u011fl\u0131 hesabatlar ill\u0259r \u0259rzind\u0259 s\u0131zd\u0131r\u0131l\u0131b, lakin \u0259n son m\u0259lumatlar\u0131 \u0259ld\u0259 etm\u0259k \u00e7\u0259tindir. Bel\u0259 ki, Nax\u00e7\u0131vanda insan haqlar\u0131 il\u0259 ba\u011fl\u0131 \u0259n son diqq\u0259t\u0259layiq hesabat Norve\u00e7 Helsinki Komit\u0259si t\u0259r\u0259find\u0259n 2010-cu ild\u0259 d\u0259rc edilib.<\/p>\n\n\n\n<p>H\u0259tta Az\u0259rbaycan\u0131n qalan hiss\u0259sind\u0259 d\u0259 son g\u00fcnl\u0259rd\u0259 n\u0259 ba\u015f verm\u0259si haqq\u0131nda \u00e7ox az m\u0259lumat var.<\/p>\n\n\n\n<p>M\u00fchacir\u0259td\u0259 olan h\u00fcquq m\u00fcdafi\u0259\u00e7isinin s\u00f6zl\u0259rin\u0259 g\u00f6r\u0259, Nax\u00e7\u0131vandan dem\u0259k olar ki, x\u0259b\u0259rl\u0259r g\u0259lmir:&nbsp;<\/p>\n\n\n\n<p>&#8220;Onlar \u00f6zba\u015f\u0131nad\u0131rlar. Orada ba\u015f ver\u0259nl\u0259r tamamil\u0259 qaranl\u0131q qal\u0131r. Kim ora gedibs\u0259 &#8211; h\u0259tta yerli az\u0259rbaycanl\u0131 jurnalistl\u0259r v\u0259 ya h\u00fcquq m\u00fcdafi\u0259\u00e7il\u0259ri bel\u0259 olsa, &#8211; deportasiya olunublar, o\u011furlan\u0131blar v\u0259 pis \u015f\u0259kild\u0259 d\u00f6y\u00fcl\u00fcbl\u0259r&#8221;.<\/p>\n\n\n\n<p>Bu \u0259razi h\u0259tta b\u0259zi az\u0259rbaycanl\u0131 nazirl\u0259r v\u0259 paytaxtdan olan dig\u0259r y\u00fcks\u0259k v\u0259zif\u0259li \u015f\u0259xsl\u0259r \u00fc\u00e7\u00fcn d\u0259 qada\u011fand\u0131r.<\/p>\n\n\n\n<p>\u201cM\u0259rk\u0259zi Bank\u0131n r\u0259hb\u0259ri Nax\u00e7\u0131vana gedib. Onun ziyar\u0259tin\u0259 icaz\u0259 verilm\u0259yib v\u0259 be\u015f saat saxlan\u0131ld\u0131qdan sonra d\u0259rhal taksiy\u0259 minib, t\u0259yyar\u0259yl\u0259 Bak\u0131ya qay\u0131d\u0131b\u201d &#8211;&nbsp; dey\u0259 aktivist \u0259lav\u0259 edir.<\/p>\n\n\n\n<p>H\u0259tta Az\u0259rbaycan parlamentind\u0259 Nax\u00e7\u0131van\u0131 t\u0259msil ed\u0259n deputat da Tal\u0131bovun hakimiyy\u0259tini t\u0259nqid etm\u0259kd\u0259n d\u0259rs al\u0131b. \u201cO, Nax\u00e7\u0131van\u0131n daxili i\u015fl\u0259rin\u0259 qar\u0131\u015fmaqda ittiham olunub. Nax\u00e7\u0131vanl\u0131 deputat\u0131 t\u0259s\u0259vv\u00fcr edirsiniz?!\u201d-&nbsp; aktivist bildirib.<\/p>\n\n\n\n<p><strong>\u00d6zba\u015f\u0131na sifari\u015fl\u0259r<\/strong><\/p>\n\n\n\n<p>&nbsp;Yerli sakinl\u0259rin dediyin\u0259 g\u00f6r\u0259, Nax\u00e7\u0131van\u0131 idar\u0259 ed\u0259n Tal\u0131bov savadl\u0131 adam deyil. Deportasiya olunan jurnalist H\u0259s\u0259nov Tal\u0131bov \u00fc\u00e7\u00fcn haz\u0131rlanan \u00e7\u0131x\u0131\u015fda 21-ci \u0259srd\u0259n b\u0259hs ed\u0259rk\u0259n \u201cXXI\u201d kimi yaz\u0131ld\u0131\u011f\u0131n\u0131 v\u0259 Tal\u0131bovun bunu t\u0259k-t\u0259k&nbsp; \u201cX-X-I\u201d kimi oxudu\u011fu epizodu xat\u0131rlad\u0131b.<\/p>\n\n\n\n<p>&#8220;M\u0259n bunu televiziyada canl\u0131 yay\u0131mda g\u00f6rd\u00fcm&#8221;, &#8211; H\u0259s\u0259nov bildirir.<\/p>\n\n\n\n<p>Tal\u0131bov \u00f6z \u00e7\u0131x\u0131\u015flar\u0131n\u0131 yazmaya bil\u0259r, lakin o, nax\u00e7\u0131vanl\u0131lar\u0131n h\u0259yat\u0131n\u0131 ki\u00e7ik \u00f6l\u00e7\u00fcd\u0259 idar\u0259 etm\u0259y\u0259 c\u0259hd edir. O, 2017-ci ild\u0259 rayon g\u0259ncl\u0259rinin m\u00fctl\u0259q oxumal\u0131 olduqlar\u0131 30 \u0259d\u0259bi \u0259s\u0259rl\u0259 ba\u011fl\u0131 s\u0259r\u0259ncam imzalay\u0131b.<\/p>\n\n\n\n<p>H\u0259m\u00e7inin m\u0259lumatlara \u0259sas\u0259n, insanlar paltarlar\u0131n\u0131 eyvandan asa bilm\u0259z v\u0259 ya evd\u0259 \u0259n\u0259n\u0259vi t\u0259ndir ocaqlar\u0131nda \u00e7\u00f6r\u0259k bi\u015firm\u0259k qada\u011fand\u0131r. D\u00f6vl\u0259t sektorunda \u00e7al\u0131\u015fan qad\u0131nlar\u0131n nec\u0259 geyinm\u0259li oldu\u011funu dikt\u0259 ed\u0259n ciddi geyim qaydas\u0131 var: r\u0259ngli \u015falvarlara, sar\u0131\u015f\u0131n v\u0259 ya q\u0131rm\u0131z\u0131 sa\u00e7 boyas\u0131na icaz\u0259 verilmir.<\/p>\n\n\n\n<p>\u0130nsanlar\u0131 \u015f\u0259nb\u0259 g\u00fcnl\u0259ri zibill\u0259ri y\u0131\u011fmaq v\u0259 ya ba\u015fqa \u00f6d\u0259ni\u015fsiz i\u015fl\u0259ri g\u00f6rm\u0259k \u00fc\u00e7\u00fcn \u201ck\u00f6n\u00fcll\u00fc\u201d olma\u011fa t\u0259\u015fviq ed\u0259n, Sovet d\u00f6vr\u00fcnd\u0259ki \u201csubbotnik\u201d-i xat\u0131rladan geni\u015f im\u0259clik ke\u00e7irilir.<\/p>\n\n\n\n<p>Nax\u00e7\u0131vanda is\u0259 bel\u0259 im\u0259cilikl\u0259r d\u00f6vl\u0259t qulluq\u00e7ular\u0131 \u00fc\u00e7\u00fcn m\u0259cburidir, h\u0259r h\u0259ft\u0259nin \u015f\u0259nb\u0259 g\u00fcn\u00fc h\u0259yata ke\u00e7irilir v\u0259 Tal\u0131bov v\u0259 ail\u0259si \u00fc\u00e7\u00fcn m\u0259hsul y\u0131\u011f\u0131m\u0131 da buna daxildir.<\/p>\n\n\n\n<p>\u201cSubbotnikin n\u0259 oldu\u011funu bilirsinizmi? Bu, qul \u0259m\u0259yidir&#8221;, &#8211;&nbsp; \u00f6lk\u0259d\u0259n qovulan jurnalist H\u0259s\u0259nov bildirir.<\/p>\n\n\n\n<p>\u201cH\u0259ft\u0259 sonlar\u0131 evd\u0259 qalmal\u0131, asud\u0259 vaxt ke\u00e7irm\u0259lisiniz. Ancaq orda m\u00fc\u0259lliml\u0259r, h\u0259kiml\u0259r, h\u0259r k\u0259s Vasif Tal\u0131bovun yan\u0131nda i\u015fl\u0259m\u0259li olur\u201d.<\/p>\n\n\n\n<p>Bu q\u0259rib\u0259 iddialar Nax\u00e7\u0131vandan xaric\u0259 \u00f6t\u00fcr\u00fcl\u0259n, \u00e7ox vaxt bir n\u00f6v maraq kimi q\u0259bul edil\u0259n nadir x\u0259b\u0259rl\u0259r silsil\u0259sind\u0259ndir.<\/p>\n\n\n\n<figure class=\"wp-block-image size-large\"><img decoding=\"async\" width=\"1200\" height=\"608\" data-src=\"https:\/\/www.meydan.tv\/wp-content\/uploads\/3ga82zytt0_002-1200x608.jpeg\" alt=\"\" class=\"wp-image-235421 lazyload\" src=\"data:image\/svg+xml;base64,PHN2ZyB3aWR0aD0iMSIgaGVpZ2h0PSIxIiB4bWxucz0iaHR0cDovL3d3dy53My5vcmcvMjAwMC9zdmciPjwvc3ZnPg==\" style=\"--smush-placeholder-width: 1200px; --smush-placeholder-aspect-ratio: 1200\/608;\" \/><figcaption>Nax\u00e7\u0131van\u0131n r\u0259hb\u0259ri Vasif Tal\u0131bov v\u0259 \u00f6lk\u0259 ba\u015f\u00e7\u0131s\u0131 \u0130lham \u018fliyev &#8211; M\u0259nb\u0259: Az\u0259rtac<\/figcaption><\/figure>\n\n\n\n<p>Lakin \u0259ks\u0259r yerli sakinl\u0259r \u00fc\u00e7\u00fcn daha aktual olan reall\u0131q d\u0259rin v\u0259 d\u00f6z\u00fclm\u0259z yoxsulluqdur.<\/p>\n\n\n\n<p>\u0130nand\u0131r\u0131c\u0131 r\u0259q\u0259ml\u0259r \u0259ld\u0259 etm\u0259k m\u00fcmk\u00fcn deyil. R\u0259smi statistika Nax\u00e7\u0131vanda i\u015fsizliyin faktiki olaraq olmad\u0131\u011f\u0131n\u0131 iddia edir. Lakin m\u00fcst\u0259qil m\u00fc\u015fahid\u0259\u00e7il\u0259r nax\u00e7\u0131vanl\u0131lar\u0131n \u0259ks\u0259riyy\u0259tinin \u00e7\u0259tinlikl\u0259 doland\u0131\u011f\u0131n\u0131 deyir.<\/p>\n\n\n\n<p>&#8220;\u0130qtisadi bax\u0131mdan orada h\u0259yat yoxdur. Orda fabrik yoxdur. \u0130\u015f yerl\u0259ri yoxdur. Yaxud Nax\u00e7\u0131vanda i\u015f\u0259 girm\u0259k \u00fc\u00e7\u00fcn \u00e7oxlu r\u00fc\u015fv\u0259t verm\u0259lis\u0259n v\u0259 o i\u015fin davam ed\u0259c\u0259yin\u0259 d\u0259 he\u00e7 bir z\u0259man\u0259t yoxdur\u201d, \u2013 m\u00fchacir\u0259td\u0259ki f\u0259al bildirib.<\/p>\n\n\n\n<p>N\u0259tic\u0259d\u0259 b\u00f6lg\u0259 t\u0259rk edilib. Az\u0259rbaycanda \u0259halinin son siyah\u0131ya al\u0131nmas\u0131na g\u00f6r\u0259 r\u0259smi \u0259halinin say\u0131 yar\u0131m milyona yax\u0131nd\u0131r. Lakin yerli sakinl\u0259r faktiki r\u0259q\u0259ml\u0259rin xeyli a\u015fa\u011f\u0131 oldu\u011funu deyirl\u0259r.<\/p>\n\n\n\n<p>Deportasiya olunmu\u015f jurnalist H\u0259s\u0259nov deyir ki, \u0259halinin 70-90 faizi \u00f6lk\u0259ni t\u0259rk edib; bu, \u00e7oxunun, o c\u00fcml\u0259d\u0259n Nax\u00e7\u0131van \u0259silli m\u0259\u015fhur siyas\u0259t\u00e7inin d\u0259 s\u0259sl\u0259ndirdiyi qeyri-m\u00fcmk\u00fcn kimi g\u00f6r\u00fcn\u0259n r\u0259q\u0259ml\u0259rdir.<\/p>\n\n\n\n<p>M\u00fchacir\u0259td\u0259ki f\u0259al is\u0259 deyir ki, \u201cKim f\u00fcrs\u0259t tapsa, h\u0259r hans\u0131 bir i\u015f v\u0259 ya ba\u015fqa bir \u015fey tapsa, Bak\u0131ya qa\u00e7\u0131r. \u0130stanbulda nax\u00e7\u0131vanl\u0131 k\u00fc\u00e7\u0259l\u0259ri var, Nax\u00e7\u0131vandan qa\u00e7\u0131b qalacaq yer, i\u015f tapan v\u0259 orada ya\u015fama\u011fa ba\u015flayan \u00e7ox adam var\u201d.<\/p>\n\n\n\n<p>\u201cBu, t\u0259kc\u0259 maa\u015flar\u0131n az olmas\u0131 il\u0259 \u0259laq\u0259li deyil\u201d, &#8211; H\u0259s\u0259nov deyir: \u201cH\u0259m\u00e7inin diktatura rejimin\u0259 g\u00f6r\u0259dir. \u0130nsanlar \u00f6zl\u0259rini azad hiss etmirl\u0259r\u201d.<\/p>\n\n\n\n<p><strong>S\u0259rh\u0259dsiz s\u0259lahiyy\u0259t<\/strong><\/p>\n\n\n\n<p>&nbsp;Ki\u00e7ik korrupsiya h\u0259mi\u015f\u0259 m\u00f6vcuddur. Polis b\u00fct\u00fcn b\u00f6lg\u0259d\u0259 v\u0259t\u0259nda\u015flar\u0131 qorxutmaq \u00fc\u00e7\u00fcn c\u0259zaland\u0131r\u0131r v\u0259 r\u00fc\u015fv\u0259t t\u0259l\u0259b edir.<\/p>\n\n\n\n<p>\u201cPolis qorxutmaq, pul qoparmaq v\u0259 ist\u0259nil\u0259n cinay\u0259ti t\u00f6r\u0259tm\u0259k \u00fc\u00e7\u00fcn s\u0259rh\u0259dsiz s\u0259lahiyy\u0259tl\u0259rind\u0259n istifad\u0259 etm\u0259kd\u0259n z\u00f6vq al\u0131r\u201d,- dey\u0259 yerli universitet professoru Norve\u00e7 Helsinki Komit\u0259sin\u0259 2010-cu il a\u00e7\u0131qlama verib. O, m\u00fcsahib\u0259d\u0259 &#8220;S\u0131ravi v\u0259t\u0259nda\u015flara qar\u015f\u0131 zorak\u0131 h\u0259r\u0259k\u0259tl\u0259r\u0259 v\u0259 pis r\u0259ftara g\u00f6r\u0259 he\u00e7 kim onlar\u0131 m\u0259suliyy\u0259t\u0259 c\u0259lb etmir&#8221;, &#8211; deyib.<\/p>\n\n\n\n<p>T\u0259\u015fkilat\u0131n Nax\u00e7\u0131van\u0131 \u201cAz\u0259rbaycan\u0131n qaranl\u0131q adas\u0131\u201d adland\u0131rd\u0131\u011f\u0131 hesabat\u0131nda h\u0259r \u015feyi m\u0259nims\u0259y\u0259n Tal\u0131bov rejimini t\u0259nqid etm\u0259k c\u0259sar\u0259ti g\u00f6st\u0259r\u0259n h\u0259r bir \u015f\u0259xs\u0259 qar\u015f\u0131 t\u00f6r\u0259dil\u0259n silsil\u0259 t\u0259zyiql\u0259r d\u0259 qeyd olunub. Bura insanlar\u0131n i\u015fini itirm\u0259si v\u0259 ya daha pis hadis\u0259l\u0259r daxildir.<\/p>\n\n\n\n<p>\u201cD\u0259y\u0259n\u0259k il\u0259 vurmaq, elektrik c\u0259r\u0259yan\u0131ndan istifad\u0259, d\u0131rnaqlar\u0131 s\u00f6km\u0259k, qaz maskas\u0131n\u0131 \u00e7\u0131xartd\u0131raraq oksigensiz buraxmaq, cinsi t\u0259hqir kimi metodlardan geni\u015f istifad\u0259 olunur\u201d, &#8211; hesabatda qeyd olunur.&nbsp;<\/p>\n\n\n\n<p>\u201cKe\u00e7mi\u015f m\u0259hbus bildirib ki, o, c\u0259za\u00e7\u0259km\u0259 m\u00fc\u0259ssis\u0259sind\u0259 saxlan\u0131l\u0131r. S\u0259b\u0259b is\u0259 \u201cpolis\u0259 qar\u015f\u0131 m\u00fcqavim\u0259t g\u00f6st\u0259rm\u0259k\u201d kimi yay\u0131lm\u0131\u015f, lakin qeyri-m\u00fc\u0259yy\u0259n ittihamd\u0131r. O, 6 g\u00fcn ac saxlan\u0131l\u0131b v\u0259 \u0259slind\u0259 g\u00fcnah\u0131 olmad\u0131\u011f\u0131 cinay\u0259t \u0259m\u0259lin\u0259 g\u00f6r\u0259 ictimai \u015f\u0259kild\u0259 \u00fczr ist\u0259m\u0259kd\u0259n imtina etdiyi \u00fc\u00e7\u00fcn ayaqlar\u0131ndan as\u0131l\u0131b\u201d.<\/p>\n\n\n\n<p>M\u00fchacir\u0259td\u0259 olan f\u0259al hesabatda da qeyd olunan bir hadis\u0259d\u0259n, yerli sakinl\u0259rl\u0259 polis aras\u0131nda toqqu\u015fmalardan sonra hakimiyy\u0259t orqanlar\u0131n\u0131n B\u0259n\u0259nyar adl\u0131 k\u0259nd\u0259 basq\u0131n etm\u0259sind\u0259n dan\u0131\u015f\u0131b.<\/p>\n\n\n\n<figure class=\"wp-block-image size-full\"><img decoding=\"async\" width=\"794\" height=\"669\" data-src=\"https:\/\/www.meydan.tv\/wp-content\/uploads\/21314617_1799823880057650_2880264748570711146_n.jpeg\" alt=\"\" class=\"wp-image-235424 lazyload\" src=\"data:image\/svg+xml;base64,PHN2ZyB3aWR0aD0iMSIgaGVpZ2h0PSIxIiB4bWxucz0iaHR0cDovL3d3dy53My5vcmcvMjAwMC9zdmciPjwvc3ZnPg==\" style=\"--smush-placeholder-width: 794px; --smush-placeholder-aspect-ratio: 794\/669;\" \/><figcaption>Vasif Tal\u0131bov v\u0259 \u0130lham \u018fliyev M\u0259nb\u0259: Vasif Talibov \/ Facebook<\/figcaption><\/figure>\n\n\n\n<p>\u201c\u015eahidl\u0259r var ki, milli t\u0259hl\u00fck\u0259sizlik nazirinin m\u0259hbuslar\u0131n \u00fcz\u0259rin\u0259 i\u015f\u0259diyini g\u00f6r\u00fcb. B\u0259zil\u0259ri qarda uzanma\u011fa m\u0259cbur edib v\u0259 nazir onlar\u0131n \u00fcst\u00fcn\u0259 i\u015f\u0259yib. O, kimins\u0259 o\u011flunu atas\u0131n\u0131n \u00fcst\u00fcn\u0259 i\u015f\u0259m\u0259y\u0259 m\u0259cbur edib\u201d.<\/p>\n\n\n\n<p>Son ill\u0259rd\u0259 bu c\u00fcr t\u0259zyiql\u0259rin azald\u0131\u011f\u0131n\u0131 d\u00fc\u015f\u00fcnm\u0259k \u00fc\u00e7\u00fcn he\u00e7 bir \u0259sas yoxdur.<\/p>\n\n\n\n<p>Son bir ne\u00e7\u0259 ayda Nax\u00e7\u0131vandan m\u0259lumatlar yeni layih\u0259 vasit\u0259sil\u0259 yay\u0131l\u0131b: \u201cG\u00fcnd\u0259lik Nax\u00e7\u0131van\u201d adl\u0131 \u201cFacebook\u201d s\u0259hif\u0259si anonim m\u00fchacirl\u0259r t\u0259r\u0259find\u0259n idar\u0259 olunur.<\/p>\n\n\n\n<p>Ke\u00e7\u0259n ay s\u0259hif\u0259d\u0259 yerli rejimi a\u00e7\u0131q \u015f\u0259kild\u0259 t\u0259nqid etdikd\u0259n sonra dindirilm\u0259y\u0259 \u00e7a\u011f\u0131r\u0131lan, polis r\u0259isi t\u0259r\u0259find\u0259n \u0259vv\u0259ll\u0259r i\u015fg\u0259nc\u0259l\u0259r\u0259 m\u0259ruz qalan yerli sakinin hekay\u0259sini yay\u0131mlay\u0131b.<\/p>\n\n\n\n<p>&#8220;O m\u0259n\u0259 i\u015fg\u0259nc\u0259 ver\u0259n iki polisd\u0259n biri idi&#8221;,- dey\u0259 yerli sakin bildirib: \u201c\u015e\u0259xs\u0259n m\u0259ni asd\u0131 v\u0259 hu\u015fumu itir\u0259n\u0259 q\u0259d\u0259r vurdu. \u0130ndi deyir ki, m\u0259n Nax\u00e7\u0131van hakimiyy\u0259tini t\u0259nqid etm\u0259y\u0259 davam ets\u0259m, yen\u0259 d\u0259 bel\u0259 olacaq, h\u0259min i\u015fg\u0259nc\u0259l\u0259r t\u0259krarlanacaq\u201d.<\/p>\n\n\n\n<p>Yax\u0131n g\u0259l\u0259c\u0259kd\u0259 bu c\u00fcr anonim \u015f\u0259xsl\u0259r t\u0259r\u0259find\u0259n g\u00f6st\u0259ril\u0259n c\u0259hdl\u0259r Talibovun b\u00f6lg\u0259sind\u0259 n\u0259 ba\u015f verdiyini \u00f6yr\u0259n\u0259 bilm\u0259yimiz \u00fc\u00e7\u00fcn yegan\u0259 yol olacaq.<\/p>\n\n\n\n<p>2011-ci ild\u0259 \u0130rana deportasiya olunmu\u015f jurnalist H\u0259s\u0259nov nisb\u0259t\u0259n t\u0259hl\u00fck\u0259siz ya\u015fad\u0131\u011f\u0131 Bak\u0131da olanda Azadl\u0131q Radiosunun Az\u0259rbaycan servisi \u00fc\u00e7\u00fcn Nax\u00e7\u0131van b\u00f6lg\u0259si haqq\u0131nda reportajlar haz\u0131rlama\u011fa davam edib. Ancaq onun s\u00f6zl\u0259rin\u0259 g\u00f6r\u0259, Bak\u0131da bel\u0259 onu v\u0259 ail\u0259sini Tal\u0131bovun agentl\u0259ri izl\u0259yibl\u0259r.<\/p>\n\n\n\n<p>\u201cM\u0259n\u0259 f\u0259aliyy\u0259timi dayand\u0131rmaq \u00fc\u00e7\u00fcn \u00e7oxlu pul t\u0259klif edibl\u0259r\u201d, &#8211; H\u0259s\u0259nov \u0259lav\u0259 edir: &#8220;Lakin m\u0259n onlar\u0131n ham\u0131s\u0131ndan imtina etdim. Sonra dedil\u0259r ki, s\u0259nin \u00fc\u00e7\u00fcn daha pis olacaq. S\u0259ni v\u0259 ail\u0259ni \u00f6ld\u00fcr\u0259c\u0259yik&#8221;.<\/p>\n\n\n\n<p>O, 2014-c\u00fc ilin sonunda, Azadl\u0131q Radiosunun ofisi ba\u011fland\u0131qdan c\u0259mi bir g\u00fcn sonra Az\u0259rbaycan\u0131 t\u0259rk edib.<\/p>\n\n\n\n<p>Vasif Tal\u0131bov \u015f\u0259rh \u00fc\u00e7\u00fcn suallar\u0131m\u0131za cavab verm\u0259yib.<\/p>\n","protected":false},"excerpt":{"rendered":"<p>Nax\u00e7\u0131van &#8211; Az\u0259rbaycan\u0131n totalitar qalas\u0131 Vasif Tal\u0131bovun s\u00f6z\u00fc Nax\u00e7\u0131van\u0131n Muxtar &#8230; <\/p>\n<p class=\"read-more-container\"><a title=\"Nax\u00e7\u0131van &#8211; Az\u0259rbaycan\u0131n totalitar qalas\u0131\" class=\"read-more button\" href=\"https:\/\/www.meydan.tv\/az\/article\/naxcivan-azerbaycanin-totalitar-qalasi\/#more-235414\" aria-label=\"Read more about Nax\u00e7\u0131van &#8211; Az\u0259rbaycan\u0131n totalitar qalas\u0131\">Davam\u0131<\/a><\/p>\n","protected":false},"author":14,"featured_media":235415,"comment_status":"closed","ping_status":"closed","sticky":false,"template":"","format":"standard","meta":{"_acf_changed":false,"_sitemap_exclude":false,"_sitemap_priority":"","_sitemap_frequency":"","footnotes":""},"categories":[55,79],"tags":[],"class_list":["post-235414","post","type-post","status-publish","format-standard","has-post-thumbnail","hentry","category-arasdirma","category-featured","infinite-scroll-item","generate-columns","tablet-grid-50","mobile-grid-100","grid-parent","grid-33","no-featured-image-padding"],"acf":[],"yoast_head":"<!-- This site is optimized with the Yoast SEO plugin v27.4 - https:\/\/yoast.com\/product\/yoast-seo-wordpress\/ -->\n<title>Nax\u00e7\u0131van - Az\u0259rbaycan\u0131n totalitar qalas\u0131 - MEYDAN.TV<\/title>\n<meta name=\"robots\" content=\"index, follow, max-snippet:-1, max-image-preview:large, max-video-preview:-1\" \/>\n<link rel=\"canonical\" href=\"https:\/\/www.meydan.tv\/az\/article\/naxcivan-azerbaycanin-totalitar-qalasi\/\" \/>\n<meta property=\"og:locale\" content=\"az_AZ\" \/>\n<meta property=\"og:type\" content=\"article\" \/>\n<meta property=\"og:title\" content=\"Nax\u00e7\u0131van - Az\u0259rbaycan\u0131n totalitar qalas\u0131 - MEYDAN.TV\" \/>\n<meta property=\"og:description\" content=\"Nax\u00e7\u0131van &#8211; Az\u0259rbaycan\u0131n totalitar qalas\u0131 Vasif Tal\u0131bovun s\u00f6z\u00fc Nax\u00e7\u0131van\u0131n Muxtar ... Davam\u0131\" \/>\n<meta property=\"og:url\" content=\"https:\/\/www.meydan.tv\/az\/article\/naxcivan-azerbaycanin-totalitar-qalasi\/\" \/>\n<meta property=\"og:site_name\" content=\"MEYDAN.TV\" \/>\n<meta property=\"article:published_time\" content=\"2022-02-23T11:18:18+00:00\" \/>\n<meta property=\"article:modified_time\" content=\"2022-02-23T12:20:13+00:00\" \/>\n<meta property=\"og:image\" content=\"https:\/\/www.meydan.tv\/wp-content\/uploads\/suisse-nakhchivan-top.jpeg\" \/>\n\t<meta property=\"og:image:width\" content=\"1920\" \/>\n\t<meta property=\"og:image:height\" content=\"1280\" \/>\n\t<meta property=\"og:image:type\" content=\"image\/jpeg\" \/>\n<meta name=\"author\" content=\"roma\" \/>\n<meta name=\"twitter:card\" content=\"summary_large_image\" \/>\n<script type=\"application\/ld+json\" class=\"yoast-schema-graph\">{\"@context\":\"https:\\\/\\\/schema.org\",\"@graph\":[{\"@type\":\"Article\",\"@id\":\"https:\\\/\\\/www.meydan.tv\\\/az\\\/article\\\/naxcivan-azerbaycanin-totalitar-qalasi\\\/#article\",\"isPartOf\":{\"@id\":\"https:\\\/\\\/www.meydan.tv\\\/az\\\/article\\\/naxcivan-azerbaycanin-totalitar-qalasi\\\/\"},\"author\":{\"name\":\"roma\",\"@id\":\"https:\\\/\\\/www.meydan.tv\\\/az\\\/#\\\/schema\\\/person\\\/8f23e01c4de63326c13c319fb65ee65d\"},\"headline\":\"Nax\u00e7\u0131van &#8211; Az\u0259rbaycan\u0131n totalitar qalas\u0131\",\"datePublished\":\"2022-02-23T11:18:18+00:00\",\"dateModified\":\"2022-02-23T12:20:13+00:00\",\"mainEntityOfPage\":{\"@id\":\"https:\\\/\\\/www.meydan.tv\\\/az\\\/article\\\/naxcivan-azerbaycanin-totalitar-qalasi\\\/\"},\"wordCount\":2427,\"publisher\":{\"@id\":\"https:\\\/\\\/www.meydan.tv\\\/az\\\/#organization\"},\"image\":{\"@id\":\"https:\\\/\\\/www.meydan.tv\\\/az\\\/article\\\/naxcivan-azerbaycanin-totalitar-qalasi\\\/#primaryimage\"},\"thumbnailUrl\":\"https:\\\/\\\/www.meydan.tv\\\/wp-content\\\/uploads\\\/suisse-nakhchivan-top.jpeg\",\"articleSection\":[\"Ara\u015fd\u0131rma\",\"T\u00f6vsiy\u0259\"],\"inLanguage\":\"az\"},{\"@type\":\"WebPage\",\"@id\":\"https:\\\/\\\/www.meydan.tv\\\/az\\\/article\\\/naxcivan-azerbaycanin-totalitar-qalasi\\\/\",\"url\":\"https:\\\/\\\/www.meydan.tv\\\/az\\\/article\\\/naxcivan-azerbaycanin-totalitar-qalasi\\\/\",\"name\":\"Nax\u00e7\u0131van - Az\u0259rbaycan\u0131n totalitar qalas\u0131 - MEYDAN.TV\",\"isPartOf\":{\"@id\":\"https:\\\/\\\/www.meydan.tv\\\/az\\\/#website\"},\"primaryImageOfPage\":{\"@id\":\"https:\\\/\\\/www.meydan.tv\\\/az\\\/article\\\/naxcivan-azerbaycanin-totalitar-qalasi\\\/#primaryimage\"},\"image\":{\"@id\":\"https:\\\/\\\/www.meydan.tv\\\/az\\\/article\\\/naxcivan-azerbaycanin-totalitar-qalasi\\\/#primaryimage\"},\"thumbnailUrl\":\"https:\\\/\\\/www.meydan.tv\\\/wp-content\\\/uploads\\\/suisse-nakhchivan-top.jpeg\",\"datePublished\":\"2022-02-23T11:18:18+00:00\",\"dateModified\":\"2022-02-23T12:20:13+00:00\",\"breadcrumb\":{\"@id\":\"https:\\\/\\\/www.meydan.tv\\\/az\\\/article\\\/naxcivan-azerbaycanin-totalitar-qalasi\\\/#breadcrumb\"},\"inLanguage\":\"az\",\"potentialAction\":[{\"@type\":\"ReadAction\",\"target\":[\"https:\\\/\\\/www.meydan.tv\\\/az\\\/article\\\/naxcivan-azerbaycanin-totalitar-qalasi\\\/\"]}]},{\"@type\":\"ImageObject\",\"inLanguage\":\"az\",\"@id\":\"https:\\\/\\\/www.meydan.tv\\\/az\\\/article\\\/naxcivan-azerbaycanin-totalitar-qalasi\\\/#primaryimage\",\"url\":\"https:\\\/\\\/www.meydan.tv\\\/wp-content\\\/uploads\\\/suisse-nakhchivan-top.jpeg\",\"contentUrl\":\"https:\\\/\\\/www.meydan.tv\\\/wp-content\\\/uploads\\\/suisse-nakhchivan-top.jpeg\",\"width\":1920,\"height\":1280},{\"@type\":\"BreadcrumbList\",\"@id\":\"https:\\\/\\\/www.meydan.tv\\\/az\\\/article\\\/naxcivan-azerbaycanin-totalitar-qalasi\\\/#breadcrumb\",\"itemListElement\":[{\"@type\":\"ListItem\",\"position\":1,\"name\":\"Ana s\u0259hif\u0259\",\"item\":\"https:\\\/\\\/www.meydan.tv\\\/az\\\/\"},{\"@type\":\"ListItem\",\"position\":2,\"name\":\"Ara\u015fd\u0131rma\",\"item\":\"https:\\\/\\\/www.meydan.tv\\\/az\\\/section\\\/arasdirma\\\/\"},{\"@type\":\"ListItem\",\"position\":3,\"name\":\"Nax\u00e7\u0131van &#8211; Az\u0259rbaycan\u0131n totalitar qalas\u0131\"}]},{\"@type\":\"WebSite\",\"@id\":\"https:\\\/\\\/www.meydan.tv\\\/az\\\/#website\",\"url\":\"https:\\\/\\\/www.meydan.tv\\\/az\\\/\",\"name\":\"MEYDAN.TV\",\"description\":\"Meydan TV Az\u0259rbaycan\u0131n media m\u0259kan\u0131ndak\u0131 alternativ s\u0259sidir\",\"publisher\":{\"@id\":\"https:\\\/\\\/www.meydan.tv\\\/az\\\/#organization\"},\"potentialAction\":[{\"@type\":\"SearchAction\",\"target\":{\"@type\":\"EntryPoint\",\"urlTemplate\":\"https:\\\/\\\/www.meydan.tv\\\/az\\\/?s={search_term_string}\"},\"query-input\":{\"@type\":\"PropertyValueSpecification\",\"valueRequired\":true,\"valueName\":\"search_term_string\"}}],\"inLanguage\":\"az\"},{\"@type\":\"Organization\",\"@id\":\"https:\\\/\\\/www.meydan.tv\\\/az\\\/#organization\",\"name\":\"Meydan TV\",\"url\":\"https:\\\/\\\/www.meydan.tv\\\/az\\\/\",\"logo\":{\"@type\":\"ImageObject\",\"inLanguage\":\"az\",\"@id\":\"https:\\\/\\\/www.meydan.tv\\\/az\\\/#\\\/schema\\\/logo\\\/image\\\/\",\"url\":\"https:\\\/\\\/www.meydan.tv\\\/wp-content\\\/uploads\\\/2021\\\/07\\\/meydan-logo.svg\",\"contentUrl\":\"https:\\\/\\\/www.meydan.tv\\\/wp-content\\\/uploads\\\/2021\\\/07\\\/meydan-logo.svg\",\"width\":195,\"height\":46,\"caption\":\"Meydan TV\"},\"image\":{\"@id\":\"https:\\\/\\\/www.meydan.tv\\\/az\\\/#\\\/schema\\\/logo\\\/image\\\/\"}},{\"@type\":\"Person\",\"@id\":\"https:\\\/\\\/www.meydan.tv\\\/az\\\/#\\\/schema\\\/person\\\/8f23e01c4de63326c13c319fb65ee65d\",\"name\":\"roma\"}]}<\/script>\n<!-- \/ Yoast SEO plugin. -->","yoast_head_json":{"title":"Nax\u00e7\u0131van - Az\u0259rbaycan\u0131n totalitar qalas\u0131 - MEYDAN.TV","robots":{"index":"index","follow":"follow","max-snippet":"max-snippet:-1","max-image-preview":"max-image-preview:large","max-video-preview":"max-video-preview:-1"},"canonical":"https:\/\/www.meydan.tv\/az\/article\/naxcivan-azerbaycanin-totalitar-qalasi\/","og_locale":"az_AZ","og_type":"article","og_title":"Nax\u00e7\u0131van - Az\u0259rbaycan\u0131n totalitar qalas\u0131 - MEYDAN.TV","og_description":"Nax\u00e7\u0131van &#8211; Az\u0259rbaycan\u0131n totalitar qalas\u0131 Vasif Tal\u0131bovun s\u00f6z\u00fc Nax\u00e7\u0131van\u0131n Muxtar ... Davam\u0131","og_url":"https:\/\/www.meydan.tv\/az\/article\/naxcivan-azerbaycanin-totalitar-qalasi\/","og_site_name":"MEYDAN.TV","article_published_time":"2022-02-23T11:18:18+00:00","article_modified_time":"2022-02-23T12:20:13+00:00","og_image":[{"width":1920,"height":1280,"url":"https:\/\/www.meydan.tv\/wp-content\/uploads\/suisse-nakhchivan-top.jpeg","type":"image\/jpeg"}],"author":"roma","twitter_card":"summary_large_image","schema":{"@context":"https:\/\/schema.org","@graph":[{"@type":"Article","@id":"https:\/\/www.meydan.tv\/az\/article\/naxcivan-azerbaycanin-totalitar-qalasi\/#article","isPartOf":{"@id":"https:\/\/www.meydan.tv\/az\/article\/naxcivan-azerbaycanin-totalitar-qalasi\/"},"author":{"name":"roma","@id":"https:\/\/www.meydan.tv\/az\/#\/schema\/person\/8f23e01c4de63326c13c319fb65ee65d"},"headline":"Nax\u00e7\u0131van &#8211; Az\u0259rbaycan\u0131n totalitar qalas\u0131","datePublished":"2022-02-23T11:18:18+00:00","dateModified":"2022-02-23T12:20:13+00:00","mainEntityOfPage":{"@id":"https:\/\/www.meydan.tv\/az\/article\/naxcivan-azerbaycanin-totalitar-qalasi\/"},"wordCount":2427,"publisher":{"@id":"https:\/\/www.meydan.tv\/az\/#organization"},"image":{"@id":"https:\/\/www.meydan.tv\/az\/article\/naxcivan-azerbaycanin-totalitar-qalasi\/#primaryimage"},"thumbnailUrl":"https:\/\/www.meydan.tv\/wp-content\/uploads\/suisse-nakhchivan-top.jpeg","articleSection":["Ara\u015fd\u0131rma","T\u00f6vsiy\u0259"],"inLanguage":"az"},{"@type":"WebPage","@id":"https:\/\/www.meydan.tv\/az\/article\/naxcivan-azerbaycanin-totalitar-qalasi\/","url":"https:\/\/www.meydan.tv\/az\/article\/naxcivan-azerbaycanin-totalitar-qalasi\/","name":"Nax\u00e7\u0131van - Az\u0259rbaycan\u0131n totalitar qalas\u0131 - MEYDAN.TV","isPartOf":{"@id":"https:\/\/www.meydan.tv\/az\/#website"},"primaryImageOfPage":{"@id":"https:\/\/www.meydan.tv\/az\/article\/naxcivan-azerbaycanin-totalitar-qalasi\/#primaryimage"},"image":{"@id":"https:\/\/www.meydan.tv\/az\/article\/naxcivan-azerbaycanin-totalitar-qalasi\/#primaryimage"},"thumbnailUrl":"https:\/\/www.meydan.tv\/wp-content\/uploads\/suisse-nakhchivan-top.jpeg","datePublished":"2022-02-23T11:18:18+00:00","dateModified":"2022-02-23T12:20:13+00:00","breadcrumb":{"@id":"https:\/\/www.meydan.tv\/az\/article\/naxcivan-azerbaycanin-totalitar-qalasi\/#breadcrumb"},"inLanguage":"az","potentialAction":[{"@type":"ReadAction","target":["https:\/\/www.meydan.tv\/az\/article\/naxcivan-azerbaycanin-totalitar-qalasi\/"]}]},{"@type":"ImageObject","inLanguage":"az","@id":"https:\/\/www.meydan.tv\/az\/article\/naxcivan-azerbaycanin-totalitar-qalasi\/#primaryimage","url":"https:\/\/www.meydan.tv\/wp-content\/uploads\/suisse-nakhchivan-top.jpeg","contentUrl":"https:\/\/www.meydan.tv\/wp-content\/uploads\/suisse-nakhchivan-top.jpeg","width":1920,"height":1280},{"@type":"BreadcrumbList","@id":"https:\/\/www.meydan.tv\/az\/article\/naxcivan-azerbaycanin-totalitar-qalasi\/#breadcrumb","itemListElement":[{"@type":"ListItem","position":1,"name":"Ana s\u0259hif\u0259","item":"https:\/\/www.meydan.tv\/az\/"},{"@type":"ListItem","position":2,"name":"Ara\u015fd\u0131rma","item":"https:\/\/www.meydan.tv\/az\/section\/arasdirma\/"},{"@type":"ListItem","position":3,"name":"Nax\u00e7\u0131van &#8211; Az\u0259rbaycan\u0131n totalitar qalas\u0131"}]},{"@type":"WebSite","@id":"https:\/\/www.meydan.tv\/az\/#website","url":"https:\/\/www.meydan.tv\/az\/","name":"MEYDAN.TV","description":"Meydan TV Az\u0259rbaycan\u0131n media m\u0259kan\u0131ndak\u0131 alternativ s\u0259sidir","publisher":{"@id":"https:\/\/www.meydan.tv\/az\/#organization"},"potentialAction":[{"@type":"SearchAction","target":{"@type":"EntryPoint","urlTemplate":"https:\/\/www.meydan.tv\/az\/?s={search_term_string}"},"query-input":{"@type":"PropertyValueSpecification","valueRequired":true,"valueName":"search_term_string"}}],"inLanguage":"az"},{"@type":"Organization","@id":"https:\/\/www.meydan.tv\/az\/#organization","name":"Meydan TV","url":"https:\/\/www.meydan.tv\/az\/","logo":{"@type":"ImageObject","inLanguage":"az","@id":"https:\/\/www.meydan.tv\/az\/#\/schema\/logo\/image\/","url":"https:\/\/www.meydan.tv\/wp-content\/uploads\/2021\/07\/meydan-logo.svg","contentUrl":"https:\/\/www.meydan.tv\/wp-content\/uploads\/2021\/07\/meydan-logo.svg","width":195,"height":46,"caption":"Meydan TV"},"image":{"@id":"https:\/\/www.meydan.tv\/az\/#\/schema\/logo\/image\/"}},{"@type":"Person","@id":"https:\/\/www.meydan.tv\/az\/#\/schema\/person\/8f23e01c4de63326c13c319fb65ee65d","name":"roma"}]}},"_links":{"self":[{"href":"https:\/\/www.meydan.tv\/az\/wp-json\/wp\/v2\/posts\/235414","targetHints":{"allow":["GET"]}}],"collection":[{"href":"https:\/\/www.meydan.tv\/az\/wp-json\/wp\/v2\/posts"}],"about":[{"href":"https:\/\/www.meydan.tv\/az\/wp-json\/wp\/v2\/types\/post"}],"author":[{"embeddable":true,"href":"https:\/\/www.meydan.tv\/az\/wp-json\/wp\/v2\/users\/14"}],"replies":[{"embeddable":true,"href":"https:\/\/www.meydan.tv\/az\/wp-json\/wp\/v2\/comments?post=235414"}],"version-history":[{"count":3,"href":"https:\/\/www.meydan.tv\/az\/wp-json\/wp\/v2\/posts\/235414\/revisions"}],"predecessor-version":[{"id":235448,"href":"https:\/\/www.meydan.tv\/az\/wp-json\/wp\/v2\/posts\/235414\/revisions\/235448"}],"wp:featuredmedia":[{"embeddable":true,"href":"https:\/\/www.meydan.tv\/az\/wp-json\/wp\/v2\/media\/235415"}],"wp:attachment":[{"href":"https:\/\/www.meydan.tv\/az\/wp-json\/wp\/v2\/media?parent=235414"}],"wp:term":[{"taxonomy":"category","embeddable":true,"href":"https:\/\/www.meydan.tv\/az\/wp-json\/wp\/v2\/categories?post=235414"},{"taxonomy":"post_tag","embeddable":true,"href":"https:\/\/www.meydan.tv\/az\/wp-json\/wp\/v2\/tags?post=235414"}],"curies":[{"name":"wp","href":"https:\/\/api.w.org\/{rel}","templated":true}]}}