{"id":235403,"date":"2022-02-23T14:45:07","date_gmt":"2022-02-23T10:45:07","guid":{"rendered":"https:\/\/www.meydan.tv\/?p=235403"},"modified":"2022-02-24T15:37:14","modified_gmt":"2022-02-24T11:37:14","slug":"kamil-celilov-vefat-edib","status":"publish","type":"post","link":"https:\/\/www.meydan.tv\/az\/article\/kamil-celilov-vefat-edib\/","title":{"rendered":"Kamil C\u0259lilov v\u0259fat edib (Yenil\u0259nib)"},"content":{"rendered":"\n<p><strong><em>Xalq artisi II F\u0259xri xiyabanda d\u0259fn olunub<\/em><\/strong><\/p>\n\n\n\n<p>Qoboy ifa\u00e7\u0131s\u0131, Xalq artisti Kamil C\u0259lilovun d\u0259fn olundu\u011fu yer d\u0259yi\u015fdirilib.M\u0259rhumun Bilg\u0259h q\u0259bristanl\u0131\u011f\u0131nda h\u0259yat yolda\u015f\u0131n\u0131n m\u0259zar\u0131 il\u0259 yana\u015f\u0131 d\u0259fn olunaca\u011f\u0131 bildirils\u0259 d\u0259, sonradan II F\u0259xri Xiyabanda torpa\u011fa tap\u015f\u0131r\u0131l\u0131b. S\u0259n\u0259t\u00e7inin q\u0131z\u0131 G\u00fcl\u015f\u0259n C\u0259lilova q\u0259rar\u0131n Prezident \u0130lham \u018fliyev t\u0259r\u0259find\u0259n verildiyini<a href=\"https:\/\/qaynarinfo.az\/az\/qizi-kamil-celilovun-ii-fexri-xiyabanda-defn-edilmesinden-danisdi\/\"> deyib.<\/a><\/p>\n\n\n\n<p>\u201cPrezident Moskvada s\u0259f\u0259rd\u0259dir, bu q\u0259d\u0259r g\u0259rgin i\u015fl\u0259r\u0259, g\u00f6r\u00fc\u015fl\u0259r\u0259 baxmayaraq, Kamil C\u0259lilov s\u0259n\u0259tini diqq\u0259t\u0259 al\u0131b, onun II F\u0259xri Xiyabanda d\u0259fn olunmas\u0131 il\u0259 ba\u011fl\u0131 tap\u015f\u0131r\u0131q verib\u201d, &#8211; dey\u0259 o bildirib. G\u00fcl\u015f\u0259n C\u0259lilova atas\u0131n\u0131n he\u00e7 bir x\u0259st\u0259likd\u0259n \u015fikay\u0259tl\u0259nm\u0259diyini, \u00f6l\u00fcm\u00fcn\u00fcn g\u00f6zl\u0259nilm\u0259z oldu\u011funu deyib: <\/p>\n\n\n\n<p>\u201cSa\u011flam idi, he\u00e7 bir x\u0259st\u0259liyi yox idi, h\u0259r hans\u0131 bir yeri a\u011fr\u0131m\u0131rd\u0131. Q\u0259fild\u0259n oturdu\u011fu yerd\u0259 ke\u00e7indi. Su \u00e7\u0259r\u015f\u0259nb\u0259si idi, b\u00fct\u00fcn balalar\u0131 ba\u015f\u0131nda, yeyib-i\u00e7ib bayram ke\u00e7irmi\u015fik. Saat 22:30-da hal\u0131 pisl\u0259\u015fdi, el\u0259 h\u0259min anda da ke\u00e7indi. He\u00e7 kimin a\u011fl\u0131na g\u0259lm\u0259zdi ki, atam iki saatdan sonra olmayacaq\u201d.\u00a0<\/p>\n\n\n\n<p>***<\/p>\n\n\n\n<p>Qoboy ifa\u00e7\u0131s\u0131, Xalq artisti Kamil C\u0259lilov 84 ya\u015f\u0131nda v\u0259fat edib.<\/p>\n\n\n\n<p>Bu haqda m\u0259lumat\u0131 M\u0259d\u0259niyy\u0259t Nazirliyi <a href=\"http:\/\/mct.gov.az\/az\/umumi-xeberler\/14135\" target=\"_blank\" rel=\"noreferrer noopener\">yay\u0131b<\/a>.<br><\/p>\n\n\n\n<p>Nazirlikd\u0259n veril\u0259n m\u0259lumata g\u00f6r\u0259, s\u0259n\u0259t\u00e7i il\u0259 vida m\u0259rasimi bu g\u00fcn saat 15:30-da Bak\u0131xanovdak\u0131 \u0130mam Rza M\u0259scidind\u0259 ke\u00e7iril\u0259c\u0259k.<\/p>\n\n\n\n<p>O, Bilg\u0259h q\u0259bristanl\u0131\u011f\u0131nda h\u0259yat yolda\u015f\u0131n\u0131n m\u0259zar\u0131 il\u0259 yana\u015f\u0131 d\u0259fn olunacaq.<\/p>\n\n\n\n<p>Kamil C\u0259lilov 29 yanvar 1938-ci ild\u0259 Bak\u0131n\u0131n Buzovna k\u0259ndind\u0259 do\u011fulub.<\/p>\n\n\n\n<p>O, qoboy al\u0259tini mu\u011fam janr\u0131na g\u0259tir\u0259n ilk musiqi\u00e7idir.<\/p>\n\n\n\n<p>B\u0259st\u0259kar Fikr\u0259t \u018fmirovun qoboy v\u0259 fortepiano \u00fc\u00e7\u00fcn \u201cAlt\u0131 pyes\u201dinin ilk ifa\u00e7\u0131s\u0131d\u0131r.<\/p>\n\n\n\n<p>1990-c\u0131 ild\u0259 Kamil C\u0259lilovun ifa etdiyi \u201cZ\u0259minxar\u0259\u201d mu\u011fam\u0131 20 Yanvar hadis\u0259l\u0259ri il\u0259 s\u0131x <a href=\"https:\/\/www.youtube.com\/watch?v=wqN_i2mlqa0\" target=\"_blank\" rel=\"noreferrer noopener\">\u0259laq\u0259l\u0259ndirilir<\/a>.<br><\/p>\n\n\n\n<p>1977-ci ild\u0259 Qoboyda \u00e7ald\u0131\u011f\u0131 \u201cMu\u011fam\u201d (b\u0259z\u0259n \u201c\u00c7ahargah ah\u0259ngi\u201d adlan\u0131r &#8211; red.) adlanan kompozisiyas\u0131 \u201cVoyacer q\u0131z\u0131l plastinkas\u0131\u201dna daxil olub.<br><\/p>\n\n\n\n<p>Musiqi\u00e7i 1968-ci ild\u0259n etibar\u0259n piano\u00e7u, Xalq artisti G\u00fclar\u0259 \u018fliyevan\u0131n yaratd\u0131\u011f\u0131 \u201cDan ulduzu\u201d ansambl\u0131n\u0131n solisti olub.<\/p>\n\n\n\n<p>Uzun ill\u0259r \u0259rzind\u0259 \u0130nc\u0259s\u0259n\u0259t Gimnaziyas\u0131nda pedaqoji f\u0259aliyy\u0259tl\u0259 m\u0259\u015f\u011ful olub.<\/p>\n","protected":false},"excerpt":{"rendered":"<p>Xalq artisi II F\u0259xri xiyabanda d\u0259fn olunub Qoboy ifa\u00e7\u0131s\u0131, Xalq &#8230; <\/p>\n<p class=\"read-more-container\"><a title=\"Kamil C\u0259lilov v\u0259fat edib (Yenil\u0259nib)\" class=\"read-more button\" href=\"https:\/\/www.meydan.tv\/az\/article\/kamil-celilov-vefat-edib\/#more-235403\" aria-label=\"Read more about Kamil C\u0259lilov v\u0259fat edib (Yenil\u0259nib)\">Davam\u0131<\/a><\/p>\n","protected":false},"author":8,"featured_media":235404,"comment_status":"closed","ping_status":"closed","sticky":false,"template":"","format":"standard","meta":{"_acf_changed":false,"_sitemap_exclude":false,"_sitemap_priority":"","_sitemap_frequency":"","footnotes":""},"categories":[52,56],"tags":[],"class_list":["post-235403","post","type-post","status-publish","format-standard","has-post-thumbnail","hentry","category-medeniyyet","category-xeberler","infinite-scroll-item","generate-columns","tablet-grid-50","mobile-grid-100","grid-parent","grid-33","no-featured-image-padding"],"acf":[],"yoast_head":"<!-- This site is optimized with the Yoast SEO plugin v27.4 - https:\/\/yoast.com\/product\/yoast-seo-wordpress\/ -->\n<title>Kamil C\u0259lilov v\u0259fat edib (Yenil\u0259nib) - MEYDAN.TV<\/title>\n<meta name=\"robots\" content=\"index, follow, max-snippet:-1, max-image-preview:large, max-video-preview:-1\" \/>\n<link rel=\"canonical\" href=\"https:\/\/www.meydan.tv\/az\/article\/kamil-celilov-vefat-edib\/\" \/>\n<meta property=\"og:locale\" content=\"az_AZ\" \/>\n<meta property=\"og:type\" content=\"article\" \/>\n<meta property=\"og:title\" content=\"Kamil C\u0259lilov v\u0259fat edib (Yenil\u0259nib) - MEYDAN.TV\" \/>\n<meta property=\"og:description\" content=\"Xalq artisi II F\u0259xri xiyabanda d\u0259fn olunub Qoboy ifa\u00e7\u0131s\u0131, Xalq ... Davam\u0131\" \/>\n<meta property=\"og:url\" content=\"https:\/\/www.meydan.tv\/az\/article\/kamil-celilov-vefat-edib\/\" \/>\n<meta property=\"og:site_name\" content=\"MEYDAN.TV\" \/>\n<meta property=\"article:published_time\" content=\"2022-02-23T10:45:07+00:00\" \/>\n<meta property=\"article:modified_time\" content=\"2022-02-24T11:37:14+00:00\" \/>\n<meta property=\"og:image\" content=\"https:\/\/www.meydan.tv\/wp-content\/uploads\/6215ceb111c7d6215ceb111c7e16455963376215ceb111c786215ceb111c7a.jpg\" \/>\n\t<meta property=\"og:image:width\" content=\"1200\" \/>\n\t<meta property=\"og:image:height\" content=\"800\" \/>\n\t<meta property=\"og:image:type\" content=\"image\/jpeg\" \/>\n<meta name=\"author\" content=\"elli\" \/>\n<meta name=\"twitter:card\" content=\"summary_large_image\" \/>\n<meta name=\"twitter:creator\" content=\"@elli\" \/>\n<script type=\"application\/ld+json\" class=\"yoast-schema-graph\">{\"@context\":\"https:\\\/\\\/schema.org\",\"@graph\":[{\"@type\":\"Article\",\"@id\":\"https:\\\/\\\/www.meydan.tv\\\/az\\\/article\\\/kamil-celilov-vefat-edib\\\/#article\",\"isPartOf\":{\"@id\":\"https:\\\/\\\/www.meydan.tv\\\/az\\\/article\\\/kamil-celilov-vefat-edib\\\/\"},\"author\":{\"name\":\"elli\",\"@id\":\"https:\\\/\\\/www.meydan.tv\\\/az\\\/#\\\/schema\\\/person\\\/9cdbecf90d17180ce1dfbd95b08dcf47\"},\"headline\":\"Kamil C\u0259lilov v\u0259fat edib (Yenil\u0259nib)\",\"datePublished\":\"2022-02-23T10:45:07+00:00\",\"dateModified\":\"2022-02-24T11:37:14+00:00\",\"mainEntityOfPage\":{\"@id\":\"https:\\\/\\\/www.meydan.tv\\\/az\\\/article\\\/kamil-celilov-vefat-edib\\\/\"},\"wordCount\":442,\"publisher\":{\"@id\":\"https:\\\/\\\/www.meydan.tv\\\/az\\\/#organization\"},\"image\":{\"@id\":\"https:\\\/\\\/www.meydan.tv\\\/az\\\/article\\\/kamil-celilov-vefat-edib\\\/#primaryimage\"},\"thumbnailUrl\":\"https:\\\/\\\/www.meydan.tv\\\/wp-content\\\/uploads\\\/6215ceb111c7d6215ceb111c7e16455963376215ceb111c786215ceb111c7a.jpg\",\"articleSection\":[\"M\u0259d\u0259niyy\u0259t\",\"X\u0259b\u0259rl\u0259r\"],\"inLanguage\":\"az\"},{\"@type\":\"WebPage\",\"@id\":\"https:\\\/\\\/www.meydan.tv\\\/az\\\/article\\\/kamil-celilov-vefat-edib\\\/\",\"url\":\"https:\\\/\\\/www.meydan.tv\\\/az\\\/article\\\/kamil-celilov-vefat-edib\\\/\",\"name\":\"Kamil C\u0259lilov v\u0259fat edib (Yenil\u0259nib) - MEYDAN.TV\",\"isPartOf\":{\"@id\":\"https:\\\/\\\/www.meydan.tv\\\/az\\\/#website\"},\"primaryImageOfPage\":{\"@id\":\"https:\\\/\\\/www.meydan.tv\\\/az\\\/article\\\/kamil-celilov-vefat-edib\\\/#primaryimage\"},\"image\":{\"@id\":\"https:\\\/\\\/www.meydan.tv\\\/az\\\/article\\\/kamil-celilov-vefat-edib\\\/#primaryimage\"},\"thumbnailUrl\":\"https:\\\/\\\/www.meydan.tv\\\/wp-content\\\/uploads\\\/6215ceb111c7d6215ceb111c7e16455963376215ceb111c786215ceb111c7a.jpg\",\"datePublished\":\"2022-02-23T10:45:07+00:00\",\"dateModified\":\"2022-02-24T11:37:14+00:00\",\"breadcrumb\":{\"@id\":\"https:\\\/\\\/www.meydan.tv\\\/az\\\/article\\\/kamil-celilov-vefat-edib\\\/#breadcrumb\"},\"inLanguage\":\"az\",\"potentialAction\":[{\"@type\":\"ReadAction\",\"target\":[\"https:\\\/\\\/www.meydan.tv\\\/az\\\/article\\\/kamil-celilov-vefat-edib\\\/\"]}]},{\"@type\":\"ImageObject\",\"inLanguage\":\"az\",\"@id\":\"https:\\\/\\\/www.meydan.tv\\\/az\\\/article\\\/kamil-celilov-vefat-edib\\\/#primaryimage\",\"url\":\"https:\\\/\\\/www.meydan.tv\\\/wp-content\\\/uploads\\\/6215ceb111c7d6215ceb111c7e16455963376215ceb111c786215ceb111c7a.jpg\",\"contentUrl\":\"https:\\\/\\\/www.meydan.tv\\\/wp-content\\\/uploads\\\/6215ceb111c7d6215ceb111c7e16455963376215ceb111c786215ceb111c7a.jpg\",\"width\":1200,\"height\":800,\"caption\":\"Kamil C\u0259lilov. Foto: APA\"},{\"@type\":\"BreadcrumbList\",\"@id\":\"https:\\\/\\\/www.meydan.tv\\\/az\\\/article\\\/kamil-celilov-vefat-edib\\\/#breadcrumb\",\"itemListElement\":[{\"@type\":\"ListItem\",\"position\":1,\"name\":\"Ana s\u0259hif\u0259\",\"item\":\"https:\\\/\\\/www.meydan.tv\\\/az\\\/\"},{\"@type\":\"ListItem\",\"position\":2,\"name\":\"M\u0259d\u0259niyy\u0259t\",\"item\":\"https:\\\/\\\/www.meydan.tv\\\/az\\\/section\\\/medeniyyet\\\/\"},{\"@type\":\"ListItem\",\"position\":3,\"name\":\"Kamil C\u0259lilov v\u0259fat edib (Yenil\u0259nib)\"}]},{\"@type\":\"WebSite\",\"@id\":\"https:\\\/\\\/www.meydan.tv\\\/az\\\/#website\",\"url\":\"https:\\\/\\\/www.meydan.tv\\\/az\\\/\",\"name\":\"MEYDAN.TV\",\"description\":\"Meydan TV Az\u0259rbaycan\u0131n media m\u0259kan\u0131ndak\u0131 alternativ s\u0259sidir\",\"publisher\":{\"@id\":\"https:\\\/\\\/www.meydan.tv\\\/az\\\/#organization\"},\"potentialAction\":[{\"@type\":\"SearchAction\",\"target\":{\"@type\":\"EntryPoint\",\"urlTemplate\":\"https:\\\/\\\/www.meydan.tv\\\/az\\\/?s={search_term_string}\"},\"query-input\":{\"@type\":\"PropertyValueSpecification\",\"valueRequired\":true,\"valueName\":\"search_term_string\"}}],\"inLanguage\":\"az\"},{\"@type\":\"Organization\",\"@id\":\"https:\\\/\\\/www.meydan.tv\\\/az\\\/#organization\",\"name\":\"Meydan TV\",\"url\":\"https:\\\/\\\/www.meydan.tv\\\/az\\\/\",\"logo\":{\"@type\":\"ImageObject\",\"inLanguage\":\"az\",\"@id\":\"https:\\\/\\\/www.meydan.tv\\\/az\\\/#\\\/schema\\\/logo\\\/image\\\/\",\"url\":\"https:\\\/\\\/www.meydan.tv\\\/wp-content\\\/uploads\\\/2021\\\/07\\\/meydan-logo.svg\",\"contentUrl\":\"https:\\\/\\\/www.meydan.tv\\\/wp-content\\\/uploads\\\/2021\\\/07\\\/meydan-logo.svg\",\"width\":195,\"height\":46,\"caption\":\"Meydan TV\"},\"image\":{\"@id\":\"https:\\\/\\\/www.meydan.tv\\\/az\\\/#\\\/schema\\\/logo\\\/image\\\/\"}},{\"@type\":\"Person\",\"@id\":\"https:\\\/\\\/www.meydan.tv\\\/az\\\/#\\\/schema\\\/person\\\/9cdbecf90d17180ce1dfbd95b08dcf47\",\"name\":\"elli\",\"sameAs\":[\"https:\\\/\\\/x.com\\\/elli\"]}]}<\/script>\n<!-- \/ Yoast SEO plugin. -->","yoast_head_json":{"title":"Kamil C\u0259lilov v\u0259fat edib (Yenil\u0259nib) - MEYDAN.TV","robots":{"index":"index","follow":"follow","max-snippet":"max-snippet:-1","max-image-preview":"max-image-preview:large","max-video-preview":"max-video-preview:-1"},"canonical":"https:\/\/www.meydan.tv\/az\/article\/kamil-celilov-vefat-edib\/","og_locale":"az_AZ","og_type":"article","og_title":"Kamil C\u0259lilov v\u0259fat edib (Yenil\u0259nib) - MEYDAN.TV","og_description":"Xalq artisi II F\u0259xri xiyabanda d\u0259fn olunub Qoboy ifa\u00e7\u0131s\u0131, Xalq ... Davam\u0131","og_url":"https:\/\/www.meydan.tv\/az\/article\/kamil-celilov-vefat-edib\/","og_site_name":"MEYDAN.TV","article_published_time":"2022-02-23T10:45:07+00:00","article_modified_time":"2022-02-24T11:37:14+00:00","og_image":[{"width":1200,"height":800,"url":"https:\/\/www.meydan.tv\/wp-content\/uploads\/6215ceb111c7d6215ceb111c7e16455963376215ceb111c786215ceb111c7a.jpg","type":"image\/jpeg"}],"author":"elli","twitter_card":"summary_large_image","twitter_creator":"@elli","schema":{"@context":"https:\/\/schema.org","@graph":[{"@type":"Article","@id":"https:\/\/www.meydan.tv\/az\/article\/kamil-celilov-vefat-edib\/#article","isPartOf":{"@id":"https:\/\/www.meydan.tv\/az\/article\/kamil-celilov-vefat-edib\/"},"author":{"name":"elli","@id":"https:\/\/www.meydan.tv\/az\/#\/schema\/person\/9cdbecf90d17180ce1dfbd95b08dcf47"},"headline":"Kamil C\u0259lilov v\u0259fat edib (Yenil\u0259nib)","datePublished":"2022-02-23T10:45:07+00:00","dateModified":"2022-02-24T11:37:14+00:00","mainEntityOfPage":{"@id":"https:\/\/www.meydan.tv\/az\/article\/kamil-celilov-vefat-edib\/"},"wordCount":442,"publisher":{"@id":"https:\/\/www.meydan.tv\/az\/#organization"},"image":{"@id":"https:\/\/www.meydan.tv\/az\/article\/kamil-celilov-vefat-edib\/#primaryimage"},"thumbnailUrl":"https:\/\/www.meydan.tv\/wp-content\/uploads\/6215ceb111c7d6215ceb111c7e16455963376215ceb111c786215ceb111c7a.jpg","articleSection":["M\u0259d\u0259niyy\u0259t","X\u0259b\u0259rl\u0259r"],"inLanguage":"az"},{"@type":"WebPage","@id":"https:\/\/www.meydan.tv\/az\/article\/kamil-celilov-vefat-edib\/","url":"https:\/\/www.meydan.tv\/az\/article\/kamil-celilov-vefat-edib\/","name":"Kamil C\u0259lilov v\u0259fat edib (Yenil\u0259nib) - MEYDAN.TV","isPartOf":{"@id":"https:\/\/www.meydan.tv\/az\/#website"},"primaryImageOfPage":{"@id":"https:\/\/www.meydan.tv\/az\/article\/kamil-celilov-vefat-edib\/#primaryimage"},"image":{"@id":"https:\/\/www.meydan.tv\/az\/article\/kamil-celilov-vefat-edib\/#primaryimage"},"thumbnailUrl":"https:\/\/www.meydan.tv\/wp-content\/uploads\/6215ceb111c7d6215ceb111c7e16455963376215ceb111c786215ceb111c7a.jpg","datePublished":"2022-02-23T10:45:07+00:00","dateModified":"2022-02-24T11:37:14+00:00","breadcrumb":{"@id":"https:\/\/www.meydan.tv\/az\/article\/kamil-celilov-vefat-edib\/#breadcrumb"},"inLanguage":"az","potentialAction":[{"@type":"ReadAction","target":["https:\/\/www.meydan.tv\/az\/article\/kamil-celilov-vefat-edib\/"]}]},{"@type":"ImageObject","inLanguage":"az","@id":"https:\/\/www.meydan.tv\/az\/article\/kamil-celilov-vefat-edib\/#primaryimage","url":"https:\/\/www.meydan.tv\/wp-content\/uploads\/6215ceb111c7d6215ceb111c7e16455963376215ceb111c786215ceb111c7a.jpg","contentUrl":"https:\/\/www.meydan.tv\/wp-content\/uploads\/6215ceb111c7d6215ceb111c7e16455963376215ceb111c786215ceb111c7a.jpg","width":1200,"height":800,"caption":"Kamil C\u0259lilov. Foto: APA"},{"@type":"BreadcrumbList","@id":"https:\/\/www.meydan.tv\/az\/article\/kamil-celilov-vefat-edib\/#breadcrumb","itemListElement":[{"@type":"ListItem","position":1,"name":"Ana s\u0259hif\u0259","item":"https:\/\/www.meydan.tv\/az\/"},{"@type":"ListItem","position":2,"name":"M\u0259d\u0259niyy\u0259t","item":"https:\/\/www.meydan.tv\/az\/section\/medeniyyet\/"},{"@type":"ListItem","position":3,"name":"Kamil C\u0259lilov v\u0259fat edib (Yenil\u0259nib)"}]},{"@type":"WebSite","@id":"https:\/\/www.meydan.tv\/az\/#website","url":"https:\/\/www.meydan.tv\/az\/","name":"MEYDAN.TV","description":"Meydan TV Az\u0259rbaycan\u0131n media m\u0259kan\u0131ndak\u0131 alternativ s\u0259sidir","publisher":{"@id":"https:\/\/www.meydan.tv\/az\/#organization"},"potentialAction":[{"@type":"SearchAction","target":{"@type":"EntryPoint","urlTemplate":"https:\/\/www.meydan.tv\/az\/?s={search_term_string}"},"query-input":{"@type":"PropertyValueSpecification","valueRequired":true,"valueName":"search_term_string"}}],"inLanguage":"az"},{"@type":"Organization","@id":"https:\/\/www.meydan.tv\/az\/#organization","name":"Meydan TV","url":"https:\/\/www.meydan.tv\/az\/","logo":{"@type":"ImageObject","inLanguage":"az","@id":"https:\/\/www.meydan.tv\/az\/#\/schema\/logo\/image\/","url":"https:\/\/www.meydan.tv\/wp-content\/uploads\/2021\/07\/meydan-logo.svg","contentUrl":"https:\/\/www.meydan.tv\/wp-content\/uploads\/2021\/07\/meydan-logo.svg","width":195,"height":46,"caption":"Meydan TV"},"image":{"@id":"https:\/\/www.meydan.tv\/az\/#\/schema\/logo\/image\/"}},{"@type":"Person","@id":"https:\/\/www.meydan.tv\/az\/#\/schema\/person\/9cdbecf90d17180ce1dfbd95b08dcf47","name":"elli","sameAs":["https:\/\/x.com\/elli"]}]}},"_links":{"self":[{"href":"https:\/\/www.meydan.tv\/az\/wp-json\/wp\/v2\/posts\/235403","targetHints":{"allow":["GET"]}}],"collection":[{"href":"https:\/\/www.meydan.tv\/az\/wp-json\/wp\/v2\/posts"}],"about":[{"href":"https:\/\/www.meydan.tv\/az\/wp-json\/wp\/v2\/types\/post"}],"author":[{"embeddable":true,"href":"https:\/\/www.meydan.tv\/az\/wp-json\/wp\/v2\/users\/8"}],"replies":[{"embeddable":true,"href":"https:\/\/www.meydan.tv\/az\/wp-json\/wp\/v2\/comments?post=235403"}],"version-history":[{"count":3,"href":"https:\/\/www.meydan.tv\/az\/wp-json\/wp\/v2\/posts\/235403\/revisions"}],"predecessor-version":[{"id":235615,"href":"https:\/\/www.meydan.tv\/az\/wp-json\/wp\/v2\/posts\/235403\/revisions\/235615"}],"wp:featuredmedia":[{"embeddable":true,"href":"https:\/\/www.meydan.tv\/az\/wp-json\/wp\/v2\/media\/235404"}],"wp:attachment":[{"href":"https:\/\/www.meydan.tv\/az\/wp-json\/wp\/v2\/media?parent=235403"}],"wp:term":[{"taxonomy":"category","embeddable":true,"href":"https:\/\/www.meydan.tv\/az\/wp-json\/wp\/v2\/categories?post=235403"},{"taxonomy":"post_tag","embeddable":true,"href":"https:\/\/www.meydan.tv\/az\/wp-json\/wp\/v2\/tags?post=235403"}],"curies":[{"name":"wp","href":"https:\/\/api.w.org\/{rel}","templated":true}]}}