{"id":235350,"date":"2022-02-22T19:22:06","date_gmt":"2022-02-22T15:22:06","guid":{"rendered":"https:\/\/www.meydan.tv\/?p=235350"},"modified":"2022-02-22T19:25:07","modified_gmt":"2022-02-22T15:25:07","slug":"boris-conson-putini-ucurumdan-geri-cekilmeye-cagirdi","status":"publish","type":"post","link":"https:\/\/www.meydan.tv\/az\/article\/boris-conson-putini-ucurumdan-geri-cekilmeye-cagirdi\/","title":{"rendered":"Boris Conson Putini &#8220;u\u00e7urum&#8221;dan geri \u00e7\u0259kilm\u0259y\u0259 \u00e7a\u011f\u0131rd\u0131"},"content":{"rendered":"\n<p><em>Britaniya da Rusiyaya sanksiyalar t\u0259tbiq edir<\/em><\/p>\n\n\n\n<p>B\u00f6y\u00fck Britaniya Rusiyan\u0131n 5 bank\u0131na v\u0259 \u00fc\u00e7 z\u0259ngin \u015f\u0259xsin\u0259 sanksiyalar t\u0259tbiq ed\u0259c\u0259k.<\/p>\n\n\n\n<p>Ba\u015f nazir Boris Conson fevral\u0131n 22-d\u0259 parlamentd\u0259 \u00e7\u0131x\u0131\u015f\u0131nda bel\u0259 deyib.<\/p>\n\n\n\n<p>O bildirib ki, Moskva b\u00f6hran\u0131 g\u0259rginl\u0259\u015fdir\u0259rs\u0259, Londonun ona qar\u015f\u0131 maliyy\u0259 silahlar\u0131 var.<\/p>\n\n\n\n<p>Sanksiya t\u0259tbiq edil\u0259n z\u0259nginl\u0259r is\u0259 Gennadi Tim\u00e7enko, Boris Rotenberq v\u0259 \u0130qor <a href=\"https:\/\/www.dw.com\/en\/ukraine-latest-uk-issues-sanctions-on-russian-banks\/a-60868301\">Rotenberqdir<\/a>.<\/p>\n\n\n\n<p>Onlar\u0131n h\u0259r birinin aktivl\u0259ri dondurulacaq, Britaniyaya s\u0259yah\u0259td\u0259n m\u0259hrum edil\u0259c\u0259kl\u0259r.<\/p>\n\n\n\n<p>H\u0259r 3 \u015f\u0259xs\u0259 Birl\u0259\u015fmi\u015f \u015etatlar da sanksiya t\u0259tbiq edib.<\/p>\n\n\n\n<p>Boris Conson Rusiyan\u0131 \u201cbir slavyan \u00f6lk\u0259si\u201d il\u0259 d\u00f6y\u00fc\u015fm\u0259kd\u0259 ittiham edib.<\/p>\n\n\n\n<p>O bildirib ki, Rusiya \u015firk\u0259tl\u0259rinin sterlinq, yaxud dollarla maliyy\u0259 c\u0259lbini dayand\u0131rmaq ist\u0259yirl\u0259r: &#8220;Eyni zamanda, onlar\u0131n Britaniya bazarlar\u0131nda kapital y\u0131\u011fmas\u0131n\u0131 dayand\u0131rma\u011f\u0131, bu \u00f6lk\u0259d\u0259 \u0259mlak sahibliyini gizl\u0259tm\u0259kd\u0259n m\u0259hrum etm\u0259k ist\u0259yirik\u201d, \u2013 Conson deyib.<\/p>\n\n\n\n<p>O h\u0259m\u00e7inin Rusiya lideri Vladimir Putini &#8220;u\u00e7urum&#8221;dan geri \u00e7\u0259kilm\u0259y\u0259 \u00e7a\u011f\u0131r\u0131b.<\/p>\n\n\n\n<p>Sanksiyalar\u0131n t\u0259tbiq edil\u0259c\u0259k 5 Rusiya bank\u0131 is\u0259 &#8211; Rusiya, IS Bank, General Bank, Promsvyazbank v\u0259 Qara D\u0259niz Bank\u0131d\u0131r.<\/p>\n\n\n\n<p>Dig\u0259r t\u0259r\u0259fd\u0259n Almaniya \u201cOst-Ausschuss\u201d \u015e\u0259rq Biznes Assosiasiyas\u0131 Rusiya prezidenti Vladimir Putinl\u0259 martda planla\u015fd\u0131r\u0131lan illik g\u00f6r\u00fc\u015f\u00fcn\u00fc l\u0259\u011fv edib.<\/p>\n\n\n\n<p>T\u0259\u015fkilat\u0131n s\u0259dri Oliver Hermes Rusiyan\u0131n Luqansk v\u0259 Donetskin m\u00fcst\u0259qilliyini tan\u0131mas\u0131n\u0131 pisl\u0259yib.<\/p>\n\n\n\n<p>O h\u0259m\u00e7inin Almaniya h\u00f6kum\u0259tini Rusiya il\u0259 dialoqa a\u00e7\u0131q qalma\u011fa \u00e7a\u011f\u0131r\u0131b. Bel\u0259 bir zamanda Macar\u0131stan Ukrayna il\u0259 s\u0259rh\u0259d\u0259 qo\u015fun toplamaq q\u0259rar\u0131na g\u0259lib.<\/p>\n\n\n\n<p>Macar\u0131stan M\u00fcdafi\u0259 Nazirliyinin fevral\u0131n 22-d\u0259 verdiyi b\u0259yanatda bildirilir ki, Ukrayna il\u0259 s\u0259rh\u0259ddini qorumaq \u00fc\u00e7\u00fcn b\u0259zi t\u0259dbirl\u0259r g\u00f6r\u0259c\u0259k.<\/p>\n\n\n\n<p>&#8220;Macar\u0131stan\u0131n t\u0259hl\u00fck\u0259sizliyi h\u0259r \u015feyd\u0259n \u00f6n\u0259mlidir. Biz Ukrayna-Macar\u0131stan s\u0259rh\u0259dini m\u00f6hk\u0259ml\u0259ndiririk\u201d, &#8211; dey\u0259 a\u00e7\u0131qlamada qeyd edilir.<\/p>\n\n\n\n<p>AB\u015e-\u0131n Ukraynadak\u0131 y\u00fcks\u0259k s\u0259viyy\u0259li diplomat\u0131, Kristina Kvien is\u0259 a\u00e7\u0131qlama ver\u0259r\u0259k bildirib ki, Vladimir Putinin fevral\u0131n 21-d\u0259 etdiyi \u00e7\u0131x\u0131\u015f\u0131 a\u011flabatan deyil: &#8220;Onun Ukrayna v\u0259 Ukrayna xalq\u0131 il\u0259 ba\u011fl\u0131 b\u0259yanatlar\u0131 aldad\u0131c\u0131 idi. Onun \u00fcslubu bir liderin bax\u0131\u015f\u0131n\u0131 \u0259ks etdirmirdi&#8221;.<\/p>\n\n\n\n<p>Dig\u0259r t\u0259r\u0259fd\u0259n Avropa Birliyi \u00f6lk\u0259l\u0259ri d\u0259 m\u00fcmk\u00fcn sanksiya h\u0259d\u0259fl\u0259rini a\u00e7\u0131qlay\u0131b:<\/p>\n\n\n\n<p>\u2022 Donetsk v\u0259 Luqansk\u0131n &#8220;m\u00fcst\u0259qil&#8221; kimi tan\u0131nmas\u0131 q\u0259rar\u0131nda i\u015ftirak ed\u0259nl\u0259r;<br>\u2022 \u015e\u0259rqi Ukraynada Rusiya h\u0259rbi v\u0259 dig\u0259r \u0259m\u0259liyyatlar\u0131n\u0131 maliyy\u0259l\u0259\u015fdir\u0259n banklar;<br>\u2022 Rusiya d\u00f6vl\u0259tinin AB-nin kapital\u0131na v\u0259 maliyy\u0259 bazarlar\u0131na v\u0259 xidm\u0259tl\u0259rin\u0259 \u00e7\u0131x\u0131\u015f\u0131;<br>\u2022 Luqansk v\u0259 Donetskd\u0259n AB-n\u0259 olan ticar\u0259t.<\/p>\n\n\n\n<p>Almaniya kansleri Olaf \u015eolz \u201cNord Stream 2\u201d boru x\u0259ttini (red: boru x\u0259ttil\u0259 Rusiyadan Baltik D\u0259nizinin alt\u0131 il\u0259 Almaniyaya t\u0259bii qaz gedir) <a href=\"https:\/\/www.meydan.tv\/az\/article\/rusiyaya-novbeti-sanksiya-almaniyadan-geldi\/\">dayand\u0131r\u0131r<\/a>.<\/p>\n\n\n\n<p>S\u0259b\u0259b Rusiya-Ukrayna m\u00fcnaqi\u015f\u0259sinin g\u0259rginl\u0259\u015fm\u0259sidir.<\/p>\n\n\n\n<p>\u015eolz h\u0259l\u0259lik qaz k\u0259m\u0259rinin sertifikatla\u015fd\u0131r\u0131lmamas\u0131 \u00fc\u00e7\u00fcn Federal \u0130qtisadiyyat Nazirliyind\u0259n laz\u0131mi inzibati add\u0131mlar\u0131n at\u0131lmas\u0131n\u0131 xahi\u015f edib.<\/p>\n\n\n\n<p>Kansler a\u00e7\u0131q \u015f\u0259kild\u0259 bildirib ki, s\u00f6z\u00fcged\u0259n sertifikatla\u015fd\u0131rma olmadan \u201cNord Stream 2\u201d i\u015f\u0259 d\u00fc\u015f\u0259 bilm\u0259z: \u201cRus qo\u015funlar\u0131n\u0131n Ukraynaya daxil olmas\u0131 beyn\u0259lxalq h\u00fcququn ciddi \u015f\u0259kild\u0259 pozulmas\u0131d\u0131r. Bu m\u0259rh\u0259l\u0259d\u0259 sanksiyalarla prosesin daha da g\u0259rginl\u0259\u015fm\u0259sinin v\u0259 n\u00f6vb\u0259ti f\u0259lak\u0259tl\u0259rin qar\u015f\u0131s\u0131n\u0131 almaq vacibdir. B\u00fct\u00fcn diplomatik s\u0259yl\u0259rimiz buna y\u00f6n\u0259lib\u201d.<\/p>\n\n\n\n<p>Fevral\u0131n 22-d\u0259 Rusiyan\u0131n s\u0259hm bazar\u0131nda azalma qeyd\u0259 al\u0131n\u0131b. RTS indeksind\u0259 9 faiz\u0259d\u0259k azalma var.<\/p>\n\n\n\n<p>M\u00fcharib\u0259nin geni\u015fl\u0259n\u0259c\u0259yi v\u0259 qlobal iqtisadiyyata t\u0259siri sar\u0131dan qorxular Avropa v\u0259 Asiyada \u0259ks\u0259r indeksl\u0259rd\u0259 az\u0131 1 faiz enm\u0259y\u0259 s\u0259b\u0259b olub.<\/p>\n\n\n\n<p>AB\u015e-da da fyu\u00e7ers qiym\u0259tl\u0259ri k\u0259skin d\u00fc\u015f\u00fcb.<\/p>\n\n\n\n<p>Neft is\u0259 bahala\u015f\u0131r. S\u0259b\u0259bl\u0259rd\u0259n biri d\u0259 Q\u0259rbin Moskvan\u0131n enerji sektoruna sanksiya qoyaca\u011f\u0131 t\u0259qdird\u0259 Rusiyadan t\u0259chizat\u0131n k\u0259sil\u0259c\u0259yi ehtimal\u0131d\u0131r.<\/p>\n\n\n\n<p>Bu il 25 faizd\u0259n \u00e7ox bahala\u015fan neft fevral\u0131n 22-d\u0259 daha da qalx\u0131b. Brent nefti 2014-c\u00fc ild\u0259n b\u0259ri ilk d\u0259f\u0259 olaraq 100 dollara yax\u0131nla\u015f\u0131b.<\/p>\n\n\n\n<p>Bu arada, Rusiya Dumas\u0131 qondarma Luqansk v\u0259 Donetsk respublikalar\u0131 il\u0259 dostluq m\u00fcqavil\u0259l\u0259rini ratifikasiya edib.<\/p>\n\n\n\n<p>Fevral\u0131n 21-d\u0259 ax\u015fam saatlar\u0131nda Rusiya Prezidenti Vladimir Putin separat\u00e7\u0131lar\u0131n n\u0259zar\u0259tind\u0259 olan \u201cDonetsk Xalq Respublikas\u0131\u201d (\u201cDXR\u201d) v\u0259 \u201cLuqansk Xalq Respublikas\u0131\u201d (\u201cLXR\u201d) adl\u0131 qurumlar\u0131 <a href=\"https:\/\/www.meydan.tv\/az\/article\/putin-donetsk-ve-luqansk-respublikalarinin-musteqilliyini-tanidi\/\">tan\u0131y\u0131b<\/a>, h\u0259min \u0259razil\u0259r\u0259 ordu yeridib.<\/p>\n\n\n\n<p>Putin \u00e7\u0131x\u0131\u015f\u0131nda bildirib ki, NATO t\u0259hl\u00fck\u0259sizlik raz\u0131la\u015fmalar\u0131 v\u0259 qarantiyalar\u0131na \u0259m\u0259l etmir.<\/p>\n\n\n\n<p>\u201cDXR\u201d v\u0259 \u201cLXR\u201d Donetsk v\u0259 Luqansk vilay\u0259tl\u0259rinin \u00fc\u00e7d\u0259 birini tutur.<\/p>\n\n\n\n<p>Q\u0259rb Rusiyan\u0131n Donetsk v\u0259 Luqansk\u0131 tam n\u0259zar\u0259t\u0259 alaca\u011f\u0131ndan ehtiyat edir. Odur ki, aylard\u0131r Rusiya Federasiyas\u0131na bu ba\u015f ver\u0259c\u0259yi t\u0259qdird\u0259, sanksiyalar t\u0259tbiq edil\u0259c\u0259yini bildirirdil\u0259r.<\/p>\n","protected":false},"excerpt":{"rendered":"<p>Britaniya da Rusiyaya sanksiyalar t\u0259tbiq edir B\u00f6y\u00fck Britaniya Rusiyan\u0131n 5 &#8230; <\/p>\n<p class=\"read-more-container\"><a title=\"Boris Conson Putini &#8220;u\u00e7urum&#8221;dan geri \u00e7\u0259kilm\u0259y\u0259 \u00e7a\u011f\u0131rd\u0131\" class=\"read-more button\" href=\"https:\/\/www.meydan.tv\/az\/article\/boris-conson-putini-ucurumdan-geri-cekilmeye-cagirdi\/#more-235350\" aria-label=\"Read more about Boris Conson Putini &#8220;u\u00e7urum&#8221;dan geri \u00e7\u0259kilm\u0259y\u0259 \u00e7a\u011f\u0131rd\u0131\">Davam\u0131<\/a><\/p>\n","protected":false},"author":12,"featured_media":235263,"comment_status":"closed","ping_status":"closed","sticky":false,"template":"","format":"standard","meta":{"_acf_changed":false,"_sitemap_exclude":false,"_sitemap_priority":"","_sitemap_frequency":"","footnotes":""},"categories":[64,59,56],"tags":[],"class_list":["post-235350","post","type-post","status-publish","format-standard","has-post-thumbnail","hentry","category-dunya","category-siyaset","category-xeberler","infinite-scroll-item","generate-columns","tablet-grid-50","mobile-grid-100","grid-parent","grid-33","no-featured-image-padding"],"acf":[],"yoast_head":"<!-- This site is optimized with the Yoast SEO plugin v27.5 - https:\/\/yoast.com\/product\/yoast-seo-wordpress\/ -->\n<title>Boris Conson Putini &quot;u\u00e7urum&quot;dan geri \u00e7\u0259kilm\u0259y\u0259 \u00e7a\u011f\u0131rd\u0131 - MEYDAN.TV<\/title>\n<meta name=\"robots\" content=\"index, follow, max-snippet:-1, max-image-preview:large, max-video-preview:-1\" \/>\n<link rel=\"canonical\" href=\"https:\/\/www.meydan.tv\/az\/article\/boris-conson-putini-ucurumdan-geri-cekilmeye-cagirdi\/\" \/>\n<meta property=\"og:locale\" content=\"az_AZ\" \/>\n<meta property=\"og:type\" content=\"article\" \/>\n<meta property=\"og:title\" content=\"Boris Conson Putini &quot;u\u00e7urum&quot;dan geri \u00e7\u0259kilm\u0259y\u0259 \u00e7a\u011f\u0131rd\u0131 - MEYDAN.TV\" \/>\n<meta property=\"og:description\" content=\"Britaniya da Rusiyaya sanksiyalar t\u0259tbiq edir B\u00f6y\u00fck Britaniya Rusiyan\u0131n 5 ... Davam\u0131\" \/>\n<meta property=\"og:url\" content=\"https:\/\/www.meydan.tv\/az\/article\/boris-conson-putini-ucurumdan-geri-cekilmeye-cagirdi\/\" \/>\n<meta property=\"og:site_name\" content=\"MEYDAN.TV\" \/>\n<meta property=\"article:published_time\" content=\"2022-02-22T15:22:06+00:00\" \/>\n<meta property=\"article:modified_time\" content=\"2022-02-22T15:25:07+00:00\" \/>\n<meta property=\"og:image\" content=\"https:\/\/www.meydan.tv\/wp-content\/uploads\/2022-02-22t112121z_1_lynxmpei1l0go_rtroptp_4_ukraine-crisis-russia-flights.jpg\" \/>\n\t<meta property=\"og:image:width\" content=\"1200\" \/>\n\t<meta property=\"og:image:height\" content=\"754\" \/>\n\t<meta property=\"og:image:type\" content=\"image\/jpeg\" \/>\n<meta name=\"author\" content=\"aleks\" \/>\n<meta name=\"twitter:card\" content=\"summary_large_image\" \/>\n<script type=\"application\/ld+json\" class=\"yoast-schema-graph\">{\"@context\":\"https:\\\/\\\/schema.org\",\"@graph\":[{\"@type\":\"Article\",\"@id\":\"https:\\\/\\\/www.meydan.tv\\\/az\\\/article\\\/boris-conson-putini-ucurumdan-geri-cekilmeye-cagirdi\\\/#article\",\"isPartOf\":{\"@id\":\"https:\\\/\\\/www.meydan.tv\\\/az\\\/article\\\/boris-conson-putini-ucurumdan-geri-cekilmeye-cagirdi\\\/\"},\"author\":{\"name\":\"aleks\",\"@id\":\"https:\\\/\\\/www.meydan.tv\\\/az\\\/#\\\/schema\\\/person\\\/476e9360e593fa131d5d71d51866f8da\"},\"headline\":\"Boris Conson Putini &#8220;u\u00e7urum&#8221;dan geri \u00e7\u0259kilm\u0259y\u0259 \u00e7a\u011f\u0131rd\u0131\",\"datePublished\":\"2022-02-22T15:22:06+00:00\",\"dateModified\":\"2022-02-22T15:25:07+00:00\",\"mainEntityOfPage\":{\"@id\":\"https:\\\/\\\/www.meydan.tv\\\/az\\\/article\\\/boris-conson-putini-ucurumdan-geri-cekilmeye-cagirdi\\\/\"},\"wordCount\":877,\"publisher\":{\"@id\":\"https:\\\/\\\/www.meydan.tv\\\/az\\\/#organization\"},\"image\":{\"@id\":\"https:\\\/\\\/www.meydan.tv\\\/az\\\/article\\\/boris-conson-putini-ucurumdan-geri-cekilmeye-cagirdi\\\/#primaryimage\"},\"thumbnailUrl\":\"https:\\\/\\\/www.meydan.tv\\\/wp-content\\\/uploads\\\/2022-02-22t112121z_1_lynxmpei1l0go_rtroptp_4_ukraine-crisis-russia-flights.jpg\",\"articleSection\":[\"D\u00fcnya\",\"Siyas\u0259t\",\"X\u0259b\u0259rl\u0259r\"],\"inLanguage\":\"az\"},{\"@type\":\"WebPage\",\"@id\":\"https:\\\/\\\/www.meydan.tv\\\/az\\\/article\\\/boris-conson-putini-ucurumdan-geri-cekilmeye-cagirdi\\\/\",\"url\":\"https:\\\/\\\/www.meydan.tv\\\/az\\\/article\\\/boris-conson-putini-ucurumdan-geri-cekilmeye-cagirdi\\\/\",\"name\":\"Boris Conson Putini \\\"u\u00e7urum\\\"dan geri \u00e7\u0259kilm\u0259y\u0259 \u00e7a\u011f\u0131rd\u0131 - MEYDAN.TV\",\"isPartOf\":{\"@id\":\"https:\\\/\\\/www.meydan.tv\\\/az\\\/#website\"},\"primaryImageOfPage\":{\"@id\":\"https:\\\/\\\/www.meydan.tv\\\/az\\\/article\\\/boris-conson-putini-ucurumdan-geri-cekilmeye-cagirdi\\\/#primaryimage\"},\"image\":{\"@id\":\"https:\\\/\\\/www.meydan.tv\\\/az\\\/article\\\/boris-conson-putini-ucurumdan-geri-cekilmeye-cagirdi\\\/#primaryimage\"},\"thumbnailUrl\":\"https:\\\/\\\/www.meydan.tv\\\/wp-content\\\/uploads\\\/2022-02-22t112121z_1_lynxmpei1l0go_rtroptp_4_ukraine-crisis-russia-flights.jpg\",\"datePublished\":\"2022-02-22T15:22:06+00:00\",\"dateModified\":\"2022-02-22T15:25:07+00:00\",\"breadcrumb\":{\"@id\":\"https:\\\/\\\/www.meydan.tv\\\/az\\\/article\\\/boris-conson-putini-ucurumdan-geri-cekilmeye-cagirdi\\\/#breadcrumb\"},\"inLanguage\":\"az\",\"potentialAction\":[{\"@type\":\"ReadAction\",\"target\":[\"https:\\\/\\\/www.meydan.tv\\\/az\\\/article\\\/boris-conson-putini-ucurumdan-geri-cekilmeye-cagirdi\\\/\"]}]},{\"@type\":\"ImageObject\",\"inLanguage\":\"az\",\"@id\":\"https:\\\/\\\/www.meydan.tv\\\/az\\\/article\\\/boris-conson-putini-ucurumdan-geri-cekilmeye-cagirdi\\\/#primaryimage\",\"url\":\"https:\\\/\\\/www.meydan.tv\\\/wp-content\\\/uploads\\\/2022-02-22t112121z_1_lynxmpei1l0go_rtroptp_4_ukraine-crisis-russia-flights.jpg\",\"contentUrl\":\"https:\\\/\\\/www.meydan.tv\\\/wp-content\\\/uploads\\\/2022-02-22t112121z_1_lynxmpei1l0go_rtroptp_4_ukraine-crisis-russia-flights.jpg\",\"width\":1200,\"height\":754,\"caption\":\"Rusiya, M\u0259nb\u0259: Reuters\"},{\"@type\":\"BreadcrumbList\",\"@id\":\"https:\\\/\\\/www.meydan.tv\\\/az\\\/article\\\/boris-conson-putini-ucurumdan-geri-cekilmeye-cagirdi\\\/#breadcrumb\",\"itemListElement\":[{\"@type\":\"ListItem\",\"position\":1,\"name\":\"Ana s\u0259hif\u0259\",\"item\":\"https:\\\/\\\/www.meydan.tv\\\/az\\\/\"},{\"@type\":\"ListItem\",\"position\":2,\"name\":\"D\u00fcnya\",\"item\":\"https:\\\/\\\/www.meydan.tv\\\/az\\\/section\\\/dunya\\\/\"},{\"@type\":\"ListItem\",\"position\":3,\"name\":\"Boris Conson Putini &#8220;u\u00e7urum&#8221;dan geri \u00e7\u0259kilm\u0259y\u0259 \u00e7a\u011f\u0131rd\u0131\"}]},{\"@type\":\"WebSite\",\"@id\":\"https:\\\/\\\/www.meydan.tv\\\/az\\\/#website\",\"url\":\"https:\\\/\\\/www.meydan.tv\\\/az\\\/\",\"name\":\"MEYDAN.TV\",\"description\":\"Meydan TV Az\u0259rbaycan\u0131n media m\u0259kan\u0131ndak\u0131 alternativ s\u0259sidir\",\"publisher\":{\"@id\":\"https:\\\/\\\/www.meydan.tv\\\/az\\\/#organization\"},\"potentialAction\":[{\"@type\":\"SearchAction\",\"target\":{\"@type\":\"EntryPoint\",\"urlTemplate\":\"https:\\\/\\\/www.meydan.tv\\\/az\\\/?s={search_term_string}\"},\"query-input\":{\"@type\":\"PropertyValueSpecification\",\"valueRequired\":true,\"valueName\":\"search_term_string\"}}],\"inLanguage\":\"az\"},{\"@type\":\"Organization\",\"@id\":\"https:\\\/\\\/www.meydan.tv\\\/az\\\/#organization\",\"name\":\"Meydan TV\",\"url\":\"https:\\\/\\\/www.meydan.tv\\\/az\\\/\",\"logo\":{\"@type\":\"ImageObject\",\"inLanguage\":\"az\",\"@id\":\"https:\\\/\\\/www.meydan.tv\\\/az\\\/#\\\/schema\\\/logo\\\/image\\\/\",\"url\":\"https:\\\/\\\/www.meydan.tv\\\/wp-content\\\/uploads\\\/2021\\\/07\\\/meydan-logo.svg\",\"contentUrl\":\"https:\\\/\\\/www.meydan.tv\\\/wp-content\\\/uploads\\\/2021\\\/07\\\/meydan-logo.svg\",\"width\":195,\"height\":46,\"caption\":\"Meydan TV\"},\"image\":{\"@id\":\"https:\\\/\\\/www.meydan.tv\\\/az\\\/#\\\/schema\\\/logo\\\/image\\\/\"}},{\"@type\":\"Person\",\"@id\":\"https:\\\/\\\/www.meydan.tv\\\/az\\\/#\\\/schema\\\/person\\\/476e9360e593fa131d5d71d51866f8da\",\"name\":\"aleks\"}]}<\/script>\n<!-- \/ Yoast SEO plugin. -->","yoast_head_json":{"title":"Boris Conson Putini \"u\u00e7urum\"dan geri \u00e7\u0259kilm\u0259y\u0259 \u00e7a\u011f\u0131rd\u0131 - MEYDAN.TV","robots":{"index":"index","follow":"follow","max-snippet":"max-snippet:-1","max-image-preview":"max-image-preview:large","max-video-preview":"max-video-preview:-1"},"canonical":"https:\/\/www.meydan.tv\/az\/article\/boris-conson-putini-ucurumdan-geri-cekilmeye-cagirdi\/","og_locale":"az_AZ","og_type":"article","og_title":"Boris Conson Putini \"u\u00e7urum\"dan geri \u00e7\u0259kilm\u0259y\u0259 \u00e7a\u011f\u0131rd\u0131 - MEYDAN.TV","og_description":"Britaniya da Rusiyaya sanksiyalar t\u0259tbiq edir B\u00f6y\u00fck Britaniya Rusiyan\u0131n 5 ... Davam\u0131","og_url":"https:\/\/www.meydan.tv\/az\/article\/boris-conson-putini-ucurumdan-geri-cekilmeye-cagirdi\/","og_site_name":"MEYDAN.TV","article_published_time":"2022-02-22T15:22:06+00:00","article_modified_time":"2022-02-22T15:25:07+00:00","og_image":[{"width":1200,"height":754,"url":"https:\/\/www.meydan.tv\/wp-content\/uploads\/2022-02-22t112121z_1_lynxmpei1l0go_rtroptp_4_ukraine-crisis-russia-flights.jpg","type":"image\/jpeg"}],"author":"aleks","twitter_card":"summary_large_image","schema":{"@context":"https:\/\/schema.org","@graph":[{"@type":"Article","@id":"https:\/\/www.meydan.tv\/az\/article\/boris-conson-putini-ucurumdan-geri-cekilmeye-cagirdi\/#article","isPartOf":{"@id":"https:\/\/www.meydan.tv\/az\/article\/boris-conson-putini-ucurumdan-geri-cekilmeye-cagirdi\/"},"author":{"name":"aleks","@id":"https:\/\/www.meydan.tv\/az\/#\/schema\/person\/476e9360e593fa131d5d71d51866f8da"},"headline":"Boris Conson Putini &#8220;u\u00e7urum&#8221;dan geri \u00e7\u0259kilm\u0259y\u0259 \u00e7a\u011f\u0131rd\u0131","datePublished":"2022-02-22T15:22:06+00:00","dateModified":"2022-02-22T15:25:07+00:00","mainEntityOfPage":{"@id":"https:\/\/www.meydan.tv\/az\/article\/boris-conson-putini-ucurumdan-geri-cekilmeye-cagirdi\/"},"wordCount":877,"publisher":{"@id":"https:\/\/www.meydan.tv\/az\/#organization"},"image":{"@id":"https:\/\/www.meydan.tv\/az\/article\/boris-conson-putini-ucurumdan-geri-cekilmeye-cagirdi\/#primaryimage"},"thumbnailUrl":"https:\/\/www.meydan.tv\/wp-content\/uploads\/2022-02-22t112121z_1_lynxmpei1l0go_rtroptp_4_ukraine-crisis-russia-flights.jpg","articleSection":["D\u00fcnya","Siyas\u0259t","X\u0259b\u0259rl\u0259r"],"inLanguage":"az"},{"@type":"WebPage","@id":"https:\/\/www.meydan.tv\/az\/article\/boris-conson-putini-ucurumdan-geri-cekilmeye-cagirdi\/","url":"https:\/\/www.meydan.tv\/az\/article\/boris-conson-putini-ucurumdan-geri-cekilmeye-cagirdi\/","name":"Boris Conson Putini \"u\u00e7urum\"dan geri \u00e7\u0259kilm\u0259y\u0259 \u00e7a\u011f\u0131rd\u0131 - MEYDAN.TV","isPartOf":{"@id":"https:\/\/www.meydan.tv\/az\/#website"},"primaryImageOfPage":{"@id":"https:\/\/www.meydan.tv\/az\/article\/boris-conson-putini-ucurumdan-geri-cekilmeye-cagirdi\/#primaryimage"},"image":{"@id":"https:\/\/www.meydan.tv\/az\/article\/boris-conson-putini-ucurumdan-geri-cekilmeye-cagirdi\/#primaryimage"},"thumbnailUrl":"https:\/\/www.meydan.tv\/wp-content\/uploads\/2022-02-22t112121z_1_lynxmpei1l0go_rtroptp_4_ukraine-crisis-russia-flights.jpg","datePublished":"2022-02-22T15:22:06+00:00","dateModified":"2022-02-22T15:25:07+00:00","breadcrumb":{"@id":"https:\/\/www.meydan.tv\/az\/article\/boris-conson-putini-ucurumdan-geri-cekilmeye-cagirdi\/#breadcrumb"},"inLanguage":"az","potentialAction":[{"@type":"ReadAction","target":["https:\/\/www.meydan.tv\/az\/article\/boris-conson-putini-ucurumdan-geri-cekilmeye-cagirdi\/"]}]},{"@type":"ImageObject","inLanguage":"az","@id":"https:\/\/www.meydan.tv\/az\/article\/boris-conson-putini-ucurumdan-geri-cekilmeye-cagirdi\/#primaryimage","url":"https:\/\/www.meydan.tv\/wp-content\/uploads\/2022-02-22t112121z_1_lynxmpei1l0go_rtroptp_4_ukraine-crisis-russia-flights.jpg","contentUrl":"https:\/\/www.meydan.tv\/wp-content\/uploads\/2022-02-22t112121z_1_lynxmpei1l0go_rtroptp_4_ukraine-crisis-russia-flights.jpg","width":1200,"height":754,"caption":"Rusiya, M\u0259nb\u0259: Reuters"},{"@type":"BreadcrumbList","@id":"https:\/\/www.meydan.tv\/az\/article\/boris-conson-putini-ucurumdan-geri-cekilmeye-cagirdi\/#breadcrumb","itemListElement":[{"@type":"ListItem","position":1,"name":"Ana s\u0259hif\u0259","item":"https:\/\/www.meydan.tv\/az\/"},{"@type":"ListItem","position":2,"name":"D\u00fcnya","item":"https:\/\/www.meydan.tv\/az\/section\/dunya\/"},{"@type":"ListItem","position":3,"name":"Boris Conson Putini &#8220;u\u00e7urum&#8221;dan geri \u00e7\u0259kilm\u0259y\u0259 \u00e7a\u011f\u0131rd\u0131"}]},{"@type":"WebSite","@id":"https:\/\/www.meydan.tv\/az\/#website","url":"https:\/\/www.meydan.tv\/az\/","name":"MEYDAN.TV","description":"Meydan TV Az\u0259rbaycan\u0131n media m\u0259kan\u0131ndak\u0131 alternativ s\u0259sidir","publisher":{"@id":"https:\/\/www.meydan.tv\/az\/#organization"},"potentialAction":[{"@type":"SearchAction","target":{"@type":"EntryPoint","urlTemplate":"https:\/\/www.meydan.tv\/az\/?s={search_term_string}"},"query-input":{"@type":"PropertyValueSpecification","valueRequired":true,"valueName":"search_term_string"}}],"inLanguage":"az"},{"@type":"Organization","@id":"https:\/\/www.meydan.tv\/az\/#organization","name":"Meydan TV","url":"https:\/\/www.meydan.tv\/az\/","logo":{"@type":"ImageObject","inLanguage":"az","@id":"https:\/\/www.meydan.tv\/az\/#\/schema\/logo\/image\/","url":"https:\/\/www.meydan.tv\/wp-content\/uploads\/2021\/07\/meydan-logo.svg","contentUrl":"https:\/\/www.meydan.tv\/wp-content\/uploads\/2021\/07\/meydan-logo.svg","width":195,"height":46,"caption":"Meydan TV"},"image":{"@id":"https:\/\/www.meydan.tv\/az\/#\/schema\/logo\/image\/"}},{"@type":"Person","@id":"https:\/\/www.meydan.tv\/az\/#\/schema\/person\/476e9360e593fa131d5d71d51866f8da","name":"aleks"}]}},"_links":{"self":[{"href":"https:\/\/www.meydan.tv\/az\/wp-json\/wp\/v2\/posts\/235350","targetHints":{"allow":["GET"]}}],"collection":[{"href":"https:\/\/www.meydan.tv\/az\/wp-json\/wp\/v2\/posts"}],"about":[{"href":"https:\/\/www.meydan.tv\/az\/wp-json\/wp\/v2\/types\/post"}],"author":[{"embeddable":true,"href":"https:\/\/www.meydan.tv\/az\/wp-json\/wp\/v2\/users\/12"}],"replies":[{"embeddable":true,"href":"https:\/\/www.meydan.tv\/az\/wp-json\/wp\/v2\/comments?post=235350"}],"version-history":[{"count":2,"href":"https:\/\/www.meydan.tv\/az\/wp-json\/wp\/v2\/posts\/235350\/revisions"}],"predecessor-version":[{"id":235352,"href":"https:\/\/www.meydan.tv\/az\/wp-json\/wp\/v2\/posts\/235350\/revisions\/235352"}],"wp:featuredmedia":[{"embeddable":true,"href":"https:\/\/www.meydan.tv\/az\/wp-json\/wp\/v2\/media\/235263"}],"wp:attachment":[{"href":"https:\/\/www.meydan.tv\/az\/wp-json\/wp\/v2\/media?parent=235350"}],"wp:term":[{"taxonomy":"category","embeddable":true,"href":"https:\/\/www.meydan.tv\/az\/wp-json\/wp\/v2\/categories?post=235350"},{"taxonomy":"post_tag","embeddable":true,"href":"https:\/\/www.meydan.tv\/az\/wp-json\/wp\/v2\/tags?post=235350"}],"curies":[{"name":"wp","href":"https:\/\/api.w.org\/{rel}","templated":true}]}}