{"id":235295,"date":"2022-02-22T17:07:53","date_gmt":"2022-02-22T13:07:53","guid":{"rendered":"https:\/\/www.meydan.tv\/?p=235295"},"modified":"2022-02-22T17:07:54","modified_gmt":"2022-02-22T13:07:54","slug":"rusiyaya-novbeti-sanksiya-almaniyadan-geldi","status":"publish","type":"post","link":"https:\/\/www.meydan.tv\/az\/article\/rusiyaya-novbeti-sanksiya-almaniyadan-geldi\/","title":{"rendered":"Rusiyaya n\u00f6vb\u0259ti sanksiya Almaniyadan g\u0259ldi"},"content":{"rendered":"\n<p><em>\u201cNord Stream 2\u201d boru x\u0259tti dayand\u0131r\u0131l\u0131r<\/em><\/p>\n\n\n\n<p>Almaniya kansleri Olaf \u015eolz \u201cNord Stream 2\u201d boru x\u0259ttini (red: boru x\u0259ttil\u0259 Rusiyadan Baltik D\u0259nizinin alt\u0131 il\u0259 Almaniyaya t\u0259bii qaz gedir) dayand\u0131r\u0131r.<\/p>\n\n\n\n<p>Alman <a href=\"https:\/\/m.bild.de\/politik\/2022\/politik\/nord-stream-2-hammer-scholz-stoppt-putin-pipeline-79236090.bildMobile.html? fbclid=IwAR0uRBjk5hwdspOiTRw4OLlRqyMwTy7iCDkx86M0bYNdPSe0Lx3ZOJv8lf0#%23%23wt_ref=http%3A%2F%2Fm.facebook.com%2F&amp;wt_t=1645528172295\" target=\"_blank\" rel=\"noreferrer noopener\">medias\u0131<\/a> yaz\u0131r ki, buna s\u0259b\u0259b Rusiya-Ukrayna m\u00fcnaqi\u015f\u0259sinin g\u0259rginl\u0259\u015fm\u0259sidir.<\/p>\n\n\n\n<p>\u015eolz h\u0259l\u0259lik qaz k\u0259m\u0259rinin sertifikatla\u015fd\u0131r\u0131lmamas\u0131 \u00fc\u00e7\u00fcn Federal \u0130qtisadiyyat Nazirliyind\u0259n laz\u0131mi inzibati add\u0131mlar\u0131n at\u0131lmas\u0131n\u0131 xahi\u015f edib.<\/p>\n\n\n\n<p>Kansler a\u00e7\u0131q \u015f\u0259kild\u0259 bildirib ki, s\u00f6z\u00fcged\u0259n sertifikatla\u015fd\u0131rma olmadan \u201cNord Stream 2\u201d i\u015f\u0259 d\u00fc\u015f\u0259 bilm\u0259z: \u201cRus qo\u015funlar\u0131n\u0131n Ukraynaya daxil olmas\u0131 beyn\u0259lxalq h\u00fcququn ciddi \u015f\u0259kild\u0259 pozulmas\u0131d\u0131r. Bu m\u0259rh\u0259l\u0259d\u0259 sanksiyalarla prosesin daha da g\u0259rginl\u0259\u015fm\u0259sinin v\u0259 n\u00f6vb\u0259ti f\u0259lak\u0259tl\u0259rin qar\u015f\u0131s\u0131n\u0131 almaq vacibdir. B\u00fct\u00fcn diplomatik s\u0259yl\u0259rimiz buna y\u00f6n\u0259lib\u201d.<\/p>\n\n\n\n<p>Fevral\u0131n 21-d\u0259 ax\u015fam saatlar\u0131nda Rusiya Prezidenti Vladimir Putin separat\u00e7\u0131lar\u0131n n\u0259zar\u0259tind\u0259 olan \u201cDonetsk Xalq Respublikas\u0131\u201d (\u201cDXR\u201d) v\u0259 \u201cLuqansk Xalq Respublikas\u0131\u201d (\u201cLXR\u201d) adl\u0131 qurumlar\u0131 <a href=\"https:\/\/www.meydan.tv\/az\/article\/putin-donetsk-ve-luqansk-respublikalarinin-musteqilliyini-tanidi\/\" target=\"_blank\" rel=\"noreferrer noopener\">tan\u0131y\u0131b<\/a>, h\u0259min \u0259razil\u0259r\u0259 ordu yeridib.<\/p>\n\n\n\n<p>Putin \u00e7\u0131x\u0131\u015f\u0131nda bildirib ki, NATO t\u0259hl\u00fck\u0259sizlik raz\u0131la\u015fmalar\u0131 v\u0259 qarantiyalar\u0131na \u0259m\u0259l etmir.<\/p>\n\n\n\n<p>Rusiyadan Baltik d\u0259nizi il\u0259 Almaniyaya \u00e7\u0259kil\u0259n 1230 kilometrlik qo\u015fa x\u0259ttin tikintisi ba\u015fa \u00e7atsa da, boru k\u0259m\u0259rind\u0259n h\u0259l\u0259 d\u0259 t\u0259bii qaz ke\u00e7m\u0259yib.<\/p>\n\n\n\n<p>H\u0259l\u0259 yanvarda Almaniyan\u0131n xarici i\u015fl\u0259r naziri Annalena Baerbock Rusiyaya n\u00f6vb\u0259ti d\u0259f\u0259 x\u0259b\u0259rdarl\u0131q <a href=\"https:\/\/www.meydan.tv\/az\/article\/avropa-rusiya-qazina-sanksiya-tetbiq-ederse\/\" target=\"_blank\" rel=\"noreferrer noopener\">ed\u0259r\u0259k<\/a> bildirmi\u015fdi ki, Ukraynaya n\u00f6vb\u0259ti h\u00fccum q\u0259buledilm\u0259z olar: \u201cBaxmayaraq ki, \u00f6lk\u0259m h\u0259r zaman dan\u0131\u015f\u0131qlara \u00fcst\u00fcnl\u00fck verir. Ancaq h\u00fccumla ba\u011fl\u0131 eyni \u015feyi dey\u0259 bilm\u0259y\u0259c\u0259y\u0259m. \u018fg\u0259r Rusiya Ukraynaya h\u00fccum ets\u0259, s\u0259rt qar\u015f\u0131l\u0131q g\u00f6r\u0259c\u0259k\u201d.<\/p>\n\n\n\n<figure class=\"wp-block-image size-full\"><img decoding=\"async\" width=\"1200\" height=\"579\" data-src=\"https:\/\/www.meydan.tv\/wp-content\/uploads\/shutterstock_2001825908-e1643372360287.jpg\" alt=\"\" class=\"wp-image-233122 lazyload\" src=\"data:image\/svg+xml;base64,PHN2ZyB3aWR0aD0iMSIgaGVpZ2h0PSIxIiB4bWxucz0iaHR0cDovL3d3dy53My5vcmcvMjAwMC9zdmciPjwvc3ZnPg==\" style=\"--smush-placeholder-width: 1200px; --smush-placeholder-aspect-ratio: 1200\/579;\" \/><figcaption>&#8220;Nord Stream 2&#8221; boru k\u0259m\u0259ri, Frame Stock Footage\/shutterstock<\/figcaption><\/figure>\n\n\n\n<p>Nazir demi\u015fdi ki, bel\u0259 bir h\u00fccum qar\u015f\u0131s\u0131nda \u201cNord Stream 2\u201d boru x\u0259tti d\u0259 daxil olmaqla geni\u015f\u00e7e\u015fidli m\u00fcxt\u0259lif cavab variantlar\u0131 var.<\/p>\n\n\n\n<p>H\u0259min d\u00f6vrd\u0259 iqtisad\u00e7\u0131 ekspertl\u0259r Almaniyan\u0131n bu a\u00e7\u0131qlaman\u0131 sad\u0259c\u0259 g\u00f6z qorxutmaq \u00fc\u00e7\u00fcn etdiyini, bel\u0259 bir hal\u0131n ba\u015f verm\u0259sinin m\u00fcmk\u00fcns\u00fczl\u00fcy\u00fcn\u00fc bildirmi\u015fdil\u0259r. H\u0259l\u0259 \u201cReuters\u201d 2018-ci ild\u0259 Almaniya kansleri Angela Merkelin X\u0259z\u0259r d\u0259nizind\u0259n \u00e7\u0131xar\u0131lan qaz\u0131n Avropaya \u00e7atd\u0131r\u0131lmas\u0131 \u00fc\u00e7\u00fcn Az\u0259rbaycana s\u0259f\u0259ri bar\u0259d\u0259 yaz\u0131rd\u0131.<\/p>\n\n\n\n<p>M\u0259qal\u0259d\u0259 bildirilirdi ki, Merkelin s\u0259f\u0259rinin m\u0259qs\u0259di c\u0259nub boru k\u0259m\u0259rinin i\u015fl\u0259nm\u0259sini m\u00fczakir\u0259 etm\u0259kdir.<\/p>\n\n\n\n<p>Sayt qeyd edirdi ki, bu s\u0259f\u0259r Merkelin t\u0259bii qaz\u0131 birba\u015fa Rusiyadan Baltik D\u0259nizinin alt\u0131ndan Almanyaya da\u015f\u0131yacaq \u201cNord Stream 2\u201d boru x\u0259ttin\u0259 sadiq qalsa da, alternativ, uy\u011fun qiym\u0259t\u0259 qaz qaynaqlar\u0131 tapma\u011fa a\u00e7\u0131q oldu\u011funu g\u00f6st\u0259rir.<\/p>\n\n\n\n<p>H\u0259min vaxt sayta a\u00e7\u0131qlamas\u0131nda Almaniya h\u00f6kum\u0259tinin y\u00fcks\u0259k r\u00fctb\u0259li r\u0259smisi d\u0259 bildirmi\u015fdi ki, C\u0259nub D\u0259hlizinin inki\u015faf\u0131 onlar\u0131n mara\u011f\u0131ndad\u0131r: \u201cBu, A\u0130-nin qaz\u0131n t\u0259kc\u0259 Rusiyadan deyil, dig\u0259r b\u00f6lg\u0259l\u0259rd\u0259n d\u0259 Avropaya \u00e7atd\u0131r\u0131lmas\u0131 \u00fczr\u0259 diversifikasiya strategiyas\u0131n\u0131n bir hiss\u0259sidir\u201d.<\/p>\n\n\n\n<p>\u201cDXR\u201d v\u0259 \u201cLXR\u201d Donetsk v\u0259 Luqansk vilay\u0259tl\u0259rinin \u00fc\u00e7d\u0259 birini tutur. Q\u0259rb Rusiyan\u0131n Donetsk v\u0259 Luqansk\u0131 tam n\u0259zar\u0259t\u0259 alaca\u011f\u0131ndan ehtiyat edir. Odur ki, aylard\u0131r Rusiya Federasiyas\u0131na bu ba\u015f ver\u0259c\u0259yi t\u0259qdird\u0259, sanksiyalar t\u0259tbiq edil\u0259c\u0259yini bildirirdil\u0259r.<\/p>\n","protected":false},"excerpt":{"rendered":"<p>\u201cNord Stream 2\u201d boru x\u0259tti dayand\u0131r\u0131l\u0131r Almaniya kansleri Olaf \u015eolz &#8230; <\/p>\n<p class=\"read-more-container\"><a title=\"Rusiyaya n\u00f6vb\u0259ti sanksiya Almaniyadan g\u0259ldi\" class=\"read-more button\" href=\"https:\/\/www.meydan.tv\/az\/article\/rusiyaya-novbeti-sanksiya-almaniyadan-geldi\/#more-235295\" aria-label=\"Read more about Rusiyaya n\u00f6vb\u0259ti sanksiya Almaniyadan g\u0259ldi\">Davam\u0131<\/a><\/p>\n","protected":false},"author":8,"featured_media":235266,"comment_status":"closed","ping_status":"closed","sticky":false,"template":"","format":"standard","meta":{"_acf_changed":false,"_sitemap_exclude":false,"_sitemap_priority":"","_sitemap_frequency":"","footnotes":""},"categories":[64,79,56],"tags":[],"class_list":["post-235295","post","type-post","status-publish","format-standard","has-post-thumbnail","hentry","category-dunya","category-featured","category-xeberler","infinite-scroll-item","generate-columns","tablet-grid-50","mobile-grid-100","grid-parent","grid-33","no-featured-image-padding"],"acf":[],"yoast_head":"<!-- This site is optimized with the Yoast SEO plugin v27.5 - https:\/\/yoast.com\/product\/yoast-seo-wordpress\/ -->\n<title>Rusiyaya n\u00f6vb\u0259ti sanksiya Almaniyadan g\u0259ldi - MEYDAN.TV<\/title>\n<meta name=\"robots\" content=\"index, follow, max-snippet:-1, max-image-preview:large, max-video-preview:-1\" \/>\n<link rel=\"canonical\" href=\"https:\/\/www.meydan.tv\/az\/article\/rusiyaya-novbeti-sanksiya-almaniyadan-geldi\/\" \/>\n<meta property=\"og:locale\" content=\"az_AZ\" \/>\n<meta property=\"og:type\" content=\"article\" \/>\n<meta property=\"og:title\" content=\"Rusiyaya n\u00f6vb\u0259ti sanksiya Almaniyadan g\u0259ldi - MEYDAN.TV\" \/>\n<meta property=\"og:description\" content=\"\u201cNord Stream 2\u201d boru x\u0259tti dayand\u0131r\u0131l\u0131r Almaniya kansleri Olaf \u015eolz ... Davam\u0131\" \/>\n<meta property=\"og:url\" content=\"https:\/\/www.meydan.tv\/az\/article\/rusiyaya-novbeti-sanksiya-almaniyadan-geldi\/\" \/>\n<meta property=\"og:site_name\" content=\"MEYDAN.TV\" \/>\n<meta property=\"article:published_time\" content=\"2022-02-22T13:07:53+00:00\" \/>\n<meta property=\"article:modified_time\" content=\"2022-02-22T13:07:54+00:00\" \/>\n<meta property=\"og:image\" content=\"https:\/\/www.meydan.tv\/wp-content\/uploads\/2022-02-22t112302z_2063856950_rc2yos9de2wl_rtrmadp_3_ukraine-crisis-germany-scholz.jpg\" \/>\n\t<meta property=\"og:image:width\" content=\"1200\" \/>\n\t<meta property=\"og:image:height\" content=\"840\" \/>\n\t<meta property=\"og:image:type\" content=\"image\/jpeg\" \/>\n<meta name=\"author\" content=\"elli\" \/>\n<meta name=\"twitter:card\" content=\"summary_large_image\" \/>\n<meta name=\"twitter:creator\" content=\"@elli\" \/>\n<script type=\"application\/ld+json\" class=\"yoast-schema-graph\">{\"@context\":\"https:\\\/\\\/schema.org\",\"@graph\":[{\"@type\":\"Article\",\"@id\":\"https:\\\/\\\/www.meydan.tv\\\/az\\\/article\\\/rusiyaya-novbeti-sanksiya-almaniyadan-geldi\\\/#article\",\"isPartOf\":{\"@id\":\"https:\\\/\\\/www.meydan.tv\\\/az\\\/article\\\/rusiyaya-novbeti-sanksiya-almaniyadan-geldi\\\/\"},\"author\":{\"name\":\"elli\",\"@id\":\"https:\\\/\\\/www.meydan.tv\\\/az\\\/#\\\/schema\\\/person\\\/9cdbecf90d17180ce1dfbd95b08dcf47\"},\"headline\":\"Rusiyaya n\u00f6vb\u0259ti sanksiya Almaniyadan g\u0259ldi\",\"datePublished\":\"2022-02-22T13:07:53+00:00\",\"dateModified\":\"2022-02-22T13:07:54+00:00\",\"mainEntityOfPage\":{\"@id\":\"https:\\\/\\\/www.meydan.tv\\\/az\\\/article\\\/rusiyaya-novbeti-sanksiya-almaniyadan-geldi\\\/\"},\"wordCount\":623,\"publisher\":{\"@id\":\"https:\\\/\\\/www.meydan.tv\\\/az\\\/#organization\"},\"image\":{\"@id\":\"https:\\\/\\\/www.meydan.tv\\\/az\\\/article\\\/rusiyaya-novbeti-sanksiya-almaniyadan-geldi\\\/#primaryimage\"},\"thumbnailUrl\":\"https:\\\/\\\/www.meydan.tv\\\/wp-content\\\/uploads\\\/2022-02-22t112302z_2063856950_rc2yos9de2wl_rtrmadp_3_ukraine-crisis-germany-scholz-e1730983143162.jpg\",\"articleSection\":[\"D\u00fcnya\",\"T\u00f6vsiy\u0259\",\"X\u0259b\u0259rl\u0259r\"],\"inLanguage\":\"az\"},{\"@type\":\"WebPage\",\"@id\":\"https:\\\/\\\/www.meydan.tv\\\/az\\\/article\\\/rusiyaya-novbeti-sanksiya-almaniyadan-geldi\\\/\",\"url\":\"https:\\\/\\\/www.meydan.tv\\\/az\\\/article\\\/rusiyaya-novbeti-sanksiya-almaniyadan-geldi\\\/\",\"name\":\"Rusiyaya n\u00f6vb\u0259ti sanksiya Almaniyadan g\u0259ldi - MEYDAN.TV\",\"isPartOf\":{\"@id\":\"https:\\\/\\\/www.meydan.tv\\\/az\\\/#website\"},\"primaryImageOfPage\":{\"@id\":\"https:\\\/\\\/www.meydan.tv\\\/az\\\/article\\\/rusiyaya-novbeti-sanksiya-almaniyadan-geldi\\\/#primaryimage\"},\"image\":{\"@id\":\"https:\\\/\\\/www.meydan.tv\\\/az\\\/article\\\/rusiyaya-novbeti-sanksiya-almaniyadan-geldi\\\/#primaryimage\"},\"thumbnailUrl\":\"https:\\\/\\\/www.meydan.tv\\\/wp-content\\\/uploads\\\/2022-02-22t112302z_2063856950_rc2yos9de2wl_rtrmadp_3_ukraine-crisis-germany-scholz-e1730983143162.jpg\",\"datePublished\":\"2022-02-22T13:07:53+00:00\",\"dateModified\":\"2022-02-22T13:07:54+00:00\",\"breadcrumb\":{\"@id\":\"https:\\\/\\\/www.meydan.tv\\\/az\\\/article\\\/rusiyaya-novbeti-sanksiya-almaniyadan-geldi\\\/#breadcrumb\"},\"inLanguage\":\"az\",\"potentialAction\":[{\"@type\":\"ReadAction\",\"target\":[\"https:\\\/\\\/www.meydan.tv\\\/az\\\/article\\\/rusiyaya-novbeti-sanksiya-almaniyadan-geldi\\\/\"]}]},{\"@type\":\"ImageObject\",\"inLanguage\":\"az\",\"@id\":\"https:\\\/\\\/www.meydan.tv\\\/az\\\/article\\\/rusiyaya-novbeti-sanksiya-almaniyadan-geldi\\\/#primaryimage\",\"url\":\"https:\\\/\\\/www.meydan.tv\\\/wp-content\\\/uploads\\\/2022-02-22t112302z_2063856950_rc2yos9de2wl_rtrmadp_3_ukraine-crisis-germany-scholz-e1730983143162.jpg\",\"contentUrl\":\"https:\\\/\\\/www.meydan.tv\\\/wp-content\\\/uploads\\\/2022-02-22t112302z_2063856950_rc2yos9de2wl_rtrmadp_3_ukraine-crisis-germany-scholz-e1730983143162.jpg\",\"width\":1200,\"height\":580,\"caption\":\"Olaf \u015eols. M\u0259nb\u0259: Reuters\"},{\"@type\":\"BreadcrumbList\",\"@id\":\"https:\\\/\\\/www.meydan.tv\\\/az\\\/article\\\/rusiyaya-novbeti-sanksiya-almaniyadan-geldi\\\/#breadcrumb\",\"itemListElement\":[{\"@type\":\"ListItem\",\"position\":1,\"name\":\"Ana s\u0259hif\u0259\",\"item\":\"https:\\\/\\\/www.meydan.tv\\\/az\\\/\"},{\"@type\":\"ListItem\",\"position\":2,\"name\":\"D\u00fcnya\",\"item\":\"https:\\\/\\\/www.meydan.tv\\\/az\\\/section\\\/dunya\\\/\"},{\"@type\":\"ListItem\",\"position\":3,\"name\":\"Rusiyaya n\u00f6vb\u0259ti sanksiya Almaniyadan g\u0259ldi\"}]},{\"@type\":\"WebSite\",\"@id\":\"https:\\\/\\\/www.meydan.tv\\\/az\\\/#website\",\"url\":\"https:\\\/\\\/www.meydan.tv\\\/az\\\/\",\"name\":\"MEYDAN.TV\",\"description\":\"Meydan TV Az\u0259rbaycan\u0131n media m\u0259kan\u0131ndak\u0131 alternativ s\u0259sidir\",\"publisher\":{\"@id\":\"https:\\\/\\\/www.meydan.tv\\\/az\\\/#organization\"},\"potentialAction\":[{\"@type\":\"SearchAction\",\"target\":{\"@type\":\"EntryPoint\",\"urlTemplate\":\"https:\\\/\\\/www.meydan.tv\\\/az\\\/?s={search_term_string}\"},\"query-input\":{\"@type\":\"PropertyValueSpecification\",\"valueRequired\":true,\"valueName\":\"search_term_string\"}}],\"inLanguage\":\"az\"},{\"@type\":\"Organization\",\"@id\":\"https:\\\/\\\/www.meydan.tv\\\/az\\\/#organization\",\"name\":\"Meydan TV\",\"url\":\"https:\\\/\\\/www.meydan.tv\\\/az\\\/\",\"logo\":{\"@type\":\"ImageObject\",\"inLanguage\":\"az\",\"@id\":\"https:\\\/\\\/www.meydan.tv\\\/az\\\/#\\\/schema\\\/logo\\\/image\\\/\",\"url\":\"https:\\\/\\\/www.meydan.tv\\\/wp-content\\\/uploads\\\/2021\\\/07\\\/meydan-logo.svg\",\"contentUrl\":\"https:\\\/\\\/www.meydan.tv\\\/wp-content\\\/uploads\\\/2021\\\/07\\\/meydan-logo.svg\",\"width\":195,\"height\":46,\"caption\":\"Meydan TV\"},\"image\":{\"@id\":\"https:\\\/\\\/www.meydan.tv\\\/az\\\/#\\\/schema\\\/logo\\\/image\\\/\"}},{\"@type\":\"Person\",\"@id\":\"https:\\\/\\\/www.meydan.tv\\\/az\\\/#\\\/schema\\\/person\\\/9cdbecf90d17180ce1dfbd95b08dcf47\",\"name\":\"elli\",\"sameAs\":[\"https:\\\/\\\/x.com\\\/elli\"]}]}<\/script>\n<!-- \/ Yoast SEO plugin. -->","yoast_head_json":{"title":"Rusiyaya n\u00f6vb\u0259ti sanksiya Almaniyadan g\u0259ldi - MEYDAN.TV","robots":{"index":"index","follow":"follow","max-snippet":"max-snippet:-1","max-image-preview":"max-image-preview:large","max-video-preview":"max-video-preview:-1"},"canonical":"https:\/\/www.meydan.tv\/az\/article\/rusiyaya-novbeti-sanksiya-almaniyadan-geldi\/","og_locale":"az_AZ","og_type":"article","og_title":"Rusiyaya n\u00f6vb\u0259ti sanksiya Almaniyadan g\u0259ldi - MEYDAN.TV","og_description":"\u201cNord Stream 2\u201d boru x\u0259tti dayand\u0131r\u0131l\u0131r Almaniya kansleri Olaf \u015eolz ... Davam\u0131","og_url":"https:\/\/www.meydan.tv\/az\/article\/rusiyaya-novbeti-sanksiya-almaniyadan-geldi\/","og_site_name":"MEYDAN.TV","article_published_time":"2022-02-22T13:07:53+00:00","article_modified_time":"2022-02-22T13:07:54+00:00","og_image":[{"width":1200,"height":840,"url":"https:\/\/www.meydan.tv\/wp-content\/uploads\/2022-02-22t112302z_2063856950_rc2yos9de2wl_rtrmadp_3_ukraine-crisis-germany-scholz.jpg","type":"image\/jpeg"}],"author":"elli","twitter_card":"summary_large_image","twitter_creator":"@elli","schema":{"@context":"https:\/\/schema.org","@graph":[{"@type":"Article","@id":"https:\/\/www.meydan.tv\/az\/article\/rusiyaya-novbeti-sanksiya-almaniyadan-geldi\/#article","isPartOf":{"@id":"https:\/\/www.meydan.tv\/az\/article\/rusiyaya-novbeti-sanksiya-almaniyadan-geldi\/"},"author":{"name":"elli","@id":"https:\/\/www.meydan.tv\/az\/#\/schema\/person\/9cdbecf90d17180ce1dfbd95b08dcf47"},"headline":"Rusiyaya n\u00f6vb\u0259ti sanksiya Almaniyadan g\u0259ldi","datePublished":"2022-02-22T13:07:53+00:00","dateModified":"2022-02-22T13:07:54+00:00","mainEntityOfPage":{"@id":"https:\/\/www.meydan.tv\/az\/article\/rusiyaya-novbeti-sanksiya-almaniyadan-geldi\/"},"wordCount":623,"publisher":{"@id":"https:\/\/www.meydan.tv\/az\/#organization"},"image":{"@id":"https:\/\/www.meydan.tv\/az\/article\/rusiyaya-novbeti-sanksiya-almaniyadan-geldi\/#primaryimage"},"thumbnailUrl":"https:\/\/www.meydan.tv\/wp-content\/uploads\/2022-02-22t112302z_2063856950_rc2yos9de2wl_rtrmadp_3_ukraine-crisis-germany-scholz-e1730983143162.jpg","articleSection":["D\u00fcnya","T\u00f6vsiy\u0259","X\u0259b\u0259rl\u0259r"],"inLanguage":"az"},{"@type":"WebPage","@id":"https:\/\/www.meydan.tv\/az\/article\/rusiyaya-novbeti-sanksiya-almaniyadan-geldi\/","url":"https:\/\/www.meydan.tv\/az\/article\/rusiyaya-novbeti-sanksiya-almaniyadan-geldi\/","name":"Rusiyaya n\u00f6vb\u0259ti sanksiya Almaniyadan g\u0259ldi - MEYDAN.TV","isPartOf":{"@id":"https:\/\/www.meydan.tv\/az\/#website"},"primaryImageOfPage":{"@id":"https:\/\/www.meydan.tv\/az\/article\/rusiyaya-novbeti-sanksiya-almaniyadan-geldi\/#primaryimage"},"image":{"@id":"https:\/\/www.meydan.tv\/az\/article\/rusiyaya-novbeti-sanksiya-almaniyadan-geldi\/#primaryimage"},"thumbnailUrl":"https:\/\/www.meydan.tv\/wp-content\/uploads\/2022-02-22t112302z_2063856950_rc2yos9de2wl_rtrmadp_3_ukraine-crisis-germany-scholz-e1730983143162.jpg","datePublished":"2022-02-22T13:07:53+00:00","dateModified":"2022-02-22T13:07:54+00:00","breadcrumb":{"@id":"https:\/\/www.meydan.tv\/az\/article\/rusiyaya-novbeti-sanksiya-almaniyadan-geldi\/#breadcrumb"},"inLanguage":"az","potentialAction":[{"@type":"ReadAction","target":["https:\/\/www.meydan.tv\/az\/article\/rusiyaya-novbeti-sanksiya-almaniyadan-geldi\/"]}]},{"@type":"ImageObject","inLanguage":"az","@id":"https:\/\/www.meydan.tv\/az\/article\/rusiyaya-novbeti-sanksiya-almaniyadan-geldi\/#primaryimage","url":"https:\/\/www.meydan.tv\/wp-content\/uploads\/2022-02-22t112302z_2063856950_rc2yos9de2wl_rtrmadp_3_ukraine-crisis-germany-scholz-e1730983143162.jpg","contentUrl":"https:\/\/www.meydan.tv\/wp-content\/uploads\/2022-02-22t112302z_2063856950_rc2yos9de2wl_rtrmadp_3_ukraine-crisis-germany-scholz-e1730983143162.jpg","width":1200,"height":580,"caption":"Olaf \u015eols. M\u0259nb\u0259: Reuters"},{"@type":"BreadcrumbList","@id":"https:\/\/www.meydan.tv\/az\/article\/rusiyaya-novbeti-sanksiya-almaniyadan-geldi\/#breadcrumb","itemListElement":[{"@type":"ListItem","position":1,"name":"Ana s\u0259hif\u0259","item":"https:\/\/www.meydan.tv\/az\/"},{"@type":"ListItem","position":2,"name":"D\u00fcnya","item":"https:\/\/www.meydan.tv\/az\/section\/dunya\/"},{"@type":"ListItem","position":3,"name":"Rusiyaya n\u00f6vb\u0259ti sanksiya Almaniyadan g\u0259ldi"}]},{"@type":"WebSite","@id":"https:\/\/www.meydan.tv\/az\/#website","url":"https:\/\/www.meydan.tv\/az\/","name":"MEYDAN.TV","description":"Meydan TV Az\u0259rbaycan\u0131n media m\u0259kan\u0131ndak\u0131 alternativ s\u0259sidir","publisher":{"@id":"https:\/\/www.meydan.tv\/az\/#organization"},"potentialAction":[{"@type":"SearchAction","target":{"@type":"EntryPoint","urlTemplate":"https:\/\/www.meydan.tv\/az\/?s={search_term_string}"},"query-input":{"@type":"PropertyValueSpecification","valueRequired":true,"valueName":"search_term_string"}}],"inLanguage":"az"},{"@type":"Organization","@id":"https:\/\/www.meydan.tv\/az\/#organization","name":"Meydan TV","url":"https:\/\/www.meydan.tv\/az\/","logo":{"@type":"ImageObject","inLanguage":"az","@id":"https:\/\/www.meydan.tv\/az\/#\/schema\/logo\/image\/","url":"https:\/\/www.meydan.tv\/wp-content\/uploads\/2021\/07\/meydan-logo.svg","contentUrl":"https:\/\/www.meydan.tv\/wp-content\/uploads\/2021\/07\/meydan-logo.svg","width":195,"height":46,"caption":"Meydan TV"},"image":{"@id":"https:\/\/www.meydan.tv\/az\/#\/schema\/logo\/image\/"}},{"@type":"Person","@id":"https:\/\/www.meydan.tv\/az\/#\/schema\/person\/9cdbecf90d17180ce1dfbd95b08dcf47","name":"elli","sameAs":["https:\/\/x.com\/elli"]}]}},"_links":{"self":[{"href":"https:\/\/www.meydan.tv\/az\/wp-json\/wp\/v2\/posts\/235295","targetHints":{"allow":["GET"]}}],"collection":[{"href":"https:\/\/www.meydan.tv\/az\/wp-json\/wp\/v2\/posts"}],"about":[{"href":"https:\/\/www.meydan.tv\/az\/wp-json\/wp\/v2\/types\/post"}],"author":[{"embeddable":true,"href":"https:\/\/www.meydan.tv\/az\/wp-json\/wp\/v2\/users\/8"}],"replies":[{"embeddable":true,"href":"https:\/\/www.meydan.tv\/az\/wp-json\/wp\/v2\/comments?post=235295"}],"version-history":[{"count":1,"href":"https:\/\/www.meydan.tv\/az\/wp-json\/wp\/v2\/posts\/235295\/revisions"}],"predecessor-version":[{"id":235298,"href":"https:\/\/www.meydan.tv\/az\/wp-json\/wp\/v2\/posts\/235295\/revisions\/235298"}],"wp:featuredmedia":[{"embeddable":true,"href":"https:\/\/www.meydan.tv\/az\/wp-json\/wp\/v2\/media\/235266"}],"wp:attachment":[{"href":"https:\/\/www.meydan.tv\/az\/wp-json\/wp\/v2\/media?parent=235295"}],"wp:term":[{"taxonomy":"category","embeddable":true,"href":"https:\/\/www.meydan.tv\/az\/wp-json\/wp\/v2\/categories?post=235295"},{"taxonomy":"post_tag","embeddable":true,"href":"https:\/\/www.meydan.tv\/az\/wp-json\/wp\/v2\/tags?post=235295"}],"curies":[{"name":"wp","href":"https:\/\/api.w.org\/{rel}","templated":true}]}}