{"id":235258,"date":"2022-02-22T15:07:37","date_gmt":"2022-02-22T11:07:37","guid":{"rendered":"https:\/\/www.meydan.tv\/?p=235258"},"modified":"2022-02-22T15:07:38","modified_gmt":"2022-02-22T11:07:38","slug":"bayden-rusiyaya-qarsi-sanksiyalarin-tetbiqine-dair-ferman-imzalayib%ef%bf%bc","status":"publish","type":"post","link":"https:\/\/www.meydan.tv\/az\/article\/bayden-rusiyaya-qarsi-sanksiyalarin-tetbiqine-dair-ferman-imzalayib%ef%bf%bc\/","title":{"rendered":"Bayden Rusiyaya qar\u015f\u0131 sanksiyalar\u0131n t\u0259tbiqin\u0259 dair f\u0259rman imzalay\u0131b"},"content":{"rendered":"\n<p><strong><em>Mariya Zaxarova: \u201cAB\u015e s\u0259firini \u201ca\u011f\u0131r s\u00f6hb\u0259t\u201d g\u00f6zl\u0259yir\u201d<\/em><\/strong><\/p>\n\n\n\n<p>AB\u015e Prezidenti Co Bayden se\u00e7kil\u0259r\u0259 m\u00fcdaxil\u0259d\u0259 v\u0259 Amerika d\u00f6vl\u0259t qurumlar\u0131n\u0131n IT-sistemin\u0259 kiber h\u00fccumlarda \u015f\u00fcbh\u0259li bilin\u0259n Rusiya \u015firk\u0259tl\u0259rinin fiziki v\u0259 h\u00fcquqi \u015f\u0259xsl\u0259rin\u0259 sanksiya <a href=\"https:\/\/novosti.dn.ua\/news\/320805-bajden-vvel-sanktsii-protiv-dnr-i-lnr-i-zapretil-tuda-investirovat\" target=\"_blank\" rel=\"noreferrer noopener\">t\u0259tbiq edib<\/a>.<\/p>\n\n\n\n<p>A\u011f Evin yayd\u0131\u011f\u0131 <a href=\"https:\/\/www.whitehouse.gov\/briefing-room\/presidential-actions\/2022\/02\/21\/executive-order-on-blocking-property-of-certain-persons-and-prohibiting-certain-transactions-with-respect-to-continued-russian-efforts-to-undermine-the-sovereignty-and-territorial-integrity-of-ukraine\/\" target=\"_blank\" rel=\"noreferrer noopener\">m\u0259lumata <\/a>g\u00f6r\u0259, AB\u015e Prezidenti bununla ba\u011fl\u0131 f\u0259rman imzalay\u0131b.<\/p>\n\n\n\n<p>Bildirilir ki, sanksiya siyah\u0131s\u0131na Rusiyan\u0131n 6 texnoloji \u015firk\u0259ti v\u0259 t\u0259\u015fkilat\u0131 daxil edilib.<\/p>\n\n\n\n<p>R\u0259smi Va\u015finqtonun m\u0259lumat\u0131na g\u00f6r\u0259, onlar\u0131n 2020-ci ilin dekabr\u0131ndak\u0131 haker h\u00fccumlar\u0131 il\u0259 \u0259laq\u0259si ola bil\u0259r.<\/p>\n\n\n\n<p>Onlar\u0131n aras\u0131nda \u201cERA\u201d h\u0259rbi innovasiya texnopolisi, \u201cPasit\u201d \u015firk\u0259ti, \u00abNeobit\u00bb, AST, Positive Technologies v\u0259 ixtisasla\u015fm\u0131\u015f m\u00fcdafi\u0259 v\u0259 avtomatika hesablama qur\u011fular\u0131 Elmi T\u0259dqiqat \u0130nstitutu var.<\/p>\n\n\n\n<p>Bundan \u0259lav\u0259, prezident se\u00e7kil\u0259rin\u0259 m\u00fcdaxil\u0259 etm\u0259kd\u0259 \u0259laq\u0259si ola bil\u0259c\u0259k 32 h\u00fcquqi v\u0259 fiziki \u015f\u0259xs\u0259 qar\u015f\u0131 da m\u0259hdudiyy\u0259tl\u0259r t\u0259tbiq olunacaq.&nbsp;<\/p>\n\n\n\n<p>Daha 8 \u015firk\u0259t v\u0259 fiziki \u015f\u0259xs Rusiyan\u0131n Kr\u0131mda i\u015ftirak\u0131 il\u0259 ba\u011fl\u0131 sanksiyalar siyah\u0131s\u0131na daxil edilib.<\/p>\n\n\n\n<p>AB\u015e Maliyy\u0259 Nazirliyi \u015firk\u0259tl\u0259r\u0259 Rusiya Maliyy\u0259 Nazirliyi, Milli Rifah Fondu v\u0259 ya M\u0259rk\u0259zi Bank t\u0259r\u0259find\u0259n iyunun 14-d\u0259n sonra burax\u0131lm\u0131\u015f borc \u00f6hd\u0259likl\u0259rini birba\u015fa \u0259ld\u0259 etm\u0259yi qada\u011fan edir.<\/p>\n\n\n\n<p>&nbsp;Va\u015finqton h\u0259m\u00e7inin Rusiya diplomatik missiyas\u0131n\u0131n 10 \u0259m\u0259kda\u015f\u0131n\u0131 \u00f6lk\u0259d\u0259n \u00e7\u0131xar\u0131r.<\/p>\n\n\n\n<p>\u00abHey\u0259tin t\u0259rkibin\u0259 Rusiya x\u00fcsusi xidm\u0259t orqanlar\u0131n\u0131n n\u00fcmay\u0259nd\u0259l\u0259ri daxildir\u00bb, &#8211; dey\u0259 q\u0259rar\u0131 A\u011f Evd\u0259 izah edibl\u0259r.<\/p>\n\n\n\n<p>Sanksiyalarla ba\u011fl\u0131 x\u0259b\u0259rl\u0259r fonunda Rusiya rublu ucuzla\u015fma\u011fa ba\u015flay\u0131b.<\/p>\n\n\n\n<p>A\u011f Evin m\u0259lumat\u0131ndan sonra dollar 1,23 rubla, avro&nbsp; is\u0259 1,33 rubla q\u0259d\u0259r bahla\u015f\u0131b.<\/p>\n\n\n\n<p>Daha sonra Rusiya valyutas\u0131n\u0131n d\u0259y\u0259ri bir q\u0259d\u0259r sabitl\u0259\u015fs\u0259 d\u0259, t\u0259dric\u0259n ucuzla\u015fmaqda davam edir.<\/p>\n\n\n\n<p>Baydenin f\u0259rman\u0131n\u0131n d\u0259rcind\u0259n sonra Avropa \u0130ttifaq\u0131 AB\u015e-la h\u0259mr\u0259ylik ifad\u0259 edib.<\/p>\n\n\n\n<p>NATO-dak\u0131 m\u00fctt\u0259fiql\u0259ri d\u0259 Moskvan\u0131n \u201csabitliyi pozan f\u0259aliyy\u0259tin\u0259 cavab olaraq\u201d sanksiyalar\u0131n t\u0259tbiqi il\u0259 ba\u011fl\u0131 AB\u015e liderin\u0259 d\u0259st\u0259kl\u0259rini n\u00fcmayi\u015f etdiribl\u0259r.<\/p>\n\n\n\n<p>Eyni zamanda, AB\u015e-\u0131n Moskvadak\u0131 s\u0259firi Rusiya X\u0130N-\u0259 \u00e7a\u011f\u0131r\u0131l\u0131b.<\/p>\n\n\n\n<p>X\u0130N-in r\u0259smi n\u00fcmay\u0259nd\u0259si Mariya Zaxarovan\u0131n s\u00f6zl\u0259rin\u0259 g\u00f6r\u0259, s\u0259firi \u201ca\u011f\u0131r s\u00f6hb\u0259t\u201d g\u00f6zl\u0259yir.<\/p>\n","protected":false},"excerpt":{"rendered":"<p>Mariya Zaxarova: \u201cAB\u015e s\u0259firini \u201ca\u011f\u0131r s\u00f6hb\u0259t\u201d g\u00f6zl\u0259yir\u201d AB\u015e Prezidenti Co &#8230; <\/p>\n<p class=\"read-more-container\"><a title=\"Bayden Rusiyaya qar\u015f\u0131 sanksiyalar\u0131n t\u0259tbiqin\u0259 dair f\u0259rman imzalay\u0131b\" class=\"read-more button\" href=\"https:\/\/www.meydan.tv\/az\/article\/bayden-rusiyaya-qarsi-sanksiyalarin-tetbiqine-dair-ferman-imzalayib%ef%bf%bc\/#more-235258\" aria-label=\"Read more about Bayden Rusiyaya qar\u015f\u0131 sanksiyalar\u0131n t\u0259tbiqin\u0259 dair f\u0259rman imzalay\u0131b\">Davam\u0131<\/a><\/p>\n","protected":false},"author":16,"featured_media":234852,"comment_status":"closed","ping_status":"closed","sticky":false,"template":"","format":"standard","meta":{"_acf_changed":false,"_sitemap_exclude":false,"_sitemap_priority":"","_sitemap_frequency":"","footnotes":""},"categories":[64,59,56],"tags":[],"class_list":["post-235258","post","type-post","status-publish","format-standard","has-post-thumbnail","hentry","category-dunya","category-siyaset","category-xeberler","infinite-scroll-item","generate-columns","tablet-grid-50","mobile-grid-100","grid-parent","grid-33","no-featured-image-padding"],"acf":[],"yoast_head":"<!-- This site is optimized with the Yoast SEO plugin v27.5 - https:\/\/yoast.com\/product\/yoast-seo-wordpress\/ -->\n<title>Bayden Rusiyaya qar\u015f\u0131 sanksiyalar\u0131n t\u0259tbiqin\u0259 dair f\u0259rman imzalay\u0131b - MEYDAN.TV<\/title>\n<meta name=\"robots\" content=\"index, follow, max-snippet:-1, max-image-preview:large, max-video-preview:-1\" \/>\n<link rel=\"canonical\" href=\"https:\/\/www.meydan.tv\/az\/article\/bayden-rusiyaya-qarsi-sanksiyalarin-tetbiqine-dair-ferman-imzalayib%ef%bf%bc\/\" \/>\n<meta property=\"og:locale\" content=\"az_AZ\" \/>\n<meta property=\"og:type\" content=\"article\" \/>\n<meta property=\"og:title\" content=\"Bayden Rusiyaya qar\u015f\u0131 sanksiyalar\u0131n t\u0259tbiqin\u0259 dair f\u0259rman imzalay\u0131b - MEYDAN.TV\" \/>\n<meta property=\"og:description\" content=\"Mariya Zaxarova: \u201cAB\u015e s\u0259firini \u201ca\u011f\u0131r s\u00f6hb\u0259t\u201d g\u00f6zl\u0259yir\u201d AB\u015e Prezidenti Co ... Davam\u0131\" \/>\n<meta property=\"og:url\" content=\"https:\/\/www.meydan.tv\/az\/article\/bayden-rusiyaya-qarsi-sanksiyalarin-tetbiqine-dair-ferman-imzalayib%ef%bf%bc\/\" \/>\n<meta property=\"og:site_name\" content=\"MEYDAN.TV\" \/>\n<meta property=\"article:published_time\" content=\"2022-02-22T11:07:37+00:00\" \/>\n<meta property=\"article:modified_time\" content=\"2022-02-22T11:07:38+00:00\" \/>\n<meta property=\"og:image\" content=\"https:\/\/www.meydan.tv\/wp-content\/uploads\/shutterstock_2095910923.jpg\" \/>\n\t<meta property=\"og:image:width\" content=\"1200\" \/>\n\t<meta property=\"og:image:height\" content=\"757\" \/>\n\t<meta property=\"og:image:type\" content=\"image\/jpeg\" \/>\n<meta name=\"author\" content=\"sevda\" \/>\n<meta name=\"twitter:card\" content=\"summary_large_image\" \/>\n<script type=\"application\/ld+json\" class=\"yoast-schema-graph\">{\"@context\":\"https:\\\/\\\/schema.org\",\"@graph\":[{\"@type\":\"Article\",\"@id\":\"https:\\\/\\\/www.meydan.tv\\\/az\\\/article\\\/bayden-rusiyaya-qarsi-sanksiyalarin-tetbiqine-dair-ferman-imzalayib%ef%bf%bc\\\/#article\",\"isPartOf\":{\"@id\":\"https:\\\/\\\/www.meydan.tv\\\/az\\\/article\\\/bayden-rusiyaya-qarsi-sanksiyalarin-tetbiqine-dair-ferman-imzalayib%ef%bf%bc\\\/\"},\"author\":{\"name\":\"sevda\",\"@id\":\"https:\\\/\\\/www.meydan.tv\\\/az\\\/#\\\/schema\\\/person\\\/49b5f2bad5b126bb8ea9320eeb3e4dc9\"},\"headline\":\"Bayden Rusiyaya qar\u015f\u0131 sanksiyalar\u0131n t\u0259tbiqin\u0259 dair f\u0259rman imzalay\u0131b\",\"datePublished\":\"2022-02-22T11:07:37+00:00\",\"dateModified\":\"2022-02-22T11:07:38+00:00\",\"mainEntityOfPage\":{\"@id\":\"https:\\\/\\\/www.meydan.tv\\\/az\\\/article\\\/bayden-rusiyaya-qarsi-sanksiyalarin-tetbiqine-dair-ferman-imzalayib%ef%bf%bc\\\/\"},\"wordCount\":437,\"publisher\":{\"@id\":\"https:\\\/\\\/www.meydan.tv\\\/az\\\/#organization\"},\"image\":{\"@id\":\"https:\\\/\\\/www.meydan.tv\\\/az\\\/article\\\/bayden-rusiyaya-qarsi-sanksiyalarin-tetbiqine-dair-ferman-imzalayib%ef%bf%bc\\\/#primaryimage\"},\"thumbnailUrl\":\"https:\\\/\\\/www.meydan.tv\\\/wp-content\\\/uploads\\\/shutterstock_2095910923.jpg\",\"articleSection\":[\"D\u00fcnya\",\"Siyas\u0259t\",\"X\u0259b\u0259rl\u0259r\"],\"inLanguage\":\"az\"},{\"@type\":\"WebPage\",\"@id\":\"https:\\\/\\\/www.meydan.tv\\\/az\\\/article\\\/bayden-rusiyaya-qarsi-sanksiyalarin-tetbiqine-dair-ferman-imzalayib%ef%bf%bc\\\/\",\"url\":\"https:\\\/\\\/www.meydan.tv\\\/az\\\/article\\\/bayden-rusiyaya-qarsi-sanksiyalarin-tetbiqine-dair-ferman-imzalayib%ef%bf%bc\\\/\",\"name\":\"Bayden Rusiyaya qar\u015f\u0131 sanksiyalar\u0131n t\u0259tbiqin\u0259 dair f\u0259rman imzalay\u0131b - MEYDAN.TV\",\"isPartOf\":{\"@id\":\"https:\\\/\\\/www.meydan.tv\\\/az\\\/#website\"},\"primaryImageOfPage\":{\"@id\":\"https:\\\/\\\/www.meydan.tv\\\/az\\\/article\\\/bayden-rusiyaya-qarsi-sanksiyalarin-tetbiqine-dair-ferman-imzalayib%ef%bf%bc\\\/#primaryimage\"},\"image\":{\"@id\":\"https:\\\/\\\/www.meydan.tv\\\/az\\\/article\\\/bayden-rusiyaya-qarsi-sanksiyalarin-tetbiqine-dair-ferman-imzalayib%ef%bf%bc\\\/#primaryimage\"},\"thumbnailUrl\":\"https:\\\/\\\/www.meydan.tv\\\/wp-content\\\/uploads\\\/shutterstock_2095910923.jpg\",\"datePublished\":\"2022-02-22T11:07:37+00:00\",\"dateModified\":\"2022-02-22T11:07:38+00:00\",\"breadcrumb\":{\"@id\":\"https:\\\/\\\/www.meydan.tv\\\/az\\\/article\\\/bayden-rusiyaya-qarsi-sanksiyalarin-tetbiqine-dair-ferman-imzalayib%ef%bf%bc\\\/#breadcrumb\"},\"inLanguage\":\"az\",\"potentialAction\":[{\"@type\":\"ReadAction\",\"target\":[\"https:\\\/\\\/www.meydan.tv\\\/az\\\/article\\\/bayden-rusiyaya-qarsi-sanksiyalarin-tetbiqine-dair-ferman-imzalayib%ef%bf%bc\\\/\"]}]},{\"@type\":\"ImageObject\",\"inLanguage\":\"az\",\"@id\":\"https:\\\/\\\/www.meydan.tv\\\/az\\\/article\\\/bayden-rusiyaya-qarsi-sanksiyalarin-tetbiqine-dair-ferman-imzalayib%ef%bf%bc\\\/#primaryimage\",\"url\":\"https:\\\/\\\/www.meydan.tv\\\/wp-content\\\/uploads\\\/shutterstock_2095910923.jpg\",\"contentUrl\":\"https:\\\/\\\/www.meydan.tv\\\/wp-content\\\/uploads\\\/shutterstock_2095910923.jpg\",\"width\":1200,\"height\":757,\"caption\":\"Rusiya-Ukrayna, Foto: Tomas Ragina\\\/shutterstock\"},{\"@type\":\"BreadcrumbList\",\"@id\":\"https:\\\/\\\/www.meydan.tv\\\/az\\\/article\\\/bayden-rusiyaya-qarsi-sanksiyalarin-tetbiqine-dair-ferman-imzalayib%ef%bf%bc\\\/#breadcrumb\",\"itemListElement\":[{\"@type\":\"ListItem\",\"position\":1,\"name\":\"Ana s\u0259hif\u0259\",\"item\":\"https:\\\/\\\/www.meydan.tv\\\/az\\\/\"},{\"@type\":\"ListItem\",\"position\":2,\"name\":\"X\u0259b\u0259rl\u0259r\",\"item\":\"https:\\\/\\\/www.meydan.tv\\\/az\\\/section\\\/xeberler\\\/\"},{\"@type\":\"ListItem\",\"position\":3,\"name\":\"Bayden Rusiyaya qar\u015f\u0131 sanksiyalar\u0131n t\u0259tbiqin\u0259 dair f\u0259rman imzalay\u0131b\"}]},{\"@type\":\"WebSite\",\"@id\":\"https:\\\/\\\/www.meydan.tv\\\/az\\\/#website\",\"url\":\"https:\\\/\\\/www.meydan.tv\\\/az\\\/\",\"name\":\"MEYDAN.TV\",\"description\":\"Meydan TV Az\u0259rbaycan\u0131n media m\u0259kan\u0131ndak\u0131 alternativ s\u0259sidir\",\"publisher\":{\"@id\":\"https:\\\/\\\/www.meydan.tv\\\/az\\\/#organization\"},\"potentialAction\":[{\"@type\":\"SearchAction\",\"target\":{\"@type\":\"EntryPoint\",\"urlTemplate\":\"https:\\\/\\\/www.meydan.tv\\\/az\\\/?s={search_term_string}\"},\"query-input\":{\"@type\":\"PropertyValueSpecification\",\"valueRequired\":true,\"valueName\":\"search_term_string\"}}],\"inLanguage\":\"az\"},{\"@type\":\"Organization\",\"@id\":\"https:\\\/\\\/www.meydan.tv\\\/az\\\/#organization\",\"name\":\"Meydan TV\",\"url\":\"https:\\\/\\\/www.meydan.tv\\\/az\\\/\",\"logo\":{\"@type\":\"ImageObject\",\"inLanguage\":\"az\",\"@id\":\"https:\\\/\\\/www.meydan.tv\\\/az\\\/#\\\/schema\\\/logo\\\/image\\\/\",\"url\":\"https:\\\/\\\/www.meydan.tv\\\/wp-content\\\/uploads\\\/2021\\\/07\\\/meydan-logo.svg\",\"contentUrl\":\"https:\\\/\\\/www.meydan.tv\\\/wp-content\\\/uploads\\\/2021\\\/07\\\/meydan-logo.svg\",\"width\":195,\"height\":46,\"caption\":\"Meydan TV\"},\"image\":{\"@id\":\"https:\\\/\\\/www.meydan.tv\\\/az\\\/#\\\/schema\\\/logo\\\/image\\\/\"}},{\"@type\":\"Person\",\"@id\":\"https:\\\/\\\/www.meydan.tv\\\/az\\\/#\\\/schema\\\/person\\\/49b5f2bad5b126bb8ea9320eeb3e4dc9\",\"name\":\"sevda\"}]}<\/script>\n<!-- \/ Yoast SEO plugin. -->","yoast_head_json":{"title":"Bayden Rusiyaya qar\u015f\u0131 sanksiyalar\u0131n t\u0259tbiqin\u0259 dair f\u0259rman imzalay\u0131b - MEYDAN.TV","robots":{"index":"index","follow":"follow","max-snippet":"max-snippet:-1","max-image-preview":"max-image-preview:large","max-video-preview":"max-video-preview:-1"},"canonical":"https:\/\/www.meydan.tv\/az\/article\/bayden-rusiyaya-qarsi-sanksiyalarin-tetbiqine-dair-ferman-imzalayib%ef%bf%bc\/","og_locale":"az_AZ","og_type":"article","og_title":"Bayden Rusiyaya qar\u015f\u0131 sanksiyalar\u0131n t\u0259tbiqin\u0259 dair f\u0259rman imzalay\u0131b - MEYDAN.TV","og_description":"Mariya Zaxarova: \u201cAB\u015e s\u0259firini \u201ca\u011f\u0131r s\u00f6hb\u0259t\u201d g\u00f6zl\u0259yir\u201d AB\u015e Prezidenti Co ... Davam\u0131","og_url":"https:\/\/www.meydan.tv\/az\/article\/bayden-rusiyaya-qarsi-sanksiyalarin-tetbiqine-dair-ferman-imzalayib%ef%bf%bc\/","og_site_name":"MEYDAN.TV","article_published_time":"2022-02-22T11:07:37+00:00","article_modified_time":"2022-02-22T11:07:38+00:00","og_image":[{"width":1200,"height":757,"url":"https:\/\/www.meydan.tv\/wp-content\/uploads\/shutterstock_2095910923.jpg","type":"image\/jpeg"}],"author":"sevda","twitter_card":"summary_large_image","schema":{"@context":"https:\/\/schema.org","@graph":[{"@type":"Article","@id":"https:\/\/www.meydan.tv\/az\/article\/bayden-rusiyaya-qarsi-sanksiyalarin-tetbiqine-dair-ferman-imzalayib%ef%bf%bc\/#article","isPartOf":{"@id":"https:\/\/www.meydan.tv\/az\/article\/bayden-rusiyaya-qarsi-sanksiyalarin-tetbiqine-dair-ferman-imzalayib%ef%bf%bc\/"},"author":{"name":"sevda","@id":"https:\/\/www.meydan.tv\/az\/#\/schema\/person\/49b5f2bad5b126bb8ea9320eeb3e4dc9"},"headline":"Bayden Rusiyaya qar\u015f\u0131 sanksiyalar\u0131n t\u0259tbiqin\u0259 dair f\u0259rman imzalay\u0131b","datePublished":"2022-02-22T11:07:37+00:00","dateModified":"2022-02-22T11:07:38+00:00","mainEntityOfPage":{"@id":"https:\/\/www.meydan.tv\/az\/article\/bayden-rusiyaya-qarsi-sanksiyalarin-tetbiqine-dair-ferman-imzalayib%ef%bf%bc\/"},"wordCount":437,"publisher":{"@id":"https:\/\/www.meydan.tv\/az\/#organization"},"image":{"@id":"https:\/\/www.meydan.tv\/az\/article\/bayden-rusiyaya-qarsi-sanksiyalarin-tetbiqine-dair-ferman-imzalayib%ef%bf%bc\/#primaryimage"},"thumbnailUrl":"https:\/\/www.meydan.tv\/wp-content\/uploads\/shutterstock_2095910923.jpg","articleSection":["D\u00fcnya","Siyas\u0259t","X\u0259b\u0259rl\u0259r"],"inLanguage":"az"},{"@type":"WebPage","@id":"https:\/\/www.meydan.tv\/az\/article\/bayden-rusiyaya-qarsi-sanksiyalarin-tetbiqine-dair-ferman-imzalayib%ef%bf%bc\/","url":"https:\/\/www.meydan.tv\/az\/article\/bayden-rusiyaya-qarsi-sanksiyalarin-tetbiqine-dair-ferman-imzalayib%ef%bf%bc\/","name":"Bayden Rusiyaya qar\u015f\u0131 sanksiyalar\u0131n t\u0259tbiqin\u0259 dair f\u0259rman imzalay\u0131b - MEYDAN.TV","isPartOf":{"@id":"https:\/\/www.meydan.tv\/az\/#website"},"primaryImageOfPage":{"@id":"https:\/\/www.meydan.tv\/az\/article\/bayden-rusiyaya-qarsi-sanksiyalarin-tetbiqine-dair-ferman-imzalayib%ef%bf%bc\/#primaryimage"},"image":{"@id":"https:\/\/www.meydan.tv\/az\/article\/bayden-rusiyaya-qarsi-sanksiyalarin-tetbiqine-dair-ferman-imzalayib%ef%bf%bc\/#primaryimage"},"thumbnailUrl":"https:\/\/www.meydan.tv\/wp-content\/uploads\/shutterstock_2095910923.jpg","datePublished":"2022-02-22T11:07:37+00:00","dateModified":"2022-02-22T11:07:38+00:00","breadcrumb":{"@id":"https:\/\/www.meydan.tv\/az\/article\/bayden-rusiyaya-qarsi-sanksiyalarin-tetbiqine-dair-ferman-imzalayib%ef%bf%bc\/#breadcrumb"},"inLanguage":"az","potentialAction":[{"@type":"ReadAction","target":["https:\/\/www.meydan.tv\/az\/article\/bayden-rusiyaya-qarsi-sanksiyalarin-tetbiqine-dair-ferman-imzalayib%ef%bf%bc\/"]}]},{"@type":"ImageObject","inLanguage":"az","@id":"https:\/\/www.meydan.tv\/az\/article\/bayden-rusiyaya-qarsi-sanksiyalarin-tetbiqine-dair-ferman-imzalayib%ef%bf%bc\/#primaryimage","url":"https:\/\/www.meydan.tv\/wp-content\/uploads\/shutterstock_2095910923.jpg","contentUrl":"https:\/\/www.meydan.tv\/wp-content\/uploads\/shutterstock_2095910923.jpg","width":1200,"height":757,"caption":"Rusiya-Ukrayna, Foto: Tomas Ragina\/shutterstock"},{"@type":"BreadcrumbList","@id":"https:\/\/www.meydan.tv\/az\/article\/bayden-rusiyaya-qarsi-sanksiyalarin-tetbiqine-dair-ferman-imzalayib%ef%bf%bc\/#breadcrumb","itemListElement":[{"@type":"ListItem","position":1,"name":"Ana s\u0259hif\u0259","item":"https:\/\/www.meydan.tv\/az\/"},{"@type":"ListItem","position":2,"name":"X\u0259b\u0259rl\u0259r","item":"https:\/\/www.meydan.tv\/az\/section\/xeberler\/"},{"@type":"ListItem","position":3,"name":"Bayden Rusiyaya qar\u015f\u0131 sanksiyalar\u0131n t\u0259tbiqin\u0259 dair f\u0259rman imzalay\u0131b"}]},{"@type":"WebSite","@id":"https:\/\/www.meydan.tv\/az\/#website","url":"https:\/\/www.meydan.tv\/az\/","name":"MEYDAN.TV","description":"Meydan TV Az\u0259rbaycan\u0131n media m\u0259kan\u0131ndak\u0131 alternativ s\u0259sidir","publisher":{"@id":"https:\/\/www.meydan.tv\/az\/#organization"},"potentialAction":[{"@type":"SearchAction","target":{"@type":"EntryPoint","urlTemplate":"https:\/\/www.meydan.tv\/az\/?s={search_term_string}"},"query-input":{"@type":"PropertyValueSpecification","valueRequired":true,"valueName":"search_term_string"}}],"inLanguage":"az"},{"@type":"Organization","@id":"https:\/\/www.meydan.tv\/az\/#organization","name":"Meydan TV","url":"https:\/\/www.meydan.tv\/az\/","logo":{"@type":"ImageObject","inLanguage":"az","@id":"https:\/\/www.meydan.tv\/az\/#\/schema\/logo\/image\/","url":"https:\/\/www.meydan.tv\/wp-content\/uploads\/2021\/07\/meydan-logo.svg","contentUrl":"https:\/\/www.meydan.tv\/wp-content\/uploads\/2021\/07\/meydan-logo.svg","width":195,"height":46,"caption":"Meydan TV"},"image":{"@id":"https:\/\/www.meydan.tv\/az\/#\/schema\/logo\/image\/"}},{"@type":"Person","@id":"https:\/\/www.meydan.tv\/az\/#\/schema\/person\/49b5f2bad5b126bb8ea9320eeb3e4dc9","name":"sevda"}]}},"_links":{"self":[{"href":"https:\/\/www.meydan.tv\/az\/wp-json\/wp\/v2\/posts\/235258","targetHints":{"allow":["GET"]}}],"collection":[{"href":"https:\/\/www.meydan.tv\/az\/wp-json\/wp\/v2\/posts"}],"about":[{"href":"https:\/\/www.meydan.tv\/az\/wp-json\/wp\/v2\/types\/post"}],"author":[{"embeddable":true,"href":"https:\/\/www.meydan.tv\/az\/wp-json\/wp\/v2\/users\/16"}],"replies":[{"embeddable":true,"href":"https:\/\/www.meydan.tv\/az\/wp-json\/wp\/v2\/comments?post=235258"}],"version-history":[{"count":3,"href":"https:\/\/www.meydan.tv\/az\/wp-json\/wp\/v2\/posts\/235258\/revisions"}],"predecessor-version":[{"id":235261,"href":"https:\/\/www.meydan.tv\/az\/wp-json\/wp\/v2\/posts\/235258\/revisions\/235261"}],"wp:featuredmedia":[{"embeddable":true,"href":"https:\/\/www.meydan.tv\/az\/wp-json\/wp\/v2\/media\/234852"}],"wp:attachment":[{"href":"https:\/\/www.meydan.tv\/az\/wp-json\/wp\/v2\/media?parent=235258"}],"wp:term":[{"taxonomy":"category","embeddable":true,"href":"https:\/\/www.meydan.tv\/az\/wp-json\/wp\/v2\/categories?post=235258"},{"taxonomy":"post_tag","embeddable":true,"href":"https:\/\/www.meydan.tv\/az\/wp-json\/wp\/v2\/tags?post=235258"}],"curies":[{"name":"wp","href":"https:\/\/api.w.org\/{rel}","templated":true}]}}