{"id":235207,"date":"2022-02-21T17:57:25","date_gmt":"2022-02-21T13:57:25","guid":{"rendered":"https:\/\/www.meydan.tv\/?p=235207"},"modified":"2022-02-21T20:38:30","modified_gmt":"2022-02-21T16:38:30","slug":"ukrayna-rusiya-serhedinde-qarsidirma-5-neferin-olduyu-bildirilir","status":"publish","type":"post","link":"https:\/\/www.meydan.tv\/az\/article\/ukrayna-rusiya-serhedinde-qarsidirma-5-neferin-olduyu-bildirilir\/","title":{"rendered":"Ukrayna-Rusiya s\u0259rh\u0259dind\u0259 qar\u015f\u0131durma: 5 n\u0259f\u0259rin \u00f6ld\u00fcy\u00fc bildirilir"},"content":{"rendered":"\n<figure class=\"wp-block-embed is-type-video is-provider-youtube wp-block-embed-youtube wp-embed-aspect-16-9 wp-has-aspect-ratio\"><div class=\"wp-block-embed__wrapper\">\n<iframe title=\"Luqansk v\u0259 Donetskd\u0259ki separat\u00e7\u0131 liderl\u0259r \u0259halinin Rusiyaya k\u00fctl\u0259vi evakuasiyas\u0131n\u0131 elan edibl\u0259r\" width=\"1200\" height=\"675\" data-src=\"https:\/\/www.youtube.com\/embed\/CjbUvj7qkjA?feature=oembed\" frameborder=\"0\" allow=\"accelerometer; autoplay; clipboard-write; encrypted-media; gyroscope; picture-in-picture\" allowfullscreen src=\"data:image\/svg+xml;base64,PHN2ZyB3aWR0aD0iMSIgaGVpZ2h0PSIxIiB4bWxucz0iaHR0cDovL3d3dy53My5vcmcvMjAwMC9zdmciPjwvc3ZnPg==\" class=\"lazyload\" data-load-mode=\"1\"><\/iframe>\n<\/div><\/figure>\n\n\n\n<!--more-->\n\n\n\n<p><em>Donetskd\u0259 f\u00f6vq\u0259lad\u0259 v\u0259ziyy\u0259t elan edilib<\/em><\/p>\n\n\n\n<p>Rusiya s\u0259rh\u0259ddi pozma\u011fa c\u0259hd ed\u0259n 5 n\u0259f\u0259rin \u00f6ld\u00fcr\u00fcld\u00fcy\u00fcn\u00fc <a href=\"https:\/\/www.theguardian.com\/world\/live\/2022\/feb\/21\/russia-ukraine-news-latest-crisis-putin-biden-summit-kyiv-kiev-russian-invasion-threat-live-updates\" target=\"_blank\" rel=\"noreferrer noopener\">bildirib<\/a>.<\/p>\n\n\n\n<p>Rusiya r\u0259smil\u0259ri bildiribl\u0259r ki, rus qo\u015funlar\u0131 v\u0259 s\u0259rh\u0259d\u00e7il\u0259ri \u201cUkrayna t\u0259xribat\u00e7\u0131lar\u0131n\u0131n\u201d ortaq s\u0259rh\u0259dl\u0259rini pozmas\u0131n\u0131n qar\u015f\u0131s\u0131n\u0131 al\u0131blar.<\/p>\n\n\n\n<p>M\u0259lumata g\u00f6r\u0259, Rusiyan\u0131n Rostov vilay\u0259tind\u0259 Ukraynaya m\u0259xsus silahl\u0131 ma\u015f\u0131nlar m\u0259hv edilib.<\/p>\n\n\n\n<p>Ukraynan\u0131n \u015f\u0259rqind\u0259 separat\u00e7\u0131lar\u0131n n\u0259zar\u0259tind\u0259 olan b\u00f6lg\u0259l\u0259rd\u0259n t\u0259xliy\u0259 edil\u0259nl\u0259r Rusiyada m\u0259kt\u0259bl\u0259rin idman zallar\u0131nda m\u00fcv\u0259qq\u0259ti <a href=\"https:\/\/www.theguardian.com\/world\/live\/2022\/feb\/21\/russia-ukraine-news-latest-crisis-putin-biden-summit-kyiv-kiev-russian-invasion-threat-live-updates\" target=\"_blank\" rel=\"noreferrer noopener\">yerl\u0259\u015fdirilib<\/a>.<\/p>\n\n\n\n<p>Fotoqraf Sergey Pivovarovun \u201cReuters\u201d \u00fc\u00e7\u00fcn \u00e7\u0259kdiyi fotodan bel\u0259 ayd\u0131n olur.<\/p>\n\n\n\n<p>Eyni zamanda, Avropa Birliyi \u00f6lk\u0259l\u0259rinin xarici i\u015fl\u0259r nazirl\u0259rinin Br\u00fcsseld\u0259ki g\u00f6r\u00fc\u015f\u00fcnd\u0259 fasil\u0259 zaman\u0131 Litvan\u0131n naziri Qabrielius Landsbergis jurnalistl\u0259r\u0259 bildirib ki, Rusiya qo\u015funlar\u0131 Belarusda qalma\u011fa davam etm\u0259si m\u00f6vzusu m\u00fczakir\u0259 olunub.<\/p>\n\n\n\n<p>O bildirib ki, bu m\u0259s\u0259l\u0259d\u0259 Minsk h\u00f6kum\u0259ti art\u0131q t\u0259r\u0259fsiz oyun\u00e7u kimi g\u00f6r\u00fcnm\u00fcr.<\/p>\n\n\n\n<p>Diplomatik m\u0259nb\u0259l\u0259r h\u0259m\u00e7inin bildiribl\u0259r ki, Avropa Komissiyas\u0131 Almaniyan\u0131n d\u0259st\u0259yi il\u0259 nazirl\u0259rin g\u00f6r\u00fc\u015f\u00fcnd\u0259 Belarusa qar\u015f\u0131 da \u0259lav\u0259 sanksiyalar\u0131n t\u0259tbiqini t\u0259klif edib.<\/p>\n\n\n\n<p>Landsbergis Fransan\u0131n AB\u015e prezidenti Co Biden v\u0259 Vladimir Putin aras\u0131nda zirv\u0259 g\u00f6r\u00fc\u015f\u00fcn\u00fc t\u0259min etm\u0259k s\u0259yl\u0259rini alq\u0131\u015flad\u0131\u011f\u0131n\u0131 deyib. Ancaq o, Rusiya liderinin g\u0259rginliyi azaltmaq ist\u0259diyin\u0259 inanmad\u0131\u011f\u0131n\u0131 s\u00f6yl\u0259yib:<\/p>\n\n\n\n<p>\u201c\u018fg\u0259r onlar (Donbas regionunda) t\u0259mas x\u0259ttini at\u0259\u015f\u0259 tutur, Ukrayna qurumlar\u0131na kiberh\u00fccumlar h\u0259yata ke\u00e7irirl\u0259rs\u0259, qo\u015fun y\u0131\u011f\u0131rlarsa, bu, bizi \u00e7ox \u00e7\u0259tin v\u0259ziyy\u0259td\u0259 qoyur. Bu sah\u0259d\u0259 normal m\u00fczakir\u0259 aparmaq \u00fc\u00e7\u00fcn ilk n\u00f6vb\u0259d\u0259 eskalasiya dayand\u0131r\u0131lmal\u0131d\u0131r\u201d.<\/p>\n\n\n\n<p>Rusiyal\u0131 siyas\u0259t analitiki Tatyana Stanovaya d\u00fc\u015f\u00fcn\u00fcr ki, Co Bayden v\u0259 Vladimir Putin aras\u0131ndak\u0131 zirv\u0259 g\u00f6r\u00fc\u015f\u00fc m\u00fcharib\u0259nin qar\u015f\u0131s\u0131n\u0131 ala bilm\u0259z: \u201c\u018fg\u0259r Q\u0259rb liderl\u0259ri bu g\u00f6r\u00fc\u015f\u00fcn m\u00fcharib\u0259nin qar\u015f\u0131s\u0131n\u0131 alaca\u011f\u0131n\u0131 d\u00fc\u015f\u00fcn\u00fcrl\u0259rs\u0259, bu, \u201cinan\u0131lmaz sad\u0259l\u00f6vhl\u00fck\u201dd\u00fcr\u201d.<\/p>\n\n\n\n<p>Dig\u0259r t\u0259r\u0259fd\u0259n d\u0259 <a href=\"https:\/\/www.rt.com\/russia\/550106-donetsk-request-help-military-moscow\/\" target=\"_blank\" rel=\"noreferrer noopener\">x\u0259b\u0259rl\u0259r<\/a> yay\u0131l\u0131r ki, separat\u00e7\u0131lar\u0131n n\u0259zar\u0259tind\u0259 olan Donetsk vilay\u0259tinin r\u0259smil\u0259ri Kiyev qo\u015funlar\u0131na qar\u015f\u0131 Rusiyadan d\u0259st\u0259k ist\u0259yib.<\/p>\n\n\n\n<p>Fevral\u0131n 21-d\u0259 \u201cSolovyov Live YouTube\u201d kanal\u0131na dan\u0131\u015fan Donetsk Xalq Milisl\u0259rinin s\u00f6z\u00e7\u00fcs\u00fc Eduard Basurin bel\u0259 deyib.<\/p>\n\n\n\n<p>O bildirib ki, Moskva \u201cilk n\u00f6vb\u0259d\u0259\u201d m\u0259n\u0259vi d\u0259st\u0259k g\u00f6st\u0259rm\u0259lidir: \u201cM\u0259ns\u0259 indiki durumda he\u00e7 birind\u0259n imtina etm\u0259zdim. \u00c7\u00fcnki h\u0259rbi yard\u0131m da laz\u0131md\u0131r\u201d.<\/p>\n\n\n\n<p>Eduard Basurin Donbasda m\u00fcharib\u0259nin getdiyini iddia ed\u0259r\u0259k: \u201cV\u0259ziyy\u0259t sad\u0259c\u0259 olaraq \u00e7\u0259tin deyil, h\u0259qiq\u0259t\u0259n d\u0259 kritikdir\u201d, &#8211; deyib.<\/p>\n\n\n\n<p>Bu g\u00fcn h\u0259m\u00e7inin Donetsk r\u0259smil\u0259ri f\u00f6vq\u0259lad\u0259 v\u0259ziyy\u0259t elan edib.<\/p>\n\n\n\n<p>Su nasos stansiyalar\u0131n\u0131n at\u0259\u015f\u0259 tutuldu\u011funu v\u0259 i\u00e7m\u0259li suyu paylaya bilm\u0259dikl\u0259rini bildiribl\u0259r: \u201c\u0130ntensiv artilleriya z\u0259rb\u0259l\u0259ri il\u0259 \u0259laq\u0259dar olaraq, son bir ne\u00e7\u0259 g\u00fcn \u0259rzind\u0259 h\u0259yat t\u0259minat\u0131 sisteml\u0259rinin normal i\u015find\u0259 bir s\u0131ra pozuntular ba\u015f verib&#8221;, &#8211; r\u0259smil\u0259r bildirib. Onlar\u0131n s\u00f6zl\u0259rin\u0259 g\u00f6r\u0259, 21 mind\u0259n \u00e7ox sakin susuz qal\u0131b.<\/p>\n\n\n\n<p>Moskva Q\u0259rbin Rusiyan\u0131n Ukraynan\u0131 i\u015f\u011fal etm\u0259sini planla\u015fd\u0131rmas\u0131 il\u0259 ba\u011fl\u0131 ittihamlar\u0131n\u0131 r\u0259dd edir. H\u0259tta Rusiya \u00f6t\u0259n h\u0259ft\u0259 b\u00f6lg\u0259y\u0259 g\u00f6nd\u0259rdiyi 100 mind\u0259n \u00e7ox \u0259sg\u0259rin bir hiss\u0259sini geri \u00e7\u0259kdiyini bildirib.<\/p>\n\n\n\n<p>Q\u0259rb is\u0259 \u0259h\u0259miyy\u0259tli d\u0259r\u0259c\u0259d\u0259 geri \u00e7\u0259kilm\u0259nin olmad\u0131\u011f\u0131n\u0131 d\u00fc\u015f\u00fcn\u00fcr.<\/p>\n\n\n\n<p>Amerika Birl\u0259\u015fmi\u015f \u015etatlar\u0131 is\u0259 \u00fcmumiyy\u0259tl\u0259, s\u0259rh\u0259dd\u0259 minl\u0259rl\u0259 \u0259sg\u0259rin g\u0259lm\u0259kd\u0259 davam etdiyini s\u00f6yl\u0259yir.<\/p>\n\n\n\n<p>Q\u0259rb \u00f6lk\u0259l\u0259ri d\u0259f\u0259l\u0259rl\u0259 Rusiyan\u0131 h\u00fccuma haqq qazand\u0131rmaq \u00fc\u00e7\u00fcn \u00fcsyan\u00e7\u0131lar\u0131n n\u0259zar\u0259tind\u0259 olan \u0259razil\u0259rd\u0259 insident planla\u015fd\u0131rmaqda ittiham edib.<\/p>\n\n\n\n<p>Moskva is\u0259 \u00f6z n\u00f6vb\u0259sind\u0259 Kiyevi \u0259razil\u0259ri g\u00fcc yolu il\u0259 geri alma\u011fa c\u0259hd etm\u0259k \u00fc\u00e7\u00fcn eskalasiya planla\u015fd\u0131rmaqda g\u00fcnahland\u0131r\u0131b.<\/p>\n\n\n\n<p>Rusiya Ukrayna aras\u0131ndak\u0131 m\u00fcnaqi\u015f\u0259 yeni deyil.<\/p>\n\n\n\n<p>Rusiya 2014-c\u00fc ild\u0259 Ukraynan\u0131n Kr\u0131m yar\u0131madas\u0131n\u0131 ilhaq edib v\u0259 \u00f6lk\u0259nin \u015f\u0259rqind\u0259ki separat\u00e7\u0131lar\u0131 d\u0259st\u0259kl\u0259m\u0259y\u0259 ba\u015flay\u0131b.<\/p>\n\n\n\n<p>H\u0259min vaxtdan davam ed\u0259n m\u00fcnaqi\u015f\u0259d\u0259 13 min 200-d\u0259n \u00e7ox adam \u00f6ld\u00fcr\u00fcl\u00fcb.<\/p>\n","protected":false},"excerpt":{"rendered":"","protected":false},"author":8,"featured_media":235204,"comment_status":"closed","ping_status":"closed","sticky":false,"template":"","format":"standard","meta":{"_acf_changed":false,"_sitemap_exclude":false,"_sitemap_priority":"","_sitemap_frequency":"","footnotes":""},"categories":[64,63,56],"tags":[],"class_list":["post-235207","post","type-post","status-publish","format-standard","has-post-thumbnail","hentry","category-dunya","category-video-2","category-xeberler","infinite-scroll-item","generate-columns","tablet-grid-50","mobile-grid-100","grid-parent","grid-33","no-featured-image-padding"],"acf":[],"yoast_head":"<!-- This site is optimized with the Yoast SEO plugin v27.5 - https:\/\/yoast.com\/product\/yoast-seo-wordpress\/ -->\n<title>Ukrayna-Rusiya s\u0259rh\u0259dind\u0259 qar\u015f\u0131durma: 5 n\u0259f\u0259rin \u00f6ld\u00fcy\u00fc bildirilir - MEYDAN.TV<\/title>\n<meta name=\"robots\" content=\"index, follow, max-snippet:-1, max-image-preview:large, max-video-preview:-1\" \/>\n<link rel=\"canonical\" href=\"https:\/\/www.meydan.tv\/az\/article\/ukrayna-rusiya-serhedinde-qarsidirma-5-neferin-olduyu-bildirilir\/\" \/>\n<meta property=\"og:locale\" content=\"az_AZ\" \/>\n<meta property=\"og:type\" content=\"article\" \/>\n<meta property=\"og:title\" content=\"Ukrayna-Rusiya s\u0259rh\u0259dind\u0259 qar\u015f\u0131durma: 5 n\u0259f\u0259rin \u00f6ld\u00fcy\u00fc bildirilir - MEYDAN.TV\" \/>\n<meta property=\"og:url\" content=\"https:\/\/www.meydan.tv\/az\/article\/ukrayna-rusiya-serhedinde-qarsidirma-5-neferin-olduyu-bildirilir\/\" \/>\n<meta property=\"og:site_name\" content=\"MEYDAN.TV\" \/>\n<meta property=\"article:published_time\" content=\"2022-02-21T13:57:25+00:00\" \/>\n<meta property=\"article:modified_time\" content=\"2022-02-21T16:38:30+00:00\" \/>\n<meta property=\"og:image\" content=\"https:\/\/www.meydan.tv\/wp-content\/uploads\/shutterstock_2083876834.jpg\" \/>\n\t<meta property=\"og:image:width\" content=\"1200\" \/>\n\t<meta property=\"og:image:height\" content=\"482\" \/>\n\t<meta property=\"og:image:type\" content=\"image\/jpeg\" \/>\n<meta name=\"author\" content=\"elli\" \/>\n<meta name=\"twitter:card\" content=\"summary_large_image\" \/>\n<meta name=\"twitter:creator\" content=\"@elli\" \/>\n<script type=\"application\/ld+json\" class=\"yoast-schema-graph\">{\"@context\":\"https:\\\/\\\/schema.org\",\"@graph\":[{\"@type\":\"Article\",\"@id\":\"https:\\\/\\\/www.meydan.tv\\\/az\\\/article\\\/ukrayna-rusiya-serhedinde-qarsidirma-5-neferin-olduyu-bildirilir\\\/#article\",\"isPartOf\":{\"@id\":\"https:\\\/\\\/www.meydan.tv\\\/az\\\/article\\\/ukrayna-rusiya-serhedinde-qarsidirma-5-neferin-olduyu-bildirilir\\\/\"},\"author\":{\"name\":\"elli\",\"@id\":\"https:\\\/\\\/www.meydan.tv\\\/az\\\/#\\\/schema\\\/person\\\/9cdbecf90d17180ce1dfbd95b08dcf47\"},\"headline\":\"Ukrayna-Rusiya s\u0259rh\u0259dind\u0259 qar\u015f\u0131durma: 5 n\u0259f\u0259rin \u00f6ld\u00fcy\u00fc bildirilir\",\"datePublished\":\"2022-02-21T13:57:25+00:00\",\"dateModified\":\"2022-02-21T16:38:30+00:00\",\"mainEntityOfPage\":{\"@id\":\"https:\\\/\\\/www.meydan.tv\\\/az\\\/article\\\/ukrayna-rusiya-serhedinde-qarsidirma-5-neferin-olduyu-bildirilir\\\/\"},\"wordCount\":807,\"publisher\":{\"@id\":\"https:\\\/\\\/www.meydan.tv\\\/az\\\/#organization\"},\"image\":{\"@id\":\"https:\\\/\\\/www.meydan.tv\\\/az\\\/article\\\/ukrayna-rusiya-serhedinde-qarsidirma-5-neferin-olduyu-bildirilir\\\/#primaryimage\"},\"thumbnailUrl\":\"https:\\\/\\\/www.meydan.tv\\\/wp-content\\\/uploads\\\/shutterstock_2083876834.jpg\",\"articleSection\":[\"D\u00fcnya\",\"Video\",\"X\u0259b\u0259rl\u0259r\"],\"inLanguage\":\"az\"},{\"@type\":\"WebPage\",\"@id\":\"https:\\\/\\\/www.meydan.tv\\\/az\\\/article\\\/ukrayna-rusiya-serhedinde-qarsidirma-5-neferin-olduyu-bildirilir\\\/\",\"url\":\"https:\\\/\\\/www.meydan.tv\\\/az\\\/article\\\/ukrayna-rusiya-serhedinde-qarsidirma-5-neferin-olduyu-bildirilir\\\/\",\"name\":\"Ukrayna-Rusiya s\u0259rh\u0259dind\u0259 qar\u015f\u0131durma: 5 n\u0259f\u0259rin \u00f6ld\u00fcy\u00fc bildirilir - MEYDAN.TV\",\"isPartOf\":{\"@id\":\"https:\\\/\\\/www.meydan.tv\\\/az\\\/#website\"},\"primaryImageOfPage\":{\"@id\":\"https:\\\/\\\/www.meydan.tv\\\/az\\\/article\\\/ukrayna-rusiya-serhedinde-qarsidirma-5-neferin-olduyu-bildirilir\\\/#primaryimage\"},\"image\":{\"@id\":\"https:\\\/\\\/www.meydan.tv\\\/az\\\/article\\\/ukrayna-rusiya-serhedinde-qarsidirma-5-neferin-olduyu-bildirilir\\\/#primaryimage\"},\"thumbnailUrl\":\"https:\\\/\\\/www.meydan.tv\\\/wp-content\\\/uploads\\\/shutterstock_2083876834.jpg\",\"datePublished\":\"2022-02-21T13:57:25+00:00\",\"dateModified\":\"2022-02-21T16:38:30+00:00\",\"breadcrumb\":{\"@id\":\"https:\\\/\\\/www.meydan.tv\\\/az\\\/article\\\/ukrayna-rusiya-serhedinde-qarsidirma-5-neferin-olduyu-bildirilir\\\/#breadcrumb\"},\"inLanguage\":\"az\",\"potentialAction\":[{\"@type\":\"ReadAction\",\"target\":[\"https:\\\/\\\/www.meydan.tv\\\/az\\\/article\\\/ukrayna-rusiya-serhedinde-qarsidirma-5-neferin-olduyu-bildirilir\\\/\"]}]},{\"@type\":\"ImageObject\",\"inLanguage\":\"az\",\"@id\":\"https:\\\/\\\/www.meydan.tv\\\/az\\\/article\\\/ukrayna-rusiya-serhedinde-qarsidirma-5-neferin-olduyu-bildirilir\\\/#primaryimage\",\"url\":\"https:\\\/\\\/www.meydan.tv\\\/wp-content\\\/uploads\\\/shutterstock_2083876834.jpg\",\"contentUrl\":\"https:\\\/\\\/www.meydan.tv\\\/wp-content\\\/uploads\\\/shutterstock_2083876834.jpg\",\"width\":1200,\"height\":482,\"caption\":\"Rusiya-Ukrayna. Svetlana Turchenick\\\/shutterstock\"},{\"@type\":\"BreadcrumbList\",\"@id\":\"https:\\\/\\\/www.meydan.tv\\\/az\\\/article\\\/ukrayna-rusiya-serhedinde-qarsidirma-5-neferin-olduyu-bildirilir\\\/#breadcrumb\",\"itemListElement\":[{\"@type\":\"ListItem\",\"position\":1,\"name\":\"Ana s\u0259hif\u0259\",\"item\":\"https:\\\/\\\/www.meydan.tv\\\/az\\\/\"},{\"@type\":\"ListItem\",\"position\":2,\"name\":\"D\u00fcnya\",\"item\":\"https:\\\/\\\/www.meydan.tv\\\/az\\\/section\\\/dunya\\\/\"},{\"@type\":\"ListItem\",\"position\":3,\"name\":\"Ukrayna-Rusiya s\u0259rh\u0259dind\u0259 qar\u015f\u0131durma: 5 n\u0259f\u0259rin \u00f6ld\u00fcy\u00fc bildirilir\"}]},{\"@type\":\"WebSite\",\"@id\":\"https:\\\/\\\/www.meydan.tv\\\/az\\\/#website\",\"url\":\"https:\\\/\\\/www.meydan.tv\\\/az\\\/\",\"name\":\"MEYDAN.TV\",\"description\":\"Meydan TV Az\u0259rbaycan\u0131n media m\u0259kan\u0131ndak\u0131 alternativ s\u0259sidir\",\"publisher\":{\"@id\":\"https:\\\/\\\/www.meydan.tv\\\/az\\\/#organization\"},\"potentialAction\":[{\"@type\":\"SearchAction\",\"target\":{\"@type\":\"EntryPoint\",\"urlTemplate\":\"https:\\\/\\\/www.meydan.tv\\\/az\\\/?s={search_term_string}\"},\"query-input\":{\"@type\":\"PropertyValueSpecification\",\"valueRequired\":true,\"valueName\":\"search_term_string\"}}],\"inLanguage\":\"az\"},{\"@type\":\"Organization\",\"@id\":\"https:\\\/\\\/www.meydan.tv\\\/az\\\/#organization\",\"name\":\"Meydan TV\",\"url\":\"https:\\\/\\\/www.meydan.tv\\\/az\\\/\",\"logo\":{\"@type\":\"ImageObject\",\"inLanguage\":\"az\",\"@id\":\"https:\\\/\\\/www.meydan.tv\\\/az\\\/#\\\/schema\\\/logo\\\/image\\\/\",\"url\":\"https:\\\/\\\/www.meydan.tv\\\/wp-content\\\/uploads\\\/2021\\\/07\\\/meydan-logo.svg\",\"contentUrl\":\"https:\\\/\\\/www.meydan.tv\\\/wp-content\\\/uploads\\\/2021\\\/07\\\/meydan-logo.svg\",\"width\":195,\"height\":46,\"caption\":\"Meydan TV\"},\"image\":{\"@id\":\"https:\\\/\\\/www.meydan.tv\\\/az\\\/#\\\/schema\\\/logo\\\/image\\\/\"}},{\"@type\":\"Person\",\"@id\":\"https:\\\/\\\/www.meydan.tv\\\/az\\\/#\\\/schema\\\/person\\\/9cdbecf90d17180ce1dfbd95b08dcf47\",\"name\":\"elli\",\"sameAs\":[\"https:\\\/\\\/x.com\\\/elli\"]}]}<\/script>\n<!-- \/ Yoast SEO plugin. -->","yoast_head_json":{"title":"Ukrayna-Rusiya s\u0259rh\u0259dind\u0259 qar\u015f\u0131durma: 5 n\u0259f\u0259rin \u00f6ld\u00fcy\u00fc bildirilir - MEYDAN.TV","robots":{"index":"index","follow":"follow","max-snippet":"max-snippet:-1","max-image-preview":"max-image-preview:large","max-video-preview":"max-video-preview:-1"},"canonical":"https:\/\/www.meydan.tv\/az\/article\/ukrayna-rusiya-serhedinde-qarsidirma-5-neferin-olduyu-bildirilir\/","og_locale":"az_AZ","og_type":"article","og_title":"Ukrayna-Rusiya s\u0259rh\u0259dind\u0259 qar\u015f\u0131durma: 5 n\u0259f\u0259rin \u00f6ld\u00fcy\u00fc bildirilir - MEYDAN.TV","og_url":"https:\/\/www.meydan.tv\/az\/article\/ukrayna-rusiya-serhedinde-qarsidirma-5-neferin-olduyu-bildirilir\/","og_site_name":"MEYDAN.TV","article_published_time":"2022-02-21T13:57:25+00:00","article_modified_time":"2022-02-21T16:38:30+00:00","og_image":[{"width":1200,"height":482,"url":"https:\/\/www.meydan.tv\/wp-content\/uploads\/shutterstock_2083876834.jpg","type":"image\/jpeg"}],"author":"elli","twitter_card":"summary_large_image","twitter_creator":"@elli","schema":{"@context":"https:\/\/schema.org","@graph":[{"@type":"Article","@id":"https:\/\/www.meydan.tv\/az\/article\/ukrayna-rusiya-serhedinde-qarsidirma-5-neferin-olduyu-bildirilir\/#article","isPartOf":{"@id":"https:\/\/www.meydan.tv\/az\/article\/ukrayna-rusiya-serhedinde-qarsidirma-5-neferin-olduyu-bildirilir\/"},"author":{"name":"elli","@id":"https:\/\/www.meydan.tv\/az\/#\/schema\/person\/9cdbecf90d17180ce1dfbd95b08dcf47"},"headline":"Ukrayna-Rusiya s\u0259rh\u0259dind\u0259 qar\u015f\u0131durma: 5 n\u0259f\u0259rin \u00f6ld\u00fcy\u00fc bildirilir","datePublished":"2022-02-21T13:57:25+00:00","dateModified":"2022-02-21T16:38:30+00:00","mainEntityOfPage":{"@id":"https:\/\/www.meydan.tv\/az\/article\/ukrayna-rusiya-serhedinde-qarsidirma-5-neferin-olduyu-bildirilir\/"},"wordCount":807,"publisher":{"@id":"https:\/\/www.meydan.tv\/az\/#organization"},"image":{"@id":"https:\/\/www.meydan.tv\/az\/article\/ukrayna-rusiya-serhedinde-qarsidirma-5-neferin-olduyu-bildirilir\/#primaryimage"},"thumbnailUrl":"https:\/\/www.meydan.tv\/wp-content\/uploads\/shutterstock_2083876834.jpg","articleSection":["D\u00fcnya","Video","X\u0259b\u0259rl\u0259r"],"inLanguage":"az"},{"@type":"WebPage","@id":"https:\/\/www.meydan.tv\/az\/article\/ukrayna-rusiya-serhedinde-qarsidirma-5-neferin-olduyu-bildirilir\/","url":"https:\/\/www.meydan.tv\/az\/article\/ukrayna-rusiya-serhedinde-qarsidirma-5-neferin-olduyu-bildirilir\/","name":"Ukrayna-Rusiya s\u0259rh\u0259dind\u0259 qar\u015f\u0131durma: 5 n\u0259f\u0259rin \u00f6ld\u00fcy\u00fc bildirilir - MEYDAN.TV","isPartOf":{"@id":"https:\/\/www.meydan.tv\/az\/#website"},"primaryImageOfPage":{"@id":"https:\/\/www.meydan.tv\/az\/article\/ukrayna-rusiya-serhedinde-qarsidirma-5-neferin-olduyu-bildirilir\/#primaryimage"},"image":{"@id":"https:\/\/www.meydan.tv\/az\/article\/ukrayna-rusiya-serhedinde-qarsidirma-5-neferin-olduyu-bildirilir\/#primaryimage"},"thumbnailUrl":"https:\/\/www.meydan.tv\/wp-content\/uploads\/shutterstock_2083876834.jpg","datePublished":"2022-02-21T13:57:25+00:00","dateModified":"2022-02-21T16:38:30+00:00","breadcrumb":{"@id":"https:\/\/www.meydan.tv\/az\/article\/ukrayna-rusiya-serhedinde-qarsidirma-5-neferin-olduyu-bildirilir\/#breadcrumb"},"inLanguage":"az","potentialAction":[{"@type":"ReadAction","target":["https:\/\/www.meydan.tv\/az\/article\/ukrayna-rusiya-serhedinde-qarsidirma-5-neferin-olduyu-bildirilir\/"]}]},{"@type":"ImageObject","inLanguage":"az","@id":"https:\/\/www.meydan.tv\/az\/article\/ukrayna-rusiya-serhedinde-qarsidirma-5-neferin-olduyu-bildirilir\/#primaryimage","url":"https:\/\/www.meydan.tv\/wp-content\/uploads\/shutterstock_2083876834.jpg","contentUrl":"https:\/\/www.meydan.tv\/wp-content\/uploads\/shutterstock_2083876834.jpg","width":1200,"height":482,"caption":"Rusiya-Ukrayna. Svetlana Turchenick\/shutterstock"},{"@type":"BreadcrumbList","@id":"https:\/\/www.meydan.tv\/az\/article\/ukrayna-rusiya-serhedinde-qarsidirma-5-neferin-olduyu-bildirilir\/#breadcrumb","itemListElement":[{"@type":"ListItem","position":1,"name":"Ana s\u0259hif\u0259","item":"https:\/\/www.meydan.tv\/az\/"},{"@type":"ListItem","position":2,"name":"D\u00fcnya","item":"https:\/\/www.meydan.tv\/az\/section\/dunya\/"},{"@type":"ListItem","position":3,"name":"Ukrayna-Rusiya s\u0259rh\u0259dind\u0259 qar\u015f\u0131durma: 5 n\u0259f\u0259rin \u00f6ld\u00fcy\u00fc bildirilir"}]},{"@type":"WebSite","@id":"https:\/\/www.meydan.tv\/az\/#website","url":"https:\/\/www.meydan.tv\/az\/","name":"MEYDAN.TV","description":"Meydan TV Az\u0259rbaycan\u0131n media m\u0259kan\u0131ndak\u0131 alternativ s\u0259sidir","publisher":{"@id":"https:\/\/www.meydan.tv\/az\/#organization"},"potentialAction":[{"@type":"SearchAction","target":{"@type":"EntryPoint","urlTemplate":"https:\/\/www.meydan.tv\/az\/?s={search_term_string}"},"query-input":{"@type":"PropertyValueSpecification","valueRequired":true,"valueName":"search_term_string"}}],"inLanguage":"az"},{"@type":"Organization","@id":"https:\/\/www.meydan.tv\/az\/#organization","name":"Meydan TV","url":"https:\/\/www.meydan.tv\/az\/","logo":{"@type":"ImageObject","inLanguage":"az","@id":"https:\/\/www.meydan.tv\/az\/#\/schema\/logo\/image\/","url":"https:\/\/www.meydan.tv\/wp-content\/uploads\/2021\/07\/meydan-logo.svg","contentUrl":"https:\/\/www.meydan.tv\/wp-content\/uploads\/2021\/07\/meydan-logo.svg","width":195,"height":46,"caption":"Meydan TV"},"image":{"@id":"https:\/\/www.meydan.tv\/az\/#\/schema\/logo\/image\/"}},{"@type":"Person","@id":"https:\/\/www.meydan.tv\/az\/#\/schema\/person\/9cdbecf90d17180ce1dfbd95b08dcf47","name":"elli","sameAs":["https:\/\/x.com\/elli"]}]}},"_links":{"self":[{"href":"https:\/\/www.meydan.tv\/az\/wp-json\/wp\/v2\/posts\/235207","targetHints":{"allow":["GET"]}}],"collection":[{"href":"https:\/\/www.meydan.tv\/az\/wp-json\/wp\/v2\/posts"}],"about":[{"href":"https:\/\/www.meydan.tv\/az\/wp-json\/wp\/v2\/types\/post"}],"author":[{"embeddable":true,"href":"https:\/\/www.meydan.tv\/az\/wp-json\/wp\/v2\/users\/8"}],"replies":[{"embeddable":true,"href":"https:\/\/www.meydan.tv\/az\/wp-json\/wp\/v2\/comments?post=235207"}],"version-history":[{"count":3,"href":"https:\/\/www.meydan.tv\/az\/wp-json\/wp\/v2\/posts\/235207\/revisions"}],"predecessor-version":[{"id":235221,"href":"https:\/\/www.meydan.tv\/az\/wp-json\/wp\/v2\/posts\/235207\/revisions\/235221"}],"wp:featuredmedia":[{"embeddable":true,"href":"https:\/\/www.meydan.tv\/az\/wp-json\/wp\/v2\/media\/235204"}],"wp:attachment":[{"href":"https:\/\/www.meydan.tv\/az\/wp-json\/wp\/v2\/media?parent=235207"}],"wp:term":[{"taxonomy":"category","embeddable":true,"href":"https:\/\/www.meydan.tv\/az\/wp-json\/wp\/v2\/categories?post=235207"},{"taxonomy":"post_tag","embeddable":true,"href":"https:\/\/www.meydan.tv\/az\/wp-json\/wp\/v2\/tags?post=235207"}],"curies":[{"name":"wp","href":"https:\/\/api.w.org\/{rel}","templated":true}]}}