{"id":235173,"date":"2022-02-21T16:22:59","date_gmt":"2022-02-21T12:22:59","guid":{"rendered":"https:\/\/www.meydan.tv\/?p=235173"},"modified":"2022-02-21T16:23:01","modified_gmt":"2022-02-21T12:23:01","slug":"yadullayevin-tukurpedici-etirafi","status":"publish","type":"post","link":"https:\/\/www.meydan.tv\/az\/article\/yadullayevin-tukurpedici-etirafi\/","title":{"rendered":"Yadullayevin \u201ct\u00fck\u00fcrp\u0259dici\u201d etiraf\u0131"},"content":{"rendered":"\n<p><em>Az\u0259rbaycan futbolunun tarixi ba\u015fdan-aya\u011fa saxtad\u0131r, yaland\u0131r!<\/em><br><br>Bir ne\u00e7\u0259 g\u00fcn \u0259vv\u0259l ke\u00e7mi\u015f futbol\u00e7u \u0130lham Yadullayevin \u201cFutbol+\u201d q\u0259zetin\u0259 m\u00fcsahib\u0259sind\u0259n bir par\u00e7a diqq\u0259timi \u00e7\u0259kdi. Oxudum. Sonra g\u00f6zl\u0259rimi silib, bir daha oxudum. D\u0259h\u015f\u0259t! Fantastika! Mistika!<br><\/p>\n\n\n\n<p>Yadullayevin adam\u0131n qan\u0131n\u0131 donduran h\u0259min a\u00e7\u0131qlamas\u0131na bir daha g\u00f6z ataq:<br>&#8220;Vil\u0259\u015f&#8221;in yax\u015f\u0131 vaxt\u0131nda MO\u0130K-l\u0259 Masall\u0131ya getmi\u015fdik. \u0130lk hiss\u0259d\u0259 bizi \u00e7ox s\u0131xsalar da, qol buraxmad\u0131q. \u0130kinci hiss\u0259d\u0259 hiss etdik ki, hakimin k\u00f6m\u0259yiyl\u0259 n\u0259s\u0259 ed\u0259c\u0259kl\u0259r. Bir epizodda Alay B\u0259hramova s\u00fcr\u00fc\u015fm\u0259 f\u0259ndi etdim. Sumqay\u0131tl\u0131 hakim\u0259 d\u0259 el\u0259 bu laz\u0131m idi. Cibind\u0259n &#8220;q\u0131rm\u0131z\u0131&#8221; \u00e7\u0131xard\u0131. Elxan M\u00fcsl\u00fcmov q\u0259rara etiraz edinc\u0259, ona da &#8220;q\u0131rm\u0131z\u0131&#8221; verdi. \u00c7ox t\u0259cr\u00fcb\u0259li hakim idi. Ba\u015fa d\u00fc\u015f\u00fcrd\u00fc ki, &#8220;Vil\u0259\u015f&#8221;\u0259 k\u00f6m\u0259k \u00fc\u00e7\u00fcn bundan yax\u015f\u0131 f\u00fcrs\u0259t ola bilm\u0259z. Elxana &#8220;q\u0131rm\u0131z\u0131&#8221; g\u00f6st\u0259r\u0259nd\u0259 Alim Qurbanov yax\u0131nla\u015f\u0131b etiraz etdi v\u0259 ona da &#8220;q\u0131rm\u0131z\u0131&#8221; g\u00f6st\u0259rdi. Bunu g\u00f6r\u0259n Alim hakim\u0259 dedi ki, &#8220;m\u0259n meydandan \u00e7\u0131xmayacam&#8221;. Hakim &#8220;\u00e7\u0131x&#8221; deyir, Alim d\u0259 s\u00f6y\u00fc\u015f qoyur ki, \u00f6z pay\u0131ma, \u00e7\u0131xan bel\u0259-bel\u0259 olsun. \u0130ndi hakim bilmir Qurbanovu nec\u0259 meydandan \u00e7\u0131xars\u0131n. Ham\u0131m\u0131z da maraqla onlar\u0131n dialoquna qulaq as\u0131r\u0131q. Ax\u0131rda hakim qay\u0131td\u0131 ki, &#8220;yax\u015f\u0131, s\u0259n qal, \u0130lhamla Elxan \u00e7\u0131xacaqlar&#8221;. Alim bu t\u0259klifl\u0259 raz\u0131la\u015fd\u0131. Biz qovulduq, Alim is\u0259 q\u0131rm\u0131z\u0131 v\u0259r\u0259q\u0259y\u0259 baxmayaraq, meydanda qald\u0131. 9 n\u0259f\u0259rl\u0259 0:1 hesab\u0131 il\u0259 uduzduq&#8221;.<br><\/p>\n\n\n\n<p>Bu \u0259hvalat hans\u0131sa m\u0259h\u0259ll\u0259nin \u201ccay\u0131llar\u201d\u0131n\u0131n ax\u015fam\u00fcst\u00fc y\u0131\u011f\u0131\u015f\u0131b, top-top oynad\u0131qlar\u0131 oyunda ba\u015f verm\u0259yib. \u018fhvalat loqosu, \u0259sasnam\u0259si olan, F\u0130FA, UEFA t\u0259r\u0259find\u0259n tan\u0131nan futbol \u00fczr\u0259 Az\u0259rbaycan \u00e7empionat\u0131nda ger\u00e7\u0259kl\u0259\u015fib.<br><\/p>\n\n\n\n<p>\u00d6t\u0259n \u0259srin sonlar\u0131nda, ya\u015fad\u0131\u011f\u0131m\u0131z \u0259srin \u0259vv\u0259ll\u0259rind\u0259 futbol \u00fczr\u0259 Az\u0259rbaycan \u00e7empionatlar\u0131nda oyun alverinin, hakim-futbol\u00e7u \u00f6zba\u015f\u0131nal\u0131qlar\u0131n\u0131n bol olmas\u0131 he\u00e7 kim\u0259 sirr deyil. O d\u00f6vrl\u0259 ba\u011fl\u0131 \u00e7ox \u0259hvalatlar, xatir\u0259l\u0259r var. H\u0259min d\u00f6vr\u0259 qay\u0131d\u0131b, kiml\u0259rins\u0259 yaxas\u0131ndan yap\u0131\u015fmaq, olanlara g\u00f6r\u0259 hesab t\u0259l\u0259b etm\u0259k \u00e7\u0259tindir. Amma\u2026<br><\/p>\n\n\n\n<p>B\u00fct\u00fcn bu biab\u0131r\u00e7\u0131l\u0131qlar\u0131n \u00fcst\u00fcnd\u0259n s\u00fckutla ke\u00e7m\u0259k d\u0259 m\u00fcmk\u00fcn deyil. H\u0259min futbol mat\u00e7lar\u0131n\u0131n n\u0259tic\u0259l\u0259ri Az\u0259rbaycanda \u00e7empionlar\u0131, kubok sahibl\u0259rini m\u00fc\u0259yy\u0259nl\u0259\u015fdirib, statistikaya \u00e7evrilib, tariximiz\u0259 yaz\u0131l\u0131b. <\/p>\n\n\n\n<p>Normalda, el\u0259 h\u0259min \u201cVil\u0259\u015f\u201d \u2013 MO\u0130K oyununun n\u0259tic\u0259si l\u0259\u011fv edilm\u0259lidir. \u00c7\u00fcnki futbol ad\u0131na l\u0259k\u0259li, r\u00fcsvay\u00e7\u0131 hadis\u0259 ba\u015f verib, qanun-qayda pozuntusu olub, g\u00f6r\u00fc\u015f\u00fcn n\u0259tic\u0259si ke\u00e7\u0259rsiz sa-y\u0131l-ma-l\u0131-d\u0131r! Amma bunu kim ed\u0259c\u0259k? R\u00f6vn\u0259q Abdullayevl\u0259 Elxan M\u0259mm\u0259dovun AFFA-s\u0131, yoxsa Ramin Musayevin PFL-\u0130? Oyunun canl\u0131 i\u015ftirak\u00e7\u0131s\u0131 olmu\u015f ke\u00e7mi\u015f futbol\u00e7u \u00f6z\u00fc \u00f6z diliyl\u0259 h\u0259r \u015feyi etiraf edir. Bundan b\u00f6y\u00fck fakt, s\u00fcbut?<br>Az\u0259rbaycan futbolunun tarixi ba\u015fdan-aya\u011fa saxtad\u0131r, yaland\u0131r! He\u00e7 olmasa, bunu q\u0259bul edirsiz?<\/p>\n","protected":false},"excerpt":{"rendered":"<p>Az\u0259rbaycan futbolunun tarixi ba\u015fdan-aya\u011fa saxtad\u0131r, yaland\u0131r! Bir ne\u00e7\u0259 g\u00fcn \u0259vv\u0259l &#8230; <\/p>\n<p class=\"read-more-container\"><a title=\"Yadullayevin \u201ct\u00fck\u00fcrp\u0259dici\u201d etiraf\u0131\" class=\"read-more button\" href=\"https:\/\/www.meydan.tv\/az\/article\/yadullayevin-tukurpedici-etirafi\/#more-235173\" aria-label=\"Read more about Yadullayevin \u201ct\u00fck\u00fcrp\u0259dici\u201d etiraf\u0131\">Davam\u0131<\/a><\/p>\n","protected":false},"author":8,"featured_media":235170,"comment_status":"closed","ping_status":"closed","sticky":false,"template":"","format":"standard","meta":{"_acf_changed":false,"_sitemap_exclude":false,"_sitemap_priority":"","_sitemap_frequency":"","footnotes":""},"categories":[57],"tags":[],"class_list":["post-235173","post","type-post","status-publish","format-standard","has-post-thumbnail","hentry","category-menim-fikrimce","infinite-scroll-item","generate-columns","tablet-grid-50","mobile-grid-100","grid-parent","grid-33","no-featured-image-padding"],"acf":[],"yoast_head":"<!-- This site is optimized with the Yoast SEO plugin v27.4 - https:\/\/yoast.com\/product\/yoast-seo-wordpress\/ -->\n<title>Yadullayevin \u201ct\u00fck\u00fcrp\u0259dici\u201d etiraf\u0131 - MEYDAN.TV<\/title>\n<meta name=\"robots\" content=\"index, follow, max-snippet:-1, max-image-preview:large, max-video-preview:-1\" \/>\n<link rel=\"canonical\" href=\"https:\/\/www.meydan.tv\/az\/article\/yadullayevin-tukurpedici-etirafi\/\" \/>\n<meta property=\"og:locale\" content=\"az_AZ\" \/>\n<meta property=\"og:type\" content=\"article\" \/>\n<meta property=\"og:title\" content=\"Yadullayevin \u201ct\u00fck\u00fcrp\u0259dici\u201d etiraf\u0131 - MEYDAN.TV\" \/>\n<meta property=\"og:description\" content=\"Az\u0259rbaycan futbolunun tarixi ba\u015fdan-aya\u011fa saxtad\u0131r, yaland\u0131r! Bir ne\u00e7\u0259 g\u00fcn \u0259vv\u0259l ... Davam\u0131\" \/>\n<meta property=\"og:url\" content=\"https:\/\/www.meydan.tv\/az\/article\/yadullayevin-tukurpedici-etirafi\/\" \/>\n<meta property=\"og:site_name\" content=\"MEYDAN.TV\" \/>\n<meta property=\"article:published_time\" content=\"2022-02-21T12:22:59+00:00\" \/>\n<meta property=\"article:modified_time\" content=\"2022-02-21T12:23:01+00:00\" \/>\n<meta property=\"og:image\" content=\"https:\/\/www.meydan.tv\/wp-content\/uploads\/1576270753360_lximujij-e1645446156168.jpeg\" \/>\n\t<meta property=\"og:image:width\" content=\"1200\" \/>\n\t<meta property=\"og:image:height\" content=\"561\" \/>\n\t<meta property=\"og:image:type\" content=\"image\/jpeg\" \/>\n<meta name=\"author\" content=\"elli\" \/>\n<meta name=\"twitter:card\" content=\"summary_large_image\" \/>\n<meta name=\"twitter:creator\" content=\"@elli\" \/>\n<script type=\"application\/ld+json\" class=\"yoast-schema-graph\">{\"@context\":\"https:\\\/\\\/schema.org\",\"@graph\":[{\"@type\":\"Article\",\"@id\":\"https:\\\/\\\/www.meydan.tv\\\/az\\\/article\\\/yadullayevin-tukurpedici-etirafi\\\/#article\",\"isPartOf\":{\"@id\":\"https:\\\/\\\/www.meydan.tv\\\/az\\\/article\\\/yadullayevin-tukurpedici-etirafi\\\/\"},\"author\":{\"name\":\"elli\",\"@id\":\"https:\\\/\\\/www.meydan.tv\\\/az\\\/#\\\/schema\\\/person\\\/9cdbecf90d17180ce1dfbd95b08dcf47\"},\"headline\":\"Yadullayevin \u201ct\u00fck\u00fcrp\u0259dici\u201d etiraf\u0131\",\"datePublished\":\"2022-02-21T12:22:59+00:00\",\"dateModified\":\"2022-02-21T12:23:01+00:00\",\"mainEntityOfPage\":{\"@id\":\"https:\\\/\\\/www.meydan.tv\\\/az\\\/article\\\/yadullayevin-tukurpedici-etirafi\\\/\"},\"wordCount\":555,\"publisher\":{\"@id\":\"https:\\\/\\\/www.meydan.tv\\\/az\\\/#organization\"},\"image\":{\"@id\":\"https:\\\/\\\/www.meydan.tv\\\/az\\\/article\\\/yadullayevin-tukurpedici-etirafi\\\/#primaryimage\"},\"thumbnailUrl\":\"https:\\\/\\\/www.meydan.tv\\\/wp-content\\\/uploads\\\/1576270753360_lximujij-e1645446156168.jpeg\",\"articleSection\":[\"M\u0259nim Fikrimc\u0259\"],\"inLanguage\":\"az\"},{\"@type\":\"WebPage\",\"@id\":\"https:\\\/\\\/www.meydan.tv\\\/az\\\/article\\\/yadullayevin-tukurpedici-etirafi\\\/\",\"url\":\"https:\\\/\\\/www.meydan.tv\\\/az\\\/article\\\/yadullayevin-tukurpedici-etirafi\\\/\",\"name\":\"Yadullayevin \u201ct\u00fck\u00fcrp\u0259dici\u201d etiraf\u0131 - MEYDAN.TV\",\"isPartOf\":{\"@id\":\"https:\\\/\\\/www.meydan.tv\\\/az\\\/#website\"},\"primaryImageOfPage\":{\"@id\":\"https:\\\/\\\/www.meydan.tv\\\/az\\\/article\\\/yadullayevin-tukurpedici-etirafi\\\/#primaryimage\"},\"image\":{\"@id\":\"https:\\\/\\\/www.meydan.tv\\\/az\\\/article\\\/yadullayevin-tukurpedici-etirafi\\\/#primaryimage\"},\"thumbnailUrl\":\"https:\\\/\\\/www.meydan.tv\\\/wp-content\\\/uploads\\\/1576270753360_lximujij-e1645446156168.jpeg\",\"datePublished\":\"2022-02-21T12:22:59+00:00\",\"dateModified\":\"2022-02-21T12:23:01+00:00\",\"breadcrumb\":{\"@id\":\"https:\\\/\\\/www.meydan.tv\\\/az\\\/article\\\/yadullayevin-tukurpedici-etirafi\\\/#breadcrumb\"},\"inLanguage\":\"az\",\"potentialAction\":[{\"@type\":\"ReadAction\",\"target\":[\"https:\\\/\\\/www.meydan.tv\\\/az\\\/article\\\/yadullayevin-tukurpedici-etirafi\\\/\"]}]},{\"@type\":\"ImageObject\",\"inLanguage\":\"az\",\"@id\":\"https:\\\/\\\/www.meydan.tv\\\/az\\\/article\\\/yadullayevin-tukurpedici-etirafi\\\/#primaryimage\",\"url\":\"https:\\\/\\\/www.meydan.tv\\\/wp-content\\\/uploads\\\/1576270753360_lximujij-e1645446156168.jpeg\",\"contentUrl\":\"https:\\\/\\\/www.meydan.tv\\\/wp-content\\\/uploads\\\/1576270753360_lximujij-e1645446156168.jpeg\",\"width\":1200,\"height\":561,\"caption\":\"\u0130lham Yadullayev, M\u0259nb\u0259: APA\"},{\"@type\":\"BreadcrumbList\",\"@id\":\"https:\\\/\\\/www.meydan.tv\\\/az\\\/article\\\/yadullayevin-tukurpedici-etirafi\\\/#breadcrumb\",\"itemListElement\":[{\"@type\":\"ListItem\",\"position\":1,\"name\":\"Ana s\u0259hif\u0259\",\"item\":\"https:\\\/\\\/www.meydan.tv\\\/az\\\/\"},{\"@type\":\"ListItem\",\"position\":2,\"name\":\"M\u0259nim Fikrimc\u0259\",\"item\":\"https:\\\/\\\/www.meydan.tv\\\/az\\\/section\\\/menim-fikrimce\\\/\"},{\"@type\":\"ListItem\",\"position\":3,\"name\":\"Yadullayevin \u201ct\u00fck\u00fcrp\u0259dici\u201d etiraf\u0131\"}]},{\"@type\":\"WebSite\",\"@id\":\"https:\\\/\\\/www.meydan.tv\\\/az\\\/#website\",\"url\":\"https:\\\/\\\/www.meydan.tv\\\/az\\\/\",\"name\":\"MEYDAN.TV\",\"description\":\"Meydan TV Az\u0259rbaycan\u0131n media m\u0259kan\u0131ndak\u0131 alternativ s\u0259sidir\",\"publisher\":{\"@id\":\"https:\\\/\\\/www.meydan.tv\\\/az\\\/#organization\"},\"potentialAction\":[{\"@type\":\"SearchAction\",\"target\":{\"@type\":\"EntryPoint\",\"urlTemplate\":\"https:\\\/\\\/www.meydan.tv\\\/az\\\/?s={search_term_string}\"},\"query-input\":{\"@type\":\"PropertyValueSpecification\",\"valueRequired\":true,\"valueName\":\"search_term_string\"}}],\"inLanguage\":\"az\"},{\"@type\":\"Organization\",\"@id\":\"https:\\\/\\\/www.meydan.tv\\\/az\\\/#organization\",\"name\":\"Meydan TV\",\"url\":\"https:\\\/\\\/www.meydan.tv\\\/az\\\/\",\"logo\":{\"@type\":\"ImageObject\",\"inLanguage\":\"az\",\"@id\":\"https:\\\/\\\/www.meydan.tv\\\/az\\\/#\\\/schema\\\/logo\\\/image\\\/\",\"url\":\"https:\\\/\\\/www.meydan.tv\\\/wp-content\\\/uploads\\\/2021\\\/07\\\/meydan-logo.svg\",\"contentUrl\":\"https:\\\/\\\/www.meydan.tv\\\/wp-content\\\/uploads\\\/2021\\\/07\\\/meydan-logo.svg\",\"width\":195,\"height\":46,\"caption\":\"Meydan TV\"},\"image\":{\"@id\":\"https:\\\/\\\/www.meydan.tv\\\/az\\\/#\\\/schema\\\/logo\\\/image\\\/\"}},{\"@type\":\"Person\",\"@id\":\"https:\\\/\\\/www.meydan.tv\\\/az\\\/#\\\/schema\\\/person\\\/9cdbecf90d17180ce1dfbd95b08dcf47\",\"name\":\"elli\",\"sameAs\":[\"https:\\\/\\\/x.com\\\/elli\"]}]}<\/script>\n<!-- \/ Yoast SEO plugin. -->","yoast_head_json":{"title":"Yadullayevin \u201ct\u00fck\u00fcrp\u0259dici\u201d etiraf\u0131 - MEYDAN.TV","robots":{"index":"index","follow":"follow","max-snippet":"max-snippet:-1","max-image-preview":"max-image-preview:large","max-video-preview":"max-video-preview:-1"},"canonical":"https:\/\/www.meydan.tv\/az\/article\/yadullayevin-tukurpedici-etirafi\/","og_locale":"az_AZ","og_type":"article","og_title":"Yadullayevin \u201ct\u00fck\u00fcrp\u0259dici\u201d etiraf\u0131 - MEYDAN.TV","og_description":"Az\u0259rbaycan futbolunun tarixi ba\u015fdan-aya\u011fa saxtad\u0131r, yaland\u0131r! Bir ne\u00e7\u0259 g\u00fcn \u0259vv\u0259l ... Davam\u0131","og_url":"https:\/\/www.meydan.tv\/az\/article\/yadullayevin-tukurpedici-etirafi\/","og_site_name":"MEYDAN.TV","article_published_time":"2022-02-21T12:22:59+00:00","article_modified_time":"2022-02-21T12:23:01+00:00","og_image":[{"width":1200,"height":561,"url":"https:\/\/www.meydan.tv\/wp-content\/uploads\/1576270753360_lximujij-e1645446156168.jpeg","type":"image\/jpeg"}],"author":"elli","twitter_card":"summary_large_image","twitter_creator":"@elli","schema":{"@context":"https:\/\/schema.org","@graph":[{"@type":"Article","@id":"https:\/\/www.meydan.tv\/az\/article\/yadullayevin-tukurpedici-etirafi\/#article","isPartOf":{"@id":"https:\/\/www.meydan.tv\/az\/article\/yadullayevin-tukurpedici-etirafi\/"},"author":{"name":"elli","@id":"https:\/\/www.meydan.tv\/az\/#\/schema\/person\/9cdbecf90d17180ce1dfbd95b08dcf47"},"headline":"Yadullayevin \u201ct\u00fck\u00fcrp\u0259dici\u201d etiraf\u0131","datePublished":"2022-02-21T12:22:59+00:00","dateModified":"2022-02-21T12:23:01+00:00","mainEntityOfPage":{"@id":"https:\/\/www.meydan.tv\/az\/article\/yadullayevin-tukurpedici-etirafi\/"},"wordCount":555,"publisher":{"@id":"https:\/\/www.meydan.tv\/az\/#organization"},"image":{"@id":"https:\/\/www.meydan.tv\/az\/article\/yadullayevin-tukurpedici-etirafi\/#primaryimage"},"thumbnailUrl":"https:\/\/www.meydan.tv\/wp-content\/uploads\/1576270753360_lximujij-e1645446156168.jpeg","articleSection":["M\u0259nim Fikrimc\u0259"],"inLanguage":"az"},{"@type":"WebPage","@id":"https:\/\/www.meydan.tv\/az\/article\/yadullayevin-tukurpedici-etirafi\/","url":"https:\/\/www.meydan.tv\/az\/article\/yadullayevin-tukurpedici-etirafi\/","name":"Yadullayevin \u201ct\u00fck\u00fcrp\u0259dici\u201d etiraf\u0131 - MEYDAN.TV","isPartOf":{"@id":"https:\/\/www.meydan.tv\/az\/#website"},"primaryImageOfPage":{"@id":"https:\/\/www.meydan.tv\/az\/article\/yadullayevin-tukurpedici-etirafi\/#primaryimage"},"image":{"@id":"https:\/\/www.meydan.tv\/az\/article\/yadullayevin-tukurpedici-etirafi\/#primaryimage"},"thumbnailUrl":"https:\/\/www.meydan.tv\/wp-content\/uploads\/1576270753360_lximujij-e1645446156168.jpeg","datePublished":"2022-02-21T12:22:59+00:00","dateModified":"2022-02-21T12:23:01+00:00","breadcrumb":{"@id":"https:\/\/www.meydan.tv\/az\/article\/yadullayevin-tukurpedici-etirafi\/#breadcrumb"},"inLanguage":"az","potentialAction":[{"@type":"ReadAction","target":["https:\/\/www.meydan.tv\/az\/article\/yadullayevin-tukurpedici-etirafi\/"]}]},{"@type":"ImageObject","inLanguage":"az","@id":"https:\/\/www.meydan.tv\/az\/article\/yadullayevin-tukurpedici-etirafi\/#primaryimage","url":"https:\/\/www.meydan.tv\/wp-content\/uploads\/1576270753360_lximujij-e1645446156168.jpeg","contentUrl":"https:\/\/www.meydan.tv\/wp-content\/uploads\/1576270753360_lximujij-e1645446156168.jpeg","width":1200,"height":561,"caption":"\u0130lham Yadullayev, M\u0259nb\u0259: APA"},{"@type":"BreadcrumbList","@id":"https:\/\/www.meydan.tv\/az\/article\/yadullayevin-tukurpedici-etirafi\/#breadcrumb","itemListElement":[{"@type":"ListItem","position":1,"name":"Ana s\u0259hif\u0259","item":"https:\/\/www.meydan.tv\/az\/"},{"@type":"ListItem","position":2,"name":"M\u0259nim Fikrimc\u0259","item":"https:\/\/www.meydan.tv\/az\/section\/menim-fikrimce\/"},{"@type":"ListItem","position":3,"name":"Yadullayevin \u201ct\u00fck\u00fcrp\u0259dici\u201d etiraf\u0131"}]},{"@type":"WebSite","@id":"https:\/\/www.meydan.tv\/az\/#website","url":"https:\/\/www.meydan.tv\/az\/","name":"MEYDAN.TV","description":"Meydan TV Az\u0259rbaycan\u0131n media m\u0259kan\u0131ndak\u0131 alternativ s\u0259sidir","publisher":{"@id":"https:\/\/www.meydan.tv\/az\/#organization"},"potentialAction":[{"@type":"SearchAction","target":{"@type":"EntryPoint","urlTemplate":"https:\/\/www.meydan.tv\/az\/?s={search_term_string}"},"query-input":{"@type":"PropertyValueSpecification","valueRequired":true,"valueName":"search_term_string"}}],"inLanguage":"az"},{"@type":"Organization","@id":"https:\/\/www.meydan.tv\/az\/#organization","name":"Meydan TV","url":"https:\/\/www.meydan.tv\/az\/","logo":{"@type":"ImageObject","inLanguage":"az","@id":"https:\/\/www.meydan.tv\/az\/#\/schema\/logo\/image\/","url":"https:\/\/www.meydan.tv\/wp-content\/uploads\/2021\/07\/meydan-logo.svg","contentUrl":"https:\/\/www.meydan.tv\/wp-content\/uploads\/2021\/07\/meydan-logo.svg","width":195,"height":46,"caption":"Meydan TV"},"image":{"@id":"https:\/\/www.meydan.tv\/az\/#\/schema\/logo\/image\/"}},{"@type":"Person","@id":"https:\/\/www.meydan.tv\/az\/#\/schema\/person\/9cdbecf90d17180ce1dfbd95b08dcf47","name":"elli","sameAs":["https:\/\/x.com\/elli"]}]}},"_links":{"self":[{"href":"https:\/\/www.meydan.tv\/az\/wp-json\/wp\/v2\/posts\/235173","targetHints":{"allow":["GET"]}}],"collection":[{"href":"https:\/\/www.meydan.tv\/az\/wp-json\/wp\/v2\/posts"}],"about":[{"href":"https:\/\/www.meydan.tv\/az\/wp-json\/wp\/v2\/types\/post"}],"author":[{"embeddable":true,"href":"https:\/\/www.meydan.tv\/az\/wp-json\/wp\/v2\/users\/8"}],"replies":[{"embeddable":true,"href":"https:\/\/www.meydan.tv\/az\/wp-json\/wp\/v2\/comments?post=235173"}],"version-history":[{"count":1,"href":"https:\/\/www.meydan.tv\/az\/wp-json\/wp\/v2\/posts\/235173\/revisions"}],"predecessor-version":[{"id":235174,"href":"https:\/\/www.meydan.tv\/az\/wp-json\/wp\/v2\/posts\/235173\/revisions\/235174"}],"wp:featuredmedia":[{"embeddable":true,"href":"https:\/\/www.meydan.tv\/az\/wp-json\/wp\/v2\/media\/235170"}],"wp:attachment":[{"href":"https:\/\/www.meydan.tv\/az\/wp-json\/wp\/v2\/media?parent=235173"}],"wp:term":[{"taxonomy":"category","embeddable":true,"href":"https:\/\/www.meydan.tv\/az\/wp-json\/wp\/v2\/categories?post=235173"},{"taxonomy":"post_tag","embeddable":true,"href":"https:\/\/www.meydan.tv\/az\/wp-json\/wp\/v2\/tags?post=235173"}],"curies":[{"name":"wp","href":"https:\/\/api.w.org\/{rel}","templated":true}]}}