{"id":235144,"date":"2022-02-21T14:17:20","date_gmt":"2022-02-21T10:17:20","guid":{"rendered":"https:\/\/www.meydan.tv\/?p=235144"},"modified":"2022-02-21T14:17:21","modified_gmt":"2022-02-21T10:17:21","slug":"ukrayna-etrafinda-gerginlik-olkeler-vetendaslarini-geri-cagirir-azerbaycan-tereddud-edir","status":"publish","type":"post","link":"https:\/\/www.meydan.tv\/az\/article\/ukrayna-etrafinda-gerginlik-olkeler-vetendaslarini-geri-cagirir-azerbaycan-tereddud-edir\/","title":{"rendered":"Ukrayna \u0259traf\u0131nda g\u0259rginlik: \u00f6lk\u0259l\u0259r v\u0259t\u0259nda\u015flar\u0131n\u0131 geri \u00e7a\u011f\u0131r\u0131r, Az\u0259rbaycan t\u0259r\u0259dd\u00fcd edir"},"content":{"rendered":"\n<p><em>Az\u0259rbaycan\u0131n Ukraynadak\u0131 s\u0259firi: &#8220;H\u0259l\u0259lik, h\u0259y\u0259cana ehtiyac duyulmur&#8221;<\/em><\/p>\n\n\n\n<p>20-y\u0259 yax\u0131n \u00f6lk\u0259 v\u0259t\u0259nda\u015flar\u0131na \u00e7a\u011f\u0131r\u0131\u015f edib,<\/p>\n\n\n\n<p>Kreml AB\u015e Prezidenti Co Baydenl\u0259 Rusiya Prezidenti Vladimir Putinin g\u00f6r\u00fc\u015f\u00fcn\u00fcn m\u00fcmk\u00fcnl\u00fcy\u00fcn\u00fc a\u00e7qlay\u0131b.<\/p>\n\n\n\n<p>Vladimir Putinin m\u0259tbuat katibi Dmitri Peskov bel\u0259 <a href=\"https:\/\/www.theguardian.com\/world\/live\/2022\/feb\/21\/russia-ukraine-news-latest-crisis-putin-biden-summit-kyiv-kiev-russian-invasion-threat-live-updates\" target=\"_blank\" rel=\"noreferrer noopener\">deyib<\/a>.<\/p>\n\n\n\n<p>O bildirib ki, planlar\u0131 m\u00fczakir\u0259 etm\u0259k \u00fc\u00e7\u00fcn h\u0259l\u0259 tezdir.<\/p>\n\n\n\n<p>Peskov&nbsp; h\u0259m\u00e7inin Ukraynan\u0131n Donbas b\u00f6lg\u0259sind\u0259ki v\u0259ziyy\u0259ti \u201cson d\u0259r\u0259c\u0259 g\u0259rgin\u201d say\u0131r.<\/p>\n\n\n\n<p>Onun s\u00f6zl\u0259rin\u0259 g\u00f6r\u0259, Putin bu bar\u0259d\u0259 tezlikl\u0259 Rusiya T\u0259hl\u00fck\u0259sizlik \u015euras\u0131nda \u00e7\u0131x\u0131\u015f etm\u0259lidir.<\/p>\n\n\n\n<p>Rusiyan\u0131n TASS x\u0259b\u0259r agentliyi is\u0259 yaz\u0131r ki, Peskov Donbas b\u00f6lg\u0259sind\u0259ki durumda yum\u015falma sezilm\u0259diyini bildirib.<\/p>\n\n\n\n<p>Agentlik qeyd edib ki, b\u00f6lg\u0259d\u0259 t\u0259xribatlar, top at\u0259\u015fl\u0259ri daha da intensivl\u0259\u015fib: \u201cBu da \u00e7ox d\u0259rin narahatl\u0131q do\u011furur\u201d.<\/p>\n\n\n\n<figure class=\"wp-block-image size-full\"><img decoding=\"async\" data-src=\"https:\/\/www.meydan.tv\/wp-content\/uploads\/shutterstock_552887806.jpg\" alt=\"\" class=\"wp-image-234856 lazyload\" src=\"data:image\/svg+xml;base64,PHN2ZyB3aWR0aD0iMSIgaGVpZ2h0PSIxIiB4bWxucz0iaHR0cDovL3d3dy53My5vcmcvMjAwMC9zdmciPjwvc3ZnPg==\" style=\"--smush-placeholder-width: 1200px; --smush-placeholder-aspect-ratio: 1200\/800;\" \/><figcaption>Dmitri Peskov, Foto: ID1974\/shutterstock<\/figcaption><\/figure>\n\n\n\n<p>Rusiyan\u0131n iddialar\u0131na baxmayaraq, yerli m\u00fcxbirl\u0259r qeyd edibl\u0259r ki, Ukrayna q\u00fcvv\u0259l\u0259rinin m\u00fclki \u0259halini at\u0259\u015f\u0259 tutmas\u0131 il\u0259 ba\u011fl\u0131 he\u00e7 bir d\u0259lil yoxdur.<\/p>\n\n\n\n<p>&#8220;Azadl\u0131q&#8221; Radiosu is\u0259 <a href=\"https:\/\/www.rferl.org\/a\/ukraine-stanytsya--luhanska-border-panic\/31713189.html\" target=\"_blank\" rel=\"noreferrer noopener\">yaz\u0131r<\/a> ki, insanlar Ukraynan\u0131n \u015f\u0259rqind\u0259 separat\u00e7\u0131lar\u0131n \u0259lind\u0259 olan \u0259razil\u0259rd\u0259n qa\u00e7\u0131r.<\/p>\n\n\n\n<p>S\u0259b\u0259b is\u0259 Rusiyan\u0131n Ukrayna il\u0259 s\u0259rh\u0259dd\u0259 130 mind\u0259n \u00e7ox \u0259sg\u0259rin c\u0259ml\u0259nm\u0259sidir. Bu da Donbasda m\u00fcharib\u0259 olaca\u011f\u0131 qorxusu yarad\u0131b.<\/p>\n\n\n\n<p>Stanitsya Luqanska ill\u0259rdir ki, ciddi qoruma alt\u0131nda olan n\u0259zar\u0259t m\u0259nt\u0259q\u0259sidir. Bu m\u0259kan h\u0259m separat\u00e7\u0131lar\u0131n n\u0259zar\u0259tind\u0259 olan Luqansk \u015f\u0259h\u0259rind\u0259 ya\u015fayanlara, h\u0259m d\u0259 h\u00f6kum\u0259t\u0259 \u00e7\u0259tinlik yarad\u0131r. Ora getm\u0259k \u00fc\u00e7\u00fcn beyn\u0259lxalq s\u0259rh\u0259di ke\u00e7irmi\u015f kimi s\u0259n\u0259d g\u00f6st\u0259rm\u0259li olursan.<\/p>\n\n\n\n<p>\u201cD\u0259lill\u0259r g\u00f6st\u0259rir ki, Donetsk v\u0259 Luqansk vilay\u0259tl\u0259rinin Rusiyan\u0131n n\u0259zar\u0259tind\u0259 olan \u0259razil\u0259rin q\u0259fil evakuasiyas\u0131 planla\u015fd\u0131r\u0131l\u0131b. G\u00fcman ki, bu, Rusiyan\u0131n r\u0259smi m\u00fcdaxil\u0259si \u00fc\u00e7\u00fcn z\u0259min yaratmaq \u00fc\u00e7\u00fcn n\u0259z\u0259rd\u0259 tutulub\u201d, &#8211; dey\u0259 \u201cGuardian\u201d\u0131n Moskva m\u00fcxbiri Endryu Rot Rusiyan\u0131n Ukrayna il\u0259 s\u0259rh\u0259dind\u0259n yaz\u0131r.<\/p>\n\n\n\n<p>O bildirir ki, yeni g\u0259l\u0259nl\u0259r \u00fc\u00e7\u00fcn v\u0259ziyy\u0259t xaotikdir.<\/p>\n\n\n\n<p>Endryu Rot&nbsp; qeyd edir ki, t\u0259xliy\u0259 edil\u0259n qad\u0131nlar, u\u015faqlar v\u0259 ba\u015fqalar\u0131 \u00fc\u00e7\u00fcn n\u0259tic\u0259 dan\u0131lmaz d\u0259r\u0259c\u0259d\u0259 travmatikdir.<\/p>\n\n\n\n<p>Onun s\u00f6zl\u0259rin\u0259 g\u00f6r\u0259, evakuasiya ax\u0131n\u0131na haz\u0131rl\u0131qs\u0131z g\u00f6r\u00fcn\u0259n qon\u015fu b\u00f6lg\u0259l\u0259r\u0259 y\u00fczl\u0259rl\u0259 insan g\u0259lir: \u201cBu b\u0259zil\u0259rin\u0259 b\u00f6y\u00fck bir oyunda piyada kimi hiss etdirir. S\u0259rh\u0259dd\u0259ki \u00e7ad\u0131r d\u00fc\u015f\u0259rg\u0259sind\u0259 olan Donetskd\u0259n Viktoriya: \u201cB\u0259lk\u0259, at\u0259\u015f a\u00e7acaqlar, sonra sakitl\u0259\u015f\u0259c\u0259k?\u201d &#8211; dedi. M\u0259n is\u0259 d\u00fc\u015f\u00fcn\u00fcr\u0259m ki, bu, s\u0259hn\u0259l\u0259\u015fdirm\u0259dir\u201d.<\/p>\n\n\n\n<p>Rusiya Prezidenti Vladimir Putin iddia edir ki, Ukrayna h\u00f6kum\u0259ti Donbasda \u201cgenosid\u201d t\u00f6r\u0259tm\u0259k fikrind\u0259dir. Odur ki, Luqansk v\u0259 Donetskd\u0259ki separat\u00e7\u0131 liderl\u0259r fevral\u0131n 18-d\u0259 \u0259halinin Rusiyaya k\u00fctl\u0259vi evakuasiyas\u0131n\u0131 elan edibl\u0259r.<\/p>\n\n\n\n<p>Onlar daha sonra 18-45 ya\u015fl\u0131 ki\u015fil\u0259r \u00fc\u00e7\u00fcn s\u0259f\u0259rb\u0259rlik elan ed\u0259r\u0259k bu ya\u015f civar\u0131nda ki\u015fil\u0259rin \u0259razid\u0259n \u00e7\u0131xmas\u0131n\u0131 yasaqlay\u0131blar.<\/p>\n\n\n\n<p>Separat\u00e7\u0131 liderl\u0259r d\u0259lil g\u00f6st\u0259rm\u0259d\u0259n h\u00f6kum\u0259t q\u00fcvv\u0259l\u0259rinin tezlikl\u0259 b\u00f6y\u00fck h\u00fccuma ba\u015flayaca\u011f\u0131n\u0131 iddia edib.<\/p>\n\n\n\n<p>Ukrayna h\u00f6kum\u0259ti is\u0259 bel\u0259 plan\u0131n olmad\u0131\u011f\u0131n\u0131 a\u00e7\u0131qlay\u0131b.<\/p>\n\n\n\n<p>Q\u0259rb r\u0259smil\u0259ri is\u0259 Moskvan\u0131 v\u0259 separat\u00e7\u0131lar\u0131 Rusiyan\u0131n Ukraynaya yeni i\u015f\u011fal\u0131 \u00fc\u00e7\u00fcn b\u0259han\u0259 planla\u015fd\u0131rmaqda su\u00e7lay\u0131r.<\/p>\n\n\n\n<p>Litvan\u0131n xarici i\u015fl\u0259r naziri Qabrielius Landsberqis \u00f6z\u00fcn\u00fcn \u201cTwitter\u201d hesab\u0131nda Moskvan\u0131n h\u0259rbi t\u0259liml\u0259rin sonunda qo\u015funlar\u0131n\u0131 Belarusdan \u00e7\u0131xarmaq v\u0259dini pozmas\u0131ndan sonra Avropa Birliyi \u00f6lk\u0259l\u0259rini Rusiyaya qar\u015f\u0131 sanksiyalarda ir\u0259lil\u0259m\u0259y\u0259 \u00e7a\u011f\u0131r\u0131b.<\/p>\n\n\n\n<p>O, Br\u00fcsseld\u0259 Ukrayna b\u00f6hran\u0131ndan dan\u0131\u015f\u0131lacaq konfransda i\u015ftirak \u00fc\u00e7\u00fcn Avropa Birliyinin 26 xarici i\u015fl\u0259r nazirl\u0259rin\u0259 qo\u015fulub.<\/p>\n\n\n\n<figure class=\"wp-block-image size-full\"><img decoding=\"async\" width=\"1156\" height=\"771\" data-src=\"https:\/\/www.meydan.tv\/wp-content\/uploads\/20150326pht38542-cl.jpg\" alt=\"\" class=\"wp-image-235145 lazyload\" src=\"data:image\/svg+xml;base64,PHN2ZyB3aWR0aD0iMSIgaGVpZ2h0PSIxIiB4bWxucz0iaHR0cDovL3d3dy53My5vcmcvMjAwMC9zdmciPjwvc3ZnPg==\" style=\"--smush-placeholder-width: 1156px; --smush-placeholder-aspect-ratio: 1156\/771;\" \/><figcaption>Qabrielius Landsberqis, Foto: https:\/\/www.europarl.europa.eu\/<\/figcaption><\/figure>\n\n\n\n<p>Rusiya-Ukrayna hadis\u0259l\u0259ri zaman\u0131 bir \u00e7ox \u00f6lk\u0259l\u0259r \u00f6z v\u0259t\u0259nda\u015flar\u0131n\u0131 Ukraynan\u0131 t\u0259rk etm\u0259y\u0259 \u00e7a\u011f\u0131r\u0131b. H\u0259min \u00f6lk\u0259l\u0259r aras\u0131nda &#8211; Avstraliya, B\u00f6y\u00fck Britaniya, Latviya, \u0130srail, Kanada, Yunan\u0131stan, Yeni Zelandiya, Hollandiya, Norve\u00e7, AB\u015e, h\u0259m\u00e7inin Finlandiya, Monteneqro, Estoniya, C\u0259nubi Koreya, Yaponiya, Bel\u00e7ika, Almaniya, Litvan\u0131 g\u00f6rm\u0259k olar.<\/p>\n\n\n\n<p>Az\u0259rbaycan\u0131n Ukraynadak\u0131 s\u0259firi Elmira Axundova <a href=\"https:\/\/modern.az\/olke\/332997\/ukraynadaki-sefirimiz-kim-narahatdirsa-lkeden-cixa-biler-eksklziv\/\" target=\"_blank\" rel=\"noreferrer noopener\">bildirib<\/a> ki, diplomatik hey\u0259tin Ukraynadan \u00e7\u0131xar\u0131lmas\u0131 il\u0259 ba\u011fl\u0131 Az\u0259rbaycandan onlara t\u0259limat g\u0259lm\u0259yib: \u201cTam hey\u0259tl\u0259 i\u015f ba\u015f\u0131nday\u0131q. C\u0259r\u0259yan ed\u0259n hadis\u0259l\u0259r t\u0259r\u0259fimizd\u0259n anbaan izl\u0259nilir v\u0259 m\u0259rk\u0259z\u0259 m\u0259lumatlar \u00f6t\u00fcr\u00fcl\u00fcr. Ukraynadak\u0131 120-d\u0259n \u00e7ox diplomatik n\u00fcmay\u0259nd\u0259likd\u0259n az sayda \u00f6lk\u0259nin diplomatlar\u0131 \u00f6lk\u0259ni t\u0259rk edib v\u0259 ya m\u00fcv\u0259qq\u0259ti olaraq Ukraynan\u0131n q\u0259rb hiss\u0259sin\u0259 k\u00f6\u00e7\u00fcr\u00fcl\u00fcb. B\u00f6y\u00fck hiss\u0259, h\u0259m\u00e7inin Rusiya s\u0259firliyi adi qaydada \u00f6z i\u015fini davam edir. H\u0259l\u0259lik, h\u0259y\u0259cana ehtiyac duyulmur\u201d.<\/p>\n\n\n\n<p>S\u0259fir \u0259lav\u0259 edib ki, onlara v\u0259t\u0259nda\u015flar m\u00fcraci\u0259t edir. Bildirirl\u0259r ki, hava v\u0259 dig\u0259r n\u0259qliyyat \u00fc\u00e7\u00fcn yollar a\u00e7\u0131qd\u0131r. Narahatl\u0131q hissi ke\u00e7ir\u0259n, \u00f6lk\u0259d\u0259n \u00e7\u0131xa bil\u0259r: \u201cH\u0259m\u00e7inin T\u00fcrkiy\u0259 s\u0259firliyind\u0259n ald\u0131\u011f\u0131m\u0131z m\u0259lumata \u0259sas\u0259n, insanlar\u0131n narahatl\u0131\u011f\u0131 n\u0259z\u0259r\u0259 al\u0131naraq, T\u00fcrk Hava Yollar\u0131 avia\u015firk\u0259ti Xarkov \u015f\u0259h\u0259rind\u0259n \u0130stanbula \u0259lav\u0259 iki reys d\u0259 a\u00e7\u0131b\u201d.<\/p>\n\n\n\n<figure class=\"wp-block-image size-full\"><img decoding=\"async\" width=\"1200\" height=\"650\" data-src=\"https:\/\/www.meydan.tv\/wp-content\/uploads\/41534.jpg\" alt=\"Elmira Axundova\" class=\"wp-image-104676 lazyload\" src=\"data:image\/svg+xml;base64,PHN2ZyB3aWR0aD0iMSIgaGVpZ2h0PSIxIiB4bWxucz0iaHR0cDovL3d3dy53My5vcmcvMjAwMC9zdmciPjwvc3ZnPg==\" style=\"--smush-placeholder-width: 1200px; --smush-placeholder-aspect-ratio: 1200\/650;\" \/><figcaption>Elmira Axundovan\u0131n \u015f\u0259xsi arxivind\u0259n<\/figcaption><\/figure>\n\n\n\n<p>Moskva Q\u0259rbin Rusiyan\u0131n Ukraynan\u0131 i\u015f\u011fal etm\u0259sini planla\u015fd\u0131rmas\u0131 il\u0259 ba\u011fl\u0131 ittihamlar\u0131n\u0131 r\u0259dd <a href=\"https:\/\/www.meydan.tv\/az\/article\/rusiya-ukrayna-qarsidurmasi-ateskes-rejimi-pozulub\/\" target=\"_blank\" rel=\"noreferrer noopener\">edir<\/a>. H\u0259tta Rusiya \u00f6t\u0259n h\u0259ft\u0259 b\u00f6lg\u0259y\u0259 g\u00f6nd\u0259rdiyi 100 mind\u0259n \u00e7ox \u0259sg\u0259rin bir hiss\u0259sini geri \u00e7\u0259kdiyini bildirib.<\/p>\n\n\n\n<p>Q\u0259rb is\u0259 \u0259h\u0259miyy\u0259tli d\u0259r\u0259c\u0259d\u0259 geri \u00e7\u0259kilm\u0259nin olmad\u0131\u011f\u0131n\u0131 d\u00fc\u015f\u00fcn\u00fcr.<\/p>\n\n\n\n<p>Amerika Birl\u0259\u015fmi\u015f \u015etatlar\u0131 is\u0259 \u00fcmumiyy\u0259tl\u0259, s\u0259rh\u0259dd\u0259 minl\u0259rl\u0259 \u0259sg\u0259rin g\u0259lm\u0259kd\u0259 davam etdiyini s\u00f6yl\u0259yir.<\/p>\n\n\n\n<p>Q\u0259rb \u00f6lk\u0259l\u0259ri d\u0259f\u0259l\u0259rl\u0259 Rusiyan\u0131 h\u00fccuma haqq qazand\u0131rmaq \u00fc\u00e7\u00fcn \u00fcsyan\u00e7\u0131lar\u0131n n\u0259zar\u0259tind\u0259 olan \u0259razil\u0259rd\u0259 insident planla\u015fd\u0131rmaqda ittiham edib.<\/p>\n\n\n\n<p>Moskva is\u0259 \u00f6z n\u00f6vb\u0259sind\u0259 Kiyevi \u0259razil\u0259ri g\u00fcc yolu il\u0259 geri alma\u011fa c\u0259hd etm\u0259k \u00fc\u00e7\u00fcn eskalasiya planla\u015fd\u0131rmaqda g\u00fcnahland\u0131r\u0131b.<\/p>\n\n\n\n<p>Rusiya Ukrayna aras\u0131ndak\u0131 m\u00fcnaqi\u015f\u0259 yeni deyil.<\/p>\n\n\n\n<p>Rusiya 2014-c\u00fc ild\u0259 Ukraynan\u0131n Kr\u0131m yar\u0131madas\u0131n\u0131 ilhaq edib v\u0259 \u00f6lk\u0259nin \u015f\u0259rqind\u0259ki separat\u00e7\u0131lar\u0131 d\u0259st\u0259kl\u0259m\u0259y\u0259 ba\u015flay\u0131b.<\/p>\n\n\n\n<p>H\u0259min vaxtdan davam ed\u0259n m\u00fcnaqi\u015f\u0259d\u0259 13 min 200-d\u0259n \u00e7ox adam \u00f6ld\u00fcr\u00fcl\u00fcb.<\/p>\n","protected":false},"excerpt":{"rendered":"<p>Az\u0259rbaycan\u0131n Ukraynadak\u0131 s\u0259firi: &#8220;H\u0259l\u0259lik, h\u0259y\u0259cana ehtiyac duyulmur&#8221; 20-y\u0259 yax\u0131n \u00f6lk\u0259 &#8230; <\/p>\n<p class=\"read-more-container\"><a title=\"Ukrayna \u0259traf\u0131nda g\u0259rginlik: \u00f6lk\u0259l\u0259r v\u0259t\u0259nda\u015flar\u0131n\u0131 geri \u00e7a\u011f\u0131r\u0131r, Az\u0259rbaycan t\u0259r\u0259dd\u00fcd edir\" class=\"read-more button\" href=\"https:\/\/www.meydan.tv\/az\/article\/ukrayna-etrafinda-gerginlik-olkeler-vetendaslarini-geri-cagirir-azerbaycan-tereddud-edir\/#more-235144\" aria-label=\"Read more about Ukrayna \u0259traf\u0131nda g\u0259rginlik: \u00f6lk\u0259l\u0259r v\u0259t\u0259nda\u015flar\u0131n\u0131 geri \u00e7a\u011f\u0131r\u0131r, Az\u0259rbaycan t\u0259r\u0259dd\u00fcd edir\">Davam\u0131<\/a><\/p>\n","protected":false},"author":8,"featured_media":234852,"comment_status":"closed","ping_status":"closed","sticky":false,"template":"","format":"standard","meta":{"_acf_changed":false,"_sitemap_exclude":false,"_sitemap_priority":"","_sitemap_frequency":"","footnotes":""},"categories":[64,56],"tags":[],"class_list":["post-235144","post","type-post","status-publish","format-standard","has-post-thumbnail","hentry","category-dunya","category-xeberler","infinite-scroll-item","generate-columns","tablet-grid-50","mobile-grid-100","grid-parent","grid-33","no-featured-image-padding"],"acf":[],"yoast_head":"<!-- This site is optimized with the Yoast SEO plugin v27.5 - https:\/\/yoast.com\/product\/yoast-seo-wordpress\/ -->\n<title>Ukrayna \u0259traf\u0131nda g\u0259rginlik: \u00f6lk\u0259l\u0259r v\u0259t\u0259nda\u015flar\u0131n\u0131 geri \u00e7a\u011f\u0131r\u0131r, Az\u0259rbaycan t\u0259r\u0259dd\u00fcd edir - MEYDAN.TV<\/title>\n<meta name=\"robots\" content=\"index, follow, max-snippet:-1, max-image-preview:large, max-video-preview:-1\" \/>\n<link rel=\"canonical\" href=\"https:\/\/www.meydan.tv\/az\/article\/ukrayna-etrafinda-gerginlik-olkeler-vetendaslarini-geri-cagirir-azerbaycan-tereddud-edir\/\" \/>\n<meta property=\"og:locale\" content=\"az_AZ\" \/>\n<meta property=\"og:type\" content=\"article\" \/>\n<meta property=\"og:title\" content=\"Ukrayna \u0259traf\u0131nda g\u0259rginlik: \u00f6lk\u0259l\u0259r v\u0259t\u0259nda\u015flar\u0131n\u0131 geri \u00e7a\u011f\u0131r\u0131r, Az\u0259rbaycan t\u0259r\u0259dd\u00fcd edir - MEYDAN.TV\" \/>\n<meta property=\"og:description\" content=\"Az\u0259rbaycan\u0131n Ukraynadak\u0131 s\u0259firi: &#8220;H\u0259l\u0259lik, h\u0259y\u0259cana ehtiyac duyulmur&#8221; 20-y\u0259 yax\u0131n \u00f6lk\u0259 ... Davam\u0131\" \/>\n<meta property=\"og:url\" content=\"https:\/\/www.meydan.tv\/az\/article\/ukrayna-etrafinda-gerginlik-olkeler-vetendaslarini-geri-cagirir-azerbaycan-tereddud-edir\/\" \/>\n<meta property=\"og:site_name\" content=\"MEYDAN.TV\" \/>\n<meta property=\"article:published_time\" content=\"2022-02-21T10:17:20+00:00\" \/>\n<meta property=\"article:modified_time\" content=\"2022-02-21T10:17:21+00:00\" \/>\n<meta property=\"og:image\" content=\"https:\/\/www.meydan.tv\/wp-content\/uploads\/shutterstock_2095910923.jpg\" \/>\n\t<meta property=\"og:image:width\" content=\"1200\" \/>\n\t<meta property=\"og:image:height\" content=\"757\" \/>\n\t<meta property=\"og:image:type\" content=\"image\/jpeg\" \/>\n<meta name=\"author\" content=\"elli\" \/>\n<meta name=\"twitter:card\" content=\"summary_large_image\" \/>\n<meta name=\"twitter:creator\" content=\"@elli\" \/>\n<script type=\"application\/ld+json\" class=\"yoast-schema-graph\">{\"@context\":\"https:\\\/\\\/schema.org\",\"@graph\":[{\"@type\":\"Article\",\"@id\":\"https:\\\/\\\/www.meydan.tv\\\/az\\\/article\\\/ukrayna-etrafinda-gerginlik-olkeler-vetendaslarini-geri-cagirir-azerbaycan-tereddud-edir\\\/#article\",\"isPartOf\":{\"@id\":\"https:\\\/\\\/www.meydan.tv\\\/az\\\/article\\\/ukrayna-etrafinda-gerginlik-olkeler-vetendaslarini-geri-cagirir-azerbaycan-tereddud-edir\\\/\"},\"author\":{\"name\":\"elli\",\"@id\":\"https:\\\/\\\/www.meydan.tv\\\/az\\\/#\\\/schema\\\/person\\\/9cdbecf90d17180ce1dfbd95b08dcf47\"},\"headline\":\"Ukrayna \u0259traf\u0131nda g\u0259rginlik: \u00f6lk\u0259l\u0259r v\u0259t\u0259nda\u015flar\u0131n\u0131 geri \u00e7a\u011f\u0131r\u0131r, Az\u0259rbaycan t\u0259r\u0259dd\u00fcd edir\",\"datePublished\":\"2022-02-21T10:17:20+00:00\",\"dateModified\":\"2022-02-21T10:17:21+00:00\",\"mainEntityOfPage\":{\"@id\":\"https:\\\/\\\/www.meydan.tv\\\/az\\\/article\\\/ukrayna-etrafinda-gerginlik-olkeler-vetendaslarini-geri-cagirir-azerbaycan-tereddud-edir\\\/\"},\"wordCount\":1211,\"publisher\":{\"@id\":\"https:\\\/\\\/www.meydan.tv\\\/az\\\/#organization\"},\"image\":{\"@id\":\"https:\\\/\\\/www.meydan.tv\\\/az\\\/article\\\/ukrayna-etrafinda-gerginlik-olkeler-vetendaslarini-geri-cagirir-azerbaycan-tereddud-edir\\\/#primaryimage\"},\"thumbnailUrl\":\"https:\\\/\\\/www.meydan.tv\\\/wp-content\\\/uploads\\\/shutterstock_2095910923.jpg\",\"articleSection\":[\"D\u00fcnya\",\"X\u0259b\u0259rl\u0259r\"],\"inLanguage\":\"az\"},{\"@type\":\"WebPage\",\"@id\":\"https:\\\/\\\/www.meydan.tv\\\/az\\\/article\\\/ukrayna-etrafinda-gerginlik-olkeler-vetendaslarini-geri-cagirir-azerbaycan-tereddud-edir\\\/\",\"url\":\"https:\\\/\\\/www.meydan.tv\\\/az\\\/article\\\/ukrayna-etrafinda-gerginlik-olkeler-vetendaslarini-geri-cagirir-azerbaycan-tereddud-edir\\\/\",\"name\":\"Ukrayna \u0259traf\u0131nda g\u0259rginlik: \u00f6lk\u0259l\u0259r v\u0259t\u0259nda\u015flar\u0131n\u0131 geri \u00e7a\u011f\u0131r\u0131r, Az\u0259rbaycan t\u0259r\u0259dd\u00fcd edir - MEYDAN.TV\",\"isPartOf\":{\"@id\":\"https:\\\/\\\/www.meydan.tv\\\/az\\\/#website\"},\"primaryImageOfPage\":{\"@id\":\"https:\\\/\\\/www.meydan.tv\\\/az\\\/article\\\/ukrayna-etrafinda-gerginlik-olkeler-vetendaslarini-geri-cagirir-azerbaycan-tereddud-edir\\\/#primaryimage\"},\"image\":{\"@id\":\"https:\\\/\\\/www.meydan.tv\\\/az\\\/article\\\/ukrayna-etrafinda-gerginlik-olkeler-vetendaslarini-geri-cagirir-azerbaycan-tereddud-edir\\\/#primaryimage\"},\"thumbnailUrl\":\"https:\\\/\\\/www.meydan.tv\\\/wp-content\\\/uploads\\\/shutterstock_2095910923.jpg\",\"datePublished\":\"2022-02-21T10:17:20+00:00\",\"dateModified\":\"2022-02-21T10:17:21+00:00\",\"breadcrumb\":{\"@id\":\"https:\\\/\\\/www.meydan.tv\\\/az\\\/article\\\/ukrayna-etrafinda-gerginlik-olkeler-vetendaslarini-geri-cagirir-azerbaycan-tereddud-edir\\\/#breadcrumb\"},\"inLanguage\":\"az\",\"potentialAction\":[{\"@type\":\"ReadAction\",\"target\":[\"https:\\\/\\\/www.meydan.tv\\\/az\\\/article\\\/ukrayna-etrafinda-gerginlik-olkeler-vetendaslarini-geri-cagirir-azerbaycan-tereddud-edir\\\/\"]}]},{\"@type\":\"ImageObject\",\"inLanguage\":\"az\",\"@id\":\"https:\\\/\\\/www.meydan.tv\\\/az\\\/article\\\/ukrayna-etrafinda-gerginlik-olkeler-vetendaslarini-geri-cagirir-azerbaycan-tereddud-edir\\\/#primaryimage\",\"url\":\"https:\\\/\\\/www.meydan.tv\\\/wp-content\\\/uploads\\\/shutterstock_2095910923.jpg\",\"contentUrl\":\"https:\\\/\\\/www.meydan.tv\\\/wp-content\\\/uploads\\\/shutterstock_2095910923.jpg\",\"width\":1200,\"height\":757,\"caption\":\"Rusiya-Ukrayna, Foto: Tomas Ragina\\\/shutterstock\"},{\"@type\":\"BreadcrumbList\",\"@id\":\"https:\\\/\\\/www.meydan.tv\\\/az\\\/article\\\/ukrayna-etrafinda-gerginlik-olkeler-vetendaslarini-geri-cagirir-azerbaycan-tereddud-edir\\\/#breadcrumb\",\"itemListElement\":[{\"@type\":\"ListItem\",\"position\":1,\"name\":\"Ana s\u0259hif\u0259\",\"item\":\"https:\\\/\\\/www.meydan.tv\\\/az\\\/\"},{\"@type\":\"ListItem\",\"position\":2,\"name\":\"D\u00fcnya\",\"item\":\"https:\\\/\\\/www.meydan.tv\\\/az\\\/section\\\/dunya\\\/\"},{\"@type\":\"ListItem\",\"position\":3,\"name\":\"Ukrayna \u0259traf\u0131nda g\u0259rginlik: \u00f6lk\u0259l\u0259r v\u0259t\u0259nda\u015flar\u0131n\u0131 geri \u00e7a\u011f\u0131r\u0131r, Az\u0259rbaycan t\u0259r\u0259dd\u00fcd edir\"}]},{\"@type\":\"WebSite\",\"@id\":\"https:\\\/\\\/www.meydan.tv\\\/az\\\/#website\",\"url\":\"https:\\\/\\\/www.meydan.tv\\\/az\\\/\",\"name\":\"MEYDAN.TV\",\"description\":\"Meydan TV Az\u0259rbaycan\u0131n media m\u0259kan\u0131ndak\u0131 alternativ s\u0259sidir\",\"publisher\":{\"@id\":\"https:\\\/\\\/www.meydan.tv\\\/az\\\/#organization\"},\"potentialAction\":[{\"@type\":\"SearchAction\",\"target\":{\"@type\":\"EntryPoint\",\"urlTemplate\":\"https:\\\/\\\/www.meydan.tv\\\/az\\\/?s={search_term_string}\"},\"query-input\":{\"@type\":\"PropertyValueSpecification\",\"valueRequired\":true,\"valueName\":\"search_term_string\"}}],\"inLanguage\":\"az\"},{\"@type\":\"Organization\",\"@id\":\"https:\\\/\\\/www.meydan.tv\\\/az\\\/#organization\",\"name\":\"Meydan TV\",\"url\":\"https:\\\/\\\/www.meydan.tv\\\/az\\\/\",\"logo\":{\"@type\":\"ImageObject\",\"inLanguage\":\"az\",\"@id\":\"https:\\\/\\\/www.meydan.tv\\\/az\\\/#\\\/schema\\\/logo\\\/image\\\/\",\"url\":\"https:\\\/\\\/www.meydan.tv\\\/wp-content\\\/uploads\\\/2021\\\/07\\\/meydan-logo.svg\",\"contentUrl\":\"https:\\\/\\\/www.meydan.tv\\\/wp-content\\\/uploads\\\/2021\\\/07\\\/meydan-logo.svg\",\"width\":195,\"height\":46,\"caption\":\"Meydan TV\"},\"image\":{\"@id\":\"https:\\\/\\\/www.meydan.tv\\\/az\\\/#\\\/schema\\\/logo\\\/image\\\/\"}},{\"@type\":\"Person\",\"@id\":\"https:\\\/\\\/www.meydan.tv\\\/az\\\/#\\\/schema\\\/person\\\/9cdbecf90d17180ce1dfbd95b08dcf47\",\"name\":\"elli\",\"sameAs\":[\"https:\\\/\\\/x.com\\\/elli\"]}]}<\/script>\n<!-- \/ Yoast SEO plugin. -->","yoast_head_json":{"title":"Ukrayna \u0259traf\u0131nda g\u0259rginlik: \u00f6lk\u0259l\u0259r v\u0259t\u0259nda\u015flar\u0131n\u0131 geri \u00e7a\u011f\u0131r\u0131r, Az\u0259rbaycan t\u0259r\u0259dd\u00fcd edir - MEYDAN.TV","robots":{"index":"index","follow":"follow","max-snippet":"max-snippet:-1","max-image-preview":"max-image-preview:large","max-video-preview":"max-video-preview:-1"},"canonical":"https:\/\/www.meydan.tv\/az\/article\/ukrayna-etrafinda-gerginlik-olkeler-vetendaslarini-geri-cagirir-azerbaycan-tereddud-edir\/","og_locale":"az_AZ","og_type":"article","og_title":"Ukrayna \u0259traf\u0131nda g\u0259rginlik: \u00f6lk\u0259l\u0259r v\u0259t\u0259nda\u015flar\u0131n\u0131 geri \u00e7a\u011f\u0131r\u0131r, Az\u0259rbaycan t\u0259r\u0259dd\u00fcd edir - MEYDAN.TV","og_description":"Az\u0259rbaycan\u0131n Ukraynadak\u0131 s\u0259firi: &#8220;H\u0259l\u0259lik, h\u0259y\u0259cana ehtiyac duyulmur&#8221; 20-y\u0259 yax\u0131n \u00f6lk\u0259 ... Davam\u0131","og_url":"https:\/\/www.meydan.tv\/az\/article\/ukrayna-etrafinda-gerginlik-olkeler-vetendaslarini-geri-cagirir-azerbaycan-tereddud-edir\/","og_site_name":"MEYDAN.TV","article_published_time":"2022-02-21T10:17:20+00:00","article_modified_time":"2022-02-21T10:17:21+00:00","og_image":[{"width":1200,"height":757,"url":"https:\/\/www.meydan.tv\/wp-content\/uploads\/shutterstock_2095910923.jpg","type":"image\/jpeg"}],"author":"elli","twitter_card":"summary_large_image","twitter_creator":"@elli","schema":{"@context":"https:\/\/schema.org","@graph":[{"@type":"Article","@id":"https:\/\/www.meydan.tv\/az\/article\/ukrayna-etrafinda-gerginlik-olkeler-vetendaslarini-geri-cagirir-azerbaycan-tereddud-edir\/#article","isPartOf":{"@id":"https:\/\/www.meydan.tv\/az\/article\/ukrayna-etrafinda-gerginlik-olkeler-vetendaslarini-geri-cagirir-azerbaycan-tereddud-edir\/"},"author":{"name":"elli","@id":"https:\/\/www.meydan.tv\/az\/#\/schema\/person\/9cdbecf90d17180ce1dfbd95b08dcf47"},"headline":"Ukrayna \u0259traf\u0131nda g\u0259rginlik: \u00f6lk\u0259l\u0259r v\u0259t\u0259nda\u015flar\u0131n\u0131 geri \u00e7a\u011f\u0131r\u0131r, Az\u0259rbaycan t\u0259r\u0259dd\u00fcd edir","datePublished":"2022-02-21T10:17:20+00:00","dateModified":"2022-02-21T10:17:21+00:00","mainEntityOfPage":{"@id":"https:\/\/www.meydan.tv\/az\/article\/ukrayna-etrafinda-gerginlik-olkeler-vetendaslarini-geri-cagirir-azerbaycan-tereddud-edir\/"},"wordCount":1211,"publisher":{"@id":"https:\/\/www.meydan.tv\/az\/#organization"},"image":{"@id":"https:\/\/www.meydan.tv\/az\/article\/ukrayna-etrafinda-gerginlik-olkeler-vetendaslarini-geri-cagirir-azerbaycan-tereddud-edir\/#primaryimage"},"thumbnailUrl":"https:\/\/www.meydan.tv\/wp-content\/uploads\/shutterstock_2095910923.jpg","articleSection":["D\u00fcnya","X\u0259b\u0259rl\u0259r"],"inLanguage":"az"},{"@type":"WebPage","@id":"https:\/\/www.meydan.tv\/az\/article\/ukrayna-etrafinda-gerginlik-olkeler-vetendaslarini-geri-cagirir-azerbaycan-tereddud-edir\/","url":"https:\/\/www.meydan.tv\/az\/article\/ukrayna-etrafinda-gerginlik-olkeler-vetendaslarini-geri-cagirir-azerbaycan-tereddud-edir\/","name":"Ukrayna \u0259traf\u0131nda g\u0259rginlik: \u00f6lk\u0259l\u0259r v\u0259t\u0259nda\u015flar\u0131n\u0131 geri \u00e7a\u011f\u0131r\u0131r, Az\u0259rbaycan t\u0259r\u0259dd\u00fcd edir - MEYDAN.TV","isPartOf":{"@id":"https:\/\/www.meydan.tv\/az\/#website"},"primaryImageOfPage":{"@id":"https:\/\/www.meydan.tv\/az\/article\/ukrayna-etrafinda-gerginlik-olkeler-vetendaslarini-geri-cagirir-azerbaycan-tereddud-edir\/#primaryimage"},"image":{"@id":"https:\/\/www.meydan.tv\/az\/article\/ukrayna-etrafinda-gerginlik-olkeler-vetendaslarini-geri-cagirir-azerbaycan-tereddud-edir\/#primaryimage"},"thumbnailUrl":"https:\/\/www.meydan.tv\/wp-content\/uploads\/shutterstock_2095910923.jpg","datePublished":"2022-02-21T10:17:20+00:00","dateModified":"2022-02-21T10:17:21+00:00","breadcrumb":{"@id":"https:\/\/www.meydan.tv\/az\/article\/ukrayna-etrafinda-gerginlik-olkeler-vetendaslarini-geri-cagirir-azerbaycan-tereddud-edir\/#breadcrumb"},"inLanguage":"az","potentialAction":[{"@type":"ReadAction","target":["https:\/\/www.meydan.tv\/az\/article\/ukrayna-etrafinda-gerginlik-olkeler-vetendaslarini-geri-cagirir-azerbaycan-tereddud-edir\/"]}]},{"@type":"ImageObject","inLanguage":"az","@id":"https:\/\/www.meydan.tv\/az\/article\/ukrayna-etrafinda-gerginlik-olkeler-vetendaslarini-geri-cagirir-azerbaycan-tereddud-edir\/#primaryimage","url":"https:\/\/www.meydan.tv\/wp-content\/uploads\/shutterstock_2095910923.jpg","contentUrl":"https:\/\/www.meydan.tv\/wp-content\/uploads\/shutterstock_2095910923.jpg","width":1200,"height":757,"caption":"Rusiya-Ukrayna, Foto: Tomas Ragina\/shutterstock"},{"@type":"BreadcrumbList","@id":"https:\/\/www.meydan.tv\/az\/article\/ukrayna-etrafinda-gerginlik-olkeler-vetendaslarini-geri-cagirir-azerbaycan-tereddud-edir\/#breadcrumb","itemListElement":[{"@type":"ListItem","position":1,"name":"Ana s\u0259hif\u0259","item":"https:\/\/www.meydan.tv\/az\/"},{"@type":"ListItem","position":2,"name":"D\u00fcnya","item":"https:\/\/www.meydan.tv\/az\/section\/dunya\/"},{"@type":"ListItem","position":3,"name":"Ukrayna \u0259traf\u0131nda g\u0259rginlik: \u00f6lk\u0259l\u0259r v\u0259t\u0259nda\u015flar\u0131n\u0131 geri \u00e7a\u011f\u0131r\u0131r, Az\u0259rbaycan t\u0259r\u0259dd\u00fcd edir"}]},{"@type":"WebSite","@id":"https:\/\/www.meydan.tv\/az\/#website","url":"https:\/\/www.meydan.tv\/az\/","name":"MEYDAN.TV","description":"Meydan TV Az\u0259rbaycan\u0131n media m\u0259kan\u0131ndak\u0131 alternativ s\u0259sidir","publisher":{"@id":"https:\/\/www.meydan.tv\/az\/#organization"},"potentialAction":[{"@type":"SearchAction","target":{"@type":"EntryPoint","urlTemplate":"https:\/\/www.meydan.tv\/az\/?s={search_term_string}"},"query-input":{"@type":"PropertyValueSpecification","valueRequired":true,"valueName":"search_term_string"}}],"inLanguage":"az"},{"@type":"Organization","@id":"https:\/\/www.meydan.tv\/az\/#organization","name":"Meydan TV","url":"https:\/\/www.meydan.tv\/az\/","logo":{"@type":"ImageObject","inLanguage":"az","@id":"https:\/\/www.meydan.tv\/az\/#\/schema\/logo\/image\/","url":"https:\/\/www.meydan.tv\/wp-content\/uploads\/2021\/07\/meydan-logo.svg","contentUrl":"https:\/\/www.meydan.tv\/wp-content\/uploads\/2021\/07\/meydan-logo.svg","width":195,"height":46,"caption":"Meydan TV"},"image":{"@id":"https:\/\/www.meydan.tv\/az\/#\/schema\/logo\/image\/"}},{"@type":"Person","@id":"https:\/\/www.meydan.tv\/az\/#\/schema\/person\/9cdbecf90d17180ce1dfbd95b08dcf47","name":"elli","sameAs":["https:\/\/x.com\/elli"]}]}},"_links":{"self":[{"href":"https:\/\/www.meydan.tv\/az\/wp-json\/wp\/v2\/posts\/235144","targetHints":{"allow":["GET"]}}],"collection":[{"href":"https:\/\/www.meydan.tv\/az\/wp-json\/wp\/v2\/posts"}],"about":[{"href":"https:\/\/www.meydan.tv\/az\/wp-json\/wp\/v2\/types\/post"}],"author":[{"embeddable":true,"href":"https:\/\/www.meydan.tv\/az\/wp-json\/wp\/v2\/users\/8"}],"replies":[{"embeddable":true,"href":"https:\/\/www.meydan.tv\/az\/wp-json\/wp\/v2\/comments?post=235144"}],"version-history":[{"count":1,"href":"https:\/\/www.meydan.tv\/az\/wp-json\/wp\/v2\/posts\/235144\/revisions"}],"predecessor-version":[{"id":235148,"href":"https:\/\/www.meydan.tv\/az\/wp-json\/wp\/v2\/posts\/235144\/revisions\/235148"}],"wp:featuredmedia":[{"embeddable":true,"href":"https:\/\/www.meydan.tv\/az\/wp-json\/wp\/v2\/media\/234852"}],"wp:attachment":[{"href":"https:\/\/www.meydan.tv\/az\/wp-json\/wp\/v2\/media?parent=235144"}],"wp:term":[{"taxonomy":"category","embeddable":true,"href":"https:\/\/www.meydan.tv\/az\/wp-json\/wp\/v2\/categories?post=235144"},{"taxonomy":"post_tag","embeddable":true,"href":"https:\/\/www.meydan.tv\/az\/wp-json\/wp\/v2\/tags?post=235144"}],"curies":[{"name":"wp","href":"https:\/\/api.w.org\/{rel}","templated":true}]}}