{"id":234968,"date":"2022-02-18T13:02:49","date_gmt":"2022-02-18T09:02:49","guid":{"rendered":"https:\/\/www.meydan.tv\/?p=234968"},"modified":"2022-02-18T13:07:46","modified_gmt":"2022-02-18T09:07:46","slug":"tarkanin-yeni-mahnisina-hakim-partiyadan-reaksiya","status":"publish","type":"post","link":"https:\/\/www.meydan.tv\/az\/article\/tarkanin-yeni-mahnisina-hakim-partiyadan-reaksiya\/","title":{"rendered":"Tarkan\u0131n yeni mahn\u0131s\u0131na hakim partiyadan reaksiya"},"content":{"rendered":"\n<p><em>\u201c\u018frdo\u011fana se\u00e7kid\u0259 z\u0259man\u0259t ver\u0259c\u0259kl\u0259rini g\u00f6rm\u0259y\u0259c\u0259k q\u0259d\u0259r kordurlar\u201d<\/em><br><\/p>\n\n\n\n<p>Son zamanlar m\u00fcxalif a\u00e7\u0131qlamalar\u0131 v\u0259 payla\u015f\u0131mlar\u0131 il\u0259 g\u00fcnd\u0259m\u0259 g\u0259l\u0259n t\u00fcrkiy\u0259li m\u00fc\u011f\u0259nni Tarkan\u0131n g\u00f6zl\u0259nil\u0259n \u201cGe\u00e7\u00e7ek\u201d adl\u0131 klipi yay\u0131mlan\u0131b.<br><\/p>\n\n\n\n<p>Mahn\u0131n\u0131n s\u00f6z v\u0259 musiqisi Tarkana, rejissor i\u015fi is\u0259 \u0130rfan Y\u0131ld\u0131r\u0131ma <a href=\"https:\/\/www.youtube.com\/watch?v=R6gSMSYKhKU\" target=\"_blank\" rel=\"noreferrer noopener\">aiddir<\/a>.<br><\/p>\n\n\n\n<p>Klipin yay\u0131m\u0131ndan \u00f6nc\u0259 m\u00fc\u011f\u0259nni dinl\u0259yicil\u0259rin\u0259 m\u00fcraci\u0259t edib.<br><\/p>\n\n\n\n<p>O, yeni mahn\u0131s\u0131n\u0131 pandemiyaya, 2021-ci ilin iyul-avqust aylar\u0131nda T\u00fcrkiy\u0259d\u0259ki me\u015f\u0259 yan\u011f\u0131nlar\u0131na, \u00fcmumilikd\u0259, son bir ne\u00e7\u0259 ild\u0259 d\u00fcnyada ba\u015f ver\u0259n hadis\u0259l\u0259r\u0259 h\u0259sr etdiyini deyib.<br><\/p>\n\n\n\n<p>\u201cBir il \u0259vv\u0259l m\u0259n\u0259vi olaraq \u00e7ox a\u011f\u0131r anlar ya\u015fad\u0131m. D\u00fcnyada ba\u015f ver\u0259n \u00fcz\u00fcc\u00fc hadis\u0259l\u0259r, t\u0259bi\u0259tin m\u0259hv edilm\u0259si, pandemiya m\u0259n\u0259 \u00e7ox pis t\u0259sir edirdi. H\u0259min an ham\u0131m\u0131za \u00e7ox yax\u015f\u0131 t\u0259sir ed\u0259c\u0259k bir mahn\u0131 yazmaq ist\u0259dim. Kim bilir, b\u0259lk\u0259, bu mahn\u0131 bir az t\u0259s\u0259lli olar. \u018fhval\u0131m\u0131z\u0131 d\u00fcz\u0259ld\u0259r, g\u0259l\u0259c\u0259y\u0259 \u00fcmid yaradar\u201d, &#8211; m\u00fc\u011f\u0259nni bildirib.<br><\/p>\n\n\n\n<p>\u0130fa\u00e7\u0131n\u0131n klipi geni\u015f m\u00fczakir\u0259l\u0259r\u0259 s\u0259b\u0259b olub. H\u0259tta T\u00fcrkiy\u0259nin hakim \u018fdal\u0259t v\u0259 \u0130nki\u015faf Partiyas\u0131 (AKP) da mahn\u0131ya reaksiya verib.<br><\/p>\n\n\n\n<p>Partiyan\u0131n \u0130stanbul \u015f\u00f6b\u0259sinin ba\u015f\u00e7\u0131 k\u00f6m\u0259k\u00e7isi H\u0259lim\u0259 K\u00f6k\u00e7\u0259 \u201ctwitter\u201d hesab\u0131nda bu haqda <a href=\"https:\/\/twitter.com\/halimekokce\/status\/1494382130197143552?s=20&amp;t=_wA3hutSI-h346RUuKgmAw\" target=\"_blank\" rel=\"noreferrer noopener\">yaz\u0131b<\/a>. <br><\/p>\n\n\n\n<p>\u201cM\u00fcxalif\u0259t olduqlar\u0131n\u0131 z\u0259nn ets\u0259l\u0259r d\u0259, tutduqlar\u0131 m\u00f6vqenin \u018frdo\u011fana se\u00e7kid\u0259 z\u0259man\u0259t ver\u0259c\u0259yini g\u00f6rm\u0259y\u0259c\u0259k q\u0259d\u0259r kordurlar\u201d, &#8211; yazan AKP t\u0259msil\u00e7isi sarkazmla Tarkana t\u0259\u015f\u0259kk\u00fcr d\u0259 edib.<br><\/p>\n\n\n\n<p>M\u00fcxalif c\u0259bh\u0259 &#8211; C\u00fcmhuriyy\u0259t Xalq Partiyas\u0131 \u00fczvl\u0259ri il\u0259 yana\u015f\u0131, \u0130Y\u0130 partiyan\u0131n s\u0259dri Maral Ak\u015fener d\u0259 klipi \u201c\u00c7oxu gedib, az\u0131 qal\u0131b\u201d tviti il\u0259 payla\u015f\u0131b.<br><\/p>\n\n\n\n<p>Tarkan pandemiya ba\u015flayandan yarad\u0131c\u0131l\u0131q f\u0259aliyy\u0259tini dayand\u0131raraq ail\u0259si il\u0259 birg\u0259 Almaniyaya k\u00f6\u00e7m\u00fc\u015fd\u00fc.<br>M\u00fc\u011f\u0259nni ona edil\u0259n konsert t\u0259klifl\u0259rind\u0259n d\u0259 imtina edirdi.<\/p>\n","protected":false},"excerpt":{"rendered":"<p>\u201c\u018frdo\u011fana se\u00e7kid\u0259 z\u0259man\u0259t ver\u0259c\u0259kl\u0259rini g\u00f6rm\u0259y\u0259c\u0259k q\u0259d\u0259r kordurlar\u201d Son zamanlar m\u00fcxalif &#8230; <\/p>\n<p class=\"read-more-container\"><a title=\"Tarkan\u0131n yeni mahn\u0131s\u0131na hakim partiyadan reaksiya\" class=\"read-more button\" href=\"https:\/\/www.meydan.tv\/az\/article\/tarkanin-yeni-mahnisina-hakim-partiyadan-reaksiya\/#more-234968\" aria-label=\"Read more about Tarkan\u0131n yeni mahn\u0131s\u0131na hakim partiyadan reaksiya\">Davam\u0131<\/a><\/p>\n","protected":false},"author":8,"featured_media":234969,"comment_status":"closed","ping_status":"closed","sticky":false,"template":"","format":"standard","meta":{"_acf_changed":false,"_sitemap_exclude":false,"_sitemap_priority":"","_sitemap_frequency":"","footnotes":""},"categories":[52,56],"tags":[],"class_list":["post-234968","post","type-post","status-publish","format-standard","has-post-thumbnail","hentry","category-medeniyyet","category-xeberler","infinite-scroll-item","generate-columns","tablet-grid-50","mobile-grid-100","grid-parent","grid-33","no-featured-image-padding"],"acf":[],"yoast_head":"<!-- This site is optimized with the Yoast SEO plugin v27.4 - https:\/\/yoast.com\/product\/yoast-seo-wordpress\/ -->\n<title>Tarkan\u0131n yeni mahn\u0131s\u0131na hakim partiyadan reaksiya - MEYDAN.TV<\/title>\n<meta name=\"robots\" content=\"index, follow, max-snippet:-1, max-image-preview:large, max-video-preview:-1\" \/>\n<link rel=\"canonical\" href=\"https:\/\/www.meydan.tv\/az\/article\/tarkanin-yeni-mahnisina-hakim-partiyadan-reaksiya\/\" \/>\n<meta property=\"og:locale\" content=\"az_AZ\" \/>\n<meta property=\"og:type\" content=\"article\" \/>\n<meta property=\"og:title\" content=\"Tarkan\u0131n yeni mahn\u0131s\u0131na hakim partiyadan reaksiya - MEYDAN.TV\" \/>\n<meta property=\"og:description\" content=\"\u201c\u018frdo\u011fana se\u00e7kid\u0259 z\u0259man\u0259t ver\u0259c\u0259kl\u0259rini g\u00f6rm\u0259y\u0259c\u0259k q\u0259d\u0259r kordurlar\u201d Son zamanlar m\u00fcxalif ... Davam\u0131\" \/>\n<meta property=\"og:url\" content=\"https:\/\/www.meydan.tv\/az\/article\/tarkanin-yeni-mahnisina-hakim-partiyadan-reaksiya\/\" \/>\n<meta property=\"og:site_name\" content=\"MEYDAN.TV\" \/>\n<meta property=\"article:published_time\" content=\"2022-02-18T09:02:49+00:00\" \/>\n<meta property=\"article:modified_time\" content=\"2022-02-18T09:07:46+00:00\" \/>\n<meta property=\"og:image\" content=\"https:\/\/www.meydan.tv\/wp-content\/uploads\/tarkan-in-yeni-sarkisi-geccek-cikti-981960-5.jpg\" \/>\n\t<meta property=\"og:image:width\" content=\"1200\" \/>\n\t<meta property=\"og:image:height\" content=\"666\" \/>\n\t<meta property=\"og:image:type\" content=\"image\/jpeg\" \/>\n<meta name=\"author\" content=\"elli\" \/>\n<meta name=\"twitter:card\" content=\"summary_large_image\" \/>\n<meta name=\"twitter:creator\" content=\"@elli\" \/>\n<script type=\"application\/ld+json\" class=\"yoast-schema-graph\">{\"@context\":\"https:\\\/\\\/schema.org\",\"@graph\":[{\"@type\":\"Article\",\"@id\":\"https:\\\/\\\/www.meydan.tv\\\/az\\\/article\\\/tarkanin-yeni-mahnisina-hakim-partiyadan-reaksiya\\\/#article\",\"isPartOf\":{\"@id\":\"https:\\\/\\\/www.meydan.tv\\\/az\\\/article\\\/tarkanin-yeni-mahnisina-hakim-partiyadan-reaksiya\\\/\"},\"author\":{\"name\":\"elli\",\"@id\":\"https:\\\/\\\/www.meydan.tv\\\/az\\\/#\\\/schema\\\/person\\\/9cdbecf90d17180ce1dfbd95b08dcf47\"},\"headline\":\"Tarkan\u0131n yeni mahn\u0131s\u0131na hakim partiyadan reaksiya\",\"datePublished\":\"2022-02-18T09:02:49+00:00\",\"dateModified\":\"2022-02-18T09:07:46+00:00\",\"mainEntityOfPage\":{\"@id\":\"https:\\\/\\\/www.meydan.tv\\\/az\\\/article\\\/tarkanin-yeni-mahnisina-hakim-partiyadan-reaksiya\\\/\"},\"wordCount\":383,\"publisher\":{\"@id\":\"https:\\\/\\\/www.meydan.tv\\\/az\\\/#organization\"},\"image\":{\"@id\":\"https:\\\/\\\/www.meydan.tv\\\/az\\\/article\\\/tarkanin-yeni-mahnisina-hakim-partiyadan-reaksiya\\\/#primaryimage\"},\"thumbnailUrl\":\"https:\\\/\\\/www.meydan.tv\\\/wp-content\\\/uploads\\\/tarkan-in-yeni-sarkisi-geccek-cikti-981960-5.jpg\",\"articleSection\":[\"M\u0259d\u0259niyy\u0259t\",\"X\u0259b\u0259rl\u0259r\"],\"inLanguage\":\"az\"},{\"@type\":\"WebPage\",\"@id\":\"https:\\\/\\\/www.meydan.tv\\\/az\\\/article\\\/tarkanin-yeni-mahnisina-hakim-partiyadan-reaksiya\\\/\",\"url\":\"https:\\\/\\\/www.meydan.tv\\\/az\\\/article\\\/tarkanin-yeni-mahnisina-hakim-partiyadan-reaksiya\\\/\",\"name\":\"Tarkan\u0131n yeni mahn\u0131s\u0131na hakim partiyadan reaksiya - MEYDAN.TV\",\"isPartOf\":{\"@id\":\"https:\\\/\\\/www.meydan.tv\\\/az\\\/#website\"},\"primaryImageOfPage\":{\"@id\":\"https:\\\/\\\/www.meydan.tv\\\/az\\\/article\\\/tarkanin-yeni-mahnisina-hakim-partiyadan-reaksiya\\\/#primaryimage\"},\"image\":{\"@id\":\"https:\\\/\\\/www.meydan.tv\\\/az\\\/article\\\/tarkanin-yeni-mahnisina-hakim-partiyadan-reaksiya\\\/#primaryimage\"},\"thumbnailUrl\":\"https:\\\/\\\/www.meydan.tv\\\/wp-content\\\/uploads\\\/tarkan-in-yeni-sarkisi-geccek-cikti-981960-5.jpg\",\"datePublished\":\"2022-02-18T09:02:49+00:00\",\"dateModified\":\"2022-02-18T09:07:46+00:00\",\"breadcrumb\":{\"@id\":\"https:\\\/\\\/www.meydan.tv\\\/az\\\/article\\\/tarkanin-yeni-mahnisina-hakim-partiyadan-reaksiya\\\/#breadcrumb\"},\"inLanguage\":\"az\",\"potentialAction\":[{\"@type\":\"ReadAction\",\"target\":[\"https:\\\/\\\/www.meydan.tv\\\/az\\\/article\\\/tarkanin-yeni-mahnisina-hakim-partiyadan-reaksiya\\\/\"]}]},{\"@type\":\"ImageObject\",\"inLanguage\":\"az\",\"@id\":\"https:\\\/\\\/www.meydan.tv\\\/az\\\/article\\\/tarkanin-yeni-mahnisina-hakim-partiyadan-reaksiya\\\/#primaryimage\",\"url\":\"https:\\\/\\\/www.meydan.tv\\\/wp-content\\\/uploads\\\/tarkan-in-yeni-sarkisi-geccek-cikti-981960-5.jpg\",\"contentUrl\":\"https:\\\/\\\/www.meydan.tv\\\/wp-content\\\/uploads\\\/tarkan-in-yeni-sarkisi-geccek-cikti-981960-5.jpg\",\"width\":1200,\"height\":666,\"caption\":\"M\u0259nb\u0259: https:\\\/\\\/www.birgun.net\\\/\"},{\"@type\":\"BreadcrumbList\",\"@id\":\"https:\\\/\\\/www.meydan.tv\\\/az\\\/article\\\/tarkanin-yeni-mahnisina-hakim-partiyadan-reaksiya\\\/#breadcrumb\",\"itemListElement\":[{\"@type\":\"ListItem\",\"position\":1,\"name\":\"Ana s\u0259hif\u0259\",\"item\":\"https:\\\/\\\/www.meydan.tv\\\/az\\\/\"},{\"@type\":\"ListItem\",\"position\":2,\"name\":\"M\u0259d\u0259niyy\u0259t\",\"item\":\"https:\\\/\\\/www.meydan.tv\\\/az\\\/section\\\/medeniyyet\\\/\"},{\"@type\":\"ListItem\",\"position\":3,\"name\":\"Tarkan\u0131n yeni mahn\u0131s\u0131na hakim partiyadan reaksiya\"}]},{\"@type\":\"WebSite\",\"@id\":\"https:\\\/\\\/www.meydan.tv\\\/az\\\/#website\",\"url\":\"https:\\\/\\\/www.meydan.tv\\\/az\\\/\",\"name\":\"MEYDAN.TV\",\"description\":\"Meydan TV Az\u0259rbaycan\u0131n media m\u0259kan\u0131ndak\u0131 alternativ s\u0259sidir\",\"publisher\":{\"@id\":\"https:\\\/\\\/www.meydan.tv\\\/az\\\/#organization\"},\"potentialAction\":[{\"@type\":\"SearchAction\",\"target\":{\"@type\":\"EntryPoint\",\"urlTemplate\":\"https:\\\/\\\/www.meydan.tv\\\/az\\\/?s={search_term_string}\"},\"query-input\":{\"@type\":\"PropertyValueSpecification\",\"valueRequired\":true,\"valueName\":\"search_term_string\"}}],\"inLanguage\":\"az\"},{\"@type\":\"Organization\",\"@id\":\"https:\\\/\\\/www.meydan.tv\\\/az\\\/#organization\",\"name\":\"Meydan TV\",\"url\":\"https:\\\/\\\/www.meydan.tv\\\/az\\\/\",\"logo\":{\"@type\":\"ImageObject\",\"inLanguage\":\"az\",\"@id\":\"https:\\\/\\\/www.meydan.tv\\\/az\\\/#\\\/schema\\\/logo\\\/image\\\/\",\"url\":\"https:\\\/\\\/www.meydan.tv\\\/wp-content\\\/uploads\\\/2021\\\/07\\\/meydan-logo.svg\",\"contentUrl\":\"https:\\\/\\\/www.meydan.tv\\\/wp-content\\\/uploads\\\/2021\\\/07\\\/meydan-logo.svg\",\"width\":195,\"height\":46,\"caption\":\"Meydan TV\"},\"image\":{\"@id\":\"https:\\\/\\\/www.meydan.tv\\\/az\\\/#\\\/schema\\\/logo\\\/image\\\/\"}},{\"@type\":\"Person\",\"@id\":\"https:\\\/\\\/www.meydan.tv\\\/az\\\/#\\\/schema\\\/person\\\/9cdbecf90d17180ce1dfbd95b08dcf47\",\"name\":\"elli\",\"sameAs\":[\"https:\\\/\\\/x.com\\\/elli\"]}]}<\/script>\n<!-- \/ Yoast SEO plugin. -->","yoast_head_json":{"title":"Tarkan\u0131n yeni mahn\u0131s\u0131na hakim partiyadan reaksiya - MEYDAN.TV","robots":{"index":"index","follow":"follow","max-snippet":"max-snippet:-1","max-image-preview":"max-image-preview:large","max-video-preview":"max-video-preview:-1"},"canonical":"https:\/\/www.meydan.tv\/az\/article\/tarkanin-yeni-mahnisina-hakim-partiyadan-reaksiya\/","og_locale":"az_AZ","og_type":"article","og_title":"Tarkan\u0131n yeni mahn\u0131s\u0131na hakim partiyadan reaksiya - MEYDAN.TV","og_description":"\u201c\u018frdo\u011fana se\u00e7kid\u0259 z\u0259man\u0259t ver\u0259c\u0259kl\u0259rini g\u00f6rm\u0259y\u0259c\u0259k q\u0259d\u0259r kordurlar\u201d Son zamanlar m\u00fcxalif ... Davam\u0131","og_url":"https:\/\/www.meydan.tv\/az\/article\/tarkanin-yeni-mahnisina-hakim-partiyadan-reaksiya\/","og_site_name":"MEYDAN.TV","article_published_time":"2022-02-18T09:02:49+00:00","article_modified_time":"2022-02-18T09:07:46+00:00","og_image":[{"width":1200,"height":666,"url":"https:\/\/www.meydan.tv\/wp-content\/uploads\/tarkan-in-yeni-sarkisi-geccek-cikti-981960-5.jpg","type":"image\/jpeg"}],"author":"elli","twitter_card":"summary_large_image","twitter_creator":"@elli","schema":{"@context":"https:\/\/schema.org","@graph":[{"@type":"Article","@id":"https:\/\/www.meydan.tv\/az\/article\/tarkanin-yeni-mahnisina-hakim-partiyadan-reaksiya\/#article","isPartOf":{"@id":"https:\/\/www.meydan.tv\/az\/article\/tarkanin-yeni-mahnisina-hakim-partiyadan-reaksiya\/"},"author":{"name":"elli","@id":"https:\/\/www.meydan.tv\/az\/#\/schema\/person\/9cdbecf90d17180ce1dfbd95b08dcf47"},"headline":"Tarkan\u0131n yeni mahn\u0131s\u0131na hakim partiyadan reaksiya","datePublished":"2022-02-18T09:02:49+00:00","dateModified":"2022-02-18T09:07:46+00:00","mainEntityOfPage":{"@id":"https:\/\/www.meydan.tv\/az\/article\/tarkanin-yeni-mahnisina-hakim-partiyadan-reaksiya\/"},"wordCount":383,"publisher":{"@id":"https:\/\/www.meydan.tv\/az\/#organization"},"image":{"@id":"https:\/\/www.meydan.tv\/az\/article\/tarkanin-yeni-mahnisina-hakim-partiyadan-reaksiya\/#primaryimage"},"thumbnailUrl":"https:\/\/www.meydan.tv\/wp-content\/uploads\/tarkan-in-yeni-sarkisi-geccek-cikti-981960-5.jpg","articleSection":["M\u0259d\u0259niyy\u0259t","X\u0259b\u0259rl\u0259r"],"inLanguage":"az"},{"@type":"WebPage","@id":"https:\/\/www.meydan.tv\/az\/article\/tarkanin-yeni-mahnisina-hakim-partiyadan-reaksiya\/","url":"https:\/\/www.meydan.tv\/az\/article\/tarkanin-yeni-mahnisina-hakim-partiyadan-reaksiya\/","name":"Tarkan\u0131n yeni mahn\u0131s\u0131na hakim partiyadan reaksiya - MEYDAN.TV","isPartOf":{"@id":"https:\/\/www.meydan.tv\/az\/#website"},"primaryImageOfPage":{"@id":"https:\/\/www.meydan.tv\/az\/article\/tarkanin-yeni-mahnisina-hakim-partiyadan-reaksiya\/#primaryimage"},"image":{"@id":"https:\/\/www.meydan.tv\/az\/article\/tarkanin-yeni-mahnisina-hakim-partiyadan-reaksiya\/#primaryimage"},"thumbnailUrl":"https:\/\/www.meydan.tv\/wp-content\/uploads\/tarkan-in-yeni-sarkisi-geccek-cikti-981960-5.jpg","datePublished":"2022-02-18T09:02:49+00:00","dateModified":"2022-02-18T09:07:46+00:00","breadcrumb":{"@id":"https:\/\/www.meydan.tv\/az\/article\/tarkanin-yeni-mahnisina-hakim-partiyadan-reaksiya\/#breadcrumb"},"inLanguage":"az","potentialAction":[{"@type":"ReadAction","target":["https:\/\/www.meydan.tv\/az\/article\/tarkanin-yeni-mahnisina-hakim-partiyadan-reaksiya\/"]}]},{"@type":"ImageObject","inLanguage":"az","@id":"https:\/\/www.meydan.tv\/az\/article\/tarkanin-yeni-mahnisina-hakim-partiyadan-reaksiya\/#primaryimage","url":"https:\/\/www.meydan.tv\/wp-content\/uploads\/tarkan-in-yeni-sarkisi-geccek-cikti-981960-5.jpg","contentUrl":"https:\/\/www.meydan.tv\/wp-content\/uploads\/tarkan-in-yeni-sarkisi-geccek-cikti-981960-5.jpg","width":1200,"height":666,"caption":"M\u0259nb\u0259: https:\/\/www.birgun.net\/"},{"@type":"BreadcrumbList","@id":"https:\/\/www.meydan.tv\/az\/article\/tarkanin-yeni-mahnisina-hakim-partiyadan-reaksiya\/#breadcrumb","itemListElement":[{"@type":"ListItem","position":1,"name":"Ana s\u0259hif\u0259","item":"https:\/\/www.meydan.tv\/az\/"},{"@type":"ListItem","position":2,"name":"M\u0259d\u0259niyy\u0259t","item":"https:\/\/www.meydan.tv\/az\/section\/medeniyyet\/"},{"@type":"ListItem","position":3,"name":"Tarkan\u0131n yeni mahn\u0131s\u0131na hakim partiyadan reaksiya"}]},{"@type":"WebSite","@id":"https:\/\/www.meydan.tv\/az\/#website","url":"https:\/\/www.meydan.tv\/az\/","name":"MEYDAN.TV","description":"Meydan TV Az\u0259rbaycan\u0131n media m\u0259kan\u0131ndak\u0131 alternativ s\u0259sidir","publisher":{"@id":"https:\/\/www.meydan.tv\/az\/#organization"},"potentialAction":[{"@type":"SearchAction","target":{"@type":"EntryPoint","urlTemplate":"https:\/\/www.meydan.tv\/az\/?s={search_term_string}"},"query-input":{"@type":"PropertyValueSpecification","valueRequired":true,"valueName":"search_term_string"}}],"inLanguage":"az"},{"@type":"Organization","@id":"https:\/\/www.meydan.tv\/az\/#organization","name":"Meydan TV","url":"https:\/\/www.meydan.tv\/az\/","logo":{"@type":"ImageObject","inLanguage":"az","@id":"https:\/\/www.meydan.tv\/az\/#\/schema\/logo\/image\/","url":"https:\/\/www.meydan.tv\/wp-content\/uploads\/2021\/07\/meydan-logo.svg","contentUrl":"https:\/\/www.meydan.tv\/wp-content\/uploads\/2021\/07\/meydan-logo.svg","width":195,"height":46,"caption":"Meydan TV"},"image":{"@id":"https:\/\/www.meydan.tv\/az\/#\/schema\/logo\/image\/"}},{"@type":"Person","@id":"https:\/\/www.meydan.tv\/az\/#\/schema\/person\/9cdbecf90d17180ce1dfbd95b08dcf47","name":"elli","sameAs":["https:\/\/x.com\/elli"]}]}},"_links":{"self":[{"href":"https:\/\/www.meydan.tv\/az\/wp-json\/wp\/v2\/posts\/234968","targetHints":{"allow":["GET"]}}],"collection":[{"href":"https:\/\/www.meydan.tv\/az\/wp-json\/wp\/v2\/posts"}],"about":[{"href":"https:\/\/www.meydan.tv\/az\/wp-json\/wp\/v2\/types\/post"}],"author":[{"embeddable":true,"href":"https:\/\/www.meydan.tv\/az\/wp-json\/wp\/v2\/users\/8"}],"replies":[{"embeddable":true,"href":"https:\/\/www.meydan.tv\/az\/wp-json\/wp\/v2\/comments?post=234968"}],"version-history":[{"count":3,"href":"https:\/\/www.meydan.tv\/az\/wp-json\/wp\/v2\/posts\/234968\/revisions"}],"predecessor-version":[{"id":234974,"href":"https:\/\/www.meydan.tv\/az\/wp-json\/wp\/v2\/posts\/234968\/revisions\/234974"}],"wp:featuredmedia":[{"embeddable":true,"href":"https:\/\/www.meydan.tv\/az\/wp-json\/wp\/v2\/media\/234969"}],"wp:attachment":[{"href":"https:\/\/www.meydan.tv\/az\/wp-json\/wp\/v2\/media?parent=234968"}],"wp:term":[{"taxonomy":"category","embeddable":true,"href":"https:\/\/www.meydan.tv\/az\/wp-json\/wp\/v2\/categories?post=234968"},{"taxonomy":"post_tag","embeddable":true,"href":"https:\/\/www.meydan.tv\/az\/wp-json\/wp\/v2\/tags?post=234968"}],"curies":[{"name":"wp","href":"https:\/\/api.w.org\/{rel}","templated":true}]}}