{"id":234947,"date":"2022-02-18T11:39:36","date_gmt":"2022-02-18T07:39:36","guid":{"rendered":"https:\/\/www.meydan.tv\/?p=234947"},"modified":"2022-02-18T14:24:31","modified_gmt":"2022-02-18T10:24:31","slug":"manaf-agayev-gece-polis-sobesinde-saxlanilib","status":"publish","type":"post","link":"https:\/\/www.meydan.tv\/az\/article\/manaf-agayev-gece-polis-sobesinde-saxlanilib\/","title":{"rendered":"Manaf A\u011fayeva 15 sutka h\u0259bs c\u0259zas\u0131 verildi (yenil\u0259nib)"},"content":{"rendered":"\n<p>***<\/p>\n\n\n\n<p><strong>14.24.<\/strong> <em>M\u00fc\u011f\u0259nni il\u0259 F\u00fczuliy\u0259 s\u0259f\u0259r ed\u0259n \u015f\u0259xs d\u0259 h\u0259bs edilib<\/em><\/p>\n\n\n\n<p><em>M\u00fc\u011f\u0259nni Manaf A\u011fayev v\u0259 onunla birg\u0259 F\u00fczuliy\u0259 s\u0259f\u0259r ed\u0259n S\u0259nan H\u00fcseynova 15 sutka h\u0259bs c\u0259zas\u0131 verilib.<\/em><\/p>\n\n\n\n<p><em>Bununla ba\u011fl\u0131 Yasamal Rayon M\u0259hk\u0259m\u0259si q\u0259rar <a href=\"https:\/\/report.az\/hadise\/mugenni-manaf-agayev-15-sutka-hebs-edilib\/\" target=\"_blank\" rel=\"noreferrer noopener\">\u00e7\u0131xar\u0131b<\/a>.\u00a0<\/em><\/p>\n\n\n\n<p><em>Daxili \u0130\u015fl\u0259r Nazirliyinin M\u0259tbuat xidm\u0259tinin r\u0259isi Ehsan Zahidov Meydan TV-y\u0259 bildirib ki, h\u0259l\u0259 ara\u015fd\u0131rma davam etdirilir: \u201cH\u0259bs olunanlar\u0131n i\u015f\u011faldan azad edilmi\u015f \u0259razil\u0259r\u0259 icaz\u0259siz burax\u0131lmas\u0131 m\u0259s\u0259l\u0259si ara\u015fd\u0131r\u0131l\u0131r. Ara\u015fd\u0131rmadan sonra onlar\u0131 postlardan buraxan polisl\u0259r d\u0259 c\u0259zaland\u0131r\u0131lacaq\u201d.<\/em><\/p>\n\n\n\n<p>***<\/p>\n\n\n\n<p><em>M\u00fc\u011f\u0259nninin F\u00fczuliy\u0259 icaz\u0259siz s\u0259f\u0259r etdiyi bildirilir<\/em><\/p>\n\n\n\n<p>\u201cManaf A\u011fayev h\u0259l\u0259 d\u0259 polis idar\u0259sind\u0259 saxlan\u0131l\u0131r. Polis \u0259m\u0259kda\u015flar\u0131 t\u0259r\u0259find\u0259n ara\u015fd\u0131rmalara ba\u015flan\u0131l\u0131b. G\u00fcn \u0259rzind\u0259 yekun q\u0259rar veril\u0259c\u0259k\u201d.<\/p>\n\n\n\n<p>Bunu Meydan TV-y\u0259 Daxili \u0130\u015fl\u0259r Nazirliyinin M\u0259tbuat xidm\u0259tinin r\u0259isi Ehsan Zahidov deyib.<\/p>\n\n\n\n<p>M\u00fc\u011f\u0259nni Manaf A\u011fayevin i\u015f\u011faldan azad olunmu\u015f \u0259razil\u0259r\u0259 s\u0259f\u0259rini \u0259ks etdir\u0259n g\u00f6r\u00fcnt\u00fcl\u0259r yay\u0131l\u0131b.<\/p>\n\n\n\n<p>H\u0259min g\u00f6r\u00fcnt\u00fcl\u0259rd\u0259n sonra m\u00fc\u011f\u0259nni v\u0259 videoda yan\u0131nda olan v\u0259t\u0259nda\u015f polis idar\u0259sin\u0259 d\u0259v\u0259t olunub.<\/p>\n\n\n\n<p>Bildirilir ki, onlar i\u015f\u011faldan azad olunmu\u015f \u0259razil\u0259r\u0259 icaz\u0259siz s\u0259f\u0259r <a href=\"https:\/\/report.az\/hadise\/din-manaf-agayev-isgaldan-azad-olumus-erailere-qanunsuz-yolla-daxil-olub\/\" target=\"_blank\" rel=\"noreferrer noopener\">edibl\u0259r<\/a>.<\/p>\n\n\n\n<p>M\u00fc\u011f\u0259nni il\u0259 F\u00fczuliy\u0259 s\u0259f\u0259r ed\u0259n \u015f\u0259xsin i\u015f adam\u0131 oldu\u011fu <a href=\"https:\/\/qafqazinfo.az\/news\/detail\/manaf-agayevle-fuzulide-aa-seriyali-masini-suren-kimdir-fotolar-353607\" target=\"_blank\" rel=\"noreferrer noopener\">bildirilir<\/a>.<\/p>\n","protected":false},"excerpt":{"rendered":"<p>*** 14.24. M\u00fc\u011f\u0259nni il\u0259 F\u00fczuliy\u0259 s\u0259f\u0259r ed\u0259n \u015f\u0259xs d\u0259 h\u0259bs &#8230; <\/p>\n<p class=\"read-more-container\"><a title=\"Manaf A\u011fayeva 15 sutka h\u0259bs c\u0259zas\u0131 verildi (yenil\u0259nib)\" class=\"read-more button\" href=\"https:\/\/www.meydan.tv\/az\/article\/manaf-agayev-gece-polis-sobesinde-saxlanilib\/#more-234947\" aria-label=\"Read more about Manaf A\u011fayeva 15 sutka h\u0259bs c\u0259zas\u0131 verildi (yenil\u0259nib)\">Davam\u0131<\/a><\/p>\n","protected":false},"author":8,"featured_media":234948,"comment_status":"closed","ping_status":"closed","sticky":false,"template":"","format":"standard","meta":{"_acf_changed":false,"_sitemap_exclude":false,"_sitemap_priority":"","_sitemap_frequency":"","footnotes":""},"categories":[52,56],"tags":[],"class_list":["post-234947","post","type-post","status-publish","format-standard","has-post-thumbnail","hentry","category-medeniyyet","category-xeberler","infinite-scroll-item","generate-columns","tablet-grid-50","mobile-grid-100","grid-parent","grid-33","no-featured-image-padding"],"acf":[],"yoast_head":"<!-- This site is optimized with the Yoast SEO plugin v27.4 - https:\/\/yoast.com\/product\/yoast-seo-wordpress\/ -->\n<title>Manaf A\u011fayeva 15 sutka h\u0259bs c\u0259zas\u0131 verildi (yenil\u0259nib) - MEYDAN.TV<\/title>\n<meta name=\"robots\" content=\"index, follow, max-snippet:-1, max-image-preview:large, max-video-preview:-1\" \/>\n<link rel=\"canonical\" href=\"https:\/\/www.meydan.tv\/az\/article\/manaf-agayev-gece-polis-sobesinde-saxlanilib\/\" \/>\n<meta property=\"og:locale\" content=\"az_AZ\" \/>\n<meta property=\"og:type\" content=\"article\" \/>\n<meta property=\"og:title\" content=\"Manaf A\u011fayeva 15 sutka h\u0259bs c\u0259zas\u0131 verildi (yenil\u0259nib) - MEYDAN.TV\" \/>\n<meta property=\"og:description\" content=\"*** 14.24. M\u00fc\u011f\u0259nni il\u0259 F\u00fczuliy\u0259 s\u0259f\u0259r ed\u0259n \u015f\u0259xs d\u0259 h\u0259bs ... Davam\u0131\" \/>\n<meta property=\"og:url\" content=\"https:\/\/www.meydan.tv\/az\/article\/manaf-agayev-gece-polis-sobesinde-saxlanilib\/\" \/>\n<meta property=\"og:site_name\" content=\"MEYDAN.TV\" \/>\n<meta property=\"article:published_time\" content=\"2022-02-18T07:39:36+00:00\" \/>\n<meta property=\"article:modified_time\" content=\"2022-02-18T10:24:31+00:00\" \/>\n<meta property=\"og:image\" content=\"https:\/\/www.meydan.tv\/wp-content\/uploads\/1645079166_manaf-e1645169944452.jpg\" \/>\n\t<meta property=\"og:image:width\" content=\"1200\" \/>\n\t<meta property=\"og:image:height\" content=\"483\" \/>\n\t<meta property=\"og:image:type\" content=\"image\/jpeg\" \/>\n<meta name=\"author\" content=\"elli\" \/>\n<meta name=\"twitter:card\" content=\"summary_large_image\" \/>\n<meta name=\"twitter:creator\" content=\"@elli\" \/>\n<script type=\"application\/ld+json\" class=\"yoast-schema-graph\">{\"@context\":\"https:\\\/\\\/schema.org\",\"@graph\":[{\"@type\":\"Article\",\"@id\":\"https:\\\/\\\/www.meydan.tv\\\/az\\\/article\\\/manaf-agayev-gece-polis-sobesinde-saxlanilib\\\/#article\",\"isPartOf\":{\"@id\":\"https:\\\/\\\/www.meydan.tv\\\/az\\\/article\\\/manaf-agayev-gece-polis-sobesinde-saxlanilib\\\/\"},\"author\":{\"name\":\"elli\",\"@id\":\"https:\\\/\\\/www.meydan.tv\\\/az\\\/#\\\/schema\\\/person\\\/9cdbecf90d17180ce1dfbd95b08dcf47\"},\"headline\":\"Manaf A\u011fayeva 15 sutka h\u0259bs c\u0259zas\u0131 verildi (yenil\u0259nib)\",\"datePublished\":\"2022-02-18T07:39:36+00:00\",\"dateModified\":\"2022-02-18T10:24:31+00:00\",\"mainEntityOfPage\":{\"@id\":\"https:\\\/\\\/www.meydan.tv\\\/az\\\/article\\\/manaf-agayev-gece-polis-sobesinde-saxlanilib\\\/\"},\"wordCount\":270,\"publisher\":{\"@id\":\"https:\\\/\\\/www.meydan.tv\\\/az\\\/#organization\"},\"image\":{\"@id\":\"https:\\\/\\\/www.meydan.tv\\\/az\\\/article\\\/manaf-agayev-gece-polis-sobesinde-saxlanilib\\\/#primaryimage\"},\"thumbnailUrl\":\"https:\\\/\\\/www.meydan.tv\\\/wp-content\\\/uploads\\\/1645079166_manaf-e1645169944452.jpg\",\"articleSection\":[\"M\u0259d\u0259niyy\u0259t\",\"X\u0259b\u0259rl\u0259r\"],\"inLanguage\":\"az\"},{\"@type\":\"WebPage\",\"@id\":\"https:\\\/\\\/www.meydan.tv\\\/az\\\/article\\\/manaf-agayev-gece-polis-sobesinde-saxlanilib\\\/\",\"url\":\"https:\\\/\\\/www.meydan.tv\\\/az\\\/article\\\/manaf-agayev-gece-polis-sobesinde-saxlanilib\\\/\",\"name\":\"Manaf A\u011fayeva 15 sutka h\u0259bs c\u0259zas\u0131 verildi (yenil\u0259nib) - MEYDAN.TV\",\"isPartOf\":{\"@id\":\"https:\\\/\\\/www.meydan.tv\\\/az\\\/#website\"},\"primaryImageOfPage\":{\"@id\":\"https:\\\/\\\/www.meydan.tv\\\/az\\\/article\\\/manaf-agayev-gece-polis-sobesinde-saxlanilib\\\/#primaryimage\"},\"image\":{\"@id\":\"https:\\\/\\\/www.meydan.tv\\\/az\\\/article\\\/manaf-agayev-gece-polis-sobesinde-saxlanilib\\\/#primaryimage\"},\"thumbnailUrl\":\"https:\\\/\\\/www.meydan.tv\\\/wp-content\\\/uploads\\\/1645079166_manaf-e1645169944452.jpg\",\"datePublished\":\"2022-02-18T07:39:36+00:00\",\"dateModified\":\"2022-02-18T10:24:31+00:00\",\"breadcrumb\":{\"@id\":\"https:\\\/\\\/www.meydan.tv\\\/az\\\/article\\\/manaf-agayev-gece-polis-sobesinde-saxlanilib\\\/#breadcrumb\"},\"inLanguage\":\"az\",\"potentialAction\":[{\"@type\":\"ReadAction\",\"target\":[\"https:\\\/\\\/www.meydan.tv\\\/az\\\/article\\\/manaf-agayev-gece-polis-sobesinde-saxlanilib\\\/\"]}]},{\"@type\":\"ImageObject\",\"inLanguage\":\"az\",\"@id\":\"https:\\\/\\\/www.meydan.tv\\\/az\\\/article\\\/manaf-agayev-gece-polis-sobesinde-saxlanilib\\\/#primaryimage\",\"url\":\"https:\\\/\\\/www.meydan.tv\\\/wp-content\\\/uploads\\\/1645079166_manaf-e1645169944452.jpg\",\"contentUrl\":\"https:\\\/\\\/www.meydan.tv\\\/wp-content\\\/uploads\\\/1645079166_manaf-e1645169944452.jpg\",\"width\":1200,\"height\":483,\"caption\":\"Manaf A\u011fayev, M\u0259nb\u0259: https:\\\/\\\/baku.ws\\\/\"},{\"@type\":\"BreadcrumbList\",\"@id\":\"https:\\\/\\\/www.meydan.tv\\\/az\\\/article\\\/manaf-agayev-gece-polis-sobesinde-saxlanilib\\\/#breadcrumb\",\"itemListElement\":[{\"@type\":\"ListItem\",\"position\":1,\"name\":\"Ana s\u0259hif\u0259\",\"item\":\"https:\\\/\\\/www.meydan.tv\\\/az\\\/\"},{\"@type\":\"ListItem\",\"position\":2,\"name\":\"M\u0259d\u0259niyy\u0259t\",\"item\":\"https:\\\/\\\/www.meydan.tv\\\/az\\\/section\\\/medeniyyet\\\/\"},{\"@type\":\"ListItem\",\"position\":3,\"name\":\"Manaf A\u011fayeva 15 sutka h\u0259bs c\u0259zas\u0131 verildi (yenil\u0259nib)\"}]},{\"@type\":\"WebSite\",\"@id\":\"https:\\\/\\\/www.meydan.tv\\\/az\\\/#website\",\"url\":\"https:\\\/\\\/www.meydan.tv\\\/az\\\/\",\"name\":\"MEYDAN.TV\",\"description\":\"Meydan TV Az\u0259rbaycan\u0131n media m\u0259kan\u0131ndak\u0131 alternativ s\u0259sidir\",\"publisher\":{\"@id\":\"https:\\\/\\\/www.meydan.tv\\\/az\\\/#organization\"},\"potentialAction\":[{\"@type\":\"SearchAction\",\"target\":{\"@type\":\"EntryPoint\",\"urlTemplate\":\"https:\\\/\\\/www.meydan.tv\\\/az\\\/?s={search_term_string}\"},\"query-input\":{\"@type\":\"PropertyValueSpecification\",\"valueRequired\":true,\"valueName\":\"search_term_string\"}}],\"inLanguage\":\"az\"},{\"@type\":\"Organization\",\"@id\":\"https:\\\/\\\/www.meydan.tv\\\/az\\\/#organization\",\"name\":\"Meydan TV\",\"url\":\"https:\\\/\\\/www.meydan.tv\\\/az\\\/\",\"logo\":{\"@type\":\"ImageObject\",\"inLanguage\":\"az\",\"@id\":\"https:\\\/\\\/www.meydan.tv\\\/az\\\/#\\\/schema\\\/logo\\\/image\\\/\",\"url\":\"https:\\\/\\\/www.meydan.tv\\\/wp-content\\\/uploads\\\/2021\\\/07\\\/meydan-logo.svg\",\"contentUrl\":\"https:\\\/\\\/www.meydan.tv\\\/wp-content\\\/uploads\\\/2021\\\/07\\\/meydan-logo.svg\",\"width\":195,\"height\":46,\"caption\":\"Meydan TV\"},\"image\":{\"@id\":\"https:\\\/\\\/www.meydan.tv\\\/az\\\/#\\\/schema\\\/logo\\\/image\\\/\"}},{\"@type\":\"Person\",\"@id\":\"https:\\\/\\\/www.meydan.tv\\\/az\\\/#\\\/schema\\\/person\\\/9cdbecf90d17180ce1dfbd95b08dcf47\",\"name\":\"elli\",\"sameAs\":[\"https:\\\/\\\/x.com\\\/elli\"]}]}<\/script>\n<!-- \/ Yoast SEO plugin. -->","yoast_head_json":{"title":"Manaf A\u011fayeva 15 sutka h\u0259bs c\u0259zas\u0131 verildi (yenil\u0259nib) - MEYDAN.TV","robots":{"index":"index","follow":"follow","max-snippet":"max-snippet:-1","max-image-preview":"max-image-preview:large","max-video-preview":"max-video-preview:-1"},"canonical":"https:\/\/www.meydan.tv\/az\/article\/manaf-agayev-gece-polis-sobesinde-saxlanilib\/","og_locale":"az_AZ","og_type":"article","og_title":"Manaf A\u011fayeva 15 sutka h\u0259bs c\u0259zas\u0131 verildi (yenil\u0259nib) - MEYDAN.TV","og_description":"*** 14.24. M\u00fc\u011f\u0259nni il\u0259 F\u00fczuliy\u0259 s\u0259f\u0259r ed\u0259n \u015f\u0259xs d\u0259 h\u0259bs ... Davam\u0131","og_url":"https:\/\/www.meydan.tv\/az\/article\/manaf-agayev-gece-polis-sobesinde-saxlanilib\/","og_site_name":"MEYDAN.TV","article_published_time":"2022-02-18T07:39:36+00:00","article_modified_time":"2022-02-18T10:24:31+00:00","og_image":[{"width":1200,"height":483,"url":"https:\/\/www.meydan.tv\/wp-content\/uploads\/1645079166_manaf-e1645169944452.jpg","type":"image\/jpeg"}],"author":"elli","twitter_card":"summary_large_image","twitter_creator":"@elli","schema":{"@context":"https:\/\/schema.org","@graph":[{"@type":"Article","@id":"https:\/\/www.meydan.tv\/az\/article\/manaf-agayev-gece-polis-sobesinde-saxlanilib\/#article","isPartOf":{"@id":"https:\/\/www.meydan.tv\/az\/article\/manaf-agayev-gece-polis-sobesinde-saxlanilib\/"},"author":{"name":"elli","@id":"https:\/\/www.meydan.tv\/az\/#\/schema\/person\/9cdbecf90d17180ce1dfbd95b08dcf47"},"headline":"Manaf A\u011fayeva 15 sutka h\u0259bs c\u0259zas\u0131 verildi (yenil\u0259nib)","datePublished":"2022-02-18T07:39:36+00:00","dateModified":"2022-02-18T10:24:31+00:00","mainEntityOfPage":{"@id":"https:\/\/www.meydan.tv\/az\/article\/manaf-agayev-gece-polis-sobesinde-saxlanilib\/"},"wordCount":270,"publisher":{"@id":"https:\/\/www.meydan.tv\/az\/#organization"},"image":{"@id":"https:\/\/www.meydan.tv\/az\/article\/manaf-agayev-gece-polis-sobesinde-saxlanilib\/#primaryimage"},"thumbnailUrl":"https:\/\/www.meydan.tv\/wp-content\/uploads\/1645079166_manaf-e1645169944452.jpg","articleSection":["M\u0259d\u0259niyy\u0259t","X\u0259b\u0259rl\u0259r"],"inLanguage":"az"},{"@type":"WebPage","@id":"https:\/\/www.meydan.tv\/az\/article\/manaf-agayev-gece-polis-sobesinde-saxlanilib\/","url":"https:\/\/www.meydan.tv\/az\/article\/manaf-agayev-gece-polis-sobesinde-saxlanilib\/","name":"Manaf A\u011fayeva 15 sutka h\u0259bs c\u0259zas\u0131 verildi (yenil\u0259nib) - MEYDAN.TV","isPartOf":{"@id":"https:\/\/www.meydan.tv\/az\/#website"},"primaryImageOfPage":{"@id":"https:\/\/www.meydan.tv\/az\/article\/manaf-agayev-gece-polis-sobesinde-saxlanilib\/#primaryimage"},"image":{"@id":"https:\/\/www.meydan.tv\/az\/article\/manaf-agayev-gece-polis-sobesinde-saxlanilib\/#primaryimage"},"thumbnailUrl":"https:\/\/www.meydan.tv\/wp-content\/uploads\/1645079166_manaf-e1645169944452.jpg","datePublished":"2022-02-18T07:39:36+00:00","dateModified":"2022-02-18T10:24:31+00:00","breadcrumb":{"@id":"https:\/\/www.meydan.tv\/az\/article\/manaf-agayev-gece-polis-sobesinde-saxlanilib\/#breadcrumb"},"inLanguage":"az","potentialAction":[{"@type":"ReadAction","target":["https:\/\/www.meydan.tv\/az\/article\/manaf-agayev-gece-polis-sobesinde-saxlanilib\/"]}]},{"@type":"ImageObject","inLanguage":"az","@id":"https:\/\/www.meydan.tv\/az\/article\/manaf-agayev-gece-polis-sobesinde-saxlanilib\/#primaryimage","url":"https:\/\/www.meydan.tv\/wp-content\/uploads\/1645079166_manaf-e1645169944452.jpg","contentUrl":"https:\/\/www.meydan.tv\/wp-content\/uploads\/1645079166_manaf-e1645169944452.jpg","width":1200,"height":483,"caption":"Manaf A\u011fayev, M\u0259nb\u0259: https:\/\/baku.ws\/"},{"@type":"BreadcrumbList","@id":"https:\/\/www.meydan.tv\/az\/article\/manaf-agayev-gece-polis-sobesinde-saxlanilib\/#breadcrumb","itemListElement":[{"@type":"ListItem","position":1,"name":"Ana s\u0259hif\u0259","item":"https:\/\/www.meydan.tv\/az\/"},{"@type":"ListItem","position":2,"name":"M\u0259d\u0259niyy\u0259t","item":"https:\/\/www.meydan.tv\/az\/section\/medeniyyet\/"},{"@type":"ListItem","position":3,"name":"Manaf A\u011fayeva 15 sutka h\u0259bs c\u0259zas\u0131 verildi (yenil\u0259nib)"}]},{"@type":"WebSite","@id":"https:\/\/www.meydan.tv\/az\/#website","url":"https:\/\/www.meydan.tv\/az\/","name":"MEYDAN.TV","description":"Meydan TV Az\u0259rbaycan\u0131n media m\u0259kan\u0131ndak\u0131 alternativ s\u0259sidir","publisher":{"@id":"https:\/\/www.meydan.tv\/az\/#organization"},"potentialAction":[{"@type":"SearchAction","target":{"@type":"EntryPoint","urlTemplate":"https:\/\/www.meydan.tv\/az\/?s={search_term_string}"},"query-input":{"@type":"PropertyValueSpecification","valueRequired":true,"valueName":"search_term_string"}}],"inLanguage":"az"},{"@type":"Organization","@id":"https:\/\/www.meydan.tv\/az\/#organization","name":"Meydan TV","url":"https:\/\/www.meydan.tv\/az\/","logo":{"@type":"ImageObject","inLanguage":"az","@id":"https:\/\/www.meydan.tv\/az\/#\/schema\/logo\/image\/","url":"https:\/\/www.meydan.tv\/wp-content\/uploads\/2021\/07\/meydan-logo.svg","contentUrl":"https:\/\/www.meydan.tv\/wp-content\/uploads\/2021\/07\/meydan-logo.svg","width":195,"height":46,"caption":"Meydan TV"},"image":{"@id":"https:\/\/www.meydan.tv\/az\/#\/schema\/logo\/image\/"}},{"@type":"Person","@id":"https:\/\/www.meydan.tv\/az\/#\/schema\/person\/9cdbecf90d17180ce1dfbd95b08dcf47","name":"elli","sameAs":["https:\/\/x.com\/elli"]}]}},"_links":{"self":[{"href":"https:\/\/www.meydan.tv\/az\/wp-json\/wp\/v2\/posts\/234947","targetHints":{"allow":["GET"]}}],"collection":[{"href":"https:\/\/www.meydan.tv\/az\/wp-json\/wp\/v2\/posts"}],"about":[{"href":"https:\/\/www.meydan.tv\/az\/wp-json\/wp\/v2\/types\/post"}],"author":[{"embeddable":true,"href":"https:\/\/www.meydan.tv\/az\/wp-json\/wp\/v2\/users\/8"}],"replies":[{"embeddable":true,"href":"https:\/\/www.meydan.tv\/az\/wp-json\/wp\/v2\/comments?post=234947"}],"version-history":[{"count":3,"href":"https:\/\/www.meydan.tv\/az\/wp-json\/wp\/v2\/posts\/234947\/revisions"}],"predecessor-version":[{"id":234987,"href":"https:\/\/www.meydan.tv\/az\/wp-json\/wp\/v2\/posts\/234947\/revisions\/234987"}],"wp:featuredmedia":[{"embeddable":true,"href":"https:\/\/www.meydan.tv\/az\/wp-json\/wp\/v2\/media\/234948"}],"wp:attachment":[{"href":"https:\/\/www.meydan.tv\/az\/wp-json\/wp\/v2\/media?parent=234947"}],"wp:term":[{"taxonomy":"category","embeddable":true,"href":"https:\/\/www.meydan.tv\/az\/wp-json\/wp\/v2\/categories?post=234947"},{"taxonomy":"post_tag","embeddable":true,"href":"https:\/\/www.meydan.tv\/az\/wp-json\/wp\/v2\/tags?post=234947"}],"curies":[{"name":"wp","href":"https:\/\/api.w.org\/{rel}","templated":true}]}}