{"id":234938,"date":"2022-02-18T09:44:53","date_gmt":"2022-02-18T05:44:53","guid":{"rendered":"https:\/\/www.meydan.tv\/?p=234938"},"modified":"2022-02-20T00:08:56","modified_gmt":"2022-02-19T20:08:56","slug":"vezirovun-vefati-ve-qarabag","status":"publish","type":"post","link":"https:\/\/www.meydan.tv\/az\/article\/vezirovun-vefati-ve-qarabag\/","title":{"rendered":"V\u0259zirovun v\u0259fat\u0131 v\u0259 Qaraba\u011f"},"content":{"rendered":"\n<p><em>Beyni qaynayan v\u0259t\u0259np\u0259rv\u0259rl\u0259r\u0259 sual\u0131m var\u2026<\/em><\/p>\n\n\n\n<p>\u018fbd\u00fcrr\u0259hman X\u0259lilovi\u00e7 V\u0259zirovun Moskvada v\u0259fat\u0131 x\u0259b\u0259rini e\u015fitdikd\u0259 \u0259sla sevinm\u0259dim. D\u00fc\u015f\u00fcnd\u00fcm ki, Kremlin qurdu\u011fu Qaraba\u011f oyununun daha bir qurban\u0131 h\u0259yatdan k\u00f6\u00e7d\u00fc. \u00dcr\u0259yimd\u0259 ona Allahdan r\u0259hm\u0259t dil\u0259dim.<\/p>\n\n\n\n<p>O zaman\u0131n tarixi gedi\u015finin t\u0259lat\u00fcml\u00fc dal\u011falar\u0131 m\u0259ni onun kabinetin\u0259 q\u0259d\u0259r qald\u0131r\u0131b bir ne\u00e7\u0259 d\u0259f\u0259 onunla g\u00f6r\u00fc\u015fd\u00fcrm\u00fc\u015fd\u00fc. Xatir\u0259l\u0259rimi, s\u00f6hb\u0259tl\u0259rimizin t\u0259f\u0259rr\u00fcat\u0131n\u0131 \u201c\u0130kinci respublikan\u0131n sonu\u201d kitab\u0131mda yazm\u0131\u015fam. \u0130st\u0259y\u0259n tap\u0131b oxuya bil\u0259r.<\/p>\n\n\n\n<p>Sovet \u0259n\u0259n\u0259sin\u0259 uy\u011fun olaraq m\u0259rhumun partiya-istehsalat xasiyy\u0259tnam\u0259sini tam yazmayaca\u011fam, lakin m\u00fcxt\u0259s\u0259r fikrimi bildir\u0259c\u0259y\u0259m.<\/p>\n\n\n\n<p>V\u0259zirov kommunist deyildi. Y\u0259ni Sov.\u0130KP-nin \u00fczvl\u00fck biletini cibind\u0259 g\u0259zdirirdi, lakin \u0259qid\u0259c\u0259 kommunist deyildi. Az\u0259rbaycan Kommunist Partiyas\u0131n\u0131n Birinci Katibi bar\u0259d\u0259 deyil\u0259n bu fikrim\u0259 t\u0259\u0259cc\u00fcb etm\u0259yin, zira Stalinin \u00f6l\u00fcm\u00fcnd\u0259n sonra sovet r\u0259hb\u0259rliyind\u0259n b\u00fct\u00fcn s\u0259viyy\u0259l\u0259rd\u0259 \u0259qid\u0259li kommunistl\u0259r s\u00fcr\u0259tl\u0259 s\u00fcp\u00fcr\u00fcl\u00fcb t\u0259mizl\u0259nm\u0259y\u0259 ba\u015fland\u0131. M\u0259g\u0259r Heyd\u0259r \u018flirza o\u011flu \u018fliyev kommunist idi? M\u0259ni g\u00fcld\u00fcrm\u0259yin.<\/p>\n\n\n\n<p>Yoxsa AKP MK-n\u0131n \u00fc\u00e7\u00fcnc\u00fc, ideologiya \u00fczr\u0259 katibi Ramiz \u018fnv\u0259r o\u011flu Mehdiyev kommunist idi? T\u0259bii ki, o zaman\u0131n b\u00fct\u00fcn sovet r\u0259hb\u0259rl\u0259ri klassik buq\u0259l\u0259mun, \u0259qid\u0259siz nomenklatura partokrat\u0131 idi.&nbsp;<\/p>\n\n\n\n<p>AXC-nin \u0130H-nin \u00fczv\u00fc kimi m\u0259n AKP MK binas\u0131na bir ne\u00e7\u0259 d\u0259f\u0259 daxil olandan sonra anlad\u0131m ki, bu boyda m\u00f6ht\u0259\u015f\u0259m binada marksizmi az-\u00e7ox bil\u0259n iki n\u0259f\u0259r var: biri m\u0259n \u00f6z\u00fcm idim, ikincisi akademik \u018ffrand Da\u015fd\u0259mirov. Lakin \u018ffrand m\u00fc\u0259llim d\u0259 marksizmi bilirdi, f\u0259q\u0259t kommunist deyildi, xalis partokrat idi. Sad\u0259c\u0259 dig\u0259r partokratlardan f\u0259rqli olaraq ab\u0131rl\u0131, saf v\u0259 ziyal\u0131 insan idi. Allah ona q\u0259ni-q\u0259ni r\u0259hm\u0259t el\u0259sin.<\/p>\n\n\n\n<p>Dem\u0259li, o boyda binada yegan\u0259 \u0259qid\u0259li kommunist m\u0259n idim. Kommunist \u018flizad\u0259 il\u0259 partokrat V\u0259zirovun s\u00f6hb\u0259ti is\u0259 he\u00e7 c\u00fcr tuta bilm\u0259zdi. M\u0259hz bu s\u0259b\u0259bd\u0259n V\u0259zirov xalq\u0131n a\u015fa\u011f\u0131dan yaratma\u011fa ba\u015flad\u0131\u011f\u0131 AXC-y\u0259 s\u0259dr kimi \u0259vv\u0259l karyerist Ziya Bunyadovu s\u0131r\u0131ma\u011fa \u00e7al\u0131\u015fd\u0131, al\u0131nmayanda, \u018fb\u00fclf\u0259z \u018fliyevin s\u0259drliyi il\u0259 raz\u0131la\u015fd\u0131. \u00c7\u00fcnki onunla m\u00fc\u0259yy\u0259n ana kimi V\u0259zirov eyni dild\u0259 dan\u0131\u015f\u0131rd\u0131.<\/p>\n\n\n\n<p>M\u0259s\u0259l\u0259n, g\u0259l\u0259c\u0259k Ali Sovet\u0259 se\u00e7kl\u0259ri m\u00fczakir\u0259 ed\u0259nd\u0259 t\u0259klif edirdi ki, \u201cAXC-y\u0259 50 yer ay\u0131r\u0131m\u201d. Bunu m\u0259n kommunist\u0259 des\u0259ydi, \u201cXalq kimi n\u0259 q\u0259d\u0259r se\u00e7\u0259r, o q\u0259d\u0259r d\u0259 al\u0131nar\u201d e\u015fid\u0259rdi. Lakin mill\u0259t\u00e7i \u018fb\u00fclf\u0259z \u018fliyevd\u0259n \u201cYax\u015f\u0131 olard\u0131 ki,&nbsp; mandat\u0131n say\u0131 100 olsun\u201d e\u015fidirdi. Onda da V\u0259zirov deyirdi ki, \u201cSizin kadrlar\u0131 yax\u015f\u0131 \u00f6yr\u0259nmi\u015fik, sizd\u0259 bay\u0131rl\u0131\u011f\u0131 olan he\u00e7 50 n\u0259f\u0259r yoxdur\u201d.<\/p>\n\n\n\n<p>V\u0259zirovun h\u0259tta \u201cperestroyka\u201d d\u00f6vr\u00fcn\u00fcn partokratlara b\u0259x\u015f etdiyi geni\u015f siyasi manevr f\u00fcrs\u0259tl\u0259rind\u0259n bel\u0259 istifad\u0259 etm\u0259y\u0259 c\u00fcr\u0259ti \u00e7atm\u0131rd\u0131. Lakin onu qorxaql\u0131qda ittiham etm\u0259k insafdan deyil. 1987-ci ild\u0259 Qorba\u00e7ov \u00f6z komandas\u0131na aid etm\u0259diyi 50-60 ali partokrat\u0131 t\u0259qa\u00fcd\u0259 g\u00f6nd\u0259rm\u0259k q\u0259rar\u0131n\u0131n icras\u0131n\u0131 siyasi n\u0259h\u0259ng Heyd\u0259r \u018fliyev\u0259 h\u0259val\u0259 etmi\u015fdi. O da \u00fcr\u0259yind\u0259n qara qanlar axa-axa qurultay\u0131n xitab\u0259t k\u00fcrs\u00fcs\u00fcnd\u0259n \u00f6z\u00fcn\u00fcn v\u0259 xeyli sayda dig\u0259r partokrat\u0131n kollektiv istefa \u0259riz\u0259sini oxuyark\u0259n h\u0259l\u0259 \u201c\u018fziz Mixail Sergeyevi\u00e7\u0259\u201d t\u0259\u015f\u0259kk\u00fcr etm\u0259yi bel\u0259 unutmam\u0131\u015fd\u0131.&nbsp; T\u0259\u015f\u0259kk\u00fcr etmi\u015fdi v\u0259 sonra evin\u0259 qay\u0131danda \u00fcr\u0259yi tutmu\u015fdu.<\/p>\n\n\n\n<p>Az\u0259rbaycanda Heyd\u0259r \u018fliyev siyasi m\u0259kt\u0259binin yetirdiyi b\u00fct\u00fcn partokratlar anti-kommunist \u00e7\u0131xd\u0131lar.&nbsp; Ham\u0131s\u0131! \u0130stisnas\u0131z!<\/p>\n\n\n\n<p>M\u0259hz onlar Kremlin t\u0259yin etdiyi qeyri-mafioz V\u0259zirovu x\u0131m\u0131r-x\u0131m\u0131r yedil\u0259r, \u00fcst\u00fcnd\u0259n d\u0259 su i\u00e7dil\u0259r.<\/p>\n\n\n\n<p>Tarixin gizlinl\u0259ri a\u00e7\u0131ld\u0131qca, o d\u00f6vr\u00fcn tarixi hadis\u0259l\u0259rind\u0259ki \u00fcmumi qanunauy\u011funluqlar \u00fcz\u0259 \u00e7\u0131x\u0131r. M\u0259s\u0259l\u0259n, m\u0259nim \u00fc\u00e7\u00fcn art\u0131q sirr deyil ki, 1986-c\u0131 ild\u0259 Alma-Atada qazax g\u0259ncl\u0259rinin rus Kolbinin Kunayevin yerin\u0259 Birinci Katib t\u0259yinat\u0131na etiraz\u0131n\u0131 Nazirl\u0259r \u015euras\u0131n\u0131n s\u0259dri Nursultan Nazarbayev t\u0259\u015fkil etmi\u015fdi. Nec\u0259 ki, 1988-ci ilin 17 noyabr n\u00fcmayi\u015fin\u0259 haz\u0131rl\u0131\u011f\u0131 Az\u0259rbaycan\u0131n Nazirl\u0259r \u015euras\u0131 v\u0259 AKP MK-n\u0131n \u018fliyev\u00e7i kadrlar\u0131 h\u0259yata ke\u00e7irmi\u015fdi. Bu zaman meydanda kim v\u0259 n\u0259 demi\u015fdi, k\u00fctl\u0259 kim\u0259 \u0259l \u00e7alm\u0131\u015fd\u0131, bunun mahiyy\u0259t\u0259 d\u0259xli yox idi.&nbsp; Mafioz hakimiyy\u0259t qeyri-mafioz V\u0259zirovu yem\u0259li idi v\u0259 yedi d\u0259, kimin \u0259lil\u0259, \u0259h\u0259miyy\u0259ti yoxdur.<\/p>\n\n\n\n<p>V\u0259zirov o q\u0259d\u0259r partokrat idi ki, m\u00fcst\u0259qil siyasi add\u0131m atma\u011fa c\u00fcr\u0259ti \u00e7atm\u0131rd\u0131. Bil\u0259-bil\u0259 ki, AKP MK-n\u0131n k\u00f6hn\u0259 hey\u0259ti ona qar\u015f\u0131d\u0131r,&nbsp; bu hey\u0259ti da\u011f\u0131tma\u011fa, d\u0259yi\u015fm\u0259y\u0259 c\u00fcr\u0259t etm\u0259di. M\u0259hz buna g\u00f6r\u0259 \u00f6mr\u00fcn\u00fcn sonuna yax\u0131n n\u0259\u015fr etdiyi xatir\u0259l\u0259r kitab\u0131na \u201cParterin \u00f6n s\u0259find\u0259\u201d ba\u015fl\u0131\u011f\u0131n\u0131 qoydu. B\u0259li, parterin, s\u0259hn\u0259nin deyil. S\u0259hn\u0259d\u0259 oynayarlar, parterd\u0259 oturub seyr ed\u0259rl\u0259r. D\u0259qiq ba\u015fl\u0131qd\u0131r.<\/p>\n\n\n\n<p>V\u0259zirovun savadl\u0131 v\u0259 m\u0259d\u0259ni insan oldu\u011fu \u015f\u00fcbh\u0259sizdir. Qaraba\u011f m\u0259s\u0259l\u0259sinin mahiyy\u0259tini d\u0259, Az\u0259rbaycan\u0131n yeritm\u0259li oldu\u011fu siyas\u0259tin lab\u00fcdl\u00fcy\u00fcn\u00fc d\u0259 anlay\u0131rd\u0131. V\u0259zirov anlay\u0131rd\u0131 ki, Kremlin dikt\u0259sind\u0259n qurtulmaq \u00fc\u00e7\u00fcn Az\u0259rbaycan erm\u0259nil\u0259rl\u0259 dil tapmal\u0131d\u0131r. \u00d6z h\u0259mv\u0259t\u0259nl\u0259rin\u0259 sevincl\u0259 \u201cerm\u0259nil\u0259r qay\u0131d\u0131r\u201d mu\u015ftulu\u011funu ver\u0259nd\u0259 bunu erm\u0259nil\u0259ri sevdiyind\u0259n deyil, Az\u0259rbaycan\u0131 sevdiyind\u0259n deyirdi. Lakin erm\u0259ni m\u0259krind\u0259n d\u0259li-divan\u0259y\u0259 d\u00f6nm\u00fc\u015f k\u00fctl\u0259 bu sad\u0259 siyasi t\u0259nliyi anlama\u011fa qadir deyildi v\u0259 h\u0259min andaca mafiya n\u00f6k\u0259rl\u0259ri bu a\u011f\u0131ll\u0131 s\u00f6zl\u0259ri qeyri-mafioz Birinci Katibi camaat\u0131n g\u00f6z\u00fcnd\u0259n salmaq \u00fc\u00e7\u00fcn istifad\u0259 etdil\u0259r.<\/p>\n\n\n\n<p>Ox\u015far m\u0259nz\u0259r\u0259 indi yaran\u0131b. Rusiya Qaraba\u011fda 30 min erm\u0259nini girov saxlay\u0131b ki, qo\u015fununu oradan \u00e7\u0131xarmas\u0131n. B\u00fct\u00fcn d\u00fcnya, Avropa da, AB\u015e da Rusiyan\u0131n bu m\u00f6vqeyini alq\u0131\u015flay\u0131r v\u0259 m\u00fcdafi\u0259 edir. \u00c7\u00fcnki Az\u0259rbaycan\u0131n r\u0259smi v\u0259 qeyri-r\u0259smi K\u0130V-l\u0259rin\u0259 baxd\u0131qda, bar\u0131\u015f meyll\u0259ri sezilmir. Bel\u0259 \u015f\u0259raitd\u0259 Az\u0259rbaycan h\u0259tta 2025-ci ild\u0259 Rusiyaya \u201cb\u00f6lg\u0259ni t\u0259rk et\u201d dey\u0259 bilm\u0259y\u0259c\u0259k, des\u0259 bel\u0259, Rusiya qo\u015fununu \u00e7\u0259km\u0259y\u0259c\u0259k.<\/p>\n\n\n\n<p>Beyni qaynayan v\u0259t\u0259np\u0259rv\u0259rl\u0259r\u0259 sual\u0131m var: Az\u0259rbaycan bu zaman n\u0259 ed\u0259 bil\u0259c\u0259k? Rusiya Federasiyas\u0131 il\u0259 m\u00fcharib\u0259y\u0259 ba\u015flamaqm\u0131?<\/p>\n\n\n\n<p>\u0130ndi Az\u0259rbaycan s\u00fclhm\u0259raml\u0131lar\u0131 n\u0259 deyir? B\u0259db\u0259xt V\u0259zirovun dediyini. Deyirl\u0259r ki, rusun \u00e7\u0131xmas\u0131n\u0131 ist\u0259yiriks\u0259, Qaraba\u011f erm\u0259nil\u0259ri il\u0259 d\u0259, Yerevan erm\u0259il\u0259ri il\u0259 d\u0259 dil tapmaq lab\u00fcdd\u00fcr. \u0130llah ki, erm\u0259ni xalq\u0131 da 44 g\u00fcnl\u00fck m\u00fcharib\u0259d\u0259n sonra, ba\u015f\u0131 da\u015flara d\u0259y\u0259nd\u0259n sonra, rus cayna\u011f\u0131ndan xilas olma\u011f\u0131 arzulay\u0131r.<\/p>\n\n\n\n<p>Lakin n\u0259 onlar\u0131, n\u0259 bizi rus qoymur.<\/p>\n\n\n\n<p>Erm\u0259nistanda bir siyasi z\u00fcmr\u0259 var ki, \u00e7\u00f6r\u0259yi t\u00fcrk\u0259 d\u00fc\u015fm\u0259n\u00e7ilikd\u0259n \u00e7\u0131x\u0131r,&nbsp; gec\u0259-g\u00fcnd\u00fcz xalq\u0131 \u201ct\u00fcrk qulyaban\u0131s\u0131\u201d il\u0259 qorxuzur.<\/p>\n\n\n\n<p>Xo\u015fb\u0259xtlikd\u0259n 44 g\u00fcnl\u00fck m\u00fcalic\u0259d\u0259n sonra bel\u0259 d\u0259l\u0259duzlara inananlar\u0131n say\u0131 100%-d\u0259n 25%-\u0259 q\u0259d\u0259r d\u00fc\u015f\u00fcb. 75%&nbsp; s\u00fclh\u0259 haz\u0131r Pa\u015finyana inan\u0131r.<\/p>\n\n\n\n<p>B\u0259s Az\u0259rbaycanda? Bizim K\u0130V-\u0259 v\u0259 hakimiyy\u0259tin siyas\u0259tin\u0259 baxsaq g\u00f6r\u0259rik ki, m\u00fcharib\u0259 sanki h\u0259l\u0259 d\u0259 davam edir. 10.11.2020 tarixli \u00dc\u00e7t\u0259r\u0259fli B\u0259yannam\u0259 sanki yoxdur, Ali Ba\u015f Komandan rolu \u0130lham \u018fliyevin xo\u015funa \u00e7ox g\u0259lib.<\/p>\n\n\n\n<p>\u00c7ox g\u00f6z\u0259l, \u00e7ox pakiz\u0259.&nbsp; Q\u00fcrr\u0259l\u0259nin, f\u0259xriyy\u0259 v\u0259 m\u0259dhiyy\u0259 janrlar\u0131 Q\u0259dim \u015e\u0259rqin \u0259n\u0259n\u0259vi \u0259d\u0259bi janrlar\u0131d\u0131r.<\/p>\n\n\n\n<p>Lakin bir az g\u0259l\u0259c\u0259y\u0259 baxmaq da xeyir g\u0259tir\u0259 bil\u0259r.<\/p>\n\n\n\n<p>Bir tank\u0131n pulunu burax\u0131n Q\u0259rbin s\u00fclm\u0259raml\u0131 t\u0259\u015fkilat\u0131na. O da c\u0259lb el\u0259sin Yerevan, Bak\u0131 v\u0259 Xank\u0259ndi v\u0259t\u0259nda\u015f c\u0259miyy\u0259tl\u0259rini, oturub d\u0259rdl\u0259rini, ist\u0259kl\u0259rini b\u00f6l\u00fc\u015fs\u00fcnl\u0259r. \u018fmin\u0259m ki, b\u00fct\u00fcn insanlar bar\u0131\u015f v\u0259 \u0259min-amanl\u0131q ist\u0259yir, o c\u00fcml\u0259d\u0259n erm\u0259nil\u0259r v\u0259 az\u0259rbaycanl\u0131lar.&nbsp; Qoy \u0259vv\u0259l bir damla, sonra iki damla bar\u0131\u015f suyu s\u00fczs\u00fcn erm\u0259nil\u0259rin v\u0259 az\u0259rbaycanl\u0131lar\u0131n q\u0259lbin\u0259. \u018fmin\u0259m ki, sonradan dama-dama g\u00f6l olacaq. Demir\u0259m 2025-ci ild\u0259, lakin 100% 2030-cu ild\u0259 t\u0259k Az\u0259rbaycan deyil, h\u0259m d\u0259 Erm\u0259nistan dey\u0259c\u0259k ki, \u201ch\u0259v\u0259sdir-b\u0259sdir, \u0259ziz qonaq, getm\u0259k d\u0259midir\u201d.<\/p>\n\n\n\n<p>V\u0259zirovun v\u0259fat\u0131 x\u0259b\u0259ri m\u0259n\u0259 onun bu s\u00f6zl\u0259rini xat\u0131rlatd\u0131. B\u0259db\u0259xtin \u00e7ox m\u0259sl\u0259h\u0259tini xalq art\u0131q q\u0259bul edib. Komp\u00fcteri d\u0259, ingilis dilini d\u0259 \u00f6yr\u0259nir, qoz olmasa da, badam a\u011faclar\u0131n\u0131 \u0259kir, coxu hamam tikib, d\u0259xi qoxumur\u2026<\/p>\n\n\n\n<p>G\u00fcn g\u0259l\u0259r, V\u0259zirovun \u201cerm\u0259nil\u0259r qay\u0131d\u0131r\u201d mu\u015ftulu\u011funun da hikm\u0259tini qanar\u0131q.<\/p>\n\n\n\n<p>H\u0259tta ola bilsin, g\u00fcn g\u0259l\u0259r, erm\u0259nil\u0259r o m\u0259rt\u0259b\u0259y\u0259 qalxar ki, sevin\u0259-sevin\u0259 \u201caz\u0259rbaycanl\u0131lar qay\u0131d\u0131r\u201d dey\u0259rl\u0259r\u2026<\/p>\n","protected":false},"excerpt":{"rendered":"<p>Beyni qaynayan v\u0259t\u0259np\u0259rv\u0259rl\u0259r\u0259 sual\u0131m var\u2026 \u018fbd\u00fcrr\u0259hman X\u0259lilovi\u00e7 V\u0259zirovun Moskvada v\u0259fat\u0131 &#8230; <\/p>\n<p class=\"read-more-container\"><a title=\"V\u0259zirovun v\u0259fat\u0131 v\u0259 Qaraba\u011f\" class=\"read-more button\" href=\"https:\/\/www.meydan.tv\/az\/article\/vezirovun-vefati-ve-qarabag\/#more-234938\" aria-label=\"Read more about V\u0259zirovun v\u0259fat\u0131 v\u0259 Qaraba\u011f\">Davam\u0131<\/a><\/p>\n","protected":false},"author":8,"featured_media":126823,"comment_status":"closed","ping_status":"closed","sticky":false,"template":"","format":"standard","meta":{"_acf_changed":false,"_sitemap_exclude":false,"_sitemap_priority":"","_sitemap_frequency":"","footnotes":""},"categories":[57],"tags":[],"class_list":["post-234938","post","type-post","status-publish","format-standard","has-post-thumbnail","hentry","category-menim-fikrimce","infinite-scroll-item","generate-columns","tablet-grid-50","mobile-grid-100","grid-parent","grid-33","no-featured-image-padding"],"acf":[],"yoast_head":"<!-- This site is optimized with the Yoast SEO plugin v27.4 - https:\/\/yoast.com\/product\/yoast-seo-wordpress\/ -->\n<title>V\u0259zirovun v\u0259fat\u0131 v\u0259 Qaraba\u011f - MEYDAN.TV<\/title>\n<meta name=\"robots\" content=\"index, follow, max-snippet:-1, max-image-preview:large, max-video-preview:-1\" \/>\n<link rel=\"canonical\" href=\"https:\/\/www.meydan.tv\/az\/article\/vezirovun-vefati-ve-qarabag\/\" \/>\n<meta property=\"og:locale\" content=\"az_AZ\" \/>\n<meta property=\"og:type\" content=\"article\" \/>\n<meta property=\"og:title\" content=\"V\u0259zirovun v\u0259fat\u0131 v\u0259 Qaraba\u011f - MEYDAN.TV\" \/>\n<meta property=\"og:description\" content=\"Beyni qaynayan v\u0259t\u0259np\u0259rv\u0259rl\u0259r\u0259 sual\u0131m var\u2026 \u018fbd\u00fcrr\u0259hman X\u0259lilovi\u00e7 V\u0259zirovun Moskvada v\u0259fat\u0131 ... Davam\u0131\" \/>\n<meta property=\"og:url\" content=\"https:\/\/www.meydan.tv\/az\/article\/vezirovun-vefati-ve-qarabag\/\" \/>\n<meta property=\"og:site_name\" content=\"MEYDAN.TV\" \/>\n<meta property=\"article:published_time\" content=\"2022-02-18T05:44:53+00:00\" \/>\n<meta property=\"article:modified_time\" content=\"2022-02-19T20:08:56+00:00\" \/>\n<meta property=\"og:image\" content=\"https:\/\/www.meydan.tv\/wp-content\/uploads\/image_from_ios_2_p52ittc.original.original-scaled-e1645163166726.jpg\" \/>\n\t<meta property=\"og:image:width\" content=\"2560\" \/>\n\t<meta property=\"og:image:height\" content=\"1292\" \/>\n\t<meta property=\"og:image:type\" content=\"image\/jpeg\" \/>\n<meta name=\"author\" content=\"elli\" \/>\n<meta name=\"twitter:card\" content=\"summary_large_image\" \/>\n<meta name=\"twitter:creator\" content=\"@elli\" \/>\n<script type=\"application\/ld+json\" class=\"yoast-schema-graph\">{\"@context\":\"https:\\\/\\\/schema.org\",\"@graph\":[{\"@type\":\"Article\",\"@id\":\"https:\\\/\\\/www.meydan.tv\\\/az\\\/article\\\/vezirovun-vefati-ve-qarabag\\\/#article\",\"isPartOf\":{\"@id\":\"https:\\\/\\\/www.meydan.tv\\\/az\\\/article\\\/vezirovun-vefati-ve-qarabag\\\/\"},\"author\":{\"name\":\"elli\",\"@id\":\"https:\\\/\\\/www.meydan.tv\\\/az\\\/#\\\/schema\\\/person\\\/9cdbecf90d17180ce1dfbd95b08dcf47\"},\"headline\":\"V\u0259zirovun v\u0259fat\u0131 v\u0259 Qaraba\u011f\",\"datePublished\":\"2022-02-18T05:44:53+00:00\",\"dateModified\":\"2022-02-19T20:08:56+00:00\",\"mainEntityOfPage\":{\"@id\":\"https:\\\/\\\/www.meydan.tv\\\/az\\\/article\\\/vezirovun-vefati-ve-qarabag\\\/\"},\"wordCount\":1679,\"publisher\":{\"@id\":\"https:\\\/\\\/www.meydan.tv\\\/az\\\/#organization\"},\"image\":{\"@id\":\"https:\\\/\\\/www.meydan.tv\\\/az\\\/article\\\/vezirovun-vefati-ve-qarabag\\\/#primaryimage\"},\"thumbnailUrl\":\"https:\\\/\\\/www.meydan.tv\\\/wp-content\\\/uploads\\\/image_from_ios_2_p52ittc.original.original-scaled-e1682070233838.jpg\",\"articleSection\":[\"M\u0259nim Fikrimc\u0259\"],\"inLanguage\":\"az\"},{\"@type\":\"WebPage\",\"@id\":\"https:\\\/\\\/www.meydan.tv\\\/az\\\/article\\\/vezirovun-vefati-ve-qarabag\\\/\",\"url\":\"https:\\\/\\\/www.meydan.tv\\\/az\\\/article\\\/vezirovun-vefati-ve-qarabag\\\/\",\"name\":\"V\u0259zirovun v\u0259fat\u0131 v\u0259 Qaraba\u011f - MEYDAN.TV\",\"isPartOf\":{\"@id\":\"https:\\\/\\\/www.meydan.tv\\\/az\\\/#website\"},\"primaryImageOfPage\":{\"@id\":\"https:\\\/\\\/www.meydan.tv\\\/az\\\/article\\\/vezirovun-vefati-ve-qarabag\\\/#primaryimage\"},\"image\":{\"@id\":\"https:\\\/\\\/www.meydan.tv\\\/az\\\/article\\\/vezirovun-vefati-ve-qarabag\\\/#primaryimage\"},\"thumbnailUrl\":\"https:\\\/\\\/www.meydan.tv\\\/wp-content\\\/uploads\\\/image_from_ios_2_p52ittc.original.original-scaled-e1682070233838.jpg\",\"datePublished\":\"2022-02-18T05:44:53+00:00\",\"dateModified\":\"2022-02-19T20:08:56+00:00\",\"breadcrumb\":{\"@id\":\"https:\\\/\\\/www.meydan.tv\\\/az\\\/article\\\/vezirovun-vefati-ve-qarabag\\\/#breadcrumb\"},\"inLanguage\":\"az\",\"potentialAction\":[{\"@type\":\"ReadAction\",\"target\":[\"https:\\\/\\\/www.meydan.tv\\\/az\\\/article\\\/vezirovun-vefati-ve-qarabag\\\/\"]}]},{\"@type\":\"ImageObject\",\"inLanguage\":\"az\",\"@id\":\"https:\\\/\\\/www.meydan.tv\\\/az\\\/article\\\/vezirovun-vefati-ve-qarabag\\\/#primaryimage\",\"url\":\"https:\\\/\\\/www.meydan.tv\\\/wp-content\\\/uploads\\\/image_from_ios_2_p52ittc.original.original-scaled-e1682070233838.jpg\",\"contentUrl\":\"https:\\\/\\\/www.meydan.tv\\\/wp-content\\\/uploads\\\/image_from_ios_2_p52ittc.original.original-scaled-e1682070233838.jpg\",\"width\":2560,\"height\":1158,\"caption\":\"Foto: Meydan TV\"},{\"@type\":\"BreadcrumbList\",\"@id\":\"https:\\\/\\\/www.meydan.tv\\\/az\\\/article\\\/vezirovun-vefati-ve-qarabag\\\/#breadcrumb\",\"itemListElement\":[{\"@type\":\"ListItem\",\"position\":1,\"name\":\"Ana s\u0259hif\u0259\",\"item\":\"https:\\\/\\\/www.meydan.tv\\\/az\\\/\"},{\"@type\":\"ListItem\",\"position\":2,\"name\":\"M\u0259nim Fikrimc\u0259\",\"item\":\"https:\\\/\\\/www.meydan.tv\\\/az\\\/section\\\/menim-fikrimce\\\/\"},{\"@type\":\"ListItem\",\"position\":3,\"name\":\"V\u0259zirovun v\u0259fat\u0131 v\u0259 Qaraba\u011f\"}]},{\"@type\":\"WebSite\",\"@id\":\"https:\\\/\\\/www.meydan.tv\\\/az\\\/#website\",\"url\":\"https:\\\/\\\/www.meydan.tv\\\/az\\\/\",\"name\":\"MEYDAN.TV\",\"description\":\"Meydan TV Az\u0259rbaycan\u0131n media m\u0259kan\u0131ndak\u0131 alternativ s\u0259sidir\",\"publisher\":{\"@id\":\"https:\\\/\\\/www.meydan.tv\\\/az\\\/#organization\"},\"potentialAction\":[{\"@type\":\"SearchAction\",\"target\":{\"@type\":\"EntryPoint\",\"urlTemplate\":\"https:\\\/\\\/www.meydan.tv\\\/az\\\/?s={search_term_string}\"},\"query-input\":{\"@type\":\"PropertyValueSpecification\",\"valueRequired\":true,\"valueName\":\"search_term_string\"}}],\"inLanguage\":\"az\"},{\"@type\":\"Organization\",\"@id\":\"https:\\\/\\\/www.meydan.tv\\\/az\\\/#organization\",\"name\":\"Meydan TV\",\"url\":\"https:\\\/\\\/www.meydan.tv\\\/az\\\/\",\"logo\":{\"@type\":\"ImageObject\",\"inLanguage\":\"az\",\"@id\":\"https:\\\/\\\/www.meydan.tv\\\/az\\\/#\\\/schema\\\/logo\\\/image\\\/\",\"url\":\"https:\\\/\\\/www.meydan.tv\\\/wp-content\\\/uploads\\\/2021\\\/07\\\/meydan-logo.svg\",\"contentUrl\":\"https:\\\/\\\/www.meydan.tv\\\/wp-content\\\/uploads\\\/2021\\\/07\\\/meydan-logo.svg\",\"width\":195,\"height\":46,\"caption\":\"Meydan TV\"},\"image\":{\"@id\":\"https:\\\/\\\/www.meydan.tv\\\/az\\\/#\\\/schema\\\/logo\\\/image\\\/\"}},{\"@type\":\"Person\",\"@id\":\"https:\\\/\\\/www.meydan.tv\\\/az\\\/#\\\/schema\\\/person\\\/9cdbecf90d17180ce1dfbd95b08dcf47\",\"name\":\"elli\",\"sameAs\":[\"https:\\\/\\\/x.com\\\/elli\"]}]}<\/script>\n<!-- \/ Yoast SEO plugin. -->","yoast_head_json":{"title":"V\u0259zirovun v\u0259fat\u0131 v\u0259 Qaraba\u011f - MEYDAN.TV","robots":{"index":"index","follow":"follow","max-snippet":"max-snippet:-1","max-image-preview":"max-image-preview:large","max-video-preview":"max-video-preview:-1"},"canonical":"https:\/\/www.meydan.tv\/az\/article\/vezirovun-vefati-ve-qarabag\/","og_locale":"az_AZ","og_type":"article","og_title":"V\u0259zirovun v\u0259fat\u0131 v\u0259 Qaraba\u011f - MEYDAN.TV","og_description":"Beyni qaynayan v\u0259t\u0259np\u0259rv\u0259rl\u0259r\u0259 sual\u0131m var\u2026 \u018fbd\u00fcrr\u0259hman X\u0259lilovi\u00e7 V\u0259zirovun Moskvada v\u0259fat\u0131 ... Davam\u0131","og_url":"https:\/\/www.meydan.tv\/az\/article\/vezirovun-vefati-ve-qarabag\/","og_site_name":"MEYDAN.TV","article_published_time":"2022-02-18T05:44:53+00:00","article_modified_time":"2022-02-19T20:08:56+00:00","og_image":[{"width":2560,"height":1292,"url":"https:\/\/www.meydan.tv\/wp-content\/uploads\/image_from_ios_2_p52ittc.original.original-scaled-e1645163166726.jpg","type":"image\/jpeg"}],"author":"elli","twitter_card":"summary_large_image","twitter_creator":"@elli","schema":{"@context":"https:\/\/schema.org","@graph":[{"@type":"Article","@id":"https:\/\/www.meydan.tv\/az\/article\/vezirovun-vefati-ve-qarabag\/#article","isPartOf":{"@id":"https:\/\/www.meydan.tv\/az\/article\/vezirovun-vefati-ve-qarabag\/"},"author":{"name":"elli","@id":"https:\/\/www.meydan.tv\/az\/#\/schema\/person\/9cdbecf90d17180ce1dfbd95b08dcf47"},"headline":"V\u0259zirovun v\u0259fat\u0131 v\u0259 Qaraba\u011f","datePublished":"2022-02-18T05:44:53+00:00","dateModified":"2022-02-19T20:08:56+00:00","mainEntityOfPage":{"@id":"https:\/\/www.meydan.tv\/az\/article\/vezirovun-vefati-ve-qarabag\/"},"wordCount":1679,"publisher":{"@id":"https:\/\/www.meydan.tv\/az\/#organization"},"image":{"@id":"https:\/\/www.meydan.tv\/az\/article\/vezirovun-vefati-ve-qarabag\/#primaryimage"},"thumbnailUrl":"https:\/\/www.meydan.tv\/wp-content\/uploads\/image_from_ios_2_p52ittc.original.original-scaled-e1682070233838.jpg","articleSection":["M\u0259nim Fikrimc\u0259"],"inLanguage":"az"},{"@type":"WebPage","@id":"https:\/\/www.meydan.tv\/az\/article\/vezirovun-vefati-ve-qarabag\/","url":"https:\/\/www.meydan.tv\/az\/article\/vezirovun-vefati-ve-qarabag\/","name":"V\u0259zirovun v\u0259fat\u0131 v\u0259 Qaraba\u011f - MEYDAN.TV","isPartOf":{"@id":"https:\/\/www.meydan.tv\/az\/#website"},"primaryImageOfPage":{"@id":"https:\/\/www.meydan.tv\/az\/article\/vezirovun-vefati-ve-qarabag\/#primaryimage"},"image":{"@id":"https:\/\/www.meydan.tv\/az\/article\/vezirovun-vefati-ve-qarabag\/#primaryimage"},"thumbnailUrl":"https:\/\/www.meydan.tv\/wp-content\/uploads\/image_from_ios_2_p52ittc.original.original-scaled-e1682070233838.jpg","datePublished":"2022-02-18T05:44:53+00:00","dateModified":"2022-02-19T20:08:56+00:00","breadcrumb":{"@id":"https:\/\/www.meydan.tv\/az\/article\/vezirovun-vefati-ve-qarabag\/#breadcrumb"},"inLanguage":"az","potentialAction":[{"@type":"ReadAction","target":["https:\/\/www.meydan.tv\/az\/article\/vezirovun-vefati-ve-qarabag\/"]}]},{"@type":"ImageObject","inLanguage":"az","@id":"https:\/\/www.meydan.tv\/az\/article\/vezirovun-vefati-ve-qarabag\/#primaryimage","url":"https:\/\/www.meydan.tv\/wp-content\/uploads\/image_from_ios_2_p52ittc.original.original-scaled-e1682070233838.jpg","contentUrl":"https:\/\/www.meydan.tv\/wp-content\/uploads\/image_from_ios_2_p52ittc.original.original-scaled-e1682070233838.jpg","width":2560,"height":1158,"caption":"Foto: Meydan TV"},{"@type":"BreadcrumbList","@id":"https:\/\/www.meydan.tv\/az\/article\/vezirovun-vefati-ve-qarabag\/#breadcrumb","itemListElement":[{"@type":"ListItem","position":1,"name":"Ana s\u0259hif\u0259","item":"https:\/\/www.meydan.tv\/az\/"},{"@type":"ListItem","position":2,"name":"M\u0259nim Fikrimc\u0259","item":"https:\/\/www.meydan.tv\/az\/section\/menim-fikrimce\/"},{"@type":"ListItem","position":3,"name":"V\u0259zirovun v\u0259fat\u0131 v\u0259 Qaraba\u011f"}]},{"@type":"WebSite","@id":"https:\/\/www.meydan.tv\/az\/#website","url":"https:\/\/www.meydan.tv\/az\/","name":"MEYDAN.TV","description":"Meydan TV Az\u0259rbaycan\u0131n media m\u0259kan\u0131ndak\u0131 alternativ s\u0259sidir","publisher":{"@id":"https:\/\/www.meydan.tv\/az\/#organization"},"potentialAction":[{"@type":"SearchAction","target":{"@type":"EntryPoint","urlTemplate":"https:\/\/www.meydan.tv\/az\/?s={search_term_string}"},"query-input":{"@type":"PropertyValueSpecification","valueRequired":true,"valueName":"search_term_string"}}],"inLanguage":"az"},{"@type":"Organization","@id":"https:\/\/www.meydan.tv\/az\/#organization","name":"Meydan TV","url":"https:\/\/www.meydan.tv\/az\/","logo":{"@type":"ImageObject","inLanguage":"az","@id":"https:\/\/www.meydan.tv\/az\/#\/schema\/logo\/image\/","url":"https:\/\/www.meydan.tv\/wp-content\/uploads\/2021\/07\/meydan-logo.svg","contentUrl":"https:\/\/www.meydan.tv\/wp-content\/uploads\/2021\/07\/meydan-logo.svg","width":195,"height":46,"caption":"Meydan TV"},"image":{"@id":"https:\/\/www.meydan.tv\/az\/#\/schema\/logo\/image\/"}},{"@type":"Person","@id":"https:\/\/www.meydan.tv\/az\/#\/schema\/person\/9cdbecf90d17180ce1dfbd95b08dcf47","name":"elli","sameAs":["https:\/\/x.com\/elli"]}]}},"_links":{"self":[{"href":"https:\/\/www.meydan.tv\/az\/wp-json\/wp\/v2\/posts\/234938","targetHints":{"allow":["GET"]}}],"collection":[{"href":"https:\/\/www.meydan.tv\/az\/wp-json\/wp\/v2\/posts"}],"about":[{"href":"https:\/\/www.meydan.tv\/az\/wp-json\/wp\/v2\/types\/post"}],"author":[{"embeddable":true,"href":"https:\/\/www.meydan.tv\/az\/wp-json\/wp\/v2\/users\/8"}],"replies":[{"embeddable":true,"href":"https:\/\/www.meydan.tv\/az\/wp-json\/wp\/v2\/comments?post=234938"}],"version-history":[{"count":3,"href":"https:\/\/www.meydan.tv\/az\/wp-json\/wp\/v2\/posts\/234938\/revisions"}],"predecessor-version":[{"id":235087,"href":"https:\/\/www.meydan.tv\/az\/wp-json\/wp\/v2\/posts\/234938\/revisions\/235087"}],"wp:featuredmedia":[{"embeddable":true,"href":"https:\/\/www.meydan.tv\/az\/wp-json\/wp\/v2\/media\/126823"}],"wp:attachment":[{"href":"https:\/\/www.meydan.tv\/az\/wp-json\/wp\/v2\/media?parent=234938"}],"wp:term":[{"taxonomy":"category","embeddable":true,"href":"https:\/\/www.meydan.tv\/az\/wp-json\/wp\/v2\/categories?post=234938"},{"taxonomy":"post_tag","embeddable":true,"href":"https:\/\/www.meydan.tv\/az\/wp-json\/wp\/v2\/tags?post=234938"}],"curies":[{"name":"wp","href":"https:\/\/api.w.org\/{rel}","templated":true}]}}