{"id":234847,"date":"2022-02-17T16:52:24","date_gmt":"2022-02-17T12:52:24","guid":{"rendered":"https:\/\/www.meydan.tv\/?p=234847"},"modified":"2022-02-17T16:52:26","modified_gmt":"2022-02-17T12:52:26","slug":"rusiya-ukrayna-qarsidurmasi-ateskes-rejimi-pozulub","status":"publish","type":"post","link":"https:\/\/www.meydan.tv\/az\/article\/rusiya-ukrayna-qarsidurmasi-ateskes-rejimi-pozulub\/","title":{"rendered":"Rusiya-Ukrayna qar\u015f\u0131durmas\u0131: at\u0259\u015fk\u0259s rejimi pozulub"},"content":{"rendered":"\n<p><em>Kiyev bu insidenti &#8220;t\u0259xribat&#8221; kimi qiym\u0259tl\u0259ndirib<\/em><\/p>\n\n\n\n<p>Fevral\u0131n 17-d\u0259 Ukraynan\u0131n \u015f\u0259rqind\u0259 at\u0259\u015fk\u0259s rejimi pozulub.<\/p>\n\n\n\n<p>Rusiyan\u0131n d\u0259st\u0259kl\u0259diyi \u00fcsyan\u00e7\u0131lar v\u0259 Ukrayna q\u00fcvv\u0259l\u0259ri at\u0259\u015fk\u0259sin pozulmas\u0131nda bir-birini g\u00fcnahland\u0131r\u0131r.<\/p>\n\n\n\n<p>R\u0259smi Kiyev is\u0259 Rusiya qo\u015funlar\u0131n\u0131n s\u0259rh\u0259dd\u0259 topland\u0131\u011f\u0131 bir zamanda bel\u0259 bir insidentin olmas\u0131n\u0131 &#8220;t\u0259xribat&#8221; kimi qiym\u0259tl\u0259ndirir.<\/p>\n\n\n\n<p>&#8220;Reuters&#8221; <a href=\"https:\/\/www.reuters.com\/world\/europe\/shelling-breaks-out-east-ukraine-west-moscow-dispute-troop-moves-2022-02-17\/\" target=\"_blank\" rel=\"noreferrer noopener\">yaz\u0131r<\/a> ki, Moskva h\u0259l\u0259 d\u0259 Q\u0259rbin Rusiyan\u0131n Ukraynan\u0131 i\u015f\u011fal etm\u0259sini planla\u015fd\u0131rmas\u0131 il\u0259 ba\u011fl\u0131 ittihamlar\u0131n\u0131 r\u0259dd edir.<\/p>\n\n\n\n<p>Rusiya bu h\u0259ft\u0259 b\u00f6lg\u0259y\u0259 g\u00f6nd\u0259rdiyi 100 mind\u0259n \u00e7ox \u0259sg\u0259rin bir hiss\u0259sini geri \u00e7\u0259kdiyini bildirib.<\/p>\n\n\n\n<p>Q\u0259rb is\u0259 \u0259h\u0259miyy\u0259tli d\u0259r\u0259c\u0259d\u0259 geri \u00e7\u0259kilm\u0259nin olmad\u0131\u011f\u0131n\u0131 d\u00fc\u015f\u00fcn\u00fcr.<\/p>\n\n\n\n<p>Amerika Birl\u0259\u015fmi\u015f \u015etatlar\u0131 is\u0259 \u00fcmumiyy\u0259tl\u0259, s\u0259rh\u0259dd\u0259 minl\u0259rl\u0259 \u0259sg\u0259rin g\u0259lm\u0259kd\u0259 davam etdiyini <a href=\"https:\/\/www.meydan.tv\/az\/article\/co-bayden-ukraynaya-mudaxile-hele-de-rusiyanin-gundemindedir\/\" target=\"_blank\" rel=\"noreferrer noopener\">s\u00f6yl\u0259yir<\/a>.<\/p>\n\n\n\n<p>Q\u0259rb \u00f6lk\u0259l\u0259ri d\u0259f\u0259l\u0259rl\u0259 Rusiyan\u0131 h\u00fccuma haqq qazand\u0131rmaq \u00fc\u00e7\u00fcn \u00fcsyan\u00e7\u0131lar\u0131n n\u0259zar\u0259tind\u0259 olan \u0259razil\u0259rd\u0259 insident planla\u015fd\u0131rmaqda ittiham edib.<\/p>\n\n\n\n<p>Moskva is\u0259 \u00f6z n\u00f6vb\u0259sind\u0259 Kiyevi \u0259razil\u0259ri g\u00fcc yolu il\u0259 geri alma\u011fa c\u0259hd etm\u0259k \u00fc\u00e7\u00fcn eskalasiya planla\u015fd\u0131rmaqda g\u00fcnahland\u0131r\u0131b.<\/p>\n\n\n\n<p>Ukrayna h\u00f6kum\u0259tind\u0259ki y\u00fcks\u0259k r\u00fctb\u0259li m\u0259nb\u0259 is\u0259 bildirib ki, Rusiyan\u0131n d\u0259st\u0259kl\u0259diyi separat\u00e7\u0131 q\u00fcvv\u0259l\u0259rl\u0259 t\u0259mas x\u0259ttind\u0259 ba\u015f ver\u0259n at\u0131\u015fma indiy\u0259q\u0259d\u0259rki \u201cat\u0259\u015fk\u0259s rejiminin pozulmas\u0131\u201d miqyas\u0131ndan k\u0259nara \u00e7\u0131x\u0131b.<\/p>\n\n\n\n<p>&#8220;Bu, adi at\u0259\u015fk\u0259s pozuntusu deyil. Daha \u00e7ox t\u0259xribata b\u0259nz\u0259yir&#8221;, &#8211; m\u0259nb\u0259 \u201cReuters\u201d\u0259 bildirib.<\/p>\n\n\n\n<p>Moskvada Kremlin s\u00f6z\u00e7\u00fcs\u00fc Dmitri Peskov is\u0259 deyib ki, Rusiya eskalasiya x\u0259b\u0259rl\u0259rind\u0259n \u201cciddi narahatd\u0131r\u201d.<\/p>\n\n\n\n<p>Ukraynan\u0131n \u00fcsyan\u00e7\u0131lar\u0131n n\u0259zar\u0259tind\u0259 olan Luqansk vilay\u0259tinin Kadiivka \u015f\u0259h\u0259rind\u0259 \u201cReuters\u201din fotoqraf\u0131 t\u0259mas x\u0259tti istiqam\u0259tind\u0259n b\u0259zi artilleriya at\u0259\u015finin s\u0259sini e\u015fits\u0259 d\u0259, hadis\u0259nin t\u0259f\u0259rr\u00fcatlar\u0131n\u0131 m\u00fc\u0259yy\u0259nl\u0259\u015fdir\u0259 bilm\u0259yib.<\/p>\n\n\n\n<p>Separat\u00e7\u0131lar h\u00f6kum\u0259t q\u00fcvv\u0259l\u0259rini son 24 saat \u0259rzind\u0259 onlar\u0131n \u0259razisin\u0259 d\u00f6rd d\u0259f\u0259 at\u0259\u015f a\u00e7maqda ittiham edibl\u0259r.<\/p>\n\n\n\n<figure class=\"wp-block-image size-full\"><img decoding=\"async\" data-src=\"https:\/\/www.meydan.tv\/wp-content\/uploads\/shutterstock_552887806.jpg\" alt=\"\" class=\"wp-image-234856 lazyload\" src=\"data:image\/svg+xml;base64,PHN2ZyB3aWR0aD0iMSIgaGVpZ2h0PSIxIiB4bWxucz0iaHR0cDovL3d3dy53My5vcmcvMjAwMC9zdmciPjwvc3ZnPg==\" style=\"--smush-placeholder-width: 1200px; --smush-placeholder-aspect-ratio: 1200\/800;\" \/><figcaption>Dmitri Peskov, Foto: ID1974\/shutterstock<\/figcaption><\/figure>\n\n\n\n<p>Kiyev \u00fcsyan\u00e7\u0131lar\u0131 u\u015faq ba\u011f\u00e7as\u0131n\u0131 v\u0259 m\u0259kt\u0259bi vuran at\u0259\u015f a\u00e7maqda g\u00fcnahland\u0131r\u0131r.<\/p>\n\n\n\n<p>Bildirir ki, h\u0259min at\u0259\u015f d\u0259rs vaxt\u0131 a\u00e7\u0131l\u0131b v\u0259 bu zaman \u015fagirdl\u0259r zirz\u0259miy\u0259 qa\u00e7mal\u0131 olub.<\/p>\n\n\n\n<p>AB\u015e prezidenti Co Bayden administrasiyas\u0131n\u0131n y\u00fcks\u0259k r\u00fctb\u0259li r\u0259smisi Rusiyan\u0131n geri \u00e7\u0259kildiyin\u0259 dair iddialar\u0131na zidd olaraq, son g\u00fcnl\u0259r s\u0259rh\u0259d\u0259 daha 7000 h\u0259rb\u00e7inin g\u0259tirildiyini s\u00f6yl\u0259yir.<\/p>\n\n\n\n<p>Rusiya M\u00fcdafi\u0259 Nazirliyi is\u0259 s\u0259rh\u0259dd\u0259n ayr\u0131lan rus h\u0259rb\u00e7il\u0259r il\u0259 ba\u011fl\u0131 videog\u00f6r\u00fcnt\u00fc yay\u0131b.<\/p>\n\n\n\n<p>Qura\u015fd\u0131rman\u0131 izl\u0259y\u0259n \u00f6z\u0259l AB\u015e \u015firk\u0259ti Maxar Technologies bildirib ki, peyk g\u00f6r\u00fcnt\u00fcl\u0259ri Rusiyan\u0131n Ukrayna yax\u0131nl\u0131\u011f\u0131ndan b\u0259zi h\u0259rbi texnikan\u0131 geri \u00e7\u0259kdiyi halda, \u0259raziy\u0259 ba\u015fqa texnikalar\u0131n g\u0259tirildiyini g\u00f6st\u0259rir.<\/p>\n\n\n\n<p>Diplomatik m\u0259nb\u0259 bildirib ki, Avropa T\u0259hl\u00fck\u0259sizlik v\u0259 \u018fm\u0259kda\u015fl\u0131q T\u0259\u015fkilat\u0131n\u0131n uzunm\u00fcdd\u0259tli monitorinq missiyas\u0131 fevral\u0131n 17-d\u0259 s\u0259h\u0259r saatlar\u0131nda t\u0259mas x\u0259tti boyunca \u00e7oxsayl\u0131 at\u0259\u015f s\u0259sl\u0259ri qeyd\u0259 al\u0131b.<\/p>\n\n\n\n<p>2015-ci ild\u0259 \u0259ld\u0259 edilmi\u015f at\u0259\u015fk\u0259s raz\u0131la\u015fmas\u0131ndan b\u0259ri separat\u00e7\u0131lar b\u00f6y\u00fck d\u00f6y\u00fc\u015fl\u0259r\u0259 son qoyub.<\/p>\n\n\n\n<p>AT\u018fT ad\u0259t\u0259n h\u0259r g\u00fcn onlarla at\u0259\u015fk\u0259s pozuntusu, tez-tez silah s\u0259sl\u0259ri bar\u0259d\u0259 m\u0259lumat verir. \u018frazid\u0259 yaralanmalara v\u0259 ya \u00f6l\u00fcm\u0259 s\u0259b\u0259b olan \u0259h\u0259miyy\u0259tli at\u0259\u015f v\u0259 ya toqqu\u015fmalar ayda bir ne\u00e7\u0259 d\u0259f\u0259 ba\u015f verir.<\/p>\n\n\n\n<p>\u0130ki \u00fcsyan\u00e7\u0131 b\u00f6lg\u0259d\u0259n biri olan \u00f6z\u00fcn\u00fc Luqansk Xalq Respublikas\u0131 elan ed\u0259n Ukrayna q\u00fcvv\u0259l\u0259ri c\u00fcm\u0259 ax\u015fam\u0131 d\u00f6rd ayr\u0131 insidentd\u0259 minaatan, qumbaraatan v\u0259 pulemyotdan istifad\u0259 etdiyini bildirib.<\/p>\n\n\n\n<p>&#8220;Ukrayna silahl\u0131 q\u00fcvv\u0259l\u0259ri a\u011f\u0131r silahlardan istifad\u0259 etm\u0259kl\u0259 at\u0259\u015fk\u0259s rejimini kobud \u015f\u0259kild\u0259 pozub.<\/p>\n\n\n\n<p>Minsk raz\u0131la\u015fmalar\u0131na \u0259sas\u0259n, bu silahlar geri \u00e7\u0259kilm\u0259lidir&#8221;, &#8211; separat\u00e7\u0131lar\u0131n b\u0259yanat\u0131nda deyilir.<\/p>\n\n\n\n<p>Ukrayna h\u0259rb\u00e7il\u0259ri \u00fcsyan\u00e7\u0131lara istinad ed\u0259r\u0259k bildiribl\u0259r ki, Rusiya i\u015f\u011fal\u00e7\u0131 qo\u015funlar\u0131 Luqansk vilay\u0259tinin Stanitsa k\u0259ndini at\u0259\u015f\u0259 tutub: \u201cTerror\u00e7ular\u0131n a\u011f\u0131r artilleriya silahlar\u0131ndan istifad\u0259 etm\u0259si n\u0259tic\u0259sind\u0259 m\u0259rmil\u0259r u\u015faq ba\u011f\u00e7as\u0131n\u0131n binas\u0131na d\u00fc\u015f\u00fcb. \u0130lkin m\u0259lumata g\u00f6r\u0259, iki m\u00fclki \u015f\u0259xs m\u0259rmi z\u0259rb\u0259si al\u0131b&#8221;.<\/p>\n\n\n\n<p>Lakin Rusiya Ukraynaya m\u00fcdaxil\u0259 planla\u015fd\u0131rd\u0131\u011f\u0131n\u0131 inkar edir.<\/p>\n\n\n\n<p>Kiyevi NATO alyans\u0131na he\u00e7 vaxt q\u0259bul etm\u0259m\u0259k v\u0259di yerin\u0259 yetirilm\u0259s\u0259, qeyri-m\u00fc\u0259yy\u0259n \u201ch\u0259rbi-texniki\u201d add\u0131mlar ata bil\u0259c\u0259yini deyir.<\/p>\n\n\n\n<p>Q\u0259rb is\u0259 Rusiyan\u0131n t\u0259l\u0259bl\u0259rini r\u0259dd edir, at\u0259\u015fk\u0259s\u0259 \u0259m\u0259l etm\u0259si v\u0259 dig\u0259r m\u0259s\u0259l\u0259l\u0259rl\u0259 ba\u011fl\u0131 dan\u0131\u015f\u0131qlar t\u0259klif edir.<\/p>\n\n\n\n<p>Amerika Birl\u0259\u015fmi\u015f \u015etatlar\u0131 v\u0259 Avropa Rusiyan\u0131 i\u015f\u011fala \u0259l ataca\u011f\u0131 t\u0259qdird\u0259 s\u0259rt sanksiyalarla h\u0259d\u0259yir.<\/p>\n\n\n\n<p>Rusiya Ukrayna aras\u0131ndak\u0131 m\u00fcnaqi\u015f\u0259 yeni deyil.<\/p>\n\n\n\n<p>Rusiya 2014-c\u00fc ild\u0259 Ukraynan\u0131n Kr\u0131m yar\u0131madas\u0131n\u0131 ilhaq edib v\u0259 \u00f6lk\u0259nin \u015f\u0259rqind\u0259ki separat\u00e7\u0131lar\u0131 d\u0259st\u0259kl\u0259m\u0259y\u0259 ba\u015flay\u0131b.<\/p>\n\n\n\n<p>H\u0259min vaxtdan davam ed\u0259n m\u00fcnaqi\u015f\u0259d\u0259 13 min 200-d\u0259n \u00e7ox adam \u00f6ld\u00fcr\u00fcl\u00fcb.<\/p>\n","protected":false},"excerpt":{"rendered":"<p>Kiyev bu insidenti &#8220;t\u0259xribat&#8221; kimi qiym\u0259tl\u0259ndirib Fevral\u0131n 17-d\u0259 Ukraynan\u0131n \u015f\u0259rqind\u0259 &#8230; <\/p>\n<p class=\"read-more-container\"><a title=\"Rusiya-Ukrayna qar\u015f\u0131durmas\u0131: at\u0259\u015fk\u0259s rejimi pozulub\" class=\"read-more button\" href=\"https:\/\/www.meydan.tv\/az\/article\/rusiya-ukrayna-qarsidurmasi-ateskes-rejimi-pozulub\/#more-234847\" aria-label=\"Read more about Rusiya-Ukrayna qar\u015f\u0131durmas\u0131: at\u0259\u015fk\u0259s rejimi pozulub\">Davam\u0131<\/a><\/p>\n","protected":false},"author":8,"featured_media":234852,"comment_status":"closed","ping_status":"closed","sticky":false,"template":"","format":"standard","meta":{"_acf_changed":false,"_sitemap_exclude":false,"_sitemap_priority":"","_sitemap_frequency":"","footnotes":""},"categories":[64,56],"tags":[],"class_list":["post-234847","post","type-post","status-publish","format-standard","has-post-thumbnail","hentry","category-dunya","category-xeberler","infinite-scroll-item","generate-columns","tablet-grid-50","mobile-grid-100","grid-parent","grid-33","no-featured-image-padding"],"acf":[],"yoast_head":"<!-- This site is optimized with the Yoast SEO plugin v27.5 - https:\/\/yoast.com\/product\/yoast-seo-wordpress\/ -->\n<title>Rusiya-Ukrayna qar\u015f\u0131durmas\u0131: at\u0259\u015fk\u0259s rejimi pozulub - MEYDAN.TV<\/title>\n<meta name=\"robots\" content=\"index, follow, max-snippet:-1, max-image-preview:large, max-video-preview:-1\" \/>\n<link rel=\"canonical\" href=\"https:\/\/www.meydan.tv\/az\/article\/rusiya-ukrayna-qarsidurmasi-ateskes-rejimi-pozulub\/\" \/>\n<meta property=\"og:locale\" content=\"az_AZ\" \/>\n<meta property=\"og:type\" content=\"article\" \/>\n<meta property=\"og:title\" content=\"Rusiya-Ukrayna qar\u015f\u0131durmas\u0131: at\u0259\u015fk\u0259s rejimi pozulub - MEYDAN.TV\" \/>\n<meta property=\"og:description\" content=\"Kiyev bu insidenti &#8220;t\u0259xribat&#8221; kimi qiym\u0259tl\u0259ndirib Fevral\u0131n 17-d\u0259 Ukraynan\u0131n \u015f\u0259rqind\u0259 ... Davam\u0131\" \/>\n<meta property=\"og:url\" content=\"https:\/\/www.meydan.tv\/az\/article\/rusiya-ukrayna-qarsidurmasi-ateskes-rejimi-pozulub\/\" \/>\n<meta property=\"og:site_name\" content=\"MEYDAN.TV\" \/>\n<meta property=\"article:published_time\" content=\"2022-02-17T12:52:24+00:00\" \/>\n<meta property=\"article:modified_time\" content=\"2022-02-17T12:52:26+00:00\" \/>\n<meta property=\"og:image\" content=\"https:\/\/www.meydan.tv\/wp-content\/uploads\/shutterstock_2095910923.jpg\" \/>\n\t<meta property=\"og:image:width\" content=\"1200\" \/>\n\t<meta property=\"og:image:height\" content=\"757\" \/>\n\t<meta property=\"og:image:type\" content=\"image\/jpeg\" \/>\n<meta name=\"author\" content=\"elli\" \/>\n<meta name=\"twitter:card\" content=\"summary_large_image\" \/>\n<meta name=\"twitter:creator\" content=\"@elli\" \/>\n<script type=\"application\/ld+json\" class=\"yoast-schema-graph\">{\"@context\":\"https:\\\/\\\/schema.org\",\"@graph\":[{\"@type\":\"Article\",\"@id\":\"https:\\\/\\\/www.meydan.tv\\\/az\\\/article\\\/rusiya-ukrayna-qarsidurmasi-ateskes-rejimi-pozulub\\\/#article\",\"isPartOf\":{\"@id\":\"https:\\\/\\\/www.meydan.tv\\\/az\\\/article\\\/rusiya-ukrayna-qarsidurmasi-ateskes-rejimi-pozulub\\\/\"},\"author\":{\"name\":\"elli\",\"@id\":\"https:\\\/\\\/www.meydan.tv\\\/az\\\/#\\\/schema\\\/person\\\/9cdbecf90d17180ce1dfbd95b08dcf47\"},\"headline\":\"Rusiya-Ukrayna qar\u015f\u0131durmas\u0131: at\u0259\u015fk\u0259s rejimi pozulub\",\"datePublished\":\"2022-02-17T12:52:24+00:00\",\"dateModified\":\"2022-02-17T12:52:26+00:00\",\"mainEntityOfPage\":{\"@id\":\"https:\\\/\\\/www.meydan.tv\\\/az\\\/article\\\/rusiya-ukrayna-qarsidurmasi-ateskes-rejimi-pozulub\\\/\"},\"wordCount\":953,\"publisher\":{\"@id\":\"https:\\\/\\\/www.meydan.tv\\\/az\\\/#organization\"},\"image\":{\"@id\":\"https:\\\/\\\/www.meydan.tv\\\/az\\\/article\\\/rusiya-ukrayna-qarsidurmasi-ateskes-rejimi-pozulub\\\/#primaryimage\"},\"thumbnailUrl\":\"https:\\\/\\\/www.meydan.tv\\\/wp-content\\\/uploads\\\/shutterstock_2095910923.jpg\",\"articleSection\":[\"D\u00fcnya\",\"X\u0259b\u0259rl\u0259r\"],\"inLanguage\":\"az\"},{\"@type\":\"WebPage\",\"@id\":\"https:\\\/\\\/www.meydan.tv\\\/az\\\/article\\\/rusiya-ukrayna-qarsidurmasi-ateskes-rejimi-pozulub\\\/\",\"url\":\"https:\\\/\\\/www.meydan.tv\\\/az\\\/article\\\/rusiya-ukrayna-qarsidurmasi-ateskes-rejimi-pozulub\\\/\",\"name\":\"Rusiya-Ukrayna qar\u015f\u0131durmas\u0131: at\u0259\u015fk\u0259s rejimi pozulub - MEYDAN.TV\",\"isPartOf\":{\"@id\":\"https:\\\/\\\/www.meydan.tv\\\/az\\\/#website\"},\"primaryImageOfPage\":{\"@id\":\"https:\\\/\\\/www.meydan.tv\\\/az\\\/article\\\/rusiya-ukrayna-qarsidurmasi-ateskes-rejimi-pozulub\\\/#primaryimage\"},\"image\":{\"@id\":\"https:\\\/\\\/www.meydan.tv\\\/az\\\/article\\\/rusiya-ukrayna-qarsidurmasi-ateskes-rejimi-pozulub\\\/#primaryimage\"},\"thumbnailUrl\":\"https:\\\/\\\/www.meydan.tv\\\/wp-content\\\/uploads\\\/shutterstock_2095910923.jpg\",\"datePublished\":\"2022-02-17T12:52:24+00:00\",\"dateModified\":\"2022-02-17T12:52:26+00:00\",\"breadcrumb\":{\"@id\":\"https:\\\/\\\/www.meydan.tv\\\/az\\\/article\\\/rusiya-ukrayna-qarsidurmasi-ateskes-rejimi-pozulub\\\/#breadcrumb\"},\"inLanguage\":\"az\",\"potentialAction\":[{\"@type\":\"ReadAction\",\"target\":[\"https:\\\/\\\/www.meydan.tv\\\/az\\\/article\\\/rusiya-ukrayna-qarsidurmasi-ateskes-rejimi-pozulub\\\/\"]}]},{\"@type\":\"ImageObject\",\"inLanguage\":\"az\",\"@id\":\"https:\\\/\\\/www.meydan.tv\\\/az\\\/article\\\/rusiya-ukrayna-qarsidurmasi-ateskes-rejimi-pozulub\\\/#primaryimage\",\"url\":\"https:\\\/\\\/www.meydan.tv\\\/wp-content\\\/uploads\\\/shutterstock_2095910923.jpg\",\"contentUrl\":\"https:\\\/\\\/www.meydan.tv\\\/wp-content\\\/uploads\\\/shutterstock_2095910923.jpg\",\"width\":1200,\"height\":757,\"caption\":\"Rusiya-Ukrayna, Foto: Tomas Ragina\\\/shutterstock\"},{\"@type\":\"BreadcrumbList\",\"@id\":\"https:\\\/\\\/www.meydan.tv\\\/az\\\/article\\\/rusiya-ukrayna-qarsidurmasi-ateskes-rejimi-pozulub\\\/#breadcrumb\",\"itemListElement\":[{\"@type\":\"ListItem\",\"position\":1,\"name\":\"Ana s\u0259hif\u0259\",\"item\":\"https:\\\/\\\/www.meydan.tv\\\/az\\\/\"},{\"@type\":\"ListItem\",\"position\":2,\"name\":\"D\u00fcnya\",\"item\":\"https:\\\/\\\/www.meydan.tv\\\/az\\\/section\\\/dunya\\\/\"},{\"@type\":\"ListItem\",\"position\":3,\"name\":\"Rusiya-Ukrayna qar\u015f\u0131durmas\u0131: at\u0259\u015fk\u0259s rejimi pozulub\"}]},{\"@type\":\"WebSite\",\"@id\":\"https:\\\/\\\/www.meydan.tv\\\/az\\\/#website\",\"url\":\"https:\\\/\\\/www.meydan.tv\\\/az\\\/\",\"name\":\"MEYDAN.TV\",\"description\":\"Meydan TV Az\u0259rbaycan\u0131n media m\u0259kan\u0131ndak\u0131 alternativ s\u0259sidir\",\"publisher\":{\"@id\":\"https:\\\/\\\/www.meydan.tv\\\/az\\\/#organization\"},\"potentialAction\":[{\"@type\":\"SearchAction\",\"target\":{\"@type\":\"EntryPoint\",\"urlTemplate\":\"https:\\\/\\\/www.meydan.tv\\\/az\\\/?s={search_term_string}\"},\"query-input\":{\"@type\":\"PropertyValueSpecification\",\"valueRequired\":true,\"valueName\":\"search_term_string\"}}],\"inLanguage\":\"az\"},{\"@type\":\"Organization\",\"@id\":\"https:\\\/\\\/www.meydan.tv\\\/az\\\/#organization\",\"name\":\"Meydan TV\",\"url\":\"https:\\\/\\\/www.meydan.tv\\\/az\\\/\",\"logo\":{\"@type\":\"ImageObject\",\"inLanguage\":\"az\",\"@id\":\"https:\\\/\\\/www.meydan.tv\\\/az\\\/#\\\/schema\\\/logo\\\/image\\\/\",\"url\":\"https:\\\/\\\/www.meydan.tv\\\/wp-content\\\/uploads\\\/2021\\\/07\\\/meydan-logo.svg\",\"contentUrl\":\"https:\\\/\\\/www.meydan.tv\\\/wp-content\\\/uploads\\\/2021\\\/07\\\/meydan-logo.svg\",\"width\":195,\"height\":46,\"caption\":\"Meydan TV\"},\"image\":{\"@id\":\"https:\\\/\\\/www.meydan.tv\\\/az\\\/#\\\/schema\\\/logo\\\/image\\\/\"}},{\"@type\":\"Person\",\"@id\":\"https:\\\/\\\/www.meydan.tv\\\/az\\\/#\\\/schema\\\/person\\\/9cdbecf90d17180ce1dfbd95b08dcf47\",\"name\":\"elli\",\"sameAs\":[\"https:\\\/\\\/x.com\\\/elli\"]}]}<\/script>\n<!-- \/ Yoast SEO plugin. -->","yoast_head_json":{"title":"Rusiya-Ukrayna qar\u015f\u0131durmas\u0131: at\u0259\u015fk\u0259s rejimi pozulub - MEYDAN.TV","robots":{"index":"index","follow":"follow","max-snippet":"max-snippet:-1","max-image-preview":"max-image-preview:large","max-video-preview":"max-video-preview:-1"},"canonical":"https:\/\/www.meydan.tv\/az\/article\/rusiya-ukrayna-qarsidurmasi-ateskes-rejimi-pozulub\/","og_locale":"az_AZ","og_type":"article","og_title":"Rusiya-Ukrayna qar\u015f\u0131durmas\u0131: at\u0259\u015fk\u0259s rejimi pozulub - MEYDAN.TV","og_description":"Kiyev bu insidenti &#8220;t\u0259xribat&#8221; kimi qiym\u0259tl\u0259ndirib Fevral\u0131n 17-d\u0259 Ukraynan\u0131n \u015f\u0259rqind\u0259 ... Davam\u0131","og_url":"https:\/\/www.meydan.tv\/az\/article\/rusiya-ukrayna-qarsidurmasi-ateskes-rejimi-pozulub\/","og_site_name":"MEYDAN.TV","article_published_time":"2022-02-17T12:52:24+00:00","article_modified_time":"2022-02-17T12:52:26+00:00","og_image":[{"width":1200,"height":757,"url":"https:\/\/www.meydan.tv\/wp-content\/uploads\/shutterstock_2095910923.jpg","type":"image\/jpeg"}],"author":"elli","twitter_card":"summary_large_image","twitter_creator":"@elli","schema":{"@context":"https:\/\/schema.org","@graph":[{"@type":"Article","@id":"https:\/\/www.meydan.tv\/az\/article\/rusiya-ukrayna-qarsidurmasi-ateskes-rejimi-pozulub\/#article","isPartOf":{"@id":"https:\/\/www.meydan.tv\/az\/article\/rusiya-ukrayna-qarsidurmasi-ateskes-rejimi-pozulub\/"},"author":{"name":"elli","@id":"https:\/\/www.meydan.tv\/az\/#\/schema\/person\/9cdbecf90d17180ce1dfbd95b08dcf47"},"headline":"Rusiya-Ukrayna qar\u015f\u0131durmas\u0131: at\u0259\u015fk\u0259s rejimi pozulub","datePublished":"2022-02-17T12:52:24+00:00","dateModified":"2022-02-17T12:52:26+00:00","mainEntityOfPage":{"@id":"https:\/\/www.meydan.tv\/az\/article\/rusiya-ukrayna-qarsidurmasi-ateskes-rejimi-pozulub\/"},"wordCount":953,"publisher":{"@id":"https:\/\/www.meydan.tv\/az\/#organization"},"image":{"@id":"https:\/\/www.meydan.tv\/az\/article\/rusiya-ukrayna-qarsidurmasi-ateskes-rejimi-pozulub\/#primaryimage"},"thumbnailUrl":"https:\/\/www.meydan.tv\/wp-content\/uploads\/shutterstock_2095910923.jpg","articleSection":["D\u00fcnya","X\u0259b\u0259rl\u0259r"],"inLanguage":"az"},{"@type":"WebPage","@id":"https:\/\/www.meydan.tv\/az\/article\/rusiya-ukrayna-qarsidurmasi-ateskes-rejimi-pozulub\/","url":"https:\/\/www.meydan.tv\/az\/article\/rusiya-ukrayna-qarsidurmasi-ateskes-rejimi-pozulub\/","name":"Rusiya-Ukrayna qar\u015f\u0131durmas\u0131: at\u0259\u015fk\u0259s rejimi pozulub - MEYDAN.TV","isPartOf":{"@id":"https:\/\/www.meydan.tv\/az\/#website"},"primaryImageOfPage":{"@id":"https:\/\/www.meydan.tv\/az\/article\/rusiya-ukrayna-qarsidurmasi-ateskes-rejimi-pozulub\/#primaryimage"},"image":{"@id":"https:\/\/www.meydan.tv\/az\/article\/rusiya-ukrayna-qarsidurmasi-ateskes-rejimi-pozulub\/#primaryimage"},"thumbnailUrl":"https:\/\/www.meydan.tv\/wp-content\/uploads\/shutterstock_2095910923.jpg","datePublished":"2022-02-17T12:52:24+00:00","dateModified":"2022-02-17T12:52:26+00:00","breadcrumb":{"@id":"https:\/\/www.meydan.tv\/az\/article\/rusiya-ukrayna-qarsidurmasi-ateskes-rejimi-pozulub\/#breadcrumb"},"inLanguage":"az","potentialAction":[{"@type":"ReadAction","target":["https:\/\/www.meydan.tv\/az\/article\/rusiya-ukrayna-qarsidurmasi-ateskes-rejimi-pozulub\/"]}]},{"@type":"ImageObject","inLanguage":"az","@id":"https:\/\/www.meydan.tv\/az\/article\/rusiya-ukrayna-qarsidurmasi-ateskes-rejimi-pozulub\/#primaryimage","url":"https:\/\/www.meydan.tv\/wp-content\/uploads\/shutterstock_2095910923.jpg","contentUrl":"https:\/\/www.meydan.tv\/wp-content\/uploads\/shutterstock_2095910923.jpg","width":1200,"height":757,"caption":"Rusiya-Ukrayna, Foto: Tomas Ragina\/shutterstock"},{"@type":"BreadcrumbList","@id":"https:\/\/www.meydan.tv\/az\/article\/rusiya-ukrayna-qarsidurmasi-ateskes-rejimi-pozulub\/#breadcrumb","itemListElement":[{"@type":"ListItem","position":1,"name":"Ana s\u0259hif\u0259","item":"https:\/\/www.meydan.tv\/az\/"},{"@type":"ListItem","position":2,"name":"D\u00fcnya","item":"https:\/\/www.meydan.tv\/az\/section\/dunya\/"},{"@type":"ListItem","position":3,"name":"Rusiya-Ukrayna qar\u015f\u0131durmas\u0131: at\u0259\u015fk\u0259s rejimi pozulub"}]},{"@type":"WebSite","@id":"https:\/\/www.meydan.tv\/az\/#website","url":"https:\/\/www.meydan.tv\/az\/","name":"MEYDAN.TV","description":"Meydan TV Az\u0259rbaycan\u0131n media m\u0259kan\u0131ndak\u0131 alternativ s\u0259sidir","publisher":{"@id":"https:\/\/www.meydan.tv\/az\/#organization"},"potentialAction":[{"@type":"SearchAction","target":{"@type":"EntryPoint","urlTemplate":"https:\/\/www.meydan.tv\/az\/?s={search_term_string}"},"query-input":{"@type":"PropertyValueSpecification","valueRequired":true,"valueName":"search_term_string"}}],"inLanguage":"az"},{"@type":"Organization","@id":"https:\/\/www.meydan.tv\/az\/#organization","name":"Meydan TV","url":"https:\/\/www.meydan.tv\/az\/","logo":{"@type":"ImageObject","inLanguage":"az","@id":"https:\/\/www.meydan.tv\/az\/#\/schema\/logo\/image\/","url":"https:\/\/www.meydan.tv\/wp-content\/uploads\/2021\/07\/meydan-logo.svg","contentUrl":"https:\/\/www.meydan.tv\/wp-content\/uploads\/2021\/07\/meydan-logo.svg","width":195,"height":46,"caption":"Meydan TV"},"image":{"@id":"https:\/\/www.meydan.tv\/az\/#\/schema\/logo\/image\/"}},{"@type":"Person","@id":"https:\/\/www.meydan.tv\/az\/#\/schema\/person\/9cdbecf90d17180ce1dfbd95b08dcf47","name":"elli","sameAs":["https:\/\/x.com\/elli"]}]}},"_links":{"self":[{"href":"https:\/\/www.meydan.tv\/az\/wp-json\/wp\/v2\/posts\/234847","targetHints":{"allow":["GET"]}}],"collection":[{"href":"https:\/\/www.meydan.tv\/az\/wp-json\/wp\/v2\/posts"}],"about":[{"href":"https:\/\/www.meydan.tv\/az\/wp-json\/wp\/v2\/types\/post"}],"author":[{"embeddable":true,"href":"https:\/\/www.meydan.tv\/az\/wp-json\/wp\/v2\/users\/8"}],"replies":[{"embeddable":true,"href":"https:\/\/www.meydan.tv\/az\/wp-json\/wp\/v2\/comments?post=234847"}],"version-history":[{"count":1,"href":"https:\/\/www.meydan.tv\/az\/wp-json\/wp\/v2\/posts\/234847\/revisions"}],"predecessor-version":[{"id":234859,"href":"https:\/\/www.meydan.tv\/az\/wp-json\/wp\/v2\/posts\/234847\/revisions\/234859"}],"wp:featuredmedia":[{"embeddable":true,"href":"https:\/\/www.meydan.tv\/az\/wp-json\/wp\/v2\/media\/234852"}],"wp:attachment":[{"href":"https:\/\/www.meydan.tv\/az\/wp-json\/wp\/v2\/media?parent=234847"}],"wp:term":[{"taxonomy":"category","embeddable":true,"href":"https:\/\/www.meydan.tv\/az\/wp-json\/wp\/v2\/categories?post=234847"},{"taxonomy":"post_tag","embeddable":true,"href":"https:\/\/www.meydan.tv\/az\/wp-json\/wp\/v2\/tags?post=234847"}],"curies":[{"name":"wp","href":"https:\/\/api.w.org\/{rel}","templated":true}]}}