{"id":234731,"date":"2022-02-16T13:34:01","date_gmt":"2022-02-16T09:34:01","guid":{"rendered":"https:\/\/www.meydan.tv\/?p=234731"},"modified":"2022-02-16T13:34:06","modified_gmt":"2022-02-16T09:34:06","slug":"co-bayden-ukraynaya-mudaxile-hele-de-rusiyanin-gundemindedir","status":"publish","type":"post","link":"https:\/\/www.meydan.tv\/az\/article\/co-bayden-ukraynaya-mudaxile-hele-de-rusiyanin-gundemindedir\/","title":{"rendered":"Co Bayden: &#8220;Ukraynaya m\u00fcdaxil\u0259 h\u0259l\u0259 d\u0259 Rusiyan\u0131n g\u00fcnd\u0259mind\u0259dir&#8221;"},"content":{"rendered":"\n<p><em>AB\u015e Prezidenti: &#8220;150 000 rus \u0259sg\u0259ri h\u0259l\u0259 d\u0259 Ukrayna s\u0259rh\u0259dind\u0259dir&#8221;<\/em><\/p>\n\n\n\n<p>AB\u015e prezidenti Co Bayden fevral\u0131n 15-d\u0259 televiziya \u00e7\u0131x\u0131\u015f\u0131 zaman\u0131 Rusiyan\u0131n iddialar\u0131na m\u00fcnasib\u0259t bildirib.<\/p>\n\n\n\n<p>O deyib ki, Ukraynaya m\u00fcdaxil\u0259 h\u0259l\u0259 d\u0259 Rusiyan\u0131n g\u00fcnd\u0259mind\u0259dir v\u0259 a\u00e7\u0131q \u015f\u0259kild\u0259 <a href=\"https:\/\/www.theguardian.com\/world\/2022\/feb\/15\/biden-ukraine-invasion-distinctly-possible-russian-withdrawal-claims\" target=\"_blank\" rel=\"noreferrer noopener\">m\u00fcmk\u00fcnd\u00fcr<\/a>.<\/p>\n\n\n\n<p>Baydenin fikrinc\u0259, 150 min rus \u0259sg\u0259rinin s\u0259rh\u0259dd\u0259 qalmas\u0131 da bu \u015f\u00fcbh\u0259y\u0259 \u0259sas verir.<\/p>\n\n\n\n<p>Rusiyan\u0131n m\u00fcdafi\u0259 naziri b\u0259zi q\u00fcvv\u0259l\u0259rin art\u0131q Ukrayna yax\u0131nl\u0131\u011f\u0131ndan \u00e7\u0259kildiyini deyib.<\/p>\n\n\n\n<p>AB\u015e d\u00f6vl\u0259t katibi Entoni Blinken is\u0259 deyib ki, bu, h\u0259l\u0259 d\u0259qiql\u0259\u015fdirilm\u0259lidir.<\/p>\n\n\n\n<p>\u201cRusiyan\u0131n geri \u00e7\u0259kilm\u0259 iddialar\u0131na baxmayaraq, 150.000 rus \u0259sg\u0259ri Ukrayna \u0259traf\u0131nda &#8220;t\u0259hl\u00fck\u0259li m\u00f6vqed\u0259&#8221; qalmaqdad\u0131r\u201d, &#8211; Bayden bel\u0259 deyib.<\/p>\n\n\n\n<p>Onun s\u00f6zl\u0259rin\u0259 g\u00f6r\u0259, Rusiya bel\u0259 bir h\u00fccum h\u0259yata ke\u00e7ir\u0259rs\u0259, ciddi \u0259ks-s\u0259das\u0131 olacaq.<\/p>\n\n\n\n<p>\u201cRusiyan\u0131n h\u0259rbi \u0259m\u0259liyyatlar\u0131na qar\u015f\u0131 \u00e7\u0131xmaq \u00fc\u00e7\u00fcn b\u00fct\u00fcn d\u00fcnyan\u0131 bir yer\u0259 toplayaca\u011f\u0131q. \u0130lk cavab iqtisadi olacaq. D\u00fczd\u00fcr, Amerika h\u0259rb\u00e7il\u0259rini Ukraynada d\u00f6y\u00fc\u015fm\u0259y\u0259 g\u00f6nd\u0259rm\u0259y\u0259c\u0259y\u0259m. Lakin NATO \u0259razisin\u0259 ist\u0259nil\u0259n h\u00fccum amerikal\u0131lara z\u0259rb\u0259dir\u201d, &#8211; Bayden bildirib.<\/p>\n\n\n\n<p>Bayden \u0259lav\u0259 edib ki, o, Rusiya il\u0259 birba\u015fa qar\u015f\u0131durma ist\u0259mir: &#8220;Lakin Rusiya amerikal\u0131lar\u0131 v\u0259 Ukraynan\u0131 h\u0259d\u0259f alacaqsa, buna cavab alacaq. \u018fg\u0259r Rusiya \u015firk\u0259tl\u0259rimiz\u0259 v\u0259 ya kritik infrastruktura qar\u015f\u0131 da\u011f\u0131d\u0131c\u0131 kiberh\u00fccumlar kimi asimmetrik vasit\u0259l\u0259rl\u0259 biz\u0259 v\u0259 ya m\u00fctt\u0259fiql\u0259rimiz\u0259 h\u00fccum ed\u0259rs\u0259, biz cavab verm\u0259y\u0259 haz\u0131r\u0131q\u201d.<\/p>\n\n\n\n<p>AB\u015e d\u00f6vl\u0259t katibi Entoni Blinken Rusiya xarici i\u015fl\u0259r naziri Sergey Lavrova deyib ki, Birl\u0259\u015fmi\u015f \u015etatlar Rusiyan\u0131n Ukraynaya davam ed\u0259n m\u00fcdaxil\u0259 haz\u0131rl\u0131\u011f\u0131ndan narahatd\u0131r v\u0259 \u201cinand\u0131r\u0131c\u0131, etibarl\u0131 v\u0259 m\u0259nal\u0131 de-eskalasiyan\u0131n\u201d ba\u015f verdiyind\u0259n \u0259min olmaq ist\u0259yir.<\/p>\n\n\n\n<p>Fevral\u0131n 15-d\u0259 is\u0259 Moskva Ukrayna yax\u0131nl\u0131\u011f\u0131ndak\u0131 b\u0259zi qo\u015fun hiss\u0259l\u0259rinin t\u0259limi ba\u015fa vuraraq \u00f6z daimi bazalar\u0131na qay\u0131td\u0131\u011f\u0131n\u0131 x\u0259b\u0259r verib.<\/p>\n\n\n\n<p>Eyni zamanda, Rusiya prezidenti Vladimir Putin d\u0259 dialoqu davam etdirm\u0259k ist\u0259diyini deyib.<\/p>\n\n\n\n<p>Q\u0259rb \u00f6lk\u0259l\u0259ri is\u0259 Rusiya qo\u015funlar\u0131n\u0131n Ukrayna yax\u0131nl\u0131\u011f\u0131ndan \u00e7\u0259kilm\u0259sin\u0259 \u0259min olmaq ist\u0259dikl\u0259rini bildiribl\u0259r.<\/p>\n\n\n\n<p>Blinken Lavrova deyib ki, Va\u015finqton, h\u0259qiq\u0259t\u0259n d\u0259, \u201cMoskvan\u0131n ba\u015flatd\u0131\u011f\u0131 b\u00f6hran\u0131n\u201d diplomatik yolla aradan qald\u0131r\u0131lmas\u0131n\u0131 ist\u0259yir.<\/p>\n\n\n\n<p>Lavrov is\u0259 t\u0259r\u0259fl\u0259ri bir yerd\u0259 i\u015fl\u0259m\u0259y\u0259 v\u0259 \u201cpraqmatik dialoqa\u201d \u00e7a\u011f\u0131r\u0131b, lakin Va\u015finqtonun \u201caqressiv ritorikas\u0131n\u0131n\u201d qeyri-m\u0259qbul oldu\u011funu qeyd edib.<\/p>\n\n\n\n<p>Almaniya <a href=\"https:\/\/www.meydan.tv\/az\/article\/ukrayna-yeni-gorus-teleb-edir-rusiya-48-saat-erzinde-aciqlama-vermelidir\/\" target=\"_blank\" rel=\"noreferrer noopener\">kansleri<\/a> Olaf \u015eolts fevral\u0131n 15-d\u0259 Rusiya prezidenti Vladimir Putinl\u0259 d\u00f6rd saatl\u0131q dan\u0131\u015f\u0131qlardan sonra deyib ki, Rusiya v\u0259 Ukrayna aras\u0131nda m\u00fcharib\u0259nin \u00f6nl\u0259nm\u0259si \u00fc\u00e7\u00fcn daha \u00e7ox diplomatiyaya ehtiyac var.<\/p>\n\n\n\n<p>\u015eoltsun Ukraynaya s\u0259f\u0259rd\u0259n d\u0259rhal sonra Moskvaya g\u0259lm\u0259sind\u0259 m\u0259qs\u0259d Rusiyan\u0131n s\u0259rh\u0259dl\u0259rd\u0259 c\u0259ml\u0259\u015fdirdiyi 100 mind\u0259n \u00e7ox h\u0259rb\u00e7inin d\u0259 bil\u0259c\u0259yi m\u00fcdaxil\u0259nin qar\u015f\u0131s\u0131n\u0131 almaq idi.<\/p>\n\n\n\n<p>Almaniya kansleri Putinl\u0259 birg\u0259 ke\u00e7iril\u0259n m\u0259tbuat konfrans\u0131nda deyib ki, diplomatik imkanlar h\u0259l\u0259 t\u00fck\u0259nm\u0259yib.<\/p>\n\n\n\n<p>O vur\u011fulay\u0131b ki, Rusiya qo\u015funlar\u0131n\u0131n bir hiss\u0259sinin Ukrayna yax\u0131nl\u0131\u011f\u0131nda t\u0259liml\u0259rd\u0259n sonra daimi xidm\u0259t yerin\u0259 qay\u0131tma\u011fa ba\u015flamas\u0131 bar\u0259d\u0259 x\u0259b\u0259rl\u0259r \u00fcmidvericidir: \u201cBurada h\u0259ll yolunun tap\u0131lmas\u0131 m\u00fcmk\u00fcnd\u00fcr. V\u0259ziyy\u0259t \u00e7\u0259tin v\u0259 m\u00fcr\u0259kk\u0259b g\u00f6r\u00fcns\u0259 d\u0259, m\u0259nc\u0259, \u00fcmidsiz deyil\u201d.<\/p>\n\n\n\n<p>Britaniyan\u0131n Xarici i\u015fl\u0259r naziri Liz Trass fevral\u0131n 15-d\u0259 Ukraynaya yax\u0131n vaxtda t\u0259cav\u00fcz ehtimal\u0131n\u0131n y\u00fcks\u0259k oldu\u011funu, Rusiya \u0259sg\u0259rl\u0259rinin Kiyev\u0259 \u201c\u00e7ox, \u00e7ox s\u00fcr\u0259tl\u0259\u201d \u00e7ata bil\u0259c\u0259yini deyib.<\/p>\n\n\n\n<p>\u201cBiz\u0259 fevral\u0131n 16-n\u0131n i\u015f\u011fal g\u00fcn\u00fc olaca\u011f\u0131n\u0131 deyibl\u0259r, bu g\u00fcn\u00fc birlik g\u00fcn\u00fc ed\u0259c\u0259yik\u201d, \u2013 Zelenski fevral\u0131n 14-d\u0259 ax\u015fam yayd\u0131\u011f\u0131 videom\u00fcraci\u0259td\u0259 deyib.<\/p>\n\n\n\n<p>Prezidentin m\u00fcraci\u0259tin\u0259 g\u00f6r\u0259, bu g\u00fcn ukraynal\u0131lar \u00f6lk\u0259 boyunca d\u00f6vl\u0259t bayra\u011f\u0131 qald\u0131racaq, s\u0259h\u0259r saat 10-da d\u00f6vl\u0259t himnini s\u0259sl\u0259ndir\u0259c\u0259kl\u0259r.<\/p>\n\n\n\n<p>\u201cG\u0259lin, d\u00fcnyaya birliyimizi g\u00f6st\u0259r\u0259k\u201d, \u2013 Zelenski deyib.<\/p>\n\n\n\n<p>O, \u201cBirlik g\u00fcn\u00fc\u201d telemarafonunda \u00e7\u0131x\u0131\u015f ed\u0259r\u0259k bildirib ki, ukraynal\u0131lar\u0131 vahid arzu birl\u0259\u015fdirir: &#8220;Bu da u\u015faqlar\u0131n s\u00fclh \u015f\u0259raitind\u0259, ail\u0259l\u0259ri il\u0259 xo\u015fb\u0259xt ya\u015fama\u011f\u0131d\u0131r&#8221;.<\/p>\n\n\n\n<p>Rusiya Ukrayna aras\u0131ndak\u0131 m\u00fcnaqi\u015f\u0259 yeni deyil.<\/p>\n\n\n\n<p>Rusiya 2014-c\u00fc ild\u0259 Ukraynan\u0131n Kr\u0131m yar\u0131madas\u0131n\u0131 ilhaq edib v\u0259 \u00f6lk\u0259nin \u015f\u0259rqind\u0259ki separat\u00e7\u0131lar\u0131 d\u0259st\u0259kl\u0259m\u0259y\u0259 ba\u015flay\u0131b. H\u0259min vaxtdan davam ed\u0259n m\u00fcnaqi\u015f\u0259d\u0259 13 min 200-d\u0259n \u00e7ox adam \u00f6ld\u00fcr\u00fcl\u00fcb.<\/p>\n","protected":false},"excerpt":{"rendered":"<p>AB\u015e Prezidenti: &#8220;150 000 rus \u0259sg\u0259ri h\u0259l\u0259 d\u0259 Ukrayna s\u0259rh\u0259dind\u0259dir&#8221; &#8230; <\/p>\n<p class=\"read-more-container\"><a title=\"Co Bayden: &#8220;Ukraynaya m\u00fcdaxil\u0259 h\u0259l\u0259 d\u0259 Rusiyan\u0131n g\u00fcnd\u0259mind\u0259dir&#8221;\" class=\"read-more button\" href=\"https:\/\/www.meydan.tv\/az\/article\/co-bayden-ukraynaya-mudaxile-hele-de-rusiyanin-gundemindedir\/#more-234731\" aria-label=\"Read more about Co Bayden: &#8220;Ukraynaya m\u00fcdaxil\u0259 h\u0259l\u0259 d\u0259 Rusiyan\u0131n g\u00fcnd\u0259mind\u0259dir&#8221;\">Davam\u0131<\/a><\/p>\n","protected":false},"author":8,"featured_media":234728,"comment_status":"closed","ping_status":"closed","sticky":false,"template":"","format":"standard","meta":{"_acf_changed":false,"_sitemap_exclude":false,"_sitemap_priority":"","_sitemap_frequency":"","footnotes":""},"categories":[64,56],"tags":[],"class_list":["post-234731","post","type-post","status-publish","format-standard","has-post-thumbnail","hentry","category-dunya","category-xeberler","infinite-scroll-item","generate-columns","tablet-grid-50","mobile-grid-100","grid-parent","grid-33","no-featured-image-padding"],"acf":[],"yoast_head":"<!-- This site is optimized with the Yoast SEO plugin v27.5 - https:\/\/yoast.com\/product\/yoast-seo-wordpress\/ -->\n<title>Co Bayden: &quot;Ukraynaya m\u00fcdaxil\u0259 h\u0259l\u0259 d\u0259 Rusiyan\u0131n g\u00fcnd\u0259mind\u0259dir&quot; - MEYDAN.TV<\/title>\n<meta name=\"robots\" content=\"index, follow, max-snippet:-1, max-image-preview:large, max-video-preview:-1\" \/>\n<link rel=\"canonical\" href=\"https:\/\/www.meydan.tv\/az\/article\/co-bayden-ukraynaya-mudaxile-hele-de-rusiyanin-gundemindedir\/\" \/>\n<meta property=\"og:locale\" content=\"az_AZ\" \/>\n<meta property=\"og:type\" content=\"article\" \/>\n<meta property=\"og:title\" content=\"Co Bayden: &quot;Ukraynaya m\u00fcdaxil\u0259 h\u0259l\u0259 d\u0259 Rusiyan\u0131n g\u00fcnd\u0259mind\u0259dir&quot; - MEYDAN.TV\" \/>\n<meta property=\"og:description\" content=\"AB\u015e Prezidenti: &#8220;150 000 rus \u0259sg\u0259ri h\u0259l\u0259 d\u0259 Ukrayna s\u0259rh\u0259dind\u0259dir&#8221; ... Davam\u0131\" \/>\n<meta property=\"og:url\" content=\"https:\/\/www.meydan.tv\/az\/article\/co-bayden-ukraynaya-mudaxile-hele-de-rusiyanin-gundemindedir\/\" \/>\n<meta property=\"og:site_name\" content=\"MEYDAN.TV\" \/>\n<meta property=\"article:published_time\" content=\"2022-02-16T09:34:01+00:00\" \/>\n<meta property=\"article:modified_time\" content=\"2022-02-16T09:34:06+00:00\" \/>\n<meta property=\"og:image\" content=\"https:\/\/www.meydan.tv\/wp-content\/uploads\/shutterstock_1608793423-e1645004022507.jpg\" \/>\n\t<meta property=\"og:image:width\" content=\"1200\" \/>\n\t<meta property=\"og:image:height\" content=\"774\" \/>\n\t<meta property=\"og:image:type\" content=\"image\/jpeg\" \/>\n<meta name=\"author\" content=\"elli\" \/>\n<meta name=\"twitter:card\" content=\"summary_large_image\" \/>\n<meta name=\"twitter:creator\" content=\"@elli\" \/>\n<script type=\"application\/ld+json\" class=\"yoast-schema-graph\">{\"@context\":\"https:\\\/\\\/schema.org\",\"@graph\":[{\"@type\":\"Article\",\"@id\":\"https:\\\/\\\/www.meydan.tv\\\/az\\\/article\\\/co-bayden-ukraynaya-mudaxile-hele-de-rusiyanin-gundemindedir\\\/#article\",\"isPartOf\":{\"@id\":\"https:\\\/\\\/www.meydan.tv\\\/az\\\/article\\\/co-bayden-ukraynaya-mudaxile-hele-de-rusiyanin-gundemindedir\\\/\"},\"author\":{\"name\":\"elli\",\"@id\":\"https:\\\/\\\/www.meydan.tv\\\/az\\\/#\\\/schema\\\/person\\\/9cdbecf90d17180ce1dfbd95b08dcf47\"},\"headline\":\"Co Bayden: &#8220;Ukraynaya m\u00fcdaxil\u0259 h\u0259l\u0259 d\u0259 Rusiyan\u0131n g\u00fcnd\u0259mind\u0259dir&#8221;\",\"datePublished\":\"2022-02-16T09:34:01+00:00\",\"dateModified\":\"2022-02-16T09:34:06+00:00\",\"mainEntityOfPage\":{\"@id\":\"https:\\\/\\\/www.meydan.tv\\\/az\\\/article\\\/co-bayden-ukraynaya-mudaxile-hele-de-rusiyanin-gundemindedir\\\/\"},\"wordCount\":842,\"publisher\":{\"@id\":\"https:\\\/\\\/www.meydan.tv\\\/az\\\/#organization\"},\"image\":{\"@id\":\"https:\\\/\\\/www.meydan.tv\\\/az\\\/article\\\/co-bayden-ukraynaya-mudaxile-hele-de-rusiyanin-gundemindedir\\\/#primaryimage\"},\"thumbnailUrl\":\"https:\\\/\\\/www.meydan.tv\\\/wp-content\\\/uploads\\\/shutterstock_1608793423-e1733138846893.jpg\",\"articleSection\":[\"D\u00fcnya\",\"X\u0259b\u0259rl\u0259r\"],\"inLanguage\":\"az\"},{\"@type\":\"WebPage\",\"@id\":\"https:\\\/\\\/www.meydan.tv\\\/az\\\/article\\\/co-bayden-ukraynaya-mudaxile-hele-de-rusiyanin-gundemindedir\\\/\",\"url\":\"https:\\\/\\\/www.meydan.tv\\\/az\\\/article\\\/co-bayden-ukraynaya-mudaxile-hele-de-rusiyanin-gundemindedir\\\/\",\"name\":\"Co Bayden: \\\"Ukraynaya m\u00fcdaxil\u0259 h\u0259l\u0259 d\u0259 Rusiyan\u0131n g\u00fcnd\u0259mind\u0259dir\\\" - MEYDAN.TV\",\"isPartOf\":{\"@id\":\"https:\\\/\\\/www.meydan.tv\\\/az\\\/#website\"},\"primaryImageOfPage\":{\"@id\":\"https:\\\/\\\/www.meydan.tv\\\/az\\\/article\\\/co-bayden-ukraynaya-mudaxile-hele-de-rusiyanin-gundemindedir\\\/#primaryimage\"},\"image\":{\"@id\":\"https:\\\/\\\/www.meydan.tv\\\/az\\\/article\\\/co-bayden-ukraynaya-mudaxile-hele-de-rusiyanin-gundemindedir\\\/#primaryimage\"},\"thumbnailUrl\":\"https:\\\/\\\/www.meydan.tv\\\/wp-content\\\/uploads\\\/shutterstock_1608793423-e1733138846893.jpg\",\"datePublished\":\"2022-02-16T09:34:01+00:00\",\"dateModified\":\"2022-02-16T09:34:06+00:00\",\"breadcrumb\":{\"@id\":\"https:\\\/\\\/www.meydan.tv\\\/az\\\/article\\\/co-bayden-ukraynaya-mudaxile-hele-de-rusiyanin-gundemindedir\\\/#breadcrumb\"},\"inLanguage\":\"az\",\"potentialAction\":[{\"@type\":\"ReadAction\",\"target\":[\"https:\\\/\\\/www.meydan.tv\\\/az\\\/article\\\/co-bayden-ukraynaya-mudaxile-hele-de-rusiyanin-gundemindedir\\\/\"]}]},{\"@type\":\"ImageObject\",\"inLanguage\":\"az\",\"@id\":\"https:\\\/\\\/www.meydan.tv\\\/az\\\/article\\\/co-bayden-ukraynaya-mudaxile-hele-de-rusiyanin-gundemindedir\\\/#primaryimage\",\"url\":\"https:\\\/\\\/www.meydan.tv\\\/wp-content\\\/uploads\\\/shutterstock_1608793423-e1733138846893.jpg\",\"contentUrl\":\"https:\\\/\\\/www.meydan.tv\\\/wp-content\\\/uploads\\\/shutterstock_1608793423-e1733138846893.jpg\",\"width\":1200,\"height\":392,\"caption\":\"Co Bayden, M\u0259nb\u0259: lev radin\\\/shutterstock\"},{\"@type\":\"BreadcrumbList\",\"@id\":\"https:\\\/\\\/www.meydan.tv\\\/az\\\/article\\\/co-bayden-ukraynaya-mudaxile-hele-de-rusiyanin-gundemindedir\\\/#breadcrumb\",\"itemListElement\":[{\"@type\":\"ListItem\",\"position\":1,\"name\":\"Ana s\u0259hif\u0259\",\"item\":\"https:\\\/\\\/www.meydan.tv\\\/az\\\/\"},{\"@type\":\"ListItem\",\"position\":2,\"name\":\"D\u00fcnya\",\"item\":\"https:\\\/\\\/www.meydan.tv\\\/az\\\/section\\\/dunya\\\/\"},{\"@type\":\"ListItem\",\"position\":3,\"name\":\"Co Bayden: &#8220;Ukraynaya m\u00fcdaxil\u0259 h\u0259l\u0259 d\u0259 Rusiyan\u0131n g\u00fcnd\u0259mind\u0259dir&#8221;\"}]},{\"@type\":\"WebSite\",\"@id\":\"https:\\\/\\\/www.meydan.tv\\\/az\\\/#website\",\"url\":\"https:\\\/\\\/www.meydan.tv\\\/az\\\/\",\"name\":\"MEYDAN.TV\",\"description\":\"Meydan TV Az\u0259rbaycan\u0131n media m\u0259kan\u0131ndak\u0131 alternativ s\u0259sidir\",\"publisher\":{\"@id\":\"https:\\\/\\\/www.meydan.tv\\\/az\\\/#organization\"},\"potentialAction\":[{\"@type\":\"SearchAction\",\"target\":{\"@type\":\"EntryPoint\",\"urlTemplate\":\"https:\\\/\\\/www.meydan.tv\\\/az\\\/?s={search_term_string}\"},\"query-input\":{\"@type\":\"PropertyValueSpecification\",\"valueRequired\":true,\"valueName\":\"search_term_string\"}}],\"inLanguage\":\"az\"},{\"@type\":\"Organization\",\"@id\":\"https:\\\/\\\/www.meydan.tv\\\/az\\\/#organization\",\"name\":\"Meydan TV\",\"url\":\"https:\\\/\\\/www.meydan.tv\\\/az\\\/\",\"logo\":{\"@type\":\"ImageObject\",\"inLanguage\":\"az\",\"@id\":\"https:\\\/\\\/www.meydan.tv\\\/az\\\/#\\\/schema\\\/logo\\\/image\\\/\",\"url\":\"https:\\\/\\\/www.meydan.tv\\\/wp-content\\\/uploads\\\/2021\\\/07\\\/meydan-logo.svg\",\"contentUrl\":\"https:\\\/\\\/www.meydan.tv\\\/wp-content\\\/uploads\\\/2021\\\/07\\\/meydan-logo.svg\",\"width\":195,\"height\":46,\"caption\":\"Meydan TV\"},\"image\":{\"@id\":\"https:\\\/\\\/www.meydan.tv\\\/az\\\/#\\\/schema\\\/logo\\\/image\\\/\"}},{\"@type\":\"Person\",\"@id\":\"https:\\\/\\\/www.meydan.tv\\\/az\\\/#\\\/schema\\\/person\\\/9cdbecf90d17180ce1dfbd95b08dcf47\",\"name\":\"elli\",\"sameAs\":[\"https:\\\/\\\/x.com\\\/elli\"]}]}<\/script>\n<!-- \/ Yoast SEO plugin. -->","yoast_head_json":{"title":"Co Bayden: \"Ukraynaya m\u00fcdaxil\u0259 h\u0259l\u0259 d\u0259 Rusiyan\u0131n g\u00fcnd\u0259mind\u0259dir\" - MEYDAN.TV","robots":{"index":"index","follow":"follow","max-snippet":"max-snippet:-1","max-image-preview":"max-image-preview:large","max-video-preview":"max-video-preview:-1"},"canonical":"https:\/\/www.meydan.tv\/az\/article\/co-bayden-ukraynaya-mudaxile-hele-de-rusiyanin-gundemindedir\/","og_locale":"az_AZ","og_type":"article","og_title":"Co Bayden: \"Ukraynaya m\u00fcdaxil\u0259 h\u0259l\u0259 d\u0259 Rusiyan\u0131n g\u00fcnd\u0259mind\u0259dir\" - MEYDAN.TV","og_description":"AB\u015e Prezidenti: &#8220;150 000 rus \u0259sg\u0259ri h\u0259l\u0259 d\u0259 Ukrayna s\u0259rh\u0259dind\u0259dir&#8221; ... Davam\u0131","og_url":"https:\/\/www.meydan.tv\/az\/article\/co-bayden-ukraynaya-mudaxile-hele-de-rusiyanin-gundemindedir\/","og_site_name":"MEYDAN.TV","article_published_time":"2022-02-16T09:34:01+00:00","article_modified_time":"2022-02-16T09:34:06+00:00","og_image":[{"width":1200,"height":774,"url":"https:\/\/www.meydan.tv\/wp-content\/uploads\/shutterstock_1608793423-e1645004022507.jpg","type":"image\/jpeg"}],"author":"elli","twitter_card":"summary_large_image","twitter_creator":"@elli","schema":{"@context":"https:\/\/schema.org","@graph":[{"@type":"Article","@id":"https:\/\/www.meydan.tv\/az\/article\/co-bayden-ukraynaya-mudaxile-hele-de-rusiyanin-gundemindedir\/#article","isPartOf":{"@id":"https:\/\/www.meydan.tv\/az\/article\/co-bayden-ukraynaya-mudaxile-hele-de-rusiyanin-gundemindedir\/"},"author":{"name":"elli","@id":"https:\/\/www.meydan.tv\/az\/#\/schema\/person\/9cdbecf90d17180ce1dfbd95b08dcf47"},"headline":"Co Bayden: &#8220;Ukraynaya m\u00fcdaxil\u0259 h\u0259l\u0259 d\u0259 Rusiyan\u0131n g\u00fcnd\u0259mind\u0259dir&#8221;","datePublished":"2022-02-16T09:34:01+00:00","dateModified":"2022-02-16T09:34:06+00:00","mainEntityOfPage":{"@id":"https:\/\/www.meydan.tv\/az\/article\/co-bayden-ukraynaya-mudaxile-hele-de-rusiyanin-gundemindedir\/"},"wordCount":842,"publisher":{"@id":"https:\/\/www.meydan.tv\/az\/#organization"},"image":{"@id":"https:\/\/www.meydan.tv\/az\/article\/co-bayden-ukraynaya-mudaxile-hele-de-rusiyanin-gundemindedir\/#primaryimage"},"thumbnailUrl":"https:\/\/www.meydan.tv\/wp-content\/uploads\/shutterstock_1608793423-e1733138846893.jpg","articleSection":["D\u00fcnya","X\u0259b\u0259rl\u0259r"],"inLanguage":"az"},{"@type":"WebPage","@id":"https:\/\/www.meydan.tv\/az\/article\/co-bayden-ukraynaya-mudaxile-hele-de-rusiyanin-gundemindedir\/","url":"https:\/\/www.meydan.tv\/az\/article\/co-bayden-ukraynaya-mudaxile-hele-de-rusiyanin-gundemindedir\/","name":"Co Bayden: \"Ukraynaya m\u00fcdaxil\u0259 h\u0259l\u0259 d\u0259 Rusiyan\u0131n g\u00fcnd\u0259mind\u0259dir\" - MEYDAN.TV","isPartOf":{"@id":"https:\/\/www.meydan.tv\/az\/#website"},"primaryImageOfPage":{"@id":"https:\/\/www.meydan.tv\/az\/article\/co-bayden-ukraynaya-mudaxile-hele-de-rusiyanin-gundemindedir\/#primaryimage"},"image":{"@id":"https:\/\/www.meydan.tv\/az\/article\/co-bayden-ukraynaya-mudaxile-hele-de-rusiyanin-gundemindedir\/#primaryimage"},"thumbnailUrl":"https:\/\/www.meydan.tv\/wp-content\/uploads\/shutterstock_1608793423-e1733138846893.jpg","datePublished":"2022-02-16T09:34:01+00:00","dateModified":"2022-02-16T09:34:06+00:00","breadcrumb":{"@id":"https:\/\/www.meydan.tv\/az\/article\/co-bayden-ukraynaya-mudaxile-hele-de-rusiyanin-gundemindedir\/#breadcrumb"},"inLanguage":"az","potentialAction":[{"@type":"ReadAction","target":["https:\/\/www.meydan.tv\/az\/article\/co-bayden-ukraynaya-mudaxile-hele-de-rusiyanin-gundemindedir\/"]}]},{"@type":"ImageObject","inLanguage":"az","@id":"https:\/\/www.meydan.tv\/az\/article\/co-bayden-ukraynaya-mudaxile-hele-de-rusiyanin-gundemindedir\/#primaryimage","url":"https:\/\/www.meydan.tv\/wp-content\/uploads\/shutterstock_1608793423-e1733138846893.jpg","contentUrl":"https:\/\/www.meydan.tv\/wp-content\/uploads\/shutterstock_1608793423-e1733138846893.jpg","width":1200,"height":392,"caption":"Co Bayden, M\u0259nb\u0259: lev radin\/shutterstock"},{"@type":"BreadcrumbList","@id":"https:\/\/www.meydan.tv\/az\/article\/co-bayden-ukraynaya-mudaxile-hele-de-rusiyanin-gundemindedir\/#breadcrumb","itemListElement":[{"@type":"ListItem","position":1,"name":"Ana s\u0259hif\u0259","item":"https:\/\/www.meydan.tv\/az\/"},{"@type":"ListItem","position":2,"name":"D\u00fcnya","item":"https:\/\/www.meydan.tv\/az\/section\/dunya\/"},{"@type":"ListItem","position":3,"name":"Co Bayden: &#8220;Ukraynaya m\u00fcdaxil\u0259 h\u0259l\u0259 d\u0259 Rusiyan\u0131n g\u00fcnd\u0259mind\u0259dir&#8221;"}]},{"@type":"WebSite","@id":"https:\/\/www.meydan.tv\/az\/#website","url":"https:\/\/www.meydan.tv\/az\/","name":"MEYDAN.TV","description":"Meydan TV Az\u0259rbaycan\u0131n media m\u0259kan\u0131ndak\u0131 alternativ s\u0259sidir","publisher":{"@id":"https:\/\/www.meydan.tv\/az\/#organization"},"potentialAction":[{"@type":"SearchAction","target":{"@type":"EntryPoint","urlTemplate":"https:\/\/www.meydan.tv\/az\/?s={search_term_string}"},"query-input":{"@type":"PropertyValueSpecification","valueRequired":true,"valueName":"search_term_string"}}],"inLanguage":"az"},{"@type":"Organization","@id":"https:\/\/www.meydan.tv\/az\/#organization","name":"Meydan TV","url":"https:\/\/www.meydan.tv\/az\/","logo":{"@type":"ImageObject","inLanguage":"az","@id":"https:\/\/www.meydan.tv\/az\/#\/schema\/logo\/image\/","url":"https:\/\/www.meydan.tv\/wp-content\/uploads\/2021\/07\/meydan-logo.svg","contentUrl":"https:\/\/www.meydan.tv\/wp-content\/uploads\/2021\/07\/meydan-logo.svg","width":195,"height":46,"caption":"Meydan TV"},"image":{"@id":"https:\/\/www.meydan.tv\/az\/#\/schema\/logo\/image\/"}},{"@type":"Person","@id":"https:\/\/www.meydan.tv\/az\/#\/schema\/person\/9cdbecf90d17180ce1dfbd95b08dcf47","name":"elli","sameAs":["https:\/\/x.com\/elli"]}]}},"_links":{"self":[{"href":"https:\/\/www.meydan.tv\/az\/wp-json\/wp\/v2\/posts\/234731","targetHints":{"allow":["GET"]}}],"collection":[{"href":"https:\/\/www.meydan.tv\/az\/wp-json\/wp\/v2\/posts"}],"about":[{"href":"https:\/\/www.meydan.tv\/az\/wp-json\/wp\/v2\/types\/post"}],"author":[{"embeddable":true,"href":"https:\/\/www.meydan.tv\/az\/wp-json\/wp\/v2\/users\/8"}],"replies":[{"embeddable":true,"href":"https:\/\/www.meydan.tv\/az\/wp-json\/wp\/v2\/comments?post=234731"}],"version-history":[{"count":1,"href":"https:\/\/www.meydan.tv\/az\/wp-json\/wp\/v2\/posts\/234731\/revisions"}],"predecessor-version":[{"id":234735,"href":"https:\/\/www.meydan.tv\/az\/wp-json\/wp\/v2\/posts\/234731\/revisions\/234735"}],"wp:featuredmedia":[{"embeddable":true,"href":"https:\/\/www.meydan.tv\/az\/wp-json\/wp\/v2\/media\/234728"}],"wp:attachment":[{"href":"https:\/\/www.meydan.tv\/az\/wp-json\/wp\/v2\/media?parent=234731"}],"wp:term":[{"taxonomy":"category","embeddable":true,"href":"https:\/\/www.meydan.tv\/az\/wp-json\/wp\/v2\/categories?post=234731"},{"taxonomy":"post_tag","embeddable":true,"href":"https:\/\/www.meydan.tv\/az\/wp-json\/wp\/v2\/tags?post=234731"}],"curies":[{"name":"wp","href":"https:\/\/api.w.org\/{rel}","templated":true}]}}