{"id":234623,"date":"2022-02-15T15:55:46","date_gmt":"2022-02-15T11:55:46","guid":{"rendered":"https:\/\/www.meydan.tv\/?p=234623"},"modified":"2022-02-15T16:48:37","modified_gmt":"2022-02-15T12:48:37","slug":"xarici-rejissorun-azerbaycanli-esirle-bagli-cekdiyi-film-numayis-olunacaq","status":"publish","type":"post","link":"https:\/\/www.meydan.tv\/az\/article\/xarici-rejissorun-azerbaycanli-esirle-bagli-cekdiyi-film-numayis-olunacaq\/","title":{"rendered":"Xarici rejissorun az\u0259rbaycanl\u0131 \u0259sirl\u0259 ba\u011fl\u0131 \u00e7\u0259kdiyi film n\u00fcmayi\u015f olunacaq"},"content":{"rendered":"\n<p><em>Film Xocal\u0131 faci\u0259si v\u0259 d\u00f6y\u00fc\u015f\u00e7\u00fc Natiq Qas\u0131movdan b\u0259hs edir<\/em><\/p>\n\n\n\n<p>Xocal\u0131 faci\u0259sinin 30-cu ild\u00f6n\u00fcm\u00fc il\u0259 \u0259laq\u0259dar fevral\u0131n 28-d\u0259 \u201cNizami\u201d Kino M\u0259rk\u0259zind\u0259 xarici film istehsal\u00e7\u0131lar\u0131n\u0131n lent\u0259 ald\u0131\u011f\u0131 \u201cO\u011ful\u201d (\u201cThe son\u201d) s\u0259n\u0259dli ekran i\u015fi n\u00fcmayi\u015f olunacaq.<\/p>\n\n\n\n<p>Bu haqda Meydan TV-y\u0259 \u201cFilm distribution\u201ddan m\u0259lumat verilib.<\/p>\n\n\n\n<p>Film 22 n\u0259f\u0259r Xocal\u0131 sakinini xilas etm\u0259k \u00fc\u00e7\u00fcn \u0259sir d\u00fc\u015f\u0259n Birinci Qaraba\u011f m\u00fcharib\u0259si d\u00f6y\u00fc\u015f\u00e7\u00fcs\u00fc Natiq Qas\u0131mov haqq\u0131ndad\u0131r.<\/p>\n\n\n\n<p>46 d\u0259qiq\u0259lik filmin ssenari m\u00fc\u0259llifi v\u0259 rejissoru Karan Sinqhdir.<\/p>\n\n\n\n<p>S\u0259n\u0259dli film Natiq Qas\u0131movun ba\u015f\u0131na g\u0259l\u0259nl\u0259ri v\u0259 onun itkin d\u00fc\u015fm\u0259sind\u0259 kimin m\u0259suliyy\u0259t da\u015f\u0131ya bil\u0259c\u0259yini a\u00e7\u0131qlay\u0131r.<\/p>\n\n\n\n<p>Filmin \u00e7\u0259kili\u015fl\u0259ri \u00fc\u00e7 il davam edib.<\/p>\n\n\n\n<p>Bu m\u00fcdd\u0259t \u0259rzind\u0259 h\u0259qiq\u0259t axtar\u0131\u015f\u0131nda olan rejissor Erm\u0259nistandak\u0131 \u015fahidl\u0259rl\u0259 dan\u0131\u015f\u0131b, Az\u0259rbaycanda, \u0130taliyada v\u0259 Rusiyada olub.<\/p>\n\n\n\n<p>Qaraba\u011f Erm\u0259nistan\u0131n n\u0259zar\u0259ti alt\u0131nda olanda ora s\u0259f\u0259r edib. Natiq Qas\u0131movun d\u00f6y\u00fc\u015fd\u00fcy\u00fc kils\u0259ni tapmaq \u00fc\u00e7\u00fcn m\u0259sul \u015f\u0259xsl\u0259rl\u0259 g\u00f6r\u00fc\u015f\u00fcb.<\/p>\n\n\n\n<p>Rejissor h\u0259m\u00e7inin itkin d\u00fc\u015fm\u00fc\u015f d\u00f6y\u00fc\u015f\u00e7\u00fcn\u00fcn G\u0259nc\u0259d\u0259 ya\u015fayan ail\u0259si il\u0259 g\u00f6r\u00fc\u015f\u00fcb.<\/p>\n\n\n\n<p>\u201cBu film Avropan\u0131n Uzaq \u015e\u0259rqind\u0259 amans\u0131z m\u00fcharib\u0259d\u0259 i\u015ftirak ed\u0259n sad\u0259 insanlar\u0131n g\u00f6z\u00fc il\u0259 g\u00f6r\u00fcn\u0259n 1990-c\u0131 ill\u0259rin unudulmu\u015f m\u00fcnaqi\u015f\u0259sind\u0259n b\u0259hs edir. Minl\u0259rl\u0259 insan h\u0259l\u0259 d\u0259 itkin d\u00fc\u015f\u00fcb\u201d, &#8211; dey\u0259 filmin rejissoru bildirib.<\/p>\n\n\n\n<p>Onun s\u00f6zl\u0259rin\u0259 g\u00f6r\u0259, bu, Erm\u0259nistan-Az\u0259rbaycan m\u00fcnaqi\u015f\u0259sind\u0259n d\u0259 k\u0259nara \u00e7\u0131xan universal hekay\u0259dir: &#8220;O\u011flunun \u00f6l\u00fcm\u00fcn\u0259 inanmayan, otuz ildir ki, onun yolunu g\u00f6zl\u0259y\u0259n anan\u0131n hekay\u0259si b\u00fct\u00fcn d\u00fcnyada \u00e7oxlar\u0131n\u0131n ba\u015f\u0131na g\u0259lib\u201d.<\/p>\n\n\n\n<p>Filmd\u0259 Rusiyan\u0131n \u201c\u041e\u0433\u043e\u043d\u0451\u043a\u201d jurnal\u0131 \u00fc\u00e7\u00fcn m\u00fcnaqi\u015f\u0259ni i\u015f\u0131qland\u0131ran italyan m\u00fcharib\u0259 fotoqraf\u0131 Enriko Sarsinin \u00e7\u0259kdiyi, \u0259vv\u0259ll\u0259r he\u00e7 yerd\u0259 d\u0259rc olunmam\u0131\u015f foto\u015f\u0259kill\u0259rd\u0259n istifad\u0259 edilib.<\/p>\n\n\n\n<p>Fotoqraf 19 ya\u015fl\u0131 Natiq Qas\u0131movun m\u00fcdafi\u0259 etdiyi A\u011fdam yax\u0131nl\u0131\u011f\u0131ndak\u0131 strateji \u0259h\u0259miyy\u0259tli alban kils\u0259sinin m\u00fchasir\u0259si zaman\u0131 erm\u0259ni silahl\u0131 q\u00fcvv\u0259l\u0259ri il\u0259 birlikd\u0259 olub.<\/p>\n\n\n\n<p>\u201cO\u011ful\u201d filminin premyeras\u0131 2021-ci ilin iyulunda Va\u015finqtonda, d\u00fcnyada insan haqlar\u0131n\u0131n pozulmas\u0131 hallar\u0131n\u0131 i\u015f\u0131qland\u0131rmaq \u00fc\u00e7\u00fcn h\u0259r il ke\u00e7iril\u0259n \u201cWhistleblower\u201d Film Festival\u0131nda olub.<\/p>\n\n\n\n<p>Natiq Qas\u0131mov 1971-ci il yanvar\u0131n 2-d\u0259 G\u0259d\u0259b\u0259yin Ki\u00e7ik Qaramurad k\u0259ndind\u0259 do\u011fulub.<\/p>\n\n\n\n<p>1975-ci ild\u0259n ail\u0259si il\u0259 birlikd\u0259 Ming\u0259\u00e7evir\u0259 k\u00f6\u00e7\u00fcb.<\/p>\n\n\n\n<p>Natiq Qas\u0131mov Rusiyan\u0131n Krasnoyarsk vilay\u0259tind\u0259 Daxili Qo\u015fun hiss\u0259l\u0259rind\u0259 xidm\u0259t edib. 1991-ci ild\u0259 k\u00f6n\u00fcll\u00fc Birinci Qaraba\u011f d\u00f6y\u00fc\u015fl\u0259rin\u0259 yollan\u0131b.<\/p>\n\n\n\n<p>1992-ci ild\u0259 A\u011fdam\u0131n Xramort k\u0259ndi yax\u0131nl\u0131\u011f\u0131nda yerl\u0259\u015f\u0259n alban kils\u0259sind\u0259 uzun s\u00fcr\u0259n d\u00f6y\u00fc\u015fl\u0259rd\u0259n sonra 22 n\u0259f\u0259r Xocal\u0131 sakinin xilas etm\u0259k m\u0259qs\u0259dil\u0259 erm\u0259ni silahl\u0131lar\u0131na t\u0259slim olub.<\/p>\n\n\n\n<p>\u018fsir v\u0259 itkin d\u00fc\u015fm\u00fc\u015f, girov g\u00f6t\u00fcr\u00fclm\u00fc\u015f v\u0259t\u0259nda\u015flarla \u0259laq\u0259dar D\u00f6vl\u0259t Komissiyas\u0131n\u0131n m\u0259lumat\u0131na \u0259sas\u0259n, erm\u0259nil\u0259r t\u0259r\u0259find\u0259n \u0259sir v\u0259 girov g\u00f6t\u00fcr\u00fclm\u0259 fakt\u0131 dan\u0131lan \u015f\u0259xsl\u0259rin siyah\u0131s\u0131nda Natiq Qas\u0131movun da ad\u0131 var.<\/p>\n\n\n\n<p>D\u00f6vl\u0259t Komissiyas\u0131n\u0131n d\u0259f\u0259l\u0259rl\u0259 etdiyi m\u00fcraci\u0259tl\u0259r\u0259 baxmayaraq, erm\u0259ni t\u0259r\u0259fi indiy\u0259d\u0259k Natiqin sonrak\u0131 taleyini Az\u0259rbaycandan v\u0259 beyn\u0259lxalq t\u0259\u015fkilatlardan gizl\u0259dir.<\/p>\n\n\n\n<p>Birinci Qaraba\u011f m\u00fcharib\u0259si 1988\u20131994-c\u00fc ill\u0259ri \u0259hat\u0259 edib.<\/p>\n\n\n\n<p>2020-ci il sentyabr\u0131n 27-d\u0259 Az\u0259rbaycan v\u0259 Erm\u0259nistan silahl\u0131 q\u00fcvv\u0259l\u0259rinin t\u0259mas x\u0259ttind\u0259 n\u00f6vb\u0259ti d\u0259f\u0259 d\u00f6y\u00fc\u015fl\u0259r ba\u015flay\u0131b.<\/p>\n\n\n\n<p>44 g\u00fcnl\u00fck bu m\u00fcharib\u0259 (\u0130kinci Qaraba\u011f m\u00fcharib\u0259si) v\u0259 sonrak\u0131 raz\u0131la\u015fma n\u0259tic\u0259sind\u0259 Az\u0259rbaycan Da\u011fl\u0131q Qaraba\u011f\u0131n bir hiss\u0259sin\u0259 v\u0259 \u0259traf yeddi rayona (\u015eu\u015fa, Hadrut, C\u0259bray\u0131l, F\u00fczuli, Qubadl\u0131, Z\u0259ngilan v\u0259 Xocav\u0259ndin bir hiss\u0259si) n\u0259zar\u0259ti \u0259l\u0259 al\u0131b.<\/p>\n\n\n\n<p>10 noyabr raz\u0131la\u015fmas\u0131na (Az\u0259rbaycan, Erm\u0259nistan v\u0259 Rusiya r\u0259hb\u0259rl\u0259ri aras\u0131nda) \u0259sas\u0259n, La\u00e7\u0131n d\u0259hlizind\u0259 v\u0259 qo\u015funlar\u0131n t\u0259mas x\u0259ttind\u0259 Rusiya s\u00fclhm\u0259raml\u0131lar\u0131 yerl\u0259\u015fdirilib, K\u0259lb\u0259c\u0259r, A\u011fdam v\u0259 La\u00e7\u0131n rayonlar\u0131 bo\u015fald\u0131l\u0131b.<\/p>\n\n\n\n<p>Ke\u00e7mi\u015f Da\u011fl\u0131q Qaraba\u011f Muxtar Vilay\u0259tinin \u00e7ox hiss\u0259si tan\u0131nmayan qurumun v\u0259 Rusiya s\u00fclhm\u0259raml\u0131lar\u0131n\u0131n n\u0259zar\u0259tind\u0259 qal\u0131b.<\/p>\n","protected":false},"excerpt":{"rendered":"<p>Film Xocal\u0131 faci\u0259si v\u0259 d\u00f6y\u00fc\u015f\u00e7\u00fc Natiq Qas\u0131movdan b\u0259hs edir Xocal\u0131 &#8230; <\/p>\n<p class=\"read-more-container\"><a title=\"Xarici rejissorun az\u0259rbaycanl\u0131 \u0259sirl\u0259 ba\u011fl\u0131 \u00e7\u0259kdiyi film n\u00fcmayi\u015f olunacaq\" class=\"read-more button\" href=\"https:\/\/www.meydan.tv\/az\/article\/xarici-rejissorun-azerbaycanli-esirle-bagli-cekdiyi-film-numayis-olunacaq\/#more-234623\" aria-label=\"Read more about Xarici rejissorun az\u0259rbaycanl\u0131 \u0259sirl\u0259 ba\u011fl\u0131 \u00e7\u0259kdiyi film n\u00fcmayi\u015f olunacaq\">Davam\u0131<\/a><\/p>\n","protected":false},"author":8,"featured_media":234620,"comment_status":"closed","ping_status":"closed","sticky":false,"template":"","format":"standard","meta":{"_acf_changed":false,"_sitemap_exclude":false,"_sitemap_priority":"","_sitemap_frequency":"","footnotes":""},"categories":[52,56],"tags":[],"class_list":["post-234623","post","type-post","status-publish","format-standard","has-post-thumbnail","hentry","category-medeniyyet","category-xeberler","infinite-scroll-item","generate-columns","tablet-grid-50","mobile-grid-100","grid-parent","grid-33","no-featured-image-padding"],"acf":[],"yoast_head":"<!-- This site is optimized with the Yoast SEO plugin v27.4 - https:\/\/yoast.com\/product\/yoast-seo-wordpress\/ -->\n<title>Xarici rejissorun az\u0259rbaycanl\u0131 \u0259sirl\u0259 ba\u011fl\u0131 \u00e7\u0259kdiyi film n\u00fcmayi\u015f olunacaq - MEYDAN.TV<\/title>\n<meta name=\"robots\" content=\"index, follow, max-snippet:-1, max-image-preview:large, max-video-preview:-1\" \/>\n<link rel=\"canonical\" href=\"https:\/\/www.meydan.tv\/az\/article\/xarici-rejissorun-azerbaycanli-esirle-bagli-cekdiyi-film-numayis-olunacaq\/\" \/>\n<meta property=\"og:locale\" content=\"az_AZ\" \/>\n<meta property=\"og:type\" content=\"article\" \/>\n<meta property=\"og:title\" content=\"Xarici rejissorun az\u0259rbaycanl\u0131 \u0259sirl\u0259 ba\u011fl\u0131 \u00e7\u0259kdiyi film n\u00fcmayi\u015f olunacaq - MEYDAN.TV\" \/>\n<meta property=\"og:description\" content=\"Film Xocal\u0131 faci\u0259si v\u0259 d\u00f6y\u00fc\u015f\u00e7\u00fc Natiq Qas\u0131movdan b\u0259hs edir Xocal\u0131 ... Davam\u0131\" \/>\n<meta property=\"og:url\" content=\"https:\/\/www.meydan.tv\/az\/article\/xarici-rejissorun-azerbaycanli-esirle-bagli-cekdiyi-film-numayis-olunacaq\/\" \/>\n<meta property=\"og:site_name\" content=\"MEYDAN.TV\" \/>\n<meta property=\"article:published_time\" content=\"2022-02-15T11:55:46+00:00\" \/>\n<meta property=\"article:modified_time\" content=\"2022-02-15T12:48:37+00:00\" \/>\n<meta property=\"og:image\" content=\"https:\/\/www.meydan.tv\/wp-content\/uploads\/nizami_cinema.2.jpg\" \/>\n\t<meta property=\"og:image:width\" content=\"1200\" \/>\n\t<meta property=\"og:image:height\" content=\"798\" \/>\n\t<meta property=\"og:image:type\" content=\"image\/jpeg\" \/>\n<meta name=\"author\" content=\"elli\" \/>\n<meta name=\"twitter:card\" content=\"summary_large_image\" \/>\n<meta name=\"twitter:creator\" content=\"@elli\" \/>\n<script type=\"application\/ld+json\" class=\"yoast-schema-graph\">{\"@context\":\"https:\\\/\\\/schema.org\",\"@graph\":[{\"@type\":\"Article\",\"@id\":\"https:\\\/\\\/www.meydan.tv\\\/az\\\/article\\\/xarici-rejissorun-azerbaycanli-esirle-bagli-cekdiyi-film-numayis-olunacaq\\\/#article\",\"isPartOf\":{\"@id\":\"https:\\\/\\\/www.meydan.tv\\\/az\\\/article\\\/xarici-rejissorun-azerbaycanli-esirle-bagli-cekdiyi-film-numayis-olunacaq\\\/\"},\"author\":{\"name\":\"elli\",\"@id\":\"https:\\\/\\\/www.meydan.tv\\\/az\\\/#\\\/schema\\\/person\\\/9cdbecf90d17180ce1dfbd95b08dcf47\"},\"headline\":\"Xarici rejissorun az\u0259rbaycanl\u0131 \u0259sirl\u0259 ba\u011fl\u0131 \u00e7\u0259kdiyi film n\u00fcmayi\u015f olunacaq\",\"datePublished\":\"2022-02-15T11:55:46+00:00\",\"dateModified\":\"2022-02-15T12:48:37+00:00\",\"mainEntityOfPage\":{\"@id\":\"https:\\\/\\\/www.meydan.tv\\\/az\\\/article\\\/xarici-rejissorun-azerbaycanli-esirle-bagli-cekdiyi-film-numayis-olunacaq\\\/\"},\"wordCount\":953,\"publisher\":{\"@id\":\"https:\\\/\\\/www.meydan.tv\\\/az\\\/#organization\"},\"image\":{\"@id\":\"https:\\\/\\\/www.meydan.tv\\\/az\\\/article\\\/xarici-rejissorun-azerbaycanli-esirle-bagli-cekdiyi-film-numayis-olunacaq\\\/#primaryimage\"},\"thumbnailUrl\":\"https:\\\/\\\/www.meydan.tv\\\/wp-content\\\/uploads\\\/nizami_cinema.2.jpg\",\"articleSection\":[\"M\u0259d\u0259niyy\u0259t\",\"X\u0259b\u0259rl\u0259r\"],\"inLanguage\":\"az\"},{\"@type\":\"WebPage\",\"@id\":\"https:\\\/\\\/www.meydan.tv\\\/az\\\/article\\\/xarici-rejissorun-azerbaycanli-esirle-bagli-cekdiyi-film-numayis-olunacaq\\\/\",\"url\":\"https:\\\/\\\/www.meydan.tv\\\/az\\\/article\\\/xarici-rejissorun-azerbaycanli-esirle-bagli-cekdiyi-film-numayis-olunacaq\\\/\",\"name\":\"Xarici rejissorun az\u0259rbaycanl\u0131 \u0259sirl\u0259 ba\u011fl\u0131 \u00e7\u0259kdiyi film n\u00fcmayi\u015f olunacaq - MEYDAN.TV\",\"isPartOf\":{\"@id\":\"https:\\\/\\\/www.meydan.tv\\\/az\\\/#website\"},\"primaryImageOfPage\":{\"@id\":\"https:\\\/\\\/www.meydan.tv\\\/az\\\/article\\\/xarici-rejissorun-azerbaycanli-esirle-bagli-cekdiyi-film-numayis-olunacaq\\\/#primaryimage\"},\"image\":{\"@id\":\"https:\\\/\\\/www.meydan.tv\\\/az\\\/article\\\/xarici-rejissorun-azerbaycanli-esirle-bagli-cekdiyi-film-numayis-olunacaq\\\/#primaryimage\"},\"thumbnailUrl\":\"https:\\\/\\\/www.meydan.tv\\\/wp-content\\\/uploads\\\/nizami_cinema.2.jpg\",\"datePublished\":\"2022-02-15T11:55:46+00:00\",\"dateModified\":\"2022-02-15T12:48:37+00:00\",\"breadcrumb\":{\"@id\":\"https:\\\/\\\/www.meydan.tv\\\/az\\\/article\\\/xarici-rejissorun-azerbaycanli-esirle-bagli-cekdiyi-film-numayis-olunacaq\\\/#breadcrumb\"},\"inLanguage\":\"az\",\"potentialAction\":[{\"@type\":\"ReadAction\",\"target\":[\"https:\\\/\\\/www.meydan.tv\\\/az\\\/article\\\/xarici-rejissorun-azerbaycanli-esirle-bagli-cekdiyi-film-numayis-olunacaq\\\/\"]}]},{\"@type\":\"ImageObject\",\"inLanguage\":\"az\",\"@id\":\"https:\\\/\\\/www.meydan.tv\\\/az\\\/article\\\/xarici-rejissorun-azerbaycanli-esirle-bagli-cekdiyi-film-numayis-olunacaq\\\/#primaryimage\",\"url\":\"https:\\\/\\\/www.meydan.tv\\\/wp-content\\\/uploads\\\/nizami_cinema.2.jpg\",\"contentUrl\":\"https:\\\/\\\/www.meydan.tv\\\/wp-content\\\/uploads\\\/nizami_cinema.2.jpg\",\"width\":1200,\"height\":798,\"caption\":\"\u201cNizami\u201d Kino M\u0259rk\u0259zi, M\u0259nb\u0259: wikimedia\"},{\"@type\":\"BreadcrumbList\",\"@id\":\"https:\\\/\\\/www.meydan.tv\\\/az\\\/article\\\/xarici-rejissorun-azerbaycanli-esirle-bagli-cekdiyi-film-numayis-olunacaq\\\/#breadcrumb\",\"itemListElement\":[{\"@type\":\"ListItem\",\"position\":1,\"name\":\"Ana s\u0259hif\u0259\",\"item\":\"https:\\\/\\\/www.meydan.tv\\\/az\\\/\"},{\"@type\":\"ListItem\",\"position\":2,\"name\":\"M\u0259d\u0259niyy\u0259t\",\"item\":\"https:\\\/\\\/www.meydan.tv\\\/az\\\/section\\\/medeniyyet\\\/\"},{\"@type\":\"ListItem\",\"position\":3,\"name\":\"Xarici rejissorun az\u0259rbaycanl\u0131 \u0259sirl\u0259 ba\u011fl\u0131 \u00e7\u0259kdiyi film n\u00fcmayi\u015f olunacaq\"}]},{\"@type\":\"WebSite\",\"@id\":\"https:\\\/\\\/www.meydan.tv\\\/az\\\/#website\",\"url\":\"https:\\\/\\\/www.meydan.tv\\\/az\\\/\",\"name\":\"MEYDAN.TV\",\"description\":\"Meydan TV Az\u0259rbaycan\u0131n media m\u0259kan\u0131ndak\u0131 alternativ s\u0259sidir\",\"publisher\":{\"@id\":\"https:\\\/\\\/www.meydan.tv\\\/az\\\/#organization\"},\"potentialAction\":[{\"@type\":\"SearchAction\",\"target\":{\"@type\":\"EntryPoint\",\"urlTemplate\":\"https:\\\/\\\/www.meydan.tv\\\/az\\\/?s={search_term_string}\"},\"query-input\":{\"@type\":\"PropertyValueSpecification\",\"valueRequired\":true,\"valueName\":\"search_term_string\"}}],\"inLanguage\":\"az\"},{\"@type\":\"Organization\",\"@id\":\"https:\\\/\\\/www.meydan.tv\\\/az\\\/#organization\",\"name\":\"Meydan TV\",\"url\":\"https:\\\/\\\/www.meydan.tv\\\/az\\\/\",\"logo\":{\"@type\":\"ImageObject\",\"inLanguage\":\"az\",\"@id\":\"https:\\\/\\\/www.meydan.tv\\\/az\\\/#\\\/schema\\\/logo\\\/image\\\/\",\"url\":\"https:\\\/\\\/www.meydan.tv\\\/wp-content\\\/uploads\\\/2021\\\/07\\\/meydan-logo.svg\",\"contentUrl\":\"https:\\\/\\\/www.meydan.tv\\\/wp-content\\\/uploads\\\/2021\\\/07\\\/meydan-logo.svg\",\"width\":195,\"height\":46,\"caption\":\"Meydan TV\"},\"image\":{\"@id\":\"https:\\\/\\\/www.meydan.tv\\\/az\\\/#\\\/schema\\\/logo\\\/image\\\/\"}},{\"@type\":\"Person\",\"@id\":\"https:\\\/\\\/www.meydan.tv\\\/az\\\/#\\\/schema\\\/person\\\/9cdbecf90d17180ce1dfbd95b08dcf47\",\"name\":\"elli\",\"sameAs\":[\"https:\\\/\\\/x.com\\\/elli\"]}]}<\/script>\n<!-- \/ Yoast SEO plugin. -->","yoast_head_json":{"title":"Xarici rejissorun az\u0259rbaycanl\u0131 \u0259sirl\u0259 ba\u011fl\u0131 \u00e7\u0259kdiyi film n\u00fcmayi\u015f olunacaq - MEYDAN.TV","robots":{"index":"index","follow":"follow","max-snippet":"max-snippet:-1","max-image-preview":"max-image-preview:large","max-video-preview":"max-video-preview:-1"},"canonical":"https:\/\/www.meydan.tv\/az\/article\/xarici-rejissorun-azerbaycanli-esirle-bagli-cekdiyi-film-numayis-olunacaq\/","og_locale":"az_AZ","og_type":"article","og_title":"Xarici rejissorun az\u0259rbaycanl\u0131 \u0259sirl\u0259 ba\u011fl\u0131 \u00e7\u0259kdiyi film n\u00fcmayi\u015f olunacaq - MEYDAN.TV","og_description":"Film Xocal\u0131 faci\u0259si v\u0259 d\u00f6y\u00fc\u015f\u00e7\u00fc Natiq Qas\u0131movdan b\u0259hs edir Xocal\u0131 ... Davam\u0131","og_url":"https:\/\/www.meydan.tv\/az\/article\/xarici-rejissorun-azerbaycanli-esirle-bagli-cekdiyi-film-numayis-olunacaq\/","og_site_name":"MEYDAN.TV","article_published_time":"2022-02-15T11:55:46+00:00","article_modified_time":"2022-02-15T12:48:37+00:00","og_image":[{"width":1200,"height":798,"url":"https:\/\/www.meydan.tv\/wp-content\/uploads\/nizami_cinema.2.jpg","type":"image\/jpeg"}],"author":"elli","twitter_card":"summary_large_image","twitter_creator":"@elli","schema":{"@context":"https:\/\/schema.org","@graph":[{"@type":"Article","@id":"https:\/\/www.meydan.tv\/az\/article\/xarici-rejissorun-azerbaycanli-esirle-bagli-cekdiyi-film-numayis-olunacaq\/#article","isPartOf":{"@id":"https:\/\/www.meydan.tv\/az\/article\/xarici-rejissorun-azerbaycanli-esirle-bagli-cekdiyi-film-numayis-olunacaq\/"},"author":{"name":"elli","@id":"https:\/\/www.meydan.tv\/az\/#\/schema\/person\/9cdbecf90d17180ce1dfbd95b08dcf47"},"headline":"Xarici rejissorun az\u0259rbaycanl\u0131 \u0259sirl\u0259 ba\u011fl\u0131 \u00e7\u0259kdiyi film n\u00fcmayi\u015f olunacaq","datePublished":"2022-02-15T11:55:46+00:00","dateModified":"2022-02-15T12:48:37+00:00","mainEntityOfPage":{"@id":"https:\/\/www.meydan.tv\/az\/article\/xarici-rejissorun-azerbaycanli-esirle-bagli-cekdiyi-film-numayis-olunacaq\/"},"wordCount":953,"publisher":{"@id":"https:\/\/www.meydan.tv\/az\/#organization"},"image":{"@id":"https:\/\/www.meydan.tv\/az\/article\/xarici-rejissorun-azerbaycanli-esirle-bagli-cekdiyi-film-numayis-olunacaq\/#primaryimage"},"thumbnailUrl":"https:\/\/www.meydan.tv\/wp-content\/uploads\/nizami_cinema.2.jpg","articleSection":["M\u0259d\u0259niyy\u0259t","X\u0259b\u0259rl\u0259r"],"inLanguage":"az"},{"@type":"WebPage","@id":"https:\/\/www.meydan.tv\/az\/article\/xarici-rejissorun-azerbaycanli-esirle-bagli-cekdiyi-film-numayis-olunacaq\/","url":"https:\/\/www.meydan.tv\/az\/article\/xarici-rejissorun-azerbaycanli-esirle-bagli-cekdiyi-film-numayis-olunacaq\/","name":"Xarici rejissorun az\u0259rbaycanl\u0131 \u0259sirl\u0259 ba\u011fl\u0131 \u00e7\u0259kdiyi film n\u00fcmayi\u015f olunacaq - MEYDAN.TV","isPartOf":{"@id":"https:\/\/www.meydan.tv\/az\/#website"},"primaryImageOfPage":{"@id":"https:\/\/www.meydan.tv\/az\/article\/xarici-rejissorun-azerbaycanli-esirle-bagli-cekdiyi-film-numayis-olunacaq\/#primaryimage"},"image":{"@id":"https:\/\/www.meydan.tv\/az\/article\/xarici-rejissorun-azerbaycanli-esirle-bagli-cekdiyi-film-numayis-olunacaq\/#primaryimage"},"thumbnailUrl":"https:\/\/www.meydan.tv\/wp-content\/uploads\/nizami_cinema.2.jpg","datePublished":"2022-02-15T11:55:46+00:00","dateModified":"2022-02-15T12:48:37+00:00","breadcrumb":{"@id":"https:\/\/www.meydan.tv\/az\/article\/xarici-rejissorun-azerbaycanli-esirle-bagli-cekdiyi-film-numayis-olunacaq\/#breadcrumb"},"inLanguage":"az","potentialAction":[{"@type":"ReadAction","target":["https:\/\/www.meydan.tv\/az\/article\/xarici-rejissorun-azerbaycanli-esirle-bagli-cekdiyi-film-numayis-olunacaq\/"]}]},{"@type":"ImageObject","inLanguage":"az","@id":"https:\/\/www.meydan.tv\/az\/article\/xarici-rejissorun-azerbaycanli-esirle-bagli-cekdiyi-film-numayis-olunacaq\/#primaryimage","url":"https:\/\/www.meydan.tv\/wp-content\/uploads\/nizami_cinema.2.jpg","contentUrl":"https:\/\/www.meydan.tv\/wp-content\/uploads\/nizami_cinema.2.jpg","width":1200,"height":798,"caption":"\u201cNizami\u201d Kino M\u0259rk\u0259zi, M\u0259nb\u0259: wikimedia"},{"@type":"BreadcrumbList","@id":"https:\/\/www.meydan.tv\/az\/article\/xarici-rejissorun-azerbaycanli-esirle-bagli-cekdiyi-film-numayis-olunacaq\/#breadcrumb","itemListElement":[{"@type":"ListItem","position":1,"name":"Ana s\u0259hif\u0259","item":"https:\/\/www.meydan.tv\/az\/"},{"@type":"ListItem","position":2,"name":"M\u0259d\u0259niyy\u0259t","item":"https:\/\/www.meydan.tv\/az\/section\/medeniyyet\/"},{"@type":"ListItem","position":3,"name":"Xarici rejissorun az\u0259rbaycanl\u0131 \u0259sirl\u0259 ba\u011fl\u0131 \u00e7\u0259kdiyi film n\u00fcmayi\u015f olunacaq"}]},{"@type":"WebSite","@id":"https:\/\/www.meydan.tv\/az\/#website","url":"https:\/\/www.meydan.tv\/az\/","name":"MEYDAN.TV","description":"Meydan TV Az\u0259rbaycan\u0131n media m\u0259kan\u0131ndak\u0131 alternativ s\u0259sidir","publisher":{"@id":"https:\/\/www.meydan.tv\/az\/#organization"},"potentialAction":[{"@type":"SearchAction","target":{"@type":"EntryPoint","urlTemplate":"https:\/\/www.meydan.tv\/az\/?s={search_term_string}"},"query-input":{"@type":"PropertyValueSpecification","valueRequired":true,"valueName":"search_term_string"}}],"inLanguage":"az"},{"@type":"Organization","@id":"https:\/\/www.meydan.tv\/az\/#organization","name":"Meydan TV","url":"https:\/\/www.meydan.tv\/az\/","logo":{"@type":"ImageObject","inLanguage":"az","@id":"https:\/\/www.meydan.tv\/az\/#\/schema\/logo\/image\/","url":"https:\/\/www.meydan.tv\/wp-content\/uploads\/2021\/07\/meydan-logo.svg","contentUrl":"https:\/\/www.meydan.tv\/wp-content\/uploads\/2021\/07\/meydan-logo.svg","width":195,"height":46,"caption":"Meydan TV"},"image":{"@id":"https:\/\/www.meydan.tv\/az\/#\/schema\/logo\/image\/"}},{"@type":"Person","@id":"https:\/\/www.meydan.tv\/az\/#\/schema\/person\/9cdbecf90d17180ce1dfbd95b08dcf47","name":"elli","sameAs":["https:\/\/x.com\/elli"]}]}},"_links":{"self":[{"href":"https:\/\/www.meydan.tv\/az\/wp-json\/wp\/v2\/posts\/234623","targetHints":{"allow":["GET"]}}],"collection":[{"href":"https:\/\/www.meydan.tv\/az\/wp-json\/wp\/v2\/posts"}],"about":[{"href":"https:\/\/www.meydan.tv\/az\/wp-json\/wp\/v2\/types\/post"}],"author":[{"embeddable":true,"href":"https:\/\/www.meydan.tv\/az\/wp-json\/wp\/v2\/users\/8"}],"replies":[{"embeddable":true,"href":"https:\/\/www.meydan.tv\/az\/wp-json\/wp\/v2\/comments?post=234623"}],"version-history":[{"count":3,"href":"https:\/\/www.meydan.tv\/az\/wp-json\/wp\/v2\/posts\/234623\/revisions"}],"predecessor-version":[{"id":234638,"href":"https:\/\/www.meydan.tv\/az\/wp-json\/wp\/v2\/posts\/234623\/revisions\/234638"}],"wp:featuredmedia":[{"embeddable":true,"href":"https:\/\/www.meydan.tv\/az\/wp-json\/wp\/v2\/media\/234620"}],"wp:attachment":[{"href":"https:\/\/www.meydan.tv\/az\/wp-json\/wp\/v2\/media?parent=234623"}],"wp:term":[{"taxonomy":"category","embeddable":true,"href":"https:\/\/www.meydan.tv\/az\/wp-json\/wp\/v2\/categories?post=234623"},{"taxonomy":"post_tag","embeddable":true,"href":"https:\/\/www.meydan.tv\/az\/wp-json\/wp\/v2\/tags?post=234623"}],"curies":[{"name":"wp","href":"https:\/\/api.w.org\/{rel}","templated":true}]}}