{"id":234466,"date":"2022-02-14T14:58:52","date_gmt":"2022-02-14T10:58:52","guid":{"rendered":"https:\/\/www.meydan.tv\/?p=234466"},"modified":"2022-02-14T14:58:54","modified_gmt":"2022-02-14T10:58:54","slug":"vaksin-muddeti-kecenlerin-covid-pasportu-etibarsiz-sayilacaq","status":"publish","type":"post","link":"https:\/\/www.meydan.tv\/az\/article\/vaksin-muddeti-kecenlerin-covid-pasportu-etibarsiz-sayilacaq\/","title":{"rendered":"Vaksin m\u00fcdd\u0259ti ke\u00e7\u0259nl\u0259rin COVID pasportu etibars\u0131z say\u0131lacaq"},"content":{"rendered":"\n<p><em>Fevral\u0131n 16-dan restoran v\u0259 ticar\u0259t m\u0259rk\u0259zl\u0259rind\u0259 buster doza t\u0259l\u0259b olunacaq<\/em><\/p>\n\n\n\n<p>Fevral\u0131n 15-d\u0259n peyv\u0259nd olunma tarixind\u0259n 6 ay ke\u00e7\u0259n v\u0259 3-c\u00fc doza iyn\u0259si vurdurmayanlar\u0131n COVID pasportu etibars\u0131z say\u0131lacaq.<\/p>\n\n\n\n<p>Nazirl\u0259r Kabineti 2021-ci il dekabr\u0131n 30-da bununla ba\u011fl\u0131 m\u00f6vcud qaydalara d\u0259yi\u015fiklik edib.<\/p>\n\n\n\n<p>H\u0259min zamana q\u0259d\u0259r 2 doza peyv\u0259nd olunanlar\u0131n COVID sertifikatlar\u0131n\u0131n etibarl\u0131l\u0131\u011f\u0131 m\u00fcdd\u0259tsiz idi.<\/p>\n\n\n\n<p>Art\u0131q ilk iki doza peyv\u0259nd olunanlar\u0131n sertifikatlar\u0131n\u0131n etibarl\u0131l\u0131q m\u00fcdd\u0259ti sonuncu dozan\u0131n vurulmas\u0131ndan sonrak\u0131 6 ay hesab edil\u0259c\u0259k.<\/p>\n\n\n\n<p>H\u0259min vaxt bitibs\u0259, daha bir doza peyv\u0259nd (buster doza) d\u0259 al\u0131nmal\u0131d\u0131r. Bundan sonra sertifikat yenid\u0259n m\u00fcdd\u0259tsiz olacaq.<\/p>\n\n\n\n<p>COVID-19 x\u0259st\u0259liyin\u0259 yoluxmu\u015f \u015f\u0259xsl\u0259rin sa\u011falaraq immunitet\u0259 malik olmalar\u0131n\u0131 t\u0259sdiq ed\u0259n sertifikat\u0131n 6 ayl\u0131q vaxt\u0131 dolandan sonra is\u0259 daha iki doza peyv\u0259nd vurduran\u0131n COVID pasportu m\u00fcdd\u0259tsiz olacaq.<\/p>\n\n\n\n<p>Fevral\u0131n 16-dan restoran v\u0259 ticar\u0259t m\u0259rk\u0259zl\u0259rind\u0259 buster doza t\u0259l\u0259b olunacaq.<\/p>\n\n\n\n<p>Bu qayda toylara da aiddir. Haz\u0131rda 150 n\u0259f\u0259rlik \u015f\u0259nlik m\u0259rasiml\u0259rind\u0259 i\u015ftirak ed\u0259n ya\u015f\u0131 18-d\u0259n yuxar\u0131 b\u00fct\u00fcn qonaqlar\u0131n COVID-19-a qar\u015f\u0131 \u0259n az\u0131 iki doza peyv\u0259nd olunmalar\u0131 v\u0259 ya COVID-19-dan sa\u011falaraq immunitet\u0259 malik olmalar\u0131 bar\u0259d\u0259 t\u0259sdiqedici s\u0259n\u0259di, yaxud COVID-19-a qar\u015f\u0131 peyv\u0259nd\u0259 \u0259ks-g\u00f6st\u0259ri\u015fi m\u00fc\u0259yy\u0259n ed\u0259n \u0259ks-g\u00f6st\u0259ri\u015f sertifikat\u0131 olmal\u0131d\u0131r.<\/p>\n\n\n\n<p>Az\u0259rbaycanda koronavirus pandemiyas\u0131 il\u0259 ba\u011fl\u0131 2020-ci ilin mart\u0131ndan karantin rejimidir.<\/p>\n\n\n\n<p>\u00d6lk\u0259d\u0259 vaksinasiyaya is\u0259 \u00f6t\u0259n ilin yanvar\u0131n 18-d\u0259n ba\u015flan\u0131b. \u0130ndiy\u0259 q\u0259d\u0259r 4.7 milyon \u015f\u0259xs\u0259 iki, 2.4 milyona is\u0259 buster doza vuruldu\u011fu vur\u011fulan\u0131r.<\/p>\n\n\n\n<div class=\"wp-block-image\"><figure class=\"alignright size-full is-resized\"><img decoding=\"async\" data-src=\"https:\/\/www.meydan.tv\/wp-content\/uploads\/covid-19-passport-696x398-1.jpg\" alt=\"Specify Caption\" class=\"wp-image-209815 lazyload\" width=\"452\" height=\"258\" src=\"data:image\/svg+xml;base64,PHN2ZyB3aWR0aD0iMSIgaGVpZ2h0PSIxIiB4bWxucz0iaHR0cDovL3d3dy53My5vcmcvMjAwMC9zdmciPjwvc3ZnPg==\" style=\"--smush-placeholder-width: 452px; --smush-placeholder-aspect-ratio: 452\/258;\" \/><figcaption>Source: Specify Source<\/figcaption><\/figure><\/div>\n\n\n\n<p>D\u00fcnyan\u0131n b\u0259zi \u00f6lk\u0259l\u0259ri is\u0259 koronavirusun yay\u0131lan yeni n\u00f6v\u00fc \u201cOmikron\u201du t\u0259bii vaksin kimi <a href=\"https:\/\/www.google.com\/url?q=https:\/\/www.meydan.tv\/az\/article\/omikron-suretle-yayilir-dunya-ise-karantin-rejiminden-imtina-edir\/&amp;sa=D&amp;source=editors&amp;ust=1644832820624724&amp;usg=AOvVaw1Mhm0mBKjt2seB39SC0O1P\" target=\"_blank\" rel=\"noreferrer noopener\">g\u00f6r\u00fcr<\/a>. Fikir var ki, bu virus s\u00fcr\u0259tl\u0259 yay\u0131lsa da, daha y\u00fcng\u00fcl ke\u00e7irilir, a\u011f\u0131rla\u015fmalar v\u0259 x\u0259st\u0259xanaya yatmalar azd\u0131r. Bu s\u0259b\u0259bd\u0259n \u00f6lk\u0259l\u0259r virus m\u0259hdudiyy\u0259tl\u0259rinin g\u00f6t\u00fcr\u00fclm\u0259sinin m\u0259ntiqli oldu\u011funu d\u00fc\u015f\u00fcn\u00fcr.<\/p>\n\n\n\n<p>M\u0259s\u0259l\u0259n, fevral\u0131n 1-d\u0259n G\u00fcrc\u00fcstan h\u00f6kum\u0259ti restoranlara, barlara v\u0259 dig\u0259r \u0259yl\u0259nc\u0259 m\u0259kanlar\u0131na daxil olmaq \u00fc\u00e7\u00fcn COVID pasport t\u0259l\u0259bini l\u0259\u011fv edib.<\/p>\n\n\n\n<p>G\u00fcrc\u00fcstan Qurumlararas\u0131 Koordinasiya \u015euras\u0131n\u0131n \u0259m\u0259kda\u015f\u0131 Giorgi Gibradze bildirib ki, \u201cOmikron\u201d variant\u0131n\u0131n s\u00fcr\u0259tl\u0259 yay\u0131lmas\u0131 v\u0259 onun nisbi yum\u015faql\u0131\u011f\u0131n\u0131 n\u0259z\u0259r\u0259 alaraq bu add\u0131m\u0131 at\u0131blar.<\/p>\n\n\n\n<p>\u00d6lk\u0259nin s\u0259hiyy\u0259 nazirinin m\u00fcavini Tamar Qabunia is\u0259 deyib ki, ya\u015f\u0131l ke\u00e7id sistemi \u201cOmikron\u201d dal\u011fas\u0131 qar\u015f\u0131s\u0131nda k\u00f6hn\u0259lib, m\u0259hdudiyy\u0259tl\u0259rin \u0259h\u0259miyy\u0259ti qalmay\u0131b.<\/p>\n\n\n\n<p>\u00c7exiya da restoranlara, qapal\u0131 m\u0259kanlara COVID pasportu il\u0259 girm\u0259k qaydas\u0131n\u0131 l\u0259\u011fv edib. \u00dcst\u0259lik, \u00c7exiya Ali \u0130nzibati M\u0259hk\u0259m\u0259si d\u0259 \u00f6t\u0259n h\u0259ft\u0259 restoranlara, klublara, kazinolara v\u0259 ya otell\u0259r\u0259 gir\u0259rk\u0259n peyv\u0259nd v\u0259 ya sa\u011falman\u0131 s\u00fcbut etm\u0259k v\u0259zif\u0259sini l\u0259\u011fv edib.<\/p>\n\n\n\n<p>\u00d6lk\u0259nin Ba\u015f naziri Petr Fiala qada\u011falar\u0131n l\u0259\u011fvinin m\u0259hk\u0259m\u0259 q\u0259rar\u0131 il\u0259 h\u0259r hans\u0131 \u0259laq\u0259sinin olmad\u0131\u011f\u0131n\u0131, ekspertl\u0259rin t\u00f6vsiy\u0259l\u0259ri \u0259sas\u0131nda q\u0259bul edildiyini bildirib.<\/p>\n\n\n\n<p>Avropan\u0131n b\u0259zi \u00f6lk\u0259l\u0259ri is\u0259 koronavirusu ciddi olan x\u0259st\u0259likl\u0259r s\u0131ras\u0131ndan \u00e7\u0131xar\u0131b v\u0259 ya \u00e7\u0131xarma\u011fa haz\u0131rla\u015f\u0131r.<\/p>\n\n\n\n<p>\u201cOmikron\u201da yoluxma say\u0131 \u00e7ox olsa da, Danimarka normal h\u0259yata qay\u0131tmaqla ba\u011fl\u0131 add\u0131m at\u0131b.<\/p>\n\n\n\n<p>H\u00f6kum\u0259t COVID-19-u sosial c\u0259h\u0259td\u0259n kritik x\u0259st\u0259lik kateqoriyas\u0131ndan \u00e7\u0131xar\u0131b, m\u0259hdudiyy\u0259tl\u0259ri aradan qald\u0131rmaq q\u0259rar\u0131na g\u0259lib.<\/p>\n\n\n\n<p>Yanvar\u0131n 27-d\u0259n B\u00f6y\u00fck Britaniyada infeksiyaya yoluxanlar\u0131n t\u0259cridi istisna olmaqla b\u00fct\u00fcn COVID-19 t\u0259dbirl\u0259ri l\u0259\u011fv edilib.<\/p>\n\n\n\n<p>S\u0259hiyy\u0259 Nazirliyi q\u0259rara s\u0259b\u0259b kimi \u201cpeyv\u0259nd proqram\u0131n\u0131n b\u00f6y\u00fck u\u011furunu\u201d g\u00f6st\u0259rib. Bel\u0259likl\u0259, \u00f6lk\u0259d\u0259 \u201cpeyv\u0259nd pasportlar\u0131\u201d kimi tan\u0131nan COVID-19 statusunu g\u00f6st\u0259r\u0259n s\u0259n\u0259dl\u0259rin m\u0259cburi istifad\u0259si d\u0259 ba\u015fa \u00e7at\u0131b.<\/p>\n\n\n\n<p>Koronvirus 2019-cu ilin sonlar\u0131 \u00c7ind\u0259 yaran\u0131b, d\u00fcnyaya yay\u0131ld\u0131.<\/p>\n\n\n\n<p>2020-ci il mart\u0131n 11-d\u0259 D\u00fcnya S\u0259hiyy\u0259 T\u0259\u015fkilat\u0131 koronavirusu pandemiya elan edib.<\/p>\n\n\n\n<p>D\u00fcnyada s\u00fcr\u0259tl\u0259 yay\u0131lan bu virusdan indiy\u0259 q\u0259d\u0259r 5.8 milyondan \u00e7ox insan\u0131n \u00f6ld\u00fcy\u00fc a\u00e7\u0131qlan\u0131b.<\/p>\n\n\n\n<p>Az\u0259rbaycanda is\u0259 \u0259n son a\u00e7\u0131qlanan m\u0259lumata g\u00f6r\u0259, \u00fcmumilikd\u0259 745 min 169 n\u0259f\u0259rin koronavirus infeksiyas\u0131na yoluxmas\u0131 fakt\u0131 m\u00fc\u0259yy\u0259n edilib.<\/p>\n\n\n\n<p>Onlardan 9 min 50 n\u0259f\u0259rin v\u0259fat etdiyi bildirilib.<\/p>\n","protected":false},"excerpt":{"rendered":"<p>Fevral\u0131n 16-dan restoran v\u0259 ticar\u0259t m\u0259rk\u0259zl\u0259rind\u0259 buster doza t\u0259l\u0259b olunacaq &#8230; <\/p>\n<p class=\"read-more-container\"><a title=\"Vaksin m\u00fcdd\u0259ti ke\u00e7\u0259nl\u0259rin COVID pasportu etibars\u0131z say\u0131lacaq\" class=\"read-more button\" href=\"https:\/\/www.meydan.tv\/az\/article\/vaksin-muddeti-kecenlerin-covid-pasportu-etibarsiz-sayilacaq\/#more-234466\" aria-label=\"Read more about Vaksin m\u00fcdd\u0259ti ke\u00e7\u0259nl\u0259rin COVID pasportu etibars\u0131z say\u0131lacaq\">Davam\u0131<\/a><\/p>\n","protected":false},"author":8,"featured_media":234453,"comment_status":"closed","ping_status":"closed","sticky":false,"template":"","format":"standard","meta":{"_acf_changed":false,"_sitemap_exclude":false,"_sitemap_priority":"","_sitemap_frequency":"","footnotes":""},"categories":[54,79,56],"tags":[],"class_list":["post-234466","post","type-post","status-publish","format-standard","has-post-thumbnail","hentry","category-sagliq","category-featured","category-xeberler","infinite-scroll-item","generate-columns","tablet-grid-50","mobile-grid-100","grid-parent","grid-33","no-featured-image-padding"],"acf":[],"yoast_head":"<!-- This site is optimized with the Yoast SEO plugin v27.4 - https:\/\/yoast.com\/product\/yoast-seo-wordpress\/ -->\n<title>Vaksin m\u00fcdd\u0259ti ke\u00e7\u0259nl\u0259rin COVID pasportu etibars\u0131z say\u0131lacaq - MEYDAN.TV<\/title>\n<meta name=\"robots\" content=\"index, follow, max-snippet:-1, max-image-preview:large, max-video-preview:-1\" \/>\n<link rel=\"canonical\" href=\"https:\/\/www.meydan.tv\/az\/article\/vaksin-muddeti-kecenlerin-covid-pasportu-etibarsiz-sayilacaq\/\" \/>\n<meta property=\"og:locale\" content=\"az_AZ\" \/>\n<meta property=\"og:type\" content=\"article\" \/>\n<meta property=\"og:title\" content=\"Vaksin m\u00fcdd\u0259ti ke\u00e7\u0259nl\u0259rin COVID pasportu etibars\u0131z say\u0131lacaq - MEYDAN.TV\" \/>\n<meta property=\"og:description\" content=\"Fevral\u0131n 16-dan restoran v\u0259 ticar\u0259t m\u0259rk\u0259zl\u0259rind\u0259 buster doza t\u0259l\u0259b olunacaq ... Davam\u0131\" \/>\n<meta property=\"og:url\" content=\"https:\/\/www.meydan.tv\/az\/article\/vaksin-muddeti-kecenlerin-covid-pasportu-etibarsiz-sayilacaq\/\" \/>\n<meta property=\"og:site_name\" content=\"MEYDAN.TV\" \/>\n<meta property=\"article:published_time\" content=\"2022-02-14T10:58:52+00:00\" \/>\n<meta property=\"article:modified_time\" content=\"2022-02-14T10:58:54+00:00\" \/>\n<meta property=\"og:image\" content=\"https:\/\/www.meydan.tv\/wp-content\/uploads\/shutterstock_2003890787.jpg\" \/>\n\t<meta property=\"og:image:width\" content=\"1200\" \/>\n\t<meta property=\"og:image:height\" content=\"800\" \/>\n\t<meta property=\"og:image:type\" content=\"image\/jpeg\" \/>\n<meta name=\"author\" content=\"elli\" \/>\n<meta name=\"twitter:card\" content=\"summary_large_image\" \/>\n<meta name=\"twitter:creator\" content=\"@elli\" \/>\n<script type=\"application\/ld+json\" class=\"yoast-schema-graph\">{\"@context\":\"https:\\\/\\\/schema.org\",\"@graph\":[{\"@type\":\"Article\",\"@id\":\"https:\\\/\\\/www.meydan.tv\\\/az\\\/article\\\/vaksin-muddeti-kecenlerin-covid-pasportu-etibarsiz-sayilacaq\\\/#article\",\"isPartOf\":{\"@id\":\"https:\\\/\\\/www.meydan.tv\\\/az\\\/article\\\/vaksin-muddeti-kecenlerin-covid-pasportu-etibarsiz-sayilacaq\\\/\"},\"author\":{\"name\":\"elli\",\"@id\":\"https:\\\/\\\/www.meydan.tv\\\/az\\\/#\\\/schema\\\/person\\\/9cdbecf90d17180ce1dfbd95b08dcf47\"},\"headline\":\"Vaksin m\u00fcdd\u0259ti ke\u00e7\u0259nl\u0259rin COVID pasportu etibars\u0131z say\u0131lacaq\",\"datePublished\":\"2022-02-14T10:58:52+00:00\",\"dateModified\":\"2022-02-14T10:58:54+00:00\",\"mainEntityOfPage\":{\"@id\":\"https:\\\/\\\/www.meydan.tv\\\/az\\\/article\\\/vaksin-muddeti-kecenlerin-covid-pasportu-etibarsiz-sayilacaq\\\/\"},\"wordCount\":834,\"publisher\":{\"@id\":\"https:\\\/\\\/www.meydan.tv\\\/az\\\/#organization\"},\"image\":{\"@id\":\"https:\\\/\\\/www.meydan.tv\\\/az\\\/article\\\/vaksin-muddeti-kecenlerin-covid-pasportu-etibarsiz-sayilacaq\\\/#primaryimage\"},\"thumbnailUrl\":\"https:\\\/\\\/www.meydan.tv\\\/wp-content\\\/uploads\\\/shutterstock_2003890787.jpg\",\"articleSection\":[\"Sa\u011fl\u0131q\",\"T\u00f6vsiy\u0259\",\"X\u0259b\u0259rl\u0259r\"],\"inLanguage\":\"az\"},{\"@type\":\"WebPage\",\"@id\":\"https:\\\/\\\/www.meydan.tv\\\/az\\\/article\\\/vaksin-muddeti-kecenlerin-covid-pasportu-etibarsiz-sayilacaq\\\/\",\"url\":\"https:\\\/\\\/www.meydan.tv\\\/az\\\/article\\\/vaksin-muddeti-kecenlerin-covid-pasportu-etibarsiz-sayilacaq\\\/\",\"name\":\"Vaksin m\u00fcdd\u0259ti ke\u00e7\u0259nl\u0259rin COVID pasportu etibars\u0131z say\u0131lacaq - MEYDAN.TV\",\"isPartOf\":{\"@id\":\"https:\\\/\\\/www.meydan.tv\\\/az\\\/#website\"},\"primaryImageOfPage\":{\"@id\":\"https:\\\/\\\/www.meydan.tv\\\/az\\\/article\\\/vaksin-muddeti-kecenlerin-covid-pasportu-etibarsiz-sayilacaq\\\/#primaryimage\"},\"image\":{\"@id\":\"https:\\\/\\\/www.meydan.tv\\\/az\\\/article\\\/vaksin-muddeti-kecenlerin-covid-pasportu-etibarsiz-sayilacaq\\\/#primaryimage\"},\"thumbnailUrl\":\"https:\\\/\\\/www.meydan.tv\\\/wp-content\\\/uploads\\\/shutterstock_2003890787.jpg\",\"datePublished\":\"2022-02-14T10:58:52+00:00\",\"dateModified\":\"2022-02-14T10:58:54+00:00\",\"breadcrumb\":{\"@id\":\"https:\\\/\\\/www.meydan.tv\\\/az\\\/article\\\/vaksin-muddeti-kecenlerin-covid-pasportu-etibarsiz-sayilacaq\\\/#breadcrumb\"},\"inLanguage\":\"az\",\"potentialAction\":[{\"@type\":\"ReadAction\",\"target\":[\"https:\\\/\\\/www.meydan.tv\\\/az\\\/article\\\/vaksin-muddeti-kecenlerin-covid-pasportu-etibarsiz-sayilacaq\\\/\"]}]},{\"@type\":\"ImageObject\",\"inLanguage\":\"az\",\"@id\":\"https:\\\/\\\/www.meydan.tv\\\/az\\\/article\\\/vaksin-muddeti-kecenlerin-covid-pasportu-etibarsiz-sayilacaq\\\/#primaryimage\",\"url\":\"https:\\\/\\\/www.meydan.tv\\\/wp-content\\\/uploads\\\/shutterstock_2003890787.jpg\",\"contentUrl\":\"https:\\\/\\\/www.meydan.tv\\\/wp-content\\\/uploads\\\/shutterstock_2003890787.jpg\",\"width\":1200,\"height\":800,\"caption\":\"3-c\u00fc doza, M\u0259nb\u0259: Wachiwit\\\/shutterstock\"},{\"@type\":\"BreadcrumbList\",\"@id\":\"https:\\\/\\\/www.meydan.tv\\\/az\\\/article\\\/vaksin-muddeti-kecenlerin-covid-pasportu-etibarsiz-sayilacaq\\\/#breadcrumb\",\"itemListElement\":[{\"@type\":\"ListItem\",\"position\":1,\"name\":\"Ana s\u0259hif\u0259\",\"item\":\"https:\\\/\\\/www.meydan.tv\\\/az\\\/\"},{\"@type\":\"ListItem\",\"position\":2,\"name\":\"Sa\u011fl\u0131q\",\"item\":\"https:\\\/\\\/www.meydan.tv\\\/az\\\/section\\\/sagliq\\\/\"},{\"@type\":\"ListItem\",\"position\":3,\"name\":\"Vaksin m\u00fcdd\u0259ti ke\u00e7\u0259nl\u0259rin COVID pasportu etibars\u0131z say\u0131lacaq\"}]},{\"@type\":\"WebSite\",\"@id\":\"https:\\\/\\\/www.meydan.tv\\\/az\\\/#website\",\"url\":\"https:\\\/\\\/www.meydan.tv\\\/az\\\/\",\"name\":\"MEYDAN.TV\",\"description\":\"Meydan TV Az\u0259rbaycan\u0131n media m\u0259kan\u0131ndak\u0131 alternativ s\u0259sidir\",\"publisher\":{\"@id\":\"https:\\\/\\\/www.meydan.tv\\\/az\\\/#organization\"},\"potentialAction\":[{\"@type\":\"SearchAction\",\"target\":{\"@type\":\"EntryPoint\",\"urlTemplate\":\"https:\\\/\\\/www.meydan.tv\\\/az\\\/?s={search_term_string}\"},\"query-input\":{\"@type\":\"PropertyValueSpecification\",\"valueRequired\":true,\"valueName\":\"search_term_string\"}}],\"inLanguage\":\"az\"},{\"@type\":\"Organization\",\"@id\":\"https:\\\/\\\/www.meydan.tv\\\/az\\\/#organization\",\"name\":\"Meydan TV\",\"url\":\"https:\\\/\\\/www.meydan.tv\\\/az\\\/\",\"logo\":{\"@type\":\"ImageObject\",\"inLanguage\":\"az\",\"@id\":\"https:\\\/\\\/www.meydan.tv\\\/az\\\/#\\\/schema\\\/logo\\\/image\\\/\",\"url\":\"https:\\\/\\\/www.meydan.tv\\\/wp-content\\\/uploads\\\/2021\\\/07\\\/meydan-logo.svg\",\"contentUrl\":\"https:\\\/\\\/www.meydan.tv\\\/wp-content\\\/uploads\\\/2021\\\/07\\\/meydan-logo.svg\",\"width\":195,\"height\":46,\"caption\":\"Meydan TV\"},\"image\":{\"@id\":\"https:\\\/\\\/www.meydan.tv\\\/az\\\/#\\\/schema\\\/logo\\\/image\\\/\"}},{\"@type\":\"Person\",\"@id\":\"https:\\\/\\\/www.meydan.tv\\\/az\\\/#\\\/schema\\\/person\\\/9cdbecf90d17180ce1dfbd95b08dcf47\",\"name\":\"elli\",\"sameAs\":[\"https:\\\/\\\/x.com\\\/elli\"]}]}<\/script>\n<!-- \/ Yoast SEO plugin. -->","yoast_head_json":{"title":"Vaksin m\u00fcdd\u0259ti ke\u00e7\u0259nl\u0259rin COVID pasportu etibars\u0131z say\u0131lacaq - MEYDAN.TV","robots":{"index":"index","follow":"follow","max-snippet":"max-snippet:-1","max-image-preview":"max-image-preview:large","max-video-preview":"max-video-preview:-1"},"canonical":"https:\/\/www.meydan.tv\/az\/article\/vaksin-muddeti-kecenlerin-covid-pasportu-etibarsiz-sayilacaq\/","og_locale":"az_AZ","og_type":"article","og_title":"Vaksin m\u00fcdd\u0259ti ke\u00e7\u0259nl\u0259rin COVID pasportu etibars\u0131z say\u0131lacaq - MEYDAN.TV","og_description":"Fevral\u0131n 16-dan restoran v\u0259 ticar\u0259t m\u0259rk\u0259zl\u0259rind\u0259 buster doza t\u0259l\u0259b olunacaq ... Davam\u0131","og_url":"https:\/\/www.meydan.tv\/az\/article\/vaksin-muddeti-kecenlerin-covid-pasportu-etibarsiz-sayilacaq\/","og_site_name":"MEYDAN.TV","article_published_time":"2022-02-14T10:58:52+00:00","article_modified_time":"2022-02-14T10:58:54+00:00","og_image":[{"width":1200,"height":800,"url":"https:\/\/www.meydan.tv\/wp-content\/uploads\/shutterstock_2003890787.jpg","type":"image\/jpeg"}],"author":"elli","twitter_card":"summary_large_image","twitter_creator":"@elli","schema":{"@context":"https:\/\/schema.org","@graph":[{"@type":"Article","@id":"https:\/\/www.meydan.tv\/az\/article\/vaksin-muddeti-kecenlerin-covid-pasportu-etibarsiz-sayilacaq\/#article","isPartOf":{"@id":"https:\/\/www.meydan.tv\/az\/article\/vaksin-muddeti-kecenlerin-covid-pasportu-etibarsiz-sayilacaq\/"},"author":{"name":"elli","@id":"https:\/\/www.meydan.tv\/az\/#\/schema\/person\/9cdbecf90d17180ce1dfbd95b08dcf47"},"headline":"Vaksin m\u00fcdd\u0259ti ke\u00e7\u0259nl\u0259rin COVID pasportu etibars\u0131z say\u0131lacaq","datePublished":"2022-02-14T10:58:52+00:00","dateModified":"2022-02-14T10:58:54+00:00","mainEntityOfPage":{"@id":"https:\/\/www.meydan.tv\/az\/article\/vaksin-muddeti-kecenlerin-covid-pasportu-etibarsiz-sayilacaq\/"},"wordCount":834,"publisher":{"@id":"https:\/\/www.meydan.tv\/az\/#organization"},"image":{"@id":"https:\/\/www.meydan.tv\/az\/article\/vaksin-muddeti-kecenlerin-covid-pasportu-etibarsiz-sayilacaq\/#primaryimage"},"thumbnailUrl":"https:\/\/www.meydan.tv\/wp-content\/uploads\/shutterstock_2003890787.jpg","articleSection":["Sa\u011fl\u0131q","T\u00f6vsiy\u0259","X\u0259b\u0259rl\u0259r"],"inLanguage":"az"},{"@type":"WebPage","@id":"https:\/\/www.meydan.tv\/az\/article\/vaksin-muddeti-kecenlerin-covid-pasportu-etibarsiz-sayilacaq\/","url":"https:\/\/www.meydan.tv\/az\/article\/vaksin-muddeti-kecenlerin-covid-pasportu-etibarsiz-sayilacaq\/","name":"Vaksin m\u00fcdd\u0259ti ke\u00e7\u0259nl\u0259rin COVID pasportu etibars\u0131z say\u0131lacaq - MEYDAN.TV","isPartOf":{"@id":"https:\/\/www.meydan.tv\/az\/#website"},"primaryImageOfPage":{"@id":"https:\/\/www.meydan.tv\/az\/article\/vaksin-muddeti-kecenlerin-covid-pasportu-etibarsiz-sayilacaq\/#primaryimage"},"image":{"@id":"https:\/\/www.meydan.tv\/az\/article\/vaksin-muddeti-kecenlerin-covid-pasportu-etibarsiz-sayilacaq\/#primaryimage"},"thumbnailUrl":"https:\/\/www.meydan.tv\/wp-content\/uploads\/shutterstock_2003890787.jpg","datePublished":"2022-02-14T10:58:52+00:00","dateModified":"2022-02-14T10:58:54+00:00","breadcrumb":{"@id":"https:\/\/www.meydan.tv\/az\/article\/vaksin-muddeti-kecenlerin-covid-pasportu-etibarsiz-sayilacaq\/#breadcrumb"},"inLanguage":"az","potentialAction":[{"@type":"ReadAction","target":["https:\/\/www.meydan.tv\/az\/article\/vaksin-muddeti-kecenlerin-covid-pasportu-etibarsiz-sayilacaq\/"]}]},{"@type":"ImageObject","inLanguage":"az","@id":"https:\/\/www.meydan.tv\/az\/article\/vaksin-muddeti-kecenlerin-covid-pasportu-etibarsiz-sayilacaq\/#primaryimage","url":"https:\/\/www.meydan.tv\/wp-content\/uploads\/shutterstock_2003890787.jpg","contentUrl":"https:\/\/www.meydan.tv\/wp-content\/uploads\/shutterstock_2003890787.jpg","width":1200,"height":800,"caption":"3-c\u00fc doza, M\u0259nb\u0259: Wachiwit\/shutterstock"},{"@type":"BreadcrumbList","@id":"https:\/\/www.meydan.tv\/az\/article\/vaksin-muddeti-kecenlerin-covid-pasportu-etibarsiz-sayilacaq\/#breadcrumb","itemListElement":[{"@type":"ListItem","position":1,"name":"Ana s\u0259hif\u0259","item":"https:\/\/www.meydan.tv\/az\/"},{"@type":"ListItem","position":2,"name":"Sa\u011fl\u0131q","item":"https:\/\/www.meydan.tv\/az\/section\/sagliq\/"},{"@type":"ListItem","position":3,"name":"Vaksin m\u00fcdd\u0259ti ke\u00e7\u0259nl\u0259rin COVID pasportu etibars\u0131z say\u0131lacaq"}]},{"@type":"WebSite","@id":"https:\/\/www.meydan.tv\/az\/#website","url":"https:\/\/www.meydan.tv\/az\/","name":"MEYDAN.TV","description":"Meydan TV Az\u0259rbaycan\u0131n media m\u0259kan\u0131ndak\u0131 alternativ s\u0259sidir","publisher":{"@id":"https:\/\/www.meydan.tv\/az\/#organization"},"potentialAction":[{"@type":"SearchAction","target":{"@type":"EntryPoint","urlTemplate":"https:\/\/www.meydan.tv\/az\/?s={search_term_string}"},"query-input":{"@type":"PropertyValueSpecification","valueRequired":true,"valueName":"search_term_string"}}],"inLanguage":"az"},{"@type":"Organization","@id":"https:\/\/www.meydan.tv\/az\/#organization","name":"Meydan TV","url":"https:\/\/www.meydan.tv\/az\/","logo":{"@type":"ImageObject","inLanguage":"az","@id":"https:\/\/www.meydan.tv\/az\/#\/schema\/logo\/image\/","url":"https:\/\/www.meydan.tv\/wp-content\/uploads\/2021\/07\/meydan-logo.svg","contentUrl":"https:\/\/www.meydan.tv\/wp-content\/uploads\/2021\/07\/meydan-logo.svg","width":195,"height":46,"caption":"Meydan TV"},"image":{"@id":"https:\/\/www.meydan.tv\/az\/#\/schema\/logo\/image\/"}},{"@type":"Person","@id":"https:\/\/www.meydan.tv\/az\/#\/schema\/person\/9cdbecf90d17180ce1dfbd95b08dcf47","name":"elli","sameAs":["https:\/\/x.com\/elli"]}]}},"_links":{"self":[{"href":"https:\/\/www.meydan.tv\/az\/wp-json\/wp\/v2\/posts\/234466","targetHints":{"allow":["GET"]}}],"collection":[{"href":"https:\/\/www.meydan.tv\/az\/wp-json\/wp\/v2\/posts"}],"about":[{"href":"https:\/\/www.meydan.tv\/az\/wp-json\/wp\/v2\/types\/post"}],"author":[{"embeddable":true,"href":"https:\/\/www.meydan.tv\/az\/wp-json\/wp\/v2\/users\/8"}],"replies":[{"embeddable":true,"href":"https:\/\/www.meydan.tv\/az\/wp-json\/wp\/v2\/comments?post=234466"}],"version-history":[{"count":2,"href":"https:\/\/www.meydan.tv\/az\/wp-json\/wp\/v2\/posts\/234466\/revisions"}],"predecessor-version":[{"id":234469,"href":"https:\/\/www.meydan.tv\/az\/wp-json\/wp\/v2\/posts\/234466\/revisions\/234469"}],"wp:featuredmedia":[{"embeddable":true,"href":"https:\/\/www.meydan.tv\/az\/wp-json\/wp\/v2\/media\/234453"}],"wp:attachment":[{"href":"https:\/\/www.meydan.tv\/az\/wp-json\/wp\/v2\/media?parent=234466"}],"wp:term":[{"taxonomy":"category","embeddable":true,"href":"https:\/\/www.meydan.tv\/az\/wp-json\/wp\/v2\/categories?post=234466"},{"taxonomy":"post_tag","embeddable":true,"href":"https:\/\/www.meydan.tv\/az\/wp-json\/wp\/v2\/tags?post=234466"}],"curies":[{"name":"wp","href":"https:\/\/api.w.org\/{rel}","templated":true}]}}