{"id":234456,"date":"2022-02-14T13:33:24","date_gmt":"2022-02-14T09:33:24","guid":{"rendered":"https:\/\/www.meydan.tv\/?p=234456"},"modified":"2022-02-14T13:33:26","modified_gmt":"2022-02-14T09:33:26","slug":"ukrayna-yeni-gorus-teleb-edir-rusiya-48-saat-erzinde-aciqlama-vermelidir","status":"publish","type":"post","link":"https:\/\/www.meydan.tv\/az\/article\/ukrayna-yeni-gorus-teleb-edir-rusiya-48-saat-erzinde-aciqlama-vermelidir\/","title":{"rendered":"Ukrayna yeni g\u00f6r\u00fc\u015f t\u0259l\u0259b edir: Rusiya 48 saat \u0259rzind\u0259 a\u00e7\u0131qlama verm\u0259lidir"},"content":{"rendered":"\n<p><em>Almaniya kansleri Moskvada Putinl\u0259 g\u00f6r\u00fc\u015f\u0259c\u0259k<\/em><\/p>\n\n\n\n<p>Ukrayna s\u0259rh\u0259ddind\u0259 g\u0259rginliyin artmas\u0131 s\u0259b\u0259bil\u0259 Rusiya v\u0259 Avropan\u0131n \u0259sas t\u0259hl\u00fck\u0259sizlik qrupunun \u00fczvl\u0259rini g\u00f6r\u00fc\u015f\u0259 <a href=\"https:\/\/www.bbc.com\/news\/world-europe-60370541\" target=\"_blank\" rel=\"noreferrer noopener\">\u00e7a\u011f\u0131r\u0131b<\/a>.<\/p>\n\n\n\n<p>Ukraynan\u0131n xarici i\u015fl\u0259r naziri Dmitri Kuleba bildirib ki, Rusiya s\u0259rh\u0259dd\u0259 qo\u015funlar\u0131n toplanmas\u0131n\u0131 izah etm\u0259k \u00fc\u00e7\u00fcn r\u0259smi m\u00fcraci\u0259tl\u0259r\u0259 m\u0259h\u0259l qoymur.<\/p>\n\n\n\n<p>O hesab edir ki, Rusiyan\u0131n planlar\u0131yla ba\u011fl\u0131 48 saat \u0259rzind\u0259 yeni g\u00f6r\u00fc\u015f ke\u00e7irilm\u0259li v\u0259 Kremld\u0259n a\u00e7\u0131qlama t\u0259l\u0259b edilm\u0259lidir.<\/p>\n\n\n\n<p>Rusiya is\u0259 Ukrayna s\u0259rh\u0259dl\u0259rind\u0259 100 min\u0259 yax\u0131n h\u0259rb\u00e7inin toplanmas\u0131na baxmayaraq, Ukraynan\u0131 i\u015f\u011fal etm\u0259k planlar\u0131n\u0131 t\u0259kzib edib.<\/p>\n\n\n\n<p>R\u0259smi <a href=\"https:\/\/www.meydan.tv\/az\/article\/avropa-rusiya-qazina-sanksiya-tetbiq-ederse\/\" target=\"_blank\" rel=\"noreferrer noopener\">Kreml<\/a> \u00f6t\u0259n ilin sonu a\u00e7\u0131qlama ver\u0259r\u0259k bildirib ki, Rusiya Ukrayna il\u0259 s\u0259rh\u0259dd\u0259 Belarusla birg\u0259 h\u0259rbi t\u0259liml\u0259r ke\u00e7irir v\u0259 \u0259sg\u0259rl\u0259rin toplanma s\u0259b\u0259bi budur.<\/p>\n\n\n\n<p>Rusiya Ukrayna aras\u0131ndak\u0131 m\u00fcnaqi\u015f\u0259 yeni deyil.<\/p>\n\n\n\n<p>Rusiya 2014-c\u00fc ild\u0259 Ukraynan\u0131n Kr\u0131m yar\u0131madas\u0131n\u0131 ilhaq edib v\u0259 \u00f6lk\u0259nin \u015f\u0259rqind\u0259ki separat\u00e7\u0131lar\u0131 d\u0259st\u0259kl\u0259m\u0259y\u0259 ba\u015flay\u0131b. H\u0259min vaxtdan davam ed\u0259n m\u00fcnaqi\u015f\u0259d\u0259 13 min 200-d\u0259n \u00e7ox adam \u00f6ld\u00fcr\u00fcl\u00fcb.<\/p>\n\n\n\n<p>B\u0259zi Q\u0259rb d\u00f6vl\u0259tl\u0259ri Rusiyan\u0131n h\u0259rbi \u0259m\u0259liyyatlara haz\u0131rla\u015fd\u0131\u011f\u0131 bar\u0259d\u0259 x\u0259b\u0259rdarl\u0131q edib.<\/p>\n\n\n\n<p>AB\u015e is\u0259 Moskvan\u0131n \u201cist\u0259nil\u0259n vaxt\u201d hava bombardmanlar\u0131na ba\u015flaya bil\u0259c\u0259yini bildirib.<\/p>\n\n\n\n<p>Ondan \u00e7ox \u00f6lk\u0259 \u00f6z v\u0259t\u0259nda\u015flar\u0131n\u0131 Ukraynan\u0131 t\u0259rk etm\u0259y\u0259 \u00e7a\u011f\u0131r\u0131b v\u0259 b\u0259zil\u0259ri s\u0259firlik i\u015f\u00e7il\u0259rini paytaxtdan \u00e7\u0131xar\u0131b.<\/p>\n\n\n\n<p>\u201cCBS News\u201d \u00fc\u00e7 m\u0259nb\u0259y\u0259 istinad\u0259n AB\u015e-\u0131n yax\u0131n 48 saat \u0259rzind\u0259 b\u00fct\u00fcn \u015f\u0259xsi hey\u0259tini Kiyevd\u0259n \u00e7\u0131xarma\u011fa haz\u0131rla\u015fd\u0131\u011f\u0131n\u0131 bildirib.<\/p>\n\n\n\n<p>Kuleba bildirib ki, Ukrayna c\u00fcm\u0259 g\u00fcn\u00fc Rusiyan\u0131n da daxil oldu\u011fu Avropada T\u0259hl\u00fck\u0259sizlik v\u0259 \u018fm\u0259kda\u015fl\u0131q T\u0259\u015fkilat\u0131n\u0131n (AT\u018fT) \u00fczvl\u0259rinin t\u0259hl\u00fck\u0259sizlik m\u0259s\u0259l\u0259l\u0259ri il\u0259 ba\u011fl\u0131 q\u0259bul etdiyi Vyana S\u0259n\u0259di qaydalar\u0131na uy\u011fun olaraq \u00f6z niyy\u0259tl\u0259ri bar\u0259d\u0259 Rusiyadan cavab t\u0259l\u0259b edib: \u201c\u018fg\u0259r Rusiya AT\u018fT m\u0259kan\u0131nda t\u0259hl\u00fck\u0259sizliyin b\u00f6l\u00fcnm\u0259zliyind\u0259n dan\u0131\u015fark\u0259n ciddidirs\u0259, g\u0259rginliyi azaltmaq v\u0259 ham\u0131 \u00fc\u00e7\u00fcn t\u0259hl\u00fck\u0259sizliyi g\u00fccl\u0259ndirm\u0259k \u00fc\u00e7\u00fcn h\u0259rbi \u015f\u0259ffafl\u0131q \u00f6hd\u0259liyini yerin\u0259 yetirm\u0259lidir\u201d.<\/p>\n\n\n\n<figure class=\"wp-block-image size-full\"><img decoding=\"async\" width=\"1200\" height=\"800\" data-src=\"https:\/\/www.meydan.tv\/wp-content\/uploads\/shutterstock_2112720083.jpg\" alt=\"\" class=\"wp-image-234450 lazyload\" src=\"data:image\/svg+xml;base64,PHN2ZyB3aWR0aD0iMSIgaGVpZ2h0PSIxIiB4bWxucz0iaHR0cDovL3d3dy53My5vcmcvMjAwMC9zdmciPjwvc3ZnPg==\" style=\"--smush-placeholder-width: 1200px; --smush-placeholder-aspect-ratio: 1200\/800;\" \/><figcaption>Rusiya-Ukrayna s\u0259rh\u0259di, Milan Sommer\/shutterstock<\/figcaption><\/figure>\n\n\n\n<p>Bununla bel\u0259, bu c\u00fcr iddialardan yay\u0131la bil\u0259c\u0259k \u201c\u00e7axna\u015fma\u201dn\u0131 t\u0259nqid ed\u0259n Ukrayna prezidenti Vladimir Zelenski Rusiyan\u0131n yax\u0131n g\u00fcnl\u0259rd\u0259 i\u015f\u011fal planla\u015fd\u0131rd\u0131\u011f\u0131na dair he\u00e7 bir s\u00fcbut g\u00f6rm\u0259diyini s\u00f6yl\u0259yib.<\/p>\n\n\n\n<p>O, fevral\u0131n 13-d\u0259 AB\u015e prezidenti Co Baydenl\u0259 t\u0259xmin\u0259n bir saat telefonla dan\u0131\u015f\u0131b.<\/p>\n\n\n\n<p>A\u011f Ev bildirib ki, prezident Bayden AB\u015e-\u0131n Ukraynaya d\u0259st\u0259yini t\u0259krarlay\u0131b v\u0259 h\u0259r iki lider \u201cdiplomatiya v\u0259 \u00e7\u0259kindirm\u0259ni davam etdirm\u0259yin vacibliyi\u201d bar\u0259d\u0259 raz\u0131l\u0131\u011fa g\u0259libl\u0259r.<\/p>\n\n\n\n<p>Ukraynan\u0131n \u00e7a\u011f\u0131r\u0131\u015f b\u0259yanat\u0131nda deyilir ki, onun prezidenti AB\u015e-a \u201csars\u0131lmaz d\u0259st\u0259y\u0259\u201d g\u00f6r\u0259 t\u0259\u015f\u0259kk\u00fcr edib v\u0259 sonda prezident Zelenski AB\u015e liderini Ukraynaya g\u0259lm\u0259y\u0259 d\u0259v\u0259t edib.<br>A\u011f Evd\u0259n g\u0259l\u0259n d\u0259v\u0259tl\u0259 ba\u011fl\u0131 he\u00e7 bir \u015f\u0259rh verilm\u0259yib.<\/p>\n\n\n\n<p>Fevral\u0131n 13-d\u0259 h\u0259m\u00e7inin prezident Bayden v\u0259 Rusiya lideri Vladimir Putin aras\u0131nda bir saatl\u0131q dan\u0131\u015f\u0131q he\u00e7 bir n\u0259tic\u0259 verm\u0259yib.<\/p>\n\n\n\n<p>Q\u0259rb m\u00fctt\u0259fiql\u0259ri daha \u0259vv\u0259l Rusiyan\u0131n \u0259sas t\u0259l\u0259bl\u0259rind\u0259n birinin &#8211; Ukraynan\u0131n he\u00e7 vaxt NATO h\u0259rbi alyans\u0131na qo\u015fulmas\u0131na icaz\u0259 verilm\u0259m\u0259sinin m\u00fczakir\u0259 m\u00f6vzusu olmad\u0131\u011f\u0131n\u0131 bildir\u0259r\u0259k, alyans\u0131n qap\u0131s\u0131n\u0131n yeni \u00fczvl\u0259r \u00fc\u00e7\u00fcn a\u00e7\u0131q qalmal\u0131 oldu\u011funu bildirib.<\/p>\n\n\n\n<p>Ukraynan\u0131n Londondak\u0131 s\u0259firi Vadim Pristayko BBC-y\u0259 deyib ki, onun \u00f6lk\u0259si m\u00fcharib\u0259nin qar\u015f\u0131s\u0131n\u0131 almaq \u00fc\u00e7\u00fcn NATO-ya \u00fczv olmaq ambisiyas\u0131ndan \u0259l \u00e7\u0259km\u0259y\u0259 haz\u0131rd\u0131r.<\/p>\n\n\n\n<p>Britaniya h\u00f6kum\u0259tind\u0259ki m\u0259nb\u0259 is\u0259 bildirib ki, bu \u015f\u0259rhin Vladimir Putinin fikrini d\u0259yi\u015fdir\u0259 bil\u0259c\u0259k h\u0259qiqi bir g\u00fcz\u0259\u015ft olub-olmad\u0131\u011f\u0131n\u0131 s\u00f6yl\u0259m\u0259k \u201ch\u0259l\u0259 tezdir\u201d.<\/p>\n\n\n\n<p>Diplomatik h\u0259ll yolu tapmaq \u00fc\u00e7\u00fcn son c\u0259hdd\u0259 Almaniya kansleri <a href=\"https:\/\/www.theguardian.com\/world\/2022\/feb\/14\/ukraine-crisis-scholz-heads-to-kyiv-amid-fears-invasion\" target=\"_blank\" rel=\"noreferrer noopener\">Olaf \u015eolz<\/a>  fevral\u0131n 14-d\u0259 Kiyevd\u0259 prezident Zelenski il\u0259, fevral\u0131n 15-d\u0259 is\u0259 Moskvada prezident Putinl\u0259 g\u00f6r\u00fc\u015f planla\u015fd\u0131r\u0131b.<\/p>\n\n\n\n<p>Dekabrda Almaniyan\u0131n r\u0259hb\u0259rliyini Angela Merkeld\u0259n t\u0259hvil alan kansler, dig\u0259r Q\u0259rb d\u00f6vl\u0259tl\u0259ri v\u0259 NATO h\u0259rbi ittifaq\u0131 \u00fczvl\u0259rinin b\u0259yanatlar\u0131n\u0131 t\u0259krarlayaraq, Rusiyan\u0131n h\u0259r hans\u0131 i\u015f\u011fala ba\u015flayaca\u011f\u0131 t\u0259qdird\u0259 onun \u00fc\u00e7\u00fcn a\u011f\u0131r iqtisadi n\u0259tic\u0259l\u0259rl\u0259 ba\u011fl\u0131 x\u0259b\u0259rdarl\u0131q edib. Bununla da, Berlin r\u0259smil\u0259ri ir\u0259lil\u0259yi\u015fl\u0259 ba\u011fl\u0131 g\u00f6zl\u0259ntil\u0259ri he\u00e7\u0259 endiribl\u0259r.<\/p>\n\n\n\n<p>Prezident Baydenin milli t\u0259hl\u00fck\u0259sizlik m\u00fc\u015faviri Jake Sullivan i\u015f\u011fal\u0131n &#8220;h\u0259r g\u00fcn&#8221; ba\u015flaya bil\u0259c\u0259yini s\u00f6yl\u0259yib.<\/p>\n\n\n\n<p>O deyib ki, AB\u015e Moskvan\u0131n geni\u015fmiqyasl\u0131 i\u015f\u011fala b\u0259han\u0259 kimi potensial \u201cyalan\u00e7\u0131 bayraq\u201d \u0259m\u0259liyyat\u0131n\u0131 diqq\u0259tl\u0259 izl\u0259yir.<\/p>\n","protected":false},"excerpt":{"rendered":"<p>Almaniya kansleri Moskvada Putinl\u0259 g\u00f6r\u00fc\u015f\u0259c\u0259k Ukrayna s\u0259rh\u0259ddind\u0259 g\u0259rginliyin artmas\u0131 s\u0259b\u0259bil\u0259 &#8230; <\/p>\n<p class=\"read-more-container\"><a title=\"Ukrayna yeni g\u00f6r\u00fc\u015f t\u0259l\u0259b edir: Rusiya 48 saat \u0259rzind\u0259 a\u00e7\u0131qlama verm\u0259lidir\" class=\"read-more button\" href=\"https:\/\/www.meydan.tv\/az\/article\/ukrayna-yeni-gorus-teleb-edir-rusiya-48-saat-erzinde-aciqlama-vermelidir\/#more-234456\" aria-label=\"Read more about Ukrayna yeni g\u00f6r\u00fc\u015f t\u0259l\u0259b edir: Rusiya 48 saat \u0259rzind\u0259 a\u00e7\u0131qlama verm\u0259lidir\">Davam\u0131<\/a><\/p>\n","protected":false},"author":8,"featured_media":234447,"comment_status":"closed","ping_status":"closed","sticky":false,"template":"","format":"standard","meta":{"_acf_changed":false,"_sitemap_exclude":false,"_sitemap_priority":"","_sitemap_frequency":"","footnotes":""},"categories":[64,56],"tags":[],"class_list":["post-234456","post","type-post","status-publish","format-standard","has-post-thumbnail","hentry","category-dunya","category-xeberler","infinite-scroll-item","generate-columns","tablet-grid-50","mobile-grid-100","grid-parent","grid-33","no-featured-image-padding"],"acf":[],"yoast_head":"<!-- This site is optimized with the Yoast SEO plugin v27.5 - https:\/\/yoast.com\/product\/yoast-seo-wordpress\/ -->\n<title>Ukrayna yeni g\u00f6r\u00fc\u015f t\u0259l\u0259b edir: Rusiya 48 saat \u0259rzind\u0259 a\u00e7\u0131qlama verm\u0259lidir - MEYDAN.TV<\/title>\n<meta name=\"robots\" content=\"index, follow, max-snippet:-1, max-image-preview:large, max-video-preview:-1\" \/>\n<link rel=\"canonical\" href=\"https:\/\/www.meydan.tv\/az\/article\/ukrayna-yeni-gorus-teleb-edir-rusiya-48-saat-erzinde-aciqlama-vermelidir\/\" \/>\n<meta property=\"og:locale\" content=\"az_AZ\" \/>\n<meta property=\"og:type\" content=\"article\" \/>\n<meta property=\"og:title\" content=\"Ukrayna yeni g\u00f6r\u00fc\u015f t\u0259l\u0259b edir: Rusiya 48 saat \u0259rzind\u0259 a\u00e7\u0131qlama verm\u0259lidir - MEYDAN.TV\" \/>\n<meta property=\"og:description\" content=\"Almaniya kansleri Moskvada Putinl\u0259 g\u00f6r\u00fc\u015f\u0259c\u0259k Ukrayna s\u0259rh\u0259ddind\u0259 g\u0259rginliyin artmas\u0131 s\u0259b\u0259bil\u0259 ... Davam\u0131\" \/>\n<meta property=\"og:url\" content=\"https:\/\/www.meydan.tv\/az\/article\/ukrayna-yeni-gorus-teleb-edir-rusiya-48-saat-erzinde-aciqlama-vermelidir\/\" \/>\n<meta property=\"og:site_name\" content=\"MEYDAN.TV\" \/>\n<meta property=\"article:published_time\" content=\"2022-02-14T09:33:24+00:00\" \/>\n<meta property=\"article:modified_time\" content=\"2022-02-14T09:33:26+00:00\" \/>\n<meta property=\"og:image\" content=\"https:\/\/www.meydan.tv\/wp-content\/uploads\/shutterstock_2119994435.jpg\" \/>\n\t<meta property=\"og:image:width\" content=\"1200\" \/>\n\t<meta property=\"og:image:height\" content=\"797\" \/>\n\t<meta property=\"og:image:type\" content=\"image\/jpeg\" \/>\n<meta name=\"author\" content=\"elli\" \/>\n<meta name=\"twitter:card\" content=\"summary_large_image\" \/>\n<meta name=\"twitter:creator\" content=\"@elli\" \/>\n<script type=\"application\/ld+json\" class=\"yoast-schema-graph\">{\"@context\":\"https:\\\/\\\/schema.org\",\"@graph\":[{\"@type\":\"Article\",\"@id\":\"https:\\\/\\\/www.meydan.tv\\\/az\\\/article\\\/ukrayna-yeni-gorus-teleb-edir-rusiya-48-saat-erzinde-aciqlama-vermelidir\\\/#article\",\"isPartOf\":{\"@id\":\"https:\\\/\\\/www.meydan.tv\\\/az\\\/article\\\/ukrayna-yeni-gorus-teleb-edir-rusiya-48-saat-erzinde-aciqlama-vermelidir\\\/\"},\"author\":{\"name\":\"elli\",\"@id\":\"https:\\\/\\\/www.meydan.tv\\\/az\\\/#\\\/schema\\\/person\\\/9cdbecf90d17180ce1dfbd95b08dcf47\"},\"headline\":\"Ukrayna yeni g\u00f6r\u00fc\u015f t\u0259l\u0259b edir: Rusiya 48 saat \u0259rzind\u0259 a\u00e7\u0131qlama verm\u0259lidir\",\"datePublished\":\"2022-02-14T09:33:24+00:00\",\"dateModified\":\"2022-02-14T09:33:26+00:00\",\"mainEntityOfPage\":{\"@id\":\"https:\\\/\\\/www.meydan.tv\\\/az\\\/article\\\/ukrayna-yeni-gorus-teleb-edir-rusiya-48-saat-erzinde-aciqlama-vermelidir\\\/\"},\"wordCount\":916,\"publisher\":{\"@id\":\"https:\\\/\\\/www.meydan.tv\\\/az\\\/#organization\"},\"image\":{\"@id\":\"https:\\\/\\\/www.meydan.tv\\\/az\\\/article\\\/ukrayna-yeni-gorus-teleb-edir-rusiya-48-saat-erzinde-aciqlama-vermelidir\\\/#primaryimage\"},\"thumbnailUrl\":\"https:\\\/\\\/www.meydan.tv\\\/wp-content\\\/uploads\\\/shutterstock_2119994435.jpg\",\"articleSection\":[\"D\u00fcnya\",\"X\u0259b\u0259rl\u0259r\"],\"inLanguage\":\"az\"},{\"@type\":\"WebPage\",\"@id\":\"https:\\\/\\\/www.meydan.tv\\\/az\\\/article\\\/ukrayna-yeni-gorus-teleb-edir-rusiya-48-saat-erzinde-aciqlama-vermelidir\\\/\",\"url\":\"https:\\\/\\\/www.meydan.tv\\\/az\\\/article\\\/ukrayna-yeni-gorus-teleb-edir-rusiya-48-saat-erzinde-aciqlama-vermelidir\\\/\",\"name\":\"Ukrayna yeni g\u00f6r\u00fc\u015f t\u0259l\u0259b edir: Rusiya 48 saat \u0259rzind\u0259 a\u00e7\u0131qlama verm\u0259lidir - MEYDAN.TV\",\"isPartOf\":{\"@id\":\"https:\\\/\\\/www.meydan.tv\\\/az\\\/#website\"},\"primaryImageOfPage\":{\"@id\":\"https:\\\/\\\/www.meydan.tv\\\/az\\\/article\\\/ukrayna-yeni-gorus-teleb-edir-rusiya-48-saat-erzinde-aciqlama-vermelidir\\\/#primaryimage\"},\"image\":{\"@id\":\"https:\\\/\\\/www.meydan.tv\\\/az\\\/article\\\/ukrayna-yeni-gorus-teleb-edir-rusiya-48-saat-erzinde-aciqlama-vermelidir\\\/#primaryimage\"},\"thumbnailUrl\":\"https:\\\/\\\/www.meydan.tv\\\/wp-content\\\/uploads\\\/shutterstock_2119994435.jpg\",\"datePublished\":\"2022-02-14T09:33:24+00:00\",\"dateModified\":\"2022-02-14T09:33:26+00:00\",\"breadcrumb\":{\"@id\":\"https:\\\/\\\/www.meydan.tv\\\/az\\\/article\\\/ukrayna-yeni-gorus-teleb-edir-rusiya-48-saat-erzinde-aciqlama-vermelidir\\\/#breadcrumb\"},\"inLanguage\":\"az\",\"potentialAction\":[{\"@type\":\"ReadAction\",\"target\":[\"https:\\\/\\\/www.meydan.tv\\\/az\\\/article\\\/ukrayna-yeni-gorus-teleb-edir-rusiya-48-saat-erzinde-aciqlama-vermelidir\\\/\"]}]},{\"@type\":\"ImageObject\",\"inLanguage\":\"az\",\"@id\":\"https:\\\/\\\/www.meydan.tv\\\/az\\\/article\\\/ukrayna-yeni-gorus-teleb-edir-rusiya-48-saat-erzinde-aciqlama-vermelidir\\\/#primaryimage\",\"url\":\"https:\\\/\\\/www.meydan.tv\\\/wp-content\\\/uploads\\\/shutterstock_2119994435.jpg\",\"contentUrl\":\"https:\\\/\\\/www.meydan.tv\\\/wp-content\\\/uploads\\\/shutterstock_2119994435.jpg\",\"width\":1200,\"height\":797,\"caption\":\"Ukrayna-Rusiya, M\u0259nb\u0259: evan_huang\\\/shutterstock\"},{\"@type\":\"BreadcrumbList\",\"@id\":\"https:\\\/\\\/www.meydan.tv\\\/az\\\/article\\\/ukrayna-yeni-gorus-teleb-edir-rusiya-48-saat-erzinde-aciqlama-vermelidir\\\/#breadcrumb\",\"itemListElement\":[{\"@type\":\"ListItem\",\"position\":1,\"name\":\"Ana s\u0259hif\u0259\",\"item\":\"https:\\\/\\\/www.meydan.tv\\\/az\\\/\"},{\"@type\":\"ListItem\",\"position\":2,\"name\":\"D\u00fcnya\",\"item\":\"https:\\\/\\\/www.meydan.tv\\\/az\\\/section\\\/dunya\\\/\"},{\"@type\":\"ListItem\",\"position\":3,\"name\":\"Ukrayna yeni g\u00f6r\u00fc\u015f t\u0259l\u0259b edir: Rusiya 48 saat \u0259rzind\u0259 a\u00e7\u0131qlama verm\u0259lidir\"}]},{\"@type\":\"WebSite\",\"@id\":\"https:\\\/\\\/www.meydan.tv\\\/az\\\/#website\",\"url\":\"https:\\\/\\\/www.meydan.tv\\\/az\\\/\",\"name\":\"MEYDAN.TV\",\"description\":\"Meydan TV Az\u0259rbaycan\u0131n media m\u0259kan\u0131ndak\u0131 alternativ s\u0259sidir\",\"publisher\":{\"@id\":\"https:\\\/\\\/www.meydan.tv\\\/az\\\/#organization\"},\"potentialAction\":[{\"@type\":\"SearchAction\",\"target\":{\"@type\":\"EntryPoint\",\"urlTemplate\":\"https:\\\/\\\/www.meydan.tv\\\/az\\\/?s={search_term_string}\"},\"query-input\":{\"@type\":\"PropertyValueSpecification\",\"valueRequired\":true,\"valueName\":\"search_term_string\"}}],\"inLanguage\":\"az\"},{\"@type\":\"Organization\",\"@id\":\"https:\\\/\\\/www.meydan.tv\\\/az\\\/#organization\",\"name\":\"Meydan TV\",\"url\":\"https:\\\/\\\/www.meydan.tv\\\/az\\\/\",\"logo\":{\"@type\":\"ImageObject\",\"inLanguage\":\"az\",\"@id\":\"https:\\\/\\\/www.meydan.tv\\\/az\\\/#\\\/schema\\\/logo\\\/image\\\/\",\"url\":\"https:\\\/\\\/www.meydan.tv\\\/wp-content\\\/uploads\\\/2021\\\/07\\\/meydan-logo.svg\",\"contentUrl\":\"https:\\\/\\\/www.meydan.tv\\\/wp-content\\\/uploads\\\/2021\\\/07\\\/meydan-logo.svg\",\"width\":195,\"height\":46,\"caption\":\"Meydan TV\"},\"image\":{\"@id\":\"https:\\\/\\\/www.meydan.tv\\\/az\\\/#\\\/schema\\\/logo\\\/image\\\/\"}},{\"@type\":\"Person\",\"@id\":\"https:\\\/\\\/www.meydan.tv\\\/az\\\/#\\\/schema\\\/person\\\/9cdbecf90d17180ce1dfbd95b08dcf47\",\"name\":\"elli\",\"sameAs\":[\"https:\\\/\\\/x.com\\\/elli\"]}]}<\/script>\n<!-- \/ Yoast SEO plugin. -->","yoast_head_json":{"title":"Ukrayna yeni g\u00f6r\u00fc\u015f t\u0259l\u0259b edir: Rusiya 48 saat \u0259rzind\u0259 a\u00e7\u0131qlama verm\u0259lidir - MEYDAN.TV","robots":{"index":"index","follow":"follow","max-snippet":"max-snippet:-1","max-image-preview":"max-image-preview:large","max-video-preview":"max-video-preview:-1"},"canonical":"https:\/\/www.meydan.tv\/az\/article\/ukrayna-yeni-gorus-teleb-edir-rusiya-48-saat-erzinde-aciqlama-vermelidir\/","og_locale":"az_AZ","og_type":"article","og_title":"Ukrayna yeni g\u00f6r\u00fc\u015f t\u0259l\u0259b edir: Rusiya 48 saat \u0259rzind\u0259 a\u00e7\u0131qlama verm\u0259lidir - MEYDAN.TV","og_description":"Almaniya kansleri Moskvada Putinl\u0259 g\u00f6r\u00fc\u015f\u0259c\u0259k Ukrayna s\u0259rh\u0259ddind\u0259 g\u0259rginliyin artmas\u0131 s\u0259b\u0259bil\u0259 ... Davam\u0131","og_url":"https:\/\/www.meydan.tv\/az\/article\/ukrayna-yeni-gorus-teleb-edir-rusiya-48-saat-erzinde-aciqlama-vermelidir\/","og_site_name":"MEYDAN.TV","article_published_time":"2022-02-14T09:33:24+00:00","article_modified_time":"2022-02-14T09:33:26+00:00","og_image":[{"width":1200,"height":797,"url":"https:\/\/www.meydan.tv\/wp-content\/uploads\/shutterstock_2119994435.jpg","type":"image\/jpeg"}],"author":"elli","twitter_card":"summary_large_image","twitter_creator":"@elli","schema":{"@context":"https:\/\/schema.org","@graph":[{"@type":"Article","@id":"https:\/\/www.meydan.tv\/az\/article\/ukrayna-yeni-gorus-teleb-edir-rusiya-48-saat-erzinde-aciqlama-vermelidir\/#article","isPartOf":{"@id":"https:\/\/www.meydan.tv\/az\/article\/ukrayna-yeni-gorus-teleb-edir-rusiya-48-saat-erzinde-aciqlama-vermelidir\/"},"author":{"name":"elli","@id":"https:\/\/www.meydan.tv\/az\/#\/schema\/person\/9cdbecf90d17180ce1dfbd95b08dcf47"},"headline":"Ukrayna yeni g\u00f6r\u00fc\u015f t\u0259l\u0259b edir: Rusiya 48 saat \u0259rzind\u0259 a\u00e7\u0131qlama verm\u0259lidir","datePublished":"2022-02-14T09:33:24+00:00","dateModified":"2022-02-14T09:33:26+00:00","mainEntityOfPage":{"@id":"https:\/\/www.meydan.tv\/az\/article\/ukrayna-yeni-gorus-teleb-edir-rusiya-48-saat-erzinde-aciqlama-vermelidir\/"},"wordCount":916,"publisher":{"@id":"https:\/\/www.meydan.tv\/az\/#organization"},"image":{"@id":"https:\/\/www.meydan.tv\/az\/article\/ukrayna-yeni-gorus-teleb-edir-rusiya-48-saat-erzinde-aciqlama-vermelidir\/#primaryimage"},"thumbnailUrl":"https:\/\/www.meydan.tv\/wp-content\/uploads\/shutterstock_2119994435.jpg","articleSection":["D\u00fcnya","X\u0259b\u0259rl\u0259r"],"inLanguage":"az"},{"@type":"WebPage","@id":"https:\/\/www.meydan.tv\/az\/article\/ukrayna-yeni-gorus-teleb-edir-rusiya-48-saat-erzinde-aciqlama-vermelidir\/","url":"https:\/\/www.meydan.tv\/az\/article\/ukrayna-yeni-gorus-teleb-edir-rusiya-48-saat-erzinde-aciqlama-vermelidir\/","name":"Ukrayna yeni g\u00f6r\u00fc\u015f t\u0259l\u0259b edir: Rusiya 48 saat \u0259rzind\u0259 a\u00e7\u0131qlama verm\u0259lidir - MEYDAN.TV","isPartOf":{"@id":"https:\/\/www.meydan.tv\/az\/#website"},"primaryImageOfPage":{"@id":"https:\/\/www.meydan.tv\/az\/article\/ukrayna-yeni-gorus-teleb-edir-rusiya-48-saat-erzinde-aciqlama-vermelidir\/#primaryimage"},"image":{"@id":"https:\/\/www.meydan.tv\/az\/article\/ukrayna-yeni-gorus-teleb-edir-rusiya-48-saat-erzinde-aciqlama-vermelidir\/#primaryimage"},"thumbnailUrl":"https:\/\/www.meydan.tv\/wp-content\/uploads\/shutterstock_2119994435.jpg","datePublished":"2022-02-14T09:33:24+00:00","dateModified":"2022-02-14T09:33:26+00:00","breadcrumb":{"@id":"https:\/\/www.meydan.tv\/az\/article\/ukrayna-yeni-gorus-teleb-edir-rusiya-48-saat-erzinde-aciqlama-vermelidir\/#breadcrumb"},"inLanguage":"az","potentialAction":[{"@type":"ReadAction","target":["https:\/\/www.meydan.tv\/az\/article\/ukrayna-yeni-gorus-teleb-edir-rusiya-48-saat-erzinde-aciqlama-vermelidir\/"]}]},{"@type":"ImageObject","inLanguage":"az","@id":"https:\/\/www.meydan.tv\/az\/article\/ukrayna-yeni-gorus-teleb-edir-rusiya-48-saat-erzinde-aciqlama-vermelidir\/#primaryimage","url":"https:\/\/www.meydan.tv\/wp-content\/uploads\/shutterstock_2119994435.jpg","contentUrl":"https:\/\/www.meydan.tv\/wp-content\/uploads\/shutterstock_2119994435.jpg","width":1200,"height":797,"caption":"Ukrayna-Rusiya, M\u0259nb\u0259: evan_huang\/shutterstock"},{"@type":"BreadcrumbList","@id":"https:\/\/www.meydan.tv\/az\/article\/ukrayna-yeni-gorus-teleb-edir-rusiya-48-saat-erzinde-aciqlama-vermelidir\/#breadcrumb","itemListElement":[{"@type":"ListItem","position":1,"name":"Ana s\u0259hif\u0259","item":"https:\/\/www.meydan.tv\/az\/"},{"@type":"ListItem","position":2,"name":"D\u00fcnya","item":"https:\/\/www.meydan.tv\/az\/section\/dunya\/"},{"@type":"ListItem","position":3,"name":"Ukrayna yeni g\u00f6r\u00fc\u015f t\u0259l\u0259b edir: Rusiya 48 saat \u0259rzind\u0259 a\u00e7\u0131qlama verm\u0259lidir"}]},{"@type":"WebSite","@id":"https:\/\/www.meydan.tv\/az\/#website","url":"https:\/\/www.meydan.tv\/az\/","name":"MEYDAN.TV","description":"Meydan TV Az\u0259rbaycan\u0131n media m\u0259kan\u0131ndak\u0131 alternativ s\u0259sidir","publisher":{"@id":"https:\/\/www.meydan.tv\/az\/#organization"},"potentialAction":[{"@type":"SearchAction","target":{"@type":"EntryPoint","urlTemplate":"https:\/\/www.meydan.tv\/az\/?s={search_term_string}"},"query-input":{"@type":"PropertyValueSpecification","valueRequired":true,"valueName":"search_term_string"}}],"inLanguage":"az"},{"@type":"Organization","@id":"https:\/\/www.meydan.tv\/az\/#organization","name":"Meydan TV","url":"https:\/\/www.meydan.tv\/az\/","logo":{"@type":"ImageObject","inLanguage":"az","@id":"https:\/\/www.meydan.tv\/az\/#\/schema\/logo\/image\/","url":"https:\/\/www.meydan.tv\/wp-content\/uploads\/2021\/07\/meydan-logo.svg","contentUrl":"https:\/\/www.meydan.tv\/wp-content\/uploads\/2021\/07\/meydan-logo.svg","width":195,"height":46,"caption":"Meydan TV"},"image":{"@id":"https:\/\/www.meydan.tv\/az\/#\/schema\/logo\/image\/"}},{"@type":"Person","@id":"https:\/\/www.meydan.tv\/az\/#\/schema\/person\/9cdbecf90d17180ce1dfbd95b08dcf47","name":"elli","sameAs":["https:\/\/x.com\/elli"]}]}},"_links":{"self":[{"href":"https:\/\/www.meydan.tv\/az\/wp-json\/wp\/v2\/posts\/234456","targetHints":{"allow":["GET"]}}],"collection":[{"href":"https:\/\/www.meydan.tv\/az\/wp-json\/wp\/v2\/posts"}],"about":[{"href":"https:\/\/www.meydan.tv\/az\/wp-json\/wp\/v2\/types\/post"}],"author":[{"embeddable":true,"href":"https:\/\/www.meydan.tv\/az\/wp-json\/wp\/v2\/users\/8"}],"replies":[{"embeddable":true,"href":"https:\/\/www.meydan.tv\/az\/wp-json\/wp\/v2\/comments?post=234456"}],"version-history":[{"count":1,"href":"https:\/\/www.meydan.tv\/az\/wp-json\/wp\/v2\/posts\/234456\/revisions"}],"predecessor-version":[{"id":234457,"href":"https:\/\/www.meydan.tv\/az\/wp-json\/wp\/v2\/posts\/234456\/revisions\/234457"}],"wp:featuredmedia":[{"embeddable":true,"href":"https:\/\/www.meydan.tv\/az\/wp-json\/wp\/v2\/media\/234447"}],"wp:attachment":[{"href":"https:\/\/www.meydan.tv\/az\/wp-json\/wp\/v2\/media?parent=234456"}],"wp:term":[{"taxonomy":"category","embeddable":true,"href":"https:\/\/www.meydan.tv\/az\/wp-json\/wp\/v2\/categories?post=234456"},{"taxonomy":"post_tag","embeddable":true,"href":"https:\/\/www.meydan.tv\/az\/wp-json\/wp\/v2\/tags?post=234456"}],"curies":[{"name":"wp","href":"https:\/\/api.w.org\/{rel}","templated":true}]}}