{"id":234415,"date":"2022-02-12T20:16:45","date_gmt":"2022-02-12T16:16:45","guid":{"rendered":"https:\/\/www.meydan.tv\/?p=234415"},"modified":"2022-02-12T20:18:39","modified_gmt":"2022-02-12T16:18:39","slug":"prezident-ilham-eliyev-bu-vezifeye-teyinati-bir-ildir-gecikdirir","status":"publish","type":"post","link":"https:\/\/www.meydan.tv\/az\/article\/prezident-ilham-eliyev-bu-vezifeye-teyinati-bir-ildir-gecikdirir\/","title":{"rendered":"Prezident \u0130lham \u018fliyev bu v\u0259zif\u0259y\u0259 t\u0259yinat\u0131 bir ildir gecikdirir"},"content":{"rendered":"\n<figure class=\"wp-block-embed is-type-video is-provider-youtube wp-block-embed-youtube wp-embed-aspect-16-9 wp-has-aspect-ratio\"><div class=\"wp-block-embed__wrapper\">\n<iframe title=\"Prezident I\u0307lham \u018fliyev bu v\u0259zif\u0259y\u0259 t\u0259yinat\u0131 bir ildir gecikdirir\" width=\"1200\" height=\"675\" data-src=\"https:\/\/www.youtube.com\/embed\/I0yBB2X8NXQ?feature=oembed\" frameborder=\"0\" allow=\"accelerometer; autoplay; clipboard-write; encrypted-media; gyroscope; picture-in-picture\" allowfullscreen src=\"data:image\/svg+xml;base64,PHN2ZyB3aWR0aD0iMSIgaGVpZ2h0PSIxIiB4bWxucz0iaHR0cDovL3d3dy53My5vcmcvMjAwMC9zdmciPjwvc3ZnPg==\" class=\"lazyload\" data-load-mode=\"1\"><\/iframe>\n<\/div><\/figure>\n\n\n\n<!--more-->\n\n\n\n<p>2021-ci ilin yanvar\u0131nda yarad\u0131lan Median\u0131n \u0130nki\u015faf\u0131 Agentliyi bir ildir \u00e7al\u0131\u015fsa da, nizamnam\u0259sind\u0259 yaz\u0131lan M\u00fc\u015fahid\u0259 \u015euras\u0131 h\u0259l\u0259 m\u00f6vcud deyil. Nizamnam\u0259y\u0259 g\u00f6r\u0259 \u015euran\u0131n 4 \u00fczv\u00fc olmal\u0131d\u0131r v\u0259 bu \u00fczvl\u0259ri prezident t\u0259yin etm\u0259lidir. Amma bir il m\u00fcdd\u0259tind\u0259 prezident bu \u00fczvl\u0259ri t\u0259yin etm\u0259yib.&nbsp;<\/p>\n\n\n\n<p>M\u00fc\u015fahid\u0259 \u015euras\u0131 Agentlikd\u0259 hans\u0131 i\u015fl\u0259ri g\u00f6rm\u0259li idi?&nbsp;<\/p>\n\n\n\n<p>Nizamnam\u0259y\u0259 g\u00f6r\u0259 M\u00fc\u015fahid\u0259 \u015euras\u0131 Agentliy\u0259 \u00fcmumi r\u0259hb\u0259rliyi v\u0259 n\u0259zar\u0259ti h\u0259yata ke\u00e7irir.<\/p>\n\n\n\n<p>Agentliyin maliyy\u0259 planla\u015fd\u0131rmas\u0131n\u0131 v\u0259 b\u00fcdc\u0259sini t\u0259sdiq edir;<\/p>\n\n\n\n<p>\u0130cra\u00e7\u0131 direktorun f\u0259aliyy\u0259tin\u0259 n\u0259zar\u0259t edir v\u0259 onun f\u0259aliyy\u0259tini yoxlay\u0131r;<\/p>\n\n\n\n<p>Agentliyin k\u0259nar auditorunu t\u0259yin edir v\u0259 audit hesabat\u0131n\u0131 q\u0259bul edir;<\/p>\n\n\n\n<p>&nbsp;Agentliyin daxili audit b\u00f6lm\u0259sinin f\u0259aliyy\u0259tin\u0259 n\u0259zar\u0259t edir habel\u0259 onun \u00fczvl\u0259rini v\u0259zif\u0259y\u0259 t\u0259yin v\u0259 v\u0259zif\u0259d\u0259n azad edir;<\/p>\n\n\n\n<p>\u0130cra\u00e7\u0131 direktorun iki m\u00fcavinini d\u0259 prezidentin t\u0259qdimat\u0131 il\u0259 v\u0259zif\u0259y\u0259 t\u0259yin edib, v\u0259zif\u0259d\u0259n azad edir<\/p>\n\n\n\n<p>M\u00fc\u015fahid\u0259 \u015euras\u0131n\u0131n m\u00f6vcud olmamas\u0131 Agentlikd\u0259 hans\u0131 probleml\u0259r yarad\u0131r?&nbsp;<\/p>\n\n\n\n<p>\u201cTuran\u201d \u0130nformasiya Agentliyinin direktoru Mehman \u018fliyev deyir ki, Agentlik yaranandan loyal mediaya pul verm\u0259k v\u0259 yeni \u201cMedia Haqq\u0131nda\u201d qanun layih\u0259si haz\u0131rlamaqla m\u0259\u015f\u011ful olub. B\u00fcdc\u0259y\u0259 n\u0259zar\u0259t etm\u0259li olan \u015eura olmad\u0131\u011f\u0131na g\u00f6r\u0259 agentlik maliyy\u0259 probleml\u0259ri ya\u015fay\u0131b.&nbsp;<\/p>\n\n\n\n<p>Agentlik bir il m\u00fcdd\u0259tind\u0259 \u00e7ap v\u0259 onlayn media orqanlar\u0131na bir ne\u00e7\u0259 d\u0259f\u0259 maliyy\u0259 yard\u0131m\u0131 g\u00f6st\u0259rib. Amma illik maliyy\u0259 hesabat\u0131n\u0131 a\u00e7\u0131qlamay\u0131b. Agentliyin m\u0259tbuat xidm\u0259tinin r\u0259hb\u0259ri S\u0259id\u0259 \u015e\u0259fiyeva g\u00f6nd\u0259rdiyimiz sor\u011fuya cavab verm\u0259yib.&nbsp;<\/p>\n\n\n\n<p>1 ildir M\u00fc\u015fahid\u0259 \u015euras\u0131n\u0131n \u00fczvl\u0259rinin t\u0259yin olunmama s\u0259b\u0259bi il\u0259 ba\u011fl\u0131 Prezident Administrasiya is\u0259 \u0259laq\u0259 saxlamaq m\u00fcmk\u00fcn olmay\u0131b.<\/p>\n","protected":false},"excerpt":{"rendered":"","protected":false},"author":14,"featured_media":234416,"comment_status":"closed","ping_status":"closed","sticky":false,"template":"","format":"standard","meta":{"_acf_changed":false,"_sitemap_exclude":false,"_sitemap_priority":"","_sitemap_frequency":"","footnotes":""},"categories":[63],"tags":[],"class_list":["post-234415","post","type-post","status-publish","format-standard","has-post-thumbnail","hentry","category-video-2","infinite-scroll-item","generate-columns","tablet-grid-50","mobile-grid-100","grid-parent","grid-33","no-featured-image-padding"],"acf":[],"yoast_head":"<!-- This site is optimized with the Yoast SEO plugin v27.5 - https:\/\/yoast.com\/product\/yoast-seo-wordpress\/ -->\n<title>Prezident \u0130lham \u018fliyev bu v\u0259zif\u0259y\u0259 t\u0259yinat\u0131 bir ildir gecikdirir - MEYDAN.TV<\/title>\n<meta name=\"robots\" content=\"index, follow, max-snippet:-1, max-image-preview:large, max-video-preview:-1\" \/>\n<link rel=\"canonical\" href=\"https:\/\/www.meydan.tv\/az\/article\/prezident-ilham-eliyev-bu-vezifeye-teyinati-bir-ildir-gecikdirir\/\" \/>\n<meta property=\"og:locale\" content=\"az_AZ\" \/>\n<meta property=\"og:type\" content=\"article\" \/>\n<meta property=\"og:title\" content=\"Prezident \u0130lham \u018fliyev bu v\u0259zif\u0259y\u0259 t\u0259yinat\u0131 bir ildir gecikdirir - MEYDAN.TV\" \/>\n<meta property=\"og:url\" content=\"https:\/\/www.meydan.tv\/az\/article\/prezident-ilham-eliyev-bu-vezifeye-teyinati-bir-ildir-gecikdirir\/\" \/>\n<meta property=\"og:site_name\" content=\"MEYDAN.TV\" \/>\n<meta property=\"article:published_time\" content=\"2022-02-12T16:16:45+00:00\" \/>\n<meta property=\"article:modified_time\" content=\"2022-02-12T16:18:39+00:00\" \/>\n<meta property=\"og:image\" content=\"https:\/\/www.meydan.tv\/wp-content\/uploads\/photo_2022-02-12-14.42.16.jpeg\" \/>\n\t<meta property=\"og:image:width\" content=\"886\" \/>\n\t<meta property=\"og:image:height\" content=\"498\" \/>\n\t<meta property=\"og:image:type\" content=\"image\/jpeg\" \/>\n<meta name=\"author\" content=\"roma\" \/>\n<meta name=\"twitter:card\" content=\"summary_large_image\" \/>\n<script type=\"application\/ld+json\" class=\"yoast-schema-graph\">{\"@context\":\"https:\\\/\\\/schema.org\",\"@graph\":[{\"@type\":\"Article\",\"@id\":\"https:\\\/\\\/www.meydan.tv\\\/az\\\/article\\\/prezident-ilham-eliyev-bu-vezifeye-teyinati-bir-ildir-gecikdirir\\\/#article\",\"isPartOf\":{\"@id\":\"https:\\\/\\\/www.meydan.tv\\\/az\\\/article\\\/prezident-ilham-eliyev-bu-vezifeye-teyinati-bir-ildir-gecikdirir\\\/\"},\"author\":{\"name\":\"roma\",\"@id\":\"https:\\\/\\\/www.meydan.tv\\\/az\\\/#\\\/schema\\\/person\\\/8f23e01c4de63326c13c319fb65ee65d\"},\"headline\":\"Prezident \u0130lham \u018fliyev bu v\u0259zif\u0259y\u0259 t\u0259yinat\u0131 bir ildir gecikdirir\",\"datePublished\":\"2022-02-12T16:16:45+00:00\",\"dateModified\":\"2022-02-12T16:18:39+00:00\",\"mainEntityOfPage\":{\"@id\":\"https:\\\/\\\/www.meydan.tv\\\/az\\\/article\\\/prezident-ilham-eliyev-bu-vezifeye-teyinati-bir-ildir-gecikdirir\\\/\"},\"wordCount\":351,\"publisher\":{\"@id\":\"https:\\\/\\\/www.meydan.tv\\\/az\\\/#organization\"},\"image\":{\"@id\":\"https:\\\/\\\/www.meydan.tv\\\/az\\\/article\\\/prezident-ilham-eliyev-bu-vezifeye-teyinati-bir-ildir-gecikdirir\\\/#primaryimage\"},\"thumbnailUrl\":\"https:\\\/\\\/www.meydan.tv\\\/wp-content\\\/uploads\\\/photo_2022-02-12-14.42.16.jpeg\",\"articleSection\":[\"Video\"],\"inLanguage\":\"az\"},{\"@type\":\"WebPage\",\"@id\":\"https:\\\/\\\/www.meydan.tv\\\/az\\\/article\\\/prezident-ilham-eliyev-bu-vezifeye-teyinati-bir-ildir-gecikdirir\\\/\",\"url\":\"https:\\\/\\\/www.meydan.tv\\\/az\\\/article\\\/prezident-ilham-eliyev-bu-vezifeye-teyinati-bir-ildir-gecikdirir\\\/\",\"name\":\"Prezident \u0130lham \u018fliyev bu v\u0259zif\u0259y\u0259 t\u0259yinat\u0131 bir ildir gecikdirir - MEYDAN.TV\",\"isPartOf\":{\"@id\":\"https:\\\/\\\/www.meydan.tv\\\/az\\\/#website\"},\"primaryImageOfPage\":{\"@id\":\"https:\\\/\\\/www.meydan.tv\\\/az\\\/article\\\/prezident-ilham-eliyev-bu-vezifeye-teyinati-bir-ildir-gecikdirir\\\/#primaryimage\"},\"image\":{\"@id\":\"https:\\\/\\\/www.meydan.tv\\\/az\\\/article\\\/prezident-ilham-eliyev-bu-vezifeye-teyinati-bir-ildir-gecikdirir\\\/#primaryimage\"},\"thumbnailUrl\":\"https:\\\/\\\/www.meydan.tv\\\/wp-content\\\/uploads\\\/photo_2022-02-12-14.42.16.jpeg\",\"datePublished\":\"2022-02-12T16:16:45+00:00\",\"dateModified\":\"2022-02-12T16:18:39+00:00\",\"breadcrumb\":{\"@id\":\"https:\\\/\\\/www.meydan.tv\\\/az\\\/article\\\/prezident-ilham-eliyev-bu-vezifeye-teyinati-bir-ildir-gecikdirir\\\/#breadcrumb\"},\"inLanguage\":\"az\",\"potentialAction\":[{\"@type\":\"ReadAction\",\"target\":[\"https:\\\/\\\/www.meydan.tv\\\/az\\\/article\\\/prezident-ilham-eliyev-bu-vezifeye-teyinati-bir-ildir-gecikdirir\\\/\"]}]},{\"@type\":\"ImageObject\",\"inLanguage\":\"az\",\"@id\":\"https:\\\/\\\/www.meydan.tv\\\/az\\\/article\\\/prezident-ilham-eliyev-bu-vezifeye-teyinati-bir-ildir-gecikdirir\\\/#primaryimage\",\"url\":\"https:\\\/\\\/www.meydan.tv\\\/wp-content\\\/uploads\\\/photo_2022-02-12-14.42.16.jpeg\",\"contentUrl\":\"https:\\\/\\\/www.meydan.tv\\\/wp-content\\\/uploads\\\/photo_2022-02-12-14.42.16.jpeg\",\"width\":886,\"height\":498},{\"@type\":\"BreadcrumbList\",\"@id\":\"https:\\\/\\\/www.meydan.tv\\\/az\\\/article\\\/prezident-ilham-eliyev-bu-vezifeye-teyinati-bir-ildir-gecikdirir\\\/#breadcrumb\",\"itemListElement\":[{\"@type\":\"ListItem\",\"position\":1,\"name\":\"Ana s\u0259hif\u0259\",\"item\":\"https:\\\/\\\/www.meydan.tv\\\/az\\\/\"},{\"@type\":\"ListItem\",\"position\":2,\"name\":\"Video\",\"item\":\"https:\\\/\\\/www.meydan.tv\\\/az\\\/section\\\/video-2\\\/\"},{\"@type\":\"ListItem\",\"position\":3,\"name\":\"Prezident \u0130lham \u018fliyev bu v\u0259zif\u0259y\u0259 t\u0259yinat\u0131 bir ildir gecikdirir\"}]},{\"@type\":\"WebSite\",\"@id\":\"https:\\\/\\\/www.meydan.tv\\\/az\\\/#website\",\"url\":\"https:\\\/\\\/www.meydan.tv\\\/az\\\/\",\"name\":\"MEYDAN.TV\",\"description\":\"Meydan TV Az\u0259rbaycan\u0131n media m\u0259kan\u0131ndak\u0131 alternativ s\u0259sidir\",\"publisher\":{\"@id\":\"https:\\\/\\\/www.meydan.tv\\\/az\\\/#organization\"},\"potentialAction\":[{\"@type\":\"SearchAction\",\"target\":{\"@type\":\"EntryPoint\",\"urlTemplate\":\"https:\\\/\\\/www.meydan.tv\\\/az\\\/?s={search_term_string}\"},\"query-input\":{\"@type\":\"PropertyValueSpecification\",\"valueRequired\":true,\"valueName\":\"search_term_string\"}}],\"inLanguage\":\"az\"},{\"@type\":\"Organization\",\"@id\":\"https:\\\/\\\/www.meydan.tv\\\/az\\\/#organization\",\"name\":\"Meydan TV\",\"url\":\"https:\\\/\\\/www.meydan.tv\\\/az\\\/\",\"logo\":{\"@type\":\"ImageObject\",\"inLanguage\":\"az\",\"@id\":\"https:\\\/\\\/www.meydan.tv\\\/az\\\/#\\\/schema\\\/logo\\\/image\\\/\",\"url\":\"https:\\\/\\\/www.meydan.tv\\\/wp-content\\\/uploads\\\/2021\\\/07\\\/meydan-logo.svg\",\"contentUrl\":\"https:\\\/\\\/www.meydan.tv\\\/wp-content\\\/uploads\\\/2021\\\/07\\\/meydan-logo.svg\",\"width\":195,\"height\":46,\"caption\":\"Meydan TV\"},\"image\":{\"@id\":\"https:\\\/\\\/www.meydan.tv\\\/az\\\/#\\\/schema\\\/logo\\\/image\\\/\"}},{\"@type\":\"Person\",\"@id\":\"https:\\\/\\\/www.meydan.tv\\\/az\\\/#\\\/schema\\\/person\\\/8f23e01c4de63326c13c319fb65ee65d\",\"name\":\"roma\"}]}<\/script>\n<!-- \/ Yoast SEO plugin. -->","yoast_head_json":{"title":"Prezident \u0130lham \u018fliyev bu v\u0259zif\u0259y\u0259 t\u0259yinat\u0131 bir ildir gecikdirir - MEYDAN.TV","robots":{"index":"index","follow":"follow","max-snippet":"max-snippet:-1","max-image-preview":"max-image-preview:large","max-video-preview":"max-video-preview:-1"},"canonical":"https:\/\/www.meydan.tv\/az\/article\/prezident-ilham-eliyev-bu-vezifeye-teyinati-bir-ildir-gecikdirir\/","og_locale":"az_AZ","og_type":"article","og_title":"Prezident \u0130lham \u018fliyev bu v\u0259zif\u0259y\u0259 t\u0259yinat\u0131 bir ildir gecikdirir - MEYDAN.TV","og_url":"https:\/\/www.meydan.tv\/az\/article\/prezident-ilham-eliyev-bu-vezifeye-teyinati-bir-ildir-gecikdirir\/","og_site_name":"MEYDAN.TV","article_published_time":"2022-02-12T16:16:45+00:00","article_modified_time":"2022-02-12T16:18:39+00:00","og_image":[{"width":886,"height":498,"url":"https:\/\/www.meydan.tv\/wp-content\/uploads\/photo_2022-02-12-14.42.16.jpeg","type":"image\/jpeg"}],"author":"roma","twitter_card":"summary_large_image","schema":{"@context":"https:\/\/schema.org","@graph":[{"@type":"Article","@id":"https:\/\/www.meydan.tv\/az\/article\/prezident-ilham-eliyev-bu-vezifeye-teyinati-bir-ildir-gecikdirir\/#article","isPartOf":{"@id":"https:\/\/www.meydan.tv\/az\/article\/prezident-ilham-eliyev-bu-vezifeye-teyinati-bir-ildir-gecikdirir\/"},"author":{"name":"roma","@id":"https:\/\/www.meydan.tv\/az\/#\/schema\/person\/8f23e01c4de63326c13c319fb65ee65d"},"headline":"Prezident \u0130lham \u018fliyev bu v\u0259zif\u0259y\u0259 t\u0259yinat\u0131 bir ildir gecikdirir","datePublished":"2022-02-12T16:16:45+00:00","dateModified":"2022-02-12T16:18:39+00:00","mainEntityOfPage":{"@id":"https:\/\/www.meydan.tv\/az\/article\/prezident-ilham-eliyev-bu-vezifeye-teyinati-bir-ildir-gecikdirir\/"},"wordCount":351,"publisher":{"@id":"https:\/\/www.meydan.tv\/az\/#organization"},"image":{"@id":"https:\/\/www.meydan.tv\/az\/article\/prezident-ilham-eliyev-bu-vezifeye-teyinati-bir-ildir-gecikdirir\/#primaryimage"},"thumbnailUrl":"https:\/\/www.meydan.tv\/wp-content\/uploads\/photo_2022-02-12-14.42.16.jpeg","articleSection":["Video"],"inLanguage":"az"},{"@type":"WebPage","@id":"https:\/\/www.meydan.tv\/az\/article\/prezident-ilham-eliyev-bu-vezifeye-teyinati-bir-ildir-gecikdirir\/","url":"https:\/\/www.meydan.tv\/az\/article\/prezident-ilham-eliyev-bu-vezifeye-teyinati-bir-ildir-gecikdirir\/","name":"Prezident \u0130lham \u018fliyev bu v\u0259zif\u0259y\u0259 t\u0259yinat\u0131 bir ildir gecikdirir - MEYDAN.TV","isPartOf":{"@id":"https:\/\/www.meydan.tv\/az\/#website"},"primaryImageOfPage":{"@id":"https:\/\/www.meydan.tv\/az\/article\/prezident-ilham-eliyev-bu-vezifeye-teyinati-bir-ildir-gecikdirir\/#primaryimage"},"image":{"@id":"https:\/\/www.meydan.tv\/az\/article\/prezident-ilham-eliyev-bu-vezifeye-teyinati-bir-ildir-gecikdirir\/#primaryimage"},"thumbnailUrl":"https:\/\/www.meydan.tv\/wp-content\/uploads\/photo_2022-02-12-14.42.16.jpeg","datePublished":"2022-02-12T16:16:45+00:00","dateModified":"2022-02-12T16:18:39+00:00","breadcrumb":{"@id":"https:\/\/www.meydan.tv\/az\/article\/prezident-ilham-eliyev-bu-vezifeye-teyinati-bir-ildir-gecikdirir\/#breadcrumb"},"inLanguage":"az","potentialAction":[{"@type":"ReadAction","target":["https:\/\/www.meydan.tv\/az\/article\/prezident-ilham-eliyev-bu-vezifeye-teyinati-bir-ildir-gecikdirir\/"]}]},{"@type":"ImageObject","inLanguage":"az","@id":"https:\/\/www.meydan.tv\/az\/article\/prezident-ilham-eliyev-bu-vezifeye-teyinati-bir-ildir-gecikdirir\/#primaryimage","url":"https:\/\/www.meydan.tv\/wp-content\/uploads\/photo_2022-02-12-14.42.16.jpeg","contentUrl":"https:\/\/www.meydan.tv\/wp-content\/uploads\/photo_2022-02-12-14.42.16.jpeg","width":886,"height":498},{"@type":"BreadcrumbList","@id":"https:\/\/www.meydan.tv\/az\/article\/prezident-ilham-eliyev-bu-vezifeye-teyinati-bir-ildir-gecikdirir\/#breadcrumb","itemListElement":[{"@type":"ListItem","position":1,"name":"Ana s\u0259hif\u0259","item":"https:\/\/www.meydan.tv\/az\/"},{"@type":"ListItem","position":2,"name":"Video","item":"https:\/\/www.meydan.tv\/az\/section\/video-2\/"},{"@type":"ListItem","position":3,"name":"Prezident \u0130lham \u018fliyev bu v\u0259zif\u0259y\u0259 t\u0259yinat\u0131 bir ildir gecikdirir"}]},{"@type":"WebSite","@id":"https:\/\/www.meydan.tv\/az\/#website","url":"https:\/\/www.meydan.tv\/az\/","name":"MEYDAN.TV","description":"Meydan TV Az\u0259rbaycan\u0131n media m\u0259kan\u0131ndak\u0131 alternativ s\u0259sidir","publisher":{"@id":"https:\/\/www.meydan.tv\/az\/#organization"},"potentialAction":[{"@type":"SearchAction","target":{"@type":"EntryPoint","urlTemplate":"https:\/\/www.meydan.tv\/az\/?s={search_term_string}"},"query-input":{"@type":"PropertyValueSpecification","valueRequired":true,"valueName":"search_term_string"}}],"inLanguage":"az"},{"@type":"Organization","@id":"https:\/\/www.meydan.tv\/az\/#organization","name":"Meydan TV","url":"https:\/\/www.meydan.tv\/az\/","logo":{"@type":"ImageObject","inLanguage":"az","@id":"https:\/\/www.meydan.tv\/az\/#\/schema\/logo\/image\/","url":"https:\/\/www.meydan.tv\/wp-content\/uploads\/2021\/07\/meydan-logo.svg","contentUrl":"https:\/\/www.meydan.tv\/wp-content\/uploads\/2021\/07\/meydan-logo.svg","width":195,"height":46,"caption":"Meydan TV"},"image":{"@id":"https:\/\/www.meydan.tv\/az\/#\/schema\/logo\/image\/"}},{"@type":"Person","@id":"https:\/\/www.meydan.tv\/az\/#\/schema\/person\/8f23e01c4de63326c13c319fb65ee65d","name":"roma"}]}},"_links":{"self":[{"href":"https:\/\/www.meydan.tv\/az\/wp-json\/wp\/v2\/posts\/234415","targetHints":{"allow":["GET"]}}],"collection":[{"href":"https:\/\/www.meydan.tv\/az\/wp-json\/wp\/v2\/posts"}],"about":[{"href":"https:\/\/www.meydan.tv\/az\/wp-json\/wp\/v2\/types\/post"}],"author":[{"embeddable":true,"href":"https:\/\/www.meydan.tv\/az\/wp-json\/wp\/v2\/users\/14"}],"replies":[{"embeddable":true,"href":"https:\/\/www.meydan.tv\/az\/wp-json\/wp\/v2\/comments?post=234415"}],"version-history":[{"count":2,"href":"https:\/\/www.meydan.tv\/az\/wp-json\/wp\/v2\/posts\/234415\/revisions"}],"predecessor-version":[{"id":234421,"href":"https:\/\/www.meydan.tv\/az\/wp-json\/wp\/v2\/posts\/234415\/revisions\/234421"}],"wp:featuredmedia":[{"embeddable":true,"href":"https:\/\/www.meydan.tv\/az\/wp-json\/wp\/v2\/media\/234416"}],"wp:attachment":[{"href":"https:\/\/www.meydan.tv\/az\/wp-json\/wp\/v2\/media?parent=234415"}],"wp:term":[{"taxonomy":"category","embeddable":true,"href":"https:\/\/www.meydan.tv\/az\/wp-json\/wp\/v2\/categories?post=234415"},{"taxonomy":"post_tag","embeddable":true,"href":"https:\/\/www.meydan.tv\/az\/wp-json\/wp\/v2\/tags?post=234415"}],"curies":[{"name":"wp","href":"https:\/\/api.w.org\/{rel}","templated":true}]}}