{"id":234382,"date":"2022-02-11T15:48:08","date_gmt":"2022-02-11T11:48:08","guid":{"rendered":"https:\/\/www.meydan.tv\/?p=234382"},"modified":"2022-02-11T16:42:16","modified_gmt":"2022-02-11T12:42:16","slug":"affa-ucun-prezident-axtarisi","status":"publish","type":"post","link":"https:\/\/www.meydan.tv\/az\/article\/affa-ucun-prezident-axtarisi\/","title":{"rendered":"AFFA \u00fc\u00e7\u00fcn prezident \u201caxtar\u0131\u015f\u0131\u201d"},"content":{"rendered":"\n<p><em>Az\u0259rbaycan futbolu Mikay\u0131l Cabbarovun n\u0259zar\u0259tin\u0259 ke\u00e7\u0259 bil\u0259r?<\/em><br><br>R\u00f6vn\u0259q Abdullayevin Az\u0259rbaycan Respublikas\u0131 D\u00f6vl\u0259t Neft \u015eirk\u0259tinin (SOCAR) prezidenti v\u0259zif\u0259sind\u0259n azad edil\u0259r\u0259k, iqtisadiyyat nazirinin m\u00fcavini t\u0259yin edilm\u0259si son g\u00fcnl\u0259rin g\u00fcnd\u0259m x\u0259b\u0259ri oldu. X\u00fcsus\u0259n d\u0259, Az\u0259rbaycan\u0131n futbol ictimaiyy\u0259ti \u00fc\u00e7\u00fcn. Ax\u0131 R\u00f6vn\u0259q Abdullayev 2008-ci ild\u0259n b\u0259ri h\u0259m d\u0259 Az\u0259rbaycan futbolunun ba\u015f\u0131ndak\u0131 birinci \u015f\u0259xs &#8211; AFFA prezidentidir. \u018flini \u00e7oxdan futbol meydanlar\u0131nda qazan\u0131lmayan yax\u015f\u0131 n\u0259tic\u0259l\u0259rd\u0259n \u00fcz\u00fcb, \u00fcmidini AFFA-n\u0131n r\u0259hb\u0259r postlar\u0131ndak\u0131 m\u00fcmk\u00fcn d\u0259yi\u015fiklikl\u0259r\u0259 ba\u011flayan futbol ictimaiyy\u0259ti indi h\u0259y\u0259can v\u0259 maraqla bir suala cavab axtar\u0131r: R\u00f6vn\u0259q Abdullayev federasiyan\u0131n prezidenti v\u0259zif\u0259sind\u0259n d\u0259 ged\u0259c\u0259kmi? Ged\u0259c\u0259ks\u0259, onu kim \u0259v\u0259zl\u0259y\u0259c\u0259k?<br><\/p>\n\n\n\n<p><strong>Birinci ehtimal<\/strong><br><\/p>\n\n\n\n<p>\u018fvv\u0259lc\u0259 bunu xat\u0131rlatmaqda fayda var ki, Az\u0259rbaycanda AFFA da daxil olmaqla, b\u00fct\u00fcn idman federasiyalar\u0131nda r\u0259hb\u0259r \u015f\u0259xsl\u0259r \u201cse\u00e7ki\u201d ad\u0131 alt\u0131nda d\u00f6vl\u0259t s\u0259viyy\u0259sind\u0259 t\u0259yin olunur. Son bir ne\u00e7\u0259 ayda \u0259ks\u0259r idman federasiyalar\u0131nda \u201cse\u00e7ki\u201d ad\u0131 alt\u0131nda m\u00fcxt\u0259lif nazirl\u0259r, iri\u00e7apl\u0131 m\u0259murlar federasiya prezidenti t\u0259yin <a href=\"https:\/\/www.meydan.tv\/az\/article\/azerbaycanin-gulesci-bokscu-basketbolcu-nazirleri\/\" target=\"_blank\" rel=\"noreferrer noopener\">edilib<\/a>. \u015eounun ad\u0131 se\u00e7kidir, ger\u00e7\u0259k m\u0259nz\u0259r\u0259nin ad\u0131 is\u0259 t\u0259yinat. Y\u0259ni R\u00f6vn\u0259q Abdullayev AFFA prezidenti v\u0259zif\u0259sind\u0259n d\u0259 ged\u0259rs\u0259, onu \u0259v\u0259zl\u0259y\u0259c\u0259k \u015f\u0259xsin se\u00e7ki yolu il\u0259 se\u00e7il\u0259 bil\u0259c\u0259yi ehtimal\u0131n\u0131 lap ba\u015fdan silib, at\u0131r\u0131q bir k\u0259nara.<br><\/p>\n\n\n\n<p><strong>B\u0259s AFFA-n\u0131n yeni prezidenti kim ola bil\u0259r?<\/strong><br><\/p>\n\n\n\n<p>A\u011f\u0131la g\u0259l\u0259n ilk ehtimal federasiyan\u0131n ba\u015f katibi, icra\u00e7\u0131 vitse-prezident Elxan M\u0259mm\u0259dovdur. Hans\u0131 ki, \u0259ks\u0259r futbol adamlar\u0131n\u0131n realla\u015fmas\u0131n\u0131 arzulamad\u0131\u011f\u0131 ehtimald\u0131r. M\u0259mm\u0259dov 2007-ci ild\u0259n AFFA-n\u0131n ba\u015f katibi v\u0259zif\u0259sini da\u015f\u0131y\u0131r v\u0259 R\u00f6vn\u0259q Abdullayevin formal r\u0259hb\u0259rliyi fonunda Az\u0259rbaycan futbolunu idar\u0259 ed\u0259n birinci, h\u0259tta dem\u0259k olar, yegan\u0259 \u015f\u0259xs odur. M\u0259mm\u0259dovun hakim dair\u0259 il\u0259 yax\u015f\u0131 m\u00fcnasib\u0259tinin olmas\u0131 bar\u0259d\u0259 s\u00f6z-s\u00f6hb\u0259tl\u0259r is\u0259 \u00e7oxdan var. \u018fslind\u0259, Az\u0259rbaycan futbolunun haz\u0131rk\u0131 m\u0259nz\u0259r\u0259sin\u0259 g\u00f6r\u0259 R\u00f6vn\u0259q Abdullayev d\u0259, Elxan M\u0259mm\u0259dov da \u00e7oxdan AFFA-dan qovulmal\u0131 idi. Amma bu \u00f6lk\u0259d\u0259 r\u0259hb\u0259r \u015f\u0259xsl\u0259rin i\u015finin keyfiyy\u0259tin\u0259 g\u00f6r\u0259 qiym\u0259tl\u0259ndirilm\u0259si n\u0259 vaxt d\u0259bd\u0259 olub? Kims\u0259 i\u015fin\u0259 g\u00f6r\u0259 qiym\u0259tl\u0259ndirilmirs\u0259, Elxan M\u0259mm\u0259dovun AFFA prezidenti olmas\u0131 \u00fc\u00e7\u00fcn ciddi bir mane\u0259 yoxdur. Bir \u015f\u0259rtl\u0259 ki, bu postda ba\u015fqalar\u0131n\u0131n da g\u00f6z\u00fc olmas\u0131n.<br><\/p>\n\n\n\n<p><strong>\u0130kinci ehtimal<\/strong><br><\/p>\n\n\n\n<p>\u0130qtisadiyyat naziri Mikay\u0131l Cabbarovu AFFA prezidenti kimi t\u0259s\u0259vv\u00fcr ed\u0259 bilirsiz? Fantaziyalar\u0131n\u0131z\u0131 bir az zorlamal\u0131s\u0131z. Bu i\u015fd\u0259 siz\u0259 Cabbarovun Az\u0259rbaycan G\u00fcl\u0259\u015f Federasiyas\u0131n\u0131n prezidenti olmas\u0131 fakt\u0131n\u0131 xat\u0131rlamaq k\u00f6m\u0259k ed\u0259 bil\u0259r. R\u00f6vn\u0259q Abdullayev SOCAR-\u0131n prezidenti postundan k\u0259narla\u015fd\u0131r\u0131l\u0131b, Cabbarova m\u00fcavin t\u0259yin edilirs\u0259, Az\u0259rbaycan futbolu da niy\u0259 ona h\u0259val\u0259 edilm\u0259sin? N\u0259z\u0259r\u0259 alaq ki, futbol g\u00fcl\u0259\u015fd\u0259n \u00e7ox daha populyard\u0131r, b\u00fct\u00fcn idman n\u00f6vl\u0259rinin \u015fah\u0131 say\u0131l\u0131r. H\u0259m d\u0259, Mikay\u0131l Cabbarov futboldan bizim planetin Yupiterd\u0259n uzaq oldu\u011fu q\u0259d\u0259r uzaq biri d\u0259 deyil. Premyer Liqada m\u00fcbariz\u0259 aparan \u201cSabah\u201d klubu iqtisadiyyat nazirinin n\u0259zar\u0259tind\u0259dir, o, bu komandan\u0131n oyunlar\u0131, n\u0259tic\u0259l\u0259ri il\u0259 \u015f\u0259xs\u0259n maraqlan\u0131r. X\u00fclas\u0259, fantaziyalar\u0131n\u0131z\u0131 zorlay\u0131b Mikay\u0131l Cabbarovu AFFA prezidenti kimi t\u0259s\u0259vv\u00fcr etm\u0259k ist\u0259s\u0259z, he\u00e7 n\u0259 itirm\u0259zsiz.<br><\/p>\n\n\n\n<p><strong>\u00dc\u00e7\u00fcnc\u00fc ehtimal<\/strong><br><\/p>\n\n\n\n<p>R\u00f6vn\u0259q Abdullayevin iqtisadiyyat nazirinin m\u00fcavini t\u0259yin edilm\u0259si \u0259slind\u0259 futbolla ba\u011fl\u0131 m\u0259s\u0259l\u0259d\u0259 \u00e7ox \u015fey\u0259 ayd\u0131nl\u0131q g\u0259tirir. Abdullayevl\u0259 birlikd\u0259 AFFA da Az\u0259rbaycan \u0130qtisadiyyat Nazirliyinin n\u0259zar\u0259tin\u0259 ke\u00e7di. H\u0259l\u0259 daha \u0259vv\u0259l SOCAR-\u0131n n\u0259zdind\u0259 M\u00fc\u015fahid\u0259 \u015euras\u0131n\u0131n yarad\u0131lmas\u0131, \u015furaya Mikay\u0131l Cabbarovun s\u0259dr t\u0259yin edilm\u0259si b\u0259zi m\u0259tl\u0259bl\u0259r\u0259 ayd\u0131nl\u0131q g\u0259tirmi\u015fdi. AFFA-n\u0131n yeni prezidentinin kim olaca\u011f\u0131 haqda suala cavab tapma\u011fa \u00e7al\u0131\u015fark\u0259n, ehtimallar \u00fcz\u0259rind\u0259 yeni r\u0259hb\u0259rin ad\u0131na g\u00f6r\u0259 dayan\u0131r\u0131q. G\u00f6r\u00fcn\u0259n budur ki, Az\u0259rbaycan futbolu de-fakto Mikay\u0131l Cabbarovun n\u0259zar\u0259tind\u0259dir. AFFA-n\u0131n yeni prezidenti Cabbarovun \u00f6z\u00fc d\u0259 ola bil\u0259r, futbola r\u0259hb\u0259rliyin Elxan M\u0259mm\u0259dova tap\u015f\u0131r\u0131lmas\u0131 da m\u00fcmk\u00fcnd\u00fcr, ya da \u00fc\u00e7\u00fcnc\u00fc ehtimal, R\u00f6vn\u0259q Abdullayev federasiyadak\u0131 postunda saxlan\u0131lar.<br><\/p>\n\n\n\n<p>B\u00fct\u00fcn bu ehtimallar\u0131n fonunda bir \u015fey \u00e7ox ayd\u0131nd\u0131r: Az\u0259rbaycan futbolunda Mikay\u0131l Cabbarov d\u00f6n\u0259mi ba\u015flay\u0131b. Bu d\u00f6n\u0259md\u0259 futbol n\u0259 qazanacaq, n\u0259 itir\u0259c\u0259k, bu bar\u0259d\u0259 indid\u0259n n\u0259s\u0259 dem\u0259k \u00e7\u0259tindir.<\/p>\n","protected":false},"excerpt":{"rendered":"<p>Az\u0259rbaycan futbolu Mikay\u0131l Cabbarovun n\u0259zar\u0259tin\u0259 ke\u00e7\u0259 bil\u0259r? R\u00f6vn\u0259q Abdullayevin Az\u0259rbaycan &#8230; <\/p>\n<p class=\"read-more-container\"><a title=\"AFFA \u00fc\u00e7\u00fcn prezident \u201caxtar\u0131\u015f\u0131\u201d\" class=\"read-more button\" href=\"https:\/\/www.meydan.tv\/az\/article\/affa-ucun-prezident-axtarisi\/#more-234382\" aria-label=\"Read more about AFFA \u00fc\u00e7\u00fcn prezident \u201caxtar\u0131\u015f\u0131\u201d\">Davam\u0131<\/a><\/p>\n","protected":false},"author":8,"featured_media":234383,"comment_status":"closed","ping_status":"closed","sticky":false,"template":"","format":"standard","meta":{"_acf_changed":false,"_sitemap_exclude":false,"_sitemap_priority":"","_sitemap_frequency":"","footnotes":""},"categories":[57],"tags":[],"class_list":["post-234382","post","type-post","status-publish","format-standard","has-post-thumbnail","hentry","category-menim-fikrimce","infinite-scroll-item","generate-columns","tablet-grid-50","mobile-grid-100","grid-parent","grid-33","no-featured-image-padding"],"acf":[],"yoast_head":"<!-- This site is optimized with the Yoast SEO plugin v27.4 - https:\/\/yoast.com\/product\/yoast-seo-wordpress\/ -->\n<title>AFFA \u00fc\u00e7\u00fcn prezident \u201caxtar\u0131\u015f\u0131\u201d - MEYDAN.TV<\/title>\n<meta name=\"robots\" content=\"index, follow, max-snippet:-1, max-image-preview:large, max-video-preview:-1\" \/>\n<link rel=\"canonical\" href=\"https:\/\/www.meydan.tv\/az\/article\/affa-ucun-prezident-axtarisi\/\" \/>\n<meta property=\"og:locale\" content=\"az_AZ\" \/>\n<meta property=\"og:type\" content=\"article\" \/>\n<meta property=\"og:title\" content=\"AFFA \u00fc\u00e7\u00fcn prezident \u201caxtar\u0131\u015f\u0131\u201d - MEYDAN.TV\" \/>\n<meta property=\"og:description\" content=\"Az\u0259rbaycan futbolu Mikay\u0131l Cabbarovun n\u0259zar\u0259tin\u0259 ke\u00e7\u0259 bil\u0259r? R\u00f6vn\u0259q Abdullayevin Az\u0259rbaycan ... Davam\u0131\" \/>\n<meta property=\"og:url\" content=\"https:\/\/www.meydan.tv\/az\/article\/affa-ucun-prezident-axtarisi\/\" \/>\n<meta property=\"og:site_name\" content=\"MEYDAN.TV\" \/>\n<meta property=\"article:published_time\" content=\"2022-02-11T11:48:08+00:00\" \/>\n<meta property=\"article:modified_time\" content=\"2022-02-11T12:42:16+00:00\" \/>\n<meta property=\"og:image\" content=\"https:\/\/www.meydan.tv\/wp-content\/uploads\/untitled-design-7-1-e1644580064358.jpg\" \/>\n\t<meta property=\"og:image:width\" content=\"1200\" \/>\n\t<meta property=\"og:image:height\" content=\"594\" \/>\n\t<meta property=\"og:image:type\" content=\"image\/jpeg\" \/>\n<meta name=\"author\" content=\"elli\" \/>\n<meta name=\"twitter:card\" content=\"summary_large_image\" \/>\n<meta name=\"twitter:creator\" content=\"@elli\" \/>\n<script type=\"application\/ld+json\" class=\"yoast-schema-graph\">{\"@context\":\"https:\\\/\\\/schema.org\",\"@graph\":[{\"@type\":\"Article\",\"@id\":\"https:\\\/\\\/www.meydan.tv\\\/az\\\/article\\\/affa-ucun-prezident-axtarisi\\\/#article\",\"isPartOf\":{\"@id\":\"https:\\\/\\\/www.meydan.tv\\\/az\\\/article\\\/affa-ucun-prezident-axtarisi\\\/\"},\"author\":{\"name\":\"elli\",\"@id\":\"https:\\\/\\\/www.meydan.tv\\\/az\\\/#\\\/schema\\\/person\\\/9cdbecf90d17180ce1dfbd95b08dcf47\"},\"headline\":\"AFFA \u00fc\u00e7\u00fcn prezident \u201caxtar\u0131\u015f\u0131\u201d\",\"datePublished\":\"2022-02-11T11:48:08+00:00\",\"dateModified\":\"2022-02-11T12:42:16+00:00\",\"mainEntityOfPage\":{\"@id\":\"https:\\\/\\\/www.meydan.tv\\\/az\\\/article\\\/affa-ucun-prezident-axtarisi\\\/\"},\"wordCount\":862,\"publisher\":{\"@id\":\"https:\\\/\\\/www.meydan.tv\\\/az\\\/#organization\"},\"image\":{\"@id\":\"https:\\\/\\\/www.meydan.tv\\\/az\\\/article\\\/affa-ucun-prezident-axtarisi\\\/#primaryimage\"},\"thumbnailUrl\":\"https:\\\/\\\/www.meydan.tv\\\/wp-content\\\/uploads\\\/untitled-design-7-1-e1644580064358.jpg\",\"articleSection\":[\"M\u0259nim Fikrimc\u0259\"],\"inLanguage\":\"az\"},{\"@type\":\"WebPage\",\"@id\":\"https:\\\/\\\/www.meydan.tv\\\/az\\\/article\\\/affa-ucun-prezident-axtarisi\\\/\",\"url\":\"https:\\\/\\\/www.meydan.tv\\\/az\\\/article\\\/affa-ucun-prezident-axtarisi\\\/\",\"name\":\"AFFA \u00fc\u00e7\u00fcn prezident \u201caxtar\u0131\u015f\u0131\u201d - MEYDAN.TV\",\"isPartOf\":{\"@id\":\"https:\\\/\\\/www.meydan.tv\\\/az\\\/#website\"},\"primaryImageOfPage\":{\"@id\":\"https:\\\/\\\/www.meydan.tv\\\/az\\\/article\\\/affa-ucun-prezident-axtarisi\\\/#primaryimage\"},\"image\":{\"@id\":\"https:\\\/\\\/www.meydan.tv\\\/az\\\/article\\\/affa-ucun-prezident-axtarisi\\\/#primaryimage\"},\"thumbnailUrl\":\"https:\\\/\\\/www.meydan.tv\\\/wp-content\\\/uploads\\\/untitled-design-7-1-e1644580064358.jpg\",\"datePublished\":\"2022-02-11T11:48:08+00:00\",\"dateModified\":\"2022-02-11T12:42:16+00:00\",\"breadcrumb\":{\"@id\":\"https:\\\/\\\/www.meydan.tv\\\/az\\\/article\\\/affa-ucun-prezident-axtarisi\\\/#breadcrumb\"},\"inLanguage\":\"az\",\"potentialAction\":[{\"@type\":\"ReadAction\",\"target\":[\"https:\\\/\\\/www.meydan.tv\\\/az\\\/article\\\/affa-ucun-prezident-axtarisi\\\/\"]}]},{\"@type\":\"ImageObject\",\"inLanguage\":\"az\",\"@id\":\"https:\\\/\\\/www.meydan.tv\\\/az\\\/article\\\/affa-ucun-prezident-axtarisi\\\/#primaryimage\",\"url\":\"https:\\\/\\\/www.meydan.tv\\\/wp-content\\\/uploads\\\/untitled-design-7-1-e1644580064358.jpg\",\"contentUrl\":\"https:\\\/\\\/www.meydan.tv\\\/wp-content\\\/uploads\\\/untitled-design-7-1-e1644580064358.jpg\",\"width\":1200,\"height\":594,\"caption\":\"Elxan M\u0259mm\u0259dov, R\u00f6vn\u0259q Abdullayev v\u0259 Mikay\u0131l Cabbarov, Foto: Meydan TV\"},{\"@type\":\"BreadcrumbList\",\"@id\":\"https:\\\/\\\/www.meydan.tv\\\/az\\\/article\\\/affa-ucun-prezident-axtarisi\\\/#breadcrumb\",\"itemListElement\":[{\"@type\":\"ListItem\",\"position\":1,\"name\":\"Ana s\u0259hif\u0259\",\"item\":\"https:\\\/\\\/www.meydan.tv\\\/az\\\/\"},{\"@type\":\"ListItem\",\"position\":2,\"name\":\"M\u0259nim Fikrimc\u0259\",\"item\":\"https:\\\/\\\/www.meydan.tv\\\/az\\\/section\\\/menim-fikrimce\\\/\"},{\"@type\":\"ListItem\",\"position\":3,\"name\":\"AFFA \u00fc\u00e7\u00fcn prezident \u201caxtar\u0131\u015f\u0131\u201d\"}]},{\"@type\":\"WebSite\",\"@id\":\"https:\\\/\\\/www.meydan.tv\\\/az\\\/#website\",\"url\":\"https:\\\/\\\/www.meydan.tv\\\/az\\\/\",\"name\":\"MEYDAN.TV\",\"description\":\"Meydan TV Az\u0259rbaycan\u0131n media m\u0259kan\u0131ndak\u0131 alternativ s\u0259sidir\",\"publisher\":{\"@id\":\"https:\\\/\\\/www.meydan.tv\\\/az\\\/#organization\"},\"potentialAction\":[{\"@type\":\"SearchAction\",\"target\":{\"@type\":\"EntryPoint\",\"urlTemplate\":\"https:\\\/\\\/www.meydan.tv\\\/az\\\/?s={search_term_string}\"},\"query-input\":{\"@type\":\"PropertyValueSpecification\",\"valueRequired\":true,\"valueName\":\"search_term_string\"}}],\"inLanguage\":\"az\"},{\"@type\":\"Organization\",\"@id\":\"https:\\\/\\\/www.meydan.tv\\\/az\\\/#organization\",\"name\":\"Meydan TV\",\"url\":\"https:\\\/\\\/www.meydan.tv\\\/az\\\/\",\"logo\":{\"@type\":\"ImageObject\",\"inLanguage\":\"az\",\"@id\":\"https:\\\/\\\/www.meydan.tv\\\/az\\\/#\\\/schema\\\/logo\\\/image\\\/\",\"url\":\"https:\\\/\\\/www.meydan.tv\\\/wp-content\\\/uploads\\\/2021\\\/07\\\/meydan-logo.svg\",\"contentUrl\":\"https:\\\/\\\/www.meydan.tv\\\/wp-content\\\/uploads\\\/2021\\\/07\\\/meydan-logo.svg\",\"width\":195,\"height\":46,\"caption\":\"Meydan TV\"},\"image\":{\"@id\":\"https:\\\/\\\/www.meydan.tv\\\/az\\\/#\\\/schema\\\/logo\\\/image\\\/\"}},{\"@type\":\"Person\",\"@id\":\"https:\\\/\\\/www.meydan.tv\\\/az\\\/#\\\/schema\\\/person\\\/9cdbecf90d17180ce1dfbd95b08dcf47\",\"name\":\"elli\",\"sameAs\":[\"https:\\\/\\\/x.com\\\/elli\"]}]}<\/script>\n<!-- \/ Yoast SEO plugin. -->","yoast_head_json":{"title":"AFFA \u00fc\u00e7\u00fcn prezident \u201caxtar\u0131\u015f\u0131\u201d - MEYDAN.TV","robots":{"index":"index","follow":"follow","max-snippet":"max-snippet:-1","max-image-preview":"max-image-preview:large","max-video-preview":"max-video-preview:-1"},"canonical":"https:\/\/www.meydan.tv\/az\/article\/affa-ucun-prezident-axtarisi\/","og_locale":"az_AZ","og_type":"article","og_title":"AFFA \u00fc\u00e7\u00fcn prezident \u201caxtar\u0131\u015f\u0131\u201d - MEYDAN.TV","og_description":"Az\u0259rbaycan futbolu Mikay\u0131l Cabbarovun n\u0259zar\u0259tin\u0259 ke\u00e7\u0259 bil\u0259r? R\u00f6vn\u0259q Abdullayevin Az\u0259rbaycan ... Davam\u0131","og_url":"https:\/\/www.meydan.tv\/az\/article\/affa-ucun-prezident-axtarisi\/","og_site_name":"MEYDAN.TV","article_published_time":"2022-02-11T11:48:08+00:00","article_modified_time":"2022-02-11T12:42:16+00:00","og_image":[{"width":1200,"height":594,"url":"https:\/\/www.meydan.tv\/wp-content\/uploads\/untitled-design-7-1-e1644580064358.jpg","type":"image\/jpeg"}],"author":"elli","twitter_card":"summary_large_image","twitter_creator":"@elli","schema":{"@context":"https:\/\/schema.org","@graph":[{"@type":"Article","@id":"https:\/\/www.meydan.tv\/az\/article\/affa-ucun-prezident-axtarisi\/#article","isPartOf":{"@id":"https:\/\/www.meydan.tv\/az\/article\/affa-ucun-prezident-axtarisi\/"},"author":{"name":"elli","@id":"https:\/\/www.meydan.tv\/az\/#\/schema\/person\/9cdbecf90d17180ce1dfbd95b08dcf47"},"headline":"AFFA \u00fc\u00e7\u00fcn prezident \u201caxtar\u0131\u015f\u0131\u201d","datePublished":"2022-02-11T11:48:08+00:00","dateModified":"2022-02-11T12:42:16+00:00","mainEntityOfPage":{"@id":"https:\/\/www.meydan.tv\/az\/article\/affa-ucun-prezident-axtarisi\/"},"wordCount":862,"publisher":{"@id":"https:\/\/www.meydan.tv\/az\/#organization"},"image":{"@id":"https:\/\/www.meydan.tv\/az\/article\/affa-ucun-prezident-axtarisi\/#primaryimage"},"thumbnailUrl":"https:\/\/www.meydan.tv\/wp-content\/uploads\/untitled-design-7-1-e1644580064358.jpg","articleSection":["M\u0259nim Fikrimc\u0259"],"inLanguage":"az"},{"@type":"WebPage","@id":"https:\/\/www.meydan.tv\/az\/article\/affa-ucun-prezident-axtarisi\/","url":"https:\/\/www.meydan.tv\/az\/article\/affa-ucun-prezident-axtarisi\/","name":"AFFA \u00fc\u00e7\u00fcn prezident \u201caxtar\u0131\u015f\u0131\u201d - MEYDAN.TV","isPartOf":{"@id":"https:\/\/www.meydan.tv\/az\/#website"},"primaryImageOfPage":{"@id":"https:\/\/www.meydan.tv\/az\/article\/affa-ucun-prezident-axtarisi\/#primaryimage"},"image":{"@id":"https:\/\/www.meydan.tv\/az\/article\/affa-ucun-prezident-axtarisi\/#primaryimage"},"thumbnailUrl":"https:\/\/www.meydan.tv\/wp-content\/uploads\/untitled-design-7-1-e1644580064358.jpg","datePublished":"2022-02-11T11:48:08+00:00","dateModified":"2022-02-11T12:42:16+00:00","breadcrumb":{"@id":"https:\/\/www.meydan.tv\/az\/article\/affa-ucun-prezident-axtarisi\/#breadcrumb"},"inLanguage":"az","potentialAction":[{"@type":"ReadAction","target":["https:\/\/www.meydan.tv\/az\/article\/affa-ucun-prezident-axtarisi\/"]}]},{"@type":"ImageObject","inLanguage":"az","@id":"https:\/\/www.meydan.tv\/az\/article\/affa-ucun-prezident-axtarisi\/#primaryimage","url":"https:\/\/www.meydan.tv\/wp-content\/uploads\/untitled-design-7-1-e1644580064358.jpg","contentUrl":"https:\/\/www.meydan.tv\/wp-content\/uploads\/untitled-design-7-1-e1644580064358.jpg","width":1200,"height":594,"caption":"Elxan M\u0259mm\u0259dov, R\u00f6vn\u0259q Abdullayev v\u0259 Mikay\u0131l Cabbarov, Foto: Meydan TV"},{"@type":"BreadcrumbList","@id":"https:\/\/www.meydan.tv\/az\/article\/affa-ucun-prezident-axtarisi\/#breadcrumb","itemListElement":[{"@type":"ListItem","position":1,"name":"Ana s\u0259hif\u0259","item":"https:\/\/www.meydan.tv\/az\/"},{"@type":"ListItem","position":2,"name":"M\u0259nim Fikrimc\u0259","item":"https:\/\/www.meydan.tv\/az\/section\/menim-fikrimce\/"},{"@type":"ListItem","position":3,"name":"AFFA \u00fc\u00e7\u00fcn prezident \u201caxtar\u0131\u015f\u0131\u201d"}]},{"@type":"WebSite","@id":"https:\/\/www.meydan.tv\/az\/#website","url":"https:\/\/www.meydan.tv\/az\/","name":"MEYDAN.TV","description":"Meydan TV Az\u0259rbaycan\u0131n media m\u0259kan\u0131ndak\u0131 alternativ s\u0259sidir","publisher":{"@id":"https:\/\/www.meydan.tv\/az\/#organization"},"potentialAction":[{"@type":"SearchAction","target":{"@type":"EntryPoint","urlTemplate":"https:\/\/www.meydan.tv\/az\/?s={search_term_string}"},"query-input":{"@type":"PropertyValueSpecification","valueRequired":true,"valueName":"search_term_string"}}],"inLanguage":"az"},{"@type":"Organization","@id":"https:\/\/www.meydan.tv\/az\/#organization","name":"Meydan TV","url":"https:\/\/www.meydan.tv\/az\/","logo":{"@type":"ImageObject","inLanguage":"az","@id":"https:\/\/www.meydan.tv\/az\/#\/schema\/logo\/image\/","url":"https:\/\/www.meydan.tv\/wp-content\/uploads\/2021\/07\/meydan-logo.svg","contentUrl":"https:\/\/www.meydan.tv\/wp-content\/uploads\/2021\/07\/meydan-logo.svg","width":195,"height":46,"caption":"Meydan TV"},"image":{"@id":"https:\/\/www.meydan.tv\/az\/#\/schema\/logo\/image\/"}},{"@type":"Person","@id":"https:\/\/www.meydan.tv\/az\/#\/schema\/person\/9cdbecf90d17180ce1dfbd95b08dcf47","name":"elli","sameAs":["https:\/\/x.com\/elli"]}]}},"_links":{"self":[{"href":"https:\/\/www.meydan.tv\/az\/wp-json\/wp\/v2\/posts\/234382","targetHints":{"allow":["GET"]}}],"collection":[{"href":"https:\/\/www.meydan.tv\/az\/wp-json\/wp\/v2\/posts"}],"about":[{"href":"https:\/\/www.meydan.tv\/az\/wp-json\/wp\/v2\/types\/post"}],"author":[{"embeddable":true,"href":"https:\/\/www.meydan.tv\/az\/wp-json\/wp\/v2\/users\/8"}],"replies":[{"embeddable":true,"href":"https:\/\/www.meydan.tv\/az\/wp-json\/wp\/v2\/comments?post=234382"}],"version-history":[{"count":3,"href":"https:\/\/www.meydan.tv\/az\/wp-json\/wp\/v2\/posts\/234382\/revisions"}],"predecessor-version":[{"id":234391,"href":"https:\/\/www.meydan.tv\/az\/wp-json\/wp\/v2\/posts\/234382\/revisions\/234391"}],"wp:featuredmedia":[{"embeddable":true,"href":"https:\/\/www.meydan.tv\/az\/wp-json\/wp\/v2\/media\/234383"}],"wp:attachment":[{"href":"https:\/\/www.meydan.tv\/az\/wp-json\/wp\/v2\/media?parent=234382"}],"wp:term":[{"taxonomy":"category","embeddable":true,"href":"https:\/\/www.meydan.tv\/az\/wp-json\/wp\/v2\/categories?post=234382"},{"taxonomy":"post_tag","embeddable":true,"href":"https:\/\/www.meydan.tv\/az\/wp-json\/wp\/v2\/tags?post=234382"}],"curies":[{"name":"wp","href":"https:\/\/api.w.org\/{rel}","templated":true}]}}