{"id":234366,"date":"2022-02-11T14:45:05","date_gmt":"2022-02-11T10:45:05","guid":{"rendered":"https:\/\/www.meydan.tv\/?p=234366"},"modified":"2022-02-11T14:45:07","modified_gmt":"2022-02-11T10:45:07","slug":"feryad-ii-netflixde-yayimlana-biler","status":"publish","type":"post","link":"https:\/\/www.meydan.tv\/az\/article\/feryad-ii-netflixde-yayimlana-biler\/","title":{"rendered":"\u201cF\u0259ryad II\u201d \u201cNetflix\u201dd\u0259 yay\u0131mlana bil\u0259r"},"content":{"rendered":"\n<p>Filmin Xocal\u0131 faci\u0259sinin 30-cu ild\u00f6n\u00fcm\u00fcnd\u0259 n\u00fcmayi\u015fi n\u0259z\u0259rd\u0259 tutulmay\u0131b<\/p>\n\n\n\n<p>\u0130kinci Qaraba\u011f m\u00fcharib\u0259sin\u0259 h\u0259sr olunan \u201cH\u0259yat, dey\u0259s\u0259n, g\u00f6z\u0259ldir\u201d (F\u0259ryad II) b\u0259dii filminin Xocal\u0131 faci\u0259sinin 30-cu ild\u00f6n\u00fcm\u00fcnd\u0259 n\u00fcmayi\u015fi n\u0259z\u0259rd\u0259 tutulmay\u0131b.<\/p>\n\n\n\n<p>Bu haqda m\u0259lumat\u0131 Meydan TV-y\u0259 M\u0259d\u0259niyy\u0259t Nazirliyinin Audiovizual v\u0259 interaktiv media \u015f\u00f6b\u0259sinin ba\u015f m\u0259sl\u0259h\u0259t\u00e7isi Ramil \u018fl\u0259kb\u0259rov verib.<\/p>\n\n\n\n<p>Bildirib ki, haz\u0131rda filmin son tamamlanma i\u015fl\u0259ri gedir. \u201cH\u0259yat, dey\u0259s\u0259n, g\u00f6z\u0259ldir\u201d filminin ilk \u00f6nc\u0259 festival h\u0259yat\u0131 ba\u015flayacaq: \u201cTarixl\u0259r festivallara uy\u011funla\u015fd\u0131r\u0131lacaq. Festivallarda t\u0259qdim olunduqdan sonra filmin yerli v\u0259 beyn\u0259lxalq kinoteatrlarda n\u00fcmayi\u015fi v\u0259 t\u0259qdimat\u0131 n\u0259z\u0259rd\u0259 tutulub. Kinoteatrlarda n\u00fcmayi\u015find\u0259n sonra onlayn platformalar v\u0259 televiziyalarda yay\u0131m\u0131 planla\u015fd\u0131r\u0131l\u0131r\u201d.<\/p>\n\n\n\n<p>M\u0259d\u0259niyy\u0259t naziri Anar K\u0259rimov \u00f6t\u0259n il T\u00fcrkiy\u0259d\u0259 s\u0259f\u0259rd\u0259 olan zaman \u201cNetflix T\u00fcrkiye\u201d platformas\u0131n\u0131n idar\u0259 hey\u0259tinin s\u0259dri Mithat \u00d6zbek il\u0259 <a href=\"https:\/\/d9mc3ts4czbpr.cloudfront.net\/az\/article\/azerbaycan-filmleri-netflixde-yayimlanacaq\/\" target=\"_blank\" rel=\"noreferrer noopener\">g\u00f6r\u00fc\u015fm\u00fc\u015fd\u00fc<\/a>.<\/p>\n\n\n\n<p>G\u00f6r\u00fc\u015f\u00fc zaman\u0131 Az\u0259rbaycan filml\u0259rinin \u201cNetflix\u201dd\u0259 yay\u0131m\u0131 il\u0259 ba\u011fl\u0131 m\u00fczakir\u0259l\u0259r aparm\u0131\u015fd\u0131.<\/p>\n\n\n\n<p>Ramil \u018fl\u0259kb\u0259rov deyir ki, \u201cH\u0259yat, dey\u0259s\u0259n, g\u00f6z\u0259ldir\u201d v\u0259 ya dig\u0259r filml\u0259rin \u201cNetflix\u201d platformas\u0131nda n\u00fcmayi\u015fi istisna deyil: \u201c\u00dcmumi olaraq ilkin dan\u0131\u015f\u0131qlar apar\u0131l\u0131b. Konkret olaraq h\u0259r filml\u0259 ba\u011fl\u0131 ayr\u0131ca raz\u0131l\u0131q \u0259ld\u0259 olunmal\u0131d\u0131r. H\u0259r bir platforman\u0131n x\u00fcsusi kriteriyalar\u0131 var. T\u0259qdim olunan filml\u0259r h\u0259m texniki, h\u0259m keyfiyy\u0259t, h\u0259m d\u0259 m\u00f6vzu bax\u0131m\u0131ndan t\u0259l\u0259bl\u0259r\u0259 uy\u011fun olmal\u0131d\u0131r\u201d.<\/p>\n\n\n\n<p>\u201cH\u0259yat, dey\u0259s\u0259n, g\u00f6z\u0259ldir\u201d tammetrajl\u0131 b\u0259dii filminin \u00e7\u0259kili\u015fl\u0259ri iki ay \u0259rzind\u0259 Hadrutda, X\u0131z\u0131da, Bak\u0131da v\u0259 Ab\u015feronda <a href=\"https:\/\/d9mc3ts4czbpr.cloudfront.net\/az\/article\/feryad-ii-filminin-cekilisleri-basa-catib\/\" target=\"_blank\" rel=\"noreferrer noopener\">apar\u0131l\u0131b<\/a>.<\/p>\n\n\n\n<p>\u0130kinci Qaraba\u011f m\u00fcharib\u0259sin\u0259 h\u0259sr olunan filmin ssenari m\u00fc\u0259llifi v\u0259 qurulu\u015f\u00e7u rejissoru Xalq artisti Vaqif Mustafayevdir.<\/p>\n\n\n\n<p>Filmd\u0259 \u0259sir g\u00f6t\u00fcr\u00fclm\u00fc\u015f erm\u0259ni \u0259sg\u0259rl\u0259ri aras\u0131nda iki qarda\u015f var. Qarda\u015flar\u0131n sonrak\u0131 aqib\u0259ti tragikomik janrda olan ekran \u0259s\u0259rinin \u0259sas\u0131n\u0131 t\u0259\u015fkil edir.<\/p>\n\n\n\n<p>\u0130lkin i\u015f\u00e7i ad\u0131 \u201cF\u0259ryad II\u201d olan filmin, ssenari m\u00fc\u0259llifi v\u0259 rejissoru Vaqif Mustafayev, t\u0259svir rejissoru Orxan Abbasov, r\u0259ssam\u0131 Quram Navroza\u015fvili, geyim r\u0259ssam\u0131 Keti Kalandadze, b\u0259st\u0259kar\u0131 Tural M\u0259mm\u0259dli, prod\u00fcseri is\u0259 Fariz \u018fhm\u0259dovdur.<\/p>\n\n\n\n<p>Ba\u015f rolda Hikm\u0259t R\u0259himov, rollarda Sevinc \u018fliyeva, Nino Qomarteli, Dmitri Samxaradze, Giorgi Celiya v\u0259 Aftandil Maxaradze \u00e7\u0259kilibl\u0259r.<\/p>\n\n\n\n<p>Film M\u0259d\u0259niyy\u0259t Nazirliyinin sifari\u015fi il\u0259 \u201cAz\u0259rbaycanfilm\u201d Kinostudiyas\u0131n\u0131n istehsal\u0131d\u0131r.<\/p>\n\n\n\n<p>\u0130lk \u201cF\u0259ryad\u201d filmi is\u0259 1993-c\u00fc ild\u0259 \u00e7\u0259kilib.<\/p>\n\n\n\n<p>Film Birinci Qaraba\u011f m\u00fcharib\u0259sin\u0259 h\u0259sr olunub.<\/p>\n\n\n\n<p>Ba\u015f q\u0259hr\u0259man\u0131n prototipi var v\u0259 burada t\u0259svir olunan hadis\u0259l\u0259r real faktlara \u0259saslan\u0131r.<\/p>\n\n\n\n<p>Ekran \u0259s\u0259ri Qaraba\u011f m\u00fcharib\u0259sind\u0259 d\u00f6y\u00fc\u015f\u0259n \u0259sg\u0259rl\u0259rd\u0259n birinin ba\u015f\u0131na g\u0259tiril\u0259n \u0259hvalatdan b\u0259hs edir.<\/p>\n\n\n\n<p>Filmin ssenari m\u00fc\u0259llifi Vaqif Mustafayev, rejissoru Ceyhun Mirz\u0259yevdir.<\/p>\n\n\n\n<p>\u201cF\u0259ryad\u201dda Ceyhun Mirz\u0259yev, M\u0259lik Dada\u015fov, Hac\u0131 \u0130smay\u0131lov, Liana Qudadze, Fikr\u0259t M\u0259mm\u0259dov, F\u0259r\u0259c F\u0259r\u0259cov \u00e7\u0259kilib.<\/p>\n\n\n\n<p>Xocal\u0131 faci\u0259si Birinci Qaraba\u011f m\u00fcharib\u0259si d\u00f6vr\u00fcnd\u0259 1992-ci il fevral\u0131n 25-d\u0259n 26-a ke\u00e7\u0259n gec\u0259 ba\u015f verib.<\/p>\n\n\n\n<p>2020-ci il sentyabr\u0131n 27-d\u0259 is\u0259 Az\u0259rbaycan v\u0259 Erm\u0259nistan silahl\u0131 q\u00fcvv\u0259l\u0259rinin t\u0259mas x\u0259ttind\u0259 n\u00f6vb\u0259ti d\u0259f\u0259 d\u00f6y\u00fc\u015fl\u0259r ba\u015flay\u0131b.<\/p>\n\n\n\n<p>44 g\u00fcnl\u00fck bu m\u00fcharib\u0259 (\u0130kinci Qaraba\u011f m\u00fcharib\u0259si) v\u0259 sonrak\u0131 raz\u0131la\u015fma n\u0259tic\u0259sind\u0259 Az\u0259rbaycan Da\u011fl\u0131q Qaraba\u011f\u0131n bir hiss\u0259sin\u0259 v\u0259 \u0259traf yeddi rayona (\u015eu\u015fa, Hadrut, C\u0259bray\u0131l, F\u00fczuli, Qubadl\u0131, Z\u0259ngilan v\u0259 Xocav\u0259ndin bir hiss\u0259si) n\u0259zar\u0259ti \u0259l\u0259 al\u0131b.<\/p>\n\n\n\n<p>10 noyabr raz\u0131la\u015fmas\u0131na (Az\u0259rbaycan, Erm\u0259nistan v\u0259 Rusiya r\u0259hb\u0259rl\u0259ri aras\u0131nda) \u0259sas\u0259n, La\u00e7\u0131n d\u0259hlizind\u0259 v\u0259 qo\u015funlar\u0131n t\u0259mas x\u0259ttind\u0259 Rusiya s\u00fclhm\u0259raml\u0131lar\u0131 yerl\u0259\u015fdirilib, K\u0259lb\u0259c\u0259r, A\u011fdam v\u0259 La\u00e7\u0131n rayonlar\u0131 bo\u015fald\u0131l\u0131b.<\/p>\n\n\n\n<p>Ke\u00e7mi\u015f Da\u011fl\u0131q Qaraba\u011f Muxtar Vilay\u0259tinin \u00e7ox hiss\u0259si tan\u0131nmayan qurumun v\u0259 Rusiya s\u00fclhm\u0259raml\u0131lar\u0131n\u0131n n\u0259zar\u0259tind\u0259 qal\u0131b.<\/p>\n","protected":false},"excerpt":{"rendered":"<p>Filmin Xocal\u0131 faci\u0259sinin 30-cu ild\u00f6n\u00fcm\u00fcnd\u0259 n\u00fcmayi\u015fi n\u0259z\u0259rd\u0259 tutulmay\u0131b \u0130kinci Qaraba\u011f &#8230; <\/p>\n<p class=\"read-more-container\"><a title=\"\u201cF\u0259ryad II\u201d \u201cNetflix\u201dd\u0259 yay\u0131mlana bil\u0259r\" class=\"read-more button\" href=\"https:\/\/www.meydan.tv\/az\/article\/feryad-ii-netflixde-yayimlana-biler\/#more-234366\" aria-label=\"Read more about \u201cF\u0259ryad II\u201d \u201cNetflix\u201dd\u0259 yay\u0131mlana bil\u0259r\">Davam\u0131<\/a><\/p>\n","protected":false},"author":8,"featured_media":234367,"comment_status":"closed","ping_status":"closed","sticky":false,"template":"","format":"standard","meta":{"_acf_changed":false,"_sitemap_exclude":false,"_sitemap_priority":"","_sitemap_frequency":"","footnotes":""},"categories":[52,56],"tags":[],"class_list":["post-234366","post","type-post","status-publish","format-standard","has-post-thumbnail","hentry","category-medeniyyet","category-xeberler","infinite-scroll-item","generate-columns","tablet-grid-50","mobile-grid-100","grid-parent","grid-33","no-featured-image-padding"],"acf":[],"yoast_head":"<!-- This site is optimized with the Yoast SEO plugin v27.4 - https:\/\/yoast.com\/product\/yoast-seo-wordpress\/ -->\n<title>\u201cF\u0259ryad II\u201d \u201cNetflix\u201dd\u0259 yay\u0131mlana bil\u0259r - MEYDAN.TV<\/title>\n<meta name=\"robots\" content=\"index, follow, max-snippet:-1, max-image-preview:large, max-video-preview:-1\" \/>\n<link rel=\"canonical\" href=\"https:\/\/www.meydan.tv\/az\/article\/feryad-ii-netflixde-yayimlana-biler\/\" \/>\n<meta property=\"og:locale\" content=\"az_AZ\" \/>\n<meta property=\"og:type\" content=\"article\" \/>\n<meta property=\"og:title\" content=\"\u201cF\u0259ryad II\u201d \u201cNetflix\u201dd\u0259 yay\u0131mlana bil\u0259r - MEYDAN.TV\" \/>\n<meta property=\"og:description\" content=\"Filmin Xocal\u0131 faci\u0259sinin 30-cu ild\u00f6n\u00fcm\u00fcnd\u0259 n\u00fcmayi\u015fi n\u0259z\u0259rd\u0259 tutulmay\u0131b \u0130kinci Qaraba\u011f ... Davam\u0131\" \/>\n<meta property=\"og:url\" content=\"https:\/\/www.meydan.tv\/az\/article\/feryad-ii-netflixde-yayimlana-biler\/\" \/>\n<meta property=\"og:site_name\" content=\"MEYDAN.TV\" \/>\n<meta property=\"article:published_time\" content=\"2022-02-11T10:45:05+00:00\" \/>\n<meta property=\"article:modified_time\" content=\"2022-02-11T10:45:07+00:00\" \/>\n<meta property=\"og:image\" content=\"https:\/\/www.meydan.tv\/wp-content\/uploads\/16335036173971754916_1000x669.jpg\" \/>\n\t<meta property=\"og:image:width\" content=\"1200\" \/>\n\t<meta property=\"og:image:height\" content=\"674\" \/>\n\t<meta property=\"og:image:type\" content=\"image\/jpeg\" \/>\n<meta name=\"author\" content=\"elli\" \/>\n<meta name=\"twitter:card\" content=\"summary_large_image\" \/>\n<meta name=\"twitter:creator\" content=\"@elli\" \/>\n<script type=\"application\/ld+json\" class=\"yoast-schema-graph\">{\"@context\":\"https:\\\/\\\/schema.org\",\"@graph\":[{\"@type\":\"Article\",\"@id\":\"https:\\\/\\\/www.meydan.tv\\\/az\\\/article\\\/feryad-ii-netflixde-yayimlana-biler\\\/#article\",\"isPartOf\":{\"@id\":\"https:\\\/\\\/www.meydan.tv\\\/az\\\/article\\\/feryad-ii-netflixde-yayimlana-biler\\\/\"},\"author\":{\"name\":\"elli\",\"@id\":\"https:\\\/\\\/www.meydan.tv\\\/az\\\/#\\\/schema\\\/person\\\/9cdbecf90d17180ce1dfbd95b08dcf47\"},\"headline\":\"\u201cF\u0259ryad II\u201d \u201cNetflix\u201dd\u0259 yay\u0131mlana bil\u0259r\",\"datePublished\":\"2022-02-11T10:45:05+00:00\",\"dateModified\":\"2022-02-11T10:45:07+00:00\",\"mainEntityOfPage\":{\"@id\":\"https:\\\/\\\/www.meydan.tv\\\/az\\\/article\\\/feryad-ii-netflixde-yayimlana-biler\\\/\"},\"wordCount\":764,\"publisher\":{\"@id\":\"https:\\\/\\\/www.meydan.tv\\\/az\\\/#organization\"},\"image\":{\"@id\":\"https:\\\/\\\/www.meydan.tv\\\/az\\\/article\\\/feryad-ii-netflixde-yayimlana-biler\\\/#primaryimage\"},\"thumbnailUrl\":\"https:\\\/\\\/www.meydan.tv\\\/wp-content\\\/uploads\\\/16335036173971754916_1000x669.jpg\",\"articleSection\":[\"M\u0259d\u0259niyy\u0259t\",\"X\u0259b\u0259rl\u0259r\"],\"inLanguage\":\"az\"},{\"@type\":\"WebPage\",\"@id\":\"https:\\\/\\\/www.meydan.tv\\\/az\\\/article\\\/feryad-ii-netflixde-yayimlana-biler\\\/\",\"url\":\"https:\\\/\\\/www.meydan.tv\\\/az\\\/article\\\/feryad-ii-netflixde-yayimlana-biler\\\/\",\"name\":\"\u201cF\u0259ryad II\u201d \u201cNetflix\u201dd\u0259 yay\u0131mlana bil\u0259r - MEYDAN.TV\",\"isPartOf\":{\"@id\":\"https:\\\/\\\/www.meydan.tv\\\/az\\\/#website\"},\"primaryImageOfPage\":{\"@id\":\"https:\\\/\\\/www.meydan.tv\\\/az\\\/article\\\/feryad-ii-netflixde-yayimlana-biler\\\/#primaryimage\"},\"image\":{\"@id\":\"https:\\\/\\\/www.meydan.tv\\\/az\\\/article\\\/feryad-ii-netflixde-yayimlana-biler\\\/#primaryimage\"},\"thumbnailUrl\":\"https:\\\/\\\/www.meydan.tv\\\/wp-content\\\/uploads\\\/16335036173971754916_1000x669.jpg\",\"datePublished\":\"2022-02-11T10:45:05+00:00\",\"dateModified\":\"2022-02-11T10:45:07+00:00\",\"breadcrumb\":{\"@id\":\"https:\\\/\\\/www.meydan.tv\\\/az\\\/article\\\/feryad-ii-netflixde-yayimlana-biler\\\/#breadcrumb\"},\"inLanguage\":\"az\",\"potentialAction\":[{\"@type\":\"ReadAction\",\"target\":[\"https:\\\/\\\/www.meydan.tv\\\/az\\\/article\\\/feryad-ii-netflixde-yayimlana-biler\\\/\"]}]},{\"@type\":\"ImageObject\",\"inLanguage\":\"az\",\"@id\":\"https:\\\/\\\/www.meydan.tv\\\/az\\\/article\\\/feryad-ii-netflixde-yayimlana-biler\\\/#primaryimage\",\"url\":\"https:\\\/\\\/www.meydan.tv\\\/wp-content\\\/uploads\\\/16335036173971754916_1000x669.jpg\",\"contentUrl\":\"https:\\\/\\\/www.meydan.tv\\\/wp-content\\\/uploads\\\/16335036173971754916_1000x669.jpg\",\"width\":1200,\"height\":674,\"caption\":\"\u201cH\u0259yat, dey\u0259s\u0259n, g\u00f6z\u0259ldir\u201d (F\u0259ryad II) filminin \u00e7\u0259kili\u015f meydan\u00e7as\u0131, Foto: Az\u0259rtac\"},{\"@type\":\"BreadcrumbList\",\"@id\":\"https:\\\/\\\/www.meydan.tv\\\/az\\\/article\\\/feryad-ii-netflixde-yayimlana-biler\\\/#breadcrumb\",\"itemListElement\":[{\"@type\":\"ListItem\",\"position\":1,\"name\":\"Ana s\u0259hif\u0259\",\"item\":\"https:\\\/\\\/www.meydan.tv\\\/az\\\/\"},{\"@type\":\"ListItem\",\"position\":2,\"name\":\"M\u0259d\u0259niyy\u0259t\",\"item\":\"https:\\\/\\\/www.meydan.tv\\\/az\\\/section\\\/medeniyyet\\\/\"},{\"@type\":\"ListItem\",\"position\":3,\"name\":\"\u201cF\u0259ryad II\u201d \u201cNetflix\u201dd\u0259 yay\u0131mlana bil\u0259r\"}]},{\"@type\":\"WebSite\",\"@id\":\"https:\\\/\\\/www.meydan.tv\\\/az\\\/#website\",\"url\":\"https:\\\/\\\/www.meydan.tv\\\/az\\\/\",\"name\":\"MEYDAN.TV\",\"description\":\"Meydan TV Az\u0259rbaycan\u0131n media m\u0259kan\u0131ndak\u0131 alternativ s\u0259sidir\",\"publisher\":{\"@id\":\"https:\\\/\\\/www.meydan.tv\\\/az\\\/#organization\"},\"potentialAction\":[{\"@type\":\"SearchAction\",\"target\":{\"@type\":\"EntryPoint\",\"urlTemplate\":\"https:\\\/\\\/www.meydan.tv\\\/az\\\/?s={search_term_string}\"},\"query-input\":{\"@type\":\"PropertyValueSpecification\",\"valueRequired\":true,\"valueName\":\"search_term_string\"}}],\"inLanguage\":\"az\"},{\"@type\":\"Organization\",\"@id\":\"https:\\\/\\\/www.meydan.tv\\\/az\\\/#organization\",\"name\":\"Meydan TV\",\"url\":\"https:\\\/\\\/www.meydan.tv\\\/az\\\/\",\"logo\":{\"@type\":\"ImageObject\",\"inLanguage\":\"az\",\"@id\":\"https:\\\/\\\/www.meydan.tv\\\/az\\\/#\\\/schema\\\/logo\\\/image\\\/\",\"url\":\"https:\\\/\\\/www.meydan.tv\\\/wp-content\\\/uploads\\\/2021\\\/07\\\/meydan-logo.svg\",\"contentUrl\":\"https:\\\/\\\/www.meydan.tv\\\/wp-content\\\/uploads\\\/2021\\\/07\\\/meydan-logo.svg\",\"width\":195,\"height\":46,\"caption\":\"Meydan TV\"},\"image\":{\"@id\":\"https:\\\/\\\/www.meydan.tv\\\/az\\\/#\\\/schema\\\/logo\\\/image\\\/\"}},{\"@type\":\"Person\",\"@id\":\"https:\\\/\\\/www.meydan.tv\\\/az\\\/#\\\/schema\\\/person\\\/9cdbecf90d17180ce1dfbd95b08dcf47\",\"name\":\"elli\",\"sameAs\":[\"https:\\\/\\\/x.com\\\/elli\"]}]}<\/script>\n<!-- \/ Yoast SEO plugin. -->","yoast_head_json":{"title":"\u201cF\u0259ryad II\u201d \u201cNetflix\u201dd\u0259 yay\u0131mlana bil\u0259r - MEYDAN.TV","robots":{"index":"index","follow":"follow","max-snippet":"max-snippet:-1","max-image-preview":"max-image-preview:large","max-video-preview":"max-video-preview:-1"},"canonical":"https:\/\/www.meydan.tv\/az\/article\/feryad-ii-netflixde-yayimlana-biler\/","og_locale":"az_AZ","og_type":"article","og_title":"\u201cF\u0259ryad II\u201d \u201cNetflix\u201dd\u0259 yay\u0131mlana bil\u0259r - MEYDAN.TV","og_description":"Filmin Xocal\u0131 faci\u0259sinin 30-cu ild\u00f6n\u00fcm\u00fcnd\u0259 n\u00fcmayi\u015fi n\u0259z\u0259rd\u0259 tutulmay\u0131b \u0130kinci Qaraba\u011f ... Davam\u0131","og_url":"https:\/\/www.meydan.tv\/az\/article\/feryad-ii-netflixde-yayimlana-biler\/","og_site_name":"MEYDAN.TV","article_published_time":"2022-02-11T10:45:05+00:00","article_modified_time":"2022-02-11T10:45:07+00:00","og_image":[{"width":1200,"height":674,"url":"https:\/\/www.meydan.tv\/wp-content\/uploads\/16335036173971754916_1000x669.jpg","type":"image\/jpeg"}],"author":"elli","twitter_card":"summary_large_image","twitter_creator":"@elli","schema":{"@context":"https:\/\/schema.org","@graph":[{"@type":"Article","@id":"https:\/\/www.meydan.tv\/az\/article\/feryad-ii-netflixde-yayimlana-biler\/#article","isPartOf":{"@id":"https:\/\/www.meydan.tv\/az\/article\/feryad-ii-netflixde-yayimlana-biler\/"},"author":{"name":"elli","@id":"https:\/\/www.meydan.tv\/az\/#\/schema\/person\/9cdbecf90d17180ce1dfbd95b08dcf47"},"headline":"\u201cF\u0259ryad II\u201d \u201cNetflix\u201dd\u0259 yay\u0131mlana bil\u0259r","datePublished":"2022-02-11T10:45:05+00:00","dateModified":"2022-02-11T10:45:07+00:00","mainEntityOfPage":{"@id":"https:\/\/www.meydan.tv\/az\/article\/feryad-ii-netflixde-yayimlana-biler\/"},"wordCount":764,"publisher":{"@id":"https:\/\/www.meydan.tv\/az\/#organization"},"image":{"@id":"https:\/\/www.meydan.tv\/az\/article\/feryad-ii-netflixde-yayimlana-biler\/#primaryimage"},"thumbnailUrl":"https:\/\/www.meydan.tv\/wp-content\/uploads\/16335036173971754916_1000x669.jpg","articleSection":["M\u0259d\u0259niyy\u0259t","X\u0259b\u0259rl\u0259r"],"inLanguage":"az"},{"@type":"WebPage","@id":"https:\/\/www.meydan.tv\/az\/article\/feryad-ii-netflixde-yayimlana-biler\/","url":"https:\/\/www.meydan.tv\/az\/article\/feryad-ii-netflixde-yayimlana-biler\/","name":"\u201cF\u0259ryad II\u201d \u201cNetflix\u201dd\u0259 yay\u0131mlana bil\u0259r - MEYDAN.TV","isPartOf":{"@id":"https:\/\/www.meydan.tv\/az\/#website"},"primaryImageOfPage":{"@id":"https:\/\/www.meydan.tv\/az\/article\/feryad-ii-netflixde-yayimlana-biler\/#primaryimage"},"image":{"@id":"https:\/\/www.meydan.tv\/az\/article\/feryad-ii-netflixde-yayimlana-biler\/#primaryimage"},"thumbnailUrl":"https:\/\/www.meydan.tv\/wp-content\/uploads\/16335036173971754916_1000x669.jpg","datePublished":"2022-02-11T10:45:05+00:00","dateModified":"2022-02-11T10:45:07+00:00","breadcrumb":{"@id":"https:\/\/www.meydan.tv\/az\/article\/feryad-ii-netflixde-yayimlana-biler\/#breadcrumb"},"inLanguage":"az","potentialAction":[{"@type":"ReadAction","target":["https:\/\/www.meydan.tv\/az\/article\/feryad-ii-netflixde-yayimlana-biler\/"]}]},{"@type":"ImageObject","inLanguage":"az","@id":"https:\/\/www.meydan.tv\/az\/article\/feryad-ii-netflixde-yayimlana-biler\/#primaryimage","url":"https:\/\/www.meydan.tv\/wp-content\/uploads\/16335036173971754916_1000x669.jpg","contentUrl":"https:\/\/www.meydan.tv\/wp-content\/uploads\/16335036173971754916_1000x669.jpg","width":1200,"height":674,"caption":"\u201cH\u0259yat, dey\u0259s\u0259n, g\u00f6z\u0259ldir\u201d (F\u0259ryad II) filminin \u00e7\u0259kili\u015f meydan\u00e7as\u0131, Foto: Az\u0259rtac"},{"@type":"BreadcrumbList","@id":"https:\/\/www.meydan.tv\/az\/article\/feryad-ii-netflixde-yayimlana-biler\/#breadcrumb","itemListElement":[{"@type":"ListItem","position":1,"name":"Ana s\u0259hif\u0259","item":"https:\/\/www.meydan.tv\/az\/"},{"@type":"ListItem","position":2,"name":"M\u0259d\u0259niyy\u0259t","item":"https:\/\/www.meydan.tv\/az\/section\/medeniyyet\/"},{"@type":"ListItem","position":3,"name":"\u201cF\u0259ryad II\u201d \u201cNetflix\u201dd\u0259 yay\u0131mlana bil\u0259r"}]},{"@type":"WebSite","@id":"https:\/\/www.meydan.tv\/az\/#website","url":"https:\/\/www.meydan.tv\/az\/","name":"MEYDAN.TV","description":"Meydan TV Az\u0259rbaycan\u0131n media m\u0259kan\u0131ndak\u0131 alternativ s\u0259sidir","publisher":{"@id":"https:\/\/www.meydan.tv\/az\/#organization"},"potentialAction":[{"@type":"SearchAction","target":{"@type":"EntryPoint","urlTemplate":"https:\/\/www.meydan.tv\/az\/?s={search_term_string}"},"query-input":{"@type":"PropertyValueSpecification","valueRequired":true,"valueName":"search_term_string"}}],"inLanguage":"az"},{"@type":"Organization","@id":"https:\/\/www.meydan.tv\/az\/#organization","name":"Meydan TV","url":"https:\/\/www.meydan.tv\/az\/","logo":{"@type":"ImageObject","inLanguage":"az","@id":"https:\/\/www.meydan.tv\/az\/#\/schema\/logo\/image\/","url":"https:\/\/www.meydan.tv\/wp-content\/uploads\/2021\/07\/meydan-logo.svg","contentUrl":"https:\/\/www.meydan.tv\/wp-content\/uploads\/2021\/07\/meydan-logo.svg","width":195,"height":46,"caption":"Meydan TV"},"image":{"@id":"https:\/\/www.meydan.tv\/az\/#\/schema\/logo\/image\/"}},{"@type":"Person","@id":"https:\/\/www.meydan.tv\/az\/#\/schema\/person\/9cdbecf90d17180ce1dfbd95b08dcf47","name":"elli","sameAs":["https:\/\/x.com\/elli"]}]}},"_links":{"self":[{"href":"https:\/\/www.meydan.tv\/az\/wp-json\/wp\/v2\/posts\/234366","targetHints":{"allow":["GET"]}}],"collection":[{"href":"https:\/\/www.meydan.tv\/az\/wp-json\/wp\/v2\/posts"}],"about":[{"href":"https:\/\/www.meydan.tv\/az\/wp-json\/wp\/v2\/types\/post"}],"author":[{"embeddable":true,"href":"https:\/\/www.meydan.tv\/az\/wp-json\/wp\/v2\/users\/8"}],"replies":[{"embeddable":true,"href":"https:\/\/www.meydan.tv\/az\/wp-json\/wp\/v2\/comments?post=234366"}],"version-history":[{"count":2,"href":"https:\/\/www.meydan.tv\/az\/wp-json\/wp\/v2\/posts\/234366\/revisions"}],"predecessor-version":[{"id":234375,"href":"https:\/\/www.meydan.tv\/az\/wp-json\/wp\/v2\/posts\/234366\/revisions\/234375"}],"wp:featuredmedia":[{"embeddable":true,"href":"https:\/\/www.meydan.tv\/az\/wp-json\/wp\/v2\/media\/234367"}],"wp:attachment":[{"href":"https:\/\/www.meydan.tv\/az\/wp-json\/wp\/v2\/media?parent=234366"}],"wp:term":[{"taxonomy":"category","embeddable":true,"href":"https:\/\/www.meydan.tv\/az\/wp-json\/wp\/v2\/categories?post=234366"},{"taxonomy":"post_tag","embeddable":true,"href":"https:\/\/www.meydan.tv\/az\/wp-json\/wp\/v2\/tags?post=234366"}],"curies":[{"name":"wp","href":"https:\/\/api.w.org\/{rel}","templated":true}]}}