{"id":234350,"date":"2022-02-11T13:10:09","date_gmt":"2022-02-11T09:10:09","guid":{"rendered":"https:\/\/www.meydan.tv\/?p=234350"},"modified":"2022-02-11T15:19:40","modified_gmt":"2022-02-11T11:19:40","slug":"qoca-kardinalin-eliyeve-xidmeti","status":"publish","type":"post","link":"https:\/\/www.meydan.tv\/az\/article\/qoca-kardinalin-eliyeve-xidmeti\/","title":{"rendered":"Qoca kardinal\u0131n \u018fliyev\u0259 xidm\u0259ti"},"content":{"rendered":"\n<p><em>O, bir yaz\u0131da bir ne\u00e7\u0259 m\u0259kr i\u015fl\u0259tdi<\/em><\/p>\n\n\n\n<p>Ramiz Mehdiyevin AMEA-n\u0131n &#8220;M\u0259tbuat xidm\u0259ti&#8221; ad\u0131yla ona h\u00fccum ed\u0259nl\u0259r\u0259 cavab\u0131 g\u00fcnd\u0259mi z\u0259bt edib. Bu &#8220;\u0259ks h\u00fccum&#8221; yaz\u0131s\u0131 AMEA-n\u0131n r\u0259smi sayt\u0131nda d\u0259rc olunandan sosial \u015f\u0259b\u0259k\u0259l\u0259rd\u0259 m\u00fczakir\u0259l\u0259r davam edir. Amma bu a\u00e7\u0131qlamadan sonra bir \u00e7ox siyasi, ictimai f\u0259al qoca kardinal\u0131n (siyasil\u0259r aras\u0131nda Ramiz Mehdiyev bel\u0259 adlan\u0131r &#8211; red) t\u0259l\u0259sin\u0259 d\u00fc\u015fd\u00fc. B\u0259li, m\u0259hz onun t\u0259l\u0259sin\u0259 d\u00fc\u015fd\u00fc\u2026<\/p>\n\n\n\n<p>Qoca kardinal\u0131n ona h\u00fccum ed\u0259nl\u0259r\u0259 cavab\u0131n\u0131 oxuduqca bu m\u0259nz\u0259r\u0259 g\u00f6z\u00fcmd\u0259 canland\u0131. Yeri g\u0259lmi\u015fk\u0259n, Ramiz Mehdiyevin n\u0259 d\u00fc\u015f\u00fcn\u0259 bil\u0259c\u0259yini proqnozla\u015fd\u0131ra bil\u0259n az adamlardan say\u0131la bil\u0259rik. \u00c7\u00fcnki uzun ill\u0259rin siyasi t\u0259cr\u00fcb\u0259si bu c\u00fcr adamlar\u0131n bu tipli cavablarla n\u0259 dem\u0259k ist\u0259dikl\u0259rini t\u0259hlil etm\u0259y\u0259 imkan verir.<\/p>\n\n\n\n<p>Ramiz Mehdiyev bu yaz\u0131 il\u0259 \u0130lham \u018fliyev\u0259 n\u00f6vb\u0259ti d\u0259f\u0259 s\u0259daq\u0259tini v\u0259 xidm\u0259tini izhar etdi. \u201c\u0130zhar etdi\u201d b\u0259lk\u0259 d\u0259, d\u0259qiq ifad\u0259 deyil. Adam konkret olaraq hakimiyy\u0259tin ne\u00e7\u0259 g\u00fcnd\u00fcr ed\u0259 bilm\u0259diyini bir h\u0259ml\u0259d\u0259 etdi v\u0259 bir yaz\u0131 il\u0259 bir ne\u00e7\u0259 m\u0259qs\u0259din\u0259 \u00e7atm\u0131\u015f oldu.<\/p>\n\n\n\n<p><strong>G\u00fcnd\u0259mi d\u0259yi\u015fm\u0259k<\/strong><\/p>\n\n\n\n<p>Bir ne\u00e7\u0259 g\u00fcnd\u00fcr ki, sosial mediada \u0259sas g\u00fcnd\u0259m Az\u0259rbaycan parlamentinin \u00fczv\u00fc, hakim ail\u0259y\u0259 yax\u0131nl\u0131\u011f\u0131 il\u0259 tan\u0131nan Cavan\u015fir Feyziyevin Londondak\u0131 pullar\u0131n\u0131n m\u00fch\u00fcm hiss\u0259sin\u0259 (5,6 funt sterlinq) h\u0259bs qoyulmas\u0131 idi.<\/p>\n\n\n\n<p>\u201cDeputat bu pullar\u0131 haradan nec\u0259 qazan\u0131b, \u00f6lk\u0259d\u0259n nec\u0259 \u00e7\u0131xar\u0131b, orada onu nec\u0259 \u201cyuma\u011fa\u201d \u00e7al\u0131\u015f\u0131b, nec\u0259 yaxalan\u0131b, bu proses \u0130lham \u018fliyev\u0259 do\u011fru ir\u0259lil\u0259y\u0259 bil\u0259rmi?\u201d kimi suallar h\u0259r k\u0259si d\u00fc\u015f\u00fcnd\u00fcr\u00fcrd\u00fc.<\/p>\n\n\n\n<p>Bu m\u00f6vzunu g\u00fcnd\u0259md\u0259n \u00e7\u0131xarmaq \u00fc\u00e7\u00fcn hakimiyy\u0259t texnoloqlar\u0131 bir ne\u00e7\u0259 m\u0259s\u0259l\u0259ni ortaya atd\u0131lar. Ramiz Mehdiyev\u0259 istefa kampaniyas\u0131 t\u0259\u015fkil etdil\u0259r, N\u0259cm\u0259ddin Sad\u0131qovun d\u00fcn\u0259nki cinay\u0259tl\u0259rini bir k\u0259nara qoyub, 1993-c\u00fc ild\u0259 t\u00f6r\u0259tdiyi bir cinay\u0259t\u0259 g\u00f6r\u0259 ona ittiham ir\u0259li s\u00fcrd\u00fcl\u0259r, amma al\u0131nmad\u0131 ki, al\u0131nmad\u0131. G\u00fcnd\u0259m Cavan\u015fir Feyziyev olmaqda qald\u0131.<\/p>\n\n\n\n<p>N\u0259hay\u0259t, bel\u0259 oldu ki, R\u00f6vn\u0259q Abdullayevin v\u0259zif\u0259sini d\u0259yi\u015fdil\u0259r. Amma bu da el\u0259 ciddi t\u0259sir\u0259 malik olmad\u0131. \u00c7\u00fcnki b\u00fct\u00fcn bunlar birt\u0259r\u0259fli intriqad\u0131r, cavabs\u0131z \u201cat\u0259\u015f\u201ddir. El\u0259 bu an s\u0259hn\u0259d\u0259 boz kardinal peyda oldu. Ona qar\u015f\u0131 \u201ch\u00fccumlar\u201da cavab verdi. 10 fevral g\u00fcn\u00fcn\u00fcn ax\u015fam\u0131 sosial media v\u0259 h\u00f6kum\u0259tin \u0259traf\u0131nda f\u0131rlanan saytlar\u0131n s\u0259hif\u0259l\u0259ri Ramiz Mehdiyevin \u201ccavab\u201d\u0131n\u0131 tirajlay\u0131rd\u0131. Bel\u0259c\u0259, Cavan\u015fir Feyziyev art\u0131q g\u00fcnd\u0259md\u0259 yox idi. Birinci v\u0259 \u0259sas h\u0259d\u0259f\u0259 \u00e7atmaq m\u00fcmk\u00fcn oldu.<\/p>\n\n\n\n<p><strong>\u0130kinci m\u0259qs\u0259d, yaxud \u0259l\u0259 d\u00fc\u015fm\u00fc\u015f f\u00fcrs\u0259t<\/strong><\/p>\n\n\n\n<p>Ramiz Mehdiyevin \u018fliyev\u0259 ikinci m\u00fch\u00fcm xidm\u0259ti onun bu yaz\u0131da i\u015fl\u0259tdiyi texnika, dil v\u0259 \u00fcslubla ba\u011fl\u0131 idi. Yaz\u0131da h\u00fccum texnikas\u0131 var idi. \u201c\u0130lham \u018fliyev\u0259 meydan oxudu\u201d ba\u015fl\u0131qlar\u0131ndan g\u00f6r\u00fcn\u00fcrd\u00fc ki, qoca m\u0259qs\u0259din\u0259 \u00e7at\u0131b. Populyar dild\u0259n v\u0259 m\u00fcxalif \u00fcslubdan istifad\u0259 is\u0259 ba\u015fqa m\u0259qs\u0259d\u0259 xidm\u0259t edir. Boz kardinal bundan \u0259vv\u0259l d\u0259 ona \u201cqar\u015f\u0131 \u00e7\u0131xanlar\u201d\u0131 \u00f6lk\u0259d\u0259ki real m\u00fcxalif elektorat\u0131n dili v\u0259 \u00fcslubu il\u0259, epitetl\u0259ri il\u0259 \u201cvurur\u201ddu. Burada m\u0259qs\u0259d he\u00e7 d\u0259 \u0130lham \u018fliyev\u0259 z\u0259rb\u0259 vurmaq, ham\u0131ya b\u0259lli olan t\u0259yinat sisteminin \u0259slind\u0259 se\u00e7ki olmad\u0131\u011f\u0131n\u0131 ortaya qoymaq deyil.<\/p>\n\n\n\n<p>M\u0259qs\u0259d bel\u0259 bir g\u00f6r\u00fcnt\u00fc yaratmaqd\u0131r ki, guya real m\u00fcxalif\u0259tl\u0259 Ramiz Mehdiyev eyni \u201cdil\u201dd\u0259 dan\u0131\u015f\u0131rlar. \u0130lham \u018fliyevin \u0259sas adam\u0131 olan Mehdiyev \u00f6z\u00fcn\u0259 (\u0130lham \u018fliyev\u0259) arxay\u0131n olmasa, bel\u0259 bir \u00fcslub se\u00e7\u0259rmi? Q\u0259tiyy\u0259n.<\/p>\n\n\n\n<p>Ramiz Mehdiyevin \u201cavtobus m\u00fcxalif\u0259ti\u201d b\u0259dii-siyasi birl\u0259\u015fm\u0259sini i\u015fl\u0259tm\u0259si sanki bu siyasi n\u0259qliyyatda oturanlara bir f\u00fcrs\u0259t verdi ki, \u201cRamiz Mehdiyev m\u00fcxalif\u0259t \u0259laq\u0259l\u0259ri\u201d tezisini g\u00fcnd\u0259m\u0259 g\u0259tirsinl\u0259r. Al, bu da qocan\u0131n daha bir oyunu. Dey\u0259c\u0259ksiniz ki, b\u0259s Ramiz Mehdiyev niy\u0259 \u00f6z\u00fcn\u00fc f\u0259da edir? \u00c7\u00fcnki Cavan\u015fir Feyziyev m\u0259s\u0259l\u0259si \u0130lham \u018fliyev\u0259 q\u0259d\u0259r uzanan beyn\u0259lxalq skandald\u0131r. H\u0259tta onu bitir\u0259n prosesin ba\u015flan\u011f\u0131c\u0131 ola bil\u0259r. Bu is\u0259 Ramiz Mehdiyev d\u0259 daxil b\u00fct\u00fcn klanlar\u0131n sonu dem\u0259k deyilmi?<\/p>\n","protected":false},"excerpt":{"rendered":"<p>O, bir yaz\u0131da bir ne\u00e7\u0259 m\u0259kr i\u015fl\u0259tdi Ramiz Mehdiyevin AMEA-n\u0131n &#8230; <\/p>\n<p class=\"read-more-container\"><a title=\"Qoca kardinal\u0131n \u018fliyev\u0259 xidm\u0259ti\" class=\"read-more button\" href=\"https:\/\/www.meydan.tv\/az\/article\/qoca-kardinalin-eliyeve-xidmeti\/#more-234350\" aria-label=\"Read more about Qoca kardinal\u0131n \u018fliyev\u0259 xidm\u0259ti\">Davam\u0131<\/a><\/p>\n","protected":false},"author":8,"featured_media":129937,"comment_status":"closed","ping_status":"closed","sticky":false,"template":"","format":"standard","meta":{"_acf_changed":false,"_sitemap_exclude":false,"_sitemap_priority":"","_sitemap_frequency":"","footnotes":""},"categories":[57],"tags":[],"class_list":["post-234350","post","type-post","status-publish","format-standard","has-post-thumbnail","hentry","category-menim-fikrimce","infinite-scroll-item","generate-columns","tablet-grid-50","mobile-grid-100","grid-parent","grid-33","no-featured-image-padding"],"acf":[],"yoast_head":"<!-- This site is optimized with the Yoast SEO plugin v27.4 - https:\/\/yoast.com\/product\/yoast-seo-wordpress\/ -->\n<title>Qoca kardinal\u0131n \u018fliyev\u0259 xidm\u0259ti - MEYDAN.TV<\/title>\n<meta name=\"robots\" content=\"index, follow, max-snippet:-1, max-image-preview:large, max-video-preview:-1\" \/>\n<link rel=\"canonical\" href=\"https:\/\/www.meydan.tv\/az\/article\/qoca-kardinalin-eliyeve-xidmeti\/\" \/>\n<meta property=\"og:locale\" content=\"az_AZ\" \/>\n<meta property=\"og:type\" content=\"article\" \/>\n<meta property=\"og:title\" content=\"Qoca kardinal\u0131n \u018fliyev\u0259 xidm\u0259ti - MEYDAN.TV\" \/>\n<meta property=\"og:description\" content=\"O, bir yaz\u0131da bir ne\u00e7\u0259 m\u0259kr i\u015fl\u0259tdi Ramiz Mehdiyevin AMEA-n\u0131n ... Davam\u0131\" \/>\n<meta property=\"og:url\" content=\"https:\/\/www.meydan.tv\/az\/article\/qoca-kardinalin-eliyeve-xidmeti\/\" \/>\n<meta property=\"og:site_name\" content=\"MEYDAN.TV\" \/>\n<meta property=\"article:published_time\" content=\"2022-02-11T09:10:09+00:00\" \/>\n<meta property=\"article:modified_time\" content=\"2022-02-11T11:19:40+00:00\" \/>\n<meta property=\"og:image\" content=\"https:\/\/www.meydan.tv\/wp-content\/uploads\/untitled_artwork_5iccn6j-scaled.jpg\" \/>\n\t<meta property=\"og:image:width\" content=\"2560\" \/>\n\t<meta property=\"og:image:height\" content=\"1440\" \/>\n\t<meta property=\"og:image:type\" content=\"image\/jpeg\" \/>\n<meta name=\"author\" content=\"elli\" \/>\n<meta name=\"twitter:card\" content=\"summary_large_image\" \/>\n<meta name=\"twitter:creator\" content=\"@elli\" \/>\n<script type=\"application\/ld+json\" class=\"yoast-schema-graph\">{\"@context\":\"https:\\\/\\\/schema.org\",\"@graph\":[{\"@type\":\"Article\",\"@id\":\"https:\\\/\\\/www.meydan.tv\\\/az\\\/article\\\/qoca-kardinalin-eliyeve-xidmeti\\\/#article\",\"isPartOf\":{\"@id\":\"https:\\\/\\\/www.meydan.tv\\\/az\\\/article\\\/qoca-kardinalin-eliyeve-xidmeti\\\/\"},\"author\":{\"name\":\"elli\",\"@id\":\"https:\\\/\\\/www.meydan.tv\\\/az\\\/#\\\/schema\\\/person\\\/9cdbecf90d17180ce1dfbd95b08dcf47\"},\"headline\":\"Qoca kardinal\u0131n \u018fliyev\u0259 xidm\u0259ti\",\"datePublished\":\"2022-02-11T09:10:09+00:00\",\"dateModified\":\"2022-02-11T11:19:40+00:00\",\"mainEntityOfPage\":{\"@id\":\"https:\\\/\\\/www.meydan.tv\\\/az\\\/article\\\/qoca-kardinalin-eliyeve-xidmeti\\\/\"},\"wordCount\":797,\"publisher\":{\"@id\":\"https:\\\/\\\/www.meydan.tv\\\/az\\\/#organization\"},\"image\":{\"@id\":\"https:\\\/\\\/www.meydan.tv\\\/az\\\/article\\\/qoca-kardinalin-eliyeve-xidmeti\\\/#primaryimage\"},\"thumbnailUrl\":\"https:\\\/\\\/www.meydan.tv\\\/wp-content\\\/uploads\\\/untitled_artwork_5iccn6j-scaled.jpg\",\"articleSection\":[\"M\u0259nim Fikrimc\u0259\"],\"inLanguage\":\"az\"},{\"@type\":\"WebPage\",\"@id\":\"https:\\\/\\\/www.meydan.tv\\\/az\\\/article\\\/qoca-kardinalin-eliyeve-xidmeti\\\/\",\"url\":\"https:\\\/\\\/www.meydan.tv\\\/az\\\/article\\\/qoca-kardinalin-eliyeve-xidmeti\\\/\",\"name\":\"Qoca kardinal\u0131n \u018fliyev\u0259 xidm\u0259ti - MEYDAN.TV\",\"isPartOf\":{\"@id\":\"https:\\\/\\\/www.meydan.tv\\\/az\\\/#website\"},\"primaryImageOfPage\":{\"@id\":\"https:\\\/\\\/www.meydan.tv\\\/az\\\/article\\\/qoca-kardinalin-eliyeve-xidmeti\\\/#primaryimage\"},\"image\":{\"@id\":\"https:\\\/\\\/www.meydan.tv\\\/az\\\/article\\\/qoca-kardinalin-eliyeve-xidmeti\\\/#primaryimage\"},\"thumbnailUrl\":\"https:\\\/\\\/www.meydan.tv\\\/wp-content\\\/uploads\\\/untitled_artwork_5iccn6j-scaled.jpg\",\"datePublished\":\"2022-02-11T09:10:09+00:00\",\"dateModified\":\"2022-02-11T11:19:40+00:00\",\"breadcrumb\":{\"@id\":\"https:\\\/\\\/www.meydan.tv\\\/az\\\/article\\\/qoca-kardinalin-eliyeve-xidmeti\\\/#breadcrumb\"},\"inLanguage\":\"az\",\"potentialAction\":[{\"@type\":\"ReadAction\",\"target\":[\"https:\\\/\\\/www.meydan.tv\\\/az\\\/article\\\/qoca-kardinalin-eliyeve-xidmeti\\\/\"]}]},{\"@type\":\"ImageObject\",\"inLanguage\":\"az\",\"@id\":\"https:\\\/\\\/www.meydan.tv\\\/az\\\/article\\\/qoca-kardinalin-eliyeve-xidmeti\\\/#primaryimage\",\"url\":\"https:\\\/\\\/www.meydan.tv\\\/wp-content\\\/uploads\\\/untitled_artwork_5iccn6j-scaled.jpg\",\"contentUrl\":\"https:\\\/\\\/www.meydan.tv\\\/wp-content\\\/uploads\\\/untitled_artwork_5iccn6j-scaled.jpg\",\"width\":2560,\"height\":1440,\"caption\":\"Seymur H\u0259zi, Foto:: Meydan TV\"},{\"@type\":\"BreadcrumbList\",\"@id\":\"https:\\\/\\\/www.meydan.tv\\\/az\\\/article\\\/qoca-kardinalin-eliyeve-xidmeti\\\/#breadcrumb\",\"itemListElement\":[{\"@type\":\"ListItem\",\"position\":1,\"name\":\"Ana s\u0259hif\u0259\",\"item\":\"https:\\\/\\\/www.meydan.tv\\\/az\\\/\"},{\"@type\":\"ListItem\",\"position\":2,\"name\":\"M\u0259nim Fikrimc\u0259\",\"item\":\"https:\\\/\\\/www.meydan.tv\\\/az\\\/section\\\/menim-fikrimce\\\/\"},{\"@type\":\"ListItem\",\"position\":3,\"name\":\"Qoca kardinal\u0131n \u018fliyev\u0259 xidm\u0259ti\"}]},{\"@type\":\"WebSite\",\"@id\":\"https:\\\/\\\/www.meydan.tv\\\/az\\\/#website\",\"url\":\"https:\\\/\\\/www.meydan.tv\\\/az\\\/\",\"name\":\"MEYDAN.TV\",\"description\":\"Meydan TV Az\u0259rbaycan\u0131n media m\u0259kan\u0131ndak\u0131 alternativ s\u0259sidir\",\"publisher\":{\"@id\":\"https:\\\/\\\/www.meydan.tv\\\/az\\\/#organization\"},\"potentialAction\":[{\"@type\":\"SearchAction\",\"target\":{\"@type\":\"EntryPoint\",\"urlTemplate\":\"https:\\\/\\\/www.meydan.tv\\\/az\\\/?s={search_term_string}\"},\"query-input\":{\"@type\":\"PropertyValueSpecification\",\"valueRequired\":true,\"valueName\":\"search_term_string\"}}],\"inLanguage\":\"az\"},{\"@type\":\"Organization\",\"@id\":\"https:\\\/\\\/www.meydan.tv\\\/az\\\/#organization\",\"name\":\"Meydan TV\",\"url\":\"https:\\\/\\\/www.meydan.tv\\\/az\\\/\",\"logo\":{\"@type\":\"ImageObject\",\"inLanguage\":\"az\",\"@id\":\"https:\\\/\\\/www.meydan.tv\\\/az\\\/#\\\/schema\\\/logo\\\/image\\\/\",\"url\":\"https:\\\/\\\/www.meydan.tv\\\/wp-content\\\/uploads\\\/2021\\\/07\\\/meydan-logo.svg\",\"contentUrl\":\"https:\\\/\\\/www.meydan.tv\\\/wp-content\\\/uploads\\\/2021\\\/07\\\/meydan-logo.svg\",\"width\":195,\"height\":46,\"caption\":\"Meydan TV\"},\"image\":{\"@id\":\"https:\\\/\\\/www.meydan.tv\\\/az\\\/#\\\/schema\\\/logo\\\/image\\\/\"}},{\"@type\":\"Person\",\"@id\":\"https:\\\/\\\/www.meydan.tv\\\/az\\\/#\\\/schema\\\/person\\\/9cdbecf90d17180ce1dfbd95b08dcf47\",\"name\":\"elli\",\"sameAs\":[\"https:\\\/\\\/x.com\\\/elli\"]}]}<\/script>\n<!-- \/ Yoast SEO plugin. -->","yoast_head_json":{"title":"Qoca kardinal\u0131n \u018fliyev\u0259 xidm\u0259ti - MEYDAN.TV","robots":{"index":"index","follow":"follow","max-snippet":"max-snippet:-1","max-image-preview":"max-image-preview:large","max-video-preview":"max-video-preview:-1"},"canonical":"https:\/\/www.meydan.tv\/az\/article\/qoca-kardinalin-eliyeve-xidmeti\/","og_locale":"az_AZ","og_type":"article","og_title":"Qoca kardinal\u0131n \u018fliyev\u0259 xidm\u0259ti - MEYDAN.TV","og_description":"O, bir yaz\u0131da bir ne\u00e7\u0259 m\u0259kr i\u015fl\u0259tdi Ramiz Mehdiyevin AMEA-n\u0131n ... Davam\u0131","og_url":"https:\/\/www.meydan.tv\/az\/article\/qoca-kardinalin-eliyeve-xidmeti\/","og_site_name":"MEYDAN.TV","article_published_time":"2022-02-11T09:10:09+00:00","article_modified_time":"2022-02-11T11:19:40+00:00","og_image":[{"width":2560,"height":1440,"url":"https:\/\/www.meydan.tv\/wp-content\/uploads\/untitled_artwork_5iccn6j-scaled.jpg","type":"image\/jpeg"}],"author":"elli","twitter_card":"summary_large_image","twitter_creator":"@elli","schema":{"@context":"https:\/\/schema.org","@graph":[{"@type":"Article","@id":"https:\/\/www.meydan.tv\/az\/article\/qoca-kardinalin-eliyeve-xidmeti\/#article","isPartOf":{"@id":"https:\/\/www.meydan.tv\/az\/article\/qoca-kardinalin-eliyeve-xidmeti\/"},"author":{"name":"elli","@id":"https:\/\/www.meydan.tv\/az\/#\/schema\/person\/9cdbecf90d17180ce1dfbd95b08dcf47"},"headline":"Qoca kardinal\u0131n \u018fliyev\u0259 xidm\u0259ti","datePublished":"2022-02-11T09:10:09+00:00","dateModified":"2022-02-11T11:19:40+00:00","mainEntityOfPage":{"@id":"https:\/\/www.meydan.tv\/az\/article\/qoca-kardinalin-eliyeve-xidmeti\/"},"wordCount":797,"publisher":{"@id":"https:\/\/www.meydan.tv\/az\/#organization"},"image":{"@id":"https:\/\/www.meydan.tv\/az\/article\/qoca-kardinalin-eliyeve-xidmeti\/#primaryimage"},"thumbnailUrl":"https:\/\/www.meydan.tv\/wp-content\/uploads\/untitled_artwork_5iccn6j-scaled.jpg","articleSection":["M\u0259nim Fikrimc\u0259"],"inLanguage":"az"},{"@type":"WebPage","@id":"https:\/\/www.meydan.tv\/az\/article\/qoca-kardinalin-eliyeve-xidmeti\/","url":"https:\/\/www.meydan.tv\/az\/article\/qoca-kardinalin-eliyeve-xidmeti\/","name":"Qoca kardinal\u0131n \u018fliyev\u0259 xidm\u0259ti - MEYDAN.TV","isPartOf":{"@id":"https:\/\/www.meydan.tv\/az\/#website"},"primaryImageOfPage":{"@id":"https:\/\/www.meydan.tv\/az\/article\/qoca-kardinalin-eliyeve-xidmeti\/#primaryimage"},"image":{"@id":"https:\/\/www.meydan.tv\/az\/article\/qoca-kardinalin-eliyeve-xidmeti\/#primaryimage"},"thumbnailUrl":"https:\/\/www.meydan.tv\/wp-content\/uploads\/untitled_artwork_5iccn6j-scaled.jpg","datePublished":"2022-02-11T09:10:09+00:00","dateModified":"2022-02-11T11:19:40+00:00","breadcrumb":{"@id":"https:\/\/www.meydan.tv\/az\/article\/qoca-kardinalin-eliyeve-xidmeti\/#breadcrumb"},"inLanguage":"az","potentialAction":[{"@type":"ReadAction","target":["https:\/\/www.meydan.tv\/az\/article\/qoca-kardinalin-eliyeve-xidmeti\/"]}]},{"@type":"ImageObject","inLanguage":"az","@id":"https:\/\/www.meydan.tv\/az\/article\/qoca-kardinalin-eliyeve-xidmeti\/#primaryimage","url":"https:\/\/www.meydan.tv\/wp-content\/uploads\/untitled_artwork_5iccn6j-scaled.jpg","contentUrl":"https:\/\/www.meydan.tv\/wp-content\/uploads\/untitled_artwork_5iccn6j-scaled.jpg","width":2560,"height":1440,"caption":"Seymur H\u0259zi, Foto:: Meydan TV"},{"@type":"BreadcrumbList","@id":"https:\/\/www.meydan.tv\/az\/article\/qoca-kardinalin-eliyeve-xidmeti\/#breadcrumb","itemListElement":[{"@type":"ListItem","position":1,"name":"Ana s\u0259hif\u0259","item":"https:\/\/www.meydan.tv\/az\/"},{"@type":"ListItem","position":2,"name":"M\u0259nim Fikrimc\u0259","item":"https:\/\/www.meydan.tv\/az\/section\/menim-fikrimce\/"},{"@type":"ListItem","position":3,"name":"Qoca kardinal\u0131n \u018fliyev\u0259 xidm\u0259ti"}]},{"@type":"WebSite","@id":"https:\/\/www.meydan.tv\/az\/#website","url":"https:\/\/www.meydan.tv\/az\/","name":"MEYDAN.TV","description":"Meydan TV Az\u0259rbaycan\u0131n media m\u0259kan\u0131ndak\u0131 alternativ s\u0259sidir","publisher":{"@id":"https:\/\/www.meydan.tv\/az\/#organization"},"potentialAction":[{"@type":"SearchAction","target":{"@type":"EntryPoint","urlTemplate":"https:\/\/www.meydan.tv\/az\/?s={search_term_string}"},"query-input":{"@type":"PropertyValueSpecification","valueRequired":true,"valueName":"search_term_string"}}],"inLanguage":"az"},{"@type":"Organization","@id":"https:\/\/www.meydan.tv\/az\/#organization","name":"Meydan TV","url":"https:\/\/www.meydan.tv\/az\/","logo":{"@type":"ImageObject","inLanguage":"az","@id":"https:\/\/www.meydan.tv\/az\/#\/schema\/logo\/image\/","url":"https:\/\/www.meydan.tv\/wp-content\/uploads\/2021\/07\/meydan-logo.svg","contentUrl":"https:\/\/www.meydan.tv\/wp-content\/uploads\/2021\/07\/meydan-logo.svg","width":195,"height":46,"caption":"Meydan TV"},"image":{"@id":"https:\/\/www.meydan.tv\/az\/#\/schema\/logo\/image\/"}},{"@type":"Person","@id":"https:\/\/www.meydan.tv\/az\/#\/schema\/person\/9cdbecf90d17180ce1dfbd95b08dcf47","name":"elli","sameAs":["https:\/\/x.com\/elli"]}]}},"_links":{"self":[{"href":"https:\/\/www.meydan.tv\/az\/wp-json\/wp\/v2\/posts\/234350","targetHints":{"allow":["GET"]}}],"collection":[{"href":"https:\/\/www.meydan.tv\/az\/wp-json\/wp\/v2\/posts"}],"about":[{"href":"https:\/\/www.meydan.tv\/az\/wp-json\/wp\/v2\/types\/post"}],"author":[{"embeddable":true,"href":"https:\/\/www.meydan.tv\/az\/wp-json\/wp\/v2\/users\/8"}],"replies":[{"embeddable":true,"href":"https:\/\/www.meydan.tv\/az\/wp-json\/wp\/v2\/comments?post=234350"}],"version-history":[{"count":3,"href":"https:\/\/www.meydan.tv\/az\/wp-json\/wp\/v2\/posts\/234350\/revisions"}],"predecessor-version":[{"id":236558,"href":"https:\/\/www.meydan.tv\/az\/wp-json\/wp\/v2\/posts\/234350\/revisions\/236558"}],"wp:featuredmedia":[{"embeddable":true,"href":"https:\/\/www.meydan.tv\/az\/wp-json\/wp\/v2\/media\/129937"}],"wp:attachment":[{"href":"https:\/\/www.meydan.tv\/az\/wp-json\/wp\/v2\/media?parent=234350"}],"wp:term":[{"taxonomy":"category","embeddable":true,"href":"https:\/\/www.meydan.tv\/az\/wp-json\/wp\/v2\/categories?post=234350"},{"taxonomy":"post_tag","embeddable":true,"href":"https:\/\/www.meydan.tv\/az\/wp-json\/wp\/v2\/tags?post=234350"}],"curies":[{"name":"wp","href":"https:\/\/api.w.org\/{rel}","templated":true}]}}