{"id":234266,"date":"2022-02-10T14:42:09","date_gmt":"2022-02-10T10:42:09","guid":{"rendered":"https:\/\/www.meydan.tv\/?p=234266"},"modified":"2022-02-10T15:15:33","modified_gmt":"2022-02-10T11:15:33","slug":"berlin-film-festivali-sert-karantin-tedbirleri-altinda-baslayir","status":"publish","type":"post","link":"https:\/\/www.meydan.tv\/az\/article\/berlin-film-festivali-sert-karantin-tedbirleri-altinda-baslayir\/","title":{"rendered":"Berlin Film Festival\u0131 s\u0259rt karantin t\u0259dbirl\u0259ri alt\u0131nda ba\u015flay\u0131r"},"content":{"rendered":"\n<p><em>Pandemiya il\u0259 \u0259laq\u0259dar kinoteatrlar\u0131n tutumu 50 faiz azald\u0131l\u0131b<\/em><\/p>\n\n\n\n<p>\u201cBerlinale\u201d kimi tan\u0131nan 72-ci Beyn\u0259lxalq Berlin Film Festival\u0131 s\u0259rt karantin t\u0259dbirl\u0259rin\u0259 baxmayaraq, bu g\u00fcn f\u0259aliyy\u0259t\u0259 ba\u015flay\u0131r.<\/p>\n\n\n\n<p>Bildirilir ki, a\u00e7\u0131l\u0131\u015f m\u0259rasimi rejissor Fransua Ozonun dram janr\u0131nda \u00e7\u0259kdiyi \u201cPiter fon Kant\u201d filmiyl\u0259 olacaq.<\/p>\n\n\n\n<p>Festival\u0131n \u0259sas hiss\u0259sin\u0259 on biri s\u0259n\u0259dli olmaqla 27 tammetrajl\u0131 film, \u201cForum Special\u201d proqram\u0131na is\u0259 daha 14 tammetrajl\u0131 v\u0259 q\u0131sametrajl\u0131 film daxil <a href=\"https:\/\/www.berlinale.de\/en\/news-topics\/news\/detail_133000.html\" target=\"_blank\" rel=\"noreferrer noopener\">edilib<\/a>.  <\/p>\n\n\n\n<p>M\u00fckafatlar\u0131n t\u0259qdimetm\u0259 m\u0259rasimi fevral\u0131n 16-da ke\u00e7iril\u0259c\u0259k.<\/p>\n\n\n\n<p>Sonra festival\u0131n m\u00fcdd\u0259ti fevral\u0131n 20-d\u0259k uzad\u0131lacaq &#8211; b\u00fct\u00fcn \u201cBerlinale\u201d kinoteatrlar\u0131nda filml\u0259rin t\u0259krar n\u00fcmayi\u015fi t\u0259\u015fkil olunacaq.<\/p>\n\n\n\n<p>Pandemiya il\u0259 \u0259laq\u0259dar olaraq \u201cBerlinale\u201d kinoteatrlar\u0131n\u0131n tutumu 50 faiz\u0259 q\u0259d\u0259r azald\u0131l\u0131b.<\/p>\n\n\n\n<p>Almaniya m\u0259d\u0259niyy\u0259t naziri Klaudia Rot festival\u0131n ke\u00e7irilm\u0259sini m\u00fch\u00fcm add\u0131m hesab edib.<\/p>\n\n\n\n<p>O, festival\u0131n \u201coffline\u201d t\u0259\u015fkili kino v\u0259 m\u0259d\u0259niyy\u0259t sah\u0259sind\u0259 \u00e7al\u0131\u015fan h\u0259r k\u0259s\u0259 \u0259n yax\u015f\u0131 n\u00fcmun\u0259 oldu\u011funu bildirib.<\/p>\n\n\n\n<p>Onun fikrinc\u0259, bud\u0259f\u0259ki festival \u00f6z\u00fcnd\u0259 \u00fcmid, c\u0259sar\u0259t v\u0259 demokratiyan\u0131 ehtiva edir.<\/p>\n\n\n\n<p>\u201cM\u0259d\u0259niyy\u0259tsiz, teatrs\u0131z, konsertsiz, kinosuz h\u0259r \u015fey susur\u201d, &#8211; nazir bel\u0259 deyib.<\/p>\n","protected":false},"excerpt":{"rendered":"<p>Pandemiya il\u0259 \u0259laq\u0259dar kinoteatrlar\u0131n tutumu 50 faiz azald\u0131l\u0131b \u201cBerlinale\u201d kimi &#8230; <\/p>\n<p class=\"read-more-container\"><a title=\"Berlin Film Festival\u0131 s\u0259rt karantin t\u0259dbirl\u0259ri alt\u0131nda ba\u015flay\u0131r\" class=\"read-more button\" href=\"https:\/\/www.meydan.tv\/az\/article\/berlin-film-festivali-sert-karantin-tedbirleri-altinda-baslayir\/#more-234266\" aria-label=\"Read more about Berlin Film Festival\u0131 s\u0259rt karantin t\u0259dbirl\u0259ri alt\u0131nda ba\u015flay\u0131r\">Davam\u0131<\/a><\/p>\n","protected":false},"author":8,"featured_media":234267,"comment_status":"closed","ping_status":"closed","sticky":false,"template":"","format":"standard","meta":{"_acf_changed":false,"_sitemap_exclude":false,"_sitemap_priority":"","_sitemap_frequency":"","footnotes":""},"categories":[52,56],"tags":[],"class_list":["post-234266","post","type-post","status-publish","format-standard","has-post-thumbnail","hentry","category-medeniyyet","category-xeberler","infinite-scroll-item","generate-columns","tablet-grid-50","mobile-grid-100","grid-parent","grid-33","no-featured-image-padding"],"acf":[],"yoast_head":"<!-- This site is optimized with the Yoast SEO plugin v27.4 - https:\/\/yoast.com\/product\/yoast-seo-wordpress\/ -->\n<title>Berlin Film Festival\u0131 s\u0259rt karantin t\u0259dbirl\u0259ri alt\u0131nda ba\u015flay\u0131r - MEYDAN.TV<\/title>\n<meta name=\"robots\" content=\"index, follow, max-snippet:-1, max-image-preview:large, max-video-preview:-1\" \/>\n<link rel=\"canonical\" href=\"https:\/\/www.meydan.tv\/az\/article\/berlin-film-festivali-sert-karantin-tedbirleri-altinda-baslayir\/\" \/>\n<meta property=\"og:locale\" content=\"az_AZ\" \/>\n<meta property=\"og:type\" content=\"article\" \/>\n<meta property=\"og:title\" content=\"Berlin Film Festival\u0131 s\u0259rt karantin t\u0259dbirl\u0259ri alt\u0131nda ba\u015flay\u0131r - MEYDAN.TV\" \/>\n<meta property=\"og:description\" content=\"Pandemiya il\u0259 \u0259laq\u0259dar kinoteatrlar\u0131n tutumu 50 faiz azald\u0131l\u0131b \u201cBerlinale\u201d kimi ... Davam\u0131\" \/>\n<meta property=\"og:url\" content=\"https:\/\/www.meydan.tv\/az\/article\/berlin-film-festivali-sert-karantin-tedbirleri-altinda-baslayir\/\" \/>\n<meta property=\"og:site_name\" content=\"MEYDAN.TV\" \/>\n<meta property=\"article:published_time\" content=\"2022-02-10T10:42:09+00:00\" \/>\n<meta property=\"article:modified_time\" content=\"2022-02-10T11:15:33+00:00\" \/>\n<meta property=\"og:image\" content=\"https:\/\/www.meydan.tv\/wp-content\/uploads\/shutterstock_1643429353.jpg\" \/>\n\t<meta property=\"og:image:width\" content=\"1200\" \/>\n\t<meta property=\"og:image:height\" content=\"797\" \/>\n\t<meta property=\"og:image:type\" content=\"image\/jpeg\" \/>\n<meta name=\"author\" content=\"elli\" \/>\n<meta name=\"twitter:card\" content=\"summary_large_image\" \/>\n<meta name=\"twitter:creator\" content=\"@elli\" \/>\n<script type=\"application\/ld+json\" class=\"yoast-schema-graph\">{\"@context\":\"https:\\\/\\\/schema.org\",\"@graph\":[{\"@type\":\"Article\",\"@id\":\"https:\\\/\\\/www.meydan.tv\\\/az\\\/article\\\/berlin-film-festivali-sert-karantin-tedbirleri-altinda-baslayir\\\/#article\",\"isPartOf\":{\"@id\":\"https:\\\/\\\/www.meydan.tv\\\/az\\\/article\\\/berlin-film-festivali-sert-karantin-tedbirleri-altinda-baslayir\\\/\"},\"author\":{\"name\":\"elli\",\"@id\":\"https:\\\/\\\/www.meydan.tv\\\/az\\\/#\\\/schema\\\/person\\\/9cdbecf90d17180ce1dfbd95b08dcf47\"},\"headline\":\"Berlin Film Festival\u0131 s\u0259rt karantin t\u0259dbirl\u0259ri alt\u0131nda ba\u015flay\u0131r\",\"datePublished\":\"2022-02-10T10:42:09+00:00\",\"dateModified\":\"2022-02-10T11:15:33+00:00\",\"mainEntityOfPage\":{\"@id\":\"https:\\\/\\\/www.meydan.tv\\\/az\\\/article\\\/berlin-film-festivali-sert-karantin-tedbirleri-altinda-baslayir\\\/\"},\"wordCount\":234,\"publisher\":{\"@id\":\"https:\\\/\\\/www.meydan.tv\\\/az\\\/#organization\"},\"image\":{\"@id\":\"https:\\\/\\\/www.meydan.tv\\\/az\\\/article\\\/berlin-film-festivali-sert-karantin-tedbirleri-altinda-baslayir\\\/#primaryimage\"},\"thumbnailUrl\":\"https:\\\/\\\/www.meydan.tv\\\/wp-content\\\/uploads\\\/shutterstock_1643429353.jpg\",\"articleSection\":[\"M\u0259d\u0259niyy\u0259t\",\"X\u0259b\u0259rl\u0259r\"],\"inLanguage\":\"az\"},{\"@type\":\"WebPage\",\"@id\":\"https:\\\/\\\/www.meydan.tv\\\/az\\\/article\\\/berlin-film-festivali-sert-karantin-tedbirleri-altinda-baslayir\\\/\",\"url\":\"https:\\\/\\\/www.meydan.tv\\\/az\\\/article\\\/berlin-film-festivali-sert-karantin-tedbirleri-altinda-baslayir\\\/\",\"name\":\"Berlin Film Festival\u0131 s\u0259rt karantin t\u0259dbirl\u0259ri alt\u0131nda ba\u015flay\u0131r - MEYDAN.TV\",\"isPartOf\":{\"@id\":\"https:\\\/\\\/www.meydan.tv\\\/az\\\/#website\"},\"primaryImageOfPage\":{\"@id\":\"https:\\\/\\\/www.meydan.tv\\\/az\\\/article\\\/berlin-film-festivali-sert-karantin-tedbirleri-altinda-baslayir\\\/#primaryimage\"},\"image\":{\"@id\":\"https:\\\/\\\/www.meydan.tv\\\/az\\\/article\\\/berlin-film-festivali-sert-karantin-tedbirleri-altinda-baslayir\\\/#primaryimage\"},\"thumbnailUrl\":\"https:\\\/\\\/www.meydan.tv\\\/wp-content\\\/uploads\\\/shutterstock_1643429353.jpg\",\"datePublished\":\"2022-02-10T10:42:09+00:00\",\"dateModified\":\"2022-02-10T11:15:33+00:00\",\"breadcrumb\":{\"@id\":\"https:\\\/\\\/www.meydan.tv\\\/az\\\/article\\\/berlin-film-festivali-sert-karantin-tedbirleri-altinda-baslayir\\\/#breadcrumb\"},\"inLanguage\":\"az\",\"potentialAction\":[{\"@type\":\"ReadAction\",\"target\":[\"https:\\\/\\\/www.meydan.tv\\\/az\\\/article\\\/berlin-film-festivali-sert-karantin-tedbirleri-altinda-baslayir\\\/\"]}]},{\"@type\":\"ImageObject\",\"inLanguage\":\"az\",\"@id\":\"https:\\\/\\\/www.meydan.tv\\\/az\\\/article\\\/berlin-film-festivali-sert-karantin-tedbirleri-altinda-baslayir\\\/#primaryimage\",\"url\":\"https:\\\/\\\/www.meydan.tv\\\/wp-content\\\/uploads\\\/shutterstock_1643429353.jpg\",\"contentUrl\":\"https:\\\/\\\/www.meydan.tv\\\/wp-content\\\/uploads\\\/shutterstock_1643429353.jpg\",\"width\":1200,\"height\":797,\"caption\":\"Beyn\u0259lxalq Berlin Film Festival\u0131, nikkimeel\\\/shutterstock\"},{\"@type\":\"BreadcrumbList\",\"@id\":\"https:\\\/\\\/www.meydan.tv\\\/az\\\/article\\\/berlin-film-festivali-sert-karantin-tedbirleri-altinda-baslayir\\\/#breadcrumb\",\"itemListElement\":[{\"@type\":\"ListItem\",\"position\":1,\"name\":\"Ana s\u0259hif\u0259\",\"item\":\"https:\\\/\\\/www.meydan.tv\\\/az\\\/\"},{\"@type\":\"ListItem\",\"position\":2,\"name\":\"M\u0259d\u0259niyy\u0259t\",\"item\":\"https:\\\/\\\/www.meydan.tv\\\/az\\\/section\\\/medeniyyet\\\/\"},{\"@type\":\"ListItem\",\"position\":3,\"name\":\"Berlin Film Festival\u0131 s\u0259rt karantin t\u0259dbirl\u0259ri alt\u0131nda ba\u015flay\u0131r\"}]},{\"@type\":\"WebSite\",\"@id\":\"https:\\\/\\\/www.meydan.tv\\\/az\\\/#website\",\"url\":\"https:\\\/\\\/www.meydan.tv\\\/az\\\/\",\"name\":\"MEYDAN.TV\",\"description\":\"Meydan TV Az\u0259rbaycan\u0131n media m\u0259kan\u0131ndak\u0131 alternativ s\u0259sidir\",\"publisher\":{\"@id\":\"https:\\\/\\\/www.meydan.tv\\\/az\\\/#organization\"},\"potentialAction\":[{\"@type\":\"SearchAction\",\"target\":{\"@type\":\"EntryPoint\",\"urlTemplate\":\"https:\\\/\\\/www.meydan.tv\\\/az\\\/?s={search_term_string}\"},\"query-input\":{\"@type\":\"PropertyValueSpecification\",\"valueRequired\":true,\"valueName\":\"search_term_string\"}}],\"inLanguage\":\"az\"},{\"@type\":\"Organization\",\"@id\":\"https:\\\/\\\/www.meydan.tv\\\/az\\\/#organization\",\"name\":\"Meydan TV\",\"url\":\"https:\\\/\\\/www.meydan.tv\\\/az\\\/\",\"logo\":{\"@type\":\"ImageObject\",\"inLanguage\":\"az\",\"@id\":\"https:\\\/\\\/www.meydan.tv\\\/az\\\/#\\\/schema\\\/logo\\\/image\\\/\",\"url\":\"https:\\\/\\\/www.meydan.tv\\\/wp-content\\\/uploads\\\/2021\\\/07\\\/meydan-logo.svg\",\"contentUrl\":\"https:\\\/\\\/www.meydan.tv\\\/wp-content\\\/uploads\\\/2021\\\/07\\\/meydan-logo.svg\",\"width\":195,\"height\":46,\"caption\":\"Meydan TV\"},\"image\":{\"@id\":\"https:\\\/\\\/www.meydan.tv\\\/az\\\/#\\\/schema\\\/logo\\\/image\\\/\"}},{\"@type\":\"Person\",\"@id\":\"https:\\\/\\\/www.meydan.tv\\\/az\\\/#\\\/schema\\\/person\\\/9cdbecf90d17180ce1dfbd95b08dcf47\",\"name\":\"elli\",\"sameAs\":[\"https:\\\/\\\/x.com\\\/elli\"]}]}<\/script>\n<!-- \/ Yoast SEO plugin. -->","yoast_head_json":{"title":"Berlin Film Festival\u0131 s\u0259rt karantin t\u0259dbirl\u0259ri alt\u0131nda ba\u015flay\u0131r - MEYDAN.TV","robots":{"index":"index","follow":"follow","max-snippet":"max-snippet:-1","max-image-preview":"max-image-preview:large","max-video-preview":"max-video-preview:-1"},"canonical":"https:\/\/www.meydan.tv\/az\/article\/berlin-film-festivali-sert-karantin-tedbirleri-altinda-baslayir\/","og_locale":"az_AZ","og_type":"article","og_title":"Berlin Film Festival\u0131 s\u0259rt karantin t\u0259dbirl\u0259ri alt\u0131nda ba\u015flay\u0131r - MEYDAN.TV","og_description":"Pandemiya il\u0259 \u0259laq\u0259dar kinoteatrlar\u0131n tutumu 50 faiz azald\u0131l\u0131b \u201cBerlinale\u201d kimi ... Davam\u0131","og_url":"https:\/\/www.meydan.tv\/az\/article\/berlin-film-festivali-sert-karantin-tedbirleri-altinda-baslayir\/","og_site_name":"MEYDAN.TV","article_published_time":"2022-02-10T10:42:09+00:00","article_modified_time":"2022-02-10T11:15:33+00:00","og_image":[{"width":1200,"height":797,"url":"https:\/\/www.meydan.tv\/wp-content\/uploads\/shutterstock_1643429353.jpg","type":"image\/jpeg"}],"author":"elli","twitter_card":"summary_large_image","twitter_creator":"@elli","schema":{"@context":"https:\/\/schema.org","@graph":[{"@type":"Article","@id":"https:\/\/www.meydan.tv\/az\/article\/berlin-film-festivali-sert-karantin-tedbirleri-altinda-baslayir\/#article","isPartOf":{"@id":"https:\/\/www.meydan.tv\/az\/article\/berlin-film-festivali-sert-karantin-tedbirleri-altinda-baslayir\/"},"author":{"name":"elli","@id":"https:\/\/www.meydan.tv\/az\/#\/schema\/person\/9cdbecf90d17180ce1dfbd95b08dcf47"},"headline":"Berlin Film Festival\u0131 s\u0259rt karantin t\u0259dbirl\u0259ri alt\u0131nda ba\u015flay\u0131r","datePublished":"2022-02-10T10:42:09+00:00","dateModified":"2022-02-10T11:15:33+00:00","mainEntityOfPage":{"@id":"https:\/\/www.meydan.tv\/az\/article\/berlin-film-festivali-sert-karantin-tedbirleri-altinda-baslayir\/"},"wordCount":234,"publisher":{"@id":"https:\/\/www.meydan.tv\/az\/#organization"},"image":{"@id":"https:\/\/www.meydan.tv\/az\/article\/berlin-film-festivali-sert-karantin-tedbirleri-altinda-baslayir\/#primaryimage"},"thumbnailUrl":"https:\/\/www.meydan.tv\/wp-content\/uploads\/shutterstock_1643429353.jpg","articleSection":["M\u0259d\u0259niyy\u0259t","X\u0259b\u0259rl\u0259r"],"inLanguage":"az"},{"@type":"WebPage","@id":"https:\/\/www.meydan.tv\/az\/article\/berlin-film-festivali-sert-karantin-tedbirleri-altinda-baslayir\/","url":"https:\/\/www.meydan.tv\/az\/article\/berlin-film-festivali-sert-karantin-tedbirleri-altinda-baslayir\/","name":"Berlin Film Festival\u0131 s\u0259rt karantin t\u0259dbirl\u0259ri alt\u0131nda ba\u015flay\u0131r - MEYDAN.TV","isPartOf":{"@id":"https:\/\/www.meydan.tv\/az\/#website"},"primaryImageOfPage":{"@id":"https:\/\/www.meydan.tv\/az\/article\/berlin-film-festivali-sert-karantin-tedbirleri-altinda-baslayir\/#primaryimage"},"image":{"@id":"https:\/\/www.meydan.tv\/az\/article\/berlin-film-festivali-sert-karantin-tedbirleri-altinda-baslayir\/#primaryimage"},"thumbnailUrl":"https:\/\/www.meydan.tv\/wp-content\/uploads\/shutterstock_1643429353.jpg","datePublished":"2022-02-10T10:42:09+00:00","dateModified":"2022-02-10T11:15:33+00:00","breadcrumb":{"@id":"https:\/\/www.meydan.tv\/az\/article\/berlin-film-festivali-sert-karantin-tedbirleri-altinda-baslayir\/#breadcrumb"},"inLanguage":"az","potentialAction":[{"@type":"ReadAction","target":["https:\/\/www.meydan.tv\/az\/article\/berlin-film-festivali-sert-karantin-tedbirleri-altinda-baslayir\/"]}]},{"@type":"ImageObject","inLanguage":"az","@id":"https:\/\/www.meydan.tv\/az\/article\/berlin-film-festivali-sert-karantin-tedbirleri-altinda-baslayir\/#primaryimage","url":"https:\/\/www.meydan.tv\/wp-content\/uploads\/shutterstock_1643429353.jpg","contentUrl":"https:\/\/www.meydan.tv\/wp-content\/uploads\/shutterstock_1643429353.jpg","width":1200,"height":797,"caption":"Beyn\u0259lxalq Berlin Film Festival\u0131, nikkimeel\/shutterstock"},{"@type":"BreadcrumbList","@id":"https:\/\/www.meydan.tv\/az\/article\/berlin-film-festivali-sert-karantin-tedbirleri-altinda-baslayir\/#breadcrumb","itemListElement":[{"@type":"ListItem","position":1,"name":"Ana s\u0259hif\u0259","item":"https:\/\/www.meydan.tv\/az\/"},{"@type":"ListItem","position":2,"name":"M\u0259d\u0259niyy\u0259t","item":"https:\/\/www.meydan.tv\/az\/section\/medeniyyet\/"},{"@type":"ListItem","position":3,"name":"Berlin Film Festival\u0131 s\u0259rt karantin t\u0259dbirl\u0259ri alt\u0131nda ba\u015flay\u0131r"}]},{"@type":"WebSite","@id":"https:\/\/www.meydan.tv\/az\/#website","url":"https:\/\/www.meydan.tv\/az\/","name":"MEYDAN.TV","description":"Meydan TV Az\u0259rbaycan\u0131n media m\u0259kan\u0131ndak\u0131 alternativ s\u0259sidir","publisher":{"@id":"https:\/\/www.meydan.tv\/az\/#organization"},"potentialAction":[{"@type":"SearchAction","target":{"@type":"EntryPoint","urlTemplate":"https:\/\/www.meydan.tv\/az\/?s={search_term_string}"},"query-input":{"@type":"PropertyValueSpecification","valueRequired":true,"valueName":"search_term_string"}}],"inLanguage":"az"},{"@type":"Organization","@id":"https:\/\/www.meydan.tv\/az\/#organization","name":"Meydan TV","url":"https:\/\/www.meydan.tv\/az\/","logo":{"@type":"ImageObject","inLanguage":"az","@id":"https:\/\/www.meydan.tv\/az\/#\/schema\/logo\/image\/","url":"https:\/\/www.meydan.tv\/wp-content\/uploads\/2021\/07\/meydan-logo.svg","contentUrl":"https:\/\/www.meydan.tv\/wp-content\/uploads\/2021\/07\/meydan-logo.svg","width":195,"height":46,"caption":"Meydan TV"},"image":{"@id":"https:\/\/www.meydan.tv\/az\/#\/schema\/logo\/image\/"}},{"@type":"Person","@id":"https:\/\/www.meydan.tv\/az\/#\/schema\/person\/9cdbecf90d17180ce1dfbd95b08dcf47","name":"elli","sameAs":["https:\/\/x.com\/elli"]}]}},"_links":{"self":[{"href":"https:\/\/www.meydan.tv\/az\/wp-json\/wp\/v2\/posts\/234266","targetHints":{"allow":["GET"]}}],"collection":[{"href":"https:\/\/www.meydan.tv\/az\/wp-json\/wp\/v2\/posts"}],"about":[{"href":"https:\/\/www.meydan.tv\/az\/wp-json\/wp\/v2\/types\/post"}],"author":[{"embeddable":true,"href":"https:\/\/www.meydan.tv\/az\/wp-json\/wp\/v2\/users\/8"}],"replies":[{"embeddable":true,"href":"https:\/\/www.meydan.tv\/az\/wp-json\/wp\/v2\/comments?post=234266"}],"version-history":[{"count":3,"href":"https:\/\/www.meydan.tv\/az\/wp-json\/wp\/v2\/posts\/234266\/revisions"}],"predecessor-version":[{"id":234273,"href":"https:\/\/www.meydan.tv\/az\/wp-json\/wp\/v2\/posts\/234266\/revisions\/234273"}],"wp:featuredmedia":[{"embeddable":true,"href":"https:\/\/www.meydan.tv\/az\/wp-json\/wp\/v2\/media\/234267"}],"wp:attachment":[{"href":"https:\/\/www.meydan.tv\/az\/wp-json\/wp\/v2\/media?parent=234266"}],"wp:term":[{"taxonomy":"category","embeddable":true,"href":"https:\/\/www.meydan.tv\/az\/wp-json\/wp\/v2\/categories?post=234266"},{"taxonomy":"post_tag","embeddable":true,"href":"https:\/\/www.meydan.tv\/az\/wp-json\/wp\/v2\/tags?post=234266"}],"curies":[{"name":"wp","href":"https:\/\/api.w.org\/{rel}","templated":true}]}}