{"id":234220,"date":"2022-02-09T20:25:26","date_gmt":"2022-02-09T16:25:26","guid":{"rendered":"https:\/\/www.meydan.tv\/?p=234220"},"modified":"2022-02-09T20:25:28","modified_gmt":"2022-02-09T16:25:28","slug":"nura-suri-meni-muxalifetci-cixarmaq-isteyirler","status":"publish","type":"post","link":"https:\/\/www.meydan.tv\/az\/article\/nura-suri-meni-muxalifetci-cixarmaq-isteyirler\/","title":{"rendered":"Nura Suri: \u201cM\u0259ni m\u00fcxalif\u0259t\u00e7i \u00e7\u0131xarmaq ist\u0259yirl\u0259r\u201d"},"content":{"rendered":"\n<p><em>\u201cKe\u00e7mi\u015f m\u0259d\u0259niyy\u0259t nazirinin m\u00fc\u011f\u0259nnil\u0259r\u0259 verdiyi d\u0259y\u0259r g\u00f6z \u00f6n\u00fcnd\u0259dir\u201d<\/em><\/p>\n\n\n\n<p>Sosial mediada Az\u0259rbaycanda ba\u015f ver\u0259n ictimai-siyasi prosesl\u0259r\u0259 m\u00fcnasib\u0259t bildir\u0259n m\u00fc\u011f\u0259nni Nura Suri n\u00f6vb\u0259ti d\u0259f\u0259 status <a href=\"https:\/\/www.facebook.com\/nura.suri.7\">yaz\u0131b<\/a>.<\/p>\n\n\n\n<p>S\u0259n\u0259t\u00e7i b\u0259z\u0259n fikirl\u0259rin\u0259 g\u00f6r\u0259 q\u0131na\u011fa tu\u015f g\u0259ldiyini, b\u0259z\u0259n is\u0259 \u00e7\u0259kdirdiyi fotolar\u0131na g\u00f6r\u0259 m\u00fczakir\u0259 obyektin\u0259 \u00e7evrildiyini qeyd edib.<\/p>\n\n\n\n<p>\u018flav\u0259 edib ki, b\u0259z\u0259n a\u00e7\u0131q fikirl\u0259rin\u0259 g\u00f6r\u0259 h\u0259tta onu m\u00fcxalif\u0259t\u00e7i adland\u0131ranlar da olub: \u201cM\u0259n vaxt\u0131nda \u00e7ox probleml\u0259rd\u0259n yazm\u0131\u015fam. Efirl\u0259rd\u0259n, apar\u0131c\u0131lar\u0131n reytinq xatirin\u0259 m\u00fc\u011f\u0259nnil\u0259rd\u0259n istifad\u0259 etm\u0259sind\u0259n, kanal r\u0259hb\u0259rl\u0259rinin v\u0259 i\u015f\u00e7il\u0259rinin \u00f6z yax\u0131nlar\u0131n, qohum v\u0259 qon\u015fular\u0131n t\u0259dbirl\u0259rind\u0259, restoranlar\u0131nda havay\u0131 oxutdurmas\u0131ndan, getm\u0259y\u0259nd\u0259 kanala \u201czapret\u201d qoymas\u0131ndan. B\u00f6lg\u0259l\u0259rd\u0259, \u015f\u0259h\u0259rd\u0259 ke\u00e7iril\u0259n b\u00fct\u00fcn d\u00f6vl\u0259t t\u0259dbirl\u0259rin\u0259 t\u0259m\u0259nnas\u0131z getm\u0259yimizd\u0259n, t\u0259\u015fkilat\u00e7\u0131lar\u0131n bizim ad\u0131m\u0131za yaz\u0131b \u00f6z cibl\u0259rin\u0259 qoyduqlar\u0131 qonorarlardan\u201d.<\/p>\n\n\n\n<p>\u201c2004-c\u00fc ild\u0259n karantin ba\u015flayana kimi b\u00fct\u00fcn b\u00f6lg\u0259l\u0259rd\u0259, \u015f\u0259h\u0259rd\u0259 ke\u00e7iril\u0259n d\u00f6vl\u0259t t\u0259dbirl\u0259rin\u0259 \u00f6z hesab\u0131ma getmi\u015f\u0259m. Yolpulu, k\u00f6m\u0259k\u00e7ipulu, yem\u0259k pulu v\u0259 s. \u00f6z cibimizd\u0259n \u00f6d\u0259mi\u015fik. D\u00f6vl\u0259t \u00fc\u00e7\u00fcn etmi\u015fik, bilm\u0259mi\u015fik t\u0259\u015fkilat\u00e7\u0131lar ad\u0131m\u0131zdan pul al\u0131b cibl\u0259rin\u0259 qoyurlar\u201d, &#8211; m\u00fc\u011f\u0259nni daha sonra yaz\u0131r.<\/p>\n\n\n\n<p>G\u00f6r\u00fcl\u0259n xeyriyy\u0259 i\u015fl\u0259rind\u0259n s\u00f6z a\u00e7an Nura Suri b\u0259zi m\u00fc\u011f\u0259nnil\u0259r\u0259 qar\u015f\u0131 bel\u0259 m\u00fcnasib\u0259td\u0259n narahatl\u0131\u011f\u0131n\u0131 ifad\u0259 edib: \u201cBiz b\u00fct\u00fcn bunlar\u0131 d\u00f6vl\u0259timiz, xalq\u0131m\u0131z \u00fc\u00e7\u00fcn etmi\u015fik. Ax\u0131rda da s\u00f6y\u00fcl\u0259n d\u0259 biz, \u201czapret\u201d\u0259 qoyulan da biz olmu\u015fuq. H\u0259r bir m\u00fc\u011f\u0259nni g\u00f6rd\u00fcy\u00fc i\u015fl\u0259rin bir g\u00fcn d\u0259y\u0259rl\u0259ndir\u0259c\u0259yin\u0259 \u00fcmid edib ki, ad veril\u0259c\u0259k. He\u00e7 bir s\u0259n\u0259t\u00e7i ba\u015fqa he\u00e7 bir maraq g\u00fcdm\u0259yib\u201d.<\/p>\n\n\n\n<p>Nura Suri f\u0259xri ad alan b\u0259zi h\u0259mkarlar\u0131 il\u0259 ba\u011fl\u0131 fikirl\u0259rini d\u0259 b\u00f6l\u00fc\u015f\u00fcb: \u201cB\u0259zi ad alan m\u00fc\u011f\u0259nnil\u0259rin d\u00f6vl\u0259t t\u0259dbirl\u0259rind\u0259 \u00e7\u0131x\u0131\u015f etm\u0259yibl\u0259r. H\u0259r yerd\u0259n xeyir g\u00fcd\u00fcb pul qazan\u0131blar. B\u0259zil\u0259ri kimins\u0259 toy m\u0259clisl\u0259rind\u0259 oxuya-oxuya ad al\u0131blar. He\u00e7 vaxt bir konsertl\u0259ri bel\u0259 olmay\u0131b. Ke\u00e7mi\u015f m\u0259d\u0259niyy\u0259t nazirinin m\u00fc\u011f\u0259nnil\u0259r\u0259 qoydu\u011fu d\u0259y\u0259r g\u00f6z \u00f6n\u00fcnd\u0259dir. Art\u0131q \u015f\u0259rh\u0259 he\u00e7 ehtiyac da yoxdur&#8221;.<\/p>\n\n\n\n<p>&#8220;M\u0259n d\u0259 yazanda az qal\u0131rlar b\u0259zi yazd\u0131qlar\u0131m s\u0259rf etm\u0259y\u0259n qurumlar m\u0259ni m\u00fcxalif\u0259t\u00e7i \u00e7\u0131xars\u0131nlar. \u015e\u0259xs\u0259n m\u0259n bir qad\u0131n kimi, m\u00fc\u011f\u0259nni, apar\u0131c\u0131 kimi \u00e7ox \u0259zilmi\u015f\u0259m. Amma he\u00e7 vaxt \u00f6z probleml\u0259rimd\u0259n yazmam\u0131\u015fam. Ba\u015fqalar\u0131n\u0131 d\u00fc\u015f\u00fcn\u00fcb yazm\u0131\u015fam. Bir g\u00fcn haqq \u0259dal\u0259t yerini tutar d\u00fc\u015f\u00fcn\u0259r\u0259k s\u0259br etmi\u015f\u0259m\u201d, &#8211; dey\u0259 o bildirib.<\/p>\n","protected":false},"excerpt":{"rendered":"<p>\u201cKe\u00e7mi\u015f m\u0259d\u0259niyy\u0259t nazirinin m\u00fc\u011f\u0259nnil\u0259r\u0259 verdiyi d\u0259y\u0259r g\u00f6z \u00f6n\u00fcnd\u0259dir\u201d Sosial mediada &#8230; <\/p>\n<p class=\"read-more-container\"><a title=\"Nura Suri: \u201cM\u0259ni m\u00fcxalif\u0259t\u00e7i \u00e7\u0131xarmaq ist\u0259yirl\u0259r\u201d\" class=\"read-more button\" href=\"https:\/\/www.meydan.tv\/az\/article\/nura-suri-meni-muxalifetci-cixarmaq-isteyirler\/#more-234220\" aria-label=\"Read more about Nura Suri: \u201cM\u0259ni m\u00fcxalif\u0259t\u00e7i \u00e7\u0131xarmaq ist\u0259yirl\u0259r\u201d\">Davam\u0131<\/a><\/p>\n","protected":false},"author":12,"featured_media":231511,"comment_status":"closed","ping_status":"closed","sticky":false,"template":"","format":"standard","meta":{"_acf_changed":false,"_sitemap_exclude":false,"_sitemap_priority":"","_sitemap_frequency":"","footnotes":""},"categories":[52,79,56],"tags":[],"class_list":["post-234220","post","type-post","status-publish","format-standard","has-post-thumbnail","hentry","category-medeniyyet","category-featured","category-xeberler","infinite-scroll-item","generate-columns","tablet-grid-50","mobile-grid-100","grid-parent","grid-33","no-featured-image-padding"],"acf":[],"yoast_head":"<!-- This site is optimized with the Yoast SEO plugin v27.4 - https:\/\/yoast.com\/product\/yoast-seo-wordpress\/ -->\n<title>Nura Suri: \u201cM\u0259ni m\u00fcxalif\u0259t\u00e7i \u00e7\u0131xarmaq ist\u0259yirl\u0259r\u201d - MEYDAN.TV<\/title>\n<meta name=\"robots\" content=\"index, follow, max-snippet:-1, max-image-preview:large, max-video-preview:-1\" \/>\n<link rel=\"canonical\" href=\"https:\/\/www.meydan.tv\/az\/article\/nura-suri-meni-muxalifetci-cixarmaq-isteyirler\/\" \/>\n<meta property=\"og:locale\" content=\"az_AZ\" \/>\n<meta property=\"og:type\" content=\"article\" \/>\n<meta property=\"og:title\" content=\"Nura Suri: \u201cM\u0259ni m\u00fcxalif\u0259t\u00e7i \u00e7\u0131xarmaq ist\u0259yirl\u0259r\u201d - MEYDAN.TV\" \/>\n<meta property=\"og:description\" content=\"\u201cKe\u00e7mi\u015f m\u0259d\u0259niyy\u0259t nazirinin m\u00fc\u011f\u0259nnil\u0259r\u0259 verdiyi d\u0259y\u0259r g\u00f6z \u00f6n\u00fcnd\u0259dir\u201d Sosial mediada ... Davam\u0131\" \/>\n<meta property=\"og:url\" content=\"https:\/\/www.meydan.tv\/az\/article\/nura-suri-meni-muxalifetci-cixarmaq-isteyirler\/\" \/>\n<meta property=\"og:site_name\" content=\"MEYDAN.TV\" \/>\n<meta property=\"article:published_time\" content=\"2022-02-09T16:25:26+00:00\" \/>\n<meta property=\"article:modified_time\" content=\"2022-02-09T16:25:28+00:00\" \/>\n<meta property=\"og:image\" content=\"https:\/\/www.meydan.tv\/wp-content\/uploads\/untitled-design-2-1.jpg\" \/>\n\t<meta property=\"og:image:width\" content=\"1200\" \/>\n\t<meta property=\"og:image:height\" content=\"800\" \/>\n\t<meta property=\"og:image:type\" content=\"image\/jpeg\" \/>\n<meta name=\"author\" content=\"aleks\" \/>\n<meta name=\"twitter:card\" content=\"summary_large_image\" \/>\n<script type=\"application\/ld+json\" class=\"yoast-schema-graph\">{\"@context\":\"https:\\\/\\\/schema.org\",\"@graph\":[{\"@type\":\"Article\",\"@id\":\"https:\\\/\\\/www.meydan.tv\\\/az\\\/article\\\/nura-suri-meni-muxalifetci-cixarmaq-isteyirler\\\/#article\",\"isPartOf\":{\"@id\":\"https:\\\/\\\/www.meydan.tv\\\/az\\\/article\\\/nura-suri-meni-muxalifetci-cixarmaq-isteyirler\\\/\"},\"author\":{\"name\":\"aleks\",\"@id\":\"https:\\\/\\\/www.meydan.tv\\\/az\\\/#\\\/schema\\\/person\\\/476e9360e593fa131d5d71d51866f8da\"},\"headline\":\"Nura Suri: \u201cM\u0259ni m\u00fcxalif\u0259t\u00e7i \u00e7\u0131xarmaq ist\u0259yirl\u0259r\u201d\",\"datePublished\":\"2022-02-09T16:25:26+00:00\",\"dateModified\":\"2022-02-09T16:25:28+00:00\",\"mainEntityOfPage\":{\"@id\":\"https:\\\/\\\/www.meydan.tv\\\/az\\\/article\\\/nura-suri-meni-muxalifetci-cixarmaq-isteyirler\\\/\"},\"wordCount\":560,\"publisher\":{\"@id\":\"https:\\\/\\\/www.meydan.tv\\\/az\\\/#organization\"},\"image\":{\"@id\":\"https:\\\/\\\/www.meydan.tv\\\/az\\\/article\\\/nura-suri-meni-muxalifetci-cixarmaq-isteyirler\\\/#primaryimage\"},\"thumbnailUrl\":\"https:\\\/\\\/www.meydan.tv\\\/wp-content\\\/uploads\\\/untitled-design-2-1.jpg\",\"articleSection\":[\"M\u0259d\u0259niyy\u0259t\",\"T\u00f6vsiy\u0259\",\"X\u0259b\u0259rl\u0259r\"],\"inLanguage\":\"az\"},{\"@type\":\"WebPage\",\"@id\":\"https:\\\/\\\/www.meydan.tv\\\/az\\\/article\\\/nura-suri-meni-muxalifetci-cixarmaq-isteyirler\\\/\",\"url\":\"https:\\\/\\\/www.meydan.tv\\\/az\\\/article\\\/nura-suri-meni-muxalifetci-cixarmaq-isteyirler\\\/\",\"name\":\"Nura Suri: \u201cM\u0259ni m\u00fcxalif\u0259t\u00e7i \u00e7\u0131xarmaq ist\u0259yirl\u0259r\u201d - MEYDAN.TV\",\"isPartOf\":{\"@id\":\"https:\\\/\\\/www.meydan.tv\\\/az\\\/#website\"},\"primaryImageOfPage\":{\"@id\":\"https:\\\/\\\/www.meydan.tv\\\/az\\\/article\\\/nura-suri-meni-muxalifetci-cixarmaq-isteyirler\\\/#primaryimage\"},\"image\":{\"@id\":\"https:\\\/\\\/www.meydan.tv\\\/az\\\/article\\\/nura-suri-meni-muxalifetci-cixarmaq-isteyirler\\\/#primaryimage\"},\"thumbnailUrl\":\"https:\\\/\\\/www.meydan.tv\\\/wp-content\\\/uploads\\\/untitled-design-2-1.jpg\",\"datePublished\":\"2022-02-09T16:25:26+00:00\",\"dateModified\":\"2022-02-09T16:25:28+00:00\",\"breadcrumb\":{\"@id\":\"https:\\\/\\\/www.meydan.tv\\\/az\\\/article\\\/nura-suri-meni-muxalifetci-cixarmaq-isteyirler\\\/#breadcrumb\"},\"inLanguage\":\"az\",\"potentialAction\":[{\"@type\":\"ReadAction\",\"target\":[\"https:\\\/\\\/www.meydan.tv\\\/az\\\/article\\\/nura-suri-meni-muxalifetci-cixarmaq-isteyirler\\\/\"]}]},{\"@type\":\"ImageObject\",\"inLanguage\":\"az\",\"@id\":\"https:\\\/\\\/www.meydan.tv\\\/az\\\/article\\\/nura-suri-meni-muxalifetci-cixarmaq-isteyirler\\\/#primaryimage\",\"url\":\"https:\\\/\\\/www.meydan.tv\\\/wp-content\\\/uploads\\\/untitled-design-2-1.jpg\",\"contentUrl\":\"https:\\\/\\\/www.meydan.tv\\\/wp-content\\\/uploads\\\/untitled-design-2-1.jpg\",\"width\":1200,\"height\":800,\"caption\":\"Nura Suri, Foto: Telegram\"},{\"@type\":\"BreadcrumbList\",\"@id\":\"https:\\\/\\\/www.meydan.tv\\\/az\\\/article\\\/nura-suri-meni-muxalifetci-cixarmaq-isteyirler\\\/#breadcrumb\",\"itemListElement\":[{\"@type\":\"ListItem\",\"position\":1,\"name\":\"Ana s\u0259hif\u0259\",\"item\":\"https:\\\/\\\/www.meydan.tv\\\/az\\\/\"},{\"@type\":\"ListItem\",\"position\":2,\"name\":\"X\u0259b\u0259rl\u0259r\",\"item\":\"https:\\\/\\\/www.meydan.tv\\\/az\\\/section\\\/xeberler\\\/\"},{\"@type\":\"ListItem\",\"position\":3,\"name\":\"Nura Suri: \u201cM\u0259ni m\u00fcxalif\u0259t\u00e7i \u00e7\u0131xarmaq ist\u0259yirl\u0259r\u201d\"}]},{\"@type\":\"WebSite\",\"@id\":\"https:\\\/\\\/www.meydan.tv\\\/az\\\/#website\",\"url\":\"https:\\\/\\\/www.meydan.tv\\\/az\\\/\",\"name\":\"MEYDAN.TV\",\"description\":\"Meydan TV Az\u0259rbaycan\u0131n media m\u0259kan\u0131ndak\u0131 alternativ s\u0259sidir\",\"publisher\":{\"@id\":\"https:\\\/\\\/www.meydan.tv\\\/az\\\/#organization\"},\"potentialAction\":[{\"@type\":\"SearchAction\",\"target\":{\"@type\":\"EntryPoint\",\"urlTemplate\":\"https:\\\/\\\/www.meydan.tv\\\/az\\\/?s={search_term_string}\"},\"query-input\":{\"@type\":\"PropertyValueSpecification\",\"valueRequired\":true,\"valueName\":\"search_term_string\"}}],\"inLanguage\":\"az\"},{\"@type\":\"Organization\",\"@id\":\"https:\\\/\\\/www.meydan.tv\\\/az\\\/#organization\",\"name\":\"Meydan TV\",\"url\":\"https:\\\/\\\/www.meydan.tv\\\/az\\\/\",\"logo\":{\"@type\":\"ImageObject\",\"inLanguage\":\"az\",\"@id\":\"https:\\\/\\\/www.meydan.tv\\\/az\\\/#\\\/schema\\\/logo\\\/image\\\/\",\"url\":\"https:\\\/\\\/www.meydan.tv\\\/wp-content\\\/uploads\\\/2021\\\/07\\\/meydan-logo.svg\",\"contentUrl\":\"https:\\\/\\\/www.meydan.tv\\\/wp-content\\\/uploads\\\/2021\\\/07\\\/meydan-logo.svg\",\"width\":195,\"height\":46,\"caption\":\"Meydan TV\"},\"image\":{\"@id\":\"https:\\\/\\\/www.meydan.tv\\\/az\\\/#\\\/schema\\\/logo\\\/image\\\/\"}},{\"@type\":\"Person\",\"@id\":\"https:\\\/\\\/www.meydan.tv\\\/az\\\/#\\\/schema\\\/person\\\/476e9360e593fa131d5d71d51866f8da\",\"name\":\"aleks\"}]}<\/script>\n<!-- \/ Yoast SEO plugin. -->","yoast_head_json":{"title":"Nura Suri: \u201cM\u0259ni m\u00fcxalif\u0259t\u00e7i \u00e7\u0131xarmaq ist\u0259yirl\u0259r\u201d - MEYDAN.TV","robots":{"index":"index","follow":"follow","max-snippet":"max-snippet:-1","max-image-preview":"max-image-preview:large","max-video-preview":"max-video-preview:-1"},"canonical":"https:\/\/www.meydan.tv\/az\/article\/nura-suri-meni-muxalifetci-cixarmaq-isteyirler\/","og_locale":"az_AZ","og_type":"article","og_title":"Nura Suri: \u201cM\u0259ni m\u00fcxalif\u0259t\u00e7i \u00e7\u0131xarmaq ist\u0259yirl\u0259r\u201d - MEYDAN.TV","og_description":"\u201cKe\u00e7mi\u015f m\u0259d\u0259niyy\u0259t nazirinin m\u00fc\u011f\u0259nnil\u0259r\u0259 verdiyi d\u0259y\u0259r g\u00f6z \u00f6n\u00fcnd\u0259dir\u201d Sosial mediada ... Davam\u0131","og_url":"https:\/\/www.meydan.tv\/az\/article\/nura-suri-meni-muxalifetci-cixarmaq-isteyirler\/","og_site_name":"MEYDAN.TV","article_published_time":"2022-02-09T16:25:26+00:00","article_modified_time":"2022-02-09T16:25:28+00:00","og_image":[{"width":1200,"height":800,"url":"https:\/\/www.meydan.tv\/wp-content\/uploads\/untitled-design-2-1.jpg","type":"image\/jpeg"}],"author":"aleks","twitter_card":"summary_large_image","schema":{"@context":"https:\/\/schema.org","@graph":[{"@type":"Article","@id":"https:\/\/www.meydan.tv\/az\/article\/nura-suri-meni-muxalifetci-cixarmaq-isteyirler\/#article","isPartOf":{"@id":"https:\/\/www.meydan.tv\/az\/article\/nura-suri-meni-muxalifetci-cixarmaq-isteyirler\/"},"author":{"name":"aleks","@id":"https:\/\/www.meydan.tv\/az\/#\/schema\/person\/476e9360e593fa131d5d71d51866f8da"},"headline":"Nura Suri: \u201cM\u0259ni m\u00fcxalif\u0259t\u00e7i \u00e7\u0131xarmaq ist\u0259yirl\u0259r\u201d","datePublished":"2022-02-09T16:25:26+00:00","dateModified":"2022-02-09T16:25:28+00:00","mainEntityOfPage":{"@id":"https:\/\/www.meydan.tv\/az\/article\/nura-suri-meni-muxalifetci-cixarmaq-isteyirler\/"},"wordCount":560,"publisher":{"@id":"https:\/\/www.meydan.tv\/az\/#organization"},"image":{"@id":"https:\/\/www.meydan.tv\/az\/article\/nura-suri-meni-muxalifetci-cixarmaq-isteyirler\/#primaryimage"},"thumbnailUrl":"https:\/\/www.meydan.tv\/wp-content\/uploads\/untitled-design-2-1.jpg","articleSection":["M\u0259d\u0259niyy\u0259t","T\u00f6vsiy\u0259","X\u0259b\u0259rl\u0259r"],"inLanguage":"az"},{"@type":"WebPage","@id":"https:\/\/www.meydan.tv\/az\/article\/nura-suri-meni-muxalifetci-cixarmaq-isteyirler\/","url":"https:\/\/www.meydan.tv\/az\/article\/nura-suri-meni-muxalifetci-cixarmaq-isteyirler\/","name":"Nura Suri: \u201cM\u0259ni m\u00fcxalif\u0259t\u00e7i \u00e7\u0131xarmaq ist\u0259yirl\u0259r\u201d - MEYDAN.TV","isPartOf":{"@id":"https:\/\/www.meydan.tv\/az\/#website"},"primaryImageOfPage":{"@id":"https:\/\/www.meydan.tv\/az\/article\/nura-suri-meni-muxalifetci-cixarmaq-isteyirler\/#primaryimage"},"image":{"@id":"https:\/\/www.meydan.tv\/az\/article\/nura-suri-meni-muxalifetci-cixarmaq-isteyirler\/#primaryimage"},"thumbnailUrl":"https:\/\/www.meydan.tv\/wp-content\/uploads\/untitled-design-2-1.jpg","datePublished":"2022-02-09T16:25:26+00:00","dateModified":"2022-02-09T16:25:28+00:00","breadcrumb":{"@id":"https:\/\/www.meydan.tv\/az\/article\/nura-suri-meni-muxalifetci-cixarmaq-isteyirler\/#breadcrumb"},"inLanguage":"az","potentialAction":[{"@type":"ReadAction","target":["https:\/\/www.meydan.tv\/az\/article\/nura-suri-meni-muxalifetci-cixarmaq-isteyirler\/"]}]},{"@type":"ImageObject","inLanguage":"az","@id":"https:\/\/www.meydan.tv\/az\/article\/nura-suri-meni-muxalifetci-cixarmaq-isteyirler\/#primaryimage","url":"https:\/\/www.meydan.tv\/wp-content\/uploads\/untitled-design-2-1.jpg","contentUrl":"https:\/\/www.meydan.tv\/wp-content\/uploads\/untitled-design-2-1.jpg","width":1200,"height":800,"caption":"Nura Suri, Foto: Telegram"},{"@type":"BreadcrumbList","@id":"https:\/\/www.meydan.tv\/az\/article\/nura-suri-meni-muxalifetci-cixarmaq-isteyirler\/#breadcrumb","itemListElement":[{"@type":"ListItem","position":1,"name":"Ana s\u0259hif\u0259","item":"https:\/\/www.meydan.tv\/az\/"},{"@type":"ListItem","position":2,"name":"X\u0259b\u0259rl\u0259r","item":"https:\/\/www.meydan.tv\/az\/section\/xeberler\/"},{"@type":"ListItem","position":3,"name":"Nura Suri: \u201cM\u0259ni m\u00fcxalif\u0259t\u00e7i \u00e7\u0131xarmaq ist\u0259yirl\u0259r\u201d"}]},{"@type":"WebSite","@id":"https:\/\/www.meydan.tv\/az\/#website","url":"https:\/\/www.meydan.tv\/az\/","name":"MEYDAN.TV","description":"Meydan TV Az\u0259rbaycan\u0131n media m\u0259kan\u0131ndak\u0131 alternativ s\u0259sidir","publisher":{"@id":"https:\/\/www.meydan.tv\/az\/#organization"},"potentialAction":[{"@type":"SearchAction","target":{"@type":"EntryPoint","urlTemplate":"https:\/\/www.meydan.tv\/az\/?s={search_term_string}"},"query-input":{"@type":"PropertyValueSpecification","valueRequired":true,"valueName":"search_term_string"}}],"inLanguage":"az"},{"@type":"Organization","@id":"https:\/\/www.meydan.tv\/az\/#organization","name":"Meydan TV","url":"https:\/\/www.meydan.tv\/az\/","logo":{"@type":"ImageObject","inLanguage":"az","@id":"https:\/\/www.meydan.tv\/az\/#\/schema\/logo\/image\/","url":"https:\/\/www.meydan.tv\/wp-content\/uploads\/2021\/07\/meydan-logo.svg","contentUrl":"https:\/\/www.meydan.tv\/wp-content\/uploads\/2021\/07\/meydan-logo.svg","width":195,"height":46,"caption":"Meydan TV"},"image":{"@id":"https:\/\/www.meydan.tv\/az\/#\/schema\/logo\/image\/"}},{"@type":"Person","@id":"https:\/\/www.meydan.tv\/az\/#\/schema\/person\/476e9360e593fa131d5d71d51866f8da","name":"aleks"}]}},"_links":{"self":[{"href":"https:\/\/www.meydan.tv\/az\/wp-json\/wp\/v2\/posts\/234220","targetHints":{"allow":["GET"]}}],"collection":[{"href":"https:\/\/www.meydan.tv\/az\/wp-json\/wp\/v2\/posts"}],"about":[{"href":"https:\/\/www.meydan.tv\/az\/wp-json\/wp\/v2\/types\/post"}],"author":[{"embeddable":true,"href":"https:\/\/www.meydan.tv\/az\/wp-json\/wp\/v2\/users\/12"}],"replies":[{"embeddable":true,"href":"https:\/\/www.meydan.tv\/az\/wp-json\/wp\/v2\/comments?post=234220"}],"version-history":[{"count":3,"href":"https:\/\/www.meydan.tv\/az\/wp-json\/wp\/v2\/posts\/234220\/revisions"}],"predecessor-version":[{"id":234224,"href":"https:\/\/www.meydan.tv\/az\/wp-json\/wp\/v2\/posts\/234220\/revisions\/234224"}],"wp:featuredmedia":[{"embeddable":true,"href":"https:\/\/www.meydan.tv\/az\/wp-json\/wp\/v2\/media\/231511"}],"wp:attachment":[{"href":"https:\/\/www.meydan.tv\/az\/wp-json\/wp\/v2\/media?parent=234220"}],"wp:term":[{"taxonomy":"category","embeddable":true,"href":"https:\/\/www.meydan.tv\/az\/wp-json\/wp\/v2\/categories?post=234220"},{"taxonomy":"post_tag","embeddable":true,"href":"https:\/\/www.meydan.tv\/az\/wp-json\/wp\/v2\/tags?post=234220"}],"curies":[{"name":"wp","href":"https:\/\/api.w.org\/{rel}","templated":true}]}}