{"id":234200,"date":"2022-02-09T20:26:19","date_gmt":"2022-02-09T16:26:19","guid":{"rendered":"https:\/\/www.meydan.tv\/?p=234200"},"modified":"2022-02-09T20:26:21","modified_gmt":"2022-02-09T16:26:21","slug":"oskar-namizedlerinin-adlari-aciqlandi-azerbaycan-siyahida-yoxdur","status":"publish","type":"post","link":"https:\/\/www.meydan.tv\/az\/article\/oskar-namizedlerinin-adlari-aciqlandi-azerbaycan-siyahida-yoxdur\/","title":{"rendered":"&#8220;Oskar&#8221; namiz\u0259dl\u0259rinin adlar\u0131 a\u00e7\u0131qland\u0131: Az\u0259rbaycan siyah\u0131da yoxdur"},"content":{"rendered":"\n<p><em>Kinorejissor: &#8220;Bizd\u0259 distribusiya m\u0259s\u0259l\u0259si bir az z\u0259ifdir&#8221;<\/em><\/p>\n\n\n\n<p>Amerikan\u0131n H\u0259r\u0259k\u0259tli \u015e\u0259kil S\u0259n\u0259tl\u0259ri v\u0259 Elml\u0259ri Akademiyas\u0131 2022-ci ild\u0259 \u201cOskar\u201d m\u00fckafat\u0131 u\u011frunda m\u00fcbariz\u0259 aparacaq namiz\u0259dl\u0259rin siyah\u0131s\u0131n\u0131 <a href=\"https:\/\/www.oscars.org\/oscars\/ceremonies\/2022\" target=\"_blank\" rel=\"noreferrer noopener\">a\u00e7\u0131qlay\u0131b<\/a>.<\/p>\n\n\n\n<p>Bu il \u201c\u018fn yax\u015f\u0131 film\u201d nominasiyas\u0131nda \u201cDune\u201d, \u201cBelfast\u201d, \u201cDon&#8217;t Look Up\u201d, \u201cWest Side Story\u201d, \u201cCoda\u201d, \u201cThe Power of the Dog\u201d, \u201cLicorice Pizza\u201d, \u201cNightmare Alley\u201d, \u201cKing Richard\u201d v\u0259 Yaponiya istehsal\u0131 \u201cDrive My Car\u201d &#8211; 10 filml\u0259ri aras\u0131nda r\u0259qab\u0259t olacaq.<\/p>\n\n\n\n<p>\u201c\u018fn yax\u015f\u0131 rejissor\u201d ad\u0131 u\u011frunda Kennet Brana, Ryusuke Hamaquti, Pol Tomas Anderson, Ceyn Kempion v\u0259 Stiven Spilberq m\u00fcbariz\u0259 aparacaq.<\/p>\n\n\n\n<p>\u201c\u018fn yax\u015f\u0131 aktrisa\u201d nominasiyas\u0131na Nikol Kidman (\u201cBeing the Ricardos\u201d), Oliviya Kolman (\u201cThe Lost Daughter\u201d) , Penelopa Kruz (\u201cParallel Mothers\u201d), Cessika \u00c7esteyn (\u201cThe Eyes of Tammy Faye\u201d) v\u0259 Kristen St\u00fcart (\u201cSpencer\u201d) iddial\u0131d\u0131r.<\/p>\n\n\n\n<p>\u201c\u018fn yax\u015f\u0131 aktyor\u201d is\u0259 Havyer Bardem (\u201cBeing the Ricardos\u201d), Benedikt Kamberbet\u00e7 (\u201cThe Power of the Dog\u201d), Endryu Qarfild (\u201cTick, Tick\u2026 Boom!\u201d), Uill Smit (\u201cKing Richard\u201d), yaxud Denzel Va\u015finqton (\u201cThe Tragedy of Macbeth\u201d) ola bil\u0259r.<\/p>\n\n\n\n<p>\u201cXarici dild\u0259 \u0259n yax\u015f\u0131 film\u201d nominasiyas\u0131nda Ryusuke Hamaquti \u201cDrive My Car\u201d, Yonas Poer Rasmussenin \u201cFlee\u201d, Paolo Sorrentinonun \u201cThe Hand of God\u201d, Pavo \u00c7oyninq Dorjinin \u201cLunana: A Yak in the Classroom\u201d, Joakim Trierin \u201cThe Worst Person in the World\u201d filml\u0259ri yar\u0131\u015facaq.<\/p>\n\n\n\n<p>\u201cXarici dild\u0259 \u0259n yax\u015f\u0131 film\u201d nominasiyas\u0131 \u00fczr\u0259 uzun siyah\u0131da t\u0259qdim olunan filml\u0259rin say\u0131 93 olub.<\/p>\n\n\n\n<p>Az\u0259rbaycan Kinematoqraf\u00e7\u0131lar \u0130ttifaq\u0131 bu nominasiya \u00fczr\u0259 \u201cOskar\u201da R\u00fcf\u0259t H\u0259s\u0259novun rejissoru v\u0259 ssenari m\u00fc\u0259llifi oldu\u011fu \u201cDaxild\u0259ki ada\u201d filmini <a href=\"https:\/\/www.arki.az\/az\/news\/725\/kinematoqrafcilar-ittifaqinin-oskar-komitesinin-secdiyi-daxildeki-ada-filmi-oskara-teqdim-edilib\" target=\"_blank\" rel=\"noreferrer noopener\">g\u00f6nd\u0259rmi\u015fdi<\/a>.  Lakin \u201cDaxild\u0259ki ada\u201d 2021-ci il dekabr\u0131n 21-d\u0259 elan olunan \u201cshortlist\u201d\u0259 d\u00fc\u015f\u0259 bilm\u0259yib.<\/p>\n\n\n\n<p>Filmd\u0259 \u0259sas rollarda Orxan Ata, Vidadi H\u0259s\u0259nov, Qurban \u0130smay\u0131lov, Rafiq \u018fzimov v\u0259 Elvin Ad\u0131g\u00f6z\u0259l \u00e7\u0259kilib.<\/p>\n\n\n\n<figure class=\"wp-block-image size-large\"><img decoding=\"async\" width=\"1170\" height=\"821\" data-src=\"https:\/\/www.meydan.tv\/wp-content\/uploads\/dax1637059820-1170x821.jpg\" alt=\"\" class=\"wp-image-234170 lazyload\" src=\"data:image\/svg+xml;base64,PHN2ZyB3aWR0aD0iMSIgaGVpZ2h0PSIxIiB4bWxucz0iaHR0cDovL3d3dy53My5vcmcvMjAwMC9zdmciPjwvc3ZnPg==\" style=\"--smush-placeholder-width: 1170px; --smush-placeholder-aspect-ratio: 1170\/821;\" \/><figcaption>\u201cDaxild\u0259ki ada\u201d filmi, M\u0259nb\u0259: https:\/\/www.arki.az\/<\/figcaption><\/figure>\n\n\n\n<p>M\u0259d\u0259niyy\u0259t Nazirliyinin sifari\u015fi il\u0259 \u201cAz\u0259rbaycanfilm\u201d kinostudiyas\u0131, \u201cArizona Production\u201d, \u201cCoyote Cinema\u201d, \u201cMandarin Agency\u201d v\u0259 \u201cDeb\u00fct\u201d Studiyas\u0131n\u0131n birg\u0259 istehsal\u0131 olaraq \u00e7\u0259kil\u0259n \u201cDaxild\u0259ki ada\u201d, Sarayevo Film Festival\u0131n\u0131n \u201c\u018fn yax\u015f\u0131 rejissor\u201d nominasiyas\u0131n\u0131n qalibi olub.<\/p>\n\n\n\n<p>Kinematoqraf\u00e7\u0131lar \u0130ttifaq\u0131n\u0131n Oskar Komit\u0259sinin katibi, kinorejissor \u015eamil \u018fliyev Meydan TV-y\u0259 a\u00e7\u0131qlamas\u0131nda deyir ki, beyn\u0259lxalq yar\u0131\u015fman\u0131n \u0259sas siyah\u0131s\u0131na d\u00fc\u015fm\u0259k \u00fc\u00e7\u00fcn d\u00fcnya s\u0259viyy\u0259sind\u0259 t\u0259bli\u011fat i\u015fl\u0259ri apar\u0131lmal\u0131d\u0131r: \u201cBizd\u0259 distribusiya m\u0259s\u0259l\u0259si bir az z\u0259ifdir. \u0130stehsal\u00e7\u0131 studiya filmin t\u0259bli\u011fi il\u0259 m\u0259\u015f\u011ful olmal\u0131d\u0131r. Amerika Kino Akademiyas\u0131na t\u0259qdim olunan filml\u0259rin b\u00fcdc\u0259sinin 30 faizi t\u0259bli\u011f\u0259 x\u0259rcl\u0259nir. Tutaq ki, filmin b\u00fcdc\u0259si 50 milyon dollard\u0131rsa, \u00e7\u0259kili\u015fl\u0259rd\u0259n sonra \u0259lav\u0259 20 milyon dollar da reklam\u0131na x\u0259rcl\u0259nilir. Bizd\u0259 kino s\u0259nayesi h\u0259l\u0259 bu s\u0259viyy\u0259d\u0259 deyil\u201d.<\/p>\n\n\n\n<p>Rejissor hesab edir ki, \u00e7\u0259kil\u0259n yerli filml\u0259rin d\u00fcnya bazar\u0131nda t\u0259bli\u011fin\u0259 x\u00fcsusi diqq\u0259t yetirilm\u0259lidir: \u201cAz\u0259rbaycan kinosu sovet kino s\u0259nayesinin t\u0259rkibind\u0259 idi. Sovetl\u0259r da\u011f\u0131landan sonra art\u0131q Az\u0259rbaycan \u00f6z kino s\u0259nayesini qurmaq m\u0259cburiyy\u0259tind\u0259 qald\u0131. Arada m\u00fcharib\u0259, dig\u0259r hadis\u0259l\u0259r ba\u015f verdi ki, bu da kinoya \u00f6z t\u0259sirini g\u00f6st\u0259rdi. Art\u0131q bu mane\u0259l\u0259r arxadad\u0131r. \u0130st\u0259r-ist\u0259m\u0259z biz \u00f6z kino s\u0259nayemizi qurmal\u0131y\u0131q. Beyn\u0259lxalq distribusiyada \u00e7ox aktiv i\u015ftirak ed\u0259 bilmirik. Beyn\u0259lxalq festivallara \u00e7\u0131xmaqla kifay\u0259tl\u0259nirik. Hesab edir\u0259m ki, beyn\u0259lxalq bazarlarda aktiv i\u015ftirak etm\u0259k vacibdir\u201d.<\/p>\n\n\n\n<p>Az\u0259rbaycan 2007-ci ild\u0259n \u201cXarici dild\u0259 \u0259n yax\u015f\u0131 film\u201d \u00fczr\u0259 \u201cOskar\u201d m\u00fckafat\u0131na filml\u0259rini t\u0259qdim edir.<\/p>\n\n\n\n<p>\u201cQafqaz\u201d (\u201cCaucasia\u201d) \u2013 rejissor F\u0259rid H\u00fcmb\u0259tov (2007), \u201cQala\u201d (\u201cFortress\u201d) \u2013 rejissor \u015eamil N\u0259c\u0259fzad\u0259 (2008), \u201cSah\u0259\u201d (\u201cThePrecinct\u201d) rejissor \u0130lqar Safat (2010), \u201cButa\u201d (\u201cButa\u201d) \u2013 rejissor \u0130qlar N\u0259c\u0259f(2012), \u201c\u00c7\u00f6l\u00e7\u00fc\u201d (\u201cSteppe Man\u201d) \u2013 rejissor \u015eamil \u018fliyev (2013), \u201cNabat\u201d (\u201cNabat\u201d) \u2013 rejissor: El\u00e7in Musao\u011flu (2014), \u201cNar ba\u011f\u0131\u201d (\u201cPomegranate Orchard\u201d)\u2013 rejissor \u0130lqar N\u0259c\u0259f (2017) filml\u0259ri \u201cOskar\u201da t\u0259qdim olunsa da, namiz\u0259dlikl\u0259ri ir\u0259li s\u00fcr\u00fclm\u0259yib.<\/p>\n","protected":false},"excerpt":{"rendered":"<p>Kinorejissor: &#8220;Bizd\u0259 distribusiya m\u0259s\u0259l\u0259si bir az z\u0259ifdir&#8221; Amerikan\u0131n H\u0259r\u0259k\u0259tli \u015e\u0259kil &#8230; <\/p>\n<p class=\"read-more-container\"><a title=\"&#8220;Oskar&#8221; namiz\u0259dl\u0259rinin adlar\u0131 a\u00e7\u0131qland\u0131: Az\u0259rbaycan siyah\u0131da yoxdur\" class=\"read-more button\" href=\"https:\/\/www.meydan.tv\/az\/article\/oskar-namizedlerinin-adlari-aciqlandi-azerbaycan-siyahida-yoxdur\/#more-234200\" aria-label=\"Read more about &#8220;Oskar&#8221; namiz\u0259dl\u0259rinin adlar\u0131 a\u00e7\u0131qland\u0131: Az\u0259rbaycan siyah\u0131da yoxdur\">Davam\u0131<\/a><\/p>\n","protected":false},"author":8,"featured_media":157781,"comment_status":"closed","ping_status":"closed","sticky":false,"template":"","format":"standard","meta":{"_acf_changed":false,"_sitemap_exclude":false,"_sitemap_priority":"","_sitemap_frequency":"","footnotes":""},"categories":[52,56],"tags":[],"class_list":["post-234200","post","type-post","status-publish","format-standard","has-post-thumbnail","hentry","category-medeniyyet","category-xeberler","infinite-scroll-item","generate-columns","tablet-grid-50","mobile-grid-100","grid-parent","grid-33","no-featured-image-padding"],"acf":[],"yoast_head":"<!-- This site is optimized with the Yoast SEO plugin v27.4 - https:\/\/yoast.com\/product\/yoast-seo-wordpress\/ -->\n<title>&quot;Oskar&quot; namiz\u0259dl\u0259rinin adlar\u0131 a\u00e7\u0131qland\u0131: Az\u0259rbaycan siyah\u0131da yoxdur - MEYDAN.TV<\/title>\n<meta name=\"robots\" content=\"index, follow, max-snippet:-1, max-image-preview:large, max-video-preview:-1\" \/>\n<link rel=\"canonical\" href=\"https:\/\/www.meydan.tv\/az\/article\/oskar-namizedlerinin-adlari-aciqlandi-azerbaycan-siyahida-yoxdur\/\" \/>\n<meta property=\"og:locale\" content=\"az_AZ\" \/>\n<meta property=\"og:type\" content=\"article\" \/>\n<meta property=\"og:title\" content=\"&quot;Oskar&quot; namiz\u0259dl\u0259rinin adlar\u0131 a\u00e7\u0131qland\u0131: Az\u0259rbaycan siyah\u0131da yoxdur - MEYDAN.TV\" \/>\n<meta property=\"og:description\" content=\"Kinorejissor: &#8220;Bizd\u0259 distribusiya m\u0259s\u0259l\u0259si bir az z\u0259ifdir&#8221; Amerikan\u0131n H\u0259r\u0259k\u0259tli \u015e\u0259kil ... Davam\u0131\" \/>\n<meta property=\"og:url\" content=\"https:\/\/www.meydan.tv\/az\/article\/oskar-namizedlerinin-adlari-aciqlandi-azerbaycan-siyahida-yoxdur\/\" \/>\n<meta property=\"og:site_name\" content=\"MEYDAN.TV\" \/>\n<meta property=\"article:published_time\" content=\"2022-02-09T16:26:19+00:00\" \/>\n<meta property=\"article:modified_time\" content=\"2022-02-09T16:26:21+00:00\" \/>\n<meta property=\"og:image\" content=\"https:\/\/www.meydan.tv\/wp-content\/uploads\/bffea81f-c4d2-46f5-ba00-8e77a6b84f35.jpeg\" \/>\n\t<meta property=\"og:image:width\" content=\"1920\" \/>\n\t<meta property=\"og:image:height\" content=\"1080\" \/>\n\t<meta property=\"og:image:type\" content=\"image\/jpeg\" \/>\n<meta name=\"author\" content=\"elli\" \/>\n<meta name=\"twitter:card\" content=\"summary_large_image\" \/>\n<meta name=\"twitter:creator\" content=\"@elli\" \/>\n<script type=\"application\/ld+json\" class=\"yoast-schema-graph\">{\"@context\":\"https:\\\/\\\/schema.org\",\"@graph\":[{\"@type\":\"Article\",\"@id\":\"https:\\\/\\\/www.meydan.tv\\\/az\\\/article\\\/oskar-namizedlerinin-adlari-aciqlandi-azerbaycan-siyahida-yoxdur\\\/#article\",\"isPartOf\":{\"@id\":\"https:\\\/\\\/www.meydan.tv\\\/az\\\/article\\\/oskar-namizedlerinin-adlari-aciqlandi-azerbaycan-siyahida-yoxdur\\\/\"},\"author\":{\"name\":\"elli\",\"@id\":\"https:\\\/\\\/www.meydan.tv\\\/az\\\/#\\\/schema\\\/person\\\/9cdbecf90d17180ce1dfbd95b08dcf47\"},\"headline\":\"&#8220;Oskar&#8221; namiz\u0259dl\u0259rinin adlar\u0131 a\u00e7\u0131qland\u0131: Az\u0259rbaycan siyah\u0131da yoxdur\",\"datePublished\":\"2022-02-09T16:26:19+00:00\",\"dateModified\":\"2022-02-09T16:26:21+00:00\",\"mainEntityOfPage\":{\"@id\":\"https:\\\/\\\/www.meydan.tv\\\/az\\\/article\\\/oskar-namizedlerinin-adlari-aciqlandi-azerbaycan-siyahida-yoxdur\\\/\"},\"wordCount\":698,\"publisher\":{\"@id\":\"https:\\\/\\\/www.meydan.tv\\\/az\\\/#organization\"},\"image\":{\"@id\":\"https:\\\/\\\/www.meydan.tv\\\/az\\\/article\\\/oskar-namizedlerinin-adlari-aciqlandi-azerbaycan-siyahida-yoxdur\\\/#primaryimage\"},\"thumbnailUrl\":\"https:\\\/\\\/www.meydan.tv\\\/wp-content\\\/uploads\\\/bffea81f-c4d2-46f5-ba00-8e77a6b84f35-e1678703888203.jpeg\",\"articleSection\":[\"M\u0259d\u0259niyy\u0259t\",\"X\u0259b\u0259rl\u0259r\"],\"inLanguage\":\"az\"},{\"@type\":\"WebPage\",\"@id\":\"https:\\\/\\\/www.meydan.tv\\\/az\\\/article\\\/oskar-namizedlerinin-adlari-aciqlandi-azerbaycan-siyahida-yoxdur\\\/\",\"url\":\"https:\\\/\\\/www.meydan.tv\\\/az\\\/article\\\/oskar-namizedlerinin-adlari-aciqlandi-azerbaycan-siyahida-yoxdur\\\/\",\"name\":\"\\\"Oskar\\\" namiz\u0259dl\u0259rinin adlar\u0131 a\u00e7\u0131qland\u0131: Az\u0259rbaycan siyah\u0131da yoxdur - MEYDAN.TV\",\"isPartOf\":{\"@id\":\"https:\\\/\\\/www.meydan.tv\\\/az\\\/#website\"},\"primaryImageOfPage\":{\"@id\":\"https:\\\/\\\/www.meydan.tv\\\/az\\\/article\\\/oskar-namizedlerinin-adlari-aciqlandi-azerbaycan-siyahida-yoxdur\\\/#primaryimage\"},\"image\":{\"@id\":\"https:\\\/\\\/www.meydan.tv\\\/az\\\/article\\\/oskar-namizedlerinin-adlari-aciqlandi-azerbaycan-siyahida-yoxdur\\\/#primaryimage\"},\"thumbnailUrl\":\"https:\\\/\\\/www.meydan.tv\\\/wp-content\\\/uploads\\\/bffea81f-c4d2-46f5-ba00-8e77a6b84f35-e1678703888203.jpeg\",\"datePublished\":\"2022-02-09T16:26:19+00:00\",\"dateModified\":\"2022-02-09T16:26:21+00:00\",\"breadcrumb\":{\"@id\":\"https:\\\/\\\/www.meydan.tv\\\/az\\\/article\\\/oskar-namizedlerinin-adlari-aciqlandi-azerbaycan-siyahida-yoxdur\\\/#breadcrumb\"},\"inLanguage\":\"az\",\"potentialAction\":[{\"@type\":\"ReadAction\",\"target\":[\"https:\\\/\\\/www.meydan.tv\\\/az\\\/article\\\/oskar-namizedlerinin-adlari-aciqlandi-azerbaycan-siyahida-yoxdur\\\/\"]}]},{\"@type\":\"ImageObject\",\"inLanguage\":\"az\",\"@id\":\"https:\\\/\\\/www.meydan.tv\\\/az\\\/article\\\/oskar-namizedlerinin-adlari-aciqlandi-azerbaycan-siyahida-yoxdur\\\/#primaryimage\",\"url\":\"https:\\\/\\\/www.meydan.tv\\\/wp-content\\\/uploads\\\/bffea81f-c4d2-46f5-ba00-8e77a6b84f35-e1678703888203.jpeg\",\"contentUrl\":\"https:\\\/\\\/www.meydan.tv\\\/wp-content\\\/uploads\\\/bffea81f-c4d2-46f5-ba00-8e77a6b84f35-e1678703888203.jpeg\",\"width\":1920,\"height\":955,\"caption\":\"Foto: Oscar\"},{\"@type\":\"BreadcrumbList\",\"@id\":\"https:\\\/\\\/www.meydan.tv\\\/az\\\/article\\\/oskar-namizedlerinin-adlari-aciqlandi-azerbaycan-siyahida-yoxdur\\\/#breadcrumb\",\"itemListElement\":[{\"@type\":\"ListItem\",\"position\":1,\"name\":\"Ana s\u0259hif\u0259\",\"item\":\"https:\\\/\\\/www.meydan.tv\\\/az\\\/\"},{\"@type\":\"ListItem\",\"position\":2,\"name\":\"M\u0259d\u0259niyy\u0259t\",\"item\":\"https:\\\/\\\/www.meydan.tv\\\/az\\\/section\\\/medeniyyet\\\/\"},{\"@type\":\"ListItem\",\"position\":3,\"name\":\"&#8220;Oskar&#8221; namiz\u0259dl\u0259rinin adlar\u0131 a\u00e7\u0131qland\u0131: Az\u0259rbaycan siyah\u0131da yoxdur\"}]},{\"@type\":\"WebSite\",\"@id\":\"https:\\\/\\\/www.meydan.tv\\\/az\\\/#website\",\"url\":\"https:\\\/\\\/www.meydan.tv\\\/az\\\/\",\"name\":\"MEYDAN.TV\",\"description\":\"Meydan TV Az\u0259rbaycan\u0131n media m\u0259kan\u0131ndak\u0131 alternativ s\u0259sidir\",\"publisher\":{\"@id\":\"https:\\\/\\\/www.meydan.tv\\\/az\\\/#organization\"},\"potentialAction\":[{\"@type\":\"SearchAction\",\"target\":{\"@type\":\"EntryPoint\",\"urlTemplate\":\"https:\\\/\\\/www.meydan.tv\\\/az\\\/?s={search_term_string}\"},\"query-input\":{\"@type\":\"PropertyValueSpecification\",\"valueRequired\":true,\"valueName\":\"search_term_string\"}}],\"inLanguage\":\"az\"},{\"@type\":\"Organization\",\"@id\":\"https:\\\/\\\/www.meydan.tv\\\/az\\\/#organization\",\"name\":\"Meydan TV\",\"url\":\"https:\\\/\\\/www.meydan.tv\\\/az\\\/\",\"logo\":{\"@type\":\"ImageObject\",\"inLanguage\":\"az\",\"@id\":\"https:\\\/\\\/www.meydan.tv\\\/az\\\/#\\\/schema\\\/logo\\\/image\\\/\",\"url\":\"https:\\\/\\\/www.meydan.tv\\\/wp-content\\\/uploads\\\/2021\\\/07\\\/meydan-logo.svg\",\"contentUrl\":\"https:\\\/\\\/www.meydan.tv\\\/wp-content\\\/uploads\\\/2021\\\/07\\\/meydan-logo.svg\",\"width\":195,\"height\":46,\"caption\":\"Meydan TV\"},\"image\":{\"@id\":\"https:\\\/\\\/www.meydan.tv\\\/az\\\/#\\\/schema\\\/logo\\\/image\\\/\"}},{\"@type\":\"Person\",\"@id\":\"https:\\\/\\\/www.meydan.tv\\\/az\\\/#\\\/schema\\\/person\\\/9cdbecf90d17180ce1dfbd95b08dcf47\",\"name\":\"elli\",\"sameAs\":[\"https:\\\/\\\/x.com\\\/elli\"]}]}<\/script>\n<!-- \/ Yoast SEO plugin. -->","yoast_head_json":{"title":"\"Oskar\" namiz\u0259dl\u0259rinin adlar\u0131 a\u00e7\u0131qland\u0131: Az\u0259rbaycan siyah\u0131da yoxdur - MEYDAN.TV","robots":{"index":"index","follow":"follow","max-snippet":"max-snippet:-1","max-image-preview":"max-image-preview:large","max-video-preview":"max-video-preview:-1"},"canonical":"https:\/\/www.meydan.tv\/az\/article\/oskar-namizedlerinin-adlari-aciqlandi-azerbaycan-siyahida-yoxdur\/","og_locale":"az_AZ","og_type":"article","og_title":"\"Oskar\" namiz\u0259dl\u0259rinin adlar\u0131 a\u00e7\u0131qland\u0131: Az\u0259rbaycan siyah\u0131da yoxdur - MEYDAN.TV","og_description":"Kinorejissor: &#8220;Bizd\u0259 distribusiya m\u0259s\u0259l\u0259si bir az z\u0259ifdir&#8221; Amerikan\u0131n H\u0259r\u0259k\u0259tli \u015e\u0259kil ... Davam\u0131","og_url":"https:\/\/www.meydan.tv\/az\/article\/oskar-namizedlerinin-adlari-aciqlandi-azerbaycan-siyahida-yoxdur\/","og_site_name":"MEYDAN.TV","article_published_time":"2022-02-09T16:26:19+00:00","article_modified_time":"2022-02-09T16:26:21+00:00","og_image":[{"width":1920,"height":1080,"url":"https:\/\/www.meydan.tv\/wp-content\/uploads\/bffea81f-c4d2-46f5-ba00-8e77a6b84f35.jpeg","type":"image\/jpeg"}],"author":"elli","twitter_card":"summary_large_image","twitter_creator":"@elli","schema":{"@context":"https:\/\/schema.org","@graph":[{"@type":"Article","@id":"https:\/\/www.meydan.tv\/az\/article\/oskar-namizedlerinin-adlari-aciqlandi-azerbaycan-siyahida-yoxdur\/#article","isPartOf":{"@id":"https:\/\/www.meydan.tv\/az\/article\/oskar-namizedlerinin-adlari-aciqlandi-azerbaycan-siyahida-yoxdur\/"},"author":{"name":"elli","@id":"https:\/\/www.meydan.tv\/az\/#\/schema\/person\/9cdbecf90d17180ce1dfbd95b08dcf47"},"headline":"&#8220;Oskar&#8221; namiz\u0259dl\u0259rinin adlar\u0131 a\u00e7\u0131qland\u0131: Az\u0259rbaycan siyah\u0131da yoxdur","datePublished":"2022-02-09T16:26:19+00:00","dateModified":"2022-02-09T16:26:21+00:00","mainEntityOfPage":{"@id":"https:\/\/www.meydan.tv\/az\/article\/oskar-namizedlerinin-adlari-aciqlandi-azerbaycan-siyahida-yoxdur\/"},"wordCount":698,"publisher":{"@id":"https:\/\/www.meydan.tv\/az\/#organization"},"image":{"@id":"https:\/\/www.meydan.tv\/az\/article\/oskar-namizedlerinin-adlari-aciqlandi-azerbaycan-siyahida-yoxdur\/#primaryimage"},"thumbnailUrl":"https:\/\/www.meydan.tv\/wp-content\/uploads\/bffea81f-c4d2-46f5-ba00-8e77a6b84f35-e1678703888203.jpeg","articleSection":["M\u0259d\u0259niyy\u0259t","X\u0259b\u0259rl\u0259r"],"inLanguage":"az"},{"@type":"WebPage","@id":"https:\/\/www.meydan.tv\/az\/article\/oskar-namizedlerinin-adlari-aciqlandi-azerbaycan-siyahida-yoxdur\/","url":"https:\/\/www.meydan.tv\/az\/article\/oskar-namizedlerinin-adlari-aciqlandi-azerbaycan-siyahida-yoxdur\/","name":"\"Oskar\" namiz\u0259dl\u0259rinin adlar\u0131 a\u00e7\u0131qland\u0131: Az\u0259rbaycan siyah\u0131da yoxdur - MEYDAN.TV","isPartOf":{"@id":"https:\/\/www.meydan.tv\/az\/#website"},"primaryImageOfPage":{"@id":"https:\/\/www.meydan.tv\/az\/article\/oskar-namizedlerinin-adlari-aciqlandi-azerbaycan-siyahida-yoxdur\/#primaryimage"},"image":{"@id":"https:\/\/www.meydan.tv\/az\/article\/oskar-namizedlerinin-adlari-aciqlandi-azerbaycan-siyahida-yoxdur\/#primaryimage"},"thumbnailUrl":"https:\/\/www.meydan.tv\/wp-content\/uploads\/bffea81f-c4d2-46f5-ba00-8e77a6b84f35-e1678703888203.jpeg","datePublished":"2022-02-09T16:26:19+00:00","dateModified":"2022-02-09T16:26:21+00:00","breadcrumb":{"@id":"https:\/\/www.meydan.tv\/az\/article\/oskar-namizedlerinin-adlari-aciqlandi-azerbaycan-siyahida-yoxdur\/#breadcrumb"},"inLanguage":"az","potentialAction":[{"@type":"ReadAction","target":["https:\/\/www.meydan.tv\/az\/article\/oskar-namizedlerinin-adlari-aciqlandi-azerbaycan-siyahida-yoxdur\/"]}]},{"@type":"ImageObject","inLanguage":"az","@id":"https:\/\/www.meydan.tv\/az\/article\/oskar-namizedlerinin-adlari-aciqlandi-azerbaycan-siyahida-yoxdur\/#primaryimage","url":"https:\/\/www.meydan.tv\/wp-content\/uploads\/bffea81f-c4d2-46f5-ba00-8e77a6b84f35-e1678703888203.jpeg","contentUrl":"https:\/\/www.meydan.tv\/wp-content\/uploads\/bffea81f-c4d2-46f5-ba00-8e77a6b84f35-e1678703888203.jpeg","width":1920,"height":955,"caption":"Foto: Oscar"},{"@type":"BreadcrumbList","@id":"https:\/\/www.meydan.tv\/az\/article\/oskar-namizedlerinin-adlari-aciqlandi-azerbaycan-siyahida-yoxdur\/#breadcrumb","itemListElement":[{"@type":"ListItem","position":1,"name":"Ana s\u0259hif\u0259","item":"https:\/\/www.meydan.tv\/az\/"},{"@type":"ListItem","position":2,"name":"M\u0259d\u0259niyy\u0259t","item":"https:\/\/www.meydan.tv\/az\/section\/medeniyyet\/"},{"@type":"ListItem","position":3,"name":"&#8220;Oskar&#8221; namiz\u0259dl\u0259rinin adlar\u0131 a\u00e7\u0131qland\u0131: Az\u0259rbaycan siyah\u0131da yoxdur"}]},{"@type":"WebSite","@id":"https:\/\/www.meydan.tv\/az\/#website","url":"https:\/\/www.meydan.tv\/az\/","name":"MEYDAN.TV","description":"Meydan TV Az\u0259rbaycan\u0131n media m\u0259kan\u0131ndak\u0131 alternativ s\u0259sidir","publisher":{"@id":"https:\/\/www.meydan.tv\/az\/#organization"},"potentialAction":[{"@type":"SearchAction","target":{"@type":"EntryPoint","urlTemplate":"https:\/\/www.meydan.tv\/az\/?s={search_term_string}"},"query-input":{"@type":"PropertyValueSpecification","valueRequired":true,"valueName":"search_term_string"}}],"inLanguage":"az"},{"@type":"Organization","@id":"https:\/\/www.meydan.tv\/az\/#organization","name":"Meydan TV","url":"https:\/\/www.meydan.tv\/az\/","logo":{"@type":"ImageObject","inLanguage":"az","@id":"https:\/\/www.meydan.tv\/az\/#\/schema\/logo\/image\/","url":"https:\/\/www.meydan.tv\/wp-content\/uploads\/2021\/07\/meydan-logo.svg","contentUrl":"https:\/\/www.meydan.tv\/wp-content\/uploads\/2021\/07\/meydan-logo.svg","width":195,"height":46,"caption":"Meydan TV"},"image":{"@id":"https:\/\/www.meydan.tv\/az\/#\/schema\/logo\/image\/"}},{"@type":"Person","@id":"https:\/\/www.meydan.tv\/az\/#\/schema\/person\/9cdbecf90d17180ce1dfbd95b08dcf47","name":"elli","sameAs":["https:\/\/x.com\/elli"]}]}},"_links":{"self":[{"href":"https:\/\/www.meydan.tv\/az\/wp-json\/wp\/v2\/posts\/234200","targetHints":{"allow":["GET"]}}],"collection":[{"href":"https:\/\/www.meydan.tv\/az\/wp-json\/wp\/v2\/posts"}],"about":[{"href":"https:\/\/www.meydan.tv\/az\/wp-json\/wp\/v2\/types\/post"}],"author":[{"embeddable":true,"href":"https:\/\/www.meydan.tv\/az\/wp-json\/wp\/v2\/users\/8"}],"replies":[{"embeddable":true,"href":"https:\/\/www.meydan.tv\/az\/wp-json\/wp\/v2\/comments?post=234200"}],"version-history":[{"count":1,"href":"https:\/\/www.meydan.tv\/az\/wp-json\/wp\/v2\/posts\/234200\/revisions"}],"predecessor-version":[{"id":234201,"href":"https:\/\/www.meydan.tv\/az\/wp-json\/wp\/v2\/posts\/234200\/revisions\/234201"}],"wp:featuredmedia":[{"embeddable":true,"href":"https:\/\/www.meydan.tv\/az\/wp-json\/wp\/v2\/media\/157781"}],"wp:attachment":[{"href":"https:\/\/www.meydan.tv\/az\/wp-json\/wp\/v2\/media?parent=234200"}],"wp:term":[{"taxonomy":"category","embeddable":true,"href":"https:\/\/www.meydan.tv\/az\/wp-json\/wp\/v2\/categories?post=234200"},{"taxonomy":"post_tag","embeddable":true,"href":"https:\/\/www.meydan.tv\/az\/wp-json\/wp\/v2\/tags?post=234200"}],"curies":[{"name":"wp","href":"https:\/\/api.w.org\/{rel}","templated":true}]}}