{"id":234152,"date":"2022-02-09T15:26:03","date_gmt":"2022-02-09T11:26:03","guid":{"rendered":"https:\/\/www.meydan.tv\/?p=234152"},"modified":"2022-02-09T15:37:19","modified_gmt":"2022-02-09T11:37:19","slug":"terter-isine-gore-daha-163-nefer-zerercekmis-kimi-taninib","status":"publish","type":"post","link":"https:\/\/www.meydan.tv\/az\/article\/terter-isine-gore-daha-163-nefer-zerercekmis-kimi-taninib\/","title":{"rendered":"\u201cT\u0259rt\u0259r i\u015fi\u201dn\u0259 g\u00f6r\u0259 daha 163 n\u0259f\u0259r z\u0259r\u0259r\u00e7\u0259kmi\u015f kimi tan\u0131n\u0131b"},"content":{"rendered":"\n<figure class=\"wp-block-embed is-type-video is-provider-youtube wp-block-embed-youtube wp-embed-aspect-16-9 wp-has-aspect-ratio\"><div class=\"wp-block-embed__wrapper\">\n<iframe title=\"\u201cT\u0259rt\u0259r i\u015fi\u201dn\u0259 g\u00f6r\u0259 daha 163 n\u0259f\u0259r z\u0259r\u0259r\u00e7\u0259kmi\u015f kimi tan\u0131n\u0131b\" width=\"1200\" height=\"675\" data-src=\"https:\/\/www.youtube.com\/embed\/mYH1MQ9ia74?feature=oembed\" frameborder=\"0\" allow=\"accelerometer; autoplay; clipboard-write; encrypted-media; gyroscope; picture-in-picture\" allowfullscreen src=\"data:image\/svg+xml;base64,PHN2ZyB3aWR0aD0iMSIgaGVpZ2h0PSIxIiB4bWxucz0iaHR0cDovL3d3dy53My5vcmcvMjAwMC9zdmciPjwvc3ZnPg==\" class=\"lazyload\" data-load-mode=\"1\"><\/iframe>\n<\/div><\/figure>\n\n\n\n<!--more-->\n\n\n\n<p><em>Prokurorluq z\u0259r\u0259r\u00e7\u0259kmi\u015f \u015f\u0259xs qismind\u0259 tan\u0131nmayan \u015f\u0259xsl\u0259r\u0259 d\u0259 m\u00fcraci\u0259t edib<\/em><\/p>\n\n\n\n<p>\u00d6t\u0259n ilin dekabr\u0131nda \u201cT\u0259rt\u0259r i\u015fi\u201d \u00fczr\u0259 icraat t\u0259z\u0259l\u0259n\u0259nd\u0259n sonra 2017-ci ild\u0259 bu hadis\u0259l\u0259rd\u0259 i\u015fg\u0259nc\u0259 v\u0259 ba\u015fqa qanunsuz hallara m\u0259ruz qalm\u0131\u015f daha 163 n\u0259f\u0259r m\u00fc\u0259yy\u0259nl\u0259\u015fdiril\u0259r\u0259k z\u0259r\u0259r\u00e7\u0259kmi\u015f qismind\u0259 tan\u0131n\u0131b. Bu bar\u0259d\u0259 Ba\u015f Prokurorlu\u011fun yayd\u0131\u011f\u0131 m\u0259lumatda bildirilir.<\/p>\n\n\n\n<p>Bel\u0259likl\u0259, i\u015fg\u0259nc\u0259 faktlar\u0131 \u00fczr\u0259 \u0259vv\u0259lki istintaq zaman\u0131 z\u0259r\u0259r\u00e7\u0259kmi\u015f qismind\u0259 tan\u0131nanlarla birlikd\u0259 indiy\u0259d\u0259k \u00fcmumilikd\u0259 281 n\u0259f\u0259r z\u0259r\u0259r\u00e7\u0259k\u0259n m\u00fc\u0259yy\u0259nl\u0259\u015fdirilib. Bununla bel\u0259, z\u0259r\u0259r\u00e7\u0259kmi\u015fl\u0259rin m\u00fc\u0259yy\u0259n edil\u0259r\u0259k dindirilm\u0259si prosesi davam edir.<\/p>\n\n\n\n<p>Prokurorluq 2017-ci ilin may-iyun aylar\u0131nda \u201cT\u0259rt\u0259r i\u015fi\u201d \u00fczr\u0259 istintaq prosesin\u0259 c\u0259lb olunub, isg\u0259nc\u0259y\u0259, fiziki v\u0259 ya psixi t\u0259sir\u0259, dig\u0259r qanunsuzluqlara m\u0259ruz qalan, lakin z\u0259r\u0259r\u00e7\u0259kmi\u015f \u015f\u0259xs qismind\u0259 tan\u0131nmayan \u015f\u0259xsl\u0259r\u0259 d\u0259 m\u00fcraci\u0259t edib. Onlar\u0131n Ba\u015f Prokurorlu\u011fun \u201c961\u201d \u00c7a\u011fr\u0131 M\u0259rk\u0259zi, h\u0259m\u00e7inin&nbsp;012-361-16-47&nbsp;n\u00f6mr\u0259li telefonla \u0259laq\u0259 saxlay\u0131b, dindirm\u0259d\u0259n \u00f6tr\u00fc istintaqa g\u0259lm\u0259si ist\u0259nilib.<\/p>\n\n\n\n<div class=\"wp-block-image\"><figure class=\"alignright size-full is-resized\"><img decoding=\"async\" data-src=\"https:\/\/www.meydan.tv\/wp-content\/uploads\/1612772145436814513_1000x669.jpg\" alt=\"Ba\u015f Prokurorluq\" class=\"wp-image-155994 lazyload\" width=\"443\" height=\"290\" src=\"data:image\/svg+xml;base64,PHN2ZyB3aWR0aD0iMSIgaGVpZ2h0PSIxIiB4bWxucz0iaHR0cDovL3d3dy53My5vcmcvMjAwMC9zdmciPjwvc3ZnPg==\" style=\"--smush-placeholder-width: 443px; --smush-placeholder-aspect-ratio: 443\/290;\" \/><figcaption>Foto: Az\u0259rtac<\/figcaption><\/figure><\/div>\n\n\n\n<p>Bundan ba\u015fqa, \u201cT\u0259rt\u0259r i\u015fi\u201d \u00fczr\u0259 d\u00f6vl\u0259t\u0259 x\u0259yan\u0259t ittiham\u0131yla m\u0259suliyy\u0259t\u0259 c\u0259lb edil\u0259n, lakin sonradan h\u0259rbi xidm\u0259t \u0259leyhin\u0259 ittihamlarla c\u0259zaland\u0131r\u0131lan \u015f\u0259xsl\u0259rl\u0259 ba\u011fl\u0131 da yeni q\u0259rarlar verilib. H\u0259min \u015f\u0259xsl\u0259rl\u0259 ba\u011fl\u0131 cinay\u0259t i\u015fl\u0259ri ara\u015fd\u0131r\u0131lark\u0259n bir s\u0131ra prosessual pozuntulara yol verildiyi \u00fcz\u0259 \u00e7\u0131x\u0131b. Ona g\u00f6r\u0259 d\u0259 16 n\u0259f\u0259r haqq\u0131nda yekun m\u0259hk\u0259m\u0259 aktlar\u0131n\u0131n l\u0259\u011fv olunub, i\u015fl\u0259rin \u0259lav\u0259 istintaq apar\u0131lmas\u0131 \u00fc\u00e7\u00fcn prokurora qaytar\u0131lmas\u0131 m\u0259qs\u0259dil\u0259 Ba\u015f Prokurorun m\u00fcavini m\u0259hk\u0259m\u0259l\u0259r\u0259 apelyasiya protestl\u0259ri verib.<\/p>\n\n\n\n<p>T\u0259z\u0259l\u0259n\u0259n istintaq \u00e7\u0259r\u00e7iv\u0259sind\u0259 T\u0259rt\u0259r hadis\u0259l\u0259ri zaman\u0131 i\u015fg\u0259nc\u0259 verm\u0259kd\u0259 ittiham olunan bir s\u0131ra \u015f\u0259xsl\u0259r d\u0259 h\u0259bs olunub. Onlar\u0131n aras\u0131nda V\u00fcsal \u018fl\u0259sg\u0259rov, R\u00fcst\u0259m \u018fl\u0259sg\u0259rov, Ramil Qarayev, Fuad Axundov var. Adlar\u0131 \u00e7\u0259kil\u0259n \u015f\u0259xsl\u0259r\u0259 qar\u015f\u0131 Cinay\u0259t M\u0259c\u0259ll\u0259sinin 145 (qanunsuz azadl\u0131qdan m\u0259hrum etm\u0259), 293 (i\u015fg\u0259nc\u0259, i\u015fg\u0259nc\u0259 hesab olunmayan q\u0259ddar, qeyri-insani, yaxud l\u0259yaq\u0259ti al\u00e7aldan r\u0259ftar v\u0259 ya c\u0259za), 341 (v\u0259zif\u0259 s\u0259lahiyy\u0259tl\u0259rini a\u015fma) v\u0259 s. madd\u0259l\u0259ril\u0259 ittiham ir\u0259li s\u00fcr\u00fcl\u00fcb.<\/p>\n","protected":false},"excerpt":{"rendered":"","protected":false},"author":8,"featured_media":228588,"comment_status":"closed","ping_status":"closed","sticky":false,"template":"","format":"standard","meta":{"_acf_changed":false,"_sitemap_exclude":false,"_sitemap_priority":"","_sitemap_frequency":"","footnotes":""},"categories":[59,79,63,56],"tags":[],"class_list":["post-234152","post","type-post","status-publish","format-standard","has-post-thumbnail","hentry","category-siyaset","category-featured","category-video-2","category-xeberler","infinite-scroll-item","generate-columns","tablet-grid-50","mobile-grid-100","grid-parent","grid-33","no-featured-image-padding"],"acf":[],"yoast_head":"<!-- This site is optimized with the Yoast SEO plugin v27.5 - https:\/\/yoast.com\/product\/yoast-seo-wordpress\/ -->\n<title>\u201cT\u0259rt\u0259r i\u015fi\u201dn\u0259 g\u00f6r\u0259 daha 163 n\u0259f\u0259r z\u0259r\u0259r\u00e7\u0259kmi\u015f kimi tan\u0131n\u0131b - MEYDAN.TV<\/title>\n<meta name=\"robots\" content=\"index, follow, max-snippet:-1, max-image-preview:large, max-video-preview:-1\" \/>\n<link rel=\"canonical\" href=\"https:\/\/www.meydan.tv\/az\/article\/terter-isine-gore-daha-163-nefer-zerercekmis-kimi-taninib\/\" \/>\n<meta property=\"og:locale\" content=\"az_AZ\" \/>\n<meta property=\"og:type\" content=\"article\" \/>\n<meta property=\"og:title\" content=\"\u201cT\u0259rt\u0259r i\u015fi\u201dn\u0259 g\u00f6r\u0259 daha 163 n\u0259f\u0259r z\u0259r\u0259r\u00e7\u0259kmi\u015f kimi tan\u0131n\u0131b - MEYDAN.TV\" \/>\n<meta property=\"og:url\" content=\"https:\/\/www.meydan.tv\/az\/article\/terter-isine-gore-daha-163-nefer-zerercekmis-kimi-taninib\/\" \/>\n<meta property=\"og:site_name\" content=\"MEYDAN.TV\" \/>\n<meta property=\"article:published_time\" content=\"2022-02-09T11:26:03+00:00\" \/>\n<meta property=\"article:modified_time\" content=\"2022-02-09T11:37:19+00:00\" \/>\n<meta property=\"og:image\" content=\"https:\/\/www.meydan.tv\/wp-content\/uploads\/image_from_ios-4-e1638869124152.jpg\" \/>\n\t<meta property=\"og:image:width\" content=\"1200\" \/>\n\t<meta property=\"og:image:height\" content=\"507\" \/>\n\t<meta property=\"og:image:type\" content=\"image\/jpeg\" \/>\n<meta name=\"author\" content=\"elli\" \/>\n<meta name=\"twitter:card\" content=\"summary_large_image\" \/>\n<meta name=\"twitter:creator\" content=\"@elli\" \/>\n<script type=\"application\/ld+json\" class=\"yoast-schema-graph\">{\"@context\":\"https:\\\/\\\/schema.org\",\"@graph\":[{\"@type\":\"Article\",\"@id\":\"https:\\\/\\\/www.meydan.tv\\\/az\\\/article\\\/terter-isine-gore-daha-163-nefer-zerercekmis-kimi-taninib\\\/#article\",\"isPartOf\":{\"@id\":\"https:\\\/\\\/www.meydan.tv\\\/az\\\/article\\\/terter-isine-gore-daha-163-nefer-zerercekmis-kimi-taninib\\\/\"},\"author\":{\"name\":\"elli\",\"@id\":\"https:\\\/\\\/www.meydan.tv\\\/az\\\/#\\\/schema\\\/person\\\/9cdbecf90d17180ce1dfbd95b08dcf47\"},\"headline\":\"\u201cT\u0259rt\u0259r i\u015fi\u201dn\u0259 g\u00f6r\u0259 daha 163 n\u0259f\u0259r z\u0259r\u0259r\u00e7\u0259kmi\u015f kimi tan\u0131n\u0131b\",\"datePublished\":\"2022-02-09T11:26:03+00:00\",\"dateModified\":\"2022-02-09T11:37:19+00:00\",\"mainEntityOfPage\":{\"@id\":\"https:\\\/\\\/www.meydan.tv\\\/az\\\/article\\\/terter-isine-gore-daha-163-nefer-zerercekmis-kimi-taninib\\\/\"},\"wordCount\":476,\"publisher\":{\"@id\":\"https:\\\/\\\/www.meydan.tv\\\/az\\\/#organization\"},\"image\":{\"@id\":\"https:\\\/\\\/www.meydan.tv\\\/az\\\/article\\\/terter-isine-gore-daha-163-nefer-zerercekmis-kimi-taninib\\\/#primaryimage\"},\"thumbnailUrl\":\"https:\\\/\\\/www.meydan.tv\\\/wp-content\\\/uploads\\\/image_from_ios-4-e1638869124152.jpg\",\"articleSection\":[\"Siyas\u0259t\",\"T\u00f6vsiy\u0259\",\"Video\",\"X\u0259b\u0259rl\u0259r\"],\"inLanguage\":\"az\"},{\"@type\":\"WebPage\",\"@id\":\"https:\\\/\\\/www.meydan.tv\\\/az\\\/article\\\/terter-isine-gore-daha-163-nefer-zerercekmis-kimi-taninib\\\/\",\"url\":\"https:\\\/\\\/www.meydan.tv\\\/az\\\/article\\\/terter-isine-gore-daha-163-nefer-zerercekmis-kimi-taninib\\\/\",\"name\":\"\u201cT\u0259rt\u0259r i\u015fi\u201dn\u0259 g\u00f6r\u0259 daha 163 n\u0259f\u0259r z\u0259r\u0259r\u00e7\u0259kmi\u015f kimi tan\u0131n\u0131b - MEYDAN.TV\",\"isPartOf\":{\"@id\":\"https:\\\/\\\/www.meydan.tv\\\/az\\\/#website\"},\"primaryImageOfPage\":{\"@id\":\"https:\\\/\\\/www.meydan.tv\\\/az\\\/article\\\/terter-isine-gore-daha-163-nefer-zerercekmis-kimi-taninib\\\/#primaryimage\"},\"image\":{\"@id\":\"https:\\\/\\\/www.meydan.tv\\\/az\\\/article\\\/terter-isine-gore-daha-163-nefer-zerercekmis-kimi-taninib\\\/#primaryimage\"},\"thumbnailUrl\":\"https:\\\/\\\/www.meydan.tv\\\/wp-content\\\/uploads\\\/image_from_ios-4-e1638869124152.jpg\",\"datePublished\":\"2022-02-09T11:26:03+00:00\",\"dateModified\":\"2022-02-09T11:37:19+00:00\",\"breadcrumb\":{\"@id\":\"https:\\\/\\\/www.meydan.tv\\\/az\\\/article\\\/terter-isine-gore-daha-163-nefer-zerercekmis-kimi-taninib\\\/#breadcrumb\"},\"inLanguage\":\"az\",\"potentialAction\":[{\"@type\":\"ReadAction\",\"target\":[\"https:\\\/\\\/www.meydan.tv\\\/az\\\/article\\\/terter-isine-gore-daha-163-nefer-zerercekmis-kimi-taninib\\\/\"]}]},{\"@type\":\"ImageObject\",\"inLanguage\":\"az\",\"@id\":\"https:\\\/\\\/www.meydan.tv\\\/az\\\/article\\\/terter-isine-gore-daha-163-nefer-zerercekmis-kimi-taninib\\\/#primaryimage\",\"url\":\"https:\\\/\\\/www.meydan.tv\\\/wp-content\\\/uploads\\\/image_from_ios-4-e1638869124152.jpg\",\"contentUrl\":\"https:\\\/\\\/www.meydan.tv\\\/wp-content\\\/uploads\\\/image_from_ios-4-e1638869124152.jpg\",\"width\":1200,\"height\":507,\"caption\":\"\\\"T\u0259rt\u0259r i\u015fi\\\". Foto: Meydan TV\"},{\"@type\":\"BreadcrumbList\",\"@id\":\"https:\\\/\\\/www.meydan.tv\\\/az\\\/article\\\/terter-isine-gore-daha-163-nefer-zerercekmis-kimi-taninib\\\/#breadcrumb\",\"itemListElement\":[{\"@type\":\"ListItem\",\"position\":1,\"name\":\"Ana s\u0259hif\u0259\",\"item\":\"https:\\\/\\\/www.meydan.tv\\\/az\\\/\"},{\"@type\":\"ListItem\",\"position\":2,\"name\":\"Siyas\u0259t\",\"item\":\"https:\\\/\\\/www.meydan.tv\\\/az\\\/section\\\/siyaset\\\/\"},{\"@type\":\"ListItem\",\"position\":3,\"name\":\"\u201cT\u0259rt\u0259r i\u015fi\u201dn\u0259 g\u00f6r\u0259 daha 163 n\u0259f\u0259r z\u0259r\u0259r\u00e7\u0259kmi\u015f kimi tan\u0131n\u0131b\"}]},{\"@type\":\"WebSite\",\"@id\":\"https:\\\/\\\/www.meydan.tv\\\/az\\\/#website\",\"url\":\"https:\\\/\\\/www.meydan.tv\\\/az\\\/\",\"name\":\"MEYDAN.TV\",\"description\":\"Meydan TV Az\u0259rbaycan\u0131n media m\u0259kan\u0131ndak\u0131 alternativ s\u0259sidir\",\"publisher\":{\"@id\":\"https:\\\/\\\/www.meydan.tv\\\/az\\\/#organization\"},\"potentialAction\":[{\"@type\":\"SearchAction\",\"target\":{\"@type\":\"EntryPoint\",\"urlTemplate\":\"https:\\\/\\\/www.meydan.tv\\\/az\\\/?s={search_term_string}\"},\"query-input\":{\"@type\":\"PropertyValueSpecification\",\"valueRequired\":true,\"valueName\":\"search_term_string\"}}],\"inLanguage\":\"az\"},{\"@type\":\"Organization\",\"@id\":\"https:\\\/\\\/www.meydan.tv\\\/az\\\/#organization\",\"name\":\"Meydan TV\",\"url\":\"https:\\\/\\\/www.meydan.tv\\\/az\\\/\",\"logo\":{\"@type\":\"ImageObject\",\"inLanguage\":\"az\",\"@id\":\"https:\\\/\\\/www.meydan.tv\\\/az\\\/#\\\/schema\\\/logo\\\/image\\\/\",\"url\":\"https:\\\/\\\/www.meydan.tv\\\/wp-content\\\/uploads\\\/2021\\\/07\\\/meydan-logo.svg\",\"contentUrl\":\"https:\\\/\\\/www.meydan.tv\\\/wp-content\\\/uploads\\\/2021\\\/07\\\/meydan-logo.svg\",\"width\":195,\"height\":46,\"caption\":\"Meydan TV\"},\"image\":{\"@id\":\"https:\\\/\\\/www.meydan.tv\\\/az\\\/#\\\/schema\\\/logo\\\/image\\\/\"}},{\"@type\":\"Person\",\"@id\":\"https:\\\/\\\/www.meydan.tv\\\/az\\\/#\\\/schema\\\/person\\\/9cdbecf90d17180ce1dfbd95b08dcf47\",\"name\":\"elli\",\"sameAs\":[\"https:\\\/\\\/x.com\\\/elli\"]}]}<\/script>\n<!-- \/ Yoast SEO plugin. -->","yoast_head_json":{"title":"\u201cT\u0259rt\u0259r i\u015fi\u201dn\u0259 g\u00f6r\u0259 daha 163 n\u0259f\u0259r z\u0259r\u0259r\u00e7\u0259kmi\u015f kimi tan\u0131n\u0131b - MEYDAN.TV","robots":{"index":"index","follow":"follow","max-snippet":"max-snippet:-1","max-image-preview":"max-image-preview:large","max-video-preview":"max-video-preview:-1"},"canonical":"https:\/\/www.meydan.tv\/az\/article\/terter-isine-gore-daha-163-nefer-zerercekmis-kimi-taninib\/","og_locale":"az_AZ","og_type":"article","og_title":"\u201cT\u0259rt\u0259r i\u015fi\u201dn\u0259 g\u00f6r\u0259 daha 163 n\u0259f\u0259r z\u0259r\u0259r\u00e7\u0259kmi\u015f kimi tan\u0131n\u0131b - MEYDAN.TV","og_url":"https:\/\/www.meydan.tv\/az\/article\/terter-isine-gore-daha-163-nefer-zerercekmis-kimi-taninib\/","og_site_name":"MEYDAN.TV","article_published_time":"2022-02-09T11:26:03+00:00","article_modified_time":"2022-02-09T11:37:19+00:00","og_image":[{"width":1200,"height":507,"url":"https:\/\/www.meydan.tv\/wp-content\/uploads\/image_from_ios-4-e1638869124152.jpg","type":"image\/jpeg"}],"author":"elli","twitter_card":"summary_large_image","twitter_creator":"@elli","schema":{"@context":"https:\/\/schema.org","@graph":[{"@type":"Article","@id":"https:\/\/www.meydan.tv\/az\/article\/terter-isine-gore-daha-163-nefer-zerercekmis-kimi-taninib\/#article","isPartOf":{"@id":"https:\/\/www.meydan.tv\/az\/article\/terter-isine-gore-daha-163-nefer-zerercekmis-kimi-taninib\/"},"author":{"name":"elli","@id":"https:\/\/www.meydan.tv\/az\/#\/schema\/person\/9cdbecf90d17180ce1dfbd95b08dcf47"},"headline":"\u201cT\u0259rt\u0259r i\u015fi\u201dn\u0259 g\u00f6r\u0259 daha 163 n\u0259f\u0259r z\u0259r\u0259r\u00e7\u0259kmi\u015f kimi tan\u0131n\u0131b","datePublished":"2022-02-09T11:26:03+00:00","dateModified":"2022-02-09T11:37:19+00:00","mainEntityOfPage":{"@id":"https:\/\/www.meydan.tv\/az\/article\/terter-isine-gore-daha-163-nefer-zerercekmis-kimi-taninib\/"},"wordCount":476,"publisher":{"@id":"https:\/\/www.meydan.tv\/az\/#organization"},"image":{"@id":"https:\/\/www.meydan.tv\/az\/article\/terter-isine-gore-daha-163-nefer-zerercekmis-kimi-taninib\/#primaryimage"},"thumbnailUrl":"https:\/\/www.meydan.tv\/wp-content\/uploads\/image_from_ios-4-e1638869124152.jpg","articleSection":["Siyas\u0259t","T\u00f6vsiy\u0259","Video","X\u0259b\u0259rl\u0259r"],"inLanguage":"az"},{"@type":"WebPage","@id":"https:\/\/www.meydan.tv\/az\/article\/terter-isine-gore-daha-163-nefer-zerercekmis-kimi-taninib\/","url":"https:\/\/www.meydan.tv\/az\/article\/terter-isine-gore-daha-163-nefer-zerercekmis-kimi-taninib\/","name":"\u201cT\u0259rt\u0259r i\u015fi\u201dn\u0259 g\u00f6r\u0259 daha 163 n\u0259f\u0259r z\u0259r\u0259r\u00e7\u0259kmi\u015f kimi tan\u0131n\u0131b - MEYDAN.TV","isPartOf":{"@id":"https:\/\/www.meydan.tv\/az\/#website"},"primaryImageOfPage":{"@id":"https:\/\/www.meydan.tv\/az\/article\/terter-isine-gore-daha-163-nefer-zerercekmis-kimi-taninib\/#primaryimage"},"image":{"@id":"https:\/\/www.meydan.tv\/az\/article\/terter-isine-gore-daha-163-nefer-zerercekmis-kimi-taninib\/#primaryimage"},"thumbnailUrl":"https:\/\/www.meydan.tv\/wp-content\/uploads\/image_from_ios-4-e1638869124152.jpg","datePublished":"2022-02-09T11:26:03+00:00","dateModified":"2022-02-09T11:37:19+00:00","breadcrumb":{"@id":"https:\/\/www.meydan.tv\/az\/article\/terter-isine-gore-daha-163-nefer-zerercekmis-kimi-taninib\/#breadcrumb"},"inLanguage":"az","potentialAction":[{"@type":"ReadAction","target":["https:\/\/www.meydan.tv\/az\/article\/terter-isine-gore-daha-163-nefer-zerercekmis-kimi-taninib\/"]}]},{"@type":"ImageObject","inLanguage":"az","@id":"https:\/\/www.meydan.tv\/az\/article\/terter-isine-gore-daha-163-nefer-zerercekmis-kimi-taninib\/#primaryimage","url":"https:\/\/www.meydan.tv\/wp-content\/uploads\/image_from_ios-4-e1638869124152.jpg","contentUrl":"https:\/\/www.meydan.tv\/wp-content\/uploads\/image_from_ios-4-e1638869124152.jpg","width":1200,"height":507,"caption":"\"T\u0259rt\u0259r i\u015fi\". Foto: Meydan TV"},{"@type":"BreadcrumbList","@id":"https:\/\/www.meydan.tv\/az\/article\/terter-isine-gore-daha-163-nefer-zerercekmis-kimi-taninib\/#breadcrumb","itemListElement":[{"@type":"ListItem","position":1,"name":"Ana s\u0259hif\u0259","item":"https:\/\/www.meydan.tv\/az\/"},{"@type":"ListItem","position":2,"name":"Siyas\u0259t","item":"https:\/\/www.meydan.tv\/az\/section\/siyaset\/"},{"@type":"ListItem","position":3,"name":"\u201cT\u0259rt\u0259r i\u015fi\u201dn\u0259 g\u00f6r\u0259 daha 163 n\u0259f\u0259r z\u0259r\u0259r\u00e7\u0259kmi\u015f kimi tan\u0131n\u0131b"}]},{"@type":"WebSite","@id":"https:\/\/www.meydan.tv\/az\/#website","url":"https:\/\/www.meydan.tv\/az\/","name":"MEYDAN.TV","description":"Meydan TV Az\u0259rbaycan\u0131n media m\u0259kan\u0131ndak\u0131 alternativ s\u0259sidir","publisher":{"@id":"https:\/\/www.meydan.tv\/az\/#organization"},"potentialAction":[{"@type":"SearchAction","target":{"@type":"EntryPoint","urlTemplate":"https:\/\/www.meydan.tv\/az\/?s={search_term_string}"},"query-input":{"@type":"PropertyValueSpecification","valueRequired":true,"valueName":"search_term_string"}}],"inLanguage":"az"},{"@type":"Organization","@id":"https:\/\/www.meydan.tv\/az\/#organization","name":"Meydan TV","url":"https:\/\/www.meydan.tv\/az\/","logo":{"@type":"ImageObject","inLanguage":"az","@id":"https:\/\/www.meydan.tv\/az\/#\/schema\/logo\/image\/","url":"https:\/\/www.meydan.tv\/wp-content\/uploads\/2021\/07\/meydan-logo.svg","contentUrl":"https:\/\/www.meydan.tv\/wp-content\/uploads\/2021\/07\/meydan-logo.svg","width":195,"height":46,"caption":"Meydan TV"},"image":{"@id":"https:\/\/www.meydan.tv\/az\/#\/schema\/logo\/image\/"}},{"@type":"Person","@id":"https:\/\/www.meydan.tv\/az\/#\/schema\/person\/9cdbecf90d17180ce1dfbd95b08dcf47","name":"elli","sameAs":["https:\/\/x.com\/elli"]}]}},"_links":{"self":[{"href":"https:\/\/www.meydan.tv\/az\/wp-json\/wp\/v2\/posts\/234152","targetHints":{"allow":["GET"]}}],"collection":[{"href":"https:\/\/www.meydan.tv\/az\/wp-json\/wp\/v2\/posts"}],"about":[{"href":"https:\/\/www.meydan.tv\/az\/wp-json\/wp\/v2\/types\/post"}],"author":[{"embeddable":true,"href":"https:\/\/www.meydan.tv\/az\/wp-json\/wp\/v2\/users\/8"}],"replies":[{"embeddable":true,"href":"https:\/\/www.meydan.tv\/az\/wp-json\/wp\/v2\/comments?post=234152"}],"version-history":[{"count":2,"href":"https:\/\/www.meydan.tv\/az\/wp-json\/wp\/v2\/posts\/234152\/revisions"}],"predecessor-version":[{"id":234154,"href":"https:\/\/www.meydan.tv\/az\/wp-json\/wp\/v2\/posts\/234152\/revisions\/234154"}],"wp:featuredmedia":[{"embeddable":true,"href":"https:\/\/www.meydan.tv\/az\/wp-json\/wp\/v2\/media\/228588"}],"wp:attachment":[{"href":"https:\/\/www.meydan.tv\/az\/wp-json\/wp\/v2\/media?parent=234152"}],"wp:term":[{"taxonomy":"category","embeddable":true,"href":"https:\/\/www.meydan.tv\/az\/wp-json\/wp\/v2\/categories?post=234152"},{"taxonomy":"post_tag","embeddable":true,"href":"https:\/\/www.meydan.tv\/az\/wp-json\/wp\/v2\/tags?post=234152"}],"curies":[{"name":"wp","href":"https:\/\/api.w.org\/{rel}","templated":true}]}}