{"id":234143,"date":"2022-02-09T14:19:40","date_gmt":"2022-02-09T10:19:40","guid":{"rendered":"https:\/\/www.meydan.tv\/?p=234143"},"modified":"2022-02-09T15:05:05","modified_gmt":"2022-02-09T11:05:05","slug":"avropa-birliyi-ile-azerbaycan-arasinda-munasibetlerde-yeni-bir-dinamika-var","status":"publish","type":"post","link":"https:\/\/www.meydan.tv\/az\/article\/avropa-birliyi-ile-azerbaycan-arasinda-munasibetlerde-yeni-bir-dinamika-var\/","title":{"rendered":"\u201cAvropa Birliyi il\u0259 Az\u0259rbaycan aras\u0131nda m\u00fcnasib\u0259tl\u0259rd\u0259 yeni bir dinamika var\u201d"},"content":{"rendered":"\n<p><em>Ekspertl\u0259r avrokomissarlar\u0131n Bak\u0131 s\u0259f\u0259rini pozitiv say\u0131r&nbsp;<\/em><\/p>\n\n\n\n<p>Avrokomissarlar\u0131n fevral\u0131n 4-d\u0259 Bak\u0131ya s\u0259f\u0259ri \u00f6t\u0259n h\u0259ft\u0259nin yaddaqalan siyasi hadis\u0259l\u0259rind\u0259n oldu. S\u0259f\u0259rin \u0259sas m\u0259qs\u0259dinin C\u0259nub Qaz D\u0259hlizi m\u0259\u015fv\u0259r\u0259t\u00e7i \u015furas\u0131n\u0131n iclas\u0131 olmas\u0131na baxmayaraq, g\u00fcnd\u0259likd\u0259 olan iqtisadi m\u0259s\u0259l\u0259l\u0259rin \u2013 Az\u0259rbaycan qaz\u0131n\u0131n Avropaya n\u0259qli \u2013 siyasi prosesl\u0259r\u0259 birba\u015fa t\u0259sirini inkar etm\u0259k olmaz. Avrokomissarlar\u0131n b\u0259yanatlar\u0131 s\u0259f\u0259rin daha \u00e7ox siyasi motivli olmas\u0131na dem\u0259y\u0259 imkan verir. Bel\u0259 ki, avrokomissarlar Az\u0259rbaycan\u0131 Avropa \u0130ttifaq\u0131n\u0131n qaz t\u0259chizat\u0131 bax\u0131m\u0131ndan strateji partnyor olmas\u0131n\u0131 b\u0259yan etdil\u0259r, investisiya proqram\u0131 \u00e7\u0259r\u00e7iv\u0259sind\u0259 Az\u0259rbaycana 2 milyard avro yat\u0131r\u0131m edil\u0259c\u0259yini qeyd etdil\u0259r. Az\u0259rbaycan t\u0259r\u0259fi is\u0259 A\u0130 il\u0259 yeni sazi\u015fin il \u0259rzind\u0259 ba\u015fa \u00e7ata bil\u0259c\u0259yini bildirdil\u0259r. Qeyd etm\u0259k laz\u0131md\u0131r ki, \u0130kinci Qaraba\u011f m\u00fcharib\u0259sind\u0259n sonra t\u0259r\u0259fl\u0259r aras\u0131nda m\u00fcnasib\u0259tl\u0259r k\u0259skin soyuq idi v\u0259 A\u0130 Az\u0259rbaycan\u0131n ali r\u0259hb\u0259rliyi t\u0259r\u0259find\u0259n t\u0259nqidl\u0259r\u0259 m\u0259ruz qalm\u0131\u015fd\u0131. Bir s\u0131ra ekspertl\u0259r n\u0259tic\u0259l\u0259rin g\u00f6zl\u0259nilm\u0259z oldu\u011funu bildirdil\u0259r v\u0259 iki t\u0259r\u0259f aras\u0131nda m\u00fcnasib\u0259tl\u0259rd\u0259 yeni s\u0259hif\u0259nin a\u00e7\u0131la bil\u0259c\u0259yini ehtiyatla vur\u011fulad\u0131lar.<\/p>\n\n\n\n<p><strong>\u201cT\u0259r\u0259fl\u0259r aras\u0131nda yeni s\u0259hif\u0259nin a\u00e7\u0131ld\u0131\u011f\u0131n\u0131 d\u00fc\u015f\u00fcnm\u0259k t\u0259l\u0259sik yana\u015fma olar\u201d<\/strong><\/p>\n\n\n\n<p>M\u00f6vzunu Meydan TV \u00fc\u00e7\u00fcn \u015f\u0259rh ed\u0259n insan h\u00fcquqlar\u0131 f\u0259al\u0131, se\u00e7kil\u0259r v\u0259 ictimai idar\u0259etm\u0259 \u00fczr\u0259 ekspert Anar M\u0259mm\u0259dli qeyd edib ki, s\u0259f\u0259rin yekunlar\u0131 bax\u0131m\u0131ndan \u0259sas diqq\u0259t \u00e7\u0259k\u0259n m\u0259qam Avropa Birliyi il\u0259 Az\u0259rbaycan aras\u0131nda enerji sah\u0259sind\u0259 \u0259m\u0259kda\u015fl\u0131qla ba\u011fl\u0131 m\u00fcnasib\u0259tl\u0259rin, enerji \u0259m\u0259kda\u015fl\u0131\u011f\u0131 sah\u0259sind\u0259 yeni bir dinamikan\u0131n yaranmas\u0131d\u0131r.<\/p>\n\n\n\n<p>\u201cBununla yana\u015f\u0131 Az\u0259rbaycan t\u0259r\u0259finin bir ne\u00e7\u0259 m\u00f6vzuyla ba\u011fl\u0131 uzun m\u00fcdd\u0259tdir dil\u0259 g\u0259tirdiyi m\u0259s\u0259l\u0259l\u0259r d\u0259 Avropa Birliyi r\u0259smil\u0259ri t\u0259r\u0259find\u0259n d\u0259st\u0259k qazand\u0131. S\u00f6hb\u0259t regionda sabitliyin qorunmas\u0131 il\u0259 ba\u011fl\u0131 Az\u0259rbaycan-Erm\u0259nistan aras\u0131nda s\u0259rh\u0259dl\u0259rin m\u00fc\u0259yy\u0259nl\u0259\u015fm\u0259si, at\u0259\u015fk\u0259s rejimin\u0259 riay\u0259t olunmas\u0131 kimi m\u0259s\u0259l\u0259l\u0259r\u0259 d\u0259st\u0259kd\u0259n gedir\u201d.&nbsp;&nbsp;&nbsp;<\/p>\n\n\n\n<p>Bununla bel\u0259, Anar M\u0259mm\u0259dli hesab edir ki, t\u0259r\u0259fl\u0259r aras\u0131nda yeni s\u0259hif\u0259nin a\u00e7\u0131ld\u0131\u011f\u0131n\u0131 d\u00fc\u015f\u00fcnm\u0259k t\u0259l\u0259sik yana\u015fma olar.<\/p>\n\n\n\n<p>\u201c\u00c7\u00fcnki Avropa Birliyi il\u0259 Az\u0259rbaycan aras\u0131nda m\u00fcnasib\u0259tl\u0259r \u00e7ox\u015fax\u0259lidir. Y\u0259ni, Avropa Birliyinin Az\u0259rbaycanda m\u00fc\u0259yy\u0259n investisiya layih\u0259l\u0259ri \u00fc\u00e7\u00fcn maliyy\u0259 ay\u0131rmas\u0131, qaz ixrac\u0131 il\u0259 ba\u011fl\u0131 \u201cya\u015f\u0131l i\u015f\u0131q\u201d\u0131n yanmas\u0131, h\u0259m d\u0259 Az\u0259rbaycan\u0131n enerji sektorunda Avropa \u00f6lk\u0259l\u0259rinin xarici istehlak\u00e7\u0131 olmas\u0131 il\u0259 yana\u015f\u0131 Bak\u0131 il\u0259 Br\u00fcssel aras\u0131nda h\u0259llini g\u00f6zl\u0259y\u0259n vacib m\u0259s\u0259l\u0259l\u0259r var. Onlardan biri d\u0259 Strateji T\u0259r\u0259fda\u015fl\u0131qla ba\u011fl\u0131 sazi\u015fin imzalanmas\u0131d\u0131r. Sazi\u015f uzun ill\u0259rdir yuban\u0131r\u201d.&nbsp;<\/p>\n\n\n\n<p>Az\u0259rbaycan t\u0259r\u0259finin sazi\u015f \u00fcz\u0259rin\u0259 i\u015fin ilin sonuna q\u0259d\u0259r ba\u015fa \u00e7ata bil\u0259c\u0259yi b\u0259yanat\u0131n\u0131 \u015f\u0259rh ed\u0259n Anar M\u0259mm\u0259dli vur\u011fulay\u0131b ki, onun imzalanmas\u0131 h\u0259l\u0259 tez bir zamanda ratifikasiya olunmas\u0131 dem\u0259k deyil. Onun fikrinc\u0259, bu, uzun bir m\u00fcdd\u0259t ala bil\u0259r.<\/p>\n\n\n\n<p>N\u00fcmun\u0259 kimi Erm\u0259nistan\u0131 g\u00f6st\u0259r\u0259n ekspert qeyd edib ki, orada ratifikasiya d\u00f6rd ild\u0259n sonra oldu:<\/p>\n\n\n\n<p>\u201cEyni \u015fey Az\u0259rbaycanla da ba\u011fl\u0131 ba\u015f ver\u0259 bil\u0259r. Bu s\u0259n\u0259d 2022-ci ild\u0259 imzalansa bel\u0259, onun Avropa Birliyinin b\u00fct\u00fcn \u00f6lk\u0259l\u0259ri t\u0259r\u0259find\u0259n t\u0259sdiql\u0259nm\u0259si, eyni zamanda, Avropa Parlamenti t\u0259r\u0259find\u0259n t\u0259sdiqinin qazanmas\u0131na ehtiyac yaranacaq\u201d.<\/p>\n\n\n\n<figure class=\"wp-block-image size-large\"><img decoding=\"async\" data-src=\"https:\/\/www.meydan.tv\/wp-content\/uploads\/anar_memmedli-1200x800.jpg\" alt=\"Anar M\u0259mm\u0259dli\" class=\"wp-image-210070 lazyload\" src=\"data:image\/svg+xml;base64,PHN2ZyB3aWR0aD0iMSIgaGVpZ2h0PSIxIiB4bWxucz0iaHR0cDovL3d3dy53My5vcmcvMjAwMC9zdmciPjwvc3ZnPg==\" style=\"--smush-placeholder-width: 1200px; --smush-placeholder-aspect-ratio: 1200\/800;\" \/><figcaption>Anar M\u0259mm\u0259dli, Foto:  Meydan TV<\/figcaption><\/figure>\n\n\n\n<p>Anar M\u0259mm\u0259dlinin fikrinc\u0259, bel\u0259 bir situasiya yaransa bel\u0259, Az\u0259rbaycandan olan g\u00f6zl\u0259ntil\u0259r s\u0131ras\u0131nda daxili siyas\u0259td\u0259 bir s\u0131ra probleml\u0259rin h\u0259llin\u0259 ehtiyac yaranacaq:<\/p>\n\n\n\n<p>\u201cS\u00f6hb\u0259t siyasi azadl\u0131qlara m\u00fcnasib\u0259tin d\u0259yi\u015fm\u0259sind\u0259n v\u0259 siyasi m\u0259hbuslar\u0131n azadl\u0131\u011f\u0131ndan gedir. \u00dcmumiyy\u0259tl\u0259, brifinql\u0259r zaman\u0131 bu m\u0259s\u0259l\u0259l\u0259r\u0259 toxunulmasa da, v\u0259t\u0259nda\u015f c\u0259miyy\u0259ti t\u0259\u015fkilatlar\u0131yla g\u00f6r\u00fc\u015fd\u0259 Avropa Komissiyas\u0131n\u0131n n\u00fcmay\u0259nd\u0259l\u0259ri bildirdil\u0259r ki, onlar siyasi probleml\u0259ri qald\u0131r\u0131rlar. X\u00fcsusil\u0259 d\u0259 \u201cMedia haqq\u0131nda\u201d Qanunla ba\u011fl\u0131 narahatl\u0131qlar\u0131n\u0131 b\u00f6l\u00fc\u015f\u00fcbl\u0259r. Y\u0259ni bu sah\u0259d\u0259 probleml\u0259r d\u0259 h\u0259llini tapmad\u0131qca, sazi\u015fin imzalanmas\u0131, ratifikasiya olunmas\u0131yla ba\u011fl\u0131 h\u0259r \u015feyin hamar ged\u0259c\u0259yini, rahatl\u0131qla ba\u015f ver\u0259c\u0259yini s\u00f6yl\u0259m\u0259k tez olard\u0131\u201d.<\/p>\n\n\n\n<p><strong>\u201cAz\u0259rbaycan t\u0259r\u0259fi Rusiyan\u0131n b\u00f6lg\u0259d\u0259 basq\u0131lar\u0131n\u0131 m\u00fc\u0259yy\u0259n d\u0259r\u0259c\u0259d\u0259 balansla\u015fd\u0131rma\u011fa \u00e7al\u0131\u015f\u0131r\u201d<\/strong><\/p>\n\n\n\n<p>Respublika\u00e7\u0131 Alternativ Partiyas\u0131n\u0131n (ReAL) Siyasi Komit\u0259sinin \u00fczv\u00fc, iqtisad\u00e7\u0131 Natiq C\u0259f\u0259rli d\u0259 s\u0259f\u0259rin n\u0259tic\u0259l\u0259rini pozitiv kimi qiym\u0259tl\u0259ndirib.<\/p>\n\n\n\n<p>\u201cH\u0259m enerji, h\u0259m ikit\u0259r\u0259fli m\u00fcnasib\u0259tl\u0259rin daha \u00fcst s\u0259viyy\u0259y\u0259 \u00e7\u0131xar\u0131lmas\u0131nda m\u00fcqavil\u0259nin ba\u011flanmas\u0131na y\u00f6n\u0259lik pozitiv a\u00e7\u0131qlamalar, h\u0259m d\u0259 Az\u0259rbaycana ayr\u0131lacaq m\u00fcxt\u0259lif layih\u0259l\u0259r \u00e7\u0259r\u00e7iv\u0259sind\u0259 b\u00f6y\u00fck miqdarda v\u0259saitin olmas\u0131 dan\u0131\u015f\u0131qlar\u0131n u\u011furla ke\u00e7m\u0259sind\u0259n x\u0259b\u0259r verir. H\u0259r iki t\u0259r\u0259fin a\u00e7\u0131qlamalar\u0131ndan bel\u0259 n\u0259tic\u0259y\u0259 g\u0259lm\u0259k olar ki, bu il n\u0259hay\u0259t ki, Bak\u0131yla Br\u00fcssel aras\u0131nda x\u00fcsusi bir ikit\u0259r\u0259fli strateji sazi\u015fin imzalanmas\u0131 m\u00fcmk\u00fcnd\u00fcr. \u018fn az\u0131ndan g\u00f6r\u00fc\u015fl\u0259rd\u0259n sonra veril\u0259n b\u0259yanatlar bunu dem\u0259y\u0259 \u0259sas yarad\u0131r\u201d, &#8211; Natiq C\u0259f\u0259rli deyib.&nbsp;<\/p>\n\n\n\n<p>Yeni m\u00fcqavil\u0259nin ilin sonuna q\u0259d\u0259r imzalanmas\u0131n\u0131n m\u00fcmk\u00fcnl\u00fcy\u00fcn\u00fc \u015f\u0259rh ed\u0259n partiya f\u0259al\u0131n\u0131n s\u00f6zl\u0259rin\u0259 g\u00f6r\u0259, bir s\u0131ra insanlarda yanl\u0131\u015f t\u0259s\u0259vv\u00fcr var ki, guya insan haqlar\u0131, azadl\u0131qlarla ba\u011fl\u0131 uzla\u015fd\u0131rma al\u0131nm\u0131r:<\/p>\n\n\n\n<p>\u201cAmma el\u0259 deyil. Az\u0259rbaycan h\u00f6kum\u0259ti bu sah\u0259d\u0259 daha rahat \u00f6hd\u0259likl\u0259r g\u00f6t\u00fcr\u00fcr, sonra yerin\u0259 yetirmir. 2001-ci ild\u0259 Avropa \u015euras\u0131na \u00fczv olanda da bel\u0259 olmu\u015fdu. Guya bu d\u0259f\u0259 d\u0259 m\u0259s\u0259l\u0259nin ili\u015f\u0259n n\u00f6qt\u0259si bunlard\u0131r. \u018fsas\u0259n Az\u0259rbaycan\u0131n \u00dcmumd\u00fcnya Ticar\u0259t T\u0259\u015fkilat\u0131na \u00fczvl\u00fcy\u00fc, ticar\u0259t anla\u015fmalar\u0131 v\u0259 a\u00e7\u0131q hava m\u0259kan\u0131 m\u0259s\u0259l\u0259l\u0259ri d\u00fcy\u00fcn n\u00f6qt\u0259sin\u0259 \u00e7evrilmi\u015fdi\u201d.<\/p>\n\n\n\n<p>Onun fikrinc\u0259, \u00e7ox g\u00fcman ki, bu d\u0259f\u0259 ortaq m\u0259xr\u0259c\u0259 g\u0259lm\u0259k m\u00fcmk\u00fcn olub.<\/p>\n\n\n\n<p>\u201cY\u0259qin sadalad\u0131\u011f\u0131n h\u0259r \u00fc\u00e7 m\u0259s\u0259l\u0259d\u0259 t\u0259r\u0259fl\u0259r aras\u0131nda m\u00fc\u0259yy\u0259n g\u00fcz\u0259\u015ftl\u0259r olub. Ona g\u00f6r\u0259 d\u0259 biz \u00e7ox arzulayard\u0131q ilin sonuna q\u0259d\u0259r bel\u0259 bir m\u00fcqavil\u0259nin imzalanmas\u0131 m\u00fcmk\u00fcn olsun, \u015fans\u0131 da y\u00fcks\u0259kdir\u201d.<\/p>\n\n\n\n<p>Bel\u0259 bir yax\u0131nla\u015fman\u0131n Az\u0259rbaycan t\u0259r\u0259find\u0259n Rusiyan\u0131n b\u00f6lg\u0259d\u0259 olan n\u00fcfuzunu neytralla\u015fd\u0131rmaq c\u0259hdi kimi qiym\u0259tl\u0259ndirilm\u0259si bar\u0259d\u0259 sual\u0131 cavabland\u0131ran Anar M\u0259mm\u0259dli qeyd edib ki, b\u00f6lg\u0259d\u0259 maliyy\u0259 donoru olmas\u0131na baxmayaraq, Avropa Birliyi b\u00f6lg\u0259d\u0259 geopolitik oyun\u00e7u kimi el\u0259 d\u0259 aktiv deyil:<\/p>\n\n\n\n<p>\u201cKonkret olaraq, Avropa Birliyi Az\u0259rbaycanla m\u00fcqayis\u0259d\u0259 G\u00fcrc\u00fcstanda daha f\u0259ald\u0131r v\u0259 siyasi institut kimi \u00e7\u0131x\u0131\u015f ed\u0259 bilir. Avropa Birliyinin Az\u0259rbaycanda siyasi institut v\u0259 siyasi oyun\u00e7u kimi aktivl\u0259\u015f\u0259c\u0259yini, maliyy\u0259 donorundan siyasi oyun\u00e7uya, instituta \u00e7evril\u0259c\u0259yini yax\u0131n ill\u0259rd\u0259 g\u00f6zl\u0259m\u0259k \u00e7ox \u00e7\u0259tindir. Bu bax\u0131mdan Rusiyan\u0131 b\u00f6lg\u0259d\u0259 neytralla\u015fd\u0131racaq bir geopolitik oyun\u00e7u kimi Avropa Birliyin\u0259 yana\u015fmaq yersiz olard\u0131\u201d.<\/p>\n\n\n\n<p>O hesab edir ki, h\u0259l\u0259lik regionda \u0259sas geopolitik oyun\u00e7u kimi T\u00fcrkiy\u0259 v\u0259 AB\u015e Rusiyan\u0131 neytralla\u015fd\u0131rmaqda daha \u00f6nd\u0259dir, n\u0259inki Avropa Birliyi.&nbsp;<\/p>\n\n\n\n<figure class=\"wp-block-image size-large\"><img decoding=\"async\" data-src=\"https:\/\/www.meydan.tv\/wp-content\/uploads\/image_from_ios_178-1200x800.jpg\" alt=\"Natiq C\u0259f\u0259rli\" class=\"wp-image-210013 lazyload\" src=\"data:image\/svg+xml;base64,PHN2ZyB3aWR0aD0iMSIgaGVpZ2h0PSIxIiB4bWxucz0iaHR0cDovL3d3dy53My5vcmcvMjAwMC9zdmciPjwvc3ZnPg==\" style=\"--smush-placeholder-width: 1200px; --smush-placeholder-aspect-ratio: 1200\/800;\" \/><figcaption>Natiq C\u0259f\u0259rli, Foto: Meydan TV<\/figcaption><\/figure>\n\n\n\n<p>Natiq C\u0259f\u0259rli d\u0259 vur\u011fulay\u0131b, Az\u0259rbaycan t\u0259r\u0259fi anlay\u0131r ki, Rusiya b\u00f6lg\u0259d\u0259, son zamanlar da qon\u015fular\u0131na qar\u015f\u0131 artan aqressiv davran\u0131\u015flar\u0131 m\u00fc\u0259yy\u0259n d\u0259ng\u0259 qurmaq l\u00fczumunu daha da art\u0131r\u0131r:<\/p>\n\n\n\n<p>\u201cY\u0259ni, bir t\u0259r\u0259fd\u0259n b\u00f6y\u00fck basq\u0131 olark\u0259n, dig\u0259r t\u0259r\u0259fd\u0259n balans yaratmaq, yaxud basq\u0131n\u0131 m\u00fc\u0259yy\u0259n d\u0259r\u0259c\u0259d\u0259 neytralla\u015fd\u0131rmaq \u00fc\u00e7\u00fcn de-fakto v\u0259 de-yure ittifaqlar\u0131n g\u00fccl\u0259ndirilm\u0259si laz\u0131md\u0131r. Az\u0259rbaycan t\u0259r\u0259fi d\u0259 \u00e7al\u0131\u015f\u0131r ki, bu basq\u0131lar\u0131 m\u00fc\u0259yy\u0259n d\u0259r\u0259c\u0259d\u0259 balansla\u015fd\u0131rs\u0131n. Bak\u0131 bu gedi\u015fatda Rusiyan\u0131n t\u0259sirl\u0259rini m\u00fc\u0259yy\u0259n d\u0259r\u0259c\u0259d\u0259 neytralla\u015fd\u0131rmaq \u00fc\u00e7\u00fcn h\u0259m T\u00fcrkiy\u0259, h\u0259m B\u00f6y\u00fck Britaniya v\u0259 h\u0259m d\u0259 Avropa Birliyi faktorundan istifad\u0259 edir. Y\u0259ni, istiqam\u0259t olaraq do\u011frudur\u201d.<\/p>\n\n\n\n<p>\u201c<strong>Avropaya qaz t\u0259hcizat\u0131 bax\u0131m\u0131ndan Az\u0259rbaycan Rusiyan\u0131n r\u0259qibi deyil\u201d<\/strong><\/p>\n\n\n\n<p>Bununla paralel olaraq, h\u0259r iki ekspert Az\u0259rbaycan qaz\u0131n\u0131n Avropa Birliyin\u0259 n\u0259qli il\u0259 ba\u011fl\u0131 m\u0259s\u0259l\u0259l\u0259rd\u0259 Rusiya il\u0259 maraq toqqu\u015fmas\u0131n\u0131n m\u00fcmk\u00fcns\u00fczl\u00fcy\u00fcn\u00fc vur\u011fulay\u0131blar.<\/p>\n\n\n\n<p>Anar M\u0259mm\u0259dli qeyd edib ki, Az\u0259rbaycan\u0131n Avropa qaz istehlak\u0131nda pay\u0131 \u00e7ox a\u015fa\u011f\u0131 oldu\u011fundan bu m\u0259s\u0259l\u0259d\u0259 Rusiya il\u0259 r\u0259qib \u00f6lk\u0259 deyil:&nbsp;<\/p>\n\n\n\n<p>\u201cAz\u0259rbaycan Avropan\u0131n c\u0259nubunda b\u0259zi \u00f6lk\u0259l\u0259rinin qaz ehtiyaclar\u0131n\u0131n qism\u0259n \u00f6d\u0259nilm\u0259sind\u0259 i\u015ftirak edir. Bir alternativ kimi Az\u0259rbaycan t\u0259bii ki, \u0259h\u0259miyy\u0259t k\u0259sb edir. Amma T\u00fcrkm\u0259nistan qaz\u0131 da bizim \u0259razid\u0259n Avropaya ixrac olunsa, yaxud Tehranla probleml\u0259r h\u0259ll olunduqdan sonra \u0130ran qaz\u0131 da burdan ixrac olunsa, o zaman Az\u0259rbaycan\u0131n \u0259h\u0259miyy\u0259ti arta bil\u0259r\u201d.<\/p>\n\n\n\n<p>Natiq C\u0259f\u0259rli \u00f6z n\u00f6vb\u0259sind\u0259 vur\u011fulay\u0131b ki, Avropa Birliyinin \u00fcmumilikd\u0259 510 milyard kubmetr qaza t\u0259l\u0259bat\u0131 var, 2021-ci ild\u0259 is\u0259 Rusiyan\u0131n Avropa Birliyin\u0259 qaz ixrac\u0131 178 milyard kubmetr olub.<\/p>\n\n\n\n<p>\u201cT\u0259l\u0259bat\u0131n \u00fc\u00e7d\u0259 birind\u0259n \u00e7oxunu Rusiya verir. T\u0259bii ki, Avropa alternativ qaz m\u0259nb\u0259l\u0259ri axtar\u0131r. Az\u0259rbaycan\u0131n \u00f6z qaz\u0131n\u0131 Avropaya n\u0259ql etm\u0259 potensial\u0131 10-11 milyard kubmetrd\u0259n \u00e7ox deyil. Bunu Rusiya da bilir. Y\u0259ni Az\u0259rbaycan h\u0259cm olaraq r\u0259qib deyil. Amma alternativ x\u0259tt kimi g\u0259l\u0259c\u0259kd\u0259 ba\u015fqa \u00f6lk\u0259l\u0259rin qo\u015fulmas\u0131n\u0131 n\u0259z\u0259r\u0259 alaraq bu x\u0259ttin 30-35 milyard kubmetr\u0259 \u00e7atmas\u0131 m\u00fcmk\u00fcnd\u00fcr. T\u0259bii ki, bu gedi\u015fat Rusiyan\u0131 yum\u015faq des\u0259k, m\u0259mnun etmir. Ancaq anlay\u0131r ki, Rusiya qaz\u0131n\u0131n Avropa bazar\u0131nda \u0259v\u0259z ets\u0259k, bu, Az\u0259rbaycan v\u0259 onun moderator oldu\u011fu layih\u0259l\u0259rd\u0259 m\u00fcmk\u00fcn deyil\u201d.<\/p>\n","protected":false},"excerpt":{"rendered":"<p>Ekspertl\u0259r avrokomissarlar\u0131n Bak\u0131 s\u0259f\u0259rini pozitiv say\u0131r&nbsp; Avrokomissarlar\u0131n fevral\u0131n 4-d\u0259 Bak\u0131ya &#8230; <\/p>\n<p class=\"read-more-container\"><a title=\"\u201cAvropa Birliyi il\u0259 Az\u0259rbaycan aras\u0131nda m\u00fcnasib\u0259tl\u0259rd\u0259 yeni bir dinamika var\u201d\" class=\"read-more button\" href=\"https:\/\/www.meydan.tv\/az\/article\/avropa-birliyi-ile-azerbaycan-arasinda-munasibetlerde-yeni-bir-dinamika-var\/#more-234143\" aria-label=\"Read more about \u201cAvropa Birliyi il\u0259 Az\u0259rbaycan aras\u0131nda m\u00fcnasib\u0259tl\u0259rd\u0259 yeni bir dinamika var\u201d\">Davam\u0131<\/a><\/p>\n","protected":false},"author":12,"featured_media":234145,"comment_status":"closed","ping_status":"closed","sticky":false,"template":"","format":"standard","meta":{"_acf_changed":false,"_sitemap_exclude":false,"_sitemap_priority":"","_sitemap_frequency":"","footnotes":""},"categories":[59,79,56],"tags":[],"class_list":["post-234143","post","type-post","status-publish","format-standard","has-post-thumbnail","hentry","category-siyaset","category-featured","category-xeberler","infinite-scroll-item","generate-columns","tablet-grid-50","mobile-grid-100","grid-parent","grid-33","no-featured-image-padding"],"acf":[],"yoast_head":"<!-- This site is optimized with the Yoast SEO plugin v27.5 - https:\/\/yoast.com\/product\/yoast-seo-wordpress\/ -->\n<title>\u201cAvropa Birliyi il\u0259 Az\u0259rbaycan aras\u0131nda m\u00fcnasib\u0259tl\u0259rd\u0259 yeni bir dinamika var\u201d - MEYDAN.TV<\/title>\n<meta name=\"robots\" content=\"index, follow, max-snippet:-1, max-image-preview:large, max-video-preview:-1\" \/>\n<link rel=\"canonical\" href=\"https:\/\/www.meydan.tv\/az\/article\/avropa-birliyi-ile-azerbaycan-arasinda-munasibetlerde-yeni-bir-dinamika-var\/\" \/>\n<meta property=\"og:locale\" content=\"az_AZ\" \/>\n<meta property=\"og:type\" content=\"article\" \/>\n<meta property=\"og:title\" content=\"\u201cAvropa Birliyi il\u0259 Az\u0259rbaycan aras\u0131nda m\u00fcnasib\u0259tl\u0259rd\u0259 yeni bir dinamika var\u201d - MEYDAN.TV\" \/>\n<meta property=\"og:description\" content=\"Ekspertl\u0259r avrokomissarlar\u0131n Bak\u0131 s\u0259f\u0259rini pozitiv say\u0131r&nbsp; Avrokomissarlar\u0131n fevral\u0131n 4-d\u0259 Bak\u0131ya ... Davam\u0131\" \/>\n<meta property=\"og:url\" content=\"https:\/\/www.meydan.tv\/az\/article\/avropa-birliyi-ile-azerbaycan-arasinda-munasibetlerde-yeni-bir-dinamika-var\/\" \/>\n<meta property=\"og:site_name\" content=\"MEYDAN.TV\" \/>\n<meta property=\"article:published_time\" content=\"2022-02-09T10:19:40+00:00\" \/>\n<meta property=\"article:modified_time\" content=\"2022-02-09T11:05:05+00:00\" \/>\n<meta property=\"og:image\" content=\"https:\/\/www.meydan.tv\/wp-content\/uploads\/1643967151_3237079768736557809f5843e3e21a25.jpg\" \/>\n\t<meta property=\"og:image:width\" content=\"1960\" \/>\n\t<meta property=\"og:image:height\" content=\"1150\" \/>\n\t<meta property=\"og:image:type\" content=\"image\/jpeg\" \/>\n<meta name=\"author\" content=\"aleks\" \/>\n<meta name=\"twitter:card\" content=\"summary_large_image\" \/>\n<script type=\"application\/ld+json\" class=\"yoast-schema-graph\">{\"@context\":\"https:\\\/\\\/schema.org\",\"@graph\":[{\"@type\":\"Article\",\"@id\":\"https:\\\/\\\/www.meydan.tv\\\/az\\\/article\\\/avropa-birliyi-ile-azerbaycan-arasinda-munasibetlerde-yeni-bir-dinamika-var\\\/#article\",\"isPartOf\":{\"@id\":\"https:\\\/\\\/www.meydan.tv\\\/az\\\/article\\\/avropa-birliyi-ile-azerbaycan-arasinda-munasibetlerde-yeni-bir-dinamika-var\\\/\"},\"author\":{\"name\":\"aleks\",\"@id\":\"https:\\\/\\\/www.meydan.tv\\\/az\\\/#\\\/schema\\\/person\\\/476e9360e593fa131d5d71d51866f8da\"},\"headline\":\"\u201cAvropa Birliyi il\u0259 Az\u0259rbaycan aras\u0131nda m\u00fcnasib\u0259tl\u0259rd\u0259 yeni bir dinamika var\u201d\",\"datePublished\":\"2022-02-09T10:19:40+00:00\",\"dateModified\":\"2022-02-09T11:05:05+00:00\",\"mainEntityOfPage\":{\"@id\":\"https:\\\/\\\/www.meydan.tv\\\/az\\\/article\\\/avropa-birliyi-ile-azerbaycan-arasinda-munasibetlerde-yeni-bir-dinamika-var\\\/\"},\"wordCount\":1937,\"publisher\":{\"@id\":\"https:\\\/\\\/www.meydan.tv\\\/az\\\/#organization\"},\"image\":{\"@id\":\"https:\\\/\\\/www.meydan.tv\\\/az\\\/article\\\/avropa-birliyi-ile-azerbaycan-arasinda-munasibetlerde-yeni-bir-dinamika-var\\\/#primaryimage\"},\"thumbnailUrl\":\"https:\\\/\\\/www.meydan.tv\\\/wp-content\\\/uploads\\\/1643967151_3237079768736557809f5843e3e21a25.jpg\",\"articleSection\":[\"Siyas\u0259t\",\"T\u00f6vsiy\u0259\",\"X\u0259b\u0259rl\u0259r\"],\"inLanguage\":\"az\"},{\"@type\":\"WebPage\",\"@id\":\"https:\\\/\\\/www.meydan.tv\\\/az\\\/article\\\/avropa-birliyi-ile-azerbaycan-arasinda-munasibetlerde-yeni-bir-dinamika-var\\\/\",\"url\":\"https:\\\/\\\/www.meydan.tv\\\/az\\\/article\\\/avropa-birliyi-ile-azerbaycan-arasinda-munasibetlerde-yeni-bir-dinamika-var\\\/\",\"name\":\"\u201cAvropa Birliyi il\u0259 Az\u0259rbaycan aras\u0131nda m\u00fcnasib\u0259tl\u0259rd\u0259 yeni bir dinamika var\u201d - MEYDAN.TV\",\"isPartOf\":{\"@id\":\"https:\\\/\\\/www.meydan.tv\\\/az\\\/#website\"},\"primaryImageOfPage\":{\"@id\":\"https:\\\/\\\/www.meydan.tv\\\/az\\\/article\\\/avropa-birliyi-ile-azerbaycan-arasinda-munasibetlerde-yeni-bir-dinamika-var\\\/#primaryimage\"},\"image\":{\"@id\":\"https:\\\/\\\/www.meydan.tv\\\/az\\\/article\\\/avropa-birliyi-ile-azerbaycan-arasinda-munasibetlerde-yeni-bir-dinamika-var\\\/#primaryimage\"},\"thumbnailUrl\":\"https:\\\/\\\/www.meydan.tv\\\/wp-content\\\/uploads\\\/1643967151_3237079768736557809f5843e3e21a25.jpg\",\"datePublished\":\"2022-02-09T10:19:40+00:00\",\"dateModified\":\"2022-02-09T11:05:05+00:00\",\"breadcrumb\":{\"@id\":\"https:\\\/\\\/www.meydan.tv\\\/az\\\/article\\\/avropa-birliyi-ile-azerbaycan-arasinda-munasibetlerde-yeni-bir-dinamika-var\\\/#breadcrumb\"},\"inLanguage\":\"az\",\"potentialAction\":[{\"@type\":\"ReadAction\",\"target\":[\"https:\\\/\\\/www.meydan.tv\\\/az\\\/article\\\/avropa-birliyi-ile-azerbaycan-arasinda-munasibetlerde-yeni-bir-dinamika-var\\\/\"]}]},{\"@type\":\"ImageObject\",\"inLanguage\":\"az\",\"@id\":\"https:\\\/\\\/www.meydan.tv\\\/az\\\/article\\\/avropa-birliyi-ile-azerbaycan-arasinda-munasibetlerde-yeni-bir-dinamika-var\\\/#primaryimage\",\"url\":\"https:\\\/\\\/www.meydan.tv\\\/wp-content\\\/uploads\\\/1643967151_3237079768736557809f5843e3e21a25.jpg\",\"contentUrl\":\"https:\\\/\\\/www.meydan.tv\\\/wp-content\\\/uploads\\\/1643967151_3237079768736557809f5843e3e21a25.jpg\",\"width\":1960,\"height\":1150,\"caption\":\"Avropa komissar\u0131 Bak\u0131da, foto: president.az\"},{\"@type\":\"BreadcrumbList\",\"@id\":\"https:\\\/\\\/www.meydan.tv\\\/az\\\/article\\\/avropa-birliyi-ile-azerbaycan-arasinda-munasibetlerde-yeni-bir-dinamika-var\\\/#breadcrumb\",\"itemListElement\":[{\"@type\":\"ListItem\",\"position\":1,\"name\":\"Ana s\u0259hif\u0259\",\"item\":\"https:\\\/\\\/www.meydan.tv\\\/az\\\/\"},{\"@type\":\"ListItem\",\"position\":2,\"name\":\"Siyas\u0259t\",\"item\":\"https:\\\/\\\/www.meydan.tv\\\/az\\\/section\\\/siyaset\\\/\"},{\"@type\":\"ListItem\",\"position\":3,\"name\":\"\u201cAvropa Birliyi il\u0259 Az\u0259rbaycan aras\u0131nda m\u00fcnasib\u0259tl\u0259rd\u0259 yeni bir dinamika var\u201d\"}]},{\"@type\":\"WebSite\",\"@id\":\"https:\\\/\\\/www.meydan.tv\\\/az\\\/#website\",\"url\":\"https:\\\/\\\/www.meydan.tv\\\/az\\\/\",\"name\":\"MEYDAN.TV\",\"description\":\"Meydan TV Az\u0259rbaycan\u0131n media m\u0259kan\u0131ndak\u0131 alternativ s\u0259sidir\",\"publisher\":{\"@id\":\"https:\\\/\\\/www.meydan.tv\\\/az\\\/#organization\"},\"potentialAction\":[{\"@type\":\"SearchAction\",\"target\":{\"@type\":\"EntryPoint\",\"urlTemplate\":\"https:\\\/\\\/www.meydan.tv\\\/az\\\/?s={search_term_string}\"},\"query-input\":{\"@type\":\"PropertyValueSpecification\",\"valueRequired\":true,\"valueName\":\"search_term_string\"}}],\"inLanguage\":\"az\"},{\"@type\":\"Organization\",\"@id\":\"https:\\\/\\\/www.meydan.tv\\\/az\\\/#organization\",\"name\":\"Meydan TV\",\"url\":\"https:\\\/\\\/www.meydan.tv\\\/az\\\/\",\"logo\":{\"@type\":\"ImageObject\",\"inLanguage\":\"az\",\"@id\":\"https:\\\/\\\/www.meydan.tv\\\/az\\\/#\\\/schema\\\/logo\\\/image\\\/\",\"url\":\"https:\\\/\\\/www.meydan.tv\\\/wp-content\\\/uploads\\\/2021\\\/07\\\/meydan-logo.svg\",\"contentUrl\":\"https:\\\/\\\/www.meydan.tv\\\/wp-content\\\/uploads\\\/2021\\\/07\\\/meydan-logo.svg\",\"width\":195,\"height\":46,\"caption\":\"Meydan TV\"},\"image\":{\"@id\":\"https:\\\/\\\/www.meydan.tv\\\/az\\\/#\\\/schema\\\/logo\\\/image\\\/\"}},{\"@type\":\"Person\",\"@id\":\"https:\\\/\\\/www.meydan.tv\\\/az\\\/#\\\/schema\\\/person\\\/476e9360e593fa131d5d71d51866f8da\",\"name\":\"aleks\"}]}<\/script>\n<!-- \/ Yoast SEO plugin. -->","yoast_head_json":{"title":"\u201cAvropa Birliyi il\u0259 Az\u0259rbaycan aras\u0131nda m\u00fcnasib\u0259tl\u0259rd\u0259 yeni bir dinamika var\u201d - MEYDAN.TV","robots":{"index":"index","follow":"follow","max-snippet":"max-snippet:-1","max-image-preview":"max-image-preview:large","max-video-preview":"max-video-preview:-1"},"canonical":"https:\/\/www.meydan.tv\/az\/article\/avropa-birliyi-ile-azerbaycan-arasinda-munasibetlerde-yeni-bir-dinamika-var\/","og_locale":"az_AZ","og_type":"article","og_title":"\u201cAvropa Birliyi il\u0259 Az\u0259rbaycan aras\u0131nda m\u00fcnasib\u0259tl\u0259rd\u0259 yeni bir dinamika var\u201d - MEYDAN.TV","og_description":"Ekspertl\u0259r avrokomissarlar\u0131n Bak\u0131 s\u0259f\u0259rini pozitiv say\u0131r&nbsp; Avrokomissarlar\u0131n fevral\u0131n 4-d\u0259 Bak\u0131ya ... Davam\u0131","og_url":"https:\/\/www.meydan.tv\/az\/article\/avropa-birliyi-ile-azerbaycan-arasinda-munasibetlerde-yeni-bir-dinamika-var\/","og_site_name":"MEYDAN.TV","article_published_time":"2022-02-09T10:19:40+00:00","article_modified_time":"2022-02-09T11:05:05+00:00","og_image":[{"width":1960,"height":1150,"url":"https:\/\/www.meydan.tv\/wp-content\/uploads\/1643967151_3237079768736557809f5843e3e21a25.jpg","type":"image\/jpeg"}],"author":"aleks","twitter_card":"summary_large_image","schema":{"@context":"https:\/\/schema.org","@graph":[{"@type":"Article","@id":"https:\/\/www.meydan.tv\/az\/article\/avropa-birliyi-ile-azerbaycan-arasinda-munasibetlerde-yeni-bir-dinamika-var\/#article","isPartOf":{"@id":"https:\/\/www.meydan.tv\/az\/article\/avropa-birliyi-ile-azerbaycan-arasinda-munasibetlerde-yeni-bir-dinamika-var\/"},"author":{"name":"aleks","@id":"https:\/\/www.meydan.tv\/az\/#\/schema\/person\/476e9360e593fa131d5d71d51866f8da"},"headline":"\u201cAvropa Birliyi il\u0259 Az\u0259rbaycan aras\u0131nda m\u00fcnasib\u0259tl\u0259rd\u0259 yeni bir dinamika var\u201d","datePublished":"2022-02-09T10:19:40+00:00","dateModified":"2022-02-09T11:05:05+00:00","mainEntityOfPage":{"@id":"https:\/\/www.meydan.tv\/az\/article\/avropa-birliyi-ile-azerbaycan-arasinda-munasibetlerde-yeni-bir-dinamika-var\/"},"wordCount":1937,"publisher":{"@id":"https:\/\/www.meydan.tv\/az\/#organization"},"image":{"@id":"https:\/\/www.meydan.tv\/az\/article\/avropa-birliyi-ile-azerbaycan-arasinda-munasibetlerde-yeni-bir-dinamika-var\/#primaryimage"},"thumbnailUrl":"https:\/\/www.meydan.tv\/wp-content\/uploads\/1643967151_3237079768736557809f5843e3e21a25.jpg","articleSection":["Siyas\u0259t","T\u00f6vsiy\u0259","X\u0259b\u0259rl\u0259r"],"inLanguage":"az"},{"@type":"WebPage","@id":"https:\/\/www.meydan.tv\/az\/article\/avropa-birliyi-ile-azerbaycan-arasinda-munasibetlerde-yeni-bir-dinamika-var\/","url":"https:\/\/www.meydan.tv\/az\/article\/avropa-birliyi-ile-azerbaycan-arasinda-munasibetlerde-yeni-bir-dinamika-var\/","name":"\u201cAvropa Birliyi il\u0259 Az\u0259rbaycan aras\u0131nda m\u00fcnasib\u0259tl\u0259rd\u0259 yeni bir dinamika var\u201d - MEYDAN.TV","isPartOf":{"@id":"https:\/\/www.meydan.tv\/az\/#website"},"primaryImageOfPage":{"@id":"https:\/\/www.meydan.tv\/az\/article\/avropa-birliyi-ile-azerbaycan-arasinda-munasibetlerde-yeni-bir-dinamika-var\/#primaryimage"},"image":{"@id":"https:\/\/www.meydan.tv\/az\/article\/avropa-birliyi-ile-azerbaycan-arasinda-munasibetlerde-yeni-bir-dinamika-var\/#primaryimage"},"thumbnailUrl":"https:\/\/www.meydan.tv\/wp-content\/uploads\/1643967151_3237079768736557809f5843e3e21a25.jpg","datePublished":"2022-02-09T10:19:40+00:00","dateModified":"2022-02-09T11:05:05+00:00","breadcrumb":{"@id":"https:\/\/www.meydan.tv\/az\/article\/avropa-birliyi-ile-azerbaycan-arasinda-munasibetlerde-yeni-bir-dinamika-var\/#breadcrumb"},"inLanguage":"az","potentialAction":[{"@type":"ReadAction","target":["https:\/\/www.meydan.tv\/az\/article\/avropa-birliyi-ile-azerbaycan-arasinda-munasibetlerde-yeni-bir-dinamika-var\/"]}]},{"@type":"ImageObject","inLanguage":"az","@id":"https:\/\/www.meydan.tv\/az\/article\/avropa-birliyi-ile-azerbaycan-arasinda-munasibetlerde-yeni-bir-dinamika-var\/#primaryimage","url":"https:\/\/www.meydan.tv\/wp-content\/uploads\/1643967151_3237079768736557809f5843e3e21a25.jpg","contentUrl":"https:\/\/www.meydan.tv\/wp-content\/uploads\/1643967151_3237079768736557809f5843e3e21a25.jpg","width":1960,"height":1150,"caption":"Avropa komissar\u0131 Bak\u0131da, foto: president.az"},{"@type":"BreadcrumbList","@id":"https:\/\/www.meydan.tv\/az\/article\/avropa-birliyi-ile-azerbaycan-arasinda-munasibetlerde-yeni-bir-dinamika-var\/#breadcrumb","itemListElement":[{"@type":"ListItem","position":1,"name":"Ana s\u0259hif\u0259","item":"https:\/\/www.meydan.tv\/az\/"},{"@type":"ListItem","position":2,"name":"Siyas\u0259t","item":"https:\/\/www.meydan.tv\/az\/section\/siyaset\/"},{"@type":"ListItem","position":3,"name":"\u201cAvropa Birliyi il\u0259 Az\u0259rbaycan aras\u0131nda m\u00fcnasib\u0259tl\u0259rd\u0259 yeni bir dinamika var\u201d"}]},{"@type":"WebSite","@id":"https:\/\/www.meydan.tv\/az\/#website","url":"https:\/\/www.meydan.tv\/az\/","name":"MEYDAN.TV","description":"Meydan TV Az\u0259rbaycan\u0131n media m\u0259kan\u0131ndak\u0131 alternativ s\u0259sidir","publisher":{"@id":"https:\/\/www.meydan.tv\/az\/#organization"},"potentialAction":[{"@type":"SearchAction","target":{"@type":"EntryPoint","urlTemplate":"https:\/\/www.meydan.tv\/az\/?s={search_term_string}"},"query-input":{"@type":"PropertyValueSpecification","valueRequired":true,"valueName":"search_term_string"}}],"inLanguage":"az"},{"@type":"Organization","@id":"https:\/\/www.meydan.tv\/az\/#organization","name":"Meydan TV","url":"https:\/\/www.meydan.tv\/az\/","logo":{"@type":"ImageObject","inLanguage":"az","@id":"https:\/\/www.meydan.tv\/az\/#\/schema\/logo\/image\/","url":"https:\/\/www.meydan.tv\/wp-content\/uploads\/2021\/07\/meydan-logo.svg","contentUrl":"https:\/\/www.meydan.tv\/wp-content\/uploads\/2021\/07\/meydan-logo.svg","width":195,"height":46,"caption":"Meydan TV"},"image":{"@id":"https:\/\/www.meydan.tv\/az\/#\/schema\/logo\/image\/"}},{"@type":"Person","@id":"https:\/\/www.meydan.tv\/az\/#\/schema\/person\/476e9360e593fa131d5d71d51866f8da","name":"aleks"}]}},"_links":{"self":[{"href":"https:\/\/www.meydan.tv\/az\/wp-json\/wp\/v2\/posts\/234143","targetHints":{"allow":["GET"]}}],"collection":[{"href":"https:\/\/www.meydan.tv\/az\/wp-json\/wp\/v2\/posts"}],"about":[{"href":"https:\/\/www.meydan.tv\/az\/wp-json\/wp\/v2\/types\/post"}],"author":[{"embeddable":true,"href":"https:\/\/www.meydan.tv\/az\/wp-json\/wp\/v2\/users\/12"}],"replies":[{"embeddable":true,"href":"https:\/\/www.meydan.tv\/az\/wp-json\/wp\/v2\/comments?post=234143"}],"version-history":[{"count":4,"href":"https:\/\/www.meydan.tv\/az\/wp-json\/wp\/v2\/posts\/234143\/revisions"}],"predecessor-version":[{"id":234151,"href":"https:\/\/www.meydan.tv\/az\/wp-json\/wp\/v2\/posts\/234143\/revisions\/234151"}],"wp:featuredmedia":[{"embeddable":true,"href":"https:\/\/www.meydan.tv\/az\/wp-json\/wp\/v2\/media\/234145"}],"wp:attachment":[{"href":"https:\/\/www.meydan.tv\/az\/wp-json\/wp\/v2\/media?parent=234143"}],"wp:term":[{"taxonomy":"category","embeddable":true,"href":"https:\/\/www.meydan.tv\/az\/wp-json\/wp\/v2\/categories?post=234143"},{"taxonomy":"post_tag","embeddable":true,"href":"https:\/\/www.meydan.tv\/az\/wp-json\/wp\/v2\/tags?post=234143"}],"curies":[{"name":"wp","href":"https:\/\/api.w.org\/{rel}","templated":true}]}}