{"id":234099,"date":"2022-02-08T18:40:41","date_gmt":"2022-02-08T14:40:41","guid":{"rendered":"https:\/\/www.meydan.tv\/?p=234099"},"modified":"2022-02-08T18:42:25","modified_gmt":"2022-02-08T14:42:25","slug":"putin-ukraynani-donbasda-100-minlerle-adam-toplamaqda-ittiham-edib","status":"publish","type":"post","link":"https:\/\/www.meydan.tv\/az\/article\/putin-ukraynani-donbasda-100-minlerle-adam-toplamaqda-ittiham-edib\/","title":{"rendered":"Putin Ukraynan\u0131 Donbasda 100 minl\u0259rl\u0259 adam toplamaqda ittiham edib"},"content":{"rendered":"\n<figure class=\"wp-block-embed is-type-video is-provider-youtube wp-block-embed-youtube wp-embed-aspect-16-9 wp-has-aspect-ratio\"><div class=\"wp-block-embed__wrapper\">\n<iframe title=\"Putin Ukraynan\u0131 Donbasda 100 minl\u0259rl\u0259 adam toplamaqda ittiham edib\" width=\"1200\" height=\"675\" data-src=\"https:\/\/www.youtube.com\/embed\/eUavcpKFa9Y?feature=oembed\" frameborder=\"0\" allow=\"accelerometer; autoplay; clipboard-write; encrypted-media; gyroscope; picture-in-picture\" allowfullscreen src=\"data:image\/svg+xml;base64,PHN2ZyB3aWR0aD0iMSIgaGVpZ2h0PSIxIiB4bWxucz0iaHR0cDovL3d3dy53My5vcmcvMjAwMC9zdmciPjwvc3ZnPg==\" class=\"lazyload\" data-load-mode=\"1\"><\/iframe>\n<\/div><\/figure>\n\n\n\n<!--more-->\n\n\n\n<p>Putin hesab edir ki, NATO Rusiyan\u0131 \u201cr\u0259qib\u201d adland\u0131r\u0131b. &#8220;NATO-nun 2019-cu il h\u0259rbi strategiyas\u0131 a\u00e7\u0131q \u015f\u0259kild\u0259 Rusiyan\u0131 \u0259sas t\u0259hl\u00fck\u0259sizlik t\u0259hdidi v\u0259 r\u0259qib kimi m\u00fc\u0259yy\u0259nl\u0259\u015fdirib. NATO bizi d\u00fc\u015fm\u0259n kimi t\u0259yin edib&#8221;, &#8211; Putin deyib. Putin h\u0259m\u00e7inin Ukraynan\u0131 Minsk raz\u0131la\u015fmalar\u0131n\u0131 yerin\u0259 yetirm\u0259y\u0259 \u00e7a\u011f\u0131r\u0131b. Rusiya prezidenti b\u0259yan edib ki, Donbasdak\u0131 b\u00f6hran yaln\u0131z Minsk raz\u0131la\u015fmalar\u0131n\u0131n yerin\u0259 yetirilm\u0259si il\u0259 h\u0259ll oluna bil\u0259r. Putin h\u0259m\u00e7inin Ukraynada d\u00f6vl\u0259t \u00e7evrili\u015fin\u0259 d\u0259st\u0259k ver\u0259n Q\u0259rb \u00f6lk\u0259l\u0259rinin h\u0259r\u0259k\u0259tl\u0259rini Moskvan\u0131n oynamaq ist\u0259m\u0259diyi \u201cpis qum qutusu\u201d adland\u0131r\u0131b. Bundan \u0259lav\u0259, Rusiya prezidenti Makronun Rusiya qo\u015funlar\u0131n\u0131n Ukrayna il\u0259 s\u0259rh\u0259dd\u0259 toplanmas\u0131 iddias\u0131 v\u0259 prezident Zelenskinin bununla ba\u011fl\u0131 narahatl\u0131\u011f\u0131na dair b\u0259yanat\u0131na cavab verib. O Ukraynan\u0131 Donbasda 100 minl\u0259rl\u0259 adam toplamaqda ittiham edib.<\/p>\n","protected":false},"excerpt":{"rendered":"","protected":false},"author":12,"featured_media":234101,"comment_status":"closed","ping_status":"closed","sticky":false,"template":"","format":"standard","meta":{"_acf_changed":false,"_sitemap_exclude":false,"_sitemap_priority":"","_sitemap_frequency":"","footnotes":""},"categories":[63],"tags":[],"class_list":["post-234099","post","type-post","status-publish","format-standard","has-post-thumbnail","hentry","category-video-2","infinite-scroll-item","generate-columns","tablet-grid-50","mobile-grid-100","grid-parent","grid-33","no-featured-image-padding"],"acf":[],"yoast_head":"<!-- This site is optimized with the Yoast SEO plugin v27.5 - https:\/\/yoast.com\/product\/yoast-seo-wordpress\/ -->\n<title>Putin Ukraynan\u0131 Donbasda 100 minl\u0259rl\u0259 adam toplamaqda ittiham edib - MEYDAN.TV<\/title>\n<meta name=\"robots\" content=\"index, follow, max-snippet:-1, max-image-preview:large, max-video-preview:-1\" \/>\n<link rel=\"canonical\" href=\"https:\/\/www.meydan.tv\/az\/article\/putin-ukraynani-donbasda-100-minlerle-adam-toplamaqda-ittiham-edib\/\" \/>\n<meta property=\"og:locale\" content=\"az_AZ\" \/>\n<meta property=\"og:type\" content=\"article\" \/>\n<meta property=\"og:title\" content=\"Putin Ukraynan\u0131 Donbasda 100 minl\u0259rl\u0259 adam toplamaqda ittiham edib - MEYDAN.TV\" \/>\n<meta property=\"og:url\" content=\"https:\/\/www.meydan.tv\/az\/article\/putin-ukraynani-donbasda-100-minlerle-adam-toplamaqda-ittiham-edib\/\" \/>\n<meta property=\"og:site_name\" content=\"MEYDAN.TV\" \/>\n<meta property=\"article:published_time\" content=\"2022-02-08T14:40:41+00:00\" \/>\n<meta property=\"article:modified_time\" content=\"2022-02-08T14:42:25+00:00\" \/>\n<meta property=\"og:image\" content=\"https:\/\/www.meydan.tv\/wp-content\/uploads\/asadsad.png\" \/>\n\t<meta property=\"og:image:width\" content=\"1280\" \/>\n\t<meta property=\"og:image:height\" content=\"720\" \/>\n\t<meta property=\"og:image:type\" content=\"image\/png\" \/>\n<meta name=\"author\" content=\"aleks\" \/>\n<meta name=\"twitter:card\" content=\"summary_large_image\" \/>\n<script type=\"application\/ld+json\" class=\"yoast-schema-graph\">{\"@context\":\"https:\\\/\\\/schema.org\",\"@graph\":[{\"@type\":\"Article\",\"@id\":\"https:\\\/\\\/www.meydan.tv\\\/az\\\/article\\\/putin-ukraynani-donbasda-100-minlerle-adam-toplamaqda-ittiham-edib\\\/#article\",\"isPartOf\":{\"@id\":\"https:\\\/\\\/www.meydan.tv\\\/az\\\/article\\\/putin-ukraynani-donbasda-100-minlerle-adam-toplamaqda-ittiham-edib\\\/\"},\"author\":{\"name\":\"aleks\",\"@id\":\"https:\\\/\\\/www.meydan.tv\\\/az\\\/#\\\/schema\\\/person\\\/476e9360e593fa131d5d71d51866f8da\"},\"headline\":\"Putin Ukraynan\u0131 Donbasda 100 minl\u0259rl\u0259 adam toplamaqda ittiham edib\",\"datePublished\":\"2022-02-08T14:40:41+00:00\",\"dateModified\":\"2022-02-08T14:42:25+00:00\",\"mainEntityOfPage\":{\"@id\":\"https:\\\/\\\/www.meydan.tv\\\/az\\\/article\\\/putin-ukraynani-donbasda-100-minlerle-adam-toplamaqda-ittiham-edib\\\/\"},\"wordCount\":181,\"publisher\":{\"@id\":\"https:\\\/\\\/www.meydan.tv\\\/az\\\/#organization\"},\"image\":{\"@id\":\"https:\\\/\\\/www.meydan.tv\\\/az\\\/article\\\/putin-ukraynani-donbasda-100-minlerle-adam-toplamaqda-ittiham-edib\\\/#primaryimage\"},\"thumbnailUrl\":\"https:\\\/\\\/www.meydan.tv\\\/wp-content\\\/uploads\\\/asadsad.png\",\"articleSection\":[\"Video\"],\"inLanguage\":\"az\"},{\"@type\":\"WebPage\",\"@id\":\"https:\\\/\\\/www.meydan.tv\\\/az\\\/article\\\/putin-ukraynani-donbasda-100-minlerle-adam-toplamaqda-ittiham-edib\\\/\",\"url\":\"https:\\\/\\\/www.meydan.tv\\\/az\\\/article\\\/putin-ukraynani-donbasda-100-minlerle-adam-toplamaqda-ittiham-edib\\\/\",\"name\":\"Putin Ukraynan\u0131 Donbasda 100 minl\u0259rl\u0259 adam toplamaqda ittiham edib - MEYDAN.TV\",\"isPartOf\":{\"@id\":\"https:\\\/\\\/www.meydan.tv\\\/az\\\/#website\"},\"primaryImageOfPage\":{\"@id\":\"https:\\\/\\\/www.meydan.tv\\\/az\\\/article\\\/putin-ukraynani-donbasda-100-minlerle-adam-toplamaqda-ittiham-edib\\\/#primaryimage\"},\"image\":{\"@id\":\"https:\\\/\\\/www.meydan.tv\\\/az\\\/article\\\/putin-ukraynani-donbasda-100-minlerle-adam-toplamaqda-ittiham-edib\\\/#primaryimage\"},\"thumbnailUrl\":\"https:\\\/\\\/www.meydan.tv\\\/wp-content\\\/uploads\\\/asadsad.png\",\"datePublished\":\"2022-02-08T14:40:41+00:00\",\"dateModified\":\"2022-02-08T14:42:25+00:00\",\"breadcrumb\":{\"@id\":\"https:\\\/\\\/www.meydan.tv\\\/az\\\/article\\\/putin-ukraynani-donbasda-100-minlerle-adam-toplamaqda-ittiham-edib\\\/#breadcrumb\"},\"inLanguage\":\"az\",\"potentialAction\":[{\"@type\":\"ReadAction\",\"target\":[\"https:\\\/\\\/www.meydan.tv\\\/az\\\/article\\\/putin-ukraynani-donbasda-100-minlerle-adam-toplamaqda-ittiham-edib\\\/\"]}]},{\"@type\":\"ImageObject\",\"inLanguage\":\"az\",\"@id\":\"https:\\\/\\\/www.meydan.tv\\\/az\\\/article\\\/putin-ukraynani-donbasda-100-minlerle-adam-toplamaqda-ittiham-edib\\\/#primaryimage\",\"url\":\"https:\\\/\\\/www.meydan.tv\\\/wp-content\\\/uploads\\\/asadsad.png\",\"contentUrl\":\"https:\\\/\\\/www.meydan.tv\\\/wp-content\\\/uploads\\\/asadsad.png\",\"width\":1280,\"height\":720},{\"@type\":\"BreadcrumbList\",\"@id\":\"https:\\\/\\\/www.meydan.tv\\\/az\\\/article\\\/putin-ukraynani-donbasda-100-minlerle-adam-toplamaqda-ittiham-edib\\\/#breadcrumb\",\"itemListElement\":[{\"@type\":\"ListItem\",\"position\":1,\"name\":\"Ana s\u0259hif\u0259\",\"item\":\"https:\\\/\\\/www.meydan.tv\\\/az\\\/\"},{\"@type\":\"ListItem\",\"position\":2,\"name\":\"Video\",\"item\":\"https:\\\/\\\/www.meydan.tv\\\/az\\\/section\\\/video-2\\\/\"},{\"@type\":\"ListItem\",\"position\":3,\"name\":\"Putin Ukraynan\u0131 Donbasda 100 minl\u0259rl\u0259 adam toplamaqda ittiham edib\"}]},{\"@type\":\"WebSite\",\"@id\":\"https:\\\/\\\/www.meydan.tv\\\/az\\\/#website\",\"url\":\"https:\\\/\\\/www.meydan.tv\\\/az\\\/\",\"name\":\"MEYDAN.TV\",\"description\":\"Meydan TV Az\u0259rbaycan\u0131n media m\u0259kan\u0131ndak\u0131 alternativ s\u0259sidir\",\"publisher\":{\"@id\":\"https:\\\/\\\/www.meydan.tv\\\/az\\\/#organization\"},\"potentialAction\":[{\"@type\":\"SearchAction\",\"target\":{\"@type\":\"EntryPoint\",\"urlTemplate\":\"https:\\\/\\\/www.meydan.tv\\\/az\\\/?s={search_term_string}\"},\"query-input\":{\"@type\":\"PropertyValueSpecification\",\"valueRequired\":true,\"valueName\":\"search_term_string\"}}],\"inLanguage\":\"az\"},{\"@type\":\"Organization\",\"@id\":\"https:\\\/\\\/www.meydan.tv\\\/az\\\/#organization\",\"name\":\"Meydan TV\",\"url\":\"https:\\\/\\\/www.meydan.tv\\\/az\\\/\",\"logo\":{\"@type\":\"ImageObject\",\"inLanguage\":\"az\",\"@id\":\"https:\\\/\\\/www.meydan.tv\\\/az\\\/#\\\/schema\\\/logo\\\/image\\\/\",\"url\":\"https:\\\/\\\/www.meydan.tv\\\/wp-content\\\/uploads\\\/2021\\\/07\\\/meydan-logo.svg\",\"contentUrl\":\"https:\\\/\\\/www.meydan.tv\\\/wp-content\\\/uploads\\\/2021\\\/07\\\/meydan-logo.svg\",\"width\":195,\"height\":46,\"caption\":\"Meydan TV\"},\"image\":{\"@id\":\"https:\\\/\\\/www.meydan.tv\\\/az\\\/#\\\/schema\\\/logo\\\/image\\\/\"}},{\"@type\":\"Person\",\"@id\":\"https:\\\/\\\/www.meydan.tv\\\/az\\\/#\\\/schema\\\/person\\\/476e9360e593fa131d5d71d51866f8da\",\"name\":\"aleks\"}]}<\/script>\n<!-- \/ Yoast SEO plugin. -->","yoast_head_json":{"title":"Putin Ukraynan\u0131 Donbasda 100 minl\u0259rl\u0259 adam toplamaqda ittiham edib - MEYDAN.TV","robots":{"index":"index","follow":"follow","max-snippet":"max-snippet:-1","max-image-preview":"max-image-preview:large","max-video-preview":"max-video-preview:-1"},"canonical":"https:\/\/www.meydan.tv\/az\/article\/putin-ukraynani-donbasda-100-minlerle-adam-toplamaqda-ittiham-edib\/","og_locale":"az_AZ","og_type":"article","og_title":"Putin Ukraynan\u0131 Donbasda 100 minl\u0259rl\u0259 adam toplamaqda ittiham edib - MEYDAN.TV","og_url":"https:\/\/www.meydan.tv\/az\/article\/putin-ukraynani-donbasda-100-minlerle-adam-toplamaqda-ittiham-edib\/","og_site_name":"MEYDAN.TV","article_published_time":"2022-02-08T14:40:41+00:00","article_modified_time":"2022-02-08T14:42:25+00:00","og_image":[{"width":1280,"height":720,"url":"https:\/\/www.meydan.tv\/wp-content\/uploads\/asadsad.png","type":"image\/png"}],"author":"aleks","twitter_card":"summary_large_image","schema":{"@context":"https:\/\/schema.org","@graph":[{"@type":"Article","@id":"https:\/\/www.meydan.tv\/az\/article\/putin-ukraynani-donbasda-100-minlerle-adam-toplamaqda-ittiham-edib\/#article","isPartOf":{"@id":"https:\/\/www.meydan.tv\/az\/article\/putin-ukraynani-donbasda-100-minlerle-adam-toplamaqda-ittiham-edib\/"},"author":{"name":"aleks","@id":"https:\/\/www.meydan.tv\/az\/#\/schema\/person\/476e9360e593fa131d5d71d51866f8da"},"headline":"Putin Ukraynan\u0131 Donbasda 100 minl\u0259rl\u0259 adam toplamaqda ittiham edib","datePublished":"2022-02-08T14:40:41+00:00","dateModified":"2022-02-08T14:42:25+00:00","mainEntityOfPage":{"@id":"https:\/\/www.meydan.tv\/az\/article\/putin-ukraynani-donbasda-100-minlerle-adam-toplamaqda-ittiham-edib\/"},"wordCount":181,"publisher":{"@id":"https:\/\/www.meydan.tv\/az\/#organization"},"image":{"@id":"https:\/\/www.meydan.tv\/az\/article\/putin-ukraynani-donbasda-100-minlerle-adam-toplamaqda-ittiham-edib\/#primaryimage"},"thumbnailUrl":"https:\/\/www.meydan.tv\/wp-content\/uploads\/asadsad.png","articleSection":["Video"],"inLanguage":"az"},{"@type":"WebPage","@id":"https:\/\/www.meydan.tv\/az\/article\/putin-ukraynani-donbasda-100-minlerle-adam-toplamaqda-ittiham-edib\/","url":"https:\/\/www.meydan.tv\/az\/article\/putin-ukraynani-donbasda-100-minlerle-adam-toplamaqda-ittiham-edib\/","name":"Putin Ukraynan\u0131 Donbasda 100 minl\u0259rl\u0259 adam toplamaqda ittiham edib - MEYDAN.TV","isPartOf":{"@id":"https:\/\/www.meydan.tv\/az\/#website"},"primaryImageOfPage":{"@id":"https:\/\/www.meydan.tv\/az\/article\/putin-ukraynani-donbasda-100-minlerle-adam-toplamaqda-ittiham-edib\/#primaryimage"},"image":{"@id":"https:\/\/www.meydan.tv\/az\/article\/putin-ukraynani-donbasda-100-minlerle-adam-toplamaqda-ittiham-edib\/#primaryimage"},"thumbnailUrl":"https:\/\/www.meydan.tv\/wp-content\/uploads\/asadsad.png","datePublished":"2022-02-08T14:40:41+00:00","dateModified":"2022-02-08T14:42:25+00:00","breadcrumb":{"@id":"https:\/\/www.meydan.tv\/az\/article\/putin-ukraynani-donbasda-100-minlerle-adam-toplamaqda-ittiham-edib\/#breadcrumb"},"inLanguage":"az","potentialAction":[{"@type":"ReadAction","target":["https:\/\/www.meydan.tv\/az\/article\/putin-ukraynani-donbasda-100-minlerle-adam-toplamaqda-ittiham-edib\/"]}]},{"@type":"ImageObject","inLanguage":"az","@id":"https:\/\/www.meydan.tv\/az\/article\/putin-ukraynani-donbasda-100-minlerle-adam-toplamaqda-ittiham-edib\/#primaryimage","url":"https:\/\/www.meydan.tv\/wp-content\/uploads\/asadsad.png","contentUrl":"https:\/\/www.meydan.tv\/wp-content\/uploads\/asadsad.png","width":1280,"height":720},{"@type":"BreadcrumbList","@id":"https:\/\/www.meydan.tv\/az\/article\/putin-ukraynani-donbasda-100-minlerle-adam-toplamaqda-ittiham-edib\/#breadcrumb","itemListElement":[{"@type":"ListItem","position":1,"name":"Ana s\u0259hif\u0259","item":"https:\/\/www.meydan.tv\/az\/"},{"@type":"ListItem","position":2,"name":"Video","item":"https:\/\/www.meydan.tv\/az\/section\/video-2\/"},{"@type":"ListItem","position":3,"name":"Putin Ukraynan\u0131 Donbasda 100 minl\u0259rl\u0259 adam toplamaqda ittiham edib"}]},{"@type":"WebSite","@id":"https:\/\/www.meydan.tv\/az\/#website","url":"https:\/\/www.meydan.tv\/az\/","name":"MEYDAN.TV","description":"Meydan TV Az\u0259rbaycan\u0131n media m\u0259kan\u0131ndak\u0131 alternativ s\u0259sidir","publisher":{"@id":"https:\/\/www.meydan.tv\/az\/#organization"},"potentialAction":[{"@type":"SearchAction","target":{"@type":"EntryPoint","urlTemplate":"https:\/\/www.meydan.tv\/az\/?s={search_term_string}"},"query-input":{"@type":"PropertyValueSpecification","valueRequired":true,"valueName":"search_term_string"}}],"inLanguage":"az"},{"@type":"Organization","@id":"https:\/\/www.meydan.tv\/az\/#organization","name":"Meydan TV","url":"https:\/\/www.meydan.tv\/az\/","logo":{"@type":"ImageObject","inLanguage":"az","@id":"https:\/\/www.meydan.tv\/az\/#\/schema\/logo\/image\/","url":"https:\/\/www.meydan.tv\/wp-content\/uploads\/2021\/07\/meydan-logo.svg","contentUrl":"https:\/\/www.meydan.tv\/wp-content\/uploads\/2021\/07\/meydan-logo.svg","width":195,"height":46,"caption":"Meydan TV"},"image":{"@id":"https:\/\/www.meydan.tv\/az\/#\/schema\/logo\/image\/"}},{"@type":"Person","@id":"https:\/\/www.meydan.tv\/az\/#\/schema\/person\/476e9360e593fa131d5d71d51866f8da","name":"aleks"}]}},"_links":{"self":[{"href":"https:\/\/www.meydan.tv\/az\/wp-json\/wp\/v2\/posts\/234099","targetHints":{"allow":["GET"]}}],"collection":[{"href":"https:\/\/www.meydan.tv\/az\/wp-json\/wp\/v2\/posts"}],"about":[{"href":"https:\/\/www.meydan.tv\/az\/wp-json\/wp\/v2\/types\/post"}],"author":[{"embeddable":true,"href":"https:\/\/www.meydan.tv\/az\/wp-json\/wp\/v2\/users\/12"}],"replies":[{"embeddable":true,"href":"https:\/\/www.meydan.tv\/az\/wp-json\/wp\/v2\/comments?post=234099"}],"version-history":[{"count":2,"href":"https:\/\/www.meydan.tv\/az\/wp-json\/wp\/v2\/posts\/234099\/revisions"}],"predecessor-version":[{"id":234106,"href":"https:\/\/www.meydan.tv\/az\/wp-json\/wp\/v2\/posts\/234099\/revisions\/234106"}],"wp:featuredmedia":[{"embeddable":true,"href":"https:\/\/www.meydan.tv\/az\/wp-json\/wp\/v2\/media\/234101"}],"wp:attachment":[{"href":"https:\/\/www.meydan.tv\/az\/wp-json\/wp\/v2\/media?parent=234099"}],"wp:term":[{"taxonomy":"category","embeddable":true,"href":"https:\/\/www.meydan.tv\/az\/wp-json\/wp\/v2\/categories?post=234099"},{"taxonomy":"post_tag","embeddable":true,"href":"https:\/\/www.meydan.tv\/az\/wp-json\/wp\/v2\/tags?post=234099"}],"curies":[{"name":"wp","href":"https:\/\/api.w.org\/{rel}","templated":true}]}}