{"id":233972,"date":"2022-02-07T14:35:01","date_gmt":"2022-02-07T10:35:01","guid":{"rendered":"https:\/\/www.meydan.tv\/?p=233972"},"modified":"2022-02-07T14:35:05","modified_gmt":"2022-02-07T10:35:05","slug":"tofiq-yaqublu-prokurorlugun-qerarindan-mehkemeye-sikayet-verib","status":"publish","type":"post","link":"https:\/\/www.meydan.tv\/az\/article\/tofiq-yaqublu-prokurorlugun-qerarindan-mehkemeye-sikayet-verib\/","title":{"rendered":"Tofiq Yaqublu prokurorlu\u011fun q\u0259rar\u0131ndan m\u0259hk\u0259m\u0259y\u0259 \u015fikay\u0259t verib"},"content":{"rendered":"\n<p><em>V\u0259kil: \u201cHesab edirik ki, Tofiq Yaqublunun \u00f6z\u00fcn\u00fcn \u00f6z\u00fcn\u0259 x\u0259sar\u0259t yetirm\u0259si n\u0259tic\u0259sin\u0259 g\u0259lm\u0259k absurddur\u201d<\/em><br><\/p>\n\n\n\n<p>Milli \u015euran\u0131n Koordinasiya M\u0259rk\u0259zinin v\u0259 M\u00fcsavat Partiyas\u0131n\u0131n \u00fczv\u00fc Tofiq Yaqublu onun i\u015fg\u0259nc\u0259 \u015fikay\u0259ti \u00fczr\u0259 cinay\u0259t i\u015fi ba\u015flamaqdan imtina ed\u0259n S\u0259bail Rayon Prokurorlu\u011funun q\u0259rar\u0131ndan m\u0259hk\u0259m\u0259y\u0259 \u015fikay\u0259t verib.<br><\/p>\n\n\n\n<p>Tofiq Yaqublu prokurorlu\u011fun b\u00f6y\u00fck m\u00fcst\u0259ntiqi Araz \u018fkb\u0259rovun q\u0259bul etdiyi \u201ccinay\u0259t i\u015fi ba\u015flanmas\u0131n\u0131n r\u0259dd olunmas\u0131 haqq\u0131nda\u201d q\u0259rar\u0131n l\u0259\u011fvi \u00fc\u00e7\u00fcn S\u0259bail Rayon M\u0259hk\u0259m\u0259sin\u0259 \u00fcz tutub. Onun \u015fikay\u0259tin\u0259 hakim Az\u0259r Ta\u011f\u0131yevin s\u0259drliyil\u0259 bax\u0131lacaq.<br><\/p>\n\n\n\n<p>V\u0259kil Nem\u0259t K\u0259rimli Meydan TV-y\u0259 bildirib ki, \u015fikay\u0259t\u0259 fevral\u0131n 10-da bax\u0131lacaq.<br><\/p>\n\n\n\n<p>\u201cHesab edirik ki, S\u0259bail Rayon Prokurorlu\u011funun q\u0259rar\u0131 qanunsuz v\u0259 \u0259sass\u0131zd\u0131r, l\u0259\u011fv olunmal\u0131d\u0131r. \u00c7\u00fcnki \u0259n \u0259sas s\u00fcbut olan kamera g\u00f6r\u00fcnt\u00fcl\u0259ri \u0259ld\u0259 olunub ara\u015fd\u0131r\u0131lmad\u0131. Hesab edirik ki, Tofiq Yaqublunun \u00f6z\u00fcn\u00fcn \u00f6z\u00fcn\u0259 x\u0259sar\u0259t yetirm\u0259si n\u0259tic\u0259sin\u0259 g\u0259lm\u0259k absurddur\u201d.<br><\/p>\n\n\n\n<p>V\u0259kil \u0259lav\u0259 edib ki, kamera g\u00f6r\u00fcnt\u00fcl\u0259rinin s\u0131radan \u00e7\u0131xar\u0131lmas\u0131 bu i\u015fin obyektiv ara\u015fd\u0131r\u0131laca\u011f\u0131na \u00fcmidl\u0259ri azald\u0131r.<br><\/p>\n\n\n\n<p>Tofiq Yaqublu da bildirib ki, yerli m\u0259hk\u0259m\u0259l\u0259r bu i\u015f\u0259 obyektiv bax\u0131b, \u0259dal\u0259tli q\u0259rar \u00e7\u0131xarmasa, \u00f6lk\u0259daxili instansiyalar\u0131 ke\u00e7\u0259nd\u0259n sonra Avropa \u0130nsan Haqlar\u0131 M\u0259hk\u0259m\u0259sin\u0259 m\u00fcraci\u0259t olunacaq.<br><\/p>\n\n\n\n<p>Prokurorluq Tofiq Yaqublunun sosial mediada yay\u0131lan g\u00f6r\u00fcnt\u00fcl\u0259rind\u0259 i\u015fg\u0259nc\u0259 \u0259lam\u0259tl\u0259rinin olmad\u0131\u011f\u0131 n\u0259tic\u0259sin\u0259 g\u0259lib. Prokurorluq Cinay\u0259t-Prosessual M\u0259c\u0259ll\u0259sinin 39.1.1 (cinay\u0259t t\u0259qibini istisna ed\u0259n hallar &#8211; cinay\u0259t hadis\u0259si olmad\u0131qda) madd\u0259sin\u0259 istinad ed\u0259r\u0259k, siyasi f\u0259al\u0131n \u015fikay\u0259ti \u00fczr\u0259 cinay\u0259t i\u015fi ba\u015flanmas\u0131n\u0131n r\u0259dd edilm\u0259si haqda q\u0259rar q\u0259bul <a href=\"https:\/\/www.meydan.tv\/az\/article\/polislerin-ifadesinden-tofiq-yaqublu-ozunu-doyurdu\/\" target=\"_blank\" rel=\"noreferrer noopener\">edib<\/a>.<br><\/p>\n\n\n\n<p>Tofiq Yaqublu hesab edir ki, bu q\u0259rar ona qar\u015f\u0131 i\u015fg\u0259nc\u0259nin birba\u015fa \u00f6lk\u0259nin birinci \u015f\u0259xsinin raz\u0131l\u0131\u011f\u0131 v\u0259 tap\u015f\u0131r\u0131\u011f\u0131yla h\u0259yata ke\u00e7irildiyini s\u00fcbut edir:<br><\/p>\n\n\n\n<p>\u201cBu q\u0259d\u0259r a\u00e7\u0131q \u015f\u0259kild\u0259 t\u00f6r\u0259dilmi\u015f cinay\u0259tin \u00f6rt-basd\u0131r edilm\u0259sinin birc\u0259 anlam\u0131 var: g\u00f6st\u0259ri\u015f alm\u0131\u015f adamlar Tofiq Yaqublunu rahatca \u00f6ld\u00fcr\u0259 d\u0259 bil\u0259rl\u0259r, c\u0259zas\u0131z qalacaqlar\u0131na \u0259min olsunlar\u201d.<br><\/p>\n\n\n\n<p>Daxili \u0130\u015fl\u0259r Nazirliyi Tofiq Yaqublunun polisl\u0259r t\u0259r\u0259find\u0259n i\u015fg\u0259nc\u0259y\u0259 m\u0259ruz qalmas\u0131 haqda iddialar\u0131 t\u0259kzib edib. Nazirliyin m\u0259tbuat xidm\u0259tinin \u015f\u00f6b\u0259 r\u0259isi El\u015fad Hac\u0131yev hadis\u0259d\u0259n sonra verdiyi a\u00e7\u0131qlamada bildirib ki, siyasi f\u0259al\u0131n polis b\u00f6lm\u0259sind\u0259 d\u00f6y\u00fclm\u0259si, x\u00fcsusi t\u0259zyiq\u0259 m\u0259ruz qalmas\u0131 il\u0259 ba\u011fl\u0131 iddialar \u0259sass\u0131zd\u0131r: \u201cAmma b\u00fct\u00fcn bunlara baxmayaraq, qeyd olunan iddialar m\u00fcvafiq qaydada ara\u015fd\u0131r\u0131lacaq\u201d.<br><\/p>\n\n\n\n<p>Hadis\u0259d\u0259n t\u0259xmin\u0259n iki h\u0259ft\u0259 sonra \u201cM\u00fcdafi\u0259 X\u0259tti\u201d h\u00fcquq-m\u00fcdafi\u0259 t\u0259\u015fkilat\u0131n\u0131n r\u0259hb\u0259rliyinin Daxili \u0130\u015fl\u0259r naziri Vilay\u0259t Eyvazovla g\u00f6r\u00fc\u015f\u00fcnd\u0259 d\u0259 bu m\u0259s\u0259l\u0259 m\u00fczakir\u0259 olunub. T\u0259\u015fkilat\u0131n icra\u00e7\u0131 direktoru R\u00fcf\u0259t S\u0259f\u0259rov Meydan TV-y\u0259 bildirib ki, nazir Tofiq Yaqublunun polisl\u0259r t\u0259r\u0259find\u0259n o duruma sal\u0131nmas\u0131n\u0131 istisna edib:<br><\/p>\n\n\n\n<p>\u201cVilay\u0259t Eyvazov bildirdi ki, aksiyada saxlanma v\u0259 ma\u015f\u0131na mindirilm\u0259 zaman\u0131 m\u00fc\u0259yy\u0259n s\u0131yr\u0131qlar, y\u00fcng\u00fcl x\u0259sar\u0259tl\u0259r ola bil\u0259r. Amma Tofiq Yaqublunun \u00fcz\u00fcnd\u0259ki x\u0259sar\u0259tl\u0259rin polis\u0259 aidiyy\u0259ti olmad\u0131\u011f\u0131n\u0131 dedi. Nazir bildirdi ki, m\u0259s\u0259l\u0259ni prokurorluq ara\u015fd\u0131r\u0131b qiym\u0259t ver\u0259c\u0259k. M\u0259n bel\u0259 ba\u015fa d\u00fc\u015fd\u00fcm ki, Tofiq b\u0259y polis\u0259 aidiyy\u0259ti olmayan, qanunsuz d\u0259st\u0259 t\u0259r\u0259find\u0259n Bak\u0131dan 70-80 km k\u0259nara apar\u0131l\u0131b, d\u00f6y\u00fcl\u00fcb. Bildirdik ki, n\u0259y\u0259 g\u00f6r\u0259 bu hadis\u0259 il\u0259 ba\u011fl\u0131 cinay\u0259t i\u015fi ba\u015flanm\u0131r. Nazirin fikri bu oldu ki, prokurorluq orqanlar\u0131 m\u0259s\u0259l\u0259ni ara\u015fd\u0131rs\u0131n, ondan sonra \u0259g\u0259r hans\u0131sa polis m\u0259suliyy\u0259t da\u015f\u0131mal\u0131d\u0131rsa, da\u015f\u0131yacaq\u201d.<\/p>\n","protected":false},"excerpt":{"rendered":"<p>V\u0259kil: \u201cHesab edirik ki, Tofiq Yaqublunun \u00f6z\u00fcn\u00fcn \u00f6z\u00fcn\u0259 x\u0259sar\u0259t yetirm\u0259si &#8230; <\/p>\n<p class=\"read-more-container\"><a title=\"Tofiq Yaqublu prokurorlu\u011fun q\u0259rar\u0131ndan m\u0259hk\u0259m\u0259y\u0259 \u015fikay\u0259t verib\" class=\"read-more button\" href=\"https:\/\/www.meydan.tv\/az\/article\/tofiq-yaqublu-prokurorlugun-qerarindan-mehkemeye-sikayet-verib\/#more-233972\" aria-label=\"Read more about Tofiq Yaqublu prokurorlu\u011fun q\u0259rar\u0131ndan m\u0259hk\u0259m\u0259y\u0259 \u015fikay\u0259t verib\">Davam\u0131<\/a><\/p>\n","protected":false},"author":8,"featured_media":147350,"comment_status":"closed","ping_status":"closed","sticky":false,"template":"","format":"standard","meta":{"_acf_changed":false,"_sitemap_exclude":false,"_sitemap_priority":"","_sitemap_frequency":"","footnotes":""},"categories":[59,56],"tags":[],"class_list":["post-233972","post","type-post","status-publish","format-standard","has-post-thumbnail","hentry","category-siyaset","category-xeberler","infinite-scroll-item","generate-columns","tablet-grid-50","mobile-grid-100","grid-parent","grid-33","no-featured-image-padding"],"acf":[],"yoast_head":"<!-- This site is optimized with the Yoast SEO plugin v27.5 - https:\/\/yoast.com\/product\/yoast-seo-wordpress\/ -->\n<title>Tofiq Yaqublu prokurorlu\u011fun q\u0259rar\u0131ndan m\u0259hk\u0259m\u0259y\u0259 \u015fikay\u0259t verib - MEYDAN.TV<\/title>\n<meta name=\"robots\" content=\"index, follow, max-snippet:-1, max-image-preview:large, max-video-preview:-1\" \/>\n<link rel=\"canonical\" href=\"https:\/\/www.meydan.tv\/az\/article\/tofiq-yaqublu-prokurorlugun-qerarindan-mehkemeye-sikayet-verib\/\" \/>\n<meta property=\"og:locale\" content=\"az_AZ\" \/>\n<meta property=\"og:type\" content=\"article\" \/>\n<meta property=\"og:title\" content=\"Tofiq Yaqublu prokurorlu\u011fun q\u0259rar\u0131ndan m\u0259hk\u0259m\u0259y\u0259 \u015fikay\u0259t verib - MEYDAN.TV\" \/>\n<meta property=\"og:description\" content=\"V\u0259kil: \u201cHesab edirik ki, Tofiq Yaqublunun \u00f6z\u00fcn\u00fcn \u00f6z\u00fcn\u0259 x\u0259sar\u0259t yetirm\u0259si ... Davam\u0131\" \/>\n<meta property=\"og:url\" content=\"https:\/\/www.meydan.tv\/az\/article\/tofiq-yaqublu-prokurorlugun-qerarindan-mehkemeye-sikayet-verib\/\" \/>\n<meta property=\"og:site_name\" content=\"MEYDAN.TV\" \/>\n<meta property=\"article:published_time\" content=\"2022-02-07T10:35:01+00:00\" \/>\n<meta property=\"article:modified_time\" content=\"2022-02-07T10:35:05+00:00\" \/>\n<meta property=\"og:image\" content=\"https:\/\/www.meydan.tv\/wp-content\/uploads\/118802691_10223214804934990_4473933723364259770_o.jpg\" \/>\n\t<meta property=\"og:image:width\" content=\"1300\" \/>\n\t<meta property=\"og:image:height\" content=\"867\" \/>\n\t<meta property=\"og:image:type\" content=\"image\/jpeg\" \/>\n<meta name=\"author\" content=\"elli\" \/>\n<meta name=\"twitter:card\" content=\"summary_large_image\" \/>\n<meta name=\"twitter:creator\" content=\"@elli\" \/>\n<script type=\"application\/ld+json\" class=\"yoast-schema-graph\">{\"@context\":\"https:\\\/\\\/schema.org\",\"@graph\":[{\"@type\":\"Article\",\"@id\":\"https:\\\/\\\/www.meydan.tv\\\/az\\\/article\\\/tofiq-yaqublu-prokurorlugun-qerarindan-mehkemeye-sikayet-verib\\\/#article\",\"isPartOf\":{\"@id\":\"https:\\\/\\\/www.meydan.tv\\\/az\\\/article\\\/tofiq-yaqublu-prokurorlugun-qerarindan-mehkemeye-sikayet-verib\\\/\"},\"author\":{\"name\":\"elli\",\"@id\":\"https:\\\/\\\/www.meydan.tv\\\/az\\\/#\\\/schema\\\/person\\\/9cdbecf90d17180ce1dfbd95b08dcf47\"},\"headline\":\"Tofiq Yaqublu prokurorlu\u011fun q\u0259rar\u0131ndan m\u0259hk\u0259m\u0259y\u0259 \u015fikay\u0259t verib\",\"datePublished\":\"2022-02-07T10:35:01+00:00\",\"dateModified\":\"2022-02-07T10:35:05+00:00\",\"mainEntityOfPage\":{\"@id\":\"https:\\\/\\\/www.meydan.tv\\\/az\\\/article\\\/tofiq-yaqublu-prokurorlugun-qerarindan-mehkemeye-sikayet-verib\\\/\"},\"wordCount\":741,\"publisher\":{\"@id\":\"https:\\\/\\\/www.meydan.tv\\\/az\\\/#organization\"},\"image\":{\"@id\":\"https:\\\/\\\/www.meydan.tv\\\/az\\\/article\\\/tofiq-yaqublu-prokurorlugun-qerarindan-mehkemeye-sikayet-verib\\\/#primaryimage\"},\"thumbnailUrl\":\"https:\\\/\\\/www.meydan.tv\\\/wp-content\\\/uploads\\\/118802691_10223214804934990_4473933723364259770_o.jpg\",\"articleSection\":[\"Siyas\u0259t\",\"X\u0259b\u0259rl\u0259r\"],\"inLanguage\":\"az\"},{\"@type\":\"WebPage\",\"@id\":\"https:\\\/\\\/www.meydan.tv\\\/az\\\/article\\\/tofiq-yaqublu-prokurorlugun-qerarindan-mehkemeye-sikayet-verib\\\/\",\"url\":\"https:\\\/\\\/www.meydan.tv\\\/az\\\/article\\\/tofiq-yaqublu-prokurorlugun-qerarindan-mehkemeye-sikayet-verib\\\/\",\"name\":\"Tofiq Yaqublu prokurorlu\u011fun q\u0259rar\u0131ndan m\u0259hk\u0259m\u0259y\u0259 \u015fikay\u0259t verib - MEYDAN.TV\",\"isPartOf\":{\"@id\":\"https:\\\/\\\/www.meydan.tv\\\/az\\\/#website\"},\"primaryImageOfPage\":{\"@id\":\"https:\\\/\\\/www.meydan.tv\\\/az\\\/article\\\/tofiq-yaqublu-prokurorlugun-qerarindan-mehkemeye-sikayet-verib\\\/#primaryimage\"},\"image\":{\"@id\":\"https:\\\/\\\/www.meydan.tv\\\/az\\\/article\\\/tofiq-yaqublu-prokurorlugun-qerarindan-mehkemeye-sikayet-verib\\\/#primaryimage\"},\"thumbnailUrl\":\"https:\\\/\\\/www.meydan.tv\\\/wp-content\\\/uploads\\\/118802691_10223214804934990_4473933723364259770_o.jpg\",\"datePublished\":\"2022-02-07T10:35:01+00:00\",\"dateModified\":\"2022-02-07T10:35:05+00:00\",\"breadcrumb\":{\"@id\":\"https:\\\/\\\/www.meydan.tv\\\/az\\\/article\\\/tofiq-yaqublu-prokurorlugun-qerarindan-mehkemeye-sikayet-verib\\\/#breadcrumb\"},\"inLanguage\":\"az\",\"potentialAction\":[{\"@type\":\"ReadAction\",\"target\":[\"https:\\\/\\\/www.meydan.tv\\\/az\\\/article\\\/tofiq-yaqublu-prokurorlugun-qerarindan-mehkemeye-sikayet-verib\\\/\"]}]},{\"@type\":\"ImageObject\",\"inLanguage\":\"az\",\"@id\":\"https:\\\/\\\/www.meydan.tv\\\/az\\\/article\\\/tofiq-yaqublu-prokurorlugun-qerarindan-mehkemeye-sikayet-verib\\\/#primaryimage\",\"url\":\"https:\\\/\\\/www.meydan.tv\\\/wp-content\\\/uploads\\\/118802691_10223214804934990_4473933723364259770_o.jpg\",\"contentUrl\":\"https:\\\/\\\/www.meydan.tv\\\/wp-content\\\/uploads\\\/118802691_10223214804934990_4473933723364259770_o.jpg\",\"width\":1300,\"height\":867,\"caption\":\"Source: \u018fziz K\u0259rimov\"},{\"@type\":\"BreadcrumbList\",\"@id\":\"https:\\\/\\\/www.meydan.tv\\\/az\\\/article\\\/tofiq-yaqublu-prokurorlugun-qerarindan-mehkemeye-sikayet-verib\\\/#breadcrumb\",\"itemListElement\":[{\"@type\":\"ListItem\",\"position\":1,\"name\":\"Ana s\u0259hif\u0259\",\"item\":\"https:\\\/\\\/www.meydan.tv\\\/az\\\/\"},{\"@type\":\"ListItem\",\"position\":2,\"name\":\"Siyas\u0259t\",\"item\":\"https:\\\/\\\/www.meydan.tv\\\/az\\\/section\\\/siyaset\\\/\"},{\"@type\":\"ListItem\",\"position\":3,\"name\":\"Tofiq Yaqublu prokurorlu\u011fun q\u0259rar\u0131ndan m\u0259hk\u0259m\u0259y\u0259 \u015fikay\u0259t verib\"}]},{\"@type\":\"WebSite\",\"@id\":\"https:\\\/\\\/www.meydan.tv\\\/az\\\/#website\",\"url\":\"https:\\\/\\\/www.meydan.tv\\\/az\\\/\",\"name\":\"MEYDAN.TV\",\"description\":\"Meydan TV Az\u0259rbaycan\u0131n media m\u0259kan\u0131ndak\u0131 alternativ s\u0259sidir\",\"publisher\":{\"@id\":\"https:\\\/\\\/www.meydan.tv\\\/az\\\/#organization\"},\"potentialAction\":[{\"@type\":\"SearchAction\",\"target\":{\"@type\":\"EntryPoint\",\"urlTemplate\":\"https:\\\/\\\/www.meydan.tv\\\/az\\\/?s={search_term_string}\"},\"query-input\":{\"@type\":\"PropertyValueSpecification\",\"valueRequired\":true,\"valueName\":\"search_term_string\"}}],\"inLanguage\":\"az\"},{\"@type\":\"Organization\",\"@id\":\"https:\\\/\\\/www.meydan.tv\\\/az\\\/#organization\",\"name\":\"Meydan TV\",\"url\":\"https:\\\/\\\/www.meydan.tv\\\/az\\\/\",\"logo\":{\"@type\":\"ImageObject\",\"inLanguage\":\"az\",\"@id\":\"https:\\\/\\\/www.meydan.tv\\\/az\\\/#\\\/schema\\\/logo\\\/image\\\/\",\"url\":\"https:\\\/\\\/www.meydan.tv\\\/wp-content\\\/uploads\\\/2021\\\/07\\\/meydan-logo.svg\",\"contentUrl\":\"https:\\\/\\\/www.meydan.tv\\\/wp-content\\\/uploads\\\/2021\\\/07\\\/meydan-logo.svg\",\"width\":195,\"height\":46,\"caption\":\"Meydan TV\"},\"image\":{\"@id\":\"https:\\\/\\\/www.meydan.tv\\\/az\\\/#\\\/schema\\\/logo\\\/image\\\/\"}},{\"@type\":\"Person\",\"@id\":\"https:\\\/\\\/www.meydan.tv\\\/az\\\/#\\\/schema\\\/person\\\/9cdbecf90d17180ce1dfbd95b08dcf47\",\"name\":\"elli\",\"sameAs\":[\"https:\\\/\\\/x.com\\\/elli\"]}]}<\/script>\n<!-- \/ Yoast SEO plugin. -->","yoast_head_json":{"title":"Tofiq Yaqublu prokurorlu\u011fun q\u0259rar\u0131ndan m\u0259hk\u0259m\u0259y\u0259 \u015fikay\u0259t verib - MEYDAN.TV","robots":{"index":"index","follow":"follow","max-snippet":"max-snippet:-1","max-image-preview":"max-image-preview:large","max-video-preview":"max-video-preview:-1"},"canonical":"https:\/\/www.meydan.tv\/az\/article\/tofiq-yaqublu-prokurorlugun-qerarindan-mehkemeye-sikayet-verib\/","og_locale":"az_AZ","og_type":"article","og_title":"Tofiq Yaqublu prokurorlu\u011fun q\u0259rar\u0131ndan m\u0259hk\u0259m\u0259y\u0259 \u015fikay\u0259t verib - MEYDAN.TV","og_description":"V\u0259kil: \u201cHesab edirik ki, Tofiq Yaqublunun \u00f6z\u00fcn\u00fcn \u00f6z\u00fcn\u0259 x\u0259sar\u0259t yetirm\u0259si ... Davam\u0131","og_url":"https:\/\/www.meydan.tv\/az\/article\/tofiq-yaqublu-prokurorlugun-qerarindan-mehkemeye-sikayet-verib\/","og_site_name":"MEYDAN.TV","article_published_time":"2022-02-07T10:35:01+00:00","article_modified_time":"2022-02-07T10:35:05+00:00","og_image":[{"width":1300,"height":867,"url":"https:\/\/www.meydan.tv\/wp-content\/uploads\/118802691_10223214804934990_4473933723364259770_o.jpg","type":"image\/jpeg"}],"author":"elli","twitter_card":"summary_large_image","twitter_creator":"@elli","schema":{"@context":"https:\/\/schema.org","@graph":[{"@type":"Article","@id":"https:\/\/www.meydan.tv\/az\/article\/tofiq-yaqublu-prokurorlugun-qerarindan-mehkemeye-sikayet-verib\/#article","isPartOf":{"@id":"https:\/\/www.meydan.tv\/az\/article\/tofiq-yaqublu-prokurorlugun-qerarindan-mehkemeye-sikayet-verib\/"},"author":{"name":"elli","@id":"https:\/\/www.meydan.tv\/az\/#\/schema\/person\/9cdbecf90d17180ce1dfbd95b08dcf47"},"headline":"Tofiq Yaqublu prokurorlu\u011fun q\u0259rar\u0131ndan m\u0259hk\u0259m\u0259y\u0259 \u015fikay\u0259t verib","datePublished":"2022-02-07T10:35:01+00:00","dateModified":"2022-02-07T10:35:05+00:00","mainEntityOfPage":{"@id":"https:\/\/www.meydan.tv\/az\/article\/tofiq-yaqublu-prokurorlugun-qerarindan-mehkemeye-sikayet-verib\/"},"wordCount":741,"publisher":{"@id":"https:\/\/www.meydan.tv\/az\/#organization"},"image":{"@id":"https:\/\/www.meydan.tv\/az\/article\/tofiq-yaqublu-prokurorlugun-qerarindan-mehkemeye-sikayet-verib\/#primaryimage"},"thumbnailUrl":"https:\/\/www.meydan.tv\/wp-content\/uploads\/118802691_10223214804934990_4473933723364259770_o.jpg","articleSection":["Siyas\u0259t","X\u0259b\u0259rl\u0259r"],"inLanguage":"az"},{"@type":"WebPage","@id":"https:\/\/www.meydan.tv\/az\/article\/tofiq-yaqublu-prokurorlugun-qerarindan-mehkemeye-sikayet-verib\/","url":"https:\/\/www.meydan.tv\/az\/article\/tofiq-yaqublu-prokurorlugun-qerarindan-mehkemeye-sikayet-verib\/","name":"Tofiq Yaqublu prokurorlu\u011fun q\u0259rar\u0131ndan m\u0259hk\u0259m\u0259y\u0259 \u015fikay\u0259t verib - MEYDAN.TV","isPartOf":{"@id":"https:\/\/www.meydan.tv\/az\/#website"},"primaryImageOfPage":{"@id":"https:\/\/www.meydan.tv\/az\/article\/tofiq-yaqublu-prokurorlugun-qerarindan-mehkemeye-sikayet-verib\/#primaryimage"},"image":{"@id":"https:\/\/www.meydan.tv\/az\/article\/tofiq-yaqublu-prokurorlugun-qerarindan-mehkemeye-sikayet-verib\/#primaryimage"},"thumbnailUrl":"https:\/\/www.meydan.tv\/wp-content\/uploads\/118802691_10223214804934990_4473933723364259770_o.jpg","datePublished":"2022-02-07T10:35:01+00:00","dateModified":"2022-02-07T10:35:05+00:00","breadcrumb":{"@id":"https:\/\/www.meydan.tv\/az\/article\/tofiq-yaqublu-prokurorlugun-qerarindan-mehkemeye-sikayet-verib\/#breadcrumb"},"inLanguage":"az","potentialAction":[{"@type":"ReadAction","target":["https:\/\/www.meydan.tv\/az\/article\/tofiq-yaqublu-prokurorlugun-qerarindan-mehkemeye-sikayet-verib\/"]}]},{"@type":"ImageObject","inLanguage":"az","@id":"https:\/\/www.meydan.tv\/az\/article\/tofiq-yaqublu-prokurorlugun-qerarindan-mehkemeye-sikayet-verib\/#primaryimage","url":"https:\/\/www.meydan.tv\/wp-content\/uploads\/118802691_10223214804934990_4473933723364259770_o.jpg","contentUrl":"https:\/\/www.meydan.tv\/wp-content\/uploads\/118802691_10223214804934990_4473933723364259770_o.jpg","width":1300,"height":867,"caption":"Source: \u018fziz K\u0259rimov"},{"@type":"BreadcrumbList","@id":"https:\/\/www.meydan.tv\/az\/article\/tofiq-yaqublu-prokurorlugun-qerarindan-mehkemeye-sikayet-verib\/#breadcrumb","itemListElement":[{"@type":"ListItem","position":1,"name":"Ana s\u0259hif\u0259","item":"https:\/\/www.meydan.tv\/az\/"},{"@type":"ListItem","position":2,"name":"Siyas\u0259t","item":"https:\/\/www.meydan.tv\/az\/section\/siyaset\/"},{"@type":"ListItem","position":3,"name":"Tofiq Yaqublu prokurorlu\u011fun q\u0259rar\u0131ndan m\u0259hk\u0259m\u0259y\u0259 \u015fikay\u0259t verib"}]},{"@type":"WebSite","@id":"https:\/\/www.meydan.tv\/az\/#website","url":"https:\/\/www.meydan.tv\/az\/","name":"MEYDAN.TV","description":"Meydan TV Az\u0259rbaycan\u0131n media m\u0259kan\u0131ndak\u0131 alternativ s\u0259sidir","publisher":{"@id":"https:\/\/www.meydan.tv\/az\/#organization"},"potentialAction":[{"@type":"SearchAction","target":{"@type":"EntryPoint","urlTemplate":"https:\/\/www.meydan.tv\/az\/?s={search_term_string}"},"query-input":{"@type":"PropertyValueSpecification","valueRequired":true,"valueName":"search_term_string"}}],"inLanguage":"az"},{"@type":"Organization","@id":"https:\/\/www.meydan.tv\/az\/#organization","name":"Meydan TV","url":"https:\/\/www.meydan.tv\/az\/","logo":{"@type":"ImageObject","inLanguage":"az","@id":"https:\/\/www.meydan.tv\/az\/#\/schema\/logo\/image\/","url":"https:\/\/www.meydan.tv\/wp-content\/uploads\/2021\/07\/meydan-logo.svg","contentUrl":"https:\/\/www.meydan.tv\/wp-content\/uploads\/2021\/07\/meydan-logo.svg","width":195,"height":46,"caption":"Meydan TV"},"image":{"@id":"https:\/\/www.meydan.tv\/az\/#\/schema\/logo\/image\/"}},{"@type":"Person","@id":"https:\/\/www.meydan.tv\/az\/#\/schema\/person\/9cdbecf90d17180ce1dfbd95b08dcf47","name":"elli","sameAs":["https:\/\/x.com\/elli"]}]}},"_links":{"self":[{"href":"https:\/\/www.meydan.tv\/az\/wp-json\/wp\/v2\/posts\/233972","targetHints":{"allow":["GET"]}}],"collection":[{"href":"https:\/\/www.meydan.tv\/az\/wp-json\/wp\/v2\/posts"}],"about":[{"href":"https:\/\/www.meydan.tv\/az\/wp-json\/wp\/v2\/types\/post"}],"author":[{"embeddable":true,"href":"https:\/\/www.meydan.tv\/az\/wp-json\/wp\/v2\/users\/8"}],"replies":[{"embeddable":true,"href":"https:\/\/www.meydan.tv\/az\/wp-json\/wp\/v2\/comments?post=233972"}],"version-history":[{"count":1,"href":"https:\/\/www.meydan.tv\/az\/wp-json\/wp\/v2\/posts\/233972\/revisions"}],"predecessor-version":[{"id":233973,"href":"https:\/\/www.meydan.tv\/az\/wp-json\/wp\/v2\/posts\/233972\/revisions\/233973"}],"wp:featuredmedia":[{"embeddable":true,"href":"https:\/\/www.meydan.tv\/az\/wp-json\/wp\/v2\/media\/147350"}],"wp:attachment":[{"href":"https:\/\/www.meydan.tv\/az\/wp-json\/wp\/v2\/media?parent=233972"}],"wp:term":[{"taxonomy":"category","embeddable":true,"href":"https:\/\/www.meydan.tv\/az\/wp-json\/wp\/v2\/categories?post=233972"},{"taxonomy":"post_tag","embeddable":true,"href":"https:\/\/www.meydan.tv\/az\/wp-json\/wp\/v2\/tags?post=233972"}],"curies":[{"name":"wp","href":"https:\/\/api.w.org\/{rel}","templated":true}]}}