{"id":233963,"date":"2022-02-07T13:33:18","date_gmt":"2022-02-07T09:33:18","guid":{"rendered":"https:\/\/www.meydan.tv\/?p=233963"},"modified":"2022-02-07T13:33:20","modified_gmt":"2022-02-07T09:33:20","slug":"azerbaycan-8-herbcini-ermenistana-tehvil-verib","status":"publish","type":"post","link":"https:\/\/www.meydan.tv\/az\/article\/azerbaycan-8-herbcini-ermenistana-tehvil-verib\/","title":{"rendered":"Az\u0259rbaycan 8 h\u0259rb\u00e7ini Erm\u0259nistana t\u0259hvil verib"},"content":{"rendered":"\n<p><em>T\u0259hvil veril\u0259n h\u0259rb\u00e7il\u0259r aras\u0131nda K\u0259lb\u0259c\u0259rd\u0259 t\u0259xribat t\u00f6r\u0259tm\u0259kd\u0259 t\u0259qsirl\u0259ndiril\u0259n \u015f\u0259xsl\u0259r d\u0259 var<\/em><br><\/p>\n\n\n\n<p>Az\u0259rbaycan 8 h\u0259rb\u00e7ini Erm\u0259nistana t\u0259hvil verdiyini deyir.<br><\/p>\n\n\n\n<p>Erm\u0259ni h\u0259rb\u00e7il\u0259rin t\u0259hvil verilm\u0259 prosesi fevral\u0131n 7-d\u0259 h\u0259yata ke\u00e7irilib.<br><\/p>\n\n\n\n<p>Bu bar\u0259d\u0259 \u201cAz\u0259rtac\u201d \u018fsir v\u0259 itkin d\u00fc\u015fm\u00fc\u015f, girov g\u00f6t\u00fcr\u00fclm\u00fc\u015f v\u0259t\u0259nda\u015flarla \u0259laq\u0259dar D\u00f6vl\u0259t Komissiyas\u0131na istinad\u0259n m\u0259lumat <a href=\"https:\/\/azertag.az\/xeber\/Dovlet_Komissiyasi_Sekkiz_ermeni_herbchisi_qarsi_terefe_tehvil_verilib-2003450\" target=\"_blank\" rel=\"noreferrer noopener\">yay\u0131b<\/a>.<br><\/p>\n\n\n\n<p>Bildirilib ki, Erm\u0259nistana veril\u0259n \u015f\u0259xsl\u0259rin bir qismi 2021-ci il noyabr\u0131n 16-da K\u0259lb\u0259c\u0259r rayonu istiqam\u0259tind\u0259 t\u0259xribat t\u00f6r\u0259d\u0259n h\u0259rbi qulluq\u00e7ulard\u0131r.<br><\/p>\n\n\n\n<p>Komissiya qeyd edib ki, Az\u0259rbaycan t\u0259r\u0259finin humanitar xarakterli bu add\u0131m\u0131n\u0131n \u0259v\u0259zind\u0259 Erm\u0259nistan t\u0259r\u0259fi birinci Erm\u0259nistan-Az\u0259rbaycan m\u00fcharib\u0259sind\u0259 \u00f6ld\u00fcr\u00fcl\u0259n v\u0259 k\u00fctl\u0259vi m\u0259zarl\u0131qlarda basd\u0131r\u0131lmas\u0131 ehtimal edil\u0259n h\u0259rbi v\u0259 m\u00fclki v\u0259t\u0259nda\u015flar haqq\u0131nda m\u0259lumatlar\u0131, habel\u0259 bu q\u0259bild\u0259n olan k\u00fctl\u0259vi m\u0259zarl\u0131qlar\u0131n yerl\u0259ri bar\u0259d\u0259 m\u0259lumat\u0131 r\u0259smi Bak\u0131ya bildirm\u0259lidir.<br><\/p>\n\n\n\n<p>Eyni zamanda, m\u0259lumatda fevral\u0131n 4-d\u0259 Az\u0259rbaycan Prezidenti \u0130lham \u018fliyevin, Fransan\u0131n Avropa \u0130ttifaq\u0131na s\u0259drliyi qismind\u0259 Prezident Emmanuel Makronun, Avropa \u0130ttifaq\u0131 \u015euras\u0131n\u0131n Prezidenti \u015earl Mi\u015felin v\u0259 Erm\u0259nistan Respublikas\u0131n\u0131n Ba\u015f naziri Nikol Pa\u015finyan\u0131n i\u015ftirak\u0131 il\u0259 videoformatda ke\u00e7irilmi\u015f g\u00f6r\u00fc\u015f xat\u0131rlan\u0131r:<br><\/p>\n\n\n\n<p>\u201cAz\u0259rbaycan\u0131n Prezidenti birinci Erm\u0259nistan-Az\u0259rbaycan m\u00fcharib\u0259sind\u0259 itkin d\u00fc\u015fm\u00fc\u015f v\u0259t\u0259nda\u015flar\u0131m\u0131z\u0131n k\u00fctl\u0259vi m\u0259zarl\u0131qlar\u0131n\u0131n yerl\u0259\u015fm\u0259 yerl\u0259ri bar\u0259d\u0259 m\u0259lumat\u0131n Az\u0259rbaycan t\u0259r\u0259fin\u0259 verilm\u0259sin\u0259 dair m\u0259s\u0259l\u0259 qald\u0131r\u0131b. Erm\u0259nistan t\u0259r\u0259fi is\u0259 bu m\u0259s\u0259l\u0259d\u0259 \u0259m\u0259kda\u015fl\u0131q ed\u0259c\u0259yin\u0259 dair \u00f6hd\u0259lik g\u00f6t\u00fcr\u00fcb. H\u0259min m\u0259s\u0259l\u0259 Fransa Respublikas\u0131n\u0131n Prezidenti Emmanuel Makron t\u0259r\u0259find\u0259n d\u0259st\u0259kl\u0259nib\u201d.<br><\/p>\n\n\n\n<p>Az\u0259rbaycan bundan \u0259vv\u0259l dekabr\u0131n 19-da 10 erm\u0259ni \u0259silli h\u0259rbi qulluq\u00e7unu Erm\u0259nistana t\u0259hvil vermi\u015fdi. Prosesin Avropa \u0130ttifaq\u0131n\u0131n vasit\u0259\u00e7iliyi il\u0259 ger\u00e7\u0259kl\u0259\u015fdiyi qeyd <a href=\"https:\/\/www.meydan.tv\/az\/article\/daha-10-esir-ermenistana-tehvil-verilib\/\" target=\"_blank\" rel=\"noreferrer noopener\">olunurdu<\/a>. \u00a0<\/p>\n\n\n\n<p>Dekabr\u0131n 29-da is\u0259 Az\u0259rbaycan h\u0259rb\u00e7il\u0259rinin n\u0259zar\u0259tind\u0259 olan \u0259raziy\u0259 ke\u00e7\u0259n \u015f\u0259xs 1971-ci il do\u011fumlu Verdyan Armen Abrikovi\u00e7 Erm\u0259nistana <a href=\"https:\/\/www.meydan.tv\/az\/article\/yolunu-azan-mulki-ermeni-geri-qaytarilib\/\" target=\"_blank\" rel=\"noreferrer noopener\">verilib<\/a>.<br><\/p>\n\n\n\n<p>Az\u0259rbaycan v\u0259 Erm\u0259nistan aras\u0131ndak\u0131 Qaraba\u011f m\u00fcnaqi\u015f\u0259si 1988-ci ild\u0259 ba\u015flay\u0131b.<br><\/p>\n\n\n\n<p>1994-c\u00fc ild\u0259 ger\u00e7\u0259kl\u0259\u015f\u0259n at\u0259\u015fk\u0259s raz\u0131la\u015fmas\u0131na q\u0259d\u0259r (Birinci Qaraba\u011f M\u00fcharib\u0259si) Az\u0259rbaycan\u0131n Da\u011fl\u0131q Qaraba\u011f b\u00f6lg\u0259si v\u0259 ona biti\u015fik 7 rayonu i\u015f\u011fal edilib. 1994-c\u00fc ild\u0259 t\u0259r\u0259fl\u0259r aras\u0131nda at\u0259\u015fk\u0259s elan olunub.<br><\/p>\n\n\n\n<p>2020-ci il sentyabr\u0131n 27-d\u0259 ba\u015flayan \u0130kinci Qaraba\u011f M\u00fcharib\u0259sind\u0259 Az\u0259rbaycan Da\u011fl\u0131q Qaraba\u011f b\u00f6lg\u0259sinin bir hiss\u0259sin\u0259 v\u0259 \u0259traf 7 rayona n\u0259zar\u0259ti b\u0259rpa edib.<br><\/p>\n\n\n\n<p>H\u0259min ilin 10 noyabr raz\u0131la\u015fmas\u0131na (Az\u0259rbaycan, Erm\u0259nistan v\u0259 Rusiya aras\u0131nda) \u0259sas\u0259n, d\u00f6y\u00fc\u015fl\u0259r dayand\u0131r\u0131l\u0131b.<br><\/p>\n\n\n\n<p>La\u00e7\u0131n d\u0259hlizind\u0259 v\u0259 qo\u015funlar\u0131n t\u0259mas x\u0259ttind\u0259 Rusiya s\u00fclhm\u0259raml\u0131lar\u0131 yerl\u0259\u015fdirilib.<br><\/p>\n\n\n\n<p>Ke\u00e7mi\u015f Da\u011fl\u0131q Qaraba\u011f Muxtar Vilay\u0259tinin \u00e7ox hiss\u0259sinin tan\u0131nmayan qurumun v\u0259 Rusiya s\u00fclhm\u0259raml\u0131lar\u0131n\u0131n n\u0259zar\u0259tind\u0259 qal\u0131b<\/p>\n","protected":false},"excerpt":{"rendered":"<p>T\u0259hvil veril\u0259n h\u0259rb\u00e7il\u0259r aras\u0131nda K\u0259lb\u0259c\u0259rd\u0259 t\u0259xribat t\u00f6r\u0259tm\u0259kd\u0259 t\u0259qsirl\u0259ndiril\u0259n \u015f\u0259xsl\u0259r d\u0259 &#8230; <\/p>\n<p class=\"read-more-container\"><a title=\"Az\u0259rbaycan 8 h\u0259rb\u00e7ini Erm\u0259nistana t\u0259hvil verib\" class=\"read-more button\" href=\"https:\/\/www.meydan.tv\/az\/article\/azerbaycan-8-herbcini-ermenistana-tehvil-verib\/#more-233963\" aria-label=\"Read more about Az\u0259rbaycan 8 h\u0259rb\u00e7ini Erm\u0259nistana t\u0259hvil verib\">Davam\u0131<\/a><\/p>\n","protected":false},"author":8,"featured_media":228483,"comment_status":"closed","ping_status":"closed","sticky":false,"template":"","format":"standard","meta":{"_acf_changed":false,"_sitemap_exclude":false,"_sitemap_priority":"","_sitemap_frequency":"","footnotes":""},"categories":[59,79,56],"tags":[],"class_list":["post-233963","post","type-post","status-publish","format-standard","has-post-thumbnail","hentry","category-siyaset","category-featured","category-xeberler","infinite-scroll-item","generate-columns","tablet-grid-50","mobile-grid-100","grid-parent","grid-33","no-featured-image-padding"],"acf":[],"yoast_head":"<!-- This site is optimized with the Yoast SEO plugin v27.5 - https:\/\/yoast.com\/product\/yoast-seo-wordpress\/ -->\n<title>Az\u0259rbaycan 8 h\u0259rb\u00e7ini Erm\u0259nistana t\u0259hvil verib - MEYDAN.TV<\/title>\n<meta name=\"robots\" content=\"index, follow, max-snippet:-1, max-image-preview:large, max-video-preview:-1\" \/>\n<link rel=\"canonical\" href=\"https:\/\/www.meydan.tv\/az\/article\/azerbaycan-8-herbcini-ermenistana-tehvil-verib\/\" \/>\n<meta property=\"og:locale\" content=\"az_AZ\" \/>\n<meta property=\"og:type\" content=\"article\" \/>\n<meta property=\"og:title\" content=\"Az\u0259rbaycan 8 h\u0259rb\u00e7ini Erm\u0259nistana t\u0259hvil verib - MEYDAN.TV\" \/>\n<meta property=\"og:description\" content=\"T\u0259hvil veril\u0259n h\u0259rb\u00e7il\u0259r aras\u0131nda K\u0259lb\u0259c\u0259rd\u0259 t\u0259xribat t\u00f6r\u0259tm\u0259kd\u0259 t\u0259qsirl\u0259ndiril\u0259n \u015f\u0259xsl\u0259r d\u0259 ... Davam\u0131\" \/>\n<meta property=\"og:url\" content=\"https:\/\/www.meydan.tv\/az\/article\/azerbaycan-8-herbcini-ermenistana-tehvil-verib\/\" \/>\n<meta property=\"og:site_name\" content=\"MEYDAN.TV\" \/>\n<meta property=\"article:published_time\" content=\"2022-02-07T09:33:18+00:00\" \/>\n<meta property=\"article:modified_time\" content=\"2022-02-07T09:33:20+00:00\" \/>\n<meta property=\"og:image\" content=\"https:\/\/www.meydan.tv\/wp-content\/uploads\/shutterstock_1347345023.jpg\" \/>\n\t<meta property=\"og:image:width\" content=\"2000\" \/>\n\t<meta property=\"og:image:height\" content=\"1333\" \/>\n\t<meta property=\"og:image:type\" content=\"image\/jpeg\" \/>\n<meta name=\"author\" content=\"elli\" \/>\n<meta name=\"twitter:card\" content=\"summary_large_image\" \/>\n<meta name=\"twitter:creator\" content=\"@elli\" \/>\n<script type=\"application\/ld+json\" class=\"yoast-schema-graph\">{\"@context\":\"https:\\\/\\\/schema.org\",\"@graph\":[{\"@type\":\"Article\",\"@id\":\"https:\\\/\\\/www.meydan.tv\\\/az\\\/article\\\/azerbaycan-8-herbcini-ermenistana-tehvil-verib\\\/#article\",\"isPartOf\":{\"@id\":\"https:\\\/\\\/www.meydan.tv\\\/az\\\/article\\\/azerbaycan-8-herbcini-ermenistana-tehvil-verib\\\/\"},\"author\":{\"name\":\"elli\",\"@id\":\"https:\\\/\\\/www.meydan.tv\\\/az\\\/#\\\/schema\\\/person\\\/9cdbecf90d17180ce1dfbd95b08dcf47\"},\"headline\":\"Az\u0259rbaycan 8 h\u0259rb\u00e7ini Erm\u0259nistana t\u0259hvil verib\",\"datePublished\":\"2022-02-07T09:33:18+00:00\",\"dateModified\":\"2022-02-07T09:33:20+00:00\",\"mainEntityOfPage\":{\"@id\":\"https:\\\/\\\/www.meydan.tv\\\/az\\\/article\\\/azerbaycan-8-herbcini-ermenistana-tehvil-verib\\\/\"},\"wordCount\":603,\"publisher\":{\"@id\":\"https:\\\/\\\/www.meydan.tv\\\/az\\\/#organization\"},\"image\":{\"@id\":\"https:\\\/\\\/www.meydan.tv\\\/az\\\/article\\\/azerbaycan-8-herbcini-ermenistana-tehvil-verib\\\/#primaryimage\"},\"thumbnailUrl\":\"https:\\\/\\\/www.meydan.tv\\\/wp-content\\\/uploads\\\/shutterstock_1347345023.jpg\",\"articleSection\":[\"Siyas\u0259t\",\"T\u00f6vsiy\u0259\",\"X\u0259b\u0259rl\u0259r\"],\"inLanguage\":\"az\"},{\"@type\":\"WebPage\",\"@id\":\"https:\\\/\\\/www.meydan.tv\\\/az\\\/article\\\/azerbaycan-8-herbcini-ermenistana-tehvil-verib\\\/\",\"url\":\"https:\\\/\\\/www.meydan.tv\\\/az\\\/article\\\/azerbaycan-8-herbcini-ermenistana-tehvil-verib\\\/\",\"name\":\"Az\u0259rbaycan 8 h\u0259rb\u00e7ini Erm\u0259nistana t\u0259hvil verib - MEYDAN.TV\",\"isPartOf\":{\"@id\":\"https:\\\/\\\/www.meydan.tv\\\/az\\\/#website\"},\"primaryImageOfPage\":{\"@id\":\"https:\\\/\\\/www.meydan.tv\\\/az\\\/article\\\/azerbaycan-8-herbcini-ermenistana-tehvil-verib\\\/#primaryimage\"},\"image\":{\"@id\":\"https:\\\/\\\/www.meydan.tv\\\/az\\\/article\\\/azerbaycan-8-herbcini-ermenistana-tehvil-verib\\\/#primaryimage\"},\"thumbnailUrl\":\"https:\\\/\\\/www.meydan.tv\\\/wp-content\\\/uploads\\\/shutterstock_1347345023.jpg\",\"datePublished\":\"2022-02-07T09:33:18+00:00\",\"dateModified\":\"2022-02-07T09:33:20+00:00\",\"breadcrumb\":{\"@id\":\"https:\\\/\\\/www.meydan.tv\\\/az\\\/article\\\/azerbaycan-8-herbcini-ermenistana-tehvil-verib\\\/#breadcrumb\"},\"inLanguage\":\"az\",\"potentialAction\":[{\"@type\":\"ReadAction\",\"target\":[\"https:\\\/\\\/www.meydan.tv\\\/az\\\/article\\\/azerbaycan-8-herbcini-ermenistana-tehvil-verib\\\/\"]}]},{\"@type\":\"ImageObject\",\"inLanguage\":\"az\",\"@id\":\"https:\\\/\\\/www.meydan.tv\\\/az\\\/article\\\/azerbaycan-8-herbcini-ermenistana-tehvil-verib\\\/#primaryimage\",\"url\":\"https:\\\/\\\/www.meydan.tv\\\/wp-content\\\/uploads\\\/shutterstock_1347345023.jpg\",\"contentUrl\":\"https:\\\/\\\/www.meydan.tv\\\/wp-content\\\/uploads\\\/shutterstock_1347345023.jpg\",\"width\":2000,\"height\":1333,\"caption\":\"Foto: Zef art\\\/Shutterstock\"},{\"@type\":\"BreadcrumbList\",\"@id\":\"https:\\\/\\\/www.meydan.tv\\\/az\\\/article\\\/azerbaycan-8-herbcini-ermenistana-tehvil-verib\\\/#breadcrumb\",\"itemListElement\":[{\"@type\":\"ListItem\",\"position\":1,\"name\":\"Ana s\u0259hif\u0259\",\"item\":\"https:\\\/\\\/www.meydan.tv\\\/az\\\/\"},{\"@type\":\"ListItem\",\"position\":2,\"name\":\"Siyas\u0259t\",\"item\":\"https:\\\/\\\/www.meydan.tv\\\/az\\\/section\\\/siyaset\\\/\"},{\"@type\":\"ListItem\",\"position\":3,\"name\":\"Az\u0259rbaycan 8 h\u0259rb\u00e7ini Erm\u0259nistana t\u0259hvil verib\"}]},{\"@type\":\"WebSite\",\"@id\":\"https:\\\/\\\/www.meydan.tv\\\/az\\\/#website\",\"url\":\"https:\\\/\\\/www.meydan.tv\\\/az\\\/\",\"name\":\"MEYDAN.TV\",\"description\":\"Meydan TV Az\u0259rbaycan\u0131n media m\u0259kan\u0131ndak\u0131 alternativ s\u0259sidir\",\"publisher\":{\"@id\":\"https:\\\/\\\/www.meydan.tv\\\/az\\\/#organization\"},\"potentialAction\":[{\"@type\":\"SearchAction\",\"target\":{\"@type\":\"EntryPoint\",\"urlTemplate\":\"https:\\\/\\\/www.meydan.tv\\\/az\\\/?s={search_term_string}\"},\"query-input\":{\"@type\":\"PropertyValueSpecification\",\"valueRequired\":true,\"valueName\":\"search_term_string\"}}],\"inLanguage\":\"az\"},{\"@type\":\"Organization\",\"@id\":\"https:\\\/\\\/www.meydan.tv\\\/az\\\/#organization\",\"name\":\"Meydan TV\",\"url\":\"https:\\\/\\\/www.meydan.tv\\\/az\\\/\",\"logo\":{\"@type\":\"ImageObject\",\"inLanguage\":\"az\",\"@id\":\"https:\\\/\\\/www.meydan.tv\\\/az\\\/#\\\/schema\\\/logo\\\/image\\\/\",\"url\":\"https:\\\/\\\/www.meydan.tv\\\/wp-content\\\/uploads\\\/2021\\\/07\\\/meydan-logo.svg\",\"contentUrl\":\"https:\\\/\\\/www.meydan.tv\\\/wp-content\\\/uploads\\\/2021\\\/07\\\/meydan-logo.svg\",\"width\":195,\"height\":46,\"caption\":\"Meydan TV\"},\"image\":{\"@id\":\"https:\\\/\\\/www.meydan.tv\\\/az\\\/#\\\/schema\\\/logo\\\/image\\\/\"}},{\"@type\":\"Person\",\"@id\":\"https:\\\/\\\/www.meydan.tv\\\/az\\\/#\\\/schema\\\/person\\\/9cdbecf90d17180ce1dfbd95b08dcf47\",\"name\":\"elli\",\"sameAs\":[\"https:\\\/\\\/x.com\\\/elli\"]}]}<\/script>\n<!-- \/ Yoast SEO plugin. -->","yoast_head_json":{"title":"Az\u0259rbaycan 8 h\u0259rb\u00e7ini Erm\u0259nistana t\u0259hvil verib - MEYDAN.TV","robots":{"index":"index","follow":"follow","max-snippet":"max-snippet:-1","max-image-preview":"max-image-preview:large","max-video-preview":"max-video-preview:-1"},"canonical":"https:\/\/www.meydan.tv\/az\/article\/azerbaycan-8-herbcini-ermenistana-tehvil-verib\/","og_locale":"az_AZ","og_type":"article","og_title":"Az\u0259rbaycan 8 h\u0259rb\u00e7ini Erm\u0259nistana t\u0259hvil verib - MEYDAN.TV","og_description":"T\u0259hvil veril\u0259n h\u0259rb\u00e7il\u0259r aras\u0131nda K\u0259lb\u0259c\u0259rd\u0259 t\u0259xribat t\u00f6r\u0259tm\u0259kd\u0259 t\u0259qsirl\u0259ndiril\u0259n \u015f\u0259xsl\u0259r d\u0259 ... Davam\u0131","og_url":"https:\/\/www.meydan.tv\/az\/article\/azerbaycan-8-herbcini-ermenistana-tehvil-verib\/","og_site_name":"MEYDAN.TV","article_published_time":"2022-02-07T09:33:18+00:00","article_modified_time":"2022-02-07T09:33:20+00:00","og_image":[{"width":2000,"height":1333,"url":"https:\/\/www.meydan.tv\/wp-content\/uploads\/shutterstock_1347345023.jpg","type":"image\/jpeg"}],"author":"elli","twitter_card":"summary_large_image","twitter_creator":"@elli","schema":{"@context":"https:\/\/schema.org","@graph":[{"@type":"Article","@id":"https:\/\/www.meydan.tv\/az\/article\/azerbaycan-8-herbcini-ermenistana-tehvil-verib\/#article","isPartOf":{"@id":"https:\/\/www.meydan.tv\/az\/article\/azerbaycan-8-herbcini-ermenistana-tehvil-verib\/"},"author":{"name":"elli","@id":"https:\/\/www.meydan.tv\/az\/#\/schema\/person\/9cdbecf90d17180ce1dfbd95b08dcf47"},"headline":"Az\u0259rbaycan 8 h\u0259rb\u00e7ini Erm\u0259nistana t\u0259hvil verib","datePublished":"2022-02-07T09:33:18+00:00","dateModified":"2022-02-07T09:33:20+00:00","mainEntityOfPage":{"@id":"https:\/\/www.meydan.tv\/az\/article\/azerbaycan-8-herbcini-ermenistana-tehvil-verib\/"},"wordCount":603,"publisher":{"@id":"https:\/\/www.meydan.tv\/az\/#organization"},"image":{"@id":"https:\/\/www.meydan.tv\/az\/article\/azerbaycan-8-herbcini-ermenistana-tehvil-verib\/#primaryimage"},"thumbnailUrl":"https:\/\/www.meydan.tv\/wp-content\/uploads\/shutterstock_1347345023.jpg","articleSection":["Siyas\u0259t","T\u00f6vsiy\u0259","X\u0259b\u0259rl\u0259r"],"inLanguage":"az"},{"@type":"WebPage","@id":"https:\/\/www.meydan.tv\/az\/article\/azerbaycan-8-herbcini-ermenistana-tehvil-verib\/","url":"https:\/\/www.meydan.tv\/az\/article\/azerbaycan-8-herbcini-ermenistana-tehvil-verib\/","name":"Az\u0259rbaycan 8 h\u0259rb\u00e7ini Erm\u0259nistana t\u0259hvil verib - MEYDAN.TV","isPartOf":{"@id":"https:\/\/www.meydan.tv\/az\/#website"},"primaryImageOfPage":{"@id":"https:\/\/www.meydan.tv\/az\/article\/azerbaycan-8-herbcini-ermenistana-tehvil-verib\/#primaryimage"},"image":{"@id":"https:\/\/www.meydan.tv\/az\/article\/azerbaycan-8-herbcini-ermenistana-tehvil-verib\/#primaryimage"},"thumbnailUrl":"https:\/\/www.meydan.tv\/wp-content\/uploads\/shutterstock_1347345023.jpg","datePublished":"2022-02-07T09:33:18+00:00","dateModified":"2022-02-07T09:33:20+00:00","breadcrumb":{"@id":"https:\/\/www.meydan.tv\/az\/article\/azerbaycan-8-herbcini-ermenistana-tehvil-verib\/#breadcrumb"},"inLanguage":"az","potentialAction":[{"@type":"ReadAction","target":["https:\/\/www.meydan.tv\/az\/article\/azerbaycan-8-herbcini-ermenistana-tehvil-verib\/"]}]},{"@type":"ImageObject","inLanguage":"az","@id":"https:\/\/www.meydan.tv\/az\/article\/azerbaycan-8-herbcini-ermenistana-tehvil-verib\/#primaryimage","url":"https:\/\/www.meydan.tv\/wp-content\/uploads\/shutterstock_1347345023.jpg","contentUrl":"https:\/\/www.meydan.tv\/wp-content\/uploads\/shutterstock_1347345023.jpg","width":2000,"height":1333,"caption":"Foto: Zef art\/Shutterstock"},{"@type":"BreadcrumbList","@id":"https:\/\/www.meydan.tv\/az\/article\/azerbaycan-8-herbcini-ermenistana-tehvil-verib\/#breadcrumb","itemListElement":[{"@type":"ListItem","position":1,"name":"Ana s\u0259hif\u0259","item":"https:\/\/www.meydan.tv\/az\/"},{"@type":"ListItem","position":2,"name":"Siyas\u0259t","item":"https:\/\/www.meydan.tv\/az\/section\/siyaset\/"},{"@type":"ListItem","position":3,"name":"Az\u0259rbaycan 8 h\u0259rb\u00e7ini Erm\u0259nistana t\u0259hvil verib"}]},{"@type":"WebSite","@id":"https:\/\/www.meydan.tv\/az\/#website","url":"https:\/\/www.meydan.tv\/az\/","name":"MEYDAN.TV","description":"Meydan TV Az\u0259rbaycan\u0131n media m\u0259kan\u0131ndak\u0131 alternativ s\u0259sidir","publisher":{"@id":"https:\/\/www.meydan.tv\/az\/#organization"},"potentialAction":[{"@type":"SearchAction","target":{"@type":"EntryPoint","urlTemplate":"https:\/\/www.meydan.tv\/az\/?s={search_term_string}"},"query-input":{"@type":"PropertyValueSpecification","valueRequired":true,"valueName":"search_term_string"}}],"inLanguage":"az"},{"@type":"Organization","@id":"https:\/\/www.meydan.tv\/az\/#organization","name":"Meydan TV","url":"https:\/\/www.meydan.tv\/az\/","logo":{"@type":"ImageObject","inLanguage":"az","@id":"https:\/\/www.meydan.tv\/az\/#\/schema\/logo\/image\/","url":"https:\/\/www.meydan.tv\/wp-content\/uploads\/2021\/07\/meydan-logo.svg","contentUrl":"https:\/\/www.meydan.tv\/wp-content\/uploads\/2021\/07\/meydan-logo.svg","width":195,"height":46,"caption":"Meydan TV"},"image":{"@id":"https:\/\/www.meydan.tv\/az\/#\/schema\/logo\/image\/"}},{"@type":"Person","@id":"https:\/\/www.meydan.tv\/az\/#\/schema\/person\/9cdbecf90d17180ce1dfbd95b08dcf47","name":"elli","sameAs":["https:\/\/x.com\/elli"]}]}},"_links":{"self":[{"href":"https:\/\/www.meydan.tv\/az\/wp-json\/wp\/v2\/posts\/233963","targetHints":{"allow":["GET"]}}],"collection":[{"href":"https:\/\/www.meydan.tv\/az\/wp-json\/wp\/v2\/posts"}],"about":[{"href":"https:\/\/www.meydan.tv\/az\/wp-json\/wp\/v2\/types\/post"}],"author":[{"embeddable":true,"href":"https:\/\/www.meydan.tv\/az\/wp-json\/wp\/v2\/users\/8"}],"replies":[{"embeddable":true,"href":"https:\/\/www.meydan.tv\/az\/wp-json\/wp\/v2\/comments?post=233963"}],"version-history":[{"count":1,"href":"https:\/\/www.meydan.tv\/az\/wp-json\/wp\/v2\/posts\/233963\/revisions"}],"predecessor-version":[{"id":233964,"href":"https:\/\/www.meydan.tv\/az\/wp-json\/wp\/v2\/posts\/233963\/revisions\/233964"}],"wp:featuredmedia":[{"embeddable":true,"href":"https:\/\/www.meydan.tv\/az\/wp-json\/wp\/v2\/media\/228483"}],"wp:attachment":[{"href":"https:\/\/www.meydan.tv\/az\/wp-json\/wp\/v2\/media?parent=233963"}],"wp:term":[{"taxonomy":"category","embeddable":true,"href":"https:\/\/www.meydan.tv\/az\/wp-json\/wp\/v2\/categories?post=233963"},{"taxonomy":"post_tag","embeddable":true,"href":"https:\/\/www.meydan.tv\/az\/wp-json\/wp\/v2\/tags?post=233963"}],"curies":[{"name":"wp","href":"https:\/\/api.w.org\/{rel}","templated":true}]}}